{"id":88508,"date":"2019-05-17T10:44:23","date_gmt":"2019-05-17T08:44:23","guid":{"rendered":"https:\/\/fr.motocrossmag.be\/?p=88508"},"modified":"2019-05-17T10:44:45","modified_gmt":"2019-05-17T08:44:45","slug":"trefle-lozerien-cest-parti-pour-3-jours-dune-edition-exceptionnelle","status":"publish","type":"post","link":"https:\/\/fr.motocrossmag.be\/index.php\/2019\/05\/trefle-lozerien-cest-parti-pour-3-jours-dune-edition-exceptionnelle\/","title":{"rendered":"Tr\u00e8fle Loz\u00e9rien: c&rsquo;est parti pour 3 jours d&rsquo;une \u00e9dition exceptionnelle !"},"content":{"rendered":"<p><strong>Le Tr\u00e8fle Loz\u00e9rien AMV persiste et signe. Cette 33e \u00e9dition se d\u00e9marque une nouvelle fois en r\u00e9unissant une impressionnante flop\u00e9e de champions du monde d\u2019enduro et des centaines d\u2019authentiques amateurs, venus partager trois jours de course sur les terres loz\u00e9riennes.<\/strong><\/p>\n<p>La lecture de la liste des engag\u00e9s laisse r\u00eaveur ! Parmi les <a href=\"https:\/\/fr.motocrossmag.be\/index.php\/2019\/05\/trefle-lozerien-les-pilotes-engages\/\" target=\"_blank\" rel=\"noopener\">plus de 600 participants<\/a> \u00e0 cette 33e \u00e9dition du Tr\u00e8fle Loz\u00e9rien AMV, les f\u00e9rus d\u2019enduro ne manqueront pas de relever le nombre incroyable de pilotes titr\u00e9s en Championnat du monde d\u2019Enduro, de SuperEnduro, mais aussi Trial\u2026 16 pilotes ont d\u00e9croch\u00e9 pas loin de 50 titres, toutes cat\u00e9gories confondues.<\/p>\n<p><img decoding=\"async\" class=\"lazyload alignnone size-medium wp-image-74479\" src=\"https:\/\/fr.motocrossmag.be\/wp-content\/uploads\/2018\/06\/trefle-lozerien-enduro-IMG_4418-650x433.jpg\" data-orig-src=\"https:\/\/fr.motocrossmag.be\/wp-content\/uploads\/2018\/06\/trefle-lozerien-enduro-IMG_4418-650x433.jpg\" alt=\"\" width=\"650\" height=\"433\" srcset=\"data:image\/svg+xml,%3Csvg%20xmlns%3D%27http%3A%2F%2Fwww.w3.org%2F2000%2Fsvg%27%20width%3D%27650%27%20height%3D%27433%27%20viewBox%3D%270%200%20650%20433%27%3E%3Crect%20width%3D%27650%27%20height%3D%27433%27%20fill-opacity%3D%220%22%2F%3E%3C%2Fsvg%3E\" data-srcset=\"https:\/\/fr.motocrossmag.be\/wp-content\/uploads\/2018\/06\/trefle-lozerien-enduro-IMG_4418-650x433.jpg 650w, https:\/\/fr.motocrossmag.be\/wp-content\/uploads\/2018\/06\/trefle-lozerien-enduro-IMG_4418-768x512.jpg 768w, https:\/\/fr.motocrossmag.be\/wp-content\/uploads\/2018\/06\/trefle-lozerien-enduro-IMG_4418-1024x683.jpg 1024w, https:\/\/fr.motocrossmag.be\/wp-content\/uploads\/2018\/06\/trefle-lozerien-enduro-IMG_4418.jpg 1350w\" data-sizes=\"auto\" data-orig-sizes=\"(max-width: 650px) 100vw, 650px\" \/><\/p>\n<p>C\u2019est sans aucun doute ce qui fait la particularit\u00e9 de cette \u00e9preuve incomparable du calendrier off-road : cette capacit\u00e9 \u00e0 r\u00e9unir autant de tops pilotes et d\u2019authentiques passionn\u00e9s, toujours aussi nombreux \u00e0 s\u2019inscrire via le site internet un soir de janvier. Comme l\u2019ann\u00e9e derni\u00e8re, le Tr\u00e8fle Loz\u00e9rien AMV 2019 compte pour le championnat WESS, (World Enduro Super Series), et certains pilotes arrivent tout juste de la premi\u00e8re manche (au Portugal) de cette s\u00e9rie, tandis que d\u2019autres font halte en Loz\u00e8re entre deux \u00e9preuves du championnat du monde EnduroGP\u2026 Et puis l\u2019on retrouve les fid\u00e8les et exp\u00e9riment\u00e9s pilotes tricolores qui r\u00eavent de d\u00e9crocher une victoire au Tr\u00e8fle Loz\u00e9rien AMV ou de r\u00e9it\u00e9rer cette performance.<\/p>\n<h5>Pronostic difficile<\/h5>\n<p>Parmi les pr\u00e9tendants au tr\u00f4ne, il y a bien s\u00fbr ceux qui ont d\u00e9j\u00e0 brill\u00e9 sur les terres loz\u00e9riennes, comme Th\u00e9o Espinasse (Sherco Racing Factory), qui avait scor\u00e9 une impressionnante 2e place en 2018, ou J\u00e9r\u00e9my Tarroux, vainqueur en 2017. Bless\u00e9 l\u2019ann\u00e9e derni\u00e8re, le pilote Sherco Racing Factory, a repris la moto r\u00e9cemment et\u2026 le leadership du championnat de France par la m\u00eame occasion ! Il s\u2019est aussi impos\u00e9 lors de la derni\u00e8re Grappe de Cyrano. Nul doute que Jamie Mc Canney (Yamaha Outsiders Racing), vice-champion du monde 2018 E1, 2e du Tr\u00e8fle Loz\u00e9rien AMV 2017, 3e \u00e0 la Grappe de Cyrano cette ann\u00e9e, a engrang\u00e9 de l\u2019exp\u00e9rience sur ce type d\u2019\u00e9preuves et sera un s\u00e9rieux candidat \u00e0 la victoire. Josep Garcia (Red Bull KTM Factory Racing) n\u2019est pas venu non plus pour faire de la figuration. 3e en 2018, le jeune et bouillant Espagnol est capable de s\u2019imposer, d\u2019autant qu\u2019il conna\u00eet maintenant le terrain. Aur\u00e9ol\u00e9 de sa r\u00e9cente victoire au GP d\u2019Espagne, Giacomo Redondi (Husqvarna) est \u00e9galement un pilote \u00e0 suivre.<\/p>\n<p><img decoding=\"async\" class=\"lazyload alignnone size-medium wp-image-74480\" src=\"https:\/\/fr.motocrossmag.be\/wp-content\/uploads\/2018\/06\/trefle-lozerien-IMG_4396-650x433.jpg\" data-orig-src=\"https:\/\/fr.motocrossmag.be\/wp-content\/uploads\/2018\/06\/trefle-lozerien-IMG_4396-650x433.jpg\" alt=\"\" width=\"650\" height=\"433\" srcset=\"data:image\/svg+xml,%3Csvg%20xmlns%3D%27http%3A%2F%2Fwww.w3.org%2F2000%2Fsvg%27%20width%3D%27650%27%20height%3D%27433%27%20viewBox%3D%270%200%20650%20433%27%3E%3Crect%20width%3D%27650%27%20height%3D%27433%27%20fill-opacity%3D%220%22%2F%3E%3C%2Fsvg%3E\" data-srcset=\"https:\/\/fr.motocrossmag.be\/wp-content\/uploads\/2018\/06\/trefle-lozerien-IMG_4396-650x433.jpg 650w, https:\/\/fr.motocrossmag.be\/wp-content\/uploads\/2018\/06\/trefle-lozerien-IMG_4396-768x512.jpg 768w, https:\/\/fr.motocrossmag.be\/wp-content\/uploads\/2018\/06\/trefle-lozerien-IMG_4396-1024x683.jpg 1024w, https:\/\/fr.motocrossmag.be\/wp-content\/uploads\/2018\/06\/trefle-lozerien-IMG_4396.jpg 1350w\" data-sizes=\"auto\" data-orig-sizes=\"(max-width: 650px) 100vw, 650px\" \/><\/p>\n<p>Des pilotes chevronn\u00e9s comme Christophe Nambotin (Gas Gas), victorieux \u00e0 Mende en 2012, les co\u00e9quipiers du team Yamaha Bonneton 2roues Emmanuel Albepart et Julien Gauthier ont toujours une carte \u00e0 jouer. Johnny Aubert (Gas Gas), vainqueur en 2016, ne pourra h\u00e9las pas se m\u00ealer \u00e0 la bagarre : il s\u2019est bless\u00e9 jeudi au training\u2026 Le quintuple champion du monde Antoine Meo roulera comme \u00e0 son habitude, pour le plaisir et celui du public, mais ne manquera pas de pimenter les d\u00e9bats ! En bref, c\u2019est un plateau relev\u00e9, sp\u00e9cifique au Tr\u00e8fle, avec une palanqu\u00e9e de champions, d\u2019hier et d\u2019aujourd\u2019hui, des fid\u00e8les, des sp\u00e9cialistes et des centaines d\u2019amateurs, qui sont au d\u00e9part, ce vendredi 17 mai, de la premi\u00e8re journ\u00e9e de course\u2026<\/p>\n<h5>Plong\u00e9e dans les Gorges du Tarn<\/h5>\n<p>D\u00e8s 8h, les pilotes s\u2019\u00e9lanceront sur le mythique circuit des Gorges du Tarn, qui va emprunter le sentier du Ch\u00e2teau de la Caze, accessible \u00e0 l\u2019\u00e9preuve seulement tous les trois ans. Cette descente offre des points de vue magnifiques. Le passage du premier pilote dans la SP1 est annonc\u00e9 pour 10h \u00e0 la banderol\u00e9e Bousiges. Suivront une sp\u00e9ciale en ligne, puis deux autres banderol\u00e9es avant la traditionnelle sp\u00e9ciale de Mende la Vabre Lauze Boissons Michelin Givi \u00e0 partir de 17h. Un peu de pluie est annonc\u00e9e sur la r\u00e9gion dans l\u2019apr\u00e8s midi\u2026 Rendez-vous vendredi soir pour les r\u00e9sultats, le compte rendu de la journ\u00e9e et les r\u00e9actions des pilotes.<\/p>\n<p><span style=\"color: #ff0000;\"><strong>Programme<\/strong><\/span><\/p>\n<p><strong>VENDREDI 17 mai 2019 : Circuit des Gorges du Tarn \u201cMonta Davala\u201d (266 km)<\/strong><\/p>\n<p>D\u00e9part Mende Foirail 8H00<br \/>\nCH1 Florac 9H30<br \/>\nSP1 Bousiges (banderol\u00e9e) 10H05<br \/>\nCH2 Boisset 10H40<br \/>\nCH3 La Mal\u00e8ne 12H50<br \/>\nSP2 La Lavagne Marie Balmaguier (ligne) 13H00<br \/>\nSP3 Mas de Donat (banderol\u00e9e) 14H00<br \/>\nCH4 A\u00e9rodrome de Conques 15H20<br \/>\nSP4 Nojar\u00e8de (banderol\u00e9e) 15H45<br \/>\nCH5 Mende la Vabre 17H10<br \/>\nSP5 Mende la Vabre Lauze Boissons Michelin Givi (banderol\u00e9e) 17H00<br \/>\n<strong>SAMEDI 18 mai 2019 : Circuit de la Margeride (267 km)<\/strong><\/p>\n<p>D\u00e9part Mende Foirail 8H00<br \/>\nSP1 Carrefour de la Pierre Plant\u00e9e (banderol\u00e9e) 9H00<br \/>\nCH1 Le Bleymard 10H00<br \/>\nSP2 Mont Loz\u00e8re (banderol\u00e9e) 10H10<br \/>\nCH2 Villefort 11H40<br \/>\nSP3 Planchamp (banderol\u00e9e) 12H00<br \/>\nCH3 L\u2019habitarelle 14H30<br \/>\nSP4 Tartaronne (banderol\u00e9e) 15H00<br \/>\nCH4 Mende La Vabre 16H40<br \/>\nSP5 Mende la Vabre Lauze Boissons Michelin Givi (banderol\u00e9e) 16H30<\/p>\n<p>Soir\u00e9e Electro \u00e0 l\u2019espace \u00e9v\u00e9nementiel Georges Fr\u00eache, place du foirail : avec S\u00e9bastien B. de 22h00 \u00e0 3h00<br \/>\nEntr\u00e9e : 8 \u20ac<\/p>\n<p><strong>DIMANCHE 19 mai 2019 : Circuit G\u00e9vaudan Aubrac (186 km)<\/strong><\/p>\n<p>D\u00e9part Mende Foirail 7H30<br \/>\nSP1 Mas Pouget Saint Gal (banderol\u00e9e) 8H10<br \/>\nCH1 Serverette 9H00<br \/>\nSP2 Serverette (banderol\u00e9e) 8H45<br \/>\nSP3 Rimeizenc (ligne) 9H30<br \/>\nCH2 La Rouvi\u00e8re 10H50<br \/>\nSP4 Chausserans (banderol\u00e9e) 11H50<br \/>\nCH3 Mende la Vabre 13H30<br \/>\nSP5 Mende la Vabre Lauze Boissons Michelin Givi 13H20<br \/>\nD\u00e9monstration de l\u2019\u00e9cole moto du MCL<br \/>\n17H00 : TROPHEE THIERRY CASTAN \u00e0 Mende Lavabre Lauze Boissons Michelin GIVI (Cross final regroupant les 30 premiers au classement g\u00e9n\u00e9ral)<\/p>\n<p>A partir de 20h00 : Remise des prix au th\u00e9\u00e2tre municipal de Mende place du foirail (Entr\u00e9e gratuite, ouverte \u00e0 tous)<br \/>\n20h30 : Buffet (r\u00e9serv\u00e9 aux b\u00e9n\u00e9voles, aux pilotes et \u00e0 leurs assistances)<\/p>\n<p>A partir de 22h00 : Grande soir\u00e9e de cl\u00f4ture au Th\u00e9\u00e2tre municipal (Entr\u00e9e gratuite, ouverte \u00e0 tous)<\/p>\n","protected":false},"excerpt":{"rendered":"<p>Le Tr\u00e8fle Loz\u00e9rien AMV persiste et signe. Cette 33e \u00e9dition se d\u00e9marque une nouvelle fois en r\u00e9unissant une impressionnante flop\u00e9e de champions du monde d\u2019enduro et des centaines d\u2019authentiques amateurs, [&#8230;]<\/p>\n","protected":false},"author":932,"featured_media":87674,"comment_status":"open","ping_status":"closed","sticky":false,"template":"","format":"standard","meta":{"footnotes":""},"categories":[54,32,33,55,65,1095],"tags":[],"class_list":["post-88508","post","type-post","status-publish","format-standard","has-post-thumbnail","hentry","category-actualite","category-enduro","category-news-enduro","category-news-actualite","category-slideshow","category-wess"],"yoast_head":"<!-- This site is optimized with the Yoast SEO plugin v27.4 - https:\/\/yoast.com\/product\/yoast-seo-wordpress\/ -->\n<title>Tr\u00e8fle Loz\u00e9rien: c&#039;est parti pour 3 jours d&#039;une \u00e9dition exceptionnelle ! - Motocross - Enduro - Supermoto | MotocrossMag<\/title>\n<meta name=\"robots\" content=\"index, follow, max-snippet:-1, max-image-preview:large, max-video-preview:-1\" \/>\n<link rel=\"canonical\" href=\"https:\/\/fr.motocrossmag.be\/index.php\/2019\/05\/trefle-lozerien-cest-parti-pour-3-jours-dune-edition-exceptionnelle\/\" \/>\n<meta property=\"og:locale\" content=\"fr_FR\" \/>\n<meta property=\"og:type\" content=\"article\" \/>\n<meta property=\"og:title\" content=\"Tr\u00e8fle Loz\u00e9rien: c&#039;est parti pour 3 jours d&#039;une \u00e9dition exceptionnelle ! - Motocross - Enduro - Supermoto | MotocrossMag\" \/>\n<meta property=\"og:description\" content=\"Le Tr\u00e8fle Loz\u00e9rien AMV persiste et signe. Cette 33e \u00e9dition se d\u00e9marque une nouvelle fois en r\u00e9unissant une impressionnante flop\u00e9e de champions du monde d\u2019enduro et des centaines d\u2019authentiques amateurs, [...]\" \/>\n<meta property=\"og:url\" content=\"https:\/\/fr.motocrossmag.be\/index.php\/2019\/05\/trefle-lozerien-cest-parti-pour-3-jours-dune-edition-exceptionnelle\/\" \/>\n<meta property=\"og:site_name\" content=\"Motocross - Enduro - Supermoto | MotocrossMag\" \/>\n<meta property=\"article:published_time\" content=\"2019-05-17T08:44:23+00:00\" \/>\n<meta property=\"article:modified_time\" content=\"2019-05-17T08:44:45+00:00\" \/>\n<meta property=\"og:image\" content=\"https:\/\/fr.motocrossmag.be\/wp-content\/uploads\/2019\/05\/trefle-lozerien-illu2.jpg\" \/>\n\t<meta property=\"og:image:width\" content=\"1000\" \/>\n\t<meta property=\"og:image:height\" content=\"666\" \/>\n\t<meta property=\"og:image:type\" content=\"image\/jpeg\" \/>\n<meta name=\"author\" content=\"oliviere\" \/>\n<meta name=\"twitter:card\" content=\"summary_large_image\" \/>\n<meta name=\"twitter:label1\" content=\"\u00c9crit par\" \/>\n\t<meta name=\"twitter:data1\" content=\"oliviere\" \/>\n\t<meta name=\"twitter:label2\" content=\"Dur\u00e9e de lecture estim\u00e9e\" \/>\n\t<meta name=\"twitter:data2\" content=\"5 minutes\" \/>\n<script type=\"application\/ld+json\" class=\"yoast-schema-graph\">{\"@context\":\"https:\\\/\\\/schema.org\",\"@graph\":[{\"@type\":\"Article\",\"@id\":\"https:\\\/\\\/fr.motocrossmag.be\\\/index.php\\\/2019\\\/05\\\/trefle-lozerien-cest-parti-pour-3-jours-dune-edition-exceptionnelle\\\/#article\",\"isPartOf\":{\"@id\":\"https:\\\/\\\/fr.motocrossmag.be\\\/index.php\\\/2019\\\/05\\\/trefle-lozerien-cest-parti-pour-3-jours-dune-edition-exceptionnelle\\\/\"},\"author\":{\"name\":\"oliviere\",\"@id\":\"https:\\\/\\\/fr.motocrossmag.be\\\/#\\\/schema\\\/person\\\/11b47143d9f755babca2c9110e03235c\"},\"headline\":\"Tr\u00e8fle Loz\u00e9rien: c&rsquo;est parti pour 3 jours d&rsquo;une \u00e9dition exceptionnelle !\",\"datePublished\":\"2019-05-17T08:44:23+00:00\",\"dateModified\":\"2019-05-17T08:44:45+00:00\",\"mainEntityOfPage\":{\"@id\":\"https:\\\/\\\/fr.motocrossmag.be\\\/index.php\\\/2019\\\/05\\\/trefle-lozerien-cest-parti-pour-3-jours-dune-edition-exceptionnelle\\\/\"},\"wordCount\":1012,\"commentCount\":0,\"image\":{\"@id\":\"https:\\\/\\\/fr.motocrossmag.be\\\/index.php\\\/2019\\\/05\\\/trefle-lozerien-cest-parti-pour-3-jours-dune-edition-exceptionnelle\\\/#primaryimage\"},\"thumbnailUrl\":\"https:\\\/\\\/fr.motocrossmag.be\\\/wp-content\\\/uploads\\\/2019\\\/05\\\/trefle-lozerien-illu2.jpg\",\"articleSection\":[\"Actualit\u00e9\",\"Enduro\",\"News\",\"News\",\"Slideshow\",\"WESS\"],\"inLanguage\":\"fr-FR\",\"potentialAction\":[{\"@type\":\"CommentAction\",\"name\":\"Comment\",\"target\":[\"https:\\\/\\\/fr.motocrossmag.be\\\/index.php\\\/2019\\\/05\\\/trefle-lozerien-cest-parti-pour-3-jours-dune-edition-exceptionnelle\\\/#respond\"]}]},{\"@type\":\"WebPage\",\"@id\":\"https:\\\/\\\/fr.motocrossmag.be\\\/index.php\\\/2019\\\/05\\\/trefle-lozerien-cest-parti-pour-3-jours-dune-edition-exceptionnelle\\\/\",\"url\":\"https:\\\/\\\/fr.motocrossmag.be\\\/index.php\\\/2019\\\/05\\\/trefle-lozerien-cest-parti-pour-3-jours-dune-edition-exceptionnelle\\\/\",\"name\":\"Tr\u00e8fle Loz\u00e9rien: c'est parti pour 3 jours d'une \u00e9dition exceptionnelle ! - Motocross - Enduro - Supermoto | MotocrossMag\",\"isPartOf\":{\"@id\":\"https:\\\/\\\/fr.motocrossmag.be\\\/#website\"},\"primaryImageOfPage\":{\"@id\":\"https:\\\/\\\/fr.motocrossmag.be\\\/index.php\\\/2019\\\/05\\\/trefle-lozerien-cest-parti-pour-3-jours-dune-edition-exceptionnelle\\\/#primaryimage\"},\"image\":{\"@id\":\"https:\\\/\\\/fr.motocrossmag.be\\\/index.php\\\/2019\\\/05\\\/trefle-lozerien-cest-parti-pour-3-jours-dune-edition-exceptionnelle\\\/#primaryimage\"},\"thumbnailUrl\":\"https:\\\/\\\/fr.motocrossmag.be\\\/wp-content\\\/uploads\\\/2019\\\/05\\\/trefle-lozerien-illu2.jpg\",\"datePublished\":\"2019-05-17T08:44:23+00:00\",\"dateModified\":\"2019-05-17T08:44:45+00:00\",\"author\":{\"@id\":\"https:\\\/\\\/fr.motocrossmag.be\\\/#\\\/schema\\\/person\\\/11b47143d9f755babca2c9110e03235c\"},\"breadcrumb\":{\"@id\":\"https:\\\/\\\/fr.motocrossmag.be\\\/index.php\\\/2019\\\/05\\\/trefle-lozerien-cest-parti-pour-3-jours-dune-edition-exceptionnelle\\\/#breadcrumb\"},\"inLanguage\":\"fr-FR\",\"potentialAction\":[{\"@type\":\"ReadAction\",\"target\":[\"https:\\\/\\\/fr.motocrossmag.be\\\/index.php\\\/2019\\\/05\\\/trefle-lozerien-cest-parti-pour-3-jours-dune-edition-exceptionnelle\\\/\"]}]},{\"@type\":\"ImageObject\",\"inLanguage\":\"fr-FR\",\"@id\":\"https:\\\/\\\/fr.motocrossmag.be\\\/index.php\\\/2019\\\/05\\\/trefle-lozerien-cest-parti-pour-3-jours-dune-edition-exceptionnelle\\\/#primaryimage\",\"url\":\"https:\\\/\\\/fr.motocrossmag.be\\\/wp-content\\\/uploads\\\/2019\\\/05\\\/trefle-lozerien-illu2.jpg\",\"contentUrl\":\"https:\\\/\\\/fr.motocrossmag.be\\\/wp-content\\\/uploads\\\/2019\\\/05\\\/trefle-lozerien-illu2.jpg\",\"width\":1000,\"height\":666},{\"@type\":\"BreadcrumbList\",\"@id\":\"https:\\\/\\\/fr.motocrossmag.be\\\/index.php\\\/2019\\\/05\\\/trefle-lozerien-cest-parti-pour-3-jours-dune-edition-exceptionnelle\\\/#breadcrumb\",\"itemListElement\":[{\"@type\":\"ListItem\",\"position\":1,\"name\":\"Accueil\",\"item\":\"https:\\\/\\\/fr.motocrossmag.be\\\/\"},{\"@type\":\"ListItem\",\"position\":2,\"name\":\"Tr\u00e8fle Loz\u00e9rien: c&rsquo;est parti pour 3 jours d&rsquo;une \u00e9dition exceptionnelle !\"}]},{\"@type\":\"WebSite\",\"@id\":\"https:\\\/\\\/fr.motocrossmag.be\\\/#website\",\"url\":\"https:\\\/\\\/fr.motocrossmag.be\\\/\",\"name\":\"Motocross - Enduro - Supermoto | MotocrossMag\",\"description\":\"L&#039;actualit\u00e9 du motocross, de l&#039;enduro et du Supermoto en ligne!\",\"potentialAction\":[{\"@type\":\"SearchAction\",\"target\":{\"@type\":\"EntryPoint\",\"urlTemplate\":\"https:\\\/\\\/fr.motocrossmag.be\\\/?s={search_term_string}\"},\"query-input\":{\"@type\":\"PropertyValueSpecification\",\"valueRequired\":true,\"valueName\":\"search_term_string\"}}],\"inLanguage\":\"fr-FR\"},{\"@type\":\"Person\",\"@id\":\"https:\\\/\\\/fr.motocrossmag.be\\\/#\\\/schema\\\/person\\\/11b47143d9f755babca2c9110e03235c\",\"name\":\"oliviere\",\"image\":{\"@type\":\"ImageObject\",\"inLanguage\":\"fr-FR\",\"@id\":\"https:\\\/\\\/secure.gravatar.com\\\/avatar\\\/907069e0b81d119452040469e4a7501da1100f54f7f80180ce77bfab718288f6?s=96&d=mm&r=g\",\"url\":\"https:\\\/\\\/secure.gravatar.com\\\/avatar\\\/907069e0b81d119452040469e4a7501da1100f54f7f80180ce77bfab718288f6?s=96&d=mm&r=g\",\"contentUrl\":\"https:\\\/\\\/secure.gravatar.com\\\/avatar\\\/907069e0b81d119452040469e4a7501da1100f54f7f80180ce77bfab718288f6?s=96&d=mm&r=g\",\"caption\":\"oliviere\"},\"sameAs\":[\"http:\\\/\\\/www.motocrossmag.be\"],\"url\":\"https:\\\/\\\/fr.motocrossmag.be\\\/index.php\\\/author\\\/oliviere\\\/\"}]}<\/script>\n<!-- \/ Yoast SEO plugin. -->","yoast_head_json":{"title":"Tr\u00e8fle Loz\u00e9rien: c'est parti pour 3 jours d'une \u00e9dition exceptionnelle ! - Motocross - Enduro - Supermoto | MotocrossMag","robots":{"index":"index","follow":"follow","max-snippet":"max-snippet:-1","max-image-preview":"max-image-preview:large","max-video-preview":"max-video-preview:-1"},"canonical":"https:\/\/fr.motocrossmag.be\/index.php\/2019\/05\/trefle-lozerien-cest-parti-pour-3-jours-dune-edition-exceptionnelle\/","og_locale":"fr_FR","og_type":"article","og_title":"Tr\u00e8fle Loz\u00e9rien: c'est parti pour 3 jours d'une \u00e9dition exceptionnelle ! - Motocross - Enduro - Supermoto | MotocrossMag","og_description":"Le Tr\u00e8fle Loz\u00e9rien AMV persiste et signe. Cette 33e \u00e9dition se d\u00e9marque une nouvelle fois en r\u00e9unissant une impressionnante flop\u00e9e de champions du monde d\u2019enduro et des centaines d\u2019authentiques amateurs, [...]","og_url":"https:\/\/fr.motocrossmag.be\/index.php\/2019\/05\/trefle-lozerien-cest-parti-pour-3-jours-dune-edition-exceptionnelle\/","og_site_name":"Motocross - Enduro - Supermoto | MotocrossMag","article_published_time":"2019-05-17T08:44:23+00:00","article_modified_time":"2019-05-17T08:44:45+00:00","og_image":[{"width":1000,"height":666,"url":"https:\/\/fr.motocrossmag.be\/wp-content\/uploads\/2019\/05\/trefle-lozerien-illu2.jpg","type":"image\/jpeg"}],"author":"oliviere","twitter_card":"summary_large_image","twitter_misc":{"\u00c9crit par":"oliviere","Dur\u00e9e de lecture estim\u00e9e":"5 minutes"},"schema":{"@context":"https:\/\/schema.org","@graph":[{"@type":"Article","@id":"https:\/\/fr.motocrossmag.be\/index.php\/2019\/05\/trefle-lozerien-cest-parti-pour-3-jours-dune-edition-exceptionnelle\/#article","isPartOf":{"@id":"https:\/\/fr.motocrossmag.be\/index.php\/2019\/05\/trefle-lozerien-cest-parti-pour-3-jours-dune-edition-exceptionnelle\/"},"author":{"name":"oliviere","@id":"https:\/\/fr.motocrossmag.be\/#\/schema\/person\/11b47143d9f755babca2c9110e03235c"},"headline":"Tr\u00e8fle Loz\u00e9rien: c&rsquo;est parti pour 3 jours d&rsquo;une \u00e9dition exceptionnelle !","datePublished":"2019-05-17T08:44:23+00:00","dateModified":"2019-05-17T08:44:45+00:00","mainEntityOfPage":{"@id":"https:\/\/fr.motocrossmag.be\/index.php\/2019\/05\/trefle-lozerien-cest-parti-pour-3-jours-dune-edition-exceptionnelle\/"},"wordCount":1012,"commentCount":0,"image":{"@id":"https:\/\/fr.motocrossmag.be\/index.php\/2019\/05\/trefle-lozerien-cest-parti-pour-3-jours-dune-edition-exceptionnelle\/#primaryimage"},"thumbnailUrl":"https:\/\/fr.motocrossmag.be\/wp-content\/uploads\/2019\/05\/trefle-lozerien-illu2.jpg","articleSection":["Actualit\u00e9","Enduro","News","News","Slideshow","WESS"],"inLanguage":"fr-FR","potentialAction":[{"@type":"CommentAction","name":"Comment","target":["https:\/\/fr.motocrossmag.be\/index.php\/2019\/05\/trefle-lozerien-cest-parti-pour-3-jours-dune-edition-exceptionnelle\/#respond"]}]},{"@type":"WebPage","@id":"https:\/\/fr.motocrossmag.be\/index.php\/2019\/05\/trefle-lozerien-cest-parti-pour-3-jours-dune-edition-exceptionnelle\/","url":"https:\/\/fr.motocrossmag.be\/index.php\/2019\/05\/trefle-lozerien-cest-parti-pour-3-jours-dune-edition-exceptionnelle\/","name":"Tr\u00e8fle Loz\u00e9rien: c'est parti pour 3 jours d'une \u00e9dition exceptionnelle ! - Motocross - Enduro - Supermoto | MotocrossMag","isPartOf":{"@id":"https:\/\/fr.motocrossmag.be\/#website"},"primaryImageOfPage":{"@id":"https:\/\/fr.motocrossmag.be\/index.php\/2019\/05\/trefle-lozerien-cest-parti-pour-3-jours-dune-edition-exceptionnelle\/#primaryimage"},"image":{"@id":"https:\/\/fr.motocrossmag.be\/index.php\/2019\/05\/trefle-lozerien-cest-parti-pour-3-jours-dune-edition-exceptionnelle\/#primaryimage"},"thumbnailUrl":"https:\/\/fr.motocrossmag.be\/wp-content\/uploads\/2019\/05\/trefle-lozerien-illu2.jpg","datePublished":"2019-05-17T08:44:23+00:00","dateModified":"2019-05-17T08:44:45+00:00","author":{"@id":"https:\/\/fr.motocrossmag.be\/#\/schema\/person\/11b47143d9f755babca2c9110e03235c"},"breadcrumb":{"@id":"https:\/\/fr.motocrossmag.be\/index.php\/2019\/05\/trefle-lozerien-cest-parti-pour-3-jours-dune-edition-exceptionnelle\/#breadcrumb"},"inLanguage":"fr-FR","potentialAction":[{"@type":"ReadAction","target":["https:\/\/fr.motocrossmag.be\/index.php\/2019\/05\/trefle-lozerien-cest-parti-pour-3-jours-dune-edition-exceptionnelle\/"]}]},{"@type":"ImageObject","inLanguage":"fr-FR","@id":"https:\/\/fr.motocrossmag.be\/index.php\/2019\/05\/trefle-lozerien-cest-parti-pour-3-jours-dune-edition-exceptionnelle\/#primaryimage","url":"https:\/\/fr.motocrossmag.be\/wp-content\/uploads\/2019\/05\/trefle-lozerien-illu2.jpg","contentUrl":"https:\/\/fr.motocrossmag.be\/wp-content\/uploads\/2019\/05\/trefle-lozerien-illu2.jpg","width":1000,"height":666},{"@type":"BreadcrumbList","@id":"https:\/\/fr.motocrossmag.be\/index.php\/2019\/05\/trefle-lozerien-cest-parti-pour-3-jours-dune-edition-exceptionnelle\/#breadcrumb","itemListElement":[{"@type":"ListItem","position":1,"name":"Accueil","item":"https:\/\/fr.motocrossmag.be\/"},{"@type":"ListItem","position":2,"name":"Tr\u00e8fle Loz\u00e9rien: c&rsquo;est parti pour 3 jours d&rsquo;une \u00e9dition exceptionnelle !"}]},{"@type":"WebSite","@id":"https:\/\/fr.motocrossmag.be\/#website","url":"https:\/\/fr.motocrossmag.be\/","name":"Motocross - Enduro - Supermoto | MotocrossMag","description":"L&#039;actualit\u00e9 du motocross, de l&#039;enduro et du Supermoto en ligne!","potentialAction":[{"@type":"SearchAction","target":{"@type":"EntryPoint","urlTemplate":"https:\/\/fr.motocrossmag.be\/?s={search_term_string}"},"query-input":{"@type":"PropertyValueSpecification","valueRequired":true,"valueName":"search_term_string"}}],"inLanguage":"fr-FR"},{"@type":"Person","@id":"https:\/\/fr.motocrossmag.be\/#\/schema\/person\/11b47143d9f755babca2c9110e03235c","name":"oliviere","image":{"@type":"ImageObject","inLanguage":"fr-FR","@id":"https:\/\/secure.gravatar.com\/avatar\/907069e0b81d119452040469e4a7501da1100f54f7f80180ce77bfab718288f6?s=96&d=mm&r=g","url":"https:\/\/secure.gravatar.com\/avatar\/907069e0b81d119452040469e4a7501da1100f54f7f80180ce77bfab718288f6?s=96&d=mm&r=g","contentUrl":"https:\/\/secure.gravatar.com\/avatar\/907069e0b81d119452040469e4a7501da1100f54f7f80180ce77bfab718288f6?s=96&d=mm&r=g","caption":"oliviere"},"sameAs":["http:\/\/www.motocrossmag.be"],"url":"https:\/\/fr.motocrossmag.be\/index.php\/author\/oliviere\/"}]}},"_links":{"self":[{"href":"https:\/\/fr.motocrossmag.be\/index.php\/wp-json\/wp\/v2\/posts\/88508","targetHints":{"allow":["GET"]}}],"collection":[{"href":"https:\/\/fr.motocrossmag.be\/index.php\/wp-json\/wp\/v2\/posts"}],"about":[{"href":"https:\/\/fr.motocrossmag.be\/index.php\/wp-json\/wp\/v2\/types\/post"}],"author":[{"embeddable":true,"href":"https:\/\/fr.motocrossmag.be\/index.php\/wp-json\/wp\/v2\/users\/932"}],"replies":[{"embeddable":true,"href":"https:\/\/fr.motocrossmag.be\/index.php\/wp-json\/wp\/v2\/comments?post=88508"}],"version-history":[{"count":0,"href":"https:\/\/fr.motocrossmag.be\/index.php\/wp-json\/wp\/v2\/posts\/88508\/revisions"}],"wp:featuredmedia":[{"embeddable":true,"href":"https:\/\/fr.motocrossmag.be\/index.php\/wp-json\/wp\/v2\/media\/87674"}],"wp:attachment":[{"href":"https:\/\/fr.motocrossmag.be\/index.php\/wp-json\/wp\/v2\/media?parent=88508"}],"wp:term":[{"taxonomy":"category","embeddable":true,"href":"https:\/\/fr.motocrossmag.be\/index.php\/wp-json\/wp\/v2\/categories?post=88508"},{"taxonomy":"post_tag","embeddable":true,"href":"https:\/\/fr.motocrossmag.be\/index.php\/wp-json\/wp\/v2\/tags?post=88508"}],"curies":[{"name":"wp","href":"https:\/\/api.w.org\/{rel}","templated":true}]}}