{"id":88578,"date":"2019-05-19T09:38:39","date_gmt":"2019-05-19T07:38:39","guid":{"rendered":"https:\/\/fr.motocrossmag.be\/?p=88578"},"modified":"2019-05-19T09:38:39","modified_gmt":"2019-05-19T07:38:39","slug":"trefle-lozerien-josep-garcia-vers-une-premiere-victoire","status":"publish","type":"post","link":"https:\/\/fr.motocrossmag.be\/index.php\/2019\/05\/trefle-lozerien-josep-garcia-vers-une-premiere-victoire\/","title":{"rendered":"Tr\u00e8fle Loz\u00e9rien : Josep Garcia vers une premi\u00e8re victoire ?"},"content":{"rendered":"<div><strong>Apr\u00e8s la victoire \u00e9crasante de Josep Garcia sur la premi\u00e8re journ\u00e9e du 33\u00e8me Tr\u00e8fle Loz\u00e9rien vendredi, les pilotes fran\u00e7ais Julien Gauthier et J\u00e9r\u00e9my Tarroux sont revenus dans la course ce samedi, sans parvenir \u00e0 contenir le pilote Red Bull KTM Factory Racing, qui gagne ce 2e jour et conforte son avance au provisoire.<\/strong><\/p>\n<p>Samedi, le Moto-Club loz\u00e9rien a entra\u00een\u00e9 les concurrents sur le circuit de la Margeride pour 251 km de liaison, jalonn\u00e9e de 5 sp\u00e9ciales. Moins de pluie que la veille, mais du froid, du brouillard, de l\u2019altitude du c\u00f4t\u00e9 du Mont Loz\u00e8re et des banderol\u00e9es bien glissantes ! Apr\u00e8s une domination \u00e9crasante le vendredi d\u2019un trio venu d\u2019Espagne et de Grande-Bretagne, les Fran\u00e7ais sont revenus aux avant-postes.<\/p><\/div>\n<div><\/div>\n<div><img decoding=\"async\" class=\"lazyload alignnone size-medium wp-image-88580\" src=\"https:\/\/fr.motocrossmag.be\/wp-content\/uploads\/2019\/05\/AP-1ZCHH92N11W11_news-650x433.jpg\" data-orig-src=\"https:\/\/fr.motocrossmag.be\/wp-content\/uploads\/2019\/05\/AP-1ZCHH92N11W11_news-650x433.jpg\" alt=\"\" width=\"650\" height=\"433\" srcset=\"data:image\/svg+xml,%3Csvg%20xmlns%3D%27http%3A%2F%2Fwww.w3.org%2F2000%2Fsvg%27%20width%3D%27650%27%20height%3D%27433%27%20viewBox%3D%270%200%20650%20433%27%3E%3Crect%20width%3D%27650%27%20height%3D%27433%27%20fill-opacity%3D%220%22%2F%3E%3C%2Fsvg%3E\" data-srcset=\"https:\/\/fr.motocrossmag.be\/wp-content\/uploads\/2019\/05\/AP-1ZCHH92N11W11_news-650x433.jpg 650w, https:\/\/fr.motocrossmag.be\/wp-content\/uploads\/2019\/05\/AP-1ZCHH92N11W11_news-768x511.jpg 768w, https:\/\/fr.motocrossmag.be\/wp-content\/uploads\/2019\/05\/AP-1ZCHH92N11W11_news.jpg 1000w\" data-sizes=\"auto\" data-orig-sizes=\"(max-width: 650px) 100vw, 650px\" \/><\/div>\n<div><\/div>\n<div>Ont-ils \u00e9t\u00e9 piqu\u00e9s au vif par les performances de la veille de leurs adversaires \u00e9trangers ? Toujours est-il que les tricolores ont rectifi\u00e9 le tir en cette deuxi\u00e8me journ\u00e9e de course. D\u00e8s le premier chrono, J\u00e9r\u00e9my Tarroux (Sherco Racing Factory) colle \u00e0 Josep Garcia (Red Bull KTM Factory Racing) et lui conc\u00e8de moins d\u2019une seconde, tout comme J\u00e9r\u00e9my Miroir (Sherco Academy) et Julien Gauthier (Yamaha Bonneton 2roues). Th\u00e9o Espinasse (Sherco Racing Factory) est 5e de ce premier secteur, rel\u00e9guant McCanney (Yamaha Outsiders Racing) et Watson (Red Bull KTM Factory Racing) aux 6e et 7e rangs.<\/p>\n<p>Dans la 2e sp\u00e9ciale du jour, c\u2019est Julien Gauthier qui arrache le meilleur temps au leader espagnol. Si Watson pointe au 3e rang de la SP2, les \u00e9carts avec les suivants sont plus faibles que la veille entre les 5 \u00e0 6 premiers pilotes. McCanney s\u2019impose dans la 3e banderol\u00e9e du jour, suivi \u00e0 moins d\u2019une seconde par un Julien Gauthier tr\u00e8s offensif. J\u00e9r\u00e9my Tarroux est une nouvelle fois dans le trio de t\u00eate. Auteur d\u2019un tr\u00e8s bon \u00ab Tr\u00e8fle \u00bb, J\u00e9r\u00e9my Miroir jette h\u00e9las l\u2019\u00e9ponge sur avarie m\u00e9canique \u00e0 l\u2019issue de cette sp\u00e9ciale o\u00f9 il est rest\u00e9 bloqu\u00e9 de longues minutes. Josep Garcia remporte son 2e chrono du jour dans la SP4, mais Julien Gauthier et J\u00e9r\u00e9my Tarroux sont \u00e0 ses trousses \u00e0 moins d\u2019une seconde.<\/p>\n<p><span style=\"color: #ff0000;\"><strong>Vers une victoire in\u00e9dite ?<\/strong><\/span><\/p>\n<p>Au d\u00e9part de la sp\u00e9ciale 5 SP5 Mende la Vabre Lauze Boissons Michelin Givi, Julien Gauthier est virtuellement en t\u00eate de cette 2e journ\u00e9e du Tr\u00e8fle Loz\u00e9rien AMV, devant J\u00e9r\u00e9my Tarroux et Josep Garcia. Mais de 3 secondes seulement\u2026 Le leader du provisoire reprend l\u2019avantage sur cet ultime chrono de la journ\u00e9e, comblant son retard sur Gauthier. Josep Garcia remporte donc la 2e journ\u00e9e du Tr\u00e8fle Loz\u00e9rien, devant Gauthier et Tarroux.<\/p><\/div>\n<div><\/div>\n<div><img decoding=\"async\" class=\"lazyload alignnone size-medium wp-image-88581\" src=\"https:\/\/fr.motocrossmag.be\/wp-content\/uploads\/2019\/05\/AP-1ZCHH78RD1W11_news-650x433.jpg\" data-orig-src=\"https:\/\/fr.motocrossmag.be\/wp-content\/uploads\/2019\/05\/AP-1ZCHH78RD1W11_news-650x433.jpg\" alt=\"\" width=\"650\" height=\"433\" srcset=\"data:image\/svg+xml,%3Csvg%20xmlns%3D%27http%3A%2F%2Fwww.w3.org%2F2000%2Fsvg%27%20width%3D%27650%27%20height%3D%27433%27%20viewBox%3D%270%200%20650%20433%27%3E%3Crect%20width%3D%27650%27%20height%3D%27433%27%20fill-opacity%3D%220%22%2F%3E%3C%2Fsvg%3E\" data-srcset=\"https:\/\/fr.motocrossmag.be\/wp-content\/uploads\/2019\/05\/AP-1ZCHH78RD1W11_news-650x433.jpg 650w, https:\/\/fr.motocrossmag.be\/wp-content\/uploads\/2019\/05\/AP-1ZCHH78RD1W11_news-768x511.jpg 768w, https:\/\/fr.motocrossmag.be\/wp-content\/uploads\/2019\/05\/AP-1ZCHH78RD1W11_news.jpg 1000w\" data-sizes=\"auto\" data-orig-sizes=\"(max-width: 650px) 100vw, 650px\" \/><\/div>\n<div><\/div>\n<div>Au provisoire, le perdant du jour est Nathan Watson, 2e vendredi, qui r\u00e9trograde \u00e0 la 5e place. Jamie McCanney est 2e \u00e0 plus de 30 secondes de Garcia, et J\u00e9r\u00e9my Tarroux grimpe sur le podium. Avec un tel capital, Josep Garcia est en bonne voie pour inscrire son nom au palmar\u00e8s des vainqueurs du Tr\u00e8fle Loz\u00e9rien AMV, ce qui serait une premi\u00e8re dans l\u2019histoire de cette \u00e9preuve qui a \u00e9t\u00e9 toujours remport\u00e9e par des Fran\u00e7ais depuis sa cr\u00e9ation en 1986. Les \u00e9carts \u00e9tant faibles entre le 2e et le 5e pilote du provisoire (environ 2 secondes), la bagarre pour les places d\u2019honneur s\u2019annonce intense !<\/div>\n<div><\/div>\n<div><strong><span style=\"color: #800000;\">R\u00e9sultats<\/span><\/p>\n<p><\/strong><\/div>\n<div>CLASSEMENT PROVISOIRE APRES JOUR 2<\/div>\n<div>1 GARCIA Josep 00:41:46.387; 2 MCCANNEY Jamie 00:42:16.509 (+30,122); 3 TARROUX J\u00e9r\u00e9my 00:42:18.362 (+31,975); 4 GAUTHIER Julien 00:42:18.392 (+32,005); 5 WATSON Nathan 00:42:18.760 (32,373); 6 ALBEPART Emmanuel 00:43:02.050 (+1:15.663); 7 ESPINASSE Theo 00:43:05.948 (+1:19.561); 8 NAMBOTIN Christophe 00:43:07.415 (+1:21.028); 9 WALKER Jonny 00:43:29.825 (+1:43.438); 10 WOOTTON Joseph Vernon 00:43:31.580 (+1:45.193);&#8230;<\/div>\n","protected":false},"excerpt":{"rendered":"<p>Apr\u00e8s la victoire \u00e9crasante de Josep Garcia sur la premi\u00e8re journ\u00e9e du 33\u00e8me Tr\u00e8fle Loz\u00e9rien vendredi, les pilotes fran\u00e7ais Julien Gauthier et J\u00e9r\u00e9my Tarroux sont revenus dans la course ce [&#8230;]<\/p>\n","protected":false},"author":932,"featured_media":88579,"comment_status":"open","ping_status":"closed","sticky":false,"template":"","format":"standard","meta":{"footnotes":""},"categories":[54,32,55,65,1095],"tags":[],"class_list":["post-88578","post","type-post","status-publish","format-standard","has-post-thumbnail","hentry","category-actualite","category-enduro","category-news-actualite","category-slideshow","category-wess"],"yoast_head":"<!-- This site is optimized with the Yoast SEO plugin v27.4 - https:\/\/yoast.com\/product\/yoast-seo-wordpress\/ -->\n<title>Tr\u00e8fle Loz\u00e9rien : Josep Garcia vers une premi\u00e8re victoire ? - Motocross - Enduro - Supermoto | MotocrossMag<\/title>\n<meta name=\"robots\" content=\"index, follow, max-snippet:-1, max-image-preview:large, max-video-preview:-1\" \/>\n<link rel=\"canonical\" href=\"https:\/\/fr.motocrossmag.be\/index.php\/2019\/05\/trefle-lozerien-josep-garcia-vers-une-premiere-victoire\/\" \/>\n<meta property=\"og:locale\" content=\"fr_FR\" \/>\n<meta property=\"og:type\" content=\"article\" \/>\n<meta property=\"og:title\" content=\"Tr\u00e8fle Loz\u00e9rien : Josep Garcia vers une premi\u00e8re victoire ? - Motocross - Enduro - Supermoto | MotocrossMag\" \/>\n<meta property=\"og:description\" content=\"Apr\u00e8s la victoire \u00e9crasante de Josep Garcia sur la premi\u00e8re journ\u00e9e du 33\u00e8me Tr\u00e8fle Loz\u00e9rien vendredi, les pilotes fran\u00e7ais Julien Gauthier et J\u00e9r\u00e9my Tarroux sont revenus dans la course ce [...]\" \/>\n<meta property=\"og:url\" content=\"https:\/\/fr.motocrossmag.be\/index.php\/2019\/05\/trefle-lozerien-josep-garcia-vers-une-premiere-victoire\/\" \/>\n<meta property=\"og:site_name\" content=\"Motocross - Enduro - Supermoto | MotocrossMag\" \/>\n<meta property=\"article:published_time\" content=\"2019-05-19T07:38:39+00:00\" \/>\n<meta property=\"og:image\" content=\"https:\/\/fr.motocrossmag.be\/wp-content\/uploads\/2019\/05\/garcia-wess-lozere.jpg\" \/>\n\t<meta property=\"og:image:width\" content=\"1000\" \/>\n\t<meta property=\"og:image:height\" content=\"666\" \/>\n\t<meta property=\"og:image:type\" content=\"image\/jpeg\" \/>\n<meta name=\"author\" content=\"oliviere\" \/>\n<meta name=\"twitter:card\" content=\"summary_large_image\" \/>\n<meta name=\"twitter:label1\" content=\"\u00c9crit par\" \/>\n\t<meta name=\"twitter:data1\" content=\"oliviere\" \/>\n\t<meta name=\"twitter:label2\" content=\"Dur\u00e9e de lecture estim\u00e9e\" \/>\n\t<meta name=\"twitter:data2\" content=\"3 minutes\" \/>\n<script type=\"application\/ld+json\" class=\"yoast-schema-graph\">{\"@context\":\"https:\\\/\\\/schema.org\",\"@graph\":[{\"@type\":\"Article\",\"@id\":\"https:\\\/\\\/fr.motocrossmag.be\\\/index.php\\\/2019\\\/05\\\/trefle-lozerien-josep-garcia-vers-une-premiere-victoire\\\/#article\",\"isPartOf\":{\"@id\":\"https:\\\/\\\/fr.motocrossmag.be\\\/index.php\\\/2019\\\/05\\\/trefle-lozerien-josep-garcia-vers-une-premiere-victoire\\\/\"},\"author\":{\"name\":\"oliviere\",\"@id\":\"https:\\\/\\\/fr.motocrossmag.be\\\/#\\\/schema\\\/person\\\/11b47143d9f755babca2c9110e03235c\"},\"headline\":\"Tr\u00e8fle Loz\u00e9rien : Josep Garcia vers une premi\u00e8re victoire ?\",\"datePublished\":\"2019-05-19T07:38:39+00:00\",\"mainEntityOfPage\":{\"@id\":\"https:\\\/\\\/fr.motocrossmag.be\\\/index.php\\\/2019\\\/05\\\/trefle-lozerien-josep-garcia-vers-une-premiere-victoire\\\/\"},\"wordCount\":619,\"commentCount\":0,\"image\":{\"@id\":\"https:\\\/\\\/fr.motocrossmag.be\\\/index.php\\\/2019\\\/05\\\/trefle-lozerien-josep-garcia-vers-une-premiere-victoire\\\/#primaryimage\"},\"thumbnailUrl\":\"https:\\\/\\\/fr.motocrossmag.be\\\/wp-content\\\/uploads\\\/2019\\\/05\\\/garcia-wess-lozere.jpg\",\"articleSection\":[\"Actualit\u00e9\",\"Enduro\",\"News\",\"Slideshow\",\"WESS\"],\"inLanguage\":\"fr-FR\",\"potentialAction\":[{\"@type\":\"CommentAction\",\"name\":\"Comment\",\"target\":[\"https:\\\/\\\/fr.motocrossmag.be\\\/index.php\\\/2019\\\/05\\\/trefle-lozerien-josep-garcia-vers-une-premiere-victoire\\\/#respond\"]}]},{\"@type\":\"WebPage\",\"@id\":\"https:\\\/\\\/fr.motocrossmag.be\\\/index.php\\\/2019\\\/05\\\/trefle-lozerien-josep-garcia-vers-une-premiere-victoire\\\/\",\"url\":\"https:\\\/\\\/fr.motocrossmag.be\\\/index.php\\\/2019\\\/05\\\/trefle-lozerien-josep-garcia-vers-une-premiere-victoire\\\/\",\"name\":\"Tr\u00e8fle Loz\u00e9rien : Josep Garcia vers une premi\u00e8re victoire ? - Motocross - Enduro - Supermoto | MotocrossMag\",\"isPartOf\":{\"@id\":\"https:\\\/\\\/fr.motocrossmag.be\\\/#website\"},\"primaryImageOfPage\":{\"@id\":\"https:\\\/\\\/fr.motocrossmag.be\\\/index.php\\\/2019\\\/05\\\/trefle-lozerien-josep-garcia-vers-une-premiere-victoire\\\/#primaryimage\"},\"image\":{\"@id\":\"https:\\\/\\\/fr.motocrossmag.be\\\/index.php\\\/2019\\\/05\\\/trefle-lozerien-josep-garcia-vers-une-premiere-victoire\\\/#primaryimage\"},\"thumbnailUrl\":\"https:\\\/\\\/fr.motocrossmag.be\\\/wp-content\\\/uploads\\\/2019\\\/05\\\/garcia-wess-lozere.jpg\",\"datePublished\":\"2019-05-19T07:38:39+00:00\",\"author\":{\"@id\":\"https:\\\/\\\/fr.motocrossmag.be\\\/#\\\/schema\\\/person\\\/11b47143d9f755babca2c9110e03235c\"},\"breadcrumb\":{\"@id\":\"https:\\\/\\\/fr.motocrossmag.be\\\/index.php\\\/2019\\\/05\\\/trefle-lozerien-josep-garcia-vers-une-premiere-victoire\\\/#breadcrumb\"},\"inLanguage\":\"fr-FR\",\"potentialAction\":[{\"@type\":\"ReadAction\",\"target\":[\"https:\\\/\\\/fr.motocrossmag.be\\\/index.php\\\/2019\\\/05\\\/trefle-lozerien-josep-garcia-vers-une-premiere-victoire\\\/\"]}]},{\"@type\":\"ImageObject\",\"inLanguage\":\"fr-FR\",\"@id\":\"https:\\\/\\\/fr.motocrossmag.be\\\/index.php\\\/2019\\\/05\\\/trefle-lozerien-josep-garcia-vers-une-premiere-victoire\\\/#primaryimage\",\"url\":\"https:\\\/\\\/fr.motocrossmag.be\\\/wp-content\\\/uploads\\\/2019\\\/05\\\/garcia-wess-lozere.jpg\",\"contentUrl\":\"https:\\\/\\\/fr.motocrossmag.be\\\/wp-content\\\/uploads\\\/2019\\\/05\\\/garcia-wess-lozere.jpg\",\"width\":1000,\"height\":666},{\"@type\":\"BreadcrumbList\",\"@id\":\"https:\\\/\\\/fr.motocrossmag.be\\\/index.php\\\/2019\\\/05\\\/trefle-lozerien-josep-garcia-vers-une-premiere-victoire\\\/#breadcrumb\",\"itemListElement\":[{\"@type\":\"ListItem\",\"position\":1,\"name\":\"Accueil\",\"item\":\"https:\\\/\\\/fr.motocrossmag.be\\\/\"},{\"@type\":\"ListItem\",\"position\":2,\"name\":\"Tr\u00e8fle Loz\u00e9rien : Josep Garcia vers une premi\u00e8re victoire ?\"}]},{\"@type\":\"WebSite\",\"@id\":\"https:\\\/\\\/fr.motocrossmag.be\\\/#website\",\"url\":\"https:\\\/\\\/fr.motocrossmag.be\\\/\",\"name\":\"Motocross - Enduro - Supermoto | MotocrossMag\",\"description\":\"L&#039;actualit\u00e9 du motocross, de l&#039;enduro et du Supermoto en ligne!\",\"potentialAction\":[{\"@type\":\"SearchAction\",\"target\":{\"@type\":\"EntryPoint\",\"urlTemplate\":\"https:\\\/\\\/fr.motocrossmag.be\\\/?s={search_term_string}\"},\"query-input\":{\"@type\":\"PropertyValueSpecification\",\"valueRequired\":true,\"valueName\":\"search_term_string\"}}],\"inLanguage\":\"fr-FR\"},{\"@type\":\"Person\",\"@id\":\"https:\\\/\\\/fr.motocrossmag.be\\\/#\\\/schema\\\/person\\\/11b47143d9f755babca2c9110e03235c\",\"name\":\"oliviere\",\"image\":{\"@type\":\"ImageObject\",\"inLanguage\":\"fr-FR\",\"@id\":\"https:\\\/\\\/secure.gravatar.com\\\/avatar\\\/907069e0b81d119452040469e4a7501da1100f54f7f80180ce77bfab718288f6?s=96&d=mm&r=g\",\"url\":\"https:\\\/\\\/secure.gravatar.com\\\/avatar\\\/907069e0b81d119452040469e4a7501da1100f54f7f80180ce77bfab718288f6?s=96&d=mm&r=g\",\"contentUrl\":\"https:\\\/\\\/secure.gravatar.com\\\/avatar\\\/907069e0b81d119452040469e4a7501da1100f54f7f80180ce77bfab718288f6?s=96&d=mm&r=g\",\"caption\":\"oliviere\"},\"sameAs\":[\"http:\\\/\\\/www.motocrossmag.be\"],\"url\":\"https:\\\/\\\/fr.motocrossmag.be\\\/index.php\\\/author\\\/oliviere\\\/\"}]}<\/script>\n<!-- \/ Yoast SEO plugin. -->","yoast_head_json":{"title":"Tr\u00e8fle Loz\u00e9rien : Josep Garcia vers une premi\u00e8re victoire ? - Motocross - Enduro - Supermoto | MotocrossMag","robots":{"index":"index","follow":"follow","max-snippet":"max-snippet:-1","max-image-preview":"max-image-preview:large","max-video-preview":"max-video-preview:-1"},"canonical":"https:\/\/fr.motocrossmag.be\/index.php\/2019\/05\/trefle-lozerien-josep-garcia-vers-une-premiere-victoire\/","og_locale":"fr_FR","og_type":"article","og_title":"Tr\u00e8fle Loz\u00e9rien : Josep Garcia vers une premi\u00e8re victoire ? - Motocross - Enduro - Supermoto | MotocrossMag","og_description":"Apr\u00e8s la victoire \u00e9crasante de Josep Garcia sur la premi\u00e8re journ\u00e9e du 33\u00e8me Tr\u00e8fle Loz\u00e9rien vendredi, les pilotes fran\u00e7ais Julien Gauthier et J\u00e9r\u00e9my Tarroux sont revenus dans la course ce [...]","og_url":"https:\/\/fr.motocrossmag.be\/index.php\/2019\/05\/trefle-lozerien-josep-garcia-vers-une-premiere-victoire\/","og_site_name":"Motocross - Enduro - Supermoto | MotocrossMag","article_published_time":"2019-05-19T07:38:39+00:00","og_image":[{"width":1000,"height":666,"url":"https:\/\/fr.motocrossmag.be\/wp-content\/uploads\/2019\/05\/garcia-wess-lozere.jpg","type":"image\/jpeg"}],"author":"oliviere","twitter_card":"summary_large_image","twitter_misc":{"\u00c9crit par":"oliviere","Dur\u00e9e de lecture estim\u00e9e":"3 minutes"},"schema":{"@context":"https:\/\/schema.org","@graph":[{"@type":"Article","@id":"https:\/\/fr.motocrossmag.be\/index.php\/2019\/05\/trefle-lozerien-josep-garcia-vers-une-premiere-victoire\/#article","isPartOf":{"@id":"https:\/\/fr.motocrossmag.be\/index.php\/2019\/05\/trefle-lozerien-josep-garcia-vers-une-premiere-victoire\/"},"author":{"name":"oliviere","@id":"https:\/\/fr.motocrossmag.be\/#\/schema\/person\/11b47143d9f755babca2c9110e03235c"},"headline":"Tr\u00e8fle Loz\u00e9rien : Josep Garcia vers une premi\u00e8re victoire ?","datePublished":"2019-05-19T07:38:39+00:00","mainEntityOfPage":{"@id":"https:\/\/fr.motocrossmag.be\/index.php\/2019\/05\/trefle-lozerien-josep-garcia-vers-une-premiere-victoire\/"},"wordCount":619,"commentCount":0,"image":{"@id":"https:\/\/fr.motocrossmag.be\/index.php\/2019\/05\/trefle-lozerien-josep-garcia-vers-une-premiere-victoire\/#primaryimage"},"thumbnailUrl":"https:\/\/fr.motocrossmag.be\/wp-content\/uploads\/2019\/05\/garcia-wess-lozere.jpg","articleSection":["Actualit\u00e9","Enduro","News","Slideshow","WESS"],"inLanguage":"fr-FR","potentialAction":[{"@type":"CommentAction","name":"Comment","target":["https:\/\/fr.motocrossmag.be\/index.php\/2019\/05\/trefle-lozerien-josep-garcia-vers-une-premiere-victoire\/#respond"]}]},{"@type":"WebPage","@id":"https:\/\/fr.motocrossmag.be\/index.php\/2019\/05\/trefle-lozerien-josep-garcia-vers-une-premiere-victoire\/","url":"https:\/\/fr.motocrossmag.be\/index.php\/2019\/05\/trefle-lozerien-josep-garcia-vers-une-premiere-victoire\/","name":"Tr\u00e8fle Loz\u00e9rien : Josep Garcia vers une premi\u00e8re victoire ? - Motocross - Enduro - Supermoto | MotocrossMag","isPartOf":{"@id":"https:\/\/fr.motocrossmag.be\/#website"},"primaryImageOfPage":{"@id":"https:\/\/fr.motocrossmag.be\/index.php\/2019\/05\/trefle-lozerien-josep-garcia-vers-une-premiere-victoire\/#primaryimage"},"image":{"@id":"https:\/\/fr.motocrossmag.be\/index.php\/2019\/05\/trefle-lozerien-josep-garcia-vers-une-premiere-victoire\/#primaryimage"},"thumbnailUrl":"https:\/\/fr.motocrossmag.be\/wp-content\/uploads\/2019\/05\/garcia-wess-lozere.jpg","datePublished":"2019-05-19T07:38:39+00:00","author":{"@id":"https:\/\/fr.motocrossmag.be\/#\/schema\/person\/11b47143d9f755babca2c9110e03235c"},"breadcrumb":{"@id":"https:\/\/fr.motocrossmag.be\/index.php\/2019\/05\/trefle-lozerien-josep-garcia-vers-une-premiere-victoire\/#breadcrumb"},"inLanguage":"fr-FR","potentialAction":[{"@type":"ReadAction","target":["https:\/\/fr.motocrossmag.be\/index.php\/2019\/05\/trefle-lozerien-josep-garcia-vers-une-premiere-victoire\/"]}]},{"@type":"ImageObject","inLanguage":"fr-FR","@id":"https:\/\/fr.motocrossmag.be\/index.php\/2019\/05\/trefle-lozerien-josep-garcia-vers-une-premiere-victoire\/#primaryimage","url":"https:\/\/fr.motocrossmag.be\/wp-content\/uploads\/2019\/05\/garcia-wess-lozere.jpg","contentUrl":"https:\/\/fr.motocrossmag.be\/wp-content\/uploads\/2019\/05\/garcia-wess-lozere.jpg","width":1000,"height":666},{"@type":"BreadcrumbList","@id":"https:\/\/fr.motocrossmag.be\/index.php\/2019\/05\/trefle-lozerien-josep-garcia-vers-une-premiere-victoire\/#breadcrumb","itemListElement":[{"@type":"ListItem","position":1,"name":"Accueil","item":"https:\/\/fr.motocrossmag.be\/"},{"@type":"ListItem","position":2,"name":"Tr\u00e8fle Loz\u00e9rien : Josep Garcia vers une premi\u00e8re victoire ?"}]},{"@type":"WebSite","@id":"https:\/\/fr.motocrossmag.be\/#website","url":"https:\/\/fr.motocrossmag.be\/","name":"Motocross - Enduro - Supermoto | MotocrossMag","description":"L&#039;actualit\u00e9 du motocross, de l&#039;enduro et du Supermoto en ligne!","potentialAction":[{"@type":"SearchAction","target":{"@type":"EntryPoint","urlTemplate":"https:\/\/fr.motocrossmag.be\/?s={search_term_string}"},"query-input":{"@type":"PropertyValueSpecification","valueRequired":true,"valueName":"search_term_string"}}],"inLanguage":"fr-FR"},{"@type":"Person","@id":"https:\/\/fr.motocrossmag.be\/#\/schema\/person\/11b47143d9f755babca2c9110e03235c","name":"oliviere","image":{"@type":"ImageObject","inLanguage":"fr-FR","@id":"https:\/\/secure.gravatar.com\/avatar\/907069e0b81d119452040469e4a7501da1100f54f7f80180ce77bfab718288f6?s=96&d=mm&r=g","url":"https:\/\/secure.gravatar.com\/avatar\/907069e0b81d119452040469e4a7501da1100f54f7f80180ce77bfab718288f6?s=96&d=mm&r=g","contentUrl":"https:\/\/secure.gravatar.com\/avatar\/907069e0b81d119452040469e4a7501da1100f54f7f80180ce77bfab718288f6?s=96&d=mm&r=g","caption":"oliviere"},"sameAs":["http:\/\/www.motocrossmag.be"],"url":"https:\/\/fr.motocrossmag.be\/index.php\/author\/oliviere\/"}]}},"_links":{"self":[{"href":"https:\/\/fr.motocrossmag.be\/index.php\/wp-json\/wp\/v2\/posts\/88578","targetHints":{"allow":["GET"]}}],"collection":[{"href":"https:\/\/fr.motocrossmag.be\/index.php\/wp-json\/wp\/v2\/posts"}],"about":[{"href":"https:\/\/fr.motocrossmag.be\/index.php\/wp-json\/wp\/v2\/types\/post"}],"author":[{"embeddable":true,"href":"https:\/\/fr.motocrossmag.be\/index.php\/wp-json\/wp\/v2\/users\/932"}],"replies":[{"embeddable":true,"href":"https:\/\/fr.motocrossmag.be\/index.php\/wp-json\/wp\/v2\/comments?post=88578"}],"version-history":[{"count":0,"href":"https:\/\/fr.motocrossmag.be\/index.php\/wp-json\/wp\/v2\/posts\/88578\/revisions"}],"wp:featuredmedia":[{"embeddable":true,"href":"https:\/\/fr.motocrossmag.be\/index.php\/wp-json\/wp\/v2\/media\/88579"}],"wp:attachment":[{"href":"https:\/\/fr.motocrossmag.be\/index.php\/wp-json\/wp\/v2\/media?parent=88578"}],"wp:term":[{"taxonomy":"category","embeddable":true,"href":"https:\/\/fr.motocrossmag.be\/index.php\/wp-json\/wp\/v2\/categories?post=88578"},{"taxonomy":"post_tag","embeddable":true,"href":"https:\/\/fr.motocrossmag.be\/index.php\/wp-json\/wp\/v2\/tags?post=88578"}],"curies":[{"name":"wp","href":"https:\/\/api.w.org\/{rel}","templated":true}]}}