{"id":88599,"date":"2019-05-19T22:15:48","date_gmt":"2019-05-19T20:15:48","guid":{"rendered":"https:\/\/fr.motocrossmag.be\/?p=88599"},"modified":"2019-05-19T22:15:48","modified_gmt":"2019-05-19T20:15:48","slug":"trefle-lozerien-josep-garcia-fait-tomber-les-francais-sur-leur-propre-terrain","status":"publish","type":"post","link":"https:\/\/fr.motocrossmag.be\/index.php\/2019\/05\/trefle-lozerien-josep-garcia-fait-tomber-les-francais-sur-leur-propre-terrain\/","title":{"rendered":"Tr\u00e8fle Loz\u00e9rien : Josep Garcia fait tomber les Fran\u00e7ais sur leur propre terrain"},"content":{"rendered":"<p><strong>Le pilote officiel KTM Josep Garica, 3e de l&rsquo;\u00e9preuve en 2018, a domin\u00e9 les 3 jours du Tr\u00e8fle Loz\u00e9rien. En 33 \u00e9ditions, jamais un pilote \u00e9tranger n\u2019avait r\u00e9ussi \u00e0 inscrire son nom au palmar\u00e8s de la classique fran\u00e7aise. Deux Britanniques, Jamie Mc Canney et Nathan Watson compl\u00e8tent le podium.<\/strong><\/p>\n<p>Comme chaque derni\u00e8re journ\u00e9e de l\u2019\u00e9preuve, l\u2019ordre du d\u00e9part a \u00e9t\u00e9 invers\u00e9 et les \u00ab gros \u00bb num\u00e9ros se sont \u00e9lanc\u00e9s d\u00e8s 7h30 sur le circuit G\u00e9vaudan Aubrac de 185 km, sous un ciel \u00e0 nouveau charg\u00e9 d\u2019eau, le froid en prime. Au d\u00e9part de cette derni\u00e8re journ\u00e9e de course, la victoire finale semble promise \u00e0 Josep Garcia (Red Bull KTM Factory Racing), d\u00e9tenteur d\u2019une avance de plus de 30 secondes. Sauf incident, \u00e0 la \u00ab r\u00e9guli\u00e8re \u00bb, la plus haute marche est pour lui.<\/p>\n<p><img decoding=\"async\" class=\"lazyload alignnone size-medium wp-image-88602\" src=\"https:\/\/fr.motocrossmag.be\/wp-content\/uploads\/2019\/05\/AP-1ZCTJ9SB51W11_news-650x433.jpg\" data-orig-src=\"https:\/\/fr.motocrossmag.be\/wp-content\/uploads\/2019\/05\/AP-1ZCTJ9SB51W11_news-650x433.jpg\" alt=\"\" width=\"650\" height=\"433\" srcset=\"data:image\/svg+xml,%3Csvg%20xmlns%3D%27http%3A%2F%2Fwww.w3.org%2F2000%2Fsvg%27%20width%3D%27650%27%20height%3D%27433%27%20viewBox%3D%270%200%20650%20433%27%3E%3Crect%20width%3D%27650%27%20height%3D%27433%27%20fill-opacity%3D%220%22%2F%3E%3C%2Fsvg%3E\" data-srcset=\"https:\/\/fr.motocrossmag.be\/wp-content\/uploads\/2019\/05\/AP-1ZCTJ9SB51W11_news-650x433.jpg 650w, https:\/\/fr.motocrossmag.be\/wp-content\/uploads\/2019\/05\/AP-1ZCTJ9SB51W11_news-768x511.jpg 768w, https:\/\/fr.motocrossmag.be\/wp-content\/uploads\/2019\/05\/AP-1ZCTJ9SB51W11_news.jpg 1000w\" data-sizes=\"auto\" data-orig-sizes=\"(max-width: 650px) 100vw, 650px\" \/><\/p>\n<p>En revanche, rien n\u2019est tranch\u00e9 entre 4 pilotes (McCanney, Tarroux, Gauthier, Watson), avec seulement deux secondes d\u2019\u00e9cart au bout de deux jours de course. Dans la premi\u00e8re sp\u00e9ciale, Jamie Mc Canney (Yamaha Outsiders Racing) gagne avec moins d\u2019une seconde sur Josep Garcia, tandis que Julien Gauthier (Yamaha Bonneton 2roues), 3e, semble d\u00e9termin\u00e9 \u00e0 ne rien l\u00e2cher. Nathan Watson (Red Bull KTM Factory Racing), est 4e, tandis que J\u00e9r\u00e9my Tarroux (Sherco Racing Factory), 12e, perd gros sur ce premier chrono.<\/p>\n<p><span style=\"color: #ff0000;\"><strong>Une dimension internationale<\/strong><\/span><\/p>\n<p>Dans la SP2, le trio du premier jour caracole une nouvelle fois en t\u00eate : Josep Garcia, Jamie Mc Canney, Nathan Watson vampirisent les 3 premi\u00e8res places, devant Christophe Nambotin et Julien Gauthier, qui est toujours au contact du podium final. Josep Garcia ne semble pas pr\u00eat \u00e0 \u00ab g\u00e9rer \u00bb son avance et attendre tranquillement la fin de la journ\u00e9e : il s\u2019impose \u00e0 nouveau dans la SP3, talonn\u00e9 par Th\u00e9o Espinasse et Nathan Watson, sans oublier Julien Gauthier dans la m\u00eame seconde que Watson. Dans l\u2019avant-derni\u00e8re sp\u00e9ciale, J\u00e9r\u00e9my Tarroux subtilise une victoire \u00e0 l\u2019Espagnol. Puis c\u2019est Jamie Mc Canney qui scratche la SP5. Si les pilotes fran\u00e7ais, exp\u00e9riment\u00e9s sur cette course, ont bien r\u00e9agi samedi, et dimanche, cela n\u2019a pas suffi \u00e0 contenir le trio qui s\u2019est impos\u00e9 le 1er jour : Josep Garcia, pour sa 2e participation, remporte haut la main cette 33e \u00e9dition, avec 42 secondes d\u2019avance sur Jamie Mc Canney. Nathan Watson acc\u00e8de \u00e0 la 3e marche du podium.<\/p>\n<p><img decoding=\"async\" class=\"lazyload alignnone size-medium wp-image-88600\" src=\"https:\/\/fr.motocrossmag.be\/wp-content\/uploads\/2019\/05\/AP-1ZCTJ7WKN1W11_news-650x433.jpg\" data-orig-src=\"https:\/\/fr.motocrossmag.be\/wp-content\/uploads\/2019\/05\/AP-1ZCTJ7WKN1W11_news-650x433.jpg\" alt=\"\" width=\"650\" height=\"433\" srcset=\"data:image\/svg+xml,%3Csvg%20xmlns%3D%27http%3A%2F%2Fwww.w3.org%2F2000%2Fsvg%27%20width%3D%27650%27%20height%3D%27433%27%20viewBox%3D%270%200%20650%20433%27%3E%3Crect%20width%3D%27650%27%20height%3D%27433%27%20fill-opacity%3D%220%22%2F%3E%3C%2Fsvg%3E\" data-srcset=\"https:\/\/fr.motocrossmag.be\/wp-content\/uploads\/2019\/05\/AP-1ZCTJ7WKN1W11_news-650x433.jpg 650w, https:\/\/fr.motocrossmag.be\/wp-content\/uploads\/2019\/05\/AP-1ZCTJ7WKN1W11_news-768x511.jpg 768w, https:\/\/fr.motocrossmag.be\/wp-content\/uploads\/2019\/05\/AP-1ZCTJ7WKN1W11_news.jpg 1000w\" data-sizes=\"auto\" data-orig-sizes=\"(max-width: 650px) 100vw, 650px\" \/><\/p>\n<p>Au-del\u00e0 de la victoire historique d\u2019un pilote \u00e9tranger, il s\u2019agit donc d\u2019un podium 100% international, de tr\u00e8s haut niveau. Du haut de ses 22 ans, Josep Garcia, dispose d\u00e9j\u00e0 d\u2019un palmar\u00e8s \u00e9loquent : 3e du Tr\u00e8fle Loz\u00e9rien 2018, 4e du WESS 2018, Champion du Monde d\u2019enduro E2 2017, Vice-champion du Monde d\u2019enduro Youth Cup 2015. Idem pour Jamie McCanney 2e du Tr\u00e8fle Loz\u00e9rien AMV 2017, Champion du monde Youth Cup en 2013 et deux fois vice champion du Monde. Quant \u00e0 Nathan Watson, il a remport\u00e9 l\u2019Enduropale du Touquet 2019, entre autres\u2026 Julien Gauthier a bien r\u00e9sist\u00e9 mais il doit se contenter de la 4e place (\u00e0 1,5 s du podium !) devant J\u00e9r\u00e9my Tarroux, 5e. Th\u00e9o Espinasse a r\u00e9alis\u00e9 une belle fin de course et conclut 6e et 1er Junior. Christophe Nambotin (Gas Gas) s\u2019est maintenu \u00e0 la 7e place. Emmanuel Albepart (Yamaha Bonneton 2roues) pointe en 8e position, devant le sp\u00e9cialiste des courses extr\u00eames, Jonny Walker (Red Bull KTM Factory Racing). C\u2019est encore un Britannique, Joseph Wootton (Husqvarna) qui ferme la marche du Top 10.<\/p>\n<p><img decoding=\"async\" class=\"lazyload alignnone size-medium wp-image-88601\" src=\"https:\/\/fr.motocrossmag.be\/wp-content\/uploads\/2019\/05\/AP-1ZCTJ9T1S1W11_news-650x433.jpg\" data-orig-src=\"https:\/\/fr.motocrossmag.be\/wp-content\/uploads\/2019\/05\/AP-1ZCTJ9T1S1W11_news-650x433.jpg\" alt=\"\" width=\"650\" height=\"433\" srcset=\"data:image\/svg+xml,%3Csvg%20xmlns%3D%27http%3A%2F%2Fwww.w3.org%2F2000%2Fsvg%27%20width%3D%27650%27%20height%3D%27433%27%20viewBox%3D%270%200%20650%20433%27%3E%3Crect%20width%3D%27650%27%20height%3D%27433%27%20fill-opacity%3D%220%22%2F%3E%3C%2Fsvg%3E\" data-srcset=\"https:\/\/fr.motocrossmag.be\/wp-content\/uploads\/2019\/05\/AP-1ZCTJ9T1S1W11_news-650x433.jpg 650w, https:\/\/fr.motocrossmag.be\/wp-content\/uploads\/2019\/05\/AP-1ZCTJ9T1S1W11_news-768x511.jpg 768w, https:\/\/fr.motocrossmag.be\/wp-content\/uploads\/2019\/05\/AP-1ZCTJ9T1S1W11_news.jpg 1000w\" data-sizes=\"auto\" data-orig-sizes=\"(max-width: 650px) 100vw, 650px\" \/><\/p>\n<p>Antoine Meo, parti avec le n\u00b0 200, termine 19e. Du c\u00f4t\u00e9 des Loz\u00e9riens : Luc Maliges est premier National \u00e0 la 21e place scratch, Laurent Charbonnel s\u2019impose chez les V\u00e9t\u00e9rans \u00e0 la 48e place (\u00e7a ne s\u2019invente pas !) et Samantha Tichet gagne la cat\u00e9gorie f\u00e9minine (101e).<\/p>\n<p>Enfin, le traditionnel Troph\u00e9e Castan a \u00e9t\u00e9 annul\u00e9 compte tenu des conditions m\u00e9t\u00e9o.<\/p>\n<p>Josep Garcia : \u00ab Obtenir ma premi\u00e8re victoire sur le WESS en 2019 et \u00e9crire un petit morceau d&rsquo;histoire en devenant le premier vainqueur non fran\u00e7ais ici au Tr\u00e8fle Loz\u00e9rien est incroyable. Les conditions ne me convenaient vraiment pas &#8211; je ne suis pas vraiment un grand fan des terrains boueux et glissants. Mais je me suis donn\u00e9 \u00e0 fond dans chaque sp\u00e9ciale et tout s&rsquo;est parfaitement d\u00e9roul\u00e9. Venir directement de L\u2019Extreme Lagares n\u2019\u00e9tait pas facile, mais je savais que cette course allait \u00eatre importante pour mon championnat WESS. \u00bb<\/p>\n<p>&nbsp;<\/p>\n<p><span style=\"color: #800000;\"><strong>R\u00e9sultats<\/strong><\/span><\/p>\n<p>JOUR 3<\/p>\n<p>1 GARCIA Josep 00:21:21.170; 2 MCCANNEY Jamie 00:21:33.077 (+11,907); 3 WATSON Nathan 00:21:36.852 (+15,682); 4 GAUTHIER Julien 00:21:38.621 (+17,451); 5 TARROUX J\u00e9r\u00e9my 00:21:51.774 (+30,604); 6 ESPINASSE Theo 00:21:58.363 (+37,193); 7 WALKER Jonny 00:22:02.063 (+40,893); 8 NAMBOTIN Christophe 00:22:03.402 (+42,232); 9 REDONDI Giacomo 00:22:13.514 (+52,344); 10 MIROIR J\u00e9r\u00e9my 00:22:17.255 (+56,085);&#8230;<\/p>\n<p>CLASSEMENT FINAL Tr\u00e8fle Loz\u00e9rien AMV 2019<\/p>\n<p>1 GARCIA Josep 01:03:07.557; 2 MCCANNEY Jamie 01:03:49.586 (+42,029); 3 WATSON Nathan 01:03:55.612 (+48,055); 4 GAUTHIER Julien 01:03:57.013 (+49,456); 5 TARROUX Jeremy 01:04:10.136 (+1:02.579); 6 ESPINASSE Theo 01:05:04.311 (+1:56.754); 7 NAMBOTIN Christophe 01:05:10.817 (+2:03.260); 8 ALBEPART Emmanuel 01:05:21.908 (+2:14.351); 9 WALKER Jonny 01:05:31.888 (+2:24.331); 10 WOOTTON Joseph Vernon 01:05:52.828 (+2:45.271);&#8230;<\/p>\n","protected":false},"excerpt":{"rendered":"<p>Le pilote officiel KTM Josep Garica, 3e de l&rsquo;\u00e9preuve en 2018, a domin\u00e9 les 3 jours du Tr\u00e8fle Loz\u00e9rien. En 33 \u00e9ditions, jamais un pilote \u00e9tranger n\u2019avait r\u00e9ussi \u00e0 inscrire [&#8230;]<\/p>\n","protected":false},"author":932,"featured_media":88603,"comment_status":"open","ping_status":"closed","sticky":false,"template":"","format":"standard","meta":{"footnotes":""},"categories":[54,32,33,55,65,1095],"tags":[],"class_list":["post-88599","post","type-post","status-publish","format-standard","has-post-thumbnail","hentry","category-actualite","category-enduro","category-news-enduro","category-news-actualite","category-slideshow","category-wess"],"yoast_head":"<!-- This site is optimized with the Yoast SEO plugin v27.4 - https:\/\/yoast.com\/product\/yoast-seo-wordpress\/ -->\n<title>Tr\u00e8fle Loz\u00e9rien : Josep Garcia fait tomber les Fran\u00e7ais sur leur propre terrain - Motocross - Enduro - Supermoto | MotocrossMag<\/title>\n<meta name=\"robots\" content=\"index, follow, max-snippet:-1, max-image-preview:large, max-video-preview:-1\" \/>\n<link rel=\"canonical\" href=\"https:\/\/fr.motocrossmag.be\/index.php\/2019\/05\/trefle-lozerien-josep-garcia-fait-tomber-les-francais-sur-leur-propre-terrain\/\" \/>\n<meta property=\"og:locale\" content=\"fr_FR\" \/>\n<meta property=\"og:type\" content=\"article\" \/>\n<meta property=\"og:title\" content=\"Tr\u00e8fle Loz\u00e9rien : Josep Garcia fait tomber les Fran\u00e7ais sur leur propre terrain - Motocross - Enduro - Supermoto | MotocrossMag\" \/>\n<meta property=\"og:description\" content=\"Le pilote officiel KTM Josep Garica, 3e de l&rsquo;\u00e9preuve en 2018, a domin\u00e9 les 3 jours du Tr\u00e8fle Loz\u00e9rien. En 33 \u00e9ditions, jamais un pilote \u00e9tranger n\u2019avait r\u00e9ussi \u00e0 inscrire [...]\" \/>\n<meta property=\"og:url\" content=\"https:\/\/fr.motocrossmag.be\/index.php\/2019\/05\/trefle-lozerien-josep-garcia-fait-tomber-les-francais-sur-leur-propre-terrain\/\" \/>\n<meta property=\"og:site_name\" content=\"Motocross - Enduro - Supermoto | MotocrossMag\" \/>\n<meta property=\"article:published_time\" content=\"2019-05-19T20:15:48+00:00\" \/>\n<meta property=\"og:image\" content=\"https:\/\/fr.motocrossmag.be\/wp-content\/uploads\/2019\/05\/AP-1ZCTJAAVW1W11_news.jpg\" \/>\n\t<meta property=\"og:image:width\" content=\"1000\" \/>\n\t<meta property=\"og:image:height\" content=\"666\" \/>\n\t<meta property=\"og:image:type\" content=\"image\/jpeg\" \/>\n<meta name=\"author\" content=\"oliviere\" \/>\n<meta name=\"twitter:card\" content=\"summary_large_image\" \/>\n<meta name=\"twitter:label1\" content=\"\u00c9crit par\" \/>\n\t<meta name=\"twitter:data1\" content=\"oliviere\" \/>\n\t<meta name=\"twitter:label2\" content=\"Dur\u00e9e de lecture estim\u00e9e\" \/>\n\t<meta name=\"twitter:data2\" content=\"4 minutes\" \/>\n<script type=\"application\/ld+json\" class=\"yoast-schema-graph\">{\"@context\":\"https:\\\/\\\/schema.org\",\"@graph\":[{\"@type\":\"Article\",\"@id\":\"https:\\\/\\\/fr.motocrossmag.be\\\/index.php\\\/2019\\\/05\\\/trefle-lozerien-josep-garcia-fait-tomber-les-francais-sur-leur-propre-terrain\\\/#article\",\"isPartOf\":{\"@id\":\"https:\\\/\\\/fr.motocrossmag.be\\\/index.php\\\/2019\\\/05\\\/trefle-lozerien-josep-garcia-fait-tomber-les-francais-sur-leur-propre-terrain\\\/\"},\"author\":{\"name\":\"oliviere\",\"@id\":\"https:\\\/\\\/fr.motocrossmag.be\\\/#\\\/schema\\\/person\\\/11b47143d9f755babca2c9110e03235c\"},\"headline\":\"Tr\u00e8fle Loz\u00e9rien : Josep Garcia fait tomber les Fran\u00e7ais sur leur propre terrain\",\"datePublished\":\"2019-05-19T20:15:48+00:00\",\"mainEntityOfPage\":{\"@id\":\"https:\\\/\\\/fr.motocrossmag.be\\\/index.php\\\/2019\\\/05\\\/trefle-lozerien-josep-garcia-fait-tomber-les-francais-sur-leur-propre-terrain\\\/\"},\"wordCount\":826,\"commentCount\":0,\"image\":{\"@id\":\"https:\\\/\\\/fr.motocrossmag.be\\\/index.php\\\/2019\\\/05\\\/trefle-lozerien-josep-garcia-fait-tomber-les-francais-sur-leur-propre-terrain\\\/#primaryimage\"},\"thumbnailUrl\":\"https:\\\/\\\/fr.motocrossmag.be\\\/wp-content\\\/uploads\\\/2019\\\/05\\\/AP-1ZCTJAAVW1W11_news.jpg\",\"articleSection\":[\"Actualit\u00e9\",\"Enduro\",\"News\",\"News\",\"Slideshow\",\"WESS\"],\"inLanguage\":\"fr-FR\",\"potentialAction\":[{\"@type\":\"CommentAction\",\"name\":\"Comment\",\"target\":[\"https:\\\/\\\/fr.motocrossmag.be\\\/index.php\\\/2019\\\/05\\\/trefle-lozerien-josep-garcia-fait-tomber-les-francais-sur-leur-propre-terrain\\\/#respond\"]}]},{\"@type\":\"WebPage\",\"@id\":\"https:\\\/\\\/fr.motocrossmag.be\\\/index.php\\\/2019\\\/05\\\/trefle-lozerien-josep-garcia-fait-tomber-les-francais-sur-leur-propre-terrain\\\/\",\"url\":\"https:\\\/\\\/fr.motocrossmag.be\\\/index.php\\\/2019\\\/05\\\/trefle-lozerien-josep-garcia-fait-tomber-les-francais-sur-leur-propre-terrain\\\/\",\"name\":\"Tr\u00e8fle Loz\u00e9rien : Josep Garcia fait tomber les Fran\u00e7ais sur leur propre terrain - Motocross - Enduro - Supermoto | MotocrossMag\",\"isPartOf\":{\"@id\":\"https:\\\/\\\/fr.motocrossmag.be\\\/#website\"},\"primaryImageOfPage\":{\"@id\":\"https:\\\/\\\/fr.motocrossmag.be\\\/index.php\\\/2019\\\/05\\\/trefle-lozerien-josep-garcia-fait-tomber-les-francais-sur-leur-propre-terrain\\\/#primaryimage\"},\"image\":{\"@id\":\"https:\\\/\\\/fr.motocrossmag.be\\\/index.php\\\/2019\\\/05\\\/trefle-lozerien-josep-garcia-fait-tomber-les-francais-sur-leur-propre-terrain\\\/#primaryimage\"},\"thumbnailUrl\":\"https:\\\/\\\/fr.motocrossmag.be\\\/wp-content\\\/uploads\\\/2019\\\/05\\\/AP-1ZCTJAAVW1W11_news.jpg\",\"datePublished\":\"2019-05-19T20:15:48+00:00\",\"author\":{\"@id\":\"https:\\\/\\\/fr.motocrossmag.be\\\/#\\\/schema\\\/person\\\/11b47143d9f755babca2c9110e03235c\"},\"breadcrumb\":{\"@id\":\"https:\\\/\\\/fr.motocrossmag.be\\\/index.php\\\/2019\\\/05\\\/trefle-lozerien-josep-garcia-fait-tomber-les-francais-sur-leur-propre-terrain\\\/#breadcrumb\"},\"inLanguage\":\"fr-FR\",\"potentialAction\":[{\"@type\":\"ReadAction\",\"target\":[\"https:\\\/\\\/fr.motocrossmag.be\\\/index.php\\\/2019\\\/05\\\/trefle-lozerien-josep-garcia-fait-tomber-les-francais-sur-leur-propre-terrain\\\/\"]}]},{\"@type\":\"ImageObject\",\"inLanguage\":\"fr-FR\",\"@id\":\"https:\\\/\\\/fr.motocrossmag.be\\\/index.php\\\/2019\\\/05\\\/trefle-lozerien-josep-garcia-fait-tomber-les-francais-sur-leur-propre-terrain\\\/#primaryimage\",\"url\":\"https:\\\/\\\/fr.motocrossmag.be\\\/wp-content\\\/uploads\\\/2019\\\/05\\\/AP-1ZCTJAAVW1W11_news.jpg\",\"contentUrl\":\"https:\\\/\\\/fr.motocrossmag.be\\\/wp-content\\\/uploads\\\/2019\\\/05\\\/AP-1ZCTJAAVW1W11_news.jpg\",\"width\":1000,\"height\":666},{\"@type\":\"BreadcrumbList\",\"@id\":\"https:\\\/\\\/fr.motocrossmag.be\\\/index.php\\\/2019\\\/05\\\/trefle-lozerien-josep-garcia-fait-tomber-les-francais-sur-leur-propre-terrain\\\/#breadcrumb\",\"itemListElement\":[{\"@type\":\"ListItem\",\"position\":1,\"name\":\"Accueil\",\"item\":\"https:\\\/\\\/fr.motocrossmag.be\\\/\"},{\"@type\":\"ListItem\",\"position\":2,\"name\":\"Tr\u00e8fle Loz\u00e9rien : Josep Garcia fait tomber les Fran\u00e7ais sur leur propre terrain\"}]},{\"@type\":\"WebSite\",\"@id\":\"https:\\\/\\\/fr.motocrossmag.be\\\/#website\",\"url\":\"https:\\\/\\\/fr.motocrossmag.be\\\/\",\"name\":\"Motocross - Enduro - Supermoto | MotocrossMag\",\"description\":\"L&#039;actualit\u00e9 du motocross, de l&#039;enduro et du Supermoto en ligne!\",\"potentialAction\":[{\"@type\":\"SearchAction\",\"target\":{\"@type\":\"EntryPoint\",\"urlTemplate\":\"https:\\\/\\\/fr.motocrossmag.be\\\/?s={search_term_string}\"},\"query-input\":{\"@type\":\"PropertyValueSpecification\",\"valueRequired\":true,\"valueName\":\"search_term_string\"}}],\"inLanguage\":\"fr-FR\"},{\"@type\":\"Person\",\"@id\":\"https:\\\/\\\/fr.motocrossmag.be\\\/#\\\/schema\\\/person\\\/11b47143d9f755babca2c9110e03235c\",\"name\":\"oliviere\",\"image\":{\"@type\":\"ImageObject\",\"inLanguage\":\"fr-FR\",\"@id\":\"https:\\\/\\\/secure.gravatar.com\\\/avatar\\\/907069e0b81d119452040469e4a7501da1100f54f7f80180ce77bfab718288f6?s=96&d=mm&r=g\",\"url\":\"https:\\\/\\\/secure.gravatar.com\\\/avatar\\\/907069e0b81d119452040469e4a7501da1100f54f7f80180ce77bfab718288f6?s=96&d=mm&r=g\",\"contentUrl\":\"https:\\\/\\\/secure.gravatar.com\\\/avatar\\\/907069e0b81d119452040469e4a7501da1100f54f7f80180ce77bfab718288f6?s=96&d=mm&r=g\",\"caption\":\"oliviere\"},\"sameAs\":[\"http:\\\/\\\/www.motocrossmag.be\"],\"url\":\"https:\\\/\\\/fr.motocrossmag.be\\\/index.php\\\/author\\\/oliviere\\\/\"}]}<\/script>\n<!-- \/ Yoast SEO plugin. -->","yoast_head_json":{"title":"Tr\u00e8fle Loz\u00e9rien : Josep Garcia fait tomber les Fran\u00e7ais sur leur propre terrain - Motocross - Enduro - Supermoto | MotocrossMag","robots":{"index":"index","follow":"follow","max-snippet":"max-snippet:-1","max-image-preview":"max-image-preview:large","max-video-preview":"max-video-preview:-1"},"canonical":"https:\/\/fr.motocrossmag.be\/index.php\/2019\/05\/trefle-lozerien-josep-garcia-fait-tomber-les-francais-sur-leur-propre-terrain\/","og_locale":"fr_FR","og_type":"article","og_title":"Tr\u00e8fle Loz\u00e9rien : Josep Garcia fait tomber les Fran\u00e7ais sur leur propre terrain - Motocross - Enduro - Supermoto | MotocrossMag","og_description":"Le pilote officiel KTM Josep Garica, 3e de l&rsquo;\u00e9preuve en 2018, a domin\u00e9 les 3 jours du Tr\u00e8fle Loz\u00e9rien. En 33 \u00e9ditions, jamais un pilote \u00e9tranger n\u2019avait r\u00e9ussi \u00e0 inscrire [...]","og_url":"https:\/\/fr.motocrossmag.be\/index.php\/2019\/05\/trefle-lozerien-josep-garcia-fait-tomber-les-francais-sur-leur-propre-terrain\/","og_site_name":"Motocross - Enduro - Supermoto | MotocrossMag","article_published_time":"2019-05-19T20:15:48+00:00","og_image":[{"width":1000,"height":666,"url":"https:\/\/fr.motocrossmag.be\/wp-content\/uploads\/2019\/05\/AP-1ZCTJAAVW1W11_news.jpg","type":"image\/jpeg"}],"author":"oliviere","twitter_card":"summary_large_image","twitter_misc":{"\u00c9crit par":"oliviere","Dur\u00e9e de lecture estim\u00e9e":"4 minutes"},"schema":{"@context":"https:\/\/schema.org","@graph":[{"@type":"Article","@id":"https:\/\/fr.motocrossmag.be\/index.php\/2019\/05\/trefle-lozerien-josep-garcia-fait-tomber-les-francais-sur-leur-propre-terrain\/#article","isPartOf":{"@id":"https:\/\/fr.motocrossmag.be\/index.php\/2019\/05\/trefle-lozerien-josep-garcia-fait-tomber-les-francais-sur-leur-propre-terrain\/"},"author":{"name":"oliviere","@id":"https:\/\/fr.motocrossmag.be\/#\/schema\/person\/11b47143d9f755babca2c9110e03235c"},"headline":"Tr\u00e8fle Loz\u00e9rien : Josep Garcia fait tomber les Fran\u00e7ais sur leur propre terrain","datePublished":"2019-05-19T20:15:48+00:00","mainEntityOfPage":{"@id":"https:\/\/fr.motocrossmag.be\/index.php\/2019\/05\/trefle-lozerien-josep-garcia-fait-tomber-les-francais-sur-leur-propre-terrain\/"},"wordCount":826,"commentCount":0,"image":{"@id":"https:\/\/fr.motocrossmag.be\/index.php\/2019\/05\/trefle-lozerien-josep-garcia-fait-tomber-les-francais-sur-leur-propre-terrain\/#primaryimage"},"thumbnailUrl":"https:\/\/fr.motocrossmag.be\/wp-content\/uploads\/2019\/05\/AP-1ZCTJAAVW1W11_news.jpg","articleSection":["Actualit\u00e9","Enduro","News","News","Slideshow","WESS"],"inLanguage":"fr-FR","potentialAction":[{"@type":"CommentAction","name":"Comment","target":["https:\/\/fr.motocrossmag.be\/index.php\/2019\/05\/trefle-lozerien-josep-garcia-fait-tomber-les-francais-sur-leur-propre-terrain\/#respond"]}]},{"@type":"WebPage","@id":"https:\/\/fr.motocrossmag.be\/index.php\/2019\/05\/trefle-lozerien-josep-garcia-fait-tomber-les-francais-sur-leur-propre-terrain\/","url":"https:\/\/fr.motocrossmag.be\/index.php\/2019\/05\/trefle-lozerien-josep-garcia-fait-tomber-les-francais-sur-leur-propre-terrain\/","name":"Tr\u00e8fle Loz\u00e9rien : Josep Garcia fait tomber les Fran\u00e7ais sur leur propre terrain - Motocross - Enduro - Supermoto | MotocrossMag","isPartOf":{"@id":"https:\/\/fr.motocrossmag.be\/#website"},"primaryImageOfPage":{"@id":"https:\/\/fr.motocrossmag.be\/index.php\/2019\/05\/trefle-lozerien-josep-garcia-fait-tomber-les-francais-sur-leur-propre-terrain\/#primaryimage"},"image":{"@id":"https:\/\/fr.motocrossmag.be\/index.php\/2019\/05\/trefle-lozerien-josep-garcia-fait-tomber-les-francais-sur-leur-propre-terrain\/#primaryimage"},"thumbnailUrl":"https:\/\/fr.motocrossmag.be\/wp-content\/uploads\/2019\/05\/AP-1ZCTJAAVW1W11_news.jpg","datePublished":"2019-05-19T20:15:48+00:00","author":{"@id":"https:\/\/fr.motocrossmag.be\/#\/schema\/person\/11b47143d9f755babca2c9110e03235c"},"breadcrumb":{"@id":"https:\/\/fr.motocrossmag.be\/index.php\/2019\/05\/trefle-lozerien-josep-garcia-fait-tomber-les-francais-sur-leur-propre-terrain\/#breadcrumb"},"inLanguage":"fr-FR","potentialAction":[{"@type":"ReadAction","target":["https:\/\/fr.motocrossmag.be\/index.php\/2019\/05\/trefle-lozerien-josep-garcia-fait-tomber-les-francais-sur-leur-propre-terrain\/"]}]},{"@type":"ImageObject","inLanguage":"fr-FR","@id":"https:\/\/fr.motocrossmag.be\/index.php\/2019\/05\/trefle-lozerien-josep-garcia-fait-tomber-les-francais-sur-leur-propre-terrain\/#primaryimage","url":"https:\/\/fr.motocrossmag.be\/wp-content\/uploads\/2019\/05\/AP-1ZCTJAAVW1W11_news.jpg","contentUrl":"https:\/\/fr.motocrossmag.be\/wp-content\/uploads\/2019\/05\/AP-1ZCTJAAVW1W11_news.jpg","width":1000,"height":666},{"@type":"BreadcrumbList","@id":"https:\/\/fr.motocrossmag.be\/index.php\/2019\/05\/trefle-lozerien-josep-garcia-fait-tomber-les-francais-sur-leur-propre-terrain\/#breadcrumb","itemListElement":[{"@type":"ListItem","position":1,"name":"Accueil","item":"https:\/\/fr.motocrossmag.be\/"},{"@type":"ListItem","position":2,"name":"Tr\u00e8fle Loz\u00e9rien : Josep Garcia fait tomber les Fran\u00e7ais sur leur propre terrain"}]},{"@type":"WebSite","@id":"https:\/\/fr.motocrossmag.be\/#website","url":"https:\/\/fr.motocrossmag.be\/","name":"Motocross - Enduro - Supermoto | MotocrossMag","description":"L&#039;actualit\u00e9 du motocross, de l&#039;enduro et du Supermoto en ligne!","potentialAction":[{"@type":"SearchAction","target":{"@type":"EntryPoint","urlTemplate":"https:\/\/fr.motocrossmag.be\/?s={search_term_string}"},"query-input":{"@type":"PropertyValueSpecification","valueRequired":true,"valueName":"search_term_string"}}],"inLanguage":"fr-FR"},{"@type":"Person","@id":"https:\/\/fr.motocrossmag.be\/#\/schema\/person\/11b47143d9f755babca2c9110e03235c","name":"oliviere","image":{"@type":"ImageObject","inLanguage":"fr-FR","@id":"https:\/\/secure.gravatar.com\/avatar\/907069e0b81d119452040469e4a7501da1100f54f7f80180ce77bfab718288f6?s=96&d=mm&r=g","url":"https:\/\/secure.gravatar.com\/avatar\/907069e0b81d119452040469e4a7501da1100f54f7f80180ce77bfab718288f6?s=96&d=mm&r=g","contentUrl":"https:\/\/secure.gravatar.com\/avatar\/907069e0b81d119452040469e4a7501da1100f54f7f80180ce77bfab718288f6?s=96&d=mm&r=g","caption":"oliviere"},"sameAs":["http:\/\/www.motocrossmag.be"],"url":"https:\/\/fr.motocrossmag.be\/index.php\/author\/oliviere\/"}]}},"_links":{"self":[{"href":"https:\/\/fr.motocrossmag.be\/index.php\/wp-json\/wp\/v2\/posts\/88599","targetHints":{"allow":["GET"]}}],"collection":[{"href":"https:\/\/fr.motocrossmag.be\/index.php\/wp-json\/wp\/v2\/posts"}],"about":[{"href":"https:\/\/fr.motocrossmag.be\/index.php\/wp-json\/wp\/v2\/types\/post"}],"author":[{"embeddable":true,"href":"https:\/\/fr.motocrossmag.be\/index.php\/wp-json\/wp\/v2\/users\/932"}],"replies":[{"embeddable":true,"href":"https:\/\/fr.motocrossmag.be\/index.php\/wp-json\/wp\/v2\/comments?post=88599"}],"version-history":[{"count":0,"href":"https:\/\/fr.motocrossmag.be\/index.php\/wp-json\/wp\/v2\/posts\/88599\/revisions"}],"wp:featuredmedia":[{"embeddable":true,"href":"https:\/\/fr.motocrossmag.be\/index.php\/wp-json\/wp\/v2\/media\/88603"}],"wp:attachment":[{"href":"https:\/\/fr.motocrossmag.be\/index.php\/wp-json\/wp\/v2\/media?parent=88599"}],"wp:term":[{"taxonomy":"category","embeddable":true,"href":"https:\/\/fr.motocrossmag.be\/index.php\/wp-json\/wp\/v2\/categories?post=88599"},{"taxonomy":"post_tag","embeddable":true,"href":"https:\/\/fr.motocrossmag.be\/index.php\/wp-json\/wp\/v2\/tags?post=88599"}],"curies":[{"name":"wp","href":"https:\/\/api.w.org\/{rel}","templated":true}]}}