{"id":88713,"date":"2019-05-21T18:56:58","date_gmt":"2019-05-21T16:56:58","guid":{"rendered":"https:\/\/fr.motocrossmag.be\/?p=88713"},"modified":"2019-05-22T00:16:28","modified_gmt":"2019-05-21T22:16:28","slug":"endurance-a-avesnes-sur-helpe-les-resultats-des-belges","status":"publish","type":"post","link":"https:\/\/fr.motocrossmag.be\/index.php\/2019\/05\/endurance-a-avesnes-sur-helpe-les-resultats-des-belges\/","title":{"rendered":"Endurance \u00e0 Avesnes-sur-Helpe : les r\u00e9sultats des Belges"},"content":{"rendered":"<p><strong>L&rsquo;endurance de l&rsquo;Avesnois disput\u00e9e ce week-end sur le circuit d&rsquo;Avesnes-sur-Helpe, dans le nord de la France, accueillait les licenci\u00e9s FMB dans le cadre du deuxi\u00e8me round du championnat d&rsquo;endurance BEX. Il s&rsquo;agissait d&rsquo;une endurance de 2 manches de 2 heures chacune. Dietger Damiaens et Roel Geurts, d\u00e9j\u00e0 vainqueur de la premi\u00e8re \u00e9preuve de la saison \u00e0 Mons, se sont impos\u00e9s devant Erik Willems associ\u00e9 \u00e0 Mika Vanderheyden et le duo Degregne\/Tichoux.<\/strong><\/p>\n<p>&nbsp;<\/p>\n<p><span style=\"color: #800000;\"><strong>R\u00e9sultats<\/strong><\/span><\/p>\n<p>SCRATCH<\/p>\n<p>1 DAMIAENS Dietger \/ GEURTS Roel \/BEX2; 2 WILLEMS Erik \/ VANDERHEYDEN Mika \/ BEX2; 3 DEGREGNE Louis \/ TICHOUX Florian \/ BEX1; 4 BAILLEUX Bertrand \/ MONFORT Quentin \/ BEX2; 5 TOURNEUR Dorian \/ DUSSART Mathis \/ BEX1; 6 WAUTHIER Damien \/ DE PRAETERE Bertrand \/ BEX2; 7 DESPRECHINS Arno \/ GERVOIS Youri \/ BEX1; 8 VANHAEREN Chiel \/ VERVAEREN Elvin \/ BEX2; 9 ROBERT Steve \/ ROBERT Mike \/ BEX2; 10 BOUILLON S\u00e9bastien \/ FIORENTINO Rom\u00e9o \/ BEX2; 11 FORGIARINI Dgani \/ ROMAIN Bastien \/ BEX1; 12 GAUNIAUX Fr\u00e9d\u00e9ric \/ SENTE Arthur \/ BEX1; 13 CHARALABIDIS Fabrizio \/ ANCELIN Nicolas \/ BEX2; 14 GAUDRY C\u00e9dric \/ TONKA Merving \/ BEX2; 15 PIPITONE Lorhan \/ VANDENBULCKE Pierre \/ BEX1; 16 BRONSART Nicolas \/ GOFFAUX Benjamin \/ BEX2; 17 KLEE Young \/ DE GROOTE Eric \/ BEX1; 18 DELCROIX Samuel \/ REGNIER Bastien \/ BEX2; 19 LEMAIRE Aur\u00e9lien \/ LEMAIRE Lo\u00efc \/ BEX1; 20 MAGIS Benjamin \/ MAGIS Michael \/ BEX1; 21 PROWER Morgan \/ DELAITEMPS Julien \/ BEX2; 22 DELAERE Jessy \/ LEFEBVRE Thomas \/ BEX2; 23 DIVERS Jonathan \/ X \/ BEX2; 24 PRIGNEAUX Florent \/ FOLIE Matt\u00e9o \/ BEX1; 25 FRASELLE J\u00e9r\u00e9my \/ X \/ BEX2;&#8230;<\/p>\n<p>CLASSEMENT PROVISOIRE BEX1<\/p>\n<p>1 DUSSART Mathis AMC SAMBREVILLE 45 pts; 1 TOURNEUR Dorian AMC SAMBREVILLE 45 pts; 3 DEGREGNE Louis F.P.C.N.A. 41 pts; 3 TICHOUX Florian F.P.C.N.A. 41 pts; 5 DESPRECHINS Arno Nicolas ENDURO ATTITUDE RACING TEAM 36 pts; 5 GERVOIS Youri Ferdinand AVEMOTT ASBL 36 pts; 7 FORGIARINI Dgani AMC SAMBREVILLE 24 pts; 8 SENTE Arthur MCC BEAUMONT 24 pts; 9 ROMAIN Bastien DINANT MOTO CLUB 13 pts; 10 VUKCEVIC Micha\u00ebl AVEMOTT ASBL 13 pts;&#8230;<\/p>\n<p>CLASSEMENT PROVISOIRE BEX2<\/p>\n<p>1 DAMIAENS Dietger MOTORCLUB SANTI 50 pts; 1 GEURTS Roel\u00a0 AMC ORP LE GRAND 50 pts; 3 WILLEMS Erik\u00a0 RMC PIERREUX Mont St Guibert 40 pts; 4 VANDERHEYDEN Mika AMC DE TOEKOMST DWORP 36 pts; 5 BAILLEUX Bertrand\u00a0 ENDURO CLUB CHIMAY 26 pts; 5 MONFORT Quentin\u00a0 DINANT MOTO CLUB 26 pts; 7 DE PRAETERE Bertrand DINANT MOTO CLUB 26 pts; 7 WAUTHIER Damien DINANT MOTO CLUB 26 pts; 9 NATALE Gordano Ourthe Passion Moto Verte (OPMV) 20 pts; 10 VANDERHEYDEN Wim AMC DE TOEKOMST DWORP 16 pts;&#8230;<\/p>\n<p>CLASSEMENT PROVISOIRE BEX DUO<\/p>\n<p>1 BEX2 DAMIAENS Dietger &#8211; GEURTS Roel 60 pts; 2 BEX2 DE PRAETERE Bertrand &#8211; WAUTHIER Damien 42 pts; 3 BEX1 DEGREGNE Louis &#8211; TICHOUX Florian 41 pts; 4 BEX2 BAILLEUX Bertrand &#8211; MONFORT Quentin 41 pts; 5 BEX1 DUSSART Mathis &#8211; TOURNEUR Dorian 41 pts&#8230;<\/p>\n","protected":false},"excerpt":{"rendered":"<p>L&rsquo;endurance de l&rsquo;Avesnois disput\u00e9e ce week-end sur le circuit d&rsquo;Avesnes-sur-Helpe, dans le nord de la France, accueillait les licenci\u00e9s FMB dans le cadre du deuxi\u00e8me round du championnat d&rsquo;endurance BEX. [&#8230;]<\/p>\n","protected":false},"author":932,"featured_media":87694,"comment_status":"open","ping_status":"closed","sticky":false,"template":"","format":"standard","meta":{"footnotes":""},"categories":[54,32,35,33,55,65],"tags":[],"class_list":["post-88713","post","type-post","status-publish","format-standard","has-post-thumbnail","hentry","category-actualite","category-enduro","category-fmb-enduro","category-news-enduro","category-news-actualite","category-slideshow"],"yoast_head":"<!-- This site is optimized with the Yoast SEO plugin v27.4 - https:\/\/yoast.com\/product\/yoast-seo-wordpress\/ -->\n<title>Endurance \u00e0 Avesnes-sur-Helpe : les r\u00e9sultats des Belges - Motocross - Enduro - Supermoto | MotocrossMag<\/title>\n<meta name=\"robots\" content=\"index, follow, max-snippet:-1, max-image-preview:large, max-video-preview:-1\" \/>\n<link rel=\"canonical\" href=\"https:\/\/fr.motocrossmag.be\/index.php\/2019\/05\/endurance-a-avesnes-sur-helpe-les-resultats-des-belges\/\" \/>\n<meta property=\"og:locale\" content=\"fr_FR\" \/>\n<meta property=\"og:type\" content=\"article\" \/>\n<meta property=\"og:title\" content=\"Endurance \u00e0 Avesnes-sur-Helpe : les r\u00e9sultats des Belges - Motocross - Enduro - Supermoto | MotocrossMag\" \/>\n<meta property=\"og:description\" content=\"L&rsquo;endurance de l&rsquo;Avesnois disput\u00e9e ce week-end sur le circuit d&rsquo;Avesnes-sur-Helpe, dans le nord de la France, accueillait les licenci\u00e9s FMB dans le cadre du deuxi\u00e8me round du championnat d&rsquo;endurance BEX. [...]\" \/>\n<meta property=\"og:url\" content=\"https:\/\/fr.motocrossmag.be\/index.php\/2019\/05\/endurance-a-avesnes-sur-helpe-les-resultats-des-belges\/\" \/>\n<meta property=\"og:site_name\" content=\"Motocross - Enduro - Supermoto | MotocrossMag\" \/>\n<meta property=\"article:published_time\" content=\"2019-05-21T16:56:58+00:00\" \/>\n<meta property=\"article:modified_time\" content=\"2019-05-21T22:16:28+00:00\" \/>\n<meta property=\"og:image\" content=\"https:\/\/fr.motocrossmag.be\/wp-content\/uploads\/2019\/05\/DSC_4588.jpg\" \/>\n\t<meta property=\"og:image:width\" content=\"1000\" \/>\n\t<meta property=\"og:image:height\" content=\"666\" \/>\n\t<meta property=\"og:image:type\" content=\"image\/jpeg\" \/>\n<meta name=\"author\" content=\"oliviere\" \/>\n<meta name=\"twitter:card\" content=\"summary_large_image\" \/>\n<meta name=\"twitter:label1\" content=\"\u00c9crit par\" \/>\n\t<meta name=\"twitter:data1\" content=\"oliviere\" \/>\n\t<meta name=\"twitter:label2\" content=\"Dur\u00e9e de lecture estim\u00e9e\" \/>\n\t<meta name=\"twitter:data2\" content=\"2 minutes\" \/>\n<script type=\"application\/ld+json\" class=\"yoast-schema-graph\">{\"@context\":\"https:\\\/\\\/schema.org\",\"@graph\":[{\"@type\":\"Article\",\"@id\":\"https:\\\/\\\/fr.motocrossmag.be\\\/index.php\\\/2019\\\/05\\\/endurance-a-avesnes-sur-helpe-les-resultats-des-belges\\\/#article\",\"isPartOf\":{\"@id\":\"https:\\\/\\\/fr.motocrossmag.be\\\/index.php\\\/2019\\\/05\\\/endurance-a-avesnes-sur-helpe-les-resultats-des-belges\\\/\"},\"author\":{\"name\":\"oliviere\",\"@id\":\"https:\\\/\\\/fr.motocrossmag.be\\\/#\\\/schema\\\/person\\\/11b47143d9f755babca2c9110e03235c\"},\"headline\":\"Endurance \u00e0 Avesnes-sur-Helpe : les r\u00e9sultats des Belges\",\"datePublished\":\"2019-05-21T16:56:58+00:00\",\"dateModified\":\"2019-05-21T22:16:28+00:00\",\"mainEntityOfPage\":{\"@id\":\"https:\\\/\\\/fr.motocrossmag.be\\\/index.php\\\/2019\\\/05\\\/endurance-a-avesnes-sur-helpe-les-resultats-des-belges\\\/\"},\"wordCount\":401,\"commentCount\":0,\"image\":{\"@id\":\"https:\\\/\\\/fr.motocrossmag.be\\\/index.php\\\/2019\\\/05\\\/endurance-a-avesnes-sur-helpe-les-resultats-des-belges\\\/#primaryimage\"},\"thumbnailUrl\":\"https:\\\/\\\/fr.motocrossmag.be\\\/wp-content\\\/uploads\\\/2019\\\/05\\\/DSC_4588.jpg\",\"articleSection\":[\"Actualit\u00e9\",\"Enduro\",\"FMB\",\"News\",\"News\",\"Slideshow\"],\"inLanguage\":\"fr-FR\",\"potentialAction\":[{\"@type\":\"CommentAction\",\"name\":\"Comment\",\"target\":[\"https:\\\/\\\/fr.motocrossmag.be\\\/index.php\\\/2019\\\/05\\\/endurance-a-avesnes-sur-helpe-les-resultats-des-belges\\\/#respond\"]}]},{\"@type\":\"WebPage\",\"@id\":\"https:\\\/\\\/fr.motocrossmag.be\\\/index.php\\\/2019\\\/05\\\/endurance-a-avesnes-sur-helpe-les-resultats-des-belges\\\/\",\"url\":\"https:\\\/\\\/fr.motocrossmag.be\\\/index.php\\\/2019\\\/05\\\/endurance-a-avesnes-sur-helpe-les-resultats-des-belges\\\/\",\"name\":\"Endurance \u00e0 Avesnes-sur-Helpe : les r\u00e9sultats des Belges - Motocross - Enduro - Supermoto | MotocrossMag\",\"isPartOf\":{\"@id\":\"https:\\\/\\\/fr.motocrossmag.be\\\/#website\"},\"primaryImageOfPage\":{\"@id\":\"https:\\\/\\\/fr.motocrossmag.be\\\/index.php\\\/2019\\\/05\\\/endurance-a-avesnes-sur-helpe-les-resultats-des-belges\\\/#primaryimage\"},\"image\":{\"@id\":\"https:\\\/\\\/fr.motocrossmag.be\\\/index.php\\\/2019\\\/05\\\/endurance-a-avesnes-sur-helpe-les-resultats-des-belges\\\/#primaryimage\"},\"thumbnailUrl\":\"https:\\\/\\\/fr.motocrossmag.be\\\/wp-content\\\/uploads\\\/2019\\\/05\\\/DSC_4588.jpg\",\"datePublished\":\"2019-05-21T16:56:58+00:00\",\"dateModified\":\"2019-05-21T22:16:28+00:00\",\"author\":{\"@id\":\"https:\\\/\\\/fr.motocrossmag.be\\\/#\\\/schema\\\/person\\\/11b47143d9f755babca2c9110e03235c\"},\"breadcrumb\":{\"@id\":\"https:\\\/\\\/fr.motocrossmag.be\\\/index.php\\\/2019\\\/05\\\/endurance-a-avesnes-sur-helpe-les-resultats-des-belges\\\/#breadcrumb\"},\"inLanguage\":\"fr-FR\",\"potentialAction\":[{\"@type\":\"ReadAction\",\"target\":[\"https:\\\/\\\/fr.motocrossmag.be\\\/index.php\\\/2019\\\/05\\\/endurance-a-avesnes-sur-helpe-les-resultats-des-belges\\\/\"]}]},{\"@type\":\"ImageObject\",\"inLanguage\":\"fr-FR\",\"@id\":\"https:\\\/\\\/fr.motocrossmag.be\\\/index.php\\\/2019\\\/05\\\/endurance-a-avesnes-sur-helpe-les-resultats-des-belges\\\/#primaryimage\",\"url\":\"https:\\\/\\\/fr.motocrossmag.be\\\/wp-content\\\/uploads\\\/2019\\\/05\\\/DSC_4588.jpg\",\"contentUrl\":\"https:\\\/\\\/fr.motocrossmag.be\\\/wp-content\\\/uploads\\\/2019\\\/05\\\/DSC_4588.jpg\",\"width\":1000,\"height\":666,\"caption\":\"Bex\"},{\"@type\":\"BreadcrumbList\",\"@id\":\"https:\\\/\\\/fr.motocrossmag.be\\\/index.php\\\/2019\\\/05\\\/endurance-a-avesnes-sur-helpe-les-resultats-des-belges\\\/#breadcrumb\",\"itemListElement\":[{\"@type\":\"ListItem\",\"position\":1,\"name\":\"Accueil\",\"item\":\"https:\\\/\\\/fr.motocrossmag.be\\\/\"},{\"@type\":\"ListItem\",\"position\":2,\"name\":\"Endurance \u00e0 Avesnes-sur-Helpe : les r\u00e9sultats des Belges\"}]},{\"@type\":\"WebSite\",\"@id\":\"https:\\\/\\\/fr.motocrossmag.be\\\/#website\",\"url\":\"https:\\\/\\\/fr.motocrossmag.be\\\/\",\"name\":\"Motocross - Enduro - Supermoto | MotocrossMag\",\"description\":\"L&#039;actualit\u00e9 du motocross, de l&#039;enduro et du Supermoto en ligne!\",\"potentialAction\":[{\"@type\":\"SearchAction\",\"target\":{\"@type\":\"EntryPoint\",\"urlTemplate\":\"https:\\\/\\\/fr.motocrossmag.be\\\/?s={search_term_string}\"},\"query-input\":{\"@type\":\"PropertyValueSpecification\",\"valueRequired\":true,\"valueName\":\"search_term_string\"}}],\"inLanguage\":\"fr-FR\"},{\"@type\":\"Person\",\"@id\":\"https:\\\/\\\/fr.motocrossmag.be\\\/#\\\/schema\\\/person\\\/11b47143d9f755babca2c9110e03235c\",\"name\":\"oliviere\",\"image\":{\"@type\":\"ImageObject\",\"inLanguage\":\"fr-FR\",\"@id\":\"https:\\\/\\\/secure.gravatar.com\\\/avatar\\\/907069e0b81d119452040469e4a7501da1100f54f7f80180ce77bfab718288f6?s=96&d=mm&r=g\",\"url\":\"https:\\\/\\\/secure.gravatar.com\\\/avatar\\\/907069e0b81d119452040469e4a7501da1100f54f7f80180ce77bfab718288f6?s=96&d=mm&r=g\",\"contentUrl\":\"https:\\\/\\\/secure.gravatar.com\\\/avatar\\\/907069e0b81d119452040469e4a7501da1100f54f7f80180ce77bfab718288f6?s=96&d=mm&r=g\",\"caption\":\"oliviere\"},\"sameAs\":[\"http:\\\/\\\/www.motocrossmag.be\"],\"url\":\"https:\\\/\\\/fr.motocrossmag.be\\\/index.php\\\/author\\\/oliviere\\\/\"}]}<\/script>\n<!-- \/ Yoast SEO plugin. -->","yoast_head_json":{"title":"Endurance \u00e0 Avesnes-sur-Helpe : les r\u00e9sultats des Belges - Motocross - Enduro - Supermoto | MotocrossMag","robots":{"index":"index","follow":"follow","max-snippet":"max-snippet:-1","max-image-preview":"max-image-preview:large","max-video-preview":"max-video-preview:-1"},"canonical":"https:\/\/fr.motocrossmag.be\/index.php\/2019\/05\/endurance-a-avesnes-sur-helpe-les-resultats-des-belges\/","og_locale":"fr_FR","og_type":"article","og_title":"Endurance \u00e0 Avesnes-sur-Helpe : les r\u00e9sultats des Belges - Motocross - Enduro - Supermoto | MotocrossMag","og_description":"L&rsquo;endurance de l&rsquo;Avesnois disput\u00e9e ce week-end sur le circuit d&rsquo;Avesnes-sur-Helpe, dans le nord de la France, accueillait les licenci\u00e9s FMB dans le cadre du deuxi\u00e8me round du championnat d&rsquo;endurance BEX. [...]","og_url":"https:\/\/fr.motocrossmag.be\/index.php\/2019\/05\/endurance-a-avesnes-sur-helpe-les-resultats-des-belges\/","og_site_name":"Motocross - Enduro - Supermoto | MotocrossMag","article_published_time":"2019-05-21T16:56:58+00:00","article_modified_time":"2019-05-21T22:16:28+00:00","og_image":[{"width":1000,"height":666,"url":"https:\/\/fr.motocrossmag.be\/wp-content\/uploads\/2019\/05\/DSC_4588.jpg","type":"image\/jpeg"}],"author":"oliviere","twitter_card":"summary_large_image","twitter_misc":{"\u00c9crit par":"oliviere","Dur\u00e9e de lecture estim\u00e9e":"2 minutes"},"schema":{"@context":"https:\/\/schema.org","@graph":[{"@type":"Article","@id":"https:\/\/fr.motocrossmag.be\/index.php\/2019\/05\/endurance-a-avesnes-sur-helpe-les-resultats-des-belges\/#article","isPartOf":{"@id":"https:\/\/fr.motocrossmag.be\/index.php\/2019\/05\/endurance-a-avesnes-sur-helpe-les-resultats-des-belges\/"},"author":{"name":"oliviere","@id":"https:\/\/fr.motocrossmag.be\/#\/schema\/person\/11b47143d9f755babca2c9110e03235c"},"headline":"Endurance \u00e0 Avesnes-sur-Helpe : les r\u00e9sultats des Belges","datePublished":"2019-05-21T16:56:58+00:00","dateModified":"2019-05-21T22:16:28+00:00","mainEntityOfPage":{"@id":"https:\/\/fr.motocrossmag.be\/index.php\/2019\/05\/endurance-a-avesnes-sur-helpe-les-resultats-des-belges\/"},"wordCount":401,"commentCount":0,"image":{"@id":"https:\/\/fr.motocrossmag.be\/index.php\/2019\/05\/endurance-a-avesnes-sur-helpe-les-resultats-des-belges\/#primaryimage"},"thumbnailUrl":"https:\/\/fr.motocrossmag.be\/wp-content\/uploads\/2019\/05\/DSC_4588.jpg","articleSection":["Actualit\u00e9","Enduro","FMB","News","News","Slideshow"],"inLanguage":"fr-FR","potentialAction":[{"@type":"CommentAction","name":"Comment","target":["https:\/\/fr.motocrossmag.be\/index.php\/2019\/05\/endurance-a-avesnes-sur-helpe-les-resultats-des-belges\/#respond"]}]},{"@type":"WebPage","@id":"https:\/\/fr.motocrossmag.be\/index.php\/2019\/05\/endurance-a-avesnes-sur-helpe-les-resultats-des-belges\/","url":"https:\/\/fr.motocrossmag.be\/index.php\/2019\/05\/endurance-a-avesnes-sur-helpe-les-resultats-des-belges\/","name":"Endurance \u00e0 Avesnes-sur-Helpe : les r\u00e9sultats des Belges - Motocross - Enduro - Supermoto | MotocrossMag","isPartOf":{"@id":"https:\/\/fr.motocrossmag.be\/#website"},"primaryImageOfPage":{"@id":"https:\/\/fr.motocrossmag.be\/index.php\/2019\/05\/endurance-a-avesnes-sur-helpe-les-resultats-des-belges\/#primaryimage"},"image":{"@id":"https:\/\/fr.motocrossmag.be\/index.php\/2019\/05\/endurance-a-avesnes-sur-helpe-les-resultats-des-belges\/#primaryimage"},"thumbnailUrl":"https:\/\/fr.motocrossmag.be\/wp-content\/uploads\/2019\/05\/DSC_4588.jpg","datePublished":"2019-05-21T16:56:58+00:00","dateModified":"2019-05-21T22:16:28+00:00","author":{"@id":"https:\/\/fr.motocrossmag.be\/#\/schema\/person\/11b47143d9f755babca2c9110e03235c"},"breadcrumb":{"@id":"https:\/\/fr.motocrossmag.be\/index.php\/2019\/05\/endurance-a-avesnes-sur-helpe-les-resultats-des-belges\/#breadcrumb"},"inLanguage":"fr-FR","potentialAction":[{"@type":"ReadAction","target":["https:\/\/fr.motocrossmag.be\/index.php\/2019\/05\/endurance-a-avesnes-sur-helpe-les-resultats-des-belges\/"]}]},{"@type":"ImageObject","inLanguage":"fr-FR","@id":"https:\/\/fr.motocrossmag.be\/index.php\/2019\/05\/endurance-a-avesnes-sur-helpe-les-resultats-des-belges\/#primaryimage","url":"https:\/\/fr.motocrossmag.be\/wp-content\/uploads\/2019\/05\/DSC_4588.jpg","contentUrl":"https:\/\/fr.motocrossmag.be\/wp-content\/uploads\/2019\/05\/DSC_4588.jpg","width":1000,"height":666,"caption":"Bex"},{"@type":"BreadcrumbList","@id":"https:\/\/fr.motocrossmag.be\/index.php\/2019\/05\/endurance-a-avesnes-sur-helpe-les-resultats-des-belges\/#breadcrumb","itemListElement":[{"@type":"ListItem","position":1,"name":"Accueil","item":"https:\/\/fr.motocrossmag.be\/"},{"@type":"ListItem","position":2,"name":"Endurance \u00e0 Avesnes-sur-Helpe : les r\u00e9sultats des Belges"}]},{"@type":"WebSite","@id":"https:\/\/fr.motocrossmag.be\/#website","url":"https:\/\/fr.motocrossmag.be\/","name":"Motocross - Enduro - Supermoto | MotocrossMag","description":"L&#039;actualit\u00e9 du motocross, de l&#039;enduro et du Supermoto en ligne!","potentialAction":[{"@type":"SearchAction","target":{"@type":"EntryPoint","urlTemplate":"https:\/\/fr.motocrossmag.be\/?s={search_term_string}"},"query-input":{"@type":"PropertyValueSpecification","valueRequired":true,"valueName":"search_term_string"}}],"inLanguage":"fr-FR"},{"@type":"Person","@id":"https:\/\/fr.motocrossmag.be\/#\/schema\/person\/11b47143d9f755babca2c9110e03235c","name":"oliviere","image":{"@type":"ImageObject","inLanguage":"fr-FR","@id":"https:\/\/secure.gravatar.com\/avatar\/907069e0b81d119452040469e4a7501da1100f54f7f80180ce77bfab718288f6?s=96&d=mm&r=g","url":"https:\/\/secure.gravatar.com\/avatar\/907069e0b81d119452040469e4a7501da1100f54f7f80180ce77bfab718288f6?s=96&d=mm&r=g","contentUrl":"https:\/\/secure.gravatar.com\/avatar\/907069e0b81d119452040469e4a7501da1100f54f7f80180ce77bfab718288f6?s=96&d=mm&r=g","caption":"oliviere"},"sameAs":["http:\/\/www.motocrossmag.be"],"url":"https:\/\/fr.motocrossmag.be\/index.php\/author\/oliviere\/"}]}},"_links":{"self":[{"href":"https:\/\/fr.motocrossmag.be\/index.php\/wp-json\/wp\/v2\/posts\/88713","targetHints":{"allow":["GET"]}}],"collection":[{"href":"https:\/\/fr.motocrossmag.be\/index.php\/wp-json\/wp\/v2\/posts"}],"about":[{"href":"https:\/\/fr.motocrossmag.be\/index.php\/wp-json\/wp\/v2\/types\/post"}],"author":[{"embeddable":true,"href":"https:\/\/fr.motocrossmag.be\/index.php\/wp-json\/wp\/v2\/users\/932"}],"replies":[{"embeddable":true,"href":"https:\/\/fr.motocrossmag.be\/index.php\/wp-json\/wp\/v2\/comments?post=88713"}],"version-history":[{"count":0,"href":"https:\/\/fr.motocrossmag.be\/index.php\/wp-json\/wp\/v2\/posts\/88713\/revisions"}],"wp:featuredmedia":[{"embeddable":true,"href":"https:\/\/fr.motocrossmag.be\/index.php\/wp-json\/wp\/v2\/media\/87694"}],"wp:attachment":[{"href":"https:\/\/fr.motocrossmag.be\/index.php\/wp-json\/wp\/v2\/media?parent=88713"}],"wp:term":[{"taxonomy":"category","embeddable":true,"href":"https:\/\/fr.motocrossmag.be\/index.php\/wp-json\/wp\/v2\/categories?post=88713"},{"taxonomy":"post_tag","embeddable":true,"href":"https:\/\/fr.motocrossmag.be\/index.php\/wp-json\/wp\/v2\/tags?post=88713"}],"curies":[{"name":"wp","href":"https:\/\/api.w.org\/{rel}","templated":true}]}}