{"id":89012,"date":"2019-05-28T17:24:06","date_gmt":"2019-05-28T15:24:06","guid":{"rendered":"https:\/\/fr.motocrossmag.be\/?p=89012"},"modified":"2019-05-28T17:28:00","modified_gmt":"2019-05-28T15:28:00","slug":"antoine-magain-remporte-lenduro-de-rocroi","status":"publish","type":"post","link":"https:\/\/fr.motocrossmag.be\/index.php\/2019\/05\/antoine-magain-remporte-lenduro-de-rocroi\/","title":{"rendered":"Antoine Magain remporte l&rsquo;enduro de Rocroi"},"content":{"rendered":"<p><strong>Apr\u00e8s Epernay il y a deux semaines, c&rsquo;est \u00e0 nouveau en France que les concurrents du championnat de Belgique d&rsquo;enduro se retrouvaient ce dimanche pour la 5\u00e8me \u00e9preuve de la saison. Et pas pour n&rsquo;importe quelle \u00e9preuve puisque c&rsquo;est le 23\u00e8me enduro du Plateau de Rocroi qui \u00e9tait au programme. Une \u00e9preuve organis\u00e9e de main de ma\u00eetre par le MCPR qui n&rsquo;a pas son pareil pour exploiter au mieux la magnifique r\u00e9gion du nord de la France dans laquelle l&rsquo;enduro de Rocrai a a chance de prendre place.<\/strong><\/p>\n<p>Le week-end \u00e0 Rocroi a d\u00e9but\u00e9 d\u00e8s le samedi puisqu&rsquo;un petit groupe de machines anciennes a eu le privil\u00e8ge d&#8217;emprunter le parcours \u00e0 la veille de l&rsquo;\u00e9preuve. En fin de journ\u00e9e, le club pr\u00e9sid\u00e9 par St\u00e9phane Lecoester avait organis\u00e9 une s\u00e9ance d\u00e9dicace et photos avec quelques pilotes de renom, fran\u00e7ais et belges. Rodrig Thain, pilote au palmar\u00e8s international, Antoine Magain, champion de Belgique d&rsquo;enduro en titre, et Matthew Vanoevelen, champion de Belgique et vice-champion de France Espoir, ont jou\u00e9 le jeu des autographes avec un public venu nombreux pour les applaudir et partager un moment avec eux.<\/p>\n<div id=\"attachment_89016\" style=\"width: 660px\" class=\"wp-caption alignnone\"><img decoding=\"async\" aria-describedby=\"caption-attachment-89016\" class=\"lazyload size-medium wp-image-89016\" src=\"https:\/\/fr.motocrossmag.be\/wp-content\/uploads\/2019\/05\/thain-vanoevelen-magain-650x433.jpg\" data-orig-src=\"https:\/\/fr.motocrossmag.be\/wp-content\/uploads\/2019\/05\/thain-vanoevelen-magain-650x433.jpg\" alt=\"\" width=\"650\" height=\"433\" srcset=\"data:image\/svg+xml,%3Csvg%20xmlns%3D%27http%3A%2F%2Fwww.w3.org%2F2000%2Fsvg%27%20width%3D%27650%27%20height%3D%27433%27%20viewBox%3D%270%200%20650%20433%27%3E%3Crect%20width%3D%27650%27%20height%3D%27433%27%20fill-opacity%3D%220%22%2F%3E%3C%2Fsvg%3E\" data-srcset=\"https:\/\/fr.motocrossmag.be\/wp-content\/uploads\/2019\/05\/thain-vanoevelen-magain-650x433.jpg 650w, https:\/\/fr.motocrossmag.be\/wp-content\/uploads\/2019\/05\/thain-vanoevelen-magain-768x512.jpg 768w, https:\/\/fr.motocrossmag.be\/wp-content\/uploads\/2019\/05\/thain-vanoevelen-magain.jpg 900w\" data-sizes=\"auto\" data-orig-sizes=\"(max-width: 650px) 100vw, 650px\" \/><p id=\"caption-attachment-89016\" class=\"wp-caption-text\">Rodrig Thain, Matthew Vanoevelen et Antoine Magain lors de la s\u00e9ance d&rsquo;autographes du samedi soir.<\/p><\/div>\n<p>Dimanche, ce sont plus de 400 pilotes qui ont pris le d\u00e9part pour un parcours de 80 km comprenant 3 sp\u00e9ciales : une prairie \u00e0 Eteigni\u00e8res, une prairie \u00e0 Rocroi avec saut de remorque et saut au-dessus d&rsquo;un blokhaus et une sp\u00e9ciale en ligne \u00e0 Maubert-Fontaine avec franchissement d&rsquo;obstacles. Malgr\u00e9 un orage la veille, la journ\u00e9e tr\u00e8s ensoleill\u00e9e du dimanche a permis aux courses de se d\u00e9rouler dans les meilleures conditions qui soient. Le parcours a d&rsquo;ailleurs une fois de plus fait l&rsquo;unanimit\u00e9 aupr\u00e8s des participants !<\/p>\n<p>L&rsquo;\u00e9preuve fran\u00e7aise a une fois de plus souri aux pilotes belges puisque l&rsquo;on retrouve trois pilotes noir\/jaune\/rouge sur les trois premi\u00e8res marches du podium : Antoine Magain, Matthew Vanoevelen et C\u00e9dric Cremer. Le Fran\u00e7ais Rodrig Thain se classe quant \u00e0 lui au pied du podium.<\/p>\n<p>Retour en Belgique dans une r\u00e9gion elle aussi remplie de charme pour la 6\u00e8me \u00e9preuve du championnat puisque c&rsquo;est Saint-Hubert qui sera le th\u00e9\u00e2tre du prochain round ce dimanche 2 juin.<\/p>\n<p>Texte &amp; photos :\u00a0<a href=\"https:\/\/www.facebook.com\/Le-temps-dun-instant-by-Paulliine-Vlld-2311859625704806\/\" target=\"_blank\" rel=\"noopener\">Pauline Vallerand \u2013 Le temps d\u2019un instant<\/a><\/p>\n<p>&nbsp;<\/p>\n<p><span style=\"color: #800000;\"><strong>R\u00e9sultats<\/strong><\/span><\/p>\n<p>ELITE<\/p>\n<p>1 MAGAIN Antoine; 2 VANOEVELEN Matthew; 3 CREMER Cedric; 4 THAIN Rodrig; 5 GOBLET Jean-Francois; 6 VAN HOOF Mathias;&#8230;<\/p>\n<p><a href=\"https:\/\/fr.motocrossmag.be\/wp-content\/uploads\/2019\/05\/Classement_final_Scratch.pdf\" target=\"_blank\" rel=\"noopener\">T\u00e9l\u00e9charger le classement scratch de l&rsquo;\u00e9preuve<\/a><\/p>\n","protected":false},"excerpt":{"rendered":"<p>Apr\u00e8s Epernay il y a deux semaines, c&rsquo;est \u00e0 nouveau en France que les concurrents du championnat de Belgique d&rsquo;enduro se retrouvaient ce dimanche pour la 5\u00e8me \u00e9preuve de la [&#8230;]<\/p>\n","protected":false},"author":932,"featured_media":89015,"comment_status":"open","ping_status":"closed","sticky":false,"template":"","format":"standard","meta":{"footnotes":""},"categories":[54,32,35,33,55,65],"tags":[],"class_list":["post-89012","post","type-post","status-publish","format-standard","has-post-thumbnail","hentry","category-actualite","category-enduro","category-fmb-enduro","category-news-enduro","category-news-actualite","category-slideshow"],"yoast_head":"<!-- This site is optimized with the Yoast SEO plugin v27.4 - https:\/\/yoast.com\/product\/yoast-seo-wordpress\/ -->\n<title>Antoine Magain remporte l&#039;enduro de Rocroi - Motocross - Enduro - Supermoto | MotocrossMag<\/title>\n<meta name=\"robots\" content=\"index, follow, max-snippet:-1, max-image-preview:large, max-video-preview:-1\" \/>\n<link rel=\"canonical\" href=\"https:\/\/fr.motocrossmag.be\/index.php\/2019\/05\/antoine-magain-remporte-lenduro-de-rocroi\/\" \/>\n<meta property=\"og:locale\" content=\"fr_FR\" \/>\n<meta property=\"og:type\" content=\"article\" \/>\n<meta property=\"og:title\" content=\"Antoine Magain remporte l&#039;enduro de Rocroi - Motocross - Enduro - Supermoto | MotocrossMag\" \/>\n<meta property=\"og:description\" content=\"Apr\u00e8s Epernay il y a deux semaines, c&rsquo;est \u00e0 nouveau en France que les concurrents du championnat de Belgique d&rsquo;enduro se retrouvaient ce dimanche pour la 5\u00e8me \u00e9preuve de la [...]\" \/>\n<meta property=\"og:url\" content=\"https:\/\/fr.motocrossmag.be\/index.php\/2019\/05\/antoine-magain-remporte-lenduro-de-rocroi\/\" \/>\n<meta property=\"og:site_name\" content=\"Motocross - Enduro - Supermoto | MotocrossMag\" \/>\n<meta property=\"article:published_time\" content=\"2019-05-28T15:24:06+00:00\" \/>\n<meta property=\"article:modified_time\" content=\"2019-05-28T15:28:00+00:00\" \/>\n<meta property=\"og:image\" content=\"https:\/\/fr.motocrossmag.be\/wp-content\/uploads\/2019\/05\/magain-rocroi-enduro.jpg\" \/>\n\t<meta property=\"og:image:width\" content=\"1000\" \/>\n\t<meta property=\"og:image:height\" content=\"666\" \/>\n\t<meta property=\"og:image:type\" content=\"image\/jpeg\" \/>\n<meta name=\"author\" content=\"oliviere\" \/>\n<meta name=\"twitter:card\" content=\"summary_large_image\" \/>\n<meta name=\"twitter:label1\" content=\"\u00c9crit par\" \/>\n\t<meta name=\"twitter:data1\" content=\"oliviere\" \/>\n\t<meta name=\"twitter:label2\" content=\"Dur\u00e9e de lecture estim\u00e9e\" \/>\n\t<meta name=\"twitter:data2\" content=\"2 minutes\" \/>\n<script type=\"application\/ld+json\" class=\"yoast-schema-graph\">{\"@context\":\"https:\\\/\\\/schema.org\",\"@graph\":[{\"@type\":\"Article\",\"@id\":\"https:\\\/\\\/fr.motocrossmag.be\\\/index.php\\\/2019\\\/05\\\/antoine-magain-remporte-lenduro-de-rocroi\\\/#article\",\"isPartOf\":{\"@id\":\"https:\\\/\\\/fr.motocrossmag.be\\\/index.php\\\/2019\\\/05\\\/antoine-magain-remporte-lenduro-de-rocroi\\\/\"},\"author\":{\"name\":\"oliviere\",\"@id\":\"https:\\\/\\\/fr.motocrossmag.be\\\/#\\\/schema\\\/person\\\/11b47143d9f755babca2c9110e03235c\"},\"headline\":\"Antoine Magain remporte l&rsquo;enduro de Rocroi\",\"datePublished\":\"2019-05-28T15:24:06+00:00\",\"dateModified\":\"2019-05-28T15:28:00+00:00\",\"mainEntityOfPage\":{\"@id\":\"https:\\\/\\\/fr.motocrossmag.be\\\/index.php\\\/2019\\\/05\\\/antoine-magain-remporte-lenduro-de-rocroi\\\/\"},\"wordCount\":449,\"commentCount\":0,\"image\":{\"@id\":\"https:\\\/\\\/fr.motocrossmag.be\\\/index.php\\\/2019\\\/05\\\/antoine-magain-remporte-lenduro-de-rocroi\\\/#primaryimage\"},\"thumbnailUrl\":\"https:\\\/\\\/fr.motocrossmag.be\\\/wp-content\\\/uploads\\\/2019\\\/05\\\/magain-rocroi-enduro.jpg\",\"articleSection\":[\"Actualit\u00e9\",\"Enduro\",\"FMB\",\"News\",\"News\",\"Slideshow\"],\"inLanguage\":\"fr-FR\",\"potentialAction\":[{\"@type\":\"CommentAction\",\"name\":\"Comment\",\"target\":[\"https:\\\/\\\/fr.motocrossmag.be\\\/index.php\\\/2019\\\/05\\\/antoine-magain-remporte-lenduro-de-rocroi\\\/#respond\"]}]},{\"@type\":\"WebPage\",\"@id\":\"https:\\\/\\\/fr.motocrossmag.be\\\/index.php\\\/2019\\\/05\\\/antoine-magain-remporte-lenduro-de-rocroi\\\/\",\"url\":\"https:\\\/\\\/fr.motocrossmag.be\\\/index.php\\\/2019\\\/05\\\/antoine-magain-remporte-lenduro-de-rocroi\\\/\",\"name\":\"Antoine Magain remporte l'enduro de Rocroi - Motocross - Enduro - Supermoto | MotocrossMag\",\"isPartOf\":{\"@id\":\"https:\\\/\\\/fr.motocrossmag.be\\\/#website\"},\"primaryImageOfPage\":{\"@id\":\"https:\\\/\\\/fr.motocrossmag.be\\\/index.php\\\/2019\\\/05\\\/antoine-magain-remporte-lenduro-de-rocroi\\\/#primaryimage\"},\"image\":{\"@id\":\"https:\\\/\\\/fr.motocrossmag.be\\\/index.php\\\/2019\\\/05\\\/antoine-magain-remporte-lenduro-de-rocroi\\\/#primaryimage\"},\"thumbnailUrl\":\"https:\\\/\\\/fr.motocrossmag.be\\\/wp-content\\\/uploads\\\/2019\\\/05\\\/magain-rocroi-enduro.jpg\",\"datePublished\":\"2019-05-28T15:24:06+00:00\",\"dateModified\":\"2019-05-28T15:28:00+00:00\",\"author\":{\"@id\":\"https:\\\/\\\/fr.motocrossmag.be\\\/#\\\/schema\\\/person\\\/11b47143d9f755babca2c9110e03235c\"},\"breadcrumb\":{\"@id\":\"https:\\\/\\\/fr.motocrossmag.be\\\/index.php\\\/2019\\\/05\\\/antoine-magain-remporte-lenduro-de-rocroi\\\/#breadcrumb\"},\"inLanguage\":\"fr-FR\",\"potentialAction\":[{\"@type\":\"ReadAction\",\"target\":[\"https:\\\/\\\/fr.motocrossmag.be\\\/index.php\\\/2019\\\/05\\\/antoine-magain-remporte-lenduro-de-rocroi\\\/\"]}]},{\"@type\":\"ImageObject\",\"inLanguage\":\"fr-FR\",\"@id\":\"https:\\\/\\\/fr.motocrossmag.be\\\/index.php\\\/2019\\\/05\\\/antoine-magain-remporte-lenduro-de-rocroi\\\/#primaryimage\",\"url\":\"https:\\\/\\\/fr.motocrossmag.be\\\/wp-content\\\/uploads\\\/2019\\\/05\\\/magain-rocroi-enduro.jpg\",\"contentUrl\":\"https:\\\/\\\/fr.motocrossmag.be\\\/wp-content\\\/uploads\\\/2019\\\/05\\\/magain-rocroi-enduro.jpg\",\"width\":1000,\"height\":666},{\"@type\":\"BreadcrumbList\",\"@id\":\"https:\\\/\\\/fr.motocrossmag.be\\\/index.php\\\/2019\\\/05\\\/antoine-magain-remporte-lenduro-de-rocroi\\\/#breadcrumb\",\"itemListElement\":[{\"@type\":\"ListItem\",\"position\":1,\"name\":\"Accueil\",\"item\":\"https:\\\/\\\/fr.motocrossmag.be\\\/\"},{\"@type\":\"ListItem\",\"position\":2,\"name\":\"Antoine Magain remporte l&rsquo;enduro de Rocroi\"}]},{\"@type\":\"WebSite\",\"@id\":\"https:\\\/\\\/fr.motocrossmag.be\\\/#website\",\"url\":\"https:\\\/\\\/fr.motocrossmag.be\\\/\",\"name\":\"Motocross - Enduro - Supermoto | MotocrossMag\",\"description\":\"L&#039;actualit\u00e9 du motocross, de l&#039;enduro et du Supermoto en ligne!\",\"potentialAction\":[{\"@type\":\"SearchAction\",\"target\":{\"@type\":\"EntryPoint\",\"urlTemplate\":\"https:\\\/\\\/fr.motocrossmag.be\\\/?s={search_term_string}\"},\"query-input\":{\"@type\":\"PropertyValueSpecification\",\"valueRequired\":true,\"valueName\":\"search_term_string\"}}],\"inLanguage\":\"fr-FR\"},{\"@type\":\"Person\",\"@id\":\"https:\\\/\\\/fr.motocrossmag.be\\\/#\\\/schema\\\/person\\\/11b47143d9f755babca2c9110e03235c\",\"name\":\"oliviere\",\"image\":{\"@type\":\"ImageObject\",\"inLanguage\":\"fr-FR\",\"@id\":\"https:\\\/\\\/secure.gravatar.com\\\/avatar\\\/907069e0b81d119452040469e4a7501da1100f54f7f80180ce77bfab718288f6?s=96&d=mm&r=g\",\"url\":\"https:\\\/\\\/secure.gravatar.com\\\/avatar\\\/907069e0b81d119452040469e4a7501da1100f54f7f80180ce77bfab718288f6?s=96&d=mm&r=g\",\"contentUrl\":\"https:\\\/\\\/secure.gravatar.com\\\/avatar\\\/907069e0b81d119452040469e4a7501da1100f54f7f80180ce77bfab718288f6?s=96&d=mm&r=g\",\"caption\":\"oliviere\"},\"sameAs\":[\"http:\\\/\\\/www.motocrossmag.be\"],\"url\":\"https:\\\/\\\/fr.motocrossmag.be\\\/index.php\\\/author\\\/oliviere\\\/\"}]}<\/script>\n<!-- \/ Yoast SEO plugin. -->","yoast_head_json":{"title":"Antoine Magain remporte l'enduro de Rocroi - Motocross - Enduro - Supermoto | MotocrossMag","robots":{"index":"index","follow":"follow","max-snippet":"max-snippet:-1","max-image-preview":"max-image-preview:large","max-video-preview":"max-video-preview:-1"},"canonical":"https:\/\/fr.motocrossmag.be\/index.php\/2019\/05\/antoine-magain-remporte-lenduro-de-rocroi\/","og_locale":"fr_FR","og_type":"article","og_title":"Antoine Magain remporte l'enduro de Rocroi - Motocross - Enduro - Supermoto | MotocrossMag","og_description":"Apr\u00e8s Epernay il y a deux semaines, c&rsquo;est \u00e0 nouveau en France que les concurrents du championnat de Belgique d&rsquo;enduro se retrouvaient ce dimanche pour la 5\u00e8me \u00e9preuve de la [...]","og_url":"https:\/\/fr.motocrossmag.be\/index.php\/2019\/05\/antoine-magain-remporte-lenduro-de-rocroi\/","og_site_name":"Motocross - Enduro - Supermoto | MotocrossMag","article_published_time":"2019-05-28T15:24:06+00:00","article_modified_time":"2019-05-28T15:28:00+00:00","og_image":[{"width":1000,"height":666,"url":"https:\/\/fr.motocrossmag.be\/wp-content\/uploads\/2019\/05\/magain-rocroi-enduro.jpg","type":"image\/jpeg"}],"author":"oliviere","twitter_card":"summary_large_image","twitter_misc":{"\u00c9crit par":"oliviere","Dur\u00e9e de lecture estim\u00e9e":"2 minutes"},"schema":{"@context":"https:\/\/schema.org","@graph":[{"@type":"Article","@id":"https:\/\/fr.motocrossmag.be\/index.php\/2019\/05\/antoine-magain-remporte-lenduro-de-rocroi\/#article","isPartOf":{"@id":"https:\/\/fr.motocrossmag.be\/index.php\/2019\/05\/antoine-magain-remporte-lenduro-de-rocroi\/"},"author":{"name":"oliviere","@id":"https:\/\/fr.motocrossmag.be\/#\/schema\/person\/11b47143d9f755babca2c9110e03235c"},"headline":"Antoine Magain remporte l&rsquo;enduro de Rocroi","datePublished":"2019-05-28T15:24:06+00:00","dateModified":"2019-05-28T15:28:00+00:00","mainEntityOfPage":{"@id":"https:\/\/fr.motocrossmag.be\/index.php\/2019\/05\/antoine-magain-remporte-lenduro-de-rocroi\/"},"wordCount":449,"commentCount":0,"image":{"@id":"https:\/\/fr.motocrossmag.be\/index.php\/2019\/05\/antoine-magain-remporte-lenduro-de-rocroi\/#primaryimage"},"thumbnailUrl":"https:\/\/fr.motocrossmag.be\/wp-content\/uploads\/2019\/05\/magain-rocroi-enduro.jpg","articleSection":["Actualit\u00e9","Enduro","FMB","News","News","Slideshow"],"inLanguage":"fr-FR","potentialAction":[{"@type":"CommentAction","name":"Comment","target":["https:\/\/fr.motocrossmag.be\/index.php\/2019\/05\/antoine-magain-remporte-lenduro-de-rocroi\/#respond"]}]},{"@type":"WebPage","@id":"https:\/\/fr.motocrossmag.be\/index.php\/2019\/05\/antoine-magain-remporte-lenduro-de-rocroi\/","url":"https:\/\/fr.motocrossmag.be\/index.php\/2019\/05\/antoine-magain-remporte-lenduro-de-rocroi\/","name":"Antoine Magain remporte l'enduro de Rocroi - Motocross - Enduro - Supermoto | MotocrossMag","isPartOf":{"@id":"https:\/\/fr.motocrossmag.be\/#website"},"primaryImageOfPage":{"@id":"https:\/\/fr.motocrossmag.be\/index.php\/2019\/05\/antoine-magain-remporte-lenduro-de-rocroi\/#primaryimage"},"image":{"@id":"https:\/\/fr.motocrossmag.be\/index.php\/2019\/05\/antoine-magain-remporte-lenduro-de-rocroi\/#primaryimage"},"thumbnailUrl":"https:\/\/fr.motocrossmag.be\/wp-content\/uploads\/2019\/05\/magain-rocroi-enduro.jpg","datePublished":"2019-05-28T15:24:06+00:00","dateModified":"2019-05-28T15:28:00+00:00","author":{"@id":"https:\/\/fr.motocrossmag.be\/#\/schema\/person\/11b47143d9f755babca2c9110e03235c"},"breadcrumb":{"@id":"https:\/\/fr.motocrossmag.be\/index.php\/2019\/05\/antoine-magain-remporte-lenduro-de-rocroi\/#breadcrumb"},"inLanguage":"fr-FR","potentialAction":[{"@type":"ReadAction","target":["https:\/\/fr.motocrossmag.be\/index.php\/2019\/05\/antoine-magain-remporte-lenduro-de-rocroi\/"]}]},{"@type":"ImageObject","inLanguage":"fr-FR","@id":"https:\/\/fr.motocrossmag.be\/index.php\/2019\/05\/antoine-magain-remporte-lenduro-de-rocroi\/#primaryimage","url":"https:\/\/fr.motocrossmag.be\/wp-content\/uploads\/2019\/05\/magain-rocroi-enduro.jpg","contentUrl":"https:\/\/fr.motocrossmag.be\/wp-content\/uploads\/2019\/05\/magain-rocroi-enduro.jpg","width":1000,"height":666},{"@type":"BreadcrumbList","@id":"https:\/\/fr.motocrossmag.be\/index.php\/2019\/05\/antoine-magain-remporte-lenduro-de-rocroi\/#breadcrumb","itemListElement":[{"@type":"ListItem","position":1,"name":"Accueil","item":"https:\/\/fr.motocrossmag.be\/"},{"@type":"ListItem","position":2,"name":"Antoine Magain remporte l&rsquo;enduro de Rocroi"}]},{"@type":"WebSite","@id":"https:\/\/fr.motocrossmag.be\/#website","url":"https:\/\/fr.motocrossmag.be\/","name":"Motocross - Enduro - Supermoto | MotocrossMag","description":"L&#039;actualit\u00e9 du motocross, de l&#039;enduro et du Supermoto en ligne!","potentialAction":[{"@type":"SearchAction","target":{"@type":"EntryPoint","urlTemplate":"https:\/\/fr.motocrossmag.be\/?s={search_term_string}"},"query-input":{"@type":"PropertyValueSpecification","valueRequired":true,"valueName":"search_term_string"}}],"inLanguage":"fr-FR"},{"@type":"Person","@id":"https:\/\/fr.motocrossmag.be\/#\/schema\/person\/11b47143d9f755babca2c9110e03235c","name":"oliviere","image":{"@type":"ImageObject","inLanguage":"fr-FR","@id":"https:\/\/secure.gravatar.com\/avatar\/907069e0b81d119452040469e4a7501da1100f54f7f80180ce77bfab718288f6?s=96&d=mm&r=g","url":"https:\/\/secure.gravatar.com\/avatar\/907069e0b81d119452040469e4a7501da1100f54f7f80180ce77bfab718288f6?s=96&d=mm&r=g","contentUrl":"https:\/\/secure.gravatar.com\/avatar\/907069e0b81d119452040469e4a7501da1100f54f7f80180ce77bfab718288f6?s=96&d=mm&r=g","caption":"oliviere"},"sameAs":["http:\/\/www.motocrossmag.be"],"url":"https:\/\/fr.motocrossmag.be\/index.php\/author\/oliviere\/"}]}},"_links":{"self":[{"href":"https:\/\/fr.motocrossmag.be\/index.php\/wp-json\/wp\/v2\/posts\/89012","targetHints":{"allow":["GET"]}}],"collection":[{"href":"https:\/\/fr.motocrossmag.be\/index.php\/wp-json\/wp\/v2\/posts"}],"about":[{"href":"https:\/\/fr.motocrossmag.be\/index.php\/wp-json\/wp\/v2\/types\/post"}],"author":[{"embeddable":true,"href":"https:\/\/fr.motocrossmag.be\/index.php\/wp-json\/wp\/v2\/users\/932"}],"replies":[{"embeddable":true,"href":"https:\/\/fr.motocrossmag.be\/index.php\/wp-json\/wp\/v2\/comments?post=89012"}],"version-history":[{"count":1,"href":"https:\/\/fr.motocrossmag.be\/index.php\/wp-json\/wp\/v2\/posts\/89012\/revisions"}],"predecessor-version":[{"id":89017,"href":"https:\/\/fr.motocrossmag.be\/index.php\/wp-json\/wp\/v2\/posts\/89012\/revisions\/89017"}],"wp:featuredmedia":[{"embeddable":true,"href":"https:\/\/fr.motocrossmag.be\/index.php\/wp-json\/wp\/v2\/media\/89015"}],"wp:attachment":[{"href":"https:\/\/fr.motocrossmag.be\/index.php\/wp-json\/wp\/v2\/media?parent=89012"}],"wp:term":[{"taxonomy":"category","embeddable":true,"href":"https:\/\/fr.motocrossmag.be\/index.php\/wp-json\/wp\/v2\/categories?post=89012"},{"taxonomy":"post_tag","embeddable":true,"href":"https:\/\/fr.motocrossmag.be\/index.php\/wp-json\/wp\/v2\/tags?post=89012"}],"curies":[{"name":"wp","href":"https:\/\/api.w.org\/{rel}","templated":true}]}}