{"id":8931,"date":"2010-09-28T22:59:50","date_gmt":"2010-09-28T21:59:50","guid":{"rendered":"http:\/\/fr.motocrossmag.be\/?p=8931"},"modified":"2010-09-28T23:03:38","modified_gmt":"2010-09-28T22:03:38","slug":"galerie-photos-lalbum-photos-du-mxdn-2010","status":"publish","type":"post","link":"https:\/\/fr.motocrossmag.be\/index.php\/2010\/09\/galerie-photos-lalbum-photos-du-mxdn-2010\/","title":{"rendered":"Galerie photos | L&rsquo;album photos du MXDN 2010"},"content":{"rendered":"<p>Les plus belles images du plus bel \u00e9v\u00e9nement de la saison MX, sign\u00e9es CDS&#8230; Enjoy!<\/p>\n<p><a rel=\"lightbox dia=1\" href=\"http:\/\/fr.motocrossmag.be\/wp-content\/uploads\/2010\/09\/001.jpg\"><img decoding=\"async\" class=\"alignnone size-thumbnail wp-image-8993\" title=\"001\" src=\"http:\/\/fr.motocrossmag.be\/wp-content\/uploads\/2010\/09\/001-150x150.jpg\" alt=\"\" width=\"150\" height=\"150\" \/><\/a>\u00a0\u00a0 <a rel=\"lightbox dia=1\" href=\"http:\/\/fr.motocrossmag.be\/wp-content\/uploads\/2010\/09\/002.jpg\"><img decoding=\"async\" class=\"alignnone size-thumbnail wp-image-8992\" title=\"002\" src=\"http:\/\/fr.motocrossmag.be\/wp-content\/uploads\/2010\/09\/002-150x150.jpg\" alt=\"\" width=\"150\" height=\"150\" \/><\/a>\u00a0\u00a0 <a rel=\"lightbox dia=1\" href=\"http:\/\/fr.motocrossmag.be\/wp-content\/uploads\/2010\/09\/005.jpg\"><img decoding=\"async\" class=\"alignnone size-thumbnail wp-image-8991\" title=\"005\" src=\"http:\/\/fr.motocrossmag.be\/wp-content\/uploads\/2010\/09\/005-150x150.jpg\" alt=\"\" width=\"150\" height=\"150\" \/><\/a><br \/>\n<a rel=\"lightbox dia=1\" href=\"http:\/\/fr.motocrossmag.be\/wp-content\/uploads\/2010\/09\/006.jpg\"><img decoding=\"async\" class=\"alignnone size-thumbnail wp-image-8988\" title=\"006\" src=\"http:\/\/fr.motocrossmag.be\/wp-content\/uploads\/2010\/09\/006-150x150.jpg\" alt=\"\" width=\"150\" height=\"150\" \/><\/a>\u00a0\u00a0 <a rel=\"lightbox dia=1\" href=\"http:\/\/fr.motocrossmag.be\/wp-content\/uploads\/2010\/09\/008.jpg\"><img decoding=\"async\" class=\"alignnone size-thumbnail wp-image-8987\" title=\"008\" src=\"http:\/\/fr.motocrossmag.be\/wp-content\/uploads\/2010\/09\/008-150x150.jpg\" alt=\"\" width=\"150\" height=\"150\" \/><\/a>\u00a0\u00a0 <a rel=\"lightbox dia=1\" href=\"http:\/\/fr.motocrossmag.be\/wp-content\/uploads\/2010\/09\/009.jpg\"><img decoding=\"async\" class=\"alignnone size-thumbnail wp-image-8985\" title=\"009\" src=\"http:\/\/fr.motocrossmag.be\/wp-content\/uploads\/2010\/09\/009-150x150.jpg\" alt=\"\" width=\"150\" height=\"150\" \/><\/a><br \/>\n<a rel=\"lightbox dia=1\" href=\"http:\/\/fr.motocrossmag.be\/wp-content\/uploads\/2010\/09\/010.jpg\"><img decoding=\"async\" class=\"alignnone size-thumbnail wp-image-8984\" title=\"010\" src=\"http:\/\/fr.motocrossmag.be\/wp-content\/uploads\/2010\/09\/010-150x150.jpg\" alt=\"\" width=\"150\" height=\"150\" \/><\/a>\u00a0\u00a0 <a rel=\"lightbox dia=1\" href=\"http:\/\/fr.motocrossmag.be\/wp-content\/uploads\/2010\/09\/011.jpg\"><img decoding=\"async\" class=\"alignnone size-thumbnail wp-image-8982\" title=\"011\" src=\"http:\/\/fr.motocrossmag.be\/wp-content\/uploads\/2010\/09\/011-150x150.jpg\" alt=\"\" width=\"150\" height=\"150\" \/><\/a>\u00a0\u00a0 <a rel=\"lightbox dia=1\" href=\"http:\/\/fr.motocrossmag.be\/wp-content\/uploads\/2010\/09\/015.jpg\"><img decoding=\"async\" class=\"alignnone size-thumbnail wp-image-8981\" title=\"015\" src=\"http:\/\/fr.motocrossmag.be\/wp-content\/uploads\/2010\/09\/015-150x150.jpg\" alt=\"\" width=\"150\" height=\"150\" \/><\/a><br \/>\n<a rel=\"lightbox dia=1\" href=\"http:\/\/fr.motocrossmag.be\/wp-content\/uploads\/2010\/09\/017.jpg\"><img decoding=\"async\" class=\"alignnone size-thumbnail wp-image-8979\" title=\"017\" src=\"http:\/\/fr.motocrossmag.be\/wp-content\/uploads\/2010\/09\/017-150x150.jpg\" alt=\"\" width=\"150\" height=\"150\" \/><\/a>\u00a0\u00a0 <a rel=\"lightbox dia=1\" href=\"http:\/\/fr.motocrossmag.be\/wp-content\/uploads\/2010\/09\/19.jpg\"><img decoding=\"async\" class=\"alignnone size-thumbnail wp-image-8978\" title=\"19\" src=\"http:\/\/fr.motocrossmag.be\/wp-content\/uploads\/2010\/09\/19-150x150.jpg\" alt=\"\" width=\"150\" height=\"150\" \/><\/a>\u00a0\u00a0 <a rel=\"lightbox dia=1\" href=\"http:\/\/fr.motocrossmag.be\/wp-content\/uploads\/2010\/09\/020.jpg\"><img decoding=\"async\" class=\"alignnone size-thumbnail wp-image-8977\" title=\"020\" src=\"http:\/\/fr.motocrossmag.be\/wp-content\/uploads\/2010\/09\/020-150x150.jpg\" alt=\"\" width=\"150\" height=\"150\" \/><\/a><br \/>\n<a rel=\"lightbox dia=1\" href=\"http:\/\/fr.motocrossmag.be\/wp-content\/uploads\/2010\/09\/021.jpg\"><img decoding=\"async\" class=\"alignnone size-thumbnail wp-image-8976\" title=\"021\" src=\"http:\/\/fr.motocrossmag.be\/wp-content\/uploads\/2010\/09\/021-150x150.jpg\" alt=\"\" width=\"150\" height=\"150\" \/><\/a>\u00a0\u00a0 <a rel=\"lightbox dia=1\" href=\"http:\/\/fr.motocrossmag.be\/wp-content\/uploads\/2010\/09\/022.jpg\"><img decoding=\"async\" class=\"alignnone size-thumbnail wp-image-8975\" title=\"022\" src=\"http:\/\/fr.motocrossmag.be\/wp-content\/uploads\/2010\/09\/022-150x150.jpg\" alt=\"\" width=\"150\" height=\"150\" \/><\/a>\u00a0\u00a0 <a rel=\"lightbox dia=1\" href=\"http:\/\/fr.motocrossmag.be\/wp-content\/uploads\/2010\/09\/023.jpg\"><img decoding=\"async\" class=\"alignnone size-thumbnail wp-image-8974\" title=\"023\" src=\"http:\/\/fr.motocrossmag.be\/wp-content\/uploads\/2010\/09\/023-150x150.jpg\" alt=\"\" width=\"150\" height=\"150\" \/><\/a><br \/>\n<a rel=\"lightbox dia=1\" href=\"http:\/\/fr.motocrossmag.be\/wp-content\/uploads\/2010\/09\/024.jpg\"><img decoding=\"async\" class=\"alignnone size-thumbnail wp-image-8973\" title=\"024\" src=\"http:\/\/fr.motocrossmag.be\/wp-content\/uploads\/2010\/09\/024-150x150.jpg\" alt=\"\" width=\"150\" height=\"150\" \/><\/a>\u00a0\u00a0 <a rel=\"lightbox dia=1\" href=\"http:\/\/fr.motocrossmag.be\/wp-content\/uploads\/2010\/09\/025.jpg\"><img decoding=\"async\" class=\"alignnone size-thumbnail wp-image-8972\" title=\"025\" src=\"http:\/\/fr.motocrossmag.be\/wp-content\/uploads\/2010\/09\/025-150x150.jpg\" alt=\"\" width=\"150\" height=\"150\" \/><\/a>\u00a0\u00a0 <a rel=\"lightbox dia=1\" href=\"http:\/\/fr.motocrossmag.be\/wp-content\/uploads\/2010\/09\/026.jpg\"><img decoding=\"async\" class=\"alignnone size-thumbnail wp-image-8971\" title=\"026\" src=\"http:\/\/fr.motocrossmag.be\/wp-content\/uploads\/2010\/09\/026-150x150.jpg\" alt=\"\" width=\"150\" height=\"150\" \/><\/a><br \/>\n<a rel=\"lightbox dia=1\" href=\"http:\/\/fr.motocrossmag.be\/wp-content\/uploads\/2010\/09\/029.jpg\"><img decoding=\"async\" class=\"alignnone size-thumbnail wp-image-8970\" title=\"029\" src=\"http:\/\/fr.motocrossmag.be\/wp-content\/uploads\/2010\/09\/029-150x150.jpg\" alt=\"\" width=\"150\" height=\"150\" \/><\/a>\u00a0\u00a0 <a rel=\"lightbox dia=1\" href=\"http:\/\/fr.motocrossmag.be\/wp-content\/uploads\/2010\/09\/031.jpg\"><img decoding=\"async\" class=\"alignnone size-thumbnail wp-image-8969\" title=\"031\" src=\"http:\/\/fr.motocrossmag.be\/wp-content\/uploads\/2010\/09\/031-150x150.jpg\" alt=\"\" width=\"150\" height=\"150\" \/><\/a>\u00a0\u00a0 <a rel=\"lightbox dia=1\" href=\"http:\/\/fr.motocrossmag.be\/wp-content\/uploads\/2010\/09\/032.jpg\"><img decoding=\"async\" class=\"alignnone size-thumbnail wp-image-8968\" title=\"032\" src=\"http:\/\/fr.motocrossmag.be\/wp-content\/uploads\/2010\/09\/032-150x150.jpg\" alt=\"\" width=\"150\" height=\"150\" \/><\/a><br \/>\n<a rel=\"lightbox dia=1\" href=\"http:\/\/fr.motocrossmag.be\/wp-content\/uploads\/2010\/09\/033.jpg\"><img decoding=\"async\" class=\"alignnone size-thumbnail wp-image-8967\" title=\"033\" src=\"http:\/\/fr.motocrossmag.be\/wp-content\/uploads\/2010\/09\/033-150x150.jpg\" alt=\"\" width=\"150\" height=\"150\" \/><\/a>\u00a0\u00a0 <a rel=\"lightbox dia=1\" href=\"http:\/\/fr.motocrossmag.be\/wp-content\/uploads\/2010\/09\/034.jpg\"><img decoding=\"async\" class=\"alignnone size-thumbnail wp-image-8966\" title=\"034\" src=\"http:\/\/fr.motocrossmag.be\/wp-content\/uploads\/2010\/09\/034-150x150.jpg\" alt=\"\" width=\"150\" height=\"150\" \/><\/a>\u00a0\u00a0 <a rel=\"lightbox dia=1\" href=\"http:\/\/fr.motocrossmag.be\/wp-content\/uploads\/2010\/09\/035.jpg\"><img decoding=\"async\" class=\"alignnone size-thumbnail wp-image-8965\" title=\"035\" src=\"http:\/\/fr.motocrossmag.be\/wp-content\/uploads\/2010\/09\/035-150x150.jpg\" alt=\"\" width=\"150\" height=\"150\" \/><\/a><br \/>\n<a rel=\"lightbox dia=1\" href=\"http:\/\/fr.motocrossmag.be\/wp-content\/uploads\/2010\/09\/036.jpg\"><img decoding=\"async\" class=\"alignnone size-thumbnail wp-image-8964\" title=\"036\" src=\"http:\/\/fr.motocrossmag.be\/wp-content\/uploads\/2010\/09\/036-150x150.jpg\" alt=\"\" width=\"150\" height=\"150\" \/><\/a>\u00a0\u00a0 <a rel=\"lightbox dia=1\" href=\"http:\/\/fr.motocrossmag.be\/wp-content\/uploads\/2010\/09\/038.jpg\"><img decoding=\"async\" class=\"alignnone size-thumbnail wp-image-8963\" title=\"038\" src=\"http:\/\/fr.motocrossmag.be\/wp-content\/uploads\/2010\/09\/038-150x150.jpg\" alt=\"\" width=\"150\" height=\"150\" \/><\/a>\u00a0\u00a0 <a rel=\"lightbox dia=1\" href=\"http:\/\/fr.motocrossmag.be\/wp-content\/uploads\/2010\/09\/039.jpg\"><img decoding=\"async\" class=\"alignnone size-thumbnail wp-image-8962\" title=\"039\" src=\"http:\/\/fr.motocrossmag.be\/wp-content\/uploads\/2010\/09\/039-150x150.jpg\" alt=\"\" width=\"150\" height=\"150\" \/><\/a><br \/>\n<a rel=\"lightbox dia=1\" href=\"http:\/\/fr.motocrossmag.be\/wp-content\/uploads\/2010\/09\/040.jpg\"><img decoding=\"async\" class=\"alignnone size-thumbnail wp-image-8961\" title=\"040\" src=\"http:\/\/fr.motocrossmag.be\/wp-content\/uploads\/2010\/09\/040-150x150.jpg\" alt=\"\" width=\"150\" height=\"150\" \/><\/a>\u00a0\u00a0 <a rel=\"lightbox dia=1\" href=\"http:\/\/fr.motocrossmag.be\/wp-content\/uploads\/2010\/09\/041.jpg\"><img decoding=\"async\" class=\"alignnone size-thumbnail wp-image-8960\" title=\"041\" src=\"http:\/\/fr.motocrossmag.be\/wp-content\/uploads\/2010\/09\/041-150x150.jpg\" alt=\"\" width=\"150\" height=\"150\" \/><\/a>\u00a0\u00a0 <a rel=\"lightbox dia=1\" href=\"http:\/\/fr.motocrossmag.be\/wp-content\/uploads\/2010\/09\/044.jpg\"><img decoding=\"async\" class=\"alignnone size-thumbnail wp-image-8959\" title=\"044\" src=\"http:\/\/fr.motocrossmag.be\/wp-content\/uploads\/2010\/09\/044-150x150.jpg\" alt=\"\" width=\"150\" height=\"150\" \/><\/a><br \/>\n<a rel=\"lightbox dia=1\" href=\"http:\/\/fr.motocrossmag.be\/wp-content\/uploads\/2010\/09\/045.jpg\"><img decoding=\"async\" class=\"alignnone size-thumbnail wp-image-8958\" title=\"045\" src=\"http:\/\/fr.motocrossmag.be\/wp-content\/uploads\/2010\/09\/045-150x150.jpg\" alt=\"\" width=\"150\" height=\"150\" \/><\/a>\u00a0\u00a0 <a rel=\"lightbox dia=1\" href=\"http:\/\/fr.motocrossmag.be\/wp-content\/uploads\/2010\/09\/048.jpg\"><img decoding=\"async\" class=\"alignnone size-thumbnail wp-image-8957\" title=\"048\" src=\"http:\/\/fr.motocrossmag.be\/wp-content\/uploads\/2010\/09\/048-150x150.jpg\" alt=\"\" width=\"150\" height=\"150\" \/><\/a>\u00a0\u00a0 <a rel=\"lightbox dia=1\" href=\"http:\/\/fr.motocrossmag.be\/wp-content\/uploads\/2010\/09\/050.jpg\"><img decoding=\"async\" class=\"alignnone size-thumbnail wp-image-8956\" title=\"050\" src=\"http:\/\/fr.motocrossmag.be\/wp-content\/uploads\/2010\/09\/050-150x150.jpg\" alt=\"\" width=\"150\" height=\"150\" \/><\/a><br \/>\n<a rel=\"lightbox dia=1\" href=\"http:\/\/fr.motocrossmag.be\/wp-content\/uploads\/2010\/09\/051.jpg\"><img decoding=\"async\" class=\"alignnone size-thumbnail wp-image-8955\" title=\"051\" src=\"http:\/\/fr.motocrossmag.be\/wp-content\/uploads\/2010\/09\/051-150x150.jpg\" alt=\"\" width=\"150\" height=\"150\" \/><\/a>\u00a0\u00a0\u00a0<a rel=\"lightbox dia=1\" href=\"http:\/\/fr.motocrossmag.be\/wp-content\/uploads\/2010\/09\/053.jpg\"><img decoding=\"async\" class=\"alignnone size-thumbnail wp-image-8954\" title=\"053\" src=\"http:\/\/fr.motocrossmag.be\/wp-content\/uploads\/2010\/09\/053-150x150.jpg\" alt=\"\" width=\"150\" height=\"150\" \/><\/a>\u00a0\u00a0 <a rel=\"lightbox dia=1\" href=\"http:\/\/fr.motocrossmag.be\/wp-content\/uploads\/2010\/09\/055.jpg\"><img decoding=\"async\" class=\"alignnone size-thumbnail wp-image-8953\" title=\"055\" src=\"http:\/\/fr.motocrossmag.be\/wp-content\/uploads\/2010\/09\/055-150x150.jpg\" alt=\"\" width=\"150\" height=\"150\" \/><\/a><br \/>\n<a rel=\"lightbox dia=1\" href=\"http:\/\/fr.motocrossmag.be\/wp-content\/uploads\/2010\/09\/060.jpg\"><img decoding=\"async\" class=\"alignnone size-thumbnail wp-image-8952\" title=\"060\" src=\"http:\/\/fr.motocrossmag.be\/wp-content\/uploads\/2010\/09\/060-150x150.jpg\" alt=\"\" width=\"150\" height=\"150\" \/><\/a>\u00a0\u00a0 <a rel=\"lightbox dia=1\" href=\"http:\/\/fr.motocrossmag.be\/wp-content\/uploads\/2010\/09\/062.jpg\"><img decoding=\"async\" class=\"alignnone size-thumbnail wp-image-8951\" title=\"062\" src=\"http:\/\/fr.motocrossmag.be\/wp-content\/uploads\/2010\/09\/062-150x150.jpg\" alt=\"\" width=\"150\" height=\"150\" \/><\/a>\u00a0\u00a0 <a rel=\"lightbox dia=1\" href=\"http:\/\/fr.motocrossmag.be\/wp-content\/uploads\/2010\/09\/064.jpg\"><img decoding=\"async\" class=\"alignnone size-thumbnail wp-image-8949\" title=\"064\" src=\"http:\/\/fr.motocrossmag.be\/wp-content\/uploads\/2010\/09\/064-150x150.jpg\" alt=\"\" width=\"150\" height=\"150\" \/><\/a><br \/>\n<a rel=\"lightbox dia=1\" href=\"http:\/\/fr.motocrossmag.be\/wp-content\/uploads\/2010\/09\/065.jpg\"><img decoding=\"async\" class=\"alignnone size-thumbnail wp-image-8948\" title=\"065\" src=\"http:\/\/fr.motocrossmag.be\/wp-content\/uploads\/2010\/09\/065-150x150.jpg\" alt=\"\" width=\"150\" height=\"150\" \/><\/a>\u00a0\u00a0 <a rel=\"lightbox dia=1\" href=\"http:\/\/fr.motocrossmag.be\/wp-content\/uploads\/2010\/09\/066.jpg\"><img decoding=\"async\" class=\"alignnone size-thumbnail wp-image-8947\" title=\"066\" src=\"http:\/\/fr.motocrossmag.be\/wp-content\/uploads\/2010\/09\/066-150x150.jpg\" alt=\"\" width=\"150\" height=\"150\" \/><\/a>\u00a0\u00a0 <a rel=\"lightbox dia=1\" href=\"http:\/\/fr.motocrossmag.be\/wp-content\/uploads\/2010\/09\/071.jpg\"><img decoding=\"async\" class=\"alignnone size-thumbnail wp-image-8946\" title=\"071\" src=\"http:\/\/fr.motocrossmag.be\/wp-content\/uploads\/2010\/09\/071-150x150.jpg\" alt=\"\" width=\"150\" height=\"150\" \/><\/a><br \/>\n<a rel=\"lightbox dia=1\" href=\"http:\/\/fr.motocrossmag.be\/wp-content\/uploads\/2010\/09\/072.jpg\"><img decoding=\"async\" class=\"alignnone size-thumbnail wp-image-8945\" title=\"072\" src=\"http:\/\/fr.motocrossmag.be\/wp-content\/uploads\/2010\/09\/072-150x150.jpg\" alt=\"\" width=\"150\" height=\"150\" \/><\/a>\u00a0\u00a0 <a rel=\"lightbox dia=1\" href=\"http:\/\/fr.motocrossmag.be\/wp-content\/uploads\/2010\/09\/073.jpg\"><img decoding=\"async\" class=\"alignnone size-thumbnail wp-image-8944\" title=\"073\" src=\"http:\/\/fr.motocrossmag.be\/wp-content\/uploads\/2010\/09\/073-150x150.jpg\" alt=\"\" width=\"150\" height=\"150\" \/><\/a>\u00a0\u00a0 <a rel=\"lightbox dia=1\" href=\"http:\/\/fr.motocrossmag.be\/wp-content\/uploads\/2010\/09\/075.jpg\"><img decoding=\"async\" class=\"alignnone size-thumbnail wp-image-8943\" title=\"075\" src=\"http:\/\/fr.motocrossmag.be\/wp-content\/uploads\/2010\/09\/075-150x150.jpg\" alt=\"\" width=\"150\" height=\"150\" \/><\/a><br \/>\n<a rel=\"lightbox dia=1\" href=\"http:\/\/fr.motocrossmag.be\/wp-content\/uploads\/2010\/09\/082.jpg\"><img decoding=\"async\" class=\"alignnone size-thumbnail wp-image-8942\" title=\"082\" src=\"http:\/\/fr.motocrossmag.be\/wp-content\/uploads\/2010\/09\/082-150x150.jpg\" alt=\"\" width=\"150\" height=\"150\" \/><\/a>\u00a0\u00a0 <a href=\"http:\/\/fr.motocrossmag.be\/wp-content\/uploads\/2010\/09\/083.jpg\"><img decoding=\"async\" class=\"alignnone size-thumbnail wp-image-8941\" title=\"083\" src=\"http:\/\/fr.motocrossmag.be\/wp-content\/uploads\/2010\/09\/083-150x150.jpg\" alt=\"\" width=\"150\" height=\"150\" \/><\/a>\u00a0\u00a0 <a rel=\"lightbox dia=1\" href=\"http:\/\/fr.motocrossmag.be\/wp-content\/uploads\/2010\/09\/086.jpg\"><img decoding=\"async\" class=\"alignnone size-thumbnail wp-image-8940\" title=\"086\" src=\"http:\/\/fr.motocrossmag.be\/wp-content\/uploads\/2010\/09\/086-150x150.jpg\" alt=\"\" width=\"150\" height=\"150\" \/><\/a><br \/>\n<a rel=\"lightbox dia=1\" href=\"http:\/\/fr.motocrossmag.be\/wp-content\/uploads\/2010\/09\/088.jpg\"><img decoding=\"async\" class=\"alignnone size-thumbnail wp-image-8939\" title=\"088\" src=\"http:\/\/fr.motocrossmag.be\/wp-content\/uploads\/2010\/09\/088-150x150.jpg\" alt=\"\" width=\"150\" height=\"150\" \/><\/a>\u00a0\u00a0 <a rel=\"lightbox dia=1\" href=\"http:\/\/fr.motocrossmag.be\/wp-content\/uploads\/2010\/09\/089.jpg\"><img decoding=\"async\" class=\"alignnone size-thumbnail wp-image-8938\" title=\"089\" src=\"http:\/\/fr.motocrossmag.be\/wp-content\/uploads\/2010\/09\/089-150x150.jpg\" alt=\"\" width=\"150\" height=\"150\" \/><\/a>\u00a0\u00a0 <a rel=\"lightbox dia=1\" href=\"http:\/\/fr.motocrossmag.be\/wp-content\/uploads\/2010\/09\/091.jpg\"><img decoding=\"async\" class=\"alignnone size-thumbnail wp-image-8937\" title=\"091\" src=\"http:\/\/fr.motocrossmag.be\/wp-content\/uploads\/2010\/09\/091-150x150.jpg\" alt=\"\" width=\"150\" height=\"150\" \/><\/a><br \/>\n<a rel=\"lightbox dia=1\" href=\"http:\/\/fr.motocrossmag.be\/wp-content\/uploads\/2010\/09\/094.jpg\"><img decoding=\"async\" class=\"alignnone size-thumbnail wp-image-8935\" title=\"094\" src=\"http:\/\/fr.motocrossmag.be\/wp-content\/uploads\/2010\/09\/094-150x150.jpg\" alt=\"\" width=\"150\" height=\"150\" \/><\/a>\u00a0\u00a0 <a rel=\"lightbox dia=1\" href=\"http:\/\/fr.motocrossmag.be\/wp-content\/uploads\/2010\/09\/095.jpg\"><img decoding=\"async\" class=\"alignnone size-thumbnail wp-image-8934\" title=\"095\" src=\"http:\/\/fr.motocrossmag.be\/wp-content\/uploads\/2010\/09\/095-150x150.jpg\" alt=\"\" width=\"150\" height=\"150\" \/><\/a>\u00a0\u00a0 <a rel=\"lightbox dia=1\" href=\"http:\/\/fr.motocrossmag.be\/wp-content\/uploads\/2010\/09\/096.jpg\"><img decoding=\"async\" class=\"alignnone size-thumbnail wp-image-8933\" title=\"096\" src=\"http:\/\/fr.motocrossmag.be\/wp-content\/uploads\/2010\/09\/096-150x150.jpg\" alt=\"\" width=\"150\" height=\"150\" \/><\/a><\/p><div class=\"vklnj6a98bef86cebc\" ><!-- \/91277017\/Inline-articles-mobile -->\n<div style=\"margin:auto; text-align:center !important\">\n<div id='div-gpt-ad-1784982661365-0' style='min-width: 250px; min-height: 75px;'>\n  <script>\n    googletag.cmd.push(function() { googletag.display('div-gpt-ad-1784982661365-0'); });\n  <\/script>\n<\/div><\/div><\/div><style type=\"text\/css\">\r\n.vklnj6a98bef86cebc {\r\nmargin-bottom:30px;margin-top:20px\r\n}\r\n@media screen and (min-width: 1201px) {\r\n.vklnj6a98bef86cebc {\r\ndisplay: block;\r\n}\r\n}\r\n@media screen and (min-width: 993px) and (max-width: 1200px) {\r\n.vklnj6a98bef86cebc {\r\ndisplay: block;\r\n}\r\n}\r\n@media screen and (min-width: 769px) and (max-width: 992px) {\r\n.vklnj6a98bef86cebc {\r\ndisplay: block;\r\n}\r\n}\r\n@media screen and (min-width: 768px) and (max-width: 768px) {\r\n.vklnj6a98bef86cebc {\r\ndisplay: block;\r\n}\r\n}\r\n@media screen and (max-width: 767px) {\r\n.vklnj6a98bef86cebc {\r\ndisplay: block;\r\n}\r\n}\r\n<\/style>\r\n\n","protected":false},"excerpt":{"rendered":"<p>Les plus belles images du plus bel \u00e9v\u00e9nement de la saison MX, sign\u00e9es CDS&#8230; Enjoy! \u00a0\u00a0 \u00a0\u00a0 \u00a0\u00a0 \u00a0\u00a0 \u00a0\u00a0 \u00a0\u00a0 \u00a0\u00a0 \u00a0\u00a0 \u00a0\u00a0 \u00a0\u00a0 \u00a0\u00a0 \u00a0\u00a0 \u00a0\u00a0 \u00a0\u00a0 \u00a0\u00a0 \u00a0\u00a0 \u00a0\u00a0 \u00a0\u00a0 \u00a0\u00a0 \u00a0\u00a0 \u00a0\u00a0 \u00a0\u00a0 \u00a0\u00a0\u00a0\u00a0\u00a0 \u00a0\u00a0 \u00a0\u00a0 \u00a0\u00a0 \u00a0\u00a0 \u00a0\u00a0 \u00a0\u00a0 \u00a0\u00a0 \u00a0\u00a0 \u00a0\u00a0 \u00a0\u00a0 \u00a0\u00a0 \u00a0\u00a0<\/p>\n","protected":false},"author":932,"featured_media":0,"comment_status":"open","ping_status":"closed","sticky":false,"template":"","format":"standard","meta":{"tdm_status":"","tdm_grid_status":"","footnotes":""},"categories":[66],"tags":[],"class_list":["post-8931","post","type-post","status-publish","format-standard","category-photos"],"yoast_head":"<!-- This site is optimized with the Yoast SEO plugin v28.4 - https:\/\/yoast.com\/product\/yoast-seo-wordpress\/ -->\n<title>Galerie photos | L&#039;album photos du MXDN 2010 - Motocross - Enduro - Supermoto | MotocrossMag<\/title>\n<meta name=\"robots\" content=\"index, follow, max-snippet:-1, max-image-preview:large, max-video-preview:-1\" \/>\n<link rel=\"canonical\" href=\"https:\/\/fr.motocrossmag.be\/index.php\/2010\/09\/galerie-photos-lalbum-photos-du-mxdn-2010\/\" \/>\n<meta property=\"og:locale\" content=\"fr_FR\" \/>\n<meta property=\"og:type\" content=\"article\" \/>\n<meta property=\"og:title\" content=\"Galerie photos | L&#039;album photos du MXDN 2010 - Motocross - Enduro - Supermoto | MotocrossMag\" \/>\n<meta property=\"og:description\" content=\"Les plus belles images du plus bel \u00e9v\u00e9nement de la saison MX, sign\u00e9es CDS&#8230; Enjoy! \u00a0\u00a0 \u00a0\u00a0 \u00a0\u00a0 \u00a0\u00a0 \u00a0\u00a0 \u00a0\u00a0 \u00a0\u00a0 \u00a0\u00a0 \u00a0\u00a0 \u00a0\u00a0 \u00a0\u00a0 \u00a0\u00a0 \u00a0\u00a0 \u00a0\u00a0 \u00a0\u00a0 \u00a0\u00a0 \u00a0\u00a0 \u00a0\u00a0 \u00a0\u00a0 \u00a0\u00a0 \u00a0\u00a0 \u00a0\u00a0 \u00a0\u00a0\u00a0\u00a0\u00a0 \u00a0\u00a0 \u00a0\u00a0 \u00a0\u00a0 \u00a0\u00a0 \u00a0\u00a0 \u00a0\u00a0 \u00a0\u00a0 \u00a0\u00a0 \u00a0\u00a0 \u00a0\u00a0 \u00a0\u00a0 \u00a0\u00a0\" \/>\n<meta property=\"og:url\" content=\"https:\/\/fr.motocrossmag.be\/index.php\/2010\/09\/galerie-photos-lalbum-photos-du-mxdn-2010\/\" \/>\n<meta property=\"og:site_name\" content=\"Motocross - Enduro - Supermoto | MotocrossMag\" \/>\n<meta property=\"article:published_time\" content=\"2010-09-28T21:59:50+00:00\" \/>\n<meta property=\"article:modified_time\" content=\"2010-09-28T22:03:38+00:00\" \/>\n<meta property=\"og:image\" content=\"http:\/\/fr.motocrossmag.be\/wp-content\/uploads\/2010\/09\/001-150x150.jpg\" \/>\n<meta name=\"author\" content=\"oliviere\" \/>\n<meta name=\"twitter:card\" content=\"summary_large_image\" \/>\n<meta name=\"twitter:label1\" content=\"\u00c9crit par\" \/>\n\t<meta name=\"twitter:data1\" content=\"oliviere\" \/>\n<script type=\"application\/ld+json\" class=\"yoast-schema-graph\">{\"@context\":\"https:\\\/\\\/schema.org\",\"@graph\":[{\"@type\":\"Article\",\"@id\":\"https:\\\/\\\/fr.motocrossmag.be\\\/index.php\\\/2010\\\/09\\\/galerie-photos-lalbum-photos-du-mxdn-2010\\\/#article\",\"isPartOf\":{\"@id\":\"https:\\\/\\\/fr.motocrossmag.be\\\/index.php\\\/2010\\\/09\\\/galerie-photos-lalbum-photos-du-mxdn-2010\\\/\"},\"author\":{\"name\":\"oliviere\",\"@id\":\"https:\\\/\\\/fr.motocrossmag.be\\\/#\\\/schema\\\/person\\\/11b47143d9f755babca2c9110e03235c\"},\"headline\":\"Galerie photos | L&rsquo;album photos du MXDN 2010\",\"datePublished\":\"2010-09-28T21:59:50+00:00\",\"dateModified\":\"2010-09-28T22:03:38+00:00\",\"mainEntityOfPage\":{\"@id\":\"https:\\\/\\\/fr.motocrossmag.be\\\/index.php\\\/2010\\\/09\\\/galerie-photos-lalbum-photos-du-mxdn-2010\\\/\"},\"wordCount\":24,\"commentCount\":0,\"image\":{\"@id\":\"https:\\\/\\\/fr.motocrossmag.be\\\/index.php\\\/2010\\\/09\\\/galerie-photos-lalbum-photos-du-mxdn-2010\\\/#primaryimage\"},\"thumbnailUrl\":\"http:\\\/\\\/fr.motocrossmag.be\\\/wp-content\\\/uploads\\\/2010\\\/09\\\/001-150x150.jpg\",\"articleSection\":[\"Photos\"],\"inLanguage\":\"fr-FR\",\"potentialAction\":[{\"@type\":\"CommentAction\",\"name\":\"Comment\",\"target\":[\"https:\\\/\\\/fr.motocrossmag.be\\\/index.php\\\/2010\\\/09\\\/galerie-photos-lalbum-photos-du-mxdn-2010\\\/#respond\"]}]},{\"@type\":\"WebPage\",\"@id\":\"https:\\\/\\\/fr.motocrossmag.be\\\/index.php\\\/2010\\\/09\\\/galerie-photos-lalbum-photos-du-mxdn-2010\\\/\",\"url\":\"https:\\\/\\\/fr.motocrossmag.be\\\/index.php\\\/2010\\\/09\\\/galerie-photos-lalbum-photos-du-mxdn-2010\\\/\",\"name\":\"Galerie photos | L'album photos du MXDN 2010 - Motocross - Enduro - Supermoto | MotocrossMag\",\"isPartOf\":{\"@id\":\"https:\\\/\\\/fr.motocrossmag.be\\\/#website\"},\"primaryImageOfPage\":{\"@id\":\"https:\\\/\\\/fr.motocrossmag.be\\\/index.php\\\/2010\\\/09\\\/galerie-photos-lalbum-photos-du-mxdn-2010\\\/#primaryimage\"},\"image\":{\"@id\":\"https:\\\/\\\/fr.motocrossmag.be\\\/index.php\\\/2010\\\/09\\\/galerie-photos-lalbum-photos-du-mxdn-2010\\\/#primaryimage\"},\"thumbnailUrl\":\"http:\\\/\\\/fr.motocrossmag.be\\\/wp-content\\\/uploads\\\/2010\\\/09\\\/001-150x150.jpg\",\"datePublished\":\"2010-09-28T21:59:50+00:00\",\"dateModified\":\"2010-09-28T22:03:38+00:00\",\"author\":{\"@id\":\"https:\\\/\\\/fr.motocrossmag.be\\\/#\\\/schema\\\/person\\\/11b47143d9f755babca2c9110e03235c\"},\"breadcrumb\":{\"@id\":\"https:\\\/\\\/fr.motocrossmag.be\\\/index.php\\\/2010\\\/09\\\/galerie-photos-lalbum-photos-du-mxdn-2010\\\/#breadcrumb\"},\"inLanguage\":\"fr-FR\",\"potentialAction\":[{\"@type\":\"ReadAction\",\"target\":[\"https:\\\/\\\/fr.motocrossmag.be\\\/index.php\\\/2010\\\/09\\\/galerie-photos-lalbum-photos-du-mxdn-2010\\\/\"]}]},{\"@type\":\"ImageObject\",\"inLanguage\":\"fr-FR\",\"@id\":\"https:\\\/\\\/fr.motocrossmag.be\\\/index.php\\\/2010\\\/09\\\/galerie-photos-lalbum-photos-du-mxdn-2010\\\/#primaryimage\",\"url\":\"https:\\\/\\\/fr.motocrossmag.be\\\/wp-content\\\/uploads\\\/2010\\\/09\\\/001.jpg\",\"contentUrl\":\"https:\\\/\\\/fr.motocrossmag.be\\\/wp-content\\\/uploads\\\/2010\\\/09\\\/001.jpg\",\"width\":800,\"height\":533},{\"@type\":\"BreadcrumbList\",\"@id\":\"https:\\\/\\\/fr.motocrossmag.be\\\/index.php\\\/2010\\\/09\\\/galerie-photos-lalbum-photos-du-mxdn-2010\\\/#breadcrumb\",\"itemListElement\":[{\"@type\":\"ListItem\",\"position\":1,\"name\":\"Accueil\",\"item\":\"https:\\\/\\\/fr.motocrossmag.be\\\/\"},{\"@type\":\"ListItem\",\"position\":2,\"name\":\"Galerie photos | L&rsquo;album photos du MXDN 2010\"}]},{\"@type\":\"WebSite\",\"@id\":\"https:\\\/\\\/fr.motocrossmag.be\\\/#website\",\"url\":\"https:\\\/\\\/fr.motocrossmag.be\\\/\",\"name\":\"Motocross - Enduro - Supermoto | MotocrossMag\",\"description\":\"L&#039;actualit\u00e9 du motocross, de l&#039;enduro et du Supermoto en ligne!\",\"potentialAction\":[{\"@type\":\"SearchAction\",\"target\":{\"@type\":\"EntryPoint\",\"urlTemplate\":\"https:\\\/\\\/fr.motocrossmag.be\\\/?s={search_term_string}\"},\"query-input\":{\"@type\":\"PropertyValueSpecification\",\"valueRequired\":true,\"valueName\":\"search_term_string\"}}],\"inLanguage\":\"fr-FR\"},{\"@type\":\"Person\",\"@id\":\"https:\\\/\\\/fr.motocrossmag.be\\\/#\\\/schema\\\/person\\\/11b47143d9f755babca2c9110e03235c\",\"name\":\"oliviere\",\"image\":{\"@type\":\"ImageObject\",\"inLanguage\":\"fr-FR\",\"@id\":\"https:\\\/\\\/secure.gravatar.com\\\/avatar\\\/907069e0b81d119452040469e4a7501da1100f54f7f80180ce77bfab718288f6?s=96&d=mm&r=g\",\"url\":\"https:\\\/\\\/secure.gravatar.com\\\/avatar\\\/907069e0b81d119452040469e4a7501da1100f54f7f80180ce77bfab718288f6?s=96&d=mm&r=g\",\"contentUrl\":\"https:\\\/\\\/secure.gravatar.com\\\/avatar\\\/907069e0b81d119452040469e4a7501da1100f54f7f80180ce77bfab718288f6?s=96&d=mm&r=g\",\"caption\":\"oliviere\"},\"sameAs\":[\"http:\\\/\\\/www.motocrossmag.be\"],\"url\":\"https:\\\/\\\/fr.motocrossmag.be\\\/index.php\\\/author\\\/oliviere\\\/\"}]}<\/script>\n<!-- \/ Yoast SEO plugin. -->","yoast_head_json":{"title":"Galerie photos | L'album photos du MXDN 2010 - Motocross - Enduro - Supermoto | MotocrossMag","robots":{"index":"index","follow":"follow","max-snippet":"max-snippet:-1","max-image-preview":"max-image-preview:large","max-video-preview":"max-video-preview:-1"},"canonical":"https:\/\/fr.motocrossmag.be\/index.php\/2010\/09\/galerie-photos-lalbum-photos-du-mxdn-2010\/","og_locale":"fr_FR","og_type":"article","og_title":"Galerie photos | L'album photos du MXDN 2010 - Motocross - Enduro - Supermoto | MotocrossMag","og_description":"Les plus belles images du plus bel \u00e9v\u00e9nement de la saison MX, sign\u00e9es CDS&#8230; Enjoy! \u00a0\u00a0 \u00a0\u00a0 \u00a0\u00a0 \u00a0\u00a0 \u00a0\u00a0 \u00a0\u00a0 \u00a0\u00a0 \u00a0\u00a0 \u00a0\u00a0 \u00a0\u00a0 \u00a0\u00a0 \u00a0\u00a0 \u00a0\u00a0 \u00a0\u00a0 \u00a0\u00a0 \u00a0\u00a0 \u00a0\u00a0 \u00a0\u00a0 \u00a0\u00a0 \u00a0\u00a0 \u00a0\u00a0 \u00a0\u00a0 \u00a0\u00a0\u00a0\u00a0\u00a0 \u00a0\u00a0 \u00a0\u00a0 \u00a0\u00a0 \u00a0\u00a0 \u00a0\u00a0 \u00a0\u00a0 \u00a0\u00a0 \u00a0\u00a0 \u00a0\u00a0 \u00a0\u00a0 \u00a0\u00a0 \u00a0\u00a0","og_url":"https:\/\/fr.motocrossmag.be\/index.php\/2010\/09\/galerie-photos-lalbum-photos-du-mxdn-2010\/","og_site_name":"Motocross - Enduro - Supermoto | MotocrossMag","article_published_time":"2010-09-28T21:59:50+00:00","article_modified_time":"2010-09-28T22:03:38+00:00","og_image":[{"url":"http:\/\/fr.motocrossmag.be\/wp-content\/uploads\/2010\/09\/001-150x150.jpg","type":"","width":"","height":""}],"author":"oliviere","twitter_card":"summary_large_image","twitter_misc":{"\u00c9crit par":"oliviere"},"schema":{"@context":"https:\/\/schema.org","@graph":[{"@type":"Article","@id":"https:\/\/fr.motocrossmag.be\/index.php\/2010\/09\/galerie-photos-lalbum-photos-du-mxdn-2010\/#article","isPartOf":{"@id":"https:\/\/fr.motocrossmag.be\/index.php\/2010\/09\/galerie-photos-lalbum-photos-du-mxdn-2010\/"},"author":{"name":"oliviere","@id":"https:\/\/fr.motocrossmag.be\/#\/schema\/person\/11b47143d9f755babca2c9110e03235c"},"headline":"Galerie photos | L&rsquo;album photos du MXDN 2010","datePublished":"2010-09-28T21:59:50+00:00","dateModified":"2010-09-28T22:03:38+00:00","mainEntityOfPage":{"@id":"https:\/\/fr.motocrossmag.be\/index.php\/2010\/09\/galerie-photos-lalbum-photos-du-mxdn-2010\/"},"wordCount":24,"commentCount":0,"image":{"@id":"https:\/\/fr.motocrossmag.be\/index.php\/2010\/09\/galerie-photos-lalbum-photos-du-mxdn-2010\/#primaryimage"},"thumbnailUrl":"http:\/\/fr.motocrossmag.be\/wp-content\/uploads\/2010\/09\/001-150x150.jpg","articleSection":["Photos"],"inLanguage":"fr-FR","potentialAction":[{"@type":"CommentAction","name":"Comment","target":["https:\/\/fr.motocrossmag.be\/index.php\/2010\/09\/galerie-photos-lalbum-photos-du-mxdn-2010\/#respond"]}]},{"@type":"WebPage","@id":"https:\/\/fr.motocrossmag.be\/index.php\/2010\/09\/galerie-photos-lalbum-photos-du-mxdn-2010\/","url":"https:\/\/fr.motocrossmag.be\/index.php\/2010\/09\/galerie-photos-lalbum-photos-du-mxdn-2010\/","name":"Galerie photos | L'album photos du MXDN 2010 - Motocross - Enduro - Supermoto | MotocrossMag","isPartOf":{"@id":"https:\/\/fr.motocrossmag.be\/#website"},"primaryImageOfPage":{"@id":"https:\/\/fr.motocrossmag.be\/index.php\/2010\/09\/galerie-photos-lalbum-photos-du-mxdn-2010\/#primaryimage"},"image":{"@id":"https:\/\/fr.motocrossmag.be\/index.php\/2010\/09\/galerie-photos-lalbum-photos-du-mxdn-2010\/#primaryimage"},"thumbnailUrl":"http:\/\/fr.motocrossmag.be\/wp-content\/uploads\/2010\/09\/001-150x150.jpg","datePublished":"2010-09-28T21:59:50+00:00","dateModified":"2010-09-28T22:03:38+00:00","author":{"@id":"https:\/\/fr.motocrossmag.be\/#\/schema\/person\/11b47143d9f755babca2c9110e03235c"},"breadcrumb":{"@id":"https:\/\/fr.motocrossmag.be\/index.php\/2010\/09\/galerie-photos-lalbum-photos-du-mxdn-2010\/#breadcrumb"},"inLanguage":"fr-FR","potentialAction":[{"@type":"ReadAction","target":["https:\/\/fr.motocrossmag.be\/index.php\/2010\/09\/galerie-photos-lalbum-photos-du-mxdn-2010\/"]}]},{"@type":"ImageObject","inLanguage":"fr-FR","@id":"https:\/\/fr.motocrossmag.be\/index.php\/2010\/09\/galerie-photos-lalbum-photos-du-mxdn-2010\/#primaryimage","url":"https:\/\/fr.motocrossmag.be\/wp-content\/uploads\/2010\/09\/001.jpg","contentUrl":"https:\/\/fr.motocrossmag.be\/wp-content\/uploads\/2010\/09\/001.jpg","width":800,"height":533},{"@type":"BreadcrumbList","@id":"https:\/\/fr.motocrossmag.be\/index.php\/2010\/09\/galerie-photos-lalbum-photos-du-mxdn-2010\/#breadcrumb","itemListElement":[{"@type":"ListItem","position":1,"name":"Accueil","item":"https:\/\/fr.motocrossmag.be\/"},{"@type":"ListItem","position":2,"name":"Galerie photos | L&rsquo;album photos du MXDN 2010"}]},{"@type":"WebSite","@id":"https:\/\/fr.motocrossmag.be\/#website","url":"https:\/\/fr.motocrossmag.be\/","name":"Motocross - Enduro - Supermoto | MotocrossMag","description":"L&#039;actualit\u00e9 du motocross, de l&#039;enduro et du Supermoto en ligne!","potentialAction":[{"@type":"SearchAction","target":{"@type":"EntryPoint","urlTemplate":"https:\/\/fr.motocrossmag.be\/?s={search_term_string}"},"query-input":{"@type":"PropertyValueSpecification","valueRequired":true,"valueName":"search_term_string"}}],"inLanguage":"fr-FR"},{"@type":"Person","@id":"https:\/\/fr.motocrossmag.be\/#\/schema\/person\/11b47143d9f755babca2c9110e03235c","name":"oliviere","image":{"@type":"ImageObject","inLanguage":"fr-FR","@id":"https:\/\/secure.gravatar.com\/avatar\/907069e0b81d119452040469e4a7501da1100f54f7f80180ce77bfab718288f6?s=96&d=mm&r=g","url":"https:\/\/secure.gravatar.com\/avatar\/907069e0b81d119452040469e4a7501da1100f54f7f80180ce77bfab718288f6?s=96&d=mm&r=g","contentUrl":"https:\/\/secure.gravatar.com\/avatar\/907069e0b81d119452040469e4a7501da1100f54f7f80180ce77bfab718288f6?s=96&d=mm&r=g","caption":"oliviere"},"sameAs":["http:\/\/www.motocrossmag.be"],"url":"https:\/\/fr.motocrossmag.be\/index.php\/author\/oliviere\/"}]}},"_links":{"self":[{"href":"https:\/\/fr.motocrossmag.be\/index.php\/wp-json\/wp\/v2\/posts\/8931","targetHints":{"allow":["GET"]}}],"collection":[{"href":"https:\/\/fr.motocrossmag.be\/index.php\/wp-json\/wp\/v2\/posts"}],"about":[{"href":"https:\/\/fr.motocrossmag.be\/index.php\/wp-json\/wp\/v2\/types\/post"}],"author":[{"embeddable":true,"href":"https:\/\/fr.motocrossmag.be\/index.php\/wp-json\/wp\/v2\/users\/932"}],"replies":[{"embeddable":true,"href":"https:\/\/fr.motocrossmag.be\/index.php\/wp-json\/wp\/v2\/comments?post=8931"}],"version-history":[{"count":0,"href":"https:\/\/fr.motocrossmag.be\/index.php\/wp-json\/wp\/v2\/posts\/8931\/revisions"}],"wp:attachment":[{"href":"https:\/\/fr.motocrossmag.be\/index.php\/wp-json\/wp\/v2\/media?parent=8931"}],"wp:term":[{"taxonomy":"category","embeddable":true,"href":"https:\/\/fr.motocrossmag.be\/index.php\/wp-json\/wp\/v2\/categories?post=8931"},{"taxonomy":"post_tag","embeddable":true,"href":"https:\/\/fr.motocrossmag.be\/index.php\/wp-json\/wp\/v2\/tags?post=8931"}],"curies":[{"name":"wp","href":"https:\/\/api.w.org\/{rel}","templated":true}]}}