{"id":89825,"date":"2019-06-12T12:25:06","date_gmt":"2019-06-12T10:25:06","guid":{"rendered":"https:\/\/fr.motocrossmag.be\/?p=89825"},"modified":"2019-06-12T12:25:06","modified_gmt":"2019-06-12T10:25:06","slug":"antoine-magain-se-bat-pour-la-victoire-en-france","status":"publish","type":"post","link":"https:\/\/fr.motocrossmag.be\/index.php\/2019\/06\/antoine-magain-se-bat-pour-la-victoire-en-france\/","title":{"rendered":"Antoine Magain se bat pour la victoire en France"},"content":{"rendered":"<p><strong>Depuis plusieurs semaines, Antoine Magain enchaine les courses et les podiums. Le rendez-vous \u00e9tait pris le week-end dernier pour la 3\u00e8me manche du championnat de France \u00e0 Bar-sur-Seine, r\u00e9gion de champagne. Une \u00e9preuve organis\u00e9e par le club de Gy\u00e9-sur-Seine.<\/strong><\/p>\n<p>Durant deux jours, le pilote nismois, licenci\u00e9 au club des buttes de Beauregard, n\u2019a rien l\u00e2ch\u00e9 pour tenter de s\u2019imposer chez les Elite 1. En effet, J\u00e9r\u00e9my Tarroux, vainqueur de cette \u00e9preuve, n\u2019a cess\u00e9 de regarder dans le r\u00e9troviseur pour y trouver Antoine.<\/p>\n<p>Le samedi, il termine \u00e0 43.734 seconde de la 1\u00e8re marche du podium (tout juste devant Julien Gauthier). N\u00e9anmoins, Antoine r\u00e9ussit \u00e0 prendre l\u2019avant-derni\u00e8re sp\u00e9ciale -pour quelques centi\u00e8mes de seconde- \u00e0 celui qui reste ind\u00e9tr\u00f4nable sur le championnat de France.<\/p>\n<p><img decoding=\"async\" class=\"lazyload alignnone size-medium wp-image-89828\" src=\"https:\/\/fr.motocrossmag.be\/wp-content\/uploads\/2019\/06\/IMG_8937_GF-650x433.jpg\" data-orig-src=\"https:\/\/fr.motocrossmag.be\/wp-content\/uploads\/2019\/06\/IMG_8937_GF-650x433.jpg\" alt=\"\" width=\"650\" height=\"433\" srcset=\"data:image\/svg+xml,%3Csvg%20xmlns%3D%27http%3A%2F%2Fwww.w3.org%2F2000%2Fsvg%27%20width%3D%27650%27%20height%3D%27433%27%20viewBox%3D%270%200%20650%20433%27%3E%3Crect%20width%3D%27650%27%20height%3D%27433%27%20fill-opacity%3D%220%22%2F%3E%3C%2Fsvg%3E\" data-srcset=\"https:\/\/fr.motocrossmag.be\/wp-content\/uploads\/2019\/06\/IMG_8937_GF-650x433.jpg 650w, https:\/\/fr.motocrossmag.be\/wp-content\/uploads\/2019\/06\/IMG_8937_GF-768x511.jpg 768w, https:\/\/fr.motocrossmag.be\/wp-content\/uploads\/2019\/06\/IMG_8937_GF.jpg 1000w\" data-sizes=\"auto\" data-orig-sizes=\"(max-width: 650px) 100vw, 650px\" \/><\/p>\n<p>Le lendemain, autre journ\u00e9e, m\u00eame combat. Antoine termine \u00e0 18 secondes de J\u00e9r\u00e9my Tarroux, malgr\u00e9 une chute dans l\u2019ultime sp\u00e9ciale ! Exactement comme la veille, il signe le meilleur temps dans l\u2019avant-derni\u00e8re sp\u00e9ciale.<\/p>\n<p>Le pilote KTM affirme qu\u2019il faut d\u00e9sormais compter avec lui pour venir inqui\u00e9ter les plus grands pilotes fran\u00e7ais d\u2019enduro.<\/p>\n<p>\u00c0 peine le temps de savourer sa performance, il doit d\u00e9j\u00e0 repartir pour la manche du mondial EnduroGP qui aura lieu le week-end prochain en Gr\u00e8ce. Suivront une manche en Italie avant le retour en Belgique pour la suite du championnat \u00e0 Lierneux.<\/p>\n<p><img decoding=\"async\" class=\"lazyload alignnone size-medium wp-image-89829\" src=\"https:\/\/fr.motocrossmag.be\/wp-content\/uploads\/2019\/06\/IMG_9863_GF-650x433.jpg\" data-orig-src=\"https:\/\/fr.motocrossmag.be\/wp-content\/uploads\/2019\/06\/IMG_9863_GF-650x433.jpg\" alt=\"\" width=\"650\" height=\"433\" srcset=\"data:image\/svg+xml,%3Csvg%20xmlns%3D%27http%3A%2F%2Fwww.w3.org%2F2000%2Fsvg%27%20width%3D%27650%27%20height%3D%27433%27%20viewBox%3D%270%200%20650%20433%27%3E%3Crect%20width%3D%27650%27%20height%3D%27433%27%20fill-opacity%3D%220%22%2F%3E%3C%2Fsvg%3E\" data-srcset=\"https:\/\/fr.motocrossmag.be\/wp-content\/uploads\/2019\/06\/IMG_9863_GF-650x433.jpg 650w, https:\/\/fr.motocrossmag.be\/wp-content\/uploads\/2019\/06\/IMG_9863_GF-768x511.jpg 768w, https:\/\/fr.motocrossmag.be\/wp-content\/uploads\/2019\/06\/IMG_9863_GF.jpg 1000w\" data-sizes=\"auto\" data-orig-sizes=\"(max-width: 650px) 100vw, 650px\" \/><\/p>\n<p>Pour ce qui est des autres pilotes belges inscrits \u00e0 Bar-sur-Seine, Matthew Vanoevelen, inscrit en Junior 2, n\u2019aura malheureusement pas connu un week-end favorable. Malade, le pilote GasGas a d\u00fb abandonner durant la journ\u00e9e de samedi. Martin Valenduc et Quentin Vinken, du Enduro Attitude Racing Team manag\u00e9 par Jean-Marc Valenduc, \u00e9taient \u00e9galement de la partie. Martin (en National 2) n\u2019a pu repartir le deuxi\u00e8me jour \u00e0 cause d&rsquo;une blessure. Quentin (National 1) termine quant \u00e0 lui les deux jours et se place en 30\u00e8me position au classement final.<\/p>\n<p>Prochaine manche du championnat de France : fin juillet \u00e0 Le Merzer, en Bretagne.<\/p>\n<p>Texte &amp; photos : Pauline Vallerand<\/p>\n","protected":false},"excerpt":{"rendered":"<p>Depuis plusieurs semaines, Antoine Magain enchaine les courses et les podiums. Le rendez-vous \u00e9tait pris le week-end dernier pour la 3\u00e8me manche du championnat de France \u00e0 Bar-sur-Seine, r\u00e9gion de [&#8230;]<\/p>\n","protected":false},"author":932,"featured_media":89827,"comment_status":"open","ping_status":"closed","sticky":false,"template":"","format":"standard","meta":{"footnotes":""},"categories":[54,32,33,55,65],"tags":[],"class_list":["post-89825","post","type-post","status-publish","format-standard","has-post-thumbnail","hentry","category-actualite","category-enduro","category-news-enduro","category-news-actualite","category-slideshow"],"yoast_head":"<!-- This site is optimized with the Yoast SEO plugin v27.4 - https:\/\/yoast.com\/product\/yoast-seo-wordpress\/ -->\n<title>Antoine Magain se bat pour la victoire en France - Motocross - Enduro - Supermoto | MotocrossMag<\/title>\n<meta name=\"robots\" content=\"index, follow, max-snippet:-1, max-image-preview:large, max-video-preview:-1\" \/>\n<link rel=\"canonical\" href=\"https:\/\/fr.motocrossmag.be\/index.php\/2019\/06\/antoine-magain-se-bat-pour-la-victoire-en-france\/\" \/>\n<meta property=\"og:locale\" content=\"fr_FR\" \/>\n<meta property=\"og:type\" content=\"article\" \/>\n<meta property=\"og:title\" content=\"Antoine Magain se bat pour la victoire en France - Motocross - Enduro - Supermoto | MotocrossMag\" \/>\n<meta property=\"og:description\" content=\"Depuis plusieurs semaines, Antoine Magain enchaine les courses et les podiums. Le rendez-vous \u00e9tait pris le week-end dernier pour la 3\u00e8me manche du championnat de France \u00e0 Bar-sur-Seine, r\u00e9gion de [...]\" \/>\n<meta property=\"og:url\" content=\"https:\/\/fr.motocrossmag.be\/index.php\/2019\/06\/antoine-magain-se-bat-pour-la-victoire-en-france\/\" \/>\n<meta property=\"og:site_name\" content=\"Motocross - Enduro - Supermoto | MotocrossMag\" \/>\n<meta property=\"article:published_time\" content=\"2019-06-12T10:25:06+00:00\" \/>\n<meta property=\"og:image\" content=\"https:\/\/fr.motocrossmag.be\/wp-content\/uploads\/2019\/06\/IMG_0338_GF.jpg\" \/>\n\t<meta property=\"og:image:width\" content=\"1000\" \/>\n\t<meta property=\"og:image:height\" content=\"666\" \/>\n\t<meta property=\"og:image:type\" content=\"image\/jpeg\" \/>\n<meta name=\"author\" content=\"oliviere\" \/>\n<meta name=\"twitter:card\" content=\"summary_large_image\" \/>\n<meta name=\"twitter:label1\" content=\"\u00c9crit par\" \/>\n\t<meta name=\"twitter:data1\" content=\"oliviere\" \/>\n\t<meta name=\"twitter:label2\" content=\"Dur\u00e9e de lecture estim\u00e9e\" \/>\n\t<meta name=\"twitter:data2\" content=\"2 minutes\" \/>\n<script type=\"application\/ld+json\" class=\"yoast-schema-graph\">{\"@context\":\"https:\\\/\\\/schema.org\",\"@graph\":[{\"@type\":\"Article\",\"@id\":\"https:\\\/\\\/fr.motocrossmag.be\\\/index.php\\\/2019\\\/06\\\/antoine-magain-se-bat-pour-la-victoire-en-france\\\/#article\",\"isPartOf\":{\"@id\":\"https:\\\/\\\/fr.motocrossmag.be\\\/index.php\\\/2019\\\/06\\\/antoine-magain-se-bat-pour-la-victoire-en-france\\\/\"},\"author\":{\"name\":\"oliviere\",\"@id\":\"https:\\\/\\\/fr.motocrossmag.be\\\/#\\\/schema\\\/person\\\/11b47143d9f755babca2c9110e03235c\"},\"headline\":\"Antoine Magain se bat pour la victoire en France\",\"datePublished\":\"2019-06-12T10:25:06+00:00\",\"mainEntityOfPage\":{\"@id\":\"https:\\\/\\\/fr.motocrossmag.be\\\/index.php\\\/2019\\\/06\\\/antoine-magain-se-bat-pour-la-victoire-en-france\\\/\"},\"wordCount\":353,\"commentCount\":0,\"image\":{\"@id\":\"https:\\\/\\\/fr.motocrossmag.be\\\/index.php\\\/2019\\\/06\\\/antoine-magain-se-bat-pour-la-victoire-en-france\\\/#primaryimage\"},\"thumbnailUrl\":\"https:\\\/\\\/fr.motocrossmag.be\\\/wp-content\\\/uploads\\\/2019\\\/06\\\/IMG_0338_GF.jpg\",\"articleSection\":[\"Actualit\u00e9\",\"Enduro\",\"News\",\"News\",\"Slideshow\"],\"inLanguage\":\"fr-FR\",\"potentialAction\":[{\"@type\":\"CommentAction\",\"name\":\"Comment\",\"target\":[\"https:\\\/\\\/fr.motocrossmag.be\\\/index.php\\\/2019\\\/06\\\/antoine-magain-se-bat-pour-la-victoire-en-france\\\/#respond\"]}]},{\"@type\":\"WebPage\",\"@id\":\"https:\\\/\\\/fr.motocrossmag.be\\\/index.php\\\/2019\\\/06\\\/antoine-magain-se-bat-pour-la-victoire-en-france\\\/\",\"url\":\"https:\\\/\\\/fr.motocrossmag.be\\\/index.php\\\/2019\\\/06\\\/antoine-magain-se-bat-pour-la-victoire-en-france\\\/\",\"name\":\"Antoine Magain se bat pour la victoire en France - Motocross - Enduro - Supermoto | MotocrossMag\",\"isPartOf\":{\"@id\":\"https:\\\/\\\/fr.motocrossmag.be\\\/#website\"},\"primaryImageOfPage\":{\"@id\":\"https:\\\/\\\/fr.motocrossmag.be\\\/index.php\\\/2019\\\/06\\\/antoine-magain-se-bat-pour-la-victoire-en-france\\\/#primaryimage\"},\"image\":{\"@id\":\"https:\\\/\\\/fr.motocrossmag.be\\\/index.php\\\/2019\\\/06\\\/antoine-magain-se-bat-pour-la-victoire-en-france\\\/#primaryimage\"},\"thumbnailUrl\":\"https:\\\/\\\/fr.motocrossmag.be\\\/wp-content\\\/uploads\\\/2019\\\/06\\\/IMG_0338_GF.jpg\",\"datePublished\":\"2019-06-12T10:25:06+00:00\",\"author\":{\"@id\":\"https:\\\/\\\/fr.motocrossmag.be\\\/#\\\/schema\\\/person\\\/11b47143d9f755babca2c9110e03235c\"},\"breadcrumb\":{\"@id\":\"https:\\\/\\\/fr.motocrossmag.be\\\/index.php\\\/2019\\\/06\\\/antoine-magain-se-bat-pour-la-victoire-en-france\\\/#breadcrumb\"},\"inLanguage\":\"fr-FR\",\"potentialAction\":[{\"@type\":\"ReadAction\",\"target\":[\"https:\\\/\\\/fr.motocrossmag.be\\\/index.php\\\/2019\\\/06\\\/antoine-magain-se-bat-pour-la-victoire-en-france\\\/\"]}]},{\"@type\":\"ImageObject\",\"inLanguage\":\"fr-FR\",\"@id\":\"https:\\\/\\\/fr.motocrossmag.be\\\/index.php\\\/2019\\\/06\\\/antoine-magain-se-bat-pour-la-victoire-en-france\\\/#primaryimage\",\"url\":\"https:\\\/\\\/fr.motocrossmag.be\\\/wp-content\\\/uploads\\\/2019\\\/06\\\/IMG_0338_GF.jpg\",\"contentUrl\":\"https:\\\/\\\/fr.motocrossmag.be\\\/wp-content\\\/uploads\\\/2019\\\/06\\\/IMG_0338_GF.jpg\",\"width\":1000,\"height\":666},{\"@type\":\"BreadcrumbList\",\"@id\":\"https:\\\/\\\/fr.motocrossmag.be\\\/index.php\\\/2019\\\/06\\\/antoine-magain-se-bat-pour-la-victoire-en-france\\\/#breadcrumb\",\"itemListElement\":[{\"@type\":\"ListItem\",\"position\":1,\"name\":\"Accueil\",\"item\":\"https:\\\/\\\/fr.motocrossmag.be\\\/\"},{\"@type\":\"ListItem\",\"position\":2,\"name\":\"Antoine Magain se bat pour la victoire en France\"}]},{\"@type\":\"WebSite\",\"@id\":\"https:\\\/\\\/fr.motocrossmag.be\\\/#website\",\"url\":\"https:\\\/\\\/fr.motocrossmag.be\\\/\",\"name\":\"Motocross - Enduro - Supermoto | MotocrossMag\",\"description\":\"L&#039;actualit\u00e9 du motocross, de l&#039;enduro et du Supermoto en ligne!\",\"potentialAction\":[{\"@type\":\"SearchAction\",\"target\":{\"@type\":\"EntryPoint\",\"urlTemplate\":\"https:\\\/\\\/fr.motocrossmag.be\\\/?s={search_term_string}\"},\"query-input\":{\"@type\":\"PropertyValueSpecification\",\"valueRequired\":true,\"valueName\":\"search_term_string\"}}],\"inLanguage\":\"fr-FR\"},{\"@type\":\"Person\",\"@id\":\"https:\\\/\\\/fr.motocrossmag.be\\\/#\\\/schema\\\/person\\\/11b47143d9f755babca2c9110e03235c\",\"name\":\"oliviere\",\"image\":{\"@type\":\"ImageObject\",\"inLanguage\":\"fr-FR\",\"@id\":\"https:\\\/\\\/secure.gravatar.com\\\/avatar\\\/907069e0b81d119452040469e4a7501da1100f54f7f80180ce77bfab718288f6?s=96&d=mm&r=g\",\"url\":\"https:\\\/\\\/secure.gravatar.com\\\/avatar\\\/907069e0b81d119452040469e4a7501da1100f54f7f80180ce77bfab718288f6?s=96&d=mm&r=g\",\"contentUrl\":\"https:\\\/\\\/secure.gravatar.com\\\/avatar\\\/907069e0b81d119452040469e4a7501da1100f54f7f80180ce77bfab718288f6?s=96&d=mm&r=g\",\"caption\":\"oliviere\"},\"sameAs\":[\"http:\\\/\\\/www.motocrossmag.be\"],\"url\":\"https:\\\/\\\/fr.motocrossmag.be\\\/index.php\\\/author\\\/oliviere\\\/\"}]}<\/script>\n<!-- \/ Yoast SEO plugin. -->","yoast_head_json":{"title":"Antoine Magain se bat pour la victoire en France - Motocross - Enduro - Supermoto | MotocrossMag","robots":{"index":"index","follow":"follow","max-snippet":"max-snippet:-1","max-image-preview":"max-image-preview:large","max-video-preview":"max-video-preview:-1"},"canonical":"https:\/\/fr.motocrossmag.be\/index.php\/2019\/06\/antoine-magain-se-bat-pour-la-victoire-en-france\/","og_locale":"fr_FR","og_type":"article","og_title":"Antoine Magain se bat pour la victoire en France - Motocross - Enduro - Supermoto | MotocrossMag","og_description":"Depuis plusieurs semaines, Antoine Magain enchaine les courses et les podiums. Le rendez-vous \u00e9tait pris le week-end dernier pour la 3\u00e8me manche du championnat de France \u00e0 Bar-sur-Seine, r\u00e9gion de [...]","og_url":"https:\/\/fr.motocrossmag.be\/index.php\/2019\/06\/antoine-magain-se-bat-pour-la-victoire-en-france\/","og_site_name":"Motocross - Enduro - Supermoto | MotocrossMag","article_published_time":"2019-06-12T10:25:06+00:00","og_image":[{"width":1000,"height":666,"url":"https:\/\/fr.motocrossmag.be\/wp-content\/uploads\/2019\/06\/IMG_0338_GF.jpg","type":"image\/jpeg"}],"author":"oliviere","twitter_card":"summary_large_image","twitter_misc":{"\u00c9crit par":"oliviere","Dur\u00e9e de lecture estim\u00e9e":"2 minutes"},"schema":{"@context":"https:\/\/schema.org","@graph":[{"@type":"Article","@id":"https:\/\/fr.motocrossmag.be\/index.php\/2019\/06\/antoine-magain-se-bat-pour-la-victoire-en-france\/#article","isPartOf":{"@id":"https:\/\/fr.motocrossmag.be\/index.php\/2019\/06\/antoine-magain-se-bat-pour-la-victoire-en-france\/"},"author":{"name":"oliviere","@id":"https:\/\/fr.motocrossmag.be\/#\/schema\/person\/11b47143d9f755babca2c9110e03235c"},"headline":"Antoine Magain se bat pour la victoire en France","datePublished":"2019-06-12T10:25:06+00:00","mainEntityOfPage":{"@id":"https:\/\/fr.motocrossmag.be\/index.php\/2019\/06\/antoine-magain-se-bat-pour-la-victoire-en-france\/"},"wordCount":353,"commentCount":0,"image":{"@id":"https:\/\/fr.motocrossmag.be\/index.php\/2019\/06\/antoine-magain-se-bat-pour-la-victoire-en-france\/#primaryimage"},"thumbnailUrl":"https:\/\/fr.motocrossmag.be\/wp-content\/uploads\/2019\/06\/IMG_0338_GF.jpg","articleSection":["Actualit\u00e9","Enduro","News","News","Slideshow"],"inLanguage":"fr-FR","potentialAction":[{"@type":"CommentAction","name":"Comment","target":["https:\/\/fr.motocrossmag.be\/index.php\/2019\/06\/antoine-magain-se-bat-pour-la-victoire-en-france\/#respond"]}]},{"@type":"WebPage","@id":"https:\/\/fr.motocrossmag.be\/index.php\/2019\/06\/antoine-magain-se-bat-pour-la-victoire-en-france\/","url":"https:\/\/fr.motocrossmag.be\/index.php\/2019\/06\/antoine-magain-se-bat-pour-la-victoire-en-france\/","name":"Antoine Magain se bat pour la victoire en France - Motocross - Enduro - Supermoto | MotocrossMag","isPartOf":{"@id":"https:\/\/fr.motocrossmag.be\/#website"},"primaryImageOfPage":{"@id":"https:\/\/fr.motocrossmag.be\/index.php\/2019\/06\/antoine-magain-se-bat-pour-la-victoire-en-france\/#primaryimage"},"image":{"@id":"https:\/\/fr.motocrossmag.be\/index.php\/2019\/06\/antoine-magain-se-bat-pour-la-victoire-en-france\/#primaryimage"},"thumbnailUrl":"https:\/\/fr.motocrossmag.be\/wp-content\/uploads\/2019\/06\/IMG_0338_GF.jpg","datePublished":"2019-06-12T10:25:06+00:00","author":{"@id":"https:\/\/fr.motocrossmag.be\/#\/schema\/person\/11b47143d9f755babca2c9110e03235c"},"breadcrumb":{"@id":"https:\/\/fr.motocrossmag.be\/index.php\/2019\/06\/antoine-magain-se-bat-pour-la-victoire-en-france\/#breadcrumb"},"inLanguage":"fr-FR","potentialAction":[{"@type":"ReadAction","target":["https:\/\/fr.motocrossmag.be\/index.php\/2019\/06\/antoine-magain-se-bat-pour-la-victoire-en-france\/"]}]},{"@type":"ImageObject","inLanguage":"fr-FR","@id":"https:\/\/fr.motocrossmag.be\/index.php\/2019\/06\/antoine-magain-se-bat-pour-la-victoire-en-france\/#primaryimage","url":"https:\/\/fr.motocrossmag.be\/wp-content\/uploads\/2019\/06\/IMG_0338_GF.jpg","contentUrl":"https:\/\/fr.motocrossmag.be\/wp-content\/uploads\/2019\/06\/IMG_0338_GF.jpg","width":1000,"height":666},{"@type":"BreadcrumbList","@id":"https:\/\/fr.motocrossmag.be\/index.php\/2019\/06\/antoine-magain-se-bat-pour-la-victoire-en-france\/#breadcrumb","itemListElement":[{"@type":"ListItem","position":1,"name":"Accueil","item":"https:\/\/fr.motocrossmag.be\/"},{"@type":"ListItem","position":2,"name":"Antoine Magain se bat pour la victoire en France"}]},{"@type":"WebSite","@id":"https:\/\/fr.motocrossmag.be\/#website","url":"https:\/\/fr.motocrossmag.be\/","name":"Motocross - Enduro - Supermoto | MotocrossMag","description":"L&#039;actualit\u00e9 du motocross, de l&#039;enduro et du Supermoto en ligne!","potentialAction":[{"@type":"SearchAction","target":{"@type":"EntryPoint","urlTemplate":"https:\/\/fr.motocrossmag.be\/?s={search_term_string}"},"query-input":{"@type":"PropertyValueSpecification","valueRequired":true,"valueName":"search_term_string"}}],"inLanguage":"fr-FR"},{"@type":"Person","@id":"https:\/\/fr.motocrossmag.be\/#\/schema\/person\/11b47143d9f755babca2c9110e03235c","name":"oliviere","image":{"@type":"ImageObject","inLanguage":"fr-FR","@id":"https:\/\/secure.gravatar.com\/avatar\/907069e0b81d119452040469e4a7501da1100f54f7f80180ce77bfab718288f6?s=96&d=mm&r=g","url":"https:\/\/secure.gravatar.com\/avatar\/907069e0b81d119452040469e4a7501da1100f54f7f80180ce77bfab718288f6?s=96&d=mm&r=g","contentUrl":"https:\/\/secure.gravatar.com\/avatar\/907069e0b81d119452040469e4a7501da1100f54f7f80180ce77bfab718288f6?s=96&d=mm&r=g","caption":"oliviere"},"sameAs":["http:\/\/www.motocrossmag.be"],"url":"https:\/\/fr.motocrossmag.be\/index.php\/author\/oliviere\/"}]}},"_links":{"self":[{"href":"https:\/\/fr.motocrossmag.be\/index.php\/wp-json\/wp\/v2\/posts\/89825","targetHints":{"allow":["GET"]}}],"collection":[{"href":"https:\/\/fr.motocrossmag.be\/index.php\/wp-json\/wp\/v2\/posts"}],"about":[{"href":"https:\/\/fr.motocrossmag.be\/index.php\/wp-json\/wp\/v2\/types\/post"}],"author":[{"embeddable":true,"href":"https:\/\/fr.motocrossmag.be\/index.php\/wp-json\/wp\/v2\/users\/932"}],"replies":[{"embeddable":true,"href":"https:\/\/fr.motocrossmag.be\/index.php\/wp-json\/wp\/v2\/comments?post=89825"}],"version-history":[{"count":0,"href":"https:\/\/fr.motocrossmag.be\/index.php\/wp-json\/wp\/v2\/posts\/89825\/revisions"}],"wp:featuredmedia":[{"embeddable":true,"href":"https:\/\/fr.motocrossmag.be\/index.php\/wp-json\/wp\/v2\/media\/89827"}],"wp:attachment":[{"href":"https:\/\/fr.motocrossmag.be\/index.php\/wp-json\/wp\/v2\/media?parent=89825"}],"wp:term":[{"taxonomy":"category","embeddable":true,"href":"https:\/\/fr.motocrossmag.be\/index.php\/wp-json\/wp\/v2\/categories?post=89825"},{"taxonomy":"post_tag","embeddable":true,"href":"https:\/\/fr.motocrossmag.be\/index.php\/wp-json\/wp\/v2\/tags?post=89825"}],"curies":[{"name":"wp","href":"https:\/\/api.w.org\/{rel}","templated":true}]}}