{"id":90020,"date":"2019-06-15T11:21:16","date_gmt":"2019-06-15T09:21:16","guid":{"rendered":"https:\/\/fr.motocrossmag.be\/?p=90020"},"modified":"2019-06-15T11:21:16","modified_gmt":"2019-06-15T09:21:16","slug":"endurogp-une-super-test-a-suspens-pour-ouvrir-le-bal-en-grece","status":"publish","type":"post","link":"https:\/\/fr.motocrossmag.be\/index.php\/2019\/06\/endurogp-une-super-test-a-suspens-pour-ouvrir-le-bal-en-grece\/","title":{"rendered":"EnduroGP : une Super Test \u00e0 suspens pour ouvrir le bal en Gr\u00e8ce"},"content":{"rendered":"<p><strong>La 4\u00e8me Super Test de la saison a offert un sacr\u00e9 spectacle au tr\u00e8s nombreux public Hell\u00e8nes qui s\u2019\u00e9tait donn\u00e9 rendez-vous ce vendredi en fin d\u2019apr\u00e8s-midi sur le circuit de Serr\u00e8s, en Gr\u00e8ce, o\u00f9 se dispute ce week-end le 4\u00e8me round du championnat du monde EnduroGP.<\/strong><\/p>\n<p>Il y a eu du suspens \u00e0 Serr\u00e8s ce vendredi puisque nous avons eu le droit \u00e0 pas moins de 6 changements de leader entre Ruy BARBOSA (CL \u2013 Husqvarna), Brad FREEMAN (GB \u2013 Beta Boano), Andrea VERONA (I \u2013 TM), Matteo CAVALLO (I \u2013 Sherco), Thomas OLDRATI (I \u2013 Honda) et Lo\u00efc LARRIEU (F \u2013 TM).<br \/>\nEt \u00e0 la fin, c\u2019est l\u2019actuel leader de l\u2019EnduroGP, FREEMAN, qui s&rsquo;est impos\u00e9 avec un temps de 1\u201944\u2019\u201991 ! Il devance, pour 49 centi\u00e8mes son ex-co\u00e9quipier au sein du team Beta Boano et rival en E1, Matteo CAVALLO. Steve HOLCOMBE (GB \u2013 Beta) signe le troisi\u00e8me chrono en 1\u201946\u2019\u201982 juste devant LARRIEU et OLDRATI !<\/p>\n<p>Du c\u00f4t\u00e9 de la cat\u00e9gorie Junior, Andrea VERONA a donc domin\u00e9 les d\u00e9bats avec un temps de 1\u201947\u2019\u201943 juste devant le Chilien BARBOSA et l\u2019officiel Sherco Factory Th\u00e9o ESPINASSE (F).<br \/>\nEnfin, en cat\u00e9gorie Champion Lubricants Enduro Open World Cup, David KNIGHT (GB \u2013 TM) domine le scratch en 1\u201953\u2019\u201980 devant le Portugais Gon\u00e7alo REIS (Gas Gas \u2013 2\u201901\u2019\u201930) et le Belge Mathias VAN HOOF (Beta \u2013 2\u201910\u2019\u201955).<\/p>\n<p>&nbsp;<\/p>\n<p><iframe class=\"lazyload\" src=\"data:image\/svg+xml,%3Csvg%20xmlns%3D%27http%3A%2F%2Fwww.w3.org%2F2000%2Fsvg%27%20width%3D%27650%27%20height%3D%27366%27%20viewBox%3D%270%200%20650%20366%27%3E%3Crect%20width%3D%27650%27%20height%3D%27366%27%20fill-opacity%3D%220%22%2F%3E%3C%2Fsvg%3E\" data-orig-src=\"https:\/\/www.youtube.com\/embed\/1l-Q8gYLnXo\" width=\"650\" height=\"366\" frameborder=\"0\" allowfullscreen=\"allowfullscreen\"><\/iframe><\/p>\n","protected":false},"excerpt":{"rendered":"<p>La 4\u00e8me Super Test de la saison a offert un sacr\u00e9 spectacle au tr\u00e8s nombreux public Hell\u00e8nes qui s\u2019\u00e9tait donn\u00e9 rendez-vous ce vendredi en fin d\u2019apr\u00e8s-midi sur le circuit de [&#8230;]<\/p>\n","protected":false},"author":932,"featured_media":90021,"comment_status":"open","ping_status":"closed","sticky":false,"template":"","format":"standard","meta":{"footnotes":""},"categories":[54,32,34,33,55,65],"tags":[],"class_list":["post-90020","post","type-post","status-publish","format-standard","has-post-thumbnail","hentry","category-actualite","category-enduro","category-endurogp","category-news-enduro","category-news-actualite","category-slideshow"],"yoast_head":"<!-- This site is optimized with the Yoast SEO plugin v27.4 - https:\/\/yoast.com\/product\/yoast-seo-wordpress\/ -->\n<title>EnduroGP : une Super Test \u00e0 suspens pour ouvrir le bal en Gr\u00e8ce - Motocross - Enduro - Supermoto | MotocrossMag<\/title>\n<meta name=\"robots\" content=\"index, follow, max-snippet:-1, max-image-preview:large, max-video-preview:-1\" \/>\n<link rel=\"canonical\" href=\"https:\/\/fr.motocrossmag.be\/index.php\/2019\/06\/endurogp-une-super-test-a-suspens-pour-ouvrir-le-bal-en-grece\/\" \/>\n<meta property=\"og:locale\" content=\"fr_FR\" \/>\n<meta property=\"og:type\" content=\"article\" \/>\n<meta property=\"og:title\" content=\"EnduroGP : une Super Test \u00e0 suspens pour ouvrir le bal en Gr\u00e8ce - Motocross - Enduro - Supermoto | MotocrossMag\" \/>\n<meta property=\"og:description\" content=\"La 4\u00e8me Super Test de la saison a offert un sacr\u00e9 spectacle au tr\u00e8s nombreux public Hell\u00e8nes qui s\u2019\u00e9tait donn\u00e9 rendez-vous ce vendredi en fin d\u2019apr\u00e8s-midi sur le circuit de [...]\" \/>\n<meta property=\"og:url\" content=\"https:\/\/fr.motocrossmag.be\/index.php\/2019\/06\/endurogp-une-super-test-a-suspens-pour-ouvrir-le-bal-en-grece\/\" \/>\n<meta property=\"og:site_name\" content=\"Motocross - Enduro - Supermoto | MotocrossMag\" \/>\n<meta property=\"article:published_time\" content=\"2019-06-15T09:21:16+00:00\" \/>\n<meta property=\"og:image\" content=\"https:\/\/fr.motocrossmag.be\/wp-content\/uploads\/2019\/06\/enduroGP-grevce.jpg\" \/>\n\t<meta property=\"og:image:width\" content=\"600\" \/>\n\t<meta property=\"og:image:height\" content=\"400\" \/>\n\t<meta property=\"og:image:type\" content=\"image\/jpeg\" \/>\n<meta name=\"author\" content=\"oliviere\" \/>\n<meta name=\"twitter:card\" content=\"summary_large_image\" \/>\n<meta name=\"twitter:label1\" content=\"\u00c9crit par\" \/>\n\t<meta name=\"twitter:data1\" content=\"oliviere\" \/>\n\t<meta name=\"twitter:label2\" content=\"Dur\u00e9e de lecture estim\u00e9e\" \/>\n\t<meta name=\"twitter:data2\" content=\"1 minute\" \/>\n<script type=\"application\/ld+json\" class=\"yoast-schema-graph\">{\"@context\":\"https:\\\/\\\/schema.org\",\"@graph\":[{\"@type\":\"Article\",\"@id\":\"https:\\\/\\\/fr.motocrossmag.be\\\/index.php\\\/2019\\\/06\\\/endurogp-une-super-test-a-suspens-pour-ouvrir-le-bal-en-grece\\\/#article\",\"isPartOf\":{\"@id\":\"https:\\\/\\\/fr.motocrossmag.be\\\/index.php\\\/2019\\\/06\\\/endurogp-une-super-test-a-suspens-pour-ouvrir-le-bal-en-grece\\\/\"},\"author\":{\"name\":\"oliviere\",\"@id\":\"https:\\\/\\\/fr.motocrossmag.be\\\/#\\\/schema\\\/person\\\/11b47143d9f755babca2c9110e03235c\"},\"headline\":\"EnduroGP : une Super Test \u00e0 suspens pour ouvrir le bal en Gr\u00e8ce\",\"datePublished\":\"2019-06-15T09:21:16+00:00\",\"mainEntityOfPage\":{\"@id\":\"https:\\\/\\\/fr.motocrossmag.be\\\/index.php\\\/2019\\\/06\\\/endurogp-une-super-test-a-suspens-pour-ouvrir-le-bal-en-grece\\\/\"},\"wordCount\":238,\"commentCount\":0,\"image\":{\"@id\":\"https:\\\/\\\/fr.motocrossmag.be\\\/index.php\\\/2019\\\/06\\\/endurogp-une-super-test-a-suspens-pour-ouvrir-le-bal-en-grece\\\/#primaryimage\"},\"thumbnailUrl\":\"https:\\\/\\\/fr.motocrossmag.be\\\/wp-content\\\/uploads\\\/2019\\\/06\\\/enduroGP-grevce.jpg\",\"articleSection\":[\"Actualit\u00e9\",\"Enduro\",\"EnduroGP\",\"News\",\"News\",\"Slideshow\"],\"inLanguage\":\"fr-FR\",\"potentialAction\":[{\"@type\":\"CommentAction\",\"name\":\"Comment\",\"target\":[\"https:\\\/\\\/fr.motocrossmag.be\\\/index.php\\\/2019\\\/06\\\/endurogp-une-super-test-a-suspens-pour-ouvrir-le-bal-en-grece\\\/#respond\"]}]},{\"@type\":\"WebPage\",\"@id\":\"https:\\\/\\\/fr.motocrossmag.be\\\/index.php\\\/2019\\\/06\\\/endurogp-une-super-test-a-suspens-pour-ouvrir-le-bal-en-grece\\\/\",\"url\":\"https:\\\/\\\/fr.motocrossmag.be\\\/index.php\\\/2019\\\/06\\\/endurogp-une-super-test-a-suspens-pour-ouvrir-le-bal-en-grece\\\/\",\"name\":\"EnduroGP : une Super Test \u00e0 suspens pour ouvrir le bal en Gr\u00e8ce - Motocross - Enduro - Supermoto | MotocrossMag\",\"isPartOf\":{\"@id\":\"https:\\\/\\\/fr.motocrossmag.be\\\/#website\"},\"primaryImageOfPage\":{\"@id\":\"https:\\\/\\\/fr.motocrossmag.be\\\/index.php\\\/2019\\\/06\\\/endurogp-une-super-test-a-suspens-pour-ouvrir-le-bal-en-grece\\\/#primaryimage\"},\"image\":{\"@id\":\"https:\\\/\\\/fr.motocrossmag.be\\\/index.php\\\/2019\\\/06\\\/endurogp-une-super-test-a-suspens-pour-ouvrir-le-bal-en-grece\\\/#primaryimage\"},\"thumbnailUrl\":\"https:\\\/\\\/fr.motocrossmag.be\\\/wp-content\\\/uploads\\\/2019\\\/06\\\/enduroGP-grevce.jpg\",\"datePublished\":\"2019-06-15T09:21:16+00:00\",\"author\":{\"@id\":\"https:\\\/\\\/fr.motocrossmag.be\\\/#\\\/schema\\\/person\\\/11b47143d9f755babca2c9110e03235c\"},\"breadcrumb\":{\"@id\":\"https:\\\/\\\/fr.motocrossmag.be\\\/index.php\\\/2019\\\/06\\\/endurogp-une-super-test-a-suspens-pour-ouvrir-le-bal-en-grece\\\/#breadcrumb\"},\"inLanguage\":\"fr-FR\",\"potentialAction\":[{\"@type\":\"ReadAction\",\"target\":[\"https:\\\/\\\/fr.motocrossmag.be\\\/index.php\\\/2019\\\/06\\\/endurogp-une-super-test-a-suspens-pour-ouvrir-le-bal-en-grece\\\/\"]}]},{\"@type\":\"ImageObject\",\"inLanguage\":\"fr-FR\",\"@id\":\"https:\\\/\\\/fr.motocrossmag.be\\\/index.php\\\/2019\\\/06\\\/endurogp-une-super-test-a-suspens-pour-ouvrir-le-bal-en-grece\\\/#primaryimage\",\"url\":\"https:\\\/\\\/fr.motocrossmag.be\\\/wp-content\\\/uploads\\\/2019\\\/06\\\/enduroGP-grevce.jpg\",\"contentUrl\":\"https:\\\/\\\/fr.motocrossmag.be\\\/wp-content\\\/uploads\\\/2019\\\/06\\\/enduroGP-grevce.jpg\",\"width\":600,\"height\":400},{\"@type\":\"BreadcrumbList\",\"@id\":\"https:\\\/\\\/fr.motocrossmag.be\\\/index.php\\\/2019\\\/06\\\/endurogp-une-super-test-a-suspens-pour-ouvrir-le-bal-en-grece\\\/#breadcrumb\",\"itemListElement\":[{\"@type\":\"ListItem\",\"position\":1,\"name\":\"Accueil\",\"item\":\"https:\\\/\\\/fr.motocrossmag.be\\\/\"},{\"@type\":\"ListItem\",\"position\":2,\"name\":\"EnduroGP : une Super Test \u00e0 suspens pour ouvrir le bal en Gr\u00e8ce\"}]},{\"@type\":\"WebSite\",\"@id\":\"https:\\\/\\\/fr.motocrossmag.be\\\/#website\",\"url\":\"https:\\\/\\\/fr.motocrossmag.be\\\/\",\"name\":\"Motocross - Enduro - Supermoto | MotocrossMag\",\"description\":\"L&#039;actualit\u00e9 du motocross, de l&#039;enduro et du Supermoto en ligne!\",\"potentialAction\":[{\"@type\":\"SearchAction\",\"target\":{\"@type\":\"EntryPoint\",\"urlTemplate\":\"https:\\\/\\\/fr.motocrossmag.be\\\/?s={search_term_string}\"},\"query-input\":{\"@type\":\"PropertyValueSpecification\",\"valueRequired\":true,\"valueName\":\"search_term_string\"}}],\"inLanguage\":\"fr-FR\"},{\"@type\":\"Person\",\"@id\":\"https:\\\/\\\/fr.motocrossmag.be\\\/#\\\/schema\\\/person\\\/11b47143d9f755babca2c9110e03235c\",\"name\":\"oliviere\",\"image\":{\"@type\":\"ImageObject\",\"inLanguage\":\"fr-FR\",\"@id\":\"https:\\\/\\\/secure.gravatar.com\\\/avatar\\\/907069e0b81d119452040469e4a7501da1100f54f7f80180ce77bfab718288f6?s=96&d=mm&r=g\",\"url\":\"https:\\\/\\\/secure.gravatar.com\\\/avatar\\\/907069e0b81d119452040469e4a7501da1100f54f7f80180ce77bfab718288f6?s=96&d=mm&r=g\",\"contentUrl\":\"https:\\\/\\\/secure.gravatar.com\\\/avatar\\\/907069e0b81d119452040469e4a7501da1100f54f7f80180ce77bfab718288f6?s=96&d=mm&r=g\",\"caption\":\"oliviere\"},\"sameAs\":[\"http:\\\/\\\/www.motocrossmag.be\"],\"url\":\"https:\\\/\\\/fr.motocrossmag.be\\\/index.php\\\/author\\\/oliviere\\\/\"}]}<\/script>\n<!-- \/ Yoast SEO plugin. -->","yoast_head_json":{"title":"EnduroGP : une Super Test \u00e0 suspens pour ouvrir le bal en Gr\u00e8ce - Motocross - Enduro - Supermoto | MotocrossMag","robots":{"index":"index","follow":"follow","max-snippet":"max-snippet:-1","max-image-preview":"max-image-preview:large","max-video-preview":"max-video-preview:-1"},"canonical":"https:\/\/fr.motocrossmag.be\/index.php\/2019\/06\/endurogp-une-super-test-a-suspens-pour-ouvrir-le-bal-en-grece\/","og_locale":"fr_FR","og_type":"article","og_title":"EnduroGP : une Super Test \u00e0 suspens pour ouvrir le bal en Gr\u00e8ce - Motocross - Enduro - Supermoto | MotocrossMag","og_description":"La 4\u00e8me Super Test de la saison a offert un sacr\u00e9 spectacle au tr\u00e8s nombreux public Hell\u00e8nes qui s\u2019\u00e9tait donn\u00e9 rendez-vous ce vendredi en fin d\u2019apr\u00e8s-midi sur le circuit de [...]","og_url":"https:\/\/fr.motocrossmag.be\/index.php\/2019\/06\/endurogp-une-super-test-a-suspens-pour-ouvrir-le-bal-en-grece\/","og_site_name":"Motocross - Enduro - Supermoto | MotocrossMag","article_published_time":"2019-06-15T09:21:16+00:00","og_image":[{"width":600,"height":400,"url":"https:\/\/fr.motocrossmag.be\/wp-content\/uploads\/2019\/06\/enduroGP-grevce.jpg","type":"image\/jpeg"}],"author":"oliviere","twitter_card":"summary_large_image","twitter_misc":{"\u00c9crit par":"oliviere","Dur\u00e9e de lecture estim\u00e9e":"1 minute"},"schema":{"@context":"https:\/\/schema.org","@graph":[{"@type":"Article","@id":"https:\/\/fr.motocrossmag.be\/index.php\/2019\/06\/endurogp-une-super-test-a-suspens-pour-ouvrir-le-bal-en-grece\/#article","isPartOf":{"@id":"https:\/\/fr.motocrossmag.be\/index.php\/2019\/06\/endurogp-une-super-test-a-suspens-pour-ouvrir-le-bal-en-grece\/"},"author":{"name":"oliviere","@id":"https:\/\/fr.motocrossmag.be\/#\/schema\/person\/11b47143d9f755babca2c9110e03235c"},"headline":"EnduroGP : une Super Test \u00e0 suspens pour ouvrir le bal en Gr\u00e8ce","datePublished":"2019-06-15T09:21:16+00:00","mainEntityOfPage":{"@id":"https:\/\/fr.motocrossmag.be\/index.php\/2019\/06\/endurogp-une-super-test-a-suspens-pour-ouvrir-le-bal-en-grece\/"},"wordCount":238,"commentCount":0,"image":{"@id":"https:\/\/fr.motocrossmag.be\/index.php\/2019\/06\/endurogp-une-super-test-a-suspens-pour-ouvrir-le-bal-en-grece\/#primaryimage"},"thumbnailUrl":"https:\/\/fr.motocrossmag.be\/wp-content\/uploads\/2019\/06\/enduroGP-grevce.jpg","articleSection":["Actualit\u00e9","Enduro","EnduroGP","News","News","Slideshow"],"inLanguage":"fr-FR","potentialAction":[{"@type":"CommentAction","name":"Comment","target":["https:\/\/fr.motocrossmag.be\/index.php\/2019\/06\/endurogp-une-super-test-a-suspens-pour-ouvrir-le-bal-en-grece\/#respond"]}]},{"@type":"WebPage","@id":"https:\/\/fr.motocrossmag.be\/index.php\/2019\/06\/endurogp-une-super-test-a-suspens-pour-ouvrir-le-bal-en-grece\/","url":"https:\/\/fr.motocrossmag.be\/index.php\/2019\/06\/endurogp-une-super-test-a-suspens-pour-ouvrir-le-bal-en-grece\/","name":"EnduroGP : une Super Test \u00e0 suspens pour ouvrir le bal en Gr\u00e8ce - Motocross - Enduro - Supermoto | MotocrossMag","isPartOf":{"@id":"https:\/\/fr.motocrossmag.be\/#website"},"primaryImageOfPage":{"@id":"https:\/\/fr.motocrossmag.be\/index.php\/2019\/06\/endurogp-une-super-test-a-suspens-pour-ouvrir-le-bal-en-grece\/#primaryimage"},"image":{"@id":"https:\/\/fr.motocrossmag.be\/index.php\/2019\/06\/endurogp-une-super-test-a-suspens-pour-ouvrir-le-bal-en-grece\/#primaryimage"},"thumbnailUrl":"https:\/\/fr.motocrossmag.be\/wp-content\/uploads\/2019\/06\/enduroGP-grevce.jpg","datePublished":"2019-06-15T09:21:16+00:00","author":{"@id":"https:\/\/fr.motocrossmag.be\/#\/schema\/person\/11b47143d9f755babca2c9110e03235c"},"breadcrumb":{"@id":"https:\/\/fr.motocrossmag.be\/index.php\/2019\/06\/endurogp-une-super-test-a-suspens-pour-ouvrir-le-bal-en-grece\/#breadcrumb"},"inLanguage":"fr-FR","potentialAction":[{"@type":"ReadAction","target":["https:\/\/fr.motocrossmag.be\/index.php\/2019\/06\/endurogp-une-super-test-a-suspens-pour-ouvrir-le-bal-en-grece\/"]}]},{"@type":"ImageObject","inLanguage":"fr-FR","@id":"https:\/\/fr.motocrossmag.be\/index.php\/2019\/06\/endurogp-une-super-test-a-suspens-pour-ouvrir-le-bal-en-grece\/#primaryimage","url":"https:\/\/fr.motocrossmag.be\/wp-content\/uploads\/2019\/06\/enduroGP-grevce.jpg","contentUrl":"https:\/\/fr.motocrossmag.be\/wp-content\/uploads\/2019\/06\/enduroGP-grevce.jpg","width":600,"height":400},{"@type":"BreadcrumbList","@id":"https:\/\/fr.motocrossmag.be\/index.php\/2019\/06\/endurogp-une-super-test-a-suspens-pour-ouvrir-le-bal-en-grece\/#breadcrumb","itemListElement":[{"@type":"ListItem","position":1,"name":"Accueil","item":"https:\/\/fr.motocrossmag.be\/"},{"@type":"ListItem","position":2,"name":"EnduroGP : une Super Test \u00e0 suspens pour ouvrir le bal en Gr\u00e8ce"}]},{"@type":"WebSite","@id":"https:\/\/fr.motocrossmag.be\/#website","url":"https:\/\/fr.motocrossmag.be\/","name":"Motocross - Enduro - Supermoto | MotocrossMag","description":"L&#039;actualit\u00e9 du motocross, de l&#039;enduro et du Supermoto en ligne!","potentialAction":[{"@type":"SearchAction","target":{"@type":"EntryPoint","urlTemplate":"https:\/\/fr.motocrossmag.be\/?s={search_term_string}"},"query-input":{"@type":"PropertyValueSpecification","valueRequired":true,"valueName":"search_term_string"}}],"inLanguage":"fr-FR"},{"@type":"Person","@id":"https:\/\/fr.motocrossmag.be\/#\/schema\/person\/11b47143d9f755babca2c9110e03235c","name":"oliviere","image":{"@type":"ImageObject","inLanguage":"fr-FR","@id":"https:\/\/secure.gravatar.com\/avatar\/907069e0b81d119452040469e4a7501da1100f54f7f80180ce77bfab718288f6?s=96&d=mm&r=g","url":"https:\/\/secure.gravatar.com\/avatar\/907069e0b81d119452040469e4a7501da1100f54f7f80180ce77bfab718288f6?s=96&d=mm&r=g","contentUrl":"https:\/\/secure.gravatar.com\/avatar\/907069e0b81d119452040469e4a7501da1100f54f7f80180ce77bfab718288f6?s=96&d=mm&r=g","caption":"oliviere"},"sameAs":["http:\/\/www.motocrossmag.be"],"url":"https:\/\/fr.motocrossmag.be\/index.php\/author\/oliviere\/"}]}},"_links":{"self":[{"href":"https:\/\/fr.motocrossmag.be\/index.php\/wp-json\/wp\/v2\/posts\/90020","targetHints":{"allow":["GET"]}}],"collection":[{"href":"https:\/\/fr.motocrossmag.be\/index.php\/wp-json\/wp\/v2\/posts"}],"about":[{"href":"https:\/\/fr.motocrossmag.be\/index.php\/wp-json\/wp\/v2\/types\/post"}],"author":[{"embeddable":true,"href":"https:\/\/fr.motocrossmag.be\/index.php\/wp-json\/wp\/v2\/users\/932"}],"replies":[{"embeddable":true,"href":"https:\/\/fr.motocrossmag.be\/index.php\/wp-json\/wp\/v2\/comments?post=90020"}],"version-history":[{"count":0,"href":"https:\/\/fr.motocrossmag.be\/index.php\/wp-json\/wp\/v2\/posts\/90020\/revisions"}],"wp:featuredmedia":[{"embeddable":true,"href":"https:\/\/fr.motocrossmag.be\/index.php\/wp-json\/wp\/v2\/media\/90021"}],"wp:attachment":[{"href":"https:\/\/fr.motocrossmag.be\/index.php\/wp-json\/wp\/v2\/media?parent=90020"}],"wp:term":[{"taxonomy":"category","embeddable":true,"href":"https:\/\/fr.motocrossmag.be\/index.php\/wp-json\/wp\/v2\/categories?post=90020"},{"taxonomy":"post_tag","embeddable":true,"href":"https:\/\/fr.motocrossmag.be\/index.php\/wp-json\/wp\/v2\/tags?post=90020"}],"curies":[{"name":"wp","href":"https:\/\/api.w.org\/{rel}","templated":true}]}}