{"id":90059,"date":"2019-06-16T22:22:06","date_gmt":"2019-06-16T20:22:06","guid":{"rendered":"https:\/\/fr.motocrossmag.be\/?p=90059"},"modified":"2019-06-16T22:22:06","modified_gmt":"2019-06-16T20:22:06","slug":"world-cup-enduro-mathias-van-hoof-victorieux-en-grece","status":"publish","type":"post","link":"https:\/\/fr.motocrossmag.be\/index.php\/2019\/06\/world-cup-enduro-mathias-van-hoof-victorieux-en-grece\/","title":{"rendered":"World Cup Enduro : Mathias Van Hoof victorieux en Gr\u00e8ce"},"content":{"rendered":"<p><strong>Mathias Van Hoof a d\u00e9cid\u00e9ment le vent en poupe. Apr\u00e8s une s\u00e9rie de belles performances \u00e0 Epernay, Rocroi et Saint-Hubert sur le championnat de Belgique, le pilote Beta s&rsquo;est impos\u00e9 ce dimanche en Gr\u00e8ce sur la World Cup Open d&rsquo;enduro en cat\u00e9gorie 4-temps.<\/strong><\/p>\n<p><img decoding=\"async\" class=\"lazyload alignnone size-full wp-image-90060\" src=\"https:\/\/fr.motocrossmag.be\/wp-content\/uploads\/2019\/06\/podium-endurogp-vanhoof.jpg\" data-orig-src=\"https:\/\/fr.motocrossmag.be\/wp-content\/uploads\/2019\/06\/podium-endurogp-vanhoof.jpg\" alt=\"\" width=\"600\" height=\"600\" srcset=\"data:image\/svg+xml,%3Csvg%20xmlns%3D%27http%3A%2F%2Fwww.w3.org%2F2000%2Fsvg%27%20width%3D%27600%27%20height%3D%27600%27%20viewBox%3D%270%200%20600%20600%27%3E%3Crect%20width%3D%27600%27%20height%3D%27600%27%20fill-opacity%3D%220%22%2F%3E%3C%2Fsvg%3E\" data-srcset=\"https:\/\/fr.motocrossmag.be\/wp-content\/uploads\/2019\/06\/podium-endurogp-vanhoof-50x50.jpg 50w, https:\/\/fr.motocrossmag.be\/wp-content\/uploads\/2019\/06\/podium-endurogp-vanhoof-150x150.jpg 150w, https:\/\/fr.motocrossmag.be\/wp-content\/uploads\/2019\/06\/podium-endurogp-vanhoof.jpg 600w\" data-sizes=\"auto\" data-orig-sizes=\"(max-width: 600px) 100vw, 600px\" \/><\/p>\n<p>Vainqueur vendredi soir de la Super Test, Mathias \u00e9tait pourtant contraint \u00e0 l&rsquo;abandon le samedi \u00e0 cause d&rsquo;un \u00e9chappement et d&rsquo;un radiateur endommag\u00e9s. Bien d\u00e9cid\u00e9 \u00e0 prendre sa revanche aujourd&rsquo;hui, le poulain de Bengt Laeremans n&rsquo;a pas fait dans le d\u00e9tail puisqu&rsquo;il signe sa premi\u00e8re victoire de la saison sur la World Cup, pas tr\u00e8s loin d&rsquo;un certain David Knight, engag\u00e9 pour sa part au guidon d&rsquo;une TM chez les Seniors.<\/p>\n<blockquote><p>\u00ab\u00a0J&rsquo;ai beaucoup travaill\u00e9. Aujourd&rsquo;hui, je r\u00e9colte les fruits de ce travail.\u00a0\u00bb<\/p><\/blockquote>\n<p>\u00ab\u00a0Lorsque je suis arriv\u00e9 sur le mondial en Allemagne, je ne savais pas \u00e0 quoi m&rsquo;attendre\u00a0\u00bb, commente Van Hoof. \u00ab\u00a0Mais depuis le Portugal, il est devenu clair que je peux jouer les premiers r\u00f4les sur le championnat. Je suis \u00e9videmment tr\u00e8s heureux de cette premi\u00e8re victoire en EnduroGP World Cup Open. J&rsquo;ai beaucoup travaill\u00e9 pour cela mais il est fantastique aujourd&rsquo;hui de r\u00e9colter enfin les fruits de ce travail. Pas uniquement pour moi-m\u00eame mais aussi pour tous les gens qui croient en moi et me soutiennent dans cette aventure !\u00a0\u00bb<\/p>\n","protected":false},"excerpt":{"rendered":"<p>Mathias Van Hoof a d\u00e9cid\u00e9ment le vent en poupe. Apr\u00e8s une s\u00e9rie de belles performances \u00e0 Epernay, Rocroi et Saint-Hubert sur le championnat de Belgique, le pilote Beta s&rsquo;est impos\u00e9 [&#8230;]<\/p>\n","protected":false},"author":932,"featured_media":90061,"comment_status":"open","ping_status":"closed","sticky":false,"template":"","format":"standard","meta":{"footnotes":""},"categories":[54,32,34,33,55,65],"tags":[],"class_list":["post-90059","post","type-post","status-publish","format-standard","has-post-thumbnail","hentry","category-actualite","category-enduro","category-endurogp","category-news-enduro","category-news-actualite","category-slideshow"],"yoast_head":"<!-- This site is optimized with the Yoast SEO plugin v27.4 - https:\/\/yoast.com\/product\/yoast-seo-wordpress\/ -->\n<title>World Cup Enduro : Mathias Van Hoof victorieux en Gr\u00e8ce - Motocross - Enduro - Supermoto | MotocrossMag<\/title>\n<meta name=\"robots\" content=\"index, follow, max-snippet:-1, max-image-preview:large, max-video-preview:-1\" \/>\n<link rel=\"canonical\" href=\"https:\/\/fr.motocrossmag.be\/index.php\/2019\/06\/world-cup-enduro-mathias-van-hoof-victorieux-en-grece\/\" \/>\n<meta property=\"og:locale\" content=\"fr_FR\" \/>\n<meta property=\"og:type\" content=\"article\" \/>\n<meta property=\"og:title\" content=\"World Cup Enduro : Mathias Van Hoof victorieux en Gr\u00e8ce - Motocross - Enduro - Supermoto | MotocrossMag\" \/>\n<meta property=\"og:description\" content=\"Mathias Van Hoof a d\u00e9cid\u00e9ment le vent en poupe. Apr\u00e8s une s\u00e9rie de belles performances \u00e0 Epernay, Rocroi et Saint-Hubert sur le championnat de Belgique, le pilote Beta s&rsquo;est impos\u00e9 [...]\" \/>\n<meta property=\"og:url\" content=\"https:\/\/fr.motocrossmag.be\/index.php\/2019\/06\/world-cup-enduro-mathias-van-hoof-victorieux-en-grece\/\" \/>\n<meta property=\"og:site_name\" content=\"Motocross - Enduro - Supermoto | MotocrossMag\" \/>\n<meta property=\"article:published_time\" content=\"2019-06-16T20:22:06+00:00\" \/>\n<meta property=\"og:image\" content=\"https:\/\/fr.motocrossmag.be\/wp-content\/uploads\/2019\/06\/endurogp-vanhoof.jpg\" \/>\n\t<meta property=\"og:image:width\" content=\"964\" \/>\n\t<meta property=\"og:image:height\" content=\"600\" \/>\n\t<meta property=\"og:image:type\" content=\"image\/jpeg\" \/>\n<meta name=\"author\" content=\"oliviere\" \/>\n<meta name=\"twitter:card\" content=\"summary_large_image\" \/>\n<meta name=\"twitter:label1\" content=\"\u00c9crit par\" \/>\n\t<meta name=\"twitter:data1\" content=\"oliviere\" \/>\n\t<meta name=\"twitter:label2\" content=\"Dur\u00e9e de lecture estim\u00e9e\" \/>\n\t<meta name=\"twitter:data2\" content=\"1 minute\" \/>\n<script type=\"application\/ld+json\" class=\"yoast-schema-graph\">{\"@context\":\"https:\\\/\\\/schema.org\",\"@graph\":[{\"@type\":\"Article\",\"@id\":\"https:\\\/\\\/fr.motocrossmag.be\\\/index.php\\\/2019\\\/06\\\/world-cup-enduro-mathias-van-hoof-victorieux-en-grece\\\/#article\",\"isPartOf\":{\"@id\":\"https:\\\/\\\/fr.motocrossmag.be\\\/index.php\\\/2019\\\/06\\\/world-cup-enduro-mathias-van-hoof-victorieux-en-grece\\\/\"},\"author\":{\"name\":\"oliviere\",\"@id\":\"https:\\\/\\\/fr.motocrossmag.be\\\/#\\\/schema\\\/person\\\/11b47143d9f755babca2c9110e03235c\"},\"headline\":\"World Cup Enduro : Mathias Van Hoof victorieux en Gr\u00e8ce\",\"datePublished\":\"2019-06-16T20:22:06+00:00\",\"mainEntityOfPage\":{\"@id\":\"https:\\\/\\\/fr.motocrossmag.be\\\/index.php\\\/2019\\\/06\\\/world-cup-enduro-mathias-van-hoof-victorieux-en-grece\\\/\"},\"wordCount\":251,\"commentCount\":0,\"image\":{\"@id\":\"https:\\\/\\\/fr.motocrossmag.be\\\/index.php\\\/2019\\\/06\\\/world-cup-enduro-mathias-van-hoof-victorieux-en-grece\\\/#primaryimage\"},\"thumbnailUrl\":\"https:\\\/\\\/fr.motocrossmag.be\\\/wp-content\\\/uploads\\\/2019\\\/06\\\/endurogp-vanhoof.jpg\",\"articleSection\":[\"Actualit\u00e9\",\"Enduro\",\"EnduroGP\",\"News\",\"News\",\"Slideshow\"],\"inLanguage\":\"fr-FR\",\"potentialAction\":[{\"@type\":\"CommentAction\",\"name\":\"Comment\",\"target\":[\"https:\\\/\\\/fr.motocrossmag.be\\\/index.php\\\/2019\\\/06\\\/world-cup-enduro-mathias-van-hoof-victorieux-en-grece\\\/#respond\"]}]},{\"@type\":\"WebPage\",\"@id\":\"https:\\\/\\\/fr.motocrossmag.be\\\/index.php\\\/2019\\\/06\\\/world-cup-enduro-mathias-van-hoof-victorieux-en-grece\\\/\",\"url\":\"https:\\\/\\\/fr.motocrossmag.be\\\/index.php\\\/2019\\\/06\\\/world-cup-enduro-mathias-van-hoof-victorieux-en-grece\\\/\",\"name\":\"World Cup Enduro : Mathias Van Hoof victorieux en Gr\u00e8ce - Motocross - Enduro - Supermoto | MotocrossMag\",\"isPartOf\":{\"@id\":\"https:\\\/\\\/fr.motocrossmag.be\\\/#website\"},\"primaryImageOfPage\":{\"@id\":\"https:\\\/\\\/fr.motocrossmag.be\\\/index.php\\\/2019\\\/06\\\/world-cup-enduro-mathias-van-hoof-victorieux-en-grece\\\/#primaryimage\"},\"image\":{\"@id\":\"https:\\\/\\\/fr.motocrossmag.be\\\/index.php\\\/2019\\\/06\\\/world-cup-enduro-mathias-van-hoof-victorieux-en-grece\\\/#primaryimage\"},\"thumbnailUrl\":\"https:\\\/\\\/fr.motocrossmag.be\\\/wp-content\\\/uploads\\\/2019\\\/06\\\/endurogp-vanhoof.jpg\",\"datePublished\":\"2019-06-16T20:22:06+00:00\",\"author\":{\"@id\":\"https:\\\/\\\/fr.motocrossmag.be\\\/#\\\/schema\\\/person\\\/11b47143d9f755babca2c9110e03235c\"},\"breadcrumb\":{\"@id\":\"https:\\\/\\\/fr.motocrossmag.be\\\/index.php\\\/2019\\\/06\\\/world-cup-enduro-mathias-van-hoof-victorieux-en-grece\\\/#breadcrumb\"},\"inLanguage\":\"fr-FR\",\"potentialAction\":[{\"@type\":\"ReadAction\",\"target\":[\"https:\\\/\\\/fr.motocrossmag.be\\\/index.php\\\/2019\\\/06\\\/world-cup-enduro-mathias-van-hoof-victorieux-en-grece\\\/\"]}]},{\"@type\":\"ImageObject\",\"inLanguage\":\"fr-FR\",\"@id\":\"https:\\\/\\\/fr.motocrossmag.be\\\/index.php\\\/2019\\\/06\\\/world-cup-enduro-mathias-van-hoof-victorieux-en-grece\\\/#primaryimage\",\"url\":\"https:\\\/\\\/fr.motocrossmag.be\\\/wp-content\\\/uploads\\\/2019\\\/06\\\/endurogp-vanhoof.jpg\",\"contentUrl\":\"https:\\\/\\\/fr.motocrossmag.be\\\/wp-content\\\/uploads\\\/2019\\\/06\\\/endurogp-vanhoof.jpg\",\"width\":964,\"height\":600},{\"@type\":\"BreadcrumbList\",\"@id\":\"https:\\\/\\\/fr.motocrossmag.be\\\/index.php\\\/2019\\\/06\\\/world-cup-enduro-mathias-van-hoof-victorieux-en-grece\\\/#breadcrumb\",\"itemListElement\":[{\"@type\":\"ListItem\",\"position\":1,\"name\":\"Accueil\",\"item\":\"https:\\\/\\\/fr.motocrossmag.be\\\/\"},{\"@type\":\"ListItem\",\"position\":2,\"name\":\"World Cup Enduro : Mathias Van Hoof victorieux en Gr\u00e8ce\"}]},{\"@type\":\"WebSite\",\"@id\":\"https:\\\/\\\/fr.motocrossmag.be\\\/#website\",\"url\":\"https:\\\/\\\/fr.motocrossmag.be\\\/\",\"name\":\"Motocross - Enduro - Supermoto | MotocrossMag\",\"description\":\"L&#039;actualit\u00e9 du motocross, de l&#039;enduro et du Supermoto en ligne!\",\"potentialAction\":[{\"@type\":\"SearchAction\",\"target\":{\"@type\":\"EntryPoint\",\"urlTemplate\":\"https:\\\/\\\/fr.motocrossmag.be\\\/?s={search_term_string}\"},\"query-input\":{\"@type\":\"PropertyValueSpecification\",\"valueRequired\":true,\"valueName\":\"search_term_string\"}}],\"inLanguage\":\"fr-FR\"},{\"@type\":\"Person\",\"@id\":\"https:\\\/\\\/fr.motocrossmag.be\\\/#\\\/schema\\\/person\\\/11b47143d9f755babca2c9110e03235c\",\"name\":\"oliviere\",\"image\":{\"@type\":\"ImageObject\",\"inLanguage\":\"fr-FR\",\"@id\":\"https:\\\/\\\/secure.gravatar.com\\\/avatar\\\/907069e0b81d119452040469e4a7501da1100f54f7f80180ce77bfab718288f6?s=96&d=mm&r=g\",\"url\":\"https:\\\/\\\/secure.gravatar.com\\\/avatar\\\/907069e0b81d119452040469e4a7501da1100f54f7f80180ce77bfab718288f6?s=96&d=mm&r=g\",\"contentUrl\":\"https:\\\/\\\/secure.gravatar.com\\\/avatar\\\/907069e0b81d119452040469e4a7501da1100f54f7f80180ce77bfab718288f6?s=96&d=mm&r=g\",\"caption\":\"oliviere\"},\"sameAs\":[\"http:\\\/\\\/www.motocrossmag.be\"],\"url\":\"https:\\\/\\\/fr.motocrossmag.be\\\/index.php\\\/author\\\/oliviere\\\/\"}]}<\/script>\n<!-- \/ Yoast SEO plugin. -->","yoast_head_json":{"title":"World Cup Enduro : Mathias Van Hoof victorieux en Gr\u00e8ce - Motocross - Enduro - Supermoto | MotocrossMag","robots":{"index":"index","follow":"follow","max-snippet":"max-snippet:-1","max-image-preview":"max-image-preview:large","max-video-preview":"max-video-preview:-1"},"canonical":"https:\/\/fr.motocrossmag.be\/index.php\/2019\/06\/world-cup-enduro-mathias-van-hoof-victorieux-en-grece\/","og_locale":"fr_FR","og_type":"article","og_title":"World Cup Enduro : Mathias Van Hoof victorieux en Gr\u00e8ce - Motocross - Enduro - Supermoto | MotocrossMag","og_description":"Mathias Van Hoof a d\u00e9cid\u00e9ment le vent en poupe. Apr\u00e8s une s\u00e9rie de belles performances \u00e0 Epernay, Rocroi et Saint-Hubert sur le championnat de Belgique, le pilote Beta s&rsquo;est impos\u00e9 [...]","og_url":"https:\/\/fr.motocrossmag.be\/index.php\/2019\/06\/world-cup-enduro-mathias-van-hoof-victorieux-en-grece\/","og_site_name":"Motocross - Enduro - Supermoto | MotocrossMag","article_published_time":"2019-06-16T20:22:06+00:00","og_image":[{"width":964,"height":600,"url":"https:\/\/fr.motocrossmag.be\/wp-content\/uploads\/2019\/06\/endurogp-vanhoof.jpg","type":"image\/jpeg"}],"author":"oliviere","twitter_card":"summary_large_image","twitter_misc":{"\u00c9crit par":"oliviere","Dur\u00e9e de lecture estim\u00e9e":"1 minute"},"schema":{"@context":"https:\/\/schema.org","@graph":[{"@type":"Article","@id":"https:\/\/fr.motocrossmag.be\/index.php\/2019\/06\/world-cup-enduro-mathias-van-hoof-victorieux-en-grece\/#article","isPartOf":{"@id":"https:\/\/fr.motocrossmag.be\/index.php\/2019\/06\/world-cup-enduro-mathias-van-hoof-victorieux-en-grece\/"},"author":{"name":"oliviere","@id":"https:\/\/fr.motocrossmag.be\/#\/schema\/person\/11b47143d9f755babca2c9110e03235c"},"headline":"World Cup Enduro : Mathias Van Hoof victorieux en Gr\u00e8ce","datePublished":"2019-06-16T20:22:06+00:00","mainEntityOfPage":{"@id":"https:\/\/fr.motocrossmag.be\/index.php\/2019\/06\/world-cup-enduro-mathias-van-hoof-victorieux-en-grece\/"},"wordCount":251,"commentCount":0,"image":{"@id":"https:\/\/fr.motocrossmag.be\/index.php\/2019\/06\/world-cup-enduro-mathias-van-hoof-victorieux-en-grece\/#primaryimage"},"thumbnailUrl":"https:\/\/fr.motocrossmag.be\/wp-content\/uploads\/2019\/06\/endurogp-vanhoof.jpg","articleSection":["Actualit\u00e9","Enduro","EnduroGP","News","News","Slideshow"],"inLanguage":"fr-FR","potentialAction":[{"@type":"CommentAction","name":"Comment","target":["https:\/\/fr.motocrossmag.be\/index.php\/2019\/06\/world-cup-enduro-mathias-van-hoof-victorieux-en-grece\/#respond"]}]},{"@type":"WebPage","@id":"https:\/\/fr.motocrossmag.be\/index.php\/2019\/06\/world-cup-enduro-mathias-van-hoof-victorieux-en-grece\/","url":"https:\/\/fr.motocrossmag.be\/index.php\/2019\/06\/world-cup-enduro-mathias-van-hoof-victorieux-en-grece\/","name":"World Cup Enduro : Mathias Van Hoof victorieux en Gr\u00e8ce - Motocross - Enduro - Supermoto | MotocrossMag","isPartOf":{"@id":"https:\/\/fr.motocrossmag.be\/#website"},"primaryImageOfPage":{"@id":"https:\/\/fr.motocrossmag.be\/index.php\/2019\/06\/world-cup-enduro-mathias-van-hoof-victorieux-en-grece\/#primaryimage"},"image":{"@id":"https:\/\/fr.motocrossmag.be\/index.php\/2019\/06\/world-cup-enduro-mathias-van-hoof-victorieux-en-grece\/#primaryimage"},"thumbnailUrl":"https:\/\/fr.motocrossmag.be\/wp-content\/uploads\/2019\/06\/endurogp-vanhoof.jpg","datePublished":"2019-06-16T20:22:06+00:00","author":{"@id":"https:\/\/fr.motocrossmag.be\/#\/schema\/person\/11b47143d9f755babca2c9110e03235c"},"breadcrumb":{"@id":"https:\/\/fr.motocrossmag.be\/index.php\/2019\/06\/world-cup-enduro-mathias-van-hoof-victorieux-en-grece\/#breadcrumb"},"inLanguage":"fr-FR","potentialAction":[{"@type":"ReadAction","target":["https:\/\/fr.motocrossmag.be\/index.php\/2019\/06\/world-cup-enduro-mathias-van-hoof-victorieux-en-grece\/"]}]},{"@type":"ImageObject","inLanguage":"fr-FR","@id":"https:\/\/fr.motocrossmag.be\/index.php\/2019\/06\/world-cup-enduro-mathias-van-hoof-victorieux-en-grece\/#primaryimage","url":"https:\/\/fr.motocrossmag.be\/wp-content\/uploads\/2019\/06\/endurogp-vanhoof.jpg","contentUrl":"https:\/\/fr.motocrossmag.be\/wp-content\/uploads\/2019\/06\/endurogp-vanhoof.jpg","width":964,"height":600},{"@type":"BreadcrumbList","@id":"https:\/\/fr.motocrossmag.be\/index.php\/2019\/06\/world-cup-enduro-mathias-van-hoof-victorieux-en-grece\/#breadcrumb","itemListElement":[{"@type":"ListItem","position":1,"name":"Accueil","item":"https:\/\/fr.motocrossmag.be\/"},{"@type":"ListItem","position":2,"name":"World Cup Enduro : Mathias Van Hoof victorieux en Gr\u00e8ce"}]},{"@type":"WebSite","@id":"https:\/\/fr.motocrossmag.be\/#website","url":"https:\/\/fr.motocrossmag.be\/","name":"Motocross - Enduro - Supermoto | MotocrossMag","description":"L&#039;actualit\u00e9 du motocross, de l&#039;enduro et du Supermoto en ligne!","potentialAction":[{"@type":"SearchAction","target":{"@type":"EntryPoint","urlTemplate":"https:\/\/fr.motocrossmag.be\/?s={search_term_string}"},"query-input":{"@type":"PropertyValueSpecification","valueRequired":true,"valueName":"search_term_string"}}],"inLanguage":"fr-FR"},{"@type":"Person","@id":"https:\/\/fr.motocrossmag.be\/#\/schema\/person\/11b47143d9f755babca2c9110e03235c","name":"oliviere","image":{"@type":"ImageObject","inLanguage":"fr-FR","@id":"https:\/\/secure.gravatar.com\/avatar\/907069e0b81d119452040469e4a7501da1100f54f7f80180ce77bfab718288f6?s=96&d=mm&r=g","url":"https:\/\/secure.gravatar.com\/avatar\/907069e0b81d119452040469e4a7501da1100f54f7f80180ce77bfab718288f6?s=96&d=mm&r=g","contentUrl":"https:\/\/secure.gravatar.com\/avatar\/907069e0b81d119452040469e4a7501da1100f54f7f80180ce77bfab718288f6?s=96&d=mm&r=g","caption":"oliviere"},"sameAs":["http:\/\/www.motocrossmag.be"],"url":"https:\/\/fr.motocrossmag.be\/index.php\/author\/oliviere\/"}]}},"_links":{"self":[{"href":"https:\/\/fr.motocrossmag.be\/index.php\/wp-json\/wp\/v2\/posts\/90059","targetHints":{"allow":["GET"]}}],"collection":[{"href":"https:\/\/fr.motocrossmag.be\/index.php\/wp-json\/wp\/v2\/posts"}],"about":[{"href":"https:\/\/fr.motocrossmag.be\/index.php\/wp-json\/wp\/v2\/types\/post"}],"author":[{"embeddable":true,"href":"https:\/\/fr.motocrossmag.be\/index.php\/wp-json\/wp\/v2\/users\/932"}],"replies":[{"embeddable":true,"href":"https:\/\/fr.motocrossmag.be\/index.php\/wp-json\/wp\/v2\/comments?post=90059"}],"version-history":[{"count":0,"href":"https:\/\/fr.motocrossmag.be\/index.php\/wp-json\/wp\/v2\/posts\/90059\/revisions"}],"wp:featuredmedia":[{"embeddable":true,"href":"https:\/\/fr.motocrossmag.be\/index.php\/wp-json\/wp\/v2\/media\/90061"}],"wp:attachment":[{"href":"https:\/\/fr.motocrossmag.be\/index.php\/wp-json\/wp\/v2\/media?parent=90059"}],"wp:term":[{"taxonomy":"category","embeddable":true,"href":"https:\/\/fr.motocrossmag.be\/index.php\/wp-json\/wp\/v2\/categories?post=90059"},{"taxonomy":"post_tag","embeddable":true,"href":"https:\/\/fr.motocrossmag.be\/index.php\/wp-json\/wp\/v2\/tags?post=90059"}],"curies":[{"name":"wp","href":"https:\/\/api.w.org\/{rel}","templated":true}]}}