{"id":90139,"date":"2019-06-17T21:12:01","date_gmt":"2019-06-17T19:12:01","guid":{"rendered":"https:\/\/fr.motocrossmag.be\/?p=90139"},"modified":"2019-06-17T21:13:24","modified_gmt":"2019-06-17T19:13:24","slug":"cedric-cremer-et-ronny-fryns-simposent-aux-4-heures-de-fourons","status":"publish","type":"post","link":"https:\/\/fr.motocrossmag.be\/index.php\/2019\/06\/cedric-cremer-et-ronny-fryns-simposent-aux-4-heures-de-fourons\/","title":{"rendered":"C\u00e9dric Cremer et Ronny Fryns s&rsquo;imposent aux 4 heures de Fourons"},"content":{"rendered":"<p><strong>C\u00e9dric Cremer et Ronny Fryns ont remport\u00e9 ce dimanche les 4 heures de Fourons, organis\u00e9es dans des conditions climatiques id\u00e9ales. Les deux pilotes Yamaha Zone Rouge s&rsquo;imposent avec un tour d&rsquo;avance sur l&rsquo;\u00e9quipage form\u00e9 par les vainqueurs de l&rsquo;\u00e9dition 2018, Andrew Leloup et Nick Triest. Les Li\u00e9geois Patrick Caps et Kevin Fors, dans le m\u00eame tour, compl\u00e8tent le podium. Eric et David Foguenne terminent quant \u00e0 eux en 4\u00e8me position.<\/strong><\/p>\n<p>Plus de 120 \u00e9quipages de deux pilotes et quelques \u00ab\u00a0solo\u00a0\u00bb ont pris le d\u00e9part.<\/p>\n<p>Photo : Patrick Drooghaag<\/p>\n<p><span style=\"color: #800000;\"><strong>R\u00e9sultats<\/strong><\/span><\/p>\n<table width=\"100%\">\n<tbody>\n<tr>\n<td width=\"28\">1<\/td>\n<td width=\"282\">Cremer C\u00e9dric \/ Fryns Ronny<\/td>\n<td width=\"80\">55<\/td>\n<td width=\"80\">tours<\/td>\n<\/tr>\n<tr>\n<td>2<\/td>\n<td>Leloup Andrew \/ Triest Nick<\/td>\n<td>54<\/td>\n<td>tours<\/td>\n<\/tr>\n<tr>\n<td>3<\/td>\n<td>Caps Patrick \/ Fors Kevin<\/td>\n<td>54<\/td>\n<td>tours<\/td>\n<\/tr>\n<tr>\n<td>4<\/td>\n<td>Foguenne Eric \/ Foguenne David<\/td>\n<td>53<\/td>\n<td>tours<\/td>\n<\/tr>\n<tr>\n<td>5<\/td>\n<td>Vanderheyden Wim \/ Vandevelen Mathieu<\/td>\n<td>53<\/td>\n<td>tours<\/td>\n<\/tr>\n<tr>\n<td>6<\/td>\n<td>Drooghaag Daniel \/ Verkenne Andr\u00e9<\/td>\n<td>53<\/td>\n<td>tours<\/td>\n<\/tr>\n<tr>\n<td>7<\/td>\n<td>Delannoy Eric \/ Rossini Marun<\/td>\n<td>53<\/td>\n<td>tours<\/td>\n<\/tr>\n<tr>\n<td>8<\/td>\n<td>Felix Olivier \/ Lagamme Julien<\/td>\n<td>52<\/td>\n<td>tours<\/td>\n<\/tr>\n<tr>\n<td>9<\/td>\n<td>Goffard Andy \/ Goffard Johan<\/td>\n<td>52<\/td>\n<td>tours<\/td>\n<\/tr>\n<tr>\n<td>10<\/td>\n<td>Vanhaeren Chiel \/ Vervaeren Elvin<\/td>\n<td>52<\/td>\n<td>tours<\/td>\n<\/tr>\n<tr>\n<td>11<\/td>\n<td>Begon Loic \/ Divoy J\u00e9rome<\/td>\n<td>51<\/td>\n<td>tours<\/td>\n<\/tr>\n<tr>\n<td>12<\/td>\n<td>Gaillard Jean-Marc \/ Wathelet Emmanuel<\/td>\n<td>51<\/td>\n<td>tours<\/td>\n<\/tr>\n<tr>\n<td>13<\/td>\n<td>Delsemme Philippe \/ Lebrun Patrick<\/td>\n<td>51<\/td>\n<td>tours<\/td>\n<\/tr>\n<tr>\n<td>14<\/td>\n<td>Dupont Charles \/ Renkens J\u00e9r\u00e9my<\/td>\n<td>51<\/td>\n<td>tours<\/td>\n<\/tr>\n<tr>\n<td>15<\/td>\n<td>Corman Fran\u00e7ois \/ Toucheque Julien<\/td>\n<td>50<\/td>\n<td>tours<\/td>\n<\/tr>\n<tr>\n<td>16<\/td>\n<td>Grignard Vincent \/ Migliorini Laurent<\/td>\n<td>50<\/td>\n<td>tours<\/td>\n<\/tr>\n<tr>\n<td>17<\/td>\n<td>Mauhin Philippe \/ Nix Didier<\/td>\n<td>49<\/td>\n<td>tours<\/td>\n<\/tr>\n<tr>\n<td>18<\/td>\n<td>Gauniaux Kevin \/ Tourneur Dorian<\/td>\n<td>49<\/td>\n<td>tours<\/td>\n<\/tr>\n<tr>\n<td>19<\/td>\n<td>Cornet Didier \/ Henrard Philippe<\/td>\n<td>49<\/td>\n<td>tours<\/td>\n<\/tr>\n<tr>\n<td>20<\/td>\n<td>Delsupexhe Joel \/ Delsupexhe S\u00e9bastien<\/td>\n<td>49<\/td>\n<td>tours<\/td>\n<\/tr>\n<tr>\n<td>21<\/td>\n<td>Cayzac Jonathan \/ Czokow Andr\u00e9<\/td>\n<td>49<\/td>\n<td>tours<\/td>\n<\/tr>\n<tr>\n<td>22<\/td>\n<td>Dubois Raphael \/ Moor Paul<\/td>\n<td>49<\/td>\n<td>tours<\/td>\n<\/tr>\n<tr>\n<td>23<\/td>\n<td>Bebronne J\u00e9r\u00e9my \/ Haxhe Olivier<\/td>\n<td>49<\/td>\n<td>tours<\/td>\n<\/tr>\n<tr>\n<td>24<\/td>\n<td>Jadoul Andy \/ Massart Jonathan<\/td>\n<td>48<\/td>\n<td>tours<\/td>\n<\/tr>\n<tr>\n<td>25<\/td>\n<td>Meurens Alexis \/ guillaume thibaut<\/td>\n<td>48<\/td>\n<td>tours<\/td>\n<\/tr>\n<tr>\n<td>26<\/td>\n<td>Battice Jeremy \/ Demonceau Xavier<\/td>\n<td>48<\/td>\n<td>tours<\/td>\n<\/tr>\n<tr>\n<td>27<\/td>\n<td>Delsemme Bastien \/ Vinken Quentin<\/td>\n<td>48<\/td>\n<td>tours<\/td>\n<\/tr>\n<tr>\n<td>28<\/td>\n<td>Deleval Laurent \/ Jacob Olivier<\/td>\n<td>48<\/td>\n<td>tours<\/td>\n<\/tr>\n<tr>\n<td>29<\/td>\n<td>Detalle Samuel \/ Flohimont Fabrice<\/td>\n<td>48<\/td>\n<td>tours<\/td>\n<\/tr>\n<tr>\n<td>30<\/td>\n<td>Geukens Tom \/ Reynders Frank<\/td>\n<td>47<\/td>\n<td>tours<\/td>\n<\/tr>\n<tr>\n<td>31<\/td>\n<td>Dumoulin Chris \/ Ody Aymeric<\/td>\n<td>47<\/td>\n<td>tours<\/td>\n<\/tr>\n<tr>\n<td>32<\/td>\n<td>Barbier Arnaud \/ Ronval Vincent \/ Vandermeulen Florent<\/td>\n<td>47<\/td>\n<td>tours<\/td>\n<\/tr>\n<tr>\n<td>33<\/td>\n<td>Coussaert Mallory \/ Jobkenne Fred<\/td>\n<td>47<\/td>\n<td>tours<\/td>\n<\/tr>\n<tr>\n<td>34<\/td>\n<td>Counotte Rapha\u00ebl \/ Scheen Fr\u00e9d\u00e9ric<\/td>\n<td>47<\/td>\n<td>tours<\/td>\n<\/tr>\n<tr>\n<td>35<\/td>\n<td>Roland Benoit \/ Stalmans Lionel<\/td>\n<td>47<\/td>\n<td>tours<\/td>\n<\/tr>\n<tr>\n<td>36<\/td>\n<td>Talmasse Dominique \/ Talmasse Fabien<\/td>\n<td>47<\/td>\n<td>tours<\/td>\n<\/tr>\n<tr>\n<td>37<\/td>\n<td>Geladi Olivier \/ Goldoni Thibault<\/td>\n<td>47<\/td>\n<td>tours<\/td>\n<\/tr>\n<tr>\n<td>38<\/td>\n<td>Gourmet Dorian \/ Wirtz Maxime<\/td>\n<td>47<\/td>\n<td>tours<\/td>\n<\/tr>\n<tr>\n<td>39<\/td>\n<td>Baumans Julien \/ Kroonen Boris<\/td>\n<td>47<\/td>\n<td>tours<\/td>\n<\/tr>\n<tr>\n<td>40<\/td>\n<td>Marlet Yannick \/ Snoeck Adrien<\/td>\n<td>46<\/td>\n<td>tours<\/td>\n<\/tr>\n<tr>\n<td>41<\/td>\n<td>Delhez Arthur \/ Mossay Mathieu<\/td>\n<td>46<\/td>\n<td>tours<\/td>\n<\/tr>\n<tr>\n<td>42<\/td>\n<td>Lepot Pierre \/ Ruwet J\u00e9r\u00f4me<\/td>\n<td>46<\/td>\n<td>tours<\/td>\n<\/tr>\n<tr>\n<td>43<\/td>\n<td>Piette Jean-Denis \/ Piette Alexis<\/td>\n<td>46<\/td>\n<td>tours<\/td>\n<\/tr>\n<tr>\n<td>44<\/td>\n<td>Aldenhoff Xavier \/ Troestler Fr\u00e9deric<\/td>\n<td>46<\/td>\n<td>tours<\/td>\n<\/tr>\n<tr>\n<td>45<\/td>\n<td>Savelsberg Frederic \/ Savelsberg Cedric<\/td>\n<td>45<\/td>\n<td>tours<\/td>\n<\/tr>\n<tr>\n<td>46<\/td>\n<td>Prevot Frederic \/ Verhees Lo\u00efc<\/td>\n<td>45<\/td>\n<td>tours<\/td>\n<\/tr>\n<tr>\n<td>47<\/td>\n<td>Servais Adrien \/ Servais Arille<\/td>\n<td>45<\/td>\n<td>tours<\/td>\n<\/tr>\n<tr>\n<td>48<\/td>\n<td>Jaegers Michael \/ Lievin Emmanuel<\/td>\n<td>45<\/td>\n<td>tours<\/td>\n<\/tr>\n<tr>\n<td>49<\/td>\n<td>Bodart Gaetan \/ Simal Denis<\/td>\n<td>45<\/td>\n<td>tours<\/td>\n<\/tr>\n<tr>\n<td>50<\/td>\n<td>Brasseur Denis \/ Gaspar Jonathan<\/td>\n<td>45<\/td>\n<td>tours<\/td>\n<\/tr>\n<tr>\n<td>51<\/td>\n<td>Faway Eymeric \/ Helas Adrien<\/td>\n<td>45<\/td>\n<td>tours<\/td>\n<\/tr>\n<tr>\n<td>52<\/td>\n<td>Baltus Sasha \/ Materne Alex<\/td>\n<td>44<\/td>\n<td>tours<\/td>\n<\/tr>\n<tr>\n<td>53<\/td>\n<td>Aelens Loic \/ Boutet Melvin<\/td>\n<td>44<\/td>\n<td>tours<\/td>\n<\/tr>\n<tr>\n<td>54<\/td>\n<td>Francotte Laurent \/ Francotte Romain<\/td>\n<td>44<\/td>\n<td>tours<\/td>\n<\/tr>\n<tr>\n<td>55<\/td>\n<td>Decoux Maxime \/ Journee S\u00e9bastien<\/td>\n<td>44<\/td>\n<td>tours<\/td>\n<\/tr>\n<tr>\n<td>56<\/td>\n<td>Baguette Corneille \/ Galopin Julien<\/td>\n<td>44<\/td>\n<td>tours<\/td>\n<\/tr>\n<tr>\n<td>57<\/td>\n<td>Deblaere Eugene \/ Gason Florian \/ Paolucci Raphael<\/td>\n<td>44<\/td>\n<td>tours<\/td>\n<\/tr>\n<tr>\n<td>58<\/td>\n<td>Jamar Noah \/ Moins Cedric<\/td>\n<td>44<\/td>\n<td>tours<\/td>\n<\/tr>\n<tr>\n<td>59<\/td>\n<td>Adam Eric \/ Guy Samson<\/td>\n<td>44<\/td>\n<td>tours<\/td>\n<\/tr>\n<tr>\n<td>60<\/td>\n<td>Klee Young \/ Licour Francois-Xavier<\/td>\n<td>44<\/td>\n<td>tours<\/td>\n<\/tr>\n<tr>\n<td>61<\/td>\n<td>Huybrechts Jasper \/ Konings Joost \/ Moors Jeroen<\/td>\n<td>44<\/td>\n<td>tours<\/td>\n<\/tr>\n<tr>\n<td>62<\/td>\n<td>Clerdin Fr\u00e9d\u00e9ric \/ Clerdin Pierre-Henri \/ Jongen Gauthier<\/td>\n<td>43<\/td>\n<td>tours<\/td>\n<\/tr>\n<tr>\n<td>63<\/td>\n<td>Detaille Geoffrey \/ Detaille Jordan<\/td>\n<td>43<\/td>\n<td>tours<\/td>\n<\/tr>\n<tr>\n<td>64<\/td>\n<td>Marechal Benoit \/ Moureau Olivier<\/td>\n<td>43<\/td>\n<td>tours<\/td>\n<\/tr>\n<tr>\n<td>65<\/td>\n<td>Juprelle Aur\u00e9lien \/ Stokis Lionel<\/td>\n<td>43<\/td>\n<td>tours<\/td>\n<\/tr>\n<tr>\n<td>66<\/td>\n<td>Adam Jacques \/ Baltus Marc \/ Marchant Armand<\/td>\n<td>43<\/td>\n<td>tours<\/td>\n<\/tr>\n<tr>\n<td>67<\/td>\n<td>Flouhr Jean \/ Missoten Philippe<\/td>\n<td>43<\/td>\n<td>tours<\/td>\n<\/tr>\n<tr>\n<td>68<\/td>\n<td>Bogorent Thierry \/ Fohal Romain<\/td>\n<td>42<\/td>\n<td>tours<\/td>\n<\/tr>\n<tr>\n<td>69<\/td>\n<td>Crosara R\u00e9gis \/ Maillard C\u00e9dric<\/td>\n<td>42<\/td>\n<td>tours<\/td>\n<\/tr>\n<tr>\n<td>70<\/td>\n<td>Courtoy Bertrand \/ Lehane Christophe<\/td>\n<td>42<\/td>\n<td>tours<\/td>\n<\/tr>\n<tr>\n<td>71<\/td>\n<td>Franco Arno \/ Simal Jonathan<\/td>\n<td>42<\/td>\n<td>tours<\/td>\n<\/tr>\n<tr>\n<td>72<\/td>\n<td>Bragard Quentin \/ Deguelle Jonathan \/ Lavalle Gaetan<\/td>\n<td>42<\/td>\n<td>tours<\/td>\n<\/tr>\n<tr>\n<td>73<\/td>\n<td>Lejeune Didier \/ Lejeune Maxime<\/td>\n<td>42<\/td>\n<td>tours<\/td>\n<\/tr>\n<tr>\n<td>74<\/td>\n<td>Galopin Jefferson \/ Galopin Ghislain \/ Lonneux Florent<\/td>\n<td>42<\/td>\n<td>tours<\/td>\n<\/tr>\n<tr>\n<td>75<\/td>\n<td>Lejeune Maxime \/ Mossay Bertrand<\/td>\n<td>41<\/td>\n<td>tours<\/td>\n<\/tr>\n<tr>\n<td>76<\/td>\n<td>Demoulin Gilles \/ Demoulin R\u00e9my \/ Karl Valentin<\/td>\n<td>41<\/td>\n<td>tours<\/td>\n<\/tr>\n<tr>\n<td>77<\/td>\n<td>Thiebaut Louis \/ Van handenhove Davy<\/td>\n<td>41<\/td>\n<td>tours<\/td>\n<\/tr>\n<tr>\n<td>78<\/td>\n<td>Collard Ludovic \/ Franchimont Jo\u00ebl<\/td>\n<td>41<\/td>\n<td>tours<\/td>\n<\/tr>\n<tr>\n<td>79<\/td>\n<td>Herman Philippe \/ Herman Nicolas \/ L\u00e9onard Gauthier<\/td>\n<td>41<\/td>\n<td>tours<\/td>\n<\/tr>\n<tr>\n<td>80<\/td>\n<td>Grisard Mathieu<\/td>\n<td>41<\/td>\n<td>tours<\/td>\n<\/tr>\n<tr>\n<td>81<\/td>\n<td>Boudron Paul \/ Lecoustre Olivier<\/td>\n<td>41<\/td>\n<td>tours<\/td>\n<\/tr>\n<tr>\n<td>82<\/td>\n<td>Papart Julien \/ Slus Adrien<\/td>\n<td>41<\/td>\n<td>tours<\/td>\n<\/tr>\n<tr>\n<td>83<\/td>\n<td>Pfaff Gael \/ Winand Jonathan<\/td>\n<td>40<\/td>\n<td>tours<\/td>\n<\/tr>\n<tr>\n<td>84<\/td>\n<td>Beijers Philippe \/ Lahaye Christophe<\/td>\n<td>40<\/td>\n<td>tours<\/td>\n<\/tr>\n<tr>\n<td>85<\/td>\n<td>Charpentier S\u00e9bastien \/ Charpentier Yannick \/ Charpentier Joachim<\/td>\n<td>40<\/td>\n<td>tours<\/td>\n<\/tr>\n<tr>\n<td>86<\/td>\n<td>Marechal Jean-Luc<\/td>\n<td>40<\/td>\n<td>tours<\/td>\n<\/tr>\n<tr>\n<td>87<\/td>\n<td>Maurcot Quentin \/ Vou\u00e9 Alison<\/td>\n<td>40<\/td>\n<td>tours<\/td>\n<\/tr>\n<tr>\n<td>88<\/td>\n<td>Marlet julien \/ Schoonbroodt Alexendre<\/td>\n<td>40<\/td>\n<td>tours<\/td>\n<\/tr>\n<tr>\n<td>89<\/td>\n<td>Clabots Jurgen \/ Leus Steve \/ Vijgen Wesley<\/td>\n<td>40<\/td>\n<td>tours<\/td>\n<\/tr>\n<tr>\n<td>90<\/td>\n<td>Didot Joe \/ Lambert Christopher<\/td>\n<td>39<\/td>\n<td>tours<\/td>\n<\/tr>\n<tr>\n<td>91<\/td>\n<td>Colin Jordan \/ Fober Laurent-David<\/td>\n<td>39<\/td>\n<td>tours<\/td>\n<\/tr>\n<tr>\n<td>92<\/td>\n<td>Halkin Gary \/ Kulak Murat<\/td>\n<td>39<\/td>\n<td>tours<\/td>\n<\/tr>\n<tr>\n<td>93<\/td>\n<td>Lovenfosse Jos\u00e9 \/ Stancher Bruno \/ Stancher Fabien<\/td>\n<td>39<\/td>\n<td>tours<\/td>\n<\/tr>\n<tr>\n<td>94<\/td>\n<td>Charlier Vincent \/ Collinge Simon<\/td>\n<td>39<\/td>\n<td>tours<\/td>\n<\/tr>\n<tr>\n<td>95<\/td>\n<td>Baudrillart Axel \/ Lamborelle Denis<\/td>\n<td>38<\/td>\n<td>tours<\/td>\n<\/tr>\n<tr>\n<td>96<\/td>\n<td>Henroye Geoffrey \/ Rouschop Christophe \/ Velghe Eric<\/td>\n<td>38<\/td>\n<td>tours<\/td>\n<\/tr>\n<tr>\n<td>97<\/td>\n<td>Maupertuis Fr\u00e9d\u00e9ric \/ Simons Jos\u00e9<\/td>\n<td>37<\/td>\n<td>tours<\/td>\n<\/tr>\n<tr>\n<td>98<\/td>\n<td>Cocquyt Florian \/ Denis Bastien \/ Paulus Gregory<\/td>\n<td>37<\/td>\n<td>tours<\/td>\n<\/tr>\n<tr>\n<td>99<\/td>\n<td>Lejeune Lo\u00eec \/ Talmasse Gilles<\/td>\n<td>36<\/td>\n<td>tours<\/td>\n<\/tr>\n<tr>\n<td>100<\/td>\n<td>Bolting Francois \/ Maranjo Valle Jeremy \/ Meynzer Kurt<\/td>\n<td>35<\/td>\n<td>tours<\/td>\n<\/tr>\n<tr>\n<td>101<\/td>\n<td>Decroupet C\u00e9dric \/ Raxhon Joe<\/td>\n<td>35<\/td>\n<td>tours<\/td>\n<\/tr>\n<tr>\n<td>102<\/td>\n<td>Kerff Maxime \/ Plusquin Thierry<\/td>\n<td>34<\/td>\n<td>tours<\/td>\n<\/tr>\n<tr>\n<td>103<\/td>\n<td>Spelthaen Danny<\/td>\n<td>33<\/td>\n<td>tours<\/td>\n<\/tr>\n<tr>\n<td>104<\/td>\n<td>Messaoudi Mehdi \/ Natis Alexandre \/ Wertbrouck Loic<\/td>\n<td>32<\/td>\n<td>tours<\/td>\n<\/tr>\n<tr>\n<td>105<\/td>\n<td>Goffard Luc \/ Herzet Manu<\/td>\n<td>32<\/td>\n<td>tours<\/td>\n<\/tr>\n<tr>\n<td>106<\/td>\n<td>Evrard Dominique \/ Ponlot Didier<\/td>\n<td>31<\/td>\n<td>tours<\/td>\n<\/tr>\n<tr>\n<td>107<\/td>\n<td>Langenakens Jonas \/ Tilkens Sven<\/td>\n<td>31<\/td>\n<td>tours<\/td>\n<\/tr>\n<tr>\n<td>108<\/td>\n<td>Noel Adrien \/ Proovost C\u00e9dric<\/td>\n<td>30<\/td>\n<td>tours<\/td>\n<\/tr>\n<tr>\n<td>109<\/td>\n<td>Derouisseau Sam \/ Solhi Moussa<\/td>\n<td>30<\/td>\n<td>tours<\/td>\n<\/tr>\n<tr>\n<td>110<\/td>\n<td>Bovrisse Gauthier \/ Lef\u00e8vre Bryan \/ Massines Yohann<\/td>\n<td>30<\/td>\n<td>tours<\/td>\n<\/tr>\n<tr>\n<td>111<\/td>\n<td>Dussart Mathis<\/td>\n<td>29<\/td>\n<td>tours<\/td>\n<\/tr>\n<tr>\n<td>112<\/td>\n<td>Aquilina Gioacchino \/ Germay Nigel \/ Marechal Marc<\/td>\n<td>29<\/td>\n<td>tours<\/td>\n<\/tr>\n<tr>\n<td>113<\/td>\n<td>Jamar Damien \/ Nieulandt Jean louis<\/td>\n<td>28<\/td>\n<td>tours<\/td>\n<\/tr>\n<tr>\n<td>114<\/td>\n<td>Jamar R\u00e9gis \/ Jamar Nicolas<\/td>\n<td>28<\/td>\n<td>tours<\/td>\n<\/tr>\n<tr>\n<td>115<\/td>\n<td>Deprez Christophe \/ Vanhoenager Dimitri<\/td>\n<td>27<\/td>\n<td>tours<\/td>\n<\/tr>\n<tr>\n<td>116<\/td>\n<td>Debaene Jonathan \/ Remmerie Sven<\/td>\n<td>27<\/td>\n<td>tours<\/td>\n<\/tr>\n<tr>\n<td>117<\/td>\n<td>Lahaye Alain \/ Sahibi Mourad<\/td>\n<td>25<\/td>\n<td>tours<\/td>\n<\/tr>\n<tr>\n<td>118<\/td>\n<td>Giraerts Jimmy \/ Vanderspikken Bastiaan<\/td>\n<td>25<\/td>\n<td>tours<\/td>\n<\/tr>\n<tr>\n<td>119<\/td>\n<td>Cauberg Johnny \/ Kleynen Marc \/ Paumen Eddy<\/td>\n<td>23<\/td>\n<td>tours<\/td>\n<\/tr>\n<tr>\n<td>120<\/td>\n<td>Leroy David<\/td>\n<td>19<\/td>\n<td>tours<\/td>\n<\/tr>\n<tr>\n<td>121<\/td>\n<td>Regnier Bastien<\/td>\n<td>18<\/td>\n<td>tours<\/td>\n<\/tr>\n<tr>\n<td>122<\/td>\n<td>Dichiara Arnaud \/ Gilles Jacky<\/td>\n<td>16<\/td>\n<td>tours<\/td>\n<\/tr>\n<tr>\n<td>123<\/td>\n<td>Carraro Stephan \/ Carraro Sergio<\/td>\n<td>16<\/td>\n<td>tours<\/td>\n<\/tr>\n<tr>\n<td>124<\/td>\n<td>Mar\u00e9chal S\u00e9bastien<\/td>\n<td>16<\/td>\n<td>tours<\/td>\n<\/tr>\n<tr>\n<td>125<\/td>\n<td>Cayzac Samuel<\/td>\n<td>16<\/td>\n<td>tours<\/td>\n<\/tr>\n<tr>\n<td>126<\/td>\n<td>Otten Marc<\/td>\n<td>15<\/td>\n<td>tours<\/td>\n<\/tr>\n<\/tbody>\n<\/table>\n","protected":false},"excerpt":{"rendered":"<p>C\u00e9dric Cremer et Ronny Fryns ont remport\u00e9 ce dimanche les 4 heures de Fourons, organis\u00e9es dans des conditions climatiques id\u00e9ales. Les deux pilotes Yamaha Zone Rouge s&rsquo;imposent avec un tour [&#8230;]<\/p>\n","protected":false},"author":932,"featured_media":90140,"comment_status":"open","ping_status":"closed","sticky":false,"template":"","format":"standard","meta":{"footnotes":""},"categories":[54,32,33,55,65],"tags":[],"class_list":["post-90139","post","type-post","status-publish","format-standard","has-post-thumbnail","hentry","category-actualite","category-enduro","category-news-enduro","category-news-actualite","category-slideshow"],"yoast_head":"<!-- This site is optimized with the Yoast SEO plugin v27.4 - https:\/\/yoast.com\/product\/yoast-seo-wordpress\/ -->\n<title>C\u00e9dric Cremer et Ronny Fryns s&#039;imposent aux 4 heures de Fourons - Motocross - Enduro - Supermoto | MotocrossMag<\/title>\n<meta name=\"robots\" content=\"index, follow, max-snippet:-1, max-image-preview:large, max-video-preview:-1\" \/>\n<link rel=\"canonical\" href=\"https:\/\/fr.motocrossmag.be\/index.php\/2019\/06\/cedric-cremer-et-ronny-fryns-simposent-aux-4-heures-de-fourons\/\" \/>\n<meta property=\"og:locale\" content=\"fr_FR\" \/>\n<meta property=\"og:type\" content=\"article\" \/>\n<meta property=\"og:title\" content=\"C\u00e9dric Cremer et Ronny Fryns s&#039;imposent aux 4 heures de Fourons - Motocross - Enduro - Supermoto | MotocrossMag\" \/>\n<meta property=\"og:description\" content=\"C\u00e9dric Cremer et Ronny Fryns ont remport\u00e9 ce dimanche les 4 heures de Fourons, organis\u00e9es dans des conditions climatiques id\u00e9ales. Les deux pilotes Yamaha Zone Rouge s&rsquo;imposent avec un tour [...]\" \/>\n<meta property=\"og:url\" content=\"https:\/\/fr.motocrossmag.be\/index.php\/2019\/06\/cedric-cremer-et-ronny-fryns-simposent-aux-4-heures-de-fourons\/\" \/>\n<meta property=\"og:site_name\" content=\"Motocross - Enduro - Supermoto | MotocrossMag\" \/>\n<meta property=\"article:published_time\" content=\"2019-06-17T19:12:01+00:00\" \/>\n<meta property=\"article:modified_time\" content=\"2019-06-17T19:13:24+00:00\" \/>\n<meta property=\"og:image\" content=\"https:\/\/fr.motocrossmag.be\/wp-content\/uploads\/2019\/06\/fourons-tt-cremer.jpg\" \/>\n\t<meta property=\"og:image:width\" content=\"1000\" \/>\n\t<meta property=\"og:image:height\" content=\"743\" \/>\n\t<meta property=\"og:image:type\" content=\"image\/jpeg\" \/>\n<meta name=\"author\" content=\"oliviere\" \/>\n<meta name=\"twitter:card\" content=\"summary_large_image\" \/>\n<meta name=\"twitter:label1\" content=\"\u00c9crit par\" \/>\n\t<meta name=\"twitter:data1\" content=\"oliviere\" \/>\n\t<meta name=\"twitter:label2\" content=\"Dur\u00e9e de lecture estim\u00e9e\" \/>\n\t<meta name=\"twitter:data2\" content=\"4 minutes\" \/>\n<script type=\"application\/ld+json\" class=\"yoast-schema-graph\">{\"@context\":\"https:\\\/\\\/schema.org\",\"@graph\":[{\"@type\":\"Article\",\"@id\":\"https:\\\/\\\/fr.motocrossmag.be\\\/index.php\\\/2019\\\/06\\\/cedric-cremer-et-ronny-fryns-simposent-aux-4-heures-de-fourons\\\/#article\",\"isPartOf\":{\"@id\":\"https:\\\/\\\/fr.motocrossmag.be\\\/index.php\\\/2019\\\/06\\\/cedric-cremer-et-ronny-fryns-simposent-aux-4-heures-de-fourons\\\/\"},\"author\":{\"name\":\"oliviere\",\"@id\":\"https:\\\/\\\/fr.motocrossmag.be\\\/#\\\/schema\\\/person\\\/11b47143d9f755babca2c9110e03235c\"},\"headline\":\"C\u00e9dric Cremer et Ronny Fryns s&rsquo;imposent aux 4 heures de Fourons\",\"datePublished\":\"2019-06-17T19:12:01+00:00\",\"dateModified\":\"2019-06-17T19:13:24+00:00\",\"mainEntityOfPage\":{\"@id\":\"https:\\\/\\\/fr.motocrossmag.be\\\/index.php\\\/2019\\\/06\\\/cedric-cremer-et-ronny-fryns-simposent-aux-4-heures-de-fourons\\\/\"},\"wordCount\":795,\"commentCount\":0,\"image\":{\"@id\":\"https:\\\/\\\/fr.motocrossmag.be\\\/index.php\\\/2019\\\/06\\\/cedric-cremer-et-ronny-fryns-simposent-aux-4-heures-de-fourons\\\/#primaryimage\"},\"thumbnailUrl\":\"https:\\\/\\\/fr.motocrossmag.be\\\/wp-content\\\/uploads\\\/2019\\\/06\\\/fourons-tt-cremer.jpg\",\"articleSection\":[\"Actualit\u00e9\",\"Enduro\",\"News\",\"News\",\"Slideshow\"],\"inLanguage\":\"fr-FR\",\"potentialAction\":[{\"@type\":\"CommentAction\",\"name\":\"Comment\",\"target\":[\"https:\\\/\\\/fr.motocrossmag.be\\\/index.php\\\/2019\\\/06\\\/cedric-cremer-et-ronny-fryns-simposent-aux-4-heures-de-fourons\\\/#respond\"]}]},{\"@type\":\"WebPage\",\"@id\":\"https:\\\/\\\/fr.motocrossmag.be\\\/index.php\\\/2019\\\/06\\\/cedric-cremer-et-ronny-fryns-simposent-aux-4-heures-de-fourons\\\/\",\"url\":\"https:\\\/\\\/fr.motocrossmag.be\\\/index.php\\\/2019\\\/06\\\/cedric-cremer-et-ronny-fryns-simposent-aux-4-heures-de-fourons\\\/\",\"name\":\"C\u00e9dric Cremer et Ronny Fryns s'imposent aux 4 heures de Fourons - Motocross - Enduro - Supermoto | MotocrossMag\",\"isPartOf\":{\"@id\":\"https:\\\/\\\/fr.motocrossmag.be\\\/#website\"},\"primaryImageOfPage\":{\"@id\":\"https:\\\/\\\/fr.motocrossmag.be\\\/index.php\\\/2019\\\/06\\\/cedric-cremer-et-ronny-fryns-simposent-aux-4-heures-de-fourons\\\/#primaryimage\"},\"image\":{\"@id\":\"https:\\\/\\\/fr.motocrossmag.be\\\/index.php\\\/2019\\\/06\\\/cedric-cremer-et-ronny-fryns-simposent-aux-4-heures-de-fourons\\\/#primaryimage\"},\"thumbnailUrl\":\"https:\\\/\\\/fr.motocrossmag.be\\\/wp-content\\\/uploads\\\/2019\\\/06\\\/fourons-tt-cremer.jpg\",\"datePublished\":\"2019-06-17T19:12:01+00:00\",\"dateModified\":\"2019-06-17T19:13:24+00:00\",\"author\":{\"@id\":\"https:\\\/\\\/fr.motocrossmag.be\\\/#\\\/schema\\\/person\\\/11b47143d9f755babca2c9110e03235c\"},\"breadcrumb\":{\"@id\":\"https:\\\/\\\/fr.motocrossmag.be\\\/index.php\\\/2019\\\/06\\\/cedric-cremer-et-ronny-fryns-simposent-aux-4-heures-de-fourons\\\/#breadcrumb\"},\"inLanguage\":\"fr-FR\",\"potentialAction\":[{\"@type\":\"ReadAction\",\"target\":[\"https:\\\/\\\/fr.motocrossmag.be\\\/index.php\\\/2019\\\/06\\\/cedric-cremer-et-ronny-fryns-simposent-aux-4-heures-de-fourons\\\/\"]}]},{\"@type\":\"ImageObject\",\"inLanguage\":\"fr-FR\",\"@id\":\"https:\\\/\\\/fr.motocrossmag.be\\\/index.php\\\/2019\\\/06\\\/cedric-cremer-et-ronny-fryns-simposent-aux-4-heures-de-fourons\\\/#primaryimage\",\"url\":\"https:\\\/\\\/fr.motocrossmag.be\\\/wp-content\\\/uploads\\\/2019\\\/06\\\/fourons-tt-cremer.jpg\",\"contentUrl\":\"https:\\\/\\\/fr.motocrossmag.be\\\/wp-content\\\/uploads\\\/2019\\\/06\\\/fourons-tt-cremer.jpg\",\"width\":1000,\"height\":743},{\"@type\":\"BreadcrumbList\",\"@id\":\"https:\\\/\\\/fr.motocrossmag.be\\\/index.php\\\/2019\\\/06\\\/cedric-cremer-et-ronny-fryns-simposent-aux-4-heures-de-fourons\\\/#breadcrumb\",\"itemListElement\":[{\"@type\":\"ListItem\",\"position\":1,\"name\":\"Accueil\",\"item\":\"https:\\\/\\\/fr.motocrossmag.be\\\/\"},{\"@type\":\"ListItem\",\"position\":2,\"name\":\"C\u00e9dric Cremer et Ronny Fryns s&rsquo;imposent aux 4 heures de Fourons\"}]},{\"@type\":\"WebSite\",\"@id\":\"https:\\\/\\\/fr.motocrossmag.be\\\/#website\",\"url\":\"https:\\\/\\\/fr.motocrossmag.be\\\/\",\"name\":\"Motocross - Enduro - Supermoto | MotocrossMag\",\"description\":\"L&#039;actualit\u00e9 du motocross, de l&#039;enduro et du Supermoto en ligne!\",\"potentialAction\":[{\"@type\":\"SearchAction\",\"target\":{\"@type\":\"EntryPoint\",\"urlTemplate\":\"https:\\\/\\\/fr.motocrossmag.be\\\/?s={search_term_string}\"},\"query-input\":{\"@type\":\"PropertyValueSpecification\",\"valueRequired\":true,\"valueName\":\"search_term_string\"}}],\"inLanguage\":\"fr-FR\"},{\"@type\":\"Person\",\"@id\":\"https:\\\/\\\/fr.motocrossmag.be\\\/#\\\/schema\\\/person\\\/11b47143d9f755babca2c9110e03235c\",\"name\":\"oliviere\",\"image\":{\"@type\":\"ImageObject\",\"inLanguage\":\"fr-FR\",\"@id\":\"https:\\\/\\\/secure.gravatar.com\\\/avatar\\\/907069e0b81d119452040469e4a7501da1100f54f7f80180ce77bfab718288f6?s=96&d=mm&r=g\",\"url\":\"https:\\\/\\\/secure.gravatar.com\\\/avatar\\\/907069e0b81d119452040469e4a7501da1100f54f7f80180ce77bfab718288f6?s=96&d=mm&r=g\",\"contentUrl\":\"https:\\\/\\\/secure.gravatar.com\\\/avatar\\\/907069e0b81d119452040469e4a7501da1100f54f7f80180ce77bfab718288f6?s=96&d=mm&r=g\",\"caption\":\"oliviere\"},\"sameAs\":[\"http:\\\/\\\/www.motocrossmag.be\"],\"url\":\"https:\\\/\\\/fr.motocrossmag.be\\\/index.php\\\/author\\\/oliviere\\\/\"}]}<\/script>\n<!-- \/ Yoast SEO plugin. -->","yoast_head_json":{"title":"C\u00e9dric Cremer et Ronny Fryns s'imposent aux 4 heures de Fourons - Motocross - Enduro - Supermoto | MotocrossMag","robots":{"index":"index","follow":"follow","max-snippet":"max-snippet:-1","max-image-preview":"max-image-preview:large","max-video-preview":"max-video-preview:-1"},"canonical":"https:\/\/fr.motocrossmag.be\/index.php\/2019\/06\/cedric-cremer-et-ronny-fryns-simposent-aux-4-heures-de-fourons\/","og_locale":"fr_FR","og_type":"article","og_title":"C\u00e9dric Cremer et Ronny Fryns s'imposent aux 4 heures de Fourons - Motocross - Enduro - Supermoto | MotocrossMag","og_description":"C\u00e9dric Cremer et Ronny Fryns ont remport\u00e9 ce dimanche les 4 heures de Fourons, organis\u00e9es dans des conditions climatiques id\u00e9ales. Les deux pilotes Yamaha Zone Rouge s&rsquo;imposent avec un tour [...]","og_url":"https:\/\/fr.motocrossmag.be\/index.php\/2019\/06\/cedric-cremer-et-ronny-fryns-simposent-aux-4-heures-de-fourons\/","og_site_name":"Motocross - Enduro - Supermoto | MotocrossMag","article_published_time":"2019-06-17T19:12:01+00:00","article_modified_time":"2019-06-17T19:13:24+00:00","og_image":[{"width":1000,"height":743,"url":"https:\/\/fr.motocrossmag.be\/wp-content\/uploads\/2019\/06\/fourons-tt-cremer.jpg","type":"image\/jpeg"}],"author":"oliviere","twitter_card":"summary_large_image","twitter_misc":{"\u00c9crit par":"oliviere","Dur\u00e9e de lecture estim\u00e9e":"4 minutes"},"schema":{"@context":"https:\/\/schema.org","@graph":[{"@type":"Article","@id":"https:\/\/fr.motocrossmag.be\/index.php\/2019\/06\/cedric-cremer-et-ronny-fryns-simposent-aux-4-heures-de-fourons\/#article","isPartOf":{"@id":"https:\/\/fr.motocrossmag.be\/index.php\/2019\/06\/cedric-cremer-et-ronny-fryns-simposent-aux-4-heures-de-fourons\/"},"author":{"name":"oliviere","@id":"https:\/\/fr.motocrossmag.be\/#\/schema\/person\/11b47143d9f755babca2c9110e03235c"},"headline":"C\u00e9dric Cremer et Ronny Fryns s&rsquo;imposent aux 4 heures de Fourons","datePublished":"2019-06-17T19:12:01+00:00","dateModified":"2019-06-17T19:13:24+00:00","mainEntityOfPage":{"@id":"https:\/\/fr.motocrossmag.be\/index.php\/2019\/06\/cedric-cremer-et-ronny-fryns-simposent-aux-4-heures-de-fourons\/"},"wordCount":795,"commentCount":0,"image":{"@id":"https:\/\/fr.motocrossmag.be\/index.php\/2019\/06\/cedric-cremer-et-ronny-fryns-simposent-aux-4-heures-de-fourons\/#primaryimage"},"thumbnailUrl":"https:\/\/fr.motocrossmag.be\/wp-content\/uploads\/2019\/06\/fourons-tt-cremer.jpg","articleSection":["Actualit\u00e9","Enduro","News","News","Slideshow"],"inLanguage":"fr-FR","potentialAction":[{"@type":"CommentAction","name":"Comment","target":["https:\/\/fr.motocrossmag.be\/index.php\/2019\/06\/cedric-cremer-et-ronny-fryns-simposent-aux-4-heures-de-fourons\/#respond"]}]},{"@type":"WebPage","@id":"https:\/\/fr.motocrossmag.be\/index.php\/2019\/06\/cedric-cremer-et-ronny-fryns-simposent-aux-4-heures-de-fourons\/","url":"https:\/\/fr.motocrossmag.be\/index.php\/2019\/06\/cedric-cremer-et-ronny-fryns-simposent-aux-4-heures-de-fourons\/","name":"C\u00e9dric Cremer et Ronny Fryns s'imposent aux 4 heures de Fourons - Motocross - Enduro - Supermoto | MotocrossMag","isPartOf":{"@id":"https:\/\/fr.motocrossmag.be\/#website"},"primaryImageOfPage":{"@id":"https:\/\/fr.motocrossmag.be\/index.php\/2019\/06\/cedric-cremer-et-ronny-fryns-simposent-aux-4-heures-de-fourons\/#primaryimage"},"image":{"@id":"https:\/\/fr.motocrossmag.be\/index.php\/2019\/06\/cedric-cremer-et-ronny-fryns-simposent-aux-4-heures-de-fourons\/#primaryimage"},"thumbnailUrl":"https:\/\/fr.motocrossmag.be\/wp-content\/uploads\/2019\/06\/fourons-tt-cremer.jpg","datePublished":"2019-06-17T19:12:01+00:00","dateModified":"2019-06-17T19:13:24+00:00","author":{"@id":"https:\/\/fr.motocrossmag.be\/#\/schema\/person\/11b47143d9f755babca2c9110e03235c"},"breadcrumb":{"@id":"https:\/\/fr.motocrossmag.be\/index.php\/2019\/06\/cedric-cremer-et-ronny-fryns-simposent-aux-4-heures-de-fourons\/#breadcrumb"},"inLanguage":"fr-FR","potentialAction":[{"@type":"ReadAction","target":["https:\/\/fr.motocrossmag.be\/index.php\/2019\/06\/cedric-cremer-et-ronny-fryns-simposent-aux-4-heures-de-fourons\/"]}]},{"@type":"ImageObject","inLanguage":"fr-FR","@id":"https:\/\/fr.motocrossmag.be\/index.php\/2019\/06\/cedric-cremer-et-ronny-fryns-simposent-aux-4-heures-de-fourons\/#primaryimage","url":"https:\/\/fr.motocrossmag.be\/wp-content\/uploads\/2019\/06\/fourons-tt-cremer.jpg","contentUrl":"https:\/\/fr.motocrossmag.be\/wp-content\/uploads\/2019\/06\/fourons-tt-cremer.jpg","width":1000,"height":743},{"@type":"BreadcrumbList","@id":"https:\/\/fr.motocrossmag.be\/index.php\/2019\/06\/cedric-cremer-et-ronny-fryns-simposent-aux-4-heures-de-fourons\/#breadcrumb","itemListElement":[{"@type":"ListItem","position":1,"name":"Accueil","item":"https:\/\/fr.motocrossmag.be\/"},{"@type":"ListItem","position":2,"name":"C\u00e9dric Cremer et Ronny Fryns s&rsquo;imposent aux 4 heures de Fourons"}]},{"@type":"WebSite","@id":"https:\/\/fr.motocrossmag.be\/#website","url":"https:\/\/fr.motocrossmag.be\/","name":"Motocross - Enduro - Supermoto | MotocrossMag","description":"L&#039;actualit\u00e9 du motocross, de l&#039;enduro et du Supermoto en ligne!","potentialAction":[{"@type":"SearchAction","target":{"@type":"EntryPoint","urlTemplate":"https:\/\/fr.motocrossmag.be\/?s={search_term_string}"},"query-input":{"@type":"PropertyValueSpecification","valueRequired":true,"valueName":"search_term_string"}}],"inLanguage":"fr-FR"},{"@type":"Person","@id":"https:\/\/fr.motocrossmag.be\/#\/schema\/person\/11b47143d9f755babca2c9110e03235c","name":"oliviere","image":{"@type":"ImageObject","inLanguage":"fr-FR","@id":"https:\/\/secure.gravatar.com\/avatar\/907069e0b81d119452040469e4a7501da1100f54f7f80180ce77bfab718288f6?s=96&d=mm&r=g","url":"https:\/\/secure.gravatar.com\/avatar\/907069e0b81d119452040469e4a7501da1100f54f7f80180ce77bfab718288f6?s=96&d=mm&r=g","contentUrl":"https:\/\/secure.gravatar.com\/avatar\/907069e0b81d119452040469e4a7501da1100f54f7f80180ce77bfab718288f6?s=96&d=mm&r=g","caption":"oliviere"},"sameAs":["http:\/\/www.motocrossmag.be"],"url":"https:\/\/fr.motocrossmag.be\/index.php\/author\/oliviere\/"}]}},"_links":{"self":[{"href":"https:\/\/fr.motocrossmag.be\/index.php\/wp-json\/wp\/v2\/posts\/90139","targetHints":{"allow":["GET"]}}],"collection":[{"href":"https:\/\/fr.motocrossmag.be\/index.php\/wp-json\/wp\/v2\/posts"}],"about":[{"href":"https:\/\/fr.motocrossmag.be\/index.php\/wp-json\/wp\/v2\/types\/post"}],"author":[{"embeddable":true,"href":"https:\/\/fr.motocrossmag.be\/index.php\/wp-json\/wp\/v2\/users\/932"}],"replies":[{"embeddable":true,"href":"https:\/\/fr.motocrossmag.be\/index.php\/wp-json\/wp\/v2\/comments?post=90139"}],"version-history":[{"count":1,"href":"https:\/\/fr.motocrossmag.be\/index.php\/wp-json\/wp\/v2\/posts\/90139\/revisions"}],"predecessor-version":[{"id":90141,"href":"https:\/\/fr.motocrossmag.be\/index.php\/wp-json\/wp\/v2\/posts\/90139\/revisions\/90141"}],"wp:featuredmedia":[{"embeddable":true,"href":"https:\/\/fr.motocrossmag.be\/index.php\/wp-json\/wp\/v2\/media\/90140"}],"wp:attachment":[{"href":"https:\/\/fr.motocrossmag.be\/index.php\/wp-json\/wp\/v2\/media?parent=90139"}],"wp:term":[{"taxonomy":"category","embeddable":true,"href":"https:\/\/fr.motocrossmag.be\/index.php\/wp-json\/wp\/v2\/categories?post=90139"},{"taxonomy":"post_tag","embeddable":true,"href":"https:\/\/fr.motocrossmag.be\/index.php\/wp-json\/wp\/v2\/tags?post=90139"}],"curies":[{"name":"wp","href":"https:\/\/api.w.org\/{rel}","templated":true}]}}