{"id":90320,"date":"2019-06-23T23:54:05","date_gmt":"2019-06-23T21:54:05","guid":{"rendered":"https:\/\/fr.motocrossmag.be\/?p=90320"},"modified":"2019-06-23T23:54:05","modified_gmt":"2019-06-23T21:54:05","slug":"endurogp-en-italie-le-resume-video-de-la-deuxieme-journee","status":"publish","type":"post","link":"https:\/\/fr.motocrossmag.be\/index.php\/2019\/06\/endurogp-en-italie-le-resume-video-de-la-deuxieme-journee\/","title":{"rendered":"EnduroGP en Italie : le r\u00e9sum\u00e9 vid\u00e9o de la deuxi\u00e8me journ\u00e9e"},"content":{"rendered":"<p><strong>Apr\u00e8s les orages dantesques de la veille, le soleil et les grandes chaleurs ont fait leur retour pour cette deuxi\u00e8me journ\u00e9e du Grand Prix Acerbis d\u2019Italie. Les conditions de course restaient tr\u00e8s pi\u00e9geuses, les sp\u00e9ciales tr\u00e8s humides \u00e9taient encore glissantes.\u00a0 Alex Salvini a su passer outre la douleur ressentie \u00e0 l&rsquo;\u00e9paule lux\u00e9e en Gr\u00e8ce pour remporter \u201cson\u201d Grand Prix d\u2019Italie. Une victoire qui repr\u00e9sente tellement pour le pilote Honda. L\u2019Italien remporte ce grand prix avec une avance consid\u00e9rable sur ses adversaires. Au final il remporte le deuxi\u00e8me jour avec plus de 42 secondes d\u2019avance sur son dauphin, le pilote TM Lo\u00efc Larrieu.<\/strong><\/p>\n<p>\u00ab\u00a0Hier soir j&rsquo;\u00e9tais tellement en souffrance que je ne savais pas si je serais en mesure de rouler ce matin. J&rsquo;\u00e9tais tr\u00e8s loin d\u2019imaginer que ce soir je serais vainqueur ici en Italie. Merci \u00e0 tous les supporters qui m\u2019ont transmis beaucoup de force et courage. Je leur dois cette victoire ! Merci aussi \u00e0 mon \u00e9quipe pour ce r\u00e9sultat fantastique\u00a0\u00bb, commentait un Salvini fou de joie au moment de savourer sa victoire avec les fans italiens.<\/p>\n<p>Sans surprise, en cat\u00e9gorie Juniors 1 on retrouve Andrea Verona vainqueur du jour devant Espinasse tandis qu&rsquo;Antoine Magain s&rsquo;octroie la 3\u00e8me marche du podium.<\/p>\n<p><iframe class=\"lazyload\" src=\"data:image\/svg+xml,%3Csvg%20xmlns%3D%27http%3A%2F%2Fwww.w3.org%2F2000%2Fsvg%27%20width%3D%27650%27%20height%3D%27366%27%20viewBox%3D%270%200%20650%20366%27%3E%3Crect%20width%3D%27650%27%20height%3D%27366%27%20fill-opacity%3D%220%22%2F%3E%3C%2Fsvg%3E\" data-orig-src=\"https:\/\/www.youtube.com\/embed\/huYxMhaKnUw\" width=\"650\" height=\"366\" frameborder=\"0\" allowfullscreen=\"allowfullscreen\"><\/iframe><\/p>\n","protected":false},"excerpt":{"rendered":"<p>Apr\u00e8s les orages dantesques de la veille, le soleil et les grandes chaleurs ont fait leur retour pour cette deuxi\u00e8me journ\u00e9e du Grand Prix Acerbis d\u2019Italie. Les conditions de course [&#8230;]<\/p>\n","protected":false},"author":932,"featured_media":90321,"comment_status":"open","ping_status":"closed","sticky":false,"template":"","format":"standard","meta":{"footnotes":""},"categories":[54,32,34,33,55],"tags":[],"class_list":["post-90320","post","type-post","status-publish","format-standard","has-post-thumbnail","hentry","category-actualite","category-enduro","category-endurogp","category-news-enduro","category-news-actualite"],"yoast_head":"<!-- This site is optimized with the Yoast SEO plugin v27.4 - https:\/\/yoast.com\/product\/yoast-seo-wordpress\/ -->\n<title>EnduroGP en Italie : le r\u00e9sum\u00e9 vid\u00e9o de la deuxi\u00e8me journ\u00e9e - Motocross - Enduro - Supermoto | MotocrossMag<\/title>\n<meta name=\"robots\" content=\"index, follow, max-snippet:-1, max-image-preview:large, max-video-preview:-1\" \/>\n<link rel=\"canonical\" href=\"https:\/\/fr.motocrossmag.be\/index.php\/2019\/06\/endurogp-en-italie-le-resume-video-de-la-deuxieme-journee\/\" \/>\n<meta property=\"og:locale\" content=\"fr_FR\" \/>\n<meta property=\"og:type\" content=\"article\" \/>\n<meta property=\"og:title\" content=\"EnduroGP en Italie : le r\u00e9sum\u00e9 vid\u00e9o de la deuxi\u00e8me journ\u00e9e - Motocross - Enduro - Supermoto | MotocrossMag\" \/>\n<meta property=\"og:description\" content=\"Apr\u00e8s les orages dantesques de la veille, le soleil et les grandes chaleurs ont fait leur retour pour cette deuxi\u00e8me journ\u00e9e du Grand Prix Acerbis d\u2019Italie. Les conditions de course [...]\" \/>\n<meta property=\"og:url\" content=\"https:\/\/fr.motocrossmag.be\/index.php\/2019\/06\/endurogp-en-italie-le-resume-video-de-la-deuxieme-journee\/\" \/>\n<meta property=\"og:site_name\" content=\"Motocross - Enduro - Supermoto | MotocrossMag\" \/>\n<meta property=\"article:published_time\" content=\"2019-06-23T21:54:05+00:00\" \/>\n<meta property=\"og:image\" content=\"https:\/\/fr.motocrossmag.be\/wp-content\/uploads\/2019\/06\/endurogp-ita-podium.jpg\" \/>\n\t<meta property=\"og:image:width\" content=\"1000\" \/>\n\t<meta property=\"og:image:height\" content=\"666\" \/>\n\t<meta property=\"og:image:type\" content=\"image\/jpeg\" \/>\n<meta name=\"author\" content=\"oliviere\" \/>\n<meta name=\"twitter:card\" content=\"summary_large_image\" \/>\n<meta name=\"twitter:label1\" content=\"\u00c9crit par\" \/>\n\t<meta name=\"twitter:data1\" content=\"oliviere\" \/>\n\t<meta name=\"twitter:label2\" content=\"Dur\u00e9e de lecture estim\u00e9e\" \/>\n\t<meta name=\"twitter:data2\" content=\"1 minute\" \/>\n<script type=\"application\/ld+json\" class=\"yoast-schema-graph\">{\"@context\":\"https:\\\/\\\/schema.org\",\"@graph\":[{\"@type\":\"Article\",\"@id\":\"https:\\\/\\\/fr.motocrossmag.be\\\/index.php\\\/2019\\\/06\\\/endurogp-en-italie-le-resume-video-de-la-deuxieme-journee\\\/#article\",\"isPartOf\":{\"@id\":\"https:\\\/\\\/fr.motocrossmag.be\\\/index.php\\\/2019\\\/06\\\/endurogp-en-italie-le-resume-video-de-la-deuxieme-journee\\\/\"},\"author\":{\"name\":\"oliviere\",\"@id\":\"https:\\\/\\\/fr.motocrossmag.be\\\/#\\\/schema\\\/person\\\/11b47143d9f755babca2c9110e03235c\"},\"headline\":\"EnduroGP en Italie : le r\u00e9sum\u00e9 vid\u00e9o de la deuxi\u00e8me journ\u00e9e\",\"datePublished\":\"2019-06-23T21:54:05+00:00\",\"mainEntityOfPage\":{\"@id\":\"https:\\\/\\\/fr.motocrossmag.be\\\/index.php\\\/2019\\\/06\\\/endurogp-en-italie-le-resume-video-de-la-deuxieme-journee\\\/\"},\"wordCount\":238,\"commentCount\":0,\"image\":{\"@id\":\"https:\\\/\\\/fr.motocrossmag.be\\\/index.php\\\/2019\\\/06\\\/endurogp-en-italie-le-resume-video-de-la-deuxieme-journee\\\/#primaryimage\"},\"thumbnailUrl\":\"https:\\\/\\\/fr.motocrossmag.be\\\/wp-content\\\/uploads\\\/2019\\\/06\\\/endurogp-ita-podium.jpg\",\"articleSection\":[\"Actualit\u00e9\",\"Enduro\",\"EnduroGP\",\"News\",\"News\"],\"inLanguage\":\"fr-FR\",\"potentialAction\":[{\"@type\":\"CommentAction\",\"name\":\"Comment\",\"target\":[\"https:\\\/\\\/fr.motocrossmag.be\\\/index.php\\\/2019\\\/06\\\/endurogp-en-italie-le-resume-video-de-la-deuxieme-journee\\\/#respond\"]}]},{\"@type\":\"WebPage\",\"@id\":\"https:\\\/\\\/fr.motocrossmag.be\\\/index.php\\\/2019\\\/06\\\/endurogp-en-italie-le-resume-video-de-la-deuxieme-journee\\\/\",\"url\":\"https:\\\/\\\/fr.motocrossmag.be\\\/index.php\\\/2019\\\/06\\\/endurogp-en-italie-le-resume-video-de-la-deuxieme-journee\\\/\",\"name\":\"EnduroGP en Italie : le r\u00e9sum\u00e9 vid\u00e9o de la deuxi\u00e8me journ\u00e9e - Motocross - Enduro - Supermoto | MotocrossMag\",\"isPartOf\":{\"@id\":\"https:\\\/\\\/fr.motocrossmag.be\\\/#website\"},\"primaryImageOfPage\":{\"@id\":\"https:\\\/\\\/fr.motocrossmag.be\\\/index.php\\\/2019\\\/06\\\/endurogp-en-italie-le-resume-video-de-la-deuxieme-journee\\\/#primaryimage\"},\"image\":{\"@id\":\"https:\\\/\\\/fr.motocrossmag.be\\\/index.php\\\/2019\\\/06\\\/endurogp-en-italie-le-resume-video-de-la-deuxieme-journee\\\/#primaryimage\"},\"thumbnailUrl\":\"https:\\\/\\\/fr.motocrossmag.be\\\/wp-content\\\/uploads\\\/2019\\\/06\\\/endurogp-ita-podium.jpg\",\"datePublished\":\"2019-06-23T21:54:05+00:00\",\"author\":{\"@id\":\"https:\\\/\\\/fr.motocrossmag.be\\\/#\\\/schema\\\/person\\\/11b47143d9f755babca2c9110e03235c\"},\"breadcrumb\":{\"@id\":\"https:\\\/\\\/fr.motocrossmag.be\\\/index.php\\\/2019\\\/06\\\/endurogp-en-italie-le-resume-video-de-la-deuxieme-journee\\\/#breadcrumb\"},\"inLanguage\":\"fr-FR\",\"potentialAction\":[{\"@type\":\"ReadAction\",\"target\":[\"https:\\\/\\\/fr.motocrossmag.be\\\/index.php\\\/2019\\\/06\\\/endurogp-en-italie-le-resume-video-de-la-deuxieme-journee\\\/\"]}]},{\"@type\":\"ImageObject\",\"inLanguage\":\"fr-FR\",\"@id\":\"https:\\\/\\\/fr.motocrossmag.be\\\/index.php\\\/2019\\\/06\\\/endurogp-en-italie-le-resume-video-de-la-deuxieme-journee\\\/#primaryimage\",\"url\":\"https:\\\/\\\/fr.motocrossmag.be\\\/wp-content\\\/uploads\\\/2019\\\/06\\\/endurogp-ita-podium.jpg\",\"contentUrl\":\"https:\\\/\\\/fr.motocrossmag.be\\\/wp-content\\\/uploads\\\/2019\\\/06\\\/endurogp-ita-podium.jpg\",\"width\":1000,\"height\":666},{\"@type\":\"BreadcrumbList\",\"@id\":\"https:\\\/\\\/fr.motocrossmag.be\\\/index.php\\\/2019\\\/06\\\/endurogp-en-italie-le-resume-video-de-la-deuxieme-journee\\\/#breadcrumb\",\"itemListElement\":[{\"@type\":\"ListItem\",\"position\":1,\"name\":\"Accueil\",\"item\":\"https:\\\/\\\/fr.motocrossmag.be\\\/\"},{\"@type\":\"ListItem\",\"position\":2,\"name\":\"EnduroGP en Italie : le r\u00e9sum\u00e9 vid\u00e9o de la deuxi\u00e8me journ\u00e9e\"}]},{\"@type\":\"WebSite\",\"@id\":\"https:\\\/\\\/fr.motocrossmag.be\\\/#website\",\"url\":\"https:\\\/\\\/fr.motocrossmag.be\\\/\",\"name\":\"Motocross - Enduro - Supermoto | MotocrossMag\",\"description\":\"L&#039;actualit\u00e9 du motocross, de l&#039;enduro et du Supermoto en ligne!\",\"potentialAction\":[{\"@type\":\"SearchAction\",\"target\":{\"@type\":\"EntryPoint\",\"urlTemplate\":\"https:\\\/\\\/fr.motocrossmag.be\\\/?s={search_term_string}\"},\"query-input\":{\"@type\":\"PropertyValueSpecification\",\"valueRequired\":true,\"valueName\":\"search_term_string\"}}],\"inLanguage\":\"fr-FR\"},{\"@type\":\"Person\",\"@id\":\"https:\\\/\\\/fr.motocrossmag.be\\\/#\\\/schema\\\/person\\\/11b47143d9f755babca2c9110e03235c\",\"name\":\"oliviere\",\"image\":{\"@type\":\"ImageObject\",\"inLanguage\":\"fr-FR\",\"@id\":\"https:\\\/\\\/secure.gravatar.com\\\/avatar\\\/907069e0b81d119452040469e4a7501da1100f54f7f80180ce77bfab718288f6?s=96&d=mm&r=g\",\"url\":\"https:\\\/\\\/secure.gravatar.com\\\/avatar\\\/907069e0b81d119452040469e4a7501da1100f54f7f80180ce77bfab718288f6?s=96&d=mm&r=g\",\"contentUrl\":\"https:\\\/\\\/secure.gravatar.com\\\/avatar\\\/907069e0b81d119452040469e4a7501da1100f54f7f80180ce77bfab718288f6?s=96&d=mm&r=g\",\"caption\":\"oliviere\"},\"sameAs\":[\"http:\\\/\\\/www.motocrossmag.be\"],\"url\":\"https:\\\/\\\/fr.motocrossmag.be\\\/index.php\\\/author\\\/oliviere\\\/\"}]}<\/script>\n<!-- \/ Yoast SEO plugin. -->","yoast_head_json":{"title":"EnduroGP en Italie : le r\u00e9sum\u00e9 vid\u00e9o de la deuxi\u00e8me journ\u00e9e - Motocross - Enduro - Supermoto | MotocrossMag","robots":{"index":"index","follow":"follow","max-snippet":"max-snippet:-1","max-image-preview":"max-image-preview:large","max-video-preview":"max-video-preview:-1"},"canonical":"https:\/\/fr.motocrossmag.be\/index.php\/2019\/06\/endurogp-en-italie-le-resume-video-de-la-deuxieme-journee\/","og_locale":"fr_FR","og_type":"article","og_title":"EnduroGP en Italie : le r\u00e9sum\u00e9 vid\u00e9o de la deuxi\u00e8me journ\u00e9e - Motocross - Enduro - Supermoto | MotocrossMag","og_description":"Apr\u00e8s les orages dantesques de la veille, le soleil et les grandes chaleurs ont fait leur retour pour cette deuxi\u00e8me journ\u00e9e du Grand Prix Acerbis d\u2019Italie. Les conditions de course [...]","og_url":"https:\/\/fr.motocrossmag.be\/index.php\/2019\/06\/endurogp-en-italie-le-resume-video-de-la-deuxieme-journee\/","og_site_name":"Motocross - Enduro - Supermoto | MotocrossMag","article_published_time":"2019-06-23T21:54:05+00:00","og_image":[{"width":1000,"height":666,"url":"https:\/\/fr.motocrossmag.be\/wp-content\/uploads\/2019\/06\/endurogp-ita-podium.jpg","type":"image\/jpeg"}],"author":"oliviere","twitter_card":"summary_large_image","twitter_misc":{"\u00c9crit par":"oliviere","Dur\u00e9e de lecture estim\u00e9e":"1 minute"},"schema":{"@context":"https:\/\/schema.org","@graph":[{"@type":"Article","@id":"https:\/\/fr.motocrossmag.be\/index.php\/2019\/06\/endurogp-en-italie-le-resume-video-de-la-deuxieme-journee\/#article","isPartOf":{"@id":"https:\/\/fr.motocrossmag.be\/index.php\/2019\/06\/endurogp-en-italie-le-resume-video-de-la-deuxieme-journee\/"},"author":{"name":"oliviere","@id":"https:\/\/fr.motocrossmag.be\/#\/schema\/person\/11b47143d9f755babca2c9110e03235c"},"headline":"EnduroGP en Italie : le r\u00e9sum\u00e9 vid\u00e9o de la deuxi\u00e8me journ\u00e9e","datePublished":"2019-06-23T21:54:05+00:00","mainEntityOfPage":{"@id":"https:\/\/fr.motocrossmag.be\/index.php\/2019\/06\/endurogp-en-italie-le-resume-video-de-la-deuxieme-journee\/"},"wordCount":238,"commentCount":0,"image":{"@id":"https:\/\/fr.motocrossmag.be\/index.php\/2019\/06\/endurogp-en-italie-le-resume-video-de-la-deuxieme-journee\/#primaryimage"},"thumbnailUrl":"https:\/\/fr.motocrossmag.be\/wp-content\/uploads\/2019\/06\/endurogp-ita-podium.jpg","articleSection":["Actualit\u00e9","Enduro","EnduroGP","News","News"],"inLanguage":"fr-FR","potentialAction":[{"@type":"CommentAction","name":"Comment","target":["https:\/\/fr.motocrossmag.be\/index.php\/2019\/06\/endurogp-en-italie-le-resume-video-de-la-deuxieme-journee\/#respond"]}]},{"@type":"WebPage","@id":"https:\/\/fr.motocrossmag.be\/index.php\/2019\/06\/endurogp-en-italie-le-resume-video-de-la-deuxieme-journee\/","url":"https:\/\/fr.motocrossmag.be\/index.php\/2019\/06\/endurogp-en-italie-le-resume-video-de-la-deuxieme-journee\/","name":"EnduroGP en Italie : le r\u00e9sum\u00e9 vid\u00e9o de la deuxi\u00e8me journ\u00e9e - Motocross - Enduro - Supermoto | MotocrossMag","isPartOf":{"@id":"https:\/\/fr.motocrossmag.be\/#website"},"primaryImageOfPage":{"@id":"https:\/\/fr.motocrossmag.be\/index.php\/2019\/06\/endurogp-en-italie-le-resume-video-de-la-deuxieme-journee\/#primaryimage"},"image":{"@id":"https:\/\/fr.motocrossmag.be\/index.php\/2019\/06\/endurogp-en-italie-le-resume-video-de-la-deuxieme-journee\/#primaryimage"},"thumbnailUrl":"https:\/\/fr.motocrossmag.be\/wp-content\/uploads\/2019\/06\/endurogp-ita-podium.jpg","datePublished":"2019-06-23T21:54:05+00:00","author":{"@id":"https:\/\/fr.motocrossmag.be\/#\/schema\/person\/11b47143d9f755babca2c9110e03235c"},"breadcrumb":{"@id":"https:\/\/fr.motocrossmag.be\/index.php\/2019\/06\/endurogp-en-italie-le-resume-video-de-la-deuxieme-journee\/#breadcrumb"},"inLanguage":"fr-FR","potentialAction":[{"@type":"ReadAction","target":["https:\/\/fr.motocrossmag.be\/index.php\/2019\/06\/endurogp-en-italie-le-resume-video-de-la-deuxieme-journee\/"]}]},{"@type":"ImageObject","inLanguage":"fr-FR","@id":"https:\/\/fr.motocrossmag.be\/index.php\/2019\/06\/endurogp-en-italie-le-resume-video-de-la-deuxieme-journee\/#primaryimage","url":"https:\/\/fr.motocrossmag.be\/wp-content\/uploads\/2019\/06\/endurogp-ita-podium.jpg","contentUrl":"https:\/\/fr.motocrossmag.be\/wp-content\/uploads\/2019\/06\/endurogp-ita-podium.jpg","width":1000,"height":666},{"@type":"BreadcrumbList","@id":"https:\/\/fr.motocrossmag.be\/index.php\/2019\/06\/endurogp-en-italie-le-resume-video-de-la-deuxieme-journee\/#breadcrumb","itemListElement":[{"@type":"ListItem","position":1,"name":"Accueil","item":"https:\/\/fr.motocrossmag.be\/"},{"@type":"ListItem","position":2,"name":"EnduroGP en Italie : le r\u00e9sum\u00e9 vid\u00e9o de la deuxi\u00e8me journ\u00e9e"}]},{"@type":"WebSite","@id":"https:\/\/fr.motocrossmag.be\/#website","url":"https:\/\/fr.motocrossmag.be\/","name":"Motocross - Enduro - Supermoto | MotocrossMag","description":"L&#039;actualit\u00e9 du motocross, de l&#039;enduro et du Supermoto en ligne!","potentialAction":[{"@type":"SearchAction","target":{"@type":"EntryPoint","urlTemplate":"https:\/\/fr.motocrossmag.be\/?s={search_term_string}"},"query-input":{"@type":"PropertyValueSpecification","valueRequired":true,"valueName":"search_term_string"}}],"inLanguage":"fr-FR"},{"@type":"Person","@id":"https:\/\/fr.motocrossmag.be\/#\/schema\/person\/11b47143d9f755babca2c9110e03235c","name":"oliviere","image":{"@type":"ImageObject","inLanguage":"fr-FR","@id":"https:\/\/secure.gravatar.com\/avatar\/907069e0b81d119452040469e4a7501da1100f54f7f80180ce77bfab718288f6?s=96&d=mm&r=g","url":"https:\/\/secure.gravatar.com\/avatar\/907069e0b81d119452040469e4a7501da1100f54f7f80180ce77bfab718288f6?s=96&d=mm&r=g","contentUrl":"https:\/\/secure.gravatar.com\/avatar\/907069e0b81d119452040469e4a7501da1100f54f7f80180ce77bfab718288f6?s=96&d=mm&r=g","caption":"oliviere"},"sameAs":["http:\/\/www.motocrossmag.be"],"url":"https:\/\/fr.motocrossmag.be\/index.php\/author\/oliviere\/"}]}},"_links":{"self":[{"href":"https:\/\/fr.motocrossmag.be\/index.php\/wp-json\/wp\/v2\/posts\/90320","targetHints":{"allow":["GET"]}}],"collection":[{"href":"https:\/\/fr.motocrossmag.be\/index.php\/wp-json\/wp\/v2\/posts"}],"about":[{"href":"https:\/\/fr.motocrossmag.be\/index.php\/wp-json\/wp\/v2\/types\/post"}],"author":[{"embeddable":true,"href":"https:\/\/fr.motocrossmag.be\/index.php\/wp-json\/wp\/v2\/users\/932"}],"replies":[{"embeddable":true,"href":"https:\/\/fr.motocrossmag.be\/index.php\/wp-json\/wp\/v2\/comments?post=90320"}],"version-history":[{"count":0,"href":"https:\/\/fr.motocrossmag.be\/index.php\/wp-json\/wp\/v2\/posts\/90320\/revisions"}],"wp:featuredmedia":[{"embeddable":true,"href":"https:\/\/fr.motocrossmag.be\/index.php\/wp-json\/wp\/v2\/media\/90321"}],"wp:attachment":[{"href":"https:\/\/fr.motocrossmag.be\/index.php\/wp-json\/wp\/v2\/media?parent=90320"}],"wp:term":[{"taxonomy":"category","embeddable":true,"href":"https:\/\/fr.motocrossmag.be\/index.php\/wp-json\/wp\/v2\/categories?post=90320"},{"taxonomy":"post_tag","embeddable":true,"href":"https:\/\/fr.motocrossmag.be\/index.php\/wp-json\/wp\/v2\/tags?post=90320"}],"curies":[{"name":"wp","href":"https:\/\/api.w.org\/{rel}","templated":true}]}}