{"id":90594,"date":"2019-06-26T11:29:47","date_gmt":"2019-06-26T09:29:47","guid":{"rendered":"https:\/\/fr.motocrossmag.be\/?p=90594"},"modified":"2019-06-26T11:29:47","modified_gmt":"2019-06-26T09:29:47","slug":"cedric-cremer-remporte-le-3eme-enduro-de-chimay","status":"publish","type":"post","link":"https:\/\/fr.motocrossmag.be\/index.php\/2019\/06\/cedric-cremer-remporte-le-3eme-enduro-de-chimay\/","title":{"rendered":"C\u00e9dric Cremer remporte le 3\u00e8me enduro de Chimay"},"content":{"rendered":"<p><strong>Pour cette troisi\u00e8me \u00e9dition de l&rsquo;enduro de Chimay, C\u00e9dric Cr\u00e9mer s&rsquo;impose, en cat\u00e9gorie Prestige avec plus de 21 secondes d&rsquo;avance sur Matthew Vanoevelen et Daymond Martens. Ce dernier, rarement pr\u00e9sent sur des \u00e9preuves d&rsquo;enduro, a tenu la cadence et inqui\u00e9t\u00e9 les t\u00e9nors de notre championnat national d&rsquo;enduro. En l&rsquo;absence d&rsquo;Antoine Magain, actuel tenant du titre et leader actuel, qui disputait une \u00e9preuve du mondial EnduroGP en Italie, la bataille fut rude entre tous. Chacun a pu tenter de se faire un place au soleil pour gravir en fin de journ\u00e9e la premi\u00e8re marche du podium. Ils ont offert un magnifique spectacle sur 2 sp\u00e9ciales superbement trac\u00e9es.<\/strong><\/p>\n<p>Sur la SP1, il fallait ouvrir \u00e0 fond les gaz et les spectateurs ne devaient pas perdre des yeux les pilotes tellement le rythme \u00e9tait rapide, les meilleurs ont affich\u00e9 des chronos de moins de 4 minutes.<br \/>\nLa SP2, trac\u00e9e dans une carri\u00e8re \u00e9tait plus technique et il fallait jongler les changements de conditions d&rsquo;adh\u00e9rence.<\/p>\n<p><img decoding=\"async\" class=\"lazyload alignnone size-medium wp-image-90595\" src=\"https:\/\/fr.motocrossmag.be\/wp-content\/uploads\/2019\/06\/IMG_1215_GF-650x433.jpg\" data-orig-src=\"https:\/\/fr.motocrossmag.be\/wp-content\/uploads\/2019\/06\/IMG_1215_GF-650x433.jpg\" alt=\"\" width=\"650\" height=\"433\" srcset=\"data:image\/svg+xml,%3Csvg%20xmlns%3D%27http%3A%2F%2Fwww.w3.org%2F2000%2Fsvg%27%20width%3D%27650%27%20height%3D%27433%27%20viewBox%3D%270%200%20650%20433%27%3E%3Crect%20width%3D%27650%27%20height%3D%27433%27%20fill-opacity%3D%220%22%2F%3E%3C%2Fsvg%3E\" data-srcset=\"https:\/\/fr.motocrossmag.be\/wp-content\/uploads\/2019\/06\/IMG_1215_GF-650x433.jpg 650w, https:\/\/fr.motocrossmag.be\/wp-content\/uploads\/2019\/06\/IMG_1215_GF-768x511.jpg 768w, https:\/\/fr.motocrossmag.be\/wp-content\/uploads\/2019\/06\/IMG_1215_GF.jpg 1000w\" data-sizes=\"auto\" data-orig-sizes=\"(max-width: 650px) 100vw, 650px\" \/><\/p>\n<p>C\u00f4t\u00e9 r\u00e9sultat, on retrouve les pilotes habitu\u00e9s des podiums : Maxime Warenghien et Mathias Van Hoof en Inter, Derycke Lucas, K\u00e9vin Thomas et Dorian Tourneur en Espoirs, Fr\u00e9d\u00e9ric Gauniaux , Ronny Fryns et Samuel Maryns en Nationaux, Vukcevic Mickael, Evelette Willy et Gaillard Steve en Gentlemen ou encore Romain Bastien en Junior. Des licenci\u00e9s \u00e0 la journ\u00e9e viennent s\u2019immiscer parmi eux comme Erik Willems\u00a0 chez les Inter qui prend la premi\u00e8re place.<\/p>\n<p>Chez les Young, une cat\u00e9gorie inaugur\u00e9e l&rsquo;an dernier pr\u00e9cis\u00e9ment \u00e0 Chimay, on retrouve aux premiers postes Mathis Dussart, Arthur Sente et Boucquez Maxime.<\/p>\n<p>A la place du traditionnel troph\u00e9e, les vainqueurs se sont vu remettre un verre de Chimay !<\/p>\n<p><img decoding=\"async\" class=\"lazyload alignnone size-medium wp-image-90597\" src=\"https:\/\/fr.motocrossmag.be\/wp-content\/uploads\/2019\/06\/IMG_1075_GF-650x433.jpg\" data-orig-src=\"https:\/\/fr.motocrossmag.be\/wp-content\/uploads\/2019\/06\/IMG_1075_GF-650x433.jpg\" alt=\"\" width=\"650\" height=\"433\" srcset=\"data:image\/svg+xml,%3Csvg%20xmlns%3D%27http%3A%2F%2Fwww.w3.org%2F2000%2Fsvg%27%20width%3D%27650%27%20height%3D%27433%27%20viewBox%3D%270%200%20650%20433%27%3E%3Crect%20width%3D%27650%27%20height%3D%27433%27%20fill-opacity%3D%220%22%2F%3E%3C%2Fsvg%3E\" data-srcset=\"https:\/\/fr.motocrossmag.be\/wp-content\/uploads\/2019\/06\/IMG_1075_GF-650x433.jpg 650w, https:\/\/fr.motocrossmag.be\/wp-content\/uploads\/2019\/06\/IMG_1075_GF-768x511.jpg 768w, https:\/\/fr.motocrossmag.be\/wp-content\/uploads\/2019\/06\/IMG_1075_GF.jpg 1000w\" data-sizes=\"auto\" data-orig-sizes=\"(max-width: 650px) 100vw, 650px\" \/><\/p>\n<p>Du c\u00f4t\u00e9 des organisateurs, cette \u00e9dition s&rsquo;annon\u00e7ait comme un nouveau challenge car apr\u00e8s 2 \u00e9ditions en formule \u00ab\u00a0sprint\u00a0\u00bb, ils se lan\u00e7aient dans une formule plus classique avec 2 sp\u00e9ciales et 50 km de liaison. Le pr\u00e9sident du club de Chimay n&rsquo;est pas peu fier de dire que sur 202 partants, on ne note aucun pilote bless\u00e9 ! Cependant, leur premi\u00e8re exp\u00e9rience du tra\u00e7age d&rsquo;une liaison a \u00e9t\u00e9 compliqu\u00e9. En effet, les temp\u00eates des quelques jours pr\u00e9c\u00e9dant la course leur ont donn\u00e9 du fil \u00e0 retordre.<\/p>\n<p>Rendez-vous \u00e0 Lierneux d\u00e8s ce week-end pour une nouvelle manche du championnat belge d&rsquo;enduro !<\/p>\n<p>Texte &amp; photos : Pauline Vallerand<\/p>\n<p>&nbsp;<\/p>\n<p><span style=\"color: #800000;\"><strong>R\u00e9sultats<\/p>\n<p><\/strong><\/span><\/p>\n<table width=\"100%\">\n<tbody>\n<tr>\n<td width=\"77\">PRESTIGES<\/td>\n<td width=\"222\"><\/td>\n<td width=\"125\"><\/td>\n<td width=\"90\"><\/td>\n<td width=\"80\"><\/td>\n<\/tr>\n<tr>\n<td><\/td>\n<td><\/td>\n<td><\/td>\n<td><\/td>\n<td><\/td>\n<\/tr>\n<tr>\n<td width=\"77\">1<\/td>\n<td width=\"222\">CREMER C\u00c9DRIC<\/td>\n<td width=\"125\">YAMAHA<\/td>\n<td width=\"90\">42:54.86<\/td>\n<td width=\"80\"><\/td>\n<\/tr>\n<tr>\n<td width=\"77\">2<\/td>\n<td width=\"222\">VANOEVELEN MATTHEW<\/td>\n<td width=\"125\">GAS GAS<\/td>\n<td width=\"90\">+00:21.43<\/td>\n<td><\/td>\n<\/tr>\n<tr>\n<td width=\"77\">3<\/td>\n<td width=\"222\">DAYMOND MARTENS<\/td>\n<td width=\"125\"><\/td>\n<td width=\"90\">+01:20.52<\/td>\n<td><\/td>\n<\/tr>\n<tr>\n<td width=\"77\">4<\/td>\n<td width=\"222\">LILLO GAUTHIER<\/td>\n<td width=\"125\">HUSQVARNA<\/td>\n<td width=\"90\">+02:03.48<\/td>\n<td><\/td>\n<\/tr>\n<tr>\n<td width=\"77\">5<\/td>\n<td width=\"222\">VANDERHEYDEN WIM<\/td>\n<td width=\"125\">HUSQVARNA<\/td>\n<td width=\"90\">+03:06.53<\/td>\n<td><\/td>\n<\/tr>\n<tr>\n<td><\/td>\n<td><\/td>\n<td><\/td>\n<td><\/td>\n<td><\/td>\n<\/tr>\n<tr>\n<td>INTERS<\/td>\n<td><\/td>\n<td><\/td>\n<td><\/td>\n<td><\/td>\n<\/tr>\n<tr>\n<td><\/td>\n<td><\/td>\n<td><\/td>\n<td><\/td>\n<td><\/td>\n<\/tr>\n<tr>\n<td width=\"77\">1<\/td>\n<td width=\"222\">WILLEMS ERIK<\/td>\n<td width=\"125\">HUSQVARNA<\/td>\n<td width=\"90\">43:09.97<\/td>\n<td width=\"80\"><\/td>\n<\/tr>\n<tr>\n<td width=\"77\">2<\/td>\n<td width=\"222\">WARENGHIEN Maxime<\/td>\n<td width=\"125\">HONDA<\/td>\n<td width=\"90\">+00:42.72<\/td>\n<td><\/td>\n<\/tr>\n<tr>\n<td width=\"77\">3<\/td>\n<td width=\"222\">VAN HOOF MATHIAS<\/td>\n<td width=\"125\">BETA<\/td>\n<td width=\"90\">+01:24.00<\/td>\n<td><\/td>\n<\/tr>\n<tr>\n<td width=\"77\">4<\/td>\n<td width=\"222\">HERINNE J\u00c9R\u00c9MY<\/td>\n<td width=\"125\">YAMAHA<\/td>\n<td width=\"90\">+01:29.08<\/td>\n<td><\/td>\n<\/tr>\n<tr>\n<td width=\"77\">5<\/td>\n<td width=\"222\">GEURTS Roel<\/td>\n<td width=\"125\">KTM<\/td>\n<td width=\"90\">+01:31.83<\/td>\n<td><\/td>\n<\/tr>\n<tr>\n<td width=\"77\">6<\/td>\n<td width=\"222\">WAUTHIER DAMIEN<\/td>\n<td width=\"125\">BETA<\/td>\n<td width=\"90\">+01:42.35<\/td>\n<td><\/td>\n<\/tr>\n<tr>\n<td width=\"77\">7<\/td>\n<td width=\"222\">JORN ZOETEKOUW<\/td>\n<td width=\"125\">KTM<\/td>\n<td width=\"90\">+02:40.80<\/td>\n<td><\/td>\n<\/tr>\n<tr>\n<td width=\"77\">8<\/td>\n<td width=\"222\">BRAL LUDOVIC<\/td>\n<td width=\"125\">TM<\/td>\n<td width=\"90\">+02:58.16<\/td>\n<td><\/td>\n<\/tr>\n<tr>\n<td width=\"77\">9<\/td>\n<td width=\"222\">BEGON Loic<\/td>\n<td width=\"125\">YAMAHA<\/td>\n<td width=\"90\">+02:59.85<\/td>\n<td><\/td>\n<\/tr>\n<tr>\n<td width=\"77\">10<\/td>\n<td width=\"222\">LELOUP ANDREW<\/td>\n<td width=\"125\">HVA<\/td>\n<td width=\"90\">+03:10.51<\/td>\n<td><\/td>\n<\/tr>\n<tr>\n<td width=\"77\">11<\/td>\n<td width=\"222\">DE PRAETERE BERTRAND<\/td>\n<td width=\"125\">HUSQVARNA<\/td>\n<td width=\"90\">+03:20.04<\/td>\n<td><\/td>\n<\/tr>\n<tr>\n<td width=\"77\">12<\/td>\n<td width=\"222\">BAILLEUX Bertrand<\/td>\n<td width=\"125\">HUSQVARNA<\/td>\n<td width=\"90\">+03:48.23<\/td>\n<td><\/td>\n<\/tr>\n<tr>\n<td width=\"77\">13<\/td>\n<td width=\"222\">BERTHOLET MARVIN<\/td>\n<td width=\"125\">HUSQVARNA<\/td>\n<td width=\"90\">+04:06.72<\/td>\n<td><\/td>\n<\/tr>\n<tr>\n<td width=\"77\">14<\/td>\n<td width=\"222\">QUODBACH EMILE<\/td>\n<td width=\"125\">HUSQVARNA<\/td>\n<td width=\"90\">+04:27.77<\/td>\n<td><\/td>\n<\/tr>\n<tr>\n<td width=\"77\">15<\/td>\n<td width=\"222\">RUBEN WAGELAAR<\/td>\n<td width=\"125\">KTM<\/td>\n<td width=\"90\">+04:51.78<\/td>\n<td><\/td>\n<\/tr>\n<tr>\n<td width=\"77\">16<\/td>\n<td width=\"222\">DEDECKER RENS<\/td>\n<td width=\"125\">SHERCO<\/td>\n<td width=\"90\">+04:55.70<\/td>\n<td><\/td>\n<\/tr>\n<tr>\n<td width=\"77\">17<\/td>\n<td width=\"222\">DE SCHAEPMEESTER JARNE<\/td>\n<td width=\"125\">KTM<\/td>\n<td width=\"90\">+05:04.79<\/td>\n<td><\/td>\n<\/tr>\n<tr>\n<td width=\"77\">18<\/td>\n<td width=\"222\">SIX Niki Maurice<\/td>\n<td width=\"125\">BETA<\/td>\n<td width=\"90\">+05:39.32<\/td>\n<td><\/td>\n<\/tr>\n<tr>\n<td width=\"77\">19<\/td>\n<td width=\"222\">JADOUILLE S\u00c9BASTIEN<\/td>\n<td width=\"125\">HUSQVARNA<\/td>\n<td width=\"90\">+05:54.11<\/td>\n<td><\/td>\n<\/tr>\n<tr>\n<td width=\"77\">20<\/td>\n<td width=\"222\">SMAL THOMAS<\/td>\n<td width=\"125\">SHERCO<\/td>\n<td width=\"90\">+06:14.90<\/td>\n<td><\/td>\n<\/tr>\n<tr>\n<td width=\"77\">21<\/td>\n<td width=\"222\">FEIKO PROSJE<\/td>\n<td width=\"125\">KTM 450 EXC<\/td>\n<td width=\"90\">+07:25.53<\/td>\n<td><\/td>\n<\/tr>\n<tr>\n<td width=\"77\">22<\/td>\n<td width=\"222\">ABMA DOEKELE<\/td>\n<td width=\"125\">HUSQVARNA<\/td>\n<td width=\"90\">+09:40.11<\/td>\n<td><\/td>\n<\/tr>\n<tr>\n<td width=\"77\">23<\/td>\n<td width=\"222\">DANIEL KEMPER<\/td>\n<td width=\"125\">KTM<\/td>\n<td width=\"90\">+10:12.59<\/td>\n<td><\/td>\n<\/tr>\n<tr>\n<td width=\"77\">24<\/td>\n<td width=\"222\">KUILMAN, ALBERT JAN<\/td>\n<td width=\"125\">YAMAHA<\/td>\n<td width=\"90\">+10:31.33<\/td>\n<td><\/td>\n<\/tr>\n<tr>\n<td><\/td>\n<td><\/td>\n<td><\/td>\n<td><\/td>\n<td><\/td>\n<\/tr>\n<tr>\n<td colspan=\"2\">NATIONAUX<\/td>\n<td><\/td>\n<td><\/td>\n<td><\/td>\n<\/tr>\n<tr>\n<td><\/td>\n<td><\/td>\n<td><\/td>\n<td><\/td>\n<td><\/td>\n<\/tr>\n<tr>\n<td width=\"77\">1<\/td>\n<td width=\"222\">GAUNIAUX Fr\u00e9d\u00e9ric Michel<\/td>\n<td width=\"125\">SHERCO<\/td>\n<td width=\"90\">34:28.43<\/td>\n<td width=\"80\"><\/td>\n<\/tr>\n<tr>\n<td width=\"77\">2<\/td>\n<td width=\"222\">FRYNS Ronny<\/td>\n<td width=\"125\">YAMAHA<\/td>\n<td width=\"90\">+00:27.04<\/td>\n<td><\/td>\n<\/tr>\n<tr>\n<td width=\"77\">3<\/td>\n<td width=\"222\">MARYNS Samuel<\/td>\n<td width=\"125\">KTM<\/td>\n<td width=\"90\">+00:46.92<\/td>\n<td><\/td>\n<\/tr>\n<tr>\n<td width=\"77\">4<\/td>\n<td width=\"222\">DUMONT Teddy<\/td>\n<td width=\"125\">BETA<\/td>\n<td width=\"90\">+01:15.24<\/td>\n<td><\/td>\n<\/tr>\n<tr>\n<td width=\"77\">5<\/td>\n<td width=\"222\">BAELEMANS KIM<\/td>\n<td width=\"125\">HUSQVARNA<\/td>\n<td width=\"90\">+01:40.39<\/td>\n<td><\/td>\n<\/tr>\n<tr>\n<td width=\"77\">6<\/td>\n<td width=\"222\">VINDEVOGEL Maxime<\/td>\n<td width=\"125\">KTM<\/td>\n<td width=\"90\">+01:55.57<\/td>\n<td><\/td>\n<\/tr>\n<tr>\n<td width=\"77\">7<\/td>\n<td width=\"222\">ROBERT STEVE<\/td>\n<td width=\"125\">HUSQVARNA<\/td>\n<td width=\"90\">+02:10.09<\/td>\n<td><\/td>\n<\/tr>\n<tr>\n<td width=\"77\">8<\/td>\n<td width=\"222\">VAN DUN STEVEN<\/td>\n<td width=\"125\">HUSQVARNA<\/td>\n<td width=\"90\">+02:14.21<\/td>\n<td><\/td>\n<\/tr>\n<tr>\n<td width=\"77\">9<\/td>\n<td width=\"222\">BERTHOLET Ralph Jos\u00e9<\/td>\n<td width=\"125\">HUSQVARNA FE<\/td>\n<td width=\"90\">+02:23.64<\/td>\n<td><\/td>\n<\/tr>\n<tr>\n<td width=\"77\">10<\/td>\n<td width=\"222\">BAUGNIET Christophe<\/td>\n<td width=\"125\">KTM<\/td>\n<td width=\"90\">+02:32.23<\/td>\n<td><\/td>\n<\/tr>\n<tr>\n<td width=\"77\">11<\/td>\n<td width=\"222\">VERDIN Maxime<\/td>\n<td width=\"125\">HUSQVARNA<\/td>\n<td width=\"90\">+02:49.81<\/td>\n<td><\/td>\n<\/tr>\n<tr>\n<td width=\"77\">12<\/td>\n<td width=\"222\">STRUYVEN Thibaut<\/td>\n<td width=\"125\">HUSQVARNA<\/td>\n<td width=\"90\">+02:54.68<\/td>\n<td><\/td>\n<\/tr>\n<tr>\n<td width=\"77\">13<\/td>\n<td width=\"222\">DANIELS Nicolas<\/td>\n<td width=\"125\">KTM<\/td>\n<td width=\"90\">+03:03.77<\/td>\n<td><\/td>\n<\/tr>\n<tr>\n<td width=\"77\">14<\/td>\n<td width=\"222\">FOHAL ROMAIN<\/td>\n<td width=\"125\">KTM<\/td>\n<td width=\"90\">+03:48.94<\/td>\n<td><\/td>\n<\/tr>\n<tr>\n<td width=\"77\">15<\/td>\n<td width=\"222\">LAMY Nicolas<\/td>\n<td width=\"125\">HUSQVARNA<\/td>\n<td width=\"90\">+03:53.65<\/td>\n<td><\/td>\n<\/tr>\n<tr>\n<td width=\"77\">16<\/td>\n<td width=\"222\">DELOOF SANDER<\/td>\n<td width=\"125\">SHERCO<\/td>\n<td width=\"90\">+04:19.56<\/td>\n<td><\/td>\n<\/tr>\n<tr>\n<td><\/td>\n<td><\/td>\n<td><\/td>\n<td><\/td>\n<td><\/td>\n<\/tr>\n<tr>\n<td>JUNIORS<\/td>\n<td><\/td>\n<td><\/td>\n<td><\/td>\n<td><\/td>\n<\/tr>\n<tr>\n<td><\/td>\n<td><\/td>\n<td><\/td>\n<td><\/td>\n<td><\/td>\n<\/tr>\n<tr>\n<td width=\"77\">1<\/td>\n<td width=\"222\">HAXHE Olivier Jean<\/td>\n<td width=\"125\">KTM<\/td>\n<td width=\"90\">36:39.62<\/td>\n<td width=\"80\"><\/td>\n<\/tr>\n<tr>\n<td width=\"77\">2<\/td>\n<td width=\"222\">ROMAIN BASTIEN<\/td>\n<td width=\"125\">YAMAHA WRF<\/td>\n<td width=\"90\">+00:07.27<\/td>\n<td><\/td>\n<\/tr>\n<tr>\n<td width=\"77\">3<\/td>\n<td width=\"222\">FORGIARINI DGANI<\/td>\n<td width=\"125\">HUSQVARNA<\/td>\n<td width=\"90\">+00:11.11<\/td>\n<td><\/td>\n<\/tr>\n<tr>\n<td width=\"77\">4<\/td>\n<td width=\"222\">BEBRONNE J\u00e9r\u00e9my Ren\u00e9<\/td>\n<td width=\"125\">HUSQVARNA<\/td>\n<td width=\"90\">+00:11.99<\/td>\n<td><\/td>\n<\/tr>\n<tr>\n<td width=\"77\">5<\/td>\n<td width=\"222\">VANCOPENOLLE FABIAN<\/td>\n<td width=\"125\"><\/td>\n<td width=\"90\">+00:17.60<\/td>\n<td><\/td>\n<\/tr>\n<tr>\n<td width=\"77\">6<\/td>\n<td width=\"222\">BARGIBANT DONOVAN<\/td>\n<td width=\"125\">KTM EXC<\/td>\n<td width=\"90\">+00:19.54<\/td>\n<td><\/td>\n<\/tr>\n<tr>\n<td width=\"77\">7<\/td>\n<td width=\"222\">DUQUENNE Laurent<\/td>\n<td width=\"125\">HUSQVARNA<\/td>\n<td width=\"90\">+00:36.56<\/td>\n<td><\/td>\n<\/tr>\n<tr>\n<td width=\"77\">8<\/td>\n<td width=\"222\">DENUWELAERE JAN JOHAN<\/td>\n<td width=\"125\"><\/td>\n<td width=\"90\">+00:49.32<\/td>\n<td><\/td>\n<\/tr>\n<tr>\n<td width=\"77\">9<\/td>\n<td width=\"222\">MOUTON FRAN\u00c7OIS<\/td>\n<td width=\"125\">KTM<\/td>\n<td width=\"90\">+00:59.20<\/td>\n<td><\/td>\n<\/tr>\n<tr>\n<td width=\"77\">10<\/td>\n<td width=\"222\">GILSON ADRIEN<\/td>\n<td width=\"125\">GAS GAS<\/td>\n<td width=\"90\">+01:00.22<\/td>\n<td><\/td>\n<\/tr>\n<tr>\n<td width=\"77\">11<\/td>\n<td width=\"222\">ROLAND Benoit Genevi\u00e8ve<\/td>\n<td width=\"125\">HUSQVARNA<\/td>\n<td width=\"90\">+01:11.02<\/td>\n<td><\/td>\n<\/tr>\n<tr>\n<td width=\"77\">12<\/td>\n<td width=\"222\">BARGIBANT Christopher Georges<\/td>\n<td width=\"125\">KTM<\/td>\n<td width=\"90\">+01:21.62<\/td>\n<td><\/td>\n<\/tr>\n<tr>\n<td width=\"77\">13<\/td>\n<td width=\"222\">CIANFRONE AMERIGO<\/td>\n<td width=\"125\"><\/td>\n<td width=\"90\">+01:34.48<\/td>\n<td><\/td>\n<\/tr>\n<tr>\n<td width=\"77\">14<\/td>\n<td width=\"222\">VINKEN QUENTIN<\/td>\n<td width=\"125\">KTM<\/td>\n<td width=\"90\">+01:34.48<\/td>\n<td><\/td>\n<\/tr>\n<tr>\n<td width=\"77\">15<\/td>\n<td width=\"222\">BRONSART Nicolas<\/td>\n<td width=\"125\">SHERCO<\/td>\n<td width=\"90\">+01:34.67<\/td>\n<td><\/td>\n<\/tr>\n<tr>\n<td width=\"77\">16<\/td>\n<td width=\"222\">BAUDART SEBASTIEN<\/td>\n<td width=\"125\"><\/td>\n<td width=\"90\">+02:03.77<\/td>\n<td><\/td>\n<\/tr>\n<tr>\n<td width=\"77\">17<\/td>\n<td width=\"222\">VERVONDEL THOMAS<\/td>\n<td width=\"125\">KTM EXC<\/td>\n<td width=\"90\">+02:06.71<\/td>\n<td><\/td>\n<\/tr>\n<tr>\n<td width=\"77\">18<\/td>\n<td width=\"222\">DESORBAY MATHIEU<\/td>\n<td width=\"125\">SHERCO<\/td>\n<td width=\"90\">+02:33.15<\/td>\n<td><\/td>\n<\/tr>\n<tr>\n<td width=\"77\">19<\/td>\n<td width=\"222\">TARGNION QUENTIN<\/td>\n<td width=\"125\">KTM<\/td>\n<td width=\"90\">+02:55.14<\/td>\n<td><\/td>\n<\/tr>\n<tr>\n<td width=\"77\">20<\/td>\n<td width=\"222\">BOERS FLORIS<\/td>\n<td width=\"125\">SHERCO<\/td>\n<td width=\"90\">+03:00.67<\/td>\n<td><\/td>\n<\/tr>\n<tr>\n<td width=\"77\">21<\/td>\n<td width=\"222\">REMY JEAN-CHARLES<\/td>\n<td width=\"125\">KTM<\/td>\n<td width=\"90\">+03:11.34<\/td>\n<td><\/td>\n<\/tr>\n<tr>\n<td width=\"77\">22<\/td>\n<td width=\"222\">VANCRANENBROECK LAWRENCE<\/td>\n<td width=\"125\">KTM<\/td>\n<td width=\"90\">+03:12.44<\/td>\n<td><\/td>\n<\/tr>\n<tr>\n<td width=\"77\">23<\/td>\n<td width=\"222\">DENIS TANGUY<\/td>\n<td width=\"125\">HUSQVARNA<\/td>\n<td width=\"90\">+03:15.60<\/td>\n<td><\/td>\n<\/tr>\n<tr>\n<td width=\"77\">24<\/td>\n<td width=\"222\">PHILIPS HENDRIK<\/td>\n<td width=\"125\">KTM<\/td>\n<td width=\"90\">+03:15.81<\/td>\n<td><\/td>\n<\/tr>\n<tr>\n<td width=\"77\">25<\/td>\n<td width=\"222\">RYNEDYCK Mathieu<\/td>\n<td width=\"125\">SHERCO<\/td>\n<td width=\"90\">+03:26.08<\/td>\n<td><\/td>\n<\/tr>\n<tr>\n<td width=\"77\">26<\/td>\n<td width=\"222\">ROMAIN Axel<\/td>\n<td width=\"125\">YAMAHA<\/td>\n<td width=\"90\">+03:30.34<\/td>\n<td><\/td>\n<\/tr>\n<tr>\n<td width=\"77\">27<\/td>\n<td width=\"222\">LUYCKX Sander<\/td>\n<td width=\"125\">KTM<\/td>\n<td width=\"90\">+03:45.38<\/td>\n<td><\/td>\n<\/tr>\n<tr>\n<td width=\"77\">28<\/td>\n<td width=\"222\">PEELMAN Manu Jozef<\/td>\n<td width=\"125\">KTM<\/td>\n<td width=\"90\">+04:24.21<\/td>\n<td><\/td>\n<\/tr>\n<tr>\n<td width=\"77\">29<\/td>\n<td width=\"222\">DE BAERDEMAEKER Robby<\/td>\n<td width=\"125\">TM-RACING<\/td>\n<td width=\"90\">+04:26.64<\/td>\n<td><\/td>\n<\/tr>\n<tr>\n<td width=\"77\">30<\/td>\n<td width=\"222\">SAMIR OULED EL BEY<\/td>\n<td width=\"125\">YAMAHA<\/td>\n<td width=\"90\">+05:04.45<\/td>\n<td><\/td>\n<\/tr>\n<tr>\n<td width=\"77\">31<\/td>\n<td width=\"222\">GAUDRY CEDRIC<\/td>\n<td width=\"125\"><\/td>\n<td width=\"90\">+06:01.58<\/td>\n<td><\/td>\n<\/tr>\n<tr>\n<td width=\"77\">32<\/td>\n<td width=\"222\">CHARLES DE MOOR Edouard<\/td>\n<td width=\"125\">YAMAHA<\/td>\n<td width=\"90\">+06:04.43<\/td>\n<td><\/td>\n<\/tr>\n<tr>\n<td width=\"77\">33<\/td>\n<td width=\"222\">HANNECART CHRISTOPHER<\/td>\n<td width=\"125\"><\/td>\n<td width=\"90\">+06:12.66<\/td>\n<td><\/td>\n<\/tr>\n<tr>\n<td width=\"77\">34<\/td>\n<td width=\"222\">PAPART Julien<\/td>\n<td width=\"125\">HUSQVARNA<\/td>\n<td width=\"90\">+06:33.90<\/td>\n<td><\/td>\n<\/tr>\n<tr>\n<td width=\"77\">35<\/td>\n<td width=\"222\">THYS Guillaume<\/td>\n<td width=\"125\">HUSQVARNA<\/td>\n<td width=\"90\">+06:39.57<\/td>\n<td><\/td>\n<\/tr>\n<tr>\n<td><\/td>\n<td><\/td>\n<td><\/td>\n<td><\/td>\n<td><\/td>\n<\/tr>\n<tr>\n<td>ESPOIRS<\/td>\n<td><\/td>\n<td><\/td>\n<td><\/td>\n<td><\/td>\n<\/tr>\n<tr>\n<td><\/td>\n<td><\/td>\n<td><\/td>\n<td><\/td>\n<td><\/td>\n<\/tr>\n<tr>\n<td width=\"77\">1<\/td>\n<td width=\"222\">DERYCKE Lucas<\/td>\n<td width=\"125\">HUSQUVARNA<\/td>\n<td width=\"90\">47:47.98<\/td>\n<td width=\"80\"><\/td>\n<\/tr>\n<tr>\n<td width=\"77\">2<\/td>\n<td width=\"222\">THOMAS KEVIN<\/td>\n<td width=\"125\">HUSQVARNA<\/td>\n<td width=\"90\">+00:07.15<\/td>\n<td><\/td>\n<\/tr>\n<tr>\n<td width=\"77\">3<\/td>\n<td width=\"222\">TOURNEUR DORIAN<\/td>\n<td width=\"125\">KTM<\/td>\n<td width=\"90\">+00:18.58<\/td>\n<td><\/td>\n<\/tr>\n<tr>\n<td width=\"77\">4<\/td>\n<td width=\"222\">RAIWET Kevin<\/td>\n<td width=\"125\"><\/td>\n<td width=\"90\">+00:23.73<\/td>\n<td><\/td>\n<\/tr>\n<tr>\n<td width=\"77\">5<\/td>\n<td width=\"222\">VANDERHEYDEN MIKA<\/td>\n<td width=\"125\">HUSQVARNA<\/td>\n<td width=\"90\">+01:06.95<\/td>\n<td><\/td>\n<\/tr>\n<tr>\n<td width=\"77\">6<\/td>\n<td width=\"222\">VANDENBERGHE SYLVAIN<\/td>\n<td width=\"125\">HUSQVARNA<\/td>\n<td width=\"90\">+01:10.84<\/td>\n<td><\/td>\n<\/tr>\n<tr>\n<td width=\"77\">7<\/td>\n<td width=\"222\">ROBERT MIKE<\/td>\n<td width=\"125\">HUSQVARNA<\/td>\n<td width=\"90\">+02:05.57<\/td>\n<td><\/td>\n<\/tr>\n<tr>\n<td width=\"77\">8<\/td>\n<td width=\"222\">ODY AYMERIC<\/td>\n<td width=\"125\"><\/td>\n<td width=\"90\">+02:08.11<\/td>\n<td><\/td>\n<\/tr>\n<tr>\n<td width=\"77\">9<\/td>\n<td width=\"222\">BRAM DE SNAIJER<\/td>\n<td width=\"125\">TM RACING<\/td>\n<td width=\"90\">+02:27.54<\/td>\n<td><\/td>\n<\/tr>\n<tr>\n<td width=\"77\">10<\/td>\n<td width=\"222\">BART TEN HOVE<\/td>\n<td width=\"125\">KTM<\/td>\n<td width=\"90\">+03:01.92<\/td>\n<td><\/td>\n<\/tr>\n<tr>\n<td width=\"77\">11<\/td>\n<td width=\"222\">COLLIN ARTHUR<\/td>\n<td width=\"125\">HUSQVARNA<\/td>\n<td width=\"90\">+03:08.49<\/td>\n<td><\/td>\n<\/tr>\n<tr>\n<td width=\"77\">12<\/td>\n<td width=\"222\">HENAUT Nelson<\/td>\n<td width=\"125\">KTM<\/td>\n<td width=\"90\">+07:18.01<\/td>\n<td><\/td>\n<\/tr>\n<tr>\n<td><\/td>\n<td><\/td>\n<td><\/td>\n<td><\/td>\n<td><\/td>\n<\/tr>\n<tr>\n<td>YOUNG<\/td>\n<td><\/td>\n<td><\/td>\n<td><\/td>\n<td><\/td>\n<\/tr>\n<tr>\n<td><\/td>\n<td><\/td>\n<td><\/td>\n<td><\/td>\n<td><\/td>\n<\/tr>\n<tr>\n<td width=\"77\">1<\/td>\n<td width=\"222\">DUSSART Mathis<\/td>\n<td width=\"125\">KTM<\/td>\n<td width=\"90\">1:04:47.04<\/td>\n<td width=\"80\"><\/td>\n<\/tr>\n<tr>\n<td width=\"77\">2<\/td>\n<td width=\"222\">SENTE ARTHUR<\/td>\n<td width=\"125\">SHERCO<\/td>\n<td width=\"90\">+04:39.89<\/td>\n<td><\/td>\n<\/tr>\n<tr>\n<td width=\"77\">3<\/td>\n<td width=\"222\">BOUCQUEZ MAXIM<\/td>\n<td width=\"125\"><\/td>\n<td width=\"90\">+08:26.43<\/td>\n<td><\/td>\n<\/tr>\n<tr>\n<td width=\"77\">4<\/td>\n<td width=\"222\">PIPITONE LORHAN<\/td>\n<td width=\"125\">KTM<\/td>\n<td width=\"90\">+09:52.85<\/td>\n<td><\/td>\n<\/tr>\n<tr>\n<td width=\"77\">5<\/td>\n<td width=\"222\">FOLIE MATTEO<\/td>\n<td width=\"125\">HUSQVARNA<\/td>\n<td width=\"90\">+14:54.18<\/td>\n<td><\/td>\n<\/tr>\n<tr>\n<td width=\"77\">6<\/td>\n<td width=\"222\">SLUSE Adrien Vincent<\/td>\n<td width=\"125\">HUSQVARNA<\/td>\n<td width=\"90\">+16:20.10<\/td>\n<td><\/td>\n<\/tr>\n<tr>\n<td><\/td>\n<td><\/td>\n<td><\/td>\n<td><\/td>\n<td><\/td>\n<\/tr>\n<tr>\n<td colspan=\"2\">GENTLEMEN<\/td>\n<td><\/td>\n<td><\/td>\n<td><\/td>\n<\/tr>\n<tr>\n<td><\/td>\n<td><\/td>\n<td><\/td>\n<td><\/td>\n<td><\/td>\n<\/tr>\n<tr>\n<td width=\"77\">1<\/td>\n<td width=\"222\">VUKCEVIC MICHA\u00cbL<\/td>\n<td width=\"125\">SHERCO<\/td>\n<td width=\"90\">35:24.95<\/td>\n<td width=\"80\"><\/td>\n<\/tr>\n<tr>\n<td width=\"77\">2<\/td>\n<td width=\"222\">EVELETTE Willy<\/td>\n<td width=\"125\">KTM<\/td>\n<td width=\"90\">+00:47.83<\/td>\n<td><\/td>\n<\/tr>\n<tr>\n<td width=\"77\">3<\/td>\n<td width=\"222\">GAILLARD Steve<\/td>\n<td width=\"125\">HUSQVARNA<\/td>\n<td width=\"90\">+00:48.67<\/td>\n<td><\/td>\n<\/tr>\n<tr>\n<td width=\"77\">4<\/td>\n<td width=\"222\">NOBELS Nicolas<\/td>\n<td width=\"125\">KTM<\/td>\n<td width=\"90\">+01:32.85<\/td>\n<td><\/td>\n<\/tr>\n<tr>\n<td width=\"77\">5<\/td>\n<td width=\"222\">VANMARCKE OLIVIER<\/td>\n<td width=\"125\">KTM<\/td>\n<td width=\"90\">+02:25.33<\/td>\n<td><\/td>\n<\/tr>\n<tr>\n<td width=\"77\">6<\/td>\n<td width=\"222\">DANSE LUDOVIC<\/td>\n<td width=\"125\">SHERCO<\/td>\n<td width=\"90\">+02:44.75<\/td>\n<td><\/td>\n<\/tr>\n<tr>\n<td width=\"77\">7<\/td>\n<td width=\"222\">VAN DOOREN Marc<\/td>\n<td width=\"125\">KTM<\/td>\n<td width=\"90\">+03:09.78<\/td>\n<td><\/td>\n<\/tr>\n<tr>\n<td width=\"77\">8<\/td>\n<td width=\"222\">VERMEULEN Jasper<\/td>\n<td width=\"125\">SHERCO<\/td>\n<td width=\"90\">+03:39.39<\/td>\n<td><\/td>\n<\/tr>\n<tr>\n<td width=\"77\">9<\/td>\n<td width=\"222\">CALCAGNINI MICHAEL<\/td>\n<td width=\"125\">KTM<\/td>\n<td width=\"90\">+04:16.05<\/td>\n<td><\/td>\n<\/tr>\n<tr>\n<td width=\"77\">10<\/td>\n<td width=\"222\">TONOLLI S\u00e9bastien<\/td>\n<td width=\"125\">SHERCO<\/td>\n<td width=\"90\">+04:17.66<\/td>\n<td><\/td>\n<\/tr>\n<tr>\n<td width=\"77\">11<\/td>\n<td width=\"222\">CHARALABIDIS FABRIZIO<\/td>\n<td width=\"125\">KTM<\/td>\n<td width=\"90\">+04:29.19<\/td>\n<td><\/td>\n<\/tr>\n<tr>\n<td width=\"77\">12<\/td>\n<td width=\"222\">VANGENECHTEN Ivan<\/td>\n<td width=\"125\">HUSQVARNA<\/td>\n<td width=\"90\">+04:36.75<\/td>\n<td><\/td>\n<\/tr>\n<tr>\n<td width=\"77\">13<\/td>\n<td width=\"222\">VANNESTE Christopher Bj\u00f6rn<\/td>\n<td width=\"125\">KTM<\/td>\n<td width=\"90\">+04:40.56<\/td>\n<td><\/td>\n<\/tr>\n<tr>\n<td width=\"77\">14<\/td>\n<td width=\"222\">DRIESEN Kevin<\/td>\n<td width=\"125\">HUSQVARNA<\/td>\n<td width=\"90\">+04:41.55<\/td>\n<td><\/td>\n<\/tr>\n<tr>\n<td width=\"77\">15<\/td>\n<td width=\"222\">BONTE Stijn Hilda<\/td>\n<td width=\"125\">HUSQVARNA<\/td>\n<td width=\"90\">+05:00.71<\/td>\n<td><\/td>\n<\/tr>\n<tr>\n<td width=\"77\">16<\/td>\n<td width=\"222\">THIENPONT BENOIT<\/td>\n<td width=\"125\">HUSQUVARNA<\/td>\n<td width=\"90\">+05:12.66<\/td>\n<td><\/td>\n<\/tr>\n<tr>\n<td width=\"77\">17<\/td>\n<td width=\"222\">MINNE CEDRIC<\/td>\n<td width=\"125\">HUSQVARNA<\/td>\n<td width=\"90\">+05:25.20<\/td>\n<td><\/td>\n<\/tr>\n<tr>\n<td width=\"77\">18<\/td>\n<td width=\"222\">DE VINCK MICHEL<\/td>\n<td width=\"125\">HUSQVARNA<\/td>\n<td width=\"90\">+06:34.85<\/td>\n<td><\/td>\n<\/tr>\n<tr>\n<td width=\"77\">19<\/td>\n<td width=\"222\">GHEYSENS Steven Lieven<\/td>\n<td width=\"125\">KTM<\/td>\n<td width=\"90\">+07:07.70<\/td>\n<td><\/td>\n<\/tr>\n<tr>\n<td width=\"77\">20<\/td>\n<td width=\"222\">MARCOEN KAREL<\/td>\n<td width=\"125\">KTM<\/td>\n<td width=\"90\">+07:51.22<\/td>\n<td><\/td>\n<\/tr>\n<tr>\n<td><\/td>\n<td><\/td>\n<td><\/td>\n<td><\/td>\n<td><\/td>\n<\/tr>\n<tr>\n<td>EXPERTS<\/td>\n<td><\/td>\n<td><\/td>\n<td><\/td>\n<td><\/td>\n<\/tr>\n<tr>\n<td><\/td>\n<td><\/td>\n<td><\/td>\n<td><\/td>\n<td><\/td>\n<\/tr>\n<tr>\n<td width=\"77\">1<\/td>\n<td width=\"222\">MONFORT BRUNO<\/td>\n<td width=\"125\">KTM<\/td>\n<td width=\"90\">36:19.39<\/td>\n<td width=\"80\"><\/td>\n<\/tr>\n<tr>\n<td width=\"77\">2<\/td>\n<td width=\"222\">DELSUPEXHE JO\u00cbL<\/td>\n<td width=\"125\">TM<\/td>\n<td width=\"90\">+00:00.75<\/td>\n<td><\/td>\n<\/tr>\n<tr>\n<td width=\"77\">3<\/td>\n<td width=\"222\">LEMOINE CHRISTOPHE<\/td>\n<td width=\"125\">HUQSVARNA<\/td>\n<td width=\"90\">+00:47.31<\/td>\n<td><\/td>\n<\/tr>\n<tr>\n<td width=\"77\">4<\/td>\n<td width=\"222\">SCHEEN PIERRE<\/td>\n<td width=\"125\">KTM<\/td>\n<td width=\"90\">+01:09.04<\/td>\n<td><\/td>\n<\/tr>\n<tr>\n<td width=\"77\">5<\/td>\n<td width=\"222\">SLUSE VINCENT<\/td>\n<td width=\"125\">HUSQVARNA<\/td>\n<td width=\"90\">+01:21.75<\/td>\n<td><\/td>\n<\/tr>\n<tr>\n<td width=\"77\">6<\/td>\n<td width=\"222\">MICHEL VAN DOOREN<\/td>\n<td width=\"125\">HUSQVARNA<\/td>\n<td width=\"90\">+02:05.08<\/td>\n<td><\/td>\n<\/tr>\n<tr>\n<td width=\"77\">7<\/td>\n<td width=\"222\">OLISLAGERS ST\u00c9PHANE<\/td>\n<td width=\"125\">HUSQVARNA<\/td>\n<td width=\"90\">+02:15.35<\/td>\n<td><\/td>\n<\/tr>\n<tr>\n<td width=\"77\">8<\/td>\n<td width=\"222\">ROBERT JEAN-MICHEL<\/td>\n<td width=\"125\">KTM<\/td>\n<td width=\"90\">+02:28.12<\/td>\n<td><\/td>\n<\/tr>\n<tr>\n<td width=\"77\">9<\/td>\n<td width=\"222\">PADOU Frank Henri<\/td>\n<td width=\"125\">KTM<\/td>\n<td width=\"90\">+02:41.12<\/td>\n<td><\/td>\n<\/tr>\n<tr>\n<td width=\"77\">10<\/td>\n<td width=\"222\">VANDENBERGHE PATRICK<\/td>\n<td width=\"125\">HUSQVARNA<\/td>\n<td width=\"90\">+02:58.43<\/td>\n<td><\/td>\n<\/tr>\n<tr>\n<td width=\"77\">11<\/td>\n<td width=\"222\">VAN MEERHAEGHE Carl<\/td>\n<td width=\"125\">SCHERCO SE 250<\/td>\n<td width=\"90\">+03:30.15<\/td>\n<td><\/td>\n<\/tr>\n<tr>\n<td width=\"77\">12<\/td>\n<td width=\"222\">ROBERT Vincent<\/td>\n<td width=\"125\">KTM<\/td>\n<td width=\"90\">+03:36.14<\/td>\n<td><\/td>\n<\/tr>\n<tr>\n<td width=\"77\">13<\/td>\n<td width=\"222\">SLUSE Bernard Jean<\/td>\n<td width=\"125\">HUSQVARNA<\/td>\n<td width=\"90\">+03:51.21<\/td>\n<td><\/td>\n<\/tr>\n<tr>\n<td width=\"77\">14<\/td>\n<td width=\"222\">LAMBOIS JACKY<\/td>\n<td width=\"125\">KTM<\/td>\n<td width=\"90\">+04:00.35<\/td>\n<td><\/td>\n<\/tr>\n<tr>\n<td width=\"77\">15<\/td>\n<td width=\"222\">VANDEWALLE MICHEL<\/td>\n<td width=\"125\">KTM<\/td>\n<td width=\"90\">+04:16.33<\/td>\n<td><\/td>\n<\/tr>\n<tr>\n<td width=\"77\">16<\/td>\n<td width=\"222\">DEFRAEYE Bernard Daniel<\/td>\n<td width=\"125\">KTM<\/td>\n<td width=\"90\">+04:36.96<\/td>\n<td><\/td>\n<\/tr>\n<tr>\n<td width=\"77\">17<\/td>\n<td width=\"222\">MENSEN ROBERT<\/td>\n<td width=\"125\">KTM<\/td>\n<td width=\"90\">+05:03.53<\/td>\n<td><\/td>\n<\/tr>\n<tr>\n<td width=\"77\">18<\/td>\n<td width=\"222\">BAGUETTE Corneille<\/td>\n<td width=\"125\">TM<\/td>\n<td width=\"90\">+05:18.38<\/td>\n<td><\/td>\n<\/tr>\n<tr>\n<td width=\"77\">19<\/td>\n<td width=\"222\">THIJS MARC<\/td>\n<td width=\"125\">HVA<\/td>\n<td width=\"90\">+05:19.25<\/td>\n<td><\/td>\n<\/tr>\n<tr>\n<td width=\"77\">20<\/td>\n<td width=\"222\">TEMMERMAN Luc<\/td>\n<td width=\"125\">HUSQVARNA<\/td>\n<td width=\"90\">+05:26.11<\/td>\n<td><\/td>\n<\/tr>\n<tr>\n<td width=\"77\">21<\/td>\n<td width=\"222\">BRUYNOOGHE Jan Maurice<\/td>\n<td width=\"125\">SHERCO<\/td>\n<td width=\"90\">+08:00.26<\/td>\n<td><\/td>\n<\/tr>\n<tr>\n<td width=\"77\">22<\/td>\n<td width=\"222\">COUCKE Bert<\/td>\n<td width=\"125\">BETA<\/td>\n<td width=\"90\">+08:13.82<\/td>\n<td><\/td>\n<\/tr>\n<tr>\n<td><\/td>\n<td><\/td>\n<td><\/td>\n<td><\/td>\n<td><\/td>\n<\/tr>\n<tr>\n<td colspan=\"2\">RANDONNEURS<\/td>\n<td><\/td>\n<td><\/td>\n<td><\/td>\n<\/tr>\n<tr>\n<td><\/td>\n<td><\/td>\n<td><\/td>\n<td><\/td>\n<td><\/td>\n<\/tr>\n<tr>\n<td width=\"77\">1<\/td>\n<td width=\"222\">HENRARD Philippe L\u00e9opold<\/td>\n<td width=\"125\">KTM<\/td>\n<td width=\"90\">24:58.02<\/td>\n<td width=\"80\"><\/td>\n<\/tr>\n<tr>\n<td width=\"77\">2<\/td>\n<td width=\"222\">REMY Aubert C\u00e9cile<\/td>\n<td width=\"125\">BETA<\/td>\n<td width=\"90\">+00:23.63<\/td>\n<td><\/td>\n<\/tr>\n<tr>\n<td width=\"77\">3<\/td>\n<td width=\"222\">DAVIN Vincent<\/td>\n<td width=\"125\">KTM<\/td>\n<td width=\"90\">+00:45.05<\/td>\n<td><\/td>\n<\/tr>\n<tr>\n<td width=\"77\">4<\/td>\n<td width=\"222\">BROLET ANTOINE<\/td>\n<td width=\"125\">KTM<\/td>\n<td width=\"90\">+00:46.31<\/td>\n<td><\/td>\n<\/tr>\n<tr>\n<td width=\"77\">5<\/td>\n<td width=\"222\">DE VLEESCHOUWER JP<\/td>\n<td width=\"125\"><\/td>\n<td width=\"90\">+00:57.91<\/td>\n<td><\/td>\n<\/tr>\n<tr>\n<td width=\"77\">6<\/td>\n<td width=\"222\">VERHULPEN Bram<\/td>\n<td width=\"125\">KTM EXC<\/td>\n<td width=\"90\">+01:16.58<\/td>\n<td><\/td>\n<\/tr>\n<tr>\n<td width=\"77\">7<\/td>\n<td width=\"222\">VANDONINCK Ives Lodewijk<\/td>\n<td width=\"125\">KTM<\/td>\n<td width=\"90\">+01:23.19<\/td>\n<td><\/td>\n<\/tr>\n<tr>\n<td width=\"77\">8<\/td>\n<td width=\"222\">CARELS Didier Philip<\/td>\n<td width=\"125\">KTM<\/td>\n<td width=\"90\">+01:23.74<\/td>\n<td><\/td>\n<\/tr>\n<tr>\n<td width=\"77\">9<\/td>\n<td width=\"222\">CREZ TEO<\/td>\n<td width=\"125\"><\/td>\n<td width=\"90\">+01:33.78<\/td>\n<td><\/td>\n<\/tr>\n<tr>\n<td width=\"77\">10<\/td>\n<td width=\"222\">NOTTEBAERT Jean-Fran\u00e7ois<\/td>\n<td width=\"125\">YAMAHA<\/td>\n<td width=\"90\">+01:46.77<\/td>\n<td><\/td>\n<\/tr>\n<tr>\n<td width=\"77\">11<\/td>\n<td width=\"222\">HECQUET PIERRE<\/td>\n<td width=\"125\">HUSQVARNA<\/td>\n<td width=\"90\">+01:58.93<\/td>\n<td><\/td>\n<\/tr>\n<tr>\n<td width=\"77\">12<\/td>\n<td width=\"222\">DENIS Jer\u00f4me Michel<\/td>\n<td width=\"125\">KTM<\/td>\n<td width=\"90\">+02:04.37<\/td>\n<td><\/td>\n<\/tr>\n<tr>\n<td width=\"77\">13<\/td>\n<td width=\"222\">DE ZUTTER Pieter Jozef<\/td>\n<td width=\"125\">SHERCO<\/td>\n<td width=\"90\">+02:04.80<\/td>\n<td><\/td>\n<\/tr>\n<tr>\n<td width=\"77\">14<\/td>\n<td width=\"222\">DELCROIX Samuel<\/td>\n<td width=\"125\">BETA<\/td>\n<td width=\"90\">+02:15.05<\/td>\n<td><\/td>\n<\/tr>\n<tr>\n<td width=\"77\">15<\/td>\n<td width=\"222\">CAPOEN Filip Andr\u00e9<\/td>\n<td width=\"125\">KTM<\/td>\n<td width=\"90\">+02:26.92<\/td>\n<td><\/td>\n<\/tr>\n<tr>\n<td width=\"77\">16<\/td>\n<td width=\"222\">BOEMAN Nicolas<\/td>\n<td width=\"125\">TM 144 EN<\/td>\n<td width=\"90\">+02:32.53<\/td>\n<td><\/td>\n<\/tr>\n<tr>\n<td width=\"77\">17<\/td>\n<td width=\"222\">HOUTPUT David Bernard<\/td>\n<td width=\"125\">KTM<\/td>\n<td width=\"90\">+02:34.45<\/td>\n<td><\/td>\n<\/tr>\n<tr>\n<td width=\"77\">18<\/td>\n<td width=\"222\">VAN CLEYNENBREUGEL KEN<\/td>\n<td width=\"125\">KTM<\/td>\n<td width=\"90\">+02:35.91<\/td>\n<td><\/td>\n<\/tr>\n<tr>\n<td width=\"77\">19<\/td>\n<td width=\"222\">LEMAIRE Aurelien<\/td>\n<td width=\"125\">HUSQVARNA<\/td>\n<td width=\"90\">+02:41.51<\/td>\n<td><\/td>\n<\/tr>\n<tr>\n<td width=\"77\">20<\/td>\n<td width=\"222\">BECKERS MARCEL<\/td>\n<td width=\"125\">KTM EXC 350<\/td>\n<td width=\"90\">+02:43.76<\/td>\n<td><\/td>\n<\/tr>\n<tr>\n<td width=\"77\">21<\/td>\n<td width=\"222\">THIEBAUT Sebastien<\/td>\n<td width=\"125\">SHERCO<\/td>\n<td width=\"90\">+02:46.23<\/td>\n<td><\/td>\n<\/tr>\n<tr>\n<td width=\"77\">22<\/td>\n<td width=\"222\">DECOURT Philippe<\/td>\n<td width=\"125\">HUSQVARNA<\/td>\n<td width=\"90\">+02:50.94<\/td>\n<td><\/td>\n<\/tr>\n<tr>\n<td width=\"77\">23<\/td>\n<td width=\"222\">CLIPPE CEDRIC<\/td>\n<td width=\"125\"><\/td>\n<td width=\"90\">+02:54.24<\/td>\n<td><\/td>\n<\/tr>\n<tr>\n<td width=\"77\">24<\/td>\n<td width=\"222\">BROLET MATHIEU<\/td>\n<td width=\"125\">KTM<\/td>\n<td width=\"90\">+02:59.69<\/td>\n<td><\/td>\n<\/tr>\n<tr>\n<td width=\"77\">25<\/td>\n<td width=\"222\">DE GROOTE Eric Jean<\/td>\n<td width=\"125\">HUSQVARNA<\/td>\n<td width=\"90\">+03:01.22<\/td>\n<td><\/td>\n<\/tr>\n<tr>\n<td width=\"77\">26<\/td>\n<td width=\"222\">DUBART John-William<\/td>\n<td width=\"125\">SHERCO<\/td>\n<td width=\"90\">+03:06.50<\/td>\n<td><\/td>\n<\/tr>\n<tr>\n<td width=\"77\">27<\/td>\n<td width=\"222\">HENDRICKX Jef<\/td>\n<td width=\"125\">SHERCO<\/td>\n<td width=\"90\">+03:08.46<\/td>\n<td><\/td>\n<\/tr>\n<tr>\n<td width=\"77\">28<\/td>\n<td width=\"222\">THIRY GERY<\/td>\n<td width=\"125\">KTM<\/td>\n<td width=\"90\">+03:10.29<\/td>\n<td><\/td>\n<\/tr>\n<tr>\n<td width=\"77\">29<\/td>\n<td width=\"222\">COUSSEMONT MIGUEL<\/td>\n<td width=\"125\"><\/td>\n<td width=\"90\">+03:10.68<\/td>\n<td><\/td>\n<\/tr>\n<tr>\n<td width=\"77\">30<\/td>\n<td width=\"222\">COLLARD Peeter<\/td>\n<td width=\"125\">SHERCO<\/td>\n<td width=\"90\">+03:18.94<\/td>\n<td><\/td>\n<\/tr>\n<tr>\n<td width=\"77\">31<\/td>\n<td width=\"222\">FAUSTINI DOMINIQUE<\/td>\n<td width=\"125\">HUSQVARNA<\/td>\n<td width=\"90\">+03:36.23<\/td>\n<td><\/td>\n<\/tr>\n<tr>\n<td width=\"77\">32<\/td>\n<td width=\"222\">NOPERE Christophe<\/td>\n<td width=\"125\">SHERCO<\/td>\n<td width=\"90\">+03:40.27<\/td>\n<td><\/td>\n<\/tr>\n<tr>\n<td width=\"77\">33<\/td>\n<td width=\"222\">TISSIER STEVE<\/td>\n<td width=\"125\">HUSQVARNA<\/td>\n<td width=\"90\">+03:50.90<\/td>\n<td><\/td>\n<\/tr>\n<tr>\n<td width=\"77\">34<\/td>\n<td width=\"222\">DAVE MICHEL<\/td>\n<td width=\"125\">KTM<\/td>\n<td width=\"90\">+03:57.69<\/td>\n<td><\/td>\n<\/tr>\n<tr>\n<td width=\"77\">35<\/td>\n<td width=\"222\">MOUREAU Gilles Alain<\/td>\n<td width=\"125\">KTM<\/td>\n<td width=\"90\">+04:16.44<\/td>\n<td><\/td>\n<\/tr>\n<tr>\n<td width=\"77\">36<\/td>\n<td width=\"222\">FAUSTINI Mattia<\/td>\n<td width=\"125\">HUSQVARNA<\/td>\n<td width=\"90\">+04:37.23<\/td>\n<td><\/td>\n<\/tr>\n<tr>\n<td width=\"77\">37<\/td>\n<td width=\"222\">COLLARD Jerome<\/td>\n<td width=\"125\">SHERCO<\/td>\n<td width=\"90\">+04:50.31<\/td>\n<td><\/td>\n<\/tr>\n<tr>\n<td width=\"77\">38<\/td>\n<td width=\"222\">BREMS Domien Andre<\/td>\n<td width=\"125\">KTM<\/td>\n<td width=\"90\">+05:28.43<\/td>\n<td><\/td>\n<\/tr>\n<tr>\n<td width=\"77\">39<\/td>\n<td width=\"222\">COLLARD Pierre<\/td>\n<td width=\"125\">HUSQVARNA<\/td>\n<td width=\"90\">+05:30.43<\/td>\n<td><\/td>\n<\/tr>\n<tr>\n<td width=\"77\">40<\/td>\n<td width=\"222\">TARGNION PIERRE-LOUIS<\/td>\n<td width=\"125\">HUSQVARNA<\/td>\n<td width=\"90\">+05:48.42<\/td>\n<td><\/td>\n<\/tr>\n<tr>\n<td width=\"77\">41<\/td>\n<td width=\"222\">THIRIFAYS Reginald<\/td>\n<td width=\"125\">BETA<\/td>\n<td width=\"90\">+05:58.97<\/td>\n<td><\/td>\n<\/tr>\n<tr>\n<td width=\"77\">42<\/td>\n<td width=\"222\">PATERNOTRE Nicolas<\/td>\n<td width=\"125\">TM<\/td>\n<td width=\"90\">+06:02.70<\/td>\n<td><\/td>\n<\/tr>\n<tr>\n<td width=\"77\">43<\/td>\n<td width=\"222\">COUSSELENT MATHEO<\/td>\n<td width=\"125\"><\/td>\n<td width=\"90\">+06:57.23<\/td>\n<td><\/td>\n<\/tr>\n<tr>\n<td><\/td>\n<td><\/td>\n<td><\/td>\n<td><\/td>\n<td><\/td>\n<\/tr>\n<tr>\n<td>GIRLS<\/td>\n<td><\/td>\n<td><\/td>\n<td><\/td>\n<td><\/td>\n<\/tr>\n<tr>\n<td><\/td>\n<td><\/td>\n<td><\/td>\n<td><\/td>\n<td><\/td>\n<\/tr>\n<tr>\n<td width=\"77\">1<\/td>\n<td width=\"222\">MARCHAL Elise<\/td>\n<td width=\"125\"><\/td>\n<td width=\"90\">28:20.18<\/td>\n<td><\/td>\n<\/tr>\n<\/tbody>\n<\/table>\n","protected":false},"excerpt":{"rendered":"<p>Pour cette troisi\u00e8me \u00e9dition de l&rsquo;enduro de Chimay, C\u00e9dric Cr\u00e9mer s&rsquo;impose, en cat\u00e9gorie Prestige avec plus de 21 secondes d&rsquo;avance sur Matthew Vanoevelen et Daymond Martens. Ce dernier, rarement pr\u00e9sent [&#8230;]<\/p>\n","protected":false},"author":932,"featured_media":90598,"comment_status":"open","ping_status":"closed","sticky":false,"template":"","format":"standard","meta":{"footnotes":""},"categories":[54,32,35,33,55,65],"tags":[],"class_list":["post-90594","post","type-post","status-publish","format-standard","has-post-thumbnail","hentry","category-actualite","category-enduro","category-fmb-enduro","category-news-enduro","category-news-actualite","category-slideshow"],"yoast_head":"<!-- This site is optimized with the Yoast SEO plugin v27.4 - https:\/\/yoast.com\/product\/yoast-seo-wordpress\/ -->\n<title>C\u00e9dric Cremer remporte le 3\u00e8me enduro de Chimay - Motocross - Enduro - Supermoto | MotocrossMag<\/title>\n<meta name=\"robots\" content=\"index, follow, max-snippet:-1, max-image-preview:large, max-video-preview:-1\" \/>\n<link rel=\"canonical\" href=\"https:\/\/fr.motocrossmag.be\/index.php\/2019\/06\/cedric-cremer-remporte-le-3eme-enduro-de-chimay\/\" \/>\n<meta property=\"og:locale\" content=\"fr_FR\" \/>\n<meta property=\"og:type\" content=\"article\" \/>\n<meta property=\"og:title\" content=\"C\u00e9dric Cremer remporte le 3\u00e8me enduro de Chimay - Motocross - Enduro - Supermoto | MotocrossMag\" \/>\n<meta property=\"og:description\" content=\"Pour cette troisi\u00e8me \u00e9dition de l&rsquo;enduro de Chimay, C\u00e9dric Cr\u00e9mer s&rsquo;impose, en cat\u00e9gorie Prestige avec plus de 21 secondes d&rsquo;avance sur Matthew Vanoevelen et Daymond Martens. Ce dernier, rarement pr\u00e9sent [...]\" \/>\n<meta property=\"og:url\" content=\"https:\/\/fr.motocrossmag.be\/index.php\/2019\/06\/cedric-cremer-remporte-le-3eme-enduro-de-chimay\/\" \/>\n<meta property=\"og:site_name\" content=\"Motocross - Enduro - Supermoto | MotocrossMag\" \/>\n<meta property=\"article:published_time\" content=\"2019-06-26T09:29:47+00:00\" \/>\n<meta property=\"og:image\" content=\"https:\/\/fr.motocrossmag.be\/wp-content\/uploads\/2019\/06\/chimay-enduro-podium.jpg\" \/>\n\t<meta property=\"og:image:width\" content=\"1000\" \/>\n\t<meta property=\"og:image:height\" content=\"666\" \/>\n\t<meta property=\"og:image:type\" content=\"image\/jpeg\" \/>\n<meta name=\"author\" content=\"oliviere\" \/>\n<meta name=\"twitter:card\" content=\"summary_large_image\" \/>\n<meta name=\"twitter:label1\" content=\"\u00c9crit par\" \/>\n\t<meta name=\"twitter:data1\" content=\"oliviere\" \/>\n\t<meta name=\"twitter:label2\" content=\"Dur\u00e9e de lecture estim\u00e9e\" \/>\n\t<meta name=\"twitter:data2\" content=\"5 minutes\" \/>\n<script type=\"application\/ld+json\" class=\"yoast-schema-graph\">{\"@context\":\"https:\\\/\\\/schema.org\",\"@graph\":[{\"@type\":\"Article\",\"@id\":\"https:\\\/\\\/fr.motocrossmag.be\\\/index.php\\\/2019\\\/06\\\/cedric-cremer-remporte-le-3eme-enduro-de-chimay\\\/#article\",\"isPartOf\":{\"@id\":\"https:\\\/\\\/fr.motocrossmag.be\\\/index.php\\\/2019\\\/06\\\/cedric-cremer-remporte-le-3eme-enduro-de-chimay\\\/\"},\"author\":{\"name\":\"oliviere\",\"@id\":\"https:\\\/\\\/fr.motocrossmag.be\\\/#\\\/schema\\\/person\\\/11b47143d9f755babca2c9110e03235c\"},\"headline\":\"C\u00e9dric Cremer remporte le 3\u00e8me enduro de Chimay\",\"datePublished\":\"2019-06-26T09:29:47+00:00\",\"mainEntityOfPage\":{\"@id\":\"https:\\\/\\\/fr.motocrossmag.be\\\/index.php\\\/2019\\\/06\\\/cedric-cremer-remporte-le-3eme-enduro-de-chimay\\\/\"},\"wordCount\":1053,\"commentCount\":0,\"image\":{\"@id\":\"https:\\\/\\\/fr.motocrossmag.be\\\/index.php\\\/2019\\\/06\\\/cedric-cremer-remporte-le-3eme-enduro-de-chimay\\\/#primaryimage\"},\"thumbnailUrl\":\"https:\\\/\\\/fr.motocrossmag.be\\\/wp-content\\\/uploads\\\/2019\\\/06\\\/chimay-enduro-podium.jpg\",\"articleSection\":[\"Actualit\u00e9\",\"Enduro\",\"FMB\",\"News\",\"News\",\"Slideshow\"],\"inLanguage\":\"fr-FR\",\"potentialAction\":[{\"@type\":\"CommentAction\",\"name\":\"Comment\",\"target\":[\"https:\\\/\\\/fr.motocrossmag.be\\\/index.php\\\/2019\\\/06\\\/cedric-cremer-remporte-le-3eme-enduro-de-chimay\\\/#respond\"]}]},{\"@type\":\"WebPage\",\"@id\":\"https:\\\/\\\/fr.motocrossmag.be\\\/index.php\\\/2019\\\/06\\\/cedric-cremer-remporte-le-3eme-enduro-de-chimay\\\/\",\"url\":\"https:\\\/\\\/fr.motocrossmag.be\\\/index.php\\\/2019\\\/06\\\/cedric-cremer-remporte-le-3eme-enduro-de-chimay\\\/\",\"name\":\"C\u00e9dric Cremer remporte le 3\u00e8me enduro de Chimay - Motocross - Enduro - Supermoto | MotocrossMag\",\"isPartOf\":{\"@id\":\"https:\\\/\\\/fr.motocrossmag.be\\\/#website\"},\"primaryImageOfPage\":{\"@id\":\"https:\\\/\\\/fr.motocrossmag.be\\\/index.php\\\/2019\\\/06\\\/cedric-cremer-remporte-le-3eme-enduro-de-chimay\\\/#primaryimage\"},\"image\":{\"@id\":\"https:\\\/\\\/fr.motocrossmag.be\\\/index.php\\\/2019\\\/06\\\/cedric-cremer-remporte-le-3eme-enduro-de-chimay\\\/#primaryimage\"},\"thumbnailUrl\":\"https:\\\/\\\/fr.motocrossmag.be\\\/wp-content\\\/uploads\\\/2019\\\/06\\\/chimay-enduro-podium.jpg\",\"datePublished\":\"2019-06-26T09:29:47+00:00\",\"author\":{\"@id\":\"https:\\\/\\\/fr.motocrossmag.be\\\/#\\\/schema\\\/person\\\/11b47143d9f755babca2c9110e03235c\"},\"breadcrumb\":{\"@id\":\"https:\\\/\\\/fr.motocrossmag.be\\\/index.php\\\/2019\\\/06\\\/cedric-cremer-remporte-le-3eme-enduro-de-chimay\\\/#breadcrumb\"},\"inLanguage\":\"fr-FR\",\"potentialAction\":[{\"@type\":\"ReadAction\",\"target\":[\"https:\\\/\\\/fr.motocrossmag.be\\\/index.php\\\/2019\\\/06\\\/cedric-cremer-remporte-le-3eme-enduro-de-chimay\\\/\"]}]},{\"@type\":\"ImageObject\",\"inLanguage\":\"fr-FR\",\"@id\":\"https:\\\/\\\/fr.motocrossmag.be\\\/index.php\\\/2019\\\/06\\\/cedric-cremer-remporte-le-3eme-enduro-de-chimay\\\/#primaryimage\",\"url\":\"https:\\\/\\\/fr.motocrossmag.be\\\/wp-content\\\/uploads\\\/2019\\\/06\\\/chimay-enduro-podium.jpg\",\"contentUrl\":\"https:\\\/\\\/fr.motocrossmag.be\\\/wp-content\\\/uploads\\\/2019\\\/06\\\/chimay-enduro-podium.jpg\",\"width\":1000,\"height\":666},{\"@type\":\"BreadcrumbList\",\"@id\":\"https:\\\/\\\/fr.motocrossmag.be\\\/index.php\\\/2019\\\/06\\\/cedric-cremer-remporte-le-3eme-enduro-de-chimay\\\/#breadcrumb\",\"itemListElement\":[{\"@type\":\"ListItem\",\"position\":1,\"name\":\"Accueil\",\"item\":\"https:\\\/\\\/fr.motocrossmag.be\\\/\"},{\"@type\":\"ListItem\",\"position\":2,\"name\":\"C\u00e9dric Cremer remporte le 3\u00e8me enduro de Chimay\"}]},{\"@type\":\"WebSite\",\"@id\":\"https:\\\/\\\/fr.motocrossmag.be\\\/#website\",\"url\":\"https:\\\/\\\/fr.motocrossmag.be\\\/\",\"name\":\"Motocross - Enduro - Supermoto | MotocrossMag\",\"description\":\"L&#039;actualit\u00e9 du motocross, de l&#039;enduro et du Supermoto en ligne!\",\"potentialAction\":[{\"@type\":\"SearchAction\",\"target\":{\"@type\":\"EntryPoint\",\"urlTemplate\":\"https:\\\/\\\/fr.motocrossmag.be\\\/?s={search_term_string}\"},\"query-input\":{\"@type\":\"PropertyValueSpecification\",\"valueRequired\":true,\"valueName\":\"search_term_string\"}}],\"inLanguage\":\"fr-FR\"},{\"@type\":\"Person\",\"@id\":\"https:\\\/\\\/fr.motocrossmag.be\\\/#\\\/schema\\\/person\\\/11b47143d9f755babca2c9110e03235c\",\"name\":\"oliviere\",\"image\":{\"@type\":\"ImageObject\",\"inLanguage\":\"fr-FR\",\"@id\":\"https:\\\/\\\/secure.gravatar.com\\\/avatar\\\/907069e0b81d119452040469e4a7501da1100f54f7f80180ce77bfab718288f6?s=96&d=mm&r=g\",\"url\":\"https:\\\/\\\/secure.gravatar.com\\\/avatar\\\/907069e0b81d119452040469e4a7501da1100f54f7f80180ce77bfab718288f6?s=96&d=mm&r=g\",\"contentUrl\":\"https:\\\/\\\/secure.gravatar.com\\\/avatar\\\/907069e0b81d119452040469e4a7501da1100f54f7f80180ce77bfab718288f6?s=96&d=mm&r=g\",\"caption\":\"oliviere\"},\"sameAs\":[\"http:\\\/\\\/www.motocrossmag.be\"],\"url\":\"https:\\\/\\\/fr.motocrossmag.be\\\/index.php\\\/author\\\/oliviere\\\/\"}]}<\/script>\n<!-- \/ Yoast SEO plugin. -->","yoast_head_json":{"title":"C\u00e9dric Cremer remporte le 3\u00e8me enduro de Chimay - Motocross - Enduro - Supermoto | MotocrossMag","robots":{"index":"index","follow":"follow","max-snippet":"max-snippet:-1","max-image-preview":"max-image-preview:large","max-video-preview":"max-video-preview:-1"},"canonical":"https:\/\/fr.motocrossmag.be\/index.php\/2019\/06\/cedric-cremer-remporte-le-3eme-enduro-de-chimay\/","og_locale":"fr_FR","og_type":"article","og_title":"C\u00e9dric Cremer remporte le 3\u00e8me enduro de Chimay - Motocross - Enduro - Supermoto | MotocrossMag","og_description":"Pour cette troisi\u00e8me \u00e9dition de l&rsquo;enduro de Chimay, C\u00e9dric Cr\u00e9mer s&rsquo;impose, en cat\u00e9gorie Prestige avec plus de 21 secondes d&rsquo;avance sur Matthew Vanoevelen et Daymond Martens. Ce dernier, rarement pr\u00e9sent [...]","og_url":"https:\/\/fr.motocrossmag.be\/index.php\/2019\/06\/cedric-cremer-remporte-le-3eme-enduro-de-chimay\/","og_site_name":"Motocross - Enduro - Supermoto | MotocrossMag","article_published_time":"2019-06-26T09:29:47+00:00","og_image":[{"width":1000,"height":666,"url":"https:\/\/fr.motocrossmag.be\/wp-content\/uploads\/2019\/06\/chimay-enduro-podium.jpg","type":"image\/jpeg"}],"author":"oliviere","twitter_card":"summary_large_image","twitter_misc":{"\u00c9crit par":"oliviere","Dur\u00e9e de lecture estim\u00e9e":"5 minutes"},"schema":{"@context":"https:\/\/schema.org","@graph":[{"@type":"Article","@id":"https:\/\/fr.motocrossmag.be\/index.php\/2019\/06\/cedric-cremer-remporte-le-3eme-enduro-de-chimay\/#article","isPartOf":{"@id":"https:\/\/fr.motocrossmag.be\/index.php\/2019\/06\/cedric-cremer-remporte-le-3eme-enduro-de-chimay\/"},"author":{"name":"oliviere","@id":"https:\/\/fr.motocrossmag.be\/#\/schema\/person\/11b47143d9f755babca2c9110e03235c"},"headline":"C\u00e9dric Cremer remporte le 3\u00e8me enduro de Chimay","datePublished":"2019-06-26T09:29:47+00:00","mainEntityOfPage":{"@id":"https:\/\/fr.motocrossmag.be\/index.php\/2019\/06\/cedric-cremer-remporte-le-3eme-enduro-de-chimay\/"},"wordCount":1053,"commentCount":0,"image":{"@id":"https:\/\/fr.motocrossmag.be\/index.php\/2019\/06\/cedric-cremer-remporte-le-3eme-enduro-de-chimay\/#primaryimage"},"thumbnailUrl":"https:\/\/fr.motocrossmag.be\/wp-content\/uploads\/2019\/06\/chimay-enduro-podium.jpg","articleSection":["Actualit\u00e9","Enduro","FMB","News","News","Slideshow"],"inLanguage":"fr-FR","potentialAction":[{"@type":"CommentAction","name":"Comment","target":["https:\/\/fr.motocrossmag.be\/index.php\/2019\/06\/cedric-cremer-remporte-le-3eme-enduro-de-chimay\/#respond"]}]},{"@type":"WebPage","@id":"https:\/\/fr.motocrossmag.be\/index.php\/2019\/06\/cedric-cremer-remporte-le-3eme-enduro-de-chimay\/","url":"https:\/\/fr.motocrossmag.be\/index.php\/2019\/06\/cedric-cremer-remporte-le-3eme-enduro-de-chimay\/","name":"C\u00e9dric Cremer remporte le 3\u00e8me enduro de Chimay - Motocross - Enduro - Supermoto | MotocrossMag","isPartOf":{"@id":"https:\/\/fr.motocrossmag.be\/#website"},"primaryImageOfPage":{"@id":"https:\/\/fr.motocrossmag.be\/index.php\/2019\/06\/cedric-cremer-remporte-le-3eme-enduro-de-chimay\/#primaryimage"},"image":{"@id":"https:\/\/fr.motocrossmag.be\/index.php\/2019\/06\/cedric-cremer-remporte-le-3eme-enduro-de-chimay\/#primaryimage"},"thumbnailUrl":"https:\/\/fr.motocrossmag.be\/wp-content\/uploads\/2019\/06\/chimay-enduro-podium.jpg","datePublished":"2019-06-26T09:29:47+00:00","author":{"@id":"https:\/\/fr.motocrossmag.be\/#\/schema\/person\/11b47143d9f755babca2c9110e03235c"},"breadcrumb":{"@id":"https:\/\/fr.motocrossmag.be\/index.php\/2019\/06\/cedric-cremer-remporte-le-3eme-enduro-de-chimay\/#breadcrumb"},"inLanguage":"fr-FR","potentialAction":[{"@type":"ReadAction","target":["https:\/\/fr.motocrossmag.be\/index.php\/2019\/06\/cedric-cremer-remporte-le-3eme-enduro-de-chimay\/"]}]},{"@type":"ImageObject","inLanguage":"fr-FR","@id":"https:\/\/fr.motocrossmag.be\/index.php\/2019\/06\/cedric-cremer-remporte-le-3eme-enduro-de-chimay\/#primaryimage","url":"https:\/\/fr.motocrossmag.be\/wp-content\/uploads\/2019\/06\/chimay-enduro-podium.jpg","contentUrl":"https:\/\/fr.motocrossmag.be\/wp-content\/uploads\/2019\/06\/chimay-enduro-podium.jpg","width":1000,"height":666},{"@type":"BreadcrumbList","@id":"https:\/\/fr.motocrossmag.be\/index.php\/2019\/06\/cedric-cremer-remporte-le-3eme-enduro-de-chimay\/#breadcrumb","itemListElement":[{"@type":"ListItem","position":1,"name":"Accueil","item":"https:\/\/fr.motocrossmag.be\/"},{"@type":"ListItem","position":2,"name":"C\u00e9dric Cremer remporte le 3\u00e8me enduro de Chimay"}]},{"@type":"WebSite","@id":"https:\/\/fr.motocrossmag.be\/#website","url":"https:\/\/fr.motocrossmag.be\/","name":"Motocross - Enduro - Supermoto | MotocrossMag","description":"L&#039;actualit\u00e9 du motocross, de l&#039;enduro et du Supermoto en ligne!","potentialAction":[{"@type":"SearchAction","target":{"@type":"EntryPoint","urlTemplate":"https:\/\/fr.motocrossmag.be\/?s={search_term_string}"},"query-input":{"@type":"PropertyValueSpecification","valueRequired":true,"valueName":"search_term_string"}}],"inLanguage":"fr-FR"},{"@type":"Person","@id":"https:\/\/fr.motocrossmag.be\/#\/schema\/person\/11b47143d9f755babca2c9110e03235c","name":"oliviere","image":{"@type":"ImageObject","inLanguage":"fr-FR","@id":"https:\/\/secure.gravatar.com\/avatar\/907069e0b81d119452040469e4a7501da1100f54f7f80180ce77bfab718288f6?s=96&d=mm&r=g","url":"https:\/\/secure.gravatar.com\/avatar\/907069e0b81d119452040469e4a7501da1100f54f7f80180ce77bfab718288f6?s=96&d=mm&r=g","contentUrl":"https:\/\/secure.gravatar.com\/avatar\/907069e0b81d119452040469e4a7501da1100f54f7f80180ce77bfab718288f6?s=96&d=mm&r=g","caption":"oliviere"},"sameAs":["http:\/\/www.motocrossmag.be"],"url":"https:\/\/fr.motocrossmag.be\/index.php\/author\/oliviere\/"}]}},"_links":{"self":[{"href":"https:\/\/fr.motocrossmag.be\/index.php\/wp-json\/wp\/v2\/posts\/90594","targetHints":{"allow":["GET"]}}],"collection":[{"href":"https:\/\/fr.motocrossmag.be\/index.php\/wp-json\/wp\/v2\/posts"}],"about":[{"href":"https:\/\/fr.motocrossmag.be\/index.php\/wp-json\/wp\/v2\/types\/post"}],"author":[{"embeddable":true,"href":"https:\/\/fr.motocrossmag.be\/index.php\/wp-json\/wp\/v2\/users\/932"}],"replies":[{"embeddable":true,"href":"https:\/\/fr.motocrossmag.be\/index.php\/wp-json\/wp\/v2\/comments?post=90594"}],"version-history":[{"count":0,"href":"https:\/\/fr.motocrossmag.be\/index.php\/wp-json\/wp\/v2\/posts\/90594\/revisions"}],"wp:featuredmedia":[{"embeddable":true,"href":"https:\/\/fr.motocrossmag.be\/index.php\/wp-json\/wp\/v2\/media\/90598"}],"wp:attachment":[{"href":"https:\/\/fr.motocrossmag.be\/index.php\/wp-json\/wp\/v2\/media?parent=90594"}],"wp:term":[{"taxonomy":"category","embeddable":true,"href":"https:\/\/fr.motocrossmag.be\/index.php\/wp-json\/wp\/v2\/categories?post=90594"},{"taxonomy":"post_tag","embeddable":true,"href":"https:\/\/fr.motocrossmag.be\/index.php\/wp-json\/wp\/v2\/tags?post=90594"}],"curies":[{"name":"wp","href":"https:\/\/api.w.org\/{rel}","templated":true}]}}