{"id":90801,"date":"2019-06-30T22:44:46","date_gmt":"2019-06-30T20:44:46","guid":{"rendered":"https:\/\/fr.motocrossmag.be\/?p=90801"},"modified":"2019-06-30T22:44:46","modified_gmt":"2019-06-30T20:44:46","slug":"photos-motocross-ampl-a-gesves-3","status":"publish","type":"post","link":"https:\/\/fr.motocrossmag.be\/index.php\/2019\/06\/photos-motocross-ampl-a-gesves-3\/","title":{"rendered":"Photos : motocross AMPL \u00e0 Gesves"},"content":{"rendered":"<p><strong>Soleil et chaleur \u00e9crasante \u00e9taient au rendez-vous du premier motocross des vacances d&rsquo;\u00e9t\u00e9 pour les pilotes AMPL \u00e0 Gesves ce week-end. Retour en images sur l&rsquo;\u00e9preuve namuroise.<\/strong><\/p>\n<p>Photos : <a href=\"http:\/\/www.kick47.be\" target=\"_blank\" rel=\"noopener\">Kick Lahaut<\/a><\/p><div class=\"jlqzn6a9c9f149a042\" ><!-- \/91277017\/Inline-articles-mobile -->\n<div style=\"margin:auto; text-align:center !important\">\n<div id='div-gpt-ad-1784982661365-0' style='min-width: 250px; min-height: 75px;'>\n  <script>\n    googletag.cmd.push(function() { googletag.display('div-gpt-ad-1784982661365-0'); });\n  <\/script>\n<\/div><\/div><\/div><style type=\"text\/css\">\r\n.jlqzn6a9c9f149a042 {\r\nmargin-bottom:30px;margin-top:20px\r\n}\r\n@media screen and (min-width: 1201px) {\r\n.jlqzn6a9c9f149a042 {\r\ndisplay: block;\r\n}\r\n}\r\n@media screen and (min-width: 993px) and (max-width: 1200px) {\r\n.jlqzn6a9c9f149a042 {\r\ndisplay: block;\r\n}\r\n}\r\n@media screen and (min-width: 769px) and (max-width: 992px) {\r\n.jlqzn6a9c9f149a042 {\r\ndisplay: block;\r\n}\r\n}\r\n@media screen and (min-width: 768px) and (max-width: 768px) {\r\n.jlqzn6a9c9f149a042 {\r\ndisplay: block;\r\n}\r\n}\r\n@media screen and (max-width: 767px) {\r\n.jlqzn6a9c9f149a042 {\r\ndisplay: block;\r\n}\r\n}\r\n<\/style>\r\n\n<p>&nbsp;<\/p>\n<div id='gallery-1' class='gallery galleryid-90801 gallery-columns-3 gallery-size-thumbnail'><figure class='gallery-item'>\n\t\t\t<div class='gallery-icon landscape'>\n\t\t\t\t<a href='https:\/\/fr.motocrossmag.be\/index.php\/2019\/06\/photos-motocross-ampl-a-gesves-3\/ampl-gesves-img_4189\/'><img decoding=\"async\" width=\"150\" height=\"150\" src=\"https:\/\/fr.motocrossmag.be\/wp-content\/uploads\/2019\/06\/AMPL-Gesves-Img_4189-150x150.jpg\" class=\"attachment-thumbnail size-thumbnail\" alt=\"\" srcset=\"https:\/\/fr.motocrossmag.be\/wp-content\/uploads\/2019\/06\/AMPL-Gesves-Img_4189-150x150.jpg 150w, https:\/\/fr.motocrossmag.be\/wp-content\/uploads\/2019\/06\/AMPL-Gesves-Img_4189-50x50.jpg 50w\" sizes=\"(max-width: 150px) 100vw, 150px\" \/><\/a>\n\t\t\t<\/div><\/figure><figure class='gallery-item'>\n\t\t\t<div class='gallery-icon landscape'>\n\t\t\t\t<a href='https:\/\/fr.motocrossmag.be\/index.php\/2019\/06\/photos-motocross-ampl-a-gesves-3\/ampl-gesves-img_4197\/'><img decoding=\"async\" width=\"150\" height=\"150\" src=\"https:\/\/fr.motocrossmag.be\/wp-content\/uploads\/2019\/06\/AMPL-Gesves-Img_4197-150x150.jpg\" class=\"attachment-thumbnail size-thumbnail\" alt=\"\" srcset=\"https:\/\/fr.motocrossmag.be\/wp-content\/uploads\/2019\/06\/AMPL-Gesves-Img_4197-150x150.jpg 150w, https:\/\/fr.motocrossmag.be\/wp-content\/uploads\/2019\/06\/AMPL-Gesves-Img_4197-50x50.jpg 50w\" sizes=\"(max-width: 150px) 100vw, 150px\" \/><\/a>\n\t\t\t<\/div><\/figure><figure class='gallery-item'>\n\t\t\t<div class='gallery-icon landscape'>\n\t\t\t\t<a href='https:\/\/fr.motocrossmag.be\/index.php\/2019\/06\/photos-motocross-ampl-a-gesves-3\/ampl-gesves-img_4201\/'><img decoding=\"async\" width=\"150\" height=\"150\" src=\"https:\/\/fr.motocrossmag.be\/wp-content\/uploads\/2019\/06\/AMPL-Gesves-Img_4201-150x150.jpg\" class=\"attachment-thumbnail size-thumbnail\" alt=\"\" srcset=\"https:\/\/fr.motocrossmag.be\/wp-content\/uploads\/2019\/06\/AMPL-Gesves-Img_4201-150x150.jpg 150w, https:\/\/fr.motocrossmag.be\/wp-content\/uploads\/2019\/06\/AMPL-Gesves-Img_4201-50x50.jpg 50w\" sizes=\"(max-width: 150px) 100vw, 150px\" \/><\/a>\n\t\t\t<\/div><\/figure><figure class='gallery-item'>\n\t\t\t<div class='gallery-icon landscape'>\n\t\t\t\t<a href='https:\/\/fr.motocrossmag.be\/index.php\/2019\/06\/photos-motocross-ampl-a-gesves-3\/ampl-gesves-img_4203\/'><img decoding=\"async\" width=\"150\" height=\"150\" src=\"https:\/\/fr.motocrossmag.be\/wp-content\/uploads\/2019\/06\/AMPL-Gesves-Img_4203-150x150.jpg\" class=\"attachment-thumbnail size-thumbnail\" alt=\"\" srcset=\"https:\/\/fr.motocrossmag.be\/wp-content\/uploads\/2019\/06\/AMPL-Gesves-Img_4203-150x150.jpg 150w, https:\/\/fr.motocrossmag.be\/wp-content\/uploads\/2019\/06\/AMPL-Gesves-Img_4203-50x50.jpg 50w\" sizes=\"(max-width: 150px) 100vw, 150px\" \/><\/a>\n\t\t\t<\/div><\/figure><figure class='gallery-item'>\n\t\t\t<div class='gallery-icon portrait'>\n\t\t\t\t<a href='https:\/\/fr.motocrossmag.be\/index.php\/2019\/06\/photos-motocross-ampl-a-gesves-3\/ampl-gesves-img_4210\/'><img decoding=\"async\" width=\"150\" height=\"150\" src=\"https:\/\/fr.motocrossmag.be\/wp-content\/uploads\/2019\/06\/AMPL-Gesves-Img_4210-150x150.jpg\" class=\"attachment-thumbnail size-thumbnail\" alt=\"\" srcset=\"https:\/\/fr.motocrossmag.be\/wp-content\/uploads\/2019\/06\/AMPL-Gesves-Img_4210-150x150.jpg 150w, https:\/\/fr.motocrossmag.be\/wp-content\/uploads\/2019\/06\/AMPL-Gesves-Img_4210-50x50.jpg 50w\" sizes=\"(max-width: 150px) 100vw, 150px\" \/><\/a>\n\t\t\t<\/div><\/figure><figure class='gallery-item'>\n\t\t\t<div class='gallery-icon portrait'>\n\t\t\t\t<a href='https:\/\/fr.motocrossmag.be\/index.php\/2019\/06\/photos-motocross-ampl-a-gesves-3\/ampl-gesves-img_4212\/'><img decoding=\"async\" width=\"150\" height=\"150\" src=\"https:\/\/fr.motocrossmag.be\/wp-content\/uploads\/2019\/06\/AMPL-Gesves-Img_4212-150x150.jpg\" class=\"attachment-thumbnail size-thumbnail\" alt=\"\" srcset=\"https:\/\/fr.motocrossmag.be\/wp-content\/uploads\/2019\/06\/AMPL-Gesves-Img_4212-150x150.jpg 150w, https:\/\/fr.motocrossmag.be\/wp-content\/uploads\/2019\/06\/AMPL-Gesves-Img_4212-50x50.jpg 50w\" sizes=\"(max-width: 150px) 100vw, 150px\" \/><\/a>\n\t\t\t<\/div><\/figure><figure class='gallery-item'>\n\t\t\t<div class='gallery-icon landscape'>\n\t\t\t\t<a href='https:\/\/fr.motocrossmag.be\/index.php\/2019\/06\/photos-motocross-ampl-a-gesves-3\/ampl-gesves-img_4219\/'><img decoding=\"async\" width=\"150\" height=\"150\" src=\"https:\/\/fr.motocrossmag.be\/wp-content\/uploads\/2019\/06\/AMPL-Gesves-Img_4219-150x150.jpg\" class=\"attachment-thumbnail size-thumbnail\" alt=\"\" srcset=\"https:\/\/fr.motocrossmag.be\/wp-content\/uploads\/2019\/06\/AMPL-Gesves-Img_4219-150x150.jpg 150w, https:\/\/fr.motocrossmag.be\/wp-content\/uploads\/2019\/06\/AMPL-Gesves-Img_4219-50x50.jpg 50w\" sizes=\"(max-width: 150px) 100vw, 150px\" \/><\/a>\n\t\t\t<\/div><\/figure><figure class='gallery-item'>\n\t\t\t<div class='gallery-icon landscape'>\n\t\t\t\t<a href='https:\/\/fr.motocrossmag.be\/index.php\/2019\/06\/photos-motocross-ampl-a-gesves-3\/ampl-gesves-img_4223\/'><img decoding=\"async\" width=\"150\" height=\"150\" src=\"https:\/\/fr.motocrossmag.be\/wp-content\/uploads\/2019\/06\/AMPL-Gesves-Img_4223-150x150.jpg\" class=\"attachment-thumbnail size-thumbnail\" alt=\"\" srcset=\"https:\/\/fr.motocrossmag.be\/wp-content\/uploads\/2019\/06\/AMPL-Gesves-Img_4223-150x150.jpg 150w, https:\/\/fr.motocrossmag.be\/wp-content\/uploads\/2019\/06\/AMPL-Gesves-Img_4223-50x50.jpg 50w\" sizes=\"(max-width: 150px) 100vw, 150px\" \/><\/a>\n\t\t\t<\/div><\/figure><figure class='gallery-item'>\n\t\t\t<div class='gallery-icon landscape'>\n\t\t\t\t<a href='https:\/\/fr.motocrossmag.be\/index.php\/2019\/06\/photos-motocross-ampl-a-gesves-3\/ampl-gesves-img_4227\/'><img decoding=\"async\" width=\"150\" height=\"150\" src=\"https:\/\/fr.motocrossmag.be\/wp-content\/uploads\/2019\/06\/AMPL-Gesves-Img_4227-150x150.jpg\" class=\"attachment-thumbnail size-thumbnail\" alt=\"\" srcset=\"https:\/\/fr.motocrossmag.be\/wp-content\/uploads\/2019\/06\/AMPL-Gesves-Img_4227-150x150.jpg 150w, https:\/\/fr.motocrossmag.be\/wp-content\/uploads\/2019\/06\/AMPL-Gesves-Img_4227-50x50.jpg 50w\" sizes=\"(max-width: 150px) 100vw, 150px\" \/><\/a>\n\t\t\t<\/div><\/figure><figure class='gallery-item'>\n\t\t\t<div class='gallery-icon landscape'>\n\t\t\t\t<a href='https:\/\/fr.motocrossmag.be\/index.php\/2019\/06\/photos-motocross-ampl-a-gesves-3\/ampl-gesves-img_4241\/'><img decoding=\"async\" width=\"150\" height=\"150\" src=\"https:\/\/fr.motocrossmag.be\/wp-content\/uploads\/2019\/06\/AMPL-Gesves-Img_4241-150x150.jpg\" class=\"attachment-thumbnail size-thumbnail\" alt=\"\" srcset=\"https:\/\/fr.motocrossmag.be\/wp-content\/uploads\/2019\/06\/AMPL-Gesves-Img_4241-150x150.jpg 150w, https:\/\/fr.motocrossmag.be\/wp-content\/uploads\/2019\/06\/AMPL-Gesves-Img_4241-50x50.jpg 50w\" sizes=\"(max-width: 150px) 100vw, 150px\" \/><\/a>\n\t\t\t<\/div><\/figure><figure class='gallery-item'>\n\t\t\t<div class='gallery-icon landscape'>\n\t\t\t\t<a href='https:\/\/fr.motocrossmag.be\/index.php\/2019\/06\/photos-motocross-ampl-a-gesves-3\/ampl-gesves-img_4243\/'><img decoding=\"async\" width=\"150\" height=\"150\" src=\"https:\/\/fr.motocrossmag.be\/wp-content\/uploads\/2019\/06\/AMPL-Gesves-Img_4243-150x150.jpg\" class=\"attachment-thumbnail size-thumbnail\" alt=\"\" srcset=\"https:\/\/fr.motocrossmag.be\/wp-content\/uploads\/2019\/06\/AMPL-Gesves-Img_4243-150x150.jpg 150w, https:\/\/fr.motocrossmag.be\/wp-content\/uploads\/2019\/06\/AMPL-Gesves-Img_4243-50x50.jpg 50w\" sizes=\"(max-width: 150px) 100vw, 150px\" \/><\/a>\n\t\t\t<\/div><\/figure><figure class='gallery-item'>\n\t\t\t<div class='gallery-icon portrait'>\n\t\t\t\t<a href='https:\/\/fr.motocrossmag.be\/index.php\/2019\/06\/photos-motocross-ampl-a-gesves-3\/ampl-gesves-img_4257\/'><img decoding=\"async\" width=\"150\" height=\"150\" src=\"https:\/\/fr.motocrossmag.be\/wp-content\/uploads\/2019\/06\/AMPL-Gesves-Img_4257-150x150.jpg\" class=\"attachment-thumbnail size-thumbnail\" alt=\"\" srcset=\"https:\/\/fr.motocrossmag.be\/wp-content\/uploads\/2019\/06\/AMPL-Gesves-Img_4257-150x150.jpg 150w, https:\/\/fr.motocrossmag.be\/wp-content\/uploads\/2019\/06\/AMPL-Gesves-Img_4257-50x50.jpg 50w\" sizes=\"(max-width: 150px) 100vw, 150px\" \/><\/a>\n\t\t\t<\/div><\/figure><figure class='gallery-item'>\n\t\t\t<div class='gallery-icon landscape'>\n\t\t\t\t<a href='https:\/\/fr.motocrossmag.be\/index.php\/2019\/06\/photos-motocross-ampl-a-gesves-3\/ampl-gesves-img_4266\/'><img decoding=\"async\" width=\"150\" height=\"150\" src=\"https:\/\/fr.motocrossmag.be\/wp-content\/uploads\/2019\/06\/AMPL-Gesves-Img_4266-150x150.jpg\" class=\"attachment-thumbnail size-thumbnail\" alt=\"\" srcset=\"https:\/\/fr.motocrossmag.be\/wp-content\/uploads\/2019\/06\/AMPL-Gesves-Img_4266-150x150.jpg 150w, https:\/\/fr.motocrossmag.be\/wp-content\/uploads\/2019\/06\/AMPL-Gesves-Img_4266-50x50.jpg 50w\" sizes=\"(max-width: 150px) 100vw, 150px\" \/><\/a>\n\t\t\t<\/div><\/figure><figure class='gallery-item'>\n\t\t\t<div class='gallery-icon portrait'>\n\t\t\t\t<a href='https:\/\/fr.motocrossmag.be\/index.php\/2019\/06\/photos-motocross-ampl-a-gesves-3\/ampl-gesves-img_4298\/'><img decoding=\"async\" width=\"150\" height=\"150\" src=\"https:\/\/fr.motocrossmag.be\/wp-content\/uploads\/2019\/06\/AMPL-Gesves-Img_4298-150x150.jpg\" class=\"attachment-thumbnail size-thumbnail\" alt=\"\" srcset=\"https:\/\/fr.motocrossmag.be\/wp-content\/uploads\/2019\/06\/AMPL-Gesves-Img_4298-150x150.jpg 150w, https:\/\/fr.motocrossmag.be\/wp-content\/uploads\/2019\/06\/AMPL-Gesves-Img_4298-50x50.jpg 50w\" sizes=\"(max-width: 150px) 100vw, 150px\" \/><\/a>\n\t\t\t<\/div><\/figure><figure class='gallery-item'>\n\t\t\t<div class='gallery-icon landscape'>\n\t\t\t\t<a href='https:\/\/fr.motocrossmag.be\/index.php\/2019\/06\/photos-motocross-ampl-a-gesves-3\/ampl-gesves-img_4301\/'><img decoding=\"async\" width=\"150\" height=\"150\" src=\"https:\/\/fr.motocrossmag.be\/wp-content\/uploads\/2019\/06\/AMPL-Gesves-Img_4301-150x150.jpg\" class=\"attachment-thumbnail size-thumbnail\" alt=\"\" srcset=\"https:\/\/fr.motocrossmag.be\/wp-content\/uploads\/2019\/06\/AMPL-Gesves-Img_4301-150x150.jpg 150w, https:\/\/fr.motocrossmag.be\/wp-content\/uploads\/2019\/06\/AMPL-Gesves-Img_4301-50x50.jpg 50w\" sizes=\"(max-width: 150px) 100vw, 150px\" \/><\/a>\n\t\t\t<\/div><\/figure><figure class='gallery-item'>\n\t\t\t<div class='gallery-icon landscape'>\n\t\t\t\t<a href='https:\/\/fr.motocrossmag.be\/index.php\/2019\/06\/photos-motocross-ampl-a-gesves-3\/ampl-gesves-img_4313\/'><img decoding=\"async\" width=\"150\" height=\"150\" src=\"https:\/\/fr.motocrossmag.be\/wp-content\/uploads\/2019\/06\/AMPL-Gesves-Img_4313-150x150.jpg\" class=\"attachment-thumbnail size-thumbnail\" alt=\"\" srcset=\"https:\/\/fr.motocrossmag.be\/wp-content\/uploads\/2019\/06\/AMPL-Gesves-Img_4313-150x150.jpg 150w, https:\/\/fr.motocrossmag.be\/wp-content\/uploads\/2019\/06\/AMPL-Gesves-Img_4313-50x50.jpg 50w\" sizes=\"(max-width: 150px) 100vw, 150px\" \/><\/a>\n\t\t\t<\/div><\/figure><figure class='gallery-item'>\n\t\t\t<div class='gallery-icon landscape'>\n\t\t\t\t<a href='https:\/\/fr.motocrossmag.be\/index.php\/2019\/06\/photos-motocross-ampl-a-gesves-3\/ampl-gesves-img_4327\/'><img decoding=\"async\" width=\"150\" height=\"150\" src=\"https:\/\/fr.motocrossmag.be\/wp-content\/uploads\/2019\/06\/AMPL-Gesves-Img_4327-150x150.jpg\" class=\"attachment-thumbnail size-thumbnail\" alt=\"\" srcset=\"https:\/\/fr.motocrossmag.be\/wp-content\/uploads\/2019\/06\/AMPL-Gesves-Img_4327-150x150.jpg 150w, https:\/\/fr.motocrossmag.be\/wp-content\/uploads\/2019\/06\/AMPL-Gesves-Img_4327-50x50.jpg 50w\" sizes=\"(max-width: 150px) 100vw, 150px\" \/><\/a>\n\t\t\t<\/div><\/figure><figure class='gallery-item'>\n\t\t\t<div class='gallery-icon portrait'>\n\t\t\t\t<a href='https:\/\/fr.motocrossmag.be\/index.php\/2019\/06\/photos-motocross-ampl-a-gesves-3\/ampl-gesves-img_4348\/'><img decoding=\"async\" width=\"150\" height=\"150\" src=\"https:\/\/fr.motocrossmag.be\/wp-content\/uploads\/2019\/06\/AMPL-Gesves-Img_4348-150x150.jpg\" class=\"attachment-thumbnail size-thumbnail\" alt=\"\" srcset=\"https:\/\/fr.motocrossmag.be\/wp-content\/uploads\/2019\/06\/AMPL-Gesves-Img_4348-150x150.jpg 150w, https:\/\/fr.motocrossmag.be\/wp-content\/uploads\/2019\/06\/AMPL-Gesves-Img_4348-50x50.jpg 50w\" sizes=\"(max-width: 150px) 100vw, 150px\" \/><\/a>\n\t\t\t<\/div><\/figure><figure class='gallery-item'>\n\t\t\t<div class='gallery-icon landscape'>\n\t\t\t\t<a href='https:\/\/fr.motocrossmag.be\/index.php\/2019\/06\/photos-motocross-ampl-a-gesves-3\/ampl-gesves-img_4363\/'><img decoding=\"async\" width=\"150\" height=\"150\" src=\"https:\/\/fr.motocrossmag.be\/wp-content\/uploads\/2019\/06\/AMPL-Gesves-Img_4363-150x150.jpg\" class=\"attachment-thumbnail size-thumbnail\" alt=\"\" srcset=\"https:\/\/fr.motocrossmag.be\/wp-content\/uploads\/2019\/06\/AMPL-Gesves-Img_4363-150x150.jpg 150w, https:\/\/fr.motocrossmag.be\/wp-content\/uploads\/2019\/06\/AMPL-Gesves-Img_4363-50x50.jpg 50w\" sizes=\"(max-width: 150px) 100vw, 150px\" \/><\/a>\n\t\t\t<\/div><\/figure><figure class='gallery-item'>\n\t\t\t<div class='gallery-icon landscape'>\n\t\t\t\t<a href='https:\/\/fr.motocrossmag.be\/index.php\/2019\/06\/photos-motocross-ampl-a-gesves-3\/ampl-gesves-img_4368\/'><img decoding=\"async\" width=\"150\" height=\"150\" src=\"https:\/\/fr.motocrossmag.be\/wp-content\/uploads\/2019\/06\/AMPL-Gesves-Img_4368-150x150.jpg\" class=\"attachment-thumbnail size-thumbnail\" alt=\"\" srcset=\"https:\/\/fr.motocrossmag.be\/wp-content\/uploads\/2019\/06\/AMPL-Gesves-Img_4368-150x150.jpg 150w, https:\/\/fr.motocrossmag.be\/wp-content\/uploads\/2019\/06\/AMPL-Gesves-Img_4368-50x50.jpg 50w\" sizes=\"(max-width: 150px) 100vw, 150px\" \/><\/a>\n\t\t\t<\/div><\/figure><figure class='gallery-item'>\n\t\t\t<div class='gallery-icon landscape'>\n\t\t\t\t<a href='https:\/\/fr.motocrossmag.be\/index.php\/2019\/06\/photos-motocross-ampl-a-gesves-3\/ampl-gesves-img_4377\/'><img decoding=\"async\" width=\"150\" height=\"150\" src=\"https:\/\/fr.motocrossmag.be\/wp-content\/uploads\/2019\/06\/AMPL-Gesves-Img_4377-150x150.jpg\" class=\"attachment-thumbnail size-thumbnail\" alt=\"\" srcset=\"https:\/\/fr.motocrossmag.be\/wp-content\/uploads\/2019\/06\/AMPL-Gesves-Img_4377-150x150.jpg 150w, https:\/\/fr.motocrossmag.be\/wp-content\/uploads\/2019\/06\/AMPL-Gesves-Img_4377-50x50.jpg 50w\" sizes=\"(max-width: 150px) 100vw, 150px\" \/><\/a>\n\t\t\t<\/div><\/figure><figure class='gallery-item'>\n\t\t\t<div class='gallery-icon landscape'>\n\t\t\t\t<a href='https:\/\/fr.motocrossmag.be\/index.php\/2019\/06\/photos-motocross-ampl-a-gesves-3\/ampl-gesves-img_4406\/'><img decoding=\"async\" width=\"150\" height=\"150\" src=\"https:\/\/fr.motocrossmag.be\/wp-content\/uploads\/2019\/06\/AMPL-Gesves-Img_4406-150x150.jpg\" class=\"attachment-thumbnail size-thumbnail\" alt=\"\" srcset=\"https:\/\/fr.motocrossmag.be\/wp-content\/uploads\/2019\/06\/AMPL-Gesves-Img_4406-150x150.jpg 150w, https:\/\/fr.motocrossmag.be\/wp-content\/uploads\/2019\/06\/AMPL-Gesves-Img_4406-50x50.jpg 50w\" sizes=\"(max-width: 150px) 100vw, 150px\" \/><\/a>\n\t\t\t<\/div><\/figure><figure class='gallery-item'>\n\t\t\t<div class='gallery-icon landscape'>\n\t\t\t\t<a href='https:\/\/fr.motocrossmag.be\/index.php\/2019\/06\/photos-motocross-ampl-a-gesves-3\/ampl-gesves-img_4435\/'><img decoding=\"async\" width=\"150\" height=\"150\" src=\"https:\/\/fr.motocrossmag.be\/wp-content\/uploads\/2019\/06\/AMPL-Gesves-Img_4435-150x150.jpg\" class=\"attachment-thumbnail size-thumbnail\" alt=\"\" srcset=\"https:\/\/fr.motocrossmag.be\/wp-content\/uploads\/2019\/06\/AMPL-Gesves-Img_4435-150x150.jpg 150w, https:\/\/fr.motocrossmag.be\/wp-content\/uploads\/2019\/06\/AMPL-Gesves-Img_4435-50x50.jpg 50w\" sizes=\"(max-width: 150px) 100vw, 150px\" \/><\/a>\n\t\t\t<\/div><\/figure><figure class='gallery-item'>\n\t\t\t<div class='gallery-icon portrait'>\n\t\t\t\t<a href='https:\/\/fr.motocrossmag.be\/index.php\/2019\/06\/photos-motocross-ampl-a-gesves-3\/ampl-gesves-img_4439\/'><img decoding=\"async\" width=\"150\" height=\"150\" src=\"https:\/\/fr.motocrossmag.be\/wp-content\/uploads\/2019\/06\/AMPL-Gesves-Img_4439-150x150.jpg\" class=\"attachment-thumbnail size-thumbnail\" alt=\"\" srcset=\"https:\/\/fr.motocrossmag.be\/wp-content\/uploads\/2019\/06\/AMPL-Gesves-Img_4439-150x150.jpg 150w, https:\/\/fr.motocrossmag.be\/wp-content\/uploads\/2019\/06\/AMPL-Gesves-Img_4439-50x50.jpg 50w\" sizes=\"(max-width: 150px) 100vw, 150px\" \/><\/a>\n\t\t\t<\/div><\/figure><figure class='gallery-item'>\n\t\t\t<div class='gallery-icon landscape'>\n\t\t\t\t<a href='https:\/\/fr.motocrossmag.be\/index.php\/2019\/06\/photos-motocross-ampl-a-gesves-3\/ampl-gesves-img_4444\/'><img decoding=\"async\" width=\"150\" height=\"150\" src=\"https:\/\/fr.motocrossmag.be\/wp-content\/uploads\/2019\/06\/AMPL-Gesves-Img_4444-150x150.jpg\" class=\"attachment-thumbnail size-thumbnail\" alt=\"\" srcset=\"https:\/\/fr.motocrossmag.be\/wp-content\/uploads\/2019\/06\/AMPL-Gesves-Img_4444-150x150.jpg 150w, https:\/\/fr.motocrossmag.be\/wp-content\/uploads\/2019\/06\/AMPL-Gesves-Img_4444-50x50.jpg 50w\" sizes=\"(max-width: 150px) 100vw, 150px\" \/><\/a>\n\t\t\t<\/div><\/figure><figure class='gallery-item'>\n\t\t\t<div class='gallery-icon portrait'>\n\t\t\t\t<a href='https:\/\/fr.motocrossmag.be\/index.php\/2019\/06\/photos-motocross-ampl-a-gesves-3\/ampl-gesves-img_4448\/'><img decoding=\"async\" width=\"150\" height=\"150\" src=\"https:\/\/fr.motocrossmag.be\/wp-content\/uploads\/2019\/06\/AMPL-Gesves-Img_4448-150x150.jpg\" class=\"attachment-thumbnail size-thumbnail\" alt=\"\" srcset=\"https:\/\/fr.motocrossmag.be\/wp-content\/uploads\/2019\/06\/AMPL-Gesves-Img_4448-150x150.jpg 150w, https:\/\/fr.motocrossmag.be\/wp-content\/uploads\/2019\/06\/AMPL-Gesves-Img_4448-50x50.jpg 50w\" sizes=\"(max-width: 150px) 100vw, 150px\" \/><\/a>\n\t\t\t<\/div><\/figure><figure class='gallery-item'>\n\t\t\t<div class='gallery-icon portrait'>\n\t\t\t\t<a href='https:\/\/fr.motocrossmag.be\/index.php\/2019\/06\/photos-motocross-ampl-a-gesves-3\/ampl-gesves-img_4451\/'><img decoding=\"async\" width=\"150\" height=\"150\" src=\"https:\/\/fr.motocrossmag.be\/wp-content\/uploads\/2019\/06\/AMPL-Gesves-Img_4451-150x150.jpg\" class=\"attachment-thumbnail size-thumbnail\" alt=\"\" srcset=\"https:\/\/fr.motocrossmag.be\/wp-content\/uploads\/2019\/06\/AMPL-Gesves-Img_4451-150x150.jpg 150w, https:\/\/fr.motocrossmag.be\/wp-content\/uploads\/2019\/06\/AMPL-Gesves-Img_4451-50x50.jpg 50w\" sizes=\"(max-width: 150px) 100vw, 150px\" \/><\/a>\n\t\t\t<\/div><\/figure><figure class='gallery-item'>\n\t\t\t<div class='gallery-icon landscape'>\n\t\t\t\t<a href='https:\/\/fr.motocrossmag.be\/index.php\/2019\/06\/photos-motocross-ampl-a-gesves-3\/ampl-gesves-img_4456\/'><img decoding=\"async\" width=\"150\" height=\"150\" src=\"https:\/\/fr.motocrossmag.be\/wp-content\/uploads\/2019\/06\/AMPL-Gesves-Img_4456-150x150.jpg\" class=\"attachment-thumbnail size-thumbnail\" alt=\"\" srcset=\"https:\/\/fr.motocrossmag.be\/wp-content\/uploads\/2019\/06\/AMPL-Gesves-Img_4456-150x150.jpg 150w, https:\/\/fr.motocrossmag.be\/wp-content\/uploads\/2019\/06\/AMPL-Gesves-Img_4456-50x50.jpg 50w\" sizes=\"(max-width: 150px) 100vw, 150px\" \/><\/a>\n\t\t\t<\/div><\/figure><figure class='gallery-item'>\n\t\t\t<div class='gallery-icon portrait'>\n\t\t\t\t<a href='https:\/\/fr.motocrossmag.be\/index.php\/2019\/06\/photos-motocross-ampl-a-gesves-3\/ampl-gesves-img_4458\/'><img decoding=\"async\" width=\"150\" height=\"150\" src=\"https:\/\/fr.motocrossmag.be\/wp-content\/uploads\/2019\/06\/AMPL-Gesves-Img_4458-150x150.jpg\" class=\"attachment-thumbnail size-thumbnail\" alt=\"\" srcset=\"https:\/\/fr.motocrossmag.be\/wp-content\/uploads\/2019\/06\/AMPL-Gesves-Img_4458-150x150.jpg 150w, https:\/\/fr.motocrossmag.be\/wp-content\/uploads\/2019\/06\/AMPL-Gesves-Img_4458-50x50.jpg 50w\" sizes=\"(max-width: 150px) 100vw, 150px\" \/><\/a>\n\t\t\t<\/div><\/figure><figure class='gallery-item'>\n\t\t\t<div class='gallery-icon landscape'>\n\t\t\t\t<a href='https:\/\/fr.motocrossmag.be\/index.php\/2019\/06\/photos-motocross-ampl-a-gesves-3\/ampl-gesves-img_4460\/'><img decoding=\"async\" width=\"150\" height=\"150\" src=\"https:\/\/fr.motocrossmag.be\/wp-content\/uploads\/2019\/06\/AMPL-Gesves-Img_4460-150x150.jpg\" class=\"attachment-thumbnail size-thumbnail\" alt=\"\" srcset=\"https:\/\/fr.motocrossmag.be\/wp-content\/uploads\/2019\/06\/AMPL-Gesves-Img_4460-150x150.jpg 150w, https:\/\/fr.motocrossmag.be\/wp-content\/uploads\/2019\/06\/AMPL-Gesves-Img_4460-50x50.jpg 50w\" sizes=\"(max-width: 150px) 100vw, 150px\" \/><\/a>\n\t\t\t<\/div><\/figure><figure class='gallery-item'>\n\t\t\t<div class='gallery-icon landscape'>\n\t\t\t\t<a href='https:\/\/fr.motocrossmag.be\/index.php\/2019\/06\/photos-motocross-ampl-a-gesves-3\/ampl-gesves-img_4465\/'><img decoding=\"async\" width=\"150\" height=\"150\" src=\"https:\/\/fr.motocrossmag.be\/wp-content\/uploads\/2019\/06\/AMPL-Gesves-Img_4465-150x150.jpg\" class=\"attachment-thumbnail size-thumbnail\" alt=\"\" srcset=\"https:\/\/fr.motocrossmag.be\/wp-content\/uploads\/2019\/06\/AMPL-Gesves-Img_4465-150x150.jpg 150w, https:\/\/fr.motocrossmag.be\/wp-content\/uploads\/2019\/06\/AMPL-Gesves-Img_4465-50x50.jpg 50w\" sizes=\"(max-width: 150px) 100vw, 150px\" \/><\/a>\n\t\t\t<\/div><\/figure><figure class='gallery-item'>\n\t\t\t<div class='gallery-icon landscape'>\n\t\t\t\t<a href='https:\/\/fr.motocrossmag.be\/index.php\/2019\/06\/photos-motocross-ampl-a-gesves-3\/ampl-gesves-img_4468\/'><img decoding=\"async\" width=\"150\" height=\"150\" src=\"https:\/\/fr.motocrossmag.be\/wp-content\/uploads\/2019\/06\/AMPL-Gesves-Img_4468-150x150.jpg\" class=\"attachment-thumbnail size-thumbnail\" alt=\"\" srcset=\"https:\/\/fr.motocrossmag.be\/wp-content\/uploads\/2019\/06\/AMPL-Gesves-Img_4468-150x150.jpg 150w, https:\/\/fr.motocrossmag.be\/wp-content\/uploads\/2019\/06\/AMPL-Gesves-Img_4468-50x50.jpg 50w\" sizes=\"(max-width: 150px) 100vw, 150px\" \/><\/a>\n\t\t\t<\/div><\/figure><figure class='gallery-item'>\n\t\t\t<div class='gallery-icon portrait'>\n\t\t\t\t<a href='https:\/\/fr.motocrossmag.be\/index.php\/2019\/06\/photos-motocross-ampl-a-gesves-3\/ampl-gesves-img_4492\/'><img decoding=\"async\" width=\"150\" height=\"150\" src=\"https:\/\/fr.motocrossmag.be\/wp-content\/uploads\/2019\/06\/AMPL-Gesves-Img_4492-150x150.jpg\" class=\"attachment-thumbnail size-thumbnail\" alt=\"\" srcset=\"https:\/\/fr.motocrossmag.be\/wp-content\/uploads\/2019\/06\/AMPL-Gesves-Img_4492-150x150.jpg 150w, https:\/\/fr.motocrossmag.be\/wp-content\/uploads\/2019\/06\/AMPL-Gesves-Img_4492-50x50.jpg 50w\" sizes=\"(max-width: 150px) 100vw, 150px\" \/><\/a>\n\t\t\t<\/div><\/figure><figure class='gallery-item'>\n\t\t\t<div class='gallery-icon landscape'>\n\t\t\t\t<a href='https:\/\/fr.motocrossmag.be\/index.php\/2019\/06\/photos-motocross-ampl-a-gesves-3\/ampl-gesves-img_4514\/'><img decoding=\"async\" width=\"150\" height=\"150\" src=\"https:\/\/fr.motocrossmag.be\/wp-content\/uploads\/2019\/06\/AMPL-Gesves-Img_4514-150x150.jpg\" class=\"attachment-thumbnail size-thumbnail\" alt=\"\" srcset=\"https:\/\/fr.motocrossmag.be\/wp-content\/uploads\/2019\/06\/AMPL-Gesves-Img_4514-150x150.jpg 150w, https:\/\/fr.motocrossmag.be\/wp-content\/uploads\/2019\/06\/AMPL-Gesves-Img_4514-50x50.jpg 50w\" sizes=\"(max-width: 150px) 100vw, 150px\" \/><\/a>\n\t\t\t<\/div><\/figure><figure class='gallery-item'>\n\t\t\t<div class='gallery-icon landscape'>\n\t\t\t\t<a href='https:\/\/fr.motocrossmag.be\/index.php\/2019\/06\/photos-motocross-ampl-a-gesves-3\/ampl-gesves-img_4528\/'><img decoding=\"async\" width=\"150\" height=\"150\" src=\"https:\/\/fr.motocrossmag.be\/wp-content\/uploads\/2019\/06\/AMPL-Gesves-Img_4528-150x150.jpg\" class=\"attachment-thumbnail size-thumbnail\" alt=\"\" srcset=\"https:\/\/fr.motocrossmag.be\/wp-content\/uploads\/2019\/06\/AMPL-Gesves-Img_4528-150x150.jpg 150w, https:\/\/fr.motocrossmag.be\/wp-content\/uploads\/2019\/06\/AMPL-Gesves-Img_4528-50x50.jpg 50w\" sizes=\"(max-width: 150px) 100vw, 150px\" \/><\/a>\n\t\t\t<\/div><\/figure><figure class='gallery-item'>\n\t\t\t<div class='gallery-icon landscape'>\n\t\t\t\t<a href='https:\/\/fr.motocrossmag.be\/index.php\/2019\/06\/photos-motocross-ampl-a-gesves-3\/ampl-gesves-img_4562\/'><img decoding=\"async\" width=\"150\" height=\"150\" src=\"https:\/\/fr.motocrossmag.be\/wp-content\/uploads\/2019\/06\/AMPL-Gesves-Img_4562-150x150.jpg\" class=\"attachment-thumbnail size-thumbnail\" alt=\"\" srcset=\"https:\/\/fr.motocrossmag.be\/wp-content\/uploads\/2019\/06\/AMPL-Gesves-Img_4562-150x150.jpg 150w, https:\/\/fr.motocrossmag.be\/wp-content\/uploads\/2019\/06\/AMPL-Gesves-Img_4562-50x50.jpg 50w\" sizes=\"(max-width: 150px) 100vw, 150px\" \/><\/a>\n\t\t\t<\/div><\/figure><figure class='gallery-item'>\n\t\t\t<div class='gallery-icon landscape'>\n\t\t\t\t<a href='https:\/\/fr.motocrossmag.be\/index.php\/2019\/06\/photos-motocross-ampl-a-gesves-3\/ampl-gesves-img_4577\/'><img decoding=\"async\" width=\"150\" height=\"150\" src=\"https:\/\/fr.motocrossmag.be\/wp-content\/uploads\/2019\/06\/AMPL-Gesves-Img_4577-150x150.jpg\" class=\"attachment-thumbnail size-thumbnail\" alt=\"\" srcset=\"https:\/\/fr.motocrossmag.be\/wp-content\/uploads\/2019\/06\/AMPL-Gesves-Img_4577-150x150.jpg 150w, https:\/\/fr.motocrossmag.be\/wp-content\/uploads\/2019\/06\/AMPL-Gesves-Img_4577-50x50.jpg 50w\" sizes=\"(max-width: 150px) 100vw, 150px\" \/><\/a>\n\t\t\t<\/div><\/figure><figure class='gallery-item'>\n\t\t\t<div class='gallery-icon landscape'>\n\t\t\t\t<a href='https:\/\/fr.motocrossmag.be\/index.php\/2019\/06\/photos-motocross-ampl-a-gesves-3\/ampl-gesves-img_4584\/'><img decoding=\"async\" width=\"150\" height=\"150\" src=\"https:\/\/fr.motocrossmag.be\/wp-content\/uploads\/2019\/06\/AMPL-Gesves-Img_4584-150x150.jpg\" class=\"attachment-thumbnail size-thumbnail\" alt=\"\" srcset=\"https:\/\/fr.motocrossmag.be\/wp-content\/uploads\/2019\/06\/AMPL-Gesves-Img_4584-150x150.jpg 150w, https:\/\/fr.motocrossmag.be\/wp-content\/uploads\/2019\/06\/AMPL-Gesves-Img_4584-50x50.jpg 50w\" sizes=\"(max-width: 150px) 100vw, 150px\" \/><\/a>\n\t\t\t<\/div><\/figure><figure class='gallery-item'>\n\t\t\t<div class='gallery-icon landscape'>\n\t\t\t\t<a href='https:\/\/fr.motocrossmag.be\/index.php\/2019\/06\/photos-motocross-ampl-a-gesves-3\/ampl-gesves-img_4588\/'><img decoding=\"async\" width=\"150\" height=\"150\" src=\"https:\/\/fr.motocrossmag.be\/wp-content\/uploads\/2019\/06\/AMPL-Gesves-Img_4588-150x150.jpg\" class=\"attachment-thumbnail size-thumbnail\" alt=\"\" srcset=\"https:\/\/fr.motocrossmag.be\/wp-content\/uploads\/2019\/06\/AMPL-Gesves-Img_4588-150x150.jpg 150w, https:\/\/fr.motocrossmag.be\/wp-content\/uploads\/2019\/06\/AMPL-Gesves-Img_4588-50x50.jpg 50w\" sizes=\"(max-width: 150px) 100vw, 150px\" \/><\/a>\n\t\t\t<\/div><\/figure><figure class='gallery-item'>\n\t\t\t<div class='gallery-icon landscape'>\n\t\t\t\t<a href='https:\/\/fr.motocrossmag.be\/index.php\/2019\/06\/photos-motocross-ampl-a-gesves-3\/ampl-gesves-img_4590\/'><img decoding=\"async\" width=\"150\" height=\"150\" src=\"https:\/\/fr.motocrossmag.be\/wp-content\/uploads\/2019\/06\/AMPL-Gesves-Img_4590-150x150.jpg\" class=\"attachment-thumbnail size-thumbnail\" alt=\"\" srcset=\"https:\/\/fr.motocrossmag.be\/wp-content\/uploads\/2019\/06\/AMPL-Gesves-Img_4590-150x150.jpg 150w, https:\/\/fr.motocrossmag.be\/wp-content\/uploads\/2019\/06\/AMPL-Gesves-Img_4590-50x50.jpg 50w\" sizes=\"(max-width: 150px) 100vw, 150px\" \/><\/a>\n\t\t\t<\/div><\/figure><figure class='gallery-item'>\n\t\t\t<div class='gallery-icon landscape'>\n\t\t\t\t<a href='https:\/\/fr.motocrossmag.be\/index.php\/2019\/06\/photos-motocross-ampl-a-gesves-3\/ampl-gesves-img_4594\/'><img decoding=\"async\" width=\"150\" height=\"150\" src=\"https:\/\/fr.motocrossmag.be\/wp-content\/uploads\/2019\/06\/AMPL-Gesves-Img_4594-150x150.jpg\" class=\"attachment-thumbnail size-thumbnail\" alt=\"\" srcset=\"https:\/\/fr.motocrossmag.be\/wp-content\/uploads\/2019\/06\/AMPL-Gesves-Img_4594-150x150.jpg 150w, https:\/\/fr.motocrossmag.be\/wp-content\/uploads\/2019\/06\/AMPL-Gesves-Img_4594-50x50.jpg 50w\" sizes=\"(max-width: 150px) 100vw, 150px\" \/><\/a>\n\t\t\t<\/div><\/figure><figure class='gallery-item'>\n\t\t\t<div class='gallery-icon portrait'>\n\t\t\t\t<a href='https:\/\/fr.motocrossmag.be\/index.php\/2019\/06\/photos-motocross-ampl-a-gesves-3\/ampl-gesves-img_4625\/'><img decoding=\"async\" width=\"150\" height=\"150\" src=\"https:\/\/fr.motocrossmag.be\/wp-content\/uploads\/2019\/06\/AMPL-Gesves-Img_4625-150x150.jpg\" class=\"attachment-thumbnail size-thumbnail\" alt=\"\" srcset=\"https:\/\/fr.motocrossmag.be\/wp-content\/uploads\/2019\/06\/AMPL-Gesves-Img_4625-150x150.jpg 150w, https:\/\/fr.motocrossmag.be\/wp-content\/uploads\/2019\/06\/AMPL-Gesves-Img_4625-50x50.jpg 50w\" sizes=\"(max-width: 150px) 100vw, 150px\" \/><\/a>\n\t\t\t<\/div><\/figure><figure class='gallery-item'>\n\t\t\t<div class='gallery-icon landscape'>\n\t\t\t\t<a href='https:\/\/fr.motocrossmag.be\/index.php\/2019\/06\/photos-motocross-ampl-a-gesves-3\/ampl-gesves-img_4641\/'><img decoding=\"async\" width=\"150\" height=\"150\" src=\"https:\/\/fr.motocrossmag.be\/wp-content\/uploads\/2019\/06\/AMPL-Gesves-Img_4641-150x150.jpg\" class=\"attachment-thumbnail size-thumbnail\" alt=\"\" srcset=\"https:\/\/fr.motocrossmag.be\/wp-content\/uploads\/2019\/06\/AMPL-Gesves-Img_4641-150x150.jpg 150w, https:\/\/fr.motocrossmag.be\/wp-content\/uploads\/2019\/06\/AMPL-Gesves-Img_4641-50x50.jpg 50w\" sizes=\"(max-width: 150px) 100vw, 150px\" \/><\/a>\n\t\t\t<\/div><\/figure><figure class='gallery-item'>\n\t\t\t<div class='gallery-icon landscape'>\n\t\t\t\t<a href='https:\/\/fr.motocrossmag.be\/index.php\/2019\/06\/photos-motocross-ampl-a-gesves-3\/ampl-gesves-img_4647\/'><img decoding=\"async\" width=\"150\" height=\"150\" src=\"https:\/\/fr.motocrossmag.be\/wp-content\/uploads\/2019\/06\/AMPL-Gesves-Img_4647-150x150.jpg\" class=\"attachment-thumbnail size-thumbnail\" alt=\"\" srcset=\"https:\/\/fr.motocrossmag.be\/wp-content\/uploads\/2019\/06\/AMPL-Gesves-Img_4647-150x150.jpg 150w, https:\/\/fr.motocrossmag.be\/wp-content\/uploads\/2019\/06\/AMPL-Gesves-Img_4647-50x50.jpg 50w\" sizes=\"(max-width: 150px) 100vw, 150px\" \/><\/a>\n\t\t\t<\/div><\/figure><figure class='gallery-item'>\n\t\t\t<div class='gallery-icon landscape'>\n\t\t\t\t<a href='https:\/\/fr.motocrossmag.be\/index.php\/2019\/06\/photos-motocross-ampl-a-gesves-3\/ampl-gesves-img_4648\/'><img decoding=\"async\" width=\"150\" height=\"150\" src=\"https:\/\/fr.motocrossmag.be\/wp-content\/uploads\/2019\/06\/AMPL-Gesves-Img_4648-150x150.jpg\" class=\"attachment-thumbnail size-thumbnail\" alt=\"\" srcset=\"https:\/\/fr.motocrossmag.be\/wp-content\/uploads\/2019\/06\/AMPL-Gesves-Img_4648-150x150.jpg 150w, https:\/\/fr.motocrossmag.be\/wp-content\/uploads\/2019\/06\/AMPL-Gesves-Img_4648-50x50.jpg 50w\" sizes=\"(max-width: 150px) 100vw, 150px\" \/><\/a>\n\t\t\t<\/div><\/figure><figure class='gallery-item'>\n\t\t\t<div class='gallery-icon landscape'>\n\t\t\t\t<a href='https:\/\/fr.motocrossmag.be\/index.php\/2019\/06\/photos-motocross-ampl-a-gesves-3\/ampl-gesves-img_4663\/'><img decoding=\"async\" width=\"150\" height=\"150\" src=\"https:\/\/fr.motocrossmag.be\/wp-content\/uploads\/2019\/06\/AMPL-Gesves-Img_4663-150x150.jpg\" class=\"attachment-thumbnail size-thumbnail\" alt=\"\" srcset=\"https:\/\/fr.motocrossmag.be\/wp-content\/uploads\/2019\/06\/AMPL-Gesves-Img_4663-150x150.jpg 150w, https:\/\/fr.motocrossmag.be\/wp-content\/uploads\/2019\/06\/AMPL-Gesves-Img_4663-50x50.jpg 50w\" sizes=\"(max-width: 150px) 100vw, 150px\" \/><\/a>\n\t\t\t<\/div><\/figure><figure class='gallery-item'>\n\t\t\t<div class='gallery-icon landscape'>\n\t\t\t\t<a href='https:\/\/fr.motocrossmag.be\/index.php\/2019\/06\/photos-motocross-ampl-a-gesves-3\/ampl-gesves-img_4690\/'><img decoding=\"async\" width=\"150\" height=\"150\" src=\"https:\/\/fr.motocrossmag.be\/wp-content\/uploads\/2019\/06\/AMPL-Gesves-Img_4690-150x150.jpg\" class=\"attachment-thumbnail size-thumbnail\" alt=\"\" srcset=\"https:\/\/fr.motocrossmag.be\/wp-content\/uploads\/2019\/06\/AMPL-Gesves-Img_4690-150x150.jpg 150w, https:\/\/fr.motocrossmag.be\/wp-content\/uploads\/2019\/06\/AMPL-Gesves-Img_4690-50x50.jpg 50w\" sizes=\"(max-width: 150px) 100vw, 150px\" \/><\/a>\n\t\t\t<\/div><\/figure><figure class='gallery-item'>\n\t\t\t<div class='gallery-icon landscape'>\n\t\t\t\t<a href='https:\/\/fr.motocrossmag.be\/index.php\/2019\/06\/photos-motocross-ampl-a-gesves-3\/ampl-gesves-img_4693\/'><img decoding=\"async\" width=\"150\" height=\"150\" src=\"https:\/\/fr.motocrossmag.be\/wp-content\/uploads\/2019\/06\/AMPL-Gesves-Img_4693-150x150.jpg\" class=\"attachment-thumbnail size-thumbnail\" alt=\"\" srcset=\"https:\/\/fr.motocrossmag.be\/wp-content\/uploads\/2019\/06\/AMPL-Gesves-Img_4693-150x150.jpg 150w, https:\/\/fr.motocrossmag.be\/wp-content\/uploads\/2019\/06\/AMPL-Gesves-Img_4693-50x50.jpg 50w\" sizes=\"(max-width: 150px) 100vw, 150px\" \/><\/a>\n\t\t\t<\/div><\/figure><figure class='gallery-item'>\n\t\t\t<div class='gallery-icon portrait'>\n\t\t\t\t<a href='https:\/\/fr.motocrossmag.be\/index.php\/2019\/06\/photos-motocross-ampl-a-gesves-3\/ampl-gesves-img_4697\/'><img decoding=\"async\" width=\"150\" height=\"150\" src=\"https:\/\/fr.motocrossmag.be\/wp-content\/uploads\/2019\/06\/AMPL-Gesves-Img_4697-150x150.jpg\" class=\"attachment-thumbnail size-thumbnail\" alt=\"\" srcset=\"https:\/\/fr.motocrossmag.be\/wp-content\/uploads\/2019\/06\/AMPL-Gesves-Img_4697-150x150.jpg 150w, https:\/\/fr.motocrossmag.be\/wp-content\/uploads\/2019\/06\/AMPL-Gesves-Img_4697-50x50.jpg 50w\" sizes=\"(max-width: 150px) 100vw, 150px\" \/><\/a>\n\t\t\t<\/div><\/figure><figure class='gallery-item'>\n\t\t\t<div class='gallery-icon landscape'>\n\t\t\t\t<a href='https:\/\/fr.motocrossmag.be\/index.php\/2019\/06\/photos-motocross-ampl-a-gesves-3\/ampl-gesves-img_4806\/'><img decoding=\"async\" width=\"150\" height=\"150\" src=\"https:\/\/fr.motocrossmag.be\/wp-content\/uploads\/2019\/06\/AMPL-Gesves-Img_4806-150x150.jpg\" class=\"attachment-thumbnail size-thumbnail\" alt=\"\" srcset=\"https:\/\/fr.motocrossmag.be\/wp-content\/uploads\/2019\/06\/AMPL-Gesves-Img_4806-150x150.jpg 150w, https:\/\/fr.motocrossmag.be\/wp-content\/uploads\/2019\/06\/AMPL-Gesves-Img_4806-50x50.jpg 50w\" sizes=\"(max-width: 150px) 100vw, 150px\" \/><\/a>\n\t\t\t<\/div><\/figure><figure class='gallery-item'>\n\t\t\t<div class='gallery-icon landscape'>\n\t\t\t\t<a href='https:\/\/fr.motocrossmag.be\/index.php\/2019\/06\/photos-motocross-ampl-a-gesves-3\/ampl-gesves-img_4821\/'><img decoding=\"async\" width=\"150\" height=\"150\" src=\"https:\/\/fr.motocrossmag.be\/wp-content\/uploads\/2019\/06\/AMPL-Gesves-Img_4821-150x150.jpg\" class=\"attachment-thumbnail size-thumbnail\" alt=\"\" srcset=\"https:\/\/fr.motocrossmag.be\/wp-content\/uploads\/2019\/06\/AMPL-Gesves-Img_4821-150x150.jpg 150w, https:\/\/fr.motocrossmag.be\/wp-content\/uploads\/2019\/06\/AMPL-Gesves-Img_4821-50x50.jpg 50w\" sizes=\"(max-width: 150px) 100vw, 150px\" \/><\/a>\n\t\t\t<\/div><\/figure><figure class='gallery-item'>\n\t\t\t<div class='gallery-icon landscape'>\n\t\t\t\t<a href='https:\/\/fr.motocrossmag.be\/index.php\/2019\/06\/photos-motocross-ampl-a-gesves-3\/ampl-gesves-img_4822\/'><img decoding=\"async\" width=\"150\" height=\"150\" src=\"https:\/\/fr.motocrossmag.be\/wp-content\/uploads\/2019\/06\/AMPL-Gesves-Img_4822-150x150.jpg\" class=\"attachment-thumbnail size-thumbnail\" alt=\"\" srcset=\"https:\/\/fr.motocrossmag.be\/wp-content\/uploads\/2019\/06\/AMPL-Gesves-Img_4822-150x150.jpg 150w, https:\/\/fr.motocrossmag.be\/wp-content\/uploads\/2019\/06\/AMPL-Gesves-Img_4822-50x50.jpg 50w\" sizes=\"(max-width: 150px) 100vw, 150px\" \/><\/a>\n\t\t\t<\/div><\/figure><figure class='gallery-item'>\n\t\t\t<div class='gallery-icon landscape'>\n\t\t\t\t<a href='https:\/\/fr.motocrossmag.be\/index.php\/2019\/06\/photos-motocross-ampl-a-gesves-3\/ampl-gesves-img_4834\/'><img decoding=\"async\" width=\"150\" height=\"150\" src=\"https:\/\/fr.motocrossmag.be\/wp-content\/uploads\/2019\/06\/AMPL-Gesves-Img_4834-150x150.jpg\" class=\"attachment-thumbnail size-thumbnail\" alt=\"\" srcset=\"https:\/\/fr.motocrossmag.be\/wp-content\/uploads\/2019\/06\/AMPL-Gesves-Img_4834-150x150.jpg 150w, https:\/\/fr.motocrossmag.be\/wp-content\/uploads\/2019\/06\/AMPL-Gesves-Img_4834-50x50.jpg 50w\" sizes=\"(max-width: 150px) 100vw, 150px\" \/><\/a>\n\t\t\t<\/div><\/figure><figure class='gallery-item'>\n\t\t\t<div class='gallery-icon landscape'>\n\t\t\t\t<a href='https:\/\/fr.motocrossmag.be\/index.php\/2019\/06\/photos-motocross-ampl-a-gesves-3\/ampl-gesves-img_4844\/'><img decoding=\"async\" width=\"150\" height=\"150\" src=\"https:\/\/fr.motocrossmag.be\/wp-content\/uploads\/2019\/06\/AMPL-Gesves-Img_4844-150x150.jpg\" class=\"attachment-thumbnail size-thumbnail\" alt=\"\" srcset=\"https:\/\/fr.motocrossmag.be\/wp-content\/uploads\/2019\/06\/AMPL-Gesves-Img_4844-150x150.jpg 150w, https:\/\/fr.motocrossmag.be\/wp-content\/uploads\/2019\/06\/AMPL-Gesves-Img_4844-50x50.jpg 50w\" sizes=\"(max-width: 150px) 100vw, 150px\" \/><\/a>\n\t\t\t<\/div><\/figure><figure class='gallery-item'>\n\t\t\t<div class='gallery-icon landscape'>\n\t\t\t\t<a href='https:\/\/fr.motocrossmag.be\/index.php\/2019\/06\/photos-motocross-ampl-a-gesves-3\/ampl-gesves-img_4865\/'><img decoding=\"async\" width=\"150\" height=\"150\" src=\"https:\/\/fr.motocrossmag.be\/wp-content\/uploads\/2019\/06\/AMPL-Gesves-Img_4865-150x150.jpg\" class=\"attachment-thumbnail size-thumbnail\" alt=\"\" srcset=\"https:\/\/fr.motocrossmag.be\/wp-content\/uploads\/2019\/06\/AMPL-Gesves-Img_4865-150x150.jpg 150w, https:\/\/fr.motocrossmag.be\/wp-content\/uploads\/2019\/06\/AMPL-Gesves-Img_4865-50x50.jpg 50w\" sizes=\"(max-width: 150px) 100vw, 150px\" \/><\/a>\n\t\t\t<\/div><\/figure><figure class='gallery-item'>\n\t\t\t<div class='gallery-icon landscape'>\n\t\t\t\t<a href='https:\/\/fr.motocrossmag.be\/index.php\/2019\/06\/photos-motocross-ampl-a-gesves-3\/ampl-gesves-img_4880\/'><img decoding=\"async\" width=\"150\" height=\"150\" src=\"https:\/\/fr.motocrossmag.be\/wp-content\/uploads\/2019\/06\/AMPL-Gesves-Img_4880-150x150.jpg\" class=\"attachment-thumbnail size-thumbnail\" alt=\"\" srcset=\"https:\/\/fr.motocrossmag.be\/wp-content\/uploads\/2019\/06\/AMPL-Gesves-Img_4880-150x150.jpg 150w, https:\/\/fr.motocrossmag.be\/wp-content\/uploads\/2019\/06\/AMPL-Gesves-Img_4880-50x50.jpg 50w\" sizes=\"(max-width: 150px) 100vw, 150px\" \/><\/a>\n\t\t\t<\/div><\/figure>\n\t\t<\/div>\n\n","protected":false},"excerpt":{"rendered":"<p>Soleil et chaleur \u00e9crasante \u00e9taient au rendez-vous du premier motocross des vacances d&rsquo;\u00e9t\u00e9 pour les pilotes AMPL \u00e0 Gesves ce week-end. Retour en images sur l&rsquo;\u00e9preuve namuroise. Photos : Kick Lahaut &nbsp;<\/p>\n","protected":false},"author":932,"featured_media":90842,"comment_status":"open","ping_status":"closed","sticky":false,"template":"","format":"standard","meta":{"tdm_status":"","tdm_grid_status":"","footnotes":""},"categories":[54,745,30,4,5,55,65],"tags":[],"class_list":["post-90801","post","type-post","status-publish","format-standard","has-post-thumbnail","category-actualite","category-amateurs","category-ampl","category-motocross","category-news","category-news-actualite","category-slideshow"],"yoast_head":"<!-- This site is optimized with the Yoast SEO plugin v28.4 - https:\/\/yoast.com\/product\/yoast-seo-wordpress\/ -->\n<title>Photos : motocross AMPL \u00e0 Gesves - Motocross - Enduro - Supermoto | MotocrossMag<\/title>\n<meta name=\"robots\" content=\"index, follow, max-snippet:-1, max-image-preview:large, max-video-preview:-1\" \/>\n<link rel=\"canonical\" href=\"https:\/\/fr.motocrossmag.be\/index.php\/2019\/06\/photos-motocross-ampl-a-gesves-3\/\" \/>\n<meta property=\"og:locale\" content=\"fr_FR\" \/>\n<meta property=\"og:type\" content=\"article\" \/>\n<meta property=\"og:title\" content=\"Photos : motocross AMPL \u00e0 Gesves - Motocross - Enduro - Supermoto | MotocrossMag\" \/>\n<meta property=\"og:description\" content=\"Soleil et chaleur \u00e9crasante \u00e9taient au rendez-vous du premier motocross des vacances d&rsquo;\u00e9t\u00e9 pour les pilotes AMPL \u00e0 Gesves ce week-end. Retour en images sur l&rsquo;\u00e9preuve namuroise. Photos : Kick Lahaut &nbsp;\" \/>\n<meta property=\"og:url\" content=\"https:\/\/fr.motocrossmag.be\/index.php\/2019\/06\/photos-motocross-ampl-a-gesves-3\/\" \/>\n<meta property=\"og:site_name\" content=\"Motocross - Enduro - Supermoto | MotocrossMag\" \/>\n<meta property=\"article:published_time\" content=\"2019-06-30T20:44:46+00:00\" \/>\n<meta property=\"og:image\" content=\"https:\/\/fr.motocrossmag.be\/wp-content\/uploads\/2019\/06\/AMPL-Gesves-Img_4594.jpg\" \/>\n\t<meta property=\"og:image:width\" content=\"900\" \/>\n\t<meta property=\"og:image:height\" content=\"600\" \/>\n\t<meta property=\"og:image:type\" content=\"image\/jpeg\" \/>\n<meta name=\"author\" content=\"oliviere\" \/>\n<meta name=\"twitter:card\" content=\"summary_large_image\" \/>\n<meta name=\"twitter:label1\" content=\"\u00c9crit par\" \/>\n\t<meta name=\"twitter:data1\" content=\"oliviere\" \/>\n<script type=\"application\/ld+json\" class=\"yoast-schema-graph\">{\"@context\":\"https:\\\/\\\/schema.org\",\"@graph\":[{\"@type\":\"Article\",\"@id\":\"https:\\\/\\\/fr.motocrossmag.be\\\/index.php\\\/2019\\\/06\\\/photos-motocross-ampl-a-gesves-3\\\/#article\",\"isPartOf\":{\"@id\":\"https:\\\/\\\/fr.motocrossmag.be\\\/index.php\\\/2019\\\/06\\\/photos-motocross-ampl-a-gesves-3\\\/\"},\"author\":{\"name\":\"oliviere\",\"@id\":\"https:\\\/\\\/fr.motocrossmag.be\\\/#\\\/schema\\\/person\\\/11b47143d9f755babca2c9110e03235c\"},\"headline\":\"Photos : motocross AMPL \u00e0 Gesves\",\"datePublished\":\"2019-06-30T20:44:46+00:00\",\"mainEntityOfPage\":{\"@id\":\"https:\\\/\\\/fr.motocrossmag.be\\\/index.php\\\/2019\\\/06\\\/photos-motocross-ampl-a-gesves-3\\\/\"},\"wordCount\":38,\"commentCount\":0,\"image\":{\"@id\":\"https:\\\/\\\/fr.motocrossmag.be\\\/index.php\\\/2019\\\/06\\\/photos-motocross-ampl-a-gesves-3\\\/#primaryimage\"},\"thumbnailUrl\":\"https:\\\/\\\/fr.motocrossmag.be\\\/wp-content\\\/uploads\\\/2019\\\/06\\\/AMPL-Gesves-Img_4594.jpg\",\"articleSection\":[\"Actualit\u00e9\",\"Amateurs\",\"AMPL\",\"Motocross\",\"News\",\"News\",\"Slideshow\"],\"inLanguage\":\"fr-FR\",\"potentialAction\":[{\"@type\":\"CommentAction\",\"name\":\"Comment\",\"target\":[\"https:\\\/\\\/fr.motocrossmag.be\\\/index.php\\\/2019\\\/06\\\/photos-motocross-ampl-a-gesves-3\\\/#respond\"]}]},{\"@type\":\"WebPage\",\"@id\":\"https:\\\/\\\/fr.motocrossmag.be\\\/index.php\\\/2019\\\/06\\\/photos-motocross-ampl-a-gesves-3\\\/\",\"url\":\"https:\\\/\\\/fr.motocrossmag.be\\\/index.php\\\/2019\\\/06\\\/photos-motocross-ampl-a-gesves-3\\\/\",\"name\":\"Photos : motocross AMPL \u00e0 Gesves - Motocross - Enduro - Supermoto | MotocrossMag\",\"isPartOf\":{\"@id\":\"https:\\\/\\\/fr.motocrossmag.be\\\/#website\"},\"primaryImageOfPage\":{\"@id\":\"https:\\\/\\\/fr.motocrossmag.be\\\/index.php\\\/2019\\\/06\\\/photos-motocross-ampl-a-gesves-3\\\/#primaryimage\"},\"image\":{\"@id\":\"https:\\\/\\\/fr.motocrossmag.be\\\/index.php\\\/2019\\\/06\\\/photos-motocross-ampl-a-gesves-3\\\/#primaryimage\"},\"thumbnailUrl\":\"https:\\\/\\\/fr.motocrossmag.be\\\/wp-content\\\/uploads\\\/2019\\\/06\\\/AMPL-Gesves-Img_4594.jpg\",\"datePublished\":\"2019-06-30T20:44:46+00:00\",\"author\":{\"@id\":\"https:\\\/\\\/fr.motocrossmag.be\\\/#\\\/schema\\\/person\\\/11b47143d9f755babca2c9110e03235c\"},\"breadcrumb\":{\"@id\":\"https:\\\/\\\/fr.motocrossmag.be\\\/index.php\\\/2019\\\/06\\\/photos-motocross-ampl-a-gesves-3\\\/#breadcrumb\"},\"inLanguage\":\"fr-FR\",\"potentialAction\":[{\"@type\":\"ReadAction\",\"target\":[\"https:\\\/\\\/fr.motocrossmag.be\\\/index.php\\\/2019\\\/06\\\/photos-motocross-ampl-a-gesves-3\\\/\"]}]},{\"@type\":\"ImageObject\",\"inLanguage\":\"fr-FR\",\"@id\":\"https:\\\/\\\/fr.motocrossmag.be\\\/index.php\\\/2019\\\/06\\\/photos-motocross-ampl-a-gesves-3\\\/#primaryimage\",\"url\":\"https:\\\/\\\/fr.motocrossmag.be\\\/wp-content\\\/uploads\\\/2019\\\/06\\\/AMPL-Gesves-Img_4594.jpg\",\"contentUrl\":\"https:\\\/\\\/fr.motocrossmag.be\\\/wp-content\\\/uploads\\\/2019\\\/06\\\/AMPL-Gesves-Img_4594.jpg\",\"width\":900,\"height\":600},{\"@type\":\"BreadcrumbList\",\"@id\":\"https:\\\/\\\/fr.motocrossmag.be\\\/index.php\\\/2019\\\/06\\\/photos-motocross-ampl-a-gesves-3\\\/#breadcrumb\",\"itemListElement\":[{\"@type\":\"ListItem\",\"position\":1,\"name\":\"Accueil\",\"item\":\"https:\\\/\\\/fr.motocrossmag.be\\\/\"},{\"@type\":\"ListItem\",\"position\":2,\"name\":\"Photos : motocross AMPL \u00e0 Gesves\"}]},{\"@type\":\"WebSite\",\"@id\":\"https:\\\/\\\/fr.motocrossmag.be\\\/#website\",\"url\":\"https:\\\/\\\/fr.motocrossmag.be\\\/\",\"name\":\"Motocross - Enduro - Supermoto | MotocrossMag\",\"description\":\"L&#039;actualit\u00e9 du motocross, de l&#039;enduro et du Supermoto en ligne!\",\"potentialAction\":[{\"@type\":\"SearchAction\",\"target\":{\"@type\":\"EntryPoint\",\"urlTemplate\":\"https:\\\/\\\/fr.motocrossmag.be\\\/?s={search_term_string}\"},\"query-input\":{\"@type\":\"PropertyValueSpecification\",\"valueRequired\":true,\"valueName\":\"search_term_string\"}}],\"inLanguage\":\"fr-FR\"},{\"@type\":\"Person\",\"@id\":\"https:\\\/\\\/fr.motocrossmag.be\\\/#\\\/schema\\\/person\\\/11b47143d9f755babca2c9110e03235c\",\"name\":\"oliviere\",\"image\":{\"@type\":\"ImageObject\",\"inLanguage\":\"fr-FR\",\"@id\":\"https:\\\/\\\/secure.gravatar.com\\\/avatar\\\/907069e0b81d119452040469e4a7501da1100f54f7f80180ce77bfab718288f6?s=96&d=mm&r=g\",\"url\":\"https:\\\/\\\/secure.gravatar.com\\\/avatar\\\/907069e0b81d119452040469e4a7501da1100f54f7f80180ce77bfab718288f6?s=96&d=mm&r=g\",\"contentUrl\":\"https:\\\/\\\/secure.gravatar.com\\\/avatar\\\/907069e0b81d119452040469e4a7501da1100f54f7f80180ce77bfab718288f6?s=96&d=mm&r=g\",\"caption\":\"oliviere\"},\"sameAs\":[\"http:\\\/\\\/www.motocrossmag.be\"],\"url\":\"https:\\\/\\\/fr.motocrossmag.be\\\/index.php\\\/author\\\/oliviere\\\/\"}]}<\/script>\n<!-- \/ Yoast SEO plugin. -->","yoast_head_json":{"title":"Photos : motocross AMPL \u00e0 Gesves - Motocross - Enduro - Supermoto | MotocrossMag","robots":{"index":"index","follow":"follow","max-snippet":"max-snippet:-1","max-image-preview":"max-image-preview:large","max-video-preview":"max-video-preview:-1"},"canonical":"https:\/\/fr.motocrossmag.be\/index.php\/2019\/06\/photos-motocross-ampl-a-gesves-3\/","og_locale":"fr_FR","og_type":"article","og_title":"Photos : motocross AMPL \u00e0 Gesves - Motocross - Enduro - Supermoto | MotocrossMag","og_description":"Soleil et chaleur \u00e9crasante \u00e9taient au rendez-vous du premier motocross des vacances d&rsquo;\u00e9t\u00e9 pour les pilotes AMPL \u00e0 Gesves ce week-end. Retour en images sur l&rsquo;\u00e9preuve namuroise. Photos : Kick Lahaut &nbsp;","og_url":"https:\/\/fr.motocrossmag.be\/index.php\/2019\/06\/photos-motocross-ampl-a-gesves-3\/","og_site_name":"Motocross - Enduro - Supermoto | MotocrossMag","article_published_time":"2019-06-30T20:44:46+00:00","og_image":[{"width":900,"height":600,"url":"https:\/\/fr.motocrossmag.be\/wp-content\/uploads\/2019\/06\/AMPL-Gesves-Img_4594.jpg","type":"image\/jpeg"}],"author":"oliviere","twitter_card":"summary_large_image","twitter_misc":{"\u00c9crit par":"oliviere"},"schema":{"@context":"https:\/\/schema.org","@graph":[{"@type":"Article","@id":"https:\/\/fr.motocrossmag.be\/index.php\/2019\/06\/photos-motocross-ampl-a-gesves-3\/#article","isPartOf":{"@id":"https:\/\/fr.motocrossmag.be\/index.php\/2019\/06\/photos-motocross-ampl-a-gesves-3\/"},"author":{"name":"oliviere","@id":"https:\/\/fr.motocrossmag.be\/#\/schema\/person\/11b47143d9f755babca2c9110e03235c"},"headline":"Photos : motocross AMPL \u00e0 Gesves","datePublished":"2019-06-30T20:44:46+00:00","mainEntityOfPage":{"@id":"https:\/\/fr.motocrossmag.be\/index.php\/2019\/06\/photos-motocross-ampl-a-gesves-3\/"},"wordCount":38,"commentCount":0,"image":{"@id":"https:\/\/fr.motocrossmag.be\/index.php\/2019\/06\/photos-motocross-ampl-a-gesves-3\/#primaryimage"},"thumbnailUrl":"https:\/\/fr.motocrossmag.be\/wp-content\/uploads\/2019\/06\/AMPL-Gesves-Img_4594.jpg","articleSection":["Actualit\u00e9","Amateurs","AMPL","Motocross","News","News","Slideshow"],"inLanguage":"fr-FR","potentialAction":[{"@type":"CommentAction","name":"Comment","target":["https:\/\/fr.motocrossmag.be\/index.php\/2019\/06\/photos-motocross-ampl-a-gesves-3\/#respond"]}]},{"@type":"WebPage","@id":"https:\/\/fr.motocrossmag.be\/index.php\/2019\/06\/photos-motocross-ampl-a-gesves-3\/","url":"https:\/\/fr.motocrossmag.be\/index.php\/2019\/06\/photos-motocross-ampl-a-gesves-3\/","name":"Photos : motocross AMPL \u00e0 Gesves - Motocross - Enduro - Supermoto | MotocrossMag","isPartOf":{"@id":"https:\/\/fr.motocrossmag.be\/#website"},"primaryImageOfPage":{"@id":"https:\/\/fr.motocrossmag.be\/index.php\/2019\/06\/photos-motocross-ampl-a-gesves-3\/#primaryimage"},"image":{"@id":"https:\/\/fr.motocrossmag.be\/index.php\/2019\/06\/photos-motocross-ampl-a-gesves-3\/#primaryimage"},"thumbnailUrl":"https:\/\/fr.motocrossmag.be\/wp-content\/uploads\/2019\/06\/AMPL-Gesves-Img_4594.jpg","datePublished":"2019-06-30T20:44:46+00:00","author":{"@id":"https:\/\/fr.motocrossmag.be\/#\/schema\/person\/11b47143d9f755babca2c9110e03235c"},"breadcrumb":{"@id":"https:\/\/fr.motocrossmag.be\/index.php\/2019\/06\/photos-motocross-ampl-a-gesves-3\/#breadcrumb"},"inLanguage":"fr-FR","potentialAction":[{"@type":"ReadAction","target":["https:\/\/fr.motocrossmag.be\/index.php\/2019\/06\/photos-motocross-ampl-a-gesves-3\/"]}]},{"@type":"ImageObject","inLanguage":"fr-FR","@id":"https:\/\/fr.motocrossmag.be\/index.php\/2019\/06\/photos-motocross-ampl-a-gesves-3\/#primaryimage","url":"https:\/\/fr.motocrossmag.be\/wp-content\/uploads\/2019\/06\/AMPL-Gesves-Img_4594.jpg","contentUrl":"https:\/\/fr.motocrossmag.be\/wp-content\/uploads\/2019\/06\/AMPL-Gesves-Img_4594.jpg","width":900,"height":600},{"@type":"BreadcrumbList","@id":"https:\/\/fr.motocrossmag.be\/index.php\/2019\/06\/photos-motocross-ampl-a-gesves-3\/#breadcrumb","itemListElement":[{"@type":"ListItem","position":1,"name":"Accueil","item":"https:\/\/fr.motocrossmag.be\/"},{"@type":"ListItem","position":2,"name":"Photos : motocross AMPL \u00e0 Gesves"}]},{"@type":"WebSite","@id":"https:\/\/fr.motocrossmag.be\/#website","url":"https:\/\/fr.motocrossmag.be\/","name":"Motocross - Enduro - Supermoto | MotocrossMag","description":"L&#039;actualit\u00e9 du motocross, de l&#039;enduro et du Supermoto en ligne!","potentialAction":[{"@type":"SearchAction","target":{"@type":"EntryPoint","urlTemplate":"https:\/\/fr.motocrossmag.be\/?s={search_term_string}"},"query-input":{"@type":"PropertyValueSpecification","valueRequired":true,"valueName":"search_term_string"}}],"inLanguage":"fr-FR"},{"@type":"Person","@id":"https:\/\/fr.motocrossmag.be\/#\/schema\/person\/11b47143d9f755babca2c9110e03235c","name":"oliviere","image":{"@type":"ImageObject","inLanguage":"fr-FR","@id":"https:\/\/secure.gravatar.com\/avatar\/907069e0b81d119452040469e4a7501da1100f54f7f80180ce77bfab718288f6?s=96&d=mm&r=g","url":"https:\/\/secure.gravatar.com\/avatar\/907069e0b81d119452040469e4a7501da1100f54f7f80180ce77bfab718288f6?s=96&d=mm&r=g","contentUrl":"https:\/\/secure.gravatar.com\/avatar\/907069e0b81d119452040469e4a7501da1100f54f7f80180ce77bfab718288f6?s=96&d=mm&r=g","caption":"oliviere"},"sameAs":["http:\/\/www.motocrossmag.be"],"url":"https:\/\/fr.motocrossmag.be\/index.php\/author\/oliviere\/"}]}},"_links":{"self":[{"href":"https:\/\/fr.motocrossmag.be\/index.php\/wp-json\/wp\/v2\/posts\/90801","targetHints":{"allow":["GET"]}}],"collection":[{"href":"https:\/\/fr.motocrossmag.be\/index.php\/wp-json\/wp\/v2\/posts"}],"about":[{"href":"https:\/\/fr.motocrossmag.be\/index.php\/wp-json\/wp\/v2\/types\/post"}],"author":[{"embeddable":true,"href":"https:\/\/fr.motocrossmag.be\/index.php\/wp-json\/wp\/v2\/users\/932"}],"replies":[{"embeddable":true,"href":"https:\/\/fr.motocrossmag.be\/index.php\/wp-json\/wp\/v2\/comments?post=90801"}],"version-history":[{"count":0,"href":"https:\/\/fr.motocrossmag.be\/index.php\/wp-json\/wp\/v2\/posts\/90801\/revisions"}],"wp:featuredmedia":[{"embeddable":true,"href":"https:\/\/fr.motocrossmag.be\/index.php\/wp-json\/wp\/v2\/media\/90842"}],"wp:attachment":[{"href":"https:\/\/fr.motocrossmag.be\/index.php\/wp-json\/wp\/v2\/media?parent=90801"}],"wp:term":[{"taxonomy":"category","embeddable":true,"href":"https:\/\/fr.motocrossmag.be\/index.php\/wp-json\/wp\/v2\/categories?post=90801"},{"taxonomy":"post_tag","embeddable":true,"href":"https:\/\/fr.motocrossmag.be\/index.php\/wp-json\/wp\/v2\/tags?post=90801"}],"curies":[{"name":"wp","href":"https:\/\/api.w.org\/{rel}","templated":true}]}}