{"id":90916,"date":"2019-07-03T17:15:00","date_gmt":"2019-07-03T15:15:00","guid":{"rendered":"https:\/\/fr.motocrossmag.be\/?p=90916"},"modified":"2019-07-03T22:48:06","modified_gmt":"2019-07-03T20:48:06","slug":"antoine-magain-encore-sur-la-plus-haute-marche-du-podium-sous-la-canicule-a-lierneux","status":"publish","type":"post","link":"https:\/\/fr.motocrossmag.be\/index.php\/2019\/07\/antoine-magain-encore-sur-la-plus-haute-marche-du-podium-sous-la-canicule-a-lierneux\/","title":{"rendered":"Antoine Magain encore sur la plus haute marche du podium sous la canicule \u00e0 Lierneux"},"content":{"rendered":"<p><strong>La 8\u00e8me manche du championnat de Belgique s&rsquo;est d\u00e9roul\u00e9e \u00e0 Lierneux ce week-end sous une chaleur accablante. Pour ne pas changer, Antoine Magain, malgr\u00e9 un \u00e9tat f\u00e9brile et une petite casse m\u00e9canique\u00a0 (poign\u00e9e d\u2019embrayage), monte \u00e0 nouveau sur la premi\u00e8re marche du podium en devan\u00e7ant de pr\u00e8s de 12 secondes un Matthew Vanoevelen qui revient en force et qui doit encore peaufiner sa nouvelle machine, une Husqvarna 4 temps, avec l\u2019aide pr\u00e9cieuse des \u00e9tablissements Bailleux.<\/strong><\/p>\n<p>&nbsp;<\/p>\n<a href=\"https:\/\/fr.motocrossmag.be\/index.php\/2019\/07\/photos-enduro-fmb-a-lierneux-2\/\" class=\"su-button su-button-style-flat\" style=\"color:#FFFFFF;background-color:#e52e17;border-color:#b82513;border-radius:9px\" target=\"_blank\" rel=\"noopener noreferrer\"><span style=\"color:#FFFFFF;padding:8px 24px;font-size:18px;line-height:27px;border-color:#ed6d5d;border-radius:9px;text-shadow:none\"><i class=\"sui sui-camera\" style=\"font-size:18px;color:#FFFFFF\"><\/i> Voir la galerie photos<\/span><\/a>\n<p>&nbsp;<\/p>\n<p>La troisi\u00e8me place revient \u00e0 C\u00e9dric Cremer. Le pilote Yamaha Zone Rouge a perdu quelques pr\u00e9cieuses secondes dans la toute derni\u00e8re SP2 \u00e0 cause d&rsquo;une petite chute qui lui fera perdre une dizaine de secondes mais il se permet de prendre le meilleur chrono dans 4 SP sur 9. Jilani Cambre et Jean-Fran\u00e7ois Goblet se retrouvent au pied du podium.<\/p>\n<p><img decoding=\"async\" class=\"lazyload alignnone size-medium wp-image-90954\" src=\"https:\/\/fr.motocrossmag.be\/wp-content\/uploads\/2019\/07\/IMG_3067_GF-650x433.jpg\" data-orig-src=\"https:\/\/fr.motocrossmag.be\/wp-content\/uploads\/2019\/07\/IMG_3067_GF-650x433.jpg\" alt=\"\" width=\"650\" height=\"433\" srcset=\"data:image\/svg+xml,%3Csvg%20xmlns%3D%27http%3A%2F%2Fwww.w3.org%2F2000%2Fsvg%27%20width%3D%27650%27%20height%3D%27433%27%20viewBox%3D%270%200%20650%20433%27%3E%3Crect%20width%3D%27650%27%20height%3D%27433%27%20fill-opacity%3D%220%22%2F%3E%3C%2Fsvg%3E\" data-srcset=\"https:\/\/fr.motocrossmag.be\/wp-content\/uploads\/2019\/07\/IMG_3067_GF-650x433.jpg 650w, https:\/\/fr.motocrossmag.be\/wp-content\/uploads\/2019\/07\/IMG_3067_GF-768x511.jpg 768w, https:\/\/fr.motocrossmag.be\/wp-content\/uploads\/2019\/07\/IMG_3067_GF.jpg 1000w\" data-sizes=\"auto\" data-orig-sizes=\"(max-width: 650px) 100vw, 650px\" \/><\/p>\n<p>En Inters, Maxime Warenghien, en super forme, prend la premi\u00e8re place, 10 secondes devant Mathias Van Hoof, qui chutera \u00e0 plusieurs reprises. Le pilote Beta nous avait habitu\u00e9 \u00e0 mieux, surtout sur le GP de Gr\u00e8ce o\u00f9 il est mont\u00e9 sur la plus haute marche du podium ! Damien Wauthier compl\u00e8te ce podium et remporte la cat\u00e9gorie Inter E1.<\/p>\n<p>Dans le groupe des Espoirs, le vivier de jeunes enduristes qui promettent, Vanderheyden Mikka poursuit son petit bonhomme de chemin et remporte la cat\u00e9gorie Espoirs E1. En Espoirs E2-E3, Raiwet Kevin score first et remporte \u00e9galement le scratch, suivi de K\u00e9vin Thomas et Lucas Derycke.<\/p>\n<p><span style=\"color: #ff0000;\"><strong>Mathis Dussart s&rsquo;impose chez les Young<\/strong><\/span><\/p>\n<p>Les Young, eux non plus n&rsquo;ont pas d\u00e9m\u00e9rit\u00e9 sur cette \u00e9preuve. A peine quelques minutes apr\u00e8s avoir point\u00e9 au d\u00e9part, ils s&rsquo;attaquent \u00e0 la SP2, une belle prairie situ\u00e9e sur la zone de d\u00e9part qui s&rsquo;est av\u00e9r\u00e9e devenir tr\u00e8s pi\u00e9geuse en fin de journ\u00e9e, les orni\u00e8res devenant tr\u00e8s glissantes. Mathis Dussart est encore victorieux. Nathan Verheyen s&rsquo;interpose \u00e0 la 2\u00e8me place juste devant Arthur Sente.<\/p>\n<p><img decoding=\"async\" class=\"lazyload alignnone size-medium wp-image-90955\" src=\"https:\/\/fr.motocrossmag.be\/wp-content\/uploads\/2019\/07\/IMG_3386_GF-650x433.jpg\" data-orig-src=\"https:\/\/fr.motocrossmag.be\/wp-content\/uploads\/2019\/07\/IMG_3386_GF-650x433.jpg\" alt=\"\" width=\"650\" height=\"433\" srcset=\"data:image\/svg+xml,%3Csvg%20xmlns%3D%27http%3A%2F%2Fwww.w3.org%2F2000%2Fsvg%27%20width%3D%27650%27%20height%3D%27433%27%20viewBox%3D%270%200%20650%20433%27%3E%3Crect%20width%3D%27650%27%20height%3D%27433%27%20fill-opacity%3D%220%22%2F%3E%3C%2Fsvg%3E\" data-srcset=\"https:\/\/fr.motocrossmag.be\/wp-content\/uploads\/2019\/07\/IMG_3386_GF-650x433.jpg 650w, https:\/\/fr.motocrossmag.be\/wp-content\/uploads\/2019\/07\/IMG_3386_GF-768x511.jpg 768w, https:\/\/fr.motocrossmag.be\/wp-content\/uploads\/2019\/07\/IMG_3386_GF.jpg 1000w\" data-sizes=\"auto\" data-orig-sizes=\"(max-width: 650px) 100vw, 650px\" \/><\/p>\n<p>En Nationaux, Fr\u00e9d\u00e9ric Gauniaux (1er E1) s&rsquo;impose avec presque 1 minute sur Teddy Dumont (1er E2-3) (\u00e0 50 secondes) et Ronny Fryns (\u00e0 59 secondes).<\/p>\n<p>Grosse bagarre \u00e9galement en cat\u00e9gorie Gentlemen entre Micka\u00ebl Despontin et Mickael Vukcevic avec au final 4 petites secondes pour s\u00e9parer les deux hommes !<\/p>\n<p>Avec ces deux derni\u00e8res \u00e9preuves disput\u00e9es sous soleil de plomb qui auront s\u00fbrement mis \u00e0 mal tous les organismes, les enduristes belges vont \u00e0 pr\u00e9sent observer une pause estivale bien m\u00e9rit\u00e9e avant de reprendre le fil de la saison \u00e0 Dinant le 25 ao\u00fbt, \u00e9preuve imm\u00e9diatement suivie des Boucles d&rsquo;Ourthe-Ambl\u00e8ve le 1er septembre.<\/p>\n<p>Texte : Pauline Vallerand et Serge Marlier | Photos : P. Vallerand<\/p>\n<p>&nbsp;<\/p>\n<p><span style=\"color: #800000;\"><strong>R\u00e9sultats<\/strong><\/span><\/p>\n<table width=\"100%\">\n<tbody>\n<tr>\n<td width=\"70\">PRESTIGES<\/td>\n<td width=\"221\"><\/td>\n<td width=\"160\"><\/td>\n<td width=\"114\"><\/td>\n<td width=\"80\"><\/td>\n<\/tr>\n<tr>\n<td><\/td>\n<td><\/td>\n<td><\/td>\n<td><\/td>\n<td><\/td>\n<\/tr>\n<tr>\n<td width=\"70\">1<\/td>\n<td width=\"221\">MAGAIN ANTOINE<\/td>\n<td width=\"160\">KTM<\/td>\n<td width=\"114\">58:16.81<\/td>\n<td width=\"80\"><\/td>\n<\/tr>\n<tr>\n<td width=\"70\">2<\/td>\n<td width=\"221\">VANOEVELEN MATTHEW<\/td>\n<td width=\"160\">GAS GAS<\/td>\n<td width=\"114\">+00:12.68<\/td>\n<td><\/td>\n<\/tr>\n<tr>\n<td width=\"70\">3<\/td>\n<td width=\"221\">CREMER C\u00c9DRIC<\/td>\n<td width=\"160\">YAMAHA<\/td>\n<td width=\"114\">+00:40.76<\/td>\n<td><\/td>\n<\/tr>\n<tr>\n<td width=\"70\">4<\/td>\n<td width=\"221\">CAMBRE JILANI<\/td>\n<td width=\"160\">HUSQVARNA<\/td>\n<td width=\"114\">+01:53.19<\/td>\n<td><\/td>\n<\/tr>\n<tr>\n<td width=\"70\">5<\/td>\n<td width=\"221\">GOBLET JEAN-FRAN\u00c7OIS<\/td>\n<td width=\"160\">HUSQVARNA<\/td>\n<td width=\"114\">+02:21.07<\/td>\n<td><\/td>\n<\/tr>\n<tr>\n<td width=\"70\">6<\/td>\n<td width=\"221\">VANHOENACKER DIMITRI<\/td>\n<td width=\"160\">SHERCO<\/td>\n<td width=\"114\">+03:08.66<\/td>\n<td><\/td>\n<\/tr>\n<tr>\n<td width=\"70\">7<\/td>\n<td width=\"221\">VANDERHEYDEN WIM<\/td>\n<td width=\"160\">HUSQVARNA<\/td>\n<td width=\"114\">+03:19.92<\/td>\n<td><\/td>\n<\/tr>\n<tr>\n<td width=\"70\">8<\/td>\n<td width=\"221\">LILLO GAUTHIER<\/td>\n<td width=\"160\">HUSQVARNA<\/td>\n<td width=\"114\">+03:35.89<\/td>\n<td><\/td>\n<\/tr>\n<tr>\n<td><\/td>\n<td><\/td>\n<td><\/td>\n<td><\/td>\n<td><\/td>\n<\/tr>\n<tr>\n<td>INTERS<\/td>\n<td><\/td>\n<td><\/td>\n<td><\/td>\n<td><\/td>\n<\/tr>\n<tr>\n<td><\/td>\n<td><\/td>\n<td><\/td>\n<td><\/td>\n<td><\/td>\n<\/tr>\n<tr>\n<td width=\"70\">1<\/td>\n<td width=\"221\">WILLEMS ERIK<\/td>\n<td width=\"160\">HUSQVARNA<\/td>\n<td width=\"114\">58:40.15<\/td>\n<td width=\"80\"><\/td>\n<\/tr>\n<tr>\n<td width=\"70\">2<\/td>\n<td width=\"221\">WARENGHIEN Maxime<\/td>\n<td width=\"160\">HONDA<\/td>\n<td width=\"114\">+01:36.94<\/td>\n<td><\/td>\n<\/tr>\n<tr>\n<td width=\"70\">3<\/td>\n<td width=\"221\">VAN HOOF MATHIAS<\/td>\n<td width=\"160\">BETA<\/td>\n<td width=\"114\">+01:47.58<\/td>\n<td><\/td>\n<\/tr>\n<tr>\n<td width=\"70\">4<\/td>\n<td width=\"221\">WAUTHIER DAMIEN<\/td>\n<td width=\"160\">BETA<\/td>\n<td width=\"114\">+01:56.28<\/td>\n<td><\/td>\n<\/tr>\n<tr>\n<td width=\"70\">5<\/td>\n<td width=\"221\">LUCAS DOLFING<\/td>\n<td width=\"160\">TM<\/td>\n<td width=\"114\">+02:22.84<\/td>\n<td><\/td>\n<\/tr>\n<tr>\n<td width=\"70\">6<\/td>\n<td width=\"221\">HERINNE J\u00c9R\u00c9MY<\/td>\n<td width=\"160\">YAMAHA<\/td>\n<td width=\"114\">+02:33.80<\/td>\n<td><\/td>\n<\/tr>\n<tr>\n<td width=\"70\">7<\/td>\n<td width=\"221\">VOGELS HANS<\/td>\n<td width=\"160\">KTM<\/td>\n<td width=\"114\">+02:35.40<\/td>\n<td><\/td>\n<\/tr>\n<tr>\n<td width=\"70\">8<\/td>\n<td width=\"221\">GEURTS Roel<\/td>\n<td width=\"160\">KTM<\/td>\n<td width=\"114\">+02:48.87<\/td>\n<td><\/td>\n<\/tr>\n<tr>\n<td width=\"70\">9<\/td>\n<td width=\"221\">RO\u00dfBACH PAUL<\/td>\n<td width=\"160\">KTM<\/td>\n<td width=\"114\">+03:16.29<\/td>\n<td><\/td>\n<\/tr>\n<tr>\n<td width=\"70\">10<\/td>\n<td width=\"221\">BROUWER KAIYA<\/td>\n<td width=\"160\">KTM<\/td>\n<td width=\"114\">+04:28.57<\/td>\n<td><\/td>\n<\/tr>\n<tr>\n<td width=\"70\">11<\/td>\n<td width=\"221\">BEGON Loic<\/td>\n<td width=\"160\">YAMAHA<\/td>\n<td width=\"114\">+04:45.87<\/td>\n<td><\/td>\n<\/tr>\n<tr>\n<td width=\"70\">12<\/td>\n<td width=\"221\">BRAL LUDOVIC<\/td>\n<td width=\"160\">TM<\/td>\n<td width=\"114\">+04:57.07<\/td>\n<td><\/td>\n<\/tr>\n<tr>\n<td width=\"70\">13<\/td>\n<td width=\"221\">BERTHOLET MARVIN<\/td>\n<td width=\"160\">HUSQVARNA<\/td>\n<td width=\"114\">+06:29.59<\/td>\n<td><\/td>\n<\/tr>\n<tr>\n<td width=\"70\">14<\/td>\n<td width=\"221\">VAN DOOREN QUENTIN<\/td>\n<td width=\"160\"><\/td>\n<td width=\"114\">+06:37.41<\/td>\n<td><\/td>\n<\/tr>\n<tr>\n<td width=\"70\">15<\/td>\n<td width=\"221\">KRUIPER TIM<\/td>\n<td width=\"160\">KTM<\/td>\n<td width=\"114\">+06:52.62<\/td>\n<td><\/td>\n<\/tr>\n<tr>\n<td width=\"70\">16<\/td>\n<td width=\"221\">SMAL THOMAS<\/td>\n<td width=\"160\">SHERCO<\/td>\n<td width=\"114\">+06:58.32<\/td>\n<td><\/td>\n<\/tr>\n<tr>\n<td width=\"70\">17<\/td>\n<td width=\"221\">DEDECKER RENS<\/td>\n<td width=\"160\"><\/td>\n<td width=\"114\">+07:05.73<\/td>\n<td><\/td>\n<\/tr>\n<tr>\n<td width=\"70\">18<\/td>\n<td width=\"221\">DEPREZ Christophe Guy<\/td>\n<td width=\"160\">KTM<\/td>\n<td width=\"114\">+07:19.86<\/td>\n<td><\/td>\n<\/tr>\n<tr>\n<td width=\"70\">19<\/td>\n<td width=\"221\">MOSCH, YANNIK<\/td>\n<td width=\"160\">BETA<\/td>\n<td width=\"114\">+07:27.85<\/td>\n<td><\/td>\n<\/tr>\n<tr>\n<td width=\"70\">20<\/td>\n<td width=\"221\">BAILLEUX Bertrand<\/td>\n<td width=\"160\">HUSQVARNA<\/td>\n<td width=\"114\">+07:29.64<\/td>\n<td><\/td>\n<\/tr>\n<tr>\n<td width=\"70\">21<\/td>\n<td width=\"221\">URBANY GEOFFREY<\/td>\n<td width=\"160\">HUSQVARNA<\/td>\n<td width=\"114\">+07:42.28<\/td>\n<td><\/td>\n<\/tr>\n<tr>\n<td width=\"70\">22<\/td>\n<td width=\"221\">RUBEN WAGELAAR<\/td>\n<td width=\"160\">KTM<\/td>\n<td width=\"114\">+07:55.91<\/td>\n<td><\/td>\n<\/tr>\n<tr>\n<td width=\"70\">23<\/td>\n<td width=\"221\">DE SCHAEPMEESTER JARNE<\/td>\n<td width=\"160\">KTM<\/td>\n<td width=\"114\">+08:15.00<\/td>\n<td><\/td>\n<\/tr>\n<tr>\n<td width=\"70\">24<\/td>\n<td width=\"221\">JADOUILLE S\u00c9BASTIEN<\/td>\n<td width=\"160\">HUSQVARNA<\/td>\n<td width=\"114\">+08:19.72<\/td>\n<td><\/td>\n<\/tr>\n<tr>\n<td width=\"70\">25<\/td>\n<td width=\"221\">FEIKO PROSJE<\/td>\n<td width=\"160\"><\/td>\n<td width=\"114\">+09:17.62<\/td>\n<td><\/td>\n<\/tr>\n<tr>\n<td width=\"70\">26<\/td>\n<td width=\"221\">FRASELLE J\u00c9R\u00c9MIE<\/td>\n<td width=\"160\">KTM EXCF<\/td>\n<td width=\"114\">+09:30.58<\/td>\n<td><\/td>\n<\/tr>\n<tr>\n<td width=\"70\">27<\/td>\n<td width=\"221\">SIX Niki Maurice<\/td>\n<td width=\"160\">BETA<\/td>\n<td width=\"114\">+09:49.80<\/td>\n<td><\/td>\n<\/tr>\n<tr>\n<td width=\"70\">28<\/td>\n<td width=\"221\">SANDER DOLFING<\/td>\n<td width=\"160\"><\/td>\n<td width=\"114\">+10:58.88<\/td>\n<td><\/td>\n<\/tr>\n<tr>\n<td><\/td>\n<td><\/td>\n<td><\/td>\n<td><\/td>\n<td><\/td>\n<\/tr>\n<tr>\n<td colspan=\"2\">NATIONAUX<\/td>\n<td><\/td>\n<td><\/td>\n<td><\/td>\n<\/tr>\n<tr>\n<td><\/td>\n<td><\/td>\n<td><\/td>\n<td><\/td>\n<td><\/td>\n<\/tr>\n<tr>\n<td width=\"70\">1<\/td>\n<td width=\"221\">GAUNIAUX Fr\u00e9d\u00e9ric Michel<\/td>\n<td width=\"160\">SHERCO<\/td>\n<td width=\"114\">48:27.52<\/td>\n<td width=\"80\"><\/td>\n<\/tr>\n<tr>\n<td width=\"70\">2<\/td>\n<td width=\"221\">DUMONT Teddy<\/td>\n<td width=\"160\">BETA<\/td>\n<td width=\"114\">+00:50.62<\/td>\n<td><\/td>\n<\/tr>\n<tr>\n<td width=\"70\">3<\/td>\n<td width=\"221\">FRYNS Ronny<\/td>\n<td width=\"160\">YAMAHA<\/td>\n<td width=\"114\">+00:59.57<\/td>\n<td><\/td>\n<\/tr>\n<tr>\n<td width=\"70\">4<\/td>\n<td width=\"221\">MARYNS Samuel<\/td>\n<td width=\"160\">KTM<\/td>\n<td width=\"114\">+01:52.43<\/td>\n<td><\/td>\n<\/tr>\n<tr>\n<td width=\"70\">5<\/td>\n<td width=\"221\">VINDEVOGEL Maxime<\/td>\n<td width=\"160\">KTM<\/td>\n<td width=\"114\">+02:35.60<\/td>\n<td><\/td>\n<\/tr>\n<tr>\n<td width=\"70\">6<\/td>\n<td width=\"221\">PIETTE JONATHAN<\/td>\n<td width=\"160\">HUSQVARNA<\/td>\n<td width=\"114\">+03:06.45<\/td>\n<td><\/td>\n<\/tr>\n<tr>\n<td width=\"70\">7<\/td>\n<td width=\"221\">VERDIN MAXIME<\/td>\n<td width=\"160\"><\/td>\n<td width=\"114\">+03:18.85<\/td>\n<td><\/td>\n<\/tr>\n<tr>\n<td width=\"70\">8<\/td>\n<td width=\"221\">BERTHOLET Ralph Jos\u00e9<\/td>\n<td width=\"160\">HUSQVARNA<\/td>\n<td width=\"114\">+03:50.82<\/td>\n<td><\/td>\n<\/tr>\n<tr>\n<td width=\"70\">9<\/td>\n<td width=\"221\">ROBERT STEVE<\/td>\n<td width=\"160\">HUSQVARNA<\/td>\n<td width=\"114\">+03:56.94<\/td>\n<td><\/td>\n<\/tr>\n<tr>\n<td width=\"70\">10<\/td>\n<td width=\"221\">BLAISE S\u00c9BASTIEN<\/td>\n<td width=\"160\">HONDA<\/td>\n<td width=\"114\">+04:18.13<\/td>\n<td><\/td>\n<\/tr>\n<tr>\n<td width=\"70\">11<\/td>\n<td width=\"221\">FOHAL ROMAIN<\/td>\n<td width=\"160\"><\/td>\n<td width=\"114\">+05:50.83<\/td>\n<td><\/td>\n<\/tr>\n<tr>\n<td width=\"70\">12<\/td>\n<td width=\"221\">DELOOF SANDER<\/td>\n<td width=\"160\">SHERCO<\/td>\n<td width=\"114\">+06:27.38<\/td>\n<td><\/td>\n<\/tr>\n<tr>\n<td><\/td>\n<td><\/td>\n<td><\/td>\n<td><\/td>\n<td><\/td>\n<\/tr>\n<tr>\n<td>ESPOIRS<\/td>\n<td><\/td>\n<td><\/td>\n<td><\/td>\n<td><\/td>\n<\/tr>\n<tr>\n<td><\/td>\n<td><\/td>\n<td><\/td>\n<td><\/td>\n<td><\/td>\n<\/tr>\n<tr>\n<td width=\"70\">1<\/td>\n<td width=\"221\">RAIWET KEVIN<\/td>\n<td width=\"160\">KTM<\/td>\n<td width=\"114\">49:43.29<\/td>\n<td width=\"80\"><\/td>\n<\/tr>\n<tr>\n<td width=\"70\">2<\/td>\n<td width=\"221\">THOMAS KEVIN<\/td>\n<td width=\"160\">HUSQVARNA<\/td>\n<td width=\"114\">+00:21.83<\/td>\n<td><\/td>\n<\/tr>\n<tr>\n<td width=\"70\">3<\/td>\n<td width=\"221\">DERYCKE Lucas<\/td>\n<td width=\"160\">HUSQUVARNA<\/td>\n<td width=\"114\">+00:48.78<\/td>\n<td><\/td>\n<\/tr>\n<tr>\n<td width=\"70\">4<\/td>\n<td width=\"221\">VANDERHEYDEN MIKA<\/td>\n<td width=\"160\">HUSQVARNA<\/td>\n<td width=\"114\">+00:52.57<\/td>\n<td><\/td>\n<\/tr>\n<tr>\n<td width=\"70\">5<\/td>\n<td width=\"221\">VANDENBERGHE SYLVAIN<\/td>\n<td width=\"160\">HUSQVARNA<\/td>\n<td width=\"114\">+02:13.01<\/td>\n<td><\/td>\n<\/tr>\n<tr>\n<td width=\"70\">6<\/td>\n<td width=\"221\">ODY AYMERIC<\/td>\n<td width=\"160\"><\/td>\n<td width=\"114\">+02:17.98<\/td>\n<td><\/td>\n<\/tr>\n<tr>\n<td width=\"70\">7<\/td>\n<td width=\"221\">ROBERT MIKE<\/td>\n<td width=\"160\">HUSQVARNA<\/td>\n<td width=\"114\">+03:25.35<\/td>\n<td><\/td>\n<\/tr>\n<tr>\n<td width=\"70\">8<\/td>\n<td width=\"221\">BART TEN HOVE<\/td>\n<td width=\"160\">KTM<\/td>\n<td width=\"114\">+03:55.48<\/td>\n<td><\/td>\n<\/tr>\n<tr>\n<td width=\"70\">9<\/td>\n<td width=\"221\">DUMOULIN CHRIS<\/td>\n<td width=\"160\">HONDA<\/td>\n<td width=\"114\">+04:08.17<\/td>\n<td><\/td>\n<\/tr>\n<tr>\n<td width=\"70\">10<\/td>\n<td width=\"221\">BRAM DE SNAIJER<\/td>\n<td width=\"160\">TM<\/td>\n<td width=\"114\">+04:21.72<\/td>\n<td><\/td>\n<\/tr>\n<tr>\n<td><\/td>\n<td><\/td>\n<td><\/td>\n<td><\/td>\n<td><\/td>\n<\/tr>\n<tr>\n<td>JUNIORS<\/td>\n<td><\/td>\n<td><\/td>\n<td><\/td>\n<td><\/td>\n<\/tr>\n<tr>\n<td><\/td>\n<td><\/td>\n<td><\/td>\n<td><\/td>\n<td><\/td>\n<\/tr>\n<tr>\n<td width=\"70\">1<\/td>\n<td width=\"221\">ROMAIN BASTIEN<\/td>\n<td width=\"160\">YAMAHA<\/td>\n<td width=\"114\">51:28.33<\/td>\n<td width=\"80\"><\/td>\n<\/tr>\n<tr>\n<td width=\"70\">2<\/td>\n<td width=\"221\">HAXHE Olivier Jean<\/td>\n<td width=\"160\">KTM<\/td>\n<td width=\"114\">+00:11.89<\/td>\n<td><\/td>\n<\/tr>\n<tr>\n<td width=\"70\">3<\/td>\n<td width=\"221\">FORGIARINI DGANI<\/td>\n<td width=\"160\">HUSQVARNA<\/td>\n<td width=\"114\">+00:27.51<\/td>\n<td><\/td>\n<\/tr>\n<tr>\n<td width=\"70\">4<\/td>\n<td width=\"221\">BEBRONNE J\u00e9r\u00e9my Ren\u00e9<\/td>\n<td width=\"160\">HUSQVARNA<\/td>\n<td width=\"114\">+00:48.16<\/td>\n<td><\/td>\n<\/tr>\n<tr>\n<td width=\"70\">5<\/td>\n<td width=\"221\">BARGIBANT DONOVAN<\/td>\n<td width=\"160\">KTM<\/td>\n<td width=\"114\">+00:57.84<\/td>\n<td><\/td>\n<\/tr>\n<tr>\n<td width=\"70\">6<\/td>\n<td width=\"221\">GILSON ADRIEN<\/td>\n<td width=\"160\">GAS GAS<\/td>\n<td width=\"114\">+01:02.34<\/td>\n<td><\/td>\n<\/tr>\n<tr>\n<td width=\"70\">7<\/td>\n<td width=\"221\">CHARLES DE MOOR Edouard<\/td>\n<td width=\"160\">YAMAHA<\/td>\n<td width=\"114\">+01:07.02<\/td>\n<td><\/td>\n<\/tr>\n<tr>\n<td width=\"70\">8<\/td>\n<td width=\"221\">BARGIBANT Christopher Georges<\/td>\n<td width=\"160\">KTM<\/td>\n<td width=\"114\">+02:03.18<\/td>\n<td><\/td>\n<\/tr>\n<tr>\n<td width=\"70\">9<\/td>\n<td width=\"221\">BRONSART Nicolas<\/td>\n<td width=\"160\">SHERCO<\/td>\n<td width=\"114\">+02:56.67<\/td>\n<td><\/td>\n<\/tr>\n<tr>\n<td width=\"70\">10<\/td>\n<td width=\"221\">VINKEN QUENTIN<\/td>\n<td width=\"160\">KTM<\/td>\n<td width=\"114\">+03:07.88<\/td>\n<td><\/td>\n<\/tr>\n<tr>\n<td width=\"70\">11<\/td>\n<td width=\"221\">TARGNION QUENTIN<\/td>\n<td width=\"160\">KTM<\/td>\n<td width=\"114\">+03:09.53<\/td>\n<td><\/td>\n<\/tr>\n<tr>\n<td width=\"70\">12<\/td>\n<td width=\"221\">ROLAND Benoit Genevi\u00e8ve<\/td>\n<td width=\"160\">HUSQVARNA<\/td>\n<td width=\"114\">+04:03.27<\/td>\n<td><\/td>\n<\/tr>\n<tr>\n<td width=\"70\">13<\/td>\n<td width=\"221\">VERVONDEL THOMAS<\/td>\n<td width=\"160\">KTM<\/td>\n<td width=\"114\">+04:09.40<\/td>\n<td><\/td>\n<\/tr>\n<tr>\n<td width=\"70\">14<\/td>\n<td width=\"221\">VANCRANENBROECK LAWRENCE<\/td>\n<td width=\"160\">KTM<\/td>\n<td width=\"114\">+04:11.25<\/td>\n<td><\/td>\n<\/tr>\n<tr>\n<td width=\"70\">15<\/td>\n<td width=\"221\">JONATHAN SAVEL<\/td>\n<td width=\"160\">KTM<\/td>\n<td width=\"114\">+04:24.51<\/td>\n<td><\/td>\n<\/tr>\n<tr>\n<td width=\"70\">16<\/td>\n<td width=\"221\">RYNEDYCK Mathieu<\/td>\n<td width=\"160\">SHERCO<\/td>\n<td width=\"114\">+05:02.95<\/td>\n<td><\/td>\n<\/tr>\n<tr>\n<td width=\"70\">17<\/td>\n<td width=\"221\">MOUTON THOMAS<\/td>\n<td width=\"160\">BETA<\/td>\n<td width=\"114\">+05:27.10<\/td>\n<td><\/td>\n<\/tr>\n<tr>\n<td width=\"70\">18<\/td>\n<td width=\"221\">DENIS TANGUY<\/td>\n<td width=\"160\">HUSQVARNA<\/td>\n<td width=\"114\">+06:01.97<\/td>\n<td><\/td>\n<\/tr>\n<tr>\n<td width=\"70\">19<\/td>\n<td width=\"221\">THYS Guillaume<\/td>\n<td width=\"160\">HUSQVARNA<\/td>\n<td width=\"114\">+11:17.30<\/td>\n<td><\/td>\n<\/tr>\n<tr>\n<td width=\"70\">20<\/td>\n<td width=\"221\">PEELMAN M<\/td>\n<td width=\"160\"><\/td>\n<td width=\"114\">+26:05.31<\/td>\n<td><\/td>\n<\/tr>\n<tr>\n<td width=\"70\">21<\/td>\n<td width=\"221\">WAEGEMAN WOUTER<\/td>\n<td width=\"160\"><\/td>\n<td width=\"114\">+29:52.11<\/td>\n<td><\/td>\n<\/tr>\n<tr>\n<td><\/td>\n<td><\/td>\n<td><\/td>\n<td><\/td>\n<td><\/td>\n<\/tr>\n<tr>\n<td>YOUNG<\/td>\n<td><\/td>\n<td><\/td>\n<td><\/td>\n<td><\/td>\n<\/tr>\n<tr>\n<td><\/td>\n<td><\/td>\n<td><\/td>\n<td><\/td>\n<td><\/td>\n<\/tr>\n<tr>\n<td width=\"70\">1<\/td>\n<td width=\"221\">DUSSART Mathis<\/td>\n<td width=\"160\">KTM<\/td>\n<td width=\"114\">1:23:33.74<\/td>\n<td width=\"80\"><\/td>\n<\/tr>\n<tr>\n<td width=\"70\">2<\/td>\n<td width=\"221\">VERHEYEN NATHAN<\/td>\n<td width=\"160\"><\/td>\n<td width=\"114\">+02:30.82<\/td>\n<td><\/td>\n<\/tr>\n<tr>\n<td width=\"70\">3<\/td>\n<td width=\"221\">SENTE ARTHUR<\/td>\n<td width=\"160\">SHERCO<\/td>\n<td width=\"114\">+04:55.21<\/td>\n<td><\/td>\n<\/tr>\n<tr>\n<td width=\"70\">4<\/td>\n<td width=\"221\">BOUCQUEZ Maxim<\/td>\n<td width=\"160\">BETA<\/td>\n<td width=\"114\">+10:03.68<\/td>\n<td><\/td>\n<\/tr>\n<tr>\n<td width=\"70\">5<\/td>\n<td width=\"221\">PIPITONE JORDAN<\/td>\n<td width=\"160\"><\/td>\n<td width=\"114\">+18:45.00<\/td>\n<td><\/td>\n<\/tr>\n<tr>\n<td width=\"70\">6<\/td>\n<td width=\"221\">SLUSE Adrien Vincent<\/td>\n<td width=\"160\">HUSQVARNA<\/td>\n<td width=\"114\">+23:11.70<\/td>\n<td><\/td>\n<\/tr>\n<tr>\n<td><\/td>\n<td><\/td>\n<td><\/td>\n<td><\/td>\n<td><\/td>\n<\/tr>\n<tr>\n<td colspan=\"2\">GENTLEMEN<\/td>\n<td><\/td>\n<td><\/td>\n<td><\/td>\n<\/tr>\n<tr>\n<td><\/td>\n<td><\/td>\n<td><\/td>\n<td><\/td>\n<td><\/td>\n<\/tr>\n<tr>\n<td width=\"70\">1<\/td>\n<td width=\"221\">DESPONTIN Mikael<\/td>\n<td width=\"160\">KTM<\/td>\n<td width=\"114\">48:42.65<\/td>\n<td width=\"80\"><\/td>\n<\/tr>\n<tr>\n<td width=\"70\">2<\/td>\n<td width=\"221\">VUKCEVIC MICHA\u00cbL<\/td>\n<td width=\"160\">SHERCO<\/td>\n<td width=\"114\">+00:04.58<\/td>\n<td><\/td>\n<\/tr>\n<tr>\n<td width=\"70\">3<\/td>\n<td width=\"221\">CUVELIER DAVID<\/td>\n<td width=\"160\">KTM<\/td>\n<td width=\"114\">+01:45.38<\/td>\n<td><\/td>\n<\/tr>\n<tr>\n<td width=\"70\">4<\/td>\n<td width=\"221\">EVELETTE Willy<\/td>\n<td width=\"160\">KTM<\/td>\n<td width=\"114\">+02:53.71<\/td>\n<td><\/td>\n<\/tr>\n<tr>\n<td width=\"70\">5<\/td>\n<td width=\"221\">GAILLARD Steve<\/td>\n<td width=\"160\">HUSQVARNA<\/td>\n<td width=\"114\">+02:57.62<\/td>\n<td><\/td>\n<\/tr>\n<tr>\n<td width=\"70\">6<\/td>\n<td width=\"221\">NOBELS Nicolas<\/td>\n<td width=\"160\">KTM<\/td>\n<td width=\"114\">+03:37.07<\/td>\n<td><\/td>\n<\/tr>\n<tr>\n<td width=\"70\">7<\/td>\n<td width=\"221\">VANMARCKE OLIVIER<\/td>\n<td width=\"160\">KTM<\/td>\n<td width=\"114\">+04:05.21<\/td>\n<td><\/td>\n<\/tr>\n<tr>\n<td width=\"70\">8<\/td>\n<td width=\"221\">VAN DOOREN Marc<\/td>\n<td width=\"160\">KTM<\/td>\n<td width=\"114\">+04:37.17<\/td>\n<td><\/td>\n<\/tr>\n<tr>\n<td width=\"70\">9<\/td>\n<td width=\"221\">STEUVE Damien<\/td>\n<td width=\"160\">HUQSVARNA<\/td>\n<td width=\"114\">+05:02.38<\/td>\n<td><\/td>\n<\/tr>\n<tr>\n<td width=\"70\">10<\/td>\n<td width=\"221\">DEFOY Samuel Jean-Paul<\/td>\n<td width=\"160\">KTM<\/td>\n<td width=\"114\">+05:12.89<\/td>\n<td><\/td>\n<\/tr>\n<tr>\n<td width=\"70\">11<\/td>\n<td width=\"221\">VERMEULEN Jasper<\/td>\n<td width=\"160\">SHERCO<\/td>\n<td width=\"114\">+05:39.53<\/td>\n<td><\/td>\n<\/tr>\n<tr>\n<td width=\"70\">12<\/td>\n<td width=\"221\">DANSE LUDOVIC<\/td>\n<td width=\"160\">SHERCO<\/td>\n<td width=\"114\">+06:02.78<\/td>\n<td><\/td>\n<\/tr>\n<tr>\n<td width=\"70\">13<\/td>\n<td width=\"221\">CALCAGNINI MICHAEL<\/td>\n<td width=\"160\">KTM<\/td>\n<td width=\"114\">+06:18.94<\/td>\n<td><\/td>\n<\/tr>\n<tr>\n<td width=\"70\">14<\/td>\n<td width=\"221\">VANNESTE Christopher Bj\u00f6rn<\/td>\n<td width=\"160\">KTM<\/td>\n<td width=\"114\">+07:23.00<\/td>\n<td><\/td>\n<\/tr>\n<tr>\n<td width=\"70\">15<\/td>\n<td width=\"221\">TONOLLI S\u00e9bastien<\/td>\n<td width=\"160\">SHERCO<\/td>\n<td width=\"114\">+08:47.83<\/td>\n<td><\/td>\n<\/tr>\n<tr>\n<td width=\"70\">16<\/td>\n<td width=\"221\">DEFRERE BEN<\/td>\n<td width=\"160\"><\/td>\n<td width=\"114\">+10:12.64<\/td>\n<td><\/td>\n<\/tr>\n<tr>\n<td width=\"70\">17<\/td>\n<td width=\"221\">CHARNEUX HENRI<\/td>\n<td width=\"160\"><\/td>\n<td width=\"114\">+11:35.57<\/td>\n<td><\/td>\n<\/tr>\n<tr>\n<td width=\"70\">18<\/td>\n<td width=\"221\">DE VINCK MICHEL<\/td>\n<td width=\"160\">HUSQVARNA<\/td>\n<td width=\"114\">+12:31.60<\/td>\n<td><\/td>\n<\/tr>\n<tr>\n<td width=\"70\">19<\/td>\n<td width=\"221\">CHARALABIDIS FABRIZIO<\/td>\n<td width=\"160\">KTM<\/td>\n<td width=\"114\">+12:56.62<\/td>\n<td><\/td>\n<\/tr>\n<tr>\n<td width=\"70\">20<\/td>\n<td width=\"221\">TEN HAAR ROELAN<\/td>\n<td width=\"160\"><\/td>\n<td width=\"114\">+13:55.78<\/td>\n<td><\/td>\n<\/tr>\n<tr>\n<td width=\"70\">21<\/td>\n<td width=\"221\">GIEL BLOEMENDAL<\/td>\n<td width=\"160\">HUSQVARNA<\/td>\n<td width=\"114\">+2:06:21.09<\/td>\n<td><\/td>\n<\/tr>\n<tr>\n<td><\/td>\n<td><\/td>\n<td><\/td>\n<td><\/td>\n<td><\/td>\n<\/tr>\n<tr>\n<td>EXPERTS<\/td>\n<td><\/td>\n<td><\/td>\n<td><\/td>\n<td><\/td>\n<\/tr>\n<tr>\n<td><\/td>\n<td><\/td>\n<td><\/td>\n<td><\/td>\n<td><\/td>\n<\/tr>\n<tr>\n<td width=\"70\">1<\/td>\n<td width=\"221\">MONFORT BRUNO<\/td>\n<td width=\"160\">KTM<\/td>\n<td width=\"114\">50:12.32<\/td>\n<td width=\"80\"><\/td>\n<\/tr>\n<tr>\n<td width=\"70\">2<\/td>\n<td width=\"221\">DELSUPEXHE JO\u00cbL<\/td>\n<td width=\"160\">TM<\/td>\n<td width=\"114\">+00:30.56<\/td>\n<td><\/td>\n<\/tr>\n<tr>\n<td width=\"70\">3<\/td>\n<td width=\"221\">LEMOINE CHRISTOPHE<\/td>\n<td width=\"160\">HUQSVARNA<\/td>\n<td width=\"114\">+01:40.73<\/td>\n<td><\/td>\n<\/tr>\n<tr>\n<td width=\"70\">4<\/td>\n<td width=\"221\">SCHEPENS PETER<\/td>\n<td width=\"160\">SHERCO<\/td>\n<td width=\"114\">+02:26.57<\/td>\n<td><\/td>\n<\/tr>\n<tr>\n<td width=\"70\">5<\/td>\n<td width=\"221\">SCHEEN PIERRE<\/td>\n<td width=\"160\">KTM<\/td>\n<td width=\"114\">+02:28.92<\/td>\n<td><\/td>\n<\/tr>\n<tr>\n<td width=\"70\">6<\/td>\n<td width=\"221\">SLUSE VINCENT<\/td>\n<td width=\"160\">HUSQVARNA<\/td>\n<td width=\"114\">+02:33.83<\/td>\n<td><\/td>\n<\/tr>\n<tr>\n<td width=\"70\">7<\/td>\n<td width=\"221\">SJUKAT OLAF<\/td>\n<td width=\"160\"><\/td>\n<td width=\"114\">+03:21.50<\/td>\n<td><\/td>\n<\/tr>\n<tr>\n<td width=\"70\">8<\/td>\n<td width=\"221\">OLISLAGERS ST\u00c9PHANE<\/td>\n<td width=\"160\">HUSQVARNA<\/td>\n<td width=\"114\">+04:43.36<\/td>\n<td><\/td>\n<\/tr>\n<tr>\n<td width=\"70\">9<\/td>\n<td width=\"221\">MOSCH J\u00dcRGEN<\/td>\n<td width=\"160\">BETA<\/td>\n<td width=\"114\">+04:47.31<\/td>\n<td><\/td>\n<\/tr>\n<tr>\n<td width=\"70\">10<\/td>\n<td width=\"221\">ROBERT JEAN-MICHEL<\/td>\n<td width=\"160\">KTM<\/td>\n<td width=\"114\">+05:00.87<\/td>\n<td><\/td>\n<\/tr>\n<tr>\n<td width=\"70\">11<\/td>\n<td width=\"221\">VANDENBERGHE PATRICK<\/td>\n<td width=\"160\">HUSQVARNA<\/td>\n<td width=\"114\">+05:01.57<\/td>\n<td><\/td>\n<\/tr>\n<tr>\n<td width=\"70\">12<\/td>\n<td width=\"221\">ROBERT Vincent<\/td>\n<td width=\"160\">KTM<\/td>\n<td width=\"114\">+05:57.07<\/td>\n<td><\/td>\n<\/tr>\n<tr>\n<td width=\"70\">13<\/td>\n<td width=\"221\">RALET PIERRE<\/td>\n<td width=\"160\">SHERCO<\/td>\n<td width=\"114\">+07:07.36<\/td>\n<td><\/td>\n<\/tr>\n<tr>\n<td width=\"70\">14<\/td>\n<td width=\"221\">LARUE PHILIPPE<\/td>\n<td width=\"160\">KTM<\/td>\n<td width=\"114\">+07:15.30<\/td>\n<td><\/td>\n<\/tr>\n<tr>\n<td width=\"70\">15<\/td>\n<td width=\"221\">VAN MEERHAEGHE Carl<\/td>\n<td width=\"160\">SCHERCO<\/td>\n<td width=\"114\">+07:20.74<\/td>\n<td><\/td>\n<\/tr>\n<tr>\n<td width=\"70\">16<\/td>\n<td width=\"221\">LEONARD MOULIJN<\/td>\n<td width=\"160\">KTM<\/td>\n<td width=\"114\">+10:01.31<\/td>\n<td><\/td>\n<\/tr>\n<tr>\n<td width=\"70\">17<\/td>\n<td width=\"221\">TEMMERMAN Luc<\/td>\n<td width=\"160\">HUSQVARNA<\/td>\n<td width=\"114\">+10:09.97<\/td>\n<td><\/td>\n<\/tr>\n<tr>\n<td width=\"70\">18<\/td>\n<td width=\"221\">MENSEN ROBERT<\/td>\n<td width=\"160\">KTM<\/td>\n<td width=\"114\">+10:19.21<\/td>\n<td><\/td>\n<\/tr>\n<tr>\n<td width=\"70\">19<\/td>\n<td width=\"221\">WICHERTJES CHRISTIAN<\/td>\n<td width=\"160\">HUSABERG<\/td>\n<td width=\"114\">+10:37.41<\/td>\n<td><\/td>\n<\/tr>\n<tr>\n<td width=\"70\">20<\/td>\n<td width=\"221\">BAGUETTE Corneille<\/td>\n<td width=\"160\">TM<\/td>\n<td width=\"114\">+11:17.88<\/td>\n<td><\/td>\n<\/tr>\n<tr>\n<td width=\"70\">21<\/td>\n<td width=\"221\">DESCHEPPER Eric<\/td>\n<td width=\"160\">KTM<\/td>\n<td width=\"114\">+11:53.48<\/td>\n<td><\/td>\n<\/tr>\n<tr>\n<td width=\"70\">22<\/td>\n<td width=\"221\">SENTE FREDERIC<\/td>\n<td width=\"160\">SHERCO<\/td>\n<td width=\"114\">+16:08.20<\/td>\n<td><\/td>\n<\/tr>\n<tr>\n<td width=\"70\">23<\/td>\n<td width=\"221\">BRUYNOOGHE Jan Maurice<\/td>\n<td width=\"160\">SHERCO<\/td>\n<td width=\"114\">+29:37.89<\/td>\n<td><\/td>\n<\/tr>\n<tr>\n<td><\/td>\n<td><\/td>\n<td><\/td>\n<td><\/td>\n<td><\/td>\n<\/tr>\n<tr>\n<td colspan=\"2\">RANDONNEURS<\/td>\n<td><\/td>\n<td><\/td>\n<td><\/td>\n<\/tr>\n<tr>\n<td><\/td>\n<td><\/td>\n<td><\/td>\n<td><\/td>\n<td><\/td>\n<\/tr>\n<tr>\n<td width=\"70\">1<\/td>\n<td width=\"221\">HENRARD Philippe L\u00e9opold<\/td>\n<td width=\"160\">KTM<\/td>\n<td width=\"114\">36:43.13<\/td>\n<td width=\"80\"><\/td>\n<\/tr>\n<tr>\n<td width=\"70\">2<\/td>\n<td width=\"221\">HUYBRECHTS Ward Christophe<\/td>\n<td width=\"160\">KTM<\/td>\n<td width=\"114\">+01:08.63<\/td>\n<td><\/td>\n<\/tr>\n<tr>\n<td width=\"70\">3<\/td>\n<td width=\"221\">DAVIN Vincent<\/td>\n<td width=\"160\">KTM<\/td>\n<td width=\"114\">+01:13.65<\/td>\n<td><\/td>\n<\/tr>\n<tr>\n<td width=\"70\">4<\/td>\n<td width=\"221\">VANDONINCK IVES<\/td>\n<td width=\"160\"><\/td>\n<td width=\"114\">+01:28.53<\/td>\n<td><\/td>\n<\/tr>\n<tr>\n<td width=\"70\">5<\/td>\n<td width=\"221\">VERHULPEN Bram<\/td>\n<td width=\"160\">KTM<\/td>\n<td width=\"114\">+01:38.07<\/td>\n<td><\/td>\n<\/tr>\n<tr>\n<td width=\"70\">6<\/td>\n<td width=\"221\">DE VLEESCHOUWER Jean-Paul Jeannine<\/td>\n<td width=\"160\">KTM<\/td>\n<td width=\"114\">+02:08.75<\/td>\n<td><\/td>\n<\/tr>\n<tr>\n<td width=\"70\">7<\/td>\n<td width=\"221\">ERGO NICOLAS<\/td>\n<td width=\"160\"><\/td>\n<td width=\"114\">+02:20.50<\/td>\n<td><\/td>\n<\/tr>\n<tr>\n<td width=\"70\">8<\/td>\n<td width=\"221\">CARELS Didier Philip<\/td>\n<td width=\"160\">KTM<\/td>\n<td width=\"114\">+02:26.39<\/td>\n<td><\/td>\n<\/tr>\n<tr>\n<td width=\"70\">9<\/td>\n<td width=\"221\">DAMIAENS DIRK<\/td>\n<td width=\"160\"><\/td>\n<td width=\"114\">+03:08.64<\/td>\n<td><\/td>\n<\/tr>\n<tr>\n<td width=\"70\">10<\/td>\n<td width=\"221\">HECQUET PIERRE<\/td>\n<td width=\"160\"><\/td>\n<td width=\"114\">+03:22.87<\/td>\n<td><\/td>\n<\/tr>\n<tr>\n<td width=\"70\">11<\/td>\n<td width=\"221\">THIRY GERY<\/td>\n<td width=\"160\">KTM<\/td>\n<td width=\"114\">+03:26.41<\/td>\n<td><\/td>\n<\/tr>\n<tr>\n<td width=\"70\">12<\/td>\n<td width=\"221\">BECKERS MARCEL<\/td>\n<td width=\"160\">KTM<\/td>\n<td width=\"114\">+03:42.49<\/td>\n<td><\/td>\n<\/tr>\n<tr>\n<td width=\"70\">13<\/td>\n<td width=\"221\">DENIS Jer\u00f4me Michel<\/td>\n<td width=\"160\">KTM<\/td>\n<td width=\"114\">+03:53.24<\/td>\n<td><\/td>\n<\/tr>\n<tr>\n<td width=\"70\">14<\/td>\n<td width=\"221\">DEGOUYS YANN<\/td>\n<td width=\"160\">HUSQVARNA<\/td>\n<td width=\"114\">+03:53.78<\/td>\n<td><\/td>\n<\/tr>\n<tr>\n<td width=\"70\">15<\/td>\n<td width=\"221\">DE ZUTTER Pieter Jozef<\/td>\n<td width=\"160\">SHERCO<\/td>\n<td width=\"114\">+04:07.97<\/td>\n<td><\/td>\n<\/tr>\n<tr>\n<td width=\"70\">16<\/td>\n<td width=\"221\">MOUREAU Gilles Alain<\/td>\n<td width=\"160\">KTM<\/td>\n<td width=\"114\">+04:43.90<\/td>\n<td><\/td>\n<\/tr>\n<tr>\n<td width=\"70\">17<\/td>\n<td width=\"221\">NOPERE Christophe<\/td>\n<td width=\"160\">SHERCO<\/td>\n<td width=\"114\">+04:55.45<\/td>\n<td><\/td>\n<\/tr>\n<tr>\n<td width=\"70\">18<\/td>\n<td width=\"221\">RENIERS Laurent Claudine<\/td>\n<td width=\"160\">KTM<\/td>\n<td width=\"114\">+05:03.05<\/td>\n<td><\/td>\n<\/tr>\n<tr>\n<td width=\"70\">19<\/td>\n<td width=\"221\">VAN CLEYNENBREUGEL KEN<\/td>\n<td width=\"160\">KTM<\/td>\n<td width=\"114\">+05:05.00<\/td>\n<td><\/td>\n<\/tr>\n<tr>\n<td width=\"70\">20<\/td>\n<td width=\"221\">LAATS Lionel<\/td>\n<td width=\"160\">BETA<\/td>\n<td width=\"114\">+05:08.96<\/td>\n<td><\/td>\n<\/tr>\n<tr>\n<td width=\"70\">21<\/td>\n<td width=\"221\">SIMON Dimitri L\u00e9o<\/td>\n<td width=\"160\">HUSQVARNA<\/td>\n<td width=\"114\">+05:13.80<\/td>\n<td><\/td>\n<\/tr>\n<tr>\n<td width=\"70\">22<\/td>\n<td width=\"221\">DELCROIX Samuel<\/td>\n<td width=\"160\">BETA<\/td>\n<td width=\"114\">+05:36.69<\/td>\n<td><\/td>\n<\/tr>\n<tr>\n<td width=\"70\">23<\/td>\n<td width=\"221\">THIEBAUT Sebastien<\/td>\n<td width=\"160\">SHERCO<\/td>\n<td width=\"114\">+05:55.63<\/td>\n<td><\/td>\n<\/tr>\n<tr>\n<td width=\"70\">24<\/td>\n<td width=\"221\">GOFFART GUILLAUME<\/td>\n<td width=\"160\"><\/td>\n<td width=\"114\">+06:05.76<\/td>\n<td><\/td>\n<\/tr>\n<tr>\n<td width=\"70\">25<\/td>\n<td width=\"221\">BILLAIRE GREGORY<\/td>\n<td width=\"160\"><\/td>\n<td width=\"114\">+06:13.52<\/td>\n<td><\/td>\n<\/tr>\n<tr>\n<td width=\"70\">26<\/td>\n<td width=\"221\">CLAREBOTS Frank<\/td>\n<td width=\"160\">KTM<\/td>\n<td width=\"114\">+06:18.82<\/td>\n<td><\/td>\n<\/tr>\n<tr>\n<td width=\"70\">27<\/td>\n<td width=\"221\">VAN TULDEN Kevin Simonne<\/td>\n<td width=\"160\">KTM<\/td>\n<td width=\"114\">+06:31.51<\/td>\n<td><\/td>\n<\/tr>\n<tr>\n<td width=\"70\">28<\/td>\n<td width=\"221\">BAERT PIERRE EMILIEN<\/td>\n<td width=\"160\">HUSQVARNA<\/td>\n<td width=\"114\">+07:18.07<\/td>\n<td><\/td>\n<\/tr>\n<tr>\n<td width=\"70\">29<\/td>\n<td width=\"221\">SPRUYT OLIVIER<\/td>\n<td width=\"160\"><\/td>\n<td width=\"114\">+07:53.63<\/td>\n<td><\/td>\n<\/tr>\n<tr>\n<td width=\"70\">30<\/td>\n<td width=\"221\">DAVE MICHEL<\/td>\n<td width=\"160\">KTM<\/td>\n<td width=\"114\">+08:00.95<\/td>\n<td><\/td>\n<\/tr>\n<tr>\n<td width=\"70\">31<\/td>\n<td width=\"221\">DECOURT Philippe<\/td>\n<td width=\"160\">HUSQVARNA<\/td>\n<td width=\"114\">+08:22.28<\/td>\n<td><\/td>\n<\/tr>\n<tr>\n<td width=\"70\">32<\/td>\n<td width=\"221\">LODOMEZ ROMAIN<\/td>\n<td width=\"160\"><\/td>\n<td width=\"114\">+10:22.91<\/td>\n<td><\/td>\n<\/tr>\n<tr>\n<td width=\"70\">33<\/td>\n<td width=\"221\">PATERNOTE NICOLAS<\/td>\n<td width=\"160\"><\/td>\n<td width=\"114\">+11:38.48<\/td>\n<td><\/td>\n<\/tr>\n<tr>\n<td width=\"70\">34<\/td>\n<td width=\"221\">COUSSEMENT Miguel<\/td>\n<td width=\"160\">HUSQVARNA<\/td>\n<td width=\"114\">+12:36.38<\/td>\n<td><\/td>\n<\/tr>\n<tr>\n<td width=\"70\">35<\/td>\n<td width=\"221\">ADAMS JOHAN<\/td>\n<td width=\"160\">HUSQVARNA<\/td>\n<td width=\"114\">+13:29.98<\/td>\n<td><\/td>\n<\/tr>\n<tr>\n<td width=\"70\">36<\/td>\n<td width=\"221\">CHETIOUI Damien<\/td>\n<td width=\"160\">KTM<\/td>\n<td width=\"114\">+13:40.00<\/td>\n<td><\/td>\n<\/tr>\n<tr>\n<td width=\"70\">37<\/td>\n<td width=\"221\">BREMS Domien Andre<\/td>\n<td width=\"160\">KTM<\/td>\n<td width=\"114\">+19:05.02<\/td>\n<td><\/td>\n<\/tr>\n<tr>\n<td><\/td>\n<td><\/td>\n<td><\/td>\n<td><\/td>\n<td><\/td>\n<\/tr>\n<tr>\n<td>GIRLS<\/td>\n<td><\/td>\n<td><\/td>\n<td><\/td>\n<td><\/td>\n<\/tr>\n<tr>\n<td><\/td>\n<td><\/td>\n<td><\/td>\n<td><\/td>\n<td><\/td>\n<\/tr>\n<tr>\n<td width=\"70\">1<\/td>\n<td width=\"221\">MARCHAL ELISE<\/td>\n<td width=\"160\">SHERCO<\/td>\n<td width=\"114\">40:19.47<\/td>\n<td width=\"80\"><\/td>\n<\/tr>\n<\/tbody>\n<\/table>\n","protected":false},"excerpt":{"rendered":"<p>La 8\u00e8me manche du championnat de Belgique s&rsquo;est d\u00e9roul\u00e9e \u00e0 Lierneux ce week-end sous une chaleur accablante. Pour ne pas changer, Antoine Magain, malgr\u00e9 un \u00e9tat f\u00e9brile et une petite [&#8230;]<\/p>\n","protected":false},"author":932,"featured_media":90953,"comment_status":"open","ping_status":"closed","sticky":false,"template":"","format":"standard","meta":{"footnotes":""},"categories":[54,32,35,33,55,65],"tags":[],"class_list":["post-90916","post","type-post","status-publish","format-standard","has-post-thumbnail","hentry","category-actualite","category-enduro","category-fmb-enduro","category-news-enduro","category-news-actualite","category-slideshow"],"yoast_head":"<!-- This site is optimized with the Yoast SEO plugin v27.4 - https:\/\/yoast.com\/product\/yoast-seo-wordpress\/ -->\n<title>Antoine Magain encore sur la plus haute marche du podium sous la canicule \u00e0 Lierneux - Motocross - Enduro - Supermoto | MotocrossMag<\/title>\n<meta name=\"robots\" content=\"index, follow, max-snippet:-1, max-image-preview:large, max-video-preview:-1\" \/>\n<link rel=\"canonical\" href=\"https:\/\/fr.motocrossmag.be\/index.php\/2019\/07\/antoine-magain-encore-sur-la-plus-haute-marche-du-podium-sous-la-canicule-a-lierneux\/\" \/>\n<meta property=\"og:locale\" content=\"fr_FR\" \/>\n<meta property=\"og:type\" content=\"article\" \/>\n<meta property=\"og:title\" content=\"Antoine Magain encore sur la plus haute marche du podium sous la canicule \u00e0 Lierneux - Motocross - Enduro - Supermoto | MotocrossMag\" \/>\n<meta property=\"og:description\" content=\"La 8\u00e8me manche du championnat de Belgique s&rsquo;est d\u00e9roul\u00e9e \u00e0 Lierneux ce week-end sous une chaleur accablante. Pour ne pas changer, Antoine Magain, malgr\u00e9 un \u00e9tat f\u00e9brile et une petite [...]\" \/>\n<meta property=\"og:url\" content=\"https:\/\/fr.motocrossmag.be\/index.php\/2019\/07\/antoine-magain-encore-sur-la-plus-haute-marche-du-podium-sous-la-canicule-a-lierneux\/\" \/>\n<meta property=\"og:site_name\" content=\"Motocross - Enduro - Supermoto | MotocrossMag\" \/>\n<meta property=\"article:published_time\" content=\"2019-07-03T15:15:00+00:00\" \/>\n<meta property=\"article:modified_time\" content=\"2019-07-03T20:48:06+00:00\" \/>\n<meta property=\"og:image\" content=\"https:\/\/fr.motocrossmag.be\/wp-content\/uploads\/2019\/07\/IMG_3413_GF.jpg\" \/>\n\t<meta property=\"og:image:width\" content=\"1000\" \/>\n\t<meta property=\"og:image:height\" content=\"666\" \/>\n\t<meta property=\"og:image:type\" content=\"image\/jpeg\" \/>\n<meta name=\"author\" content=\"oliviere\" \/>\n<meta name=\"twitter:card\" content=\"summary_large_image\" \/>\n<meta name=\"twitter:label1\" content=\"\u00c9crit par\" \/>\n\t<meta name=\"twitter:data1\" content=\"oliviere\" \/>\n\t<meta name=\"twitter:label2\" content=\"Dur\u00e9e de lecture estim\u00e9e\" \/>\n\t<meta name=\"twitter:data2\" content=\"5 minutes\" \/>\n<script type=\"application\/ld+json\" class=\"yoast-schema-graph\">{\"@context\":\"https:\\\/\\\/schema.org\",\"@graph\":[{\"@type\":\"Article\",\"@id\":\"https:\\\/\\\/fr.motocrossmag.be\\\/index.php\\\/2019\\\/07\\\/antoine-magain-encore-sur-la-plus-haute-marche-du-podium-sous-la-canicule-a-lierneux\\\/#article\",\"isPartOf\":{\"@id\":\"https:\\\/\\\/fr.motocrossmag.be\\\/index.php\\\/2019\\\/07\\\/antoine-magain-encore-sur-la-plus-haute-marche-du-podium-sous-la-canicule-a-lierneux\\\/\"},\"author\":{\"name\":\"oliviere\",\"@id\":\"https:\\\/\\\/fr.motocrossmag.be\\\/#\\\/schema\\\/person\\\/11b47143d9f755babca2c9110e03235c\"},\"headline\":\"Antoine Magain encore sur la plus haute marche du podium sous la canicule \u00e0 Lierneux\",\"datePublished\":\"2019-07-03T15:15:00+00:00\",\"dateModified\":\"2019-07-03T20:48:06+00:00\",\"mainEntityOfPage\":{\"@id\":\"https:\\\/\\\/fr.motocrossmag.be\\\/index.php\\\/2019\\\/07\\\/antoine-magain-encore-sur-la-plus-haute-marche-du-podium-sous-la-canicule-a-lierneux\\\/\"},\"wordCount\":1054,\"commentCount\":0,\"image\":{\"@id\":\"https:\\\/\\\/fr.motocrossmag.be\\\/index.php\\\/2019\\\/07\\\/antoine-magain-encore-sur-la-plus-haute-marche-du-podium-sous-la-canicule-a-lierneux\\\/#primaryimage\"},\"thumbnailUrl\":\"https:\\\/\\\/fr.motocrossmag.be\\\/wp-content\\\/uploads\\\/2019\\\/07\\\/IMG_3413_GF.jpg\",\"articleSection\":[\"Actualit\u00e9\",\"Enduro\",\"FMB\",\"News\",\"News\",\"Slideshow\"],\"inLanguage\":\"fr-FR\",\"potentialAction\":[{\"@type\":\"CommentAction\",\"name\":\"Comment\",\"target\":[\"https:\\\/\\\/fr.motocrossmag.be\\\/index.php\\\/2019\\\/07\\\/antoine-magain-encore-sur-la-plus-haute-marche-du-podium-sous-la-canicule-a-lierneux\\\/#respond\"]}]},{\"@type\":\"WebPage\",\"@id\":\"https:\\\/\\\/fr.motocrossmag.be\\\/index.php\\\/2019\\\/07\\\/antoine-magain-encore-sur-la-plus-haute-marche-du-podium-sous-la-canicule-a-lierneux\\\/\",\"url\":\"https:\\\/\\\/fr.motocrossmag.be\\\/index.php\\\/2019\\\/07\\\/antoine-magain-encore-sur-la-plus-haute-marche-du-podium-sous-la-canicule-a-lierneux\\\/\",\"name\":\"Antoine Magain encore sur la plus haute marche du podium sous la canicule \u00e0 Lierneux - Motocross - Enduro - Supermoto | MotocrossMag\",\"isPartOf\":{\"@id\":\"https:\\\/\\\/fr.motocrossmag.be\\\/#website\"},\"primaryImageOfPage\":{\"@id\":\"https:\\\/\\\/fr.motocrossmag.be\\\/index.php\\\/2019\\\/07\\\/antoine-magain-encore-sur-la-plus-haute-marche-du-podium-sous-la-canicule-a-lierneux\\\/#primaryimage\"},\"image\":{\"@id\":\"https:\\\/\\\/fr.motocrossmag.be\\\/index.php\\\/2019\\\/07\\\/antoine-magain-encore-sur-la-plus-haute-marche-du-podium-sous-la-canicule-a-lierneux\\\/#primaryimage\"},\"thumbnailUrl\":\"https:\\\/\\\/fr.motocrossmag.be\\\/wp-content\\\/uploads\\\/2019\\\/07\\\/IMG_3413_GF.jpg\",\"datePublished\":\"2019-07-03T15:15:00+00:00\",\"dateModified\":\"2019-07-03T20:48:06+00:00\",\"author\":{\"@id\":\"https:\\\/\\\/fr.motocrossmag.be\\\/#\\\/schema\\\/person\\\/11b47143d9f755babca2c9110e03235c\"},\"breadcrumb\":{\"@id\":\"https:\\\/\\\/fr.motocrossmag.be\\\/index.php\\\/2019\\\/07\\\/antoine-magain-encore-sur-la-plus-haute-marche-du-podium-sous-la-canicule-a-lierneux\\\/#breadcrumb\"},\"inLanguage\":\"fr-FR\",\"potentialAction\":[{\"@type\":\"ReadAction\",\"target\":[\"https:\\\/\\\/fr.motocrossmag.be\\\/index.php\\\/2019\\\/07\\\/antoine-magain-encore-sur-la-plus-haute-marche-du-podium-sous-la-canicule-a-lierneux\\\/\"]}]},{\"@type\":\"ImageObject\",\"inLanguage\":\"fr-FR\",\"@id\":\"https:\\\/\\\/fr.motocrossmag.be\\\/index.php\\\/2019\\\/07\\\/antoine-magain-encore-sur-la-plus-haute-marche-du-podium-sous-la-canicule-a-lierneux\\\/#primaryimage\",\"url\":\"https:\\\/\\\/fr.motocrossmag.be\\\/wp-content\\\/uploads\\\/2019\\\/07\\\/IMG_3413_GF.jpg\",\"contentUrl\":\"https:\\\/\\\/fr.motocrossmag.be\\\/wp-content\\\/uploads\\\/2019\\\/07\\\/IMG_3413_GF.jpg\",\"width\":1000,\"height\":666},{\"@type\":\"BreadcrumbList\",\"@id\":\"https:\\\/\\\/fr.motocrossmag.be\\\/index.php\\\/2019\\\/07\\\/antoine-magain-encore-sur-la-plus-haute-marche-du-podium-sous-la-canicule-a-lierneux\\\/#breadcrumb\",\"itemListElement\":[{\"@type\":\"ListItem\",\"position\":1,\"name\":\"Accueil\",\"item\":\"https:\\\/\\\/fr.motocrossmag.be\\\/\"},{\"@type\":\"ListItem\",\"position\":2,\"name\":\"Antoine Magain encore sur la plus haute marche du podium sous la canicule \u00e0 Lierneux\"}]},{\"@type\":\"WebSite\",\"@id\":\"https:\\\/\\\/fr.motocrossmag.be\\\/#website\",\"url\":\"https:\\\/\\\/fr.motocrossmag.be\\\/\",\"name\":\"Motocross - Enduro - Supermoto | MotocrossMag\",\"description\":\"L&#039;actualit\u00e9 du motocross, de l&#039;enduro et du Supermoto en ligne!\",\"potentialAction\":[{\"@type\":\"SearchAction\",\"target\":{\"@type\":\"EntryPoint\",\"urlTemplate\":\"https:\\\/\\\/fr.motocrossmag.be\\\/?s={search_term_string}\"},\"query-input\":{\"@type\":\"PropertyValueSpecification\",\"valueRequired\":true,\"valueName\":\"search_term_string\"}}],\"inLanguage\":\"fr-FR\"},{\"@type\":\"Person\",\"@id\":\"https:\\\/\\\/fr.motocrossmag.be\\\/#\\\/schema\\\/person\\\/11b47143d9f755babca2c9110e03235c\",\"name\":\"oliviere\",\"image\":{\"@type\":\"ImageObject\",\"inLanguage\":\"fr-FR\",\"@id\":\"https:\\\/\\\/secure.gravatar.com\\\/avatar\\\/907069e0b81d119452040469e4a7501da1100f54f7f80180ce77bfab718288f6?s=96&d=mm&r=g\",\"url\":\"https:\\\/\\\/secure.gravatar.com\\\/avatar\\\/907069e0b81d119452040469e4a7501da1100f54f7f80180ce77bfab718288f6?s=96&d=mm&r=g\",\"contentUrl\":\"https:\\\/\\\/secure.gravatar.com\\\/avatar\\\/907069e0b81d119452040469e4a7501da1100f54f7f80180ce77bfab718288f6?s=96&d=mm&r=g\",\"caption\":\"oliviere\"},\"sameAs\":[\"http:\\\/\\\/www.motocrossmag.be\"],\"url\":\"https:\\\/\\\/fr.motocrossmag.be\\\/index.php\\\/author\\\/oliviere\\\/\"}]}<\/script>\n<!-- \/ Yoast SEO plugin. -->","yoast_head_json":{"title":"Antoine Magain encore sur la plus haute marche du podium sous la canicule \u00e0 Lierneux - Motocross - Enduro - Supermoto | MotocrossMag","robots":{"index":"index","follow":"follow","max-snippet":"max-snippet:-1","max-image-preview":"max-image-preview:large","max-video-preview":"max-video-preview:-1"},"canonical":"https:\/\/fr.motocrossmag.be\/index.php\/2019\/07\/antoine-magain-encore-sur-la-plus-haute-marche-du-podium-sous-la-canicule-a-lierneux\/","og_locale":"fr_FR","og_type":"article","og_title":"Antoine Magain encore sur la plus haute marche du podium sous la canicule \u00e0 Lierneux - Motocross - Enduro - Supermoto | MotocrossMag","og_description":"La 8\u00e8me manche du championnat de Belgique s&rsquo;est d\u00e9roul\u00e9e \u00e0 Lierneux ce week-end sous une chaleur accablante. Pour ne pas changer, Antoine Magain, malgr\u00e9 un \u00e9tat f\u00e9brile et une petite [...]","og_url":"https:\/\/fr.motocrossmag.be\/index.php\/2019\/07\/antoine-magain-encore-sur-la-plus-haute-marche-du-podium-sous-la-canicule-a-lierneux\/","og_site_name":"Motocross - Enduro - Supermoto | MotocrossMag","article_published_time":"2019-07-03T15:15:00+00:00","article_modified_time":"2019-07-03T20:48:06+00:00","og_image":[{"width":1000,"height":666,"url":"https:\/\/fr.motocrossmag.be\/wp-content\/uploads\/2019\/07\/IMG_3413_GF.jpg","type":"image\/jpeg"}],"author":"oliviere","twitter_card":"summary_large_image","twitter_misc":{"\u00c9crit par":"oliviere","Dur\u00e9e de lecture estim\u00e9e":"5 minutes"},"schema":{"@context":"https:\/\/schema.org","@graph":[{"@type":"Article","@id":"https:\/\/fr.motocrossmag.be\/index.php\/2019\/07\/antoine-magain-encore-sur-la-plus-haute-marche-du-podium-sous-la-canicule-a-lierneux\/#article","isPartOf":{"@id":"https:\/\/fr.motocrossmag.be\/index.php\/2019\/07\/antoine-magain-encore-sur-la-plus-haute-marche-du-podium-sous-la-canicule-a-lierneux\/"},"author":{"name":"oliviere","@id":"https:\/\/fr.motocrossmag.be\/#\/schema\/person\/11b47143d9f755babca2c9110e03235c"},"headline":"Antoine Magain encore sur la plus haute marche du podium sous la canicule \u00e0 Lierneux","datePublished":"2019-07-03T15:15:00+00:00","dateModified":"2019-07-03T20:48:06+00:00","mainEntityOfPage":{"@id":"https:\/\/fr.motocrossmag.be\/index.php\/2019\/07\/antoine-magain-encore-sur-la-plus-haute-marche-du-podium-sous-la-canicule-a-lierneux\/"},"wordCount":1054,"commentCount":0,"image":{"@id":"https:\/\/fr.motocrossmag.be\/index.php\/2019\/07\/antoine-magain-encore-sur-la-plus-haute-marche-du-podium-sous-la-canicule-a-lierneux\/#primaryimage"},"thumbnailUrl":"https:\/\/fr.motocrossmag.be\/wp-content\/uploads\/2019\/07\/IMG_3413_GF.jpg","articleSection":["Actualit\u00e9","Enduro","FMB","News","News","Slideshow"],"inLanguage":"fr-FR","potentialAction":[{"@type":"CommentAction","name":"Comment","target":["https:\/\/fr.motocrossmag.be\/index.php\/2019\/07\/antoine-magain-encore-sur-la-plus-haute-marche-du-podium-sous-la-canicule-a-lierneux\/#respond"]}]},{"@type":"WebPage","@id":"https:\/\/fr.motocrossmag.be\/index.php\/2019\/07\/antoine-magain-encore-sur-la-plus-haute-marche-du-podium-sous-la-canicule-a-lierneux\/","url":"https:\/\/fr.motocrossmag.be\/index.php\/2019\/07\/antoine-magain-encore-sur-la-plus-haute-marche-du-podium-sous-la-canicule-a-lierneux\/","name":"Antoine Magain encore sur la plus haute marche du podium sous la canicule \u00e0 Lierneux - Motocross - Enduro - Supermoto | MotocrossMag","isPartOf":{"@id":"https:\/\/fr.motocrossmag.be\/#website"},"primaryImageOfPage":{"@id":"https:\/\/fr.motocrossmag.be\/index.php\/2019\/07\/antoine-magain-encore-sur-la-plus-haute-marche-du-podium-sous-la-canicule-a-lierneux\/#primaryimage"},"image":{"@id":"https:\/\/fr.motocrossmag.be\/index.php\/2019\/07\/antoine-magain-encore-sur-la-plus-haute-marche-du-podium-sous-la-canicule-a-lierneux\/#primaryimage"},"thumbnailUrl":"https:\/\/fr.motocrossmag.be\/wp-content\/uploads\/2019\/07\/IMG_3413_GF.jpg","datePublished":"2019-07-03T15:15:00+00:00","dateModified":"2019-07-03T20:48:06+00:00","author":{"@id":"https:\/\/fr.motocrossmag.be\/#\/schema\/person\/11b47143d9f755babca2c9110e03235c"},"breadcrumb":{"@id":"https:\/\/fr.motocrossmag.be\/index.php\/2019\/07\/antoine-magain-encore-sur-la-plus-haute-marche-du-podium-sous-la-canicule-a-lierneux\/#breadcrumb"},"inLanguage":"fr-FR","potentialAction":[{"@type":"ReadAction","target":["https:\/\/fr.motocrossmag.be\/index.php\/2019\/07\/antoine-magain-encore-sur-la-plus-haute-marche-du-podium-sous-la-canicule-a-lierneux\/"]}]},{"@type":"ImageObject","inLanguage":"fr-FR","@id":"https:\/\/fr.motocrossmag.be\/index.php\/2019\/07\/antoine-magain-encore-sur-la-plus-haute-marche-du-podium-sous-la-canicule-a-lierneux\/#primaryimage","url":"https:\/\/fr.motocrossmag.be\/wp-content\/uploads\/2019\/07\/IMG_3413_GF.jpg","contentUrl":"https:\/\/fr.motocrossmag.be\/wp-content\/uploads\/2019\/07\/IMG_3413_GF.jpg","width":1000,"height":666},{"@type":"BreadcrumbList","@id":"https:\/\/fr.motocrossmag.be\/index.php\/2019\/07\/antoine-magain-encore-sur-la-plus-haute-marche-du-podium-sous-la-canicule-a-lierneux\/#breadcrumb","itemListElement":[{"@type":"ListItem","position":1,"name":"Accueil","item":"https:\/\/fr.motocrossmag.be\/"},{"@type":"ListItem","position":2,"name":"Antoine Magain encore sur la plus haute marche du podium sous la canicule \u00e0 Lierneux"}]},{"@type":"WebSite","@id":"https:\/\/fr.motocrossmag.be\/#website","url":"https:\/\/fr.motocrossmag.be\/","name":"Motocross - Enduro - Supermoto | MotocrossMag","description":"L&#039;actualit\u00e9 du motocross, de l&#039;enduro et du Supermoto en ligne!","potentialAction":[{"@type":"SearchAction","target":{"@type":"EntryPoint","urlTemplate":"https:\/\/fr.motocrossmag.be\/?s={search_term_string}"},"query-input":{"@type":"PropertyValueSpecification","valueRequired":true,"valueName":"search_term_string"}}],"inLanguage":"fr-FR"},{"@type":"Person","@id":"https:\/\/fr.motocrossmag.be\/#\/schema\/person\/11b47143d9f755babca2c9110e03235c","name":"oliviere","image":{"@type":"ImageObject","inLanguage":"fr-FR","@id":"https:\/\/secure.gravatar.com\/avatar\/907069e0b81d119452040469e4a7501da1100f54f7f80180ce77bfab718288f6?s=96&d=mm&r=g","url":"https:\/\/secure.gravatar.com\/avatar\/907069e0b81d119452040469e4a7501da1100f54f7f80180ce77bfab718288f6?s=96&d=mm&r=g","contentUrl":"https:\/\/secure.gravatar.com\/avatar\/907069e0b81d119452040469e4a7501da1100f54f7f80180ce77bfab718288f6?s=96&d=mm&r=g","caption":"oliviere"},"sameAs":["http:\/\/www.motocrossmag.be"],"url":"https:\/\/fr.motocrossmag.be\/index.php\/author\/oliviere\/"}]}},"_links":{"self":[{"href":"https:\/\/fr.motocrossmag.be\/index.php\/wp-json\/wp\/v2\/posts\/90916","targetHints":{"allow":["GET"]}}],"collection":[{"href":"https:\/\/fr.motocrossmag.be\/index.php\/wp-json\/wp\/v2\/posts"}],"about":[{"href":"https:\/\/fr.motocrossmag.be\/index.php\/wp-json\/wp\/v2\/types\/post"}],"author":[{"embeddable":true,"href":"https:\/\/fr.motocrossmag.be\/index.php\/wp-json\/wp\/v2\/users\/932"}],"replies":[{"embeddable":true,"href":"https:\/\/fr.motocrossmag.be\/index.php\/wp-json\/wp\/v2\/comments?post=90916"}],"version-history":[{"count":1,"href":"https:\/\/fr.motocrossmag.be\/index.php\/wp-json\/wp\/v2\/posts\/90916\/revisions"}],"predecessor-version":[{"id":91053,"href":"https:\/\/fr.motocrossmag.be\/index.php\/wp-json\/wp\/v2\/posts\/90916\/revisions\/91053"}],"wp:featuredmedia":[{"embeddable":true,"href":"https:\/\/fr.motocrossmag.be\/index.php\/wp-json\/wp\/v2\/media\/90953"}],"wp:attachment":[{"href":"https:\/\/fr.motocrossmag.be\/index.php\/wp-json\/wp\/v2\/media?parent=90916"}],"wp:term":[{"taxonomy":"category","embeddable":true,"href":"https:\/\/fr.motocrossmag.be\/index.php\/wp-json\/wp\/v2\/categories?post=90916"},{"taxonomy":"post_tag","embeddable":true,"href":"https:\/\/fr.motocrossmag.be\/index.php\/wp-json\/wp\/v2\/tags?post=90916"}],"curies":[{"name":"wp","href":"https:\/\/api.w.org\/{rel}","templated":true}]}}