{"id":91049,"date":"2019-07-03T22:46:44","date_gmt":"2019-07-03T20:46:44","guid":{"rendered":"https:\/\/fr.motocrossmag.be\/?p=91049"},"modified":"2019-07-03T22:46:44","modified_gmt":"2019-07-03T20:46:44","slug":"de-gasgas-a-husqvarna-matthew-vanoevelen-rebondit","status":"publish","type":"post","link":"https:\/\/fr.motocrossmag.be\/index.php\/2019\/07\/de-gasgas-a-husqvarna-matthew-vanoevelen-rebondit\/","title":{"rendered":"De GasGas \u00e0 Husqvarna : Matthew Vanoevelen rebondit"},"content":{"rendered":"<p><strong>Depuis quelques semaines, Matthew Vanoevelen ne roule plus sous les couleurs de GasGas. <\/strong><strong>Le partenariat <\/strong><strong>entre le jeune pilote et le constructeur espagnol, avec qui il devait participer au championnat de France d&rsquo;enduro mais \u00e9galement au championnat du monde, aux c\u00f4t\u00e9s de Christophe Nambotin, <\/strong><strong>aura dur\u00e9 6 mois.<br \/>\n<\/strong><\/p>\n<p>Le jeune et talentueux\u00a0 Nismois de 21 ans, dont le pilotage en impressionne plus d&rsquo;un, malgr\u00e9 quelques d\u00e9sillusions comme une s\u00e9paration avec le team Sherco en fin de saison derni\u00e8re, a heureusement pu trouver un second souffle pour terminer la saison 2019.<\/p>\n<p><img decoding=\"async\" class=\"lazyload alignnone size-medium wp-image-91051\" src=\"data:image\/svg+xml,%3Csvg%20xmlns%3D%27http%3A%2F%2Fwww.w3.org%2F2000%2Fsvg%27%20width%3D%27533%27%20height%3D%27800%27%20viewBox%3D%270%200%20533%20800%27%3E%3Crect%20width%3D%27533%27%20height%3D%27800%27%20fill-opacity%3D%220%22%2F%3E%3C%2Fsvg%3E\" data-orig-src=\"https:\/\/fr.motocrossmag.be\/wp-content\/uploads\/2019\/07\/vanoevelen-husqvarna-bailleux-2-533x800.jpg\" alt=\"\" width=\"533\" height=\"800\" \/><\/p>\n<p>Matthew a en effet r\u00e9ussi \u00e0 trouver un nouveau soutien avec Husqvarna et Bertand Bailleux pour terminer la saison sur le championnat belge. Et les premiers r\u00e9sultats sont plus que concluants ! Sur l&rsquo;enduro de Chimay, au guidon d&rsquo;une 350 4 temps qu&rsquo;il venait \u00e0 peine de d\u00e9couvrir, il se classe deuxi\u00e8me. Le week-end dernier, sur l&rsquo;enduro de Lierneux, il monte \u00e0 nouveau sur la 2\u00e8me marche du podium. Cette fois, c&rsquo;est au guidon d&rsquo;une Husqvarna 450 FC 2020 100% stock qu&rsquo;il s&rsquo;alignait.<\/p>\n<p>Pour ce qui est des \u00e9preuves hors Belgique, c&rsquo;est le team Enduro Attitude de Jean-Marc Valenduc qui compte d\u00e9sormais un 4\u00e8me membre. Matthew accompagnera Martin Valenduc, Thibaut et Quentin Vinken au d\u00e9part de la manche finale du championnat de France \u00e0 Langeac (43) les 21 et 22 septembre. Le week-end suivant, ce sera la derni\u00e8re manche du mondial EnduroGP \u00e0 Ambert, au coeur de l&rsquo;Auvergne. Jean-Marc ne voulait pas laisser un pilote plus que prometteur se retrouver mis de c\u00f4t\u00e9, il lui apportera une structure solide (logistique et financi\u00e8re) et familiale o\u00f9 le jeune Nismois devrait facilement trouver sa place. Et Jean-Marc de pr\u00e9ciser : \u00ab\u00a0ce sont mes gamins, et je ferai tout ce qui est possible pour les aider, quel que soit leur niveau\u00a0\u00bb.<\/p>\n<div id=\"attachment_91052\" style=\"width: 660px\" class=\"wp-caption alignnone\"><img decoding=\"async\" aria-describedby=\"caption-attachment-91052\" class=\"lazyload size-medium wp-image-91052\" src=\"https:\/\/fr.motocrossmag.be\/wp-content\/uploads\/2019\/07\/enduro-attitude-team-valenduc-vinken-650x433.jpg\" data-orig-src=\"https:\/\/fr.motocrossmag.be\/wp-content\/uploads\/2019\/07\/enduro-attitude-team-valenduc-vinken-650x433.jpg\" alt=\"\" width=\"650\" height=\"433\" srcset=\"data:image\/svg+xml,%3Csvg%20xmlns%3D%27http%3A%2F%2Fwww.w3.org%2F2000%2Fsvg%27%20width%3D%27650%27%20height%3D%27433%27%20viewBox%3D%270%200%20650%20433%27%3E%3Crect%20width%3D%27650%27%20height%3D%27433%27%20fill-opacity%3D%220%22%2F%3E%3C%2Fsvg%3E\" data-srcset=\"https:\/\/fr.motocrossmag.be\/wp-content\/uploads\/2019\/07\/enduro-attitude-team-valenduc-vinken-650x433.jpg 650w, https:\/\/fr.motocrossmag.be\/wp-content\/uploads\/2019\/07\/enduro-attitude-team-valenduc-vinken-768x511.jpg 768w, https:\/\/fr.motocrossmag.be\/wp-content\/uploads\/2019\/07\/enduro-attitude-team-valenduc-vinken.jpg 1000w\" data-sizes=\"auto\" data-orig-sizes=\"(max-width: 650px) 100vw, 650px\" \/><p id=\"caption-attachment-91052\" class=\"wp-caption-text\">Matthew Vanoevelen compl\u00e8tera le team Enduro Attitude aux c\u00f4t\u00e9s de Martin Valenduc et Thibau et Quentin Vinken sur deux \u00e9preuves en France.<\/p><\/div>\n<p>Matthew garde la t\u00eate sur les \u00e9paules. Il ne devrait ainsi pas participer \u00e0 la manche de championnat de France qui se d\u00e9roule en Bretagne fin juillet. Il souhaite d&rsquo;abord ma\u00eetriser et comprendre sa machine avant de se lancer sur une course de 2 jours.<\/p>\n<p>En Belgique, c&rsquo;est sur les 12 heures de la Chinelle, \u00e0 la mi-ao\u00fbt, qu&rsquo;on l&rsquo;attend \u00e0 pr\u00e9sent face au gratin de l&rsquo;enduro belge et \u00e9tranger.<\/p>\n<p>&nbsp;<\/p>\n<p>Texte &amp; photo : Pauline Vallerand \/ Anne-Sophie Photographie<\/p>\n","protected":false},"excerpt":{"rendered":"<p>Depuis quelques semaines, Matthew Vanoevelen ne roule plus sous les couleurs de GasGas. Le partenariat entre le jeune pilote et le constructeur espagnol, avec qui il devait participer au championnat [&#8230;]<\/p>\n","protected":false},"author":932,"featured_media":91050,"comment_status":"open","ping_status":"closed","sticky":false,"template":"","format":"standard","meta":{"footnotes":""},"categories":[54,32,34,35,33,55,65],"tags":[],"class_list":["post-91049","post","type-post","status-publish","format-standard","has-post-thumbnail","hentry","category-actualite","category-enduro","category-endurogp","category-fmb-enduro","category-news-enduro","category-news-actualite","category-slideshow"],"yoast_head":"<!-- This site is optimized with the Yoast SEO plugin v27.4 - https:\/\/yoast.com\/product\/yoast-seo-wordpress\/ -->\n<title>De GasGas \u00e0 Husqvarna : Matthew Vanoevelen rebondit - Motocross - Enduro - Supermoto | MotocrossMag<\/title>\n<meta name=\"robots\" content=\"index, follow, max-snippet:-1, max-image-preview:large, max-video-preview:-1\" \/>\n<link rel=\"canonical\" href=\"https:\/\/fr.motocrossmag.be\/index.php\/2019\/07\/de-gasgas-a-husqvarna-matthew-vanoevelen-rebondit\/\" \/>\n<meta property=\"og:locale\" content=\"fr_FR\" \/>\n<meta property=\"og:type\" content=\"article\" \/>\n<meta property=\"og:title\" content=\"De GasGas \u00e0 Husqvarna : Matthew Vanoevelen rebondit - Motocross - Enduro - Supermoto | MotocrossMag\" \/>\n<meta property=\"og:description\" content=\"Depuis quelques semaines, Matthew Vanoevelen ne roule plus sous les couleurs de GasGas. Le partenariat entre le jeune pilote et le constructeur espagnol, avec qui il devait participer au championnat [...]\" \/>\n<meta property=\"og:url\" content=\"https:\/\/fr.motocrossmag.be\/index.php\/2019\/07\/de-gasgas-a-husqvarna-matthew-vanoevelen-rebondit\/\" \/>\n<meta property=\"og:site_name\" content=\"Motocross - Enduro - Supermoto | MotocrossMag\" \/>\n<meta property=\"article:published_time\" content=\"2019-07-03T20:46:44+00:00\" \/>\n<meta property=\"og:image\" content=\"https:\/\/fr.motocrossmag.be\/wp-content\/uploads\/2019\/07\/vanoevelen-husqvarna-bailleux.jpg\" \/>\n\t<meta property=\"og:image:width\" content=\"1000\" \/>\n\t<meta property=\"og:image:height\" content=\"666\" \/>\n\t<meta property=\"og:image:type\" content=\"image\/jpeg\" \/>\n<meta name=\"author\" content=\"oliviere\" \/>\n<meta name=\"twitter:card\" content=\"summary_large_image\" \/>\n<meta name=\"twitter:label1\" content=\"\u00c9crit par\" \/>\n\t<meta name=\"twitter:data1\" content=\"oliviere\" \/>\n\t<meta name=\"twitter:label2\" content=\"Dur\u00e9e de lecture estim\u00e9e\" \/>\n\t<meta name=\"twitter:data2\" content=\"2 minutes\" \/>\n<script type=\"application\/ld+json\" class=\"yoast-schema-graph\">{\"@context\":\"https:\\\/\\\/schema.org\",\"@graph\":[{\"@type\":\"Article\",\"@id\":\"https:\\\/\\\/fr.motocrossmag.be\\\/index.php\\\/2019\\\/07\\\/de-gasgas-a-husqvarna-matthew-vanoevelen-rebondit\\\/#article\",\"isPartOf\":{\"@id\":\"https:\\\/\\\/fr.motocrossmag.be\\\/index.php\\\/2019\\\/07\\\/de-gasgas-a-husqvarna-matthew-vanoevelen-rebondit\\\/\"},\"author\":{\"name\":\"oliviere\",\"@id\":\"https:\\\/\\\/fr.motocrossmag.be\\\/#\\\/schema\\\/person\\\/11b47143d9f755babca2c9110e03235c\"},\"headline\":\"De GasGas \u00e0 Husqvarna : Matthew Vanoevelen rebondit\",\"datePublished\":\"2019-07-03T20:46:44+00:00\",\"mainEntityOfPage\":{\"@id\":\"https:\\\/\\\/fr.motocrossmag.be\\\/index.php\\\/2019\\\/07\\\/de-gasgas-a-husqvarna-matthew-vanoevelen-rebondit\\\/\"},\"wordCount\":428,\"commentCount\":0,\"image\":{\"@id\":\"https:\\\/\\\/fr.motocrossmag.be\\\/index.php\\\/2019\\\/07\\\/de-gasgas-a-husqvarna-matthew-vanoevelen-rebondit\\\/#primaryimage\"},\"thumbnailUrl\":\"https:\\\/\\\/fr.motocrossmag.be\\\/wp-content\\\/uploads\\\/2019\\\/07\\\/vanoevelen-husqvarna-bailleux.jpg\",\"articleSection\":[\"Actualit\u00e9\",\"Enduro\",\"EnduroGP\",\"FMB\",\"News\",\"News\",\"Slideshow\"],\"inLanguage\":\"fr-FR\",\"potentialAction\":[{\"@type\":\"CommentAction\",\"name\":\"Comment\",\"target\":[\"https:\\\/\\\/fr.motocrossmag.be\\\/index.php\\\/2019\\\/07\\\/de-gasgas-a-husqvarna-matthew-vanoevelen-rebondit\\\/#respond\"]}]},{\"@type\":\"WebPage\",\"@id\":\"https:\\\/\\\/fr.motocrossmag.be\\\/index.php\\\/2019\\\/07\\\/de-gasgas-a-husqvarna-matthew-vanoevelen-rebondit\\\/\",\"url\":\"https:\\\/\\\/fr.motocrossmag.be\\\/index.php\\\/2019\\\/07\\\/de-gasgas-a-husqvarna-matthew-vanoevelen-rebondit\\\/\",\"name\":\"De GasGas \u00e0 Husqvarna : Matthew Vanoevelen rebondit - Motocross - Enduro - Supermoto | MotocrossMag\",\"isPartOf\":{\"@id\":\"https:\\\/\\\/fr.motocrossmag.be\\\/#website\"},\"primaryImageOfPage\":{\"@id\":\"https:\\\/\\\/fr.motocrossmag.be\\\/index.php\\\/2019\\\/07\\\/de-gasgas-a-husqvarna-matthew-vanoevelen-rebondit\\\/#primaryimage\"},\"image\":{\"@id\":\"https:\\\/\\\/fr.motocrossmag.be\\\/index.php\\\/2019\\\/07\\\/de-gasgas-a-husqvarna-matthew-vanoevelen-rebondit\\\/#primaryimage\"},\"thumbnailUrl\":\"https:\\\/\\\/fr.motocrossmag.be\\\/wp-content\\\/uploads\\\/2019\\\/07\\\/vanoevelen-husqvarna-bailleux.jpg\",\"datePublished\":\"2019-07-03T20:46:44+00:00\",\"author\":{\"@id\":\"https:\\\/\\\/fr.motocrossmag.be\\\/#\\\/schema\\\/person\\\/11b47143d9f755babca2c9110e03235c\"},\"breadcrumb\":{\"@id\":\"https:\\\/\\\/fr.motocrossmag.be\\\/index.php\\\/2019\\\/07\\\/de-gasgas-a-husqvarna-matthew-vanoevelen-rebondit\\\/#breadcrumb\"},\"inLanguage\":\"fr-FR\",\"potentialAction\":[{\"@type\":\"ReadAction\",\"target\":[\"https:\\\/\\\/fr.motocrossmag.be\\\/index.php\\\/2019\\\/07\\\/de-gasgas-a-husqvarna-matthew-vanoevelen-rebondit\\\/\"]}]},{\"@type\":\"ImageObject\",\"inLanguage\":\"fr-FR\",\"@id\":\"https:\\\/\\\/fr.motocrossmag.be\\\/index.php\\\/2019\\\/07\\\/de-gasgas-a-husqvarna-matthew-vanoevelen-rebondit\\\/#primaryimage\",\"url\":\"https:\\\/\\\/fr.motocrossmag.be\\\/wp-content\\\/uploads\\\/2019\\\/07\\\/vanoevelen-husqvarna-bailleux.jpg\",\"contentUrl\":\"https:\\\/\\\/fr.motocrossmag.be\\\/wp-content\\\/uploads\\\/2019\\\/07\\\/vanoevelen-husqvarna-bailleux.jpg\",\"width\":1000,\"height\":666},{\"@type\":\"BreadcrumbList\",\"@id\":\"https:\\\/\\\/fr.motocrossmag.be\\\/index.php\\\/2019\\\/07\\\/de-gasgas-a-husqvarna-matthew-vanoevelen-rebondit\\\/#breadcrumb\",\"itemListElement\":[{\"@type\":\"ListItem\",\"position\":1,\"name\":\"Accueil\",\"item\":\"https:\\\/\\\/fr.motocrossmag.be\\\/\"},{\"@type\":\"ListItem\",\"position\":2,\"name\":\"De GasGas \u00e0 Husqvarna : Matthew Vanoevelen rebondit\"}]},{\"@type\":\"WebSite\",\"@id\":\"https:\\\/\\\/fr.motocrossmag.be\\\/#website\",\"url\":\"https:\\\/\\\/fr.motocrossmag.be\\\/\",\"name\":\"Motocross - Enduro - Supermoto | MotocrossMag\",\"description\":\"L&#039;actualit\u00e9 du motocross, de l&#039;enduro et du Supermoto en ligne!\",\"potentialAction\":[{\"@type\":\"SearchAction\",\"target\":{\"@type\":\"EntryPoint\",\"urlTemplate\":\"https:\\\/\\\/fr.motocrossmag.be\\\/?s={search_term_string}\"},\"query-input\":{\"@type\":\"PropertyValueSpecification\",\"valueRequired\":true,\"valueName\":\"search_term_string\"}}],\"inLanguage\":\"fr-FR\"},{\"@type\":\"Person\",\"@id\":\"https:\\\/\\\/fr.motocrossmag.be\\\/#\\\/schema\\\/person\\\/11b47143d9f755babca2c9110e03235c\",\"name\":\"oliviere\",\"image\":{\"@type\":\"ImageObject\",\"inLanguage\":\"fr-FR\",\"@id\":\"https:\\\/\\\/secure.gravatar.com\\\/avatar\\\/907069e0b81d119452040469e4a7501da1100f54f7f80180ce77bfab718288f6?s=96&d=mm&r=g\",\"url\":\"https:\\\/\\\/secure.gravatar.com\\\/avatar\\\/907069e0b81d119452040469e4a7501da1100f54f7f80180ce77bfab718288f6?s=96&d=mm&r=g\",\"contentUrl\":\"https:\\\/\\\/secure.gravatar.com\\\/avatar\\\/907069e0b81d119452040469e4a7501da1100f54f7f80180ce77bfab718288f6?s=96&d=mm&r=g\",\"caption\":\"oliviere\"},\"sameAs\":[\"http:\\\/\\\/www.motocrossmag.be\"],\"url\":\"https:\\\/\\\/fr.motocrossmag.be\\\/index.php\\\/author\\\/oliviere\\\/\"}]}<\/script>\n<!-- \/ Yoast SEO plugin. -->","yoast_head_json":{"title":"De GasGas \u00e0 Husqvarna : Matthew Vanoevelen rebondit - Motocross - Enduro - Supermoto | MotocrossMag","robots":{"index":"index","follow":"follow","max-snippet":"max-snippet:-1","max-image-preview":"max-image-preview:large","max-video-preview":"max-video-preview:-1"},"canonical":"https:\/\/fr.motocrossmag.be\/index.php\/2019\/07\/de-gasgas-a-husqvarna-matthew-vanoevelen-rebondit\/","og_locale":"fr_FR","og_type":"article","og_title":"De GasGas \u00e0 Husqvarna : Matthew Vanoevelen rebondit - Motocross - Enduro - Supermoto | MotocrossMag","og_description":"Depuis quelques semaines, Matthew Vanoevelen ne roule plus sous les couleurs de GasGas. Le partenariat entre le jeune pilote et le constructeur espagnol, avec qui il devait participer au championnat [...]","og_url":"https:\/\/fr.motocrossmag.be\/index.php\/2019\/07\/de-gasgas-a-husqvarna-matthew-vanoevelen-rebondit\/","og_site_name":"Motocross - Enduro - Supermoto | MotocrossMag","article_published_time":"2019-07-03T20:46:44+00:00","og_image":[{"width":1000,"height":666,"url":"https:\/\/fr.motocrossmag.be\/wp-content\/uploads\/2019\/07\/vanoevelen-husqvarna-bailleux.jpg","type":"image\/jpeg"}],"author":"oliviere","twitter_card":"summary_large_image","twitter_misc":{"\u00c9crit par":"oliviere","Dur\u00e9e de lecture estim\u00e9e":"2 minutes"},"schema":{"@context":"https:\/\/schema.org","@graph":[{"@type":"Article","@id":"https:\/\/fr.motocrossmag.be\/index.php\/2019\/07\/de-gasgas-a-husqvarna-matthew-vanoevelen-rebondit\/#article","isPartOf":{"@id":"https:\/\/fr.motocrossmag.be\/index.php\/2019\/07\/de-gasgas-a-husqvarna-matthew-vanoevelen-rebondit\/"},"author":{"name":"oliviere","@id":"https:\/\/fr.motocrossmag.be\/#\/schema\/person\/11b47143d9f755babca2c9110e03235c"},"headline":"De GasGas \u00e0 Husqvarna : Matthew Vanoevelen rebondit","datePublished":"2019-07-03T20:46:44+00:00","mainEntityOfPage":{"@id":"https:\/\/fr.motocrossmag.be\/index.php\/2019\/07\/de-gasgas-a-husqvarna-matthew-vanoevelen-rebondit\/"},"wordCount":428,"commentCount":0,"image":{"@id":"https:\/\/fr.motocrossmag.be\/index.php\/2019\/07\/de-gasgas-a-husqvarna-matthew-vanoevelen-rebondit\/#primaryimage"},"thumbnailUrl":"https:\/\/fr.motocrossmag.be\/wp-content\/uploads\/2019\/07\/vanoevelen-husqvarna-bailleux.jpg","articleSection":["Actualit\u00e9","Enduro","EnduroGP","FMB","News","News","Slideshow"],"inLanguage":"fr-FR","potentialAction":[{"@type":"CommentAction","name":"Comment","target":["https:\/\/fr.motocrossmag.be\/index.php\/2019\/07\/de-gasgas-a-husqvarna-matthew-vanoevelen-rebondit\/#respond"]}]},{"@type":"WebPage","@id":"https:\/\/fr.motocrossmag.be\/index.php\/2019\/07\/de-gasgas-a-husqvarna-matthew-vanoevelen-rebondit\/","url":"https:\/\/fr.motocrossmag.be\/index.php\/2019\/07\/de-gasgas-a-husqvarna-matthew-vanoevelen-rebondit\/","name":"De GasGas \u00e0 Husqvarna : Matthew Vanoevelen rebondit - Motocross - Enduro - Supermoto | MotocrossMag","isPartOf":{"@id":"https:\/\/fr.motocrossmag.be\/#website"},"primaryImageOfPage":{"@id":"https:\/\/fr.motocrossmag.be\/index.php\/2019\/07\/de-gasgas-a-husqvarna-matthew-vanoevelen-rebondit\/#primaryimage"},"image":{"@id":"https:\/\/fr.motocrossmag.be\/index.php\/2019\/07\/de-gasgas-a-husqvarna-matthew-vanoevelen-rebondit\/#primaryimage"},"thumbnailUrl":"https:\/\/fr.motocrossmag.be\/wp-content\/uploads\/2019\/07\/vanoevelen-husqvarna-bailleux.jpg","datePublished":"2019-07-03T20:46:44+00:00","author":{"@id":"https:\/\/fr.motocrossmag.be\/#\/schema\/person\/11b47143d9f755babca2c9110e03235c"},"breadcrumb":{"@id":"https:\/\/fr.motocrossmag.be\/index.php\/2019\/07\/de-gasgas-a-husqvarna-matthew-vanoevelen-rebondit\/#breadcrumb"},"inLanguage":"fr-FR","potentialAction":[{"@type":"ReadAction","target":["https:\/\/fr.motocrossmag.be\/index.php\/2019\/07\/de-gasgas-a-husqvarna-matthew-vanoevelen-rebondit\/"]}]},{"@type":"ImageObject","inLanguage":"fr-FR","@id":"https:\/\/fr.motocrossmag.be\/index.php\/2019\/07\/de-gasgas-a-husqvarna-matthew-vanoevelen-rebondit\/#primaryimage","url":"https:\/\/fr.motocrossmag.be\/wp-content\/uploads\/2019\/07\/vanoevelen-husqvarna-bailleux.jpg","contentUrl":"https:\/\/fr.motocrossmag.be\/wp-content\/uploads\/2019\/07\/vanoevelen-husqvarna-bailleux.jpg","width":1000,"height":666},{"@type":"BreadcrumbList","@id":"https:\/\/fr.motocrossmag.be\/index.php\/2019\/07\/de-gasgas-a-husqvarna-matthew-vanoevelen-rebondit\/#breadcrumb","itemListElement":[{"@type":"ListItem","position":1,"name":"Accueil","item":"https:\/\/fr.motocrossmag.be\/"},{"@type":"ListItem","position":2,"name":"De GasGas \u00e0 Husqvarna : Matthew Vanoevelen rebondit"}]},{"@type":"WebSite","@id":"https:\/\/fr.motocrossmag.be\/#website","url":"https:\/\/fr.motocrossmag.be\/","name":"Motocross - Enduro - Supermoto | MotocrossMag","description":"L&#039;actualit\u00e9 du motocross, de l&#039;enduro et du Supermoto en ligne!","potentialAction":[{"@type":"SearchAction","target":{"@type":"EntryPoint","urlTemplate":"https:\/\/fr.motocrossmag.be\/?s={search_term_string}"},"query-input":{"@type":"PropertyValueSpecification","valueRequired":true,"valueName":"search_term_string"}}],"inLanguage":"fr-FR"},{"@type":"Person","@id":"https:\/\/fr.motocrossmag.be\/#\/schema\/person\/11b47143d9f755babca2c9110e03235c","name":"oliviere","image":{"@type":"ImageObject","inLanguage":"fr-FR","@id":"https:\/\/secure.gravatar.com\/avatar\/907069e0b81d119452040469e4a7501da1100f54f7f80180ce77bfab718288f6?s=96&d=mm&r=g","url":"https:\/\/secure.gravatar.com\/avatar\/907069e0b81d119452040469e4a7501da1100f54f7f80180ce77bfab718288f6?s=96&d=mm&r=g","contentUrl":"https:\/\/secure.gravatar.com\/avatar\/907069e0b81d119452040469e4a7501da1100f54f7f80180ce77bfab718288f6?s=96&d=mm&r=g","caption":"oliviere"},"sameAs":["http:\/\/www.motocrossmag.be"],"url":"https:\/\/fr.motocrossmag.be\/index.php\/author\/oliviere\/"}]}},"_links":{"self":[{"href":"https:\/\/fr.motocrossmag.be\/index.php\/wp-json\/wp\/v2\/posts\/91049","targetHints":{"allow":["GET"]}}],"collection":[{"href":"https:\/\/fr.motocrossmag.be\/index.php\/wp-json\/wp\/v2\/posts"}],"about":[{"href":"https:\/\/fr.motocrossmag.be\/index.php\/wp-json\/wp\/v2\/types\/post"}],"author":[{"embeddable":true,"href":"https:\/\/fr.motocrossmag.be\/index.php\/wp-json\/wp\/v2\/users\/932"}],"replies":[{"embeddable":true,"href":"https:\/\/fr.motocrossmag.be\/index.php\/wp-json\/wp\/v2\/comments?post=91049"}],"version-history":[{"count":0,"href":"https:\/\/fr.motocrossmag.be\/index.php\/wp-json\/wp\/v2\/posts\/91049\/revisions"}],"wp:featuredmedia":[{"embeddable":true,"href":"https:\/\/fr.motocrossmag.be\/index.php\/wp-json\/wp\/v2\/media\/91050"}],"wp:attachment":[{"href":"https:\/\/fr.motocrossmag.be\/index.php\/wp-json\/wp\/v2\/media?parent=91049"}],"wp:term":[{"taxonomy":"category","embeddable":true,"href":"https:\/\/fr.motocrossmag.be\/index.php\/wp-json\/wp\/v2\/categories?post=91049"},{"taxonomy":"post_tag","embeddable":true,"href":"https:\/\/fr.motocrossmag.be\/index.php\/wp-json\/wp\/v2\/tags?post=91049"}],"curies":[{"name":"wp","href":"https:\/\/api.w.org\/{rel}","templated":true}]}}