{"id":91159,"date":"2019-07-12T15:11:24","date_gmt":"2019-07-12T13:11:24","guid":{"rendered":"https:\/\/fr.motocrossmag.be\/?p=91159"},"modified":"2019-07-18T16:36:46","modified_gmt":"2019-07-18T14:36:46","slug":"le-team-sc-weris-plebiscite-par-vos-votes-un-cadeau-a-la-hauteur-dun-40eme-anniversaire","status":"publish","type":"post","link":"https:\/\/fr.motocrossmag.be\/index.php\/2019\/07\/le-team-sc-weris-plebiscite-par-vos-votes-un-cadeau-a-la-hauteur-dun-40eme-anniversaire\/","title":{"rendered":"Le team SC W\u00e9ris pl\u00e9biscit\u00e9 par vos votes : un cadeau \u00e0 la hauteur d&rsquo;un 40\u00e8me anniversaire"},"content":{"rendered":"<p class=\"Standard\" style=\"text-align: justify; text-justify: inter-ideograph;\"><b><i><span lang=\"FR\">Si cette ann\u00e9e les 12 heures de la Chinelle f\u00eatent leur 40<sup>e<\/sup> \u00e9dition, d&rsquo;autres profiteront aussi de cadeaux \u00e0 la hauteur de l&rsquo;\u00e9v\u00e9nement&#8230; C&rsquo;est le cas de l&rsquo;\u00e9quipage du SC W\u00e9ris, pl\u00e9biscit\u00e9 par les votes des internautes dans le cadre de notre grand concours, et qui roulera gratuitement les 10 et 11 ao\u00fbt prochains.<\/span><\/i><\/b><\/p>\n<p class=\"Standard\" style=\"text-align: justify; text-justify: inter-ideograph;\"><span lang=\"FR\">Jimmy Waerzeggers, Tristan Lacasse et Nicolas Herman sont les trois pilotes qui gagnent leur inscription \u00e0 l&rsquo;\u00e9preuve d&rsquo;enduro de la Chinelle 2019, soit un cadeau de pr\u00e8s de 1.300\u20ac. Au terme du concours, ce sont eux qui ont r\u00e9colt\u00e9 le plus de voix de la part du public durant la phase de vote, leur ouvrant les portes de la c\u00e9l\u00e8bre \u00e9preuve.<\/span><\/p>\n<blockquote>\n<p class=\"Standard\" style=\"text-align: justify; text-justify: inter-ideograph;\"><b><span lang=\"FR\">\u00ab\u00a0On a cass\u00e9 les pieds de tout notre entourage pendant une semaine\u00a0\u00bb<\/span><\/b><\/p>\n<\/blockquote>\n<p class=\"Standard\" style=\"text-align: justify; text-justify: inter-ideograph;\"><span lang=\"FR\">Sur les pr\u00e8s de 14.000 votes comptabilis\u00e9s durant ce concours, le <i>team<\/i> SC W\u00e9ris, du nom du club o\u00f9 sont affili\u00e9s nos gagnants, a termin\u00e9 en t\u00eate du scrutin organis\u00e9 en ligne, totalisant 31% des voix. Un travail de longue haleine pour les pilotes&#8230; \u00ab<i>\u00a0Chaque jour, on a cass\u00e9 les pieds de notre famille et de nos amis en leur demandant de voter pour notre \u00e9quipage<\/i>, explique Jimmy Waerzeggers, 23 ans, et chauffeur poids lourd au quotidien. <i>On partageait le concours en permanence sur Facebook, on envoyait des messages priv\u00e9s chaque jour \u00e0 tous nos contacts, leur demandant de repartager le concours \u00e0 leur tour. Au final, \u00e7a a pay\u00e9\u00a0!<\/i>\u00a0\u00bb De grandes familles, beaucoup de connaissances mais aussi le soutien des sponsors qui les suivent depuis un bout de temps sur le circuit, et qui ont eux aussi fait jouer leur r\u00e9seau pour rallier davantage de votants \u00e0 leur cause.<\/span><\/p>\n<blockquote>\n<p class=\"Standard\" style=\"text-align: justify; text-justify: inter-ideograph;\"><b><span lang=\"FR\">\u00ab\u00a0Faire de notre mieux devant nos supporters\u00a0\u00bb<\/span><\/b><\/p>\n<\/blockquote>\n<p class=\"Standard\" style=\"text-align: justify; text-justify: inter-ideograph;\"><span lang=\"FR\">Alors que Nico, 27 ans, a d\u00e9j\u00e0 particip\u00e9 une fois \u00e0 la course d&rsquo;endurance de Philippeville (bouclant les 12 heures dans le top 50 l&rsquo;an pass\u00e9), pour Jimmy et Tristan, ce sera une grande premi\u00e8re \u00e0 Franchimont. Du moins sur la moto. \u00ab\u00a0<i>Depuis que je roule, je n&rsquo;ai pas rat\u00e9 une \u00e9dition de la Chinelle<\/i>, raconte Jimmy. <i>Mais c&rsquo;\u00e9tait \u00e0 chaque fois en tant que spectateur ou supporter d&rsquo;amis qui concouraient. Cette fois, ce sera autre chose\u00a0!<\/i>\u00a0\u00bb Si cette version 2019 de la Chinelle sera une nouveaut\u00e9 pour deux des trois pilotes, tout l&rsquo;\u00e9quipage n&rsquo;en reste pas moins aff\u00fbt\u00e9 et bien pr\u00e9par\u00e9 pour un tel \u00e9v\u00e9nement. Nos trois hommes roulent en effet tous les week-ends sur les \u00e9preuves AMPL o\u00f9 certains se sont d&rsquo;ailleurs d\u00e9j\u00e0 retrouv\u00e9s sur les podiums, \u00e0 Bastogne ou Honville notamment.<\/span><\/p>\n<div id=\"attachment_77973\" style=\"width: 660px\" class=\"wp-caption alignnone\"><img decoding=\"async\" aria-describedby=\"caption-attachment-77973\" class=\"lazyload size-medium wp-image-77973\" src=\"https:\/\/fr.motocrossmag.be\/wp-content\/uploads\/2018\/08\/La-Chinelle-035-650x433.jpg\" data-orig-src=\"https:\/\/fr.motocrossmag.be\/wp-content\/uploads\/2018\/08\/La-Chinelle-035-650x433.jpg\" alt=\"\" width=\"650\" height=\"433\" srcset=\"data:image\/svg+xml,%3Csvg%20xmlns%3D%27http%3A%2F%2Fwww.w3.org%2F2000%2Fsvg%27%20width%3D%27650%27%20height%3D%27433%27%20viewBox%3D%270%200%20650%20433%27%3E%3Crect%20width%3D%27650%27%20height%3D%27433%27%20fill-opacity%3D%220%22%2F%3E%3C%2Fsvg%3E\" data-srcset=\"https:\/\/fr.motocrossmag.be\/wp-content\/uploads\/2018\/08\/La-Chinelle-035-650x433.jpg 650w, https:\/\/fr.motocrossmag.be\/wp-content\/uploads\/2018\/08\/La-Chinelle-035-768x511.jpg 768w, https:\/\/fr.motocrossmag.be\/wp-content\/uploads\/2018\/08\/La-Chinelle-035.jpg 850w\" data-sizes=\"auto\" data-orig-sizes=\"(max-width: 650px) 100vw, 650px\" \/><p id=\"caption-attachment-77973\" class=\"wp-caption-text\">Le d\u00e9part le samedi \u00e0 minuit depuis l&rsquo;esplanade de Franchimont. Toujours un grand spectacle !<\/p><\/div>\n<p class=\"Standard\" style=\"text-align: justify; text-justify: inter-ideograph;\"><span lang=\"FR\">Autre course, autre contexte&#8230; et autres objectifs\u00a0! \u00ab\u00a0<i>Ce n&rsquo;est pas facile de donner avec pr\u00e9cision l&rsquo;un ou l&rsquo;autre objectif de course sur cette Chinelle. Pour nous, le principal sera de mettre tout en \u0153uvre pour que cela reste un bon souvenir. La famille et les copains seront pr\u00e9sents sur place pour nous soutenir, comme ils le font \u00e0 chacun de nos d\u00e9placements. On va donc l\u00e0-bas avec la volont\u00e9 de faire de notre mieux pour les remercier de nous avoir emmen\u00e9s dans cette aventure.<\/i>\u00a0\u00bb<\/span><\/p>\n<p><img decoding=\"async\" class=\"lazyload alignnone size-medium wp-image-37584\" src=\"https:\/\/fr.motocrossmag.be\/wp-content\/uploads\/2015\/08\/RB_12h-de-La-Chinelle_by-Bavo_DSC_4456-C-1024x682-650x433.jpg\" data-orig-src=\"https:\/\/fr.motocrossmag.be\/wp-content\/uploads\/2015\/08\/RB_12h-de-La-Chinelle_by-Bavo_DSC_4456-C-1024x682-650x433.jpg\" alt=\"\" width=\"650\" height=\"433\" srcset=\"data:image\/svg+xml,%3Csvg%20xmlns%3D%27http%3A%2F%2Fwww.w3.org%2F2000%2Fsvg%27%20width%3D%27650%27%20height%3D%27433%27%20viewBox%3D%270%200%20650%20433%27%3E%3Crect%20width%3D%27650%27%20height%3D%27433%27%20fill-opacity%3D%220%22%2F%3E%3C%2Fsvg%3E\" data-srcset=\"https:\/\/fr.motocrossmag.be\/wp-content\/uploads\/2015\/08\/RB_12h-de-La-Chinelle_by-Bavo_DSC_4456-C-1024x682-650x433.jpg 650w, https:\/\/fr.motocrossmag.be\/wp-content\/uploads\/2015\/08\/RB_12h-de-La-Chinelle_by-Bavo_DSC_4456-C-1024x682.jpg 1024w\" data-sizes=\"auto\" data-orig-sizes=\"(max-width: 650px) 100vw, 650px\" \/><\/p>\n<p class=\"Standard\" style=\"text-align: justify; text-justify: inter-ideograph;\"><span lang=\"FR\">Pour nos laur\u00e9ats, pilotes amateurs, un tel cadeau repr\u00e9sente \u00e9videmment une sacr\u00e9e aide, bien qu&rsquo;il faille encore compter d&rsquo;autres d\u00e9penses pour s&rsquo;engager dans cette \u00e9preuve de renomm\u00e9e internationale. Outre le carburant, notre <i>team<\/i> gagnant devra \u00e9galement louer une moto (une TM 250 4 temps) aupr\u00e8s d&rsquo;un garage sp\u00e9cialis\u00e9, soit environ 3.500\u20ac sur le week-end. Il faudra aussi faire les justes provisions pour garder de l&rsquo;\u00e9nergie tout au long de ces 12 heures de course ininterrompues. Et probablement offrir quelques rafra\u00eechissements bien m\u00e9rit\u00e9s \u00e0 leurs supporters&#8230; <\/span><\/p>\n<p class=\"Standard\" style=\"text-align: justify; text-justify: inter-ideograph;\"><span lang=\"FR\">Nul doute que nous ne manquerons pas de suivre avec une attention particuli\u00e8re nos trois laur\u00e9ats.<\/span><\/p>\n<p>&nbsp;<\/p>\n<p>Texte : Maximilien Lavis<\/p>\n","protected":false},"excerpt":{"rendered":"<p>Si cette ann\u00e9e les 12 heures de la Chinelle f\u00eatent leur 40e \u00e9dition, d&rsquo;autres profiteront aussi de cadeaux \u00e0 la hauteur de l&rsquo;\u00e9v\u00e9nement&#8230; C&rsquo;est le cas de l&rsquo;\u00e9quipage du SC [&#8230;]<\/p>\n","protected":false},"author":932,"featured_media":78021,"comment_status":"open","ping_status":"closed","sticky":false,"template":"","format":"standard","meta":{"footnotes":""},"categories":[54,32,35,73,33,55,65],"tags":[951],"class_list":["post-91159","post","type-post","status-publish","format-standard","has-post-thumbnail","hentry","category-actualite","category-enduro","category-fmb-enduro","category-chinelle","category-news-enduro","category-news-actualite","category-slideshow","tag-enduro"],"yoast_head":"<!-- This site is optimized with the Yoast SEO plugin v27.4 - https:\/\/yoast.com\/product\/yoast-seo-wordpress\/ -->\n<title>Le team SC W\u00e9ris pl\u00e9biscit\u00e9 par vos votes : un cadeau \u00e0 la hauteur d&#039;un 40\u00e8me anniversaire - Motocross - Enduro - Supermoto | MotocrossMag<\/title>\n<meta name=\"robots\" content=\"index, follow, max-snippet:-1, max-image-preview:large, max-video-preview:-1\" \/>\n<link rel=\"canonical\" href=\"https:\/\/fr.motocrossmag.be\/index.php\/2019\/07\/le-team-sc-weris-plebiscite-par-vos-votes-un-cadeau-a-la-hauteur-dun-40eme-anniversaire\/\" \/>\n<meta property=\"og:locale\" content=\"fr_FR\" \/>\n<meta property=\"og:type\" content=\"article\" \/>\n<meta property=\"og:title\" content=\"Le team SC W\u00e9ris pl\u00e9biscit\u00e9 par vos votes : un cadeau \u00e0 la hauteur d&#039;un 40\u00e8me anniversaire - Motocross - Enduro - Supermoto | MotocrossMag\" \/>\n<meta property=\"og:description\" content=\"Si cette ann\u00e9e les 12 heures de la Chinelle f\u00eatent leur 40e \u00e9dition, d&rsquo;autres profiteront aussi de cadeaux \u00e0 la hauteur de l&rsquo;\u00e9v\u00e9nement&#8230; C&rsquo;est le cas de l&rsquo;\u00e9quipage du SC [...]\" \/>\n<meta property=\"og:url\" content=\"https:\/\/fr.motocrossmag.be\/index.php\/2019\/07\/le-team-sc-weris-plebiscite-par-vos-votes-un-cadeau-a-la-hauteur-dun-40eme-anniversaire\/\" \/>\n<meta property=\"og:site_name\" content=\"Motocross - Enduro - Supermoto | MotocrossMag\" \/>\n<meta property=\"article:published_time\" content=\"2019-07-12T13:11:24+00:00\" \/>\n<meta property=\"article:modified_time\" content=\"2019-07-18T14:36:46+00:00\" \/>\n<meta property=\"og:image\" content=\"https:\/\/fr.motocrossmag.be\/wp-content\/uploads\/2018\/08\/La-Chinelle-083.jpg\" \/>\n\t<meta property=\"og:image:width\" content=\"850\" \/>\n\t<meta property=\"og:image:height\" content=\"566\" \/>\n\t<meta property=\"og:image:type\" content=\"image\/jpeg\" \/>\n<meta name=\"author\" content=\"oliviere\" \/>\n<meta name=\"twitter:card\" content=\"summary_large_image\" \/>\n<meta name=\"twitter:label1\" content=\"\u00c9crit par\" \/>\n\t<meta name=\"twitter:data1\" content=\"oliviere\" \/>\n\t<meta name=\"twitter:label2\" content=\"Dur\u00e9e de lecture estim\u00e9e\" \/>\n\t<meta name=\"twitter:data2\" content=\"3 minutes\" \/>\n<script type=\"application\/ld+json\" class=\"yoast-schema-graph\">{\"@context\":\"https:\\\/\\\/schema.org\",\"@graph\":[{\"@type\":\"Article\",\"@id\":\"https:\\\/\\\/fr.motocrossmag.be\\\/index.php\\\/2019\\\/07\\\/le-team-sc-weris-plebiscite-par-vos-votes-un-cadeau-a-la-hauteur-dun-40eme-anniversaire\\\/#article\",\"isPartOf\":{\"@id\":\"https:\\\/\\\/fr.motocrossmag.be\\\/index.php\\\/2019\\\/07\\\/le-team-sc-weris-plebiscite-par-vos-votes-un-cadeau-a-la-hauteur-dun-40eme-anniversaire\\\/\"},\"author\":{\"name\":\"oliviere\",\"@id\":\"https:\\\/\\\/fr.motocrossmag.be\\\/#\\\/schema\\\/person\\\/11b47143d9f755babca2c9110e03235c\"},\"headline\":\"Le team SC W\u00e9ris pl\u00e9biscit\u00e9 par vos votes : un cadeau \u00e0 la hauteur d&rsquo;un 40\u00e8me anniversaire\",\"datePublished\":\"2019-07-12T13:11:24+00:00\",\"dateModified\":\"2019-07-18T14:36:46+00:00\",\"mainEntityOfPage\":{\"@id\":\"https:\\\/\\\/fr.motocrossmag.be\\\/index.php\\\/2019\\\/07\\\/le-team-sc-weris-plebiscite-par-vos-votes-un-cadeau-a-la-hauteur-dun-40eme-anniversaire\\\/\"},\"wordCount\":683,\"commentCount\":0,\"image\":{\"@id\":\"https:\\\/\\\/fr.motocrossmag.be\\\/index.php\\\/2019\\\/07\\\/le-team-sc-weris-plebiscite-par-vos-votes-un-cadeau-a-la-hauteur-dun-40eme-anniversaire\\\/#primaryimage\"},\"thumbnailUrl\":\"https:\\\/\\\/fr.motocrossmag.be\\\/wp-content\\\/uploads\\\/2018\\\/08\\\/La-Chinelle-083.jpg\",\"keywords\":[\"Enduro\"],\"articleSection\":[\"Actualit\u00e9\",\"Enduro\",\"FMB\",\"La Chinelle\",\"News\",\"News\",\"Slideshow\"],\"inLanguage\":\"fr-FR\",\"potentialAction\":[{\"@type\":\"CommentAction\",\"name\":\"Comment\",\"target\":[\"https:\\\/\\\/fr.motocrossmag.be\\\/index.php\\\/2019\\\/07\\\/le-team-sc-weris-plebiscite-par-vos-votes-un-cadeau-a-la-hauteur-dun-40eme-anniversaire\\\/#respond\"]}]},{\"@type\":\"WebPage\",\"@id\":\"https:\\\/\\\/fr.motocrossmag.be\\\/index.php\\\/2019\\\/07\\\/le-team-sc-weris-plebiscite-par-vos-votes-un-cadeau-a-la-hauteur-dun-40eme-anniversaire\\\/\",\"url\":\"https:\\\/\\\/fr.motocrossmag.be\\\/index.php\\\/2019\\\/07\\\/le-team-sc-weris-plebiscite-par-vos-votes-un-cadeau-a-la-hauteur-dun-40eme-anniversaire\\\/\",\"name\":\"Le team SC W\u00e9ris pl\u00e9biscit\u00e9 par vos votes : un cadeau \u00e0 la hauteur d'un 40\u00e8me anniversaire - Motocross - Enduro - Supermoto | MotocrossMag\",\"isPartOf\":{\"@id\":\"https:\\\/\\\/fr.motocrossmag.be\\\/#website\"},\"primaryImageOfPage\":{\"@id\":\"https:\\\/\\\/fr.motocrossmag.be\\\/index.php\\\/2019\\\/07\\\/le-team-sc-weris-plebiscite-par-vos-votes-un-cadeau-a-la-hauteur-dun-40eme-anniversaire\\\/#primaryimage\"},\"image\":{\"@id\":\"https:\\\/\\\/fr.motocrossmag.be\\\/index.php\\\/2019\\\/07\\\/le-team-sc-weris-plebiscite-par-vos-votes-un-cadeau-a-la-hauteur-dun-40eme-anniversaire\\\/#primaryimage\"},\"thumbnailUrl\":\"https:\\\/\\\/fr.motocrossmag.be\\\/wp-content\\\/uploads\\\/2018\\\/08\\\/La-Chinelle-083.jpg\",\"datePublished\":\"2019-07-12T13:11:24+00:00\",\"dateModified\":\"2019-07-18T14:36:46+00:00\",\"author\":{\"@id\":\"https:\\\/\\\/fr.motocrossmag.be\\\/#\\\/schema\\\/person\\\/11b47143d9f755babca2c9110e03235c\"},\"breadcrumb\":{\"@id\":\"https:\\\/\\\/fr.motocrossmag.be\\\/index.php\\\/2019\\\/07\\\/le-team-sc-weris-plebiscite-par-vos-votes-un-cadeau-a-la-hauteur-dun-40eme-anniversaire\\\/#breadcrumb\"},\"inLanguage\":\"fr-FR\",\"potentialAction\":[{\"@type\":\"ReadAction\",\"target\":[\"https:\\\/\\\/fr.motocrossmag.be\\\/index.php\\\/2019\\\/07\\\/le-team-sc-weris-plebiscite-par-vos-votes-un-cadeau-a-la-hauteur-dun-40eme-anniversaire\\\/\"]}]},{\"@type\":\"ImageObject\",\"inLanguage\":\"fr-FR\",\"@id\":\"https:\\\/\\\/fr.motocrossmag.be\\\/index.php\\\/2019\\\/07\\\/le-team-sc-weris-plebiscite-par-vos-votes-un-cadeau-a-la-hauteur-dun-40eme-anniversaire\\\/#primaryimage\",\"url\":\"https:\\\/\\\/fr.motocrossmag.be\\\/wp-content\\\/uploads\\\/2018\\\/08\\\/La-Chinelle-083.jpg\",\"contentUrl\":\"https:\\\/\\\/fr.motocrossmag.be\\\/wp-content\\\/uploads\\\/2018\\\/08\\\/La-Chinelle-083.jpg\",\"width\":850,\"height\":566},{\"@type\":\"BreadcrumbList\",\"@id\":\"https:\\\/\\\/fr.motocrossmag.be\\\/index.php\\\/2019\\\/07\\\/le-team-sc-weris-plebiscite-par-vos-votes-un-cadeau-a-la-hauteur-dun-40eme-anniversaire\\\/#breadcrumb\",\"itemListElement\":[{\"@type\":\"ListItem\",\"position\":1,\"name\":\"Accueil\",\"item\":\"https:\\\/\\\/fr.motocrossmag.be\\\/\"},{\"@type\":\"ListItem\",\"position\":2,\"name\":\"Le team SC W\u00e9ris pl\u00e9biscit\u00e9 par vos votes : un cadeau \u00e0 la hauteur d&rsquo;un 40\u00e8me anniversaire\"}]},{\"@type\":\"WebSite\",\"@id\":\"https:\\\/\\\/fr.motocrossmag.be\\\/#website\",\"url\":\"https:\\\/\\\/fr.motocrossmag.be\\\/\",\"name\":\"Motocross - Enduro - Supermoto | MotocrossMag\",\"description\":\"L&#039;actualit\u00e9 du motocross, de l&#039;enduro et du Supermoto en ligne!\",\"potentialAction\":[{\"@type\":\"SearchAction\",\"target\":{\"@type\":\"EntryPoint\",\"urlTemplate\":\"https:\\\/\\\/fr.motocrossmag.be\\\/?s={search_term_string}\"},\"query-input\":{\"@type\":\"PropertyValueSpecification\",\"valueRequired\":true,\"valueName\":\"search_term_string\"}}],\"inLanguage\":\"fr-FR\"},{\"@type\":\"Person\",\"@id\":\"https:\\\/\\\/fr.motocrossmag.be\\\/#\\\/schema\\\/person\\\/11b47143d9f755babca2c9110e03235c\",\"name\":\"oliviere\",\"image\":{\"@type\":\"ImageObject\",\"inLanguage\":\"fr-FR\",\"@id\":\"https:\\\/\\\/secure.gravatar.com\\\/avatar\\\/907069e0b81d119452040469e4a7501da1100f54f7f80180ce77bfab718288f6?s=96&d=mm&r=g\",\"url\":\"https:\\\/\\\/secure.gravatar.com\\\/avatar\\\/907069e0b81d119452040469e4a7501da1100f54f7f80180ce77bfab718288f6?s=96&d=mm&r=g\",\"contentUrl\":\"https:\\\/\\\/secure.gravatar.com\\\/avatar\\\/907069e0b81d119452040469e4a7501da1100f54f7f80180ce77bfab718288f6?s=96&d=mm&r=g\",\"caption\":\"oliviere\"},\"sameAs\":[\"http:\\\/\\\/www.motocrossmag.be\"],\"url\":\"https:\\\/\\\/fr.motocrossmag.be\\\/index.php\\\/author\\\/oliviere\\\/\"}]}<\/script>\n<!-- \/ Yoast SEO plugin. -->","yoast_head_json":{"title":"Le team SC W\u00e9ris pl\u00e9biscit\u00e9 par vos votes : un cadeau \u00e0 la hauteur d'un 40\u00e8me anniversaire - Motocross - Enduro - Supermoto | MotocrossMag","robots":{"index":"index","follow":"follow","max-snippet":"max-snippet:-1","max-image-preview":"max-image-preview:large","max-video-preview":"max-video-preview:-1"},"canonical":"https:\/\/fr.motocrossmag.be\/index.php\/2019\/07\/le-team-sc-weris-plebiscite-par-vos-votes-un-cadeau-a-la-hauteur-dun-40eme-anniversaire\/","og_locale":"fr_FR","og_type":"article","og_title":"Le team SC W\u00e9ris pl\u00e9biscit\u00e9 par vos votes : un cadeau \u00e0 la hauteur d'un 40\u00e8me anniversaire - Motocross - Enduro - Supermoto | MotocrossMag","og_description":"Si cette ann\u00e9e les 12 heures de la Chinelle f\u00eatent leur 40e \u00e9dition, d&rsquo;autres profiteront aussi de cadeaux \u00e0 la hauteur de l&rsquo;\u00e9v\u00e9nement&#8230; C&rsquo;est le cas de l&rsquo;\u00e9quipage du SC [...]","og_url":"https:\/\/fr.motocrossmag.be\/index.php\/2019\/07\/le-team-sc-weris-plebiscite-par-vos-votes-un-cadeau-a-la-hauteur-dun-40eme-anniversaire\/","og_site_name":"Motocross - Enduro - Supermoto | MotocrossMag","article_published_time":"2019-07-12T13:11:24+00:00","article_modified_time":"2019-07-18T14:36:46+00:00","og_image":[{"width":850,"height":566,"url":"https:\/\/fr.motocrossmag.be\/wp-content\/uploads\/2018\/08\/La-Chinelle-083.jpg","type":"image\/jpeg"}],"author":"oliviere","twitter_card":"summary_large_image","twitter_misc":{"\u00c9crit par":"oliviere","Dur\u00e9e de lecture estim\u00e9e":"3 minutes"},"schema":{"@context":"https:\/\/schema.org","@graph":[{"@type":"Article","@id":"https:\/\/fr.motocrossmag.be\/index.php\/2019\/07\/le-team-sc-weris-plebiscite-par-vos-votes-un-cadeau-a-la-hauteur-dun-40eme-anniversaire\/#article","isPartOf":{"@id":"https:\/\/fr.motocrossmag.be\/index.php\/2019\/07\/le-team-sc-weris-plebiscite-par-vos-votes-un-cadeau-a-la-hauteur-dun-40eme-anniversaire\/"},"author":{"name":"oliviere","@id":"https:\/\/fr.motocrossmag.be\/#\/schema\/person\/11b47143d9f755babca2c9110e03235c"},"headline":"Le team SC W\u00e9ris pl\u00e9biscit\u00e9 par vos votes : un cadeau \u00e0 la hauteur d&rsquo;un 40\u00e8me anniversaire","datePublished":"2019-07-12T13:11:24+00:00","dateModified":"2019-07-18T14:36:46+00:00","mainEntityOfPage":{"@id":"https:\/\/fr.motocrossmag.be\/index.php\/2019\/07\/le-team-sc-weris-plebiscite-par-vos-votes-un-cadeau-a-la-hauteur-dun-40eme-anniversaire\/"},"wordCount":683,"commentCount":0,"image":{"@id":"https:\/\/fr.motocrossmag.be\/index.php\/2019\/07\/le-team-sc-weris-plebiscite-par-vos-votes-un-cadeau-a-la-hauteur-dun-40eme-anniversaire\/#primaryimage"},"thumbnailUrl":"https:\/\/fr.motocrossmag.be\/wp-content\/uploads\/2018\/08\/La-Chinelle-083.jpg","keywords":["Enduro"],"articleSection":["Actualit\u00e9","Enduro","FMB","La Chinelle","News","News","Slideshow"],"inLanguage":"fr-FR","potentialAction":[{"@type":"CommentAction","name":"Comment","target":["https:\/\/fr.motocrossmag.be\/index.php\/2019\/07\/le-team-sc-weris-plebiscite-par-vos-votes-un-cadeau-a-la-hauteur-dun-40eme-anniversaire\/#respond"]}]},{"@type":"WebPage","@id":"https:\/\/fr.motocrossmag.be\/index.php\/2019\/07\/le-team-sc-weris-plebiscite-par-vos-votes-un-cadeau-a-la-hauteur-dun-40eme-anniversaire\/","url":"https:\/\/fr.motocrossmag.be\/index.php\/2019\/07\/le-team-sc-weris-plebiscite-par-vos-votes-un-cadeau-a-la-hauteur-dun-40eme-anniversaire\/","name":"Le team SC W\u00e9ris pl\u00e9biscit\u00e9 par vos votes : un cadeau \u00e0 la hauteur d'un 40\u00e8me anniversaire - Motocross - Enduro - Supermoto | MotocrossMag","isPartOf":{"@id":"https:\/\/fr.motocrossmag.be\/#website"},"primaryImageOfPage":{"@id":"https:\/\/fr.motocrossmag.be\/index.php\/2019\/07\/le-team-sc-weris-plebiscite-par-vos-votes-un-cadeau-a-la-hauteur-dun-40eme-anniversaire\/#primaryimage"},"image":{"@id":"https:\/\/fr.motocrossmag.be\/index.php\/2019\/07\/le-team-sc-weris-plebiscite-par-vos-votes-un-cadeau-a-la-hauteur-dun-40eme-anniversaire\/#primaryimage"},"thumbnailUrl":"https:\/\/fr.motocrossmag.be\/wp-content\/uploads\/2018\/08\/La-Chinelle-083.jpg","datePublished":"2019-07-12T13:11:24+00:00","dateModified":"2019-07-18T14:36:46+00:00","author":{"@id":"https:\/\/fr.motocrossmag.be\/#\/schema\/person\/11b47143d9f755babca2c9110e03235c"},"breadcrumb":{"@id":"https:\/\/fr.motocrossmag.be\/index.php\/2019\/07\/le-team-sc-weris-plebiscite-par-vos-votes-un-cadeau-a-la-hauteur-dun-40eme-anniversaire\/#breadcrumb"},"inLanguage":"fr-FR","potentialAction":[{"@type":"ReadAction","target":["https:\/\/fr.motocrossmag.be\/index.php\/2019\/07\/le-team-sc-weris-plebiscite-par-vos-votes-un-cadeau-a-la-hauteur-dun-40eme-anniversaire\/"]}]},{"@type":"ImageObject","inLanguage":"fr-FR","@id":"https:\/\/fr.motocrossmag.be\/index.php\/2019\/07\/le-team-sc-weris-plebiscite-par-vos-votes-un-cadeau-a-la-hauteur-dun-40eme-anniversaire\/#primaryimage","url":"https:\/\/fr.motocrossmag.be\/wp-content\/uploads\/2018\/08\/La-Chinelle-083.jpg","contentUrl":"https:\/\/fr.motocrossmag.be\/wp-content\/uploads\/2018\/08\/La-Chinelle-083.jpg","width":850,"height":566},{"@type":"BreadcrumbList","@id":"https:\/\/fr.motocrossmag.be\/index.php\/2019\/07\/le-team-sc-weris-plebiscite-par-vos-votes-un-cadeau-a-la-hauteur-dun-40eme-anniversaire\/#breadcrumb","itemListElement":[{"@type":"ListItem","position":1,"name":"Accueil","item":"https:\/\/fr.motocrossmag.be\/"},{"@type":"ListItem","position":2,"name":"Le team SC W\u00e9ris pl\u00e9biscit\u00e9 par vos votes : un cadeau \u00e0 la hauteur d&rsquo;un 40\u00e8me anniversaire"}]},{"@type":"WebSite","@id":"https:\/\/fr.motocrossmag.be\/#website","url":"https:\/\/fr.motocrossmag.be\/","name":"Motocross - Enduro - Supermoto | MotocrossMag","description":"L&#039;actualit\u00e9 du motocross, de l&#039;enduro et du Supermoto en ligne!","potentialAction":[{"@type":"SearchAction","target":{"@type":"EntryPoint","urlTemplate":"https:\/\/fr.motocrossmag.be\/?s={search_term_string}"},"query-input":{"@type":"PropertyValueSpecification","valueRequired":true,"valueName":"search_term_string"}}],"inLanguage":"fr-FR"},{"@type":"Person","@id":"https:\/\/fr.motocrossmag.be\/#\/schema\/person\/11b47143d9f755babca2c9110e03235c","name":"oliviere","image":{"@type":"ImageObject","inLanguage":"fr-FR","@id":"https:\/\/secure.gravatar.com\/avatar\/907069e0b81d119452040469e4a7501da1100f54f7f80180ce77bfab718288f6?s=96&d=mm&r=g","url":"https:\/\/secure.gravatar.com\/avatar\/907069e0b81d119452040469e4a7501da1100f54f7f80180ce77bfab718288f6?s=96&d=mm&r=g","contentUrl":"https:\/\/secure.gravatar.com\/avatar\/907069e0b81d119452040469e4a7501da1100f54f7f80180ce77bfab718288f6?s=96&d=mm&r=g","caption":"oliviere"},"sameAs":["http:\/\/www.motocrossmag.be"],"url":"https:\/\/fr.motocrossmag.be\/index.php\/author\/oliviere\/"}]}},"_links":{"self":[{"href":"https:\/\/fr.motocrossmag.be\/index.php\/wp-json\/wp\/v2\/posts\/91159","targetHints":{"allow":["GET"]}}],"collection":[{"href":"https:\/\/fr.motocrossmag.be\/index.php\/wp-json\/wp\/v2\/posts"}],"about":[{"href":"https:\/\/fr.motocrossmag.be\/index.php\/wp-json\/wp\/v2\/types\/post"}],"author":[{"embeddable":true,"href":"https:\/\/fr.motocrossmag.be\/index.php\/wp-json\/wp\/v2\/users\/932"}],"replies":[{"embeddable":true,"href":"https:\/\/fr.motocrossmag.be\/index.php\/wp-json\/wp\/v2\/comments?post=91159"}],"version-history":[{"count":0,"href":"https:\/\/fr.motocrossmag.be\/index.php\/wp-json\/wp\/v2\/posts\/91159\/revisions"}],"wp:featuredmedia":[{"embeddable":true,"href":"https:\/\/fr.motocrossmag.be\/index.php\/wp-json\/wp\/v2\/media\/78021"}],"wp:attachment":[{"href":"https:\/\/fr.motocrossmag.be\/index.php\/wp-json\/wp\/v2\/media?parent=91159"}],"wp:term":[{"taxonomy":"category","embeddable":true,"href":"https:\/\/fr.motocrossmag.be\/index.php\/wp-json\/wp\/v2\/categories?post=91159"},{"taxonomy":"post_tag","embeddable":true,"href":"https:\/\/fr.motocrossmag.be\/index.php\/wp-json\/wp\/v2\/tags?post=91159"}],"curies":[{"name":"wp","href":"https:\/\/api.w.org\/{rel}","templated":true}]}}