{"id":91249,"date":"2019-07-10T10:41:38","date_gmt":"2019-07-10T08:41:38","guid":{"rendered":"https:\/\/fr.motocrossmag.be\/?p=91249"},"modified":"2019-07-18T16:38:18","modified_gmt":"2019-07-18T14:38:18","slug":"lavenir-de-lenduro-mondial-au-centre-des-preoccupations-de-la-fim","status":"publish","type":"post","link":"https:\/\/fr.motocrossmag.be\/index.php\/2019\/07\/lavenir-de-lenduro-mondial-au-centre-des-preoccupations-de-la-fim\/","title":{"rendered":"L&rsquo;avenir de l&rsquo;enduro mondial au centre des pr\u00e9occupations de la FIM"},"content":{"rendered":"<p><strong>On se souvient du bras de fer qui a oppos\u00e9 la FIM \u00e0 KTM durant l&rsquo;hiver 2017 concernant l&rsquo;orientation a donner au championnat du monde d&rsquo;enduro. Un championnat qui ne correspond plus \u00e0 ce que les Autrichiens attendent de la discipline et dont ils attendaient qu&rsquo;il re\u00e7oive une nouvelle impulsion de la part des autorit\u00e9s f\u00e9d\u00e9rales. Chaque partie campant sur ses positions, KTM voulant un championnat plus spectaculaire, plus \u00ab\u00a0extr\u00eame\u00a0\u00bb tandis que la f\u00e9d\u00e9ration internationale entendait conserver les fondamentaux de l&rsquo;enduro, cet affrontement a donn\u00e9 naissance au WESS.<\/strong><\/p>\n<p>Les \u00ab\u00a0World Enduro Super Series\u00a0\u00bb, dont on dispute cette ann\u00e9e la 2\u00e8me \u00e9dition, regroupent dans un championnat diff\u00e9rentes \u00e9preuves aux formats vari\u00e9s (extr\u00eames, sable, cross-country,&#8230;) qui font partie des classiques support\u00e9es d\u00e9j\u00e0 auparavant pour la plupart par Red Bull, partenaire historique de KTM. Avec pour regrettable cons\u00e9quence pour le championnat EnduroGP qu&rsquo;il se voyait priv\u00e9 de nombreux t\u00e9nors, les pilotes officiels KTM et Husqvarna se retirant par la m\u00eame occasion du mondial EnduroGP.<\/p>\n<p><img decoding=\"async\" class=\"lazyload alignnone size-medium wp-image-87821\" src=\"https:\/\/fr.motocrossmag.be\/wp-content\/uploads\/2019\/05\/endurogp-freeman-650x433.jpg\" data-orig-src=\"https:\/\/fr.motocrossmag.be\/wp-content\/uploads\/2019\/05\/endurogp-freeman-650x433.jpg\" alt=\"\" width=\"650\" height=\"433\" srcset=\"data:image\/svg+xml,%3Csvg%20xmlns%3D%27http%3A%2F%2Fwww.w3.org%2F2000%2Fsvg%27%20width%3D%27650%27%20height%3D%27433%27%20viewBox%3D%270%200%20650%20433%27%3E%3Crect%20width%3D%27650%27%20height%3D%27433%27%20fill-opacity%3D%220%22%2F%3E%3C%2Fsvg%3E\" data-srcset=\"https:\/\/fr.motocrossmag.be\/wp-content\/uploads\/2019\/05\/endurogp-freeman-650x433.jpg 650w, https:\/\/fr.motocrossmag.be\/wp-content\/uploads\/2019\/05\/endurogp-freeman-768x511.jpg 768w, https:\/\/fr.motocrossmag.be\/wp-content\/uploads\/2019\/05\/endurogp-freeman.jpg 1000w\" data-sizes=\"auto\" data-orig-sizes=\"(max-width: 650px) 100vw, 650px\" \/><\/p>\n<p>Une situation qui n&rsquo;aide certainement pas l&rsquo;enduro \u00e0 trouver sa place aupr\u00e8s du grand public, perdu entre deux championnats concurrents qui se revendiquent l&rsquo;un et l&rsquo;autre comme les plus relev\u00e9s de la plan\u00e8te. Sans compter que, pour le niveau g\u00e9n\u00e9ral du sport, il n&rsquo;est jamais bon de ne pas permettre \u00e0 tous les meilleurs athl\u00e8tes du moment de se mesurer les uns aux autres sur un seul et m\u00eame championnat.<\/p>\n<blockquote><p>Faute d&rsquo;accord avec KTM et Red Bull, c&rsquo;est dans une guerre ouverte avec le WESS que se lance la FIM<\/p><\/blockquote>\n<p>Si l&rsquo;enduro mondial n&rsquo;est pas encore malade, il n&rsquo;est de toute \u00e9vidence pas au mieux de sa forme. Pour \u00e9viter la crise, Jorge Viegas, qui vient de reprendre la pr\u00e9sidence de la FIM, a d\u00e9cid\u00e9 de prendre les devants. Le futur de l&rsquo;enduro mondial est au centre de ses pr\u00e9occupations actuelles et un r\u00e9cent communiqu\u00e9 de la f\u00e9d\u00e9ration indique que les choses devraient bouger de fa\u00e7on spectaculaire dans les mois qui viennent.<\/p>\n<p><img decoding=\"async\" class=\"lazyload alignnone size-medium wp-image-76831\" src=\"https:\/\/fr.motocrossmag.be\/wp-content\/uploads\/2018\/07\/WESS-Romaniacs-1WDJ83XMD2111_news-650x433.jpg\" data-orig-src=\"https:\/\/fr.motocrossmag.be\/wp-content\/uploads\/2018\/07\/WESS-Romaniacs-1WDJ83XMD2111_news-650x433.jpg\" alt=\"\" width=\"650\" height=\"433\" srcset=\"data:image\/svg+xml,%3Csvg%20xmlns%3D%27http%3A%2F%2Fwww.w3.org%2F2000%2Fsvg%27%20width%3D%27650%27%20height%3D%27433%27%20viewBox%3D%270%200%20650%20433%27%3E%3Crect%20width%3D%27650%27%20height%3D%27433%27%20fill-opacity%3D%220%22%2F%3E%3C%2Fsvg%3E\" data-srcset=\"https:\/\/fr.motocrossmag.be\/wp-content\/uploads\/2018\/07\/WESS-Romaniacs-1WDJ83XMD2111_news-650x433.jpg 650w, https:\/\/fr.motocrossmag.be\/wp-content\/uploads\/2018\/07\/WESS-Romaniacs-1WDJ83XMD2111_news-768x512.jpg 768w, https:\/\/fr.motocrossmag.be\/wp-content\/uploads\/2018\/07\/WESS-Romaniacs-1WDJ83XMD2111_news-1024x683.jpg 1024w, https:\/\/fr.motocrossmag.be\/wp-content\/uploads\/2018\/07\/WESS-Romaniacs-1WDJ83XMD2111_news.jpg 1350w\" data-sizes=\"auto\" data-orig-sizes=\"(max-width: 650px) 100vw, 650px\" \/><\/p>\n<p>On apprend en effet que la f\u00e9d\u00e9ration a longuement discut\u00e9 avec KTM et les organisateurs du WESS pour tenter de trouver un terrain d&rsquo;entente. Sans succ\u00e8s. \u00ab\u00a0La FIM ne fera pas preuve de laxisme dans les r\u00e8gles environnementales, les conditions de s\u00e9curit\u00e9, la protection des pilotes et les contr\u00f4les\u00a0\u00bb, peut-on lire. Faute d&rsquo;accord, c&rsquo;est \u00e0 pr\u00e9sent dans une guerre ouverte avec le WESS que se lance la FIM. L&rsquo;assurance accompagnant la licence internationale d\u00e9livr\u00e9e par la FIM ne sera en effet plus valable d\u00e8s 2020 sur les \u00e9preuves faisant partie \u00ab\u00a0d&rsquo;un championnat entrant en concurrence avec le Championnat du Monde FIM d\u2019Enduro.\u00a0\u00bb<\/p>\n<p>Par ailleurs, la FIM est sur le point de lancer deux appels d&rsquo;offre: l&rsquo;un pour la promotion de l&rsquo;EnduroGP, jusqu&rsquo;\u00e0 pr\u00e9sent assur\u00e9e par la soci\u00e9t\u00e9 fran\u00e7aise ABC Communication, l&rsquo;autre pour la promotion de la future Coupe du Monde d&rsquo;Enduro Extr\u00eame. Voil\u00e0 donc un championnat qui se voudra le concurrent direct du WESS, avec le lable \u00ab\u00a0FIM\u00a0\u00bb en plus. Cela suffira-t-il \u00e0 convaincre KTM et Red Bull de rejoindre le navire ? Le mouvement initi\u00e9 par la FIM se veut en tout cas rassembleur.<\/p>\n<p>&nbsp;<\/p>\n","protected":false},"excerpt":{"rendered":"<p>On se souvient du bras de fer qui a oppos\u00e9 la FIM \u00e0 KTM durant l&rsquo;hiver 2017 concernant l&rsquo;orientation a donner au championnat du monde d&rsquo;enduro. Un championnat qui ne [&#8230;]<\/p>\n","protected":false},"author":932,"featured_media":88792,"comment_status":"open","ping_status":"closed","sticky":false,"template":"","format":"standard","meta":{"footnotes":""},"categories":[54,32,34,33,55,65,1095],"tags":[951],"class_list":["post-91249","post","type-post","status-publish","format-standard","has-post-thumbnail","hentry","category-actualite","category-enduro","category-endurogp","category-news-enduro","category-news-actualite","category-slideshow","category-wess","tag-enduro"],"yoast_head":"<!-- This site is optimized with the Yoast SEO plugin v27.4 - https:\/\/yoast.com\/product\/yoast-seo-wordpress\/ -->\n<title>L&#039;avenir de l&#039;enduro mondial au centre des pr\u00e9occupations de la FIM - Motocross - Enduro - Supermoto | MotocrossMag<\/title>\n<meta name=\"robots\" content=\"index, follow, max-snippet:-1, max-image-preview:large, max-video-preview:-1\" \/>\n<link rel=\"canonical\" href=\"https:\/\/fr.motocrossmag.be\/index.php\/2019\/07\/lavenir-de-lenduro-mondial-au-centre-des-preoccupations-de-la-fim\/\" \/>\n<meta property=\"og:locale\" content=\"fr_FR\" \/>\n<meta property=\"og:type\" content=\"article\" \/>\n<meta property=\"og:title\" content=\"L&#039;avenir de l&#039;enduro mondial au centre des pr\u00e9occupations de la FIM - Motocross - Enduro - Supermoto | MotocrossMag\" \/>\n<meta property=\"og:description\" content=\"On se souvient du bras de fer qui a oppos\u00e9 la FIM \u00e0 KTM durant l&rsquo;hiver 2017 concernant l&rsquo;orientation a donner au championnat du monde d&rsquo;enduro. Un championnat qui ne [...]\" \/>\n<meta property=\"og:url\" content=\"https:\/\/fr.motocrossmag.be\/index.php\/2019\/07\/lavenir-de-lenduro-mondial-au-centre-des-preoccupations-de-la-fim\/\" \/>\n<meta property=\"og:site_name\" content=\"Motocross - Enduro - Supermoto | MotocrossMag\" \/>\n<meta property=\"article:published_time\" content=\"2019-07-10T08:41:38+00:00\" \/>\n<meta property=\"article:modified_time\" content=\"2019-07-18T14:38:18+00:00\" \/>\n<meta property=\"og:image\" content=\"https:\/\/fr.motocrossmag.be\/wp-content\/uploads\/2019\/05\/Enduro-trefle-lozerien-WESS-AP-1ZC6HP69S1W11_news.jpg\" \/>\n\t<meta property=\"og:image:width\" content=\"1000\" \/>\n\t<meta property=\"og:image:height\" content=\"666\" \/>\n\t<meta property=\"og:image:type\" content=\"image\/jpeg\" \/>\n<meta name=\"author\" content=\"oliviere\" \/>\n<meta name=\"twitter:card\" content=\"summary_large_image\" \/>\n<meta name=\"twitter:label1\" content=\"\u00c9crit par\" \/>\n\t<meta name=\"twitter:data1\" content=\"oliviere\" \/>\n\t<meta name=\"twitter:label2\" content=\"Dur\u00e9e de lecture estim\u00e9e\" \/>\n\t<meta name=\"twitter:data2\" content=\"3 minutes\" \/>\n<script type=\"application\/ld+json\" class=\"yoast-schema-graph\">{\"@context\":\"https:\\\/\\\/schema.org\",\"@graph\":[{\"@type\":\"Article\",\"@id\":\"https:\\\/\\\/fr.motocrossmag.be\\\/index.php\\\/2019\\\/07\\\/lavenir-de-lenduro-mondial-au-centre-des-preoccupations-de-la-fim\\\/#article\",\"isPartOf\":{\"@id\":\"https:\\\/\\\/fr.motocrossmag.be\\\/index.php\\\/2019\\\/07\\\/lavenir-de-lenduro-mondial-au-centre-des-preoccupations-de-la-fim\\\/\"},\"author\":{\"name\":\"oliviere\",\"@id\":\"https:\\\/\\\/fr.motocrossmag.be\\\/#\\\/schema\\\/person\\\/11b47143d9f755babca2c9110e03235c\"},\"headline\":\"L&rsquo;avenir de l&rsquo;enduro mondial au centre des pr\u00e9occupations de la FIM\",\"datePublished\":\"2019-07-10T08:41:38+00:00\",\"dateModified\":\"2019-07-18T14:38:18+00:00\",\"mainEntityOfPage\":{\"@id\":\"https:\\\/\\\/fr.motocrossmag.be\\\/index.php\\\/2019\\\/07\\\/lavenir-de-lenduro-mondial-au-centre-des-preoccupations-de-la-fim\\\/\"},\"wordCount\":587,\"commentCount\":0,\"image\":{\"@id\":\"https:\\\/\\\/fr.motocrossmag.be\\\/index.php\\\/2019\\\/07\\\/lavenir-de-lenduro-mondial-au-centre-des-preoccupations-de-la-fim\\\/#primaryimage\"},\"thumbnailUrl\":\"https:\\\/\\\/fr.motocrossmag.be\\\/wp-content\\\/uploads\\\/2019\\\/05\\\/Enduro-trefle-lozerien-WESS-AP-1ZC6HP69S1W11_news.jpg\",\"keywords\":[\"Enduro\"],\"articleSection\":[\"Actualit\u00e9\",\"Enduro\",\"EnduroGP\",\"News\",\"News\",\"Slideshow\",\"WESS\"],\"inLanguage\":\"fr-FR\",\"potentialAction\":[{\"@type\":\"CommentAction\",\"name\":\"Comment\",\"target\":[\"https:\\\/\\\/fr.motocrossmag.be\\\/index.php\\\/2019\\\/07\\\/lavenir-de-lenduro-mondial-au-centre-des-preoccupations-de-la-fim\\\/#respond\"]}]},{\"@type\":\"WebPage\",\"@id\":\"https:\\\/\\\/fr.motocrossmag.be\\\/index.php\\\/2019\\\/07\\\/lavenir-de-lenduro-mondial-au-centre-des-preoccupations-de-la-fim\\\/\",\"url\":\"https:\\\/\\\/fr.motocrossmag.be\\\/index.php\\\/2019\\\/07\\\/lavenir-de-lenduro-mondial-au-centre-des-preoccupations-de-la-fim\\\/\",\"name\":\"L'avenir de l'enduro mondial au centre des pr\u00e9occupations de la FIM - Motocross - Enduro - Supermoto | MotocrossMag\",\"isPartOf\":{\"@id\":\"https:\\\/\\\/fr.motocrossmag.be\\\/#website\"},\"primaryImageOfPage\":{\"@id\":\"https:\\\/\\\/fr.motocrossmag.be\\\/index.php\\\/2019\\\/07\\\/lavenir-de-lenduro-mondial-au-centre-des-preoccupations-de-la-fim\\\/#primaryimage\"},\"image\":{\"@id\":\"https:\\\/\\\/fr.motocrossmag.be\\\/index.php\\\/2019\\\/07\\\/lavenir-de-lenduro-mondial-au-centre-des-preoccupations-de-la-fim\\\/#primaryimage\"},\"thumbnailUrl\":\"https:\\\/\\\/fr.motocrossmag.be\\\/wp-content\\\/uploads\\\/2019\\\/05\\\/Enduro-trefle-lozerien-WESS-AP-1ZC6HP69S1W11_news.jpg\",\"datePublished\":\"2019-07-10T08:41:38+00:00\",\"dateModified\":\"2019-07-18T14:38:18+00:00\",\"author\":{\"@id\":\"https:\\\/\\\/fr.motocrossmag.be\\\/#\\\/schema\\\/person\\\/11b47143d9f755babca2c9110e03235c\"},\"breadcrumb\":{\"@id\":\"https:\\\/\\\/fr.motocrossmag.be\\\/index.php\\\/2019\\\/07\\\/lavenir-de-lenduro-mondial-au-centre-des-preoccupations-de-la-fim\\\/#breadcrumb\"},\"inLanguage\":\"fr-FR\",\"potentialAction\":[{\"@type\":\"ReadAction\",\"target\":[\"https:\\\/\\\/fr.motocrossmag.be\\\/index.php\\\/2019\\\/07\\\/lavenir-de-lenduro-mondial-au-centre-des-preoccupations-de-la-fim\\\/\"]}]},{\"@type\":\"ImageObject\",\"inLanguage\":\"fr-FR\",\"@id\":\"https:\\\/\\\/fr.motocrossmag.be\\\/index.php\\\/2019\\\/07\\\/lavenir-de-lenduro-mondial-au-centre-des-preoccupations-de-la-fim\\\/#primaryimage\",\"url\":\"https:\\\/\\\/fr.motocrossmag.be\\\/wp-content\\\/uploads\\\/2019\\\/05\\\/Enduro-trefle-lozerien-WESS-AP-1ZC6HP69S1W11_news.jpg\",\"contentUrl\":\"https:\\\/\\\/fr.motocrossmag.be\\\/wp-content\\\/uploads\\\/2019\\\/05\\\/Enduro-trefle-lozerien-WESS-AP-1ZC6HP69S1W11_news.jpg\",\"width\":1000,\"height\":666},{\"@type\":\"BreadcrumbList\",\"@id\":\"https:\\\/\\\/fr.motocrossmag.be\\\/index.php\\\/2019\\\/07\\\/lavenir-de-lenduro-mondial-au-centre-des-preoccupations-de-la-fim\\\/#breadcrumb\",\"itemListElement\":[{\"@type\":\"ListItem\",\"position\":1,\"name\":\"Accueil\",\"item\":\"https:\\\/\\\/fr.motocrossmag.be\\\/\"},{\"@type\":\"ListItem\",\"position\":2,\"name\":\"L&rsquo;avenir de l&rsquo;enduro mondial au centre des pr\u00e9occupations de la FIM\"}]},{\"@type\":\"WebSite\",\"@id\":\"https:\\\/\\\/fr.motocrossmag.be\\\/#website\",\"url\":\"https:\\\/\\\/fr.motocrossmag.be\\\/\",\"name\":\"Motocross - Enduro - Supermoto | MotocrossMag\",\"description\":\"L&#039;actualit\u00e9 du motocross, de l&#039;enduro et du Supermoto en ligne!\",\"potentialAction\":[{\"@type\":\"SearchAction\",\"target\":{\"@type\":\"EntryPoint\",\"urlTemplate\":\"https:\\\/\\\/fr.motocrossmag.be\\\/?s={search_term_string}\"},\"query-input\":{\"@type\":\"PropertyValueSpecification\",\"valueRequired\":true,\"valueName\":\"search_term_string\"}}],\"inLanguage\":\"fr-FR\"},{\"@type\":\"Person\",\"@id\":\"https:\\\/\\\/fr.motocrossmag.be\\\/#\\\/schema\\\/person\\\/11b47143d9f755babca2c9110e03235c\",\"name\":\"oliviere\",\"image\":{\"@type\":\"ImageObject\",\"inLanguage\":\"fr-FR\",\"@id\":\"https:\\\/\\\/secure.gravatar.com\\\/avatar\\\/907069e0b81d119452040469e4a7501da1100f54f7f80180ce77bfab718288f6?s=96&d=mm&r=g\",\"url\":\"https:\\\/\\\/secure.gravatar.com\\\/avatar\\\/907069e0b81d119452040469e4a7501da1100f54f7f80180ce77bfab718288f6?s=96&d=mm&r=g\",\"contentUrl\":\"https:\\\/\\\/secure.gravatar.com\\\/avatar\\\/907069e0b81d119452040469e4a7501da1100f54f7f80180ce77bfab718288f6?s=96&d=mm&r=g\",\"caption\":\"oliviere\"},\"sameAs\":[\"http:\\\/\\\/www.motocrossmag.be\"],\"url\":\"https:\\\/\\\/fr.motocrossmag.be\\\/index.php\\\/author\\\/oliviere\\\/\"}]}<\/script>\n<!-- \/ Yoast SEO plugin. -->","yoast_head_json":{"title":"L'avenir de l'enduro mondial au centre des pr\u00e9occupations de la FIM - Motocross - Enduro - Supermoto | MotocrossMag","robots":{"index":"index","follow":"follow","max-snippet":"max-snippet:-1","max-image-preview":"max-image-preview:large","max-video-preview":"max-video-preview:-1"},"canonical":"https:\/\/fr.motocrossmag.be\/index.php\/2019\/07\/lavenir-de-lenduro-mondial-au-centre-des-preoccupations-de-la-fim\/","og_locale":"fr_FR","og_type":"article","og_title":"L'avenir de l'enduro mondial au centre des pr\u00e9occupations de la FIM - Motocross - Enduro - Supermoto | MotocrossMag","og_description":"On se souvient du bras de fer qui a oppos\u00e9 la FIM \u00e0 KTM durant l&rsquo;hiver 2017 concernant l&rsquo;orientation a donner au championnat du monde d&rsquo;enduro. Un championnat qui ne [...]","og_url":"https:\/\/fr.motocrossmag.be\/index.php\/2019\/07\/lavenir-de-lenduro-mondial-au-centre-des-preoccupations-de-la-fim\/","og_site_name":"Motocross - Enduro - Supermoto | MotocrossMag","article_published_time":"2019-07-10T08:41:38+00:00","article_modified_time":"2019-07-18T14:38:18+00:00","og_image":[{"width":1000,"height":666,"url":"https:\/\/fr.motocrossmag.be\/wp-content\/uploads\/2019\/05\/Enduro-trefle-lozerien-WESS-AP-1ZC6HP69S1W11_news.jpg","type":"image\/jpeg"}],"author":"oliviere","twitter_card":"summary_large_image","twitter_misc":{"\u00c9crit par":"oliviere","Dur\u00e9e de lecture estim\u00e9e":"3 minutes"},"schema":{"@context":"https:\/\/schema.org","@graph":[{"@type":"Article","@id":"https:\/\/fr.motocrossmag.be\/index.php\/2019\/07\/lavenir-de-lenduro-mondial-au-centre-des-preoccupations-de-la-fim\/#article","isPartOf":{"@id":"https:\/\/fr.motocrossmag.be\/index.php\/2019\/07\/lavenir-de-lenduro-mondial-au-centre-des-preoccupations-de-la-fim\/"},"author":{"name":"oliviere","@id":"https:\/\/fr.motocrossmag.be\/#\/schema\/person\/11b47143d9f755babca2c9110e03235c"},"headline":"L&rsquo;avenir de l&rsquo;enduro mondial au centre des pr\u00e9occupations de la FIM","datePublished":"2019-07-10T08:41:38+00:00","dateModified":"2019-07-18T14:38:18+00:00","mainEntityOfPage":{"@id":"https:\/\/fr.motocrossmag.be\/index.php\/2019\/07\/lavenir-de-lenduro-mondial-au-centre-des-preoccupations-de-la-fim\/"},"wordCount":587,"commentCount":0,"image":{"@id":"https:\/\/fr.motocrossmag.be\/index.php\/2019\/07\/lavenir-de-lenduro-mondial-au-centre-des-preoccupations-de-la-fim\/#primaryimage"},"thumbnailUrl":"https:\/\/fr.motocrossmag.be\/wp-content\/uploads\/2019\/05\/Enduro-trefle-lozerien-WESS-AP-1ZC6HP69S1W11_news.jpg","keywords":["Enduro"],"articleSection":["Actualit\u00e9","Enduro","EnduroGP","News","News","Slideshow","WESS"],"inLanguage":"fr-FR","potentialAction":[{"@type":"CommentAction","name":"Comment","target":["https:\/\/fr.motocrossmag.be\/index.php\/2019\/07\/lavenir-de-lenduro-mondial-au-centre-des-preoccupations-de-la-fim\/#respond"]}]},{"@type":"WebPage","@id":"https:\/\/fr.motocrossmag.be\/index.php\/2019\/07\/lavenir-de-lenduro-mondial-au-centre-des-preoccupations-de-la-fim\/","url":"https:\/\/fr.motocrossmag.be\/index.php\/2019\/07\/lavenir-de-lenduro-mondial-au-centre-des-preoccupations-de-la-fim\/","name":"L'avenir de l'enduro mondial au centre des pr\u00e9occupations de la FIM - Motocross - Enduro - Supermoto | MotocrossMag","isPartOf":{"@id":"https:\/\/fr.motocrossmag.be\/#website"},"primaryImageOfPage":{"@id":"https:\/\/fr.motocrossmag.be\/index.php\/2019\/07\/lavenir-de-lenduro-mondial-au-centre-des-preoccupations-de-la-fim\/#primaryimage"},"image":{"@id":"https:\/\/fr.motocrossmag.be\/index.php\/2019\/07\/lavenir-de-lenduro-mondial-au-centre-des-preoccupations-de-la-fim\/#primaryimage"},"thumbnailUrl":"https:\/\/fr.motocrossmag.be\/wp-content\/uploads\/2019\/05\/Enduro-trefle-lozerien-WESS-AP-1ZC6HP69S1W11_news.jpg","datePublished":"2019-07-10T08:41:38+00:00","dateModified":"2019-07-18T14:38:18+00:00","author":{"@id":"https:\/\/fr.motocrossmag.be\/#\/schema\/person\/11b47143d9f755babca2c9110e03235c"},"breadcrumb":{"@id":"https:\/\/fr.motocrossmag.be\/index.php\/2019\/07\/lavenir-de-lenduro-mondial-au-centre-des-preoccupations-de-la-fim\/#breadcrumb"},"inLanguage":"fr-FR","potentialAction":[{"@type":"ReadAction","target":["https:\/\/fr.motocrossmag.be\/index.php\/2019\/07\/lavenir-de-lenduro-mondial-au-centre-des-preoccupations-de-la-fim\/"]}]},{"@type":"ImageObject","inLanguage":"fr-FR","@id":"https:\/\/fr.motocrossmag.be\/index.php\/2019\/07\/lavenir-de-lenduro-mondial-au-centre-des-preoccupations-de-la-fim\/#primaryimage","url":"https:\/\/fr.motocrossmag.be\/wp-content\/uploads\/2019\/05\/Enduro-trefle-lozerien-WESS-AP-1ZC6HP69S1W11_news.jpg","contentUrl":"https:\/\/fr.motocrossmag.be\/wp-content\/uploads\/2019\/05\/Enduro-trefle-lozerien-WESS-AP-1ZC6HP69S1W11_news.jpg","width":1000,"height":666},{"@type":"BreadcrumbList","@id":"https:\/\/fr.motocrossmag.be\/index.php\/2019\/07\/lavenir-de-lenduro-mondial-au-centre-des-preoccupations-de-la-fim\/#breadcrumb","itemListElement":[{"@type":"ListItem","position":1,"name":"Accueil","item":"https:\/\/fr.motocrossmag.be\/"},{"@type":"ListItem","position":2,"name":"L&rsquo;avenir de l&rsquo;enduro mondial au centre des pr\u00e9occupations de la FIM"}]},{"@type":"WebSite","@id":"https:\/\/fr.motocrossmag.be\/#website","url":"https:\/\/fr.motocrossmag.be\/","name":"Motocross - Enduro - Supermoto | MotocrossMag","description":"L&#039;actualit\u00e9 du motocross, de l&#039;enduro et du Supermoto en ligne!","potentialAction":[{"@type":"SearchAction","target":{"@type":"EntryPoint","urlTemplate":"https:\/\/fr.motocrossmag.be\/?s={search_term_string}"},"query-input":{"@type":"PropertyValueSpecification","valueRequired":true,"valueName":"search_term_string"}}],"inLanguage":"fr-FR"},{"@type":"Person","@id":"https:\/\/fr.motocrossmag.be\/#\/schema\/person\/11b47143d9f755babca2c9110e03235c","name":"oliviere","image":{"@type":"ImageObject","inLanguage":"fr-FR","@id":"https:\/\/secure.gravatar.com\/avatar\/907069e0b81d119452040469e4a7501da1100f54f7f80180ce77bfab718288f6?s=96&d=mm&r=g","url":"https:\/\/secure.gravatar.com\/avatar\/907069e0b81d119452040469e4a7501da1100f54f7f80180ce77bfab718288f6?s=96&d=mm&r=g","contentUrl":"https:\/\/secure.gravatar.com\/avatar\/907069e0b81d119452040469e4a7501da1100f54f7f80180ce77bfab718288f6?s=96&d=mm&r=g","caption":"oliviere"},"sameAs":["http:\/\/www.motocrossmag.be"],"url":"https:\/\/fr.motocrossmag.be\/index.php\/author\/oliviere\/"}]}},"_links":{"self":[{"href":"https:\/\/fr.motocrossmag.be\/index.php\/wp-json\/wp\/v2\/posts\/91249","targetHints":{"allow":["GET"]}}],"collection":[{"href":"https:\/\/fr.motocrossmag.be\/index.php\/wp-json\/wp\/v2\/posts"}],"about":[{"href":"https:\/\/fr.motocrossmag.be\/index.php\/wp-json\/wp\/v2\/types\/post"}],"author":[{"embeddable":true,"href":"https:\/\/fr.motocrossmag.be\/index.php\/wp-json\/wp\/v2\/users\/932"}],"replies":[{"embeddable":true,"href":"https:\/\/fr.motocrossmag.be\/index.php\/wp-json\/wp\/v2\/comments?post=91249"}],"version-history":[{"count":0,"href":"https:\/\/fr.motocrossmag.be\/index.php\/wp-json\/wp\/v2\/posts\/91249\/revisions"}],"wp:featuredmedia":[{"embeddable":true,"href":"https:\/\/fr.motocrossmag.be\/index.php\/wp-json\/wp\/v2\/media\/88792"}],"wp:attachment":[{"href":"https:\/\/fr.motocrossmag.be\/index.php\/wp-json\/wp\/v2\/media?parent=91249"}],"wp:term":[{"taxonomy":"category","embeddable":true,"href":"https:\/\/fr.motocrossmag.be\/index.php\/wp-json\/wp\/v2\/categories?post=91249"},{"taxonomy":"post_tag","embeddable":true,"href":"https:\/\/fr.motocrossmag.be\/index.php\/wp-json\/wp\/v2\/tags?post=91249"}],"curies":[{"name":"wp","href":"https:\/\/api.w.org\/{rel}","templated":true}]}}