{"id":91295,"date":"2019-07-11T14:56:02","date_gmt":"2019-07-11T12:56:02","guid":{"rendered":"https:\/\/fr.motocrossmag.be\/?p=91295"},"modified":"2019-07-18T16:36:53","modified_gmt":"2019-07-18T14:36:53","slug":"husqvarna-pret-a-se-battre-pour-la-victoire-aux-prochaines-12-heures-de-la-chinelle","status":"publish","type":"post","link":"https:\/\/fr.motocrossmag.be\/index.php\/2019\/07\/husqvarna-pret-a-se-battre-pour-la-victoire-aux-prochaines-12-heures-de-la-chinelle\/","title":{"rendered":"Husqvarna pr\u00eat \u00e0 se battre pour la victoire aux prochaines 12 Heures de la Chinelle"},"content":{"rendered":"<p><strong>Les 10 et 11 ao\u00fbt prochains, les 12 Heures de la Chinelle f\u00eateront leur 40\u00e8me anniversaire. Une \u00e9dition qui aura donc une saveur tr\u00e8s sp\u00e9ciale et que nombreux sont ceux qui r\u00eavent d&rsquo;inscrire \u00e0 leur palmar\u00e8s. Husqvarna fait partie de ceux-l\u00e0 et confiera deux FE450 2020 \u00e0 deux trios qui rouleront \u00e0 Franchimont avec un objectif clair : la victoire !<\/strong><\/p>\n<p>Battus l&rsquo;an pass\u00e9 par la Yamaha du team Zone Rouge\/MX Action, les Husqvarna boys sortaient alors de deux victoire cons\u00e9cutives en 2016 et 2017. Et ils esp\u00e8rent bien retrouver cet \u00e9t\u00e9 la plus hate marche du podium et offrir ainsi \u00e0 la marque un 3\u00e8me succ\u00e8s sur l&rsquo;\u00e9preuve d&rsquo;endurance TT la plus populaire du calendrier.<\/p>\n<p>\u00ab\u00a0Nous serons l\u00e0 pour gagner, l&rsquo;objectif est clair\u00a0\u00bb, annonce le responsable des \u00e9quipes align\u00e9es par Husqvarna Belgique Wim Vanderheyden. \u00ab\u00a0Nos deux \u00e9quipes seront \u00e9quip\u00e9es de la toute nouvelle FE450 2020. Comme la moto est tr\u00e8s diff\u00e9rente du mod\u00e8le 2019, le testing et la pr\u00e9paration des\u00a0motos bat d\u00e9j\u00e0 son plein.\u00a0\u00bb<\/p>\n<div id=\"attachment_62904\" style=\"width: 660px\" class=\"wp-caption alignnone\"><img decoding=\"async\" aria-describedby=\"caption-attachment-62904\" class=\"lazyload size-medium wp-image-62904\" src=\"https:\/\/fr.motocrossmag.be\/wp-content\/uploads\/2017\/08\/podium-chinelle-2017-650x432.jpg\" data-orig-src=\"https:\/\/fr.motocrossmag.be\/wp-content\/uploads\/2017\/08\/podium-chinelle-2017-650x432.jpg\" alt=\"\" width=\"650\" height=\"432\" srcset=\"data:image\/svg+xml,%3Csvg%20xmlns%3D%27http%3A%2F%2Fwww.w3.org%2F2000%2Fsvg%27%20width%3D%27650%27%20height%3D%27432%27%20viewBox%3D%270%200%20650%20432%27%3E%3Crect%20width%3D%27650%27%20height%3D%27432%27%20fill-opacity%3D%220%22%2F%3E%3C%2Fsvg%3E\" data-srcset=\"https:\/\/fr.motocrossmag.be\/wp-content\/uploads\/2017\/08\/podium-chinelle-2017-650x432.jpg 650w, https:\/\/fr.motocrossmag.be\/wp-content\/uploads\/2017\/08\/podium-chinelle-2017-768x510.jpg 768w, https:\/\/fr.motocrossmag.be\/wp-content\/uploads\/2017\/08\/podium-chinelle-2017-1024x680.jpg 1024w, https:\/\/fr.motocrossmag.be\/wp-content\/uploads\/2017\/08\/podium-chinelle-2017.jpg 1200w\" data-sizes=\"auto\" data-orig-sizes=\"(max-width: 650px) 100vw, 650px\" \/><p id=\"caption-attachment-62904\" class=\"wp-caption-text\">Husqvarna s&rsquo;est d\u00e9j\u00e0 impos\u00e9 \u00e0 deux reprises \u00e0 Franchimont, en 2016 et 2017.<\/p><\/div>\n<p>L&rsquo;une des Husqvarna officielles sera confi\u00e9e \u00e0 J\u00e9r\u00f4me Martiny associ\u00e9 \u00e0 Matthew Vanoevelen et Erik Willems tandis que l&rsquo;autre verra se relayer \u00e0 son guidon Jilani Cambr\u00e9, Kevin Fors et Wietse Brackman.<\/p>\n<ul>\n<li>J\u00e9r\u00f4me Martiny: un habitu\u00e9 de la course et bien d\u00e9cid\u00e9 \u00e0 monter sur son premier podium. Il a d\u00e9j\u00e0 prouv\u00e9 sa vitesse la nuit. Il devrait l\u2019etre d\u2019avantage la\u00a0journ\u00e9e,\u00a0apr\u00e8s son super d\u00e9but de saison en MX \u00e0 l\u2019AMPL.<\/li>\n<li>Matthew Vanoevelen: Nouvelle recrue dans les rangs de la marque et tr\u00e8s \u00e0 l\u2019aise sur sa nouvelle monture. Bien encadr\u00e9, il sera pr\u00e8t \u00e0 \u00e9taler tout le talent dont il\u00a0dispose!<\/li>\n<li>Erik Willems: Apr\u00e8s son podium (3\u00e8me) l\u2019an pass\u00e9, avec sa belle pointe de vitesse et son gros mental, il est pr\u00eat \u00e0 motiver ses \u00e9quipiers \u00e0 se battre\u00a0jusqu&rsquo;au bout\u00a0pour la victoire.<\/li>\n<li>Jilani Cambr\u00e9: Toujours rapide et motiv\u00e9 sur cette course qui convient tr\u00e8s bien \u00e0 son pilotage styl\u00e9. Un pilotage qui lui permet de faire des gros relais sans gaspiller d\u2019\u00e9nergie.<\/li>\n<li>Kevin\u00a0Fors: Sur un nuage depuis le 5 juillet apr\u00e8s la naissance de son fils Austin, le crossman est toujours capable d\u2019aller puiser au fond de ses ressources pour\u00a0retourner la\u00a0situation. Kevin est bien d\u00e9cid\u00e9 \u00e0 \u00e9toffer son gros palmar\u00e8s (4 victoires) sur la Chinelle avec une victoire suppl\u00e9mentaire.<\/li>\n<li>Wietse Brackman: Une valeur s\u00fbre capable de faire le forcing en fin de course. Quatre participations et autant de podiums: 2 victoires, une deuxi\u00e8me et une\u00a0troisi\u00e8me places.<\/li>\n<\/ul>\n","protected":false},"excerpt":{"rendered":"<p>Les 10 et 11 ao\u00fbt prochains, les 12 Heures de la Chinelle f\u00eateront leur 40\u00e8me anniversaire. Une \u00e9dition qui aura donc une saveur tr\u00e8s sp\u00e9ciale et que nombreux sont ceux [&#8230;]<\/p>\n","protected":false},"author":932,"featured_media":77997,"comment_status":"open","ping_status":"closed","sticky":false,"template":"","format":"standard","meta":{"footnotes":""},"categories":[54,32,35,73,33,55,65],"tags":[951],"class_list":["post-91295","post","type-post","status-publish","format-standard","has-post-thumbnail","hentry","category-actualite","category-enduro","category-fmb-enduro","category-chinelle","category-news-enduro","category-news-actualite","category-slideshow","tag-enduro"],"yoast_head":"<!-- This site is optimized with the Yoast SEO plugin v27.4 - https:\/\/yoast.com\/product\/yoast-seo-wordpress\/ -->\n<title>Husqvarna pr\u00eat \u00e0 se battre pour la victoire aux prochaines 12 Heures de la Chinelle - Motocross - Enduro - Supermoto | MotocrossMag<\/title>\n<meta name=\"robots\" content=\"index, follow, max-snippet:-1, max-image-preview:large, max-video-preview:-1\" \/>\n<link rel=\"canonical\" href=\"https:\/\/fr.motocrossmag.be\/index.php\/2019\/07\/husqvarna-pret-a-se-battre-pour-la-victoire-aux-prochaines-12-heures-de-la-chinelle\/\" \/>\n<meta property=\"og:locale\" content=\"fr_FR\" \/>\n<meta property=\"og:type\" content=\"article\" \/>\n<meta property=\"og:title\" content=\"Husqvarna pr\u00eat \u00e0 se battre pour la victoire aux prochaines 12 Heures de la Chinelle - Motocross - Enduro - Supermoto | MotocrossMag\" \/>\n<meta property=\"og:description\" content=\"Les 10 et 11 ao\u00fbt prochains, les 12 Heures de la Chinelle f\u00eateront leur 40\u00e8me anniversaire. Une \u00e9dition qui aura donc une saveur tr\u00e8s sp\u00e9ciale et que nombreux sont ceux [...]\" \/>\n<meta property=\"og:url\" content=\"https:\/\/fr.motocrossmag.be\/index.php\/2019\/07\/husqvarna-pret-a-se-battre-pour-la-victoire-aux-prochaines-12-heures-de-la-chinelle\/\" \/>\n<meta property=\"og:site_name\" content=\"Motocross - Enduro - Supermoto | MotocrossMag\" \/>\n<meta property=\"article:published_time\" content=\"2019-07-11T12:56:02+00:00\" \/>\n<meta property=\"article:modified_time\" content=\"2019-07-18T14:36:53+00:00\" \/>\n<meta property=\"og:image\" content=\"https:\/\/fr.motocrossmag.be\/wp-content\/uploads\/2018\/08\/La-Chinelle-059.jpg\" \/>\n\t<meta property=\"og:image:width\" content=\"850\" \/>\n\t<meta property=\"og:image:height\" content=\"566\" \/>\n\t<meta property=\"og:image:type\" content=\"image\/jpeg\" \/>\n<meta name=\"author\" content=\"oliviere\" \/>\n<meta name=\"twitter:card\" content=\"summary_large_image\" \/>\n<meta name=\"twitter:label1\" content=\"\u00c9crit par\" \/>\n\t<meta name=\"twitter:data1\" content=\"oliviere\" \/>\n\t<meta name=\"twitter:label2\" content=\"Dur\u00e9e de lecture estim\u00e9e\" \/>\n\t<meta name=\"twitter:data2\" content=\"2 minutes\" \/>\n<script type=\"application\/ld+json\" class=\"yoast-schema-graph\">{\"@context\":\"https:\\\/\\\/schema.org\",\"@graph\":[{\"@type\":\"Article\",\"@id\":\"https:\\\/\\\/fr.motocrossmag.be\\\/index.php\\\/2019\\\/07\\\/husqvarna-pret-a-se-battre-pour-la-victoire-aux-prochaines-12-heures-de-la-chinelle\\\/#article\",\"isPartOf\":{\"@id\":\"https:\\\/\\\/fr.motocrossmag.be\\\/index.php\\\/2019\\\/07\\\/husqvarna-pret-a-se-battre-pour-la-victoire-aux-prochaines-12-heures-de-la-chinelle\\\/\"},\"author\":{\"name\":\"oliviere\",\"@id\":\"https:\\\/\\\/fr.motocrossmag.be\\\/#\\\/schema\\\/person\\\/11b47143d9f755babca2c9110e03235c\"},\"headline\":\"Husqvarna pr\u00eat \u00e0 se battre pour la victoire aux prochaines 12 Heures de la Chinelle\",\"datePublished\":\"2019-07-11T12:56:02+00:00\",\"dateModified\":\"2019-07-18T14:36:53+00:00\",\"mainEntityOfPage\":{\"@id\":\"https:\\\/\\\/fr.motocrossmag.be\\\/index.php\\\/2019\\\/07\\\/husqvarna-pret-a-se-battre-pour-la-victoire-aux-prochaines-12-heures-de-la-chinelle\\\/\"},\"wordCount\":468,\"commentCount\":0,\"image\":{\"@id\":\"https:\\\/\\\/fr.motocrossmag.be\\\/index.php\\\/2019\\\/07\\\/husqvarna-pret-a-se-battre-pour-la-victoire-aux-prochaines-12-heures-de-la-chinelle\\\/#primaryimage\"},\"thumbnailUrl\":\"https:\\\/\\\/fr.motocrossmag.be\\\/wp-content\\\/uploads\\\/2018\\\/08\\\/La-Chinelle-059.jpg\",\"keywords\":[\"Enduro\"],\"articleSection\":[\"Actualit\u00e9\",\"Enduro\",\"FMB\",\"La Chinelle\",\"News\",\"News\",\"Slideshow\"],\"inLanguage\":\"fr-FR\",\"potentialAction\":[{\"@type\":\"CommentAction\",\"name\":\"Comment\",\"target\":[\"https:\\\/\\\/fr.motocrossmag.be\\\/index.php\\\/2019\\\/07\\\/husqvarna-pret-a-se-battre-pour-la-victoire-aux-prochaines-12-heures-de-la-chinelle\\\/#respond\"]}]},{\"@type\":\"WebPage\",\"@id\":\"https:\\\/\\\/fr.motocrossmag.be\\\/index.php\\\/2019\\\/07\\\/husqvarna-pret-a-se-battre-pour-la-victoire-aux-prochaines-12-heures-de-la-chinelle\\\/\",\"url\":\"https:\\\/\\\/fr.motocrossmag.be\\\/index.php\\\/2019\\\/07\\\/husqvarna-pret-a-se-battre-pour-la-victoire-aux-prochaines-12-heures-de-la-chinelle\\\/\",\"name\":\"Husqvarna pr\u00eat \u00e0 se battre pour la victoire aux prochaines 12 Heures de la Chinelle - Motocross - Enduro - Supermoto | MotocrossMag\",\"isPartOf\":{\"@id\":\"https:\\\/\\\/fr.motocrossmag.be\\\/#website\"},\"primaryImageOfPage\":{\"@id\":\"https:\\\/\\\/fr.motocrossmag.be\\\/index.php\\\/2019\\\/07\\\/husqvarna-pret-a-se-battre-pour-la-victoire-aux-prochaines-12-heures-de-la-chinelle\\\/#primaryimage\"},\"image\":{\"@id\":\"https:\\\/\\\/fr.motocrossmag.be\\\/index.php\\\/2019\\\/07\\\/husqvarna-pret-a-se-battre-pour-la-victoire-aux-prochaines-12-heures-de-la-chinelle\\\/#primaryimage\"},\"thumbnailUrl\":\"https:\\\/\\\/fr.motocrossmag.be\\\/wp-content\\\/uploads\\\/2018\\\/08\\\/La-Chinelle-059.jpg\",\"datePublished\":\"2019-07-11T12:56:02+00:00\",\"dateModified\":\"2019-07-18T14:36:53+00:00\",\"author\":{\"@id\":\"https:\\\/\\\/fr.motocrossmag.be\\\/#\\\/schema\\\/person\\\/11b47143d9f755babca2c9110e03235c\"},\"breadcrumb\":{\"@id\":\"https:\\\/\\\/fr.motocrossmag.be\\\/index.php\\\/2019\\\/07\\\/husqvarna-pret-a-se-battre-pour-la-victoire-aux-prochaines-12-heures-de-la-chinelle\\\/#breadcrumb\"},\"inLanguage\":\"fr-FR\",\"potentialAction\":[{\"@type\":\"ReadAction\",\"target\":[\"https:\\\/\\\/fr.motocrossmag.be\\\/index.php\\\/2019\\\/07\\\/husqvarna-pret-a-se-battre-pour-la-victoire-aux-prochaines-12-heures-de-la-chinelle\\\/\"]}]},{\"@type\":\"ImageObject\",\"inLanguage\":\"fr-FR\",\"@id\":\"https:\\\/\\\/fr.motocrossmag.be\\\/index.php\\\/2019\\\/07\\\/husqvarna-pret-a-se-battre-pour-la-victoire-aux-prochaines-12-heures-de-la-chinelle\\\/#primaryimage\",\"url\":\"https:\\\/\\\/fr.motocrossmag.be\\\/wp-content\\\/uploads\\\/2018\\\/08\\\/La-Chinelle-059.jpg\",\"contentUrl\":\"https:\\\/\\\/fr.motocrossmag.be\\\/wp-content\\\/uploads\\\/2018\\\/08\\\/La-Chinelle-059.jpg\",\"width\":850,\"height\":566,\"caption\":\"Wim Vanderheyden\"},{\"@type\":\"BreadcrumbList\",\"@id\":\"https:\\\/\\\/fr.motocrossmag.be\\\/index.php\\\/2019\\\/07\\\/husqvarna-pret-a-se-battre-pour-la-victoire-aux-prochaines-12-heures-de-la-chinelle\\\/#breadcrumb\",\"itemListElement\":[{\"@type\":\"ListItem\",\"position\":1,\"name\":\"Accueil\",\"item\":\"https:\\\/\\\/fr.motocrossmag.be\\\/\"},{\"@type\":\"ListItem\",\"position\":2,\"name\":\"Husqvarna pr\u00eat \u00e0 se battre pour la victoire aux prochaines 12 Heures de la Chinelle\"}]},{\"@type\":\"WebSite\",\"@id\":\"https:\\\/\\\/fr.motocrossmag.be\\\/#website\",\"url\":\"https:\\\/\\\/fr.motocrossmag.be\\\/\",\"name\":\"Motocross - Enduro - Supermoto | MotocrossMag\",\"description\":\"L&#039;actualit\u00e9 du motocross, de l&#039;enduro et du Supermoto en ligne!\",\"potentialAction\":[{\"@type\":\"SearchAction\",\"target\":{\"@type\":\"EntryPoint\",\"urlTemplate\":\"https:\\\/\\\/fr.motocrossmag.be\\\/?s={search_term_string}\"},\"query-input\":{\"@type\":\"PropertyValueSpecification\",\"valueRequired\":true,\"valueName\":\"search_term_string\"}}],\"inLanguage\":\"fr-FR\"},{\"@type\":\"Person\",\"@id\":\"https:\\\/\\\/fr.motocrossmag.be\\\/#\\\/schema\\\/person\\\/11b47143d9f755babca2c9110e03235c\",\"name\":\"oliviere\",\"image\":{\"@type\":\"ImageObject\",\"inLanguage\":\"fr-FR\",\"@id\":\"https:\\\/\\\/secure.gravatar.com\\\/avatar\\\/907069e0b81d119452040469e4a7501da1100f54f7f80180ce77bfab718288f6?s=96&d=mm&r=g\",\"url\":\"https:\\\/\\\/secure.gravatar.com\\\/avatar\\\/907069e0b81d119452040469e4a7501da1100f54f7f80180ce77bfab718288f6?s=96&d=mm&r=g\",\"contentUrl\":\"https:\\\/\\\/secure.gravatar.com\\\/avatar\\\/907069e0b81d119452040469e4a7501da1100f54f7f80180ce77bfab718288f6?s=96&d=mm&r=g\",\"caption\":\"oliviere\"},\"sameAs\":[\"http:\\\/\\\/www.motocrossmag.be\"],\"url\":\"https:\\\/\\\/fr.motocrossmag.be\\\/index.php\\\/author\\\/oliviere\\\/\"}]}<\/script>\n<!-- \/ Yoast SEO plugin. -->","yoast_head_json":{"title":"Husqvarna pr\u00eat \u00e0 se battre pour la victoire aux prochaines 12 Heures de la Chinelle - Motocross - Enduro - Supermoto | MotocrossMag","robots":{"index":"index","follow":"follow","max-snippet":"max-snippet:-1","max-image-preview":"max-image-preview:large","max-video-preview":"max-video-preview:-1"},"canonical":"https:\/\/fr.motocrossmag.be\/index.php\/2019\/07\/husqvarna-pret-a-se-battre-pour-la-victoire-aux-prochaines-12-heures-de-la-chinelle\/","og_locale":"fr_FR","og_type":"article","og_title":"Husqvarna pr\u00eat \u00e0 se battre pour la victoire aux prochaines 12 Heures de la Chinelle - Motocross - Enduro - Supermoto | MotocrossMag","og_description":"Les 10 et 11 ao\u00fbt prochains, les 12 Heures de la Chinelle f\u00eateront leur 40\u00e8me anniversaire. Une \u00e9dition qui aura donc une saveur tr\u00e8s sp\u00e9ciale et que nombreux sont ceux [...]","og_url":"https:\/\/fr.motocrossmag.be\/index.php\/2019\/07\/husqvarna-pret-a-se-battre-pour-la-victoire-aux-prochaines-12-heures-de-la-chinelle\/","og_site_name":"Motocross - Enduro - Supermoto | MotocrossMag","article_published_time":"2019-07-11T12:56:02+00:00","article_modified_time":"2019-07-18T14:36:53+00:00","og_image":[{"width":850,"height":566,"url":"https:\/\/fr.motocrossmag.be\/wp-content\/uploads\/2018\/08\/La-Chinelle-059.jpg","type":"image\/jpeg"}],"author":"oliviere","twitter_card":"summary_large_image","twitter_misc":{"\u00c9crit par":"oliviere","Dur\u00e9e de lecture estim\u00e9e":"2 minutes"},"schema":{"@context":"https:\/\/schema.org","@graph":[{"@type":"Article","@id":"https:\/\/fr.motocrossmag.be\/index.php\/2019\/07\/husqvarna-pret-a-se-battre-pour-la-victoire-aux-prochaines-12-heures-de-la-chinelle\/#article","isPartOf":{"@id":"https:\/\/fr.motocrossmag.be\/index.php\/2019\/07\/husqvarna-pret-a-se-battre-pour-la-victoire-aux-prochaines-12-heures-de-la-chinelle\/"},"author":{"name":"oliviere","@id":"https:\/\/fr.motocrossmag.be\/#\/schema\/person\/11b47143d9f755babca2c9110e03235c"},"headline":"Husqvarna pr\u00eat \u00e0 se battre pour la victoire aux prochaines 12 Heures de la Chinelle","datePublished":"2019-07-11T12:56:02+00:00","dateModified":"2019-07-18T14:36:53+00:00","mainEntityOfPage":{"@id":"https:\/\/fr.motocrossmag.be\/index.php\/2019\/07\/husqvarna-pret-a-se-battre-pour-la-victoire-aux-prochaines-12-heures-de-la-chinelle\/"},"wordCount":468,"commentCount":0,"image":{"@id":"https:\/\/fr.motocrossmag.be\/index.php\/2019\/07\/husqvarna-pret-a-se-battre-pour-la-victoire-aux-prochaines-12-heures-de-la-chinelle\/#primaryimage"},"thumbnailUrl":"https:\/\/fr.motocrossmag.be\/wp-content\/uploads\/2018\/08\/La-Chinelle-059.jpg","keywords":["Enduro"],"articleSection":["Actualit\u00e9","Enduro","FMB","La Chinelle","News","News","Slideshow"],"inLanguage":"fr-FR","potentialAction":[{"@type":"CommentAction","name":"Comment","target":["https:\/\/fr.motocrossmag.be\/index.php\/2019\/07\/husqvarna-pret-a-se-battre-pour-la-victoire-aux-prochaines-12-heures-de-la-chinelle\/#respond"]}]},{"@type":"WebPage","@id":"https:\/\/fr.motocrossmag.be\/index.php\/2019\/07\/husqvarna-pret-a-se-battre-pour-la-victoire-aux-prochaines-12-heures-de-la-chinelle\/","url":"https:\/\/fr.motocrossmag.be\/index.php\/2019\/07\/husqvarna-pret-a-se-battre-pour-la-victoire-aux-prochaines-12-heures-de-la-chinelle\/","name":"Husqvarna pr\u00eat \u00e0 se battre pour la victoire aux prochaines 12 Heures de la Chinelle - Motocross - Enduro - Supermoto | MotocrossMag","isPartOf":{"@id":"https:\/\/fr.motocrossmag.be\/#website"},"primaryImageOfPage":{"@id":"https:\/\/fr.motocrossmag.be\/index.php\/2019\/07\/husqvarna-pret-a-se-battre-pour-la-victoire-aux-prochaines-12-heures-de-la-chinelle\/#primaryimage"},"image":{"@id":"https:\/\/fr.motocrossmag.be\/index.php\/2019\/07\/husqvarna-pret-a-se-battre-pour-la-victoire-aux-prochaines-12-heures-de-la-chinelle\/#primaryimage"},"thumbnailUrl":"https:\/\/fr.motocrossmag.be\/wp-content\/uploads\/2018\/08\/La-Chinelle-059.jpg","datePublished":"2019-07-11T12:56:02+00:00","dateModified":"2019-07-18T14:36:53+00:00","author":{"@id":"https:\/\/fr.motocrossmag.be\/#\/schema\/person\/11b47143d9f755babca2c9110e03235c"},"breadcrumb":{"@id":"https:\/\/fr.motocrossmag.be\/index.php\/2019\/07\/husqvarna-pret-a-se-battre-pour-la-victoire-aux-prochaines-12-heures-de-la-chinelle\/#breadcrumb"},"inLanguage":"fr-FR","potentialAction":[{"@type":"ReadAction","target":["https:\/\/fr.motocrossmag.be\/index.php\/2019\/07\/husqvarna-pret-a-se-battre-pour-la-victoire-aux-prochaines-12-heures-de-la-chinelle\/"]}]},{"@type":"ImageObject","inLanguage":"fr-FR","@id":"https:\/\/fr.motocrossmag.be\/index.php\/2019\/07\/husqvarna-pret-a-se-battre-pour-la-victoire-aux-prochaines-12-heures-de-la-chinelle\/#primaryimage","url":"https:\/\/fr.motocrossmag.be\/wp-content\/uploads\/2018\/08\/La-Chinelle-059.jpg","contentUrl":"https:\/\/fr.motocrossmag.be\/wp-content\/uploads\/2018\/08\/La-Chinelle-059.jpg","width":850,"height":566,"caption":"Wim Vanderheyden"},{"@type":"BreadcrumbList","@id":"https:\/\/fr.motocrossmag.be\/index.php\/2019\/07\/husqvarna-pret-a-se-battre-pour-la-victoire-aux-prochaines-12-heures-de-la-chinelle\/#breadcrumb","itemListElement":[{"@type":"ListItem","position":1,"name":"Accueil","item":"https:\/\/fr.motocrossmag.be\/"},{"@type":"ListItem","position":2,"name":"Husqvarna pr\u00eat \u00e0 se battre pour la victoire aux prochaines 12 Heures de la Chinelle"}]},{"@type":"WebSite","@id":"https:\/\/fr.motocrossmag.be\/#website","url":"https:\/\/fr.motocrossmag.be\/","name":"Motocross - Enduro - Supermoto | MotocrossMag","description":"L&#039;actualit\u00e9 du motocross, de l&#039;enduro et du Supermoto en ligne!","potentialAction":[{"@type":"SearchAction","target":{"@type":"EntryPoint","urlTemplate":"https:\/\/fr.motocrossmag.be\/?s={search_term_string}"},"query-input":{"@type":"PropertyValueSpecification","valueRequired":true,"valueName":"search_term_string"}}],"inLanguage":"fr-FR"},{"@type":"Person","@id":"https:\/\/fr.motocrossmag.be\/#\/schema\/person\/11b47143d9f755babca2c9110e03235c","name":"oliviere","image":{"@type":"ImageObject","inLanguage":"fr-FR","@id":"https:\/\/secure.gravatar.com\/avatar\/907069e0b81d119452040469e4a7501da1100f54f7f80180ce77bfab718288f6?s=96&d=mm&r=g","url":"https:\/\/secure.gravatar.com\/avatar\/907069e0b81d119452040469e4a7501da1100f54f7f80180ce77bfab718288f6?s=96&d=mm&r=g","contentUrl":"https:\/\/secure.gravatar.com\/avatar\/907069e0b81d119452040469e4a7501da1100f54f7f80180ce77bfab718288f6?s=96&d=mm&r=g","caption":"oliviere"},"sameAs":["http:\/\/www.motocrossmag.be"],"url":"https:\/\/fr.motocrossmag.be\/index.php\/author\/oliviere\/"}]}},"_links":{"self":[{"href":"https:\/\/fr.motocrossmag.be\/index.php\/wp-json\/wp\/v2\/posts\/91295","targetHints":{"allow":["GET"]}}],"collection":[{"href":"https:\/\/fr.motocrossmag.be\/index.php\/wp-json\/wp\/v2\/posts"}],"about":[{"href":"https:\/\/fr.motocrossmag.be\/index.php\/wp-json\/wp\/v2\/types\/post"}],"author":[{"embeddable":true,"href":"https:\/\/fr.motocrossmag.be\/index.php\/wp-json\/wp\/v2\/users\/932"}],"replies":[{"embeddable":true,"href":"https:\/\/fr.motocrossmag.be\/index.php\/wp-json\/wp\/v2\/comments?post=91295"}],"version-history":[{"count":0,"href":"https:\/\/fr.motocrossmag.be\/index.php\/wp-json\/wp\/v2\/posts\/91295\/revisions"}],"wp:featuredmedia":[{"embeddable":true,"href":"https:\/\/fr.motocrossmag.be\/index.php\/wp-json\/wp\/v2\/media\/77997"}],"wp:attachment":[{"href":"https:\/\/fr.motocrossmag.be\/index.php\/wp-json\/wp\/v2\/media?parent=91295"}],"wp:term":[{"taxonomy":"category","embeddable":true,"href":"https:\/\/fr.motocrossmag.be\/index.php\/wp-json\/wp\/v2\/categories?post=91295"},{"taxonomy":"post_tag","embeddable":true,"href":"https:\/\/fr.motocrossmag.be\/index.php\/wp-json\/wp\/v2\/tags?post=91295"}],"curies":[{"name":"wp","href":"https:\/\/api.w.org\/{rel}","templated":true}]}}