{"id":91826,"date":"2019-07-19T13:18:48","date_gmt":"2019-07-19T11:18:48","guid":{"rendered":"https:\/\/fr.motocrossmag.be\/?p=91826"},"modified":"2019-07-19T13:32:36","modified_gmt":"2019-07-19T11:32:36","slug":"antoine-magain-associe-a-jeffrey-dewulf-et-cedric-grobben-pour-les-12-heures-de-la-chinelle","status":"publish","type":"post","link":"https:\/\/fr.motocrossmag.be\/index.php\/2019\/07\/antoine-magain-associe-a-jeffrey-dewulf-et-cedric-grobben-pour-les-12-heures-de-la-chinelle\/","title":{"rendered":"Antoine Magain associ\u00e9 \u00e0 Jeffrey Dewulf et C\u00e9dric Grobben pour les 12 Heures de la Chinelle"},"content":{"rendered":"<p><strong>KTM ne s&rsquo;est plus impos\u00e9 aux 12 Heures de la Chinelle depuis 2015. C\u00e9dric Cremer, Thierry Klutz et Dimitri Vanhoecker avaient alors permis \u00e0 la marque autrichienne de monter sur la plus haute marche du podium. Une marche que KTM entend bien retrouver \u00e0 l&rsquo;occasion de la 40\u00e8me \u00e9dition, les 10 et 11 ao\u00fbt prochains \u00e0 Franchimont. Pour tenter d&rsquo;accrocher une victoire de plus au palmar\u00e8s de la marque, le team manager Mika\u00ebl Despontin est parvenu \u00e0 former une \u00e9quipe de pointe particuli\u00e8rement ambitieuse.<\/strong><\/p>\n<p>A Antoine Magain, pilote officiel pour la marque sur le championnat de Belgique d&rsquo;enduro mais aussi en France et en EnduroGP et actuellement le plus rapide des enduristes belges, il a associ\u00e9 deux crossmen de premier ordre : Jeffrey Dewulf et C\u00e9dric Grobben.<\/p>\n<div id=\"attachment_82600\" style=\"width: 660px\" class=\"wp-caption alignnone\"><img decoding=\"async\" aria-describedby=\"caption-attachment-82600\" class=\"lazyload size-medium wp-image-82600\" src=\"https:\/\/fr.motocrossmag.be\/wp-content\/uploads\/2018\/12\/dewulf-jeffrey-cfs-hossegor-650x433.jpg\" data-orig-src=\"https:\/\/fr.motocrossmag.be\/wp-content\/uploads\/2018\/12\/dewulf-jeffrey-cfs-hossegor-650x433.jpg\" alt=\"\" width=\"650\" height=\"433\" srcset=\"data:image\/svg+xml,%3Csvg%20xmlns%3D%27http%3A%2F%2Fwww.w3.org%2F2000%2Fsvg%27%20width%3D%27650%27%20height%3D%27433%27%20viewBox%3D%270%200%20650%20433%27%3E%3Crect%20width%3D%27650%27%20height%3D%27433%27%20fill-opacity%3D%220%22%2F%3E%3C%2Fsvg%3E\" data-srcset=\"https:\/\/fr.motocrossmag.be\/wp-content\/uploads\/2018\/12\/dewulf-jeffrey-cfs-hossegor-650x433.jpg 650w, https:\/\/fr.motocrossmag.be\/wp-content\/uploads\/2018\/12\/dewulf-jeffrey-cfs-hossegor-768x512.jpg 768w, https:\/\/fr.motocrossmag.be\/wp-content\/uploads\/2018\/12\/dewulf-jeffrey-cfs-hossegor-1024x683.jpg 1024w, https:\/\/fr.motocrossmag.be\/wp-content\/uploads\/2018\/12\/dewulf-jeffrey-cfs-hossegor.jpg 1200w\" data-sizes=\"auto\" data-orig-sizes=\"(max-width: 650px) 100vw, 650px\" \/><p id=\"caption-attachment-82600\" class=\"wp-caption-text\">Engag\u00e9 cet hiver sur le championnat de France des Sables, Jeffrey Dewulf est un habitu\u00e9 des efforts de longue haleine.<\/p><\/div>\n<p>Si Dewulf a d\u00e9j\u00e0 particip\u00e9 \u00e0 la Chinelle l&rsquo;an pass\u00e9, ce sera par contre une premi\u00e8re pour Grobben. Magain, lui, est d\u00e9j\u00e0 mont\u00e9 trois fois sur le podium de la c\u00e9l\u00e8bre \u00e9preuve d&rsquo;endurance. Jamais sur la plus haute. L&rsquo;\u00e9dition 2019 sera-t-elle la bonne pour \u00ab\u00a0MiniMax\u00a0\u00bb ? Il semble en tout cas bien arm\u00e9 avec le soutien de KTM Belgique et \u00e0 ses c\u00f4t\u00e9s deux crossmen d&rsquo;exp\u00e9rience dont la redoutable vitesse de pointe pourrait bien faire la diff\u00e9rence dans les grandes boucles de Franchimont.<\/p>\n<p>&nbsp;<\/p>\n<div id=\"attachment_84443\" style=\"width: 660px\" class=\"wp-caption alignnone\"><img decoding=\"async\" aria-describedby=\"caption-attachment-84443\" class=\"lazyload size-medium wp-image-84443\" src=\"https:\/\/fr.motocrossmag.be\/wp-content\/uploads\/2019\/02\/cedric-grobben-lommel-650x433.jpg\" data-orig-src=\"https:\/\/fr.motocrossmag.be\/wp-content\/uploads\/2019\/02\/cedric-grobben-lommel-650x433.jpg\" alt=\"\" width=\"650\" height=\"433\" srcset=\"data:image\/svg+xml,%3Csvg%20xmlns%3D%27http%3A%2F%2Fwww.w3.org%2F2000%2Fsvg%27%20width%3D%27650%27%20height%3D%27433%27%20viewBox%3D%270%200%20650%20433%27%3E%3Crect%20width%3D%27650%27%20height%3D%27433%27%20fill-opacity%3D%220%22%2F%3E%3C%2Fsvg%3E\" data-srcset=\"https:\/\/fr.motocrossmag.be\/wp-content\/uploads\/2019\/02\/cedric-grobben-lommel-650x433.jpg 650w, https:\/\/fr.motocrossmag.be\/wp-content\/uploads\/2019\/02\/cedric-grobben-lommel-768x511.jpg 768w, https:\/\/fr.motocrossmag.be\/wp-content\/uploads\/2019\/02\/cedric-grobben-lommel-1024x682.jpg 1024w, https:\/\/fr.motocrossmag.be\/wp-content\/uploads\/2019\/02\/cedric-grobben-lommel.jpg 1200w\" data-sizes=\"auto\" data-orig-sizes=\"(max-width: 650px) 100vw, 650px\" \/><p id=\"caption-attachment-84443\" class=\"wp-caption-text\">C\u00e9dric Grobben d\u00e9couvrira la Chinelle mais devrait pouvoir compter sur son \u00e9norme exp\u00e9rience pour appr\u00e9hender rapidement les sp\u00e9cificit\u00e9s de l&rsquo;\u00e9preuve.<\/p><\/div>\n<p>&nbsp;<\/p>\n<div id=\"ConnectiveDocSignExtentionInstalled\" data-extension-version=\"1.0.4\"><\/div>\n","protected":false},"excerpt":{"rendered":"<p>KTM ne s&rsquo;est plus impos\u00e9 aux 12 Heures de la Chinelle depuis 2015. C\u00e9dric Cremer, Thierry Klutz et Dimitri Vanhoecker avaient alors permis \u00e0 la marque autrichienne de monter sur [&#8230;]<\/p>\n","protected":false},"author":932,"featured_media":75389,"comment_status":"open","ping_status":"closed","sticky":false,"template":"","format":"standard","meta":{"footnotes":""},"categories":[54,32,35,73,4,33,55,65],"tags":[1167,951,79],"class_list":["post-91826","post","type-post","status-publish","format-standard","has-post-thumbnail","hentry","category-actualite","category-enduro","category-fmb-enduro","category-chinelle","category-motocross","category-news-enduro","category-news-actualite","category-slideshow","tag-bex","tag-enduro","tag-ktm"],"yoast_head":"<!-- This site is optimized with the Yoast SEO plugin v27.4 - https:\/\/yoast.com\/product\/yoast-seo-wordpress\/ -->\n<title>Antoine Magain associ\u00e9 \u00e0 Jeffrey Dewulf et C\u00e9dric Grobben pour les 12 Heures de la Chinelle - Motocross - Enduro - Supermoto | MotocrossMag<\/title>\n<meta name=\"robots\" content=\"index, follow, max-snippet:-1, max-image-preview:large, max-video-preview:-1\" \/>\n<link rel=\"canonical\" href=\"https:\/\/fr.motocrossmag.be\/index.php\/2019\/07\/antoine-magain-associe-a-jeffrey-dewulf-et-cedric-grobben-pour-les-12-heures-de-la-chinelle\/\" \/>\n<meta property=\"og:locale\" content=\"fr_FR\" \/>\n<meta property=\"og:type\" content=\"article\" \/>\n<meta property=\"og:title\" content=\"Antoine Magain associ\u00e9 \u00e0 Jeffrey Dewulf et C\u00e9dric Grobben pour les 12 Heures de la Chinelle - Motocross - Enduro - Supermoto | MotocrossMag\" \/>\n<meta property=\"og:description\" content=\"KTM ne s&rsquo;est plus impos\u00e9 aux 12 Heures de la Chinelle depuis 2015. C\u00e9dric Cremer, Thierry Klutz et Dimitri Vanhoecker avaient alors permis \u00e0 la marque autrichienne de monter sur [...]\" \/>\n<meta property=\"og:url\" content=\"https:\/\/fr.motocrossmag.be\/index.php\/2019\/07\/antoine-magain-associe-a-jeffrey-dewulf-et-cedric-grobben-pour-les-12-heures-de-la-chinelle\/\" \/>\n<meta property=\"og:site_name\" content=\"Motocross - Enduro - Supermoto | MotocrossMag\" \/>\n<meta property=\"article:published_time\" content=\"2019-07-19T11:18:48+00:00\" \/>\n<meta property=\"article:modified_time\" content=\"2019-07-19T11:32:36+00:00\" \/>\n<meta property=\"og:image\" content=\"https:\/\/fr.motocrossmag.be\/wp-content\/uploads\/2018\/07\/magain-trentino-endurogp.jpg\" \/>\n\t<meta property=\"og:image:width\" content=\"1080\" \/>\n\t<meta property=\"og:image:height\" content=\"720\" \/>\n\t<meta property=\"og:image:type\" content=\"image\/jpeg\" \/>\n<meta name=\"author\" content=\"oliviere\" \/>\n<meta name=\"twitter:card\" content=\"summary_large_image\" \/>\n<meta name=\"twitter:label1\" content=\"\u00c9crit par\" \/>\n\t<meta name=\"twitter:data1\" content=\"oliviere\" \/>\n\t<meta name=\"twitter:label2\" content=\"Dur\u00e9e de lecture estim\u00e9e\" \/>\n\t<meta name=\"twitter:data2\" content=\"1 minute\" \/>\n<script type=\"application\/ld+json\" class=\"yoast-schema-graph\">{\"@context\":\"https:\\\/\\\/schema.org\",\"@graph\":[{\"@type\":\"Article\",\"@id\":\"https:\\\/\\\/fr.motocrossmag.be\\\/index.php\\\/2019\\\/07\\\/antoine-magain-associe-a-jeffrey-dewulf-et-cedric-grobben-pour-les-12-heures-de-la-chinelle\\\/#article\",\"isPartOf\":{\"@id\":\"https:\\\/\\\/fr.motocrossmag.be\\\/index.php\\\/2019\\\/07\\\/antoine-magain-associe-a-jeffrey-dewulf-et-cedric-grobben-pour-les-12-heures-de-la-chinelle\\\/\"},\"author\":{\"name\":\"oliviere\",\"@id\":\"https:\\\/\\\/fr.motocrossmag.be\\\/#\\\/schema\\\/person\\\/11b47143d9f755babca2c9110e03235c\"},\"headline\":\"Antoine Magain associ\u00e9 \u00e0 Jeffrey Dewulf et C\u00e9dric Grobben pour les 12 Heures de la Chinelle\",\"datePublished\":\"2019-07-19T11:18:48+00:00\",\"dateModified\":\"2019-07-19T11:32:36+00:00\",\"mainEntityOfPage\":{\"@id\":\"https:\\\/\\\/fr.motocrossmag.be\\\/index.php\\\/2019\\\/07\\\/antoine-magain-associe-a-jeffrey-dewulf-et-cedric-grobben-pour-les-12-heures-de-la-chinelle\\\/\"},\"wordCount\":298,\"commentCount\":0,\"image\":{\"@id\":\"https:\\\/\\\/fr.motocrossmag.be\\\/index.php\\\/2019\\\/07\\\/antoine-magain-associe-a-jeffrey-dewulf-et-cedric-grobben-pour-les-12-heures-de-la-chinelle\\\/#primaryimage\"},\"thumbnailUrl\":\"https:\\\/\\\/fr.motocrossmag.be\\\/wp-content\\\/uploads\\\/2018\\\/07\\\/magain-trentino-endurogp.jpg\",\"keywords\":[\"BEX\",\"Enduro\",\"KTM\"],\"articleSection\":[\"Actualit\u00e9\",\"Enduro\",\"FMB\",\"La Chinelle\",\"Motocross\",\"News\",\"News\",\"Slideshow\"],\"inLanguage\":\"fr-FR\",\"potentialAction\":[{\"@type\":\"CommentAction\",\"name\":\"Comment\",\"target\":[\"https:\\\/\\\/fr.motocrossmag.be\\\/index.php\\\/2019\\\/07\\\/antoine-magain-associe-a-jeffrey-dewulf-et-cedric-grobben-pour-les-12-heures-de-la-chinelle\\\/#respond\"]}]},{\"@type\":\"WebPage\",\"@id\":\"https:\\\/\\\/fr.motocrossmag.be\\\/index.php\\\/2019\\\/07\\\/antoine-magain-associe-a-jeffrey-dewulf-et-cedric-grobben-pour-les-12-heures-de-la-chinelle\\\/\",\"url\":\"https:\\\/\\\/fr.motocrossmag.be\\\/index.php\\\/2019\\\/07\\\/antoine-magain-associe-a-jeffrey-dewulf-et-cedric-grobben-pour-les-12-heures-de-la-chinelle\\\/\",\"name\":\"Antoine Magain associ\u00e9 \u00e0 Jeffrey Dewulf et C\u00e9dric Grobben pour les 12 Heures de la Chinelle - Motocross - Enduro - Supermoto | MotocrossMag\",\"isPartOf\":{\"@id\":\"https:\\\/\\\/fr.motocrossmag.be\\\/#website\"},\"primaryImageOfPage\":{\"@id\":\"https:\\\/\\\/fr.motocrossmag.be\\\/index.php\\\/2019\\\/07\\\/antoine-magain-associe-a-jeffrey-dewulf-et-cedric-grobben-pour-les-12-heures-de-la-chinelle\\\/#primaryimage\"},\"image\":{\"@id\":\"https:\\\/\\\/fr.motocrossmag.be\\\/index.php\\\/2019\\\/07\\\/antoine-magain-associe-a-jeffrey-dewulf-et-cedric-grobben-pour-les-12-heures-de-la-chinelle\\\/#primaryimage\"},\"thumbnailUrl\":\"https:\\\/\\\/fr.motocrossmag.be\\\/wp-content\\\/uploads\\\/2018\\\/07\\\/magain-trentino-endurogp.jpg\",\"datePublished\":\"2019-07-19T11:18:48+00:00\",\"dateModified\":\"2019-07-19T11:32:36+00:00\",\"author\":{\"@id\":\"https:\\\/\\\/fr.motocrossmag.be\\\/#\\\/schema\\\/person\\\/11b47143d9f755babca2c9110e03235c\"},\"breadcrumb\":{\"@id\":\"https:\\\/\\\/fr.motocrossmag.be\\\/index.php\\\/2019\\\/07\\\/antoine-magain-associe-a-jeffrey-dewulf-et-cedric-grobben-pour-les-12-heures-de-la-chinelle\\\/#breadcrumb\"},\"inLanguage\":\"fr-FR\",\"potentialAction\":[{\"@type\":\"ReadAction\",\"target\":[\"https:\\\/\\\/fr.motocrossmag.be\\\/index.php\\\/2019\\\/07\\\/antoine-magain-associe-a-jeffrey-dewulf-et-cedric-grobben-pour-les-12-heures-de-la-chinelle\\\/\"]}]},{\"@type\":\"ImageObject\",\"inLanguage\":\"fr-FR\",\"@id\":\"https:\\\/\\\/fr.motocrossmag.be\\\/index.php\\\/2019\\\/07\\\/antoine-magain-associe-a-jeffrey-dewulf-et-cedric-grobben-pour-les-12-heures-de-la-chinelle\\\/#primaryimage\",\"url\":\"https:\\\/\\\/fr.motocrossmag.be\\\/wp-content\\\/uploads\\\/2018\\\/07\\\/magain-trentino-endurogp.jpg\",\"contentUrl\":\"https:\\\/\\\/fr.motocrossmag.be\\\/wp-content\\\/uploads\\\/2018\\\/07\\\/magain-trentino-endurogp.jpg\",\"width\":1080,\"height\":720},{\"@type\":\"BreadcrumbList\",\"@id\":\"https:\\\/\\\/fr.motocrossmag.be\\\/index.php\\\/2019\\\/07\\\/antoine-magain-associe-a-jeffrey-dewulf-et-cedric-grobben-pour-les-12-heures-de-la-chinelle\\\/#breadcrumb\",\"itemListElement\":[{\"@type\":\"ListItem\",\"position\":1,\"name\":\"Accueil\",\"item\":\"https:\\\/\\\/fr.motocrossmag.be\\\/\"},{\"@type\":\"ListItem\",\"position\":2,\"name\":\"Antoine Magain associ\u00e9 \u00e0 Jeffrey Dewulf et C\u00e9dric Grobben pour les 12 Heures de la Chinelle\"}]},{\"@type\":\"WebSite\",\"@id\":\"https:\\\/\\\/fr.motocrossmag.be\\\/#website\",\"url\":\"https:\\\/\\\/fr.motocrossmag.be\\\/\",\"name\":\"Motocross - Enduro - Supermoto | MotocrossMag\",\"description\":\"L&#039;actualit\u00e9 du motocross, de l&#039;enduro et du Supermoto en ligne!\",\"potentialAction\":[{\"@type\":\"SearchAction\",\"target\":{\"@type\":\"EntryPoint\",\"urlTemplate\":\"https:\\\/\\\/fr.motocrossmag.be\\\/?s={search_term_string}\"},\"query-input\":{\"@type\":\"PropertyValueSpecification\",\"valueRequired\":true,\"valueName\":\"search_term_string\"}}],\"inLanguage\":\"fr-FR\"},{\"@type\":\"Person\",\"@id\":\"https:\\\/\\\/fr.motocrossmag.be\\\/#\\\/schema\\\/person\\\/11b47143d9f755babca2c9110e03235c\",\"name\":\"oliviere\",\"image\":{\"@type\":\"ImageObject\",\"inLanguage\":\"fr-FR\",\"@id\":\"https:\\\/\\\/secure.gravatar.com\\\/avatar\\\/907069e0b81d119452040469e4a7501da1100f54f7f80180ce77bfab718288f6?s=96&d=mm&r=g\",\"url\":\"https:\\\/\\\/secure.gravatar.com\\\/avatar\\\/907069e0b81d119452040469e4a7501da1100f54f7f80180ce77bfab718288f6?s=96&d=mm&r=g\",\"contentUrl\":\"https:\\\/\\\/secure.gravatar.com\\\/avatar\\\/907069e0b81d119452040469e4a7501da1100f54f7f80180ce77bfab718288f6?s=96&d=mm&r=g\",\"caption\":\"oliviere\"},\"sameAs\":[\"http:\\\/\\\/www.motocrossmag.be\"],\"url\":\"https:\\\/\\\/fr.motocrossmag.be\\\/index.php\\\/author\\\/oliviere\\\/\"}]}<\/script>\n<!-- \/ Yoast SEO plugin. -->","yoast_head_json":{"title":"Antoine Magain associ\u00e9 \u00e0 Jeffrey Dewulf et C\u00e9dric Grobben pour les 12 Heures de la Chinelle - Motocross - Enduro - Supermoto | MotocrossMag","robots":{"index":"index","follow":"follow","max-snippet":"max-snippet:-1","max-image-preview":"max-image-preview:large","max-video-preview":"max-video-preview:-1"},"canonical":"https:\/\/fr.motocrossmag.be\/index.php\/2019\/07\/antoine-magain-associe-a-jeffrey-dewulf-et-cedric-grobben-pour-les-12-heures-de-la-chinelle\/","og_locale":"fr_FR","og_type":"article","og_title":"Antoine Magain associ\u00e9 \u00e0 Jeffrey Dewulf et C\u00e9dric Grobben pour les 12 Heures de la Chinelle - Motocross - Enduro - Supermoto | MotocrossMag","og_description":"KTM ne s&rsquo;est plus impos\u00e9 aux 12 Heures de la Chinelle depuis 2015. C\u00e9dric Cremer, Thierry Klutz et Dimitri Vanhoecker avaient alors permis \u00e0 la marque autrichienne de monter sur [...]","og_url":"https:\/\/fr.motocrossmag.be\/index.php\/2019\/07\/antoine-magain-associe-a-jeffrey-dewulf-et-cedric-grobben-pour-les-12-heures-de-la-chinelle\/","og_site_name":"Motocross - Enduro - Supermoto | MotocrossMag","article_published_time":"2019-07-19T11:18:48+00:00","article_modified_time":"2019-07-19T11:32:36+00:00","og_image":[{"width":1080,"height":720,"url":"https:\/\/fr.motocrossmag.be\/wp-content\/uploads\/2018\/07\/magain-trentino-endurogp.jpg","type":"image\/jpeg"}],"author":"oliviere","twitter_card":"summary_large_image","twitter_misc":{"\u00c9crit par":"oliviere","Dur\u00e9e de lecture estim\u00e9e":"1 minute"},"schema":{"@context":"https:\/\/schema.org","@graph":[{"@type":"Article","@id":"https:\/\/fr.motocrossmag.be\/index.php\/2019\/07\/antoine-magain-associe-a-jeffrey-dewulf-et-cedric-grobben-pour-les-12-heures-de-la-chinelle\/#article","isPartOf":{"@id":"https:\/\/fr.motocrossmag.be\/index.php\/2019\/07\/antoine-magain-associe-a-jeffrey-dewulf-et-cedric-grobben-pour-les-12-heures-de-la-chinelle\/"},"author":{"name":"oliviere","@id":"https:\/\/fr.motocrossmag.be\/#\/schema\/person\/11b47143d9f755babca2c9110e03235c"},"headline":"Antoine Magain associ\u00e9 \u00e0 Jeffrey Dewulf et C\u00e9dric Grobben pour les 12 Heures de la Chinelle","datePublished":"2019-07-19T11:18:48+00:00","dateModified":"2019-07-19T11:32:36+00:00","mainEntityOfPage":{"@id":"https:\/\/fr.motocrossmag.be\/index.php\/2019\/07\/antoine-magain-associe-a-jeffrey-dewulf-et-cedric-grobben-pour-les-12-heures-de-la-chinelle\/"},"wordCount":298,"commentCount":0,"image":{"@id":"https:\/\/fr.motocrossmag.be\/index.php\/2019\/07\/antoine-magain-associe-a-jeffrey-dewulf-et-cedric-grobben-pour-les-12-heures-de-la-chinelle\/#primaryimage"},"thumbnailUrl":"https:\/\/fr.motocrossmag.be\/wp-content\/uploads\/2018\/07\/magain-trentino-endurogp.jpg","keywords":["BEX","Enduro","KTM"],"articleSection":["Actualit\u00e9","Enduro","FMB","La Chinelle","Motocross","News","News","Slideshow"],"inLanguage":"fr-FR","potentialAction":[{"@type":"CommentAction","name":"Comment","target":["https:\/\/fr.motocrossmag.be\/index.php\/2019\/07\/antoine-magain-associe-a-jeffrey-dewulf-et-cedric-grobben-pour-les-12-heures-de-la-chinelle\/#respond"]}]},{"@type":"WebPage","@id":"https:\/\/fr.motocrossmag.be\/index.php\/2019\/07\/antoine-magain-associe-a-jeffrey-dewulf-et-cedric-grobben-pour-les-12-heures-de-la-chinelle\/","url":"https:\/\/fr.motocrossmag.be\/index.php\/2019\/07\/antoine-magain-associe-a-jeffrey-dewulf-et-cedric-grobben-pour-les-12-heures-de-la-chinelle\/","name":"Antoine Magain associ\u00e9 \u00e0 Jeffrey Dewulf et C\u00e9dric Grobben pour les 12 Heures de la Chinelle - Motocross - Enduro - Supermoto | MotocrossMag","isPartOf":{"@id":"https:\/\/fr.motocrossmag.be\/#website"},"primaryImageOfPage":{"@id":"https:\/\/fr.motocrossmag.be\/index.php\/2019\/07\/antoine-magain-associe-a-jeffrey-dewulf-et-cedric-grobben-pour-les-12-heures-de-la-chinelle\/#primaryimage"},"image":{"@id":"https:\/\/fr.motocrossmag.be\/index.php\/2019\/07\/antoine-magain-associe-a-jeffrey-dewulf-et-cedric-grobben-pour-les-12-heures-de-la-chinelle\/#primaryimage"},"thumbnailUrl":"https:\/\/fr.motocrossmag.be\/wp-content\/uploads\/2018\/07\/magain-trentino-endurogp.jpg","datePublished":"2019-07-19T11:18:48+00:00","dateModified":"2019-07-19T11:32:36+00:00","author":{"@id":"https:\/\/fr.motocrossmag.be\/#\/schema\/person\/11b47143d9f755babca2c9110e03235c"},"breadcrumb":{"@id":"https:\/\/fr.motocrossmag.be\/index.php\/2019\/07\/antoine-magain-associe-a-jeffrey-dewulf-et-cedric-grobben-pour-les-12-heures-de-la-chinelle\/#breadcrumb"},"inLanguage":"fr-FR","potentialAction":[{"@type":"ReadAction","target":["https:\/\/fr.motocrossmag.be\/index.php\/2019\/07\/antoine-magain-associe-a-jeffrey-dewulf-et-cedric-grobben-pour-les-12-heures-de-la-chinelle\/"]}]},{"@type":"ImageObject","inLanguage":"fr-FR","@id":"https:\/\/fr.motocrossmag.be\/index.php\/2019\/07\/antoine-magain-associe-a-jeffrey-dewulf-et-cedric-grobben-pour-les-12-heures-de-la-chinelle\/#primaryimage","url":"https:\/\/fr.motocrossmag.be\/wp-content\/uploads\/2018\/07\/magain-trentino-endurogp.jpg","contentUrl":"https:\/\/fr.motocrossmag.be\/wp-content\/uploads\/2018\/07\/magain-trentino-endurogp.jpg","width":1080,"height":720},{"@type":"BreadcrumbList","@id":"https:\/\/fr.motocrossmag.be\/index.php\/2019\/07\/antoine-magain-associe-a-jeffrey-dewulf-et-cedric-grobben-pour-les-12-heures-de-la-chinelle\/#breadcrumb","itemListElement":[{"@type":"ListItem","position":1,"name":"Accueil","item":"https:\/\/fr.motocrossmag.be\/"},{"@type":"ListItem","position":2,"name":"Antoine Magain associ\u00e9 \u00e0 Jeffrey Dewulf et C\u00e9dric Grobben pour les 12 Heures de la Chinelle"}]},{"@type":"WebSite","@id":"https:\/\/fr.motocrossmag.be\/#website","url":"https:\/\/fr.motocrossmag.be\/","name":"Motocross - Enduro - Supermoto | MotocrossMag","description":"L&#039;actualit\u00e9 du motocross, de l&#039;enduro et du Supermoto en ligne!","potentialAction":[{"@type":"SearchAction","target":{"@type":"EntryPoint","urlTemplate":"https:\/\/fr.motocrossmag.be\/?s={search_term_string}"},"query-input":{"@type":"PropertyValueSpecification","valueRequired":true,"valueName":"search_term_string"}}],"inLanguage":"fr-FR"},{"@type":"Person","@id":"https:\/\/fr.motocrossmag.be\/#\/schema\/person\/11b47143d9f755babca2c9110e03235c","name":"oliviere","image":{"@type":"ImageObject","inLanguage":"fr-FR","@id":"https:\/\/secure.gravatar.com\/avatar\/907069e0b81d119452040469e4a7501da1100f54f7f80180ce77bfab718288f6?s=96&d=mm&r=g","url":"https:\/\/secure.gravatar.com\/avatar\/907069e0b81d119452040469e4a7501da1100f54f7f80180ce77bfab718288f6?s=96&d=mm&r=g","contentUrl":"https:\/\/secure.gravatar.com\/avatar\/907069e0b81d119452040469e4a7501da1100f54f7f80180ce77bfab718288f6?s=96&d=mm&r=g","caption":"oliviere"},"sameAs":["http:\/\/www.motocrossmag.be"],"url":"https:\/\/fr.motocrossmag.be\/index.php\/author\/oliviere\/"}]}},"_links":{"self":[{"href":"https:\/\/fr.motocrossmag.be\/index.php\/wp-json\/wp\/v2\/posts\/91826","targetHints":{"allow":["GET"]}}],"collection":[{"href":"https:\/\/fr.motocrossmag.be\/index.php\/wp-json\/wp\/v2\/posts"}],"about":[{"href":"https:\/\/fr.motocrossmag.be\/index.php\/wp-json\/wp\/v2\/types\/post"}],"author":[{"embeddable":true,"href":"https:\/\/fr.motocrossmag.be\/index.php\/wp-json\/wp\/v2\/users\/932"}],"replies":[{"embeddable":true,"href":"https:\/\/fr.motocrossmag.be\/index.php\/wp-json\/wp\/v2\/comments?post=91826"}],"version-history":[{"count":1,"href":"https:\/\/fr.motocrossmag.be\/index.php\/wp-json\/wp\/v2\/posts\/91826\/revisions"}],"predecessor-version":[{"id":91827,"href":"https:\/\/fr.motocrossmag.be\/index.php\/wp-json\/wp\/v2\/posts\/91826\/revisions\/91827"}],"wp:featuredmedia":[{"embeddable":true,"href":"https:\/\/fr.motocrossmag.be\/index.php\/wp-json\/wp\/v2\/media\/75389"}],"wp:attachment":[{"href":"https:\/\/fr.motocrossmag.be\/index.php\/wp-json\/wp\/v2\/media?parent=91826"}],"wp:term":[{"taxonomy":"category","embeddable":true,"href":"https:\/\/fr.motocrossmag.be\/index.php\/wp-json\/wp\/v2\/categories?post=91826"},{"taxonomy":"post_tag","embeddable":true,"href":"https:\/\/fr.motocrossmag.be\/index.php\/wp-json\/wp\/v2\/tags?post=91826"}],"curies":[{"name":"wp","href":"https:\/\/api.w.org\/{rel}","templated":true}]}}