{"id":92019,"date":"2019-07-25T15:08:57","date_gmt":"2019-07-25T13:08:57","guid":{"rendered":"https:\/\/fr.motocrossmag.be\/?p=92019"},"modified":"2019-07-27T19:23:08","modified_gmt":"2019-07-27T17:23:08","slug":"la-chinelle-deux-yamaha-zone-rouge-aux-couleurs-de-lasbl-mikembo-mukini","status":"publish","type":"post","link":"https:\/\/fr.motocrossmag.be\/index.php\/2019\/07\/la-chinelle-deux-yamaha-zone-rouge-aux-couleurs-de-lasbl-mikembo-mukini\/","title":{"rendered":"La Chinelle : deux Yamaha Zone Rouge aux couleurs de l&rsquo;asbl Mikembo-Mukini"},"content":{"rendered":"<p><strong>Le mill\u00e9sime 2019 des 12 Heures de la Chinelle aura une saveur tr\u00e8s particuli\u00e8re pour le team Yamaha Zone Rouge. Bien s\u00fbr, il s&rsquo;agit de la 40\u00e8me \u00e9dition de la plus c\u00e9l\u00e8bre des \u00e9preuves d&rsquo;endurance tout-terrain. Mais pour l&rsquo;\u00e9quipe de Michel Nickmans il s&rsquo;agira avant tout de d\u00e9fendre le titre conquis de haute lutte l&rsquo;an dernier. Et pour ajouter encore plus de sens au d\u00e9fi que s&rsquo;appr\u00eatent \u00e0 relever les pilotes des deux machines engag\u00e9es par le concessionnaire andennais, les Yamaha Zone Rouge seront les porte-drapeaux de l&rsquo;asbl Mikembo-Mukini, une association belgo-congolaise qui oeuvre notament pour aider \u00e0 la scolarisation des enfants en RDC.<\/strong><\/p>\n<p>&nbsp;<\/p>\n<p><img decoding=\"async\" class=\"lazyload alignnone size-medium wp-image-85250\" src=\"https:\/\/fr.motocrossmag.be\/wp-content\/uploads\/2019\/03\/TeamZR-009-650x433.jpg\" data-orig-src=\"https:\/\/fr.motocrossmag.be\/wp-content\/uploads\/2019\/03\/TeamZR-009-650x433.jpg\" alt=\"\" width=\"650\" height=\"433\" srcset=\"data:image\/svg+xml,%3Csvg%20xmlns%3D%27http%3A%2F%2Fwww.w3.org%2F2000%2Fsvg%27%20width%3D%27650%27%20height%3D%27433%27%20viewBox%3D%270%200%20650%20433%27%3E%3Crect%20width%3D%27650%27%20height%3D%27433%27%20fill-opacity%3D%220%22%2F%3E%3C%2Fsvg%3E\" data-srcset=\"https:\/\/fr.motocrossmag.be\/wp-content\/uploads\/2019\/03\/TeamZR-009-650x433.jpg 650w, https:\/\/fr.motocrossmag.be\/wp-content\/uploads\/2019\/03\/TeamZR-009-768x512.jpg 768w, https:\/\/fr.motocrossmag.be\/wp-content\/uploads\/2019\/03\/TeamZR-009-1024x683.jpg 1024w, https:\/\/fr.motocrossmag.be\/wp-content\/uploads\/2019\/03\/TeamZR-009.jpg 1080w\" data-sizes=\"auto\" data-orig-sizes=\"(max-width: 650px) 100vw, 650px\" \/><\/p>\n<p>&nbsp;<\/p>\n<p>\u00ab\u00a0Nous serons comme toujours au d\u00e9part des 12 Heures de la Chinelle pour y jouer la victoire\u00a0\u00bb, annonce Michel Nickmans. \u00ab\u00a0Nous engageons pour cela deux \u00e9quipages homog\u00e8nes qui pr\u00e9sentent toutes les qualit\u00e9s n\u00e9cessaires pour jouer les premiers r\u00f4les \u00e0 Franchimont. Nous esp\u00e9rons \u00e9videmment faire aussi bien que l&rsquo;an pass\u00e9 !\u00a0\u00bb<\/p>\n<p><img decoding=\"async\" class=\"lazyload alignnone size-medium wp-image-78033\" src=\"https:\/\/fr.motocrossmag.be\/wp-content\/uploads\/2018\/08\/La-Chinelle-095-650x433.jpg\" data-orig-src=\"https:\/\/fr.motocrossmag.be\/wp-content\/uploads\/2018\/08\/La-Chinelle-095-650x433.jpg\" alt=\"\" width=\"650\" height=\"433\" srcset=\"data:image\/svg+xml,%3Csvg%20xmlns%3D%27http%3A%2F%2Fwww.w3.org%2F2000%2Fsvg%27%20width%3D%27650%27%20height%3D%27433%27%20viewBox%3D%270%200%20650%20433%27%3E%3Crect%20width%3D%27650%27%20height%3D%27433%27%20fill-opacity%3D%220%22%2F%3E%3C%2Fsvg%3E\" data-srcset=\"https:\/\/fr.motocrossmag.be\/wp-content\/uploads\/2018\/08\/La-Chinelle-095-650x433.jpg 650w, https:\/\/fr.motocrossmag.be\/wp-content\/uploads\/2018\/08\/La-Chinelle-095-768x511.jpg 768w, https:\/\/fr.motocrossmag.be\/wp-content\/uploads\/2018\/08\/La-Chinelle-095.jpg 850w\" data-sizes=\"auto\" data-orig-sizes=\"(max-width: 650px) 100vw, 650px\" \/><\/p>\n<p>Pour d\u00e9fendre leur titre sur l&rsquo;\u00e9preuve bient\u00f4t quarantenaire, les Bleus comptent sur le trio C\u00e9dric Cremer &#8211; Rony Fryns &#8211; J\u00e9r\u00e9my Herinne. Une deuxi\u00e8me machine devrait elle aussi jouer un r\u00f4le en vue puisqu&rsquo;elle sera confi\u00e9e \u00e0 Lo\u00efc Begon, Arnaud Herinne et Thierry Klutz. Cinq fois vainqueur de l&rsquo;\u00e9preuve, Klutzy reprendrait &#8211; mais c&rsquo;est encore \u00e0 confirmer &#8211; du service pour d\u00e9fendre une cause qui lui tient \u00e0 coeur. Rappelons que le Li\u00e9geois s&rsquo;est d\u00e9j\u00e0 rendu \u00e0 deux reprises en RDC pour y participer \u00e0 une \u00e9preuve de charit\u00e9 organis\u00e9e pr\u00e9cis\u00e9ment au profit des associations Mikembo et Mukini.<\/p>\n<blockquote><p>\u00ab\u00a0Nous serons fiers de porter le plus haut possible les couleurs de l&rsquo;asbl Mikembo-Mukini !\u00a0\u00bb<\/p><\/blockquote>\n<p>\u00ab\u00a0L&rsquo;objectif que poursuit une association comme Mikembo-Mukini cadre parfaitement avec les valeurs que v\u00e9hicule notre sport, surtout lorsqu&rsquo;on parle d&rsquo;une \u00e9preuve comme La Chinelle o\u00f9 les notions d&rsquo;entraide, de coop\u00e9ration, de d\u00e9passement de soi sont primordiales pour r\u00e9ussir\u00a0\u00bb, expose Michel Nickmans. \u00ab\u00a0Il s&rsquo;agit pour Yamaha et moi de valeurs que nous entendons promouvoir \u00e0 travers notre investissement dans le sport et c&rsquo;est pourquoi nous serons tr\u00e8s fiers de porter le plus haut possible les couleurs de ces associations les 9, 10 et 11 ao\u00fbt \u00e0 Franchimont. Comme toujours, on ne laisse rien au hasard pour mettre toutes les chances de notre c\u00f4t\u00e9 afin de leur offrir la plus haute marche du podium dimanche midi !\u00a0\u00bb<\/p>\n<p>&nbsp;<\/p>\n<p><span style=\"color: #ff0000;\"><strong>Pour en savoir +<\/strong><\/span><\/p>\n<ul>\n<li><a href=\"http:\/\/mikembo-mukini.org\/\" target=\"_blank\" rel=\"noopener\">mikembo-mukini.org<\/a><\/li>\n<li><a href=\"http:\/\/www.zonerouge.com\" target=\"_blank\" rel=\"noopener\">www.zonerouge.com<\/a><\/li>\n<li><a href=\"https:\/\/lachinelle.be\/\" target=\"_blank\" rel=\"noopener\">lachinelle.be<\/a><\/li>\n<\/ul>\n<p>&nbsp;<\/p>\n<p>Photos : F. David &#8211; G. Maes<\/p>\n<div id=\"ConnectiveDocSignExtentionInstalled\" data-extension-version=\"1.0.4\"><\/div>\n","protected":false},"excerpt":{"rendered":"<p>Le mill\u00e9sime 2019 des 12 Heures de la Chinelle aura une saveur tr\u00e8s particuli\u00e8re pour le team Yamaha Zone Rouge. Bien s\u00fbr, il s&rsquo;agit de la 40\u00e8me \u00e9dition de la [&#8230;]<\/p>\n","protected":false},"author":932,"featured_media":85242,"comment_status":"open","ping_status":"closed","sticky":false,"template":"","format":"standard","meta":{"footnotes":""},"categories":[54,32,35,73,55,65],"tags":[1167,427,951,107],"class_list":["post-92019","post","type-post","status-publish","format-standard","has-post-thumbnail","hentry","category-actualite","category-enduro","category-fmb-enduro","category-chinelle","category-news-actualite","category-slideshow","tag-bex","tag-endurance","tag-enduro","tag-yamaha"],"yoast_head":"<!-- This site is optimized with the Yoast SEO plugin v27.4 - https:\/\/yoast.com\/product\/yoast-seo-wordpress\/ -->\n<title>La Chinelle : deux Yamaha Zone Rouge aux couleurs de l&#039;asbl Mikembo-Mukini - Motocross - Enduro - Supermoto | MotocrossMag<\/title>\n<meta name=\"robots\" content=\"index, follow, max-snippet:-1, max-image-preview:large, max-video-preview:-1\" \/>\n<link rel=\"canonical\" href=\"https:\/\/fr.motocrossmag.be\/index.php\/2019\/07\/la-chinelle-deux-yamaha-zone-rouge-aux-couleurs-de-lasbl-mikembo-mukini\/\" \/>\n<meta property=\"og:locale\" content=\"fr_FR\" \/>\n<meta property=\"og:type\" content=\"article\" \/>\n<meta property=\"og:title\" content=\"La Chinelle : deux Yamaha Zone Rouge aux couleurs de l&#039;asbl Mikembo-Mukini - Motocross - Enduro - Supermoto | MotocrossMag\" \/>\n<meta property=\"og:description\" content=\"Le mill\u00e9sime 2019 des 12 Heures de la Chinelle aura une saveur tr\u00e8s particuli\u00e8re pour le team Yamaha Zone Rouge. Bien s\u00fbr, il s&rsquo;agit de la 40\u00e8me \u00e9dition de la [...]\" \/>\n<meta property=\"og:url\" content=\"https:\/\/fr.motocrossmag.be\/index.php\/2019\/07\/la-chinelle-deux-yamaha-zone-rouge-aux-couleurs-de-lasbl-mikembo-mukini\/\" \/>\n<meta property=\"og:site_name\" content=\"Motocross - Enduro - Supermoto | MotocrossMag\" \/>\n<meta property=\"article:published_time\" content=\"2019-07-25T13:08:57+00:00\" \/>\n<meta property=\"article:modified_time\" content=\"2019-07-27T17:23:08+00:00\" \/>\n<meta property=\"og:image\" content=\"https:\/\/fr.motocrossmag.be\/wp-content\/uploads\/2019\/03\/TeamZR-001.jpg\" \/>\n\t<meta property=\"og:image:width\" content=\"1080\" \/>\n\t<meta property=\"og:image:height\" content=\"720\" \/>\n\t<meta property=\"og:image:type\" content=\"image\/jpeg\" \/>\n<meta name=\"author\" content=\"oliviere\" \/>\n<meta name=\"twitter:card\" content=\"summary_large_image\" \/>\n<meta name=\"twitter:label1\" content=\"\u00c9crit par\" \/>\n\t<meta name=\"twitter:data1\" content=\"oliviere\" \/>\n\t<meta name=\"twitter:label2\" content=\"Dur\u00e9e de lecture estim\u00e9e\" \/>\n\t<meta name=\"twitter:data2\" content=\"2 minutes\" \/>\n<script type=\"application\/ld+json\" class=\"yoast-schema-graph\">{\"@context\":\"https:\\\/\\\/schema.org\",\"@graph\":[{\"@type\":\"Article\",\"@id\":\"https:\\\/\\\/fr.motocrossmag.be\\\/index.php\\\/2019\\\/07\\\/la-chinelle-deux-yamaha-zone-rouge-aux-couleurs-de-lasbl-mikembo-mukini\\\/#article\",\"isPartOf\":{\"@id\":\"https:\\\/\\\/fr.motocrossmag.be\\\/index.php\\\/2019\\\/07\\\/la-chinelle-deux-yamaha-zone-rouge-aux-couleurs-de-lasbl-mikembo-mukini\\\/\"},\"author\":{\"name\":\"oliviere\",\"@id\":\"https:\\\/\\\/fr.motocrossmag.be\\\/#\\\/schema\\\/person\\\/11b47143d9f755babca2c9110e03235c\"},\"headline\":\"La Chinelle : deux Yamaha Zone Rouge aux couleurs de l&rsquo;asbl Mikembo-Mukini\",\"datePublished\":\"2019-07-25T13:08:57+00:00\",\"dateModified\":\"2019-07-27T17:23:08+00:00\",\"mainEntityOfPage\":{\"@id\":\"https:\\\/\\\/fr.motocrossmag.be\\\/index.php\\\/2019\\\/07\\\/la-chinelle-deux-yamaha-zone-rouge-aux-couleurs-de-lasbl-mikembo-mukini\\\/\"},\"wordCount\":454,\"commentCount\":0,\"image\":{\"@id\":\"https:\\\/\\\/fr.motocrossmag.be\\\/index.php\\\/2019\\\/07\\\/la-chinelle-deux-yamaha-zone-rouge-aux-couleurs-de-lasbl-mikembo-mukini\\\/#primaryimage\"},\"thumbnailUrl\":\"https:\\\/\\\/fr.motocrossmag.be\\\/wp-content\\\/uploads\\\/2019\\\/03\\\/TeamZR-001.jpg\",\"keywords\":[\"BEX\",\"endurance\",\"Enduro\",\"Yamaha\"],\"articleSection\":[\"Actualit\u00e9\",\"Enduro\",\"FMB\",\"La Chinelle\",\"News\",\"Slideshow\"],\"inLanguage\":\"fr-FR\",\"potentialAction\":[{\"@type\":\"CommentAction\",\"name\":\"Comment\",\"target\":[\"https:\\\/\\\/fr.motocrossmag.be\\\/index.php\\\/2019\\\/07\\\/la-chinelle-deux-yamaha-zone-rouge-aux-couleurs-de-lasbl-mikembo-mukini\\\/#respond\"]}]},{\"@type\":\"WebPage\",\"@id\":\"https:\\\/\\\/fr.motocrossmag.be\\\/index.php\\\/2019\\\/07\\\/la-chinelle-deux-yamaha-zone-rouge-aux-couleurs-de-lasbl-mikembo-mukini\\\/\",\"url\":\"https:\\\/\\\/fr.motocrossmag.be\\\/index.php\\\/2019\\\/07\\\/la-chinelle-deux-yamaha-zone-rouge-aux-couleurs-de-lasbl-mikembo-mukini\\\/\",\"name\":\"La Chinelle : deux Yamaha Zone Rouge aux couleurs de l'asbl Mikembo-Mukini - Motocross - Enduro - Supermoto | MotocrossMag\",\"isPartOf\":{\"@id\":\"https:\\\/\\\/fr.motocrossmag.be\\\/#website\"},\"primaryImageOfPage\":{\"@id\":\"https:\\\/\\\/fr.motocrossmag.be\\\/index.php\\\/2019\\\/07\\\/la-chinelle-deux-yamaha-zone-rouge-aux-couleurs-de-lasbl-mikembo-mukini\\\/#primaryimage\"},\"image\":{\"@id\":\"https:\\\/\\\/fr.motocrossmag.be\\\/index.php\\\/2019\\\/07\\\/la-chinelle-deux-yamaha-zone-rouge-aux-couleurs-de-lasbl-mikembo-mukini\\\/#primaryimage\"},\"thumbnailUrl\":\"https:\\\/\\\/fr.motocrossmag.be\\\/wp-content\\\/uploads\\\/2019\\\/03\\\/TeamZR-001.jpg\",\"datePublished\":\"2019-07-25T13:08:57+00:00\",\"dateModified\":\"2019-07-27T17:23:08+00:00\",\"author\":{\"@id\":\"https:\\\/\\\/fr.motocrossmag.be\\\/#\\\/schema\\\/person\\\/11b47143d9f755babca2c9110e03235c\"},\"breadcrumb\":{\"@id\":\"https:\\\/\\\/fr.motocrossmag.be\\\/index.php\\\/2019\\\/07\\\/la-chinelle-deux-yamaha-zone-rouge-aux-couleurs-de-lasbl-mikembo-mukini\\\/#breadcrumb\"},\"inLanguage\":\"fr-FR\",\"potentialAction\":[{\"@type\":\"ReadAction\",\"target\":[\"https:\\\/\\\/fr.motocrossmag.be\\\/index.php\\\/2019\\\/07\\\/la-chinelle-deux-yamaha-zone-rouge-aux-couleurs-de-lasbl-mikembo-mukini\\\/\"]}]},{\"@type\":\"ImageObject\",\"inLanguage\":\"fr-FR\",\"@id\":\"https:\\\/\\\/fr.motocrossmag.be\\\/index.php\\\/2019\\\/07\\\/la-chinelle-deux-yamaha-zone-rouge-aux-couleurs-de-lasbl-mikembo-mukini\\\/#primaryimage\",\"url\":\"https:\\\/\\\/fr.motocrossmag.be\\\/wp-content\\\/uploads\\\/2019\\\/03\\\/TeamZR-001.jpg\",\"contentUrl\":\"https:\\\/\\\/fr.motocrossmag.be\\\/wp-content\\\/uploads\\\/2019\\\/03\\\/TeamZR-001.jpg\",\"width\":1080,\"height\":720},{\"@type\":\"BreadcrumbList\",\"@id\":\"https:\\\/\\\/fr.motocrossmag.be\\\/index.php\\\/2019\\\/07\\\/la-chinelle-deux-yamaha-zone-rouge-aux-couleurs-de-lasbl-mikembo-mukini\\\/#breadcrumb\",\"itemListElement\":[{\"@type\":\"ListItem\",\"position\":1,\"name\":\"Accueil\",\"item\":\"https:\\\/\\\/fr.motocrossmag.be\\\/\"},{\"@type\":\"ListItem\",\"position\":2,\"name\":\"La Chinelle : deux Yamaha Zone Rouge aux couleurs de l&rsquo;asbl Mikembo-Mukini\"}]},{\"@type\":\"WebSite\",\"@id\":\"https:\\\/\\\/fr.motocrossmag.be\\\/#website\",\"url\":\"https:\\\/\\\/fr.motocrossmag.be\\\/\",\"name\":\"Motocross - Enduro - Supermoto | MotocrossMag\",\"description\":\"L&#039;actualit\u00e9 du motocross, de l&#039;enduro et du Supermoto en ligne!\",\"potentialAction\":[{\"@type\":\"SearchAction\",\"target\":{\"@type\":\"EntryPoint\",\"urlTemplate\":\"https:\\\/\\\/fr.motocrossmag.be\\\/?s={search_term_string}\"},\"query-input\":{\"@type\":\"PropertyValueSpecification\",\"valueRequired\":true,\"valueName\":\"search_term_string\"}}],\"inLanguage\":\"fr-FR\"},{\"@type\":\"Person\",\"@id\":\"https:\\\/\\\/fr.motocrossmag.be\\\/#\\\/schema\\\/person\\\/11b47143d9f755babca2c9110e03235c\",\"name\":\"oliviere\",\"image\":{\"@type\":\"ImageObject\",\"inLanguage\":\"fr-FR\",\"@id\":\"https:\\\/\\\/secure.gravatar.com\\\/avatar\\\/907069e0b81d119452040469e4a7501da1100f54f7f80180ce77bfab718288f6?s=96&d=mm&r=g\",\"url\":\"https:\\\/\\\/secure.gravatar.com\\\/avatar\\\/907069e0b81d119452040469e4a7501da1100f54f7f80180ce77bfab718288f6?s=96&d=mm&r=g\",\"contentUrl\":\"https:\\\/\\\/secure.gravatar.com\\\/avatar\\\/907069e0b81d119452040469e4a7501da1100f54f7f80180ce77bfab718288f6?s=96&d=mm&r=g\",\"caption\":\"oliviere\"},\"sameAs\":[\"http:\\\/\\\/www.motocrossmag.be\"],\"url\":\"https:\\\/\\\/fr.motocrossmag.be\\\/index.php\\\/author\\\/oliviere\\\/\"}]}<\/script>\n<!-- \/ Yoast SEO plugin. -->","yoast_head_json":{"title":"La Chinelle : deux Yamaha Zone Rouge aux couleurs de l'asbl Mikembo-Mukini - Motocross - Enduro - Supermoto | MotocrossMag","robots":{"index":"index","follow":"follow","max-snippet":"max-snippet:-1","max-image-preview":"max-image-preview:large","max-video-preview":"max-video-preview:-1"},"canonical":"https:\/\/fr.motocrossmag.be\/index.php\/2019\/07\/la-chinelle-deux-yamaha-zone-rouge-aux-couleurs-de-lasbl-mikembo-mukini\/","og_locale":"fr_FR","og_type":"article","og_title":"La Chinelle : deux Yamaha Zone Rouge aux couleurs de l'asbl Mikembo-Mukini - Motocross - Enduro - Supermoto | MotocrossMag","og_description":"Le mill\u00e9sime 2019 des 12 Heures de la Chinelle aura une saveur tr\u00e8s particuli\u00e8re pour le team Yamaha Zone Rouge. Bien s\u00fbr, il s&rsquo;agit de la 40\u00e8me \u00e9dition de la [...]","og_url":"https:\/\/fr.motocrossmag.be\/index.php\/2019\/07\/la-chinelle-deux-yamaha-zone-rouge-aux-couleurs-de-lasbl-mikembo-mukini\/","og_site_name":"Motocross - Enduro - Supermoto | MotocrossMag","article_published_time":"2019-07-25T13:08:57+00:00","article_modified_time":"2019-07-27T17:23:08+00:00","og_image":[{"width":1080,"height":720,"url":"https:\/\/fr.motocrossmag.be\/wp-content\/uploads\/2019\/03\/TeamZR-001.jpg","type":"image\/jpeg"}],"author":"oliviere","twitter_card":"summary_large_image","twitter_misc":{"\u00c9crit par":"oliviere","Dur\u00e9e de lecture estim\u00e9e":"2 minutes"},"schema":{"@context":"https:\/\/schema.org","@graph":[{"@type":"Article","@id":"https:\/\/fr.motocrossmag.be\/index.php\/2019\/07\/la-chinelle-deux-yamaha-zone-rouge-aux-couleurs-de-lasbl-mikembo-mukini\/#article","isPartOf":{"@id":"https:\/\/fr.motocrossmag.be\/index.php\/2019\/07\/la-chinelle-deux-yamaha-zone-rouge-aux-couleurs-de-lasbl-mikembo-mukini\/"},"author":{"name":"oliviere","@id":"https:\/\/fr.motocrossmag.be\/#\/schema\/person\/11b47143d9f755babca2c9110e03235c"},"headline":"La Chinelle : deux Yamaha Zone Rouge aux couleurs de l&rsquo;asbl Mikembo-Mukini","datePublished":"2019-07-25T13:08:57+00:00","dateModified":"2019-07-27T17:23:08+00:00","mainEntityOfPage":{"@id":"https:\/\/fr.motocrossmag.be\/index.php\/2019\/07\/la-chinelle-deux-yamaha-zone-rouge-aux-couleurs-de-lasbl-mikembo-mukini\/"},"wordCount":454,"commentCount":0,"image":{"@id":"https:\/\/fr.motocrossmag.be\/index.php\/2019\/07\/la-chinelle-deux-yamaha-zone-rouge-aux-couleurs-de-lasbl-mikembo-mukini\/#primaryimage"},"thumbnailUrl":"https:\/\/fr.motocrossmag.be\/wp-content\/uploads\/2019\/03\/TeamZR-001.jpg","keywords":["BEX","endurance","Enduro","Yamaha"],"articleSection":["Actualit\u00e9","Enduro","FMB","La Chinelle","News","Slideshow"],"inLanguage":"fr-FR","potentialAction":[{"@type":"CommentAction","name":"Comment","target":["https:\/\/fr.motocrossmag.be\/index.php\/2019\/07\/la-chinelle-deux-yamaha-zone-rouge-aux-couleurs-de-lasbl-mikembo-mukini\/#respond"]}]},{"@type":"WebPage","@id":"https:\/\/fr.motocrossmag.be\/index.php\/2019\/07\/la-chinelle-deux-yamaha-zone-rouge-aux-couleurs-de-lasbl-mikembo-mukini\/","url":"https:\/\/fr.motocrossmag.be\/index.php\/2019\/07\/la-chinelle-deux-yamaha-zone-rouge-aux-couleurs-de-lasbl-mikembo-mukini\/","name":"La Chinelle : deux Yamaha Zone Rouge aux couleurs de l'asbl Mikembo-Mukini - Motocross - Enduro - Supermoto | MotocrossMag","isPartOf":{"@id":"https:\/\/fr.motocrossmag.be\/#website"},"primaryImageOfPage":{"@id":"https:\/\/fr.motocrossmag.be\/index.php\/2019\/07\/la-chinelle-deux-yamaha-zone-rouge-aux-couleurs-de-lasbl-mikembo-mukini\/#primaryimage"},"image":{"@id":"https:\/\/fr.motocrossmag.be\/index.php\/2019\/07\/la-chinelle-deux-yamaha-zone-rouge-aux-couleurs-de-lasbl-mikembo-mukini\/#primaryimage"},"thumbnailUrl":"https:\/\/fr.motocrossmag.be\/wp-content\/uploads\/2019\/03\/TeamZR-001.jpg","datePublished":"2019-07-25T13:08:57+00:00","dateModified":"2019-07-27T17:23:08+00:00","author":{"@id":"https:\/\/fr.motocrossmag.be\/#\/schema\/person\/11b47143d9f755babca2c9110e03235c"},"breadcrumb":{"@id":"https:\/\/fr.motocrossmag.be\/index.php\/2019\/07\/la-chinelle-deux-yamaha-zone-rouge-aux-couleurs-de-lasbl-mikembo-mukini\/#breadcrumb"},"inLanguage":"fr-FR","potentialAction":[{"@type":"ReadAction","target":["https:\/\/fr.motocrossmag.be\/index.php\/2019\/07\/la-chinelle-deux-yamaha-zone-rouge-aux-couleurs-de-lasbl-mikembo-mukini\/"]}]},{"@type":"ImageObject","inLanguage":"fr-FR","@id":"https:\/\/fr.motocrossmag.be\/index.php\/2019\/07\/la-chinelle-deux-yamaha-zone-rouge-aux-couleurs-de-lasbl-mikembo-mukini\/#primaryimage","url":"https:\/\/fr.motocrossmag.be\/wp-content\/uploads\/2019\/03\/TeamZR-001.jpg","contentUrl":"https:\/\/fr.motocrossmag.be\/wp-content\/uploads\/2019\/03\/TeamZR-001.jpg","width":1080,"height":720},{"@type":"BreadcrumbList","@id":"https:\/\/fr.motocrossmag.be\/index.php\/2019\/07\/la-chinelle-deux-yamaha-zone-rouge-aux-couleurs-de-lasbl-mikembo-mukini\/#breadcrumb","itemListElement":[{"@type":"ListItem","position":1,"name":"Accueil","item":"https:\/\/fr.motocrossmag.be\/"},{"@type":"ListItem","position":2,"name":"La Chinelle : deux Yamaha Zone Rouge aux couleurs de l&rsquo;asbl Mikembo-Mukini"}]},{"@type":"WebSite","@id":"https:\/\/fr.motocrossmag.be\/#website","url":"https:\/\/fr.motocrossmag.be\/","name":"Motocross - Enduro - Supermoto | MotocrossMag","description":"L&#039;actualit\u00e9 du motocross, de l&#039;enduro et du Supermoto en ligne!","potentialAction":[{"@type":"SearchAction","target":{"@type":"EntryPoint","urlTemplate":"https:\/\/fr.motocrossmag.be\/?s={search_term_string}"},"query-input":{"@type":"PropertyValueSpecification","valueRequired":true,"valueName":"search_term_string"}}],"inLanguage":"fr-FR"},{"@type":"Person","@id":"https:\/\/fr.motocrossmag.be\/#\/schema\/person\/11b47143d9f755babca2c9110e03235c","name":"oliviere","image":{"@type":"ImageObject","inLanguage":"fr-FR","@id":"https:\/\/secure.gravatar.com\/avatar\/907069e0b81d119452040469e4a7501da1100f54f7f80180ce77bfab718288f6?s=96&d=mm&r=g","url":"https:\/\/secure.gravatar.com\/avatar\/907069e0b81d119452040469e4a7501da1100f54f7f80180ce77bfab718288f6?s=96&d=mm&r=g","contentUrl":"https:\/\/secure.gravatar.com\/avatar\/907069e0b81d119452040469e4a7501da1100f54f7f80180ce77bfab718288f6?s=96&d=mm&r=g","caption":"oliviere"},"sameAs":["http:\/\/www.motocrossmag.be"],"url":"https:\/\/fr.motocrossmag.be\/index.php\/author\/oliviere\/"}]}},"_links":{"self":[{"href":"https:\/\/fr.motocrossmag.be\/index.php\/wp-json\/wp\/v2\/posts\/92019","targetHints":{"allow":["GET"]}}],"collection":[{"href":"https:\/\/fr.motocrossmag.be\/index.php\/wp-json\/wp\/v2\/posts"}],"about":[{"href":"https:\/\/fr.motocrossmag.be\/index.php\/wp-json\/wp\/v2\/types\/post"}],"author":[{"embeddable":true,"href":"https:\/\/fr.motocrossmag.be\/index.php\/wp-json\/wp\/v2\/users\/932"}],"replies":[{"embeddable":true,"href":"https:\/\/fr.motocrossmag.be\/index.php\/wp-json\/wp\/v2\/comments?post=92019"}],"version-history":[{"count":0,"href":"https:\/\/fr.motocrossmag.be\/index.php\/wp-json\/wp\/v2\/posts\/92019\/revisions"}],"wp:featuredmedia":[{"embeddable":true,"href":"https:\/\/fr.motocrossmag.be\/index.php\/wp-json\/wp\/v2\/media\/85242"}],"wp:attachment":[{"href":"https:\/\/fr.motocrossmag.be\/index.php\/wp-json\/wp\/v2\/media?parent=92019"}],"wp:term":[{"taxonomy":"category","embeddable":true,"href":"https:\/\/fr.motocrossmag.be\/index.php\/wp-json\/wp\/v2\/categories?post=92019"},{"taxonomy":"post_tag","embeddable":true,"href":"https:\/\/fr.motocrossmag.be\/index.php\/wp-json\/wp\/v2\/tags?post=92019"}],"curies":[{"name":"wp","href":"https:\/\/api.w.org\/{rel}","templated":true}]}}