{"id":92207,"date":"2019-07-31T10:05:47","date_gmt":"2019-07-31T08:05:47","guid":{"rendered":"https:\/\/fr.motocrossmag.be\/?p=92207"},"modified":"2019-07-31T10:30:57","modified_gmt":"2019-07-31T08:30:57","slug":"bex-a-warnant-les-resultats","status":"publish","type":"post","link":"https:\/\/fr.motocrossmag.be\/index.php\/2019\/07\/bex-a-warnant-les-resultats\/","title":{"rendered":"BEX \u00e0 Warnant : les r\u00e9sultats"},"content":{"rendered":"<p><strong>La 3\u00e8me \u00e9preuve comptant pour le championnat de Belgique d&rsquo;endurance BEX a \u00e9t\u00e9 remport\u00e9e ce week-end \u00e0 Warnant par les pilotes Husqvarna Wietse Brackman et Kevin Fors. Ils s&rsquo;imposent devant le duo compos\u00e9 par Matthew Vanoevelen et Erik Willems.<\/strong><\/p>\n<p>Les 4 hommes sont pressentis pour \u00eatre de grands animateurs de la 40\u00e8me \u00e9dition des 12 Heures de la Chinelle les 10 et 11 ao\u00fbt au guidon des Husqvarna officielles engag\u00e9es sur l&rsquo;\u00e9preuve. Gauthier Lillo et Roel Geurts, le leader du classement provisoire du championnat, compl\u00e8tent le podium.<\/p>\n<p>&nbsp;<\/p>\n<p><span style=\"color: #800000;\"><strong>R\u00e9sultats<\/strong><\/span><\/p>\n<table style=\"margin-left: 8px; margin-right: 5px;\" width=\"100%\">\n<tbody>\n<tr>\n<td width=\"80\">1<\/td>\n<td width=\"291\">BRACKMAN Wietse\u00a0 &#8211; FORS Kevin<\/td>\n<td width=\"49\">EX2<\/td>\n<td width=\"80\">46<\/td>\n<td width=\"80\">trs<\/td>\n<\/tr>\n<tr>\n<td>2<\/td>\n<td>VANOEVELEN Matthew\u00a0 &#8211; WILLEMS Erik<\/td>\n<td>EX2<\/td>\n<td>46<\/td>\n<td>trs<\/td>\n<\/tr>\n<tr>\n<td>3<\/td>\n<td>LILLO Gauthier\u00a0 &#8211; GEURTS Roel<\/td>\n<td>EX2<\/td>\n<td>46<\/td>\n<td>trs<\/td>\n<\/tr>\n<tr>\n<td>4<\/td>\n<td>MINIQUE Ga\u00ebtan\u00a0 &#8211; BIETS J\u00e9r\u00f4me<\/td>\n<td>EX2<\/td>\n<td>45<\/td>\n<td>trs<\/td>\n<\/tr>\n<tr>\n<td>5<\/td>\n<td>VAN HOOF Mathias\u00a0 &#8211; GAUNIAUX K\u00e9vin<\/td>\n<td>EX2<\/td>\n<td>45<\/td>\n<td>trs<\/td>\n<\/tr>\n<tr>\n<td>6<\/td>\n<td>WAUTHIER Damien\u00a0 &#8211; DE PRAETERE Bertrand<\/td>\n<td>EX2<\/td>\n<td>44<\/td>\n<td>trs<\/td>\n<\/tr>\n<tr>\n<td>7<\/td>\n<td>DEBROUX Fabrice\u00a0 &#8211; DELANNOY Eric<\/td>\n<td>EX2<\/td>\n<td>44<\/td>\n<td>trs<\/td>\n<\/tr>\n<tr>\n<td>8<\/td>\n<td>RAIWET Kevin\u00a0 &#8211; MARYNS\u00a0 Samuel<\/td>\n<td>EX2<\/td>\n<td>44<\/td>\n<td>trs<\/td>\n<\/tr>\n<tr>\n<td>9<\/td>\n<td>ROSSINI Marvin\u00a0 &#8211; LEJEUNE Maxime<\/td>\n<td>EX2<\/td>\n<td>44<\/td>\n<td>trs<\/td>\n<\/tr>\n<tr>\n<td>10<\/td>\n<td>VANDERHEYDEN Wim\u00a0 &#8211; VANDERHEYDEN Mika<\/td>\n<td>EX2<\/td>\n<td>43<\/td>\n<td>trs<\/td>\n<\/tr>\n<tr>\n<td>11<\/td>\n<td>BAILLEUX Bertrand\u00a0 &#8211; MONFORT Quentin<\/td>\n<td>EX2<\/td>\n<td>43<\/td>\n<td>trs<\/td>\n<\/tr>\n<tr>\n<td>12<\/td>\n<td>DESPRECHINS Arno\u00a0 &#8211; GERVOIS Youri<\/td>\n<td>EX1<\/td>\n<td>43<\/td>\n<td>trs<\/td>\n<\/tr>\n<tr>\n<td>13<\/td>\n<td>TOURNEUR Dorian\u00a0 &#8211; DUSSART Mathis<\/td>\n<td>EX1<\/td>\n<td>42<\/td>\n<td>trs<\/td>\n<\/tr>\n<tr>\n<td>14<\/td>\n<td>BAELEMANS Kim\u00a0 &#8211; JANSSENS Jef<\/td>\n<td>EX2<\/td>\n<td>42<\/td>\n<td>trs<\/td>\n<\/tr>\n<tr>\n<td>15<\/td>\n<td>HUSSIN Gr\u00e9goire\u00a0 &#8211; LAGAMME Julien<\/td>\n<td>EX2<\/td>\n<td>42<\/td>\n<td>trs<\/td>\n<\/tr>\n<tr>\n<td>16<\/td>\n<td>DEGREGNE Louis\u00a0 &#8211; TICHOUX Florian<\/td>\n<td>EX1<\/td>\n<td>42<\/td>\n<td>trs<\/td>\n<\/tr>\n<tr>\n<td>17<\/td>\n<td>ROBERT Steve\u00a0 &#8211; ROBERT Mike<\/td>\n<td>EX2<\/td>\n<td>42<\/td>\n<td>trs<\/td>\n<\/tr>\n<tr>\n<td>18<\/td>\n<td>HUYBRECHTS Ward\u00a0 &#8211; X x<\/td>\n<td>EX2<\/td>\n<td>42<\/td>\n<td>trs<\/td>\n<\/tr>\n<tr>\n<td>19<\/td>\n<td>FORGIARINI Dgani\u00a0 &#8211; ROMAIN Bastien<\/td>\n<td>EX1<\/td>\n<td>41<\/td>\n<td>trs<\/td>\n<\/tr>\n<tr>\n<td>20<\/td>\n<td>GAUNIAUX Fr\u00e9d\u00e9ric\u00a0 &#8211; SENTE Arthur<\/td>\n<td>EX1<\/td>\n<td>41<\/td>\n<td>trs<\/td>\n<\/tr>\n<tr>\n<td>21<\/td>\n<td>VAN DUN Steven\u00a0 &#8211; JANSSENS Nick<\/td>\n<td>EX2<\/td>\n<td>41<\/td>\n<td>trs<\/td>\n<\/tr>\n<tr>\n<td>22<\/td>\n<td>DESPONTIN Mikael\u00a0 &#8211; HAVELANGE Fran\u00e7ois<\/td>\n<td>EX2<\/td>\n<td>41<\/td>\n<td>trs<\/td>\n<\/tr>\n<tr>\n<td>23<\/td>\n<td>GILLARD Fabian\u00a0\u00a0 &#8211; WAUTIER Sebastien<\/td>\n<td>EX2<\/td>\n<td>41<\/td>\n<td>trs<\/td>\n<\/tr>\n<tr>\n<td>24<\/td>\n<td>SERVAIS Adrien\u00a0 &#8211; LAHAYE Michel<\/td>\n<td>EX1<\/td>\n<td>40<\/td>\n<td>trs<\/td>\n<\/tr>\n<tr>\n<td>25<\/td>\n<td>DANIELS Nicolas\u00a0 &#8211; VERHEYEN Nathan<\/td>\n<td>EX2<\/td>\n<td>40<\/td>\n<td>trs<\/td>\n<\/tr>\n<tr>\n<td>26<\/td>\n<td>MOUTON Fran\u00e7ois\u00a0 &#8211; MOUTON Thomas<\/td>\n<td>EX2<\/td>\n<td>40<\/td>\n<td>trs<\/td>\n<\/tr>\n<tr>\n<td>27<\/td>\n<td>VAN DOOREN Marc\u00a0 &#8211; FOHAL Romain<\/td>\n<td>EX1<\/td>\n<td>40<\/td>\n<td>trs<\/td>\n<\/tr>\n<tr>\n<td>28<\/td>\n<td>REMY Jean Charles\u00a0 &#8211; MORONE Yohan<\/td>\n<td>EX2<\/td>\n<td>40<\/td>\n<td>trs<\/td>\n<\/tr>\n<tr>\n<td>29<\/td>\n<td>LILLO St\u00e9phane\u00a0\u00a0 &#8211; NICOLAS Christophe<\/td>\n<td>EX2<\/td>\n<td>40<\/td>\n<td>trs<\/td>\n<\/tr>\n<tr>\n<td>30<\/td>\n<td>VANDENBIULCKE\u00a0 Pierre\u00a0 &#8211; VANDENBULCKE<\/td>\n<td>EX2<\/td>\n<td>40<\/td>\n<td>trs<\/td>\n<\/tr>\n<tr>\n<td>31<\/td>\n<td>BERGER\u00a0 Andy\u00a0 &#8211; SCHOONYANS Denis<\/td>\n<td>EX2<\/td>\n<td>40<\/td>\n<td>trs<\/td>\n<\/tr>\n<tr>\n<td>32<\/td>\n<td>DUQUENNE Laurent\u00a0 &#8211; LANIS Mathieu<\/td>\n<td>EX2<\/td>\n<td>39<\/td>\n<td>trs<\/td>\n<\/tr>\n<tr>\n<td>33<\/td>\n<td>BAUGNIET Christophe\u00a0 &#8211; WANET David<\/td>\n<td>EX2<\/td>\n<td>39<\/td>\n<td>trs<\/td>\n<\/tr>\n<tr>\n<td>34<\/td>\n<td>ROBERT Jean Michel\u00a0 &#8211; PADOU Frank Henri<\/td>\n<td>EX2<\/td>\n<td>39<\/td>\n<td>trs<\/td>\n<\/tr>\n<tr>\n<td>35<\/td>\n<td>FRASELLE J\u00e9r\u00e9my\u00a0 &#8211; 12 Heures pour la Vi<\/td>\n<td>EX1<\/td>\n<td>39<\/td>\n<td>trs<\/td>\n<\/tr>\n<tr>\n<td>36<\/td>\n<td>BECU Cl\u00e9ment\u00a0 &#8211; BARNICH Tom<\/td>\n<td>EX1<\/td>\n<td>39<\/td>\n<td>trs<\/td>\n<\/tr>\n<tr>\n<td>37<\/td>\n<td>CLARINVAL Daivin\u00a0 &#8211; VANDENBERGHE Quenti<\/td>\n<td>EX1<\/td>\n<td>38<\/td>\n<td>trs<\/td>\n<\/tr>\n<tr>\n<td>38<\/td>\n<td>TISSIER Steve\u00a0 &#8211; MARTINET Andr\u00e9<\/td>\n<td>EX2<\/td>\n<td>38<\/td>\n<td>trs<\/td>\n<\/tr>\n<tr>\n<td>39<\/td>\n<td>DIVERS Jonathan\u00a0 &#8211; CARPENTIER Quentin<\/td>\n<td>EX2<\/td>\n<td>37<\/td>\n<td>trs<\/td>\n<\/tr>\n<tr>\n<td>40<\/td>\n<td>PROWER Morgan\u00a0 &#8211; STRUIK Thomas<\/td>\n<td>EX2<\/td>\n<td>37<\/td>\n<td>trs<\/td>\n<\/tr>\n<tr>\n<td>41<\/td>\n<td>VAN HOE Logan\u00a0 &#8211; VANDERGUGTEN David<\/td>\n<td>EX1<\/td>\n<td>37<\/td>\n<td>trs<\/td>\n<\/tr>\n<tr>\n<td>42<\/td>\n<td>SELLING Alex\u00a0 &#8211; VERNOOYS Sam<\/td>\n<td>EX2<\/td>\n<td>36<\/td>\n<td>trs<\/td>\n<\/tr>\n<tr>\n<td>43<\/td>\n<td>MAROIT Thibaut\u00a0 &#8211; THIRY Mathieu<\/td>\n<td>EX1<\/td>\n<td>36<\/td>\n<td>trs<\/td>\n<\/tr>\n<tr>\n<td>44<\/td>\n<td>JOURNEE S\u00e9bastien\u00a0 &#8211; DECOUX Maxime<\/td>\n<td>EX2<\/td>\n<td>36<\/td>\n<td>trs<\/td>\n<\/tr>\n<tr>\n<td>45<\/td>\n<td>LEMAIRE Aur\u00e9lien\u00a0 &#8211; LEMAIRE Lo\u00efc<\/td>\n<td>EX2<\/td>\n<td>36<\/td>\n<td>trs<\/td>\n<\/tr>\n<tr>\n<td>46<\/td>\n<td>DENIS Tanguy\u00a0 &#8211; THIRIFAYS David<\/td>\n<td>EX2<\/td>\n<td>36<\/td>\n<td>trs<\/td>\n<\/tr>\n<tr>\n<td>47<\/td>\n<td>HENNEQUIN Benoit\u00a0 &#8211; MICHEL Vincent<\/td>\n<td>EX2<\/td>\n<td>36<\/td>\n<td>trs<\/td>\n<\/tr>\n<tr>\n<td>48<\/td>\n<td>PERIC Lionel Simon\u00a0 &#8211; DELMELLE Kevin<\/td>\n<td>EX2<\/td>\n<td>35<\/td>\n<td>trs<\/td>\n<\/tr>\n<tr>\n<td>49<\/td>\n<td>RENIERS Laurent\u00a0\u00a0 &#8211; RENIERS Christophe<\/td>\n<td>EX2<\/td>\n<td>34<\/td>\n<td>trs<\/td>\n<\/tr>\n<tr>\n<td>50<\/td>\n<td>DENIS Tom\u00a0 &#8211; LEFEBVRE Julien<\/td>\n<td>EX2<\/td>\n<td>34<\/td>\n<td>trs<\/td>\n<\/tr>\n<tr>\n<td>51<\/td>\n<td>HALLET Jean Fran\u00e7ois\u00a0 &#8211; DESPONTIN Fabri<\/td>\n<td>EX2<\/td>\n<td>34<\/td>\n<td>trs<\/td>\n<\/tr>\n<tr>\n<td>52<\/td>\n<td>JEANMART Guillaume\u00a0 &#8211; MIGNON Jason<\/td>\n<td>EX1<\/td>\n<td>34<\/td>\n<td>trs<\/td>\n<\/tr>\n<tr>\n<td>53<\/td>\n<td>DESART Christophe\u00a0 &#8211; ANDRE Fr\u00e9d\u00e9ric<\/td>\n<td>EX2<\/td>\n<td>34<\/td>\n<td>trs<\/td>\n<\/tr>\n<tr>\n<td>54<\/td>\n<td>LEGAIT R\u00e9gis\u00a0 &#8211; TEMMERMAN Luc<\/td>\n<td>EX2<\/td>\n<td>33<\/td>\n<td>trs<\/td>\n<\/tr>\n<tr>\n<td>55<\/td>\n<td>LIEVIN Emmanuel\u00a0 &#8211; CELIS S\u00e9bastien<\/td>\n<td>EX2<\/td>\n<td>33<\/td>\n<td>trs<\/td>\n<\/tr>\n<tr>\n<td>56<\/td>\n<td>EVRARD Benjamin\u00a0 &#8211; STALON Martin<\/td>\n<td>EX1<\/td>\n<td>33<\/td>\n<td>trs<\/td>\n<\/tr>\n<tr>\n<td>57<\/td>\n<td>DE KEYSER Jonathan\u00a0 &#8211; WALRAVENS Thibaut<\/td>\n<td>EX2<\/td>\n<td>33<\/td>\n<td>trs<\/td>\n<\/tr>\n<tr>\n<td>58<\/td>\n<td>COUVREUR Jurgen\u00a0 &#8211; DESPLENTERE Tijs<\/td>\n<td>EX2<\/td>\n<td>33<\/td>\n<td>trs<\/td>\n<\/tr>\n<tr>\n<td>59<\/td>\n<td>STRUYVEN Thibaut\u00a0 &#8211; JADOUILLE S\u00e9bastien<\/td>\n<td>EX2<\/td>\n<td>32<\/td>\n<td>trs<\/td>\n<\/tr>\n<tr>\n<td>60<\/td>\n<td>GIUNCHI Rudy\u00a0 &#8211; LAMBLOT J\u00e9r\u00f4me<\/td>\n<td>EX2<\/td>\n<td>32<\/td>\n<td>trs<\/td>\n<\/tr>\n<tr>\n<td>61<\/td>\n<td>DEMUYNCK Arnaud\u00a0 &#8211; LENOIR Carol<\/td>\n<td>EX2<\/td>\n<td>32<\/td>\n<td>trs<\/td>\n<\/tr>\n<tr>\n<td>62<\/td>\n<td>DURIEUX Christophe\u00a0 &#8211; BLANPAIN Nicolas<\/td>\n<td>EX2<\/td>\n<td>32<\/td>\n<td>trs<\/td>\n<\/tr>\n<tr>\n<td>63<\/td>\n<td>VANVINCKENROYE Wim\u00a0 &#8211; MINNE Stefaan<\/td>\n<td>EX2<\/td>\n<td>32<\/td>\n<td>trs<\/td>\n<\/tr>\n<tr>\n<td>64<\/td>\n<td>PRIGNEAUX Florent\u00a0 &#8211; FOLIE Matt\u00e9o<\/td>\n<td>EX1<\/td>\n<td>32<\/td>\n<td>trs<\/td>\n<\/tr>\n<tr>\n<td>65<\/td>\n<td>RITUCCI Mathias\u00a0 &#8211; RITUCCI Marien<\/td>\n<td>EX1<\/td>\n<td>31<\/td>\n<td>trs<\/td>\n<\/tr>\n<tr>\n<td>66<\/td>\n<td>DERNONCOURT Dominique\u00a0 &#8211; DORCHAIN Micha<\/td>\n<td>EX2<\/td>\n<td>31<\/td>\n<td>trs<\/td>\n<\/tr>\n<tr>\n<td>67<\/td>\n<td>MARLAIR Eddy\u00a0 &#8211; DANIEL Didier<\/td>\n<td>EX2<\/td>\n<td>31<\/td>\n<td>trs<\/td>\n<\/tr>\n<tr>\n<td>68<\/td>\n<td>DEVILL\u00c9 Koen\u00a0 &#8211; DEVILL\u00c9 Luc<\/td>\n<td>EX2<\/td>\n<td>29<\/td>\n<td>trs<\/td>\n<\/tr>\n<tr>\n<td>69<\/td>\n<td>THEISMAN Marvin\u00a0 &#8211; DEVILLERS Maxence<\/td>\n<td>EX2<\/td>\n<td>28<\/td>\n<td>trs<\/td>\n<\/tr>\n<tr>\n<td>70<\/td>\n<td>CHAMPION Flavian\u00a0 &#8211; ERNOUX Antoine<\/td>\n<td>EX1<\/td>\n<td>27<\/td>\n<td>trs<\/td>\n<\/tr>\n<tr>\n<td>71<\/td>\n<td>DETRY Gilles\u00a0 &#8211; ODY Aymeric<\/td>\n<td>EX2<\/td>\n<td>26<\/td>\n<td>trs<\/td>\n<\/tr>\n<tr>\n<td>72<\/td>\n<td>TOUNQUET St\u00e9phane\u00a0 &#8211; NOTE Lory<\/td>\n<td>EX2<\/td>\n<td>26<\/td>\n<td>trs<\/td>\n<\/tr>\n<tr>\n<td>73<\/td>\n<td>LESPIRE Gary\u00a0 &#8211; BAUMANS Julien<\/td>\n<td>EX1<\/td>\n<td>23<\/td>\n<td>trs<\/td>\n<\/tr>\n<tr>\n<td>74<\/td>\n<td>NOIRET Gr\u00e9gory\u00a0 &#8211; MARINELLI Fran\u00e7ois Xa<\/td>\n<td>EX2<\/td>\n<td>21<\/td>\n<td>trs<\/td>\n<\/tr>\n<tr>\n<td>75<\/td>\n<td>HORVATH Ingrid\u00a0 &#8211; DAMIAENS Dirk<\/td>\n<td>EX2<\/td>\n<td>18<\/td>\n<td>trs<\/td>\n<\/tr>\n<tr>\n<td>76<\/td>\n<td>JOBKENNE Fr\u00e9d\u00e9ric\u00a0 &#8211; COUSSAERT Mallory<\/td>\n<td>EX2<\/td>\n<td>16<\/td>\n<td>trs<\/td>\n<\/tr>\n<tr>\n<td>77<\/td>\n<td>RYNEDYCK Mathieu\u00a0 &#8211; VANDENHOUDT Arnaud<\/td>\n<td>EX2<\/td>\n<td>15<\/td>\n<td>trs<\/td>\n<\/tr>\n<tr>\n<td>78<\/td>\n<td>COCQUYT Florian\u00a0 &#8211; PAULUS Gr\u00e9gory<\/td>\n<td>EX2<\/td>\n<td>13<\/td>\n<td>trs<\/td>\n<\/tr>\n<tr>\n<td>79<\/td>\n<td>COLON Philippe\u00a0 &#8211; SCHLIT Christian<\/td>\n<td>EX1<\/td>\n<td>7<\/td>\n<td>trs<\/td>\n<\/tr>\n<tr>\n<td>.<\/td>\n<td><\/td>\n<td><\/td>\n<td><\/td>\n<td><\/td>\n<\/tr>\n<\/tbody>\n<\/table>\n<p>&nbsp;<\/p>\n<p>CLASSEMENT PROVISOIRE BEX 2<\/p>\n<p>1 GEURTS Roel AMC ORP LE GRAND 66 pts; 2 WILLEMS Erik RMC PIERREUX Mont St Guibert 60 pts; 3 DAMIAENS Dietger MOTORCLUB SANTI 50 pts; 4 VANDERHEYDEN Mika AMC DE TOEKOMST DWORP 44 pts; 5 WAUTHIER Damien DINANT MOTO CLUB 37 pts; 6 DE PRAETERE Bertrand DINANT MOTO CLUB 37 pts; 7 BAILLEUX Bertrand ENDURO CLUB CHIMAY 33 pts; 8 MONFORT Quentin DINANT MOTO CLUB 33 pts; 9 FORS Kevin AMC ORP LE GRAND 25 pts; 10 VANDERHEYDEN Wim AMC DE TOEKOMST DWORP 24 pts; 11 ROBERT Steve Ourthe Passion Moto Verte (OPMV) 20 pts; 12 ROBERT Mike Ourthe Passion Moto Verte (OPMV) 20 pts; 13 VANOEVELEN Matthew DINANT MOTO CLUB 20 pts; 14 NATALE Gordano Ourthe Passion Moto Verte (OPMV) 20 pts; 15 LILLO Gauthier MICHAEL PAQUAY 41 16 pts;&#8230;<\/p>\n<p>CLASSEMENT PROVISOIRE BEX 1<\/p>\n<p>1 DUSSART Mathis 720 AMC SAMBREVILLE 65 pts; 1 TOURNEUR Dorian 720 AMC SAMBREVILLE 65 pts; 3 DESPRECHINS Arno Nicolas 728 ENDURO ATTITUDE RACING TEAM 61 pts; 3 GERVOIS Youri Ferdinand 319 AVEMOTT ASBL 61 pts; 5 DEGREGNE Louis 722 F.P.C.N.A. 57 pts; 5 TICHOUX Florian 722 F.P.C.N.A. 57 pts; 7 FORGIARINI Dgani 720 AMC SAMBREVILLE 37 pts; 8 SENTE Arthur 327 MCC BEAUMONT 35 pts; 9 ROMAIN Bastien 705 DINANT MOTO CLUB 26 pts; 10 GAUNIAUX Fr\u00e9d\u00e9ric 319 AVEMOTT ASBL 22 pts;&#8230;<\/p>\n<div id=\"ConnectiveDocSignExtentionInstalled\" data-extension-version=\"1.0.4\"><\/div>\n","protected":false},"excerpt":{"rendered":"<p>La 3\u00e8me \u00e9preuve comptant pour le championnat de Belgique d&rsquo;endurance BEX a \u00e9t\u00e9 remport\u00e9e ce week-end \u00e0 Warnant par les pilotes Husqvarna Wietse Brackman et Kevin Fors. Ils s&rsquo;imposent devant [&#8230;]<\/p>\n","protected":false},"author":932,"featured_media":87681,"comment_status":"open","ping_status":"closed","sticky":false,"template":"","format":"standard","meta":{"footnotes":""},"categories":[54,32,35,33,55,56,65],"tags":[1167,427,951],"class_list":["post-92207","post","type-post","status-publish","format-standard","has-post-thumbnail","hentry","category-actualite","category-enduro","category-fmb-enduro","category-news-enduro","category-news-actualite","category-resultats","category-slideshow","tag-bex","tag-endurance","tag-enduro"],"yoast_head":"<!-- This site is optimized with the Yoast SEO plugin v27.4 - https:\/\/yoast.com\/product\/yoast-seo-wordpress\/ -->\n<title>BEX \u00e0 Warnant : les r\u00e9sultats - Motocross - Enduro - Supermoto | MotocrossMag<\/title>\n<meta name=\"robots\" content=\"index, follow, max-snippet:-1, max-image-preview:large, max-video-preview:-1\" \/>\n<link rel=\"canonical\" href=\"https:\/\/fr.motocrossmag.be\/index.php\/2019\/07\/bex-a-warnant-les-resultats\/\" \/>\n<meta property=\"og:locale\" content=\"fr_FR\" \/>\n<meta property=\"og:type\" content=\"article\" \/>\n<meta property=\"og:title\" content=\"BEX \u00e0 Warnant : les r\u00e9sultats - Motocross - Enduro - Supermoto | MotocrossMag\" \/>\n<meta property=\"og:description\" content=\"La 3\u00e8me \u00e9preuve comptant pour le championnat de Belgique d&rsquo;endurance BEX a \u00e9t\u00e9 remport\u00e9e ce week-end \u00e0 Warnant par les pilotes Husqvarna Wietse Brackman et Kevin Fors. Ils s&rsquo;imposent devant [...]\" \/>\n<meta property=\"og:url\" content=\"https:\/\/fr.motocrossmag.be\/index.php\/2019\/07\/bex-a-warnant-les-resultats\/\" \/>\n<meta property=\"og:site_name\" content=\"Motocross - Enduro - Supermoto | MotocrossMag\" \/>\n<meta property=\"article:published_time\" content=\"2019-07-31T08:05:47+00:00\" \/>\n<meta property=\"article:modified_time\" content=\"2019-07-31T08:30:57+00:00\" \/>\n<meta property=\"og:image\" content=\"https:\/\/fr.motocrossmag.be\/wp-content\/uploads\/2019\/05\/DSC_4508.jpg\" \/>\n\t<meta property=\"og:image:width\" content=\"1000\" \/>\n\t<meta property=\"og:image:height\" content=\"665\" \/>\n\t<meta property=\"og:image:type\" content=\"image\/jpeg\" \/>\n<meta name=\"author\" content=\"oliviere\" \/>\n<meta name=\"twitter:card\" content=\"summary_large_image\" \/>\n<meta name=\"twitter:label1\" content=\"\u00c9crit par\" \/>\n\t<meta name=\"twitter:data1\" content=\"oliviere\" \/>\n\t<meta name=\"twitter:label2\" content=\"Dur\u00e9e de lecture estim\u00e9e\" \/>\n\t<meta name=\"twitter:data2\" content=\"4 minutes\" \/>\n<script type=\"application\/ld+json\" class=\"yoast-schema-graph\">{\"@context\":\"https:\\\/\\\/schema.org\",\"@graph\":[{\"@type\":\"Article\",\"@id\":\"https:\\\/\\\/fr.motocrossmag.be\\\/index.php\\\/2019\\\/07\\\/bex-a-warnant-les-resultats\\\/#article\",\"isPartOf\":{\"@id\":\"https:\\\/\\\/fr.motocrossmag.be\\\/index.php\\\/2019\\\/07\\\/bex-a-warnant-les-resultats\\\/\"},\"author\":{\"name\":\"oliviere\",\"@id\":\"https:\\\/\\\/fr.motocrossmag.be\\\/#\\\/schema\\\/person\\\/11b47143d9f755babca2c9110e03235c\"},\"headline\":\"BEX \u00e0 Warnant : les r\u00e9sultats\",\"datePublished\":\"2019-07-31T08:05:47+00:00\",\"dateModified\":\"2019-07-31T08:30:57+00:00\",\"mainEntityOfPage\":{\"@id\":\"https:\\\/\\\/fr.motocrossmag.be\\\/index.php\\\/2019\\\/07\\\/bex-a-warnant-les-resultats\\\/\"},\"wordCount\":865,\"commentCount\":0,\"image\":{\"@id\":\"https:\\\/\\\/fr.motocrossmag.be\\\/index.php\\\/2019\\\/07\\\/bex-a-warnant-les-resultats\\\/#primaryimage\"},\"thumbnailUrl\":\"https:\\\/\\\/fr.motocrossmag.be\\\/wp-content\\\/uploads\\\/2019\\\/05\\\/DSC_4508.jpg\",\"keywords\":[\"BEX\",\"endurance\",\"Enduro\"],\"articleSection\":[\"Actualit\u00e9\",\"Enduro\",\"FMB\",\"News\",\"News\",\"R\u00e9sultats\",\"Slideshow\"],\"inLanguage\":\"fr-FR\",\"potentialAction\":[{\"@type\":\"CommentAction\",\"name\":\"Comment\",\"target\":[\"https:\\\/\\\/fr.motocrossmag.be\\\/index.php\\\/2019\\\/07\\\/bex-a-warnant-les-resultats\\\/#respond\"]}]},{\"@type\":\"WebPage\",\"@id\":\"https:\\\/\\\/fr.motocrossmag.be\\\/index.php\\\/2019\\\/07\\\/bex-a-warnant-les-resultats\\\/\",\"url\":\"https:\\\/\\\/fr.motocrossmag.be\\\/index.php\\\/2019\\\/07\\\/bex-a-warnant-les-resultats\\\/\",\"name\":\"BEX \u00e0 Warnant : les r\u00e9sultats - Motocross - Enduro - Supermoto | MotocrossMag\",\"isPartOf\":{\"@id\":\"https:\\\/\\\/fr.motocrossmag.be\\\/#website\"},\"primaryImageOfPage\":{\"@id\":\"https:\\\/\\\/fr.motocrossmag.be\\\/index.php\\\/2019\\\/07\\\/bex-a-warnant-les-resultats\\\/#primaryimage\"},\"image\":{\"@id\":\"https:\\\/\\\/fr.motocrossmag.be\\\/index.php\\\/2019\\\/07\\\/bex-a-warnant-les-resultats\\\/#primaryimage\"},\"thumbnailUrl\":\"https:\\\/\\\/fr.motocrossmag.be\\\/wp-content\\\/uploads\\\/2019\\\/05\\\/DSC_4508.jpg\",\"datePublished\":\"2019-07-31T08:05:47+00:00\",\"dateModified\":\"2019-07-31T08:30:57+00:00\",\"author\":{\"@id\":\"https:\\\/\\\/fr.motocrossmag.be\\\/#\\\/schema\\\/person\\\/11b47143d9f755babca2c9110e03235c\"},\"breadcrumb\":{\"@id\":\"https:\\\/\\\/fr.motocrossmag.be\\\/index.php\\\/2019\\\/07\\\/bex-a-warnant-les-resultats\\\/#breadcrumb\"},\"inLanguage\":\"fr-FR\",\"potentialAction\":[{\"@type\":\"ReadAction\",\"target\":[\"https:\\\/\\\/fr.motocrossmag.be\\\/index.php\\\/2019\\\/07\\\/bex-a-warnant-les-resultats\\\/\"]}]},{\"@type\":\"ImageObject\",\"inLanguage\":\"fr-FR\",\"@id\":\"https:\\\/\\\/fr.motocrossmag.be\\\/index.php\\\/2019\\\/07\\\/bex-a-warnant-les-resultats\\\/#primaryimage\",\"url\":\"https:\\\/\\\/fr.motocrossmag.be\\\/wp-content\\\/uploads\\\/2019\\\/05\\\/DSC_4508.jpg\",\"contentUrl\":\"https:\\\/\\\/fr.motocrossmag.be\\\/wp-content\\\/uploads\\\/2019\\\/05\\\/DSC_4508.jpg\",\"width\":1000,\"height\":665},{\"@type\":\"BreadcrumbList\",\"@id\":\"https:\\\/\\\/fr.motocrossmag.be\\\/index.php\\\/2019\\\/07\\\/bex-a-warnant-les-resultats\\\/#breadcrumb\",\"itemListElement\":[{\"@type\":\"ListItem\",\"position\":1,\"name\":\"Accueil\",\"item\":\"https:\\\/\\\/fr.motocrossmag.be\\\/\"},{\"@type\":\"ListItem\",\"position\":2,\"name\":\"BEX \u00e0 Warnant : les r\u00e9sultats\"}]},{\"@type\":\"WebSite\",\"@id\":\"https:\\\/\\\/fr.motocrossmag.be\\\/#website\",\"url\":\"https:\\\/\\\/fr.motocrossmag.be\\\/\",\"name\":\"Motocross - Enduro - Supermoto | MotocrossMag\",\"description\":\"L&#039;actualit\u00e9 du motocross, de l&#039;enduro et du Supermoto en ligne!\",\"potentialAction\":[{\"@type\":\"SearchAction\",\"target\":{\"@type\":\"EntryPoint\",\"urlTemplate\":\"https:\\\/\\\/fr.motocrossmag.be\\\/?s={search_term_string}\"},\"query-input\":{\"@type\":\"PropertyValueSpecification\",\"valueRequired\":true,\"valueName\":\"search_term_string\"}}],\"inLanguage\":\"fr-FR\"},{\"@type\":\"Person\",\"@id\":\"https:\\\/\\\/fr.motocrossmag.be\\\/#\\\/schema\\\/person\\\/11b47143d9f755babca2c9110e03235c\",\"name\":\"oliviere\",\"image\":{\"@type\":\"ImageObject\",\"inLanguage\":\"fr-FR\",\"@id\":\"https:\\\/\\\/secure.gravatar.com\\\/avatar\\\/907069e0b81d119452040469e4a7501da1100f54f7f80180ce77bfab718288f6?s=96&d=mm&r=g\",\"url\":\"https:\\\/\\\/secure.gravatar.com\\\/avatar\\\/907069e0b81d119452040469e4a7501da1100f54f7f80180ce77bfab718288f6?s=96&d=mm&r=g\",\"contentUrl\":\"https:\\\/\\\/secure.gravatar.com\\\/avatar\\\/907069e0b81d119452040469e4a7501da1100f54f7f80180ce77bfab718288f6?s=96&d=mm&r=g\",\"caption\":\"oliviere\"},\"sameAs\":[\"http:\\\/\\\/www.motocrossmag.be\"],\"url\":\"https:\\\/\\\/fr.motocrossmag.be\\\/index.php\\\/author\\\/oliviere\\\/\"}]}<\/script>\n<!-- \/ Yoast SEO plugin. -->","yoast_head_json":{"title":"BEX \u00e0 Warnant : les r\u00e9sultats - Motocross - Enduro - Supermoto | MotocrossMag","robots":{"index":"index","follow":"follow","max-snippet":"max-snippet:-1","max-image-preview":"max-image-preview:large","max-video-preview":"max-video-preview:-1"},"canonical":"https:\/\/fr.motocrossmag.be\/index.php\/2019\/07\/bex-a-warnant-les-resultats\/","og_locale":"fr_FR","og_type":"article","og_title":"BEX \u00e0 Warnant : les r\u00e9sultats - Motocross - Enduro - Supermoto | MotocrossMag","og_description":"La 3\u00e8me \u00e9preuve comptant pour le championnat de Belgique d&rsquo;endurance BEX a \u00e9t\u00e9 remport\u00e9e ce week-end \u00e0 Warnant par les pilotes Husqvarna Wietse Brackman et Kevin Fors. Ils s&rsquo;imposent devant [...]","og_url":"https:\/\/fr.motocrossmag.be\/index.php\/2019\/07\/bex-a-warnant-les-resultats\/","og_site_name":"Motocross - Enduro - Supermoto | MotocrossMag","article_published_time":"2019-07-31T08:05:47+00:00","article_modified_time":"2019-07-31T08:30:57+00:00","og_image":[{"width":1000,"height":665,"url":"https:\/\/fr.motocrossmag.be\/wp-content\/uploads\/2019\/05\/DSC_4508.jpg","type":"image\/jpeg"}],"author":"oliviere","twitter_card":"summary_large_image","twitter_misc":{"\u00c9crit par":"oliviere","Dur\u00e9e de lecture estim\u00e9e":"4 minutes"},"schema":{"@context":"https:\/\/schema.org","@graph":[{"@type":"Article","@id":"https:\/\/fr.motocrossmag.be\/index.php\/2019\/07\/bex-a-warnant-les-resultats\/#article","isPartOf":{"@id":"https:\/\/fr.motocrossmag.be\/index.php\/2019\/07\/bex-a-warnant-les-resultats\/"},"author":{"name":"oliviere","@id":"https:\/\/fr.motocrossmag.be\/#\/schema\/person\/11b47143d9f755babca2c9110e03235c"},"headline":"BEX \u00e0 Warnant : les r\u00e9sultats","datePublished":"2019-07-31T08:05:47+00:00","dateModified":"2019-07-31T08:30:57+00:00","mainEntityOfPage":{"@id":"https:\/\/fr.motocrossmag.be\/index.php\/2019\/07\/bex-a-warnant-les-resultats\/"},"wordCount":865,"commentCount":0,"image":{"@id":"https:\/\/fr.motocrossmag.be\/index.php\/2019\/07\/bex-a-warnant-les-resultats\/#primaryimage"},"thumbnailUrl":"https:\/\/fr.motocrossmag.be\/wp-content\/uploads\/2019\/05\/DSC_4508.jpg","keywords":["BEX","endurance","Enduro"],"articleSection":["Actualit\u00e9","Enduro","FMB","News","News","R\u00e9sultats","Slideshow"],"inLanguage":"fr-FR","potentialAction":[{"@type":"CommentAction","name":"Comment","target":["https:\/\/fr.motocrossmag.be\/index.php\/2019\/07\/bex-a-warnant-les-resultats\/#respond"]}]},{"@type":"WebPage","@id":"https:\/\/fr.motocrossmag.be\/index.php\/2019\/07\/bex-a-warnant-les-resultats\/","url":"https:\/\/fr.motocrossmag.be\/index.php\/2019\/07\/bex-a-warnant-les-resultats\/","name":"BEX \u00e0 Warnant : les r\u00e9sultats - Motocross - Enduro - Supermoto | MotocrossMag","isPartOf":{"@id":"https:\/\/fr.motocrossmag.be\/#website"},"primaryImageOfPage":{"@id":"https:\/\/fr.motocrossmag.be\/index.php\/2019\/07\/bex-a-warnant-les-resultats\/#primaryimage"},"image":{"@id":"https:\/\/fr.motocrossmag.be\/index.php\/2019\/07\/bex-a-warnant-les-resultats\/#primaryimage"},"thumbnailUrl":"https:\/\/fr.motocrossmag.be\/wp-content\/uploads\/2019\/05\/DSC_4508.jpg","datePublished":"2019-07-31T08:05:47+00:00","dateModified":"2019-07-31T08:30:57+00:00","author":{"@id":"https:\/\/fr.motocrossmag.be\/#\/schema\/person\/11b47143d9f755babca2c9110e03235c"},"breadcrumb":{"@id":"https:\/\/fr.motocrossmag.be\/index.php\/2019\/07\/bex-a-warnant-les-resultats\/#breadcrumb"},"inLanguage":"fr-FR","potentialAction":[{"@type":"ReadAction","target":["https:\/\/fr.motocrossmag.be\/index.php\/2019\/07\/bex-a-warnant-les-resultats\/"]}]},{"@type":"ImageObject","inLanguage":"fr-FR","@id":"https:\/\/fr.motocrossmag.be\/index.php\/2019\/07\/bex-a-warnant-les-resultats\/#primaryimage","url":"https:\/\/fr.motocrossmag.be\/wp-content\/uploads\/2019\/05\/DSC_4508.jpg","contentUrl":"https:\/\/fr.motocrossmag.be\/wp-content\/uploads\/2019\/05\/DSC_4508.jpg","width":1000,"height":665},{"@type":"BreadcrumbList","@id":"https:\/\/fr.motocrossmag.be\/index.php\/2019\/07\/bex-a-warnant-les-resultats\/#breadcrumb","itemListElement":[{"@type":"ListItem","position":1,"name":"Accueil","item":"https:\/\/fr.motocrossmag.be\/"},{"@type":"ListItem","position":2,"name":"BEX \u00e0 Warnant : les r\u00e9sultats"}]},{"@type":"WebSite","@id":"https:\/\/fr.motocrossmag.be\/#website","url":"https:\/\/fr.motocrossmag.be\/","name":"Motocross - Enduro - Supermoto | MotocrossMag","description":"L&#039;actualit\u00e9 du motocross, de l&#039;enduro et du Supermoto en ligne!","potentialAction":[{"@type":"SearchAction","target":{"@type":"EntryPoint","urlTemplate":"https:\/\/fr.motocrossmag.be\/?s={search_term_string}"},"query-input":{"@type":"PropertyValueSpecification","valueRequired":true,"valueName":"search_term_string"}}],"inLanguage":"fr-FR"},{"@type":"Person","@id":"https:\/\/fr.motocrossmag.be\/#\/schema\/person\/11b47143d9f755babca2c9110e03235c","name":"oliviere","image":{"@type":"ImageObject","inLanguage":"fr-FR","@id":"https:\/\/secure.gravatar.com\/avatar\/907069e0b81d119452040469e4a7501da1100f54f7f80180ce77bfab718288f6?s=96&d=mm&r=g","url":"https:\/\/secure.gravatar.com\/avatar\/907069e0b81d119452040469e4a7501da1100f54f7f80180ce77bfab718288f6?s=96&d=mm&r=g","contentUrl":"https:\/\/secure.gravatar.com\/avatar\/907069e0b81d119452040469e4a7501da1100f54f7f80180ce77bfab718288f6?s=96&d=mm&r=g","caption":"oliviere"},"sameAs":["http:\/\/www.motocrossmag.be"],"url":"https:\/\/fr.motocrossmag.be\/index.php\/author\/oliviere\/"}]}},"_links":{"self":[{"href":"https:\/\/fr.motocrossmag.be\/index.php\/wp-json\/wp\/v2\/posts\/92207","targetHints":{"allow":["GET"]}}],"collection":[{"href":"https:\/\/fr.motocrossmag.be\/index.php\/wp-json\/wp\/v2\/posts"}],"about":[{"href":"https:\/\/fr.motocrossmag.be\/index.php\/wp-json\/wp\/v2\/types\/post"}],"author":[{"embeddable":true,"href":"https:\/\/fr.motocrossmag.be\/index.php\/wp-json\/wp\/v2\/users\/932"}],"replies":[{"embeddable":true,"href":"https:\/\/fr.motocrossmag.be\/index.php\/wp-json\/wp\/v2\/comments?post=92207"}],"version-history":[{"count":1,"href":"https:\/\/fr.motocrossmag.be\/index.php\/wp-json\/wp\/v2\/posts\/92207\/revisions"}],"predecessor-version":[{"id":92898,"href":"https:\/\/fr.motocrossmag.be\/index.php\/wp-json\/wp\/v2\/posts\/92207\/revisions\/92898"}],"wp:featuredmedia":[{"embeddable":true,"href":"https:\/\/fr.motocrossmag.be\/index.php\/wp-json\/wp\/v2\/media\/87681"}],"wp:attachment":[{"href":"https:\/\/fr.motocrossmag.be\/index.php\/wp-json\/wp\/v2\/media?parent=92207"}],"wp:term":[{"taxonomy":"category","embeddable":true,"href":"https:\/\/fr.motocrossmag.be\/index.php\/wp-json\/wp\/v2\/categories?post=92207"},{"taxonomy":"post_tag","embeddable":true,"href":"https:\/\/fr.motocrossmag.be\/index.php\/wp-json\/wp\/v2\/tags?post=92207"}],"curies":[{"name":"wp","href":"https:\/\/api.w.org\/{rel}","templated":true}]}}