{"id":92903,"date":"2019-08-01T10:28:44","date_gmt":"2019-08-01T08:28:44","guid":{"rendered":"https:\/\/fr.motocrossmag.be\/?p=92903"},"modified":"2019-08-01T10:29:54","modified_gmt":"2019-08-01T08:29:54","slug":"12-heures-de-la-chinelle-les-pilotes-engages-2","status":"publish","type":"post","link":"https:\/\/fr.motocrossmag.be\/index.php\/2019\/08\/12-heures-de-la-chinelle-les-pilotes-engages-2\/","title":{"rendered":"12 Heures de la Chinelle : les pilotes engag\u00e9s"},"content":{"rendered":"<p><strong>Le samedi 10 ao\u00fbt prochain, les concurrents engag\u00e9s sur les 12 Heures de la Chinelle s&rsquo;\u00e9lanceront au coup de fusil sur l&rsquo;esplanade de Franchimont. Il sera tr\u00e8s pr\u00e9cis\u00e9ment minuit. D&rsquo;abord \u00e0 pied, le temps de traverser la piste au sprint pour sauter sur leur machine avant de s&rsquo;enfoncer dans les sous-bois \u00e0 la seule lueur de leur phare au guidon de leur machine. Ils seront alors en piste pour un tour d&rsquo;horloge complet. L&rsquo;enjeu : brandir dimanche peu apr\u00e8s midi le troph\u00e9e r\u00e9serv\u00e9 aux vainqueurs de la 40\u00e8me Chinelle.<\/strong><\/p>\n<p>Plus d&rsquo;infos : <a href=\"http:\/\/www.lachinelle.be\" target=\"_blank\" rel=\"noopener\">www.lachinelle.be<\/a><\/p>\n<p>&nbsp;<\/p>\n<p><span style=\"color: #ff0000;\"><strong>Pilotes engag\u00e9s &#8211; Liste provisoire<\/strong><\/span><\/p>\n<table width=\"100%\" style=\"font-size:11px\">\n<tbody>\n<tr>\n<td align=\"center\" width=\"34\">1<\/td>\n<td width=\"49\">Nat<\/td>\n<td width=\"188\">SFD<\/td>\n<td width=\"171\">gillard fabian<\/td>\n<td width=\"158\">wautier sebastien<\/td>\n<td width=\"150\">wanet david<\/td>\n<td width=\"254\"><\/td>\n<\/tr>\n<tr>\n<td align=\"center\">2<\/td>\n<td>Nat<\/td>\n<td>ROBERT FAMILY<\/td>\n<td>ROBERT STEVE<\/td>\n<td>ROBERT MIKE<\/td>\n<td>ROBERT JEAN MICHEL<\/td>\n<td><\/td>\n<\/tr>\n<tr>\n<td align=\"center\">3<\/td>\n<td>Chin<\/td>\n<td>team husky<\/td>\n<td>laeremans thibaut<\/td>\n<td>graux antoine<\/td>\n<td>lebrun tanguy<\/td>\n<td><\/td>\n<\/tr>\n<tr>\n<td align=\"center\">7<\/td>\n<td>Gent<\/td>\n<td>Be Lise racing<\/td>\n<td>Beckers Eric<\/td>\n<td>xxxx<\/td>\n<td>xxx<\/td>\n<td><\/td>\n<\/tr>\n<tr>\n<td align=\"center\">9<\/td>\n<td>Gent<\/td>\n<td>LAMBEAU<\/td>\n<td>JEAN-MARC Toussaint<\/td>\n<td>LAMBEAU Antoine<\/td>\n<td>COLIGNON Mathieu<\/td>\n<td>BERGHMAN CHRISTOPHE<\/td>\n<\/tr>\n<tr>\n<td align=\"center\">10<\/td>\n<td>Gent<\/td>\n<td>Team 2HF<\/td>\n<td>Despontin Fabrice<\/td>\n<td>Hallet Jean Fran\u00e7ois<\/td>\n<td>Faveaux Fr\u00e9d\u00e9ric<\/td>\n<td>Havelange Fran\u00e7ois<\/td>\n<\/tr>\n<tr>\n<td align=\"center\">11<\/td>\n<td>Chin<\/td>\n<td>sanglier<\/td>\n<td>sanglier laurent<\/td>\n<td>Sanglier vincent<\/td>\n<td><\/td>\n<td><\/td>\n<\/tr>\n<tr>\n<td align=\"center\">12<\/td>\n<td>Gent<\/td>\n<td>F.T.E.D<\/td>\n<td>Francois van den bergh<\/td>\n<td>Van den Bergh Thomas<\/td>\n<td>Fosty Damien<\/td>\n<td>BIETLOT Edouard<\/td>\n<\/tr>\n<tr>\n<td align=\"center\">19<\/td>\n<td>Chin<\/td>\n<td>Couz&rsquo;Team<\/td>\n<td>Laurent Duquenne<\/td>\n<td>Duquenne Valentin<\/td>\n<td>LANIS Mathieu<\/td>\n<td>COLLINET Mathias<\/td>\n<\/tr>\n<tr>\n<td align=\"center\">20<\/td>\n<td>Chin<\/td>\n<td>Les Milles Feuilles<\/td>\n<td>MAGIS Benjamin<\/td>\n<td>MAGIS Micha\u00ebl<\/td>\n<td>MASSART Jean-Yves<\/td>\n<td>HENQUIN K\u00e9vin<\/td>\n<\/tr>\n<tr>\n<td align=\"center\">21<\/td>\n<td>Int<\/td>\n<td>Husqvarna Belgium<\/td>\n<td>Martiny Jerome<\/td>\n<td>vanoevelen matthew<\/td>\n<td>willems erik<\/td>\n<td><\/td>\n<\/tr>\n<tr>\n<td align=\"center\">22<\/td>\n<td>Int<\/td>\n<td>Husqvarna Beium<\/td>\n<td>Brackman Wietse<\/td>\n<td>Cambre Jilani<\/td>\n<td>Fors Kevin<\/td>\n<td><\/td>\n<\/tr>\n<tr>\n<td align=\"center\">23<\/td>\n<td>Nat<\/td>\n<td>Vangenechten HVA<\/td>\n<td>Janssens Jef<\/td>\n<td>Nick Janssens<\/td>\n<td>Van dun Steven<\/td>\n<td><\/td>\n<\/tr>\n<tr>\n<td align=\"center\">24<\/td>\n<td>Chin<\/td>\n<td>Family games center<\/td>\n<td>Glotz Arnaud<\/td>\n<td>Mika Vanderheyden<\/td>\n<td>Gervois Youri<\/td>\n<td>COLART CHARLY<\/td>\n<\/tr>\n<tr>\n<td align=\"center\">25<\/td>\n<td>Nat<\/td>\n<td>Den Black HVA City 2<\/td>\n<td>Daniels Nicolas<\/td>\n<td>Loriaux Christian<\/td>\n<td>Minne Cedric<\/td>\n<td><\/td>\n<\/tr>\n<tr>\n<td align=\"center\">26<\/td>\n<td>Nat<\/td>\n<td>Tric &amp; Vlass<\/td>\n<td>Tricot Julien<\/td>\n<td>Tricot Luc<\/td>\n<td>Tricot Joel<\/td>\n<td><\/td>\n<\/tr>\n<tr>\n<td align=\"center\">27<\/td>\n<td>Nat<\/td>\n<td>ENDURO ATTITUDE<\/td>\n<td>VALENDUC Martin<\/td>\n<td>VINKEN Quentin<\/td>\n<td>HAUTENNE Emilien<\/td>\n<td><\/td>\n<\/tr>\n<tr>\n<td align=\"center\">28<\/td>\n<td>Int<\/td>\n<td>City2roue racing<\/td>\n<td>Guillaume Schuler<\/td>\n<td>Desprechin Arno<\/td>\n<td>Devillers Dorian<\/td>\n<td><\/td>\n<\/tr>\n<tr>\n<td align=\"center\">29<\/td>\n<td>Nat<\/td>\n<td>Les ind\u00e9pendants<\/td>\n<td>Roland Benoit<\/td>\n<td>Haxhe Olivier<\/td>\n<td>Bebronne J\u00e9r\u00e9my<\/td>\n<td><\/td>\n<\/tr>\n<tr>\n<td align=\"center\">31<\/td>\n<td>Chin<\/td>\n<td>TMJ team<\/td>\n<td>Struyven Thibaut<\/td>\n<td>Prower Morgan<\/td>\n<td>Delaitemps Julien<\/td>\n<td><\/td>\n<\/tr>\n<tr>\n<td align=\"center\">32<\/td>\n<td>Chin<\/td>\n<td>TEAM NIJODY<\/td>\n<td>Charlotteaux Dylan<\/td>\n<td>Wilmart Nicolas<\/td>\n<td>Lev\u00eaque Joshua<\/td>\n<td><\/td>\n<\/tr>\n<tr>\n<td align=\"center\">34<\/td>\n<td>Chin<\/td>\n<td>Kivaso Ofwood<\/td>\n<td>Persoons Dimitri<\/td>\n<td>Gagn\u00e9-Dubois<\/td>\n<td>Durand Val\u00e9rie<\/td>\n<td>Ouellet Sophie<\/td>\n<\/tr>\n<tr>\n<td align=\"center\">35<\/td>\n<td>Int<\/td>\n<td>Schoonyans<\/td>\n<td>Bulens Logan<\/td>\n<td>Schoonyans Denis<\/td>\n<td>Meuwis Arnaud<\/td>\n<td><\/td>\n<\/tr>\n<tr>\n<td align=\"center\">36<\/td>\n<td>Chin<\/td>\n<td>K.D.R.F Team<\/td>\n<td>Breyer Dempsey<\/td>\n<td>Vandamme Rapha\u00ebl<\/td>\n<td>Gillard Franck<\/td>\n<td>Derome Keevin<\/td>\n<\/tr>\n<tr>\n<td align=\"center\">37<\/td>\n<td>Gent<\/td>\n<td>PHM<\/td>\n<td>Philipe Missotten<\/td>\n<td>Cornet Didier<\/td>\n<td>Jean Flourh<\/td>\n<td>Fred Jobkenne<\/td>\n<\/tr>\n<tr>\n<td align=\"center\">38<\/td>\n<td>Chin<\/td>\n<td>MGJ racing team<\/td>\n<td>frebutte morgan<\/td>\n<td>richez gregory<\/td>\n<td>julien bonfond<\/td>\n<td><\/td>\n<\/tr>\n<tr>\n<td align=\"center\">39<\/td>\n<td>Int<\/td>\n<td>KTM Belgique youth<\/td>\n<td>Tourneur Dorian<\/td>\n<td>Dussart Mathis<\/td>\n<td>Brouwer Kaiya<\/td>\n<td><\/td>\n<\/tr>\n<tr>\n<td align=\"center\">40<\/td>\n<td>Int<\/td>\n<td>KTM Belgique<\/td>\n<td>Magain Antoine<\/td>\n<td>Dewulf Jeffrey<\/td>\n<td>Grobben Cedric<\/td>\n<td><\/td>\n<\/tr>\n<tr>\n<td align=\"center\">41<\/td>\n<td>Int<\/td>\n<td>12hpourlavie<\/td>\n<td>Fraselle Jeremie<\/td>\n<td>Despontin Mikael<\/td>\n<td>Fraselle Jean-mathieu<\/td>\n<td><\/td>\n<\/tr>\n<tr>\n<td align=\"center\">42<\/td>\n<td>Gent<\/td>\n<td>PEPONE &amp; ARCHimotards<\/td>\n<td>PIERRE REMOUCHAMPS<\/td>\n<td>CLEMENT SEBASTIEN<\/td>\n<td>LEBOUTTE PHILIPPE<\/td>\n<td>KINIF ANDY<\/td>\n<\/tr>\n<tr>\n<td align=\"center\">46<\/td>\n<td>Int<\/td>\n<td>TEAM CASUMOTOS<\/td>\n<td>THAIN RODRIG<\/td>\n<td>COEN JEREMY<\/td>\n<td>LOUIS TIM<\/td>\n<td><\/td>\n<\/tr>\n<tr>\n<td align=\"center\">47<\/td>\n<td>Chin<\/td>\n<td>Discobeer<\/td>\n<td>Dautremont Frederic<\/td>\n<td>Collin Ciprien<\/td>\n<td>Mazy Maxence<\/td>\n<td>Collin Alexis<\/td>\n<\/tr>\n<tr>\n<td align=\"center\">48<\/td>\n<td>Chin<\/td>\n<td>Pirson Thierry<\/td>\n<td>Berny Didier<\/td>\n<td>Gobert Erwin<\/td>\n<td>Pirson Marvin<\/td>\n<td>Pirson Thierry<\/td>\n<\/tr>\n<tr>\n<td align=\"center\">50<\/td>\n<td>Chin<\/td>\n<td>CG racing 2<\/td>\n<td>Lietard marvin<\/td>\n<td>Brissa mathieu<\/td>\n<td>Pascucci loris<\/td>\n<td><\/td>\n<\/tr>\n<tr>\n<td align=\"center\">55<\/td>\n<td>Nat<\/td>\n<td>Sc W\u00e9ris<\/td>\n<td>Waezeggers jimmy<\/td>\n<td>hermans nicolas<\/td>\n<td>lacasse tristan<\/td>\n<td><\/td>\n<\/tr>\n<tr>\n<td align=\"center\">60<\/td>\n<td>Chin<\/td>\n<td>very good trip<\/td>\n<td>lemaitre cedric<\/td>\n<td>sandri adrien<\/td>\n<td>magniette fabrice<\/td>\n<td>roland simon<\/td>\n<\/tr>\n<tr>\n<td align=\"center\">61<\/td>\n<td>Int<\/td>\n<td>bailleuxmotosport<\/td>\n<td>gregoire<\/td>\n<td>Lemoine christophe<\/td>\n<td>vandooren quentin<\/td>\n<td><\/td>\n<\/tr>\n<tr>\n<td align=\"center\">62<\/td>\n<td>Int<\/td>\n<td>bailleuxmotosport 1<\/td>\n<td>bailleux bertrand<\/td>\n<td>monfort quentin<\/td>\n<td>debroux fabrice<\/td>\n<td><\/td>\n<\/tr>\n<tr>\n<td align=\"center\">63<\/td>\n<td>Int<\/td>\n<td>Grandjean<\/td>\n<td>Grandjean Vincent<\/td>\n<td>Van hooff mathias<\/td>\n<td>Gauniaux K\u00e9vin<\/td>\n<td><\/td>\n<\/tr>\n<tr>\n<td align=\"center\">65<\/td>\n<td>Chin<\/td>\n<td>Team CFD<\/td>\n<td>Carpentier Quentin<\/td>\n<td>Forgiarini Dgani<\/td>\n<td>Divers Jonathan<\/td>\n<td><\/td>\n<\/tr>\n<tr>\n<td align=\"center\">66<\/td>\n<td>Chin<\/td>\n<td>L&rsquo;OURS BLEU<\/td>\n<td>DERESE MARC<\/td>\n<td>HERMAN ROMUALD<\/td>\n<td>MEULDERS FABIAN<\/td>\n<td>JAEGERS MICHAEL<\/td>\n<\/tr>\n<tr>\n<td align=\"center\">70<\/td>\n<td>Nat<\/td>\n<td>Techno-bike racing team<\/td>\n<td>raiwet kevin<\/td>\n<td>maryns samuel<\/td>\n<td>maryns loic<\/td>\n<td><\/td>\n<\/tr>\n<tr>\n<td align=\"center\">71<\/td>\n<td>Chin<\/td>\n<td>Mautaukrauss<\/td>\n<td>Decoux Maxime<\/td>\n<td>Van Hoe Logan<\/td>\n<td>Journ\u00e9e S\u00e9bastien<\/td>\n<td>Vandergugten David<\/td>\n<\/tr>\n<tr>\n<td align=\"center\">72<\/td>\n<td>Gent<\/td>\n<td>les Oheytois<\/td>\n<td>DENIS Albert<\/td>\n<td>Close Jonathan<\/td>\n<td>Malherbe Geoffray<\/td>\n<td><\/td>\n<\/tr>\n<tr>\n<td align=\"center\">74<\/td>\n<td>Gent<\/td>\n<td>La Chavanne<\/td>\n<td>Borgnet Thierry<\/td>\n<td>Collin Angelo<\/td>\n<td>Tachat Julien<\/td>\n<td>Pintonello Giovanni<\/td>\n<\/tr>\n<tr>\n<td align=\"center\">75<\/td>\n<td>Jun<\/td>\n<td>Yamaha BBM<\/td>\n<td>Barnich Tom<\/td>\n<td>B\u00e9cu Cl\u00e9ment<\/td>\n<td>Maroit Thibaut<\/td>\n<td><\/td>\n<\/tr>\n<tr>\n<td align=\"center\">76<\/td>\n<td>Nat<\/td>\n<td>LRS SUSPENSION<\/td>\n<td>Felix Olivier<\/td>\n<td>Servais Adrien<\/td>\n<td>Lagamme Julien<\/td>\n<td><\/td>\n<\/tr>\n<tr>\n<td align=\"center\">80<\/td>\n<td>Chin<\/td>\n<td>MxBourqui Team<\/td>\n<td>Lionel boulanger<\/td>\n<td>Gauthier boulanger<\/td>\n<td>Ladriere maxime<\/td>\n<td>Marvin dufrasne<\/td>\n<\/tr>\n<tr>\n<td align=\"center\">81<\/td>\n<td>Chin<\/td>\n<td>romain<\/td>\n<td>romain bastien<\/td>\n<td>mathieu rynedyck<\/td>\n<td>vandenhoudt arnaud<\/td>\n<td><\/td>\n<\/tr>\n<tr>\n<td align=\"center\">85<\/td>\n<td>Gent<\/td>\n<td>Team sherco<\/td>\n<td>Tonolli sebastien<\/td>\n<td>Detimmerman laurent<\/td>\n<td>Bronsart nicolas<\/td>\n<td><\/td>\n<\/tr>\n<tr>\n<td align=\"center\">86<\/td>\n<td>Chin<\/td>\n<td>Team Gsm<\/td>\n<td>Gueur Martin<\/td>\n<td>Sibille Julien<\/td>\n<td>Marievoet Charles<\/td>\n<td><\/td>\n<\/tr>\n<tr>\n<td align=\"center\">90<\/td>\n<td>Chin<\/td>\n<td>Louvbati<\/td>\n<td>Vanbellinghen Geoffroy<\/td>\n<td>Andreolli Jeremy<\/td>\n<td>Crusenaire benoit<\/td>\n<td>Stallon dan<\/td>\n<\/tr>\n<tr>\n<td align=\"center\">91<\/td>\n<td>Gent<\/td>\n<td>Geriateam<\/td>\n<td>Lenain Christian<\/td>\n<td>Lambert Adrien<\/td>\n<td>Alain Gilsoul<\/td>\n<td>Fayt Hugues<\/td>\n<\/tr>\n<tr>\n<td align=\"center\">92<\/td>\n<td>Nat<\/td>\n<td>Sofibel<\/td>\n<td>Tichoux Florian<\/td>\n<td>Degregne Louis<\/td>\n<td>Branche Diego<\/td>\n<td><\/td>\n<\/tr>\n<tr>\n<td align=\"center\">93<\/td>\n<td>Int<\/td>\n<td>MX ACTION<\/td>\n<td>RAMON STEVE<\/td>\n<td>BIETS JEROME<\/td>\n<td>MINIQUE GAETAN<\/td>\n<td><\/td>\n<\/tr>\n<tr>\n<td align=\"center\">94<\/td>\n<td>Nat<\/td>\n<td>MX ACTION<\/td>\n<td>ROUGRAFF FRANCK<\/td>\n<td>MAYNE DYLAN<\/td>\n<td>WESTER QUENTIN<\/td>\n<td><\/td>\n<\/tr>\n<tr>\n<td align=\"center\">95<\/td>\n<td>Int<\/td>\n<td>MIKEMBO YAM ZONE ROUGE<\/td>\n<td>CREMER<\/td>\n<td>HERINNE JEREMY<\/td>\n<td>FRYNS RONNY<\/td>\n<td><\/td>\n<\/tr>\n<tr>\n<td align=\"center\">96<\/td>\n<td>Int<\/td>\n<td>MUKINI YAM ZONE ROUGE<\/td>\n<td>Klutz Thierry<\/td>\n<td>Lo\u00efc Begon<\/td>\n<td>Arnaud Herinne<\/td>\n<td><\/td>\n<\/tr>\n<tr>\n<td align=\"center\">99<\/td>\n<td>Nat<\/td>\n<td>NTD racing<\/td>\n<td>Fleurquin<\/td>\n<td>Decaigny Nicolas<\/td>\n<td>Fayt Vincent<\/td>\n<td><\/td>\n<\/tr>\n<tr>\n<td align=\"center\">100<\/td>\n<td>Chin<\/td>\n<td>team husqvarna<\/td>\n<td>taverne rudy<\/td>\n<td>jerome neirynch<\/td>\n<td>dorian voets<\/td>\n<td><\/td>\n<\/tr>\n<tr>\n<td align=\"center\">101<\/td>\n<td>Chin<\/td>\n<td>JCRT<\/td>\n<td>CHILIADE JEREMY<\/td>\n<td>LAHAYE DORIAN<\/td>\n<td>PAUWELS MICHAEL<\/td>\n<td>COURBET AYRTON<\/td>\n<\/tr>\n<tr>\n<td align=\"center\">103<\/td>\n<td>Nat<\/td>\n<td>Gervais<\/td>\n<td>Martin Pierre Laurent<\/td>\n<td>Laforge Mickael<\/td>\n<td>Dermine Arnaud<\/td>\n<td><\/td>\n<\/tr>\n<\/tbody>\n<\/table>\n<div id=\"ConnectiveDocSignExtentionInstalled\" data-extension-version=\"1.0.4\"><\/div>\n","protected":false},"excerpt":{"rendered":"<p>Le samedi 10 ao\u00fbt prochain, les concurrents engag\u00e9s sur les 12 Heures de la Chinelle s&rsquo;\u00e9lanceront au coup de fusil sur l&rsquo;esplanade de Franchimont. Il sera tr\u00e8s pr\u00e9cis\u00e9ment minuit. D&rsquo;abord [&#8230;]<\/p>\n","protected":false},"author":932,"featured_media":77976,"comment_status":"open","ping_status":"closed","sticky":false,"template":"","format":"standard","meta":{"footnotes":""},"categories":[54,32,35,73,33,55,65],"tags":[1167,951],"class_list":["post-92903","post","type-post","status-publish","format-standard","has-post-thumbnail","hentry","category-actualite","category-enduro","category-fmb-enduro","category-chinelle","category-news-enduro","category-news-actualite","category-slideshow","tag-bex","tag-enduro"],"yoast_head":"<!-- This site is optimized with the Yoast SEO plugin v27.4 - https:\/\/yoast.com\/product\/yoast-seo-wordpress\/ -->\n<title>12 Heures de la Chinelle : les pilotes engag\u00e9s - Motocross - Enduro - Supermoto | MotocrossMag<\/title>\n<meta name=\"robots\" content=\"index, follow, max-snippet:-1, max-image-preview:large, max-video-preview:-1\" \/>\n<link rel=\"canonical\" href=\"https:\/\/fr.motocrossmag.be\/index.php\/2019\/08\/12-heures-de-la-chinelle-les-pilotes-engages-2\/\" \/>\n<meta property=\"og:locale\" content=\"fr_FR\" \/>\n<meta property=\"og:type\" content=\"article\" \/>\n<meta property=\"og:title\" content=\"12 Heures de la Chinelle : les pilotes engag\u00e9s - Motocross - Enduro - Supermoto | MotocrossMag\" \/>\n<meta property=\"og:description\" content=\"Le samedi 10 ao\u00fbt prochain, les concurrents engag\u00e9s sur les 12 Heures de la Chinelle s&rsquo;\u00e9lanceront au coup de fusil sur l&rsquo;esplanade de Franchimont. Il sera tr\u00e8s pr\u00e9cis\u00e9ment minuit. D&rsquo;abord [...]\" \/>\n<meta property=\"og:url\" content=\"https:\/\/fr.motocrossmag.be\/index.php\/2019\/08\/12-heures-de-la-chinelle-les-pilotes-engages-2\/\" \/>\n<meta property=\"og:site_name\" content=\"Motocross - Enduro - Supermoto | MotocrossMag\" \/>\n<meta property=\"article:published_time\" content=\"2019-08-01T08:28:44+00:00\" \/>\n<meta property=\"article:modified_time\" content=\"2019-08-01T08:29:54+00:00\" \/>\n<meta property=\"og:image\" content=\"https:\/\/fr.motocrossmag.be\/wp-content\/uploads\/2018\/08\/La-Chinelle-038.jpg\" \/>\n\t<meta property=\"og:image:width\" content=\"850\" \/>\n\t<meta property=\"og:image:height\" content=\"566\" \/>\n\t<meta property=\"og:image:type\" content=\"image\/jpeg\" \/>\n<meta name=\"author\" content=\"oliviere\" \/>\n<meta name=\"twitter:card\" content=\"summary_large_image\" \/>\n<meta name=\"twitter:label1\" content=\"\u00c9crit par\" \/>\n\t<meta name=\"twitter:data1\" content=\"oliviere\" \/>\n\t<meta name=\"twitter:label2\" content=\"Dur\u00e9e de lecture estim\u00e9e\" \/>\n\t<meta name=\"twitter:data2\" content=\"4 minutes\" \/>\n<script type=\"application\/ld+json\" class=\"yoast-schema-graph\">{\"@context\":\"https:\\\/\\\/schema.org\",\"@graph\":[{\"@type\":\"Article\",\"@id\":\"https:\\\/\\\/fr.motocrossmag.be\\\/index.php\\\/2019\\\/08\\\/12-heures-de-la-chinelle-les-pilotes-engages-2\\\/#article\",\"isPartOf\":{\"@id\":\"https:\\\/\\\/fr.motocrossmag.be\\\/index.php\\\/2019\\\/08\\\/12-heures-de-la-chinelle-les-pilotes-engages-2\\\/\"},\"author\":{\"name\":\"oliviere\",\"@id\":\"https:\\\/\\\/fr.motocrossmag.be\\\/#\\\/schema\\\/person\\\/11b47143d9f755babca2c9110e03235c\"},\"headline\":\"12 Heures de la Chinelle : les pilotes engag\u00e9s\",\"datePublished\":\"2019-08-01T08:28:44+00:00\",\"dateModified\":\"2019-08-01T08:29:54+00:00\",\"mainEntityOfPage\":{\"@id\":\"https:\\\/\\\/fr.motocrossmag.be\\\/index.php\\\/2019\\\/08\\\/12-heures-de-la-chinelle-les-pilotes-engages-2\\\/\"},\"wordCount\":744,\"commentCount\":0,\"image\":{\"@id\":\"https:\\\/\\\/fr.motocrossmag.be\\\/index.php\\\/2019\\\/08\\\/12-heures-de-la-chinelle-les-pilotes-engages-2\\\/#primaryimage\"},\"thumbnailUrl\":\"https:\\\/\\\/fr.motocrossmag.be\\\/wp-content\\\/uploads\\\/2018\\\/08\\\/La-Chinelle-038.jpg\",\"keywords\":[\"BEX\",\"Enduro\"],\"articleSection\":[\"Actualit\u00e9\",\"Enduro\",\"FMB\",\"La Chinelle\",\"News\",\"News\",\"Slideshow\"],\"inLanguage\":\"fr-FR\",\"potentialAction\":[{\"@type\":\"CommentAction\",\"name\":\"Comment\",\"target\":[\"https:\\\/\\\/fr.motocrossmag.be\\\/index.php\\\/2019\\\/08\\\/12-heures-de-la-chinelle-les-pilotes-engages-2\\\/#respond\"]}]},{\"@type\":\"WebPage\",\"@id\":\"https:\\\/\\\/fr.motocrossmag.be\\\/index.php\\\/2019\\\/08\\\/12-heures-de-la-chinelle-les-pilotes-engages-2\\\/\",\"url\":\"https:\\\/\\\/fr.motocrossmag.be\\\/index.php\\\/2019\\\/08\\\/12-heures-de-la-chinelle-les-pilotes-engages-2\\\/\",\"name\":\"12 Heures de la Chinelle : les pilotes engag\u00e9s - Motocross - Enduro - Supermoto | MotocrossMag\",\"isPartOf\":{\"@id\":\"https:\\\/\\\/fr.motocrossmag.be\\\/#website\"},\"primaryImageOfPage\":{\"@id\":\"https:\\\/\\\/fr.motocrossmag.be\\\/index.php\\\/2019\\\/08\\\/12-heures-de-la-chinelle-les-pilotes-engages-2\\\/#primaryimage\"},\"image\":{\"@id\":\"https:\\\/\\\/fr.motocrossmag.be\\\/index.php\\\/2019\\\/08\\\/12-heures-de-la-chinelle-les-pilotes-engages-2\\\/#primaryimage\"},\"thumbnailUrl\":\"https:\\\/\\\/fr.motocrossmag.be\\\/wp-content\\\/uploads\\\/2018\\\/08\\\/La-Chinelle-038.jpg\",\"datePublished\":\"2019-08-01T08:28:44+00:00\",\"dateModified\":\"2019-08-01T08:29:54+00:00\",\"author\":{\"@id\":\"https:\\\/\\\/fr.motocrossmag.be\\\/#\\\/schema\\\/person\\\/11b47143d9f755babca2c9110e03235c\"},\"breadcrumb\":{\"@id\":\"https:\\\/\\\/fr.motocrossmag.be\\\/index.php\\\/2019\\\/08\\\/12-heures-de-la-chinelle-les-pilotes-engages-2\\\/#breadcrumb\"},\"inLanguage\":\"fr-FR\",\"potentialAction\":[{\"@type\":\"ReadAction\",\"target\":[\"https:\\\/\\\/fr.motocrossmag.be\\\/index.php\\\/2019\\\/08\\\/12-heures-de-la-chinelle-les-pilotes-engages-2\\\/\"]}]},{\"@type\":\"ImageObject\",\"inLanguage\":\"fr-FR\",\"@id\":\"https:\\\/\\\/fr.motocrossmag.be\\\/index.php\\\/2019\\\/08\\\/12-heures-de-la-chinelle-les-pilotes-engages-2\\\/#primaryimage\",\"url\":\"https:\\\/\\\/fr.motocrossmag.be\\\/wp-content\\\/uploads\\\/2018\\\/08\\\/La-Chinelle-038.jpg\",\"contentUrl\":\"https:\\\/\\\/fr.motocrossmag.be\\\/wp-content\\\/uploads\\\/2018\\\/08\\\/La-Chinelle-038.jpg\",\"width\":850,\"height\":566},{\"@type\":\"BreadcrumbList\",\"@id\":\"https:\\\/\\\/fr.motocrossmag.be\\\/index.php\\\/2019\\\/08\\\/12-heures-de-la-chinelle-les-pilotes-engages-2\\\/#breadcrumb\",\"itemListElement\":[{\"@type\":\"ListItem\",\"position\":1,\"name\":\"Accueil\",\"item\":\"https:\\\/\\\/fr.motocrossmag.be\\\/\"},{\"@type\":\"ListItem\",\"position\":2,\"name\":\"12 Heures de la Chinelle : les pilotes engag\u00e9s\"}]},{\"@type\":\"WebSite\",\"@id\":\"https:\\\/\\\/fr.motocrossmag.be\\\/#website\",\"url\":\"https:\\\/\\\/fr.motocrossmag.be\\\/\",\"name\":\"Motocross - Enduro - Supermoto | MotocrossMag\",\"description\":\"L&#039;actualit\u00e9 du motocross, de l&#039;enduro et du Supermoto en ligne!\",\"potentialAction\":[{\"@type\":\"SearchAction\",\"target\":{\"@type\":\"EntryPoint\",\"urlTemplate\":\"https:\\\/\\\/fr.motocrossmag.be\\\/?s={search_term_string}\"},\"query-input\":{\"@type\":\"PropertyValueSpecification\",\"valueRequired\":true,\"valueName\":\"search_term_string\"}}],\"inLanguage\":\"fr-FR\"},{\"@type\":\"Person\",\"@id\":\"https:\\\/\\\/fr.motocrossmag.be\\\/#\\\/schema\\\/person\\\/11b47143d9f755babca2c9110e03235c\",\"name\":\"oliviere\",\"image\":{\"@type\":\"ImageObject\",\"inLanguage\":\"fr-FR\",\"@id\":\"https:\\\/\\\/secure.gravatar.com\\\/avatar\\\/907069e0b81d119452040469e4a7501da1100f54f7f80180ce77bfab718288f6?s=96&d=mm&r=g\",\"url\":\"https:\\\/\\\/secure.gravatar.com\\\/avatar\\\/907069e0b81d119452040469e4a7501da1100f54f7f80180ce77bfab718288f6?s=96&d=mm&r=g\",\"contentUrl\":\"https:\\\/\\\/secure.gravatar.com\\\/avatar\\\/907069e0b81d119452040469e4a7501da1100f54f7f80180ce77bfab718288f6?s=96&d=mm&r=g\",\"caption\":\"oliviere\"},\"sameAs\":[\"http:\\\/\\\/www.motocrossmag.be\"],\"url\":\"https:\\\/\\\/fr.motocrossmag.be\\\/index.php\\\/author\\\/oliviere\\\/\"}]}<\/script>\n<!-- \/ Yoast SEO plugin. -->","yoast_head_json":{"title":"12 Heures de la Chinelle : les pilotes engag\u00e9s - Motocross - Enduro - Supermoto | MotocrossMag","robots":{"index":"index","follow":"follow","max-snippet":"max-snippet:-1","max-image-preview":"max-image-preview:large","max-video-preview":"max-video-preview:-1"},"canonical":"https:\/\/fr.motocrossmag.be\/index.php\/2019\/08\/12-heures-de-la-chinelle-les-pilotes-engages-2\/","og_locale":"fr_FR","og_type":"article","og_title":"12 Heures de la Chinelle : les pilotes engag\u00e9s - Motocross - Enduro - Supermoto | MotocrossMag","og_description":"Le samedi 10 ao\u00fbt prochain, les concurrents engag\u00e9s sur les 12 Heures de la Chinelle s&rsquo;\u00e9lanceront au coup de fusil sur l&rsquo;esplanade de Franchimont. Il sera tr\u00e8s pr\u00e9cis\u00e9ment minuit. D&rsquo;abord [...]","og_url":"https:\/\/fr.motocrossmag.be\/index.php\/2019\/08\/12-heures-de-la-chinelle-les-pilotes-engages-2\/","og_site_name":"Motocross - Enduro - Supermoto | MotocrossMag","article_published_time":"2019-08-01T08:28:44+00:00","article_modified_time":"2019-08-01T08:29:54+00:00","og_image":[{"width":850,"height":566,"url":"https:\/\/fr.motocrossmag.be\/wp-content\/uploads\/2018\/08\/La-Chinelle-038.jpg","type":"image\/jpeg"}],"author":"oliviere","twitter_card":"summary_large_image","twitter_misc":{"\u00c9crit par":"oliviere","Dur\u00e9e de lecture estim\u00e9e":"4 minutes"},"schema":{"@context":"https:\/\/schema.org","@graph":[{"@type":"Article","@id":"https:\/\/fr.motocrossmag.be\/index.php\/2019\/08\/12-heures-de-la-chinelle-les-pilotes-engages-2\/#article","isPartOf":{"@id":"https:\/\/fr.motocrossmag.be\/index.php\/2019\/08\/12-heures-de-la-chinelle-les-pilotes-engages-2\/"},"author":{"name":"oliviere","@id":"https:\/\/fr.motocrossmag.be\/#\/schema\/person\/11b47143d9f755babca2c9110e03235c"},"headline":"12 Heures de la Chinelle : les pilotes engag\u00e9s","datePublished":"2019-08-01T08:28:44+00:00","dateModified":"2019-08-01T08:29:54+00:00","mainEntityOfPage":{"@id":"https:\/\/fr.motocrossmag.be\/index.php\/2019\/08\/12-heures-de-la-chinelle-les-pilotes-engages-2\/"},"wordCount":744,"commentCount":0,"image":{"@id":"https:\/\/fr.motocrossmag.be\/index.php\/2019\/08\/12-heures-de-la-chinelle-les-pilotes-engages-2\/#primaryimage"},"thumbnailUrl":"https:\/\/fr.motocrossmag.be\/wp-content\/uploads\/2018\/08\/La-Chinelle-038.jpg","keywords":["BEX","Enduro"],"articleSection":["Actualit\u00e9","Enduro","FMB","La Chinelle","News","News","Slideshow"],"inLanguage":"fr-FR","potentialAction":[{"@type":"CommentAction","name":"Comment","target":["https:\/\/fr.motocrossmag.be\/index.php\/2019\/08\/12-heures-de-la-chinelle-les-pilotes-engages-2\/#respond"]}]},{"@type":"WebPage","@id":"https:\/\/fr.motocrossmag.be\/index.php\/2019\/08\/12-heures-de-la-chinelle-les-pilotes-engages-2\/","url":"https:\/\/fr.motocrossmag.be\/index.php\/2019\/08\/12-heures-de-la-chinelle-les-pilotes-engages-2\/","name":"12 Heures de la Chinelle : les pilotes engag\u00e9s - Motocross - Enduro - Supermoto | MotocrossMag","isPartOf":{"@id":"https:\/\/fr.motocrossmag.be\/#website"},"primaryImageOfPage":{"@id":"https:\/\/fr.motocrossmag.be\/index.php\/2019\/08\/12-heures-de-la-chinelle-les-pilotes-engages-2\/#primaryimage"},"image":{"@id":"https:\/\/fr.motocrossmag.be\/index.php\/2019\/08\/12-heures-de-la-chinelle-les-pilotes-engages-2\/#primaryimage"},"thumbnailUrl":"https:\/\/fr.motocrossmag.be\/wp-content\/uploads\/2018\/08\/La-Chinelle-038.jpg","datePublished":"2019-08-01T08:28:44+00:00","dateModified":"2019-08-01T08:29:54+00:00","author":{"@id":"https:\/\/fr.motocrossmag.be\/#\/schema\/person\/11b47143d9f755babca2c9110e03235c"},"breadcrumb":{"@id":"https:\/\/fr.motocrossmag.be\/index.php\/2019\/08\/12-heures-de-la-chinelle-les-pilotes-engages-2\/#breadcrumb"},"inLanguage":"fr-FR","potentialAction":[{"@type":"ReadAction","target":["https:\/\/fr.motocrossmag.be\/index.php\/2019\/08\/12-heures-de-la-chinelle-les-pilotes-engages-2\/"]}]},{"@type":"ImageObject","inLanguage":"fr-FR","@id":"https:\/\/fr.motocrossmag.be\/index.php\/2019\/08\/12-heures-de-la-chinelle-les-pilotes-engages-2\/#primaryimage","url":"https:\/\/fr.motocrossmag.be\/wp-content\/uploads\/2018\/08\/La-Chinelle-038.jpg","contentUrl":"https:\/\/fr.motocrossmag.be\/wp-content\/uploads\/2018\/08\/La-Chinelle-038.jpg","width":850,"height":566},{"@type":"BreadcrumbList","@id":"https:\/\/fr.motocrossmag.be\/index.php\/2019\/08\/12-heures-de-la-chinelle-les-pilotes-engages-2\/#breadcrumb","itemListElement":[{"@type":"ListItem","position":1,"name":"Accueil","item":"https:\/\/fr.motocrossmag.be\/"},{"@type":"ListItem","position":2,"name":"12 Heures de la Chinelle : les pilotes engag\u00e9s"}]},{"@type":"WebSite","@id":"https:\/\/fr.motocrossmag.be\/#website","url":"https:\/\/fr.motocrossmag.be\/","name":"Motocross - Enduro - Supermoto | MotocrossMag","description":"L&#039;actualit\u00e9 du motocross, de l&#039;enduro et du Supermoto en ligne!","potentialAction":[{"@type":"SearchAction","target":{"@type":"EntryPoint","urlTemplate":"https:\/\/fr.motocrossmag.be\/?s={search_term_string}"},"query-input":{"@type":"PropertyValueSpecification","valueRequired":true,"valueName":"search_term_string"}}],"inLanguage":"fr-FR"},{"@type":"Person","@id":"https:\/\/fr.motocrossmag.be\/#\/schema\/person\/11b47143d9f755babca2c9110e03235c","name":"oliviere","image":{"@type":"ImageObject","inLanguage":"fr-FR","@id":"https:\/\/secure.gravatar.com\/avatar\/907069e0b81d119452040469e4a7501da1100f54f7f80180ce77bfab718288f6?s=96&d=mm&r=g","url":"https:\/\/secure.gravatar.com\/avatar\/907069e0b81d119452040469e4a7501da1100f54f7f80180ce77bfab718288f6?s=96&d=mm&r=g","contentUrl":"https:\/\/secure.gravatar.com\/avatar\/907069e0b81d119452040469e4a7501da1100f54f7f80180ce77bfab718288f6?s=96&d=mm&r=g","caption":"oliviere"},"sameAs":["http:\/\/www.motocrossmag.be"],"url":"https:\/\/fr.motocrossmag.be\/index.php\/author\/oliviere\/"}]}},"_links":{"self":[{"href":"https:\/\/fr.motocrossmag.be\/index.php\/wp-json\/wp\/v2\/posts\/92903","targetHints":{"allow":["GET"]}}],"collection":[{"href":"https:\/\/fr.motocrossmag.be\/index.php\/wp-json\/wp\/v2\/posts"}],"about":[{"href":"https:\/\/fr.motocrossmag.be\/index.php\/wp-json\/wp\/v2\/types\/post"}],"author":[{"embeddable":true,"href":"https:\/\/fr.motocrossmag.be\/index.php\/wp-json\/wp\/v2\/users\/932"}],"replies":[{"embeddable":true,"href":"https:\/\/fr.motocrossmag.be\/index.php\/wp-json\/wp\/v2\/comments?post=92903"}],"version-history":[{"count":0,"href":"https:\/\/fr.motocrossmag.be\/index.php\/wp-json\/wp\/v2\/posts\/92903\/revisions"}],"wp:featuredmedia":[{"embeddable":true,"href":"https:\/\/fr.motocrossmag.be\/index.php\/wp-json\/wp\/v2\/media\/77976"}],"wp:attachment":[{"href":"https:\/\/fr.motocrossmag.be\/index.php\/wp-json\/wp\/v2\/media?parent=92903"}],"wp:term":[{"taxonomy":"category","embeddable":true,"href":"https:\/\/fr.motocrossmag.be\/index.php\/wp-json\/wp\/v2\/categories?post=92903"},{"taxonomy":"post_tag","embeddable":true,"href":"https:\/\/fr.motocrossmag.be\/index.php\/wp-json\/wp\/v2\/tags?post=92903"}],"curies":[{"name":"wp","href":"https:\/\/api.w.org\/{rel}","templated":true}]}}