{"id":92937,"date":"2019-08-09T11:40:44","date_gmt":"2019-08-09T09:40:44","guid":{"rendered":"https:\/\/fr.motocrossmag.be\/?p=92937"},"modified":"2019-08-09T11:40:44","modified_gmt":"2019-08-09T09:40:44","slug":"pour-son-40eme-anniversaire-la-chinelle-se-met-sur-son-31","status":"publish","type":"post","link":"https:\/\/fr.motocrossmag.be\/index.php\/2019\/08\/pour-son-40eme-anniversaire-la-chinelle-se-met-sur-son-31\/","title":{"rendered":"Pour son 40\u00e8me anniversaire, la Chinelle se met sur son 31"},"content":{"rendered":"<p><strong>Les 12 Heures de la Chinelle f\u00eatent ce week-end leur 40\u00e8me anniversaire. Une \u00e9dition pour laquelle les organisateurs ont tenu \u00e0 mettre les petits plats dans les grands. Ces 9, 10 et 11 ao\u00fbt, l&rsquo;\u00e9preuve n\u00e9e en 1980 de l&rsquo;imagination de Jo\u00ebl Robert se voudra encore plus festive qu&rsquo;\u00e0 l&rsquo;accoutum\u00e9e. Et en profitera pour faire un pas vers davantage de professionnalisme.<\/strong><\/p>\n<p>Si vous vous \u00eates d\u00e9j\u00e0 rendu \u00e0 Franchimont, vous le savez : la Chinelle, c&rsquo;est bien plus qu\u2019une course de moto. C&rsquo;est aussi une grande f\u00eate populaire o\u00f9, en marge de la mythique \u00e9preuve d&rsquo;endurance, se bousculent les animations en bord de piste. Un concert des Bervely Pils, une soir\u00e9e Dj , des animations Red Bull, un circuit de mini quad pour les enfants, des bapt\u00eames de l&rsquo;air en h\u00e9licopt\u00e8re,&#8230; sont encore une fois au menu cette ann\u00e9e.<\/p>\n<p>Pour la 40\u00e8me \u00e9dition, l&rsquo;organisateur Eventsee a d\u00e9cid\u00e9 d&rsquo;en faire encore plus.\u00a0 Dans le prolongement du traditionnel coup de fusil tir\u00e9 \u00e0 minuit par le Bourgemestre de Philippeville Mr Andr\u00e9 De Martin et donnant le d\u00e9part des 12 Heures, le public aura droit \u00e0 un magnifique feu d\u2019artifice. Pour mettre en avant la riche histoire sportive de l&rsquo;\u00e9preuve et les hommes qui l&rsquo;ont \u00e9crite, les anciens vainqueurs seront mis \u00e0 l&rsquo;honneur samedi soir et une exposition de veille photos de La Chinelle depuis sa cr\u00e9ation jusqu\u2019\u00e0 aujourd&rsquo;hui sera organis\u00e9e sous le chapiteau VIP.<\/p>\n<blockquote><p>\u00ab\u00a0La Chinelle doit garder son esprit festif\u00a0\u00bb<\/p><\/blockquote>\n<p>Pour aller plus loin dans le professionnalisme, Eventsee a aussi tenu a embellir la fameuse all\u00e9e des stands install\u00e9e sur l&rsquo;esplanade de d\u00e9part. Elle a donc propos\u00e9 \u00e0 tous les \u00e9quipages une formule \u00ab\u00a0cl\u00e9 sur porte\u00a0\u00bb avec des stands tout \u00e9quip\u00e9s. \u00ab\u00a0Nous voulions changer la formule pour garantir une une homog\u00e9n\u00e9it\u00e9 dans les stands et ainsi embellir le site\u00a0\u00bb, explique David Rossomme. \u00ab\u00a0Cela a fait d\u00e9bat aupr\u00e8s de certains habitu\u00e9s de l&rsquo;\u00e9preuve mais nous voulons investir dans le futur de l&rsquo;\u00e9preuve afin de pouvoir la p\u00e9renniser. Notre but n&rsquo;est certainement pas de fermer la porte aux amateurs, bien au contraire. La Chinelle doit garder son esprit festif. De notre c\u00f4t\u00e9, nous devons trouver des solutions pour faire face \u00e0 l&rsquo;explosion des co\u00fbts sur l&rsquo;organisation d&rsquo;un \u00e9v\u00e9nement de cette ampleur.\u00a0\u00bb<\/p>\n<p>La Chinelle d\u00e9bute d\u00e8s ce vendredi apr\u00e8s-midi avec la pr\u00e9sentation des \u00e9quipages et la parade vers Franchimont depuis la place de Philippeville : <a href=\"https:\/\/fr.motocrossmag.be\/index.php\/2019\/08\/12-heures-de-la-chinelle-le-programme-du-week-end\/\" target=\"_blank\" rel=\"noopener\">voir le programme complet du week-end<\/a>.<\/p>\n<p>&nbsp;<\/p>\n<p>Texte et photos : Nicolas Martin<\/p>\n<div id=\"ConnectiveDocSignExtentionInstalled\" data-extension-version=\"1.0.4\"><\/div>\n","protected":false},"excerpt":{"rendered":"<p>Les 12 Heures de la Chinelle f\u00eatent ce week-end leur 40\u00e8me anniversaire. Une \u00e9dition pour laquelle les organisateurs ont tenu \u00e0 mettre les petits plats dans les grands. Ces 9, [&#8230;]<\/p>\n","protected":false},"author":932,"featured_media":77994,"comment_status":"open","ping_status":"closed","sticky":false,"template":"","format":"standard","meta":{"footnotes":""},"categories":[54,32,35,73,33,55,65],"tags":[1167,427,951],"class_list":["post-92937","post","type-post","status-publish","format-standard","has-post-thumbnail","hentry","category-actualite","category-enduro","category-fmb-enduro","category-chinelle","category-news-enduro","category-news-actualite","category-slideshow","tag-bex","tag-endurance","tag-enduro"],"yoast_head":"<!-- This site is optimized with the Yoast SEO plugin v27.4 - https:\/\/yoast.com\/product\/yoast-seo-wordpress\/ -->\n<title>Pour son 40\u00e8me anniversaire, la Chinelle se met sur son 31 - Motocross - Enduro - Supermoto | MotocrossMag<\/title>\n<meta name=\"robots\" content=\"index, follow, max-snippet:-1, max-image-preview:large, max-video-preview:-1\" \/>\n<link rel=\"canonical\" href=\"https:\/\/fr.motocrossmag.be\/index.php\/2019\/08\/pour-son-40eme-anniversaire-la-chinelle-se-met-sur-son-31\/\" \/>\n<meta property=\"og:locale\" content=\"fr_FR\" \/>\n<meta property=\"og:type\" content=\"article\" \/>\n<meta property=\"og:title\" content=\"Pour son 40\u00e8me anniversaire, la Chinelle se met sur son 31 - Motocross - Enduro - Supermoto | MotocrossMag\" \/>\n<meta property=\"og:description\" content=\"Les 12 Heures de la Chinelle f\u00eatent ce week-end leur 40\u00e8me anniversaire. Une \u00e9dition pour laquelle les organisateurs ont tenu \u00e0 mettre les petits plats dans les grands. Ces 9, [...]\" \/>\n<meta property=\"og:url\" content=\"https:\/\/fr.motocrossmag.be\/index.php\/2019\/08\/pour-son-40eme-anniversaire-la-chinelle-se-met-sur-son-31\/\" \/>\n<meta property=\"og:site_name\" content=\"Motocross - Enduro - Supermoto | MotocrossMag\" \/>\n<meta property=\"article:published_time\" content=\"2019-08-09T09:40:44+00:00\" \/>\n<meta property=\"og:image\" content=\"https:\/\/fr.motocrossmag.be\/wp-content\/uploads\/2018\/08\/La-Chinelle-056.jpg\" \/>\n\t<meta property=\"og:image:width\" content=\"850\" \/>\n\t<meta property=\"og:image:height\" content=\"566\" \/>\n\t<meta property=\"og:image:type\" content=\"image\/jpeg\" \/>\n<meta name=\"author\" content=\"oliviere\" \/>\n<meta name=\"twitter:card\" content=\"summary_large_image\" \/>\n<meta name=\"twitter:label1\" content=\"\u00c9crit par\" \/>\n\t<meta name=\"twitter:data1\" content=\"oliviere\" \/>\n\t<meta name=\"twitter:label2\" content=\"Dur\u00e9e de lecture estim\u00e9e\" \/>\n\t<meta name=\"twitter:data2\" content=\"2 minutes\" \/>\n<script type=\"application\/ld+json\" class=\"yoast-schema-graph\">{\"@context\":\"https:\\\/\\\/schema.org\",\"@graph\":[{\"@type\":\"Article\",\"@id\":\"https:\\\/\\\/fr.motocrossmag.be\\\/index.php\\\/2019\\\/08\\\/pour-son-40eme-anniversaire-la-chinelle-se-met-sur-son-31\\\/#article\",\"isPartOf\":{\"@id\":\"https:\\\/\\\/fr.motocrossmag.be\\\/index.php\\\/2019\\\/08\\\/pour-son-40eme-anniversaire-la-chinelle-se-met-sur-son-31\\\/\"},\"author\":{\"name\":\"oliviere\",\"@id\":\"https:\\\/\\\/fr.motocrossmag.be\\\/#\\\/schema\\\/person\\\/11b47143d9f755babca2c9110e03235c\"},\"headline\":\"Pour son 40\u00e8me anniversaire, la Chinelle se met sur son 31\",\"datePublished\":\"2019-08-09T09:40:44+00:00\",\"mainEntityOfPage\":{\"@id\":\"https:\\\/\\\/fr.motocrossmag.be\\\/index.php\\\/2019\\\/08\\\/pour-son-40eme-anniversaire-la-chinelle-se-met-sur-son-31\\\/\"},\"wordCount\":452,\"commentCount\":0,\"image\":{\"@id\":\"https:\\\/\\\/fr.motocrossmag.be\\\/index.php\\\/2019\\\/08\\\/pour-son-40eme-anniversaire-la-chinelle-se-met-sur-son-31\\\/#primaryimage\"},\"thumbnailUrl\":\"https:\\\/\\\/fr.motocrossmag.be\\\/wp-content\\\/uploads\\\/2018\\\/08\\\/La-Chinelle-056.jpg\",\"keywords\":[\"BEX\",\"endurance\",\"Enduro\"],\"articleSection\":[\"Actualit\u00e9\",\"Enduro\",\"FMB\",\"La Chinelle\",\"News\",\"News\",\"Slideshow\"],\"inLanguage\":\"fr-FR\",\"potentialAction\":[{\"@type\":\"CommentAction\",\"name\":\"Comment\",\"target\":[\"https:\\\/\\\/fr.motocrossmag.be\\\/index.php\\\/2019\\\/08\\\/pour-son-40eme-anniversaire-la-chinelle-se-met-sur-son-31\\\/#respond\"]}]},{\"@type\":\"WebPage\",\"@id\":\"https:\\\/\\\/fr.motocrossmag.be\\\/index.php\\\/2019\\\/08\\\/pour-son-40eme-anniversaire-la-chinelle-se-met-sur-son-31\\\/\",\"url\":\"https:\\\/\\\/fr.motocrossmag.be\\\/index.php\\\/2019\\\/08\\\/pour-son-40eme-anniversaire-la-chinelle-se-met-sur-son-31\\\/\",\"name\":\"Pour son 40\u00e8me anniversaire, la Chinelle se met sur son 31 - Motocross - Enduro - Supermoto | MotocrossMag\",\"isPartOf\":{\"@id\":\"https:\\\/\\\/fr.motocrossmag.be\\\/#website\"},\"primaryImageOfPage\":{\"@id\":\"https:\\\/\\\/fr.motocrossmag.be\\\/index.php\\\/2019\\\/08\\\/pour-son-40eme-anniversaire-la-chinelle-se-met-sur-son-31\\\/#primaryimage\"},\"image\":{\"@id\":\"https:\\\/\\\/fr.motocrossmag.be\\\/index.php\\\/2019\\\/08\\\/pour-son-40eme-anniversaire-la-chinelle-se-met-sur-son-31\\\/#primaryimage\"},\"thumbnailUrl\":\"https:\\\/\\\/fr.motocrossmag.be\\\/wp-content\\\/uploads\\\/2018\\\/08\\\/La-Chinelle-056.jpg\",\"datePublished\":\"2019-08-09T09:40:44+00:00\",\"author\":{\"@id\":\"https:\\\/\\\/fr.motocrossmag.be\\\/#\\\/schema\\\/person\\\/11b47143d9f755babca2c9110e03235c\"},\"breadcrumb\":{\"@id\":\"https:\\\/\\\/fr.motocrossmag.be\\\/index.php\\\/2019\\\/08\\\/pour-son-40eme-anniversaire-la-chinelle-se-met-sur-son-31\\\/#breadcrumb\"},\"inLanguage\":\"fr-FR\",\"potentialAction\":[{\"@type\":\"ReadAction\",\"target\":[\"https:\\\/\\\/fr.motocrossmag.be\\\/index.php\\\/2019\\\/08\\\/pour-son-40eme-anniversaire-la-chinelle-se-met-sur-son-31\\\/\"]}]},{\"@type\":\"ImageObject\",\"inLanguage\":\"fr-FR\",\"@id\":\"https:\\\/\\\/fr.motocrossmag.be\\\/index.php\\\/2019\\\/08\\\/pour-son-40eme-anniversaire-la-chinelle-se-met-sur-son-31\\\/#primaryimage\",\"url\":\"https:\\\/\\\/fr.motocrossmag.be\\\/wp-content\\\/uploads\\\/2018\\\/08\\\/La-Chinelle-056.jpg\",\"contentUrl\":\"https:\\\/\\\/fr.motocrossmag.be\\\/wp-content\\\/uploads\\\/2018\\\/08\\\/La-Chinelle-056.jpg\",\"width\":850,\"height\":566},{\"@type\":\"BreadcrumbList\",\"@id\":\"https:\\\/\\\/fr.motocrossmag.be\\\/index.php\\\/2019\\\/08\\\/pour-son-40eme-anniversaire-la-chinelle-se-met-sur-son-31\\\/#breadcrumb\",\"itemListElement\":[{\"@type\":\"ListItem\",\"position\":1,\"name\":\"Accueil\",\"item\":\"https:\\\/\\\/fr.motocrossmag.be\\\/\"},{\"@type\":\"ListItem\",\"position\":2,\"name\":\"Pour son 40\u00e8me anniversaire, la Chinelle se met sur son 31\"}]},{\"@type\":\"WebSite\",\"@id\":\"https:\\\/\\\/fr.motocrossmag.be\\\/#website\",\"url\":\"https:\\\/\\\/fr.motocrossmag.be\\\/\",\"name\":\"Motocross - Enduro - Supermoto | MotocrossMag\",\"description\":\"L&#039;actualit\u00e9 du motocross, de l&#039;enduro et du Supermoto en ligne!\",\"potentialAction\":[{\"@type\":\"SearchAction\",\"target\":{\"@type\":\"EntryPoint\",\"urlTemplate\":\"https:\\\/\\\/fr.motocrossmag.be\\\/?s={search_term_string}\"},\"query-input\":{\"@type\":\"PropertyValueSpecification\",\"valueRequired\":true,\"valueName\":\"search_term_string\"}}],\"inLanguage\":\"fr-FR\"},{\"@type\":\"Person\",\"@id\":\"https:\\\/\\\/fr.motocrossmag.be\\\/#\\\/schema\\\/person\\\/11b47143d9f755babca2c9110e03235c\",\"name\":\"oliviere\",\"image\":{\"@type\":\"ImageObject\",\"inLanguage\":\"fr-FR\",\"@id\":\"https:\\\/\\\/secure.gravatar.com\\\/avatar\\\/907069e0b81d119452040469e4a7501da1100f54f7f80180ce77bfab718288f6?s=96&d=mm&r=g\",\"url\":\"https:\\\/\\\/secure.gravatar.com\\\/avatar\\\/907069e0b81d119452040469e4a7501da1100f54f7f80180ce77bfab718288f6?s=96&d=mm&r=g\",\"contentUrl\":\"https:\\\/\\\/secure.gravatar.com\\\/avatar\\\/907069e0b81d119452040469e4a7501da1100f54f7f80180ce77bfab718288f6?s=96&d=mm&r=g\",\"caption\":\"oliviere\"},\"sameAs\":[\"http:\\\/\\\/www.motocrossmag.be\"],\"url\":\"https:\\\/\\\/fr.motocrossmag.be\\\/index.php\\\/author\\\/oliviere\\\/\"}]}<\/script>\n<!-- \/ Yoast SEO plugin. -->","yoast_head_json":{"title":"Pour son 40\u00e8me anniversaire, la Chinelle se met sur son 31 - Motocross - Enduro - Supermoto | MotocrossMag","robots":{"index":"index","follow":"follow","max-snippet":"max-snippet:-1","max-image-preview":"max-image-preview:large","max-video-preview":"max-video-preview:-1"},"canonical":"https:\/\/fr.motocrossmag.be\/index.php\/2019\/08\/pour-son-40eme-anniversaire-la-chinelle-se-met-sur-son-31\/","og_locale":"fr_FR","og_type":"article","og_title":"Pour son 40\u00e8me anniversaire, la Chinelle se met sur son 31 - Motocross - Enduro - Supermoto | MotocrossMag","og_description":"Les 12 Heures de la Chinelle f\u00eatent ce week-end leur 40\u00e8me anniversaire. Une \u00e9dition pour laquelle les organisateurs ont tenu \u00e0 mettre les petits plats dans les grands. Ces 9, [...]","og_url":"https:\/\/fr.motocrossmag.be\/index.php\/2019\/08\/pour-son-40eme-anniversaire-la-chinelle-se-met-sur-son-31\/","og_site_name":"Motocross - Enduro - Supermoto | MotocrossMag","article_published_time":"2019-08-09T09:40:44+00:00","og_image":[{"width":850,"height":566,"url":"https:\/\/fr.motocrossmag.be\/wp-content\/uploads\/2018\/08\/La-Chinelle-056.jpg","type":"image\/jpeg"}],"author":"oliviere","twitter_card":"summary_large_image","twitter_misc":{"\u00c9crit par":"oliviere","Dur\u00e9e de lecture estim\u00e9e":"2 minutes"},"schema":{"@context":"https:\/\/schema.org","@graph":[{"@type":"Article","@id":"https:\/\/fr.motocrossmag.be\/index.php\/2019\/08\/pour-son-40eme-anniversaire-la-chinelle-se-met-sur-son-31\/#article","isPartOf":{"@id":"https:\/\/fr.motocrossmag.be\/index.php\/2019\/08\/pour-son-40eme-anniversaire-la-chinelle-se-met-sur-son-31\/"},"author":{"name":"oliviere","@id":"https:\/\/fr.motocrossmag.be\/#\/schema\/person\/11b47143d9f755babca2c9110e03235c"},"headline":"Pour son 40\u00e8me anniversaire, la Chinelle se met sur son 31","datePublished":"2019-08-09T09:40:44+00:00","mainEntityOfPage":{"@id":"https:\/\/fr.motocrossmag.be\/index.php\/2019\/08\/pour-son-40eme-anniversaire-la-chinelle-se-met-sur-son-31\/"},"wordCount":452,"commentCount":0,"image":{"@id":"https:\/\/fr.motocrossmag.be\/index.php\/2019\/08\/pour-son-40eme-anniversaire-la-chinelle-se-met-sur-son-31\/#primaryimage"},"thumbnailUrl":"https:\/\/fr.motocrossmag.be\/wp-content\/uploads\/2018\/08\/La-Chinelle-056.jpg","keywords":["BEX","endurance","Enduro"],"articleSection":["Actualit\u00e9","Enduro","FMB","La Chinelle","News","News","Slideshow"],"inLanguage":"fr-FR","potentialAction":[{"@type":"CommentAction","name":"Comment","target":["https:\/\/fr.motocrossmag.be\/index.php\/2019\/08\/pour-son-40eme-anniversaire-la-chinelle-se-met-sur-son-31\/#respond"]}]},{"@type":"WebPage","@id":"https:\/\/fr.motocrossmag.be\/index.php\/2019\/08\/pour-son-40eme-anniversaire-la-chinelle-se-met-sur-son-31\/","url":"https:\/\/fr.motocrossmag.be\/index.php\/2019\/08\/pour-son-40eme-anniversaire-la-chinelle-se-met-sur-son-31\/","name":"Pour son 40\u00e8me anniversaire, la Chinelle se met sur son 31 - Motocross - Enduro - Supermoto | MotocrossMag","isPartOf":{"@id":"https:\/\/fr.motocrossmag.be\/#website"},"primaryImageOfPage":{"@id":"https:\/\/fr.motocrossmag.be\/index.php\/2019\/08\/pour-son-40eme-anniversaire-la-chinelle-se-met-sur-son-31\/#primaryimage"},"image":{"@id":"https:\/\/fr.motocrossmag.be\/index.php\/2019\/08\/pour-son-40eme-anniversaire-la-chinelle-se-met-sur-son-31\/#primaryimage"},"thumbnailUrl":"https:\/\/fr.motocrossmag.be\/wp-content\/uploads\/2018\/08\/La-Chinelle-056.jpg","datePublished":"2019-08-09T09:40:44+00:00","author":{"@id":"https:\/\/fr.motocrossmag.be\/#\/schema\/person\/11b47143d9f755babca2c9110e03235c"},"breadcrumb":{"@id":"https:\/\/fr.motocrossmag.be\/index.php\/2019\/08\/pour-son-40eme-anniversaire-la-chinelle-se-met-sur-son-31\/#breadcrumb"},"inLanguage":"fr-FR","potentialAction":[{"@type":"ReadAction","target":["https:\/\/fr.motocrossmag.be\/index.php\/2019\/08\/pour-son-40eme-anniversaire-la-chinelle-se-met-sur-son-31\/"]}]},{"@type":"ImageObject","inLanguage":"fr-FR","@id":"https:\/\/fr.motocrossmag.be\/index.php\/2019\/08\/pour-son-40eme-anniversaire-la-chinelle-se-met-sur-son-31\/#primaryimage","url":"https:\/\/fr.motocrossmag.be\/wp-content\/uploads\/2018\/08\/La-Chinelle-056.jpg","contentUrl":"https:\/\/fr.motocrossmag.be\/wp-content\/uploads\/2018\/08\/La-Chinelle-056.jpg","width":850,"height":566},{"@type":"BreadcrumbList","@id":"https:\/\/fr.motocrossmag.be\/index.php\/2019\/08\/pour-son-40eme-anniversaire-la-chinelle-se-met-sur-son-31\/#breadcrumb","itemListElement":[{"@type":"ListItem","position":1,"name":"Accueil","item":"https:\/\/fr.motocrossmag.be\/"},{"@type":"ListItem","position":2,"name":"Pour son 40\u00e8me anniversaire, la Chinelle se met sur son 31"}]},{"@type":"WebSite","@id":"https:\/\/fr.motocrossmag.be\/#website","url":"https:\/\/fr.motocrossmag.be\/","name":"Motocross - Enduro - Supermoto | MotocrossMag","description":"L&#039;actualit\u00e9 du motocross, de l&#039;enduro et du Supermoto en ligne!","potentialAction":[{"@type":"SearchAction","target":{"@type":"EntryPoint","urlTemplate":"https:\/\/fr.motocrossmag.be\/?s={search_term_string}"},"query-input":{"@type":"PropertyValueSpecification","valueRequired":true,"valueName":"search_term_string"}}],"inLanguage":"fr-FR"},{"@type":"Person","@id":"https:\/\/fr.motocrossmag.be\/#\/schema\/person\/11b47143d9f755babca2c9110e03235c","name":"oliviere","image":{"@type":"ImageObject","inLanguage":"fr-FR","@id":"https:\/\/secure.gravatar.com\/avatar\/907069e0b81d119452040469e4a7501da1100f54f7f80180ce77bfab718288f6?s=96&d=mm&r=g","url":"https:\/\/secure.gravatar.com\/avatar\/907069e0b81d119452040469e4a7501da1100f54f7f80180ce77bfab718288f6?s=96&d=mm&r=g","contentUrl":"https:\/\/secure.gravatar.com\/avatar\/907069e0b81d119452040469e4a7501da1100f54f7f80180ce77bfab718288f6?s=96&d=mm&r=g","caption":"oliviere"},"sameAs":["http:\/\/www.motocrossmag.be"],"url":"https:\/\/fr.motocrossmag.be\/index.php\/author\/oliviere\/"}]}},"_links":{"self":[{"href":"https:\/\/fr.motocrossmag.be\/index.php\/wp-json\/wp\/v2\/posts\/92937","targetHints":{"allow":["GET"]}}],"collection":[{"href":"https:\/\/fr.motocrossmag.be\/index.php\/wp-json\/wp\/v2\/posts"}],"about":[{"href":"https:\/\/fr.motocrossmag.be\/index.php\/wp-json\/wp\/v2\/types\/post"}],"author":[{"embeddable":true,"href":"https:\/\/fr.motocrossmag.be\/index.php\/wp-json\/wp\/v2\/users\/932"}],"replies":[{"embeddable":true,"href":"https:\/\/fr.motocrossmag.be\/index.php\/wp-json\/wp\/v2\/comments?post=92937"}],"version-history":[{"count":0,"href":"https:\/\/fr.motocrossmag.be\/index.php\/wp-json\/wp\/v2\/posts\/92937\/revisions"}],"wp:featuredmedia":[{"embeddable":true,"href":"https:\/\/fr.motocrossmag.be\/index.php\/wp-json\/wp\/v2\/media\/77994"}],"wp:attachment":[{"href":"https:\/\/fr.motocrossmag.be\/index.php\/wp-json\/wp\/v2\/media?parent=92937"}],"wp:term":[{"taxonomy":"category","embeddable":true,"href":"https:\/\/fr.motocrossmag.be\/index.php\/wp-json\/wp\/v2\/categories?post=92937"},{"taxonomy":"post_tag","embeddable":true,"href":"https:\/\/fr.motocrossmag.be\/index.php\/wp-json\/wp\/v2\/tags?post=92937"}],"curies":[{"name":"wp","href":"https:\/\/api.w.org\/{rel}","templated":true}]}}