{"id":92938,"date":"2019-08-07T15:20:42","date_gmt":"2019-08-07T13:20:42","guid":{"rendered":"https:\/\/fr.motocrossmag.be\/?p=92938"},"modified":"2019-08-07T15:22:56","modified_gmt":"2019-08-07T13:22:56","slug":"jeremie-fraselle-bouclera-seul-le-40eme-tour-dhorloge-des-12-heures-de-la-chinelle","status":"publish","type":"post","link":"https:\/\/fr.motocrossmag.be\/index.php\/2019\/08\/jeremie-fraselle-bouclera-seul-le-40eme-tour-dhorloge-des-12-heures-de-la-chinelle\/","title":{"rendered":"J\u00e9r\u00e9mie Fraselle bouclera seul le 40\u00e8me tour d&rsquo;horloge des 12 Heures de la Chinelle"},"content":{"rendered":"<p><strong>Une course d&rsquo;\u00e9quipe, les 12 Heures de la Chinelle ? Oui. Mais pour J\u00e9r\u00e9mie Fraselle, il s&rsquo;agira surtout de compter sur le soutien de son \u00e9quipe depuis les stands. Cette bande de copains qui seront l\u00e0 ces 10 et 11 ao\u00fbt \u00e0 Franchimont pour l&rsquo;aider \u00e0 relever le d\u00e9fi fou qu&rsquo;il s&rsquo;est lanc\u00e9 : boucler seul au guidon de sa KTM le tour d&rsquo;horloge de la 40\u00e8me \u00e9dition des 12 Heures de la Chinelle ! Derri\u00e8re la performance sportive, un but humanitaire : r\u00e9colter des fonds au profit du T\u00e9l\u00e9vie.<\/p>\n<p><\/strong><\/p>\n<p><img decoding=\"async\" class=\"lazyload alignnone size-medium wp-image-78658\" src=\"https:\/\/fr.motocrossmag.be\/wp-content\/uploads\/2018\/08\/chinelle-18-depart-1-650x433.jpg\" data-orig-src=\"https:\/\/fr.motocrossmag.be\/wp-content\/uploads\/2018\/08\/chinelle-18-depart-1-650x433.jpg\" alt=\"\" width=\"650\" height=\"433\" srcset=\"data:image\/svg+xml,%3Csvg%20xmlns%3D%27http%3A%2F%2Fwww.w3.org%2F2000%2Fsvg%27%20width%3D%27650%27%20height%3D%27433%27%20viewBox%3D%270%200%20650%20433%27%3E%3Crect%20width%3D%27650%27%20height%3D%27433%27%20fill-opacity%3D%220%22%2F%3E%3C%2Fsvg%3E\" data-srcset=\"https:\/\/fr.motocrossmag.be\/wp-content\/uploads\/2018\/08\/chinelle-18-depart-1-650x433.jpg 650w, https:\/\/fr.motocrossmag.be\/wp-content\/uploads\/2018\/08\/chinelle-18-depart-1-768x512.jpg 768w, https:\/\/fr.motocrossmag.be\/wp-content\/uploads\/2018\/08\/chinelle-18-depart-1-1024x683.jpg 1024w, https:\/\/fr.motocrossmag.be\/wp-content\/uploads\/2018\/08\/chinelle-18-depart-1.jpg 1200w\" data-sizes=\"auto\" data-orig-sizes=\"(max-width: 650px) 100vw, 650px\" \/><\/p>\n<p>Dans l&rsquo;aventure, J\u00e9r\u00e9mie a emmen\u00e9 avec lui ses amis passionn\u00e9s par le tout-terrain dont son beau-fr\u00e8re Mika\u00ebl Despontin. A ses c\u00f4t\u00e9s durant toutes les \u00e9tapes du projet, l&rsquo;ancien multiple champion de Belgique d&rsquo;enduro se tient pr\u00eat \u00e0 couvrir toute d\u00e9faillance de J\u00e9r\u00e9mie ce week-end. Si les deux hommes se sont investis avec tant d&rsquo;\u00e9nergie dans ce projet, c&rsquo;est qu&rsquo;ils avaient de bonnes raisons de le faire.<\/p>\n<blockquote><p>\u00ab\u00a0Nous voulons sensibiliser le monde de la moto au combat du T\u00e9l\u00e9vie contre la maladie\u00a0\u00bb<\/p><\/blockquote>\n<p>\u00ab\u00a0Nos p\u00e8res respectifs ont tous les deux \u00e9t\u00e9 touch\u00e9s par la maladie. Micka\u00ebl a perdu son p\u00e8re l&rsquo;an dernier et le mien se bat toujours aujourd&rsquo;hui\u00a0\u00bb, explique J\u00e9r\u00e9mie. \u00ab\u00a0Nous avons donc d\u00e9cid\u00e9 de profiter de la 40\u00e8me \u00e9dition de La Chinelle pour en faire quelque chose de sp\u00e9cial. Nous connaisons bien l&rsquo;\u00e9preuve puisque ce sera en ce qui me concerne ma 16\u00e8me participation. Nous l&rsquo;avons remport\u00e9e ensemble en 2011. Aussi, nous avons voulu profiter de la visibilit\u00e9 que nous offrent les 12 Heures pour sensibiliser le monde de la moto et nos contacts respectifs au combat du T\u00e9l\u00e9vie contre la maladie.\u00a0\u00bb<\/p>\n<p>&nbsp;<\/p>\n<p><img decoding=\"async\" class=\"lazyload alignnone size-medium wp-image-93380\" src=\"https:\/\/fr.motocrossmag.be\/wp-content\/uploads\/2019\/08\/20190719_195308-650x488.jpg\" data-orig-src=\"https:\/\/fr.motocrossmag.be\/wp-content\/uploads\/2019\/08\/20190719_195308-650x488.jpg\" alt=\"\" width=\"650\" height=\"488\" srcset=\"data:image\/svg+xml,%3Csvg%20xmlns%3D%27http%3A%2F%2Fwww.w3.org%2F2000%2Fsvg%27%20width%3D%27650%27%20height%3D%27488%27%20viewBox%3D%270%200%20650%20488%27%3E%3Crect%20width%3D%27650%27%20height%3D%27488%27%20fill-opacity%3D%220%22%2F%3E%3C%2Fsvg%3E\" data-srcset=\"https:\/\/fr.motocrossmag.be\/wp-content\/uploads\/2019\/08\/20190719_195308-650x488.jpg 650w, https:\/\/fr.motocrossmag.be\/wp-content\/uploads\/2019\/08\/20190719_195308-768x576.jpg 768w, https:\/\/fr.motocrossmag.be\/wp-content\/uploads\/2019\/08\/20190719_195308.jpg 1000w\" data-sizes=\"auto\" data-orig-sizes=\"(max-width: 650px) 100vw, 650px\" \/><\/p>\n<p>&nbsp;<\/p>\n<p>Et cela marche. L&rsquo;objectif initial de 20 000 Euro a d\u00e9j\u00e0 \u00e9t\u00e9 revu \u00e0 la hausse. \u00ab\u00a0Notre objectif initial \u00e9tait de r\u00e9colter un ch\u00e8que de 20 000\u20ac\u00a0\u00bb, poursuit le Gesvois. \u00ab\u00a0Mais nous y sommes d\u00e9j\u00e0 depuis plusieurs semaines gr\u00e2ce \u00e0 nos sponsors et surtour un don tr\u00e8s g\u00e9n\u00e9reux de quelque 10 000 Euro de la Table Ronde d\u2019Andenne. Alors, on met la barre encore un peu plus haut : on compte d\u00e9sormais pouvoir offrir un ch\u00e8que de 30 000 Euro au T\u00e9l\u00e9vie.\u00a0\u00bb<\/p>\n<p>Pour atteindre cette jolie somme, J\u00e9r\u00e9mie et Mika\u00ebl comptent aussi sur la g\u00e9n\u00e9rosit\u00e9 de tous leurs supporters et de la grande famille de la moto. \u00ab\u00a0Chaque don compte !\u00a0\u00bb, rappelle J\u00e9r\u00e9mie, \u00ab\u00a0le moindre Euro est important pour nous aider \u00e0 atteindre notre objectif.\u00a0\u00bb<\/p>\n<div style=\"color: #fff; background: #333; margin: 10px; padding: 8px;\"><strong>Faites un don d\u00e8s maintenant<\/strong> sur le compte du FNRS: <strong>BE44 0000 0001 4245<\/strong> (Communication: Fraselle J\u00e9r\u00e9mie \u2013 2020 \u2013 002)<\/div>\n<p>&nbsp;<\/p>\n<p>Rester seul au guidon 12 heures durant ne s&rsquo;improvise \u00e9videmment pas. M\u00eame lorsqu&rsquo;on est un sportif entra\u00een\u00e9 comme J\u00e9r\u00e9mie. \u00ab\u00a0Cela fait neuf mois que j&rsquo;ai entam\u00e9 ma pr\u00e9paration physique en vue de La Chinelle\u00a0\u00bb, confirme-t-il. \u00ab\u00a0Je travaille autant que je peux et j&rsquo;ai la chance d&rsquo;\u00eatre bien encadr\u00e9. Je multiplie aussi les sorties \u00e0 moto, notamment sur des \u00e9preuves d&rsquo;enduro o\u00f9 j&rsquo;ai repris une licence chez les Inters, et sur les \u00e9preuves d&rsquo;endurance. Je suis \u00e9galement jogger, j&rsquo;aime donc les efforts de longue haleine. Et c&rsquo;est ce type d&rsquo;effort que je voulais retrouver sur La Chinelle. Ces derni\u00e8res ann\u00e9es, avec l&rsquo;arriv\u00e9e sur l&rsquo;\u00e9preuve de nombreux crossmen de haut niveau, l&rsquo;endurance a sensiblement \u00e9volu\u00e9 vers un v\u00e9ritable sprint entrecoup\u00e9s de passages rapides par les stands. On a un peu perdu l&rsquo;esprit endurance.\u00a0 D&rsquo;o\u00f9 l&rsquo;id\u00e9e de rouler seul.\u00a0\u00bb<\/p>\n<p>&nbsp;<\/p>\n<div class=\"rgg-container\" data-rgg-id=\"1\">    <div class=\"rgg-imagegrid captions-title captions-effect-none \" data-rgg-id=\"1\">\n                    <a data-rel=\"iLightbox[postimages]\" data-title=\"20190719_184235\" data-caption=\"\" href=\"https:\/\/fr.motocrossmag.be\/wp-content\/uploads\/2019\/08\/20190719_184235.jpg\" data-rel=\"rgg\" rel=\"rgg\" title=\"\" class=\"rgg-disabled size-medium rgg-img\" data-src=\"https:\/\/fr.motocrossmag.be\/wp-content\/uploads\/2019\/08\/20190719_184235-650x488.jpg\" data-ratio=\"1.3319672131148\" data-height=\"488\" data-width=\"650\" aria-label=\"\">\n                            <\/a>\n                    <a data-rel=\"iLightbox[postimages]\" data-title=\"20190719_184305\" data-caption=\"\" href=\"https:\/\/fr.motocrossmag.be\/wp-content\/uploads\/2019\/08\/20190719_184305.jpg\" data-rel=\"rgg\" rel=\"rgg\" title=\"\" class=\"rgg-disabled size-medium rgg-img\" data-src=\"https:\/\/fr.motocrossmag.be\/wp-content\/uploads\/2019\/08\/20190719_184305-650x488.jpg\" data-ratio=\"1.3319672131148\" data-height=\"488\" data-width=\"650\" aria-label=\"\">\n                            <\/a>\n                    <a data-rel=\"iLightbox[postimages]\" data-title=\"20190719_184329\" data-caption=\"\" href=\"https:\/\/fr.motocrossmag.be\/wp-content\/uploads\/2019\/08\/20190719_184329.jpg\" data-rel=\"rgg\" rel=\"rgg\" title=\"\" class=\"rgg-disabled size-medium rgg-img\" data-src=\"https:\/\/fr.motocrossmag.be\/wp-content\/uploads\/2019\/08\/20190719_184329-650x488.jpg\" data-ratio=\"1.3319672131148\" data-height=\"488\" data-width=\"650\" aria-label=\"\">\n                            <\/a>\n            <\/div>\n<\/div>\n<p>&nbsp;<\/p>\n<p>\u00ab\u00a0Ce qui est tr\u00e8s motivant, c&rsquo;est que beaucoup de gens autour de moi se sont rapidement montr\u00e9s tr\u00e8s motiv\u00e9s par le projet\u00a0\u00bb, se r\u00e9jouit J\u00e9r\u00e9mie. \u00ab\u00a0Il y a bien s\u00fbr les amis qui ont aid\u00e9 \u00e0 la pr\u00e9paration de l&rsquo;\u00e9preuve et qui seront pr\u00e9sents dans les stands ce week-end mais il y a aussi tous les partenaires qui ont effectu\u00e9 des dons, les m\u00e9dias qui ont relay\u00e9 le projet, l&rsquo;organisateur Eventsee qui a voulu contribuer au projet et qui nous a notamment r\u00e9serv\u00e9 des dossards personnalis\u00e9s afin que le public puisse facilement m&rsquo;identifier.\u00a0\u00bb<\/p>\n<p>Si vous \u00eatez \u00e0 Franchimont ce week-end, suivez donc la KTM num\u00e9ro 41 ! On esp\u00e9re quoi qu&rsquo;il arrive la voir franchir la ligne d&rsquo;arriv\u00e9e de la 40\u00e8me Chinelle dimanche midi.<\/p>\n<p>Plus d&rsquo;infos : <a href=\"https:\/\/12hpoursauverlavie.be\/\" target=\"_blank\" rel=\"noopener\">www.12hpoursauverlavie.be<\/a><\/p>\n<div id=\"ConnectiveDocSignExtentionInstalled\" data-extension-version=\"1.0.4\"><\/div>\n","protected":false},"excerpt":{"rendered":"<p>Une course d&rsquo;\u00e9quipe, les 12 Heures de la Chinelle ? Oui. Mais pour J\u00e9r\u00e9mie Fraselle, il s&rsquo;agira surtout de compter sur le soutien de son \u00e9quipe depuis les stands. Cette [&#8230;]<\/p>\n","protected":false},"author":932,"featured_media":93378,"comment_status":"open","ping_status":"closed","sticky":false,"template":"","format":"standard","meta":{"footnotes":""},"categories":[54,32,73,55,65],"tags":[1167,951],"class_list":["post-92938","post","type-post","status-publish","format-standard","has-post-thumbnail","hentry","category-actualite","category-enduro","category-chinelle","category-news-actualite","category-slideshow","tag-bex","tag-enduro"],"yoast_head":"<!-- This site is optimized with the Yoast SEO plugin v27.4 - https:\/\/yoast.com\/product\/yoast-seo-wordpress\/ -->\n<title>J\u00e9r\u00e9mie Fraselle bouclera seul le 40\u00e8me tour d&#039;horloge des 12 Heures de la Chinelle - Motocross - Enduro - Supermoto | MotocrossMag<\/title>\n<meta name=\"robots\" content=\"index, follow, max-snippet:-1, max-image-preview:large, max-video-preview:-1\" \/>\n<link rel=\"canonical\" href=\"https:\/\/fr.motocrossmag.be\/index.php\/2019\/08\/jeremie-fraselle-bouclera-seul-le-40eme-tour-dhorloge-des-12-heures-de-la-chinelle\/\" \/>\n<meta property=\"og:locale\" content=\"fr_FR\" \/>\n<meta property=\"og:type\" content=\"article\" \/>\n<meta property=\"og:title\" content=\"J\u00e9r\u00e9mie Fraselle bouclera seul le 40\u00e8me tour d&#039;horloge des 12 Heures de la Chinelle - Motocross - Enduro - Supermoto | MotocrossMag\" \/>\n<meta property=\"og:description\" content=\"Une course d&rsquo;\u00e9quipe, les 12 Heures de la Chinelle ? Oui. Mais pour J\u00e9r\u00e9mie Fraselle, il s&rsquo;agira surtout de compter sur le soutien de son \u00e9quipe depuis les stands. Cette [...]\" \/>\n<meta property=\"og:url\" content=\"https:\/\/fr.motocrossmag.be\/index.php\/2019\/08\/jeremie-fraselle-bouclera-seul-le-40eme-tour-dhorloge-des-12-heures-de-la-chinelle\/\" \/>\n<meta property=\"og:site_name\" content=\"Motocross - Enduro - Supermoto | MotocrossMag\" \/>\n<meta property=\"article:published_time\" content=\"2019-08-07T13:20:42+00:00\" \/>\n<meta property=\"article:modified_time\" content=\"2019-08-07T13:22:56+00:00\" \/>\n<meta property=\"og:image\" content=\"https:\/\/fr.motocrossmag.be\/wp-content\/uploads\/2019\/08\/20190719_192225.jpg\" \/>\n\t<meta property=\"og:image:width\" content=\"1000\" \/>\n\t<meta property=\"og:image:height\" content=\"750\" \/>\n\t<meta property=\"og:image:type\" content=\"image\/jpeg\" \/>\n<meta name=\"author\" content=\"oliviere\" \/>\n<meta name=\"twitter:card\" content=\"summary_large_image\" \/>\n<meta name=\"twitter:label1\" content=\"\u00c9crit par\" \/>\n\t<meta name=\"twitter:data1\" content=\"oliviere\" \/>\n\t<meta name=\"twitter:label2\" content=\"Dur\u00e9e de lecture estim\u00e9e\" \/>\n\t<meta name=\"twitter:data2\" content=\"4 minutes\" \/>\n<script type=\"application\/ld+json\" class=\"yoast-schema-graph\">{\"@context\":\"https:\\\/\\\/schema.org\",\"@graph\":[{\"@type\":\"Article\",\"@id\":\"https:\\\/\\\/fr.motocrossmag.be\\\/index.php\\\/2019\\\/08\\\/jeremie-fraselle-bouclera-seul-le-40eme-tour-dhorloge-des-12-heures-de-la-chinelle\\\/#article\",\"isPartOf\":{\"@id\":\"https:\\\/\\\/fr.motocrossmag.be\\\/index.php\\\/2019\\\/08\\\/jeremie-fraselle-bouclera-seul-le-40eme-tour-dhorloge-des-12-heures-de-la-chinelle\\\/\"},\"author\":{\"name\":\"oliviere\",\"@id\":\"https:\\\/\\\/fr.motocrossmag.be\\\/#\\\/schema\\\/person\\\/11b47143d9f755babca2c9110e03235c\"},\"headline\":\"J\u00e9r\u00e9mie Fraselle bouclera seul le 40\u00e8me tour d&rsquo;horloge des 12 Heures de la Chinelle\",\"datePublished\":\"2019-08-07T13:20:42+00:00\",\"dateModified\":\"2019-08-07T13:22:56+00:00\",\"mainEntityOfPage\":{\"@id\":\"https:\\\/\\\/fr.motocrossmag.be\\\/index.php\\\/2019\\\/08\\\/jeremie-fraselle-bouclera-seul-le-40eme-tour-dhorloge-des-12-heures-de-la-chinelle\\\/\"},\"wordCount\":790,\"commentCount\":0,\"image\":{\"@id\":\"https:\\\/\\\/fr.motocrossmag.be\\\/index.php\\\/2019\\\/08\\\/jeremie-fraselle-bouclera-seul-le-40eme-tour-dhorloge-des-12-heures-de-la-chinelle\\\/#primaryimage\"},\"thumbnailUrl\":\"https:\\\/\\\/fr.motocrossmag.be\\\/wp-content\\\/uploads\\\/2019\\\/08\\\/20190719_192225.jpg\",\"keywords\":[\"BEX\",\"Enduro\"],\"articleSection\":[\"Actualit\u00e9\",\"Enduro\",\"La Chinelle\",\"News\",\"Slideshow\"],\"inLanguage\":\"fr-FR\",\"potentialAction\":[{\"@type\":\"CommentAction\",\"name\":\"Comment\",\"target\":[\"https:\\\/\\\/fr.motocrossmag.be\\\/index.php\\\/2019\\\/08\\\/jeremie-fraselle-bouclera-seul-le-40eme-tour-dhorloge-des-12-heures-de-la-chinelle\\\/#respond\"]}]},{\"@type\":\"WebPage\",\"@id\":\"https:\\\/\\\/fr.motocrossmag.be\\\/index.php\\\/2019\\\/08\\\/jeremie-fraselle-bouclera-seul-le-40eme-tour-dhorloge-des-12-heures-de-la-chinelle\\\/\",\"url\":\"https:\\\/\\\/fr.motocrossmag.be\\\/index.php\\\/2019\\\/08\\\/jeremie-fraselle-bouclera-seul-le-40eme-tour-dhorloge-des-12-heures-de-la-chinelle\\\/\",\"name\":\"J\u00e9r\u00e9mie Fraselle bouclera seul le 40\u00e8me tour d'horloge des 12 Heures de la Chinelle - Motocross - Enduro - Supermoto | MotocrossMag\",\"isPartOf\":{\"@id\":\"https:\\\/\\\/fr.motocrossmag.be\\\/#website\"},\"primaryImageOfPage\":{\"@id\":\"https:\\\/\\\/fr.motocrossmag.be\\\/index.php\\\/2019\\\/08\\\/jeremie-fraselle-bouclera-seul-le-40eme-tour-dhorloge-des-12-heures-de-la-chinelle\\\/#primaryimage\"},\"image\":{\"@id\":\"https:\\\/\\\/fr.motocrossmag.be\\\/index.php\\\/2019\\\/08\\\/jeremie-fraselle-bouclera-seul-le-40eme-tour-dhorloge-des-12-heures-de-la-chinelle\\\/#primaryimage\"},\"thumbnailUrl\":\"https:\\\/\\\/fr.motocrossmag.be\\\/wp-content\\\/uploads\\\/2019\\\/08\\\/20190719_192225.jpg\",\"datePublished\":\"2019-08-07T13:20:42+00:00\",\"dateModified\":\"2019-08-07T13:22:56+00:00\",\"author\":{\"@id\":\"https:\\\/\\\/fr.motocrossmag.be\\\/#\\\/schema\\\/person\\\/11b47143d9f755babca2c9110e03235c\"},\"breadcrumb\":{\"@id\":\"https:\\\/\\\/fr.motocrossmag.be\\\/index.php\\\/2019\\\/08\\\/jeremie-fraselle-bouclera-seul-le-40eme-tour-dhorloge-des-12-heures-de-la-chinelle\\\/#breadcrumb\"},\"inLanguage\":\"fr-FR\",\"potentialAction\":[{\"@type\":\"ReadAction\",\"target\":[\"https:\\\/\\\/fr.motocrossmag.be\\\/index.php\\\/2019\\\/08\\\/jeremie-fraselle-bouclera-seul-le-40eme-tour-dhorloge-des-12-heures-de-la-chinelle\\\/\"]}]},{\"@type\":\"ImageObject\",\"inLanguage\":\"fr-FR\",\"@id\":\"https:\\\/\\\/fr.motocrossmag.be\\\/index.php\\\/2019\\\/08\\\/jeremie-fraselle-bouclera-seul-le-40eme-tour-dhorloge-des-12-heures-de-la-chinelle\\\/#primaryimage\",\"url\":\"https:\\\/\\\/fr.motocrossmag.be\\\/wp-content\\\/uploads\\\/2019\\\/08\\\/20190719_192225.jpg\",\"contentUrl\":\"https:\\\/\\\/fr.motocrossmag.be\\\/wp-content\\\/uploads\\\/2019\\\/08\\\/20190719_192225.jpg\",\"width\":1000,\"height\":750},{\"@type\":\"BreadcrumbList\",\"@id\":\"https:\\\/\\\/fr.motocrossmag.be\\\/index.php\\\/2019\\\/08\\\/jeremie-fraselle-bouclera-seul-le-40eme-tour-dhorloge-des-12-heures-de-la-chinelle\\\/#breadcrumb\",\"itemListElement\":[{\"@type\":\"ListItem\",\"position\":1,\"name\":\"Accueil\",\"item\":\"https:\\\/\\\/fr.motocrossmag.be\\\/\"},{\"@type\":\"ListItem\",\"position\":2,\"name\":\"J\u00e9r\u00e9mie Fraselle bouclera seul le 40\u00e8me tour d&rsquo;horloge des 12 Heures de la Chinelle\"}]},{\"@type\":\"WebSite\",\"@id\":\"https:\\\/\\\/fr.motocrossmag.be\\\/#website\",\"url\":\"https:\\\/\\\/fr.motocrossmag.be\\\/\",\"name\":\"Motocross - Enduro - Supermoto | MotocrossMag\",\"description\":\"L&#039;actualit\u00e9 du motocross, de l&#039;enduro et du Supermoto en ligne!\",\"potentialAction\":[{\"@type\":\"SearchAction\",\"target\":{\"@type\":\"EntryPoint\",\"urlTemplate\":\"https:\\\/\\\/fr.motocrossmag.be\\\/?s={search_term_string}\"},\"query-input\":{\"@type\":\"PropertyValueSpecification\",\"valueRequired\":true,\"valueName\":\"search_term_string\"}}],\"inLanguage\":\"fr-FR\"},{\"@type\":\"Person\",\"@id\":\"https:\\\/\\\/fr.motocrossmag.be\\\/#\\\/schema\\\/person\\\/11b47143d9f755babca2c9110e03235c\",\"name\":\"oliviere\",\"image\":{\"@type\":\"ImageObject\",\"inLanguage\":\"fr-FR\",\"@id\":\"https:\\\/\\\/secure.gravatar.com\\\/avatar\\\/907069e0b81d119452040469e4a7501da1100f54f7f80180ce77bfab718288f6?s=96&d=mm&r=g\",\"url\":\"https:\\\/\\\/secure.gravatar.com\\\/avatar\\\/907069e0b81d119452040469e4a7501da1100f54f7f80180ce77bfab718288f6?s=96&d=mm&r=g\",\"contentUrl\":\"https:\\\/\\\/secure.gravatar.com\\\/avatar\\\/907069e0b81d119452040469e4a7501da1100f54f7f80180ce77bfab718288f6?s=96&d=mm&r=g\",\"caption\":\"oliviere\"},\"sameAs\":[\"http:\\\/\\\/www.motocrossmag.be\"],\"url\":\"https:\\\/\\\/fr.motocrossmag.be\\\/index.php\\\/author\\\/oliviere\\\/\"}]}<\/script>\n<!-- \/ Yoast SEO plugin. -->","yoast_head_json":{"title":"J\u00e9r\u00e9mie Fraselle bouclera seul le 40\u00e8me tour d'horloge des 12 Heures de la Chinelle - Motocross - Enduro - Supermoto | MotocrossMag","robots":{"index":"index","follow":"follow","max-snippet":"max-snippet:-1","max-image-preview":"max-image-preview:large","max-video-preview":"max-video-preview:-1"},"canonical":"https:\/\/fr.motocrossmag.be\/index.php\/2019\/08\/jeremie-fraselle-bouclera-seul-le-40eme-tour-dhorloge-des-12-heures-de-la-chinelle\/","og_locale":"fr_FR","og_type":"article","og_title":"J\u00e9r\u00e9mie Fraselle bouclera seul le 40\u00e8me tour d'horloge des 12 Heures de la Chinelle - Motocross - Enduro - Supermoto | MotocrossMag","og_description":"Une course d&rsquo;\u00e9quipe, les 12 Heures de la Chinelle ? Oui. Mais pour J\u00e9r\u00e9mie Fraselle, il s&rsquo;agira surtout de compter sur le soutien de son \u00e9quipe depuis les stands. Cette [...]","og_url":"https:\/\/fr.motocrossmag.be\/index.php\/2019\/08\/jeremie-fraselle-bouclera-seul-le-40eme-tour-dhorloge-des-12-heures-de-la-chinelle\/","og_site_name":"Motocross - Enduro - Supermoto | MotocrossMag","article_published_time":"2019-08-07T13:20:42+00:00","article_modified_time":"2019-08-07T13:22:56+00:00","og_image":[{"width":1000,"height":750,"url":"https:\/\/fr.motocrossmag.be\/wp-content\/uploads\/2019\/08\/20190719_192225.jpg","type":"image\/jpeg"}],"author":"oliviere","twitter_card":"summary_large_image","twitter_misc":{"\u00c9crit par":"oliviere","Dur\u00e9e de lecture estim\u00e9e":"4 minutes"},"schema":{"@context":"https:\/\/schema.org","@graph":[{"@type":"Article","@id":"https:\/\/fr.motocrossmag.be\/index.php\/2019\/08\/jeremie-fraselle-bouclera-seul-le-40eme-tour-dhorloge-des-12-heures-de-la-chinelle\/#article","isPartOf":{"@id":"https:\/\/fr.motocrossmag.be\/index.php\/2019\/08\/jeremie-fraselle-bouclera-seul-le-40eme-tour-dhorloge-des-12-heures-de-la-chinelle\/"},"author":{"name":"oliviere","@id":"https:\/\/fr.motocrossmag.be\/#\/schema\/person\/11b47143d9f755babca2c9110e03235c"},"headline":"J\u00e9r\u00e9mie Fraselle bouclera seul le 40\u00e8me tour d&rsquo;horloge des 12 Heures de la Chinelle","datePublished":"2019-08-07T13:20:42+00:00","dateModified":"2019-08-07T13:22:56+00:00","mainEntityOfPage":{"@id":"https:\/\/fr.motocrossmag.be\/index.php\/2019\/08\/jeremie-fraselle-bouclera-seul-le-40eme-tour-dhorloge-des-12-heures-de-la-chinelle\/"},"wordCount":790,"commentCount":0,"image":{"@id":"https:\/\/fr.motocrossmag.be\/index.php\/2019\/08\/jeremie-fraselle-bouclera-seul-le-40eme-tour-dhorloge-des-12-heures-de-la-chinelle\/#primaryimage"},"thumbnailUrl":"https:\/\/fr.motocrossmag.be\/wp-content\/uploads\/2019\/08\/20190719_192225.jpg","keywords":["BEX","Enduro"],"articleSection":["Actualit\u00e9","Enduro","La Chinelle","News","Slideshow"],"inLanguage":"fr-FR","potentialAction":[{"@type":"CommentAction","name":"Comment","target":["https:\/\/fr.motocrossmag.be\/index.php\/2019\/08\/jeremie-fraselle-bouclera-seul-le-40eme-tour-dhorloge-des-12-heures-de-la-chinelle\/#respond"]}]},{"@type":"WebPage","@id":"https:\/\/fr.motocrossmag.be\/index.php\/2019\/08\/jeremie-fraselle-bouclera-seul-le-40eme-tour-dhorloge-des-12-heures-de-la-chinelle\/","url":"https:\/\/fr.motocrossmag.be\/index.php\/2019\/08\/jeremie-fraselle-bouclera-seul-le-40eme-tour-dhorloge-des-12-heures-de-la-chinelle\/","name":"J\u00e9r\u00e9mie Fraselle bouclera seul le 40\u00e8me tour d'horloge des 12 Heures de la Chinelle - Motocross - Enduro - Supermoto | MotocrossMag","isPartOf":{"@id":"https:\/\/fr.motocrossmag.be\/#website"},"primaryImageOfPage":{"@id":"https:\/\/fr.motocrossmag.be\/index.php\/2019\/08\/jeremie-fraselle-bouclera-seul-le-40eme-tour-dhorloge-des-12-heures-de-la-chinelle\/#primaryimage"},"image":{"@id":"https:\/\/fr.motocrossmag.be\/index.php\/2019\/08\/jeremie-fraselle-bouclera-seul-le-40eme-tour-dhorloge-des-12-heures-de-la-chinelle\/#primaryimage"},"thumbnailUrl":"https:\/\/fr.motocrossmag.be\/wp-content\/uploads\/2019\/08\/20190719_192225.jpg","datePublished":"2019-08-07T13:20:42+00:00","dateModified":"2019-08-07T13:22:56+00:00","author":{"@id":"https:\/\/fr.motocrossmag.be\/#\/schema\/person\/11b47143d9f755babca2c9110e03235c"},"breadcrumb":{"@id":"https:\/\/fr.motocrossmag.be\/index.php\/2019\/08\/jeremie-fraselle-bouclera-seul-le-40eme-tour-dhorloge-des-12-heures-de-la-chinelle\/#breadcrumb"},"inLanguage":"fr-FR","potentialAction":[{"@type":"ReadAction","target":["https:\/\/fr.motocrossmag.be\/index.php\/2019\/08\/jeremie-fraselle-bouclera-seul-le-40eme-tour-dhorloge-des-12-heures-de-la-chinelle\/"]}]},{"@type":"ImageObject","inLanguage":"fr-FR","@id":"https:\/\/fr.motocrossmag.be\/index.php\/2019\/08\/jeremie-fraselle-bouclera-seul-le-40eme-tour-dhorloge-des-12-heures-de-la-chinelle\/#primaryimage","url":"https:\/\/fr.motocrossmag.be\/wp-content\/uploads\/2019\/08\/20190719_192225.jpg","contentUrl":"https:\/\/fr.motocrossmag.be\/wp-content\/uploads\/2019\/08\/20190719_192225.jpg","width":1000,"height":750},{"@type":"BreadcrumbList","@id":"https:\/\/fr.motocrossmag.be\/index.php\/2019\/08\/jeremie-fraselle-bouclera-seul-le-40eme-tour-dhorloge-des-12-heures-de-la-chinelle\/#breadcrumb","itemListElement":[{"@type":"ListItem","position":1,"name":"Accueil","item":"https:\/\/fr.motocrossmag.be\/"},{"@type":"ListItem","position":2,"name":"J\u00e9r\u00e9mie Fraselle bouclera seul le 40\u00e8me tour d&rsquo;horloge des 12 Heures de la Chinelle"}]},{"@type":"WebSite","@id":"https:\/\/fr.motocrossmag.be\/#website","url":"https:\/\/fr.motocrossmag.be\/","name":"Motocross - Enduro - Supermoto | MotocrossMag","description":"L&#039;actualit\u00e9 du motocross, de l&#039;enduro et du Supermoto en ligne!","potentialAction":[{"@type":"SearchAction","target":{"@type":"EntryPoint","urlTemplate":"https:\/\/fr.motocrossmag.be\/?s={search_term_string}"},"query-input":{"@type":"PropertyValueSpecification","valueRequired":true,"valueName":"search_term_string"}}],"inLanguage":"fr-FR"},{"@type":"Person","@id":"https:\/\/fr.motocrossmag.be\/#\/schema\/person\/11b47143d9f755babca2c9110e03235c","name":"oliviere","image":{"@type":"ImageObject","inLanguage":"fr-FR","@id":"https:\/\/secure.gravatar.com\/avatar\/907069e0b81d119452040469e4a7501da1100f54f7f80180ce77bfab718288f6?s=96&d=mm&r=g","url":"https:\/\/secure.gravatar.com\/avatar\/907069e0b81d119452040469e4a7501da1100f54f7f80180ce77bfab718288f6?s=96&d=mm&r=g","contentUrl":"https:\/\/secure.gravatar.com\/avatar\/907069e0b81d119452040469e4a7501da1100f54f7f80180ce77bfab718288f6?s=96&d=mm&r=g","caption":"oliviere"},"sameAs":["http:\/\/www.motocrossmag.be"],"url":"https:\/\/fr.motocrossmag.be\/index.php\/author\/oliviere\/"}]}},"_links":{"self":[{"href":"https:\/\/fr.motocrossmag.be\/index.php\/wp-json\/wp\/v2\/posts\/92938","targetHints":{"allow":["GET"]}}],"collection":[{"href":"https:\/\/fr.motocrossmag.be\/index.php\/wp-json\/wp\/v2\/posts"}],"about":[{"href":"https:\/\/fr.motocrossmag.be\/index.php\/wp-json\/wp\/v2\/types\/post"}],"author":[{"embeddable":true,"href":"https:\/\/fr.motocrossmag.be\/index.php\/wp-json\/wp\/v2\/users\/932"}],"replies":[{"embeddable":true,"href":"https:\/\/fr.motocrossmag.be\/index.php\/wp-json\/wp\/v2\/comments?post=92938"}],"version-history":[{"count":0,"href":"https:\/\/fr.motocrossmag.be\/index.php\/wp-json\/wp\/v2\/posts\/92938\/revisions"}],"wp:featuredmedia":[{"embeddable":true,"href":"https:\/\/fr.motocrossmag.be\/index.php\/wp-json\/wp\/v2\/media\/93378"}],"wp:attachment":[{"href":"https:\/\/fr.motocrossmag.be\/index.php\/wp-json\/wp\/v2\/media?parent=92938"}],"wp:term":[{"taxonomy":"category","embeddable":true,"href":"https:\/\/fr.motocrossmag.be\/index.php\/wp-json\/wp\/v2\/categories?post=92938"},{"taxonomy":"post_tag","embeddable":true,"href":"https:\/\/fr.motocrossmag.be\/index.php\/wp-json\/wp\/v2\/tags?post=92938"}],"curies":[{"name":"wp","href":"https:\/\/api.w.org\/{rel}","templated":true}]}}