{"id":92939,"date":"2019-08-02T22:53:34","date_gmt":"2019-08-02T20:53:34","guid":{"rendered":"https:\/\/fr.motocrossmag.be\/?p=92939"},"modified":"2019-08-02T22:55:11","modified_gmt":"2019-08-02T20:55:11","slug":"david-fretigne-a-la-tete-dun-nouveau-centre-de-formation-honda-off-road","status":"publish","type":"post","link":"https:\/\/fr.motocrossmag.be\/index.php\/2019\/08\/david-fretigne-a-la-tete-dun-nouveau-centre-de-formation-honda-off-road\/","title":{"rendered":"David Fr\u00e9tign\u00e9 signe un accord avec Honda pour le futur de son centre de formation"},"content":{"rendered":"<p><strong>Acteur majeur du march\u00e9 des trails depuis plus d&rsquo;un demi-si\u00e8cle, initiateur du retour du trail \u00ab\u00a0authentique\u201d avec ses g\u00e9n\u00e9rations successives de XL, NX650 Dominator et Africa Twin, Honda annonce aujourd&rsquo;hui la cr\u00e9ation du \u00ab\u00a0David Fr\u00e9tign\u00e9 &#8211; Honda Off Road\u00a0\u00bb, un centre de formation d\u00e9di\u00e9 \u00e0 la pratique du trail et de l&rsquo;enduro dans toutes leurs dimensions. David Fr\u00e9tign\u00e9, install\u00e9 depuis de longues ann\u00e9es dans l\u2019Aveyron, est l\u2019un des pilotes les plus cap\u00e9s du tout-terrain en France avec pas moins de 5 titres de champion du monde d\u2019enduro individuel et par \u00e9quipe ainsi que 6 participations au rallye Dakar, avec une 3e place comme meilleur r\u00e9sultat.<\/strong><\/p>\n<p>Depuis plus de 7 ans, David partage sa passion de la moto au travers de formations d\u00e9di\u00e9es \u00e0 l\u2019enduro et la pratique du trail, dont il a fait sa sp\u00e9cialit\u00e9. De tr\u00e8s nombreux possesseurs de maxi-trail ont pu d\u00e9couvrir, gr\u00e2ce aux conseils prodigu\u00e9s par David, tout le potentiel de leur machine et ainsi partir sereinement \u00e0 l\u2019aventure. Le centre \u00ab\u00a0David Fr\u00e9tign\u00e9 &#8211; Honda Off Road\u00a0\u00bb proposera aux propri\u00e9taires de trails et d&rsquo;enduros\u00a0de venir, dans des conditions id\u00e9ales, s&rsquo;initier \u00e0 la ma\u00eetrise de leur machine ou se perfectionner au roulage dans les conditions \u00ab\u00a0hors-piste\u00a0\u00bb les plus diverses (cailloux, sable, chemin\u2026).<\/p>\n<p>En plus de cette offre, cette nouvelle structure se distinguera par sa fonction de conseil et d&rsquo;accompagnement puisque l&rsquo;immense exp\u00e9rience de David Fr\u00e9tign\u00e9 sera \u00e9galement mise \u00e0 profit pour aider les clients Honda \u00e0 pr\u00e9parer et \u00e9quiper leur machine pour partir \u00e0 l\u2019aventure que ce soit pour un voyage, un raid, un rally ou un tour du monde.<\/p>\n<p>Le \u00ab\u00a0David Fr\u00e9tign\u00e9 &#8211; Honda Off Road Center\u00a0\u00bb d\u00e9butera ses activit\u00e9s d\u00e8s cet \u00e9t\u00e9. Un parc d\u2019Africa Twin et de CRF450L sera disponible \u00e0 l\u2019essai.<\/p>\n<p>\u00ab\u00a0Aujourd\u2019hui je suis heureux de pouvoir annoncer la signature de cet accord avec Honda<strong>\u00ab\u00a0, <\/strong>annonce Fr\u00e9tign\u00e9<strong>. \u00ab\u00a0<\/strong>Incroyable opportunit\u00e9 pour le centre de formation cr\u00e9\u00e9 il y a 7 ans en Aveyron\u00a0!\u00a0Ce partenariat fort avec Honda va permettre d\u2019offrir au r\u00e9seau un site adapt\u00e9 \u00e0 la conduite off-road ainsi que toute l\u2018exp\u00e9rience acquise au plus haut niveau durant mes 25 ans de carri\u00e8re en tant que pilote dans diff\u00e9rentes disciplines comme l\u2019enduro, le sable et le rallye-raid.\u00a0Je vous attends tr\u00e8s bient\u00f4t en Aveyron\u00a0!\u00bb<\/p>\n<p>\u00ab\u00a0Le segment des trail est en forte progression ces derni\u00e8res ann\u00e9es puisqu\u2019il a doubl\u00e9 entre 2014 et 2018&Prime;, r\u00e9agit de son c\u00f4t\u00e9 Fabrice Recoque, directeur de la division moto Honda Motor Europe Ltd \u2013 France. \u00ab\u00a0Le retour du maxi trail Africa Twin en 2016 y a fortement contribu\u00e9, et Honda est redevenu un acteur incontournable de ce segment. Face \u00e0 la demande sans cesse croissante de trails, le besoin d\u2019en connaitre le fonctionnement et l\u2019envie d\u2019\u00e9vasion, nous avons saisi l\u2019occasion de signer un accord de collaboration avec David Fr\u00e9tign\u00e9. C\u2019est une chance extraordinaire de b\u00e9n\u00e9ficier d\u2019un champion de son niveau, Honda s\u2019offre ainsi l\u2019opportunit\u00e9 d\u2019ouvrir ce nouveau centre off-road dans un cadre exceptionnel et convivial, avec comme formateur un pilote de tr\u00e8s haut niveau. Ce partenariat va nous permettre de renforcer notre pr\u00e9sence dans le segment des maxi trails et de pr\u00e9parer l\u2019arriv\u00e9e de nouveaux produits importants de fa\u00e7on sereine en proposant \u00e0 nos clients de bien utiliser les capacit\u00e9s de nos machines. \u00bb<\/p>\n<p><span style=\"color: #ff0000;\"><strong>Pour plus d&rsquo;informations :<\/strong><\/span><\/p>\n<ul>\n<li><a href=\"http:\/\/www.honda.moto.fr\" target=\"_blank\" rel=\"noopener\">www.honda.moto.fr<\/a><\/li>\n<li><a href=\"http:\/\/www.davidfretigne.com\" target=\"_blank\" rel=\"noopener\">www.davidfretigne.com<\/a><\/li>\n<li><a href=\"mailto:centredeformationdavidfretigne@gmail.com\">centredeformationdavidfretigne@gmail.com<\/a><\/li>\n<\/ul>\n<div id=\"ConnectiveDocSignExtentionInstalled\" data-extension-version=\"1.0.4\"><\/div>\n","protected":false},"excerpt":{"rendered":"<p>Acteur majeur du march\u00e9 des trails depuis plus d&rsquo;un demi-si\u00e8cle, initiateur du retour du trail \u00ab\u00a0authentique\u201d avec ses g\u00e9n\u00e9rations successives de XL, NX650 Dominator et Africa Twin, Honda annonce aujourd&rsquo;hui [&#8230;]<\/p>\n","protected":false},"author":932,"featured_media":92953,"comment_status":"open","ping_status":"closed","sticky":false,"template":"","format":"standard","meta":{"footnotes":""},"categories":[54,32,33,55,65],"tags":[951],"class_list":["post-92939","post","type-post","status-publish","format-standard","has-post-thumbnail","hentry","category-actualite","category-enduro","category-news-enduro","category-news-actualite","category-slideshow","tag-enduro"],"yoast_head":"<!-- This site is optimized with the Yoast SEO plugin v27.4 - https:\/\/yoast.com\/product\/yoast-seo-wordpress\/ -->\n<title>David Fr\u00e9tign\u00e9 signe un accord avec Honda pour le futur de son centre de formation - Motocross - Enduro - Supermoto | MotocrossMag<\/title>\n<meta name=\"robots\" content=\"index, follow, max-snippet:-1, max-image-preview:large, max-video-preview:-1\" \/>\n<link rel=\"canonical\" href=\"https:\/\/fr.motocrossmag.be\/index.php\/2019\/08\/david-fretigne-a-la-tete-dun-nouveau-centre-de-formation-honda-off-road\/\" \/>\n<meta property=\"og:locale\" content=\"fr_FR\" \/>\n<meta property=\"og:type\" content=\"article\" \/>\n<meta property=\"og:title\" content=\"David Fr\u00e9tign\u00e9 signe un accord avec Honda pour le futur de son centre de formation - Motocross - Enduro - Supermoto | MotocrossMag\" \/>\n<meta property=\"og:description\" content=\"Acteur majeur du march\u00e9 des trails depuis plus d&rsquo;un demi-si\u00e8cle, initiateur du retour du trail \u00ab\u00a0authentique\u201d avec ses g\u00e9n\u00e9rations successives de XL, NX650 Dominator et Africa Twin, Honda annonce aujourd&rsquo;hui [...]\" \/>\n<meta property=\"og:url\" content=\"https:\/\/fr.motocrossmag.be\/index.php\/2019\/08\/david-fretigne-a-la-tete-dun-nouveau-centre-de-formation-honda-off-road\/\" \/>\n<meta property=\"og:site_name\" content=\"Motocross - Enduro - Supermoto | MotocrossMag\" \/>\n<meta property=\"article:published_time\" content=\"2019-08-02T20:53:34+00:00\" \/>\n<meta property=\"article:modified_time\" content=\"2019-08-02T20:55:11+00:00\" \/>\n<meta property=\"og:image\" content=\"https:\/\/fr.motocrossmag.be\/wp-content\/uploads\/2019\/08\/fretigne-honda.jpg\" \/>\n\t<meta property=\"og:image:width\" content=\"674\" \/>\n\t<meta property=\"og:image:height\" content=\"462\" \/>\n\t<meta property=\"og:image:type\" content=\"image\/jpeg\" \/>\n<meta name=\"author\" content=\"oliviere\" \/>\n<meta name=\"twitter:card\" content=\"summary_large_image\" \/>\n<meta name=\"twitter:label1\" content=\"\u00c9crit par\" \/>\n\t<meta name=\"twitter:data1\" content=\"oliviere\" \/>\n\t<meta name=\"twitter:label2\" content=\"Dur\u00e9e de lecture estim\u00e9e\" \/>\n\t<meta name=\"twitter:data2\" content=\"3 minutes\" \/>\n<script type=\"application\/ld+json\" class=\"yoast-schema-graph\">{\"@context\":\"https:\\\/\\\/schema.org\",\"@graph\":[{\"@type\":\"Article\",\"@id\":\"https:\\\/\\\/fr.motocrossmag.be\\\/index.php\\\/2019\\\/08\\\/david-fretigne-a-la-tete-dun-nouveau-centre-de-formation-honda-off-road\\\/#article\",\"isPartOf\":{\"@id\":\"https:\\\/\\\/fr.motocrossmag.be\\\/index.php\\\/2019\\\/08\\\/david-fretigne-a-la-tete-dun-nouveau-centre-de-formation-honda-off-road\\\/\"},\"author\":{\"name\":\"oliviere\",\"@id\":\"https:\\\/\\\/fr.motocrossmag.be\\\/#\\\/schema\\\/person\\\/11b47143d9f755babca2c9110e03235c\"},\"headline\":\"David Fr\u00e9tign\u00e9 signe un accord avec Honda pour le futur de son centre de formation\",\"datePublished\":\"2019-08-02T20:53:34+00:00\",\"dateModified\":\"2019-08-02T20:55:11+00:00\",\"mainEntityOfPage\":{\"@id\":\"https:\\\/\\\/fr.motocrossmag.be\\\/index.php\\\/2019\\\/08\\\/david-fretigne-a-la-tete-dun-nouveau-centre-de-formation-honda-off-road\\\/\"},\"wordCount\":624,\"commentCount\":0,\"image\":{\"@id\":\"https:\\\/\\\/fr.motocrossmag.be\\\/index.php\\\/2019\\\/08\\\/david-fretigne-a-la-tete-dun-nouveau-centre-de-formation-honda-off-road\\\/#primaryimage\"},\"thumbnailUrl\":\"https:\\\/\\\/fr.motocrossmag.be\\\/wp-content\\\/uploads\\\/2019\\\/08\\\/fretigne-honda.jpg\",\"keywords\":[\"Enduro\"],\"articleSection\":[\"Actualit\u00e9\",\"Enduro\",\"News\",\"News\",\"Slideshow\"],\"inLanguage\":\"fr-FR\",\"potentialAction\":[{\"@type\":\"CommentAction\",\"name\":\"Comment\",\"target\":[\"https:\\\/\\\/fr.motocrossmag.be\\\/index.php\\\/2019\\\/08\\\/david-fretigne-a-la-tete-dun-nouveau-centre-de-formation-honda-off-road\\\/#respond\"]}]},{\"@type\":\"WebPage\",\"@id\":\"https:\\\/\\\/fr.motocrossmag.be\\\/index.php\\\/2019\\\/08\\\/david-fretigne-a-la-tete-dun-nouveau-centre-de-formation-honda-off-road\\\/\",\"url\":\"https:\\\/\\\/fr.motocrossmag.be\\\/index.php\\\/2019\\\/08\\\/david-fretigne-a-la-tete-dun-nouveau-centre-de-formation-honda-off-road\\\/\",\"name\":\"David Fr\u00e9tign\u00e9 signe un accord avec Honda pour le futur de son centre de formation - Motocross - Enduro - Supermoto | MotocrossMag\",\"isPartOf\":{\"@id\":\"https:\\\/\\\/fr.motocrossmag.be\\\/#website\"},\"primaryImageOfPage\":{\"@id\":\"https:\\\/\\\/fr.motocrossmag.be\\\/index.php\\\/2019\\\/08\\\/david-fretigne-a-la-tete-dun-nouveau-centre-de-formation-honda-off-road\\\/#primaryimage\"},\"image\":{\"@id\":\"https:\\\/\\\/fr.motocrossmag.be\\\/index.php\\\/2019\\\/08\\\/david-fretigne-a-la-tete-dun-nouveau-centre-de-formation-honda-off-road\\\/#primaryimage\"},\"thumbnailUrl\":\"https:\\\/\\\/fr.motocrossmag.be\\\/wp-content\\\/uploads\\\/2019\\\/08\\\/fretigne-honda.jpg\",\"datePublished\":\"2019-08-02T20:53:34+00:00\",\"dateModified\":\"2019-08-02T20:55:11+00:00\",\"author\":{\"@id\":\"https:\\\/\\\/fr.motocrossmag.be\\\/#\\\/schema\\\/person\\\/11b47143d9f755babca2c9110e03235c\"},\"breadcrumb\":{\"@id\":\"https:\\\/\\\/fr.motocrossmag.be\\\/index.php\\\/2019\\\/08\\\/david-fretigne-a-la-tete-dun-nouveau-centre-de-formation-honda-off-road\\\/#breadcrumb\"},\"inLanguage\":\"fr-FR\",\"potentialAction\":[{\"@type\":\"ReadAction\",\"target\":[\"https:\\\/\\\/fr.motocrossmag.be\\\/index.php\\\/2019\\\/08\\\/david-fretigne-a-la-tete-dun-nouveau-centre-de-formation-honda-off-road\\\/\"]}]},{\"@type\":\"ImageObject\",\"inLanguage\":\"fr-FR\",\"@id\":\"https:\\\/\\\/fr.motocrossmag.be\\\/index.php\\\/2019\\\/08\\\/david-fretigne-a-la-tete-dun-nouveau-centre-de-formation-honda-off-road\\\/#primaryimage\",\"url\":\"https:\\\/\\\/fr.motocrossmag.be\\\/wp-content\\\/uploads\\\/2019\\\/08\\\/fretigne-honda.jpg\",\"contentUrl\":\"https:\\\/\\\/fr.motocrossmag.be\\\/wp-content\\\/uploads\\\/2019\\\/08\\\/fretigne-honda.jpg\",\"width\":674,\"height\":462,\"caption\":\"Honda Off-Road center - David Fr\u00e9tign\u00e9 2019\"},{\"@type\":\"BreadcrumbList\",\"@id\":\"https:\\\/\\\/fr.motocrossmag.be\\\/index.php\\\/2019\\\/08\\\/david-fretigne-a-la-tete-dun-nouveau-centre-de-formation-honda-off-road\\\/#breadcrumb\",\"itemListElement\":[{\"@type\":\"ListItem\",\"position\":1,\"name\":\"Accueil\",\"item\":\"https:\\\/\\\/fr.motocrossmag.be\\\/\"},{\"@type\":\"ListItem\",\"position\":2,\"name\":\"David Fr\u00e9tign\u00e9 signe un accord avec Honda pour le futur de son centre de formation\"}]},{\"@type\":\"WebSite\",\"@id\":\"https:\\\/\\\/fr.motocrossmag.be\\\/#website\",\"url\":\"https:\\\/\\\/fr.motocrossmag.be\\\/\",\"name\":\"Motocross - Enduro - Supermoto | MotocrossMag\",\"description\":\"L&#039;actualit\u00e9 du motocross, de l&#039;enduro et du Supermoto en ligne!\",\"potentialAction\":[{\"@type\":\"SearchAction\",\"target\":{\"@type\":\"EntryPoint\",\"urlTemplate\":\"https:\\\/\\\/fr.motocrossmag.be\\\/?s={search_term_string}\"},\"query-input\":{\"@type\":\"PropertyValueSpecification\",\"valueRequired\":true,\"valueName\":\"search_term_string\"}}],\"inLanguage\":\"fr-FR\"},{\"@type\":\"Person\",\"@id\":\"https:\\\/\\\/fr.motocrossmag.be\\\/#\\\/schema\\\/person\\\/11b47143d9f755babca2c9110e03235c\",\"name\":\"oliviere\",\"image\":{\"@type\":\"ImageObject\",\"inLanguage\":\"fr-FR\",\"@id\":\"https:\\\/\\\/secure.gravatar.com\\\/avatar\\\/907069e0b81d119452040469e4a7501da1100f54f7f80180ce77bfab718288f6?s=96&d=mm&r=g\",\"url\":\"https:\\\/\\\/secure.gravatar.com\\\/avatar\\\/907069e0b81d119452040469e4a7501da1100f54f7f80180ce77bfab718288f6?s=96&d=mm&r=g\",\"contentUrl\":\"https:\\\/\\\/secure.gravatar.com\\\/avatar\\\/907069e0b81d119452040469e4a7501da1100f54f7f80180ce77bfab718288f6?s=96&d=mm&r=g\",\"caption\":\"oliviere\"},\"sameAs\":[\"http:\\\/\\\/www.motocrossmag.be\"],\"url\":\"https:\\\/\\\/fr.motocrossmag.be\\\/index.php\\\/author\\\/oliviere\\\/\"}]}<\/script>\n<!-- \/ Yoast SEO plugin. -->","yoast_head_json":{"title":"David Fr\u00e9tign\u00e9 signe un accord avec Honda pour le futur de son centre de formation - Motocross - Enduro - Supermoto | MotocrossMag","robots":{"index":"index","follow":"follow","max-snippet":"max-snippet:-1","max-image-preview":"max-image-preview:large","max-video-preview":"max-video-preview:-1"},"canonical":"https:\/\/fr.motocrossmag.be\/index.php\/2019\/08\/david-fretigne-a-la-tete-dun-nouveau-centre-de-formation-honda-off-road\/","og_locale":"fr_FR","og_type":"article","og_title":"David Fr\u00e9tign\u00e9 signe un accord avec Honda pour le futur de son centre de formation - Motocross - Enduro - Supermoto | MotocrossMag","og_description":"Acteur majeur du march\u00e9 des trails depuis plus d&rsquo;un demi-si\u00e8cle, initiateur du retour du trail \u00ab\u00a0authentique\u201d avec ses g\u00e9n\u00e9rations successives de XL, NX650 Dominator et Africa Twin, Honda annonce aujourd&rsquo;hui [...]","og_url":"https:\/\/fr.motocrossmag.be\/index.php\/2019\/08\/david-fretigne-a-la-tete-dun-nouveau-centre-de-formation-honda-off-road\/","og_site_name":"Motocross - Enduro - Supermoto | MotocrossMag","article_published_time":"2019-08-02T20:53:34+00:00","article_modified_time":"2019-08-02T20:55:11+00:00","og_image":[{"width":674,"height":462,"url":"https:\/\/fr.motocrossmag.be\/wp-content\/uploads\/2019\/08\/fretigne-honda.jpg","type":"image\/jpeg"}],"author":"oliviere","twitter_card":"summary_large_image","twitter_misc":{"\u00c9crit par":"oliviere","Dur\u00e9e de lecture estim\u00e9e":"3 minutes"},"schema":{"@context":"https:\/\/schema.org","@graph":[{"@type":"Article","@id":"https:\/\/fr.motocrossmag.be\/index.php\/2019\/08\/david-fretigne-a-la-tete-dun-nouveau-centre-de-formation-honda-off-road\/#article","isPartOf":{"@id":"https:\/\/fr.motocrossmag.be\/index.php\/2019\/08\/david-fretigne-a-la-tete-dun-nouveau-centre-de-formation-honda-off-road\/"},"author":{"name":"oliviere","@id":"https:\/\/fr.motocrossmag.be\/#\/schema\/person\/11b47143d9f755babca2c9110e03235c"},"headline":"David Fr\u00e9tign\u00e9 signe un accord avec Honda pour le futur de son centre de formation","datePublished":"2019-08-02T20:53:34+00:00","dateModified":"2019-08-02T20:55:11+00:00","mainEntityOfPage":{"@id":"https:\/\/fr.motocrossmag.be\/index.php\/2019\/08\/david-fretigne-a-la-tete-dun-nouveau-centre-de-formation-honda-off-road\/"},"wordCount":624,"commentCount":0,"image":{"@id":"https:\/\/fr.motocrossmag.be\/index.php\/2019\/08\/david-fretigne-a-la-tete-dun-nouveau-centre-de-formation-honda-off-road\/#primaryimage"},"thumbnailUrl":"https:\/\/fr.motocrossmag.be\/wp-content\/uploads\/2019\/08\/fretigne-honda.jpg","keywords":["Enduro"],"articleSection":["Actualit\u00e9","Enduro","News","News","Slideshow"],"inLanguage":"fr-FR","potentialAction":[{"@type":"CommentAction","name":"Comment","target":["https:\/\/fr.motocrossmag.be\/index.php\/2019\/08\/david-fretigne-a-la-tete-dun-nouveau-centre-de-formation-honda-off-road\/#respond"]}]},{"@type":"WebPage","@id":"https:\/\/fr.motocrossmag.be\/index.php\/2019\/08\/david-fretigne-a-la-tete-dun-nouveau-centre-de-formation-honda-off-road\/","url":"https:\/\/fr.motocrossmag.be\/index.php\/2019\/08\/david-fretigne-a-la-tete-dun-nouveau-centre-de-formation-honda-off-road\/","name":"David Fr\u00e9tign\u00e9 signe un accord avec Honda pour le futur de son centre de formation - Motocross - Enduro - Supermoto | MotocrossMag","isPartOf":{"@id":"https:\/\/fr.motocrossmag.be\/#website"},"primaryImageOfPage":{"@id":"https:\/\/fr.motocrossmag.be\/index.php\/2019\/08\/david-fretigne-a-la-tete-dun-nouveau-centre-de-formation-honda-off-road\/#primaryimage"},"image":{"@id":"https:\/\/fr.motocrossmag.be\/index.php\/2019\/08\/david-fretigne-a-la-tete-dun-nouveau-centre-de-formation-honda-off-road\/#primaryimage"},"thumbnailUrl":"https:\/\/fr.motocrossmag.be\/wp-content\/uploads\/2019\/08\/fretigne-honda.jpg","datePublished":"2019-08-02T20:53:34+00:00","dateModified":"2019-08-02T20:55:11+00:00","author":{"@id":"https:\/\/fr.motocrossmag.be\/#\/schema\/person\/11b47143d9f755babca2c9110e03235c"},"breadcrumb":{"@id":"https:\/\/fr.motocrossmag.be\/index.php\/2019\/08\/david-fretigne-a-la-tete-dun-nouveau-centre-de-formation-honda-off-road\/#breadcrumb"},"inLanguage":"fr-FR","potentialAction":[{"@type":"ReadAction","target":["https:\/\/fr.motocrossmag.be\/index.php\/2019\/08\/david-fretigne-a-la-tete-dun-nouveau-centre-de-formation-honda-off-road\/"]}]},{"@type":"ImageObject","inLanguage":"fr-FR","@id":"https:\/\/fr.motocrossmag.be\/index.php\/2019\/08\/david-fretigne-a-la-tete-dun-nouveau-centre-de-formation-honda-off-road\/#primaryimage","url":"https:\/\/fr.motocrossmag.be\/wp-content\/uploads\/2019\/08\/fretigne-honda.jpg","contentUrl":"https:\/\/fr.motocrossmag.be\/wp-content\/uploads\/2019\/08\/fretigne-honda.jpg","width":674,"height":462,"caption":"Honda Off-Road center - David Fr\u00e9tign\u00e9 2019"},{"@type":"BreadcrumbList","@id":"https:\/\/fr.motocrossmag.be\/index.php\/2019\/08\/david-fretigne-a-la-tete-dun-nouveau-centre-de-formation-honda-off-road\/#breadcrumb","itemListElement":[{"@type":"ListItem","position":1,"name":"Accueil","item":"https:\/\/fr.motocrossmag.be\/"},{"@type":"ListItem","position":2,"name":"David Fr\u00e9tign\u00e9 signe un accord avec Honda pour le futur de son centre de formation"}]},{"@type":"WebSite","@id":"https:\/\/fr.motocrossmag.be\/#website","url":"https:\/\/fr.motocrossmag.be\/","name":"Motocross - Enduro - Supermoto | MotocrossMag","description":"L&#039;actualit\u00e9 du motocross, de l&#039;enduro et du Supermoto en ligne!","potentialAction":[{"@type":"SearchAction","target":{"@type":"EntryPoint","urlTemplate":"https:\/\/fr.motocrossmag.be\/?s={search_term_string}"},"query-input":{"@type":"PropertyValueSpecification","valueRequired":true,"valueName":"search_term_string"}}],"inLanguage":"fr-FR"},{"@type":"Person","@id":"https:\/\/fr.motocrossmag.be\/#\/schema\/person\/11b47143d9f755babca2c9110e03235c","name":"oliviere","image":{"@type":"ImageObject","inLanguage":"fr-FR","@id":"https:\/\/secure.gravatar.com\/avatar\/907069e0b81d119452040469e4a7501da1100f54f7f80180ce77bfab718288f6?s=96&d=mm&r=g","url":"https:\/\/secure.gravatar.com\/avatar\/907069e0b81d119452040469e4a7501da1100f54f7f80180ce77bfab718288f6?s=96&d=mm&r=g","contentUrl":"https:\/\/secure.gravatar.com\/avatar\/907069e0b81d119452040469e4a7501da1100f54f7f80180ce77bfab718288f6?s=96&d=mm&r=g","caption":"oliviere"},"sameAs":["http:\/\/www.motocrossmag.be"],"url":"https:\/\/fr.motocrossmag.be\/index.php\/author\/oliviere\/"}]}},"_links":{"self":[{"href":"https:\/\/fr.motocrossmag.be\/index.php\/wp-json\/wp\/v2\/posts\/92939","targetHints":{"allow":["GET"]}}],"collection":[{"href":"https:\/\/fr.motocrossmag.be\/index.php\/wp-json\/wp\/v2\/posts"}],"about":[{"href":"https:\/\/fr.motocrossmag.be\/index.php\/wp-json\/wp\/v2\/types\/post"}],"author":[{"embeddable":true,"href":"https:\/\/fr.motocrossmag.be\/index.php\/wp-json\/wp\/v2\/users\/932"}],"replies":[{"embeddable":true,"href":"https:\/\/fr.motocrossmag.be\/index.php\/wp-json\/wp\/v2\/comments?post=92939"}],"version-history":[{"count":1,"href":"https:\/\/fr.motocrossmag.be\/index.php\/wp-json\/wp\/v2\/posts\/92939\/revisions"}],"predecessor-version":[{"id":92954,"href":"https:\/\/fr.motocrossmag.be\/index.php\/wp-json\/wp\/v2\/posts\/92939\/revisions\/92954"}],"wp:featuredmedia":[{"embeddable":true,"href":"https:\/\/fr.motocrossmag.be\/index.php\/wp-json\/wp\/v2\/media\/92953"}],"wp:attachment":[{"href":"https:\/\/fr.motocrossmag.be\/index.php\/wp-json\/wp\/v2\/media?parent=92939"}],"wp:term":[{"taxonomy":"category","embeddable":true,"href":"https:\/\/fr.motocrossmag.be\/index.php\/wp-json\/wp\/v2\/categories?post=92939"},{"taxonomy":"post_tag","embeddable":true,"href":"https:\/\/fr.motocrossmag.be\/index.php\/wp-json\/wp\/v2\/tags?post=92939"}],"curies":[{"name":"wp","href":"https:\/\/api.w.org\/{rel}","templated":true}]}}