{"id":93333,"date":"2019-08-06T14:03:52","date_gmt":"2019-08-06T12:03:52","guid":{"rendered":"https:\/\/fr.motocrossmag.be\/?p=93333"},"modified":"2019-08-06T14:28:18","modified_gmt":"2019-08-06T12:28:18","slug":"magain-et-vanoevelen-remportent-louverture-du-boxc-a-joubieval","status":"publish","type":"post","link":"https:\/\/fr.motocrossmag.be\/index.php\/2019\/08\/magain-et-vanoevelen-remportent-louverture-du-boxc-a-joubieval\/","title":{"rendered":"Magain et Vanoevelen remportent l&rsquo;ouverture du BOXC \u00e0 Joubi\u00e9val"},"content":{"rendered":"<p><strong>Ils seront adversaires le week-end prochain sur la 40\u00e8me \u00e9dition des 12 Heures de la Chinelle mais ils avaient d\u00e9cid\u00e9 de pr\u00e9parer ensemble ce grand rendez-vous de la saison. Ils ont remport\u00e9 ce samedi les 4 Heures de Joubi\u00e9val. <\/strong><\/p>\n<p>L&rsquo;\u00e9preuve organis\u00e9e par Bruno Monfort et son \u00e9quipe marquait l&rsquo;ouverture du championnat BOXC 2019. Le duo Magain\/Vanoevelen n&rsquo;a gu\u00e8re laiss\u00e9 de chance \u00e0 ses adversaires. Mahain s&rsquo;est envol\u00e9 en t\u00eate d\u00e8s les premiers virages et n&rsquo;a cess\u00e9 de creuser l&rsquo;\u00e9cart pour passer le relai \u00e0 son co\u00e9quipier avec d\u00e9j\u00e0 un confortable avantage. Ils termineront les 4 heures de course avec un tour d&rsquo;avance sur le duo compos\u00e9 de Yerki Janvier et J\u00e9r\u00f4me Martiny. Quentin Monfort et Gautier Lillo compl\u00e8tent le podium.<\/p>\n<p><span style=\"color: #800000;\"><strong>R\u00e9sultats<\/strong><\/span><\/p>\n<table width=\"100%\" style=\"margin:5px 8px\">\n<tbody>\n<tr>\n<td width=\"48\">1<\/td>\n<td width=\"171\">MAGAIN ANTOINE<\/td>\n<td width=\"158\">VANOEVELEN MATTHEW<\/td>\n<td width=\"70\">42 trs<\/td>\n<\/tr>\n<tr>\n<td width=\"48\">2<\/td>\n<td width=\"171\">MARTINY JEROME<\/td>\n<td width=\"158\">JANVIER yerki<\/td>\n<td width=\"70\">41 trs<\/td>\n<\/tr>\n<tr>\n<td width=\"48\">3<\/td>\n<td width=\"171\">MONFORT QUENTIN<\/td>\n<td width=\"158\">LILLO GAUTHIER<\/td>\n<td width=\"70\">40 trs<\/td>\n<\/tr>\n<tr>\n<td width=\"48\">4<\/td>\n<td width=\"171\">LILLO aubry<\/td>\n<td width=\"158\">ADAM LUCAS<\/td>\n<td width=\"70\">39 trs<\/td>\n<\/tr>\n<tr>\n<td width=\"48\">5<\/td>\n<td width=\"171\">BAILLEUX BERTRAND<\/td>\n<td width=\"158\">HUSSIN GREGOIRE<\/td>\n<td width=\"70\">38 trs<\/td>\n<\/tr>\n<tr>\n<td width=\"48\">6<\/td>\n<td width=\"171\">MORONE yohan<\/td>\n<td width=\"158\">DENAYER Tom<\/td>\n<td width=\"70\">00:56.737<\/td>\n<\/tr>\n<tr>\n<td width=\"48\">7<\/td>\n<td width=\"171\">GAUNIAUX FRED<\/td>\n<td width=\"158\">LAGAMME JULIEN<\/td>\n<td width=\"70\">01:12.746<\/td>\n<\/tr>\n<tr>\n<td width=\"48\">8<\/td>\n<td width=\"171\">LEBRUN PATRICK<\/td>\n<td width=\"158\">DELSEMME PHILIPPE<\/td>\n<td width=\"70\">02:56.462<\/td>\n<\/tr>\n<tr>\n<td width=\"48\">9<\/td>\n<td width=\"171\">KLUTZ THIERRY<\/td>\n<td width=\"158\">JAVAUX WILLIAM<\/td>\n<td width=\"70\">04:05.928<\/td>\n<\/tr>\n<tr>\n<td width=\"48\">10<\/td>\n<td width=\"171\">COLLINGE SIMON<\/td>\n<td width=\"158\">DUMONT Teddy<\/td>\n<td width=\"70\">04:14.694<\/td>\n<\/tr>\n<tr>\n<td width=\"48\">11<\/td>\n<td width=\"171\">BEBRONNE JEREMY<\/td>\n<td width=\"158\">DELSEMME BASTIEN<\/td>\n<td width=\"70\">04:54.148<\/td>\n<\/tr>\n<tr>\n<td width=\"48\">12<\/td>\n<td width=\"171\">VINDEVOGEL maxime<\/td>\n<td width=\"158\">FRASELLE JEREMIE<\/td>\n<td width=\"70\">05:31.366<\/td>\n<\/tr>\n<tr>\n<td width=\"48\">13<\/td>\n<td width=\"171\">BERTHOLET MARVIN<\/td>\n<td width=\"158\">VERDIN MAX<\/td>\n<td width=\"70\">37 trs<\/td>\n<\/tr>\n<tr>\n<td width=\"48\">14<\/td>\n<td width=\"171\">ERNOUT ANTOINE<\/td>\n<td width=\"158\">VANDOOREN QUENTIN<\/td>\n<td width=\"70\">00:23.374<\/td>\n<\/tr>\n<tr>\n<td width=\"48\">15<\/td>\n<td width=\"171\">URBANY GEOFFREY<\/td>\n<td width=\"158\">GILSON ADRIEN<\/td>\n<td width=\"70\">00:32.527<\/td>\n<\/tr>\n<tr>\n<td width=\"48\">16<\/td>\n<td width=\"171\">CLARINVAL ADRIEN<\/td>\n<td width=\"158\">GODEAU MAXIME<\/td>\n<td width=\"70\">03:22.917<\/td>\n<\/tr>\n<tr>\n<td width=\"48\">17<\/td>\n<td width=\"171\">MASSART JONATHAN<\/td>\n<td width=\"158\">CASAL loic<\/td>\n<td width=\"70\">03:47.971<\/td>\n<\/tr>\n<tr>\n<td width=\"48\">18<\/td>\n<td width=\"171\">ROLAND BENOIT<\/td>\n<td width=\"158\">HAXHE OLIVIER<\/td>\n<td width=\"70\">03:56.281<\/td>\n<\/tr>\n<tr>\n<td width=\"48\">19<\/td>\n<td width=\"171\">VANDENBERGHE SYLVAIN<\/td>\n<td width=\"158\">NOEL hugues<\/td>\n<td width=\"70\">04:53.888<\/td>\n<\/tr>\n<tr>\n<td width=\"48\">20<\/td>\n<td width=\"171\">LEMOINE CHRISTOPHE<\/td>\n<td width=\"158\">GAILLARD STEVE<\/td>\n<td width=\"70\">36 trs<\/td>\n<\/tr>\n<tr>\n<td width=\"48\">21<\/td>\n<td width=\"171\">DIVOY JEROME<\/td>\n<td width=\"158\"><\/td>\n<td width=\"70\">03:05.044<\/td>\n<\/tr>\n<tr>\n<td width=\"48\">22<\/td>\n<td width=\"171\">WERGIFOSSE JORDAN<\/td>\n<td width=\"158\">KEUP ANTOINE<\/td>\n<td width=\"70\">03:07.833<\/td>\n<\/tr>\n<tr>\n<td width=\"48\">23<\/td>\n<td width=\"171\">NICOLAS CHRISTOPHE<\/td>\n<td width=\"158\">SELEMANI DAVID<\/td>\n<td width=\"70\">35 trs<\/td>\n<\/tr>\n<tr>\n<td width=\"48\">24<\/td>\n<td width=\"171\">VALENDUC MARTIN<\/td>\n<td width=\"158\">VINKEN QUENTIN<\/td>\n<td width=\"70\">01:28.718<\/td>\n<\/tr>\n<tr>\n<td width=\"48\">25<\/td>\n<td width=\"171\">CHARLIER VINCENT<\/td>\n<td width=\"158\">VERHEES Lo\u00efc<\/td>\n<td width=\"70\">02:45.202<\/td>\n<\/tr>\n<tr>\n<td width=\"48\">26<\/td>\n<td width=\"171\">SIMAL Denis<\/td>\n<td width=\"158\">LAMY Nicolas<\/td>\n<td width=\"70\">03:53.120<\/td>\n<\/tr>\n<tr>\n<td width=\"48\">27<\/td>\n<td width=\"171\">REULIAUX GILLES<\/td>\n<td width=\"158\">ORMAN Anthony<\/td>\n<td width=\"70\">04:03.239<\/td>\n<\/tr>\n<tr>\n<td width=\"48\">28<\/td>\n<td width=\"171\">MONFORT DOMINIQUE<\/td>\n<td width=\"158\">PERSYN OLIVIER<\/td>\n<td width=\"70\">04:23.534<\/td>\n<\/tr>\n<tr>\n<td width=\"48\">29<\/td>\n<td width=\"171\">BAUGNIET CHRISTOPHE<\/td>\n<td width=\"158\">LESUISSE DAVID<\/td>\n<td width=\"70\">05:23.074<\/td>\n<\/tr>\n<tr>\n<td width=\"48\">30<\/td>\n<td width=\"171\">LEJEUNE FRED<\/td>\n<td width=\"158\">LEJEUNE DOMINIQUE<\/td>\n<td width=\"70\">34 trs<\/td>\n<\/tr>\n<tr>\n<td width=\"48\">31<\/td>\n<td width=\"171\">DUJEU MAXIME<\/td>\n<td width=\"158\">VAN DOOREN QUENTIN<\/td>\n<td width=\"70\">01:58.081<\/td>\n<\/tr>\n<tr>\n<td width=\"48\">32<\/td>\n<td width=\"171\">WIRTZ FRANCK<\/td>\n<td width=\"158\">LEONARD ROMAN<\/td>\n<td width=\"70\">03:51.660<\/td>\n<\/tr>\n<tr>\n<td width=\"48\">33<\/td>\n<td width=\"171\">WEBER PHILIPPE<\/td>\n<td width=\"158\">BOLETTE GREGORY<\/td>\n<td width=\"70\">05:00.365<\/td>\n<\/tr>\n<tr>\n<td width=\"48\">34<\/td>\n<td width=\"171\">PAMOZZO JEROME<\/td>\n<td width=\"158\">ALBERTINI ADELIN<\/td>\n<td width=\"70\">05:45.305<\/td>\n<\/tr>\n<tr>\n<td width=\"48\">35<\/td>\n<td width=\"171\">LARUE Philippe<\/td>\n<td width=\"158\">POLAIN FLORIENT<\/td>\n<td width=\"70\">33 trs<\/td>\n<\/tr>\n<tr>\n<td width=\"48\">36<\/td>\n<td width=\"171\">PIERARD dominique<\/td>\n<td width=\"158\">PIERARD Louis<\/td>\n<td width=\"70\">00:02.051<\/td>\n<\/tr>\n<tr>\n<td width=\"48\">37<\/td>\n<td width=\"171\">GUEBELLE FLORIAN<\/td>\n<td width=\"158\">PIETTE JONATHAN<\/td>\n<td width=\"70\">01:51.947<\/td>\n<\/tr>\n<tr>\n<td width=\"48\">38<\/td>\n<td width=\"171\">QUIRINY Guillaume<\/td>\n<td width=\"158\">DAIVIER JULIEN<\/td>\n<td width=\"70\">02:55.206<\/td>\n<\/tr>\n<tr>\n<td width=\"48\">39<\/td>\n<td width=\"171\">VINKEN THIBAULT<\/td>\n<td width=\"158\">HAUTENNE EMILIEN<\/td>\n<td width=\"70\">05:34.215<\/td>\n<\/tr>\n<tr>\n<td width=\"48\">40<\/td>\n<td width=\"171\">DE KLERK PETER<\/td>\n<td width=\"158\"><\/td>\n<td width=\"70\">32 trs<\/td>\n<\/tr>\n<tr>\n<td width=\"48\">41<\/td>\n<td width=\"171\">CALCAGNINI MICHAEL<\/td>\n<td width=\"158\">RIHON PASCAL<\/td>\n<td width=\"70\">00:41.508<\/td>\n<\/tr>\n<tr>\n<td width=\"48\">42<\/td>\n<td width=\"171\">THIENPONDT BENOIT<\/td>\n<td width=\"158\">DE VINCK MICHEL<\/td>\n<td width=\"70\">02:09.376<\/td>\n<\/tr>\n<tr>\n<td width=\"48\">43<\/td>\n<td width=\"171\">SLUSE VINCENT<\/td>\n<td width=\"158\">SLUSE ADRIEN<\/td>\n<td width=\"70\">05:34.837<\/td>\n<\/tr>\n<tr>\n<td width=\"48\">44<\/td>\n<td width=\"171\">LACOMBLEZ Julien<\/td>\n<td width=\"158\">MOURRA Miguel<\/td>\n<td width=\"70\">06:07.646<\/td>\n<\/tr>\n<tr>\n<td width=\"48\">45<\/td>\n<td width=\"171\">LEFEBVRE Julien<\/td>\n<td width=\"158\">DENIS TOM<\/td>\n<td width=\"70\">31 trs<\/td>\n<\/tr>\n<tr>\n<td width=\"48\">46<\/td>\n<td width=\"171\">BOTRON robin<\/td>\n<td width=\"158\">OGER ADRIEN<\/td>\n<td width=\"70\">03:50.755<\/td>\n<\/tr>\n<tr>\n<td width=\"48\">47<\/td>\n<td width=\"171\">VERVAEKE Julien<\/td>\n<td width=\"158\">HENAUT nelson<\/td>\n<td width=\"70\">05:00.094<\/td>\n<\/tr>\n<tr>\n<td width=\"48\">48<\/td>\n<td width=\"171\">SOLBREUX PIERRE-ALEX<\/td>\n<td width=\"158\"><\/td>\n<td width=\"70\">30 trs<\/td>\n<\/tr>\n<tr>\n<td width=\"48\">49<\/td>\n<td width=\"171\">REGNIER Bastien<\/td>\n<td width=\"158\"><\/td>\n<td width=\"70\">02:09.484<\/td>\n<\/tr>\n<tr>\n<td width=\"48\">50<\/td>\n<td width=\"171\">DE KLERK KEVIN<\/td>\n<td width=\"158\"><\/td>\n<td width=\"70\">02:16.871<\/td>\n<\/tr>\n<tr>\n<td width=\"48\">51<\/td>\n<td width=\"171\">LETOT Maxime<\/td>\n<td width=\"158\">CHIRY Axel<\/td>\n<td width=\"70\">02:59.794<\/td>\n<\/tr>\n<tr>\n<td width=\"48\">52<\/td>\n<td width=\"171\">HOUYON SAMUEL<\/td>\n<td width=\"158\">STALMANS LIONEL<\/td>\n<td width=\"70\">29 trs<\/td>\n<\/tr>\n<tr>\n<td width=\"48\">53<\/td>\n<td width=\"171\">TISSIER Steve<\/td>\n<td width=\"158\">TEMMERMAN luc<\/td>\n<td width=\"70\">22:46.420<\/td>\n<\/tr>\n<tr>\n<td width=\"48\">54<\/td>\n<td width=\"171\">JACQUEMYN Eddy<\/td>\n<td width=\"158\">JACQUEMYN Corentin<\/td>\n<td width=\"70\">34:50.406<\/td>\n<\/tr>\n<tr>\n<td width=\"48\">55<\/td>\n<td width=\"171\">TAVIET SAMUEL<\/td>\n<td width=\"158\"><\/td>\n<td width=\"70\">28 trs<\/td>\n<\/tr>\n<tr>\n<td width=\"48\">56<\/td>\n<td width=\"171\">FRETZ Maxime<\/td>\n<td width=\"158\"><\/td>\n<td width=\"70\">06:40.132<\/td>\n<\/tr>\n<tr>\n<td width=\"48\">57<\/td>\n<td width=\"171\">BOELS CORENTIN<\/td>\n<td width=\"158\">BEAUCLAIRE GREGORY<\/td>\n<td width=\"70\">26 trs<\/td>\n<\/tr>\n<tr>\n<td width=\"48\">58<\/td>\n<td width=\"171\">MATHIEU Brolet<\/td>\n<td width=\"158\"><\/td>\n<td width=\"70\">25 trs<\/td>\n<\/tr>\n<tr>\n<td width=\"48\">59<\/td>\n<td width=\"171\">SCHEEN PIERRE<\/td>\n<td width=\"158\">DUHAINAUT OLI<\/td>\n<td width=\"70\">23 trs<\/td>\n<\/tr>\n<tr>\n<td width=\"48\">60<\/td>\n<td width=\"171\">MARECHAL DIMITRI<\/td>\n<td width=\"158\"><\/td>\n<td width=\"70\">24:22.244<\/td>\n<\/tr>\n<tr>\n<td width=\"48\">61<\/td>\n<td width=\"171\">DEGOSSELY adrien<\/td>\n<td width=\"158\">BOULANGER Julien<\/td>\n<td width=\"70\">25:23.365<\/td>\n<\/tr>\n<tr>\n<td width=\"48\">62<\/td>\n<td width=\"171\">LARVE THIBAULT<\/td>\n<td width=\"158\">BALTHAZARD MANUEL<\/td>\n<td width=\"70\">22 trs<\/td>\n<\/tr>\n<tr>\n<td width=\"48\">63<\/td>\n<td width=\"171\">VANCRANENBROECK Lawrence<\/td>\n<td width=\"158\">VAN CLEYNENBREUGEL ken<\/td>\n<td width=\"70\">21 trs<\/td>\n<\/tr>\n<tr>\n<td width=\"48\">64<\/td>\n<td width=\"171\">DE VINCK FRANCOIS<\/td>\n<td width=\"158\"><\/td>\n<td width=\"70\">26:59.786<\/td>\n<\/tr>\n<tr>\n<td width=\"48\">65<\/td>\n<td width=\"171\">ONART STEVE<\/td>\n<td width=\"158\"><\/td>\n<td width=\"70\">19 trs<\/td>\n<\/tr>\n<tr>\n<td width=\"48\">66<\/td>\n<td width=\"171\">BRUNSON NICOLAS<\/td>\n<td width=\"158\"><\/td>\n<td width=\"70\">35:59.373<\/td>\n<\/tr>\n<tr>\n<td width=\"48\">67<\/td>\n<td width=\"171\">CORNET DIDIER<\/td>\n<td width=\"158\">JOBKENNE FRED<\/td>\n<td width=\"70\">18 trs<\/td>\n<\/tr>\n<tr>\n<td width=\"48\">68<\/td>\n<td width=\"171\">GUERISSE VINCENT<\/td>\n<td width=\"158\"><\/td>\n<td width=\"70\">3 trs<\/td>\n<\/tr>\n<\/tbody>\n<\/table>\n<div id=\"ConnectiveDocSignExtentionInstalled\" data-extension-version=\"1.0.4\"><\/div>\n","protected":false},"excerpt":{"rendered":"<p>Ils seront adversaires le week-end prochain sur la 40\u00e8me \u00e9dition des 12 Heures de la Chinelle mais ils avaient d\u00e9cid\u00e9 de pr\u00e9parer ensemble ce grand rendez-vous de la saison. Ils [&#8230;]<\/p>\n","protected":false},"author":932,"featured_media":91050,"comment_status":"open","ping_status":"closed","sticky":false,"template":"","format":"standard","meta":{"footnotes":""},"categories":[54,32,33,55,65],"tags":[1168,427,951],"class_list":["post-93333","post","type-post","status-publish","format-standard","has-post-thumbnail","hentry","category-actualite","category-enduro","category-news-enduro","category-news-actualite","category-slideshow","tag-boxc","tag-endurance","tag-enduro"],"yoast_head":"<!-- This site is optimized with the Yoast SEO plugin v27.4 - https:\/\/yoast.com\/product\/yoast-seo-wordpress\/ -->\n<title>Magain et Vanoevelen remportent l&#039;ouverture du BOXC \u00e0 Joubi\u00e9val - Motocross - Enduro - Supermoto | MotocrossMag<\/title>\n<meta name=\"robots\" content=\"index, follow, max-snippet:-1, max-image-preview:large, max-video-preview:-1\" \/>\n<link rel=\"canonical\" href=\"https:\/\/fr.motocrossmag.be\/index.php\/2019\/08\/magain-et-vanoevelen-remportent-louverture-du-boxc-a-joubieval\/\" \/>\n<meta property=\"og:locale\" content=\"fr_FR\" \/>\n<meta property=\"og:type\" content=\"article\" \/>\n<meta property=\"og:title\" content=\"Magain et Vanoevelen remportent l&#039;ouverture du BOXC \u00e0 Joubi\u00e9val - Motocross - Enduro - Supermoto | MotocrossMag\" \/>\n<meta property=\"og:description\" content=\"Ils seront adversaires le week-end prochain sur la 40\u00e8me \u00e9dition des 12 Heures de la Chinelle mais ils avaient d\u00e9cid\u00e9 de pr\u00e9parer ensemble ce grand rendez-vous de la saison. Ils [...]\" \/>\n<meta property=\"og:url\" content=\"https:\/\/fr.motocrossmag.be\/index.php\/2019\/08\/magain-et-vanoevelen-remportent-louverture-du-boxc-a-joubieval\/\" \/>\n<meta property=\"og:site_name\" content=\"Motocross - Enduro - Supermoto | MotocrossMag\" \/>\n<meta property=\"article:published_time\" content=\"2019-08-06T12:03:52+00:00\" \/>\n<meta property=\"article:modified_time\" content=\"2019-08-06T12:28:18+00:00\" \/>\n<meta property=\"og:image\" content=\"https:\/\/fr.motocrossmag.be\/wp-content\/uploads\/2019\/07\/vanoevelen-husqvarna-bailleux.jpg\" \/>\n\t<meta property=\"og:image:width\" content=\"1000\" \/>\n\t<meta property=\"og:image:height\" content=\"666\" \/>\n\t<meta property=\"og:image:type\" content=\"image\/jpeg\" \/>\n<meta name=\"author\" content=\"oliviere\" \/>\n<meta name=\"twitter:card\" content=\"summary_large_image\" \/>\n<meta name=\"twitter:label1\" content=\"\u00c9crit par\" \/>\n\t<meta name=\"twitter:data1\" content=\"oliviere\" \/>\n\t<meta name=\"twitter:label2\" content=\"Dur\u00e9e de lecture estim\u00e9e\" \/>\n\t<meta name=\"twitter:data2\" content=\"2 minutes\" \/>\n<script type=\"application\/ld+json\" class=\"yoast-schema-graph\">{\"@context\":\"https:\\\/\\\/schema.org\",\"@graph\":[{\"@type\":\"Article\",\"@id\":\"https:\\\/\\\/fr.motocrossmag.be\\\/index.php\\\/2019\\\/08\\\/magain-et-vanoevelen-remportent-louverture-du-boxc-a-joubieval\\\/#article\",\"isPartOf\":{\"@id\":\"https:\\\/\\\/fr.motocrossmag.be\\\/index.php\\\/2019\\\/08\\\/magain-et-vanoevelen-remportent-louverture-du-boxc-a-joubieval\\\/\"},\"author\":{\"name\":\"oliviere\",\"@id\":\"https:\\\/\\\/fr.motocrossmag.be\\\/#\\\/schema\\\/person\\\/11b47143d9f755babca2c9110e03235c\"},\"headline\":\"Magain et Vanoevelen remportent l&rsquo;ouverture du BOXC \u00e0 Joubi\u00e9val\",\"datePublished\":\"2019-08-06T12:03:52+00:00\",\"dateModified\":\"2019-08-06T12:28:18+00:00\",\"mainEntityOfPage\":{\"@id\":\"https:\\\/\\\/fr.motocrossmag.be\\\/index.php\\\/2019\\\/08\\\/magain-et-vanoevelen-remportent-louverture-du-boxc-a-joubieval\\\/\"},\"wordCount\":422,\"commentCount\":0,\"image\":{\"@id\":\"https:\\\/\\\/fr.motocrossmag.be\\\/index.php\\\/2019\\\/08\\\/magain-et-vanoevelen-remportent-louverture-du-boxc-a-joubieval\\\/#primaryimage\"},\"thumbnailUrl\":\"https:\\\/\\\/fr.motocrossmag.be\\\/wp-content\\\/uploads\\\/2019\\\/07\\\/vanoevelen-husqvarna-bailleux.jpg\",\"keywords\":[\"BOXC\",\"endurance\",\"Enduro\"],\"articleSection\":[\"Actualit\u00e9\",\"Enduro\",\"News\",\"News\",\"Slideshow\"],\"inLanguage\":\"fr-FR\",\"potentialAction\":[{\"@type\":\"CommentAction\",\"name\":\"Comment\",\"target\":[\"https:\\\/\\\/fr.motocrossmag.be\\\/index.php\\\/2019\\\/08\\\/magain-et-vanoevelen-remportent-louverture-du-boxc-a-joubieval\\\/#respond\"]}]},{\"@type\":\"WebPage\",\"@id\":\"https:\\\/\\\/fr.motocrossmag.be\\\/index.php\\\/2019\\\/08\\\/magain-et-vanoevelen-remportent-louverture-du-boxc-a-joubieval\\\/\",\"url\":\"https:\\\/\\\/fr.motocrossmag.be\\\/index.php\\\/2019\\\/08\\\/magain-et-vanoevelen-remportent-louverture-du-boxc-a-joubieval\\\/\",\"name\":\"Magain et Vanoevelen remportent l'ouverture du BOXC \u00e0 Joubi\u00e9val - Motocross - Enduro - Supermoto | MotocrossMag\",\"isPartOf\":{\"@id\":\"https:\\\/\\\/fr.motocrossmag.be\\\/#website\"},\"primaryImageOfPage\":{\"@id\":\"https:\\\/\\\/fr.motocrossmag.be\\\/index.php\\\/2019\\\/08\\\/magain-et-vanoevelen-remportent-louverture-du-boxc-a-joubieval\\\/#primaryimage\"},\"image\":{\"@id\":\"https:\\\/\\\/fr.motocrossmag.be\\\/index.php\\\/2019\\\/08\\\/magain-et-vanoevelen-remportent-louverture-du-boxc-a-joubieval\\\/#primaryimage\"},\"thumbnailUrl\":\"https:\\\/\\\/fr.motocrossmag.be\\\/wp-content\\\/uploads\\\/2019\\\/07\\\/vanoevelen-husqvarna-bailleux.jpg\",\"datePublished\":\"2019-08-06T12:03:52+00:00\",\"dateModified\":\"2019-08-06T12:28:18+00:00\",\"author\":{\"@id\":\"https:\\\/\\\/fr.motocrossmag.be\\\/#\\\/schema\\\/person\\\/11b47143d9f755babca2c9110e03235c\"},\"breadcrumb\":{\"@id\":\"https:\\\/\\\/fr.motocrossmag.be\\\/index.php\\\/2019\\\/08\\\/magain-et-vanoevelen-remportent-louverture-du-boxc-a-joubieval\\\/#breadcrumb\"},\"inLanguage\":\"fr-FR\",\"potentialAction\":[{\"@type\":\"ReadAction\",\"target\":[\"https:\\\/\\\/fr.motocrossmag.be\\\/index.php\\\/2019\\\/08\\\/magain-et-vanoevelen-remportent-louverture-du-boxc-a-joubieval\\\/\"]}]},{\"@type\":\"ImageObject\",\"inLanguage\":\"fr-FR\",\"@id\":\"https:\\\/\\\/fr.motocrossmag.be\\\/index.php\\\/2019\\\/08\\\/magain-et-vanoevelen-remportent-louverture-du-boxc-a-joubieval\\\/#primaryimage\",\"url\":\"https:\\\/\\\/fr.motocrossmag.be\\\/wp-content\\\/uploads\\\/2019\\\/07\\\/vanoevelen-husqvarna-bailleux.jpg\",\"contentUrl\":\"https:\\\/\\\/fr.motocrossmag.be\\\/wp-content\\\/uploads\\\/2019\\\/07\\\/vanoevelen-husqvarna-bailleux.jpg\",\"width\":1000,\"height\":666},{\"@type\":\"BreadcrumbList\",\"@id\":\"https:\\\/\\\/fr.motocrossmag.be\\\/index.php\\\/2019\\\/08\\\/magain-et-vanoevelen-remportent-louverture-du-boxc-a-joubieval\\\/#breadcrumb\",\"itemListElement\":[{\"@type\":\"ListItem\",\"position\":1,\"name\":\"Accueil\",\"item\":\"https:\\\/\\\/fr.motocrossmag.be\\\/\"},{\"@type\":\"ListItem\",\"position\":2,\"name\":\"Magain et Vanoevelen remportent l&rsquo;ouverture du BOXC \u00e0 Joubi\u00e9val\"}]},{\"@type\":\"WebSite\",\"@id\":\"https:\\\/\\\/fr.motocrossmag.be\\\/#website\",\"url\":\"https:\\\/\\\/fr.motocrossmag.be\\\/\",\"name\":\"Motocross - Enduro - Supermoto | MotocrossMag\",\"description\":\"L&#039;actualit\u00e9 du motocross, de l&#039;enduro et du Supermoto en ligne!\",\"potentialAction\":[{\"@type\":\"SearchAction\",\"target\":{\"@type\":\"EntryPoint\",\"urlTemplate\":\"https:\\\/\\\/fr.motocrossmag.be\\\/?s={search_term_string}\"},\"query-input\":{\"@type\":\"PropertyValueSpecification\",\"valueRequired\":true,\"valueName\":\"search_term_string\"}}],\"inLanguage\":\"fr-FR\"},{\"@type\":\"Person\",\"@id\":\"https:\\\/\\\/fr.motocrossmag.be\\\/#\\\/schema\\\/person\\\/11b47143d9f755babca2c9110e03235c\",\"name\":\"oliviere\",\"image\":{\"@type\":\"ImageObject\",\"inLanguage\":\"fr-FR\",\"@id\":\"https:\\\/\\\/secure.gravatar.com\\\/avatar\\\/907069e0b81d119452040469e4a7501da1100f54f7f80180ce77bfab718288f6?s=96&d=mm&r=g\",\"url\":\"https:\\\/\\\/secure.gravatar.com\\\/avatar\\\/907069e0b81d119452040469e4a7501da1100f54f7f80180ce77bfab718288f6?s=96&d=mm&r=g\",\"contentUrl\":\"https:\\\/\\\/secure.gravatar.com\\\/avatar\\\/907069e0b81d119452040469e4a7501da1100f54f7f80180ce77bfab718288f6?s=96&d=mm&r=g\",\"caption\":\"oliviere\"},\"sameAs\":[\"http:\\\/\\\/www.motocrossmag.be\"],\"url\":\"https:\\\/\\\/fr.motocrossmag.be\\\/index.php\\\/author\\\/oliviere\\\/\"}]}<\/script>\n<!-- \/ Yoast SEO plugin. -->","yoast_head_json":{"title":"Magain et Vanoevelen remportent l'ouverture du BOXC \u00e0 Joubi\u00e9val - Motocross - Enduro - Supermoto | MotocrossMag","robots":{"index":"index","follow":"follow","max-snippet":"max-snippet:-1","max-image-preview":"max-image-preview:large","max-video-preview":"max-video-preview:-1"},"canonical":"https:\/\/fr.motocrossmag.be\/index.php\/2019\/08\/magain-et-vanoevelen-remportent-louverture-du-boxc-a-joubieval\/","og_locale":"fr_FR","og_type":"article","og_title":"Magain et Vanoevelen remportent l'ouverture du BOXC \u00e0 Joubi\u00e9val - Motocross - Enduro - Supermoto | MotocrossMag","og_description":"Ils seront adversaires le week-end prochain sur la 40\u00e8me \u00e9dition des 12 Heures de la Chinelle mais ils avaient d\u00e9cid\u00e9 de pr\u00e9parer ensemble ce grand rendez-vous de la saison. Ils [...]","og_url":"https:\/\/fr.motocrossmag.be\/index.php\/2019\/08\/magain-et-vanoevelen-remportent-louverture-du-boxc-a-joubieval\/","og_site_name":"Motocross - Enduro - Supermoto | MotocrossMag","article_published_time":"2019-08-06T12:03:52+00:00","article_modified_time":"2019-08-06T12:28:18+00:00","og_image":[{"width":1000,"height":666,"url":"https:\/\/fr.motocrossmag.be\/wp-content\/uploads\/2019\/07\/vanoevelen-husqvarna-bailleux.jpg","type":"image\/jpeg"}],"author":"oliviere","twitter_card":"summary_large_image","twitter_misc":{"\u00c9crit par":"oliviere","Dur\u00e9e de lecture estim\u00e9e":"2 minutes"},"schema":{"@context":"https:\/\/schema.org","@graph":[{"@type":"Article","@id":"https:\/\/fr.motocrossmag.be\/index.php\/2019\/08\/magain-et-vanoevelen-remportent-louverture-du-boxc-a-joubieval\/#article","isPartOf":{"@id":"https:\/\/fr.motocrossmag.be\/index.php\/2019\/08\/magain-et-vanoevelen-remportent-louverture-du-boxc-a-joubieval\/"},"author":{"name":"oliviere","@id":"https:\/\/fr.motocrossmag.be\/#\/schema\/person\/11b47143d9f755babca2c9110e03235c"},"headline":"Magain et Vanoevelen remportent l&rsquo;ouverture du BOXC \u00e0 Joubi\u00e9val","datePublished":"2019-08-06T12:03:52+00:00","dateModified":"2019-08-06T12:28:18+00:00","mainEntityOfPage":{"@id":"https:\/\/fr.motocrossmag.be\/index.php\/2019\/08\/magain-et-vanoevelen-remportent-louverture-du-boxc-a-joubieval\/"},"wordCount":422,"commentCount":0,"image":{"@id":"https:\/\/fr.motocrossmag.be\/index.php\/2019\/08\/magain-et-vanoevelen-remportent-louverture-du-boxc-a-joubieval\/#primaryimage"},"thumbnailUrl":"https:\/\/fr.motocrossmag.be\/wp-content\/uploads\/2019\/07\/vanoevelen-husqvarna-bailleux.jpg","keywords":["BOXC","endurance","Enduro"],"articleSection":["Actualit\u00e9","Enduro","News","News","Slideshow"],"inLanguage":"fr-FR","potentialAction":[{"@type":"CommentAction","name":"Comment","target":["https:\/\/fr.motocrossmag.be\/index.php\/2019\/08\/magain-et-vanoevelen-remportent-louverture-du-boxc-a-joubieval\/#respond"]}]},{"@type":"WebPage","@id":"https:\/\/fr.motocrossmag.be\/index.php\/2019\/08\/magain-et-vanoevelen-remportent-louverture-du-boxc-a-joubieval\/","url":"https:\/\/fr.motocrossmag.be\/index.php\/2019\/08\/magain-et-vanoevelen-remportent-louverture-du-boxc-a-joubieval\/","name":"Magain et Vanoevelen remportent l'ouverture du BOXC \u00e0 Joubi\u00e9val - Motocross - Enduro - Supermoto | MotocrossMag","isPartOf":{"@id":"https:\/\/fr.motocrossmag.be\/#website"},"primaryImageOfPage":{"@id":"https:\/\/fr.motocrossmag.be\/index.php\/2019\/08\/magain-et-vanoevelen-remportent-louverture-du-boxc-a-joubieval\/#primaryimage"},"image":{"@id":"https:\/\/fr.motocrossmag.be\/index.php\/2019\/08\/magain-et-vanoevelen-remportent-louverture-du-boxc-a-joubieval\/#primaryimage"},"thumbnailUrl":"https:\/\/fr.motocrossmag.be\/wp-content\/uploads\/2019\/07\/vanoevelen-husqvarna-bailleux.jpg","datePublished":"2019-08-06T12:03:52+00:00","dateModified":"2019-08-06T12:28:18+00:00","author":{"@id":"https:\/\/fr.motocrossmag.be\/#\/schema\/person\/11b47143d9f755babca2c9110e03235c"},"breadcrumb":{"@id":"https:\/\/fr.motocrossmag.be\/index.php\/2019\/08\/magain-et-vanoevelen-remportent-louverture-du-boxc-a-joubieval\/#breadcrumb"},"inLanguage":"fr-FR","potentialAction":[{"@type":"ReadAction","target":["https:\/\/fr.motocrossmag.be\/index.php\/2019\/08\/magain-et-vanoevelen-remportent-louverture-du-boxc-a-joubieval\/"]}]},{"@type":"ImageObject","inLanguage":"fr-FR","@id":"https:\/\/fr.motocrossmag.be\/index.php\/2019\/08\/magain-et-vanoevelen-remportent-louverture-du-boxc-a-joubieval\/#primaryimage","url":"https:\/\/fr.motocrossmag.be\/wp-content\/uploads\/2019\/07\/vanoevelen-husqvarna-bailleux.jpg","contentUrl":"https:\/\/fr.motocrossmag.be\/wp-content\/uploads\/2019\/07\/vanoevelen-husqvarna-bailleux.jpg","width":1000,"height":666},{"@type":"BreadcrumbList","@id":"https:\/\/fr.motocrossmag.be\/index.php\/2019\/08\/magain-et-vanoevelen-remportent-louverture-du-boxc-a-joubieval\/#breadcrumb","itemListElement":[{"@type":"ListItem","position":1,"name":"Accueil","item":"https:\/\/fr.motocrossmag.be\/"},{"@type":"ListItem","position":2,"name":"Magain et Vanoevelen remportent l&rsquo;ouverture du BOXC \u00e0 Joubi\u00e9val"}]},{"@type":"WebSite","@id":"https:\/\/fr.motocrossmag.be\/#website","url":"https:\/\/fr.motocrossmag.be\/","name":"Motocross - Enduro - Supermoto | MotocrossMag","description":"L&#039;actualit\u00e9 du motocross, de l&#039;enduro et du Supermoto en ligne!","potentialAction":[{"@type":"SearchAction","target":{"@type":"EntryPoint","urlTemplate":"https:\/\/fr.motocrossmag.be\/?s={search_term_string}"},"query-input":{"@type":"PropertyValueSpecification","valueRequired":true,"valueName":"search_term_string"}}],"inLanguage":"fr-FR"},{"@type":"Person","@id":"https:\/\/fr.motocrossmag.be\/#\/schema\/person\/11b47143d9f755babca2c9110e03235c","name":"oliviere","image":{"@type":"ImageObject","inLanguage":"fr-FR","@id":"https:\/\/secure.gravatar.com\/avatar\/907069e0b81d119452040469e4a7501da1100f54f7f80180ce77bfab718288f6?s=96&d=mm&r=g","url":"https:\/\/secure.gravatar.com\/avatar\/907069e0b81d119452040469e4a7501da1100f54f7f80180ce77bfab718288f6?s=96&d=mm&r=g","contentUrl":"https:\/\/secure.gravatar.com\/avatar\/907069e0b81d119452040469e4a7501da1100f54f7f80180ce77bfab718288f6?s=96&d=mm&r=g","caption":"oliviere"},"sameAs":["http:\/\/www.motocrossmag.be"],"url":"https:\/\/fr.motocrossmag.be\/index.php\/author\/oliviere\/"}]}},"_links":{"self":[{"href":"https:\/\/fr.motocrossmag.be\/index.php\/wp-json\/wp\/v2\/posts\/93333","targetHints":{"allow":["GET"]}}],"collection":[{"href":"https:\/\/fr.motocrossmag.be\/index.php\/wp-json\/wp\/v2\/posts"}],"about":[{"href":"https:\/\/fr.motocrossmag.be\/index.php\/wp-json\/wp\/v2\/types\/post"}],"author":[{"embeddable":true,"href":"https:\/\/fr.motocrossmag.be\/index.php\/wp-json\/wp\/v2\/users\/932"}],"replies":[{"embeddable":true,"href":"https:\/\/fr.motocrossmag.be\/index.php\/wp-json\/wp\/v2\/comments?post=93333"}],"version-history":[{"count":0,"href":"https:\/\/fr.motocrossmag.be\/index.php\/wp-json\/wp\/v2\/posts\/93333\/revisions"}],"wp:featuredmedia":[{"embeddable":true,"href":"https:\/\/fr.motocrossmag.be\/index.php\/wp-json\/wp\/v2\/media\/91050"}],"wp:attachment":[{"href":"https:\/\/fr.motocrossmag.be\/index.php\/wp-json\/wp\/v2\/media?parent=93333"}],"wp:term":[{"taxonomy":"category","embeddable":true,"href":"https:\/\/fr.motocrossmag.be\/index.php\/wp-json\/wp\/v2\/categories?post=93333"},{"taxonomy":"post_tag","embeddable":true,"href":"https:\/\/fr.motocrossmag.be\/index.php\/wp-json\/wp\/v2\/tags?post=93333"}],"curies":[{"name":"wp","href":"https:\/\/api.w.org\/{rel}","templated":true}]}}