{"id":93396,"date":"2019-08-07T14:26:09","date_gmt":"2019-08-07T12:26:09","guid":{"rendered":"https:\/\/fr.motocrossmag.be\/?p=93396"},"modified":"2019-08-07T16:29:34","modified_gmt":"2019-08-07T14:29:34","slug":"mini-chinelle-les-equipages-engages","status":"publish","type":"post","link":"https:\/\/fr.motocrossmag.be\/index.php\/2019\/08\/mini-chinelle-les-equipages-engages\/","title":{"rendered":"Mini-Chinelle : les \u00e9quipages engag\u00e9s"},"content":{"rendered":"<p><strong>C&rsquo;est d\u00e9sormais la tradition, la premi\u00e8re comp\u00e9tition du week-end sur les 12 Heures de la Chinelle est r\u00e9serv\u00e9e aux kids. Ils sont \u00e2g\u00e9s de 8 \u00e0 15 ans et, au guidon de leur 65cc ou de leur 85cc et par \u00e9quipe de deux pilotes, ils disputent la Mini-Chinelle. Une \u00e9preuve d&rsquo;endurance de 2 heures chapeaut\u00e9e par Fred Fiorentino et Philippe Degregne dont on f\u00eatera cette ann\u00e9e le 8\u00e8me anniversaire et qui int\u00e8gre le nouveau championnat de Wallonie BEX Kids. D\u00e9part le samedi 10 ao\u00fbt \u00e0 12h30.<\/strong><\/p>\n<p>&nbsp;<\/p>\n<p><strong><span style=\"color: #ff0000;\">Timing<\/span><\/strong><\/p>\n<ul>\n<li>09h30 \u2013 10h00 : Essais Mini-Chinelle<\/li>\n<li>12h30 \u2013 14h30\u00a0: Course 2h Mini-Chinelle<\/li>\n<li>16h00\u00a0: Remise des prix Mini-Chinelle<\/li>\n<\/ul>\n<p>&nbsp;<\/p>\n<p><span style=\"color: #ff0000;\"><strong>Liste des \u00e9quipages &#8211; Mini-Chinelle 2019<\/strong><\/span><\/p>\n<p>&nbsp;<\/p>\n<table style=\"margin: auto;\" width=\"95%\">\n<tbody>\n<tr>\n<td width=\"242\">Team Havelange<\/td>\n<td width=\"235\">Victor Havelange<\/td>\n<td width=\"206\">Despontin Lounis<\/td>\n<\/tr>\n<tr>\n<td>Debuisson Galvan<\/td>\n<td>Debuisson Marius<\/td>\n<td>Galvan Antoine<\/td>\n<\/tr>\n<tr>\n<td>les biloutes<\/td>\n<td>brachotte esteban<\/td>\n<td>plevoets louan<\/td>\n<\/tr>\n<tr>\n<td>Team Junior MX no limit<\/td>\n<td>Dellisse Yannis<\/td>\n<td>Brun Jules<\/td>\n<\/tr>\n<tr>\n<td>Decendre<\/td>\n<td>Beaudoul<\/td>\n<td>decendre daymond<\/td>\n<\/tr>\n<tr>\n<td>Team Gemeaux MX<\/td>\n<td>Schoonyans Nathan<\/td>\n<td>Peere Romain<\/td>\n<\/tr>\n<tr>\n<td>MINI TEAM TELEVIE 2<\/td>\n<td>BERWART Mathias<\/td>\n<td>FRASELLE Brieuc<\/td>\n<\/tr>\n<tr>\n<td>Les crosmans<\/td>\n<td>Jeitz Nolan<\/td>\n<td>Ernotte Oph\u00e9lie<\/td>\n<\/tr>\n<tr>\n<td>softeo La team de choc<\/td>\n<td>GEMBALA SOFIAN<\/td>\n<td>WAUTERS TEO<\/td>\n<\/tr>\n<tr>\n<td>M&amp;L Six Five<\/td>\n<td>Bils Martin<\/td>\n<td>P\u00f6l\u00f6skei Liam<\/td>\n<\/tr>\n<tr>\n<td>stagemx.be<\/td>\n<td>Jeanmoye Loris<\/td>\n<td>Etienne Nathan<\/td>\n<\/tr>\n<tr>\n<td>TMCM Racing<\/td>\n<td>Meurice Matt\u00e9o<\/td>\n<td>Claude Tom<\/td>\n<\/tr>\n<tr>\n<td>Winville<\/td>\n<td>Richard hugo<\/td>\n<td>Louis Jacques<\/td>\n<\/tr>\n<tr>\n<td>Team MM Racing Antoine Magain<\/td>\n<td>Callens Mathis<\/td>\n<td>Havenne Louis<\/td>\n<\/tr>\n<tr>\n<td>D-TEREN MX TEAM<\/td>\n<td>Wetteren Antoine<\/td>\n<td>Dumazy Eloi<\/td>\n<\/tr>\n<tr>\n<td>Deminne<\/td>\n<td>Deminne noah<\/td>\n<td>Vermiglio luano<\/td>\n<\/tr>\n<tr>\n<td>fran\u00e7ois-lissens<\/td>\n<td>Fran\u00e7ois Baptiste<\/td>\n<td>Lissens Romain<\/td>\n<\/tr>\n<tr>\n<td>Les Minimotards<\/td>\n<td>Gourmet Evan<\/td>\n<td>Luciano Lorenz<\/td>\n<\/tr>\n<tr>\n<td>Evatan<\/td>\n<td>Evan Boutet<\/td>\n<td>Harmegnies Tristan<\/td>\n<\/tr>\n<tr>\n<td>Team BUROR<\/td>\n<td>Putard Pierre<\/td>\n<td>Dallerive C\u00f4me<\/td>\n<\/tr>\n<tr>\n<td>the french team<\/td>\n<td>francois antoine<\/td>\n<td>houffin lucas<\/td>\n<\/tr>\n<tr>\n<td>Tom&amp;Livio<\/td>\n<td>Dolfini Tom<\/td>\n<td>Censier Livio<\/td>\n<\/tr>\n<tr>\n<td>MP41<\/td>\n<td>Ligot William<\/td>\n<td>Sente Victor<\/td>\n<\/tr>\n<tr>\n<td>HERMAND-VAN THIELEN<\/td>\n<td>HERMAND Louis<\/td>\n<td>VAN THIELEN Lucas<\/td>\n<\/tr>\n<tr>\n<td>Denil-Marbaise<\/td>\n<td>Denil Noa<\/td>\n<td>Marbaise Romain<\/td>\n<\/tr>\n<tr>\n<td>Tom&amp;Livio<\/td>\n<td>Dolfini Tom<\/td>\n<td>Censier Livio<\/td>\n<\/tr>\n<tr>\n<td>Matt tayson<\/td>\n<td>Tayson Moreau<\/td>\n<td>Matteo Rome<\/td>\n<\/tr>\n<tr>\n<td>Mx De Baere<\/td>\n<td>Elise De Baere<\/td>\n<td>Emile De Baere<\/td>\n<\/tr>\n<\/tbody>\n<\/table>\n<div id=\"ConnectiveDocSignExtentionInstalled\" data-extension-version=\"1.0.4\"><\/div>\n","protected":false},"excerpt":{"rendered":"<p>C&rsquo;est d\u00e9sormais la tradition, la premi\u00e8re comp\u00e9tition du week-end sur les 12 Heures de la Chinelle est r\u00e9serv\u00e9e aux kids. Ils sont \u00e2g\u00e9s de 8 \u00e0 15 ans et, au [&#8230;]<\/p>\n","protected":false},"author":932,"featured_media":77877,"comment_status":"open","ping_status":"closed","sticky":false,"template":"","format":"standard","meta":{"footnotes":""},"categories":[54,32,35,44,73,33,45,55,65],"tags":[1167,427,951],"class_list":["post-93396","post","type-post","status-publish","format-standard","has-post-thumbnail","hentry","category-actualite","category-enduro","category-fmb-enduro","category-kids","category-chinelle","category-news-enduro","category-news-kids","category-news-actualite","category-slideshow","tag-bex","tag-endurance","tag-enduro"],"yoast_head":"<!-- This site is optimized with the Yoast SEO plugin v27.4 - https:\/\/yoast.com\/product\/yoast-seo-wordpress\/ -->\n<title>Mini-Chinelle : les \u00e9quipages engag\u00e9s - Motocross - Enduro - Supermoto | MotocrossMag<\/title>\n<meta name=\"robots\" content=\"index, follow, max-snippet:-1, max-image-preview:large, max-video-preview:-1\" \/>\n<link rel=\"canonical\" href=\"https:\/\/fr.motocrossmag.be\/index.php\/2019\/08\/mini-chinelle-les-equipages-engages\/\" \/>\n<meta property=\"og:locale\" content=\"fr_FR\" \/>\n<meta property=\"og:type\" content=\"article\" \/>\n<meta property=\"og:title\" content=\"Mini-Chinelle : les \u00e9quipages engag\u00e9s - Motocross - Enduro - Supermoto | MotocrossMag\" \/>\n<meta property=\"og:description\" content=\"C&rsquo;est d\u00e9sormais la tradition, la premi\u00e8re comp\u00e9tition du week-end sur les 12 Heures de la Chinelle est r\u00e9serv\u00e9e aux kids. Ils sont \u00e2g\u00e9s de 8 \u00e0 15 ans et, au [...]\" \/>\n<meta property=\"og:url\" content=\"https:\/\/fr.motocrossmag.be\/index.php\/2019\/08\/mini-chinelle-les-equipages-engages\/\" \/>\n<meta property=\"og:site_name\" content=\"Motocross - Enduro - Supermoto | MotocrossMag\" \/>\n<meta property=\"article:published_time\" content=\"2019-08-07T12:26:09+00:00\" \/>\n<meta property=\"article:modified_time\" content=\"2019-08-07T14:29:34+00:00\" \/>\n<meta property=\"og:image\" content=\"https:\/\/fr.motocrossmag.be\/wp-content\/uploads\/2018\/08\/mini-024.jpg\" \/>\n\t<meta property=\"og:image:width\" content=\"850\" \/>\n\t<meta property=\"og:image:height\" content=\"566\" \/>\n\t<meta property=\"og:image:type\" content=\"image\/jpeg\" \/>\n<meta name=\"author\" content=\"oliviere\" \/>\n<meta name=\"twitter:card\" content=\"summary_large_image\" \/>\n<meta name=\"twitter:label1\" content=\"\u00c9crit par\" \/>\n\t<meta name=\"twitter:data1\" content=\"oliviere\" \/>\n\t<meta name=\"twitter:label2\" content=\"Dur\u00e9e de lecture estim\u00e9e\" \/>\n\t<meta name=\"twitter:data2\" content=\"2 minutes\" \/>\n<script type=\"application\/ld+json\" class=\"yoast-schema-graph\">{\"@context\":\"https:\\\/\\\/schema.org\",\"@graph\":[{\"@type\":\"Article\",\"@id\":\"https:\\\/\\\/fr.motocrossmag.be\\\/index.php\\\/2019\\\/08\\\/mini-chinelle-les-equipages-engages\\\/#article\",\"isPartOf\":{\"@id\":\"https:\\\/\\\/fr.motocrossmag.be\\\/index.php\\\/2019\\\/08\\\/mini-chinelle-les-equipages-engages\\\/\"},\"author\":{\"name\":\"oliviere\",\"@id\":\"https:\\\/\\\/fr.motocrossmag.be\\\/#\\\/schema\\\/person\\\/11b47143d9f755babca2c9110e03235c\"},\"headline\":\"Mini-Chinelle : les \u00e9quipages engag\u00e9s\",\"datePublished\":\"2019-08-07T12:26:09+00:00\",\"dateModified\":\"2019-08-07T14:29:34+00:00\",\"mainEntityOfPage\":{\"@id\":\"https:\\\/\\\/fr.motocrossmag.be\\\/index.php\\\/2019\\\/08\\\/mini-chinelle-les-equipages-engages\\\/\"},\"wordCount\":310,\"commentCount\":0,\"image\":{\"@id\":\"https:\\\/\\\/fr.motocrossmag.be\\\/index.php\\\/2019\\\/08\\\/mini-chinelle-les-equipages-engages\\\/#primaryimage\"},\"thumbnailUrl\":\"https:\\\/\\\/fr.motocrossmag.be\\\/wp-content\\\/uploads\\\/2018\\\/08\\\/mini-024.jpg\",\"keywords\":[\"BEX\",\"endurance\",\"Enduro\"],\"articleSection\":[\"Actualit\u00e9\",\"Enduro\",\"FMB\",\"Kids\",\"La Chinelle\",\"News\",\"News\",\"News\",\"Slideshow\"],\"inLanguage\":\"fr-FR\",\"potentialAction\":[{\"@type\":\"CommentAction\",\"name\":\"Comment\",\"target\":[\"https:\\\/\\\/fr.motocrossmag.be\\\/index.php\\\/2019\\\/08\\\/mini-chinelle-les-equipages-engages\\\/#respond\"]}]},{\"@type\":\"WebPage\",\"@id\":\"https:\\\/\\\/fr.motocrossmag.be\\\/index.php\\\/2019\\\/08\\\/mini-chinelle-les-equipages-engages\\\/\",\"url\":\"https:\\\/\\\/fr.motocrossmag.be\\\/index.php\\\/2019\\\/08\\\/mini-chinelle-les-equipages-engages\\\/\",\"name\":\"Mini-Chinelle : les \u00e9quipages engag\u00e9s - Motocross - Enduro - Supermoto | MotocrossMag\",\"isPartOf\":{\"@id\":\"https:\\\/\\\/fr.motocrossmag.be\\\/#website\"},\"primaryImageOfPage\":{\"@id\":\"https:\\\/\\\/fr.motocrossmag.be\\\/index.php\\\/2019\\\/08\\\/mini-chinelle-les-equipages-engages\\\/#primaryimage\"},\"image\":{\"@id\":\"https:\\\/\\\/fr.motocrossmag.be\\\/index.php\\\/2019\\\/08\\\/mini-chinelle-les-equipages-engages\\\/#primaryimage\"},\"thumbnailUrl\":\"https:\\\/\\\/fr.motocrossmag.be\\\/wp-content\\\/uploads\\\/2018\\\/08\\\/mini-024.jpg\",\"datePublished\":\"2019-08-07T12:26:09+00:00\",\"dateModified\":\"2019-08-07T14:29:34+00:00\",\"author\":{\"@id\":\"https:\\\/\\\/fr.motocrossmag.be\\\/#\\\/schema\\\/person\\\/11b47143d9f755babca2c9110e03235c\"},\"breadcrumb\":{\"@id\":\"https:\\\/\\\/fr.motocrossmag.be\\\/index.php\\\/2019\\\/08\\\/mini-chinelle-les-equipages-engages\\\/#breadcrumb\"},\"inLanguage\":\"fr-FR\",\"potentialAction\":[{\"@type\":\"ReadAction\",\"target\":[\"https:\\\/\\\/fr.motocrossmag.be\\\/index.php\\\/2019\\\/08\\\/mini-chinelle-les-equipages-engages\\\/\"]}]},{\"@type\":\"ImageObject\",\"inLanguage\":\"fr-FR\",\"@id\":\"https:\\\/\\\/fr.motocrossmag.be\\\/index.php\\\/2019\\\/08\\\/mini-chinelle-les-equipages-engages\\\/#primaryimage\",\"url\":\"https:\\\/\\\/fr.motocrossmag.be\\\/wp-content\\\/uploads\\\/2018\\\/08\\\/mini-024.jpg\",\"contentUrl\":\"https:\\\/\\\/fr.motocrossmag.be\\\/wp-content\\\/uploads\\\/2018\\\/08\\\/mini-024.jpg\",\"width\":850,\"height\":566},{\"@type\":\"BreadcrumbList\",\"@id\":\"https:\\\/\\\/fr.motocrossmag.be\\\/index.php\\\/2019\\\/08\\\/mini-chinelle-les-equipages-engages\\\/#breadcrumb\",\"itemListElement\":[{\"@type\":\"ListItem\",\"position\":1,\"name\":\"Accueil\",\"item\":\"https:\\\/\\\/fr.motocrossmag.be\\\/\"},{\"@type\":\"ListItem\",\"position\":2,\"name\":\"Mini-Chinelle : les \u00e9quipages engag\u00e9s\"}]},{\"@type\":\"WebSite\",\"@id\":\"https:\\\/\\\/fr.motocrossmag.be\\\/#website\",\"url\":\"https:\\\/\\\/fr.motocrossmag.be\\\/\",\"name\":\"Motocross - Enduro - Supermoto | MotocrossMag\",\"description\":\"L&#039;actualit\u00e9 du motocross, de l&#039;enduro et du Supermoto en ligne!\",\"potentialAction\":[{\"@type\":\"SearchAction\",\"target\":{\"@type\":\"EntryPoint\",\"urlTemplate\":\"https:\\\/\\\/fr.motocrossmag.be\\\/?s={search_term_string}\"},\"query-input\":{\"@type\":\"PropertyValueSpecification\",\"valueRequired\":true,\"valueName\":\"search_term_string\"}}],\"inLanguage\":\"fr-FR\"},{\"@type\":\"Person\",\"@id\":\"https:\\\/\\\/fr.motocrossmag.be\\\/#\\\/schema\\\/person\\\/11b47143d9f755babca2c9110e03235c\",\"name\":\"oliviere\",\"image\":{\"@type\":\"ImageObject\",\"inLanguage\":\"fr-FR\",\"@id\":\"https:\\\/\\\/secure.gravatar.com\\\/avatar\\\/907069e0b81d119452040469e4a7501da1100f54f7f80180ce77bfab718288f6?s=96&d=mm&r=g\",\"url\":\"https:\\\/\\\/secure.gravatar.com\\\/avatar\\\/907069e0b81d119452040469e4a7501da1100f54f7f80180ce77bfab718288f6?s=96&d=mm&r=g\",\"contentUrl\":\"https:\\\/\\\/secure.gravatar.com\\\/avatar\\\/907069e0b81d119452040469e4a7501da1100f54f7f80180ce77bfab718288f6?s=96&d=mm&r=g\",\"caption\":\"oliviere\"},\"sameAs\":[\"http:\\\/\\\/www.motocrossmag.be\"],\"url\":\"https:\\\/\\\/fr.motocrossmag.be\\\/index.php\\\/author\\\/oliviere\\\/\"}]}<\/script>\n<!-- \/ Yoast SEO plugin. -->","yoast_head_json":{"title":"Mini-Chinelle : les \u00e9quipages engag\u00e9s - Motocross - Enduro - Supermoto | MotocrossMag","robots":{"index":"index","follow":"follow","max-snippet":"max-snippet:-1","max-image-preview":"max-image-preview:large","max-video-preview":"max-video-preview:-1"},"canonical":"https:\/\/fr.motocrossmag.be\/index.php\/2019\/08\/mini-chinelle-les-equipages-engages\/","og_locale":"fr_FR","og_type":"article","og_title":"Mini-Chinelle : les \u00e9quipages engag\u00e9s - Motocross - Enduro - Supermoto | MotocrossMag","og_description":"C&rsquo;est d\u00e9sormais la tradition, la premi\u00e8re comp\u00e9tition du week-end sur les 12 Heures de la Chinelle est r\u00e9serv\u00e9e aux kids. Ils sont \u00e2g\u00e9s de 8 \u00e0 15 ans et, au [...]","og_url":"https:\/\/fr.motocrossmag.be\/index.php\/2019\/08\/mini-chinelle-les-equipages-engages\/","og_site_name":"Motocross - Enduro - Supermoto | MotocrossMag","article_published_time":"2019-08-07T12:26:09+00:00","article_modified_time":"2019-08-07T14:29:34+00:00","og_image":[{"width":850,"height":566,"url":"https:\/\/fr.motocrossmag.be\/wp-content\/uploads\/2018\/08\/mini-024.jpg","type":"image\/jpeg"}],"author":"oliviere","twitter_card":"summary_large_image","twitter_misc":{"\u00c9crit par":"oliviere","Dur\u00e9e de lecture estim\u00e9e":"2 minutes"},"schema":{"@context":"https:\/\/schema.org","@graph":[{"@type":"Article","@id":"https:\/\/fr.motocrossmag.be\/index.php\/2019\/08\/mini-chinelle-les-equipages-engages\/#article","isPartOf":{"@id":"https:\/\/fr.motocrossmag.be\/index.php\/2019\/08\/mini-chinelle-les-equipages-engages\/"},"author":{"name":"oliviere","@id":"https:\/\/fr.motocrossmag.be\/#\/schema\/person\/11b47143d9f755babca2c9110e03235c"},"headline":"Mini-Chinelle : les \u00e9quipages engag\u00e9s","datePublished":"2019-08-07T12:26:09+00:00","dateModified":"2019-08-07T14:29:34+00:00","mainEntityOfPage":{"@id":"https:\/\/fr.motocrossmag.be\/index.php\/2019\/08\/mini-chinelle-les-equipages-engages\/"},"wordCount":310,"commentCount":0,"image":{"@id":"https:\/\/fr.motocrossmag.be\/index.php\/2019\/08\/mini-chinelle-les-equipages-engages\/#primaryimage"},"thumbnailUrl":"https:\/\/fr.motocrossmag.be\/wp-content\/uploads\/2018\/08\/mini-024.jpg","keywords":["BEX","endurance","Enduro"],"articleSection":["Actualit\u00e9","Enduro","FMB","Kids","La Chinelle","News","News","News","Slideshow"],"inLanguage":"fr-FR","potentialAction":[{"@type":"CommentAction","name":"Comment","target":["https:\/\/fr.motocrossmag.be\/index.php\/2019\/08\/mini-chinelle-les-equipages-engages\/#respond"]}]},{"@type":"WebPage","@id":"https:\/\/fr.motocrossmag.be\/index.php\/2019\/08\/mini-chinelle-les-equipages-engages\/","url":"https:\/\/fr.motocrossmag.be\/index.php\/2019\/08\/mini-chinelle-les-equipages-engages\/","name":"Mini-Chinelle : les \u00e9quipages engag\u00e9s - Motocross - Enduro - Supermoto | MotocrossMag","isPartOf":{"@id":"https:\/\/fr.motocrossmag.be\/#website"},"primaryImageOfPage":{"@id":"https:\/\/fr.motocrossmag.be\/index.php\/2019\/08\/mini-chinelle-les-equipages-engages\/#primaryimage"},"image":{"@id":"https:\/\/fr.motocrossmag.be\/index.php\/2019\/08\/mini-chinelle-les-equipages-engages\/#primaryimage"},"thumbnailUrl":"https:\/\/fr.motocrossmag.be\/wp-content\/uploads\/2018\/08\/mini-024.jpg","datePublished":"2019-08-07T12:26:09+00:00","dateModified":"2019-08-07T14:29:34+00:00","author":{"@id":"https:\/\/fr.motocrossmag.be\/#\/schema\/person\/11b47143d9f755babca2c9110e03235c"},"breadcrumb":{"@id":"https:\/\/fr.motocrossmag.be\/index.php\/2019\/08\/mini-chinelle-les-equipages-engages\/#breadcrumb"},"inLanguage":"fr-FR","potentialAction":[{"@type":"ReadAction","target":["https:\/\/fr.motocrossmag.be\/index.php\/2019\/08\/mini-chinelle-les-equipages-engages\/"]}]},{"@type":"ImageObject","inLanguage":"fr-FR","@id":"https:\/\/fr.motocrossmag.be\/index.php\/2019\/08\/mini-chinelle-les-equipages-engages\/#primaryimage","url":"https:\/\/fr.motocrossmag.be\/wp-content\/uploads\/2018\/08\/mini-024.jpg","contentUrl":"https:\/\/fr.motocrossmag.be\/wp-content\/uploads\/2018\/08\/mini-024.jpg","width":850,"height":566},{"@type":"BreadcrumbList","@id":"https:\/\/fr.motocrossmag.be\/index.php\/2019\/08\/mini-chinelle-les-equipages-engages\/#breadcrumb","itemListElement":[{"@type":"ListItem","position":1,"name":"Accueil","item":"https:\/\/fr.motocrossmag.be\/"},{"@type":"ListItem","position":2,"name":"Mini-Chinelle : les \u00e9quipages engag\u00e9s"}]},{"@type":"WebSite","@id":"https:\/\/fr.motocrossmag.be\/#website","url":"https:\/\/fr.motocrossmag.be\/","name":"Motocross - Enduro - Supermoto | MotocrossMag","description":"L&#039;actualit\u00e9 du motocross, de l&#039;enduro et du Supermoto en ligne!","potentialAction":[{"@type":"SearchAction","target":{"@type":"EntryPoint","urlTemplate":"https:\/\/fr.motocrossmag.be\/?s={search_term_string}"},"query-input":{"@type":"PropertyValueSpecification","valueRequired":true,"valueName":"search_term_string"}}],"inLanguage":"fr-FR"},{"@type":"Person","@id":"https:\/\/fr.motocrossmag.be\/#\/schema\/person\/11b47143d9f755babca2c9110e03235c","name":"oliviere","image":{"@type":"ImageObject","inLanguage":"fr-FR","@id":"https:\/\/secure.gravatar.com\/avatar\/907069e0b81d119452040469e4a7501da1100f54f7f80180ce77bfab718288f6?s=96&d=mm&r=g","url":"https:\/\/secure.gravatar.com\/avatar\/907069e0b81d119452040469e4a7501da1100f54f7f80180ce77bfab718288f6?s=96&d=mm&r=g","contentUrl":"https:\/\/secure.gravatar.com\/avatar\/907069e0b81d119452040469e4a7501da1100f54f7f80180ce77bfab718288f6?s=96&d=mm&r=g","caption":"oliviere"},"sameAs":["http:\/\/www.motocrossmag.be"],"url":"https:\/\/fr.motocrossmag.be\/index.php\/author\/oliviere\/"}]}},"_links":{"self":[{"href":"https:\/\/fr.motocrossmag.be\/index.php\/wp-json\/wp\/v2\/posts\/93396","targetHints":{"allow":["GET"]}}],"collection":[{"href":"https:\/\/fr.motocrossmag.be\/index.php\/wp-json\/wp\/v2\/posts"}],"about":[{"href":"https:\/\/fr.motocrossmag.be\/index.php\/wp-json\/wp\/v2\/types\/post"}],"author":[{"embeddable":true,"href":"https:\/\/fr.motocrossmag.be\/index.php\/wp-json\/wp\/v2\/users\/932"}],"replies":[{"embeddable":true,"href":"https:\/\/fr.motocrossmag.be\/index.php\/wp-json\/wp\/v2\/comments?post=93396"}],"version-history":[{"count":0,"href":"https:\/\/fr.motocrossmag.be\/index.php\/wp-json\/wp\/v2\/posts\/93396\/revisions"}],"wp:featuredmedia":[{"embeddable":true,"href":"https:\/\/fr.motocrossmag.be\/index.php\/wp-json\/wp\/v2\/media\/77877"}],"wp:attachment":[{"href":"https:\/\/fr.motocrossmag.be\/index.php\/wp-json\/wp\/v2\/media?parent=93396"}],"wp:term":[{"taxonomy":"category","embeddable":true,"href":"https:\/\/fr.motocrossmag.be\/index.php\/wp-json\/wp\/v2\/categories?post=93396"},{"taxonomy":"post_tag","embeddable":true,"href":"https:\/\/fr.motocrossmag.be\/index.php\/wp-json\/wp\/v2\/tags?post=93396"}],"curies":[{"name":"wp","href":"https:\/\/api.w.org\/{rel}","templated":true}]}}