{"id":93397,"date":"2019-08-08T12:16:15","date_gmt":"2019-08-08T10:16:15","guid":{"rendered":"https:\/\/fr.motocrossmag.be\/?p=93397"},"modified":"2019-08-08T12:16:15","modified_gmt":"2019-08-08T10:16:15","slug":"12-heures-de-la-chinelle-le-programme-du-week-end","status":"publish","type":"post","link":"https:\/\/fr.motocrossmag.be\/index.php\/2019\/08\/12-heures-de-la-chinelle-le-programme-du-week-end\/","title":{"rendered":"12 Heures de la Chinelle : le programme du week-end"},"content":{"rendered":"<p><strong>Pour la 40\u00e8me fois, les machines s&rsquo;\u00e9lanceront ce samedi au coup de fusil donn\u00e9 \u00e0 minuit pr\u00e9cise pour un tour d&rsquo;horloge. Douze heures de course qui s&rsquo;annoncent particuli\u00e8rement intenses entre les diff\u00e9rents favoris. Nombreux sont ceux qui r\u00eavent d&rsquo;inscrire leur nom au palmar\u00e8s de la plus c\u00e9l\u00e8bre des endurances tout-terrain. D&rsquo;autant plus lorsqu&rsquo;il s&rsquo;agit d&rsquo;une \u00e9dition anniversaire comme celle que l&rsquo;on s&rsquo;appr\u00eate \u00e0 vivre ces 9, 10 et 11 ao\u00fbt.<\/strong><\/p>\n<p>Pour profiter \u00e0 100% de votre week-end \u00e0 Franchimont, vous trouverez ci-dessous le programme complet des trois jours puisque, d\u00e8s ce vendredi, les festivit\u00e9s commencent sur la place de Philippeville par la pr\u00e9sentation des \u00e9quipes engag\u00e9es et la parade vers le site de Franchimont.<\/p>\n<p>Vous trouverez par ailleurs les participants inscrits sur cette 40\u00e8me \u00e9dition :<\/p>\n<ul>\n<li><a href=\"https:\/\/fr.motocrossmag.be\/index.php\/2019\/08\/12-heures-de-la-chinelle-les-pilotes-engages-2\/\" target=\"_blank\" rel=\"noopener\">12 Heures<\/a><\/li>\n<li><a href=\"https:\/\/fr.motocrossmag.be\/index.php\/2019\/08\/mini-chinelle-les-equipages-engages\/\" target=\"_blank\" rel=\"noopener\">Mini-Chinelle<\/a><\/li>\n<li><a href=\"https:\/\/fr.motocrossmag.be\/index.php\/2019\/08\/deux-heures-old-timers-a-la-chinelle-les-pilotes-engages\/\" target=\"_blank\" rel=\"noopener\">2 Heures Old-timers<\/a><\/li>\n<\/ul>\n<p>&nbsp;<\/p>\n<p><strong><span style=\"color: #ff0000;\">Vendredi 9 ao\u00fbt 2019<\/span><\/strong><\/p>\n<ul>\n<li><b>09h00 \u2013 20h00 :\u00a0<\/b>Accueil des participants au secr\u00e9tariat, club de foot de SURICE<\/li>\n<li><b>15h00 \u2013 17h30 :\u00a0<\/b>Contr\u00f4le technique, place de PHILIPPEVILLE<\/li>\n<li><b>15h00 :\u00a0<\/b>Pr\u00e9sentation des \u00e9quipages sur la place de PHILIPPEVILLE<\/li>\n<li><b>18h00 :\u00a0<\/b>Parade des \u00e9quipages vers la Chinelle<\/li>\n<li><b>18h00 \u2013 21h00 :\u00a0<\/b>Contr\u00f4le technique Mini Chinelle &amp; Anc\u00eatres dans le chapiteau paddock historique<\/li>\n<li><b>21h00 :\u00a0<\/b>Fermeture de l\u2019acc\u00e8s aux stands<\/li>\n<\/ul>\n<p><span style=\"color: #ff0000;\"><strong>Samedi 10 ao\u00fbt 2019<\/strong><\/span><\/p>\n<ul>\n<li><strong>7h \u2013 9h45<\/strong>\u00a0: Cont\u00f4le administratif (Mini Chinelle \/ Vintage \/ Evolution ) club de foot de SURICE<\/li>\n<li><strong>7h \u2013 8h<\/strong>\u00a0: Contr\u00f4le technique Mini Chinelle &amp; Anc\u00eatres (Vintage \/ Evolution)\u00a0dans le chapiteau paddock historique<\/li>\n<li><strong>8h \u2013 9h<\/strong>\u00a0: Briefing Mini Chinelle<\/li>\n<li><strong>8h \u2013 9h15<\/strong>\u00a0: Essais Vintage &amp; Evolution<\/li>\n<li><strong>9h30 \u2013 10h<\/strong>\u00a0: Essais Mini-Chinelle<\/li>\n<li><strong>10h15 \u2013 12h15\u00a0: Course 2h Vintage<\/strong><\/li>\n<li><strong>12h30 \u2013 14h30\u00a0: Course 2h Mini-Chinelle<\/strong><\/li>\n<li><strong>14h45 \u2013 15h45<\/strong>\u00a0: Essais libres 12 H<\/li>\n<li><strong>15h45 \u2013 16h45<\/strong>\u00a0: PAUSE \/ REMISE EN \u00c9TAT DU CIRCUIT<\/li>\n<li><strong>16h00<\/strong>\u00a0: Remise des prix Mini-Chinelle<\/li>\n<li><strong>17h00 \u2013 19h00\u00a0: Course 2h Evolution<\/strong><\/li>\n<li><strong>19h30<\/strong> : Remise des prix Vintage &amp; Evolution<\/li>\n<li><strong>20h00 \u2013 23h00<\/strong>\u00a0: Essais officiels (1h chrono 20h30-21h30) tous les pilotes devront\u00a0 au moins faire un tour<\/li>\n<li><strong>23h30<\/strong>\u00a0: placement des motos en grille d\u00e9part 12 H<\/li>\n<li><strong>23h50<\/strong>\u00a0: Fermeture sortie des stands<\/li>\n<li><b>00h00 :<\/b> D\u00e9part des <b><i>12h de la Chinelle<\/i><\/b><\/li>\n<\/ul>\n<p><span style=\"color: #ff0000;\"><strong>Dimanche 11 ao\u00fbt 2019<\/strong><\/span><\/p>\n<ul>\n<li><b>12h00 :<\/b>\u00a0Fin de la course<\/li>\n<li><b>12h15 :<\/b>\u00a0Podium et remise des prix de la Chinelle<\/li>\n<\/ul>\n<div id=\"ConnectiveDocSignExtentionInstalled\" data-extension-version=\"1.0.4\"><\/div>\n","protected":false},"excerpt":{"rendered":"<p>Pour la 40\u00e8me fois, les machines s&rsquo;\u00e9lanceront ce samedi au coup de fusil donn\u00e9 \u00e0 minuit pr\u00e9cise pour un tour d&rsquo;horloge. Douze heures de course qui s&rsquo;annoncent particuli\u00e8rement intenses entre [&#8230;]<\/p>\n","protected":false},"author":932,"featured_media":12590,"comment_status":"open","ping_status":"closed","sticky":false,"template":"","format":"standard","meta":{"footnotes":""},"categories":[54,32,35,73,33,55,65],"tags":[1167,951],"class_list":["post-93397","post","type-post","status-publish","format-standard","has-post-thumbnail","hentry","category-actualite","category-enduro","category-fmb-enduro","category-chinelle","category-news-enduro","category-news-actualite","category-slideshow","tag-bex","tag-enduro"],"yoast_head":"<!-- This site is optimized with the Yoast SEO plugin v27.4 - https:\/\/yoast.com\/product\/yoast-seo-wordpress\/ -->\n<title>12 Heures de la Chinelle : le programme du week-end - Motocross - Enduro - Supermoto | MotocrossMag<\/title>\n<meta name=\"robots\" content=\"index, follow, max-snippet:-1, max-image-preview:large, max-video-preview:-1\" \/>\n<link rel=\"canonical\" href=\"https:\/\/fr.motocrossmag.be\/index.php\/2019\/08\/12-heures-de-la-chinelle-le-programme-du-week-end\/\" \/>\n<meta property=\"og:locale\" content=\"fr_FR\" \/>\n<meta property=\"og:type\" content=\"article\" \/>\n<meta property=\"og:title\" content=\"12 Heures de la Chinelle : le programme du week-end - Motocross - Enduro - Supermoto | MotocrossMag\" \/>\n<meta property=\"og:description\" content=\"Pour la 40\u00e8me fois, les machines s&rsquo;\u00e9lanceront ce samedi au coup de fusil donn\u00e9 \u00e0 minuit pr\u00e9cise pour un tour d&rsquo;horloge. Douze heures de course qui s&rsquo;annoncent particuli\u00e8rement intenses entre [...]\" \/>\n<meta property=\"og:url\" content=\"https:\/\/fr.motocrossmag.be\/index.php\/2019\/08\/12-heures-de-la-chinelle-le-programme-du-week-end\/\" \/>\n<meta property=\"og:site_name\" content=\"Motocross - Enduro - Supermoto | MotocrossMag\" \/>\n<meta property=\"article:published_time\" content=\"2019-08-08T10:16:15+00:00\" \/>\n<meta property=\"og:image\" content=\"https:\/\/fr.motocrossmag.be\/wp-content\/uploads\/2011\/08\/chinelle_24.jpg\" \/>\n\t<meta property=\"og:image:width\" content=\"900\" \/>\n\t<meta property=\"og:image:height\" content=\"600\" \/>\n\t<meta property=\"og:image:type\" content=\"image\/jpeg\" \/>\n<meta name=\"author\" content=\"oliviere\" \/>\n<meta name=\"twitter:card\" content=\"summary_large_image\" \/>\n<meta name=\"twitter:label1\" content=\"\u00c9crit par\" \/>\n\t<meta name=\"twitter:data1\" content=\"oliviere\" \/>\n\t<meta name=\"twitter:label2\" content=\"Dur\u00e9e de lecture estim\u00e9e\" \/>\n\t<meta name=\"twitter:data2\" content=\"2 minutes\" \/>\n<script type=\"application\/ld+json\" class=\"yoast-schema-graph\">{\"@context\":\"https:\\\/\\\/schema.org\",\"@graph\":[{\"@type\":\"Article\",\"@id\":\"https:\\\/\\\/fr.motocrossmag.be\\\/index.php\\\/2019\\\/08\\\/12-heures-de-la-chinelle-le-programme-du-week-end\\\/#article\",\"isPartOf\":{\"@id\":\"https:\\\/\\\/fr.motocrossmag.be\\\/index.php\\\/2019\\\/08\\\/12-heures-de-la-chinelle-le-programme-du-week-end\\\/\"},\"author\":{\"name\":\"oliviere\",\"@id\":\"https:\\\/\\\/fr.motocrossmag.be\\\/#\\\/schema\\\/person\\\/11b47143d9f755babca2c9110e03235c\"},\"headline\":\"12 Heures de la Chinelle : le programme du week-end\",\"datePublished\":\"2019-08-08T10:16:15+00:00\",\"mainEntityOfPage\":{\"@id\":\"https:\\\/\\\/fr.motocrossmag.be\\\/index.php\\\/2019\\\/08\\\/12-heures-de-la-chinelle-le-programme-du-week-end\\\/\"},\"wordCount\":363,\"commentCount\":0,\"image\":{\"@id\":\"https:\\\/\\\/fr.motocrossmag.be\\\/index.php\\\/2019\\\/08\\\/12-heures-de-la-chinelle-le-programme-du-week-end\\\/#primaryimage\"},\"thumbnailUrl\":\"https:\\\/\\\/fr.motocrossmag.be\\\/wp-content\\\/uploads\\\/2011\\\/08\\\/chinelle_24.jpg\",\"keywords\":[\"BEX\",\"Enduro\"],\"articleSection\":[\"Actualit\u00e9\",\"Enduro\",\"FMB\",\"La Chinelle\",\"News\",\"News\",\"Slideshow\"],\"inLanguage\":\"fr-FR\",\"potentialAction\":[{\"@type\":\"CommentAction\",\"name\":\"Comment\",\"target\":[\"https:\\\/\\\/fr.motocrossmag.be\\\/index.php\\\/2019\\\/08\\\/12-heures-de-la-chinelle-le-programme-du-week-end\\\/#respond\"]}]},{\"@type\":\"WebPage\",\"@id\":\"https:\\\/\\\/fr.motocrossmag.be\\\/index.php\\\/2019\\\/08\\\/12-heures-de-la-chinelle-le-programme-du-week-end\\\/\",\"url\":\"https:\\\/\\\/fr.motocrossmag.be\\\/index.php\\\/2019\\\/08\\\/12-heures-de-la-chinelle-le-programme-du-week-end\\\/\",\"name\":\"12 Heures de la Chinelle : le programme du week-end - Motocross - Enduro - Supermoto | MotocrossMag\",\"isPartOf\":{\"@id\":\"https:\\\/\\\/fr.motocrossmag.be\\\/#website\"},\"primaryImageOfPage\":{\"@id\":\"https:\\\/\\\/fr.motocrossmag.be\\\/index.php\\\/2019\\\/08\\\/12-heures-de-la-chinelle-le-programme-du-week-end\\\/#primaryimage\"},\"image\":{\"@id\":\"https:\\\/\\\/fr.motocrossmag.be\\\/index.php\\\/2019\\\/08\\\/12-heures-de-la-chinelle-le-programme-du-week-end\\\/#primaryimage\"},\"thumbnailUrl\":\"https:\\\/\\\/fr.motocrossmag.be\\\/wp-content\\\/uploads\\\/2011\\\/08\\\/chinelle_24.jpg\",\"datePublished\":\"2019-08-08T10:16:15+00:00\",\"author\":{\"@id\":\"https:\\\/\\\/fr.motocrossmag.be\\\/#\\\/schema\\\/person\\\/11b47143d9f755babca2c9110e03235c\"},\"breadcrumb\":{\"@id\":\"https:\\\/\\\/fr.motocrossmag.be\\\/index.php\\\/2019\\\/08\\\/12-heures-de-la-chinelle-le-programme-du-week-end\\\/#breadcrumb\"},\"inLanguage\":\"fr-FR\",\"potentialAction\":[{\"@type\":\"ReadAction\",\"target\":[\"https:\\\/\\\/fr.motocrossmag.be\\\/index.php\\\/2019\\\/08\\\/12-heures-de-la-chinelle-le-programme-du-week-end\\\/\"]}]},{\"@type\":\"ImageObject\",\"inLanguage\":\"fr-FR\",\"@id\":\"https:\\\/\\\/fr.motocrossmag.be\\\/index.php\\\/2019\\\/08\\\/12-heures-de-la-chinelle-le-programme-du-week-end\\\/#primaryimage\",\"url\":\"https:\\\/\\\/fr.motocrossmag.be\\\/wp-content\\\/uploads\\\/2011\\\/08\\\/chinelle_24.jpg\",\"contentUrl\":\"https:\\\/\\\/fr.motocrossmag.be\\\/wp-content\\\/uploads\\\/2011\\\/08\\\/chinelle_24.jpg\",\"width\":900,\"height\":600},{\"@type\":\"BreadcrumbList\",\"@id\":\"https:\\\/\\\/fr.motocrossmag.be\\\/index.php\\\/2019\\\/08\\\/12-heures-de-la-chinelle-le-programme-du-week-end\\\/#breadcrumb\",\"itemListElement\":[{\"@type\":\"ListItem\",\"position\":1,\"name\":\"Accueil\",\"item\":\"https:\\\/\\\/fr.motocrossmag.be\\\/\"},{\"@type\":\"ListItem\",\"position\":2,\"name\":\"12 Heures de la Chinelle : le programme du week-end\"}]},{\"@type\":\"WebSite\",\"@id\":\"https:\\\/\\\/fr.motocrossmag.be\\\/#website\",\"url\":\"https:\\\/\\\/fr.motocrossmag.be\\\/\",\"name\":\"Motocross - Enduro - Supermoto | MotocrossMag\",\"description\":\"L&#039;actualit\u00e9 du motocross, de l&#039;enduro et du Supermoto en ligne!\",\"potentialAction\":[{\"@type\":\"SearchAction\",\"target\":{\"@type\":\"EntryPoint\",\"urlTemplate\":\"https:\\\/\\\/fr.motocrossmag.be\\\/?s={search_term_string}\"},\"query-input\":{\"@type\":\"PropertyValueSpecification\",\"valueRequired\":true,\"valueName\":\"search_term_string\"}}],\"inLanguage\":\"fr-FR\"},{\"@type\":\"Person\",\"@id\":\"https:\\\/\\\/fr.motocrossmag.be\\\/#\\\/schema\\\/person\\\/11b47143d9f755babca2c9110e03235c\",\"name\":\"oliviere\",\"image\":{\"@type\":\"ImageObject\",\"inLanguage\":\"fr-FR\",\"@id\":\"https:\\\/\\\/secure.gravatar.com\\\/avatar\\\/907069e0b81d119452040469e4a7501da1100f54f7f80180ce77bfab718288f6?s=96&d=mm&r=g\",\"url\":\"https:\\\/\\\/secure.gravatar.com\\\/avatar\\\/907069e0b81d119452040469e4a7501da1100f54f7f80180ce77bfab718288f6?s=96&d=mm&r=g\",\"contentUrl\":\"https:\\\/\\\/secure.gravatar.com\\\/avatar\\\/907069e0b81d119452040469e4a7501da1100f54f7f80180ce77bfab718288f6?s=96&d=mm&r=g\",\"caption\":\"oliviere\"},\"sameAs\":[\"http:\\\/\\\/www.motocrossmag.be\"],\"url\":\"https:\\\/\\\/fr.motocrossmag.be\\\/index.php\\\/author\\\/oliviere\\\/\"}]}<\/script>\n<!-- \/ Yoast SEO plugin. -->","yoast_head_json":{"title":"12 Heures de la Chinelle : le programme du week-end - Motocross - Enduro - Supermoto | MotocrossMag","robots":{"index":"index","follow":"follow","max-snippet":"max-snippet:-1","max-image-preview":"max-image-preview:large","max-video-preview":"max-video-preview:-1"},"canonical":"https:\/\/fr.motocrossmag.be\/index.php\/2019\/08\/12-heures-de-la-chinelle-le-programme-du-week-end\/","og_locale":"fr_FR","og_type":"article","og_title":"12 Heures de la Chinelle : le programme du week-end - Motocross - Enduro - Supermoto | MotocrossMag","og_description":"Pour la 40\u00e8me fois, les machines s&rsquo;\u00e9lanceront ce samedi au coup de fusil donn\u00e9 \u00e0 minuit pr\u00e9cise pour un tour d&rsquo;horloge. Douze heures de course qui s&rsquo;annoncent particuli\u00e8rement intenses entre [...]","og_url":"https:\/\/fr.motocrossmag.be\/index.php\/2019\/08\/12-heures-de-la-chinelle-le-programme-du-week-end\/","og_site_name":"Motocross - Enduro - Supermoto | MotocrossMag","article_published_time":"2019-08-08T10:16:15+00:00","og_image":[{"width":900,"height":600,"url":"https:\/\/fr.motocrossmag.be\/wp-content\/uploads\/2011\/08\/chinelle_24.jpg","type":"image\/jpeg"}],"author":"oliviere","twitter_card":"summary_large_image","twitter_misc":{"\u00c9crit par":"oliviere","Dur\u00e9e de lecture estim\u00e9e":"2 minutes"},"schema":{"@context":"https:\/\/schema.org","@graph":[{"@type":"Article","@id":"https:\/\/fr.motocrossmag.be\/index.php\/2019\/08\/12-heures-de-la-chinelle-le-programme-du-week-end\/#article","isPartOf":{"@id":"https:\/\/fr.motocrossmag.be\/index.php\/2019\/08\/12-heures-de-la-chinelle-le-programme-du-week-end\/"},"author":{"name":"oliviere","@id":"https:\/\/fr.motocrossmag.be\/#\/schema\/person\/11b47143d9f755babca2c9110e03235c"},"headline":"12 Heures de la Chinelle : le programme du week-end","datePublished":"2019-08-08T10:16:15+00:00","mainEntityOfPage":{"@id":"https:\/\/fr.motocrossmag.be\/index.php\/2019\/08\/12-heures-de-la-chinelle-le-programme-du-week-end\/"},"wordCount":363,"commentCount":0,"image":{"@id":"https:\/\/fr.motocrossmag.be\/index.php\/2019\/08\/12-heures-de-la-chinelle-le-programme-du-week-end\/#primaryimage"},"thumbnailUrl":"https:\/\/fr.motocrossmag.be\/wp-content\/uploads\/2011\/08\/chinelle_24.jpg","keywords":["BEX","Enduro"],"articleSection":["Actualit\u00e9","Enduro","FMB","La Chinelle","News","News","Slideshow"],"inLanguage":"fr-FR","potentialAction":[{"@type":"CommentAction","name":"Comment","target":["https:\/\/fr.motocrossmag.be\/index.php\/2019\/08\/12-heures-de-la-chinelle-le-programme-du-week-end\/#respond"]}]},{"@type":"WebPage","@id":"https:\/\/fr.motocrossmag.be\/index.php\/2019\/08\/12-heures-de-la-chinelle-le-programme-du-week-end\/","url":"https:\/\/fr.motocrossmag.be\/index.php\/2019\/08\/12-heures-de-la-chinelle-le-programme-du-week-end\/","name":"12 Heures de la Chinelle : le programme du week-end - Motocross - Enduro - Supermoto | MotocrossMag","isPartOf":{"@id":"https:\/\/fr.motocrossmag.be\/#website"},"primaryImageOfPage":{"@id":"https:\/\/fr.motocrossmag.be\/index.php\/2019\/08\/12-heures-de-la-chinelle-le-programme-du-week-end\/#primaryimage"},"image":{"@id":"https:\/\/fr.motocrossmag.be\/index.php\/2019\/08\/12-heures-de-la-chinelle-le-programme-du-week-end\/#primaryimage"},"thumbnailUrl":"https:\/\/fr.motocrossmag.be\/wp-content\/uploads\/2011\/08\/chinelle_24.jpg","datePublished":"2019-08-08T10:16:15+00:00","author":{"@id":"https:\/\/fr.motocrossmag.be\/#\/schema\/person\/11b47143d9f755babca2c9110e03235c"},"breadcrumb":{"@id":"https:\/\/fr.motocrossmag.be\/index.php\/2019\/08\/12-heures-de-la-chinelle-le-programme-du-week-end\/#breadcrumb"},"inLanguage":"fr-FR","potentialAction":[{"@type":"ReadAction","target":["https:\/\/fr.motocrossmag.be\/index.php\/2019\/08\/12-heures-de-la-chinelle-le-programme-du-week-end\/"]}]},{"@type":"ImageObject","inLanguage":"fr-FR","@id":"https:\/\/fr.motocrossmag.be\/index.php\/2019\/08\/12-heures-de-la-chinelle-le-programme-du-week-end\/#primaryimage","url":"https:\/\/fr.motocrossmag.be\/wp-content\/uploads\/2011\/08\/chinelle_24.jpg","contentUrl":"https:\/\/fr.motocrossmag.be\/wp-content\/uploads\/2011\/08\/chinelle_24.jpg","width":900,"height":600},{"@type":"BreadcrumbList","@id":"https:\/\/fr.motocrossmag.be\/index.php\/2019\/08\/12-heures-de-la-chinelle-le-programme-du-week-end\/#breadcrumb","itemListElement":[{"@type":"ListItem","position":1,"name":"Accueil","item":"https:\/\/fr.motocrossmag.be\/"},{"@type":"ListItem","position":2,"name":"12 Heures de la Chinelle : le programme du week-end"}]},{"@type":"WebSite","@id":"https:\/\/fr.motocrossmag.be\/#website","url":"https:\/\/fr.motocrossmag.be\/","name":"Motocross - Enduro - Supermoto | MotocrossMag","description":"L&#039;actualit\u00e9 du motocross, de l&#039;enduro et du Supermoto en ligne!","potentialAction":[{"@type":"SearchAction","target":{"@type":"EntryPoint","urlTemplate":"https:\/\/fr.motocrossmag.be\/?s={search_term_string}"},"query-input":{"@type":"PropertyValueSpecification","valueRequired":true,"valueName":"search_term_string"}}],"inLanguage":"fr-FR"},{"@type":"Person","@id":"https:\/\/fr.motocrossmag.be\/#\/schema\/person\/11b47143d9f755babca2c9110e03235c","name":"oliviere","image":{"@type":"ImageObject","inLanguage":"fr-FR","@id":"https:\/\/secure.gravatar.com\/avatar\/907069e0b81d119452040469e4a7501da1100f54f7f80180ce77bfab718288f6?s=96&d=mm&r=g","url":"https:\/\/secure.gravatar.com\/avatar\/907069e0b81d119452040469e4a7501da1100f54f7f80180ce77bfab718288f6?s=96&d=mm&r=g","contentUrl":"https:\/\/secure.gravatar.com\/avatar\/907069e0b81d119452040469e4a7501da1100f54f7f80180ce77bfab718288f6?s=96&d=mm&r=g","caption":"oliviere"},"sameAs":["http:\/\/www.motocrossmag.be"],"url":"https:\/\/fr.motocrossmag.be\/index.php\/author\/oliviere\/"}]}},"_links":{"self":[{"href":"https:\/\/fr.motocrossmag.be\/index.php\/wp-json\/wp\/v2\/posts\/93397","targetHints":{"allow":["GET"]}}],"collection":[{"href":"https:\/\/fr.motocrossmag.be\/index.php\/wp-json\/wp\/v2\/posts"}],"about":[{"href":"https:\/\/fr.motocrossmag.be\/index.php\/wp-json\/wp\/v2\/types\/post"}],"author":[{"embeddable":true,"href":"https:\/\/fr.motocrossmag.be\/index.php\/wp-json\/wp\/v2\/users\/932"}],"replies":[{"embeddable":true,"href":"https:\/\/fr.motocrossmag.be\/index.php\/wp-json\/wp\/v2\/comments?post=93397"}],"version-history":[{"count":0,"href":"https:\/\/fr.motocrossmag.be\/index.php\/wp-json\/wp\/v2\/posts\/93397\/revisions"}],"wp:featuredmedia":[{"embeddable":true,"href":"https:\/\/fr.motocrossmag.be\/index.php\/wp-json\/wp\/v2\/media\/12590"}],"wp:attachment":[{"href":"https:\/\/fr.motocrossmag.be\/index.php\/wp-json\/wp\/v2\/media?parent=93397"}],"wp:term":[{"taxonomy":"category","embeddable":true,"href":"https:\/\/fr.motocrossmag.be\/index.php\/wp-json\/wp\/v2\/categories?post=93397"},{"taxonomy":"post_tag","embeddable":true,"href":"https:\/\/fr.motocrossmag.be\/index.php\/wp-json\/wp\/v2\/tags?post=93397"}],"curies":[{"name":"wp","href":"https:\/\/api.w.org\/{rel}","templated":true}]}}