{"id":93398,"date":"2019-08-07T16:49:03","date_gmt":"2019-08-07T14:49:03","guid":{"rendered":"https:\/\/fr.motocrossmag.be\/?p=93398"},"modified":"2019-08-07T16:49:17","modified_gmt":"2019-08-07T14:49:17","slug":"deux-heures-old-timers-a-la-chinelle-les-pilotes-engages","status":"publish","type":"post","link":"https:\/\/fr.motocrossmag.be\/index.php\/2019\/08\/deux-heures-old-timers-a-la-chinelle-les-pilotes-engages\/","title":{"rendered":"Deux heures Old-Timers \u00e0 La Chinelle : les pilotes engag\u00e9s"},"content":{"rendered":"<p><strong>Les 12 Heures de la Chinelle font \u00e9galement la part belle aux machines d&rsquo;\u00e9poque. Cette ann\u00e9e encore, sous la responsabilit\u00e9 de William Hacardiaux qui a repris le flambeau de Bernard Stennier, deux manches de deux heures seront consacr\u00e9es aux machines qui ont \u00e9crit l&rsquo;histoire de la moto tout-terrain au cours des derni\u00e8res d\u00e9cennies.<\/strong><\/p>\n<p>Au menu des amoureux de vieilles m\u00e9caniques :<\/p>\n<ul>\n<li>Une manche VINTAGE : motos construites avant le 31\/12\/1982 : le samedi 10 ao\u00fbt de 10h15 \u00e0 12h15<\/li>\n<li>Une manche EVOLUTION : motos construites entre 1983 et 1989 : le samedi 10 ao\u00fbt de 17h00 \u00e0 19h00<\/li>\n<\/ul>\n<p>&nbsp;<\/p>\n<p><span style=\"color: #ff0000;\"><strong>Pilotes enag\u00e9s &#8211; 2 heures old-timers<\/strong> <\/span><\/p>\n<p>EVOLUTION<\/p>\n<table style=\"margin: auto;\" width=\"95%\">\n<tbody>\n<tr>\n<td width=\"103\">78<\/td>\n<td width=\"192\">Goffard Johan<\/td>\n<td width=\"192\"><\/td>\n<\/tr>\n<tr>\n<td>41<\/td>\n<td>Lefebvre julien<\/td>\n<td><\/td>\n<\/tr>\n<tr>\n<td>5<\/td>\n<td>Lefebvre Eddy<\/td>\n<td><\/td>\n<\/tr>\n<tr>\n<td>20<\/td>\n<td>Thijs Marc<\/td>\n<td><\/td>\n<\/tr>\n<tr>\n<td>57<\/td>\n<td>Jennequin brice<\/td>\n<td>Jennequin charles<\/td>\n<\/tr>\n<tr>\n<td>21<\/td>\n<td>Ledecq Laurent<\/td>\n<td>Ledecq Alexandre<\/td>\n<\/tr>\n<tr>\n<td>82<\/td>\n<td>Denis Tom<\/td>\n<td><\/td>\n<\/tr>\n<tr>\n<td>72<\/td>\n<td>GOUDIER NICOLAS<\/td>\n<td>FOUCHER ROMAIN<\/td>\n<\/tr>\n<tr>\n<td>71<\/td>\n<td>FOUCHER SIMON<\/td>\n<td>BESNARD ANTHONY<\/td>\n<\/tr>\n<tr>\n<td>19<\/td>\n<td>DARDENNE ERIC<\/td>\n<td>FUSILIER ANTOINE<\/td>\n<\/tr>\n<tr>\n<td>94<\/td>\n<td>winance Frederic<\/td>\n<td>Doubels Jose<\/td>\n<\/tr>\n<tr>\n<td>44<\/td>\n<td>LEROY MAXENCE<\/td>\n<td><\/td>\n<\/tr>\n<tr>\n<td>23<\/td>\n<td>Mouton Johan<\/td>\n<td>Persoons Dimitri<\/td>\n<\/tr>\n<tr>\n<td>73<\/td>\n<td>LEROY FRANCIS<\/td>\n<td><\/td>\n<\/tr>\n<tr>\n<td>95<\/td>\n<td>Paquet , Jean Pierre<\/td>\n<td>Gohy Bruno<\/td>\n<\/tr>\n<tr>\n<td>50<\/td>\n<td>doudelet steve<\/td>\n<td>mercier gilles<\/td>\n<\/tr>\n<tr>\n<td>24<\/td>\n<td>0<\/td>\n<td>Vlassenbroeck romain<\/td>\n<\/tr>\n<tr>\n<td>25<\/td>\n<td>Paquet jeremy<\/td>\n<td>Chenoix tanguy<\/td>\n<\/tr>\n<tr>\n<td>62<\/td>\n<td>DARDENNES BRUNO<\/td>\n<td>DARDENNES NICOLAS<\/td>\n<\/tr>\n<tr>\n<td>49<\/td>\n<td>Benonit guillaume<\/td>\n<td>Benonit David<\/td>\n<\/tr>\n<tr>\n<td>63<\/td>\n<td>Brichot Cl\u00e9ment<\/td>\n<td><\/td>\n<\/tr>\n<tr>\n<td>75<\/td>\n<td>NIVARLET Christian<\/td>\n<td>RULMONT Nicolas<\/td>\n<\/tr>\n<tr>\n<td>26<\/td>\n<td>Ody Aymeric<\/td>\n<td>Vandersmissen Alan<\/td>\n<\/tr>\n<tr>\n<td>27<\/td>\n<td>Van Poucke Kurt<\/td>\n<td>Lieven Van Poucke<\/td>\n<\/tr>\n<tr>\n<td>56<\/td>\n<td>Boudry Hugo<\/td>\n<td>Boudry Arnaud<\/td>\n<\/tr>\n<tr>\n<td>54<\/td>\n<td>LEROY PHILIPPE<\/td>\n<td><\/td>\n<\/tr>\n<tr>\n<td>88<\/td>\n<td>LEROY NICOLAS<\/td>\n<td><\/td>\n<\/tr>\n<tr>\n<td>97<\/td>\n<td>Bernard R\u00e9mi<\/td>\n<td>Disy Alan<\/td>\n<\/tr>\n<tr>\n<td>38<\/td>\n<td>dachelet christophe<\/td>\n<td><\/td>\n<\/tr>\n<tr>\n<td>28<\/td>\n<td>Wilfried Meunier<\/td>\n<td>Clepkens Olivier<\/td>\n<\/tr>\n<tr>\n<td>29<\/td>\n<td>benonit didier<\/td>\n<td>maxime lain\u00e9<\/td>\n<\/tr>\n<tr>\n<td>98<\/td>\n<td>Martens Daymond<\/td>\n<td>Vandersmissen Serge<\/td>\n<\/tr>\n<tr>\n<td>31<\/td>\n<td>Blaise Bruno<\/td>\n<td>Blaise Antoine<\/td>\n<\/tr>\n<tr>\n<td>32<\/td>\n<td>Palmaerts C\u00e9dric<\/td>\n<td>Maricq Luc<\/td>\n<\/tr>\n<tr>\n<td>10<\/td>\n<td>Lajoix F\u00e9licien<\/td>\n<td>Valero Matinez Mario<\/td>\n<\/tr>\n<tr>\n<td>33<\/td>\n<td>SELVES ALEXANDRE<\/td>\n<td>BALANDINI KEVIN<\/td>\n<\/tr>\n<tr>\n<td>34<\/td>\n<td>Buchet Philippe<\/td>\n<td>Buchet Julien<\/td>\n<\/tr>\n<tr>\n<td>35<\/td>\n<td>patrick lagamme<\/td>\n<td>arille servais<\/td>\n<\/tr>\n<tr>\n<td>36<\/td>\n<td>Dessureau pascal<\/td>\n<td><\/td>\n<\/tr>\n<tr>\n<td>37<\/td>\n<td>Dufey S\u00e9bastien<\/td>\n<td>Dufey Laurent<\/td>\n<\/tr>\n<tr>\n<td>39<\/td>\n<td>Orbant Bastien<\/td>\n<td>Fourrez Cyril<\/td>\n<\/tr>\n<tr>\n<td>40<\/td>\n<td>Demierbe Hadrien<\/td>\n<td><\/td>\n<\/tr>\n<tr>\n<td>6<\/td>\n<td>THOMAS DANIEL<\/td>\n<td>Leonard Olivier<\/td>\n<\/tr>\n<tr>\n<td>42<\/td>\n<td>Havelange Fran\u00e7ois<\/td>\n<td>Dachet Laurent<\/td>\n<\/tr>\n<tr>\n<td>11<\/td>\n<td>lefebvre julien<\/td>\n<td>detienne maxime<\/td>\n<\/tr>\n<tr>\n<td>43<\/td>\n<td>LEFEBVRE<\/td>\n<td><\/td>\n<\/tr>\n<tr>\n<td>12<\/td>\n<td>Barthelemi cedric<\/td>\n<td>dops sebastien<\/td>\n<\/tr>\n<tr>\n<td>102<\/td>\n<td>Sprumont Tanguy<\/td>\n<td>Dardenne Christopher<\/td>\n<\/tr>\n<tr>\n<td>51<\/td>\n<td>Tonolli sebastien<\/td>\n<td>Detimmerman laurent<\/td>\n<\/tr>\n<tr>\n<td>30<\/td>\n<td>Pirot loic<\/td>\n<td>Maquel J\u00e9r\u00f4me<\/td>\n<\/tr>\n<tr>\n<td>52<\/td>\n<td>collin yves<\/td>\n<td>Collin Benjamin<\/td>\n<\/tr>\n<tr>\n<td>100<\/td>\n<td>Nicola STAMPAERT<\/td>\n<td>Gregory HOLVOET<\/td>\n<\/tr>\n<tr>\n<td>13<\/td>\n<td>gillard fabian<\/td>\n<td>Gillard Fernand<\/td>\n<\/tr>\n<tr>\n<td>22<\/td>\n<td>Godfriaux Pierre<\/td>\n<td>Bloquiau Benoit<\/td>\n<\/tr>\n<tr>\n<td>2<\/td>\n<td>augustin warscotte<\/td>\n<td>warscotte antoine<\/td>\n<\/tr>\n<tr>\n<td>67<\/td>\n<td>Haumont stany<\/td>\n<td><\/td>\n<\/tr>\n<tr>\n<td>66<\/td>\n<td>Martin Jean Michel<\/td>\n<td><\/td>\n<\/tr>\n<tr>\n<td>64<\/td>\n<td>MARCHAL Elise<\/td>\n<td>RIBOUX Alain<\/td>\n<\/tr>\n<tr>\n<td>83<\/td>\n<td>Dandoy Olivier<\/td>\n<td>Rousseau Christopher<\/td>\n<\/tr>\n<tr>\n<td>84<\/td>\n<td>poulin ismael<\/td>\n<td>dardenne christopher<\/td>\n<\/tr>\n<tr>\n<td>77<\/td>\n<td>Brik Schelfaut<\/td>\n<td>Thomas Adriaanse<\/td>\n<\/tr>\n<tr>\n<td>79<\/td>\n<td>rossignol yoan<\/td>\n<td>Rossignol Nicolas<\/td>\n<\/tr>\n<tr>\n<td>85<\/td>\n<td>Warscotte Etienne<\/td>\n<td>Warscotte Germain<\/td>\n<\/tr>\n<tr>\n<td>80<\/td>\n<td>Pirson Simon<\/td>\n<td>Hesse Pierre Yves<\/td>\n<\/tr>\n<tr>\n<td>81<\/td>\n<td>erika buisseret<\/td>\n<td>Martin Florian<\/td>\n<\/tr>\n<tr>\n<td>93<\/td>\n<td>Motte Manu<\/td>\n<td><\/td>\n<\/tr>\n<tr>\n<td>87<\/td>\n<td>Dropsy Eric<\/td>\n<td>Rudy finet<\/td>\n<\/tr>\n<tr>\n<td>68<\/td>\n<td>Salingros Christophe<\/td>\n<td>Preud&rsquo;homme Olivier<\/td>\n<\/tr>\n<tr>\n<td>7<\/td>\n<td>CHAMPENOIS Samuel<\/td>\n<td>MARTINET Michel<\/td>\n<\/tr>\n<tr>\n<td>3<\/td>\n<td>bronkart sebastien<\/td>\n<td><\/td>\n<\/tr>\n<tr>\n<td>96<\/td>\n<td>hercot vincent<\/td>\n<td>Donvil Guy<\/td>\n<\/tr>\n<tr>\n<td>90<\/td>\n<td>morone yohan<\/td>\n<td>denayer tom<\/td>\n<\/tr>\n<tr>\n<td>86<\/td>\n<td>Libert Antoine<\/td>\n<td>Disy Kevin<\/td>\n<\/tr>\n<tr>\n<td>92<\/td>\n<td>loge joel<\/td>\n<td>loge steven<\/td>\n<\/tr>\n<tr>\n<td>4<\/td>\n<td>Wery G\u00e9rald<\/td>\n<td><\/td>\n<\/tr>\n<tr>\n<td>91<\/td>\n<td>claude Dominique<\/td>\n<td>Ligot Philippe<\/td>\n<\/tr>\n<tr>\n<td>45<\/td>\n<td>Claude Florian<\/td>\n<td>Doneux Benjamin<\/td>\n<\/tr>\n<tr>\n<td>99<\/td>\n<td>romain stephane<\/td>\n<td>carl deridder<\/td>\n<\/tr>\n<tr>\n<td>74<\/td>\n<td>van langeveld<\/td>\n<td>Cyte philippe<\/td>\n<\/tr>\n<tr>\n<td>18<\/td>\n<td>Francois Benjamin<\/td>\n<td>Neefs Gregory<\/td>\n<\/tr>\n<tr>\n<td>89<\/td>\n<td>Maupertuis Frederic<\/td>\n<td>Simons Jos\u00e9<\/td>\n<\/tr>\n<tr>\n<td>101<\/td>\n<td>Deza Guy<\/td>\n<td>Deza Nicolas<\/td>\n<\/tr>\n<tr>\n<td>14<\/td>\n<td>Dendelot Geoffrey<\/td>\n<td>Arnaud thiry<\/td>\n<\/tr>\n<tr>\n<td>104<\/td>\n<td>Folie Olivier<\/td>\n<td>Vanderheyden Philippe<\/td>\n<\/tr>\n<tr>\n<td>105<\/td>\n<td>Jacquemyn Nathanael<\/td>\n<td>Jacquemyn Nathan<\/td>\n<\/tr>\n<tr>\n<td>106<\/td>\n<td>Scaillet thomas<\/td>\n<td>Scaillet carl<\/td>\n<\/tr>\n<tr>\n<td>109<\/td>\n<td>Kumps Jean-Fran\u00e7ois<\/td>\n<td><\/td>\n<\/tr>\n<tr>\n<td>110<\/td>\n<td>Bogaert Thierry<\/td>\n<td>Brichart Quentain<\/td>\n<\/tr>\n<tr>\n<td>111<\/td>\n<td>Fohal Romain<\/td>\n<td>Wauthier Damien<\/td>\n<\/tr>\n<tr>\n<td>112<\/td>\n<td>Mantelle<\/td>\n<td>Duverger Nathan<\/td>\n<\/tr>\n<tr>\n<td>113<\/td>\n<td>Staumont Amaury<\/td>\n<td><\/td>\n<\/tr>\n<tr>\n<td>116<\/td>\n<td>Franssen jason<\/td>\n<td>Franssen Philippe<\/td>\n<\/tr>\n<tr>\n<td>118<\/td>\n<td>Goffard Serge<\/td>\n<td><\/td>\n<\/tr>\n<tr>\n<td>119<\/td>\n<td>ULBRICH FREDERIC<\/td>\n<td>LALOUX STEVE<\/td>\n<\/tr>\n<tr>\n<td>120<\/td>\n<td>Mathieu Colignon<\/td>\n<td>Antoine Lambeau<\/td>\n<\/tr>\n<tr>\n<td>121<\/td>\n<td>Ittelet Bastien<\/td>\n<td>Lebrun Cinvent<\/td>\n<\/tr>\n<tr>\n<td>122<\/td>\n<td>Tournay Lucien<\/td>\n<td><\/td>\n<\/tr>\n<\/tbody>\n<\/table>\n<p>&nbsp;<\/p>\n<p>VINTAGE<\/p>\n<table style=\"margin: auto;\" width=\"95%\">\n<tbody>\n<tr>\n<td width=\"103\">7<\/td>\n<td width=\"192\">DANDOY ANTOINE<\/td>\n<td width=\"192\"><\/td>\n<\/tr>\n<tr>\n<td>73<\/td>\n<td>LEROY FRANCIS<\/td>\n<td><\/td>\n<\/tr>\n<tr>\n<td>18<\/td>\n<td>Colon Philippe<\/td>\n<td><\/td>\n<\/tr>\n<tr>\n<td>65<\/td>\n<td>Dubois etienne<\/td>\n<td>Dubois Fran\u00e7ois<\/td>\n<\/tr>\n<tr>\n<td>76<\/td>\n<td>eddy jouret<\/td>\n<td><\/td>\n<\/tr>\n<tr>\n<td>62<\/td>\n<td>DARDENNES BRUNO<\/td>\n<td>DARDENNES NICOLAS<\/td>\n<\/tr>\n<tr>\n<td>58<\/td>\n<td>SEFCSIK Caroline<\/td>\n<td>Marchal Elise<\/td>\n<\/tr>\n<tr>\n<td>75<\/td>\n<td>NIVARLET Christian<\/td>\n<td>BOUDRY Arnaud<\/td>\n<\/tr>\n<tr>\n<td>54<\/td>\n<td>LEROY PHILIPPE<\/td>\n<td><\/td>\n<\/tr>\n<tr>\n<td>53<\/td>\n<td>DENIS Albert<\/td>\n<td>DENIS Mike<\/td>\n<\/tr>\n<tr>\n<td>46<\/td>\n<td>RULMONT NICOLAS<\/td>\n<td><\/td>\n<\/tr>\n<tr>\n<td>8<\/td>\n<td>DELPIERRE Marc<\/td>\n<td><\/td>\n<\/tr>\n<tr>\n<td>9<\/td>\n<td>heuschling carlo<\/td>\n<td><\/td>\n<\/tr>\n<tr>\n<td>10<\/td>\n<td>Lajoix F\u00e9licien<\/td>\n<td>Valero Matinez Mario<\/td>\n<\/tr>\n<tr>\n<td>14<\/td>\n<td>Gillain florent<\/td>\n<td>Gillain laurent<\/td>\n<\/tr>\n<tr>\n<td>15<\/td>\n<td>yernault michel<\/td>\n<td><\/td>\n<\/tr>\n<tr>\n<td>16<\/td>\n<td>PARIDAENS THIERRY<\/td>\n<td><\/td>\n<\/tr>\n<tr>\n<td>17<\/td>\n<td>VINX LUC<\/td>\n<td>VINX JONATHAN<\/td>\n<\/tr>\n<tr>\n<td>6<\/td>\n<td>THOMAS DANIEL<\/td>\n<td>Leonard Olivier<\/td>\n<\/tr>\n<tr>\n<td>11<\/td>\n<td>lefebvre julien<\/td>\n<td>detienne maxime<\/td>\n<\/tr>\n<tr>\n<td>12<\/td>\n<td>Barthelemi cedric<\/td>\n<td>dops sebastien<\/td>\n<\/tr>\n<tr>\n<td>47<\/td>\n<td>BIETLOT Hubert<\/td>\n<td>GHISLAIN Franz<\/td>\n<\/tr>\n<tr>\n<td>59<\/td>\n<td>vanbaelen emmanuel<\/td>\n<td><\/td>\n<\/tr>\n<tr>\n<td>55<\/td>\n<td>Tissier steve<\/td>\n<td>Constant bernard<\/td>\n<\/tr>\n<tr>\n<td>61<\/td>\n<td>Wuestenberghs jean-luc<\/td>\n<td><\/td>\n<\/tr>\n<tr>\n<td>3<\/td>\n<td>bronkart sebastien<\/td>\n<td>gillard fernand<\/td>\n<\/tr>\n<tr>\n<td>22<\/td>\n<td>Godfriaux Pierre<\/td>\n<td>Bloquiau Benoit<\/td>\n<\/tr>\n<tr>\n<td>60<\/td>\n<td>Colignon Charles<\/td>\n<td><\/td>\n<\/tr>\n<tr>\n<td>83<\/td>\n<td>Dandoy Olivier<\/td>\n<td>Rousseau Christopher<\/td>\n<\/tr>\n<tr>\n<td>84<\/td>\n<td>poulin ismael<\/td>\n<td>dardenne christopher<\/td>\n<\/tr>\n<tr>\n<td>86<\/td>\n<td>MARTIAT JEAN-LUC<\/td>\n<td>TEMMERMAN LUC<\/td>\n<\/tr>\n<tr>\n<td>81<\/td>\n<td>erika buisseret<\/td>\n<td>Martin Florian<\/td>\n<\/tr>\n<tr>\n<td>69<\/td>\n<td>Brillens Erik<\/td>\n<td>Van Volsem Marc<\/td>\n<\/tr>\n<tr>\n<td>70<\/td>\n<td>Aerts Pascal<\/td>\n<td>Aerts Didier<\/td>\n<\/tr>\n<tr>\n<td>94<\/td>\n<td>Cleppert m\u00e9lissandre<\/td>\n<td>Cleppert Jean<\/td>\n<\/tr>\n<tr>\n<td>23<\/td>\n<td>bolland richel<\/td>\n<td>yernaux bernard<\/td>\n<\/tr>\n<tr>\n<td>24<\/td>\n<td>RICHELLE Martial<\/td>\n<td><\/td>\n<\/tr>\n<tr>\n<td>74<\/td>\n<td>van langeveld<\/td>\n<td>Cyte philippe<\/td>\n<\/tr>\n<tr>\n<td>4<\/td>\n<td>Dorsimont Bernard<\/td>\n<td>Sarazyn Thierry<\/td>\n<\/tr>\n<tr>\n<td>77<\/td>\n<td>Deladriere Dominique<\/td>\n<td>Bertieaux Steve<\/td>\n<\/tr>\n<tr>\n<td>71<\/td>\n<td>LAMBOT R\u00e9gis<\/td>\n<td>LAMBERMONT Damien<\/td>\n<\/tr>\n<tr>\n<td>89<\/td>\n<td>Maupertuis Frederic<\/td>\n<td>Simons Jos\u00e9<\/td>\n<\/tr>\n<tr>\n<td>101<\/td>\n<td>Deza Guy<\/td>\n<td>Deza Nicolas<\/td>\n<\/tr>\n<tr>\n<td>100<\/td>\n<td>Goffart Martin<\/td>\n<td>Goffart Daniel<\/td>\n<\/tr>\n<tr>\n<td>99<\/td>\n<td>Graux Philipe<\/td>\n<td>Gregory neefs<\/td>\n<\/tr>\n<tr>\n<td>103<\/td>\n<td>PORSON GERARD<\/td>\n<td>Denuit Jean-Jacques<\/td>\n<\/tr>\n<tr>\n<td>104<\/td>\n<td>Folie Olivier<\/td>\n<td>Vanderheyden Philippe<\/td>\n<\/tr>\n<tr>\n<td>107<\/td>\n<td>yernaux corentin<\/td>\n<td><\/td>\n<\/tr>\n<tr>\n<td>108<\/td>\n<td>DAMMAN PHILIPPE<\/td>\n<td>BARCHMAN CORENTIN<\/td>\n<\/tr>\n<tr>\n<td>114<\/td>\n<td>Jean-Paul Hossay<\/td>\n<td>Coussaert Mallory<\/td>\n<\/tr>\n<tr>\n<td>115<\/td>\n<td>Albert Franck<\/td>\n<td>Albert Dominique<\/td>\n<\/tr>\n<tr>\n<td>117<\/td>\n<td>LESUISSE CHRISTIAN<\/td>\n<td>LESUISSE ALEXANDRE<\/td>\n<\/tr>\n<tr>\n<td>121<\/td>\n<td>Ittelet Bastien<\/td>\n<td>Lebrun Cinvent<\/td>\n<\/tr>\n<tr>\n<td>123<\/td>\n<td>COUSSAERT MAXENCE<\/td>\n<td>JOBKENNE JOHN<\/td>\n<\/tr>\n<tr>\n<td>122<\/td>\n<td>Tournay Lucien<\/td>\n<td><\/td>\n<\/tr>\n<tr>\n<td>124<\/td>\n<td>Van Laethem Quentin<\/td>\n<td><\/td>\n<\/tr>\n<\/tbody>\n<\/table>\n<div id=\"ConnectiveDocSignExtentionInstalled\" data-extension-version=\"1.0.4\"><\/div>\n","protected":false},"excerpt":{"rendered":"<p>Les 12 Heures de la Chinelle font \u00e9galement la part belle aux machines d&rsquo;\u00e9poque. Cette ann\u00e9e encore, sous la responsabilit\u00e9 de William Hacardiaux qui a repris le flambeau de Bernard [&#8230;]<\/p>\n","protected":false},"author":932,"featured_media":62900,"comment_status":"open","ping_status":"closed","sticky":false,"template":"","format":"standard","meta":{"footnotes":""},"categories":[54,32,35,73,33,55,65],"tags":[1167,427,951],"class_list":["post-93398","post","type-post","status-publish","format-standard","has-post-thumbnail","hentry","category-actualite","category-enduro","category-fmb-enduro","category-chinelle","category-news-enduro","category-news-actualite","category-slideshow","tag-bex","tag-endurance","tag-enduro"],"yoast_head":"<!-- This site is optimized with the Yoast SEO plugin v27.4 - https:\/\/yoast.com\/product\/yoast-seo-wordpress\/ -->\n<title>Deux heures Old-Timers \u00e0 La Chinelle : les pilotes engag\u00e9s - Motocross - Enduro - Supermoto | MotocrossMag<\/title>\n<meta name=\"robots\" content=\"index, follow, max-snippet:-1, max-image-preview:large, max-video-preview:-1\" \/>\n<link rel=\"canonical\" href=\"https:\/\/fr.motocrossmag.be\/index.php\/2019\/08\/deux-heures-old-timers-a-la-chinelle-les-pilotes-engages\/\" \/>\n<meta property=\"og:locale\" content=\"fr_FR\" \/>\n<meta property=\"og:type\" content=\"article\" \/>\n<meta property=\"og:title\" content=\"Deux heures Old-Timers \u00e0 La Chinelle : les pilotes engag\u00e9s - Motocross - Enduro - Supermoto | MotocrossMag\" \/>\n<meta property=\"og:description\" content=\"Les 12 Heures de la Chinelle font \u00e9galement la part belle aux machines d&rsquo;\u00e9poque. Cette ann\u00e9e encore, sous la responsabilit\u00e9 de William Hacardiaux qui a repris le flambeau de Bernard [...]\" \/>\n<meta property=\"og:url\" content=\"https:\/\/fr.motocrossmag.be\/index.php\/2019\/08\/deux-heures-old-timers-a-la-chinelle-les-pilotes-engages\/\" \/>\n<meta property=\"og:site_name\" content=\"Motocross - Enduro - Supermoto | MotocrossMag\" \/>\n<meta property=\"article:published_time\" content=\"2019-08-07T14:49:03+00:00\" \/>\n<meta property=\"article:modified_time\" content=\"2019-08-07T14:49:17+00:00\" \/>\n<meta property=\"og:image\" content=\"https:\/\/fr.motocrossmag.be\/wp-content\/uploads\/2017\/08\/chinelle-old-timers-depart-2017.jpg\" \/>\n\t<meta property=\"og:image:width\" content=\"1226\" \/>\n\t<meta property=\"og:image:height\" content=\"800\" \/>\n\t<meta property=\"og:image:type\" content=\"image\/jpeg\" \/>\n<meta name=\"author\" content=\"oliviere\" \/>\n<meta name=\"twitter:card\" content=\"summary_large_image\" \/>\n<meta name=\"twitter:label1\" content=\"\u00c9crit par\" \/>\n\t<meta name=\"twitter:data1\" content=\"oliviere\" \/>\n\t<meta name=\"twitter:label2\" content=\"Dur\u00e9e de lecture estim\u00e9e\" \/>\n\t<meta name=\"twitter:data2\" content=\"3 minutes\" \/>\n<script type=\"application\/ld+json\" class=\"yoast-schema-graph\">{\"@context\":\"https:\\\/\\\/schema.org\",\"@graph\":[{\"@type\":\"Article\",\"@id\":\"https:\\\/\\\/fr.motocrossmag.be\\\/index.php\\\/2019\\\/08\\\/deux-heures-old-timers-a-la-chinelle-les-pilotes-engages\\\/#article\",\"isPartOf\":{\"@id\":\"https:\\\/\\\/fr.motocrossmag.be\\\/index.php\\\/2019\\\/08\\\/deux-heures-old-timers-a-la-chinelle-les-pilotes-engages\\\/\"},\"author\":{\"name\":\"oliviere\",\"@id\":\"https:\\\/\\\/fr.motocrossmag.be\\\/#\\\/schema\\\/person\\\/11b47143d9f755babca2c9110e03235c\"},\"headline\":\"Deux heures Old-Timers \u00e0 La Chinelle : les pilotes engag\u00e9s\",\"datePublished\":\"2019-08-07T14:49:03+00:00\",\"dateModified\":\"2019-08-07T14:49:17+00:00\",\"mainEntityOfPage\":{\"@id\":\"https:\\\/\\\/fr.motocrossmag.be\\\/index.php\\\/2019\\\/08\\\/deux-heures-old-timers-a-la-chinelle-les-pilotes-engages\\\/\"},\"wordCount\":665,\"commentCount\":0,\"image\":{\"@id\":\"https:\\\/\\\/fr.motocrossmag.be\\\/index.php\\\/2019\\\/08\\\/deux-heures-old-timers-a-la-chinelle-les-pilotes-engages\\\/#primaryimage\"},\"thumbnailUrl\":\"https:\\\/\\\/fr.motocrossmag.be\\\/wp-content\\\/uploads\\\/2017\\\/08\\\/chinelle-old-timers-depart-2017.jpg\",\"keywords\":[\"BEX\",\"endurance\",\"Enduro\"],\"articleSection\":[\"Actualit\u00e9\",\"Enduro\",\"FMB\",\"La Chinelle\",\"News\",\"News\",\"Slideshow\"],\"inLanguage\":\"fr-FR\",\"potentialAction\":[{\"@type\":\"CommentAction\",\"name\":\"Comment\",\"target\":[\"https:\\\/\\\/fr.motocrossmag.be\\\/index.php\\\/2019\\\/08\\\/deux-heures-old-timers-a-la-chinelle-les-pilotes-engages\\\/#respond\"]}]},{\"@type\":\"WebPage\",\"@id\":\"https:\\\/\\\/fr.motocrossmag.be\\\/index.php\\\/2019\\\/08\\\/deux-heures-old-timers-a-la-chinelle-les-pilotes-engages\\\/\",\"url\":\"https:\\\/\\\/fr.motocrossmag.be\\\/index.php\\\/2019\\\/08\\\/deux-heures-old-timers-a-la-chinelle-les-pilotes-engages\\\/\",\"name\":\"Deux heures Old-Timers \u00e0 La Chinelle : les pilotes engag\u00e9s - Motocross - Enduro - Supermoto | MotocrossMag\",\"isPartOf\":{\"@id\":\"https:\\\/\\\/fr.motocrossmag.be\\\/#website\"},\"primaryImageOfPage\":{\"@id\":\"https:\\\/\\\/fr.motocrossmag.be\\\/index.php\\\/2019\\\/08\\\/deux-heures-old-timers-a-la-chinelle-les-pilotes-engages\\\/#primaryimage\"},\"image\":{\"@id\":\"https:\\\/\\\/fr.motocrossmag.be\\\/index.php\\\/2019\\\/08\\\/deux-heures-old-timers-a-la-chinelle-les-pilotes-engages\\\/#primaryimage\"},\"thumbnailUrl\":\"https:\\\/\\\/fr.motocrossmag.be\\\/wp-content\\\/uploads\\\/2017\\\/08\\\/chinelle-old-timers-depart-2017.jpg\",\"datePublished\":\"2019-08-07T14:49:03+00:00\",\"dateModified\":\"2019-08-07T14:49:17+00:00\",\"author\":{\"@id\":\"https:\\\/\\\/fr.motocrossmag.be\\\/#\\\/schema\\\/person\\\/11b47143d9f755babca2c9110e03235c\"},\"breadcrumb\":{\"@id\":\"https:\\\/\\\/fr.motocrossmag.be\\\/index.php\\\/2019\\\/08\\\/deux-heures-old-timers-a-la-chinelle-les-pilotes-engages\\\/#breadcrumb\"},\"inLanguage\":\"fr-FR\",\"potentialAction\":[{\"@type\":\"ReadAction\",\"target\":[\"https:\\\/\\\/fr.motocrossmag.be\\\/index.php\\\/2019\\\/08\\\/deux-heures-old-timers-a-la-chinelle-les-pilotes-engages\\\/\"]}]},{\"@type\":\"ImageObject\",\"inLanguage\":\"fr-FR\",\"@id\":\"https:\\\/\\\/fr.motocrossmag.be\\\/index.php\\\/2019\\\/08\\\/deux-heures-old-timers-a-la-chinelle-les-pilotes-engages\\\/#primaryimage\",\"url\":\"https:\\\/\\\/fr.motocrossmag.be\\\/wp-content\\\/uploads\\\/2017\\\/08\\\/chinelle-old-timers-depart-2017.jpg\",\"contentUrl\":\"https:\\\/\\\/fr.motocrossmag.be\\\/wp-content\\\/uploads\\\/2017\\\/08\\\/chinelle-old-timers-depart-2017.jpg\",\"width\":1226,\"height\":800},{\"@type\":\"BreadcrumbList\",\"@id\":\"https:\\\/\\\/fr.motocrossmag.be\\\/index.php\\\/2019\\\/08\\\/deux-heures-old-timers-a-la-chinelle-les-pilotes-engages\\\/#breadcrumb\",\"itemListElement\":[{\"@type\":\"ListItem\",\"position\":1,\"name\":\"Accueil\",\"item\":\"https:\\\/\\\/fr.motocrossmag.be\\\/\"},{\"@type\":\"ListItem\",\"position\":2,\"name\":\"Deux heures Old-Timers \u00e0 La Chinelle : les pilotes engag\u00e9s\"}]},{\"@type\":\"WebSite\",\"@id\":\"https:\\\/\\\/fr.motocrossmag.be\\\/#website\",\"url\":\"https:\\\/\\\/fr.motocrossmag.be\\\/\",\"name\":\"Motocross - Enduro - Supermoto | MotocrossMag\",\"description\":\"L&#039;actualit\u00e9 du motocross, de l&#039;enduro et du Supermoto en ligne!\",\"potentialAction\":[{\"@type\":\"SearchAction\",\"target\":{\"@type\":\"EntryPoint\",\"urlTemplate\":\"https:\\\/\\\/fr.motocrossmag.be\\\/?s={search_term_string}\"},\"query-input\":{\"@type\":\"PropertyValueSpecification\",\"valueRequired\":true,\"valueName\":\"search_term_string\"}}],\"inLanguage\":\"fr-FR\"},{\"@type\":\"Person\",\"@id\":\"https:\\\/\\\/fr.motocrossmag.be\\\/#\\\/schema\\\/person\\\/11b47143d9f755babca2c9110e03235c\",\"name\":\"oliviere\",\"image\":{\"@type\":\"ImageObject\",\"inLanguage\":\"fr-FR\",\"@id\":\"https:\\\/\\\/secure.gravatar.com\\\/avatar\\\/907069e0b81d119452040469e4a7501da1100f54f7f80180ce77bfab718288f6?s=96&d=mm&r=g\",\"url\":\"https:\\\/\\\/secure.gravatar.com\\\/avatar\\\/907069e0b81d119452040469e4a7501da1100f54f7f80180ce77bfab718288f6?s=96&d=mm&r=g\",\"contentUrl\":\"https:\\\/\\\/secure.gravatar.com\\\/avatar\\\/907069e0b81d119452040469e4a7501da1100f54f7f80180ce77bfab718288f6?s=96&d=mm&r=g\",\"caption\":\"oliviere\"},\"sameAs\":[\"http:\\\/\\\/www.motocrossmag.be\"],\"url\":\"https:\\\/\\\/fr.motocrossmag.be\\\/index.php\\\/author\\\/oliviere\\\/\"}]}<\/script>\n<!-- \/ Yoast SEO plugin. -->","yoast_head_json":{"title":"Deux heures Old-Timers \u00e0 La Chinelle : les pilotes engag\u00e9s - Motocross - Enduro - Supermoto | MotocrossMag","robots":{"index":"index","follow":"follow","max-snippet":"max-snippet:-1","max-image-preview":"max-image-preview:large","max-video-preview":"max-video-preview:-1"},"canonical":"https:\/\/fr.motocrossmag.be\/index.php\/2019\/08\/deux-heures-old-timers-a-la-chinelle-les-pilotes-engages\/","og_locale":"fr_FR","og_type":"article","og_title":"Deux heures Old-Timers \u00e0 La Chinelle : les pilotes engag\u00e9s - Motocross - Enduro - Supermoto | MotocrossMag","og_description":"Les 12 Heures de la Chinelle font \u00e9galement la part belle aux machines d&rsquo;\u00e9poque. Cette ann\u00e9e encore, sous la responsabilit\u00e9 de William Hacardiaux qui a repris le flambeau de Bernard [...]","og_url":"https:\/\/fr.motocrossmag.be\/index.php\/2019\/08\/deux-heures-old-timers-a-la-chinelle-les-pilotes-engages\/","og_site_name":"Motocross - Enduro - Supermoto | MotocrossMag","article_published_time":"2019-08-07T14:49:03+00:00","article_modified_time":"2019-08-07T14:49:17+00:00","og_image":[{"width":1226,"height":800,"url":"https:\/\/fr.motocrossmag.be\/wp-content\/uploads\/2017\/08\/chinelle-old-timers-depart-2017.jpg","type":"image\/jpeg"}],"author":"oliviere","twitter_card":"summary_large_image","twitter_misc":{"\u00c9crit par":"oliviere","Dur\u00e9e de lecture estim\u00e9e":"3 minutes"},"schema":{"@context":"https:\/\/schema.org","@graph":[{"@type":"Article","@id":"https:\/\/fr.motocrossmag.be\/index.php\/2019\/08\/deux-heures-old-timers-a-la-chinelle-les-pilotes-engages\/#article","isPartOf":{"@id":"https:\/\/fr.motocrossmag.be\/index.php\/2019\/08\/deux-heures-old-timers-a-la-chinelle-les-pilotes-engages\/"},"author":{"name":"oliviere","@id":"https:\/\/fr.motocrossmag.be\/#\/schema\/person\/11b47143d9f755babca2c9110e03235c"},"headline":"Deux heures Old-Timers \u00e0 La Chinelle : les pilotes engag\u00e9s","datePublished":"2019-08-07T14:49:03+00:00","dateModified":"2019-08-07T14:49:17+00:00","mainEntityOfPage":{"@id":"https:\/\/fr.motocrossmag.be\/index.php\/2019\/08\/deux-heures-old-timers-a-la-chinelle-les-pilotes-engages\/"},"wordCount":665,"commentCount":0,"image":{"@id":"https:\/\/fr.motocrossmag.be\/index.php\/2019\/08\/deux-heures-old-timers-a-la-chinelle-les-pilotes-engages\/#primaryimage"},"thumbnailUrl":"https:\/\/fr.motocrossmag.be\/wp-content\/uploads\/2017\/08\/chinelle-old-timers-depart-2017.jpg","keywords":["BEX","endurance","Enduro"],"articleSection":["Actualit\u00e9","Enduro","FMB","La Chinelle","News","News","Slideshow"],"inLanguage":"fr-FR","potentialAction":[{"@type":"CommentAction","name":"Comment","target":["https:\/\/fr.motocrossmag.be\/index.php\/2019\/08\/deux-heures-old-timers-a-la-chinelle-les-pilotes-engages\/#respond"]}]},{"@type":"WebPage","@id":"https:\/\/fr.motocrossmag.be\/index.php\/2019\/08\/deux-heures-old-timers-a-la-chinelle-les-pilotes-engages\/","url":"https:\/\/fr.motocrossmag.be\/index.php\/2019\/08\/deux-heures-old-timers-a-la-chinelle-les-pilotes-engages\/","name":"Deux heures Old-Timers \u00e0 La Chinelle : les pilotes engag\u00e9s - Motocross - Enduro - Supermoto | MotocrossMag","isPartOf":{"@id":"https:\/\/fr.motocrossmag.be\/#website"},"primaryImageOfPage":{"@id":"https:\/\/fr.motocrossmag.be\/index.php\/2019\/08\/deux-heures-old-timers-a-la-chinelle-les-pilotes-engages\/#primaryimage"},"image":{"@id":"https:\/\/fr.motocrossmag.be\/index.php\/2019\/08\/deux-heures-old-timers-a-la-chinelle-les-pilotes-engages\/#primaryimage"},"thumbnailUrl":"https:\/\/fr.motocrossmag.be\/wp-content\/uploads\/2017\/08\/chinelle-old-timers-depart-2017.jpg","datePublished":"2019-08-07T14:49:03+00:00","dateModified":"2019-08-07T14:49:17+00:00","author":{"@id":"https:\/\/fr.motocrossmag.be\/#\/schema\/person\/11b47143d9f755babca2c9110e03235c"},"breadcrumb":{"@id":"https:\/\/fr.motocrossmag.be\/index.php\/2019\/08\/deux-heures-old-timers-a-la-chinelle-les-pilotes-engages\/#breadcrumb"},"inLanguage":"fr-FR","potentialAction":[{"@type":"ReadAction","target":["https:\/\/fr.motocrossmag.be\/index.php\/2019\/08\/deux-heures-old-timers-a-la-chinelle-les-pilotes-engages\/"]}]},{"@type":"ImageObject","inLanguage":"fr-FR","@id":"https:\/\/fr.motocrossmag.be\/index.php\/2019\/08\/deux-heures-old-timers-a-la-chinelle-les-pilotes-engages\/#primaryimage","url":"https:\/\/fr.motocrossmag.be\/wp-content\/uploads\/2017\/08\/chinelle-old-timers-depart-2017.jpg","contentUrl":"https:\/\/fr.motocrossmag.be\/wp-content\/uploads\/2017\/08\/chinelle-old-timers-depart-2017.jpg","width":1226,"height":800},{"@type":"BreadcrumbList","@id":"https:\/\/fr.motocrossmag.be\/index.php\/2019\/08\/deux-heures-old-timers-a-la-chinelle-les-pilotes-engages\/#breadcrumb","itemListElement":[{"@type":"ListItem","position":1,"name":"Accueil","item":"https:\/\/fr.motocrossmag.be\/"},{"@type":"ListItem","position":2,"name":"Deux heures Old-Timers \u00e0 La Chinelle : les pilotes engag\u00e9s"}]},{"@type":"WebSite","@id":"https:\/\/fr.motocrossmag.be\/#website","url":"https:\/\/fr.motocrossmag.be\/","name":"Motocross - Enduro - Supermoto | MotocrossMag","description":"L&#039;actualit\u00e9 du motocross, de l&#039;enduro et du Supermoto en ligne!","potentialAction":[{"@type":"SearchAction","target":{"@type":"EntryPoint","urlTemplate":"https:\/\/fr.motocrossmag.be\/?s={search_term_string}"},"query-input":{"@type":"PropertyValueSpecification","valueRequired":true,"valueName":"search_term_string"}}],"inLanguage":"fr-FR"},{"@type":"Person","@id":"https:\/\/fr.motocrossmag.be\/#\/schema\/person\/11b47143d9f755babca2c9110e03235c","name":"oliviere","image":{"@type":"ImageObject","inLanguage":"fr-FR","@id":"https:\/\/secure.gravatar.com\/avatar\/907069e0b81d119452040469e4a7501da1100f54f7f80180ce77bfab718288f6?s=96&d=mm&r=g","url":"https:\/\/secure.gravatar.com\/avatar\/907069e0b81d119452040469e4a7501da1100f54f7f80180ce77bfab718288f6?s=96&d=mm&r=g","contentUrl":"https:\/\/secure.gravatar.com\/avatar\/907069e0b81d119452040469e4a7501da1100f54f7f80180ce77bfab718288f6?s=96&d=mm&r=g","caption":"oliviere"},"sameAs":["http:\/\/www.motocrossmag.be"],"url":"https:\/\/fr.motocrossmag.be\/index.php\/author\/oliviere\/"}]}},"_links":{"self":[{"href":"https:\/\/fr.motocrossmag.be\/index.php\/wp-json\/wp\/v2\/posts\/93398","targetHints":{"allow":["GET"]}}],"collection":[{"href":"https:\/\/fr.motocrossmag.be\/index.php\/wp-json\/wp\/v2\/posts"}],"about":[{"href":"https:\/\/fr.motocrossmag.be\/index.php\/wp-json\/wp\/v2\/types\/post"}],"author":[{"embeddable":true,"href":"https:\/\/fr.motocrossmag.be\/index.php\/wp-json\/wp\/v2\/users\/932"}],"replies":[{"embeddable":true,"href":"https:\/\/fr.motocrossmag.be\/index.php\/wp-json\/wp\/v2\/comments?post=93398"}],"version-history":[{"count":0,"href":"https:\/\/fr.motocrossmag.be\/index.php\/wp-json\/wp\/v2\/posts\/93398\/revisions"}],"wp:featuredmedia":[{"embeddable":true,"href":"https:\/\/fr.motocrossmag.be\/index.php\/wp-json\/wp\/v2\/media\/62900"}],"wp:attachment":[{"href":"https:\/\/fr.motocrossmag.be\/index.php\/wp-json\/wp\/v2\/media?parent=93398"}],"wp:term":[{"taxonomy":"category","embeddable":true,"href":"https:\/\/fr.motocrossmag.be\/index.php\/wp-json\/wp\/v2\/categories?post=93398"},{"taxonomy":"post_tag","embeddable":true,"href":"https:\/\/fr.motocrossmag.be\/index.php\/wp-json\/wp\/v2\/tags?post=93398"}],"curies":[{"name":"wp","href":"https:\/\/api.w.org\/{rel}","templated":true}]}}