{"id":93459,"date":"2019-08-09T12:17:56","date_gmt":"2019-08-09T10:17:56","guid":{"rendered":"https:\/\/fr.motocrossmag.be\/?p=93459"},"modified":"2019-08-09T12:18:15","modified_gmt":"2019-08-09T10:18:15","slug":"antoine-magain-visera-une-premiere-victoire-aux-12-heures-de-la-chinelle","status":"publish","type":"post","link":"https:\/\/fr.motocrossmag.be\/index.php\/2019\/08\/antoine-magain-visera-une-premiere-victoire-aux-12-heures-de-la-chinelle\/","title":{"rendered":"Antoine Magain visera une premi\u00e8re victoire aux 12 Heures de la Chinelle"},"content":{"rendered":"<p><strong>Ce week-end se d\u00e9rouleront les 12 heures de La Chinelle, la plus grande course d&rsquo;enduro de Belgique, \u00e0 Franchimont, en Wallonie. Parmi les candidats \u00e0 la victoire sur cette quaranti\u00e8me \u00e9dition, nous retrouvons la solide \u00e9quipe engag\u00e9e par KTM Belgique. Elle est compos\u00e9e d\u2019Antoine Magain, Jeffrey Dewulf et Cedric Grobben.<\/strong><\/p>\n<p>La Chinelle a vu le jour en 1980, sur une id\u00e9e de Jo\u00ebl Robert. Au fil des ann\u00e9es, cette course atypique n&rsquo;a rien perdu de son lustre. La formule est n\u00e9anmoins simple. Une \u00e9quipe est compos\u00e9e de trois pilotes qui se relaient au guidon de la m\u00eame moto. Une fois le d\u00e9part donn\u00e9e, \u00e0 minuit pr\u00e9cise le samedi, un seul objectif\u00a0: faire le plus de tours possible jusqu\u2019\u00e0 ce que le drapeau \u00e0 damiers ne tombe dimanche midi. Chaque ann\u00e9e, plus de 30 000 spectateurs suivent avec enthousiasme l\u2019\u00e9v\u00e9nement depuis le bord de la piste.<\/p>\n<p><img decoding=\"async\" class=\"lazyload alignnone size-medium wp-image-77938\" src=\"https:\/\/fr.motocrossmag.be\/wp-content\/uploads\/2018\/08\/La-Chinelle-650x433.jpg\" data-orig-src=\"https:\/\/fr.motocrossmag.be\/wp-content\/uploads\/2018\/08\/La-Chinelle-650x433.jpg\" alt=\"\" width=\"650\" height=\"433\" srcset=\"data:image\/svg+xml,%3Csvg%20xmlns%3D%27http%3A%2F%2Fwww.w3.org%2F2000%2Fsvg%27%20width%3D%27650%27%20height%3D%27433%27%20viewBox%3D%270%200%20650%20433%27%3E%3Crect%20width%3D%27650%27%20height%3D%27433%27%20fill-opacity%3D%220%22%2F%3E%3C%2Fsvg%3E\" data-srcset=\"https:\/\/fr.motocrossmag.be\/wp-content\/uploads\/2018\/08\/La-Chinelle-650x433.jpg 650w, https:\/\/fr.motocrossmag.be\/wp-content\/uploads\/2018\/08\/La-Chinelle-768x511.jpg 768w, https:\/\/fr.motocrossmag.be\/wp-content\/uploads\/2018\/08\/La-Chinelle.jpg 850w\" data-sizes=\"auto\" data-orig-sizes=\"(max-width: 650px) 100vw, 650px\" \/><\/p>\n<p>Aux c\u00f4t\u00e9s de dizaines d\u2019amateurs, les pilotes professionnels r\u00eavent \u00e9galement de remporter au moins une fois La Chinelle. Dans le clan KTM Belgique, Antoine Magain est assur\u00e9ment l\u2019\u00e9toile montante de l\u2019enduro belge. Magain a assur\u00e9ment la vitesse et l&rsquo;exp\u00e9rience n\u00e9cessaires pour s\u2019imposer \u00e0 Franchimont. Apr\u00e8s \u00eatre mont\u00e9 \u00e0 plusieurs reprises sur le podium de La Chinelle, il veut plus que tout monter sur la plus haute marche dimanche. Les crossmen Cedric Grobben et Jeffrey Dewulf se joindront \u00e0 l&rsquo;ambitieux enduriste pour l\u2019occasion. Ils ont particip\u00e9 le week-end dernier au GP de Belgique de motocross. En tant que pilote priv\u00e9, Dewulf s&rsquo;y est fait remarque en se classant 12\u00e8me de la deuxi\u00e8me manche.<\/p>\n<p><strong>\u00ab\u00a0Je roulerai pour la victoire et rien d\u2019autre\u00a0!\u00a0\u00bb<\/strong><\/p>\n<p>\u00ab\u00a0Je suis serein, je me sens bien. Tant \u00a0physiquement que psychologiquement, l\u2019\u00e9quipe me fait confiance et \u00e7a me permet d\u2019arriver sur l\u2019\u00e9preuve dans de bonnes conditions\u00a0\u00bb, explique Magain. \u00ab\u00a0Mes \u00e9quipiers sont en forme eux aussi. Je connais Jeffrey depuis l\u2019ann\u00e9e pass\u00e9e et je sais qu\u2019il est tr\u00e8s motiv\u00e9 lui aussi \u00e0 effacer notre contre-performance de l\u2019an pass\u00e9 (une 6<sup>\u00e8me<\/sup> place, NDLR) . Quant \u00e0 C\u00e9dric, je le connais depuis peu et il a l\u2019air de mettre du gaz\u00a0!\u00a0\u00bb<\/p>\n<p><img decoding=\"async\" class=\"lazyload alignnone size-medium wp-image-88432\" src=\"https:\/\/fr.motocrossmag.be\/wp-content\/uploads\/2019\/05\/magain-desimone-endurogp-espagne-650x432.jpg\" data-orig-src=\"https:\/\/fr.motocrossmag.be\/wp-content\/uploads\/2019\/05\/magain-desimone-endurogp-espagne-650x432.jpg\" alt=\"\" width=\"650\" height=\"432\" srcset=\"data:image\/svg+xml,%3Csvg%20xmlns%3D%27http%3A%2F%2Fwww.w3.org%2F2000%2Fsvg%27%20width%3D%27650%27%20height%3D%27432%27%20viewBox%3D%270%200%20650%20432%27%3E%3Crect%20width%3D%27650%27%20height%3D%27432%27%20fill-opacity%3D%220%22%2F%3E%3C%2Fsvg%3E\" data-srcset=\"https:\/\/fr.motocrossmag.be\/wp-content\/uploads\/2019\/05\/magain-desimone-endurogp-espagne-650x432.jpg 650w, https:\/\/fr.motocrossmag.be\/wp-content\/uploads\/2019\/05\/magain-desimone-endurogp-espagne-768x510.jpg 768w, https:\/\/fr.motocrossmag.be\/wp-content\/uploads\/2019\/05\/magain-desimone-endurogp-espagne.jpg 1000w\" data-sizes=\"auto\" data-orig-sizes=\"(max-width: 650px) 100vw, 650px\" \/><\/p>\n<p>Pour affronter le parcours de La Chinelle, les trois hommes ont fait le choix de la KTM 350 EXC-F. Une machine qui allie une agilit\u00e9 hors pair \u00e0 une puissance impressionnante. Des caract\u00e9ristiques qui la rendent redoutable tant pour se jouer des pi\u00e8ges des parties bois\u00e9es du circuit que lorsqu\u2019il s\u2019agit d\u2019aborder \u00e0 toute vitesse les grandes boucles en prairie.<\/p>\n<p>\u00ab\u00a0Notre KTM est au top. Nous sommes pr\u00eats jusque dans les moindres d\u00e9tails. Cela me met en confiance\u00a0\u00bb, poursuit Magain. \u00ab\u00a0Je n\u2019ai peur de personne, m\u00eame si je sais que les candidats \u00e0 la victoire sont nombreux et que nous aurons vraisemblablement fort \u00e0 faire avec quelques concurrents particuli\u00e8rement rapides. Je pense notamment aux pilotes des machines officielles engag\u00e9es par Husqvarna.\u00a0J\u2019ai termin\u00e9 \u00e0 trois reprises sur la deuxi\u00e8me marche du podium. J\u2019esp\u00e8re enfin gagner La Chinelle. Je crois que, plus que jamais, tous les \u00e9l\u00e9ments sont r\u00e9unis. Et nous roulerons avec le dossard num\u00e9ro 40 sur la 40<sup>\u00e8me<\/sup> Chinelle. C\u2019est un signe, celle-ci sera la bonne\u00a0!\u00bb<\/p>\n<div id=\"ConnectiveDocSignExtentionInstalled\" data-extension-version=\"1.0.4\"><\/div>\n","protected":false},"excerpt":{"rendered":"<p>Ce week-end se d\u00e9rouleront les 12 heures de La Chinelle, la plus grande course d&rsquo;enduro de Belgique, \u00e0 Franchimont, en Wallonie. Parmi les candidats \u00e0 la victoire sur cette quaranti\u00e8me [&#8230;]<\/p>\n","protected":false},"author":932,"featured_media":93463,"comment_status":"open","ping_status":"closed","sticky":false,"template":"","format":"standard","meta":{"footnotes":""},"categories":[54,32,35,73,55,65],"tags":[1167,427,951],"class_list":["post-93459","post","type-post","status-publish","format-standard","has-post-thumbnail","hentry","category-actualite","category-enduro","category-fmb-enduro","category-chinelle","category-news-actualite","category-slideshow","tag-bex","tag-endurance","tag-enduro"],"yoast_head":"<!-- This site is optimized with the Yoast SEO plugin v27.4 - https:\/\/yoast.com\/product\/yoast-seo-wordpress\/ -->\n<title>Antoine Magain visera une premi\u00e8re victoire aux 12 Heures de la Chinelle - Motocross - Enduro - Supermoto | MotocrossMag<\/title>\n<meta name=\"robots\" content=\"index, follow, max-snippet:-1, max-image-preview:large, max-video-preview:-1\" \/>\n<link rel=\"canonical\" href=\"https:\/\/fr.motocrossmag.be\/index.php\/2019\/08\/antoine-magain-visera-une-premiere-victoire-aux-12-heures-de-la-chinelle\/\" \/>\n<meta property=\"og:locale\" content=\"fr_FR\" \/>\n<meta property=\"og:type\" content=\"article\" \/>\n<meta property=\"og:title\" content=\"Antoine Magain visera une premi\u00e8re victoire aux 12 Heures de la Chinelle - Motocross - Enduro - Supermoto | MotocrossMag\" \/>\n<meta property=\"og:description\" content=\"Ce week-end se d\u00e9rouleront les 12 heures de La Chinelle, la plus grande course d&rsquo;enduro de Belgique, \u00e0 Franchimont, en Wallonie. Parmi les candidats \u00e0 la victoire sur cette quaranti\u00e8me [...]\" \/>\n<meta property=\"og:url\" content=\"https:\/\/fr.motocrossmag.be\/index.php\/2019\/08\/antoine-magain-visera-une-premiere-victoire-aux-12-heures-de-la-chinelle\/\" \/>\n<meta property=\"og:site_name\" content=\"Motocross - Enduro - Supermoto | MotocrossMag\" \/>\n<meta property=\"article:published_time\" content=\"2019-08-09T10:17:56+00:00\" \/>\n<meta property=\"article:modified_time\" content=\"2019-08-09T10:18:15+00:00\" \/>\n<meta property=\"og:image\" content=\"https:\/\/fr.motocrossmag.be\/wp-content\/uploads\/2019\/08\/ktm-chinelle-2019.jpg\" \/>\n\t<meta property=\"og:image:width\" content=\"650\" \/>\n\t<meta property=\"og:image:height\" content=\"433\" \/>\n\t<meta property=\"og:image:type\" content=\"image\/jpeg\" \/>\n<meta name=\"author\" content=\"oliviere\" \/>\n<meta name=\"twitter:card\" content=\"summary_large_image\" \/>\n<meta name=\"twitter:label1\" content=\"\u00c9crit par\" \/>\n\t<meta name=\"twitter:data1\" content=\"oliviere\" \/>\n\t<meta name=\"twitter:label2\" content=\"Dur\u00e9e de lecture estim\u00e9e\" \/>\n\t<meta name=\"twitter:data2\" content=\"3 minutes\" \/>\n<script type=\"application\/ld+json\" class=\"yoast-schema-graph\">{\"@context\":\"https:\\\/\\\/schema.org\",\"@graph\":[{\"@type\":\"Article\",\"@id\":\"https:\\\/\\\/fr.motocrossmag.be\\\/index.php\\\/2019\\\/08\\\/antoine-magain-visera-une-premiere-victoire-aux-12-heures-de-la-chinelle\\\/#article\",\"isPartOf\":{\"@id\":\"https:\\\/\\\/fr.motocrossmag.be\\\/index.php\\\/2019\\\/08\\\/antoine-magain-visera-une-premiere-victoire-aux-12-heures-de-la-chinelle\\\/\"},\"author\":{\"name\":\"oliviere\",\"@id\":\"https:\\\/\\\/fr.motocrossmag.be\\\/#\\\/schema\\\/person\\\/11b47143d9f755babca2c9110e03235c\"},\"headline\":\"Antoine Magain visera une premi\u00e8re victoire aux 12 Heures de la Chinelle\",\"datePublished\":\"2019-08-09T10:17:56+00:00\",\"dateModified\":\"2019-08-09T10:18:15+00:00\",\"mainEntityOfPage\":{\"@id\":\"https:\\\/\\\/fr.motocrossmag.be\\\/index.php\\\/2019\\\/08\\\/antoine-magain-visera-une-premiere-victoire-aux-12-heures-de-la-chinelle\\\/\"},\"wordCount\":569,\"commentCount\":0,\"image\":{\"@id\":\"https:\\\/\\\/fr.motocrossmag.be\\\/index.php\\\/2019\\\/08\\\/antoine-magain-visera-une-premiere-victoire-aux-12-heures-de-la-chinelle\\\/#primaryimage\"},\"thumbnailUrl\":\"https:\\\/\\\/fr.motocrossmag.be\\\/wp-content\\\/uploads\\\/2019\\\/08\\\/ktm-chinelle-2019.jpg\",\"keywords\":[\"BEX\",\"endurance\",\"Enduro\"],\"articleSection\":[\"Actualit\u00e9\",\"Enduro\",\"FMB\",\"La Chinelle\",\"News\",\"Slideshow\"],\"inLanguage\":\"fr-FR\",\"potentialAction\":[{\"@type\":\"CommentAction\",\"name\":\"Comment\",\"target\":[\"https:\\\/\\\/fr.motocrossmag.be\\\/index.php\\\/2019\\\/08\\\/antoine-magain-visera-une-premiere-victoire-aux-12-heures-de-la-chinelle\\\/#respond\"]}]},{\"@type\":\"WebPage\",\"@id\":\"https:\\\/\\\/fr.motocrossmag.be\\\/index.php\\\/2019\\\/08\\\/antoine-magain-visera-une-premiere-victoire-aux-12-heures-de-la-chinelle\\\/\",\"url\":\"https:\\\/\\\/fr.motocrossmag.be\\\/index.php\\\/2019\\\/08\\\/antoine-magain-visera-une-premiere-victoire-aux-12-heures-de-la-chinelle\\\/\",\"name\":\"Antoine Magain visera une premi\u00e8re victoire aux 12 Heures de la Chinelle - Motocross - Enduro - Supermoto | MotocrossMag\",\"isPartOf\":{\"@id\":\"https:\\\/\\\/fr.motocrossmag.be\\\/#website\"},\"primaryImageOfPage\":{\"@id\":\"https:\\\/\\\/fr.motocrossmag.be\\\/index.php\\\/2019\\\/08\\\/antoine-magain-visera-une-premiere-victoire-aux-12-heures-de-la-chinelle\\\/#primaryimage\"},\"image\":{\"@id\":\"https:\\\/\\\/fr.motocrossmag.be\\\/index.php\\\/2019\\\/08\\\/antoine-magain-visera-une-premiere-victoire-aux-12-heures-de-la-chinelle\\\/#primaryimage\"},\"thumbnailUrl\":\"https:\\\/\\\/fr.motocrossmag.be\\\/wp-content\\\/uploads\\\/2019\\\/08\\\/ktm-chinelle-2019.jpg\",\"datePublished\":\"2019-08-09T10:17:56+00:00\",\"dateModified\":\"2019-08-09T10:18:15+00:00\",\"author\":{\"@id\":\"https:\\\/\\\/fr.motocrossmag.be\\\/#\\\/schema\\\/person\\\/11b47143d9f755babca2c9110e03235c\"},\"breadcrumb\":{\"@id\":\"https:\\\/\\\/fr.motocrossmag.be\\\/index.php\\\/2019\\\/08\\\/antoine-magain-visera-une-premiere-victoire-aux-12-heures-de-la-chinelle\\\/#breadcrumb\"},\"inLanguage\":\"fr-FR\",\"potentialAction\":[{\"@type\":\"ReadAction\",\"target\":[\"https:\\\/\\\/fr.motocrossmag.be\\\/index.php\\\/2019\\\/08\\\/antoine-magain-visera-une-premiere-victoire-aux-12-heures-de-la-chinelle\\\/\"]}]},{\"@type\":\"ImageObject\",\"inLanguage\":\"fr-FR\",\"@id\":\"https:\\\/\\\/fr.motocrossmag.be\\\/index.php\\\/2019\\\/08\\\/antoine-magain-visera-une-premiere-victoire-aux-12-heures-de-la-chinelle\\\/#primaryimage\",\"url\":\"https:\\\/\\\/fr.motocrossmag.be\\\/wp-content\\\/uploads\\\/2019\\\/08\\\/ktm-chinelle-2019.jpg\",\"contentUrl\":\"https:\\\/\\\/fr.motocrossmag.be\\\/wp-content\\\/uploads\\\/2019\\\/08\\\/ktm-chinelle-2019.jpg\",\"width\":650,\"height\":433},{\"@type\":\"BreadcrumbList\",\"@id\":\"https:\\\/\\\/fr.motocrossmag.be\\\/index.php\\\/2019\\\/08\\\/antoine-magain-visera-une-premiere-victoire-aux-12-heures-de-la-chinelle\\\/#breadcrumb\",\"itemListElement\":[{\"@type\":\"ListItem\",\"position\":1,\"name\":\"Accueil\",\"item\":\"https:\\\/\\\/fr.motocrossmag.be\\\/\"},{\"@type\":\"ListItem\",\"position\":2,\"name\":\"Antoine Magain visera une premi\u00e8re victoire aux 12 Heures de la Chinelle\"}]},{\"@type\":\"WebSite\",\"@id\":\"https:\\\/\\\/fr.motocrossmag.be\\\/#website\",\"url\":\"https:\\\/\\\/fr.motocrossmag.be\\\/\",\"name\":\"Motocross - Enduro - Supermoto | MotocrossMag\",\"description\":\"L&#039;actualit\u00e9 du motocross, de l&#039;enduro et du Supermoto en ligne!\",\"potentialAction\":[{\"@type\":\"SearchAction\",\"target\":{\"@type\":\"EntryPoint\",\"urlTemplate\":\"https:\\\/\\\/fr.motocrossmag.be\\\/?s={search_term_string}\"},\"query-input\":{\"@type\":\"PropertyValueSpecification\",\"valueRequired\":true,\"valueName\":\"search_term_string\"}}],\"inLanguage\":\"fr-FR\"},{\"@type\":\"Person\",\"@id\":\"https:\\\/\\\/fr.motocrossmag.be\\\/#\\\/schema\\\/person\\\/11b47143d9f755babca2c9110e03235c\",\"name\":\"oliviere\",\"image\":{\"@type\":\"ImageObject\",\"inLanguage\":\"fr-FR\",\"@id\":\"https:\\\/\\\/secure.gravatar.com\\\/avatar\\\/907069e0b81d119452040469e4a7501da1100f54f7f80180ce77bfab718288f6?s=96&d=mm&r=g\",\"url\":\"https:\\\/\\\/secure.gravatar.com\\\/avatar\\\/907069e0b81d119452040469e4a7501da1100f54f7f80180ce77bfab718288f6?s=96&d=mm&r=g\",\"contentUrl\":\"https:\\\/\\\/secure.gravatar.com\\\/avatar\\\/907069e0b81d119452040469e4a7501da1100f54f7f80180ce77bfab718288f6?s=96&d=mm&r=g\",\"caption\":\"oliviere\"},\"sameAs\":[\"http:\\\/\\\/www.motocrossmag.be\"],\"url\":\"https:\\\/\\\/fr.motocrossmag.be\\\/index.php\\\/author\\\/oliviere\\\/\"}]}<\/script>\n<!-- \/ Yoast SEO plugin. -->","yoast_head_json":{"title":"Antoine Magain visera une premi\u00e8re victoire aux 12 Heures de la Chinelle - Motocross - Enduro - Supermoto | MotocrossMag","robots":{"index":"index","follow":"follow","max-snippet":"max-snippet:-1","max-image-preview":"max-image-preview:large","max-video-preview":"max-video-preview:-1"},"canonical":"https:\/\/fr.motocrossmag.be\/index.php\/2019\/08\/antoine-magain-visera-une-premiere-victoire-aux-12-heures-de-la-chinelle\/","og_locale":"fr_FR","og_type":"article","og_title":"Antoine Magain visera une premi\u00e8re victoire aux 12 Heures de la Chinelle - Motocross - Enduro - Supermoto | MotocrossMag","og_description":"Ce week-end se d\u00e9rouleront les 12 heures de La Chinelle, la plus grande course d&rsquo;enduro de Belgique, \u00e0 Franchimont, en Wallonie. Parmi les candidats \u00e0 la victoire sur cette quaranti\u00e8me [...]","og_url":"https:\/\/fr.motocrossmag.be\/index.php\/2019\/08\/antoine-magain-visera-une-premiere-victoire-aux-12-heures-de-la-chinelle\/","og_site_name":"Motocross - Enduro - Supermoto | MotocrossMag","article_published_time":"2019-08-09T10:17:56+00:00","article_modified_time":"2019-08-09T10:18:15+00:00","og_image":[{"width":650,"height":433,"url":"https:\/\/fr.motocrossmag.be\/wp-content\/uploads\/2019\/08\/ktm-chinelle-2019.jpg","type":"image\/jpeg"}],"author":"oliviere","twitter_card":"summary_large_image","twitter_misc":{"\u00c9crit par":"oliviere","Dur\u00e9e de lecture estim\u00e9e":"3 minutes"},"schema":{"@context":"https:\/\/schema.org","@graph":[{"@type":"Article","@id":"https:\/\/fr.motocrossmag.be\/index.php\/2019\/08\/antoine-magain-visera-une-premiere-victoire-aux-12-heures-de-la-chinelle\/#article","isPartOf":{"@id":"https:\/\/fr.motocrossmag.be\/index.php\/2019\/08\/antoine-magain-visera-une-premiere-victoire-aux-12-heures-de-la-chinelle\/"},"author":{"name":"oliviere","@id":"https:\/\/fr.motocrossmag.be\/#\/schema\/person\/11b47143d9f755babca2c9110e03235c"},"headline":"Antoine Magain visera une premi\u00e8re victoire aux 12 Heures de la Chinelle","datePublished":"2019-08-09T10:17:56+00:00","dateModified":"2019-08-09T10:18:15+00:00","mainEntityOfPage":{"@id":"https:\/\/fr.motocrossmag.be\/index.php\/2019\/08\/antoine-magain-visera-une-premiere-victoire-aux-12-heures-de-la-chinelle\/"},"wordCount":569,"commentCount":0,"image":{"@id":"https:\/\/fr.motocrossmag.be\/index.php\/2019\/08\/antoine-magain-visera-une-premiere-victoire-aux-12-heures-de-la-chinelle\/#primaryimage"},"thumbnailUrl":"https:\/\/fr.motocrossmag.be\/wp-content\/uploads\/2019\/08\/ktm-chinelle-2019.jpg","keywords":["BEX","endurance","Enduro"],"articleSection":["Actualit\u00e9","Enduro","FMB","La Chinelle","News","Slideshow"],"inLanguage":"fr-FR","potentialAction":[{"@type":"CommentAction","name":"Comment","target":["https:\/\/fr.motocrossmag.be\/index.php\/2019\/08\/antoine-magain-visera-une-premiere-victoire-aux-12-heures-de-la-chinelle\/#respond"]}]},{"@type":"WebPage","@id":"https:\/\/fr.motocrossmag.be\/index.php\/2019\/08\/antoine-magain-visera-une-premiere-victoire-aux-12-heures-de-la-chinelle\/","url":"https:\/\/fr.motocrossmag.be\/index.php\/2019\/08\/antoine-magain-visera-une-premiere-victoire-aux-12-heures-de-la-chinelle\/","name":"Antoine Magain visera une premi\u00e8re victoire aux 12 Heures de la Chinelle - Motocross - Enduro - Supermoto | MotocrossMag","isPartOf":{"@id":"https:\/\/fr.motocrossmag.be\/#website"},"primaryImageOfPage":{"@id":"https:\/\/fr.motocrossmag.be\/index.php\/2019\/08\/antoine-magain-visera-une-premiere-victoire-aux-12-heures-de-la-chinelle\/#primaryimage"},"image":{"@id":"https:\/\/fr.motocrossmag.be\/index.php\/2019\/08\/antoine-magain-visera-une-premiere-victoire-aux-12-heures-de-la-chinelle\/#primaryimage"},"thumbnailUrl":"https:\/\/fr.motocrossmag.be\/wp-content\/uploads\/2019\/08\/ktm-chinelle-2019.jpg","datePublished":"2019-08-09T10:17:56+00:00","dateModified":"2019-08-09T10:18:15+00:00","author":{"@id":"https:\/\/fr.motocrossmag.be\/#\/schema\/person\/11b47143d9f755babca2c9110e03235c"},"breadcrumb":{"@id":"https:\/\/fr.motocrossmag.be\/index.php\/2019\/08\/antoine-magain-visera-une-premiere-victoire-aux-12-heures-de-la-chinelle\/#breadcrumb"},"inLanguage":"fr-FR","potentialAction":[{"@type":"ReadAction","target":["https:\/\/fr.motocrossmag.be\/index.php\/2019\/08\/antoine-magain-visera-une-premiere-victoire-aux-12-heures-de-la-chinelle\/"]}]},{"@type":"ImageObject","inLanguage":"fr-FR","@id":"https:\/\/fr.motocrossmag.be\/index.php\/2019\/08\/antoine-magain-visera-une-premiere-victoire-aux-12-heures-de-la-chinelle\/#primaryimage","url":"https:\/\/fr.motocrossmag.be\/wp-content\/uploads\/2019\/08\/ktm-chinelle-2019.jpg","contentUrl":"https:\/\/fr.motocrossmag.be\/wp-content\/uploads\/2019\/08\/ktm-chinelle-2019.jpg","width":650,"height":433},{"@type":"BreadcrumbList","@id":"https:\/\/fr.motocrossmag.be\/index.php\/2019\/08\/antoine-magain-visera-une-premiere-victoire-aux-12-heures-de-la-chinelle\/#breadcrumb","itemListElement":[{"@type":"ListItem","position":1,"name":"Accueil","item":"https:\/\/fr.motocrossmag.be\/"},{"@type":"ListItem","position":2,"name":"Antoine Magain visera une premi\u00e8re victoire aux 12 Heures de la Chinelle"}]},{"@type":"WebSite","@id":"https:\/\/fr.motocrossmag.be\/#website","url":"https:\/\/fr.motocrossmag.be\/","name":"Motocross - Enduro - Supermoto | MotocrossMag","description":"L&#039;actualit\u00e9 du motocross, de l&#039;enduro et du Supermoto en ligne!","potentialAction":[{"@type":"SearchAction","target":{"@type":"EntryPoint","urlTemplate":"https:\/\/fr.motocrossmag.be\/?s={search_term_string}"},"query-input":{"@type":"PropertyValueSpecification","valueRequired":true,"valueName":"search_term_string"}}],"inLanguage":"fr-FR"},{"@type":"Person","@id":"https:\/\/fr.motocrossmag.be\/#\/schema\/person\/11b47143d9f755babca2c9110e03235c","name":"oliviere","image":{"@type":"ImageObject","inLanguage":"fr-FR","@id":"https:\/\/secure.gravatar.com\/avatar\/907069e0b81d119452040469e4a7501da1100f54f7f80180ce77bfab718288f6?s=96&d=mm&r=g","url":"https:\/\/secure.gravatar.com\/avatar\/907069e0b81d119452040469e4a7501da1100f54f7f80180ce77bfab718288f6?s=96&d=mm&r=g","contentUrl":"https:\/\/secure.gravatar.com\/avatar\/907069e0b81d119452040469e4a7501da1100f54f7f80180ce77bfab718288f6?s=96&d=mm&r=g","caption":"oliviere"},"sameAs":["http:\/\/www.motocrossmag.be"],"url":"https:\/\/fr.motocrossmag.be\/index.php\/author\/oliviere\/"}]}},"_links":{"self":[{"href":"https:\/\/fr.motocrossmag.be\/index.php\/wp-json\/wp\/v2\/posts\/93459","targetHints":{"allow":["GET"]}}],"collection":[{"href":"https:\/\/fr.motocrossmag.be\/index.php\/wp-json\/wp\/v2\/posts"}],"about":[{"href":"https:\/\/fr.motocrossmag.be\/index.php\/wp-json\/wp\/v2\/types\/post"}],"author":[{"embeddable":true,"href":"https:\/\/fr.motocrossmag.be\/index.php\/wp-json\/wp\/v2\/users\/932"}],"replies":[{"embeddable":true,"href":"https:\/\/fr.motocrossmag.be\/index.php\/wp-json\/wp\/v2\/comments?post=93459"}],"version-history":[{"count":0,"href":"https:\/\/fr.motocrossmag.be\/index.php\/wp-json\/wp\/v2\/posts\/93459\/revisions"}],"wp:featuredmedia":[{"embeddable":true,"href":"https:\/\/fr.motocrossmag.be\/index.php\/wp-json\/wp\/v2\/media\/93463"}],"wp:attachment":[{"href":"https:\/\/fr.motocrossmag.be\/index.php\/wp-json\/wp\/v2\/media?parent=93459"}],"wp:term":[{"taxonomy":"category","embeddable":true,"href":"https:\/\/fr.motocrossmag.be\/index.php\/wp-json\/wp\/v2\/categories?post=93459"},{"taxonomy":"post_tag","embeddable":true,"href":"https:\/\/fr.motocrossmag.be\/index.php\/wp-json\/wp\/v2\/tags?post=93459"}],"curies":[{"name":"wp","href":"https:\/\/api.w.org\/{rel}","templated":true}]}}