{"id":93462,"date":"2019-08-09T14:46:58","date_gmt":"2019-08-09T12:46:58","guid":{"rendered":"https:\/\/fr.motocrossmag.be\/?p=93462"},"modified":"2019-08-09T15:25:02","modified_gmt":"2019-08-09T13:25:02","slug":"wim-vanderheyden-et-les-siens-prets-a-reconquerir-leur-titre-a-la-chinelle","status":"publish","type":"post","link":"https:\/\/fr.motocrossmag.be\/index.php\/2019\/08\/wim-vanderheyden-et-les-siens-prets-a-reconquerir-leur-titre-a-la-chinelle\/","title":{"rendered":"Wim Vanderheyden et les siens pr\u00eats \u00e0 reconqu\u00e9rir leur titre \u00e0 La Chinelle"},"content":{"rendered":"<p><strong>Apr\u00e8s deux victoires cons\u00e9cutives en 2016 et 2017, Husqvarna Belgique et Wim Vanderheyden ont d\u00fb c\u00e9der leur couronne \u00e0 la Yamaha du team Zone Rouge l\u2019an pass\u00e9. Sur cette 40\u00e8me \u00e9dition des 12 Heures de La Chinelle, Husqvarna tentera de s\u2019imposer en alignant deux \u00e9quipes impressionnantes. Nous avons discut\u00e9 avec Wim Vanderheyden de ce qui rend cette course si sp\u00e9ciale.<\/strong><\/p>\n<p>Durant la premi\u00e8re quinzaine d\u2019ao\u00fbt, des dizaines de milliers de spectateurs se rendent chaque ann\u00e9e \u00e0 Franchimont-Pilippeville pour y assister \u00e0 une course moto sans pareil. Pendant douze heures, les pilotes s&rsquo;affrontent par \u00e9quipes, g\u00e9n\u00e9ralement de trois pilotes, sur une piste qui s\u2019\u00e9tend sur environ 6,5 kilom\u00e8tres. La dur\u00e9e de la course, son parcours atypique et son d\u00e9part de nuit en font une \u00e9preuve exceptionnelle.<\/p>\n<p><img decoding=\"async\" class=\"lazyload alignnone size-medium wp-image-77946\" src=\"https:\/\/fr.motocrossmag.be\/wp-content\/uploads\/2018\/08\/La-Chinelle-008-650x433.jpg\" data-orig-src=\"https:\/\/fr.motocrossmag.be\/wp-content\/uploads\/2018\/08\/La-Chinelle-008-650x433.jpg\" alt=\"\" width=\"650\" height=\"433\" srcset=\"data:image\/svg+xml,%3Csvg%20xmlns%3D%27http%3A%2F%2Fwww.w3.org%2F2000%2Fsvg%27%20width%3D%27650%27%20height%3D%27433%27%20viewBox%3D%270%200%20650%20433%27%3E%3Crect%20width%3D%27650%27%20height%3D%27433%27%20fill-opacity%3D%220%22%2F%3E%3C%2Fsvg%3E\" data-srcset=\"https:\/\/fr.motocrossmag.be\/wp-content\/uploads\/2018\/08\/La-Chinelle-008-650x433.jpg 650w, https:\/\/fr.motocrossmag.be\/wp-content\/uploads\/2018\/08\/La-Chinelle-008-768x511.jpg 768w, https:\/\/fr.motocrossmag.be\/wp-content\/uploads\/2018\/08\/La-Chinelle-008.jpg 850w\" data-sizes=\"auto\" data-orig-sizes=\"(max-width: 650px) 100vw, 650px\" \/><\/p>\n<p>\u00ab\u00a0Bien s\u00fbr, la conduite la nuit est le param\u00e8tre le plus important pour les pilotes\u00a0\u00bb, explique Wim Vanderheyden, responsable de l&rsquo;\u00e9quipe Husqvarna Belgique. \u00abParfois, les pilotes d\u00e9couvrent qu&rsquo;ils sont incapables de piloter correctement dans le noir. Vous connaissez la c\u00e9cit\u00e9 nocturne. \u00a0\u00bb<\/p>\n<p>Vanderheyden, sp\u00e9cialiste de l\u2019enduro, a lui-m\u00eame souvent particip\u00e9 aux 12 Heures de la Chinelle. Dans son r\u00f4le de chef d\u2019\u00e9quipe, Wim a plac\u00e9 Husqvarna en bonne position sur la carte. Depuis 2015, au moins un trio Husky a toujours termin\u00e9 sur le podium. En 2016 et 2017, ils sont m\u00eame mont\u00e9s sur la plus haute marche. Cette ann\u00e9e, ses deux \u00e9quipes, J\u00e9r\u00f4me Martiny-Matthew Vanoevelen-Erik Willems et Wietse Brackman-Jilani Cambr\u00e9-Kevin Fors, font encore une fois partie des favoris.<\/p>\n<blockquote><p>\u00ab\u00a0En 2016, nous nous sommes impos\u00e9s avec une tr\u00e8s jeune \u00e9quipe.\u00a0\u00bb<\/p><\/blockquote>\n<p>\u201cC&rsquo;est vrai, sur le papier, nous sommes au d\u00e9part avec deux \u00e9quipes tr\u00e8s comp\u00e9titives. Cependant, je m&rsquo;attends \u00e0 beaucoup de r\u00e9sistance de la part de l&rsquo;\u00e9quipe KTM Belgique. Individuellement, leurs pilotes (Cedric Grobben, Jeffrey Dewulf et Antoine Magain, NDLR) n&rsquo;ont sans doute pas la m\u00eame exp\u00e9rience de La Chinelle que nos gars. Mais cela ne fait pas tout. En 2016, nous avons pris la victoire avec une tr\u00e8s jeune \u00e9quipe. C&rsquo;\u00e9tait avec Brackman, Cyril Genot et Nathan Renkens. \u00a0\u00bb<\/p>\n<p><img decoding=\"async\" class=\"lazyload size-medium wp-image-77957\" src=\"https:\/\/fr.motocrossmag.be\/wp-content\/uploads\/2018\/08\/La-Chinelle-019-650x433.jpg\" data-orig-src=\"https:\/\/fr.motocrossmag.be\/wp-content\/uploads\/2018\/08\/La-Chinelle-019-650x433.jpg\" alt=\"\" width=\"650\" height=\"433\" srcset=\"data:image\/svg+xml,%3Csvg%20xmlns%3D%27http%3A%2F%2Fwww.w3.org%2F2000%2Fsvg%27%20width%3D%27650%27%20height%3D%27433%27%20viewBox%3D%270%200%20650%20433%27%3E%3Crect%20width%3D%27650%27%20height%3D%27433%27%20fill-opacity%3D%220%22%2F%3E%3C%2Fsvg%3E\" data-srcset=\"https:\/\/fr.motocrossmag.be\/wp-content\/uploads\/2018\/08\/La-Chinelle-019-650x433.jpg 650w, https:\/\/fr.motocrossmag.be\/wp-content\/uploads\/2018\/08\/La-Chinelle-019-768x511.jpg 768w, https:\/\/fr.motocrossmag.be\/wp-content\/uploads\/2018\/08\/La-Chinelle-019.jpg 850w\" data-sizes=\"auto\" data-orig-sizes=\"(max-width: 650px) 100vw, 650px\" \/><\/p>\n<p>La dur\u00e9e de la course et la conduite de nuit semblent faites sur mesure pour les sp\u00e9cialistes de l\u2019enduro, mais la vitesse est aussi un facteur d\u00e9cisif. \u00abDe plus en plus, La Chinelle est en fait un motocross de longue haleine. Avec ses particularit\u00e9s bien s\u00fbr. Par exemple, tout le monde doit entrer dans les stands au moins 10 fois sur toute la dur\u00e9e de la comp\u00e9tition.\u00a0L&rsquo;atmosph\u00e8re dans les stands est indescriptible. Le public est tr\u00e8s proche de l&rsquo;action, des pilotes, des m\u00e9caniciens et des motos. Cela donne de l&rsquo;adr\u00e9naline suppl\u00e9mentaire!\u00a0\u00bb<\/p>\n<div id=\"attachment_77973\" style=\"width: 660px\" class=\"wp-caption alignnone\"><img decoding=\"async\" aria-describedby=\"caption-attachment-77973\" class=\"lazyload size-medium wp-image-77973\" src=\"https:\/\/fr.motocrossmag.be\/wp-content\/uploads\/2018\/08\/La-Chinelle-035-650x433.jpg\" data-orig-src=\"https:\/\/fr.motocrossmag.be\/wp-content\/uploads\/2018\/08\/La-Chinelle-035-650x433.jpg\" alt=\"\" width=\"650\" height=\"433\" srcset=\"data:image\/svg+xml,%3Csvg%20xmlns%3D%27http%3A%2F%2Fwww.w3.org%2F2000%2Fsvg%27%20width%3D%27650%27%20height%3D%27433%27%20viewBox%3D%270%200%20650%20433%27%3E%3Crect%20width%3D%27650%27%20height%3D%27433%27%20fill-opacity%3D%220%22%2F%3E%3C%2Fsvg%3E\" data-srcset=\"https:\/\/fr.motocrossmag.be\/wp-content\/uploads\/2018\/08\/La-Chinelle-035-650x433.jpg 650w, https:\/\/fr.motocrossmag.be\/wp-content\/uploads\/2018\/08\/La-Chinelle-035-768x511.jpg 768w, https:\/\/fr.motocrossmag.be\/wp-content\/uploads\/2018\/08\/La-Chinelle-035.jpg 850w\" data-sizes=\"auto\" data-orig-sizes=\"(max-width: 650px) 100vw, 650px\" \/><p id=\"caption-attachment-77973\" class=\"wp-caption-text\">Le d\u00e9part le samedi \u00e0 minuit depuis l&rsquo;esplanade de Franchimont. Toujours un grand spectacle !<\/p><\/div>\n<p>Le travail dans les stands est crucial, tout comme dans d\u2019autres branches du sport moteur. Souvent, \u00e0 La Chinelle, la victoire se joue l\u00e0. \u00abEn 2015, la diff\u00e9rence entre les gagnants et leurs rivaux n&rsquo;\u00e9tait que de 3 secondes. En 2016, elle \u00e9tait de 49 secondes. Et cela au terme de 12 heures de course! \u00a0A La Chinelle, vous devez \u00eatre dispos\u00e9 \u00e0 partager des informations avec vos co\u00e9quipiers. J&rsquo;insiste pour que les pilotes utilisent de mani\u00e8re optimale les 30 secondes qu\u2019ils ont lors d&rsquo;un arr\u00eat aux stands pour communiquer avec leur co\u00e9quipier qui reprend le guidon. Comment s\u2019est pass\u00e9 le relai? O\u00f9 faut-il faire attention? Est-ce que la machine se comporte diff\u00e9remment? \u00a0\u00bb<\/p>\n<blockquote><p>\u00ab\u00a0Trois fr\u00e8res, trois voisins, trois champions&#8230; tout est possible \u00e0 La Chinelle !\u00a0\u00bb<\/p><\/blockquote>\n<p>Les deux \u00e9quipes ont choisi la Husqvarna 450FE 2020. En termes de pr\u00e9paration, cela a n\u00e9cessit\u00e9 un peu de travail suppl\u00e9mentaire. \u00abCes trois derni\u00e8res ann\u00e9es, nous avons presque toujours utilis\u00e9 la m\u00eame machine que nous connaissions d\u00e8s lors de fond en comble. Avec du nouveau mat\u00e9riel, vous devez bien s\u00fbr tester et apprendre \u00e0 tirer le meilleur parti de cette machine. C\u2019est excitant d\u2019aller imm\u00e9diatement dans une course aussi importante, mais le travail \u00e0 fournir pour obtenir un r\u00e9sultat exceptionnel est d\u2019autant plus important! \u00bb<\/p>\n<p>Sur le plan sportif, les 12 heures de La Chinelle constituent un gros d\u00e9fi. \u00ab\u00a0C\u2019est aussi le charme de la comp\u00e9tition. Que vous soyez un pur amateur ou un champion du monde, piloter tout en se battant contre vous-m\u00eame avec deux autres pilotes pour \u00e9quipiers est une exp\u00e9rience unique. Trois fr\u00e8res, trois voisins ou trois champions ensemble, tout est possible \u00e0 La Chinelle \u00ab\u00a0, conclut Vanderheyden.<\/p>\n<div id=\"ConnectiveDocSignExtentionInstalled\" data-extension-version=\"1.0.4\"><\/div>\n","protected":false},"excerpt":{"rendered":"<p>Apr\u00e8s deux victoires cons\u00e9cutives en 2016 et 2017, Husqvarna Belgique et Wim Vanderheyden ont d\u00fb c\u00e9der leur couronne \u00e0 la Yamaha du team Zone Rouge l\u2019an pass\u00e9. Sur cette 40\u00e8me [&#8230;]<\/p>\n","protected":false},"author":932,"featured_media":77997,"comment_status":"open","ping_status":"closed","sticky":false,"template":"","format":"standard","meta":{"footnotes":""},"categories":[54,32,73,33,65],"tags":[1167,427,951],"class_list":["post-93462","post","type-post","status-publish","format-standard","has-post-thumbnail","hentry","category-actualite","category-enduro","category-chinelle","category-news-enduro","category-slideshow","tag-bex","tag-endurance","tag-enduro"],"yoast_head":"<!-- This site is optimized with the Yoast SEO plugin v27.4 - https:\/\/yoast.com\/product\/yoast-seo-wordpress\/ -->\n<title>Wim Vanderheyden et les siens pr\u00eats \u00e0 reconqu\u00e9rir leur titre \u00e0 La Chinelle - Motocross - Enduro - Supermoto | MotocrossMag<\/title>\n<meta name=\"robots\" content=\"index, follow, max-snippet:-1, max-image-preview:large, max-video-preview:-1\" \/>\n<link rel=\"canonical\" href=\"https:\/\/fr.motocrossmag.be\/index.php\/2019\/08\/wim-vanderheyden-et-les-siens-prets-a-reconquerir-leur-titre-a-la-chinelle\/\" \/>\n<meta property=\"og:locale\" content=\"fr_FR\" \/>\n<meta property=\"og:type\" content=\"article\" \/>\n<meta property=\"og:title\" content=\"Wim Vanderheyden et les siens pr\u00eats \u00e0 reconqu\u00e9rir leur titre \u00e0 La Chinelle - Motocross - Enduro - Supermoto | MotocrossMag\" \/>\n<meta property=\"og:description\" content=\"Apr\u00e8s deux victoires cons\u00e9cutives en 2016 et 2017, Husqvarna Belgique et Wim Vanderheyden ont d\u00fb c\u00e9der leur couronne \u00e0 la Yamaha du team Zone Rouge l\u2019an pass\u00e9. Sur cette 40\u00e8me [...]\" \/>\n<meta property=\"og:url\" content=\"https:\/\/fr.motocrossmag.be\/index.php\/2019\/08\/wim-vanderheyden-et-les-siens-prets-a-reconquerir-leur-titre-a-la-chinelle\/\" \/>\n<meta property=\"og:site_name\" content=\"Motocross - Enduro - Supermoto | MotocrossMag\" \/>\n<meta property=\"article:published_time\" content=\"2019-08-09T12:46:58+00:00\" \/>\n<meta property=\"article:modified_time\" content=\"2019-08-09T13:25:02+00:00\" \/>\n<meta property=\"og:image\" content=\"https:\/\/fr.motocrossmag.be\/wp-content\/uploads\/2018\/08\/La-Chinelle-059.jpg\" \/>\n\t<meta property=\"og:image:width\" content=\"850\" \/>\n\t<meta property=\"og:image:height\" content=\"566\" \/>\n\t<meta property=\"og:image:type\" content=\"image\/jpeg\" \/>\n<meta name=\"author\" content=\"oliviere\" \/>\n<meta name=\"twitter:card\" content=\"summary_large_image\" \/>\n<meta name=\"twitter:label1\" content=\"\u00c9crit par\" \/>\n\t<meta name=\"twitter:data1\" content=\"oliviere\" \/>\n\t<meta name=\"twitter:label2\" content=\"Dur\u00e9e de lecture estim\u00e9e\" \/>\n\t<meta name=\"twitter:data2\" content=\"4 minutes\" \/>\n<script type=\"application\/ld+json\" class=\"yoast-schema-graph\">{\"@context\":\"https:\\\/\\\/schema.org\",\"@graph\":[{\"@type\":\"Article\",\"@id\":\"https:\\\/\\\/fr.motocrossmag.be\\\/index.php\\\/2019\\\/08\\\/wim-vanderheyden-et-les-siens-prets-a-reconquerir-leur-titre-a-la-chinelle\\\/#article\",\"isPartOf\":{\"@id\":\"https:\\\/\\\/fr.motocrossmag.be\\\/index.php\\\/2019\\\/08\\\/wim-vanderheyden-et-les-siens-prets-a-reconquerir-leur-titre-a-la-chinelle\\\/\"},\"author\":{\"name\":\"oliviere\",\"@id\":\"https:\\\/\\\/fr.motocrossmag.be\\\/#\\\/schema\\\/person\\\/11b47143d9f755babca2c9110e03235c\"},\"headline\":\"Wim Vanderheyden et les siens pr\u00eats \u00e0 reconqu\u00e9rir leur titre \u00e0 La Chinelle\",\"datePublished\":\"2019-08-09T12:46:58+00:00\",\"dateModified\":\"2019-08-09T13:25:02+00:00\",\"mainEntityOfPage\":{\"@id\":\"https:\\\/\\\/fr.motocrossmag.be\\\/index.php\\\/2019\\\/08\\\/wim-vanderheyden-et-les-siens-prets-a-reconquerir-leur-titre-a-la-chinelle\\\/\"},\"wordCount\":801,\"commentCount\":0,\"image\":{\"@id\":\"https:\\\/\\\/fr.motocrossmag.be\\\/index.php\\\/2019\\\/08\\\/wim-vanderheyden-et-les-siens-prets-a-reconquerir-leur-titre-a-la-chinelle\\\/#primaryimage\"},\"thumbnailUrl\":\"https:\\\/\\\/fr.motocrossmag.be\\\/wp-content\\\/uploads\\\/2018\\\/08\\\/La-Chinelle-059.jpg\",\"keywords\":[\"BEX\",\"endurance\",\"Enduro\"],\"articleSection\":[\"Actualit\u00e9\",\"Enduro\",\"La Chinelle\",\"News\",\"Slideshow\"],\"inLanguage\":\"fr-FR\",\"potentialAction\":[{\"@type\":\"CommentAction\",\"name\":\"Comment\",\"target\":[\"https:\\\/\\\/fr.motocrossmag.be\\\/index.php\\\/2019\\\/08\\\/wim-vanderheyden-et-les-siens-prets-a-reconquerir-leur-titre-a-la-chinelle\\\/#respond\"]}]},{\"@type\":\"WebPage\",\"@id\":\"https:\\\/\\\/fr.motocrossmag.be\\\/index.php\\\/2019\\\/08\\\/wim-vanderheyden-et-les-siens-prets-a-reconquerir-leur-titre-a-la-chinelle\\\/\",\"url\":\"https:\\\/\\\/fr.motocrossmag.be\\\/index.php\\\/2019\\\/08\\\/wim-vanderheyden-et-les-siens-prets-a-reconquerir-leur-titre-a-la-chinelle\\\/\",\"name\":\"Wim Vanderheyden et les siens pr\u00eats \u00e0 reconqu\u00e9rir leur titre \u00e0 La Chinelle - Motocross - Enduro - Supermoto | MotocrossMag\",\"isPartOf\":{\"@id\":\"https:\\\/\\\/fr.motocrossmag.be\\\/#website\"},\"primaryImageOfPage\":{\"@id\":\"https:\\\/\\\/fr.motocrossmag.be\\\/index.php\\\/2019\\\/08\\\/wim-vanderheyden-et-les-siens-prets-a-reconquerir-leur-titre-a-la-chinelle\\\/#primaryimage\"},\"image\":{\"@id\":\"https:\\\/\\\/fr.motocrossmag.be\\\/index.php\\\/2019\\\/08\\\/wim-vanderheyden-et-les-siens-prets-a-reconquerir-leur-titre-a-la-chinelle\\\/#primaryimage\"},\"thumbnailUrl\":\"https:\\\/\\\/fr.motocrossmag.be\\\/wp-content\\\/uploads\\\/2018\\\/08\\\/La-Chinelle-059.jpg\",\"datePublished\":\"2019-08-09T12:46:58+00:00\",\"dateModified\":\"2019-08-09T13:25:02+00:00\",\"author\":{\"@id\":\"https:\\\/\\\/fr.motocrossmag.be\\\/#\\\/schema\\\/person\\\/11b47143d9f755babca2c9110e03235c\"},\"breadcrumb\":{\"@id\":\"https:\\\/\\\/fr.motocrossmag.be\\\/index.php\\\/2019\\\/08\\\/wim-vanderheyden-et-les-siens-prets-a-reconquerir-leur-titre-a-la-chinelle\\\/#breadcrumb\"},\"inLanguage\":\"fr-FR\",\"potentialAction\":[{\"@type\":\"ReadAction\",\"target\":[\"https:\\\/\\\/fr.motocrossmag.be\\\/index.php\\\/2019\\\/08\\\/wim-vanderheyden-et-les-siens-prets-a-reconquerir-leur-titre-a-la-chinelle\\\/\"]}]},{\"@type\":\"ImageObject\",\"inLanguage\":\"fr-FR\",\"@id\":\"https:\\\/\\\/fr.motocrossmag.be\\\/index.php\\\/2019\\\/08\\\/wim-vanderheyden-et-les-siens-prets-a-reconquerir-leur-titre-a-la-chinelle\\\/#primaryimage\",\"url\":\"https:\\\/\\\/fr.motocrossmag.be\\\/wp-content\\\/uploads\\\/2018\\\/08\\\/La-Chinelle-059.jpg\",\"contentUrl\":\"https:\\\/\\\/fr.motocrossmag.be\\\/wp-content\\\/uploads\\\/2018\\\/08\\\/La-Chinelle-059.jpg\",\"width\":850,\"height\":566,\"caption\":\"Wim Vanderheyden\"},{\"@type\":\"BreadcrumbList\",\"@id\":\"https:\\\/\\\/fr.motocrossmag.be\\\/index.php\\\/2019\\\/08\\\/wim-vanderheyden-et-les-siens-prets-a-reconquerir-leur-titre-a-la-chinelle\\\/#breadcrumb\",\"itemListElement\":[{\"@type\":\"ListItem\",\"position\":1,\"name\":\"Accueil\",\"item\":\"https:\\\/\\\/fr.motocrossmag.be\\\/\"},{\"@type\":\"ListItem\",\"position\":2,\"name\":\"Wim Vanderheyden et les siens pr\u00eats \u00e0 reconqu\u00e9rir leur titre \u00e0 La Chinelle\"}]},{\"@type\":\"WebSite\",\"@id\":\"https:\\\/\\\/fr.motocrossmag.be\\\/#website\",\"url\":\"https:\\\/\\\/fr.motocrossmag.be\\\/\",\"name\":\"Motocross - Enduro - Supermoto | MotocrossMag\",\"description\":\"L&#039;actualit\u00e9 du motocross, de l&#039;enduro et du Supermoto en ligne!\",\"potentialAction\":[{\"@type\":\"SearchAction\",\"target\":{\"@type\":\"EntryPoint\",\"urlTemplate\":\"https:\\\/\\\/fr.motocrossmag.be\\\/?s={search_term_string}\"},\"query-input\":{\"@type\":\"PropertyValueSpecification\",\"valueRequired\":true,\"valueName\":\"search_term_string\"}}],\"inLanguage\":\"fr-FR\"},{\"@type\":\"Person\",\"@id\":\"https:\\\/\\\/fr.motocrossmag.be\\\/#\\\/schema\\\/person\\\/11b47143d9f755babca2c9110e03235c\",\"name\":\"oliviere\",\"image\":{\"@type\":\"ImageObject\",\"inLanguage\":\"fr-FR\",\"@id\":\"https:\\\/\\\/secure.gravatar.com\\\/avatar\\\/907069e0b81d119452040469e4a7501da1100f54f7f80180ce77bfab718288f6?s=96&d=mm&r=g\",\"url\":\"https:\\\/\\\/secure.gravatar.com\\\/avatar\\\/907069e0b81d119452040469e4a7501da1100f54f7f80180ce77bfab718288f6?s=96&d=mm&r=g\",\"contentUrl\":\"https:\\\/\\\/secure.gravatar.com\\\/avatar\\\/907069e0b81d119452040469e4a7501da1100f54f7f80180ce77bfab718288f6?s=96&d=mm&r=g\",\"caption\":\"oliviere\"},\"sameAs\":[\"http:\\\/\\\/www.motocrossmag.be\"],\"url\":\"https:\\\/\\\/fr.motocrossmag.be\\\/index.php\\\/author\\\/oliviere\\\/\"}]}<\/script>\n<!-- \/ Yoast SEO plugin. -->","yoast_head_json":{"title":"Wim Vanderheyden et les siens pr\u00eats \u00e0 reconqu\u00e9rir leur titre \u00e0 La Chinelle - Motocross - Enduro - Supermoto | MotocrossMag","robots":{"index":"index","follow":"follow","max-snippet":"max-snippet:-1","max-image-preview":"max-image-preview:large","max-video-preview":"max-video-preview:-1"},"canonical":"https:\/\/fr.motocrossmag.be\/index.php\/2019\/08\/wim-vanderheyden-et-les-siens-prets-a-reconquerir-leur-titre-a-la-chinelle\/","og_locale":"fr_FR","og_type":"article","og_title":"Wim Vanderheyden et les siens pr\u00eats \u00e0 reconqu\u00e9rir leur titre \u00e0 La Chinelle - Motocross - Enduro - Supermoto | MotocrossMag","og_description":"Apr\u00e8s deux victoires cons\u00e9cutives en 2016 et 2017, Husqvarna Belgique et Wim Vanderheyden ont d\u00fb c\u00e9der leur couronne \u00e0 la Yamaha du team Zone Rouge l\u2019an pass\u00e9. Sur cette 40\u00e8me [...]","og_url":"https:\/\/fr.motocrossmag.be\/index.php\/2019\/08\/wim-vanderheyden-et-les-siens-prets-a-reconquerir-leur-titre-a-la-chinelle\/","og_site_name":"Motocross - Enduro - Supermoto | MotocrossMag","article_published_time":"2019-08-09T12:46:58+00:00","article_modified_time":"2019-08-09T13:25:02+00:00","og_image":[{"width":850,"height":566,"url":"https:\/\/fr.motocrossmag.be\/wp-content\/uploads\/2018\/08\/La-Chinelle-059.jpg","type":"image\/jpeg"}],"author":"oliviere","twitter_card":"summary_large_image","twitter_misc":{"\u00c9crit par":"oliviere","Dur\u00e9e de lecture estim\u00e9e":"4 minutes"},"schema":{"@context":"https:\/\/schema.org","@graph":[{"@type":"Article","@id":"https:\/\/fr.motocrossmag.be\/index.php\/2019\/08\/wim-vanderheyden-et-les-siens-prets-a-reconquerir-leur-titre-a-la-chinelle\/#article","isPartOf":{"@id":"https:\/\/fr.motocrossmag.be\/index.php\/2019\/08\/wim-vanderheyden-et-les-siens-prets-a-reconquerir-leur-titre-a-la-chinelle\/"},"author":{"name":"oliviere","@id":"https:\/\/fr.motocrossmag.be\/#\/schema\/person\/11b47143d9f755babca2c9110e03235c"},"headline":"Wim Vanderheyden et les siens pr\u00eats \u00e0 reconqu\u00e9rir leur titre \u00e0 La Chinelle","datePublished":"2019-08-09T12:46:58+00:00","dateModified":"2019-08-09T13:25:02+00:00","mainEntityOfPage":{"@id":"https:\/\/fr.motocrossmag.be\/index.php\/2019\/08\/wim-vanderheyden-et-les-siens-prets-a-reconquerir-leur-titre-a-la-chinelle\/"},"wordCount":801,"commentCount":0,"image":{"@id":"https:\/\/fr.motocrossmag.be\/index.php\/2019\/08\/wim-vanderheyden-et-les-siens-prets-a-reconquerir-leur-titre-a-la-chinelle\/#primaryimage"},"thumbnailUrl":"https:\/\/fr.motocrossmag.be\/wp-content\/uploads\/2018\/08\/La-Chinelle-059.jpg","keywords":["BEX","endurance","Enduro"],"articleSection":["Actualit\u00e9","Enduro","La Chinelle","News","Slideshow"],"inLanguage":"fr-FR","potentialAction":[{"@type":"CommentAction","name":"Comment","target":["https:\/\/fr.motocrossmag.be\/index.php\/2019\/08\/wim-vanderheyden-et-les-siens-prets-a-reconquerir-leur-titre-a-la-chinelle\/#respond"]}]},{"@type":"WebPage","@id":"https:\/\/fr.motocrossmag.be\/index.php\/2019\/08\/wim-vanderheyden-et-les-siens-prets-a-reconquerir-leur-titre-a-la-chinelle\/","url":"https:\/\/fr.motocrossmag.be\/index.php\/2019\/08\/wim-vanderheyden-et-les-siens-prets-a-reconquerir-leur-titre-a-la-chinelle\/","name":"Wim Vanderheyden et les siens pr\u00eats \u00e0 reconqu\u00e9rir leur titre \u00e0 La Chinelle - Motocross - Enduro - Supermoto | MotocrossMag","isPartOf":{"@id":"https:\/\/fr.motocrossmag.be\/#website"},"primaryImageOfPage":{"@id":"https:\/\/fr.motocrossmag.be\/index.php\/2019\/08\/wim-vanderheyden-et-les-siens-prets-a-reconquerir-leur-titre-a-la-chinelle\/#primaryimage"},"image":{"@id":"https:\/\/fr.motocrossmag.be\/index.php\/2019\/08\/wim-vanderheyden-et-les-siens-prets-a-reconquerir-leur-titre-a-la-chinelle\/#primaryimage"},"thumbnailUrl":"https:\/\/fr.motocrossmag.be\/wp-content\/uploads\/2018\/08\/La-Chinelle-059.jpg","datePublished":"2019-08-09T12:46:58+00:00","dateModified":"2019-08-09T13:25:02+00:00","author":{"@id":"https:\/\/fr.motocrossmag.be\/#\/schema\/person\/11b47143d9f755babca2c9110e03235c"},"breadcrumb":{"@id":"https:\/\/fr.motocrossmag.be\/index.php\/2019\/08\/wim-vanderheyden-et-les-siens-prets-a-reconquerir-leur-titre-a-la-chinelle\/#breadcrumb"},"inLanguage":"fr-FR","potentialAction":[{"@type":"ReadAction","target":["https:\/\/fr.motocrossmag.be\/index.php\/2019\/08\/wim-vanderheyden-et-les-siens-prets-a-reconquerir-leur-titre-a-la-chinelle\/"]}]},{"@type":"ImageObject","inLanguage":"fr-FR","@id":"https:\/\/fr.motocrossmag.be\/index.php\/2019\/08\/wim-vanderheyden-et-les-siens-prets-a-reconquerir-leur-titre-a-la-chinelle\/#primaryimage","url":"https:\/\/fr.motocrossmag.be\/wp-content\/uploads\/2018\/08\/La-Chinelle-059.jpg","contentUrl":"https:\/\/fr.motocrossmag.be\/wp-content\/uploads\/2018\/08\/La-Chinelle-059.jpg","width":850,"height":566,"caption":"Wim Vanderheyden"},{"@type":"BreadcrumbList","@id":"https:\/\/fr.motocrossmag.be\/index.php\/2019\/08\/wim-vanderheyden-et-les-siens-prets-a-reconquerir-leur-titre-a-la-chinelle\/#breadcrumb","itemListElement":[{"@type":"ListItem","position":1,"name":"Accueil","item":"https:\/\/fr.motocrossmag.be\/"},{"@type":"ListItem","position":2,"name":"Wim Vanderheyden et les siens pr\u00eats \u00e0 reconqu\u00e9rir leur titre \u00e0 La Chinelle"}]},{"@type":"WebSite","@id":"https:\/\/fr.motocrossmag.be\/#website","url":"https:\/\/fr.motocrossmag.be\/","name":"Motocross - Enduro - Supermoto | MotocrossMag","description":"L&#039;actualit\u00e9 du motocross, de l&#039;enduro et du Supermoto en ligne!","potentialAction":[{"@type":"SearchAction","target":{"@type":"EntryPoint","urlTemplate":"https:\/\/fr.motocrossmag.be\/?s={search_term_string}"},"query-input":{"@type":"PropertyValueSpecification","valueRequired":true,"valueName":"search_term_string"}}],"inLanguage":"fr-FR"},{"@type":"Person","@id":"https:\/\/fr.motocrossmag.be\/#\/schema\/person\/11b47143d9f755babca2c9110e03235c","name":"oliviere","image":{"@type":"ImageObject","inLanguage":"fr-FR","@id":"https:\/\/secure.gravatar.com\/avatar\/907069e0b81d119452040469e4a7501da1100f54f7f80180ce77bfab718288f6?s=96&d=mm&r=g","url":"https:\/\/secure.gravatar.com\/avatar\/907069e0b81d119452040469e4a7501da1100f54f7f80180ce77bfab718288f6?s=96&d=mm&r=g","contentUrl":"https:\/\/secure.gravatar.com\/avatar\/907069e0b81d119452040469e4a7501da1100f54f7f80180ce77bfab718288f6?s=96&d=mm&r=g","caption":"oliviere"},"sameAs":["http:\/\/www.motocrossmag.be"],"url":"https:\/\/fr.motocrossmag.be\/index.php\/author\/oliviere\/"}]}},"_links":{"self":[{"href":"https:\/\/fr.motocrossmag.be\/index.php\/wp-json\/wp\/v2\/posts\/93462","targetHints":{"allow":["GET"]}}],"collection":[{"href":"https:\/\/fr.motocrossmag.be\/index.php\/wp-json\/wp\/v2\/posts"}],"about":[{"href":"https:\/\/fr.motocrossmag.be\/index.php\/wp-json\/wp\/v2\/types\/post"}],"author":[{"embeddable":true,"href":"https:\/\/fr.motocrossmag.be\/index.php\/wp-json\/wp\/v2\/users\/932"}],"replies":[{"embeddable":true,"href":"https:\/\/fr.motocrossmag.be\/index.php\/wp-json\/wp\/v2\/comments?post=93462"}],"version-history":[{"count":0,"href":"https:\/\/fr.motocrossmag.be\/index.php\/wp-json\/wp\/v2\/posts\/93462\/revisions"}],"wp:featuredmedia":[{"embeddable":true,"href":"https:\/\/fr.motocrossmag.be\/index.php\/wp-json\/wp\/v2\/media\/77997"}],"wp:attachment":[{"href":"https:\/\/fr.motocrossmag.be\/index.php\/wp-json\/wp\/v2\/media?parent=93462"}],"wp:term":[{"taxonomy":"category","embeddable":true,"href":"https:\/\/fr.motocrossmag.be\/index.php\/wp-json\/wp\/v2\/categories?post=93462"},{"taxonomy":"post_tag","embeddable":true,"href":"https:\/\/fr.motocrossmag.be\/index.php\/wp-json\/wp\/v2\/tags?post=93462"}],"curies":[{"name":"wp","href":"https:\/\/api.w.org\/{rel}","templated":true}]}}