{"id":93561,"date":"2019-08-10T16:43:21","date_gmt":"2019-08-10T14:43:21","guid":{"rendered":"https:\/\/fr.motocrossmag.be\/?p=93561"},"modified":"2019-08-17T00:34:56","modified_gmt":"2019-08-16T22:34:56","slug":"noa-denil-et-romain-marbaise-soffrent-la-mini-chinelle","status":"publish","type":"post","link":"https:\/\/fr.motocrossmag.be\/index.php\/2019\/08\/noa-denil-et-romain-marbaise-soffrent-la-mini-chinelle\/","title":{"rendered":"Noa Denil et Romain Marbaise s&rsquo;offrent la Mini-Chinelle"},"content":{"rendered":"<p><strong>Noa Denil et Romain Marbaise ont remport\u00e9 ce samedi la 8\u00e8me \u00e9dition de la Mini-Chinelle, cette endurance de 2 heures r\u00e9serv\u00e9e aux pilotes de 8 \u00e0 15 ans et disput\u00e9e en lever de rideau des fameuses 12 Heures, sur le site de Franchimont.<\/strong><\/p>\n<p>Les deux champions en herbe n&rsquo;ont jamais quitt\u00e9 le commandement de la course pour franchir le drapeau \u00e0 damiers avec plus de 3 minutes d&rsquo;avance sur Romain Lissens et Baptiste Fran\u00e7ois. Ces deux derniers avaient pris la deuxi\u00e8me place au duo Depriseter\/Gendebien dans le 5\u00e8me des 22 tours de cours. Au pied du podium, Brachote\/Plevoets sont \u00e0 un tour et pr\u00e9c\u00e8dent Stommen\/Gabriel et Hermand\/Van Tielen.<\/p>\n<p>En 14\u00e8me position, Tom Dolfini et Livio Censier remportent le classement r\u00e9verv\u00e9 aux 65cc devant Ernotte\/Jeitz.<\/p>\n<p>Photo : Ang\u00e9lique Bouille<\/p>\n<p>&nbsp;<\/p>\n<p><span style=\"color: #800000;\"><strong>R\u00e9sultats<\/strong><\/span><\/p>\n<table width=\"100%\">\n<tbody>\n<tr>\n<td colspan=\"3\">1 DENIL-MARBAISE DENIL\/MARBAISE KTM\/HUSQVARNA 2:04:36.789 22 trs<\/td>\n<\/tr>\n<tr>\n<td colspan=\"3\">2 FRAN\u00c7OIS-LISSENS FRAN\u00c7OIS\/LISSENS KTM\/YAMAHA 2:07:52.075 22 trs<\/td>\n<\/tr>\n<tr>\n<td>3 DEPRISETER\/GENDEBIEN 2:08:21.295 22 trs<\/td>\n<\/tr>\n<tr>\n<td colspan=\"3\">4 LES BILOUTES BRACHOTTE\/PLEVOETS HVA\/YAMAHA 2:07:47.961 21 trs<\/td>\n<\/tr>\n<tr>\n<td colspan=\"3\">5 STOMMEN\/GABRI\u00cbL KTM\/KTM 2:08:15.297 21 trs<\/td>\n<\/tr>\n<tr>\n<td colspan=\"3\">6 HERMAND-VAN THIELEN H E RMAND\/VAN THIELEN KAWA\/YAMAHA 2:09:22.570 21 trs<\/td>\n<\/tr>\n<tr>\n<td colspan=\"3\">7 DECENDRE BEAUDOUL\/DECENDRE KTM\/KTM 2:04:59.583 20 trs<\/td>\n<\/tr>\n<tr>\n<td colspan=\"3\">8 WINVILLE RICHARD\/LOUIS KAWASAKI\/KTM 2:07:19.442 20 trs<\/td>\n<\/tr>\n<tr>\n<td colspan=\"3\">9 MX DE BAERE DE BAERE\/DE BAERE YAMAHA\/YAMAHA 2:08:28.086 20 trs<\/td>\n<\/tr>\n<tr>\n<td colspan=\"3\">10 BREBA BARNICH\/BREVERS KTM\/KTM 2:08:31.042 20 trs<\/td>\n<\/tr>\n<tr>\n<td colspan=\"3\">11 STAGEMX.BE JEANMOYE\/ETIENNE KTM\/KTM 2:10:09.765 20 trs<\/td>\n<\/tr>\n<tr>\n<td colspan=\"3\">12 THE FRENCH TEAM FRANCOIS\/HOUFFIN kTM\/HONDA 2:06:54.125 19 trs<\/td>\n<\/tr>\n<tr>\n<td colspan=\"3\">13 TMCM RACING MEURICE\/CLAUDE HUSQVARNA\/KTM 2:07:10.491 19 trs<\/td>\n<\/tr>\n<tr>\n<td colspan=\"3\">14 65 <strong>TOM&amp;LIVIO DOLFINI\/CENSIER KTM\/YAMAHA 2:08:11.751 19 trs<\/strong><\/td>\n<\/tr>\n<tr>\n<td colspan=\"3\">15 TEAM GEMEAUX MX SCHOONYANS\/PEERE HUSQVARNA\/HUSQVA2R:N10A:17.913 19 trs<\/td>\n<\/tr>\n<tr>\n<td colspan=\"3\">16 SOFTEO LA TEAM DE CHOC G E MBALA\/WAUTERS HONDA\/KTM 2:05:16.504 18 trs<\/td>\n<\/tr>\n<tr>\n<td colspan=\"3\">17 LES MINIMOTARDS GOURMET\/GALVAN TM\/YAMAHA 2:06:40.999 18 trs<\/td>\n<\/tr>\n<tr>\n<td colspan=\"3\">18 DETIEMER DE TIMERMAN\/FAYT 2:08:14.185 18 trs<\/td>\n<\/tr>\n<tr>\n<td colspan=\"3\">19 MP41 LIGOT\/SENTE KTM\/KTM 2:08:47.206 18 trs<\/td>\n<\/tr>\n<tr>\n<td colspan=\"3\">20 MINI TEAM TELEVIE 2 BERWART\/FRASELLE KTM\/KTM 2:10:11.214 18 trs<\/td>\n<\/tr>\n<tr>\n<td colspan=\"3\"><strong>21 65 LES CROSMANS JEITZ\/ERNOTTE HUSQVARNA\/HUSQVA2R:N06A:53.035 17 trs<\/strong><\/td>\n<\/tr>\n<tr>\n<td colspan=\"3\">22 TEAM MM RACING ANTOINEC MALALGENAISN\/H AVENNE KTM\/KAWA 2:07:41.504 17 trs<\/td>\n<\/tr>\n<tr>\n<td colspan=\"3\"><strong>23 65 M&amp;L SIX FIVE BILS\/P\u00d6L\u00d6SKEI KTM\/HUSQVARNA 2:08:54.786 17 trs<\/strong><\/td>\n<\/tr>\n<tr>\n<td colspan=\"3\">24 TEAM BUROR PUTARD\/DALLERIVE KTM\/KTM 2:10:44.516 17 trs<\/td>\n<\/tr>\n<tr>\n<td colspan=\"3\">25 MATT TAYSON TAYSON\/ROME KAWA\/YCF 2:04:58.194 16 trs<\/td>\n<\/tr>\n<tr>\n<td colspan=\"3\"><strong>26 65 D-TEREN MX TEAM WETTEREN\/DUMAZY YAMAHA\/KTM 2:06:07.697 16 trs<\/strong><\/td>\n<\/tr>\n<tr>\n<td colspan=\"3\"><strong>27 65 TEAM JUNIOR MX NO LIMIT D E LLISSE\/BRUN KTM\/KTM 2:06:33.577 16 trs<\/strong><\/td>\n<\/tr>\n<tr>\n<td colspan=\"3\">28 EVATAN EVAN\/HARMEGNIES KTM\/KTM 2:09:53.529 16 trs<\/td>\n<\/tr>\n<tr>\n<td colspan=\"3\"><strong>29 65 DEMINNE DEMINNE\/VERMIGLIO KTM\/YAMAHA 2:05:22.014 14 trs<\/strong><\/td>\n<\/tr>\n<tr>\n<td colspan=\"3\">30 TEAM HAVELANGE HAVELANGE\/DESPONTIN KTM\/KTM 2:06:56.582 14 trs<\/td>\n<\/tr>\n<\/tbody>\n<\/table>\n<div id=\"ConnectiveDocSignExtentionInstalled\" data-extension-version=\"1.0.4\"><\/div>\n","protected":false},"excerpt":{"rendered":"<p>Noa Denil et Romain Marbaise ont remport\u00e9 ce samedi la 8\u00e8me \u00e9dition de la Mini-Chinelle, cette endurance de 2 heures r\u00e9serv\u00e9e aux pilotes de 8 \u00e0 15 ans et disput\u00e9e [&#8230;]<\/p>\n","protected":false},"author":932,"featured_media":93564,"comment_status":"open","ping_status":"closed","sticky":false,"template":"","format":"standard","meta":{"footnotes":""},"categories":[54,32,44,73,33,45,55,65],"tags":[1167,427,951,1173],"class_list":["post-93561","post","type-post","status-publish","format-standard","has-post-thumbnail","hentry","category-actualite","category-enduro","category-kids","category-chinelle","category-news-enduro","category-news-kids","category-news-actualite","category-slideshow","tag-bex","tag-endurance","tag-enduro","tag-kids"],"yoast_head":"<!-- This site is optimized with the Yoast SEO plugin v27.4 - https:\/\/yoast.com\/product\/yoast-seo-wordpress\/ -->\n<title>Noa Denil et Romain Marbaise s&#039;offrent la Mini-Chinelle - Motocross - Enduro - Supermoto | MotocrossMag<\/title>\n<meta name=\"robots\" content=\"index, follow, max-snippet:-1, max-image-preview:large, max-video-preview:-1\" \/>\n<link rel=\"canonical\" href=\"https:\/\/fr.motocrossmag.be\/index.php\/2019\/08\/noa-denil-et-romain-marbaise-soffrent-la-mini-chinelle\/\" \/>\n<meta property=\"og:locale\" content=\"fr_FR\" \/>\n<meta property=\"og:type\" content=\"article\" \/>\n<meta property=\"og:title\" content=\"Noa Denil et Romain Marbaise s&#039;offrent la Mini-Chinelle - Motocross - Enduro - Supermoto | MotocrossMag\" \/>\n<meta property=\"og:description\" content=\"Noa Denil et Romain Marbaise ont remport\u00e9 ce samedi la 8\u00e8me \u00e9dition de la Mini-Chinelle, cette endurance de 2 heures r\u00e9serv\u00e9e aux pilotes de 8 \u00e0 15 ans et disput\u00e9e [...]\" \/>\n<meta property=\"og:url\" content=\"https:\/\/fr.motocrossmag.be\/index.php\/2019\/08\/noa-denil-et-romain-marbaise-soffrent-la-mini-chinelle\/\" \/>\n<meta property=\"og:site_name\" content=\"Motocross - Enduro - Supermoto | MotocrossMag\" \/>\n<meta property=\"article:published_time\" content=\"2019-08-10T14:43:21+00:00\" \/>\n<meta property=\"article:modified_time\" content=\"2019-08-16T22:34:56+00:00\" \/>\n<meta property=\"og:image\" content=\"https:\/\/fr.motocrossmag.be\/wp-content\/uploads\/2019\/08\/mini-chinelle-podium.jpg\" \/>\n\t<meta property=\"og:image:width\" content=\"1000\" \/>\n\t<meta property=\"og:image:height\" content=\"750\" \/>\n\t<meta property=\"og:image:type\" content=\"image\/jpeg\" \/>\n<meta name=\"author\" content=\"oliviere\" \/>\n<meta name=\"twitter:card\" content=\"summary_large_image\" \/>\n<meta name=\"twitter:label1\" content=\"\u00c9crit par\" \/>\n\t<meta name=\"twitter:data1\" content=\"oliviere\" \/>\n\t<meta name=\"twitter:label2\" content=\"Dur\u00e9e de lecture estim\u00e9e\" \/>\n\t<meta name=\"twitter:data2\" content=\"2 minutes\" \/>\n<script type=\"application\/ld+json\" class=\"yoast-schema-graph\">{\"@context\":\"https:\\\/\\\/schema.org\",\"@graph\":[{\"@type\":\"Article\",\"@id\":\"https:\\\/\\\/fr.motocrossmag.be\\\/index.php\\\/2019\\\/08\\\/noa-denil-et-romain-marbaise-soffrent-la-mini-chinelle\\\/#article\",\"isPartOf\":{\"@id\":\"https:\\\/\\\/fr.motocrossmag.be\\\/index.php\\\/2019\\\/08\\\/noa-denil-et-romain-marbaise-soffrent-la-mini-chinelle\\\/\"},\"author\":{\"name\":\"oliviere\",\"@id\":\"https:\\\/\\\/fr.motocrossmag.be\\\/#\\\/schema\\\/person\\\/11b47143d9f755babca2c9110e03235c\"},\"headline\":\"Noa Denil et Romain Marbaise s&rsquo;offrent la Mini-Chinelle\",\"datePublished\":\"2019-08-10T14:43:21+00:00\",\"dateModified\":\"2019-08-16T22:34:56+00:00\",\"mainEntityOfPage\":{\"@id\":\"https:\\\/\\\/fr.motocrossmag.be\\\/index.php\\\/2019\\\/08\\\/noa-denil-et-romain-marbaise-soffrent-la-mini-chinelle\\\/\"},\"wordCount\":378,\"commentCount\":0,\"image\":{\"@id\":\"https:\\\/\\\/fr.motocrossmag.be\\\/index.php\\\/2019\\\/08\\\/noa-denil-et-romain-marbaise-soffrent-la-mini-chinelle\\\/#primaryimage\"},\"thumbnailUrl\":\"https:\\\/\\\/fr.motocrossmag.be\\\/wp-content\\\/uploads\\\/2019\\\/08\\\/mini-chinelle-podium.jpg\",\"keywords\":[\"BEX\",\"endurance\",\"Enduro\",\"kids\"],\"articleSection\":[\"Actualit\u00e9\",\"Enduro\",\"Kids\",\"La Chinelle\",\"News\",\"News\",\"News\",\"Slideshow\"],\"inLanguage\":\"fr-FR\",\"potentialAction\":[{\"@type\":\"CommentAction\",\"name\":\"Comment\",\"target\":[\"https:\\\/\\\/fr.motocrossmag.be\\\/index.php\\\/2019\\\/08\\\/noa-denil-et-romain-marbaise-soffrent-la-mini-chinelle\\\/#respond\"]}]},{\"@type\":\"WebPage\",\"@id\":\"https:\\\/\\\/fr.motocrossmag.be\\\/index.php\\\/2019\\\/08\\\/noa-denil-et-romain-marbaise-soffrent-la-mini-chinelle\\\/\",\"url\":\"https:\\\/\\\/fr.motocrossmag.be\\\/index.php\\\/2019\\\/08\\\/noa-denil-et-romain-marbaise-soffrent-la-mini-chinelle\\\/\",\"name\":\"Noa Denil et Romain Marbaise s'offrent la Mini-Chinelle - Motocross - Enduro - Supermoto | MotocrossMag\",\"isPartOf\":{\"@id\":\"https:\\\/\\\/fr.motocrossmag.be\\\/#website\"},\"primaryImageOfPage\":{\"@id\":\"https:\\\/\\\/fr.motocrossmag.be\\\/index.php\\\/2019\\\/08\\\/noa-denil-et-romain-marbaise-soffrent-la-mini-chinelle\\\/#primaryimage\"},\"image\":{\"@id\":\"https:\\\/\\\/fr.motocrossmag.be\\\/index.php\\\/2019\\\/08\\\/noa-denil-et-romain-marbaise-soffrent-la-mini-chinelle\\\/#primaryimage\"},\"thumbnailUrl\":\"https:\\\/\\\/fr.motocrossmag.be\\\/wp-content\\\/uploads\\\/2019\\\/08\\\/mini-chinelle-podium.jpg\",\"datePublished\":\"2019-08-10T14:43:21+00:00\",\"dateModified\":\"2019-08-16T22:34:56+00:00\",\"author\":{\"@id\":\"https:\\\/\\\/fr.motocrossmag.be\\\/#\\\/schema\\\/person\\\/11b47143d9f755babca2c9110e03235c\"},\"breadcrumb\":{\"@id\":\"https:\\\/\\\/fr.motocrossmag.be\\\/index.php\\\/2019\\\/08\\\/noa-denil-et-romain-marbaise-soffrent-la-mini-chinelle\\\/#breadcrumb\"},\"inLanguage\":\"fr-FR\",\"potentialAction\":[{\"@type\":\"ReadAction\",\"target\":[\"https:\\\/\\\/fr.motocrossmag.be\\\/index.php\\\/2019\\\/08\\\/noa-denil-et-romain-marbaise-soffrent-la-mini-chinelle\\\/\"]}]},{\"@type\":\"ImageObject\",\"inLanguage\":\"fr-FR\",\"@id\":\"https:\\\/\\\/fr.motocrossmag.be\\\/index.php\\\/2019\\\/08\\\/noa-denil-et-romain-marbaise-soffrent-la-mini-chinelle\\\/#primaryimage\",\"url\":\"https:\\\/\\\/fr.motocrossmag.be\\\/wp-content\\\/uploads\\\/2019\\\/08\\\/mini-chinelle-podium.jpg\",\"contentUrl\":\"https:\\\/\\\/fr.motocrossmag.be\\\/wp-content\\\/uploads\\\/2019\\\/08\\\/mini-chinelle-podium.jpg\",\"width\":1000,\"height\":750},{\"@type\":\"BreadcrumbList\",\"@id\":\"https:\\\/\\\/fr.motocrossmag.be\\\/index.php\\\/2019\\\/08\\\/noa-denil-et-romain-marbaise-soffrent-la-mini-chinelle\\\/#breadcrumb\",\"itemListElement\":[{\"@type\":\"ListItem\",\"position\":1,\"name\":\"Accueil\",\"item\":\"https:\\\/\\\/fr.motocrossmag.be\\\/\"},{\"@type\":\"ListItem\",\"position\":2,\"name\":\"Noa Denil et Romain Marbaise s&rsquo;offrent la Mini-Chinelle\"}]},{\"@type\":\"WebSite\",\"@id\":\"https:\\\/\\\/fr.motocrossmag.be\\\/#website\",\"url\":\"https:\\\/\\\/fr.motocrossmag.be\\\/\",\"name\":\"Motocross - Enduro - Supermoto | MotocrossMag\",\"description\":\"L&#039;actualit\u00e9 du motocross, de l&#039;enduro et du Supermoto en ligne!\",\"potentialAction\":[{\"@type\":\"SearchAction\",\"target\":{\"@type\":\"EntryPoint\",\"urlTemplate\":\"https:\\\/\\\/fr.motocrossmag.be\\\/?s={search_term_string}\"},\"query-input\":{\"@type\":\"PropertyValueSpecification\",\"valueRequired\":true,\"valueName\":\"search_term_string\"}}],\"inLanguage\":\"fr-FR\"},{\"@type\":\"Person\",\"@id\":\"https:\\\/\\\/fr.motocrossmag.be\\\/#\\\/schema\\\/person\\\/11b47143d9f755babca2c9110e03235c\",\"name\":\"oliviere\",\"image\":{\"@type\":\"ImageObject\",\"inLanguage\":\"fr-FR\",\"@id\":\"https:\\\/\\\/secure.gravatar.com\\\/avatar\\\/907069e0b81d119452040469e4a7501da1100f54f7f80180ce77bfab718288f6?s=96&d=mm&r=g\",\"url\":\"https:\\\/\\\/secure.gravatar.com\\\/avatar\\\/907069e0b81d119452040469e4a7501da1100f54f7f80180ce77bfab718288f6?s=96&d=mm&r=g\",\"contentUrl\":\"https:\\\/\\\/secure.gravatar.com\\\/avatar\\\/907069e0b81d119452040469e4a7501da1100f54f7f80180ce77bfab718288f6?s=96&d=mm&r=g\",\"caption\":\"oliviere\"},\"sameAs\":[\"http:\\\/\\\/www.motocrossmag.be\"],\"url\":\"https:\\\/\\\/fr.motocrossmag.be\\\/index.php\\\/author\\\/oliviere\\\/\"}]}<\/script>\n<!-- \/ Yoast SEO plugin. -->","yoast_head_json":{"title":"Noa Denil et Romain Marbaise s'offrent la Mini-Chinelle - Motocross - Enduro - Supermoto | MotocrossMag","robots":{"index":"index","follow":"follow","max-snippet":"max-snippet:-1","max-image-preview":"max-image-preview:large","max-video-preview":"max-video-preview:-1"},"canonical":"https:\/\/fr.motocrossmag.be\/index.php\/2019\/08\/noa-denil-et-romain-marbaise-soffrent-la-mini-chinelle\/","og_locale":"fr_FR","og_type":"article","og_title":"Noa Denil et Romain Marbaise s'offrent la Mini-Chinelle - Motocross - Enduro - Supermoto | MotocrossMag","og_description":"Noa Denil et Romain Marbaise ont remport\u00e9 ce samedi la 8\u00e8me \u00e9dition de la Mini-Chinelle, cette endurance de 2 heures r\u00e9serv\u00e9e aux pilotes de 8 \u00e0 15 ans et disput\u00e9e [...]","og_url":"https:\/\/fr.motocrossmag.be\/index.php\/2019\/08\/noa-denil-et-romain-marbaise-soffrent-la-mini-chinelle\/","og_site_name":"Motocross - Enduro - Supermoto | MotocrossMag","article_published_time":"2019-08-10T14:43:21+00:00","article_modified_time":"2019-08-16T22:34:56+00:00","og_image":[{"width":1000,"height":750,"url":"https:\/\/fr.motocrossmag.be\/wp-content\/uploads\/2019\/08\/mini-chinelle-podium.jpg","type":"image\/jpeg"}],"author":"oliviere","twitter_card":"summary_large_image","twitter_misc":{"\u00c9crit par":"oliviere","Dur\u00e9e de lecture estim\u00e9e":"2 minutes"},"schema":{"@context":"https:\/\/schema.org","@graph":[{"@type":"Article","@id":"https:\/\/fr.motocrossmag.be\/index.php\/2019\/08\/noa-denil-et-romain-marbaise-soffrent-la-mini-chinelle\/#article","isPartOf":{"@id":"https:\/\/fr.motocrossmag.be\/index.php\/2019\/08\/noa-denil-et-romain-marbaise-soffrent-la-mini-chinelle\/"},"author":{"name":"oliviere","@id":"https:\/\/fr.motocrossmag.be\/#\/schema\/person\/11b47143d9f755babca2c9110e03235c"},"headline":"Noa Denil et Romain Marbaise s&rsquo;offrent la Mini-Chinelle","datePublished":"2019-08-10T14:43:21+00:00","dateModified":"2019-08-16T22:34:56+00:00","mainEntityOfPage":{"@id":"https:\/\/fr.motocrossmag.be\/index.php\/2019\/08\/noa-denil-et-romain-marbaise-soffrent-la-mini-chinelle\/"},"wordCount":378,"commentCount":0,"image":{"@id":"https:\/\/fr.motocrossmag.be\/index.php\/2019\/08\/noa-denil-et-romain-marbaise-soffrent-la-mini-chinelle\/#primaryimage"},"thumbnailUrl":"https:\/\/fr.motocrossmag.be\/wp-content\/uploads\/2019\/08\/mini-chinelle-podium.jpg","keywords":["BEX","endurance","Enduro","kids"],"articleSection":["Actualit\u00e9","Enduro","Kids","La Chinelle","News","News","News","Slideshow"],"inLanguage":"fr-FR","potentialAction":[{"@type":"CommentAction","name":"Comment","target":["https:\/\/fr.motocrossmag.be\/index.php\/2019\/08\/noa-denil-et-romain-marbaise-soffrent-la-mini-chinelle\/#respond"]}]},{"@type":"WebPage","@id":"https:\/\/fr.motocrossmag.be\/index.php\/2019\/08\/noa-denil-et-romain-marbaise-soffrent-la-mini-chinelle\/","url":"https:\/\/fr.motocrossmag.be\/index.php\/2019\/08\/noa-denil-et-romain-marbaise-soffrent-la-mini-chinelle\/","name":"Noa Denil et Romain Marbaise s'offrent la Mini-Chinelle - Motocross - Enduro - Supermoto | MotocrossMag","isPartOf":{"@id":"https:\/\/fr.motocrossmag.be\/#website"},"primaryImageOfPage":{"@id":"https:\/\/fr.motocrossmag.be\/index.php\/2019\/08\/noa-denil-et-romain-marbaise-soffrent-la-mini-chinelle\/#primaryimage"},"image":{"@id":"https:\/\/fr.motocrossmag.be\/index.php\/2019\/08\/noa-denil-et-romain-marbaise-soffrent-la-mini-chinelle\/#primaryimage"},"thumbnailUrl":"https:\/\/fr.motocrossmag.be\/wp-content\/uploads\/2019\/08\/mini-chinelle-podium.jpg","datePublished":"2019-08-10T14:43:21+00:00","dateModified":"2019-08-16T22:34:56+00:00","author":{"@id":"https:\/\/fr.motocrossmag.be\/#\/schema\/person\/11b47143d9f755babca2c9110e03235c"},"breadcrumb":{"@id":"https:\/\/fr.motocrossmag.be\/index.php\/2019\/08\/noa-denil-et-romain-marbaise-soffrent-la-mini-chinelle\/#breadcrumb"},"inLanguage":"fr-FR","potentialAction":[{"@type":"ReadAction","target":["https:\/\/fr.motocrossmag.be\/index.php\/2019\/08\/noa-denil-et-romain-marbaise-soffrent-la-mini-chinelle\/"]}]},{"@type":"ImageObject","inLanguage":"fr-FR","@id":"https:\/\/fr.motocrossmag.be\/index.php\/2019\/08\/noa-denil-et-romain-marbaise-soffrent-la-mini-chinelle\/#primaryimage","url":"https:\/\/fr.motocrossmag.be\/wp-content\/uploads\/2019\/08\/mini-chinelle-podium.jpg","contentUrl":"https:\/\/fr.motocrossmag.be\/wp-content\/uploads\/2019\/08\/mini-chinelle-podium.jpg","width":1000,"height":750},{"@type":"BreadcrumbList","@id":"https:\/\/fr.motocrossmag.be\/index.php\/2019\/08\/noa-denil-et-romain-marbaise-soffrent-la-mini-chinelle\/#breadcrumb","itemListElement":[{"@type":"ListItem","position":1,"name":"Accueil","item":"https:\/\/fr.motocrossmag.be\/"},{"@type":"ListItem","position":2,"name":"Noa Denil et Romain Marbaise s&rsquo;offrent la Mini-Chinelle"}]},{"@type":"WebSite","@id":"https:\/\/fr.motocrossmag.be\/#website","url":"https:\/\/fr.motocrossmag.be\/","name":"Motocross - Enduro - Supermoto | MotocrossMag","description":"L&#039;actualit\u00e9 du motocross, de l&#039;enduro et du Supermoto en ligne!","potentialAction":[{"@type":"SearchAction","target":{"@type":"EntryPoint","urlTemplate":"https:\/\/fr.motocrossmag.be\/?s={search_term_string}"},"query-input":{"@type":"PropertyValueSpecification","valueRequired":true,"valueName":"search_term_string"}}],"inLanguage":"fr-FR"},{"@type":"Person","@id":"https:\/\/fr.motocrossmag.be\/#\/schema\/person\/11b47143d9f755babca2c9110e03235c","name":"oliviere","image":{"@type":"ImageObject","inLanguage":"fr-FR","@id":"https:\/\/secure.gravatar.com\/avatar\/907069e0b81d119452040469e4a7501da1100f54f7f80180ce77bfab718288f6?s=96&d=mm&r=g","url":"https:\/\/secure.gravatar.com\/avatar\/907069e0b81d119452040469e4a7501da1100f54f7f80180ce77bfab718288f6?s=96&d=mm&r=g","contentUrl":"https:\/\/secure.gravatar.com\/avatar\/907069e0b81d119452040469e4a7501da1100f54f7f80180ce77bfab718288f6?s=96&d=mm&r=g","caption":"oliviere"},"sameAs":["http:\/\/www.motocrossmag.be"],"url":"https:\/\/fr.motocrossmag.be\/index.php\/author\/oliviere\/"}]}},"_links":{"self":[{"href":"https:\/\/fr.motocrossmag.be\/index.php\/wp-json\/wp\/v2\/posts\/93561","targetHints":{"allow":["GET"]}}],"collection":[{"href":"https:\/\/fr.motocrossmag.be\/index.php\/wp-json\/wp\/v2\/posts"}],"about":[{"href":"https:\/\/fr.motocrossmag.be\/index.php\/wp-json\/wp\/v2\/types\/post"}],"author":[{"embeddable":true,"href":"https:\/\/fr.motocrossmag.be\/index.php\/wp-json\/wp\/v2\/users\/932"}],"replies":[{"embeddable":true,"href":"https:\/\/fr.motocrossmag.be\/index.php\/wp-json\/wp\/v2\/comments?post=93561"}],"version-history":[{"count":0,"href":"https:\/\/fr.motocrossmag.be\/index.php\/wp-json\/wp\/v2\/posts\/93561\/revisions"}],"wp:featuredmedia":[{"embeddable":true,"href":"https:\/\/fr.motocrossmag.be\/index.php\/wp-json\/wp\/v2\/media\/93564"}],"wp:attachment":[{"href":"https:\/\/fr.motocrossmag.be\/index.php\/wp-json\/wp\/v2\/media?parent=93561"}],"wp:term":[{"taxonomy":"category","embeddable":true,"href":"https:\/\/fr.motocrossmag.be\/index.php\/wp-json\/wp\/v2\/categories?post=93561"},{"taxonomy":"post_tag","embeddable":true,"href":"https:\/\/fr.motocrossmag.be\/index.php\/wp-json\/wp\/v2\/tags?post=93561"}],"curies":[{"name":"wp","href":"https:\/\/api.w.org\/{rel}","templated":true}]}}