{"id":93640,"date":"2019-08-13T13:50:37","date_gmt":"2019-08-13T11:50:37","guid":{"rendered":"https:\/\/fr.motocrossmag.be\/?p=93640"},"modified":"2019-08-13T14:11:32","modified_gmt":"2019-08-13T12:11:32","slug":"antoine-magain-chinelle","status":"publish","type":"post","link":"https:\/\/fr.motocrossmag.be\/index.php\/2019\/08\/antoine-magain-chinelle\/","title":{"rendered":"Antoine Magain : \u00ab\u00a0Une victoire qui arrive au bon moment !\u00a0\u00bb"},"content":{"rendered":"<p><strong>KTM ne s\u2019\u00e9tait plus impos\u00e9 sur les 12 Heures de la Chinelle depuis 2015. Pour tenter de fouler \u00e0 nouveau des pieds la premi\u00e8re marche du podium de la prestigieuse \u00e9preuve d\u2019endurance, KTM Belgique avait associ\u00e9 au guidon de leur machine officielle l\u2019enduriste Antoine Magain aux crossmen Jeffrey Dewulf et C\u00e9dric Grobben. Pour Magain, l&rsquo;enjeu \u00e9tait aussi personnel : le num\u00e9ro Un de l&rsquo;enduro belge avait d\u00e9j\u00e0 vu la victoire lui filer entre les doigts \u00e0 trois reprises avant de conna\u00eetre un inexplicable revers l&rsquo;an pass\u00e9. Le Nismois avait d\u00fb se contenter d&rsquo;une sixi\u00e8me place.<\/strong><\/p>\n<p><img decoding=\"async\" class=\"lazyload alignnone size-medium wp-image-93665\" src=\"https:\/\/fr.motocrossmag.be\/wp-content\/uploads\/2019\/08\/La-Chinelle-6998-650x433.jpg\" data-orig-src=\"https:\/\/fr.motocrossmag.be\/wp-content\/uploads\/2019\/08\/La-Chinelle-6998-650x433.jpg\" alt=\"\" width=\"650\" height=\"433\" srcset=\"data:image\/svg+xml,%3Csvg%20xmlns%3D%27http%3A%2F%2Fwww.w3.org%2F2000%2Fsvg%27%20width%3D%27650%27%20height%3D%27433%27%20viewBox%3D%270%200%20650%20433%27%3E%3Crect%20width%3D%27650%27%20height%3D%27433%27%20fill-opacity%3D%220%22%2F%3E%3C%2Fsvg%3E\" data-srcset=\"https:\/\/fr.motocrossmag.be\/wp-content\/uploads\/2019\/08\/La-Chinelle-6998-650x433.jpg 650w, https:\/\/fr.motocrossmag.be\/wp-content\/uploads\/2019\/08\/La-Chinelle-6998-768x511.jpg 768w, https:\/\/fr.motocrossmag.be\/wp-content\/uploads\/2019\/08\/La-Chinelle-6998.jpg 1000w\" data-sizes=\"auto\" data-orig-sizes=\"(max-width: 650px) 100vw, 650px\" \/><\/p>\n<p>C&rsquo;est donc plus motiv\u00e9 que jamais \u00e0 l&rsquo;id\u00e9e d&rsquo;effacer cette contre-performance et de laisser par la m\u00eame occasion d\u00e9finitivement derri\u00e8re lui ce surnom de \u00ab\u00a0Poulidor de la Chinelle\u00a0\u00bb que Magain abordait cette 40\u00e8me \u00e9dition des 12 Heures de la Chinelle. Le pilote KTM est en train de r\u00e9aliser une solide saison, en Belgique comme \u00e0 l&rsquo;\u00e9tranger, et tous les indicateurs semblaient donc au vert, faisant du trio Magain\/Dewulf\/Grobben les favoris de nombreux observateurs. \u00ab\u00a0Rouler avec le num\u00e9ro 40 sur la 40\u00e8me Chinelle, c&rsquo;est un signe !\u00a0\u00bb, plaisantait m\u00eame Magain avant l&rsquo;\u00e9preuve.<\/p>\n<blockquote><p>\u00ab\u00a0C\u00e9dric Grobben a su se donner \u00e0 100% malgr\u00e9 la douleur et nous permettre de conserver l&rsquo;avantage.\u00a0\u00bb<\/p><\/blockquote>\n<p>L&rsquo;homme semblait en pleine confiance. Le temps qu&rsquo;il r\u00e9alis\u00e9 lors des essais chronom\u00e9tr\u00e9s annonce imm\u00e9diatement la couleur : plus de 12 secondes de mieux que les autres favoris, parmi lesquels les deux Husqvarna officielles. La concurrence \u00e9tait aff\u00fbt\u00e9e mais Magain et Dewulf \u00e9taient tout simplement un cran au-dessus ce week-end. Car les deux hommes ont pratiquement g\u00e9r\u00e9 la course \u00e0 deux, leur co\u00e9quipier Grobben s&rsquo;\u00e9tant bless\u00e9 \u00e0 l&rsquo;\u00e9paule d\u00e8s les essais du samedi. \u00ab\u00a0Nous avons d\u00fb g\u00e9rer la nuit ainsi que la plupart de la course \u00e0 deux avec Jeffrey\u00a0\u00bb, explique Antoine Magain. \u00ab\u00a0C\u00e9dric s&rsquo;est fait mal \u00e0 l&rsquo;\u00e9paule dans les essais et nous avons pr\u00e9f\u00e9r\u00e9 le solliciter le moins possible. Mais il a fait sa part du job. Il a su prendre le guidon au bon moment et se donner \u00e0 fond malgr\u00e9 la douleur pour nous permettre de conserver l&rsquo;avantage.\u00a0\u00bb Un vrai travail d&rsquo;\u00e9quipe.<\/p>\n<p><img decoding=\"async\" class=\"lazyload alignnone size-medium wp-image-93664\" src=\"https:\/\/fr.motocrossmag.be\/wp-content\/uploads\/2019\/08\/La-Chinelle-7372-650x433.jpg\" data-orig-src=\"https:\/\/fr.motocrossmag.be\/wp-content\/uploads\/2019\/08\/La-Chinelle-7372-650x433.jpg\" alt=\"\" width=\"650\" height=\"433\" srcset=\"data:image\/svg+xml,%3Csvg%20xmlns%3D%27http%3A%2F%2Fwww.w3.org%2F2000%2Fsvg%27%20width%3D%27650%27%20height%3D%27433%27%20viewBox%3D%270%200%20650%20433%27%3E%3Crect%20width%3D%27650%27%20height%3D%27433%27%20fill-opacity%3D%220%22%2F%3E%3C%2Fsvg%3E\" data-srcset=\"https:\/\/fr.motocrossmag.be\/wp-content\/uploads\/2019\/08\/La-Chinelle-7372-650x433.jpg 650w, https:\/\/fr.motocrossmag.be\/wp-content\/uploads\/2019\/08\/La-Chinelle-7372-768x511.jpg 768w, https:\/\/fr.motocrossmag.be\/wp-content\/uploads\/2019\/08\/La-Chinelle-7372.jpg 1000w\" data-sizes=\"auto\" data-orig-sizes=\"(max-width: 650px) 100vw, 650px\" \/><\/p>\n<p>Au terme de 12 heures de course particuli\u00e8rement intenses entre la KTM et la Husqvarna du trio Brackman\/Fors\/Cambr\u00e9, Magain aborde le dernier tour avec une trentaine de secondes d&rsquo;avance. Il touche enfin du bout des doigts cette premi\u00e8re victoire dont il r\u00eave depuis plusieurs ann\u00e9es. \u00ab\u00a0Ce retour en t\u00eate sur l&rsquo;esplanade, je l&rsquo;ai savour\u00e9 \u00e0 sa juste valeur\u00a0\u00bb, explique Magain.<\/p>\n<p>\u00ab\u00a0Mon p\u00e8re s&rsquo;est impos\u00e9 6 fois ici et pour moi, c&rsquo;\u00e9tait un r\u00eave de gosse. Aujourd\u2019hui, c\u2019est mon tour. J&rsquo;esp\u00e8re que cela me permettra de me d\u00e9barrasser d\u00e9finitivement de ce surnom de \u00ab\u00a0Poulidor de la Chinelle\u00a0\u00bb qui me colle \u00e0 la peau depuis quelques ann\u00e9es ! Cette premi\u00e8re victoire, je la voulais, je m\u2019\u00e9tais pr\u00e9par\u00e9 pour et le travail a pay\u00e9. La course a \u00e9t\u00e9 belle, disput\u00e9e, la Husqvarna nous a maintenus sous pression jusqu\u2019au bout. C&rsquo;\u00e9tait stressant pour nous mais la victoire n&rsquo;en est que plus belle.\u00a0\u00bb<\/p>\n<p><img decoding=\"async\" class=\"lazyload alignnone size-medium wp-image-93667\" src=\"https:\/\/fr.motocrossmag.be\/wp-content\/uploads\/2019\/08\/La-Chinelle-0849-magain-650x434.jpg\" data-orig-src=\"https:\/\/fr.motocrossmag.be\/wp-content\/uploads\/2019\/08\/La-Chinelle-0849-magain-650x434.jpg\" alt=\"\" width=\"650\" height=\"434\" srcset=\"data:image\/svg+xml,%3Csvg%20xmlns%3D%27http%3A%2F%2Fwww.w3.org%2F2000%2Fsvg%27%20width%3D%27650%27%20height%3D%27434%27%20viewBox%3D%270%200%20650%20434%27%3E%3Crect%20width%3D%27650%27%20height%3D%27434%27%20fill-opacity%3D%220%22%2F%3E%3C%2Fsvg%3E\" data-srcset=\"https:\/\/fr.motocrossmag.be\/wp-content\/uploads\/2019\/08\/La-Chinelle-0849-magain-650x434.jpg 650w, https:\/\/fr.motocrossmag.be\/wp-content\/uploads\/2019\/08\/La-Chinelle-0849-magain-768x512.jpg 768w, https:\/\/fr.motocrossmag.be\/wp-content\/uploads\/2019\/08\/La-Chinelle-0849-magain.jpg 1000w\" data-sizes=\"auto\" data-orig-sizes=\"(max-width: 650px) 100vw, 650px\" \/><\/p>\n<p>\u00ab\u00a0L&rsquo;\u00e9quipe a vraiment bien fonctionn\u00e9, \u00e0 tous les niveaux\u00a0\u00bb, poursuit le Nismois. \u00ab\u00a0La KTM \u00e9tait parfaite et le staff a fait du super boulot. Merci \u00e0 tous pour leur professionnalisme.\u00a0\u00bb<\/p>\n<p>Le suspense jusque dans les derniers instants de course et la victoire du chouchou du public de Franchimont ont assur\u00e9ment offert un 40\u00e8me anniversaire grandiose \u00e0 la plus c\u00e9l\u00e8bre des \u00e9preuves d&rsquo;endurance tout-terrain. \u00ab\u00a0Je ne compte pas en rester l\u00e0\u00a0\u00bb, pr\u00e9vient Magain, \u00ab\u00a0on sera l\u00e0 l&rsquo;an prochain pour remettre notre titre en jeu !\u00a0\u00bb Rendez-vous donc l&rsquo;\u00e9t\u00e9 prochain pour un nouveau tour d&rsquo;horloge, esp\u00e9rons-le, aussi passionnant que celui que l&rsquo;on vient de vivre.<\/p>\n<p>&nbsp;<\/p>\n<p>Texte : Olivier Evrard | Photos : Gino Maes<\/p>\n<div id=\"ConnectiveDocSignExtentionInstalled\" data-extension-version=\"1.0.4\"><\/div>\n","protected":false},"excerpt":{"rendered":"<p>KTM ne s\u2019\u00e9tait plus impos\u00e9 sur les 12 Heures de la Chinelle depuis 2015. Pour tenter de fouler \u00e0 nouveau des pieds la premi\u00e8re marche du podium de la prestigieuse [&#8230;]<\/p>\n","protected":false},"author":932,"featured_media":93643,"comment_status":"open","ping_status":"closed","sticky":false,"template":"","format":"standard","meta":{"footnotes":""},"categories":[54,32,35,73,33,55,65],"tags":[1167,427,951],"class_list":["post-93640","post","type-post","status-publish","format-standard","has-post-thumbnail","hentry","category-actualite","category-enduro","category-fmb-enduro","category-chinelle","category-news-enduro","category-news-actualite","category-slideshow","tag-bex","tag-endurance","tag-enduro"],"yoast_head":"<!-- This site is optimized with the Yoast SEO plugin v27.4 - https:\/\/yoast.com\/product\/yoast-seo-wordpress\/ -->\n<title>Antoine Magain : &quot;Une victoire qui arrive au bon moment !&quot; - Motocross - Enduro - Supermoto | MotocrossMag<\/title>\n<meta name=\"robots\" content=\"index, follow, max-snippet:-1, max-image-preview:large, max-video-preview:-1\" \/>\n<link rel=\"canonical\" href=\"https:\/\/fr.motocrossmag.be\/index.php\/2019\/08\/antoine-magain-chinelle\/\" \/>\n<meta property=\"og:locale\" content=\"fr_FR\" \/>\n<meta property=\"og:type\" content=\"article\" \/>\n<meta property=\"og:title\" content=\"Antoine Magain : &quot;Une victoire qui arrive au bon moment !&quot; - Motocross - Enduro - Supermoto | MotocrossMag\" \/>\n<meta property=\"og:description\" content=\"KTM ne s\u2019\u00e9tait plus impos\u00e9 sur les 12 Heures de la Chinelle depuis 2015. Pour tenter de fouler \u00e0 nouveau des pieds la premi\u00e8re marche du podium de la prestigieuse [...]\" \/>\n<meta property=\"og:url\" content=\"https:\/\/fr.motocrossmag.be\/index.php\/2019\/08\/antoine-magain-chinelle\/\" \/>\n<meta property=\"og:site_name\" content=\"Motocross - Enduro - Supermoto | MotocrossMag\" \/>\n<meta property=\"article:published_time\" content=\"2019-08-13T11:50:37+00:00\" \/>\n<meta property=\"article:modified_time\" content=\"2019-08-13T12:11:32+00:00\" \/>\n<meta property=\"og:image\" content=\"https:\/\/fr.motocrossmag.be\/wp-content\/uploads\/2019\/08\/La-Chinelle-7353.jpg\" \/>\n\t<meta property=\"og:image:width\" content=\"1000\" \/>\n\t<meta property=\"og:image:height\" content=\"666\" \/>\n\t<meta property=\"og:image:type\" content=\"image\/jpeg\" \/>\n<meta name=\"author\" content=\"oliviere\" \/>\n<meta name=\"twitter:card\" content=\"summary_large_image\" \/>\n<meta name=\"twitter:label1\" content=\"\u00c9crit par\" \/>\n\t<meta name=\"twitter:data1\" content=\"oliviere\" \/>\n\t<meta name=\"twitter:label2\" content=\"Dur\u00e9e de lecture estim\u00e9e\" \/>\n\t<meta name=\"twitter:data2\" content=\"3 minutes\" \/>\n<script type=\"application\/ld+json\" class=\"yoast-schema-graph\">{\"@context\":\"https:\\\/\\\/schema.org\",\"@graph\":[{\"@type\":\"Article\",\"@id\":\"https:\\\/\\\/fr.motocrossmag.be\\\/index.php\\\/2019\\\/08\\\/antoine-magain-chinelle\\\/#article\",\"isPartOf\":{\"@id\":\"https:\\\/\\\/fr.motocrossmag.be\\\/index.php\\\/2019\\\/08\\\/antoine-magain-chinelle\\\/\"},\"author\":{\"name\":\"oliviere\",\"@id\":\"https:\\\/\\\/fr.motocrossmag.be\\\/#\\\/schema\\\/person\\\/11b47143d9f755babca2c9110e03235c\"},\"headline\":\"Antoine Magain : \u00ab\u00a0Une victoire qui arrive au bon moment !\u00a0\u00bb\",\"datePublished\":\"2019-08-13T11:50:37+00:00\",\"dateModified\":\"2019-08-13T12:11:32+00:00\",\"mainEntityOfPage\":{\"@id\":\"https:\\\/\\\/fr.motocrossmag.be\\\/index.php\\\/2019\\\/08\\\/antoine-magain-chinelle\\\/\"},\"wordCount\":678,\"commentCount\":0,\"image\":{\"@id\":\"https:\\\/\\\/fr.motocrossmag.be\\\/index.php\\\/2019\\\/08\\\/antoine-magain-chinelle\\\/#primaryimage\"},\"thumbnailUrl\":\"https:\\\/\\\/fr.motocrossmag.be\\\/wp-content\\\/uploads\\\/2019\\\/08\\\/La-Chinelle-7353.jpg\",\"keywords\":[\"BEX\",\"endurance\",\"Enduro\"],\"articleSection\":[\"Actualit\u00e9\",\"Enduro\",\"FMB\",\"La Chinelle\",\"News\",\"News\",\"Slideshow\"],\"inLanguage\":\"fr-FR\",\"potentialAction\":[{\"@type\":\"CommentAction\",\"name\":\"Comment\",\"target\":[\"https:\\\/\\\/fr.motocrossmag.be\\\/index.php\\\/2019\\\/08\\\/antoine-magain-chinelle\\\/#respond\"]}]},{\"@type\":\"WebPage\",\"@id\":\"https:\\\/\\\/fr.motocrossmag.be\\\/index.php\\\/2019\\\/08\\\/antoine-magain-chinelle\\\/\",\"url\":\"https:\\\/\\\/fr.motocrossmag.be\\\/index.php\\\/2019\\\/08\\\/antoine-magain-chinelle\\\/\",\"name\":\"Antoine Magain : \\\"Une victoire qui arrive au bon moment !\\\" - Motocross - Enduro - Supermoto | MotocrossMag\",\"isPartOf\":{\"@id\":\"https:\\\/\\\/fr.motocrossmag.be\\\/#website\"},\"primaryImageOfPage\":{\"@id\":\"https:\\\/\\\/fr.motocrossmag.be\\\/index.php\\\/2019\\\/08\\\/antoine-magain-chinelle\\\/#primaryimage\"},\"image\":{\"@id\":\"https:\\\/\\\/fr.motocrossmag.be\\\/index.php\\\/2019\\\/08\\\/antoine-magain-chinelle\\\/#primaryimage\"},\"thumbnailUrl\":\"https:\\\/\\\/fr.motocrossmag.be\\\/wp-content\\\/uploads\\\/2019\\\/08\\\/La-Chinelle-7353.jpg\",\"datePublished\":\"2019-08-13T11:50:37+00:00\",\"dateModified\":\"2019-08-13T12:11:32+00:00\",\"author\":{\"@id\":\"https:\\\/\\\/fr.motocrossmag.be\\\/#\\\/schema\\\/person\\\/11b47143d9f755babca2c9110e03235c\"},\"breadcrumb\":{\"@id\":\"https:\\\/\\\/fr.motocrossmag.be\\\/index.php\\\/2019\\\/08\\\/antoine-magain-chinelle\\\/#breadcrumb\"},\"inLanguage\":\"fr-FR\",\"potentialAction\":[{\"@type\":\"ReadAction\",\"target\":[\"https:\\\/\\\/fr.motocrossmag.be\\\/index.php\\\/2019\\\/08\\\/antoine-magain-chinelle\\\/\"]}]},{\"@type\":\"ImageObject\",\"inLanguage\":\"fr-FR\",\"@id\":\"https:\\\/\\\/fr.motocrossmag.be\\\/index.php\\\/2019\\\/08\\\/antoine-magain-chinelle\\\/#primaryimage\",\"url\":\"https:\\\/\\\/fr.motocrossmag.be\\\/wp-content\\\/uploads\\\/2019\\\/08\\\/La-Chinelle-7353.jpg\",\"contentUrl\":\"https:\\\/\\\/fr.motocrossmag.be\\\/wp-content\\\/uploads\\\/2019\\\/08\\\/La-Chinelle-7353.jpg\",\"width\":1000,\"height\":666},{\"@type\":\"BreadcrumbList\",\"@id\":\"https:\\\/\\\/fr.motocrossmag.be\\\/index.php\\\/2019\\\/08\\\/antoine-magain-chinelle\\\/#breadcrumb\",\"itemListElement\":[{\"@type\":\"ListItem\",\"position\":1,\"name\":\"Accueil\",\"item\":\"https:\\\/\\\/fr.motocrossmag.be\\\/\"},{\"@type\":\"ListItem\",\"position\":2,\"name\":\"Antoine Magain : \u00ab\u00a0Une victoire qui arrive au bon moment !\u00a0\u00bb\"}]},{\"@type\":\"WebSite\",\"@id\":\"https:\\\/\\\/fr.motocrossmag.be\\\/#website\",\"url\":\"https:\\\/\\\/fr.motocrossmag.be\\\/\",\"name\":\"Motocross - Enduro - Supermoto | MotocrossMag\",\"description\":\"L&#039;actualit\u00e9 du motocross, de l&#039;enduro et du Supermoto en ligne!\",\"potentialAction\":[{\"@type\":\"SearchAction\",\"target\":{\"@type\":\"EntryPoint\",\"urlTemplate\":\"https:\\\/\\\/fr.motocrossmag.be\\\/?s={search_term_string}\"},\"query-input\":{\"@type\":\"PropertyValueSpecification\",\"valueRequired\":true,\"valueName\":\"search_term_string\"}}],\"inLanguage\":\"fr-FR\"},{\"@type\":\"Person\",\"@id\":\"https:\\\/\\\/fr.motocrossmag.be\\\/#\\\/schema\\\/person\\\/11b47143d9f755babca2c9110e03235c\",\"name\":\"oliviere\",\"image\":{\"@type\":\"ImageObject\",\"inLanguage\":\"fr-FR\",\"@id\":\"https:\\\/\\\/secure.gravatar.com\\\/avatar\\\/907069e0b81d119452040469e4a7501da1100f54f7f80180ce77bfab718288f6?s=96&d=mm&r=g\",\"url\":\"https:\\\/\\\/secure.gravatar.com\\\/avatar\\\/907069e0b81d119452040469e4a7501da1100f54f7f80180ce77bfab718288f6?s=96&d=mm&r=g\",\"contentUrl\":\"https:\\\/\\\/secure.gravatar.com\\\/avatar\\\/907069e0b81d119452040469e4a7501da1100f54f7f80180ce77bfab718288f6?s=96&d=mm&r=g\",\"caption\":\"oliviere\"},\"sameAs\":[\"http:\\\/\\\/www.motocrossmag.be\"],\"url\":\"https:\\\/\\\/fr.motocrossmag.be\\\/index.php\\\/author\\\/oliviere\\\/\"}]}<\/script>\n<!-- \/ Yoast SEO plugin. -->","yoast_head_json":{"title":"Antoine Magain : \"Une victoire qui arrive au bon moment !\" - Motocross - Enduro - Supermoto | MotocrossMag","robots":{"index":"index","follow":"follow","max-snippet":"max-snippet:-1","max-image-preview":"max-image-preview:large","max-video-preview":"max-video-preview:-1"},"canonical":"https:\/\/fr.motocrossmag.be\/index.php\/2019\/08\/antoine-magain-chinelle\/","og_locale":"fr_FR","og_type":"article","og_title":"Antoine Magain : \"Une victoire qui arrive au bon moment !\" - Motocross - Enduro - Supermoto | MotocrossMag","og_description":"KTM ne s\u2019\u00e9tait plus impos\u00e9 sur les 12 Heures de la Chinelle depuis 2015. Pour tenter de fouler \u00e0 nouveau des pieds la premi\u00e8re marche du podium de la prestigieuse [...]","og_url":"https:\/\/fr.motocrossmag.be\/index.php\/2019\/08\/antoine-magain-chinelle\/","og_site_name":"Motocross - Enduro - Supermoto | MotocrossMag","article_published_time":"2019-08-13T11:50:37+00:00","article_modified_time":"2019-08-13T12:11:32+00:00","og_image":[{"width":1000,"height":666,"url":"https:\/\/fr.motocrossmag.be\/wp-content\/uploads\/2019\/08\/La-Chinelle-7353.jpg","type":"image\/jpeg"}],"author":"oliviere","twitter_card":"summary_large_image","twitter_misc":{"\u00c9crit par":"oliviere","Dur\u00e9e de lecture estim\u00e9e":"3 minutes"},"schema":{"@context":"https:\/\/schema.org","@graph":[{"@type":"Article","@id":"https:\/\/fr.motocrossmag.be\/index.php\/2019\/08\/antoine-magain-chinelle\/#article","isPartOf":{"@id":"https:\/\/fr.motocrossmag.be\/index.php\/2019\/08\/antoine-magain-chinelle\/"},"author":{"name":"oliviere","@id":"https:\/\/fr.motocrossmag.be\/#\/schema\/person\/11b47143d9f755babca2c9110e03235c"},"headline":"Antoine Magain : \u00ab\u00a0Une victoire qui arrive au bon moment !\u00a0\u00bb","datePublished":"2019-08-13T11:50:37+00:00","dateModified":"2019-08-13T12:11:32+00:00","mainEntityOfPage":{"@id":"https:\/\/fr.motocrossmag.be\/index.php\/2019\/08\/antoine-magain-chinelle\/"},"wordCount":678,"commentCount":0,"image":{"@id":"https:\/\/fr.motocrossmag.be\/index.php\/2019\/08\/antoine-magain-chinelle\/#primaryimage"},"thumbnailUrl":"https:\/\/fr.motocrossmag.be\/wp-content\/uploads\/2019\/08\/La-Chinelle-7353.jpg","keywords":["BEX","endurance","Enduro"],"articleSection":["Actualit\u00e9","Enduro","FMB","La Chinelle","News","News","Slideshow"],"inLanguage":"fr-FR","potentialAction":[{"@type":"CommentAction","name":"Comment","target":["https:\/\/fr.motocrossmag.be\/index.php\/2019\/08\/antoine-magain-chinelle\/#respond"]}]},{"@type":"WebPage","@id":"https:\/\/fr.motocrossmag.be\/index.php\/2019\/08\/antoine-magain-chinelle\/","url":"https:\/\/fr.motocrossmag.be\/index.php\/2019\/08\/antoine-magain-chinelle\/","name":"Antoine Magain : \"Une victoire qui arrive au bon moment !\" - Motocross - Enduro - Supermoto | MotocrossMag","isPartOf":{"@id":"https:\/\/fr.motocrossmag.be\/#website"},"primaryImageOfPage":{"@id":"https:\/\/fr.motocrossmag.be\/index.php\/2019\/08\/antoine-magain-chinelle\/#primaryimage"},"image":{"@id":"https:\/\/fr.motocrossmag.be\/index.php\/2019\/08\/antoine-magain-chinelle\/#primaryimage"},"thumbnailUrl":"https:\/\/fr.motocrossmag.be\/wp-content\/uploads\/2019\/08\/La-Chinelle-7353.jpg","datePublished":"2019-08-13T11:50:37+00:00","dateModified":"2019-08-13T12:11:32+00:00","author":{"@id":"https:\/\/fr.motocrossmag.be\/#\/schema\/person\/11b47143d9f755babca2c9110e03235c"},"breadcrumb":{"@id":"https:\/\/fr.motocrossmag.be\/index.php\/2019\/08\/antoine-magain-chinelle\/#breadcrumb"},"inLanguage":"fr-FR","potentialAction":[{"@type":"ReadAction","target":["https:\/\/fr.motocrossmag.be\/index.php\/2019\/08\/antoine-magain-chinelle\/"]}]},{"@type":"ImageObject","inLanguage":"fr-FR","@id":"https:\/\/fr.motocrossmag.be\/index.php\/2019\/08\/antoine-magain-chinelle\/#primaryimage","url":"https:\/\/fr.motocrossmag.be\/wp-content\/uploads\/2019\/08\/La-Chinelle-7353.jpg","contentUrl":"https:\/\/fr.motocrossmag.be\/wp-content\/uploads\/2019\/08\/La-Chinelle-7353.jpg","width":1000,"height":666},{"@type":"BreadcrumbList","@id":"https:\/\/fr.motocrossmag.be\/index.php\/2019\/08\/antoine-magain-chinelle\/#breadcrumb","itemListElement":[{"@type":"ListItem","position":1,"name":"Accueil","item":"https:\/\/fr.motocrossmag.be\/"},{"@type":"ListItem","position":2,"name":"Antoine Magain : \u00ab\u00a0Une victoire qui arrive au bon moment !\u00a0\u00bb"}]},{"@type":"WebSite","@id":"https:\/\/fr.motocrossmag.be\/#website","url":"https:\/\/fr.motocrossmag.be\/","name":"Motocross - Enduro - Supermoto | MotocrossMag","description":"L&#039;actualit\u00e9 du motocross, de l&#039;enduro et du Supermoto en ligne!","potentialAction":[{"@type":"SearchAction","target":{"@type":"EntryPoint","urlTemplate":"https:\/\/fr.motocrossmag.be\/?s={search_term_string}"},"query-input":{"@type":"PropertyValueSpecification","valueRequired":true,"valueName":"search_term_string"}}],"inLanguage":"fr-FR"},{"@type":"Person","@id":"https:\/\/fr.motocrossmag.be\/#\/schema\/person\/11b47143d9f755babca2c9110e03235c","name":"oliviere","image":{"@type":"ImageObject","inLanguage":"fr-FR","@id":"https:\/\/secure.gravatar.com\/avatar\/907069e0b81d119452040469e4a7501da1100f54f7f80180ce77bfab718288f6?s=96&d=mm&r=g","url":"https:\/\/secure.gravatar.com\/avatar\/907069e0b81d119452040469e4a7501da1100f54f7f80180ce77bfab718288f6?s=96&d=mm&r=g","contentUrl":"https:\/\/secure.gravatar.com\/avatar\/907069e0b81d119452040469e4a7501da1100f54f7f80180ce77bfab718288f6?s=96&d=mm&r=g","caption":"oliviere"},"sameAs":["http:\/\/www.motocrossmag.be"],"url":"https:\/\/fr.motocrossmag.be\/index.php\/author\/oliviere\/"}]}},"_links":{"self":[{"href":"https:\/\/fr.motocrossmag.be\/index.php\/wp-json\/wp\/v2\/posts\/93640","targetHints":{"allow":["GET"]}}],"collection":[{"href":"https:\/\/fr.motocrossmag.be\/index.php\/wp-json\/wp\/v2\/posts"}],"about":[{"href":"https:\/\/fr.motocrossmag.be\/index.php\/wp-json\/wp\/v2\/types\/post"}],"author":[{"embeddable":true,"href":"https:\/\/fr.motocrossmag.be\/index.php\/wp-json\/wp\/v2\/users\/932"}],"replies":[{"embeddable":true,"href":"https:\/\/fr.motocrossmag.be\/index.php\/wp-json\/wp\/v2\/comments?post=93640"}],"version-history":[{"count":1,"href":"https:\/\/fr.motocrossmag.be\/index.php\/wp-json\/wp\/v2\/posts\/93640\/revisions"}],"predecessor-version":[{"id":93666,"href":"https:\/\/fr.motocrossmag.be\/index.php\/wp-json\/wp\/v2\/posts\/93640\/revisions\/93666"}],"wp:featuredmedia":[{"embeddable":true,"href":"https:\/\/fr.motocrossmag.be\/index.php\/wp-json\/wp\/v2\/media\/93643"}],"wp:attachment":[{"href":"https:\/\/fr.motocrossmag.be\/index.php\/wp-json\/wp\/v2\/media?parent=93640"}],"wp:term":[{"taxonomy":"category","embeddable":true,"href":"https:\/\/fr.motocrossmag.be\/index.php\/wp-json\/wp\/v2\/categories?post=93640"},{"taxonomy":"post_tag","embeddable":true,"href":"https:\/\/fr.motocrossmag.be\/index.php\/wp-json\/wp\/v2\/tags?post=93640"}],"curies":[{"name":"wp","href":"https:\/\/api.w.org\/{rel}","templated":true}]}}