{"id":95036,"date":"2019-08-27T12:25:14","date_gmt":"2019-08-27T10:25:14","guid":{"rendered":"https:\/\/fr.motocrossmag.be\/?p=95036"},"modified":"2019-08-27T12:25:14","modified_gmt":"2019-08-27T10:25:14","slug":"antoine-magain-et-matthew-vanoevelen-dominent-lenduro-douffet","status":"publish","type":"post","link":"https:\/\/fr.motocrossmag.be\/index.php\/2019\/08\/antoine-magain-et-matthew-vanoevelen-dominent-lenduro-douffet\/","title":{"rendered":"Antoine Magain et Matthew Vanoevelen dominent l&rsquo;enduro d&rsquo;Ouffet"},"content":{"rendered":"<p><strong>La rentr\u00e9e approche \u00e0 grands pas et, alors que les 12 Heures de la Chinelle sont \u00e0 peine derri\u00e8re nous, c&rsquo;\u00e9tait d\u00e9j\u00e0 la reprise ce week-end pour les concurrents du championnat de Belgique d&rsquo;enduro. C&rsquo;est en province de Li\u00e8ge qu&rsquo;a eu lieu cette reprise puisque c&rsquo;est l&rsquo;enduro d&rsquo;Ouffet qui constituait la 9\u00e8me \u00e9preuve de notre championnat national. Avant, d\u00e8s le week-end prochain, l&rsquo;incontournable rendez-vous de Dinant.<\/strong><\/p>\n<p>Sous une m\u00e9t\u00e9o estivale, cent septante pilotes \u00e9taient pr\u00e9sents \u00e0 Ouffet ce dimanche. Apr\u00e8s l&rsquo;\u00e9motion de la victoire aux 12 Heures de la Chinelle, retour au championnat de Belgique pour Antoine Magain. Le Nismois avait choisi de d\u00e9laisser pour l&rsquo;occasion sa KTM 250 4T pour s&rsquo;essayer au guidon d&rsquo;une 250 2-temps \u00e0 injection. Une machine qui lui a plu et avec laquelle il pourrait m\u00eame disputer les derni\u00e8res \u00e9preuves du mondial.<\/p>\n<p>A Ouffet, elle lui a en tout cas permis de contenir Mattew Vanoevelen. Le pilote Husqvarna a \u00e9t\u00e9 le seul \u00e0 tenir la comparaison avec Magain. Il termine la journ\u00e9e \u00e0 16 secondes. A plus d&rsquo;une minute 20, derri\u00e8re les deux jeunes loups de l&rsquo;enduro belge, c&rsquo;est C\u00e9dric Cremer qui place sa Yamaha Zone Rouge sur la 3\u00e8me marche du podium. Cremer est actuellement en deuxi\u00e8me position du classement provisoire \u00ab\u00a0Prestiges\u00a0\u00bb, \u00e0 28 points de Magain.<\/p>\n<p>Changement de leader par contre dans le championnat \u00ab\u00a0Inters\u00a0\u00bb. Maxime Warenghien remporte la journ\u00e9e \u00e0 Ouffet et profite par la m\u00eame occasion des ennuis m\u00e9caniques de Mathias Van Hoof pour prendre au pilote Beta la t\u00eate du provisoire. Il comptera en arrivant \u00e0 Dinant 4 petits points d&rsquo;avance.<\/p>\n<p>Enfin, on notera la pol\u00e9mique qui a anim\u00e9 le paddock ce week-end suite au d\u00e9classement d\u2019une petite vingtaine de pilotes pour vitesses excessives en zone 30.<\/p>\n<p>&nbsp;<\/p>\n<p><span style=\"color: #800000;\"><strong>R\u00e9sultats<\/strong><\/span><\/p>\n<table style=\"margin: auto;\" width=\"97%\">\n<tbody>\n<tr>\n<td width=\"65\">PRESTIGES<\/td>\n<td width=\"224\"><\/td>\n<td width=\"140\"><\/td>\n<td width=\"92\"><\/td>\n<\/tr>\n<tr>\n<td><\/td>\n<td><\/td>\n<td><\/td>\n<td><\/td>\n<\/tr>\n<tr>\n<td width=\"65\">1<\/td>\n<td width=\"224\">MAGAIN ANTOINE<\/td>\n<td width=\"140\">KTM<\/td>\n<td width=\"92\">44:01.12<\/td>\n<\/tr>\n<tr>\n<td width=\"65\">2<\/td>\n<td width=\"224\">VANOEVELEN MATTHEW<\/td>\n<td width=\"140\">GAS GAS<\/td>\n<td width=\"80\">+00:16.23<\/td>\n<\/tr>\n<tr>\n<td width=\"65\">3<\/td>\n<td width=\"224\">CREMER C\u00c9DRIC<\/td>\n<td width=\"140\">YAMAHA<\/td>\n<td width=\"80\">+01:21.32<\/td>\n<\/tr>\n<tr>\n<td width=\"65\">4<\/td>\n<td width=\"224\">CAMBRE JILANI<\/td>\n<td width=\"140\">HUSQVARNA<\/td>\n<td width=\"80\">+01:48.24<\/td>\n<\/tr>\n<tr>\n<td width=\"65\">5<\/td>\n<td width=\"224\">GOBLET JEAN-FRAN\u00c7OIS<\/td>\n<td width=\"140\">HUSQVARNA<\/td>\n<td width=\"80\">+02:53.87<\/td>\n<\/tr>\n<tr>\n<td width=\"65\">6<\/td>\n<td width=\"224\">VANHOENACKER DIMITRI<\/td>\n<td width=\"140\">SHERCO<\/td>\n<td width=\"80\">+03:01.44<\/td>\n<\/tr>\n<tr>\n<td width=\"65\">7<\/td>\n<td width=\"224\">LILLO GAUTHIER<\/td>\n<td width=\"140\">HUSQVARNA<\/td>\n<td width=\"80\">+03:23.45<\/td>\n<\/tr>\n<tr>\n<td width=\"65\">8<\/td>\n<td width=\"224\">VANDERHEYDEN WIM<\/td>\n<td width=\"140\">HUSQVARNA<\/td>\n<td width=\"80\">+04:45.04<\/td>\n<\/tr>\n<tr>\n<td><\/td>\n<td><\/td>\n<td><\/td>\n<td><\/td>\n<\/tr>\n<tr>\n<td>INTERS<\/td>\n<td><\/td>\n<td><\/td>\n<td><\/td>\n<\/tr>\n<tr>\n<td><\/td>\n<td><\/td>\n<td><\/td>\n<td><\/td>\n<\/tr>\n<tr>\n<td width=\"65\">1<\/td>\n<td width=\"224\">WARENGHIEN Maxime<\/td>\n<td width=\"140\">HONDA<\/td>\n<td width=\"92\">46:13.95<\/td>\n<\/tr>\n<tr>\n<td width=\"65\">2<\/td>\n<td width=\"224\">WAUTHIER DAMIEN<\/td>\n<td width=\"140\">KTM<\/td>\n<td width=\"80\">+00:17.22<\/td>\n<\/tr>\n<tr>\n<td width=\"65\">3<\/td>\n<td width=\"224\">VOGELS HANS<\/td>\n<td width=\"140\">KTM EXC 450<\/td>\n<td width=\"80\">+00:21.83<\/td>\n<\/tr>\n<tr>\n<td width=\"65\">4<\/td>\n<td width=\"224\">GEURTS Roel<\/td>\n<td width=\"140\">KTM<\/td>\n<td width=\"80\">+00:23.57<\/td>\n<\/tr>\n<tr>\n<td width=\"65\">5<\/td>\n<td width=\"224\">LUCAS DOLFING<\/td>\n<td width=\"140\">TM<\/td>\n<td width=\"80\">+00:29.73<\/td>\n<\/tr>\n<tr>\n<td width=\"65\">6<\/td>\n<td width=\"224\">HERINNE J\u00c9R\u00c9MY<\/td>\n<td width=\"140\">YAMAHA<\/td>\n<td width=\"80\">+00:48.56<\/td>\n<\/tr>\n<tr>\n<td width=\"65\">7<\/td>\n<td width=\"224\">MONFORT QUENTIN<\/td>\n<td width=\"140\">HUSQVARNA<\/td>\n<td width=\"80\">+01:13.07<\/td>\n<\/tr>\n<tr>\n<td width=\"65\">8<\/td>\n<td width=\"224\">BEGON Loic<\/td>\n<td width=\"140\">YAMAHA<\/td>\n<td width=\"80\">+01:56.54<\/td>\n<\/tr>\n<tr>\n<td width=\"65\">9<\/td>\n<td width=\"224\">BOKSLAG MIKE<\/td>\n<td width=\"140\"><\/td>\n<td width=\"80\">+02:22.60<\/td>\n<\/tr>\n<tr>\n<td width=\"65\">10<\/td>\n<td width=\"224\">BAS KLEIN HANEVELD<\/td>\n<td width=\"140\">HUSQVARNA<\/td>\n<td width=\"80\">+02:23.20<\/td>\n<\/tr>\n<tr>\n<td width=\"65\">11<\/td>\n<td width=\"224\">BRAL LUDOVIC<\/td>\n<td width=\"140\">TM<\/td>\n<td width=\"80\">+02:47.10<\/td>\n<\/tr>\n<tr>\n<td width=\"65\">12<\/td>\n<td width=\"224\">KRUIPER TIM<\/td>\n<td width=\"140\">KTM<\/td>\n<td width=\"80\">+03:29.24<\/td>\n<\/tr>\n<tr>\n<td width=\"65\">13<\/td>\n<td width=\"224\">ZOMER MARC<\/td>\n<td width=\"140\"><\/td>\n<td width=\"80\">+03:34.81<\/td>\n<\/tr>\n<tr>\n<td width=\"65\">14<\/td>\n<td width=\"224\">BAILLEUX Bertrand<\/td>\n<td width=\"140\">HUSQVARNA<\/td>\n<td width=\"80\">+03:36.29<\/td>\n<\/tr>\n<tr>\n<td width=\"65\">15<\/td>\n<td width=\"224\">THIJS BULTEN<\/td>\n<td width=\"140\">KTM<\/td>\n<td width=\"80\">+03:41.56<\/td>\n<\/tr>\n<tr>\n<td width=\"65\">16<\/td>\n<td width=\"224\">QUODBACH EMILE<\/td>\n<td width=\"140\">HUSQVARNA<\/td>\n<td width=\"80\">+04:10.27<\/td>\n<\/tr>\n<tr>\n<td width=\"65\">17<\/td>\n<td width=\"224\">RUBEN WAGELAAR<\/td>\n<td width=\"140\">KTM<\/td>\n<td width=\"80\">+05:10.91<\/td>\n<\/tr>\n<tr>\n<td width=\"65\">18<\/td>\n<td width=\"224\">SMAL THOMAS<\/td>\n<td width=\"140\">SHERCO<\/td>\n<td width=\"80\">+05:23.78<\/td>\n<\/tr>\n<tr>\n<td width=\"65\">19<\/td>\n<td width=\"224\">DE SCHAEPMEESTER JARNE<\/td>\n<td width=\"140\">KTM<\/td>\n<td width=\"80\">+05:41.11<\/td>\n<\/tr>\n<tr>\n<td width=\"65\">20<\/td>\n<td width=\"224\">TEN HOVE BART<\/td>\n<td width=\"140\"><\/td>\n<td width=\"80\">+10:29.35<\/td>\n<\/tr>\n<tr>\n<td><\/td>\n<td><\/td>\n<td><\/td>\n<td><\/td>\n<\/tr>\n<tr>\n<td>NATIONAUX<\/td>\n<td><\/td>\n<td><\/td>\n<td><\/td>\n<\/tr>\n<tr>\n<td><\/td>\n<td><\/td>\n<td><\/td>\n<td><\/td>\n<\/tr>\n<tr>\n<td width=\"65\">1<\/td>\n<td width=\"224\">GAUNIAUX Fr\u00e9d\u00e9ric<\/td>\n<td width=\"140\">SHERCO<\/td>\n<td width=\"92\">40:42.94<\/td>\n<\/tr>\n<tr>\n<td width=\"65\">2<\/td>\n<td width=\"224\">FRYNS Ronny<\/td>\n<td width=\"140\">YAMAHA<\/td>\n<td width=\"80\">+00:33.04<\/td>\n<\/tr>\n<tr>\n<td width=\"65\">3<\/td>\n<td width=\"224\">DUMONT Teddy<\/td>\n<td width=\"140\">BETA<\/td>\n<td width=\"80\">+01:29.67<\/td>\n<\/tr>\n<tr>\n<td width=\"65\">4<\/td>\n<td width=\"224\">VERDIN Maxime<\/td>\n<td width=\"140\">HUSQVARNA<\/td>\n<td width=\"80\">+01:35.86<\/td>\n<\/tr>\n<tr>\n<td width=\"65\">5<\/td>\n<td width=\"224\">MARYNS Loic<\/td>\n<td width=\"140\">KTM<\/td>\n<td width=\"80\">+01:39.87<\/td>\n<\/tr>\n<tr>\n<td width=\"65\">6<\/td>\n<td width=\"224\">VINDEVOGEL Maxime<\/td>\n<td width=\"140\">KTM<\/td>\n<td width=\"80\">+01:45.41<\/td>\n<\/tr>\n<tr>\n<td width=\"65\">7<\/td>\n<td width=\"224\">BAELEMANS KIM<\/td>\n<td width=\"140\">HUSQVARNA<\/td>\n<td width=\"80\">+02:19.75<\/td>\n<\/tr>\n<tr>\n<td width=\"65\">8<\/td>\n<td width=\"224\">ROBERT STEVE<\/td>\n<td width=\"140\">HUSQVARNA<\/td>\n<td width=\"80\">+02:23.93<\/td>\n<\/tr>\n<tr>\n<td width=\"65\">9<\/td>\n<td width=\"224\">PIETTE JONATHAN<\/td>\n<td width=\"140\">HUSQVARNA<\/td>\n<td width=\"80\">+03:03.57<\/td>\n<\/tr>\n<tr>\n<td width=\"65\">10<\/td>\n<td width=\"224\">DANIELS Nicolas<\/td>\n<td width=\"140\">KTM<\/td>\n<td width=\"80\">+03:30.76<\/td>\n<\/tr>\n<tr>\n<td width=\"65\">11<\/td>\n<td width=\"224\">STEVEN SEBASTIEN<\/td>\n<td width=\"140\">GAS GAS 250<\/td>\n<td width=\"80\">+04:00.15<\/td>\n<\/tr>\n<tr>\n<td width=\"65\">12<\/td>\n<td width=\"224\">BOUILLON Sebastien<\/td>\n<td width=\"140\"><\/td>\n<td width=\"80\">+04:28.62<\/td>\n<\/tr>\n<tr>\n<td width=\"65\">13<\/td>\n<td width=\"224\">BLAISE S\u00c9BASTIEN<\/td>\n<td width=\"140\">HONDA<\/td>\n<td width=\"80\">+06:08.68<\/td>\n<\/tr>\n<tr>\n<td width=\"65\">14<\/td>\n<td width=\"224\">HURTEVENT Julien<\/td>\n<td width=\"140\">HONDA<\/td>\n<td width=\"80\">+09:30.98<\/td>\n<\/tr>\n<tr>\n<td><\/td>\n<td><\/td>\n<td><\/td>\n<td><\/td>\n<\/tr>\n<tr>\n<td>ESPOIRS<\/td>\n<td><\/td>\n<td><\/td>\n<td><\/td>\n<\/tr>\n<tr>\n<td><\/td>\n<td><\/td>\n<td><\/td>\n<td><\/td>\n<\/tr>\n<tr>\n<td width=\"65\">1<\/td>\n<td width=\"224\">THOMAS KEVIN<\/td>\n<td width=\"140\">HUSQVARNA<\/td>\n<td width=\"92\">41:48.21<\/td>\n<\/tr>\n<tr>\n<td width=\"65\">2<\/td>\n<td width=\"224\">DERYCKE Lucas<\/td>\n<td width=\"140\">HUSQUVARNA<\/td>\n<td width=\"80\">+00:15.79<\/td>\n<\/tr>\n<tr>\n<td width=\"65\">3<\/td>\n<td width=\"224\">TOURNEUR DORIAN<\/td>\n<td width=\"140\">KTM<\/td>\n<td width=\"80\">+01:07.42<\/td>\n<\/tr>\n<tr>\n<td width=\"65\">4<\/td>\n<td width=\"224\">VANDERHEYDEN MIKA<\/td>\n<td width=\"140\">HUSQVARNA<\/td>\n<td width=\"80\">+01:12.31<\/td>\n<\/tr>\n<tr>\n<td width=\"65\">5<\/td>\n<td width=\"224\">RAIWET KEVIN<\/td>\n<td width=\"140\">KTM<\/td>\n<td width=\"80\">+01:19.93<\/td>\n<\/tr>\n<tr>\n<td width=\"65\">6<\/td>\n<td width=\"224\">ROBERT MIKE<\/td>\n<td width=\"140\">HUSQVARNA<\/td>\n<td width=\"80\">+01:46.68<\/td>\n<\/tr>\n<tr>\n<td width=\"65\">7<\/td>\n<td width=\"224\">DUMOULIN CHRIS<\/td>\n<td width=\"140\">HONDA<\/td>\n<td width=\"80\">+05:56.54<\/td>\n<\/tr>\n<tr>\n<td width=\"65\">8<\/td>\n<td width=\"224\">GOFFAUX Benjamin<\/td>\n<td width=\"140\">SHERCO<\/td>\n<td width=\"80\">+12:36.94<\/td>\n<\/tr>\n<tr>\n<td><\/td>\n<td><\/td>\n<td><\/td>\n<td><\/td>\n<\/tr>\n<tr>\n<td>YOUNG<\/td>\n<td><\/td>\n<td><\/td>\n<td><\/td>\n<\/tr>\n<tr>\n<td><\/td>\n<td><\/td>\n<td><\/td>\n<td><\/td>\n<\/tr>\n<tr>\n<td width=\"65\">1<\/td>\n<td width=\"224\">dussart mathis<\/td>\n<td width=\"140\"><\/td>\n<td width=\"92\">46:52.80<\/td>\n<\/tr>\n<tr>\n<td width=\"65\">2<\/td>\n<td width=\"224\">VERHEYEN NATHAN<\/td>\n<td width=\"140\">KTM EXC<\/td>\n<td width=\"80\">+03:02.65<\/td>\n<\/tr>\n<tr>\n<td width=\"65\">3<\/td>\n<td width=\"224\">SENTE ARTHUR<\/td>\n<td width=\"140\">SHERCO<\/td>\n<td width=\"80\">+04:36.29<\/td>\n<\/tr>\n<tr>\n<td width=\"65\">4<\/td>\n<td width=\"224\">FOLIE MATTEO<\/td>\n<td width=\"140\">HUSQVARNA<\/td>\n<td width=\"80\">+14:19.16<\/td>\n<\/tr>\n<tr>\n<td><\/td>\n<td><\/td>\n<td><\/td>\n<td><\/td>\n<\/tr>\n<tr>\n<td>JUNIORS<\/td>\n<td><\/td>\n<td><\/td>\n<td><\/td>\n<\/tr>\n<tr>\n<td><\/td>\n<td><\/td>\n<td><\/td>\n<td><\/td>\n<\/tr>\n<tr>\n<td width=\"65\">1<\/td>\n<td width=\"224\">HAXHE Olivier Jean<\/td>\n<td width=\"140\">KTM<\/td>\n<td width=\"92\">42:01.87<\/td>\n<\/tr>\n<tr>\n<td width=\"65\">2<\/td>\n<td width=\"224\">BEBRONNE J\u00e9r\u00e9my Ren\u00e9<\/td>\n<td width=\"140\">HUSQVARNA<\/td>\n<td width=\"80\">+00:11.56<\/td>\n<\/tr>\n<tr>\n<td width=\"65\">3<\/td>\n<td width=\"224\">ROMAIN BASTIEN<\/td>\n<td width=\"140\">YAMAHA WRF<\/td>\n<td width=\"80\">+01:52.77<\/td>\n<\/tr>\n<tr>\n<td width=\"65\">4<\/td>\n<td width=\"224\">BARGIBANT Christopher Georges<\/td>\n<td width=\"140\">KTM<\/td>\n<td width=\"80\">+02:20.86<\/td>\n<\/tr>\n<tr>\n<td width=\"65\">5<\/td>\n<td width=\"224\">DE MOOR Charles<\/td>\n<td width=\"140\"><\/td>\n<td width=\"80\">+02:36.19<\/td>\n<\/tr>\n<tr>\n<td width=\"65\">6<\/td>\n<td width=\"224\">BARGIBANT DONOVAN<\/td>\n<td width=\"140\">KTM EXC<\/td>\n<td width=\"80\">+02:58.09<\/td>\n<\/tr>\n<tr>\n<td width=\"65\">7<\/td>\n<td width=\"224\">ROLAND Benoit Genevi\u00e8ve<\/td>\n<td width=\"140\">HUSQVARNA<\/td>\n<td width=\"80\">+03:48.16<\/td>\n<\/tr>\n<tr>\n<td width=\"65\">8<\/td>\n<td width=\"224\">VERVONDEL THOMAS<\/td>\n<td width=\"140\">KTM EXC<\/td>\n<td width=\"80\">+04:21.19<\/td>\n<\/tr>\n<tr>\n<td width=\"65\">9<\/td>\n<td width=\"224\">HENDRICKX GEOFFREY<\/td>\n<td width=\"140\">SHERCO<\/td>\n<td width=\"80\">+05:02.41<\/td>\n<\/tr>\n<tr>\n<td width=\"65\">10<\/td>\n<td width=\"224\">REMY JEAN-CHARLES<\/td>\n<td width=\"140\">KTM<\/td>\n<td width=\"80\">+05:24.87<\/td>\n<\/tr>\n<tr>\n<td width=\"65\">11<\/td>\n<td width=\"224\">PHILIPS HENDRIK<\/td>\n<td width=\"140\">KTM<\/td>\n<td width=\"80\">+05:26.51<\/td>\n<\/tr>\n<tr>\n<td width=\"65\">12<\/td>\n<td width=\"224\">VINKEN QUENTIN<\/td>\n<td width=\"140\">KTM<\/td>\n<td width=\"80\">+05:41.12<\/td>\n<\/tr>\n<tr>\n<td width=\"65\">13<\/td>\n<td width=\"224\">VANCRANENBROECK LAWRENCE<\/td>\n<td width=\"140\">KTM<\/td>\n<td width=\"80\">+07:27.51<\/td>\n<\/tr>\n<tr>\n<td width=\"65\">14<\/td>\n<td width=\"224\">FORGIARINI DGANI<\/td>\n<td width=\"140\">HUSQVARNA<\/td>\n<td width=\"80\">+08:20.42<\/td>\n<\/tr>\n<tr>\n<td width=\"65\">15<\/td>\n<td width=\"224\">DE BAERDEMAEKER Robby<\/td>\n<td width=\"140\">TM-RACING<\/td>\n<td width=\"80\">+10:02.64<\/td>\n<\/tr>\n<tr>\n<td width=\"65\">16<\/td>\n<td width=\"224\">niesten vincent<\/td>\n<td width=\"140\"><\/td>\n<td width=\"80\">+12:49.00<\/td>\n<\/tr>\n<tr>\n<td width=\"65\">17<\/td>\n<td width=\"224\">PAPART Julien<\/td>\n<td width=\"140\">HUSQVARNA<\/td>\n<td width=\"80\">+13:54.23<\/td>\n<\/tr>\n<tr>\n<td><\/td>\n<td><\/td>\n<td><\/td>\n<td><\/td>\n<\/tr>\n<tr>\n<td>GENTLEMEN<\/td>\n<td><\/td>\n<td><\/td>\n<td><\/td>\n<\/tr>\n<tr>\n<td><\/td>\n<td><\/td>\n<td><\/td>\n<td><\/td>\n<\/tr>\n<tr>\n<td width=\"65\">1<\/td>\n<td width=\"224\">VUKCEVIC MICHA\u00cbL<\/td>\n<td width=\"140\">SHERCO<\/td>\n<td width=\"92\">40:54.34<\/td>\n<\/tr>\n<tr>\n<td width=\"65\">2<\/td>\n<td width=\"224\">CUVELIER DAVID<\/td>\n<td width=\"140\">KTM<\/td>\n<td width=\"80\">+00:56.77<\/td>\n<\/tr>\n<tr>\n<td width=\"65\">3<\/td>\n<td width=\"224\">EVELETTE Willy<\/td>\n<td width=\"140\">KTM<\/td>\n<td width=\"80\">+02:29.83<\/td>\n<\/tr>\n<tr>\n<td width=\"65\">4<\/td>\n<td width=\"224\">NOBELS Nicolas<\/td>\n<td width=\"140\">KTM<\/td>\n<td width=\"80\">+03:02.35<\/td>\n<\/tr>\n<tr>\n<td width=\"65\">5<\/td>\n<td width=\"224\">GAILLARD Steve<\/td>\n<td width=\"140\">HUSQVARNA<\/td>\n<td width=\"80\">+03:08.97<\/td>\n<\/tr>\n<tr>\n<td width=\"65\">6<\/td>\n<td width=\"224\">DANSE LUDOVIC<\/td>\n<td width=\"140\">SHERCO<\/td>\n<td width=\"80\">+03:14.76<\/td>\n<\/tr>\n<tr>\n<td width=\"65\">7<\/td>\n<td width=\"224\">DUTERME Pascal<\/td>\n<td width=\"140\">KTM<\/td>\n<td width=\"80\">+04:29.98<\/td>\n<\/tr>\n<tr>\n<td width=\"65\">8<\/td>\n<td width=\"224\">VERSTRAELEN RAF<\/td>\n<td width=\"140\">HUSQVARNA<\/td>\n<td width=\"80\">+04:35.40<\/td>\n<\/tr>\n<tr>\n<td width=\"65\">9<\/td>\n<td width=\"224\">VANMARCKE OLIVIER<\/td>\n<td width=\"140\">KTM<\/td>\n<td width=\"80\">+04:49.15<\/td>\n<\/tr>\n<tr>\n<td width=\"65\">10<\/td>\n<td width=\"224\">VAN DOOREN Marc<\/td>\n<td width=\"140\">KTM<\/td>\n<td width=\"80\">+05:38.54<\/td>\n<\/tr>\n<tr>\n<td width=\"65\">11<\/td>\n<td width=\"224\">DEFOY Samuel Jean-Paul<\/td>\n<td width=\"140\">KTM<\/td>\n<td width=\"80\">+06:38.63<\/td>\n<\/tr>\n<tr>\n<td width=\"65\">12<\/td>\n<td width=\"224\">VANGENECHTEN Ivan<\/td>\n<td width=\"140\">HUSQVARNA<\/td>\n<td width=\"80\">+06:45.45<\/td>\n<\/tr>\n<tr>\n<td width=\"65\">13<\/td>\n<td width=\"224\">CALCAGNINI MICHAEL<\/td>\n<td width=\"140\">KTM<\/td>\n<td width=\"80\">+06:50.77<\/td>\n<\/tr>\n<tr>\n<td width=\"65\">14<\/td>\n<td width=\"224\">JOOST VERHOEF<\/td>\n<td width=\"140\">KTM<\/td>\n<td width=\"80\">+09:01.23<\/td>\n<\/tr>\n<tr>\n<td width=\"65\">15<\/td>\n<td width=\"224\">LOUVET BRUNO<\/td>\n<td width=\"140\">YAMAHA<\/td>\n<td width=\"80\">+11:51.31<\/td>\n<\/tr>\n<tr>\n<td width=\"65\">16<\/td>\n<td width=\"224\">MARCOEN KAREL<\/td>\n<td width=\"140\">KTM<\/td>\n<td width=\"80\">+18:48.69<\/td>\n<\/tr>\n<tr>\n<td><\/td>\n<td><\/td>\n<td><\/td>\n<td><\/td>\n<\/tr>\n<tr>\n<td>EXPERTS<\/td>\n<td><\/td>\n<td><\/td>\n<td><\/td>\n<\/tr>\n<tr>\n<td><\/td>\n<td><\/td>\n<td><\/td>\n<td><\/td>\n<\/tr>\n<tr>\n<td width=\"65\">1<\/td>\n<td width=\"224\">DELSUPEXHE JO\u00cbL<\/td>\n<td width=\"140\">TM<\/td>\n<td width=\"92\">42:28.30<\/td>\n<\/tr>\n<tr>\n<td width=\"65\">2<\/td>\n<td width=\"224\">MONFORT BRUNO<\/td>\n<td width=\"140\">KTM<\/td>\n<td width=\"80\">+01:41.88<\/td>\n<\/tr>\n<tr>\n<td width=\"65\">3<\/td>\n<td width=\"224\">SLUSE VINCENT<\/td>\n<td width=\"140\">HUSQVARNA<\/td>\n<td width=\"80\">+01:59.48<\/td>\n<\/tr>\n<tr>\n<td width=\"65\">4<\/td>\n<td width=\"224\">SCHEEN PIERRE<\/td>\n<td width=\"140\">KTM<\/td>\n<td width=\"80\">+02:42.34<\/td>\n<\/tr>\n<tr>\n<td width=\"65\">5<\/td>\n<td width=\"224\">SCHEPENS PETER<\/td>\n<td width=\"140\">SHERCO<\/td>\n<td width=\"80\">+02:44.34<\/td>\n<\/tr>\n<tr>\n<td width=\"65\">6<\/td>\n<td width=\"224\">ROBERT JEAN-MICHEL<\/td>\n<td width=\"140\">KTM<\/td>\n<td width=\"80\">+04:18.73<\/td>\n<\/tr>\n<tr>\n<td width=\"65\">7<\/td>\n<td width=\"224\">VANDENBERGHE PATRICK<\/td>\n<td width=\"140\">HUSQVARNA<\/td>\n<td width=\"80\">+04:46.83<\/td>\n<\/tr>\n<tr>\n<td width=\"65\">8<\/td>\n<td width=\"224\">COUCKE Bert<\/td>\n<td width=\"140\">BETA<\/td>\n<td width=\"80\">+05:09.16<\/td>\n<\/tr>\n<tr>\n<td width=\"65\">9<\/td>\n<td width=\"224\">LIJNEN AUGUST<\/td>\n<td width=\"140\">HUSQVARNA<\/td>\n<td width=\"80\">+06:01.01<\/td>\n<\/tr>\n<tr>\n<td width=\"65\">10<\/td>\n<td width=\"224\">VAN MEERHAEGHE Carl<\/td>\n<td width=\"140\">SCHERCO SE 250<\/td>\n<td width=\"80\">+06:21.81<\/td>\n<\/tr>\n<tr>\n<td width=\"65\">11<\/td>\n<td width=\"224\">KESTENS Jan Johannes<\/td>\n<td width=\"140\">HUSQVARNA<\/td>\n<td width=\"80\">+07:38.53<\/td>\n<\/tr>\n<tr>\n<td width=\"65\">12<\/td>\n<td width=\"224\">PADOU Frank Henri<\/td>\n<td width=\"140\">KTM<\/td>\n<td width=\"80\">+07:43.47<\/td>\n<\/tr>\n<tr>\n<td width=\"65\">13<\/td>\n<td width=\"224\">BIZZARRO VINCENT<\/td>\n<td width=\"140\">HUSQVARNA<\/td>\n<td width=\"80\">+07:44.59<\/td>\n<\/tr>\n<tr>\n<td width=\"65\">14<\/td>\n<td width=\"224\">BAGUETTE Corneille<\/td>\n<td width=\"140\">TM<\/td>\n<td width=\"80\">+07:48.03<\/td>\n<\/tr>\n<tr>\n<td width=\"65\">15<\/td>\n<td width=\"224\">FROMENT PHILIPPE<\/td>\n<td width=\"140\">KTM<\/td>\n<td width=\"80\">+08:20.22<\/td>\n<\/tr>\n<tr>\n<td width=\"65\">16<\/td>\n<td width=\"224\">DESCHEPPER Eric<\/td>\n<td width=\"140\">KTM<\/td>\n<td width=\"80\">+08:27.47<\/td>\n<\/tr>\n<tr>\n<td width=\"65\">17<\/td>\n<td width=\"224\">LAMBOIS JACKY<\/td>\n<td width=\"140\">KTM<\/td>\n<td width=\"80\">+08:31.34<\/td>\n<\/tr>\n<tr>\n<td width=\"65\">18<\/td>\n<td width=\"224\">CHALANT THIERRY<\/td>\n<td width=\"140\">KTM<\/td>\n<td width=\"80\">+08:43.18<\/td>\n<\/tr>\n<tr>\n<td width=\"65\">19<\/td>\n<td width=\"224\">TWAN VAN DRIEL<\/td>\n<td width=\"140\">HUSQVARNA<\/td>\n<td width=\"80\">+08:51.04<\/td>\n<\/tr>\n<tr>\n<td width=\"65\">20<\/td>\n<td width=\"224\">ROBERT Vincent<\/td>\n<td width=\"140\">KTM<\/td>\n<td width=\"80\">+08:54.39<\/td>\n<\/tr>\n<tr>\n<td width=\"65\">21<\/td>\n<td width=\"224\">RALET PIERRE<\/td>\n<td width=\"140\">SHERCO<\/td>\n<td width=\"80\">+08:56.84<\/td>\n<\/tr>\n<tr>\n<td width=\"65\">22<\/td>\n<td width=\"224\">LEONARD MOULIJN<\/td>\n<td width=\"140\">KTM<\/td>\n<td width=\"80\">+10:18.44<\/td>\n<\/tr>\n<tr>\n<td width=\"65\">23<\/td>\n<td width=\"224\">GIJS HEIKAMP<\/td>\n<td width=\"140\">KTM<\/td>\n<td width=\"80\">+11:24.74<\/td>\n<\/tr>\n<tr>\n<td width=\"65\">24<\/td>\n<td width=\"224\">FOLIE OLIVIER<\/td>\n<td width=\"140\">HUSQVARNA<\/td>\n<td width=\"80\">+11:56.08<\/td>\n<\/tr>\n<tr>\n<td width=\"65\">25<\/td>\n<td width=\"224\">THIJS MARC<\/td>\n<td width=\"140\">HVA<\/td>\n<td width=\"80\">+13:16.66<\/td>\n<\/tr>\n<tr>\n<td width=\"65\">26<\/td>\n<td width=\"224\">MENSEN ROBERT<\/td>\n<td width=\"140\"><\/td>\n<td width=\"80\">+14:05.47<\/td>\n<\/tr>\n<tr>\n<td width=\"65\">27<\/td>\n<td width=\"224\">POS Albert<\/td>\n<td width=\"140\">KTM<\/td>\n<td width=\"80\">+23:22.42<\/td>\n<\/tr>\n<tr>\n<td><\/td>\n<td><\/td>\n<td><\/td>\n<td><\/td>\n<\/tr>\n<tr>\n<td>RANDONNEURS<\/td>\n<td><\/td>\n<td><\/td>\n<td><\/td>\n<\/tr>\n<tr>\n<td><\/td>\n<td><\/td>\n<td><\/td>\n<td><\/td>\n<\/tr>\n<tr>\n<td width=\"65\">1<\/td>\n<td width=\"224\">HENRARD Philippe L\u00e9opold<\/td>\n<td width=\"140\">KTM<\/td>\n<td width=\"92\">35:57.89<\/td>\n<\/tr>\n<tr>\n<td width=\"65\">2<\/td>\n<td width=\"224\">VANDONINCK Ives Lodewijk<\/td>\n<td width=\"140\">KTM<\/td>\n<td width=\"80\">+01:58.31<\/td>\n<\/tr>\n<tr>\n<td width=\"65\">3<\/td>\n<td width=\"224\">VERHULPEN Bram<\/td>\n<td width=\"140\">KTM EXC<\/td>\n<td width=\"80\">+01:59.50<\/td>\n<\/tr>\n<tr>\n<td width=\"65\">4<\/td>\n<td width=\"224\">HUYBRECHTS Ward Chris.<\/td>\n<td width=\"140\">KTM<\/td>\n<td width=\"80\">+02:23.78<\/td>\n<\/tr>\n<tr>\n<td width=\"65\">5<\/td>\n<td width=\"224\">ERGO NICOLAS<\/td>\n<td width=\"140\">SHERCO 300<\/td>\n<td width=\"80\">+03:00.22<\/td>\n<\/tr>\n<tr>\n<td width=\"65\">6<\/td>\n<td width=\"224\">BOKSLAG REIN<\/td>\n<td width=\"140\"><\/td>\n<td width=\"80\">+03:19.06<\/td>\n<\/tr>\n<tr>\n<td width=\"65\">7<\/td>\n<td width=\"224\">DE ZUTTER Pieter Jozef<\/td>\n<td width=\"140\">SHERCO<\/td>\n<td width=\"80\">+03:19.22<\/td>\n<\/tr>\n<tr>\n<td width=\"65\">8<\/td>\n<td width=\"224\">DENIS Jer\u00f4me Michel<\/td>\n<td width=\"140\">KTM<\/td>\n<td width=\"80\">+03:41.37<\/td>\n<\/tr>\n<tr>\n<td width=\"65\">9<\/td>\n<td width=\"224\">NOPERE Christophe<\/td>\n<td width=\"140\">SHERCO<\/td>\n<td width=\"80\">+04:17.04<\/td>\n<\/tr>\n<tr>\n<td width=\"65\">10<\/td>\n<td width=\"224\">BECKERS MARCEL<\/td>\n<td width=\"140\">KTM EXC 350<\/td>\n<td width=\"80\">+04:23.23<\/td>\n<\/tr>\n<tr>\n<td width=\"65\">11<\/td>\n<td width=\"224\">VAN TULDEN Kevin Simonne<\/td>\n<td width=\"140\">KTM<\/td>\n<td width=\"80\">+04:23.56<\/td>\n<\/tr>\n<tr>\n<td width=\"65\">12<\/td>\n<td width=\"224\">HECQUET PIERRE<\/td>\n<td width=\"140\">HUSQVARNA<\/td>\n<td width=\"80\">+04:36.89<\/td>\n<\/tr>\n<tr>\n<td width=\"65\">13<\/td>\n<td width=\"224\">BURTON Gilles Charles<\/td>\n<td width=\"140\">KTM<\/td>\n<td width=\"80\">+04:44.27<\/td>\n<\/tr>\n<tr>\n<td width=\"65\">14<\/td>\n<td width=\"224\">PAALMAN GERT<\/td>\n<td width=\"140\">KTM<\/td>\n<td width=\"80\">+04:44.37<\/td>\n<\/tr>\n<tr>\n<td width=\"65\">15<\/td>\n<td width=\"224\">THIEBAUT Sebastien<\/td>\n<td width=\"140\">SHERCO<\/td>\n<td width=\"80\">+04:47.35<\/td>\n<\/tr>\n<tr>\n<td width=\"65\">16<\/td>\n<td width=\"224\">DEVOS Mike<\/td>\n<td width=\"140\"><\/td>\n<td width=\"80\">+04:48.81<\/td>\n<\/tr>\n<tr>\n<td width=\"65\">17<\/td>\n<td width=\"224\">VAN CLEYNENBREUGEL KEN<\/td>\n<td width=\"140\">KTM<\/td>\n<td width=\"80\">+05:04.21<\/td>\n<\/tr>\n<tr>\n<td width=\"65\">18<\/td>\n<td width=\"224\">HOUTPUT David Bernard<\/td>\n<td width=\"140\">KTM<\/td>\n<td width=\"80\">+05:11.27<\/td>\n<\/tr>\n<tr>\n<td width=\"65\">19<\/td>\n<td width=\"224\">THIRY GERY<\/td>\n<td width=\"140\">KTM<\/td>\n<td width=\"80\">+05:12.80<\/td>\n<\/tr>\n<tr>\n<td width=\"65\">20<\/td>\n<td width=\"224\">SPRUYT Olivier Eric<\/td>\n<td width=\"140\">KTM<\/td>\n<td width=\"80\">+05:33.42<\/td>\n<\/tr>\n<tr>\n<td width=\"65\">21<\/td>\n<td width=\"224\">RENIERS Laurent Claudine<\/td>\n<td width=\"140\">KTM EXC TPI<\/td>\n<td width=\"80\">+05:39.24<\/td>\n<\/tr>\n<tr>\n<td width=\"65\">22<\/td>\n<td width=\"224\">ANDRIES MARC<\/td>\n<td width=\"140\">KTM<\/td>\n<td width=\"80\">+05:48.71<\/td>\n<\/tr>\n<tr>\n<td width=\"65\">23<\/td>\n<td width=\"224\">DECOURT Philippe<\/td>\n<td width=\"140\">HUSQVARNA<\/td>\n<td width=\"80\">+06:09.41<\/td>\n<\/tr>\n<tr>\n<td width=\"65\">24<\/td>\n<td width=\"224\">SIMAL J<\/td>\n<td width=\"140\"><\/td>\n<td width=\"80\">+06:16.05<\/td>\n<\/tr>\n<tr>\n<td width=\"65\">25<\/td>\n<td width=\"224\">MILAZZO Boris<\/td>\n<td width=\"140\">GASGAS<\/td>\n<td width=\"80\">+06:59.96<\/td>\n<\/tr>\n<tr>\n<td width=\"65\">26<\/td>\n<td width=\"224\">SIMON Dimitri L\u00e9o<\/td>\n<td width=\"140\">HUSQVARNA<\/td>\n<td width=\"80\">+07:15.92<\/td>\n<\/tr>\n<tr>\n<td width=\"65\">27<\/td>\n<td width=\"224\">ZOMER JOHAN<\/td>\n<td width=\"140\"><\/td>\n<td width=\"80\">+07:42.53<\/td>\n<\/tr>\n<tr>\n<td width=\"65\">28<\/td>\n<td width=\"224\">LAATS Lionel<\/td>\n<td width=\"140\">BETA<\/td>\n<td width=\"80\">+07:45.07<\/td>\n<\/tr>\n<tr>\n<td width=\"65\">29<\/td>\n<td width=\"224\">BAELE Jonas<\/td>\n<td width=\"140\"><\/td>\n<td width=\"80\">+07:50.17<\/td>\n<\/tr>\n<tr>\n<td width=\"65\">30<\/td>\n<td width=\"224\">DETHYSE J\u00c3\u00a9R\u00c3\u00b4ME<\/td>\n<td width=\"140\">KTM<\/td>\n<td width=\"80\">+08:03.65<\/td>\n<\/tr>\n<tr>\n<td width=\"65\">31<\/td>\n<td width=\"224\">VANDERSTAPPEN Pieter Mark<\/td>\n<td width=\"140\">HUSQVARNA<\/td>\n<td width=\"80\">+08:53.55<\/td>\n<\/tr>\n<tr>\n<td width=\"65\">32<\/td>\n<td width=\"224\">RAICKMAN Fabrice<\/td>\n<td width=\"140\">BETA<\/td>\n<td width=\"80\">+09:26.40<\/td>\n<\/tr>\n<tr>\n<td width=\"65\">33<\/td>\n<td width=\"224\">BREMS Domien Andre<\/td>\n<td width=\"140\">KTM<\/td>\n<td width=\"80\">+12:39.91<\/td>\n<\/tr>\n<tr>\n<td width=\"65\">34<\/td>\n<td width=\"224\">paternotre nicolas<\/td>\n<td width=\"140\"><\/td>\n<td width=\"80\">+13:32.26<\/td>\n<\/tr>\n<tr>\n<td width=\"65\">35<\/td>\n<td width=\"224\">BROENS Marc<\/td>\n<td width=\"140\">HUSQVARNA<\/td>\n<td width=\"80\">+17:20.23<\/td>\n<\/tr>\n<tr>\n<td><\/td>\n<td><\/td>\n<td><\/td>\n<td><\/td>\n<\/tr>\n<tr>\n<td>GIRLS<\/td>\n<td><\/td>\n<td><\/td>\n<td><\/td>\n<\/tr>\n<tr>\n<td><\/td>\n<td><\/td>\n<td><\/td>\n<td><\/td>\n<\/tr>\n<tr>\n<td width=\"65\">1<\/td>\n<td width=\"224\">MARCHAL ELISE<\/td>\n<td width=\"140\">SHERCO<\/td>\n<td width=\"92\">40:07.61<\/td>\n<\/tr>\n<tr>\n<td><\/td>\n<td><\/td>\n<td><\/td>\n<td><\/td>\n<\/tr>\n<tr>\n<td>50CC<\/td>\n<td><\/td>\n<td><\/td>\n<td><\/td>\n<\/tr>\n<tr>\n<td><\/td>\n<td><\/td>\n<td><\/td>\n<td><\/td>\n<\/tr>\n<tr>\n<td width=\"65\">1<\/td>\n<td width=\"224\">DEMARBAIX GERMAIN<\/td>\n<td width=\"140\">VALENTI<\/td>\n<td width=\"92\">38:55.67<\/td>\n<\/tr>\n<\/tbody>\n<\/table>\n","protected":false},"excerpt":{"rendered":"<p>La rentr\u00e9e approche \u00e0 grands pas et, alors que les 12 Heures de la Chinelle sont \u00e0 peine derri\u00e8re nous, c&rsquo;\u00e9tait d\u00e9j\u00e0 la reprise ce week-end pour les concurrents du [&#8230;]<\/p>\n","protected":false},"author":932,"featured_media":86241,"comment_status":"open","ping_status":"closed","sticky":false,"template":"","format":"standard","meta":{"footnotes":""},"categories":[54,32,35,33,55,65],"tags":[951],"class_list":["post-95036","post","type-post","status-publish","format-standard","has-post-thumbnail","hentry","category-actualite","category-enduro","category-fmb-enduro","category-news-enduro","category-news-actualite","category-slideshow","tag-enduro"],"yoast_head":"<!-- This site is optimized with the Yoast SEO plugin v27.4 - https:\/\/yoast.com\/product\/yoast-seo-wordpress\/ -->\n<title>Antoine Magain et Matthew Vanoevelen dominent l&#039;enduro d&#039;Ouffet - Motocross - Enduro - Supermoto | MotocrossMag<\/title>\n<meta name=\"robots\" content=\"index, follow, max-snippet:-1, max-image-preview:large, max-video-preview:-1\" \/>\n<link rel=\"canonical\" href=\"https:\/\/fr.motocrossmag.be\/index.php\/2019\/08\/antoine-magain-et-matthew-vanoevelen-dominent-lenduro-douffet\/\" \/>\n<meta property=\"og:locale\" content=\"fr_FR\" \/>\n<meta property=\"og:type\" content=\"article\" \/>\n<meta property=\"og:title\" content=\"Antoine Magain et Matthew Vanoevelen dominent l&#039;enduro d&#039;Ouffet - Motocross - Enduro - Supermoto | MotocrossMag\" \/>\n<meta property=\"og:description\" content=\"La rentr\u00e9e approche \u00e0 grands pas et, alors que les 12 Heures de la Chinelle sont \u00e0 peine derri\u00e8re nous, c&rsquo;\u00e9tait d\u00e9j\u00e0 la reprise ce week-end pour les concurrents du [...]\" \/>\n<meta property=\"og:url\" content=\"https:\/\/fr.motocrossmag.be\/index.php\/2019\/08\/antoine-magain-et-matthew-vanoevelen-dominent-lenduro-douffet\/\" \/>\n<meta property=\"og:site_name\" content=\"Motocross - Enduro - Supermoto | MotocrossMag\" \/>\n<meta property=\"article:published_time\" content=\"2019-08-27T10:25:14+00:00\" \/>\n<meta property=\"og:image\" content=\"https:\/\/fr.motocrossmag.be\/wp-content\/uploads\/2019\/04\/magain-antoine-static.jpg\" \/>\n\t<meta property=\"og:image:width\" content=\"899\" \/>\n\t<meta property=\"og:image:height\" content=\"657\" \/>\n\t<meta property=\"og:image:type\" content=\"image\/jpeg\" \/>\n<meta name=\"author\" content=\"oliviere\" \/>\n<meta name=\"twitter:card\" content=\"summary_large_image\" \/>\n<meta name=\"twitter:label1\" content=\"\u00c9crit par\" \/>\n\t<meta name=\"twitter:data1\" content=\"oliviere\" \/>\n\t<meta name=\"twitter:label2\" content=\"Dur\u00e9e de lecture estim\u00e9e\" \/>\n\t<meta name=\"twitter:data2\" content=\"4 minutes\" \/>\n<script type=\"application\/ld+json\" class=\"yoast-schema-graph\">{\"@context\":\"https:\\\/\\\/schema.org\",\"@graph\":[{\"@type\":\"Article\",\"@id\":\"https:\\\/\\\/fr.motocrossmag.be\\\/index.php\\\/2019\\\/08\\\/antoine-magain-et-matthew-vanoevelen-dominent-lenduro-douffet\\\/#article\",\"isPartOf\":{\"@id\":\"https:\\\/\\\/fr.motocrossmag.be\\\/index.php\\\/2019\\\/08\\\/antoine-magain-et-matthew-vanoevelen-dominent-lenduro-douffet\\\/\"},\"author\":{\"name\":\"oliviere\",\"@id\":\"https:\\\/\\\/fr.motocrossmag.be\\\/#\\\/schema\\\/person\\\/11b47143d9f755babca2c9110e03235c\"},\"headline\":\"Antoine Magain et Matthew Vanoevelen dominent l&rsquo;enduro d&rsquo;Ouffet\",\"datePublished\":\"2019-08-27T10:25:14+00:00\",\"mainEntityOfPage\":{\"@id\":\"https:\\\/\\\/fr.motocrossmag.be\\\/index.php\\\/2019\\\/08\\\/antoine-magain-et-matthew-vanoevelen-dominent-lenduro-douffet\\\/\"},\"wordCount\":831,\"commentCount\":0,\"image\":{\"@id\":\"https:\\\/\\\/fr.motocrossmag.be\\\/index.php\\\/2019\\\/08\\\/antoine-magain-et-matthew-vanoevelen-dominent-lenduro-douffet\\\/#primaryimage\"},\"thumbnailUrl\":\"https:\\\/\\\/fr.motocrossmag.be\\\/wp-content\\\/uploads\\\/2019\\\/04\\\/magain-antoine-static.jpg\",\"keywords\":[\"Enduro\"],\"articleSection\":[\"Actualit\u00e9\",\"Enduro\",\"FMB\",\"News\",\"News\",\"Slideshow\"],\"inLanguage\":\"fr-FR\",\"potentialAction\":[{\"@type\":\"CommentAction\",\"name\":\"Comment\",\"target\":[\"https:\\\/\\\/fr.motocrossmag.be\\\/index.php\\\/2019\\\/08\\\/antoine-magain-et-matthew-vanoevelen-dominent-lenduro-douffet\\\/#respond\"]}]},{\"@type\":\"WebPage\",\"@id\":\"https:\\\/\\\/fr.motocrossmag.be\\\/index.php\\\/2019\\\/08\\\/antoine-magain-et-matthew-vanoevelen-dominent-lenduro-douffet\\\/\",\"url\":\"https:\\\/\\\/fr.motocrossmag.be\\\/index.php\\\/2019\\\/08\\\/antoine-magain-et-matthew-vanoevelen-dominent-lenduro-douffet\\\/\",\"name\":\"Antoine Magain et Matthew Vanoevelen dominent l'enduro d'Ouffet - Motocross - Enduro - Supermoto | MotocrossMag\",\"isPartOf\":{\"@id\":\"https:\\\/\\\/fr.motocrossmag.be\\\/#website\"},\"primaryImageOfPage\":{\"@id\":\"https:\\\/\\\/fr.motocrossmag.be\\\/index.php\\\/2019\\\/08\\\/antoine-magain-et-matthew-vanoevelen-dominent-lenduro-douffet\\\/#primaryimage\"},\"image\":{\"@id\":\"https:\\\/\\\/fr.motocrossmag.be\\\/index.php\\\/2019\\\/08\\\/antoine-magain-et-matthew-vanoevelen-dominent-lenduro-douffet\\\/#primaryimage\"},\"thumbnailUrl\":\"https:\\\/\\\/fr.motocrossmag.be\\\/wp-content\\\/uploads\\\/2019\\\/04\\\/magain-antoine-static.jpg\",\"datePublished\":\"2019-08-27T10:25:14+00:00\",\"author\":{\"@id\":\"https:\\\/\\\/fr.motocrossmag.be\\\/#\\\/schema\\\/person\\\/11b47143d9f755babca2c9110e03235c\"},\"breadcrumb\":{\"@id\":\"https:\\\/\\\/fr.motocrossmag.be\\\/index.php\\\/2019\\\/08\\\/antoine-magain-et-matthew-vanoevelen-dominent-lenduro-douffet\\\/#breadcrumb\"},\"inLanguage\":\"fr-FR\",\"potentialAction\":[{\"@type\":\"ReadAction\",\"target\":[\"https:\\\/\\\/fr.motocrossmag.be\\\/index.php\\\/2019\\\/08\\\/antoine-magain-et-matthew-vanoevelen-dominent-lenduro-douffet\\\/\"]}]},{\"@type\":\"ImageObject\",\"inLanguage\":\"fr-FR\",\"@id\":\"https:\\\/\\\/fr.motocrossmag.be\\\/index.php\\\/2019\\\/08\\\/antoine-magain-et-matthew-vanoevelen-dominent-lenduro-douffet\\\/#primaryimage\",\"url\":\"https:\\\/\\\/fr.motocrossmag.be\\\/wp-content\\\/uploads\\\/2019\\\/04\\\/magain-antoine-static.jpg\",\"contentUrl\":\"https:\\\/\\\/fr.motocrossmag.be\\\/wp-content\\\/uploads\\\/2019\\\/04\\\/magain-antoine-static.jpg\",\"width\":899,\"height\":657},{\"@type\":\"BreadcrumbList\",\"@id\":\"https:\\\/\\\/fr.motocrossmag.be\\\/index.php\\\/2019\\\/08\\\/antoine-magain-et-matthew-vanoevelen-dominent-lenduro-douffet\\\/#breadcrumb\",\"itemListElement\":[{\"@type\":\"ListItem\",\"position\":1,\"name\":\"Accueil\",\"item\":\"https:\\\/\\\/fr.motocrossmag.be\\\/\"},{\"@type\":\"ListItem\",\"position\":2,\"name\":\"Antoine Magain et Matthew Vanoevelen dominent l&rsquo;enduro d&rsquo;Ouffet\"}]},{\"@type\":\"WebSite\",\"@id\":\"https:\\\/\\\/fr.motocrossmag.be\\\/#website\",\"url\":\"https:\\\/\\\/fr.motocrossmag.be\\\/\",\"name\":\"Motocross - Enduro - Supermoto | MotocrossMag\",\"description\":\"L&#039;actualit\u00e9 du motocross, de l&#039;enduro et du Supermoto en ligne!\",\"potentialAction\":[{\"@type\":\"SearchAction\",\"target\":{\"@type\":\"EntryPoint\",\"urlTemplate\":\"https:\\\/\\\/fr.motocrossmag.be\\\/?s={search_term_string}\"},\"query-input\":{\"@type\":\"PropertyValueSpecification\",\"valueRequired\":true,\"valueName\":\"search_term_string\"}}],\"inLanguage\":\"fr-FR\"},{\"@type\":\"Person\",\"@id\":\"https:\\\/\\\/fr.motocrossmag.be\\\/#\\\/schema\\\/person\\\/11b47143d9f755babca2c9110e03235c\",\"name\":\"oliviere\",\"image\":{\"@type\":\"ImageObject\",\"inLanguage\":\"fr-FR\",\"@id\":\"https:\\\/\\\/secure.gravatar.com\\\/avatar\\\/907069e0b81d119452040469e4a7501da1100f54f7f80180ce77bfab718288f6?s=96&d=mm&r=g\",\"url\":\"https:\\\/\\\/secure.gravatar.com\\\/avatar\\\/907069e0b81d119452040469e4a7501da1100f54f7f80180ce77bfab718288f6?s=96&d=mm&r=g\",\"contentUrl\":\"https:\\\/\\\/secure.gravatar.com\\\/avatar\\\/907069e0b81d119452040469e4a7501da1100f54f7f80180ce77bfab718288f6?s=96&d=mm&r=g\",\"caption\":\"oliviere\"},\"sameAs\":[\"http:\\\/\\\/www.motocrossmag.be\"],\"url\":\"https:\\\/\\\/fr.motocrossmag.be\\\/index.php\\\/author\\\/oliviere\\\/\"}]}<\/script>\n<!-- \/ Yoast SEO plugin. -->","yoast_head_json":{"title":"Antoine Magain et Matthew Vanoevelen dominent l'enduro d'Ouffet - Motocross - Enduro - Supermoto | MotocrossMag","robots":{"index":"index","follow":"follow","max-snippet":"max-snippet:-1","max-image-preview":"max-image-preview:large","max-video-preview":"max-video-preview:-1"},"canonical":"https:\/\/fr.motocrossmag.be\/index.php\/2019\/08\/antoine-magain-et-matthew-vanoevelen-dominent-lenduro-douffet\/","og_locale":"fr_FR","og_type":"article","og_title":"Antoine Magain et Matthew Vanoevelen dominent l'enduro d'Ouffet - Motocross - Enduro - Supermoto | MotocrossMag","og_description":"La rentr\u00e9e approche \u00e0 grands pas et, alors que les 12 Heures de la Chinelle sont \u00e0 peine derri\u00e8re nous, c&rsquo;\u00e9tait d\u00e9j\u00e0 la reprise ce week-end pour les concurrents du [...]","og_url":"https:\/\/fr.motocrossmag.be\/index.php\/2019\/08\/antoine-magain-et-matthew-vanoevelen-dominent-lenduro-douffet\/","og_site_name":"Motocross - Enduro - Supermoto | MotocrossMag","article_published_time":"2019-08-27T10:25:14+00:00","og_image":[{"width":899,"height":657,"url":"https:\/\/fr.motocrossmag.be\/wp-content\/uploads\/2019\/04\/magain-antoine-static.jpg","type":"image\/jpeg"}],"author":"oliviere","twitter_card":"summary_large_image","twitter_misc":{"\u00c9crit par":"oliviere","Dur\u00e9e de lecture estim\u00e9e":"4 minutes"},"schema":{"@context":"https:\/\/schema.org","@graph":[{"@type":"Article","@id":"https:\/\/fr.motocrossmag.be\/index.php\/2019\/08\/antoine-magain-et-matthew-vanoevelen-dominent-lenduro-douffet\/#article","isPartOf":{"@id":"https:\/\/fr.motocrossmag.be\/index.php\/2019\/08\/antoine-magain-et-matthew-vanoevelen-dominent-lenduro-douffet\/"},"author":{"name":"oliviere","@id":"https:\/\/fr.motocrossmag.be\/#\/schema\/person\/11b47143d9f755babca2c9110e03235c"},"headline":"Antoine Magain et Matthew Vanoevelen dominent l&rsquo;enduro d&rsquo;Ouffet","datePublished":"2019-08-27T10:25:14+00:00","mainEntityOfPage":{"@id":"https:\/\/fr.motocrossmag.be\/index.php\/2019\/08\/antoine-magain-et-matthew-vanoevelen-dominent-lenduro-douffet\/"},"wordCount":831,"commentCount":0,"image":{"@id":"https:\/\/fr.motocrossmag.be\/index.php\/2019\/08\/antoine-magain-et-matthew-vanoevelen-dominent-lenduro-douffet\/#primaryimage"},"thumbnailUrl":"https:\/\/fr.motocrossmag.be\/wp-content\/uploads\/2019\/04\/magain-antoine-static.jpg","keywords":["Enduro"],"articleSection":["Actualit\u00e9","Enduro","FMB","News","News","Slideshow"],"inLanguage":"fr-FR","potentialAction":[{"@type":"CommentAction","name":"Comment","target":["https:\/\/fr.motocrossmag.be\/index.php\/2019\/08\/antoine-magain-et-matthew-vanoevelen-dominent-lenduro-douffet\/#respond"]}]},{"@type":"WebPage","@id":"https:\/\/fr.motocrossmag.be\/index.php\/2019\/08\/antoine-magain-et-matthew-vanoevelen-dominent-lenduro-douffet\/","url":"https:\/\/fr.motocrossmag.be\/index.php\/2019\/08\/antoine-magain-et-matthew-vanoevelen-dominent-lenduro-douffet\/","name":"Antoine Magain et Matthew Vanoevelen dominent l'enduro d'Ouffet - Motocross - Enduro - Supermoto | MotocrossMag","isPartOf":{"@id":"https:\/\/fr.motocrossmag.be\/#website"},"primaryImageOfPage":{"@id":"https:\/\/fr.motocrossmag.be\/index.php\/2019\/08\/antoine-magain-et-matthew-vanoevelen-dominent-lenduro-douffet\/#primaryimage"},"image":{"@id":"https:\/\/fr.motocrossmag.be\/index.php\/2019\/08\/antoine-magain-et-matthew-vanoevelen-dominent-lenduro-douffet\/#primaryimage"},"thumbnailUrl":"https:\/\/fr.motocrossmag.be\/wp-content\/uploads\/2019\/04\/magain-antoine-static.jpg","datePublished":"2019-08-27T10:25:14+00:00","author":{"@id":"https:\/\/fr.motocrossmag.be\/#\/schema\/person\/11b47143d9f755babca2c9110e03235c"},"breadcrumb":{"@id":"https:\/\/fr.motocrossmag.be\/index.php\/2019\/08\/antoine-magain-et-matthew-vanoevelen-dominent-lenduro-douffet\/#breadcrumb"},"inLanguage":"fr-FR","potentialAction":[{"@type":"ReadAction","target":["https:\/\/fr.motocrossmag.be\/index.php\/2019\/08\/antoine-magain-et-matthew-vanoevelen-dominent-lenduro-douffet\/"]}]},{"@type":"ImageObject","inLanguage":"fr-FR","@id":"https:\/\/fr.motocrossmag.be\/index.php\/2019\/08\/antoine-magain-et-matthew-vanoevelen-dominent-lenduro-douffet\/#primaryimage","url":"https:\/\/fr.motocrossmag.be\/wp-content\/uploads\/2019\/04\/magain-antoine-static.jpg","contentUrl":"https:\/\/fr.motocrossmag.be\/wp-content\/uploads\/2019\/04\/magain-antoine-static.jpg","width":899,"height":657},{"@type":"BreadcrumbList","@id":"https:\/\/fr.motocrossmag.be\/index.php\/2019\/08\/antoine-magain-et-matthew-vanoevelen-dominent-lenduro-douffet\/#breadcrumb","itemListElement":[{"@type":"ListItem","position":1,"name":"Accueil","item":"https:\/\/fr.motocrossmag.be\/"},{"@type":"ListItem","position":2,"name":"Antoine Magain et Matthew Vanoevelen dominent l&rsquo;enduro d&rsquo;Ouffet"}]},{"@type":"WebSite","@id":"https:\/\/fr.motocrossmag.be\/#website","url":"https:\/\/fr.motocrossmag.be\/","name":"Motocross - Enduro - Supermoto | MotocrossMag","description":"L&#039;actualit\u00e9 du motocross, de l&#039;enduro et du Supermoto en ligne!","potentialAction":[{"@type":"SearchAction","target":{"@type":"EntryPoint","urlTemplate":"https:\/\/fr.motocrossmag.be\/?s={search_term_string}"},"query-input":{"@type":"PropertyValueSpecification","valueRequired":true,"valueName":"search_term_string"}}],"inLanguage":"fr-FR"},{"@type":"Person","@id":"https:\/\/fr.motocrossmag.be\/#\/schema\/person\/11b47143d9f755babca2c9110e03235c","name":"oliviere","image":{"@type":"ImageObject","inLanguage":"fr-FR","@id":"https:\/\/secure.gravatar.com\/avatar\/907069e0b81d119452040469e4a7501da1100f54f7f80180ce77bfab718288f6?s=96&d=mm&r=g","url":"https:\/\/secure.gravatar.com\/avatar\/907069e0b81d119452040469e4a7501da1100f54f7f80180ce77bfab718288f6?s=96&d=mm&r=g","contentUrl":"https:\/\/secure.gravatar.com\/avatar\/907069e0b81d119452040469e4a7501da1100f54f7f80180ce77bfab718288f6?s=96&d=mm&r=g","caption":"oliviere"},"sameAs":["http:\/\/www.motocrossmag.be"],"url":"https:\/\/fr.motocrossmag.be\/index.php\/author\/oliviere\/"}]}},"_links":{"self":[{"href":"https:\/\/fr.motocrossmag.be\/index.php\/wp-json\/wp\/v2\/posts\/95036","targetHints":{"allow":["GET"]}}],"collection":[{"href":"https:\/\/fr.motocrossmag.be\/index.php\/wp-json\/wp\/v2\/posts"}],"about":[{"href":"https:\/\/fr.motocrossmag.be\/index.php\/wp-json\/wp\/v2\/types\/post"}],"author":[{"embeddable":true,"href":"https:\/\/fr.motocrossmag.be\/index.php\/wp-json\/wp\/v2\/users\/932"}],"replies":[{"embeddable":true,"href":"https:\/\/fr.motocrossmag.be\/index.php\/wp-json\/wp\/v2\/comments?post=95036"}],"version-history":[{"count":0,"href":"https:\/\/fr.motocrossmag.be\/index.php\/wp-json\/wp\/v2\/posts\/95036\/revisions"}],"wp:featuredmedia":[{"embeddable":true,"href":"https:\/\/fr.motocrossmag.be\/index.php\/wp-json\/wp\/v2\/media\/86241"}],"wp:attachment":[{"href":"https:\/\/fr.motocrossmag.be\/index.php\/wp-json\/wp\/v2\/media?parent=95036"}],"wp:term":[{"taxonomy":"category","embeddable":true,"href":"https:\/\/fr.motocrossmag.be\/index.php\/wp-json\/wp\/v2\/categories?post=95036"},{"taxonomy":"post_tag","embeddable":true,"href":"https:\/\/fr.motocrossmag.be\/index.php\/wp-json\/wp\/v2\/tags?post=95036"}],"curies":[{"name":"wp","href":"https:\/\/api.w.org\/{rel}","templated":true}]}}