{"id":9529,"date":"2010-11-27T11:13:56","date_gmt":"2010-11-27T10:13:56","guid":{"rendered":"http:\/\/fr.motocrossmag.be\/?p=9529"},"modified":"2010-11-29T11:54:02","modified_gmt":"2010-11-29T10:54:02","slug":"video-enduro-fmb-video-resume-de-la-saison-belge-denduro","status":"publish","type":"post","link":"https:\/\/fr.motocrossmag.be\/index.php\/2010\/11\/video-enduro-fmb-video-resume-de-la-saison-belge-denduro\/","title":{"rendered":"Vid\u00e9o Enduro FMB | Vid\u00e9o: r\u00e9sum\u00e9 de la saison belge d&rsquo;enduro"},"content":{"rendered":"<p>Retour en images sur le championnat de Belgique d&rsquo;enduro 2010 avec ce film de pr\u00e8s de 30 minutes projet\u00e9 ce vendredi au Kinepolis \u00e0\u00a0 Rocourt en lev\u00e9 de rideau de la remises des prix organis\u00e9e par le promoteur TKO. A pr\u00e9sent disponible sur MXMag et en t\u00e9l\u00e9chargement sur <a target=\"_blank\" href=\"http:\/\/www.vimeo.com\/17282677\">Vimeo.com<\/a><\/p>\n<p><iframe src=\"http:\/\/player.vimeo.com\/video\/17282677?portrait=0&amp;color=ffffff&amp;autoplay=1\" width=\"500\" height=\"281\" frameborder=\"0\"><\/iframe><\/p><div class=\"hbxkd6a98bef504da7\" ><!-- \/91277017\/Inline-articles-mobile -->\n<div style=\"margin:auto; text-align:center !important\">\n<div id='div-gpt-ad-1784982661365-0' style='min-width: 250px; min-height: 75px;'>\n  <script>\n    googletag.cmd.push(function() { googletag.display('div-gpt-ad-1784982661365-0'); });\n  <\/script>\n<\/div><\/div><\/div><style type=\"text\/css\">\r\n.hbxkd6a98bef504da7 {\r\nmargin-bottom:30px;margin-top:20px\r\n}\r\n@media screen and (min-width: 1201px) {\r\n.hbxkd6a98bef504da7 {\r\ndisplay: block;\r\n}\r\n}\r\n@media screen and (min-width: 993px) and (max-width: 1200px) {\r\n.hbxkd6a98bef504da7 {\r\ndisplay: block;\r\n}\r\n}\r\n@media screen and (min-width: 769px) and (max-width: 992px) {\r\n.hbxkd6a98bef504da7 {\r\ndisplay: block;\r\n}\r\n}\r\n@media screen and (min-width: 768px) and (max-width: 768px) {\r\n.hbxkd6a98bef504da7 {\r\ndisplay: block;\r\n}\r\n}\r\n@media screen and (max-width: 767px) {\r\n.hbxkd6a98bef504da7 {\r\ndisplay: block;\r\n}\r\n}\r\n<\/style>\r\n\n","protected":false},"excerpt":{"rendered":"<p>Retour en images sur le championnat de Belgique d&rsquo;enduro 2010 avec ce film de pr\u00e8s de 30 minutes projet\u00e9 ce vendredi au Kinepolis \u00e0\u00a0 Rocourt en lev\u00e9 de rideau de la remises des prix organis\u00e9e par le promoteur TKO. A pr\u00e9sent disponible sur MXMag et en t\u00e9l\u00e9chargement sur Vimeo.com<\/p>\n","protected":false},"author":932,"featured_media":0,"comment_status":"open","ping_status":"closed","sticky":false,"template":"","format":"standard","meta":{"tdm_status":"","tdm_grid_status":"","footnotes":""},"categories":[32,35,65,62],"tags":[],"class_list":["post-9529","post","type-post","status-publish","format-standard","category-enduro","category-fmb-enduro","category-slideshow","category-video"],"yoast_head":"<!-- This site is optimized with the Yoast SEO plugin v28.4 - https:\/\/yoast.com\/product\/yoast-seo-wordpress\/ -->\n<title>Vid\u00e9o Enduro FMB | Vid\u00e9o: r\u00e9sum\u00e9 de la saison belge d&#039;enduro - Motocross - Enduro - Supermoto | MotocrossMag<\/title>\n<meta name=\"robots\" content=\"index, follow, max-snippet:-1, max-image-preview:large, max-video-preview:-1\" \/>\n<link rel=\"canonical\" href=\"https:\/\/fr.motocrossmag.be\/index.php\/2010\/11\/video-enduro-fmb-video-resume-de-la-saison-belge-denduro\/\" \/>\n<meta property=\"og:locale\" content=\"fr_FR\" \/>\n<meta property=\"og:type\" content=\"article\" \/>\n<meta property=\"og:title\" content=\"Vid\u00e9o Enduro FMB | Vid\u00e9o: r\u00e9sum\u00e9 de la saison belge d&#039;enduro - Motocross - Enduro - Supermoto | MotocrossMag\" \/>\n<meta property=\"og:description\" content=\"Retour en images sur le championnat de Belgique d&rsquo;enduro 2010 avec ce film de pr\u00e8s de 30 minutes projet\u00e9 ce vendredi au Kinepolis \u00e0\u00a0 Rocourt en lev\u00e9 de rideau de la remises des prix organis\u00e9e par le promoteur TKO. A pr\u00e9sent disponible sur MXMag et en t\u00e9l\u00e9chargement sur Vimeo.com\" \/>\n<meta property=\"og:url\" content=\"https:\/\/fr.motocrossmag.be\/index.php\/2010\/11\/video-enduro-fmb-video-resume-de-la-saison-belge-denduro\/\" \/>\n<meta property=\"og:site_name\" content=\"Motocross - Enduro - Supermoto | MotocrossMag\" \/>\n<meta property=\"article:published_time\" content=\"2010-11-27T10:13:56+00:00\" \/>\n<meta property=\"article:modified_time\" content=\"2010-11-29T10:54:02+00:00\" \/>\n<meta name=\"author\" content=\"oliviere\" \/>\n<meta name=\"twitter:card\" content=\"summary_large_image\" \/>\n<meta name=\"twitter:label1\" content=\"\u00c9crit par\" \/>\n\t<meta name=\"twitter:data1\" content=\"oliviere\" \/>\n<script type=\"application\/ld+json\" class=\"yoast-schema-graph\">{\"@context\":\"https:\\\/\\\/schema.org\",\"@graph\":[{\"@type\":\"Article\",\"@id\":\"https:\\\/\\\/fr.motocrossmag.be\\\/index.php\\\/2010\\\/11\\\/video-enduro-fmb-video-resume-de-la-saison-belge-denduro\\\/#article\",\"isPartOf\":{\"@id\":\"https:\\\/\\\/fr.motocrossmag.be\\\/index.php\\\/2010\\\/11\\\/video-enduro-fmb-video-resume-de-la-saison-belge-denduro\\\/\"},\"author\":{\"name\":\"oliviere\",\"@id\":\"https:\\\/\\\/fr.motocrossmag.be\\\/#\\\/schema\\\/person\\\/11b47143d9f755babca2c9110e03235c\"},\"headline\":\"Vid\u00e9o Enduro FMB | Vid\u00e9o: r\u00e9sum\u00e9 de la saison belge d&rsquo;enduro\",\"datePublished\":\"2010-11-27T10:13:56+00:00\",\"dateModified\":\"2010-11-29T10:54:02+00:00\",\"mainEntityOfPage\":{\"@id\":\"https:\\\/\\\/fr.motocrossmag.be\\\/index.php\\\/2010\\\/11\\\/video-enduro-fmb-video-resume-de-la-saison-belge-denduro\\\/\"},\"wordCount\":67,\"commentCount\":0,\"articleSection\":[\"Enduro\",\"FMB\",\"Slideshow\",\"Videos\"],\"inLanguage\":\"fr-FR\",\"potentialAction\":[{\"@type\":\"CommentAction\",\"name\":\"Comment\",\"target\":[\"https:\\\/\\\/fr.motocrossmag.be\\\/index.php\\\/2010\\\/11\\\/video-enduro-fmb-video-resume-de-la-saison-belge-denduro\\\/#respond\"]}]},{\"@type\":\"WebPage\",\"@id\":\"https:\\\/\\\/fr.motocrossmag.be\\\/index.php\\\/2010\\\/11\\\/video-enduro-fmb-video-resume-de-la-saison-belge-denduro\\\/\",\"url\":\"https:\\\/\\\/fr.motocrossmag.be\\\/index.php\\\/2010\\\/11\\\/video-enduro-fmb-video-resume-de-la-saison-belge-denduro\\\/\",\"name\":\"Vid\u00e9o Enduro FMB | Vid\u00e9o: r\u00e9sum\u00e9 de la saison belge d'enduro - Motocross - Enduro - Supermoto | MotocrossMag\",\"isPartOf\":{\"@id\":\"https:\\\/\\\/fr.motocrossmag.be\\\/#website\"},\"datePublished\":\"2010-11-27T10:13:56+00:00\",\"dateModified\":\"2010-11-29T10:54:02+00:00\",\"author\":{\"@id\":\"https:\\\/\\\/fr.motocrossmag.be\\\/#\\\/schema\\\/person\\\/11b47143d9f755babca2c9110e03235c\"},\"breadcrumb\":{\"@id\":\"https:\\\/\\\/fr.motocrossmag.be\\\/index.php\\\/2010\\\/11\\\/video-enduro-fmb-video-resume-de-la-saison-belge-denduro\\\/#breadcrumb\"},\"inLanguage\":\"fr-FR\",\"potentialAction\":[{\"@type\":\"ReadAction\",\"target\":[\"https:\\\/\\\/fr.motocrossmag.be\\\/index.php\\\/2010\\\/11\\\/video-enduro-fmb-video-resume-de-la-saison-belge-denduro\\\/\"]}]},{\"@type\":\"BreadcrumbList\",\"@id\":\"https:\\\/\\\/fr.motocrossmag.be\\\/index.php\\\/2010\\\/11\\\/video-enduro-fmb-video-resume-de-la-saison-belge-denduro\\\/#breadcrumb\",\"itemListElement\":[{\"@type\":\"ListItem\",\"position\":1,\"name\":\"Accueil\",\"item\":\"https:\\\/\\\/fr.motocrossmag.be\\\/\"},{\"@type\":\"ListItem\",\"position\":2,\"name\":\"Vid\u00e9o Enduro FMB | Vid\u00e9o: r\u00e9sum\u00e9 de la saison belge d&rsquo;enduro\"}]},{\"@type\":\"WebSite\",\"@id\":\"https:\\\/\\\/fr.motocrossmag.be\\\/#website\",\"url\":\"https:\\\/\\\/fr.motocrossmag.be\\\/\",\"name\":\"Motocross - Enduro - Supermoto | MotocrossMag\",\"description\":\"L&#039;actualit\u00e9 du motocross, de l&#039;enduro et du Supermoto en ligne!\",\"potentialAction\":[{\"@type\":\"SearchAction\",\"target\":{\"@type\":\"EntryPoint\",\"urlTemplate\":\"https:\\\/\\\/fr.motocrossmag.be\\\/?s={search_term_string}\"},\"query-input\":{\"@type\":\"PropertyValueSpecification\",\"valueRequired\":true,\"valueName\":\"search_term_string\"}}],\"inLanguage\":\"fr-FR\"},{\"@type\":\"Person\",\"@id\":\"https:\\\/\\\/fr.motocrossmag.be\\\/#\\\/schema\\\/person\\\/11b47143d9f755babca2c9110e03235c\",\"name\":\"oliviere\",\"image\":{\"@type\":\"ImageObject\",\"inLanguage\":\"fr-FR\",\"@id\":\"https:\\\/\\\/secure.gravatar.com\\\/avatar\\\/907069e0b81d119452040469e4a7501da1100f54f7f80180ce77bfab718288f6?s=96&d=mm&r=g\",\"url\":\"https:\\\/\\\/secure.gravatar.com\\\/avatar\\\/907069e0b81d119452040469e4a7501da1100f54f7f80180ce77bfab718288f6?s=96&d=mm&r=g\",\"contentUrl\":\"https:\\\/\\\/secure.gravatar.com\\\/avatar\\\/907069e0b81d119452040469e4a7501da1100f54f7f80180ce77bfab718288f6?s=96&d=mm&r=g\",\"caption\":\"oliviere\"},\"sameAs\":[\"http:\\\/\\\/www.motocrossmag.be\"],\"url\":\"https:\\\/\\\/fr.motocrossmag.be\\\/index.php\\\/author\\\/oliviere\\\/\"}]}<\/script>\n<!-- \/ Yoast SEO plugin. -->","yoast_head_json":{"title":"Vid\u00e9o Enduro FMB | Vid\u00e9o: r\u00e9sum\u00e9 de la saison belge d'enduro - Motocross - Enduro - Supermoto | MotocrossMag","robots":{"index":"index","follow":"follow","max-snippet":"max-snippet:-1","max-image-preview":"max-image-preview:large","max-video-preview":"max-video-preview:-1"},"canonical":"https:\/\/fr.motocrossmag.be\/index.php\/2010\/11\/video-enduro-fmb-video-resume-de-la-saison-belge-denduro\/","og_locale":"fr_FR","og_type":"article","og_title":"Vid\u00e9o Enduro FMB | Vid\u00e9o: r\u00e9sum\u00e9 de la saison belge d'enduro - Motocross - Enduro - Supermoto | MotocrossMag","og_description":"Retour en images sur le championnat de Belgique d&rsquo;enduro 2010 avec ce film de pr\u00e8s de 30 minutes projet\u00e9 ce vendredi au Kinepolis \u00e0\u00a0 Rocourt en lev\u00e9 de rideau de la remises des prix organis\u00e9e par le promoteur TKO. A pr\u00e9sent disponible sur MXMag et en t\u00e9l\u00e9chargement sur Vimeo.com","og_url":"https:\/\/fr.motocrossmag.be\/index.php\/2010\/11\/video-enduro-fmb-video-resume-de-la-saison-belge-denduro\/","og_site_name":"Motocross - Enduro - Supermoto | MotocrossMag","article_published_time":"2010-11-27T10:13:56+00:00","article_modified_time":"2010-11-29T10:54:02+00:00","author":"oliviere","twitter_card":"summary_large_image","twitter_misc":{"\u00c9crit par":"oliviere"},"schema":{"@context":"https:\/\/schema.org","@graph":[{"@type":"Article","@id":"https:\/\/fr.motocrossmag.be\/index.php\/2010\/11\/video-enduro-fmb-video-resume-de-la-saison-belge-denduro\/#article","isPartOf":{"@id":"https:\/\/fr.motocrossmag.be\/index.php\/2010\/11\/video-enduro-fmb-video-resume-de-la-saison-belge-denduro\/"},"author":{"name":"oliviere","@id":"https:\/\/fr.motocrossmag.be\/#\/schema\/person\/11b47143d9f755babca2c9110e03235c"},"headline":"Vid\u00e9o Enduro FMB | Vid\u00e9o: r\u00e9sum\u00e9 de la saison belge d&rsquo;enduro","datePublished":"2010-11-27T10:13:56+00:00","dateModified":"2010-11-29T10:54:02+00:00","mainEntityOfPage":{"@id":"https:\/\/fr.motocrossmag.be\/index.php\/2010\/11\/video-enduro-fmb-video-resume-de-la-saison-belge-denduro\/"},"wordCount":67,"commentCount":0,"articleSection":["Enduro","FMB","Slideshow","Videos"],"inLanguage":"fr-FR","potentialAction":[{"@type":"CommentAction","name":"Comment","target":["https:\/\/fr.motocrossmag.be\/index.php\/2010\/11\/video-enduro-fmb-video-resume-de-la-saison-belge-denduro\/#respond"]}]},{"@type":"WebPage","@id":"https:\/\/fr.motocrossmag.be\/index.php\/2010\/11\/video-enduro-fmb-video-resume-de-la-saison-belge-denduro\/","url":"https:\/\/fr.motocrossmag.be\/index.php\/2010\/11\/video-enduro-fmb-video-resume-de-la-saison-belge-denduro\/","name":"Vid\u00e9o Enduro FMB | Vid\u00e9o: r\u00e9sum\u00e9 de la saison belge d'enduro - Motocross - Enduro - Supermoto | MotocrossMag","isPartOf":{"@id":"https:\/\/fr.motocrossmag.be\/#website"},"datePublished":"2010-11-27T10:13:56+00:00","dateModified":"2010-11-29T10:54:02+00:00","author":{"@id":"https:\/\/fr.motocrossmag.be\/#\/schema\/person\/11b47143d9f755babca2c9110e03235c"},"breadcrumb":{"@id":"https:\/\/fr.motocrossmag.be\/index.php\/2010\/11\/video-enduro-fmb-video-resume-de-la-saison-belge-denduro\/#breadcrumb"},"inLanguage":"fr-FR","potentialAction":[{"@type":"ReadAction","target":["https:\/\/fr.motocrossmag.be\/index.php\/2010\/11\/video-enduro-fmb-video-resume-de-la-saison-belge-denduro\/"]}]},{"@type":"BreadcrumbList","@id":"https:\/\/fr.motocrossmag.be\/index.php\/2010\/11\/video-enduro-fmb-video-resume-de-la-saison-belge-denduro\/#breadcrumb","itemListElement":[{"@type":"ListItem","position":1,"name":"Accueil","item":"https:\/\/fr.motocrossmag.be\/"},{"@type":"ListItem","position":2,"name":"Vid\u00e9o Enduro FMB | Vid\u00e9o: r\u00e9sum\u00e9 de la saison belge d&rsquo;enduro"}]},{"@type":"WebSite","@id":"https:\/\/fr.motocrossmag.be\/#website","url":"https:\/\/fr.motocrossmag.be\/","name":"Motocross - Enduro - Supermoto | MotocrossMag","description":"L&#039;actualit\u00e9 du motocross, de l&#039;enduro et du Supermoto en ligne!","potentialAction":[{"@type":"SearchAction","target":{"@type":"EntryPoint","urlTemplate":"https:\/\/fr.motocrossmag.be\/?s={search_term_string}"},"query-input":{"@type":"PropertyValueSpecification","valueRequired":true,"valueName":"search_term_string"}}],"inLanguage":"fr-FR"},{"@type":"Person","@id":"https:\/\/fr.motocrossmag.be\/#\/schema\/person\/11b47143d9f755babca2c9110e03235c","name":"oliviere","image":{"@type":"ImageObject","inLanguage":"fr-FR","@id":"https:\/\/secure.gravatar.com\/avatar\/907069e0b81d119452040469e4a7501da1100f54f7f80180ce77bfab718288f6?s=96&d=mm&r=g","url":"https:\/\/secure.gravatar.com\/avatar\/907069e0b81d119452040469e4a7501da1100f54f7f80180ce77bfab718288f6?s=96&d=mm&r=g","contentUrl":"https:\/\/secure.gravatar.com\/avatar\/907069e0b81d119452040469e4a7501da1100f54f7f80180ce77bfab718288f6?s=96&d=mm&r=g","caption":"oliviere"},"sameAs":["http:\/\/www.motocrossmag.be"],"url":"https:\/\/fr.motocrossmag.be\/index.php\/author\/oliviere\/"}]}},"_links":{"self":[{"href":"https:\/\/fr.motocrossmag.be\/index.php\/wp-json\/wp\/v2\/posts\/9529","targetHints":{"allow":["GET"]}}],"collection":[{"href":"https:\/\/fr.motocrossmag.be\/index.php\/wp-json\/wp\/v2\/posts"}],"about":[{"href":"https:\/\/fr.motocrossmag.be\/index.php\/wp-json\/wp\/v2\/types\/post"}],"author":[{"embeddable":true,"href":"https:\/\/fr.motocrossmag.be\/index.php\/wp-json\/wp\/v2\/users\/932"}],"replies":[{"embeddable":true,"href":"https:\/\/fr.motocrossmag.be\/index.php\/wp-json\/wp\/v2\/comments?post=9529"}],"version-history":[{"count":0,"href":"https:\/\/fr.motocrossmag.be\/index.php\/wp-json\/wp\/v2\/posts\/9529\/revisions"}],"wp:attachment":[{"href":"https:\/\/fr.motocrossmag.be\/index.php\/wp-json\/wp\/v2\/media?parent=9529"}],"wp:term":[{"taxonomy":"category","embeddable":true,"href":"https:\/\/fr.motocrossmag.be\/index.php\/wp-json\/wp\/v2\/categories?post=9529"},{"taxonomy":"post_tag","embeddable":true,"href":"https:\/\/fr.motocrossmag.be\/index.php\/wp-json\/wp\/v2\/tags?post=9529"}],"curies":[{"name":"wp","href":"https:\/\/api.w.org\/{rel}","templated":true}]}}