{"id":9530,"date":"2010-11-29T15:28:40","date_gmt":"2010-11-29T14:28:40","guid":{"rendered":"http:\/\/fr.motocrossmag.be\/?p=9530"},"modified":"2010-11-29T15:30:40","modified_gmt":"2010-11-29T14:30:40","slug":"galerie-photos-tko-awards-ceremony-2010","status":"publish","type":"post","link":"https:\/\/fr.motocrossmag.be\/index.php\/2010\/11\/galerie-photos-tko-awards-ceremony-2010\/","title":{"rendered":"Galerie photos | TKO Awards Ceremony 2010"},"content":{"rendered":"<p>Le promoteur du championnat de Belgique d&rsquo;enduro TKO organisait ce vendredi sa soir\u00e9e de cl\u00f4ture de la saison 2010 d&rsquo;enduro, au cours de laquelle les laur\u00e9ats des diff\u00e9rentes cat\u00e9gories nationales ont \u00e9t\u00e9 r\u00e9compens\u00e9s.<\/p>\n<p>Une remise des prix qui prenait place dans le cadre in\u00e9dit du complex cin\u00e9ma \u00ab\u00a0Kinepolis\u00a0\u00bb \u00e0\u00a0 Rocourt et qui fut donc pr\u00e9c\u00e9d\u00e9e par la projection sur grand \u00e9cran d&rsquo;un clip vid\u00e9o dans lequels les principaux animateurs du championnat 2010 reviennent sur leur saison (<a href=\"http:\/\/fr.motocrossmag.be\/index.php\/2010\/11\/video-enduro-fmb-video-resume-de-la-saison-belge-denduro\/\" target=\"_blank\">\u00e0\u00a0 voir ici<\/a>).<\/p><div class=\"vrhoo6a98ae9bd5b20\" ><!-- \/91277017\/Inline-articles-mobile -->\n<div style=\"margin:auto; text-align:center !important\">\n<div id='div-gpt-ad-1784982661365-0' style='min-width: 250px; min-height: 75px;'>\n  <script>\n    googletag.cmd.push(function() { googletag.display('div-gpt-ad-1784982661365-0'); });\n  <\/script>\n<\/div><\/div><\/div><style type=\"text\/css\">\r\n.vrhoo6a98ae9bd5b20 {\r\nmargin-bottom:30px;margin-top:20px\r\n}\r\n@media screen and (min-width: 1201px) {\r\n.vrhoo6a98ae9bd5b20 {\r\ndisplay: block;\r\n}\r\n}\r\n@media screen and (min-width: 993px) and (max-width: 1200px) {\r\n.vrhoo6a98ae9bd5b20 {\r\ndisplay: block;\r\n}\r\n}\r\n@media screen and (min-width: 769px) and (max-width: 992px) {\r\n.vrhoo6a98ae9bd5b20 {\r\ndisplay: block;\r\n}\r\n}\r\n@media screen and (min-width: 768px) and (max-width: 768px) {\r\n.vrhoo6a98ae9bd5b20 {\r\ndisplay: block;\r\n}\r\n}\r\n@media screen and (max-width: 767px) {\r\n.vrhoo6a98ae9bd5b20 {\r\ndisplay: block;\r\n}\r\n}\r\n<\/style>\r\n\n<p>Une premi\u00e8re pour le championnat de Belgique d&rsquo;enduro et une belle r\u00e9ussite pour Thierry Klutz, r\u00e9cemment confirm\u00e9 par la f\u00e9d\u00e9ration nationale dans son r\u00f4le de promoteur pour la saison prochaine.<\/p>\n<p>Photos: FDavid.be<\/p>\n<p><a rel=\"lightbox dia=1\" href=\"http:\/\/fr.motocrossmag.be\/wp-content\/uploads\/2010\/11\/15.jpg\"><img decoding=\"async\" class=\"alignnone size-thumbnail wp-image-9545\" title=\"15\" src=\"http:\/\/fr.motocrossmag.be\/wp-content\/uploads\/2010\/11\/15-150x150.jpg\" alt=\"\" width=\"150\" height=\"150\" \/><\/a>\u00a0\u00a0 <a rel=\"lightbox dia=1\" href=\"http:\/\/fr.motocrossmag.be\/wp-content\/uploads\/2010\/11\/14.jpg\"><img decoding=\"async\" class=\"alignnone size-thumbnail wp-image-9544\" title=\"14\" src=\"http:\/\/fr.motocrossmag.be\/wp-content\/uploads\/2010\/11\/14-150x150.jpg\" alt=\"\" width=\"150\" height=\"150\" \/><\/a>\u00a0\u00a0 <a rel=\"lightbox dia=1\" href=\"http:\/\/fr.motocrossmag.be\/wp-content\/uploads\/2010\/11\/13.jpg\"><img decoding=\"async\" class=\"alignnone size-thumbnail wp-image-9543\" title=\"13\" src=\"http:\/\/fr.motocrossmag.be\/wp-content\/uploads\/2010\/11\/13-150x150.jpg\" alt=\"\" width=\"150\" height=\"150\" \/><\/a><br \/>\n<a rel=\"lightbox dia=1\" href=\"http:\/\/fr.motocrossmag.be\/wp-content\/uploads\/2010\/11\/12.jpg\"><img decoding=\"async\" class=\"alignnone size-thumbnail wp-image-9542\" title=\"12\" src=\"http:\/\/fr.motocrossmag.be\/wp-content\/uploads\/2010\/11\/12-150x150.jpg\" alt=\"\" width=\"150\" height=\"150\" \/><\/a>\u00a0\u00a0 <a rel=\"lightbox dia=1\" href=\"http:\/\/fr.motocrossmag.be\/wp-content\/uploads\/2010\/11\/11.jpg\"><img decoding=\"async\" class=\"alignnone size-thumbnail wp-image-9541\" title=\"11\" src=\"http:\/\/fr.motocrossmag.be\/wp-content\/uploads\/2010\/11\/11-150x150.jpg\" alt=\"\" width=\"150\" height=\"150\" \/><\/a>\u00a0\u00a0 <a rel=\"lightbox dia=1\" href=\"http:\/\/fr.motocrossmag.be\/wp-content\/uploads\/2010\/11\/10.jpg\"><img decoding=\"async\" class=\"alignnone size-thumbnail wp-image-9540\" title=\"10\" src=\"http:\/\/fr.motocrossmag.be\/wp-content\/uploads\/2010\/11\/10-150x150.jpg\" alt=\"\" width=\"150\" height=\"150\" \/><\/a><br \/>\n<a rel=\"lightbox dia=1\" href=\"http:\/\/fr.motocrossmag.be\/wp-content\/uploads\/2010\/11\/9.jpg\"><img decoding=\"async\" class=\"alignnone size-thumbnail wp-image-9539\" title=\"9\" src=\"http:\/\/fr.motocrossmag.be\/wp-content\/uploads\/2010\/11\/9-150x150.jpg\" alt=\"\" width=\"150\" height=\"150\" \/><\/a>\u00a0\u00a0 <a rel=\"lightbox dia=1\" href=\"http:\/\/fr.motocrossmag.be\/wp-content\/uploads\/2010\/11\/8.jpg\"><img decoding=\"async\" class=\"alignnone size-thumbnail wp-image-9538\" title=\"8\" src=\"http:\/\/fr.motocrossmag.be\/wp-content\/uploads\/2010\/11\/8-150x150.jpg\" alt=\"\" width=\"150\" height=\"150\" \/><\/a>\u00a0\u00a0 <a rel=\"lightbox dia=1\" href=\"http:\/\/fr.motocrossmag.be\/wp-content\/uploads\/2010\/11\/7.jpg\"><img decoding=\"async\" class=\"alignnone size-thumbnail wp-image-9537\" title=\"7\" src=\"http:\/\/fr.motocrossmag.be\/wp-content\/uploads\/2010\/11\/7-150x150.jpg\" alt=\"\" width=\"150\" height=\"150\" \/><\/a><br \/>\n<a rel=\"lightbox dia=1\" href=\"http:\/\/fr.motocrossmag.be\/wp-content\/uploads\/2010\/11\/6.jpg\"><img decoding=\"async\" class=\"alignnone size-thumbnail wp-image-9536\" title=\"6\" src=\"http:\/\/fr.motocrossmag.be\/wp-content\/uploads\/2010\/11\/6-150x150.jpg\" alt=\"\" width=\"150\" height=\"150\" \/><\/a>\u00a0\u00a0 <a rel=\"lightbox dia=1\" href=\"http:\/\/fr.motocrossmag.be\/wp-content\/uploads\/2010\/11\/5.jpg\"><img decoding=\"async\" class=\"alignnone size-thumbnail wp-image-9535\" title=\"5\" src=\"http:\/\/fr.motocrossmag.be\/wp-content\/uploads\/2010\/11\/5-150x150.jpg\" alt=\"\" width=\"150\" height=\"150\" \/><\/a>\u00a0\u00a0 <a rel=\"lightbox dia=1\" href=\"http:\/\/fr.motocrossmag.be\/wp-content\/uploads\/2010\/11\/4.jpg\"><img decoding=\"async\" class=\"alignnone size-thumbnail wp-image-9534\" title=\"4\" src=\"http:\/\/fr.motocrossmag.be\/wp-content\/uploads\/2010\/11\/4-150x150.jpg\" alt=\"\" width=\"150\" height=\"150\" \/><\/a><br \/>\n<a rel=\"lightbox dia=1\" href=\"http:\/\/fr.motocrossmag.be\/wp-content\/uploads\/2010\/11\/3.jpg\"><img decoding=\"async\" class=\"alignnone size-thumbnail wp-image-9533\" title=\"3\" src=\"http:\/\/fr.motocrossmag.be\/wp-content\/uploads\/2010\/11\/3-150x150.jpg\" alt=\"\" width=\"150\" height=\"150\" \/><\/a>\u00a0\u00a0 <a rel=\"lightbox dia=1\" href=\"http:\/\/fr.motocrossmag.be\/wp-content\/uploads\/2010\/11\/2.jpg\"><img decoding=\"async\" class=\"alignnone size-thumbnail wp-image-9532\" title=\"2\" src=\"http:\/\/fr.motocrossmag.be\/wp-content\/uploads\/2010\/11\/2-150x150.jpg\" alt=\"\" width=\"150\" height=\"150\" \/><\/a>\u00a0\u00a0 <a rel=\"lightbox dia=1\" href=\"http:\/\/fr.motocrossmag.be\/wp-content\/uploads\/2010\/11\/1.jpg\"><img decoding=\"async\" class=\"alignnone size-thumbnail wp-image-9531\" title=\"1\" src=\"http:\/\/fr.motocrossmag.be\/wp-content\/uploads\/2010\/11\/1-150x150.jpg\" alt=\"\" width=\"150\" height=\"150\" \/><\/a><\/p><div class=\"ikbhs6a98ae9bd5b35\" ><!-- \/91277017\/articles-inline-2 -->\n<div style=\"margin: 20px auto; text-align:center !important\">\n<div id='div-gpt-ad-1785021530385-0' style='min-width: 300px; min-height: 75px;'>\n  <script>\n    googletag.cmd.push(function() { googletag.display('div-gpt-ad-1785021530385-0'); });\n  <\/script>\n<\/div><\/div><\/div><style type=\"text\/css\">\r\n@media screen and (min-width: 1201px) {\r\n.ikbhs6a98ae9bd5b35 {\r\ndisplay: block;\r\n}\r\n}\r\n@media screen and (min-width: 993px) and (max-width: 1200px) {\r\n.ikbhs6a98ae9bd5b35 {\r\ndisplay: block;\r\n}\r\n}\r\n@media screen and (min-width: 769px) and (max-width: 992px) {\r\n.ikbhs6a98ae9bd5b35 {\r\ndisplay: block;\r\n}\r\n}\r\n@media screen and (min-width: 768px) and (max-width: 768px) {\r\n.ikbhs6a98ae9bd5b35 {\r\ndisplay: block;\r\n}\r\n}\r\n@media screen and (max-width: 767px) {\r\n.ikbhs6a98ae9bd5b35 {\r\ndisplay: block;\r\n}\r\n}\r\n<\/style>\r\n\n","protected":false},"excerpt":{"rendered":"<p>Le promoteur du championnat de Belgique d&rsquo;enduro TKO organisait ce vendredi sa soir\u00e9e de cl\u00f4ture de la saison 2010 d&rsquo;enduro, au cours de laquelle les laur\u00e9ats des diff\u00e9rentes cat\u00e9gories nationales ont \u00e9t\u00e9 r\u00e9compens\u00e9s. Une remise des prix qui prenait place dans le cadre in\u00e9dit du complex cin\u00e9ma \u00ab\u00a0Kinepolis\u00a0\u00bb \u00e0\u00a0 Rocourt et qui fut donc pr\u00e9c\u00e9d\u00e9e [&hellip;]<\/p>\n","protected":false},"author":932,"featured_media":0,"comment_status":"open","ping_status":"closed","sticky":false,"template":"","format":"standard","meta":{"tdm_status":"","tdm_grid_status":"","footnotes":""},"categories":[32,66],"tags":[],"class_list":["post-9530","post","type-post","status-publish","format-standard","category-enduro","category-photos"],"yoast_head":"<!-- This site is optimized with the Yoast SEO plugin v28.4 - https:\/\/yoast.com\/product\/yoast-seo-wordpress\/ -->\n<title>Galerie photos | TKO Awards Ceremony 2010 - Motocross - Enduro - Supermoto | MotocrossMag<\/title>\n<meta name=\"robots\" content=\"index, follow, max-snippet:-1, max-image-preview:large, max-video-preview:-1\" \/>\n<link rel=\"canonical\" href=\"https:\/\/fr.motocrossmag.be\/index.php\/2010\/11\/galerie-photos-tko-awards-ceremony-2010\/\" \/>\n<meta property=\"og:locale\" content=\"fr_FR\" \/>\n<meta property=\"og:type\" content=\"article\" \/>\n<meta property=\"og:title\" content=\"Galerie photos | TKO Awards Ceremony 2010 - Motocross - Enduro - Supermoto | MotocrossMag\" \/>\n<meta property=\"og:description\" content=\"Le promoteur du championnat de Belgique d&rsquo;enduro TKO organisait ce vendredi sa soir\u00e9e de cl\u00f4ture de la saison 2010 d&rsquo;enduro, au cours de laquelle les laur\u00e9ats des diff\u00e9rentes cat\u00e9gories nationales ont \u00e9t\u00e9 r\u00e9compens\u00e9s. Une remise des prix qui prenait place dans le cadre in\u00e9dit du complex cin\u00e9ma \u00ab\u00a0Kinepolis\u00a0\u00bb \u00e0\u00a0 Rocourt et qui fut donc pr\u00e9c\u00e9d\u00e9e [&hellip;]\" \/>\n<meta property=\"og:url\" content=\"https:\/\/fr.motocrossmag.be\/index.php\/2010\/11\/galerie-photos-tko-awards-ceremony-2010\/\" \/>\n<meta property=\"og:site_name\" content=\"Motocross - Enduro - Supermoto | MotocrossMag\" \/>\n<meta property=\"article:published_time\" content=\"2010-11-29T14:28:40+00:00\" \/>\n<meta property=\"article:modified_time\" content=\"2010-11-29T14:30:40+00:00\" \/>\n<meta property=\"og:image\" content=\"http:\/\/fr.motocrossmag.be\/wp-content\/uploads\/2010\/11\/15-150x150.jpg\" \/>\n<meta name=\"author\" content=\"oliviere\" \/>\n<meta name=\"twitter:card\" content=\"summary_large_image\" \/>\n<meta name=\"twitter:label1\" content=\"\u00c9crit par\" \/>\n\t<meta name=\"twitter:data1\" content=\"oliviere\" \/>\n\t<meta name=\"twitter:label2\" content=\"Dur\u00e9e de lecture estim\u00e9e\" \/>\n\t<meta name=\"twitter:data2\" content=\"1 minute\" \/>\n<script type=\"application\/ld+json\" class=\"yoast-schema-graph\">{\"@context\":\"https:\\\/\\\/schema.org\",\"@graph\":[{\"@type\":\"Article\",\"@id\":\"https:\\\/\\\/fr.motocrossmag.be\\\/index.php\\\/2010\\\/11\\\/galerie-photos-tko-awards-ceremony-2010\\\/#article\",\"isPartOf\":{\"@id\":\"https:\\\/\\\/fr.motocrossmag.be\\\/index.php\\\/2010\\\/11\\\/galerie-photos-tko-awards-ceremony-2010\\\/\"},\"author\":{\"name\":\"oliviere\",\"@id\":\"https:\\\/\\\/fr.motocrossmag.be\\\/#\\\/schema\\\/person\\\/11b47143d9f755babca2c9110e03235c\"},\"headline\":\"Galerie photos | TKO Awards Ceremony 2010\",\"datePublished\":\"2010-11-29T14:28:40+00:00\",\"dateModified\":\"2010-11-29T14:30:40+00:00\",\"mainEntityOfPage\":{\"@id\":\"https:\\\/\\\/fr.motocrossmag.be\\\/index.php\\\/2010\\\/11\\\/galerie-photos-tko-awards-ceremony-2010\\\/\"},\"wordCount\":136,\"commentCount\":0,\"image\":{\"@id\":\"https:\\\/\\\/fr.motocrossmag.be\\\/index.php\\\/2010\\\/11\\\/galerie-photos-tko-awards-ceremony-2010\\\/#primaryimage\"},\"thumbnailUrl\":\"http:\\\/\\\/fr.motocrossmag.be\\\/wp-content\\\/uploads\\\/2010\\\/11\\\/15-150x150.jpg\",\"articleSection\":[\"Enduro\",\"Photos\"],\"inLanguage\":\"fr-FR\",\"potentialAction\":[{\"@type\":\"CommentAction\",\"name\":\"Comment\",\"target\":[\"https:\\\/\\\/fr.motocrossmag.be\\\/index.php\\\/2010\\\/11\\\/galerie-photos-tko-awards-ceremony-2010\\\/#respond\"]}]},{\"@type\":\"WebPage\",\"@id\":\"https:\\\/\\\/fr.motocrossmag.be\\\/index.php\\\/2010\\\/11\\\/galerie-photos-tko-awards-ceremony-2010\\\/\",\"url\":\"https:\\\/\\\/fr.motocrossmag.be\\\/index.php\\\/2010\\\/11\\\/galerie-photos-tko-awards-ceremony-2010\\\/\",\"name\":\"Galerie photos | TKO Awards Ceremony 2010 - Motocross - Enduro - Supermoto | MotocrossMag\",\"isPartOf\":{\"@id\":\"https:\\\/\\\/fr.motocrossmag.be\\\/#website\"},\"primaryImageOfPage\":{\"@id\":\"https:\\\/\\\/fr.motocrossmag.be\\\/index.php\\\/2010\\\/11\\\/galerie-photos-tko-awards-ceremony-2010\\\/#primaryimage\"},\"image\":{\"@id\":\"https:\\\/\\\/fr.motocrossmag.be\\\/index.php\\\/2010\\\/11\\\/galerie-photos-tko-awards-ceremony-2010\\\/#primaryimage\"},\"thumbnailUrl\":\"http:\\\/\\\/fr.motocrossmag.be\\\/wp-content\\\/uploads\\\/2010\\\/11\\\/15-150x150.jpg\",\"datePublished\":\"2010-11-29T14:28:40+00:00\",\"dateModified\":\"2010-11-29T14:30:40+00:00\",\"author\":{\"@id\":\"https:\\\/\\\/fr.motocrossmag.be\\\/#\\\/schema\\\/person\\\/11b47143d9f755babca2c9110e03235c\"},\"breadcrumb\":{\"@id\":\"https:\\\/\\\/fr.motocrossmag.be\\\/index.php\\\/2010\\\/11\\\/galerie-photos-tko-awards-ceremony-2010\\\/#breadcrumb\"},\"inLanguage\":\"fr-FR\",\"potentialAction\":[{\"@type\":\"ReadAction\",\"target\":[\"https:\\\/\\\/fr.motocrossmag.be\\\/index.php\\\/2010\\\/11\\\/galerie-photos-tko-awards-ceremony-2010\\\/\"]}]},{\"@type\":\"ImageObject\",\"inLanguage\":\"fr-FR\",\"@id\":\"https:\\\/\\\/fr.motocrossmag.be\\\/index.php\\\/2010\\\/11\\\/galerie-photos-tko-awards-ceremony-2010\\\/#primaryimage\",\"url\":\"https:\\\/\\\/fr.motocrossmag.be\\\/wp-content\\\/uploads\\\/2010\\\/11\\\/15.jpg\",\"contentUrl\":\"https:\\\/\\\/fr.motocrossmag.be\\\/wp-content\\\/uploads\\\/2010\\\/11\\\/15.jpg\",\"width\":800,\"height\":531},{\"@type\":\"BreadcrumbList\",\"@id\":\"https:\\\/\\\/fr.motocrossmag.be\\\/index.php\\\/2010\\\/11\\\/galerie-photos-tko-awards-ceremony-2010\\\/#breadcrumb\",\"itemListElement\":[{\"@type\":\"ListItem\",\"position\":1,\"name\":\"Accueil\",\"item\":\"https:\\\/\\\/fr.motocrossmag.be\\\/\"},{\"@type\":\"ListItem\",\"position\":2,\"name\":\"Galerie photos | TKO Awards Ceremony 2010\"}]},{\"@type\":\"WebSite\",\"@id\":\"https:\\\/\\\/fr.motocrossmag.be\\\/#website\",\"url\":\"https:\\\/\\\/fr.motocrossmag.be\\\/\",\"name\":\"Motocross - Enduro - Supermoto | MotocrossMag\",\"description\":\"L&#039;actualit\u00e9 du motocross, de l&#039;enduro et du Supermoto en ligne!\",\"potentialAction\":[{\"@type\":\"SearchAction\",\"target\":{\"@type\":\"EntryPoint\",\"urlTemplate\":\"https:\\\/\\\/fr.motocrossmag.be\\\/?s={search_term_string}\"},\"query-input\":{\"@type\":\"PropertyValueSpecification\",\"valueRequired\":true,\"valueName\":\"search_term_string\"}}],\"inLanguage\":\"fr-FR\"},{\"@type\":\"Person\",\"@id\":\"https:\\\/\\\/fr.motocrossmag.be\\\/#\\\/schema\\\/person\\\/11b47143d9f755babca2c9110e03235c\",\"name\":\"oliviere\",\"image\":{\"@type\":\"ImageObject\",\"inLanguage\":\"fr-FR\",\"@id\":\"https:\\\/\\\/secure.gravatar.com\\\/avatar\\\/907069e0b81d119452040469e4a7501da1100f54f7f80180ce77bfab718288f6?s=96&d=mm&r=g\",\"url\":\"https:\\\/\\\/secure.gravatar.com\\\/avatar\\\/907069e0b81d119452040469e4a7501da1100f54f7f80180ce77bfab718288f6?s=96&d=mm&r=g\",\"contentUrl\":\"https:\\\/\\\/secure.gravatar.com\\\/avatar\\\/907069e0b81d119452040469e4a7501da1100f54f7f80180ce77bfab718288f6?s=96&d=mm&r=g\",\"caption\":\"oliviere\"},\"sameAs\":[\"http:\\\/\\\/www.motocrossmag.be\"],\"url\":\"https:\\\/\\\/fr.motocrossmag.be\\\/index.php\\\/author\\\/oliviere\\\/\"}]}<\/script>\n<!-- \/ Yoast SEO plugin. -->","yoast_head_json":{"title":"Galerie photos | TKO Awards Ceremony 2010 - Motocross - Enduro - Supermoto | MotocrossMag","robots":{"index":"index","follow":"follow","max-snippet":"max-snippet:-1","max-image-preview":"max-image-preview:large","max-video-preview":"max-video-preview:-1"},"canonical":"https:\/\/fr.motocrossmag.be\/index.php\/2010\/11\/galerie-photos-tko-awards-ceremony-2010\/","og_locale":"fr_FR","og_type":"article","og_title":"Galerie photos | TKO Awards Ceremony 2010 - Motocross - Enduro - Supermoto | MotocrossMag","og_description":"Le promoteur du championnat de Belgique d&rsquo;enduro TKO organisait ce vendredi sa soir\u00e9e de cl\u00f4ture de la saison 2010 d&rsquo;enduro, au cours de laquelle les laur\u00e9ats des diff\u00e9rentes cat\u00e9gories nationales ont \u00e9t\u00e9 r\u00e9compens\u00e9s. Une remise des prix qui prenait place dans le cadre in\u00e9dit du complex cin\u00e9ma \u00ab\u00a0Kinepolis\u00a0\u00bb \u00e0\u00a0 Rocourt et qui fut donc pr\u00e9c\u00e9d\u00e9e [&hellip;]","og_url":"https:\/\/fr.motocrossmag.be\/index.php\/2010\/11\/galerie-photos-tko-awards-ceremony-2010\/","og_site_name":"Motocross - Enduro - Supermoto | MotocrossMag","article_published_time":"2010-11-29T14:28:40+00:00","article_modified_time":"2010-11-29T14:30:40+00:00","og_image":[{"url":"http:\/\/fr.motocrossmag.be\/wp-content\/uploads\/2010\/11\/15-150x150.jpg","type":"","width":"","height":""}],"author":"oliviere","twitter_card":"summary_large_image","twitter_misc":{"\u00c9crit par":"oliviere","Dur\u00e9e de lecture estim\u00e9e":"1 minute"},"schema":{"@context":"https:\/\/schema.org","@graph":[{"@type":"Article","@id":"https:\/\/fr.motocrossmag.be\/index.php\/2010\/11\/galerie-photos-tko-awards-ceremony-2010\/#article","isPartOf":{"@id":"https:\/\/fr.motocrossmag.be\/index.php\/2010\/11\/galerie-photos-tko-awards-ceremony-2010\/"},"author":{"name":"oliviere","@id":"https:\/\/fr.motocrossmag.be\/#\/schema\/person\/11b47143d9f755babca2c9110e03235c"},"headline":"Galerie photos | TKO Awards Ceremony 2010","datePublished":"2010-11-29T14:28:40+00:00","dateModified":"2010-11-29T14:30:40+00:00","mainEntityOfPage":{"@id":"https:\/\/fr.motocrossmag.be\/index.php\/2010\/11\/galerie-photos-tko-awards-ceremony-2010\/"},"wordCount":136,"commentCount":0,"image":{"@id":"https:\/\/fr.motocrossmag.be\/index.php\/2010\/11\/galerie-photos-tko-awards-ceremony-2010\/#primaryimage"},"thumbnailUrl":"http:\/\/fr.motocrossmag.be\/wp-content\/uploads\/2010\/11\/15-150x150.jpg","articleSection":["Enduro","Photos"],"inLanguage":"fr-FR","potentialAction":[{"@type":"CommentAction","name":"Comment","target":["https:\/\/fr.motocrossmag.be\/index.php\/2010\/11\/galerie-photos-tko-awards-ceremony-2010\/#respond"]}]},{"@type":"WebPage","@id":"https:\/\/fr.motocrossmag.be\/index.php\/2010\/11\/galerie-photos-tko-awards-ceremony-2010\/","url":"https:\/\/fr.motocrossmag.be\/index.php\/2010\/11\/galerie-photos-tko-awards-ceremony-2010\/","name":"Galerie photos | TKO Awards Ceremony 2010 - Motocross - Enduro - Supermoto | MotocrossMag","isPartOf":{"@id":"https:\/\/fr.motocrossmag.be\/#website"},"primaryImageOfPage":{"@id":"https:\/\/fr.motocrossmag.be\/index.php\/2010\/11\/galerie-photos-tko-awards-ceremony-2010\/#primaryimage"},"image":{"@id":"https:\/\/fr.motocrossmag.be\/index.php\/2010\/11\/galerie-photos-tko-awards-ceremony-2010\/#primaryimage"},"thumbnailUrl":"http:\/\/fr.motocrossmag.be\/wp-content\/uploads\/2010\/11\/15-150x150.jpg","datePublished":"2010-11-29T14:28:40+00:00","dateModified":"2010-11-29T14:30:40+00:00","author":{"@id":"https:\/\/fr.motocrossmag.be\/#\/schema\/person\/11b47143d9f755babca2c9110e03235c"},"breadcrumb":{"@id":"https:\/\/fr.motocrossmag.be\/index.php\/2010\/11\/galerie-photos-tko-awards-ceremony-2010\/#breadcrumb"},"inLanguage":"fr-FR","potentialAction":[{"@type":"ReadAction","target":["https:\/\/fr.motocrossmag.be\/index.php\/2010\/11\/galerie-photos-tko-awards-ceremony-2010\/"]}]},{"@type":"ImageObject","inLanguage":"fr-FR","@id":"https:\/\/fr.motocrossmag.be\/index.php\/2010\/11\/galerie-photos-tko-awards-ceremony-2010\/#primaryimage","url":"https:\/\/fr.motocrossmag.be\/wp-content\/uploads\/2010\/11\/15.jpg","contentUrl":"https:\/\/fr.motocrossmag.be\/wp-content\/uploads\/2010\/11\/15.jpg","width":800,"height":531},{"@type":"BreadcrumbList","@id":"https:\/\/fr.motocrossmag.be\/index.php\/2010\/11\/galerie-photos-tko-awards-ceremony-2010\/#breadcrumb","itemListElement":[{"@type":"ListItem","position":1,"name":"Accueil","item":"https:\/\/fr.motocrossmag.be\/"},{"@type":"ListItem","position":2,"name":"Galerie photos | TKO Awards Ceremony 2010"}]},{"@type":"WebSite","@id":"https:\/\/fr.motocrossmag.be\/#website","url":"https:\/\/fr.motocrossmag.be\/","name":"Motocross - Enduro - Supermoto | MotocrossMag","description":"L&#039;actualit\u00e9 du motocross, de l&#039;enduro et du Supermoto en ligne!","potentialAction":[{"@type":"SearchAction","target":{"@type":"EntryPoint","urlTemplate":"https:\/\/fr.motocrossmag.be\/?s={search_term_string}"},"query-input":{"@type":"PropertyValueSpecification","valueRequired":true,"valueName":"search_term_string"}}],"inLanguage":"fr-FR"},{"@type":"Person","@id":"https:\/\/fr.motocrossmag.be\/#\/schema\/person\/11b47143d9f755babca2c9110e03235c","name":"oliviere","image":{"@type":"ImageObject","inLanguage":"fr-FR","@id":"https:\/\/secure.gravatar.com\/avatar\/907069e0b81d119452040469e4a7501da1100f54f7f80180ce77bfab718288f6?s=96&d=mm&r=g","url":"https:\/\/secure.gravatar.com\/avatar\/907069e0b81d119452040469e4a7501da1100f54f7f80180ce77bfab718288f6?s=96&d=mm&r=g","contentUrl":"https:\/\/secure.gravatar.com\/avatar\/907069e0b81d119452040469e4a7501da1100f54f7f80180ce77bfab718288f6?s=96&d=mm&r=g","caption":"oliviere"},"sameAs":["http:\/\/www.motocrossmag.be"],"url":"https:\/\/fr.motocrossmag.be\/index.php\/author\/oliviere\/"}]}},"_links":{"self":[{"href":"https:\/\/fr.motocrossmag.be\/index.php\/wp-json\/wp\/v2\/posts\/9530","targetHints":{"allow":["GET"]}}],"collection":[{"href":"https:\/\/fr.motocrossmag.be\/index.php\/wp-json\/wp\/v2\/posts"}],"about":[{"href":"https:\/\/fr.motocrossmag.be\/index.php\/wp-json\/wp\/v2\/types\/post"}],"author":[{"embeddable":true,"href":"https:\/\/fr.motocrossmag.be\/index.php\/wp-json\/wp\/v2\/users\/932"}],"replies":[{"embeddable":true,"href":"https:\/\/fr.motocrossmag.be\/index.php\/wp-json\/wp\/v2\/comments?post=9530"}],"version-history":[{"count":0,"href":"https:\/\/fr.motocrossmag.be\/index.php\/wp-json\/wp\/v2\/posts\/9530\/revisions"}],"wp:attachment":[{"href":"https:\/\/fr.motocrossmag.be\/index.php\/wp-json\/wp\/v2\/media?parent=9530"}],"wp:term":[{"taxonomy":"category","embeddable":true,"href":"https:\/\/fr.motocrossmag.be\/index.php\/wp-json\/wp\/v2\/categories?post=9530"},{"taxonomy":"post_tag","embeddable":true,"href":"https:\/\/fr.motocrossmag.be\/index.php\/wp-json\/wp\/v2\/tags?post=9530"}],"curies":[{"name":"wp","href":"https:\/\/api.w.org\/{rel}","templated":true}]}}