{"id":95593,"date":"2019-09-02T12:07:45","date_gmt":"2019-09-02T10:07:45","guid":{"rendered":"https:\/\/fr.motocrossmag.be\/?p=95593"},"modified":"2019-09-02T12:07:45","modified_gmt":"2019-09-02T10:07:45","slug":"antoine-magain-survole-lenduro-de-dinant","status":"publish","type":"post","link":"https:\/\/fr.motocrossmag.be\/index.php\/2019\/09\/antoine-magain-survole-lenduro-de-dinant\/","title":{"rendered":"Antoine Magain survole l&rsquo;enduro de Dinant"},"content":{"rendered":"<p><strong>Antoine Magain a remport\u00e9 ce dimanche l&rsquo;enduro de Dinant. L&rsquo;officiel KTM devance les Husqvarna-boys Matthew Vanoevelen et Erik Willems. Chez les Inters, Maxime Warenghien signe un deuxi\u00e8me succ\u00e8s cons\u00e9cutif et accro\u00eet son avantage sur Mathias Van Hoof au provisoire alors que deux \u00e9preuves seulement restent \u00e0 disputer.<\/strong><\/p>\n<p>Une semaine apr\u00e8s la reprise \u00e0 Ouffet, le MC Dinant accueillait ce week-end la 10\u00e8me \u00e9preuve du championnat de Belgique d&rsquo;enduro. Comme \u00e0 son habitude, le club dinantais avait mis les petits plats dans les grands pour recevoir pilotes et spectateurs dans les meilleures conditions. Trois tr\u00e8s belles sp\u00e9ciales \u00e9taient au menu des 200 participants tandis que le spectacle offert par les t\u00e9nors de l&rsquo;enduro belge \u00e9tait mis en valeur par les commentaires d&rsquo;Yves Utens, un podium de d\u00e9part, la pr\u00e9sence d&rsquo;un \u00e9cran g\u00e9ant d\u00e9di\u00e9 aux partenaires du MC Dinant et la pr\u00e9sence du bourgmestre d&rsquo;Yvoir, Mr Evrard, qui a donn\u00e9 le premier d\u00e9part de la journ\u00e9e. Bref, tous les ingr\u00e9dients \u00e9taient r\u00e9unis pour faire de cette organisation du MC Dinant une r\u00e9ussite. Une fois de plus.<\/p>\n<p>La journ\u00e9e d\u00e9bute fort avec le scratch de Matthew Vanoevelen dans la premi\u00e8re sp\u00e9ciale. Mais Magain ne tarde pas \u00e0 r\u00e9agir. Au guidon de sa KTM 250 2-temps, le leader du championnat Prestige aligne ensuite les chronos imparables pour terminer la journ\u00e9e avec pr\u00e8s de 40 secondes d&rsquo;avance sur son rival. Encore une fois, ce sont donc les deux Nismois qui occupent les deux premi\u00e8res marches du podium de la journ\u00e9e dans la cat\u00e9gorie reine.<\/p>\n<div id=\"attachment_95598\" style=\"width: 660px\" class=\"wp-caption alignnone\"><img decoding=\"async\" aria-describedby=\"caption-attachment-95598\" class=\"lazyload wp-image-95598 size-medium\" src=\"https:\/\/fr.motocrossmag.be\/wp-content\/uploads\/2019\/09\/cdn-zr-dinant-enduro-650x425.jpg\" data-orig-src=\"https:\/\/fr.motocrossmag.be\/wp-content\/uploads\/2019\/09\/cdn-zr-dinant-enduro-650x425.jpg\" alt=\"\" width=\"650\" height=\"425\" srcset=\"data:image\/svg+xml,%3Csvg%20xmlns%3D%27http%3A%2F%2Fwww.w3.org%2F2000%2Fsvg%27%20width%3D%27650%27%20height%3D%27425%27%20viewBox%3D%270%200%20650%20425%27%3E%3Crect%20width%3D%27650%27%20height%3D%27425%27%20fill-opacity%3D%220%22%2F%3E%3C%2Fsvg%3E\" data-srcset=\"https:\/\/fr.motocrossmag.be\/wp-content\/uploads\/2019\/09\/cdn-zr-dinant-enduro-650x425.jpg 650w, https:\/\/fr.motocrossmag.be\/wp-content\/uploads\/2019\/09\/cdn-zr-dinant-enduro-768x502.jpg 768w, https:\/\/fr.motocrossmag.be\/wp-content\/uploads\/2019\/09\/cdn-zr-dinant-enduro.jpg 1000w\" data-sizes=\"auto\" data-orig-sizes=\"(max-width: 650px) 100vw, 650px\" \/><p id=\"caption-attachment-95598\" class=\"wp-caption-text\">Licenci\u00e9 au MC Dinant, Edouard Charles de Moor place sa Yamaha Zone Rouge \u00e0 la deuxi\u00e8me place du classement Junior E1 ce dimanche.<\/p><\/div>\n<p>Derri\u00e8re eux, Erik Willems monte sur la 3\u00e8me marche et devance Jilani Cambr\u00e9 et le pilote Yamaha Zone Rouge C\u00e9dric Cremer, \u00e0 pr\u00e8s de deux minutes de Magain. Willems n&rsquo;en est pas \u00e0 son coup d&rsquo;essai en enduro et le crossman pourrait disputer l&rsquo;an prochain l&rsquo;int\u00e9gralit\u00e9 du championnat. Les discussions en ce sens sont en tout cas engag\u00e9es&#8230;<\/p>\n<p>Notons l&rsquo;abandon de Jean-Fran\u00e7ois Goblet, bless\u00e9 au bras par une branche en liaison dans le deuxi\u00e8me tour.<\/p>\n<p><span style=\"color: #ff0000;\"><strong>Warenghien sur sa lanc\u00e9e<\/strong><\/span><\/p>\n<p>Chez les Inters, l&rsquo;app\u00e9tit semble venir en mangeant pour Maxime Warenghien. Vainqueur la semaine pass\u00e9e \u00e0 Ouffet tandis que le leader du provisoire Mathias Van Hoof abandonnait sur ennuis m\u00e9caniques, il arrivait \u00e0 Dinant en leader du championnat. Il signe sa deuxi\u00e8me victoire cons\u00e9cutive en devan\u00e7ant d&rsquo;une quinzaine de secondes Van Hoof sur qui il accentue ainsi son avantage au championnat. Wargenghien arrive sur les deux derni\u00e8res \u00e9preuves avec un avantage de 7 unit\u00e9s sur Van Hoof.<\/p>\n<p>Chez les Nationaux, Fr\u00e9d\u00e9ric Gauniaux signe lui aussi une nouvelle victoire en s&rsquo;imposant devant la Yam Zone Rouge de Ronny Fryns et la Beta de Teddy Dumont alors que ce sont moins de 5 secondes qui s\u00e9parent Burno Monfort de Jo\u00ebl Delsupexhe chez les Experts. En Espoirs, Lucas Derycke signe son 5\u00e8me succ\u00e8s de la saison et compte d\u00e9sormais 9 points d&rsquo;avance sur son dauphin Kevin Thomas au provisoire.<\/p>\n<p>Prochaine \u00e9preuve le dimanche 8 septembre \u00e0 Verdun, en France, avant la finale du championnat pr\u00e9vue \u00e0 Walcourt le dimanche 22 septembre.<\/p>\n<p>&nbsp;<\/p>\n<p><span style=\"color: #800000;\"><strong>R\u00e9sultats<\/strong><\/span><\/p>\n<table style=\"margin: auto; font-size: 14px;\" width=\"97%\">\n<tbody>\n<tr>\n<td align=\"center\" width=\"126\">PRESTIGES<\/td>\n<td width=\"830\"><\/td>\n<td width=\"412\"><\/td>\n<td align=\"right\" width=\"300\"><\/td>\n<\/tr>\n<tr>\n<td align=\"center\" width=\"126\">1<\/td>\n<td width=\"830\">MAGAIN ANTOINE<\/td>\n<td width=\"412\">KTM<\/td>\n<td align=\"right\" width=\"300\">48:38.67<\/td>\n<\/tr>\n<tr>\n<td align=\"center\" width=\"126\">2<\/td>\n<td width=\"830\">VANOEVELEN MATTHEW<\/td>\n<td width=\"412\">HUSQVARNA<\/td>\n<td align=\"right\" width=\"300\">+00:39.64<\/td>\n<\/tr>\n<tr>\n<td align=\"center\" width=\"126\">3<\/td>\n<td width=\"830\">WILLEMS ERIK<\/td>\n<td width=\"412\">HUSQVARNA<\/td>\n<td align=\"right\" width=\"300\">+01:14.11<\/td>\n<\/tr>\n<tr>\n<td align=\"center\" width=\"126\">4<\/td>\n<td width=\"830\">CAMBRE JILANI<\/td>\n<td width=\"412\">HUSQVARNA<\/td>\n<td align=\"right\" width=\"300\">+01:29.76<\/td>\n<\/tr>\n<tr>\n<td align=\"center\" width=\"126\">5<\/td>\n<td width=\"830\">CREMER C\u00c9DRIC<\/td>\n<td width=\"412\">YAMAHA<\/td>\n<td align=\"right\" width=\"300\">+01:56.30<\/td>\n<\/tr>\n<tr>\n<td align=\"center\" width=\"126\">6<\/td>\n<td width=\"830\">LILLO GAUTHIER<\/td>\n<td width=\"412\">HUSQVARNA<\/td>\n<td align=\"right\" width=\"300\">+02:54.82<\/td>\n<\/tr>\n<tr>\n<td align=\"center\" width=\"126\">7<\/td>\n<td width=\"830\">VANHOENACKER DIMITRI<\/td>\n<td width=\"412\">SHERCO<\/td>\n<td align=\"right\" width=\"300\">+03:43.91<\/td>\n<\/tr>\n<tr>\n<td align=\"center\" width=\"126\">8<\/td>\n<td width=\"830\">VANDERHEYDEN WIM<\/td>\n<td width=\"412\">HUSQVARNA<\/td>\n<td align=\"right\" width=\"300\">+04:29.42<\/td>\n<\/tr>\n<tr>\n<td align=\"center\"><\/td>\n<td><\/td>\n<td><\/td>\n<td align=\"right\"><\/td>\n<\/tr>\n<tr>\n<td align=\"center\">INTERS<\/td>\n<td><\/td>\n<td><\/td>\n<td align=\"right\"><\/td>\n<\/tr>\n<tr>\n<td align=\"center\" width=\"126\">1<\/td>\n<td width=\"830\">WARENGHIEN Maxime<\/td>\n<td width=\"412\">HONDA<\/td>\n<td align=\"right\" width=\"300\">50:55.02<\/td>\n<\/tr>\n<tr>\n<td align=\"center\" width=\"126\">2<\/td>\n<td width=\"830\">VOGELS HANS<\/td>\n<td width=\"412\">KTM EXC 450<\/td>\n<td align=\"right\" width=\"300\">+00:15.51<\/td>\n<\/tr>\n<tr>\n<td align=\"center\" width=\"126\">3<\/td>\n<td width=\"830\">VAN HOOF MATHIAS<\/td>\n<td width=\"412\">BETA<\/td>\n<td align=\"right\" width=\"300\">+00:16.60<\/td>\n<\/tr>\n<tr>\n<td align=\"center\" width=\"126\">4<\/td>\n<td width=\"830\">HERINNE J\u00c9R\u00c9MY<\/td>\n<td width=\"412\">YAMAHA<\/td>\n<td align=\"right\" width=\"300\">+00:47.83<\/td>\n<\/tr>\n<tr>\n<td align=\"center\" width=\"126\">5<\/td>\n<td width=\"830\">WAUTHIER DAMIEN<\/td>\n<td width=\"412\">KTM<\/td>\n<td align=\"right\" width=\"300\">+00:50.86<\/td>\n<\/tr>\n<tr>\n<td align=\"center\" width=\"126\">6<\/td>\n<td width=\"830\">RIK VIERHUIZEN<\/td>\n<td width=\"412\">KTM<\/td>\n<td align=\"right\" width=\"300\">+01:07.07<\/td>\n<\/tr>\n<tr>\n<td align=\"center\" width=\"126\">7<\/td>\n<td width=\"830\">TRUYTS Andy<\/td>\n<td width=\"412\"><\/td>\n<td align=\"right\" width=\"300\">+01:42.59<\/td>\n<\/tr>\n<tr>\n<td align=\"center\" width=\"126\">8<\/td>\n<td width=\"830\">BEGON Loic<\/td>\n<td width=\"412\">YAMAHA<\/td>\n<td align=\"right\" width=\"300\">+01:54.36<\/td>\n<\/tr>\n<tr>\n<td align=\"center\" width=\"126\">9<\/td>\n<td width=\"830\">VAN LOOVEREN BOB<\/td>\n<td width=\"412\">HUSQVARNA<\/td>\n<td align=\"right\" width=\"300\">+01:58.11<\/td>\n<\/tr>\n<tr>\n<td align=\"center\" width=\"126\">10<\/td>\n<td width=\"830\">BAS KLEIN HANEVELD<\/td>\n<td width=\"412\">HUSQVARNA<\/td>\n<td align=\"right\" width=\"300\">+02:08.48<\/td>\n<\/tr>\n<tr>\n<td align=\"center\" width=\"126\">11<\/td>\n<td width=\"830\">THIJS BULTEN<\/td>\n<td width=\"412\">KTM<\/td>\n<td align=\"right\" width=\"300\">+02:15.38<\/td>\n<\/tr>\n<tr>\n<td align=\"center\" width=\"126\">12<\/td>\n<td width=\"830\">DE PRAETERE BERTRAND<\/td>\n<td width=\"412\">HUSQVARNA<\/td>\n<td align=\"right\" width=\"300\">+02:18.11<\/td>\n<\/tr>\n<tr>\n<td align=\"center\" width=\"126\">13<\/td>\n<td width=\"830\">QUODBACH EMILE<\/td>\n<td width=\"412\">HUSQVARNA<\/td>\n<td align=\"right\" width=\"300\">+02:41.49<\/td>\n<\/tr>\n<tr>\n<td align=\"center\" width=\"126\">14<\/td>\n<td width=\"830\">BRAL LUDOVIC<\/td>\n<td width=\"412\">TM<\/td>\n<td align=\"right\" width=\"300\">+02:47.13<\/td>\n<\/tr>\n<tr>\n<td align=\"center\" width=\"126\">15<\/td>\n<td width=\"830\">SLOOT BJORN<\/td>\n<td width=\"412\">BETA<\/td>\n<td align=\"right\" width=\"300\">+02:56.51<\/td>\n<\/tr>\n<tr>\n<td align=\"center\" width=\"126\">16<\/td>\n<td width=\"830\">SMAL THOMAS<\/td>\n<td width=\"412\">SHERCO<\/td>\n<td align=\"right\" width=\"300\">+03:47.30<\/td>\n<\/tr>\n<tr>\n<td align=\"center\" width=\"126\">17<\/td>\n<td width=\"830\">DE SCHAEPMEESTER JARNE<\/td>\n<td width=\"412\">KTM<\/td>\n<td align=\"right\" width=\"300\">+03:50.11<\/td>\n<\/tr>\n<tr>\n<td align=\"center\" width=\"126\">18<\/td>\n<td width=\"830\">KUILMAN, ALBERT JAN<\/td>\n<td width=\"412\">YAMAHA<\/td>\n<td align=\"right\" width=\"300\">+07:52.39<\/td>\n<\/tr>\n<tr>\n<td align=\"center\" width=\"126\">19<\/td>\n<td width=\"830\">GONLAG BRAM<\/td>\n<td width=\"412\">KTM 300 EXC TPI<\/td>\n<td align=\"right\" width=\"300\">+09:56.98<\/td>\n<\/tr>\n<tr>\n<td align=\"center\"><\/td>\n<td><\/td>\n<td><\/td>\n<td align=\"right\"><\/td>\n<\/tr>\n<tr>\n<td align=\"center\">NATIONAUX<\/td>\n<td><\/td>\n<td><\/td>\n<td align=\"right\"><\/td>\n<\/tr>\n<tr>\n<td align=\"center\"><\/td>\n<td><\/td>\n<td><\/td>\n<td align=\"right\"><\/td>\n<\/tr>\n<tr>\n<td align=\"center\" width=\"126\">1<\/td>\n<td width=\"830\">GAUNIAUX Fr\u00e9d\u00e9ric Michel<\/td>\n<td width=\"412\">SHERCO<\/td>\n<td align=\"right\" width=\"300\">39:26.77<\/td>\n<\/tr>\n<tr>\n<td align=\"center\" width=\"126\">2<\/td>\n<td width=\"830\">FRYNS Ronny<\/td>\n<td width=\"412\">YAMAHA<\/td>\n<td align=\"right\" width=\"300\">+00:38.56<\/td>\n<\/tr>\n<tr>\n<td align=\"center\" width=\"126\">3<\/td>\n<td width=\"830\">DUMONT Teddy<\/td>\n<td width=\"412\">BETA<\/td>\n<td align=\"right\" width=\"300\">+00:43.31<\/td>\n<\/tr>\n<tr>\n<td align=\"center\" width=\"126\">4<\/td>\n<td width=\"830\">VINDEVOGEL Maxime<\/td>\n<td width=\"412\">KTM<\/td>\n<td align=\"right\" width=\"300\">+01:51.82<\/td>\n<\/tr>\n<tr>\n<td align=\"center\" width=\"126\">5<\/td>\n<td width=\"830\">VAN DUN STEVEN<\/td>\n<td width=\"412\">HUSQVARNA<\/td>\n<td align=\"right\" width=\"300\">+01:54.97<\/td>\n<\/tr>\n<tr>\n<td align=\"center\" width=\"126\">6<\/td>\n<td width=\"830\">ROBERT STEVE<\/td>\n<td width=\"412\">HUSQVARNA<\/td>\n<td align=\"right\" width=\"300\">+02:00.33<\/td>\n<\/tr>\n<tr>\n<td align=\"center\" width=\"126\">7<\/td>\n<td width=\"830\">MARYNS Samuel<\/td>\n<td width=\"412\">KTM<\/td>\n<td align=\"right\" width=\"300\">+02:17.35<\/td>\n<\/tr>\n<tr>\n<td align=\"center\" width=\"126\">8<\/td>\n<td width=\"830\">BAUWIET Christophe<\/td>\n<td width=\"412\"><\/td>\n<td align=\"right\" width=\"300\">+02:23.50<\/td>\n<\/tr>\n<tr>\n<td align=\"center\" width=\"126\">9<\/td>\n<td width=\"830\">VERDIN Maxime<\/td>\n<td width=\"412\">HUSQVARNA<\/td>\n<td align=\"right\" width=\"300\">+02:32.88<\/td>\n<\/tr>\n<tr>\n<td align=\"center\" width=\"126\">10<\/td>\n<td width=\"830\">ROY VAN DE PIETERMAN<\/td>\n<td width=\"412\">KTM<\/td>\n<td align=\"right\" width=\"300\">+03:36.34<\/td>\n<\/tr>\n<tr>\n<td align=\"center\" width=\"126\">11<\/td>\n<td width=\"830\">PIETTE JONATHAN<\/td>\n<td width=\"412\">HUSQVARNA<\/td>\n<td align=\"right\" width=\"300\">+04:07.29<\/td>\n<\/tr>\n<tr>\n<td align=\"center\" width=\"126\">12<\/td>\n<td width=\"830\">BLAISE S\u00c9BASTIEN<\/td>\n<td width=\"412\">HONDA<\/td>\n<td align=\"right\" width=\"300\">+04:14.96<\/td>\n<\/tr>\n<tr>\n<td align=\"center\" width=\"126\">13<\/td>\n<td width=\"830\">VERSTAPEN KEES<\/td>\n<td width=\"412\"><\/td>\n<td align=\"right\" width=\"300\">+04:52.30<\/td>\n<\/tr>\n<tr>\n<td align=\"center\" width=\"126\">14<\/td>\n<td width=\"830\">HURTEVENT Julien<\/td>\n<td width=\"412\">HONDA<\/td>\n<td align=\"right\" width=\"300\">+06:11.83<\/td>\n<\/tr>\n<tr>\n<td align=\"center\" width=\"126\">15<\/td>\n<td width=\"830\">KOEN ENDERINK<\/td>\n<td width=\"412\">KTM<\/td>\n<td align=\"right\" width=\"300\">+06:13.84<\/td>\n<\/tr>\n<tr>\n<td align=\"center\"><\/td>\n<td><\/td>\n<td><\/td>\n<td align=\"right\"><\/td>\n<\/tr>\n<tr>\n<td align=\"center\">ESPOIRS<\/td>\n<td><\/td>\n<td><\/td>\n<td align=\"right\"><\/td>\n<\/tr>\n<tr>\n<td align=\"center\" width=\"126\">1<\/td>\n<td width=\"830\">DERYCKE Lucas<\/td>\n<td width=\"412\">HUSQUVARNA<\/td>\n<td align=\"right\" width=\"300\">40:32.85<\/td>\n<\/tr>\n<tr>\n<td align=\"center\" width=\"126\">2<\/td>\n<td width=\"830\">THOMAS KEVIN<\/td>\n<td width=\"412\">HUSQVARNA<\/td>\n<td align=\"right\" width=\"300\">+00:18.61<\/td>\n<\/tr>\n<tr>\n<td align=\"center\" width=\"126\">3<\/td>\n<td width=\"830\">RAIWET KEVIN<\/td>\n<td width=\"412\">KTM<\/td>\n<td align=\"right\" width=\"300\">+00:25.39<\/td>\n<\/tr>\n<tr>\n<td align=\"center\" width=\"126\">4<\/td>\n<td width=\"830\">VANDERHEYDEN MIKA<\/td>\n<td width=\"412\">HUSQVARNA<\/td>\n<td align=\"right\" width=\"300\">+00:40.87<\/td>\n<\/tr>\n<tr>\n<td align=\"center\" width=\"126\">5<\/td>\n<td width=\"830\">ROBERT MIKE<\/td>\n<td width=\"412\">HUSQVARNA<\/td>\n<td align=\"right\" width=\"300\">+01:29.97<\/td>\n<\/tr>\n<tr>\n<td align=\"center\" width=\"126\">6<\/td>\n<td width=\"830\">ODY Aymeric<\/td>\n<td width=\"412\"><\/td>\n<td align=\"right\" width=\"300\">+02:28.05<\/td>\n<\/tr>\n<tr>\n<td align=\"center\" width=\"126\">7<\/td>\n<td width=\"830\">COLLIN Arthur<\/td>\n<td width=\"412\"><\/td>\n<td align=\"right\" width=\"300\">+02:44.90<\/td>\n<\/tr>\n<tr>\n<td align=\"center\" width=\"126\">8<\/td>\n<td width=\"830\">BAUGNIET BENJAMIN<\/td>\n<td width=\"412\">KTM<\/td>\n<td align=\"right\" width=\"300\">+04:00.65<\/td>\n<\/tr>\n<tr>\n<td align=\"center\" width=\"126\">9<\/td>\n<td width=\"830\">GOFFAUX Benjamin<\/td>\n<td width=\"412\">SHERCO<\/td>\n<td align=\"right\" width=\"300\">+09:19.02<\/td>\n<\/tr>\n<tr>\n<td align=\"center\"><\/td>\n<td><\/td>\n<td><\/td>\n<td align=\"right\"><\/td>\n<\/tr>\n<tr>\n<td align=\"center\">JUNIORS<\/td>\n<td><\/td>\n<td><\/td>\n<td align=\"right\"><\/td>\n<\/tr>\n<tr>\n<td align=\"center\"><\/td>\n<td><\/td>\n<td><\/td>\n<td align=\"right\"><\/td>\n<\/tr>\n<tr>\n<td align=\"center\" width=\"126\">1<\/td>\n<td width=\"830\">BARGIBANT Christopher Georges<\/td>\n<td width=\"412\">KTM<\/td>\n<td align=\"right\" width=\"300\">41:29.97<\/td>\n<\/tr>\n<tr>\n<td align=\"center\" width=\"126\">2<\/td>\n<td width=\"830\">BEBRONNE J\u00e9r\u00e9my Ren\u00e9<\/td>\n<td width=\"412\">HUSQVARNA<\/td>\n<td align=\"right\" width=\"300\">+00:13.24<\/td>\n<\/tr>\n<tr>\n<td align=\"center\" width=\"126\">3<\/td>\n<td width=\"830\">HAXHE Olivier Jean<\/td>\n<td width=\"412\">KTM<\/td>\n<td align=\"right\" width=\"300\">+00:18.16<\/td>\n<\/tr>\n<tr>\n<td align=\"center\" width=\"126\">4<\/td>\n<td width=\"830\">BARGIBANT DONOVAN<\/td>\n<td width=\"412\">KTM EXC<\/td>\n<td align=\"right\" width=\"300\">+00:27.16<\/td>\n<\/tr>\n<tr>\n<td align=\"center\" width=\"126\">5<\/td>\n<td width=\"830\">MOUTON FRAN\u00c7OIS<\/td>\n<td width=\"412\">KTM<\/td>\n<td align=\"right\" width=\"300\">+00:44.67<\/td>\n<\/tr>\n<tr>\n<td align=\"center\" width=\"126\">6<\/td>\n<td width=\"830\">FORGIARINI DGANI<\/td>\n<td width=\"412\">HUSQVARNA<\/td>\n<td align=\"right\" width=\"300\">+01:19.72<\/td>\n<\/tr>\n<tr>\n<td align=\"center\" width=\"126\">7<\/td>\n<td width=\"830\">DUQUENNE Laurent<\/td>\n<td width=\"412\">HUSQVARNA<\/td>\n<td align=\"right\" width=\"300\">+01:29.80<\/td>\n<\/tr>\n<tr>\n<td align=\"center\" width=\"126\">8<\/td>\n<td width=\"830\">CHARLES DE MOOR Edouard<\/td>\n<td width=\"412\">YAMAHA<\/td>\n<td align=\"right\" width=\"300\">+01:31.02<\/td>\n<\/tr>\n<tr>\n<td align=\"center\" width=\"126\">9<\/td>\n<td width=\"830\">VINKEN QUENTIN<\/td>\n<td width=\"412\">KTM<\/td>\n<td align=\"right\" width=\"300\">+02:04.49<\/td>\n<\/tr>\n<tr>\n<td align=\"center\" width=\"126\">10<\/td>\n<td width=\"830\">GILSON ADRIEN<\/td>\n<td width=\"412\">GAS GAS<\/td>\n<td align=\"right\" width=\"300\">+02:11.49<\/td>\n<\/tr>\n<tr>\n<td align=\"center\" width=\"126\">11<\/td>\n<td width=\"830\">ROLAND Benoit Genevi\u00e8ve<\/td>\n<td width=\"412\">HUSQVARNA<\/td>\n<td align=\"right\" width=\"300\">+02:23.53<\/td>\n<\/tr>\n<tr>\n<td align=\"center\" width=\"126\">12<\/td>\n<td width=\"830\">REMY JEAN-CHARLES<\/td>\n<td width=\"412\">KTM<\/td>\n<td align=\"right\" width=\"300\">+02:53.80<\/td>\n<\/tr>\n<tr>\n<td align=\"center\" width=\"126\">13<\/td>\n<td width=\"830\">VERVONDEL THOMAS<\/td>\n<td width=\"412\">KTM EXC<\/td>\n<td align=\"right\" width=\"300\">+03:46.68<\/td>\n<\/tr>\n<tr>\n<td align=\"center\" width=\"126\">14<\/td>\n<td width=\"830\">PHILIPS HENDRIK<\/td>\n<td width=\"412\">KTM<\/td>\n<td align=\"right\" width=\"300\">+04:09.60<\/td>\n<\/tr>\n<tr>\n<td align=\"center\" width=\"126\">15<\/td>\n<td width=\"830\">VANCRANENBROECK LAWRENCE<\/td>\n<td width=\"412\">KTM<\/td>\n<td align=\"right\" width=\"300\">+04:11.66<\/td>\n<\/tr>\n<tr>\n<td align=\"center\" width=\"126\">16<\/td>\n<td width=\"830\">BOERS FLORIS<\/td>\n<td width=\"412\">SHERCO<\/td>\n<td align=\"right\" width=\"300\">+04:41.00<\/td>\n<\/tr>\n<tr>\n<td align=\"center\" width=\"126\">17<\/td>\n<td width=\"830\">DENIS TANGUY<\/td>\n<td width=\"412\">HUSQVARNA<\/td>\n<td align=\"right\" width=\"300\">+04:43.57<\/td>\n<\/tr>\n<tr>\n<td align=\"center\" width=\"126\">18<\/td>\n<td width=\"830\">DE BAERDEMAEKER Robby<\/td>\n<td width=\"412\">TM-RACING<\/td>\n<td align=\"right\" width=\"300\">+05:04.45<\/td>\n<\/tr>\n<tr>\n<td align=\"center\" width=\"126\">19<\/td>\n<td width=\"830\">OVLED ELBEY SAMIR<\/td>\n<td width=\"412\"><\/td>\n<td align=\"right\" width=\"300\">+05:28.98<\/td>\n<\/tr>\n<tr>\n<td align=\"center\" width=\"126\">20<\/td>\n<td width=\"830\">PERIC Lionel Simon<\/td>\n<td width=\"412\">HUSQVARNA<\/td>\n<td align=\"right\" width=\"300\">+10:53.06<\/td>\n<\/tr>\n<tr>\n<td align=\"center\" width=\"126\">21<\/td>\n<td width=\"830\">PAPART Julien<\/td>\n<td width=\"412\">HUSQVARNA<\/td>\n<td align=\"right\" width=\"300\">+11:44.67<\/td>\n<\/tr>\n<tr>\n<td align=\"center\" width=\"126\">22<\/td>\n<td width=\"830\">SALMON Justin<\/td>\n<td width=\"412\">SHERCO SEF<\/td>\n<td align=\"right\" width=\"300\">+14:53.20<\/td>\n<\/tr>\n<tr>\n<td align=\"center\" width=\"126\">23<\/td>\n<td width=\"830\">WILMET J\u00c9R\u00d4ME<\/td>\n<td width=\"412\">KTM<\/td>\n<td align=\"right\" width=\"300\">+49:51.15<\/td>\n<\/tr>\n<tr>\n<td align=\"center\"><\/td>\n<td><\/td>\n<td><\/td>\n<td align=\"right\"><\/td>\n<\/tr>\n<tr>\n<td align=\"center\">YOUTH<\/td>\n<td><\/td>\n<td><\/td>\n<td align=\"right\"><\/td>\n<\/tr>\n<tr>\n<td align=\"center\" width=\"126\">1<\/td>\n<td width=\"830\">DUSSART Mathis<\/td>\n<td width=\"412\">KTM<\/td>\n<td align=\"right\" width=\"300\">52:15.86<\/td>\n<\/tr>\n<tr>\n<td align=\"center\" width=\"126\">2<\/td>\n<td width=\"830\">Lillo Aubry<\/td>\n<td width=\"412\">Hva<\/td>\n<td align=\"right\" width=\"300\">+00:36.63<\/td>\n<\/tr>\n<tr>\n<td align=\"center\" width=\"126\">3<\/td>\n<td width=\"830\">VERHEYEN NATHAN<\/td>\n<td width=\"412\">KTM EXC<\/td>\n<td align=\"right\" width=\"300\">+02:27.07<\/td>\n<\/tr>\n<tr>\n<td align=\"center\" width=\"126\">4<\/td>\n<td width=\"830\">SENTE ARTHUR<\/td>\n<td width=\"412\">SHERCO<\/td>\n<td align=\"right\" width=\"300\">+03:55.67<\/td>\n<\/tr>\n<tr>\n<td align=\"center\" width=\"126\">5<\/td>\n<td width=\"830\">BOUCQUER MAXIME<\/td>\n<td width=\"412\"><\/td>\n<td align=\"right\" width=\"300\">+06:53.98<\/td>\n<\/tr>\n<tr>\n<td align=\"center\" width=\"126\">6<\/td>\n<td width=\"830\">PIPITONE LOICHAN<\/td>\n<td width=\"412\"><\/td>\n<td align=\"right\" width=\"300\">+08:11.32<\/td>\n<\/tr>\n<tr>\n<td align=\"center\" width=\"126\">7<\/td>\n<td width=\"830\">FOLIE MATTEO<\/td>\n<td width=\"412\">HUSQVARNA<\/td>\n<td align=\"right\" width=\"300\">+10:29.63<\/td>\n<\/tr>\n<tr>\n<td align=\"center\" width=\"126\">8<\/td>\n<td width=\"830\">SLUSE Adrien Vincent<\/td>\n<td width=\"412\">HUSQVARNA<\/td>\n<td align=\"right\" width=\"300\">+15:05.96<\/td>\n<\/tr>\n<tr>\n<td align=\"center\"><\/td>\n<td><\/td>\n<td><\/td>\n<td align=\"right\"><\/td>\n<\/tr>\n<tr>\n<td align=\"center\">GENTLEMEN<\/td>\n<td><\/td>\n<td><\/td>\n<td align=\"right\"><\/td>\n<\/tr>\n<tr>\n<td align=\"center\" width=\"126\">1<\/td>\n<td width=\"830\">VUKCEVIC MICHA\u00cbL<\/td>\n<td width=\"412\">SHERCO<\/td>\n<td align=\"right\" width=\"300\">39:55.16<\/td>\n<\/tr>\n<tr>\n<td align=\"center\" width=\"126\">2<\/td>\n<td width=\"830\">DESPONTIN Mikael<\/td>\n<td width=\"412\">KTM<\/td>\n<td align=\"right\" width=\"300\">+00:53.96<\/td>\n<\/tr>\n<tr>\n<td align=\"center\" width=\"126\">3<\/td>\n<td width=\"830\">GAILLARD Steve<\/td>\n<td width=\"412\">HUSQVARNA<\/td>\n<td align=\"right\" width=\"300\">+01:29.73<\/td>\n<\/tr>\n<tr>\n<td align=\"center\" width=\"126\">4<\/td>\n<td width=\"830\">EVELETTE Willy<\/td>\n<td width=\"412\">KTM<\/td>\n<td align=\"right\" width=\"300\">+01:34.91<\/td>\n<\/tr>\n<tr>\n<td align=\"center\" width=\"126\">5<\/td>\n<td width=\"830\">VANMARCKE OLIVIER<\/td>\n<td width=\"412\">KTM<\/td>\n<td align=\"right\" width=\"300\">+02:29.62<\/td>\n<\/tr>\n<tr>\n<td align=\"center\" width=\"126\">6<\/td>\n<td width=\"830\">BUURSEMA ERIK<\/td>\n<td width=\"412\">HUSQVARNA<\/td>\n<td align=\"right\" width=\"300\">+02:52.71<\/td>\n<\/tr>\n<tr>\n<td align=\"center\" width=\"126\">7<\/td>\n<td width=\"830\">VERSTRAELEN RAF<\/td>\n<td width=\"412\">HUSQVARNA<\/td>\n<td align=\"right\" width=\"300\">+02:52.85<\/td>\n<\/tr>\n<tr>\n<td align=\"center\" width=\"126\">8<\/td>\n<td width=\"830\">DANSE LUDOVIC<\/td>\n<td width=\"412\">SHERCO<\/td>\n<td align=\"right\" width=\"300\">+03:05.93<\/td>\n<\/tr>\n<tr>\n<td align=\"center\" width=\"126\">9<\/td>\n<td width=\"830\">WOLTING ERWIN<\/td>\n<td width=\"412\">KTM 300 EXC TPI<\/td>\n<td align=\"right\" width=\"300\">+03:42.59<\/td>\n<\/tr>\n<tr>\n<td align=\"center\" width=\"126\">10<\/td>\n<td width=\"830\">POTVIN JOHAN<\/td>\n<td width=\"412\">HUSQVARNA<\/td>\n<td align=\"right\" width=\"300\">+04:39.42<\/td>\n<\/tr>\n<tr>\n<td align=\"center\" width=\"126\">11<\/td>\n<td width=\"830\">GU\u00c9RISSE Vincent Andr\u00e9<\/td>\n<td width=\"412\">KTM<\/td>\n<td align=\"right\" width=\"300\">+05:01.45<\/td>\n<\/tr>\n<tr>\n<td align=\"center\" width=\"126\">12<\/td>\n<td width=\"830\">VAN KAMPEN ROBERT<\/td>\n<td width=\"412\"><\/td>\n<td align=\"right\" width=\"300\">+05:15.35<\/td>\n<\/tr>\n<tr>\n<td align=\"center\" width=\"126\">13<\/td>\n<td width=\"830\">CARGO NICOLAS<\/td>\n<td width=\"412\"><\/td>\n<td align=\"right\" width=\"300\">+05:17.55<\/td>\n<\/tr>\n<tr>\n<td align=\"center\" width=\"126\">14<\/td>\n<td width=\"830\">VANNESTE Christopher Bj\u00f6rn<\/td>\n<td width=\"412\">KTM<\/td>\n<td align=\"right\" width=\"300\">+05:32.47<\/td>\n<\/tr>\n<tr>\n<td align=\"center\" width=\"126\">15<\/td>\n<td width=\"830\">STEENBERGEN GERARD<\/td>\n<td width=\"412\"><\/td>\n<td align=\"right\" width=\"300\">+05:44.83<\/td>\n<\/tr>\n<tr>\n<td align=\"center\" width=\"126\">16<\/td>\n<td width=\"830\">MINNE CEDRIC<\/td>\n<td width=\"412\">HUSQVARNA<\/td>\n<td align=\"right\" width=\"300\">+06:17.70<\/td>\n<\/tr>\n<tr>\n<td align=\"center\" width=\"126\">17<\/td>\n<td width=\"830\">MARCOEN KAREL<\/td>\n<td width=\"412\">KTM<\/td>\n<td align=\"right\" width=\"300\">+10:45.76<\/td>\n<\/tr>\n<tr>\n<td align=\"center\" width=\"126\">18<\/td>\n<td width=\"830\">LOUVET BRUNO<\/td>\n<td width=\"412\">YAMAHA<\/td>\n<td align=\"right\" width=\"300\">+11:24.90<\/td>\n<\/tr>\n<tr>\n<td align=\"center\" width=\"126\">19<\/td>\n<td width=\"830\">BERT VAN TONGEREN<\/td>\n<td width=\"412\">SHERCO 300 RES<\/td>\n<td align=\"right\" width=\"300\">+18:31.94<\/td>\n<\/tr>\n<tr>\n<td align=\"center\" width=\"126\">20<\/td>\n<td width=\"830\">VAN DOOREN Marc<\/td>\n<td width=\"412\">KTM<\/td>\n<td align=\"right\" width=\"300\">+27:40.22<\/td>\n<\/tr>\n<tr>\n<td align=\"center\"><\/td>\n<td><\/td>\n<td><\/td>\n<td align=\"right\"><\/td>\n<\/tr>\n<tr>\n<td align=\"center\">EXPERTS<\/td>\n<td><\/td>\n<td><\/td>\n<td align=\"right\"><\/td>\n<\/tr>\n<tr>\n<td align=\"center\" width=\"126\">1<\/td>\n<td width=\"830\">DELSUPEXHE JO\u00cbL<\/td>\n<td width=\"412\">TM<\/td>\n<td align=\"right\" width=\"300\">41:08.16<\/td>\n<\/tr>\n<tr>\n<td align=\"center\" width=\"126\">2<\/td>\n<td width=\"830\">MONFORT BRUNO<\/td>\n<td width=\"412\">KTM<\/td>\n<td align=\"right\" width=\"300\">+00:04.81<\/td>\n<\/tr>\n<tr>\n<td align=\"center\" width=\"126\">3<\/td>\n<td width=\"830\">SLUSE VINCENT<\/td>\n<td width=\"412\">HUSQVARNA<\/td>\n<td align=\"right\" width=\"300\">+01:16.37<\/td>\n<\/tr>\n<tr>\n<td align=\"center\" width=\"126\">4<\/td>\n<td width=\"830\">SCHEEN PIERRE<\/td>\n<td width=\"412\">KTM<\/td>\n<td align=\"right\" width=\"300\">+01:35.77<\/td>\n<\/tr>\n<tr>\n<td align=\"center\" width=\"126\">5<\/td>\n<td width=\"830\">VANDENBERGHE PATRICK<\/td>\n<td width=\"412\">HUSQVARNA<\/td>\n<td align=\"right\" width=\"300\">+02:54.74<\/td>\n<\/tr>\n<tr>\n<td align=\"center\" width=\"126\">6<\/td>\n<td width=\"830\">ROBERT JEAN-MICHEL<\/td>\n<td width=\"412\">KTM<\/td>\n<td align=\"right\" width=\"300\">+03:12.86<\/td>\n<\/tr>\n<tr>\n<td align=\"center\" width=\"126\">7<\/td>\n<td width=\"830\">SIEMONS CORNELIS<\/td>\n<td width=\"412\"><\/td>\n<td align=\"right\" width=\"300\">+04:35.05<\/td>\n<\/tr>\n<tr>\n<td align=\"center\" width=\"126\">8<\/td>\n<td width=\"830\">ROBERT Vincent<\/td>\n<td width=\"412\">KTM<\/td>\n<td align=\"right\" width=\"300\">+04:37.93<\/td>\n<\/tr>\n<tr>\n<td align=\"center\" width=\"126\">9<\/td>\n<td width=\"830\">FROMENT PHILIPPE<\/td>\n<td width=\"412\">KTM<\/td>\n<td align=\"right\" width=\"300\">+04:50.79<\/td>\n<\/tr>\n<tr>\n<td align=\"center\" width=\"126\">10<\/td>\n<td width=\"830\">KESTENS Jan Johannes<\/td>\n<td width=\"412\">HUSQVARNA<\/td>\n<td align=\"right\" width=\"300\">+05:02.90<\/td>\n<\/tr>\n<tr>\n<td align=\"center\" width=\"126\">11<\/td>\n<td width=\"830\">VAN MEERHAEGHE Carl<\/td>\n<td width=\"412\">SCHERCO SE 250<\/td>\n<td align=\"right\" width=\"300\">+05:17.52<\/td>\n<\/tr>\n<tr>\n<td align=\"center\" width=\"126\">12<\/td>\n<td width=\"830\">VAN LIEROP TH<\/td>\n<td width=\"412\"><\/td>\n<td align=\"right\" width=\"300\">+06:08.78<\/td>\n<\/tr>\n<tr>\n<td align=\"center\" width=\"126\">13<\/td>\n<td width=\"830\">MYSLIWSKI Andr\u00e9<\/td>\n<td width=\"412\">HONDA HM<\/td>\n<td align=\"right\" width=\"300\">+06:42.30<\/td>\n<\/tr>\n<tr>\n<td align=\"center\" width=\"126\">14<\/td>\n<td width=\"830\">DECLERCQ EDDY<\/td>\n<td width=\"412\">KTM<\/td>\n<td align=\"right\" width=\"300\">+06:45.28<\/td>\n<\/tr>\n<tr>\n<td align=\"center\" width=\"126\">15<\/td>\n<td width=\"830\">LEONARD MOULIJN<\/td>\n<td width=\"412\">KTM<\/td>\n<td align=\"right\" width=\"300\">+06:58.40<\/td>\n<\/tr>\n<tr>\n<td align=\"center\" width=\"126\">16<\/td>\n<td width=\"830\">MORONE SERGE<\/td>\n<td width=\"412\"><\/td>\n<td align=\"right\" width=\"300\">+07:14.18<\/td>\n<\/tr>\n<tr>\n<td align=\"center\" width=\"126\">17<\/td>\n<td width=\"830\">TEMMERMAN Luc<\/td>\n<td width=\"412\">HUSQVARNA<\/td>\n<td align=\"right\" width=\"300\">+07:23.80<\/td>\n<\/tr>\n<tr>\n<td align=\"center\" width=\"126\">18<\/td>\n<td width=\"830\">DESCHEPPER Eric<\/td>\n<td width=\"412\">KTM<\/td>\n<td align=\"right\" width=\"300\">+07:38.55<\/td>\n<\/tr>\n<tr>\n<td align=\"center\" width=\"126\">19<\/td>\n<td width=\"830\">FOLIE OLIVIER<\/td>\n<td width=\"412\">HUSQVARNA<\/td>\n<td align=\"right\" width=\"300\">+08:01.50<\/td>\n<\/tr>\n<tr>\n<td align=\"center\" width=\"126\">20<\/td>\n<td width=\"830\">NIESTEN VINCENT<\/td>\n<td width=\"412\">KTM<\/td>\n<td align=\"right\" width=\"300\">+08:17.41<\/td>\n<\/tr>\n<tr>\n<td align=\"center\" width=\"126\">21<\/td>\n<td width=\"830\">MENSEN ROBERT<\/td>\n<td width=\"412\">KTM<\/td>\n<td align=\"right\" width=\"300\">+08:40.92<\/td>\n<\/tr>\n<tr>\n<td align=\"center\" width=\"126\">22<\/td>\n<td width=\"830\">SENTE FREDERIC<\/td>\n<td width=\"412\">SHERCO<\/td>\n<td align=\"right\" width=\"300\">+09:20.52<\/td>\n<\/tr>\n<tr>\n<td align=\"center\" width=\"126\">23<\/td>\n<td width=\"830\">HUMBLET FR\u00c9D\u00c9RIC<\/td>\n<td width=\"412\">KTM<\/td>\n<td align=\"right\" width=\"300\">+12:46.04<\/td>\n<\/tr>\n<tr>\n<td align=\"center\"><\/td>\n<td><\/td>\n<td><\/td>\n<td align=\"right\"><\/td>\n<\/tr>\n<tr>\n<td align=\"center\">RANDONNEURS<\/td>\n<td><\/td>\n<td><\/td>\n<td align=\"right\"><\/td>\n<\/tr>\n<tr>\n<td align=\"center\" width=\"126\">1<\/td>\n<td width=\"830\">REMY Aubert C\u00e9cile<\/td>\n<td width=\"412\">HUSQVARNA 300<\/td>\n<td align=\"right\" width=\"300\">28:38.62<\/td>\n<\/tr>\n<tr>\n<td align=\"center\" width=\"126\">2<\/td>\n<td width=\"830\">HENRARD Philippe L\u00e9opold<\/td>\n<td width=\"412\">KTM<\/td>\n<td align=\"right\" width=\"300\">+00:09.35<\/td>\n<\/tr>\n<tr>\n<td align=\"center\" width=\"126\">3<\/td>\n<td width=\"830\">DAVIN Vincent<\/td>\n<td width=\"412\">KTM<\/td>\n<td align=\"right\" width=\"300\">+00:40.99<\/td>\n<\/tr>\n<tr>\n<td align=\"center\" width=\"126\">4<\/td>\n<td width=\"830\">VANDONINCK Ives Lodewijk<\/td>\n<td width=\"412\">KTM<\/td>\n<td align=\"right\" width=\"300\">+00:42.20<\/td>\n<\/tr>\n<tr>\n<td align=\"center\" width=\"126\">5<\/td>\n<td width=\"830\">DE VLEESCHOUWER Jean-Paul Jeannine<\/td>\n<td width=\"412\">KTM<\/td>\n<td align=\"right\" width=\"300\">+00:47.92<\/td>\n<\/tr>\n<tr>\n<td align=\"center\" width=\"126\">6<\/td>\n<td width=\"830\">WILLERTS RUDY<\/td>\n<td width=\"412\"><\/td>\n<td align=\"right\" width=\"300\">+01:23.77<\/td>\n<\/tr>\n<tr>\n<td align=\"center\" width=\"126\">7<\/td>\n<td width=\"830\">DE ZUTTER Pieter Jozef<\/td>\n<td width=\"412\">SHERCO<\/td>\n<td align=\"right\" width=\"300\">+01:45.91<\/td>\n<\/tr>\n<tr>\n<td align=\"center\" width=\"126\">8<\/td>\n<td width=\"830\">NOTTEBAERT Jean-Fran\u00e7ois<\/td>\n<td width=\"412\">YAMAHA<\/td>\n<td align=\"right\" width=\"300\">+01:54.71<\/td>\n<\/tr>\n<tr>\n<td align=\"center\" width=\"126\">9<\/td>\n<td width=\"830\">DENIS Jer\u00f4me Michel<\/td>\n<td width=\"412\">KTM<\/td>\n<td align=\"right\" width=\"300\">+01:58.46<\/td>\n<\/tr>\n<tr>\n<td align=\"center\" width=\"126\">10<\/td>\n<td width=\"830\">FAVEAUX Fredric<\/td>\n<td width=\"412\">KTM<\/td>\n<td align=\"right\" width=\"300\">+02:12.85<\/td>\n<\/tr>\n<tr>\n<td align=\"center\" width=\"126\">11<\/td>\n<td width=\"830\">VAN TULDEN Kevin Simonne<\/td>\n<td width=\"412\">KTM<\/td>\n<td align=\"right\" width=\"300\">+02:15.62<\/td>\n<\/tr>\n<tr>\n<td align=\"center\" width=\"126\">12<\/td>\n<td width=\"830\">NOPERE Christophe<\/td>\n<td width=\"412\">SHERCO<\/td>\n<td align=\"right\" width=\"300\">+02:16.63<\/td>\n<\/tr>\n<tr>\n<td align=\"center\" width=\"126\">13<\/td>\n<td width=\"830\">VAN CLEYNENBREUGEL KEN<\/td>\n<td width=\"412\">KTM<\/td>\n<td align=\"right\" width=\"300\">+02:23.43<\/td>\n<\/tr>\n<tr>\n<td align=\"center\" width=\"126\">14<\/td>\n<td width=\"830\">RENIERS Laurent Claudine<\/td>\n<td width=\"412\">KTM EXC TPI<\/td>\n<td align=\"right\" width=\"300\">+02:32.92<\/td>\n<\/tr>\n<tr>\n<td align=\"center\" width=\"126\">15<\/td>\n<td width=\"830\">MOUREAU Gilles Alain<\/td>\n<td width=\"412\">KTM<\/td>\n<td align=\"right\" width=\"300\">+02:42.26<\/td>\n<\/tr>\n<tr>\n<td align=\"center\" width=\"126\">16<\/td>\n<td width=\"830\">HECQUET PIERRE<\/td>\n<td width=\"412\">HUSQVARNA<\/td>\n<td align=\"right\" width=\"300\">+02:48.03<\/td>\n<\/tr>\n<tr>\n<td align=\"center\" width=\"126\">17<\/td>\n<td width=\"830\">BURTON Gilles Charles<\/td>\n<td width=\"412\">KTM<\/td>\n<td align=\"right\" width=\"300\">+02:48.20<\/td>\n<\/tr>\n<tr>\n<td align=\"center\" width=\"126\">18<\/td>\n<td width=\"830\">DAMIAENS Dirk Arnold<\/td>\n<td width=\"412\">KTM<\/td>\n<td align=\"right\" width=\"300\">+03:02.72<\/td>\n<\/tr>\n<tr>\n<td align=\"center\" width=\"126\">19<\/td>\n<td width=\"830\">BECKERS MARCEL<\/td>\n<td width=\"412\">KTM EXC 350<\/td>\n<td align=\"right\" width=\"300\">+03:04.63<\/td>\n<\/tr>\n<tr>\n<td align=\"center\" width=\"126\">20<\/td>\n<td width=\"830\">ANDRIES MARC<\/td>\n<td width=\"412\">KTM<\/td>\n<td align=\"right\" width=\"300\">+03:07.88<\/td>\n<\/tr>\n<tr>\n<td align=\"center\" width=\"126\">21<\/td>\n<td width=\"830\">CLAREBOTS Frank<\/td>\n<td width=\"412\">KTM<\/td>\n<td align=\"right\" width=\"300\">+03:19.84<\/td>\n<\/tr>\n<tr>\n<td align=\"center\" width=\"126\">22<\/td>\n<td width=\"830\">THIEBAUT Sebastien<\/td>\n<td width=\"412\"><\/td>\n<td align=\"right\" width=\"300\">+03:28.73<\/td>\n<\/tr>\n<tr>\n<td align=\"center\" width=\"126\">23<\/td>\n<td width=\"830\">DESART Christophe<\/td>\n<td width=\"412\">HUSQVARNA<\/td>\n<td align=\"right\" width=\"300\">+03:28.77<\/td>\n<\/tr>\n<tr>\n<td align=\"center\" width=\"126\">24<\/td>\n<td width=\"830\">LEMAIRE Aurelien<\/td>\n<td width=\"412\">HUSQVARNA<\/td>\n<td align=\"right\" width=\"300\">+03:39.40<\/td>\n<\/tr>\n<tr>\n<td align=\"center\" width=\"126\">25<\/td>\n<td width=\"830\">BROLET MATHIEU<\/td>\n<td width=\"412\">KTM<\/td>\n<td align=\"right\" width=\"300\">+03:44.50<\/td>\n<\/tr>\n<tr>\n<td align=\"center\" width=\"126\">26<\/td>\n<td width=\"830\">MILAZZO Boris<\/td>\n<td width=\"412\">GASGAS<\/td>\n<td align=\"right\" width=\"300\">+03:47.66<\/td>\n<\/tr>\n<tr>\n<td align=\"center\" width=\"126\">27<\/td>\n<td width=\"830\">DECOURT Philippe<\/td>\n<td width=\"412\">HUSQVARNA<\/td>\n<td align=\"right\" width=\"300\">+03:50.27<\/td>\n<\/tr>\n<tr>\n<td align=\"center\" width=\"126\">28<\/td>\n<td width=\"830\">YERNAUX NATANAEL<\/td>\n<td width=\"412\">GASGAS<\/td>\n<td align=\"right\" width=\"300\">+04:04.67<\/td>\n<\/tr>\n<tr>\n<td align=\"center\" width=\"126\">29<\/td>\n<td width=\"830\">RAICKMAN Fabrice<\/td>\n<td width=\"412\">BETA<\/td>\n<td align=\"right\" width=\"300\">+04:05.67<\/td>\n<\/tr>\n<tr>\n<td align=\"center\" width=\"126\">30<\/td>\n<td width=\"830\">LAMBERT ALEXIS<\/td>\n<td width=\"412\">BETA RR<\/td>\n<td align=\"right\" width=\"300\">+04:40.52<\/td>\n<\/tr>\n<tr>\n<td align=\"center\" width=\"126\">31<\/td>\n<td width=\"830\">LAATS Lionel<\/td>\n<td width=\"412\">BETA<\/td>\n<td align=\"right\" width=\"300\">+04:46.04<\/td>\n<\/tr>\n<tr>\n<td align=\"center\" width=\"126\">32<\/td>\n<td width=\"830\">EVRARD BENJAMIN<\/td>\n<td width=\"412\">HUSQVARNA<\/td>\n<td align=\"right\" width=\"300\">+04:47.98<\/td>\n<\/tr>\n<tr>\n<td align=\"center\" width=\"126\">33<\/td>\n<td width=\"830\">VANDERSTAPPEN Pieter Mark<\/td>\n<td width=\"412\">HUSQVARNA<\/td>\n<td align=\"right\" width=\"300\">+04:53.91<\/td>\n<\/tr>\n<tr>\n<td align=\"center\" width=\"126\">34<\/td>\n<td width=\"830\">THIRIFAYS Reginald<\/td>\n<td width=\"412\">HUSQVARNA<\/td>\n<td align=\"right\" width=\"300\">+04:59.12<\/td>\n<\/tr>\n<tr>\n<td align=\"center\" width=\"126\">35<\/td>\n<td width=\"830\">TISSIER STEVE<\/td>\n<td width=\"412\">HUSQVARNA<\/td>\n<td align=\"right\" width=\"300\">+05:19.16<\/td>\n<\/tr>\n<tr>\n<td align=\"center\" width=\"126\">36<\/td>\n<td width=\"830\">BAERT PIERRE EMILIEN<\/td>\n<td width=\"412\">HUSQVARNA 300 TEI<\/td>\n<td align=\"right\" width=\"300\">+05:35.28<\/td>\n<\/tr>\n<tr>\n<td align=\"center\" width=\"126\">37<\/td>\n<td width=\"830\">DAVE MICHEL<\/td>\n<td width=\"412\">KTM<\/td>\n<td align=\"right\" width=\"300\">+05:48.83<\/td>\n<\/tr>\n<tr>\n<td align=\"center\" width=\"126\">38<\/td>\n<td width=\"830\">DEBUISSON STEVE<\/td>\n<td width=\"412\">KTM<\/td>\n<td align=\"right\" width=\"300\">+06:01.21<\/td>\n<\/tr>\n<tr>\n<td align=\"center\" width=\"126\">39<\/td>\n<td width=\"830\">CHETIOUI Damien<\/td>\n<td width=\"412\">KTM<\/td>\n<td align=\"right\" width=\"300\">+06:12.95<\/td>\n<\/tr>\n<tr>\n<td align=\"center\" width=\"126\">40<\/td>\n<td width=\"830\">PATERNOTTE NICOLAS<\/td>\n<td width=\"412\"><\/td>\n<td align=\"right\" width=\"300\">+06:15.52<\/td>\n<\/tr>\n<tr>\n<td align=\"center\" width=\"126\">41<\/td>\n<td width=\"830\">BREMS Domien Andre<\/td>\n<td width=\"412\">KTM<\/td>\n<td align=\"right\" width=\"300\">+06:36.35<\/td>\n<\/tr>\n<tr>\n<td align=\"center\" width=\"126\">42<\/td>\n<td width=\"830\">VAN KEER Damien<\/td>\n<td width=\"412\">SHERCO<\/td>\n<td align=\"right\" width=\"300\">+06:57.60<\/td>\n<\/tr>\n<tr>\n<td align=\"center\" width=\"126\">43<\/td>\n<td width=\"830\">HOUTPUT David Bernard<\/td>\n<td width=\"412\">KTM<\/td>\n<td align=\"right\" width=\"300\">+08:14.08<\/td>\n<\/tr>\n<tr>\n<td align=\"center\" width=\"126\">44<\/td>\n<td width=\"830\">LIERENS PETER<\/td>\n<td width=\"412\"><\/td>\n<td align=\"right\" width=\"300\">+08:16.79<\/td>\n<\/tr>\n<tr>\n<td align=\"center\" width=\"126\">45<\/td>\n<td width=\"830\">ADAMS JOHAN<\/td>\n<td width=\"412\">HUSQVARNA<\/td>\n<td align=\"right\" width=\"300\">+08:33.97<\/td>\n<\/tr>\n<tr>\n<td align=\"center\" width=\"126\">46<\/td>\n<td width=\"830\">PHILIPPE. POSOCCO<\/td>\n<td width=\"412\">KTM<\/td>\n<td align=\"right\" width=\"300\">+09:33.13<\/td>\n<\/tr>\n<tr>\n<td align=\"center\" width=\"126\">47<\/td>\n<td width=\"830\">DEMBO MARQUES JORGE<\/td>\n<td width=\"412\">KTM<\/td>\n<td align=\"right\" width=\"300\">+09:56.99<\/td>\n<\/tr>\n<tr>\n<td align=\"center\" width=\"126\">48<\/td>\n<td width=\"830\">NYSSEN KENNY<\/td>\n<td width=\"412\">KTM 350 EXC-F<\/td>\n<td align=\"right\" width=\"300\">+14:18.99<\/td>\n<\/tr>\n<tr>\n<td align=\"center\" width=\"126\">49<\/td>\n<td width=\"830\">SONCK GAETAN<\/td>\n<td width=\"412\"><\/td>\n<td align=\"right\" width=\"300\">+19:45.25<\/td>\n<\/tr>\n<tr>\n<td align=\"center\"><\/td>\n<td><\/td>\n<td><\/td>\n<td align=\"right\"><\/td>\n<\/tr>\n<tr>\n<td align=\"center\">GIRLS<\/td>\n<td><\/td>\n<td><\/td>\n<td align=\"right\"><\/td>\n<\/tr>\n<tr>\n<td align=\"center\" width=\"126\">1<\/td>\n<td width=\"830\">SEFCSIK Caroline<\/td>\n<td width=\"412\">KTM<\/td>\n<td align=\"right\" width=\"300\">3:13:27.38<\/td>\n<\/tr>\n<tr>\n<td align=\"center\"><\/td>\n<td><\/td>\n<td><\/td>\n<td align=\"right\"><\/td>\n<\/tr>\n<tr>\n<td align=\"center\">50CC<\/td>\n<td><\/td>\n<td><\/td>\n<td align=\"right\"><\/td>\n<\/tr>\n<tr>\n<td align=\"center\" width=\"126\">1<\/td>\n<td width=\"830\">DE WINTER Senna<\/td>\n<td width=\"412\">BETA FACTORY 50<\/td>\n<td align=\"right\" width=\"300\">58:59.50<\/td>\n<\/tr>\n<\/tbody>\n<\/table>\n<p>&nbsp;<\/p>\n<div id=\"ConnectiveDocSignExtentionInstalled\" data-extension-version=\"1.0.4\"><\/div>\n","protected":false},"excerpt":{"rendered":"<p>Antoine Magain a remport\u00e9 ce dimanche l&rsquo;enduro de Dinant. L&rsquo;officiel KTM devance les Husqvarna-boys Matthew Vanoevelen et Erik Willems. Chez les Inters, Maxime Warenghien signe un deuxi\u00e8me succ\u00e8s cons\u00e9cutif et [&#8230;]<\/p>\n","protected":false},"author":932,"featured_media":95597,"comment_status":"open","ping_status":"closed","sticky":false,"template":"","format":"standard","meta":{"footnotes":""},"categories":[54,32,35,33,55,65],"tags":[951],"class_list":["post-95593","post","type-post","status-publish","format-standard","has-post-thumbnail","hentry","category-actualite","category-enduro","category-fmb-enduro","category-news-enduro","category-news-actualite","category-slideshow","tag-enduro"],"yoast_head":"<!-- This site is optimized with the Yoast SEO plugin v27.4 - https:\/\/yoast.com\/product\/yoast-seo-wordpress\/ -->\n<title>Antoine Magain survole l&#039;enduro de Dinant - Motocross - Enduro - Supermoto | MotocrossMag<\/title>\n<meta name=\"robots\" content=\"index, follow, max-snippet:-1, max-image-preview:large, max-video-preview:-1\" \/>\n<link rel=\"canonical\" href=\"https:\/\/fr.motocrossmag.be\/index.php\/2019\/09\/antoine-magain-survole-lenduro-de-dinant\/\" \/>\n<meta property=\"og:locale\" content=\"fr_FR\" \/>\n<meta property=\"og:type\" content=\"article\" \/>\n<meta property=\"og:title\" content=\"Antoine Magain survole l&#039;enduro de Dinant - Motocross - Enduro - Supermoto | MotocrossMag\" \/>\n<meta property=\"og:description\" content=\"Antoine Magain a remport\u00e9 ce dimanche l&rsquo;enduro de Dinant. L&rsquo;officiel KTM devance les Husqvarna-boys Matthew Vanoevelen et Erik Willems. Chez les Inters, Maxime Warenghien signe un deuxi\u00e8me succ\u00e8s cons\u00e9cutif et [...]\" \/>\n<meta property=\"og:url\" content=\"https:\/\/fr.motocrossmag.be\/index.php\/2019\/09\/antoine-magain-survole-lenduro-de-dinant\/\" \/>\n<meta property=\"og:site_name\" content=\"Motocross - Enduro - Supermoto | MotocrossMag\" \/>\n<meta property=\"article:published_time\" content=\"2019-09-02T10:07:45+00:00\" \/>\n<meta property=\"og:image\" content=\"https:\/\/fr.motocrossmag.be\/wp-content\/uploads\/2019\/09\/podium-enduro-dinant.jpg\" \/>\n\t<meta property=\"og:image:width\" content=\"900\" \/>\n\t<meta property=\"og:image:height\" content=\"643\" \/>\n\t<meta property=\"og:image:type\" content=\"image\/jpeg\" \/>\n<meta name=\"author\" content=\"oliviere\" \/>\n<meta name=\"twitter:card\" content=\"summary_large_image\" \/>\n<meta name=\"twitter:label1\" content=\"\u00c9crit par\" \/>\n\t<meta name=\"twitter:data1\" content=\"oliviere\" \/>\n\t<meta name=\"twitter:label2\" content=\"Dur\u00e9e de lecture estim\u00e9e\" \/>\n\t<meta name=\"twitter:data2\" content=\"6 minutes\" \/>\n<script type=\"application\/ld+json\" class=\"yoast-schema-graph\">{\"@context\":\"https:\\\/\\\/schema.org\",\"@graph\":[{\"@type\":\"Article\",\"@id\":\"https:\\\/\\\/fr.motocrossmag.be\\\/index.php\\\/2019\\\/09\\\/antoine-magain-survole-lenduro-de-dinant\\\/#article\",\"isPartOf\":{\"@id\":\"https:\\\/\\\/fr.motocrossmag.be\\\/index.php\\\/2019\\\/09\\\/antoine-magain-survole-lenduro-de-dinant\\\/\"},\"author\":{\"name\":\"oliviere\",\"@id\":\"https:\\\/\\\/fr.motocrossmag.be\\\/#\\\/schema\\\/person\\\/11b47143d9f755babca2c9110e03235c\"},\"headline\":\"Antoine Magain survole l&rsquo;enduro de Dinant\",\"datePublished\":\"2019-09-02T10:07:45+00:00\",\"mainEntityOfPage\":{\"@id\":\"https:\\\/\\\/fr.motocrossmag.be\\\/index.php\\\/2019\\\/09\\\/antoine-magain-survole-lenduro-de-dinant\\\/\"},\"wordCount\":1199,\"commentCount\":0,\"image\":{\"@id\":\"https:\\\/\\\/fr.motocrossmag.be\\\/index.php\\\/2019\\\/09\\\/antoine-magain-survole-lenduro-de-dinant\\\/#primaryimage\"},\"thumbnailUrl\":\"https:\\\/\\\/fr.motocrossmag.be\\\/wp-content\\\/uploads\\\/2019\\\/09\\\/podium-enduro-dinant.jpg\",\"keywords\":[\"Enduro\"],\"articleSection\":[\"Actualit\u00e9\",\"Enduro\",\"FMB\",\"News\",\"News\",\"Slideshow\"],\"inLanguage\":\"fr-FR\",\"potentialAction\":[{\"@type\":\"CommentAction\",\"name\":\"Comment\",\"target\":[\"https:\\\/\\\/fr.motocrossmag.be\\\/index.php\\\/2019\\\/09\\\/antoine-magain-survole-lenduro-de-dinant\\\/#respond\"]}]},{\"@type\":\"WebPage\",\"@id\":\"https:\\\/\\\/fr.motocrossmag.be\\\/index.php\\\/2019\\\/09\\\/antoine-magain-survole-lenduro-de-dinant\\\/\",\"url\":\"https:\\\/\\\/fr.motocrossmag.be\\\/index.php\\\/2019\\\/09\\\/antoine-magain-survole-lenduro-de-dinant\\\/\",\"name\":\"Antoine Magain survole l'enduro de Dinant - Motocross - Enduro - Supermoto | MotocrossMag\",\"isPartOf\":{\"@id\":\"https:\\\/\\\/fr.motocrossmag.be\\\/#website\"},\"primaryImageOfPage\":{\"@id\":\"https:\\\/\\\/fr.motocrossmag.be\\\/index.php\\\/2019\\\/09\\\/antoine-magain-survole-lenduro-de-dinant\\\/#primaryimage\"},\"image\":{\"@id\":\"https:\\\/\\\/fr.motocrossmag.be\\\/index.php\\\/2019\\\/09\\\/antoine-magain-survole-lenduro-de-dinant\\\/#primaryimage\"},\"thumbnailUrl\":\"https:\\\/\\\/fr.motocrossmag.be\\\/wp-content\\\/uploads\\\/2019\\\/09\\\/podium-enduro-dinant.jpg\",\"datePublished\":\"2019-09-02T10:07:45+00:00\",\"author\":{\"@id\":\"https:\\\/\\\/fr.motocrossmag.be\\\/#\\\/schema\\\/person\\\/11b47143d9f755babca2c9110e03235c\"},\"breadcrumb\":{\"@id\":\"https:\\\/\\\/fr.motocrossmag.be\\\/index.php\\\/2019\\\/09\\\/antoine-magain-survole-lenduro-de-dinant\\\/#breadcrumb\"},\"inLanguage\":\"fr-FR\",\"potentialAction\":[{\"@type\":\"ReadAction\",\"target\":[\"https:\\\/\\\/fr.motocrossmag.be\\\/index.php\\\/2019\\\/09\\\/antoine-magain-survole-lenduro-de-dinant\\\/\"]}]},{\"@type\":\"ImageObject\",\"inLanguage\":\"fr-FR\",\"@id\":\"https:\\\/\\\/fr.motocrossmag.be\\\/index.php\\\/2019\\\/09\\\/antoine-magain-survole-lenduro-de-dinant\\\/#primaryimage\",\"url\":\"https:\\\/\\\/fr.motocrossmag.be\\\/wp-content\\\/uploads\\\/2019\\\/09\\\/podium-enduro-dinant.jpg\",\"contentUrl\":\"https:\\\/\\\/fr.motocrossmag.be\\\/wp-content\\\/uploads\\\/2019\\\/09\\\/podium-enduro-dinant.jpg\",\"width\":900,\"height\":643},{\"@type\":\"BreadcrumbList\",\"@id\":\"https:\\\/\\\/fr.motocrossmag.be\\\/index.php\\\/2019\\\/09\\\/antoine-magain-survole-lenduro-de-dinant\\\/#breadcrumb\",\"itemListElement\":[{\"@type\":\"ListItem\",\"position\":1,\"name\":\"Accueil\",\"item\":\"https:\\\/\\\/fr.motocrossmag.be\\\/\"},{\"@type\":\"ListItem\",\"position\":2,\"name\":\"Antoine Magain survole l&rsquo;enduro de Dinant\"}]},{\"@type\":\"WebSite\",\"@id\":\"https:\\\/\\\/fr.motocrossmag.be\\\/#website\",\"url\":\"https:\\\/\\\/fr.motocrossmag.be\\\/\",\"name\":\"Motocross - Enduro - Supermoto | MotocrossMag\",\"description\":\"L&#039;actualit\u00e9 du motocross, de l&#039;enduro et du Supermoto en ligne!\",\"potentialAction\":[{\"@type\":\"SearchAction\",\"target\":{\"@type\":\"EntryPoint\",\"urlTemplate\":\"https:\\\/\\\/fr.motocrossmag.be\\\/?s={search_term_string}\"},\"query-input\":{\"@type\":\"PropertyValueSpecification\",\"valueRequired\":true,\"valueName\":\"search_term_string\"}}],\"inLanguage\":\"fr-FR\"},{\"@type\":\"Person\",\"@id\":\"https:\\\/\\\/fr.motocrossmag.be\\\/#\\\/schema\\\/person\\\/11b47143d9f755babca2c9110e03235c\",\"name\":\"oliviere\",\"image\":{\"@type\":\"ImageObject\",\"inLanguage\":\"fr-FR\",\"@id\":\"https:\\\/\\\/secure.gravatar.com\\\/avatar\\\/907069e0b81d119452040469e4a7501da1100f54f7f80180ce77bfab718288f6?s=96&d=mm&r=g\",\"url\":\"https:\\\/\\\/secure.gravatar.com\\\/avatar\\\/907069e0b81d119452040469e4a7501da1100f54f7f80180ce77bfab718288f6?s=96&d=mm&r=g\",\"contentUrl\":\"https:\\\/\\\/secure.gravatar.com\\\/avatar\\\/907069e0b81d119452040469e4a7501da1100f54f7f80180ce77bfab718288f6?s=96&d=mm&r=g\",\"caption\":\"oliviere\"},\"sameAs\":[\"http:\\\/\\\/www.motocrossmag.be\"],\"url\":\"https:\\\/\\\/fr.motocrossmag.be\\\/index.php\\\/author\\\/oliviere\\\/\"}]}<\/script>\n<!-- \/ Yoast SEO plugin. -->","yoast_head_json":{"title":"Antoine Magain survole l'enduro de Dinant - Motocross - Enduro - Supermoto | MotocrossMag","robots":{"index":"index","follow":"follow","max-snippet":"max-snippet:-1","max-image-preview":"max-image-preview:large","max-video-preview":"max-video-preview:-1"},"canonical":"https:\/\/fr.motocrossmag.be\/index.php\/2019\/09\/antoine-magain-survole-lenduro-de-dinant\/","og_locale":"fr_FR","og_type":"article","og_title":"Antoine Magain survole l'enduro de Dinant - Motocross - Enduro - Supermoto | MotocrossMag","og_description":"Antoine Magain a remport\u00e9 ce dimanche l&rsquo;enduro de Dinant. L&rsquo;officiel KTM devance les Husqvarna-boys Matthew Vanoevelen et Erik Willems. Chez les Inters, Maxime Warenghien signe un deuxi\u00e8me succ\u00e8s cons\u00e9cutif et [...]","og_url":"https:\/\/fr.motocrossmag.be\/index.php\/2019\/09\/antoine-magain-survole-lenduro-de-dinant\/","og_site_name":"Motocross - Enduro - Supermoto | MotocrossMag","article_published_time":"2019-09-02T10:07:45+00:00","og_image":[{"width":900,"height":643,"url":"https:\/\/fr.motocrossmag.be\/wp-content\/uploads\/2019\/09\/podium-enduro-dinant.jpg","type":"image\/jpeg"}],"author":"oliviere","twitter_card":"summary_large_image","twitter_misc":{"\u00c9crit par":"oliviere","Dur\u00e9e de lecture estim\u00e9e":"6 minutes"},"schema":{"@context":"https:\/\/schema.org","@graph":[{"@type":"Article","@id":"https:\/\/fr.motocrossmag.be\/index.php\/2019\/09\/antoine-magain-survole-lenduro-de-dinant\/#article","isPartOf":{"@id":"https:\/\/fr.motocrossmag.be\/index.php\/2019\/09\/antoine-magain-survole-lenduro-de-dinant\/"},"author":{"name":"oliviere","@id":"https:\/\/fr.motocrossmag.be\/#\/schema\/person\/11b47143d9f755babca2c9110e03235c"},"headline":"Antoine Magain survole l&rsquo;enduro de Dinant","datePublished":"2019-09-02T10:07:45+00:00","mainEntityOfPage":{"@id":"https:\/\/fr.motocrossmag.be\/index.php\/2019\/09\/antoine-magain-survole-lenduro-de-dinant\/"},"wordCount":1199,"commentCount":0,"image":{"@id":"https:\/\/fr.motocrossmag.be\/index.php\/2019\/09\/antoine-magain-survole-lenduro-de-dinant\/#primaryimage"},"thumbnailUrl":"https:\/\/fr.motocrossmag.be\/wp-content\/uploads\/2019\/09\/podium-enduro-dinant.jpg","keywords":["Enduro"],"articleSection":["Actualit\u00e9","Enduro","FMB","News","News","Slideshow"],"inLanguage":"fr-FR","potentialAction":[{"@type":"CommentAction","name":"Comment","target":["https:\/\/fr.motocrossmag.be\/index.php\/2019\/09\/antoine-magain-survole-lenduro-de-dinant\/#respond"]}]},{"@type":"WebPage","@id":"https:\/\/fr.motocrossmag.be\/index.php\/2019\/09\/antoine-magain-survole-lenduro-de-dinant\/","url":"https:\/\/fr.motocrossmag.be\/index.php\/2019\/09\/antoine-magain-survole-lenduro-de-dinant\/","name":"Antoine Magain survole l'enduro de Dinant - Motocross - Enduro - Supermoto | MotocrossMag","isPartOf":{"@id":"https:\/\/fr.motocrossmag.be\/#website"},"primaryImageOfPage":{"@id":"https:\/\/fr.motocrossmag.be\/index.php\/2019\/09\/antoine-magain-survole-lenduro-de-dinant\/#primaryimage"},"image":{"@id":"https:\/\/fr.motocrossmag.be\/index.php\/2019\/09\/antoine-magain-survole-lenduro-de-dinant\/#primaryimage"},"thumbnailUrl":"https:\/\/fr.motocrossmag.be\/wp-content\/uploads\/2019\/09\/podium-enduro-dinant.jpg","datePublished":"2019-09-02T10:07:45+00:00","author":{"@id":"https:\/\/fr.motocrossmag.be\/#\/schema\/person\/11b47143d9f755babca2c9110e03235c"},"breadcrumb":{"@id":"https:\/\/fr.motocrossmag.be\/index.php\/2019\/09\/antoine-magain-survole-lenduro-de-dinant\/#breadcrumb"},"inLanguage":"fr-FR","potentialAction":[{"@type":"ReadAction","target":["https:\/\/fr.motocrossmag.be\/index.php\/2019\/09\/antoine-magain-survole-lenduro-de-dinant\/"]}]},{"@type":"ImageObject","inLanguage":"fr-FR","@id":"https:\/\/fr.motocrossmag.be\/index.php\/2019\/09\/antoine-magain-survole-lenduro-de-dinant\/#primaryimage","url":"https:\/\/fr.motocrossmag.be\/wp-content\/uploads\/2019\/09\/podium-enduro-dinant.jpg","contentUrl":"https:\/\/fr.motocrossmag.be\/wp-content\/uploads\/2019\/09\/podium-enduro-dinant.jpg","width":900,"height":643},{"@type":"BreadcrumbList","@id":"https:\/\/fr.motocrossmag.be\/index.php\/2019\/09\/antoine-magain-survole-lenduro-de-dinant\/#breadcrumb","itemListElement":[{"@type":"ListItem","position":1,"name":"Accueil","item":"https:\/\/fr.motocrossmag.be\/"},{"@type":"ListItem","position":2,"name":"Antoine Magain survole l&rsquo;enduro de Dinant"}]},{"@type":"WebSite","@id":"https:\/\/fr.motocrossmag.be\/#website","url":"https:\/\/fr.motocrossmag.be\/","name":"Motocross - Enduro - Supermoto | MotocrossMag","description":"L&#039;actualit\u00e9 du motocross, de l&#039;enduro et du Supermoto en ligne!","potentialAction":[{"@type":"SearchAction","target":{"@type":"EntryPoint","urlTemplate":"https:\/\/fr.motocrossmag.be\/?s={search_term_string}"},"query-input":{"@type":"PropertyValueSpecification","valueRequired":true,"valueName":"search_term_string"}}],"inLanguage":"fr-FR"},{"@type":"Person","@id":"https:\/\/fr.motocrossmag.be\/#\/schema\/person\/11b47143d9f755babca2c9110e03235c","name":"oliviere","image":{"@type":"ImageObject","inLanguage":"fr-FR","@id":"https:\/\/secure.gravatar.com\/avatar\/907069e0b81d119452040469e4a7501da1100f54f7f80180ce77bfab718288f6?s=96&d=mm&r=g","url":"https:\/\/secure.gravatar.com\/avatar\/907069e0b81d119452040469e4a7501da1100f54f7f80180ce77bfab718288f6?s=96&d=mm&r=g","contentUrl":"https:\/\/secure.gravatar.com\/avatar\/907069e0b81d119452040469e4a7501da1100f54f7f80180ce77bfab718288f6?s=96&d=mm&r=g","caption":"oliviere"},"sameAs":["http:\/\/www.motocrossmag.be"],"url":"https:\/\/fr.motocrossmag.be\/index.php\/author\/oliviere\/"}]}},"_links":{"self":[{"href":"https:\/\/fr.motocrossmag.be\/index.php\/wp-json\/wp\/v2\/posts\/95593","targetHints":{"allow":["GET"]}}],"collection":[{"href":"https:\/\/fr.motocrossmag.be\/index.php\/wp-json\/wp\/v2\/posts"}],"about":[{"href":"https:\/\/fr.motocrossmag.be\/index.php\/wp-json\/wp\/v2\/types\/post"}],"author":[{"embeddable":true,"href":"https:\/\/fr.motocrossmag.be\/index.php\/wp-json\/wp\/v2\/users\/932"}],"replies":[{"embeddable":true,"href":"https:\/\/fr.motocrossmag.be\/index.php\/wp-json\/wp\/v2\/comments?post=95593"}],"version-history":[{"count":0,"href":"https:\/\/fr.motocrossmag.be\/index.php\/wp-json\/wp\/v2\/posts\/95593\/revisions"}],"wp:featuredmedia":[{"embeddable":true,"href":"https:\/\/fr.motocrossmag.be\/index.php\/wp-json\/wp\/v2\/media\/95597"}],"wp:attachment":[{"href":"https:\/\/fr.motocrossmag.be\/index.php\/wp-json\/wp\/v2\/media?parent=95593"}],"wp:term":[{"taxonomy":"category","embeddable":true,"href":"https:\/\/fr.motocrossmag.be\/index.php\/wp-json\/wp\/v2\/categories?post=95593"},{"taxonomy":"post_tag","embeddable":true,"href":"https:\/\/fr.motocrossmag.be\/index.php\/wp-json\/wp\/v2\/tags?post=95593"}],"curies":[{"name":"wp","href":"https:\/\/api.w.org\/{rel}","templated":true}]}}