{"id":96101,"date":"2019-09-09T20:03:03","date_gmt":"2019-09-09T18:03:03","guid":{"rendered":"https:\/\/fr.motocrossmag.be\/?p=96101"},"modified":"2019-09-09T23:34:10","modified_gmt":"2019-09-09T21:34:10","slug":"antoine-magain-enleve-un-deuxieme-titre-de-champion-de-belgique-denduro","status":"publish","type":"post","link":"https:\/\/fr.motocrossmag.be\/index.php\/2019\/09\/antoine-magain-enleve-un-deuxieme-titre-de-champion-de-belgique-denduro\/","title":{"rendered":"Antoine Magain enl\u00e8ve un deuxi\u00e8me titre de champion de Belgique d&rsquo;enduro"},"content":{"rendered":"<p><strong>Vainqueur des 9 sp\u00e9ciales du jour, Antoine Magain a une fois de plus \u00e9clabouss\u00e9 l&rsquo;enduro belge de son talent. Au guidon de la KTM 250 2-temps qu&rsquo;il semble avoir d\u00e9finitivement adopt\u00e9e, le Nismois n&rsquo;a pas laiss\u00e9 planer l&rsquo;ombre d&rsquo;un doute quant \u00e0 l&rsquo;issue finale de cette 11\u00e8me journ\u00e9e de championnat disput\u00e9e \u00e0 Verdun, en France.<\/strong><\/p>\n<p>Encore une fois, c&rsquo;est un autre Nismois qui monte sur la deuxi\u00e8me marche du podium du jour. Matthew Vanoevelen place en effet sa Husqvarna \u00e0 1 minute et 11 secondes de Magain. Le Fran\u00e7ais Jonathan Rosse compl\u00e8te un podium au pied duquel on retrouve la Yamaha Zone Rouge de C\u00e9dric Cremer et la Husqvarna de Jilani Cambre. Chez les Inters, Mathias Van Hoof reprend 3 points \u00e0 Maxime Warenghien au provisoire en devan\u00e7ant le pilote Honda.<\/p>\n<p>A l&rsquo;exception de l&rsquo;\u00e9preuve d&rsquo;ouverture de la saison en Hollande, Antoine Magain a remport\u00e9 toutes les \u00e9preuves auxquelles il a particip\u00e9 cette saison sur le championnat belge. Il a sign\u00e9 dimanche son 8\u00e8me succ\u00e8s cons\u00e9cutif cette saison. L&rsquo;espoir belge de l&rsquo;enduro coiffe donc sa deuxi\u00e8me couronne nationale, quelques semaines apr\u00e8s s&rsquo;\u00eatre impos\u00e9 sur les 12 Heures de la Chinelle. La campagne mondiale n&rsquo;est pas termin\u00e9e mais le pilote KTM a vraisemblablement d\u00e9j\u00e0 r\u00e9ussi sa saison. Le patron actuel de l&rsquo;enduro belge, c&rsquo;est bien lui !<\/p>\n<p>&nbsp;<\/p>\n<p><span style=\"color: #800000;\"><strong>R\u00e9sultats<\/strong><\/span><\/p>\n<table style=\"margin: auto;\" width=\"97%\">\n<tbody>\n<tr>\n<td width=\"98\">PREST \/ INT<\/td>\n<td width=\"176\"><\/td>\n<td width=\"120\"><\/td>\n<td width=\"110\"><\/td>\n<\/tr>\n<tr>\n<td><\/td>\n<td><\/td>\n<td><\/td>\n<td><\/td>\n<\/tr>\n<tr>\n<td width=\"98\">1<\/td>\n<td width=\"176\">MAGAIN Antoine<\/td>\n<td width=\"120\">I\/PRES<\/td>\n<td width=\"110\">41:30.17<\/td>\n<\/tr>\n<tr>\n<td width=\"98\">2<\/td>\n<td width=\"176\">VANOEVELEN Matthew<\/td>\n<td width=\"120\">I\/PRES<\/td>\n<td width=\"110\">42:41.36<\/td>\n<\/tr>\n<tr>\n<td width=\"98\">3<\/td>\n<td width=\"176\">ROSSE Jonathan<\/td>\n<td width=\"120\">CH\/INT<\/td>\n<td width=\"110\">42:44.26<\/td>\n<\/tr>\n<tr>\n<td width=\"98\">4<\/td>\n<td width=\"176\">CREMER Cedric<\/td>\n<td width=\"120\">I\/PRES<\/td>\n<td width=\"110\">43:08.77<\/td>\n<\/tr>\n<tr>\n<td width=\"98\">5<\/td>\n<td width=\"176\">CAMBRE Jilani<\/td>\n<td width=\"120\">I\/PRES<\/td>\n<td width=\"110\">43:25.28<\/td>\n<\/tr>\n<tr>\n<td width=\"98\">6<\/td>\n<td width=\"176\">VAN HOOF Mathias<\/td>\n<td width=\"120\">BE\/I2-3<\/td>\n<td width=\"110\">43:25.29<\/td>\n<\/tr>\n<tr>\n<td width=\"98\">7<\/td>\n<td width=\"176\">MICHAUD Kelien<\/td>\n<td width=\"120\">CH\/INT<\/td>\n<td width=\"110\">44:23.89<\/td>\n<\/tr>\n<tr>\n<td width=\"98\">8<\/td>\n<td width=\"176\">ROBERT Christophe<\/td>\n<td width=\"120\">CH\/INT<\/td>\n<td width=\"110\">44:24.68<\/td>\n<\/tr>\n<tr>\n<td width=\"98\">9<\/td>\n<td width=\"176\">WARENGHIEN Maxime<\/td>\n<td width=\"120\">BE\/I2-3<\/td>\n<td width=\"110\">44:31.44<\/td>\n<\/tr>\n<tr>\n<td width=\"98\">10<\/td>\n<td width=\"176\">WAUTHIER Damien<\/td>\n<td width=\"120\">BE\/I1<\/td>\n<td width=\"110\">44:37.73<\/td>\n<\/tr>\n<tr>\n<td width=\"98\">11<\/td>\n<td width=\"176\">GEURTS Roel<\/td>\n<td width=\"120\">BE\/I2-3<\/td>\n<td width=\"110\">45:06.28<\/td>\n<\/tr>\n<tr>\n<td width=\"98\">12<\/td>\n<td width=\"176\">EVARD Cedric<\/td>\n<td width=\"120\">CH\/INT<\/td>\n<td width=\"110\">45:14.45<\/td>\n<\/tr>\n<tr>\n<td width=\"98\">13<\/td>\n<td width=\"176\">PASQUIER Arnaud<\/td>\n<td width=\"120\">CH\/INT<\/td>\n<td width=\"110\">45:21.35<\/td>\n<\/tr>\n<tr>\n<td width=\"98\">14<\/td>\n<td width=\"176\">HUNZIKER Luc<\/td>\n<td width=\"120\">CH\/JUN<\/td>\n<td width=\"110\">45:31.29<\/td>\n<\/tr>\n<tr>\n<td width=\"98\">15<\/td>\n<td width=\"176\">HERINNE Jeremy<\/td>\n<td width=\"120\">BE\/I1<\/td>\n<td width=\"110\">45:49.84<\/td>\n<\/tr>\n<tr>\n<td width=\"98\">16<\/td>\n<td width=\"176\">MONFORT Quentin<\/td>\n<td width=\"120\">BE\/I1<\/td>\n<td width=\"110\">46:10.70<\/td>\n<\/tr>\n<tr>\n<td width=\"98\">17<\/td>\n<td width=\"176\">LILLO Gauthier<\/td>\n<td width=\"120\">I\/PRES<\/td>\n<td width=\"110\">46:11.43<\/td>\n<\/tr>\n<tr>\n<td width=\"98\">18<\/td>\n<td width=\"176\">ABREU DA SILVA Pedro<\/td>\n<td width=\"120\">CH\/JUN<\/td>\n<td width=\"110\">46:18.55<\/td>\n<\/tr>\n<tr>\n<td width=\"98\">19<\/td>\n<td width=\"176\">BRAL Ludovic<\/td>\n<td width=\"120\">BE\/I1<\/td>\n<td width=\"110\">46:22.23<\/td>\n<\/tr>\n<tr>\n<td width=\"98\">20<\/td>\n<td width=\"176\">AMEY Alex<\/td>\n<td width=\"120\">CH\/INT<\/td>\n<td width=\"110\">46:54.37<\/td>\n<\/tr>\n<tr>\n<td width=\"98\">21<\/td>\n<td width=\"176\">KILCHENMANN Hansruedi<\/td>\n<td width=\"120\">CH\/INT<\/td>\n<td width=\"110\">46:58.98<\/td>\n<\/tr>\n<tr>\n<td width=\"98\">22<\/td>\n<td width=\"176\">VANDERHEYDEN Wim<\/td>\n<td width=\"120\">I\/PRES<\/td>\n<td width=\"110\">47:09.69<\/td>\n<\/tr>\n<tr>\n<td width=\"98\">23<\/td>\n<td width=\"176\">VANHOENACKER Dimitri<\/td>\n<td width=\"120\">I\/PRES<\/td>\n<td width=\"110\">47:14.78<\/td>\n<\/tr>\n<tr>\n<td width=\"98\">24<\/td>\n<td width=\"176\">ROHDE Ronny<\/td>\n<td width=\"120\">CH\/INT<\/td>\n<td width=\"110\">47:21.48<\/td>\n<\/tr>\n<tr>\n<td width=\"98\">25<\/td>\n<td width=\"176\">STEINMANN Vincent<\/td>\n<td width=\"120\">CH\/JUN<\/td>\n<td width=\"110\">48:17.07<\/td>\n<\/tr>\n<tr>\n<td width=\"98\">26<\/td>\n<td width=\"176\">DE SCHAEPMEESTER Jarne<\/td>\n<td width=\"120\">BE\/I2-3<\/td>\n<td width=\"110\">48:23.64<\/td>\n<\/tr>\n<tr>\n<td width=\"98\">27<\/td>\n<td width=\"176\">BAILLEUX Bertrand<\/td>\n<td width=\"120\">BE\/I2-3<\/td>\n<td width=\"110\">48:25.94<\/td>\n<\/tr>\n<tr>\n<td width=\"98\">28<\/td>\n<td width=\"176\">BEGON Loic<\/td>\n<td width=\"120\">BE\/I1<\/td>\n<td width=\"110\">48:34.08<\/td>\n<\/tr>\n<tr>\n<td width=\"98\">29<\/td>\n<td width=\"176\">BLONDEAU Zephir<\/td>\n<td width=\"120\">CH\/INT<\/td>\n<td width=\"110\">48:38.55<\/td>\n<\/tr>\n<tr>\n<td><\/td>\n<td><\/td>\n<td><\/td>\n<td><\/td>\n<\/tr>\n<tr>\n<td>L1<\/td>\n<td><\/td>\n<td><\/td>\n<td><\/td>\n<\/tr>\n<tr>\n<td><\/td>\n<td><\/td>\n<td><\/td>\n<td><\/td>\n<\/tr>\n<tr>\n<td width=\"98\">1<\/td>\n<td width=\"176\">VOGELS Hans<\/td>\n<td width=\"120\">L1\/E2<\/td>\n<td width=\"110\">43:50.26<\/td>\n<\/tr>\n<tr>\n<td width=\"98\">2<\/td>\n<td width=\"176\">CARRAS Antoine<\/td>\n<td width=\"120\">L1\/E2<\/td>\n<td width=\"110\">44:25.80<\/td>\n<\/tr>\n<tr>\n<td width=\"98\">3<\/td>\n<td width=\"176\">BRUIJSTEN Daan<\/td>\n<td width=\"120\">L1\/E2<\/td>\n<td width=\"110\">44:48.76<\/td>\n<\/tr>\n<tr>\n<td width=\"98\">4<\/td>\n<td width=\"176\">FLEURY Mickael<\/td>\n<td width=\"120\">L1\/E2<\/td>\n<td width=\"110\">45:12.77<\/td>\n<\/tr>\n<tr>\n<td width=\"98\">5<\/td>\n<td width=\"176\">PEDRINA Theo<\/td>\n<td width=\"120\">L1\/E1<\/td>\n<td width=\"110\">45:20.13<\/td>\n<\/tr>\n<tr>\n<td width=\"98\">6<\/td>\n<td width=\"176\">POMMIER Julien<\/td>\n<td width=\"120\">L1\/VET<\/td>\n<td width=\"110\">45:20.40<\/td>\n<\/tr>\n<tr>\n<td width=\"98\">7<\/td>\n<td width=\"176\">LORRAIN Eric<\/td>\n<td width=\"120\">L1\/E1<\/td>\n<td width=\"110\">45:29.93<\/td>\n<\/tr>\n<tr>\n<td width=\"98\">8<\/td>\n<td width=\"176\">JUILLARD Mathis<\/td>\n<td width=\"120\">L1\/E1<\/td>\n<td width=\"110\">45:37.55<\/td>\n<\/tr>\n<tr>\n<td width=\"98\">9<\/td>\n<td width=\"176\">GAUTHEROT Martin<\/td>\n<td width=\"120\">L1\/E1<\/td>\n<td width=\"110\">45:47.33<\/td>\n<\/tr>\n<tr>\n<td width=\"98\">10<\/td>\n<td width=\"176\">PAGET Yoann<\/td>\n<td width=\"120\">L1\/E2<\/td>\n<td width=\"110\">45:51.65<\/td>\n<\/tr>\n<tr>\n<td width=\"98\">11<\/td>\n<td width=\"176\">DUMOULIN Jean Ren\u00e9<\/td>\n<td width=\"120\">L1\/E2<\/td>\n<td width=\"110\">46:00.31<\/td>\n<\/tr>\n<tr>\n<td width=\"98\">12<\/td>\n<td width=\"176\">BROGLIO Anatole<\/td>\n<td width=\"120\">L1\/E1<\/td>\n<td width=\"110\">46:01.25<\/td>\n<\/tr>\n<tr>\n<td width=\"98\">13<\/td>\n<td width=\"176\">DERYCKE Lucas<\/td>\n<td width=\"120\">BE\/ESP2-3<\/td>\n<td width=\"110\">47:02.49<\/td>\n<\/tr>\n<tr>\n<td width=\"98\">14<\/td>\n<td width=\"176\">HUGOT Pierrick<\/td>\n<td width=\"120\">L1\/E1<\/td>\n<td width=\"110\">47:16.28<\/td>\n<\/tr>\n<tr>\n<td width=\"98\">15<\/td>\n<td width=\"176\">BLOND\u00e9 Gabin<\/td>\n<td width=\"120\">L1\/E1<\/td>\n<td width=\"110\">47:27.01<\/td>\n<\/tr>\n<tr>\n<td width=\"98\">16<\/td>\n<td width=\"176\">MATHIEU TROQUIER Mathieu<\/td>\n<td width=\"120\">L1\/E2<\/td>\n<td width=\"110\">47:28.29<\/td>\n<\/tr>\n<tr>\n<td width=\"98\">17<\/td>\n<td width=\"176\">FRYNS Ronny<\/td>\n<td width=\"120\">BE\/NAT1<\/td>\n<td width=\"110\">47:28.62<\/td>\n<\/tr>\n<tr>\n<td width=\"98\">18<\/td>\n<td width=\"176\">VANDERHEYDEN Mika<\/td>\n<td width=\"120\">BE\/ESP1<\/td>\n<td width=\"110\">47:39.19<\/td>\n<\/tr>\n<tr>\n<td width=\"98\">19<\/td>\n<td width=\"176\">ILTIS Joachim<\/td>\n<td width=\"120\">L1\/E3<\/td>\n<td width=\"110\">47:49.38<\/td>\n<\/tr>\n<tr>\n<td width=\"98\">20<\/td>\n<td width=\"176\">THOMAS Kevin<\/td>\n<td width=\"120\">BE\/ESP2-3<\/td>\n<td width=\"110\">47:53.66<\/td>\n<\/tr>\n<tr>\n<td width=\"98\">21<\/td>\n<td width=\"176\">DUMONT Teddy<\/td>\n<td width=\"120\">BE\/NAT2-3<\/td>\n<td width=\"110\">47:59.66<\/td>\n<\/tr>\n<tr>\n<td width=\"98\">22<\/td>\n<td width=\"176\">VINDEVOGEL Maxime<\/td>\n<td width=\"120\">BE\/NAT2-3<\/td>\n<td width=\"110\">48:15.02<\/td>\n<\/tr>\n<tr>\n<td width=\"98\">23<\/td>\n<td width=\"176\">STIBLING Florian<\/td>\n<td width=\"120\">L1\/E2<\/td>\n<td width=\"110\">48:31.22<\/td>\n<\/tr>\n<tr>\n<td width=\"98\">24<\/td>\n<td width=\"176\">JOERGER Nicolas<\/td>\n<td width=\"120\">L1\/VET<\/td>\n<td width=\"110\">48:31.24<\/td>\n<\/tr>\n<tr>\n<td width=\"98\">25<\/td>\n<td width=\"176\">BLANCHOT Valentin<\/td>\n<td width=\"120\">L1\/E3<\/td>\n<td width=\"110\">48:38.34<\/td>\n<\/tr>\n<tr>\n<td width=\"98\">26<\/td>\n<td width=\"176\">ROGET Brayanne<\/td>\n<td width=\"120\">L1\/E2<\/td>\n<td width=\"110\">48:46.51<\/td>\n<\/tr>\n<tr>\n<td width=\"98\">27<\/td>\n<td width=\"176\">STRIEVI Steve<\/td>\n<td width=\"120\">L1\/VET<\/td>\n<td width=\"110\">48:57.05<\/td>\n<\/tr>\n<tr>\n<td width=\"98\">28<\/td>\n<td width=\"176\">DEILLER Jean-christophe<\/td>\n<td width=\"120\">L1\/VET<\/td>\n<td width=\"110\">49:08.38<\/td>\n<\/tr>\n<tr>\n<td width=\"98\">29<\/td>\n<td width=\"176\">ROBERT Mike<\/td>\n<td width=\"120\">BE\/ESP2-3<\/td>\n<td width=\"110\">49:30.47<\/td>\n<\/tr>\n<tr>\n<td width=\"98\">30<\/td>\n<td width=\"176\">VANDENBULCKE Pierre<\/td>\n<td width=\"120\">BE\/ESP1<\/td>\n<td width=\"110\">49:40.73<\/td>\n<\/tr>\n<tr>\n<td width=\"98\">31<\/td>\n<td width=\"176\">MICHEL Bertrand<\/td>\n<td width=\"120\">L1\/VET<\/td>\n<td width=\"110\">49:53.66<\/td>\n<\/tr>\n<tr>\n<td width=\"98\">32<\/td>\n<td width=\"176\">MOUGIN Christophe<\/td>\n<td width=\"120\">L1\/VET<\/td>\n<td width=\"110\">50:06.36<\/td>\n<\/tr>\n<tr>\n<td width=\"98\">33<\/td>\n<td width=\"176\">BERGERET Alexandre<\/td>\n<td width=\"120\">L1\/E2<\/td>\n<td width=\"110\">50:16.66<\/td>\n<\/tr>\n<tr>\n<td width=\"98\">34<\/td>\n<td width=\"176\">ROBERT Steve<\/td>\n<td width=\"120\">BE\/NAT2-3<\/td>\n<td width=\"110\">50:21.15<\/td>\n<\/tr>\n<tr>\n<td width=\"98\">35<\/td>\n<td width=\"176\">KARST Yves<\/td>\n<td width=\"120\">L1\/VET<\/td>\n<td width=\"110\">50:46.75<\/td>\n<\/tr>\n<tr>\n<td width=\"98\">36<\/td>\n<td width=\"176\">MARECAL Hugo<\/td>\n<td width=\"120\">L1\/E2<\/td>\n<td width=\"110\">50:48.92<\/td>\n<\/tr>\n<tr>\n<td width=\"98\">37<\/td>\n<td width=\"176\">SPITZ Jonathan<\/td>\n<td width=\"120\">L1\/E2<\/td>\n<td width=\"110\">50:51.58<\/td>\n<\/tr>\n<tr>\n<td width=\"98\">38<\/td>\n<td width=\"176\">KARST Kilian<\/td>\n<td width=\"120\">L1\/E2<\/td>\n<td width=\"110\">51:16.16<\/td>\n<\/tr>\n<tr>\n<td width=\"98\">39<\/td>\n<td width=\"176\">ZUSSY Franck<\/td>\n<td width=\"120\">L1\/E3<\/td>\n<td width=\"110\">51:21.60<\/td>\n<\/tr>\n<tr>\n<td width=\"98\">40<\/td>\n<td width=\"176\">BR\u00e9DARD Laurent<\/td>\n<td width=\"120\">L1\/E2<\/td>\n<td width=\"110\">51:32.50<\/td>\n<\/tr>\n<tr>\n<td width=\"98\">41<\/td>\n<td width=\"176\">BAECHLER Mike<\/td>\n<td width=\"120\">L1\/E2<\/td>\n<td width=\"110\">51:48.97<\/td>\n<\/tr>\n<tr>\n<td width=\"98\">42<\/td>\n<td width=\"176\">JACQUES Cyril<\/td>\n<td width=\"120\">L1\/VET<\/td>\n<td width=\"110\">52:07.19<\/td>\n<\/tr>\n<tr>\n<td width=\"98\">43<\/td>\n<td width=\"176\">COLLIN Arthur<\/td>\n<td width=\"120\">BE\/ESP1<\/td>\n<td width=\"110\">52:24.46<\/td>\n<\/tr>\n<tr>\n<td width=\"98\">44<\/td>\n<td width=\"176\">VANDENBULCKE Guillaume<\/td>\n<td width=\"120\">BE\/ESP1<\/td>\n<td width=\"110\">52:33.79<\/td>\n<\/tr>\n<tr>\n<td width=\"98\">45<\/td>\n<td width=\"176\">MOUGEL David<\/td>\n<td width=\"120\">L1\/VET<\/td>\n<td width=\"110\">52:40.11<\/td>\n<\/tr>\n<tr>\n<td width=\"98\">46<\/td>\n<td width=\"176\">MYSLIWSKI Andr\u00e9<\/td>\n<td width=\"120\">L1\/E1<\/td>\n<td width=\"110\">55:28.47<\/td>\n<\/tr>\n<tr>\n<td width=\"98\">47<\/td>\n<td width=\"176\">REMOLEUR Erwan<\/td>\n<td width=\"120\">L1\/E3<\/td>\n<td width=\"110\">55:54.84<\/td>\n<\/tr>\n<tr>\n<td><\/td>\n<td><\/td>\n<td><\/td>\n<td><\/td>\n<\/tr>\n<tr>\n<td>L2<\/td>\n<td><\/td>\n<td><\/td>\n<td><\/td>\n<\/tr>\n<tr>\n<td><\/td>\n<td><\/td>\n<td><\/td>\n<td><\/td>\n<\/tr>\n<tr>\n<td width=\"98\">1<\/td>\n<td width=\"176\">BRESSON Johann<\/td>\n<td width=\"120\">L2\/E2<\/td>\n<td width=\"110\">30:30.37<\/td>\n<\/tr>\n<tr>\n<td width=\"98\">2<\/td>\n<td width=\"176\">LOCATELLI Cl\u00e9ment<\/td>\n<td width=\"120\">L2\/E1<\/td>\n<td width=\"110\">30:56.64<\/td>\n<\/tr>\n<tr>\n<td width=\"98\">3<\/td>\n<td width=\"176\">ACKERMANN Ueli<\/td>\n<td width=\"120\">L2\/CH O<\/td>\n<td width=\"110\">31:01.28<\/td>\n<\/tr>\n<tr>\n<td width=\"98\">4<\/td>\n<td width=\"176\">VUKCEVIC Michael<\/td>\n<td width=\"120\">BE\/GEN<\/td>\n<td width=\"110\">31:13.09<\/td>\n<\/tr>\n<tr>\n<td width=\"98\">5<\/td>\n<td width=\"176\">K\u00c3-LLIKER Sandro<\/td>\n<td width=\"120\">L2\/CH O<\/td>\n<td width=\"110\">31:40.11<\/td>\n<\/tr>\n<tr>\n<td width=\"98\">6<\/td>\n<td width=\"176\">SCHIRMER Jeremy<\/td>\n<td width=\"120\">L2\/E1<\/td>\n<td width=\"110\">31:46.45<\/td>\n<\/tr>\n<tr>\n<td width=\"98\">7<\/td>\n<td width=\"176\">ZIMMERMANN Axel<\/td>\n<td width=\"120\">L2\/E2<\/td>\n<td width=\"110\">31:49.38<\/td>\n<\/tr>\n<tr>\n<td width=\"98\">8<\/td>\n<td width=\"176\">FORGIARINI Dgani<\/td>\n<td width=\"120\">BE\/JUN1<\/td>\n<td width=\"110\">31:54.56<\/td>\n<\/tr>\n<tr>\n<td width=\"98\">9<\/td>\n<td width=\"176\">PETERMANN Nicolas<\/td>\n<td width=\"120\">L2\/CH O<\/td>\n<td width=\"110\">32:00.90<\/td>\n<\/tr>\n<tr>\n<td width=\"98\">10<\/td>\n<td width=\"176\">BARGIBANT Christopher<\/td>\n<td width=\"120\">BE\/JUN2-3<\/td>\n<td width=\"110\">32:03.53<\/td>\n<\/tr>\n<tr>\n<td width=\"98\">11<\/td>\n<td width=\"176\">ZELLER Hubert<\/td>\n<td width=\"120\">L2\/CH SEN<\/td>\n<td width=\"110\">32:03.57<\/td>\n<\/tr>\n<tr>\n<td width=\"98\">12<\/td>\n<td width=\"176\">GAERTNER Thierry<\/td>\n<td width=\"120\">L2\/VET<\/td>\n<td width=\"110\">32:11.40<\/td>\n<\/tr>\n<tr>\n<td width=\"98\">13<\/td>\n<td width=\"176\">BLATTER Dominic<\/td>\n<td width=\"120\">L2\/CH J<\/td>\n<td width=\"110\">32:15.58<\/td>\n<\/tr>\n<tr>\n<td width=\"98\">14<\/td>\n<td width=\"176\">MONFORT Bruno<\/td>\n<td width=\"120\">BE\/EXP<\/td>\n<td width=\"110\">32:16.26<\/td>\n<\/tr>\n<tr>\n<td width=\"98\">15<\/td>\n<td width=\"176\">KAMBER Robert<\/td>\n<td width=\"120\">L2\/CH SEN<\/td>\n<td width=\"110\">32:16.38<\/td>\n<\/tr>\n<tr>\n<td width=\"98\">16<\/td>\n<td width=\"176\">BEBRONNE Jeremy<\/td>\n<td width=\"120\">BE\/JUN2-3<\/td>\n<td width=\"110\">32:18.72<\/td>\n<\/tr>\n<tr>\n<td width=\"98\">17<\/td>\n<td width=\"176\">NECTOUX Romain<\/td>\n<td width=\"120\">L2\/E3<\/td>\n<td width=\"110\">32:25.51<\/td>\n<\/tr>\n<tr>\n<td width=\"98\">18<\/td>\n<td width=\"176\">BARGIBANT Donovan<\/td>\n<td width=\"120\">BE\/JUN2-3<\/td>\n<td width=\"110\">32:26.32<\/td>\n<\/tr>\n<tr>\n<td width=\"98\">19<\/td>\n<td width=\"176\">VANMARCKE Olivier<\/td>\n<td width=\"120\">BE\/GEN<\/td>\n<td width=\"110\">32:32.50<\/td>\n<\/tr>\n<tr>\n<td width=\"98\">20<\/td>\n<td width=\"176\">HAXHE Olivier<\/td>\n<td width=\"120\">BE\/JUN2-3<\/td>\n<td width=\"110\">32:33.20<\/td>\n<\/tr>\n<tr>\n<td width=\"98\">21<\/td>\n<td width=\"176\">QUIROGA Nicolas<\/td>\n<td width=\"120\">L2\/E2<\/td>\n<td width=\"110\">32:34.21<\/td>\n<\/tr>\n<tr>\n<td width=\"98\">22<\/td>\n<td width=\"176\">SALM Loic<\/td>\n<td width=\"120\">L2\/E2<\/td>\n<td width=\"110\">32:34.35<\/td>\n<\/tr>\n<tr>\n<td width=\"98\">23<\/td>\n<td width=\"176\">GUIDEMANN Loic<\/td>\n<td width=\"120\">L2\/E3<\/td>\n<td width=\"110\">32:36.50<\/td>\n<\/tr>\n<tr>\n<td width=\"98\">24<\/td>\n<td width=\"176\">NOBELS Nicolas<\/td>\n<td width=\"120\">BE\/GEN<\/td>\n<td width=\"110\">32:37.28<\/td>\n<\/tr>\n<tr>\n<td width=\"98\">25<\/td>\n<td width=\"176\">MAURER Lukas<\/td>\n<td width=\"120\">L2\/CH J<\/td>\n<td width=\"110\">32:41.70<\/td>\n<\/tr>\n<tr>\n<td width=\"98\">26<\/td>\n<td width=\"176\">MERLIER Logan<\/td>\n<td width=\"120\">L2\/E2<\/td>\n<td width=\"110\">32:41.96<\/td>\n<\/tr>\n<tr>\n<td width=\"98\">27<\/td>\n<td width=\"176\">NEUKOMM Tristan<\/td>\n<td width=\"120\">L2\/CH O<\/td>\n<td width=\"110\">32:42.78<\/td>\n<\/tr>\n<tr>\n<td width=\"98\">28<\/td>\n<td width=\"176\">THOMAS Hugo<\/td>\n<td width=\"120\">L2\/E3<\/td>\n<td width=\"110\">32:44.30<\/td>\n<\/tr>\n<tr>\n<td width=\"98\">29<\/td>\n<td width=\"176\">DELSUPEXHE Joel<\/td>\n<td width=\"120\">BE\/EXP<\/td>\n<td width=\"110\">32:46.61<\/td>\n<\/tr>\n<tr>\n<td width=\"98\">30<\/td>\n<td width=\"176\">WILLIMANN Reto<\/td>\n<td width=\"120\">L2\/CH SEN<\/td>\n<td width=\"110\">32:49.03<\/td>\n<\/tr>\n<tr>\n<td width=\"98\">31<\/td>\n<td width=\"176\">BRITSCHGI Pirmin<\/td>\n<td width=\"120\">L2\/CH O<\/td>\n<td width=\"110\">32:50.83<\/td>\n<\/tr>\n<tr>\n<td width=\"98\">32<\/td>\n<td width=\"176\">EVELETTE Willy<\/td>\n<td width=\"120\">BE\/GEN<\/td>\n<td width=\"110\">32:51.80<\/td>\n<\/tr>\n<tr>\n<td width=\"98\">33<\/td>\n<td width=\"176\">VOGEL Marcel<\/td>\n<td width=\"120\">L2\/CH O<\/td>\n<td width=\"110\">32:56.65<\/td>\n<\/tr>\n<tr>\n<td width=\"98\">34<\/td>\n<td width=\"176\">PANZERI Raffael<\/td>\n<td width=\"120\">L2\/CH O<\/td>\n<td width=\"110\">33:03.56<\/td>\n<\/tr>\n<tr>\n<td width=\"98\">35<\/td>\n<td width=\"176\">HENRARD Philippe<\/td>\n<td width=\"120\">BE\/JUN2-3<\/td>\n<td width=\"110\">33:05.27<\/td>\n<\/tr>\n<tr>\n<td width=\"98\">36<\/td>\n<td width=\"176\">HUNZIKER Simon<\/td>\n<td width=\"120\">L2\/CH O<\/td>\n<td width=\"110\">33:06.11<\/td>\n<\/tr>\n<tr>\n<td width=\"98\">37<\/td>\n<td width=\"176\">GAILLARD Steve<\/td>\n<td width=\"120\">BE\/GEN<\/td>\n<td width=\"110\">33:09.04<\/td>\n<\/tr>\n<tr>\n<td width=\"98\">38<\/td>\n<td width=\"176\">SLUSE Vincent<\/td>\n<td width=\"120\">BE\/EXP<\/td>\n<td width=\"110\">33:13.06<\/td>\n<\/tr>\n<tr>\n<td width=\"98\">39<\/td>\n<td width=\"176\">PIETERSEN Gareth<\/td>\n<td width=\"120\">L2\/CH O<\/td>\n<td width=\"110\">33:15.45<\/td>\n<\/tr>\n<tr>\n<td width=\"98\">40<\/td>\n<td width=\"176\">WOJTRZYK Guillaume<\/td>\n<td width=\"120\">L2\/E1<\/td>\n<td width=\"110\">33:29.93<\/td>\n<\/tr>\n<tr>\n<td width=\"98\">41<\/td>\n<td width=\"176\">AMBEIS Adrien<\/td>\n<td width=\"120\">L2\/E3<\/td>\n<td width=\"110\">33:32.39<\/td>\n<\/tr>\n<tr>\n<td width=\"98\">42<\/td>\n<td width=\"176\">GLATZ Baptiste<\/td>\n<td width=\"120\">L2\/CH J<\/td>\n<td width=\"110\">33:33.13<\/td>\n<\/tr>\n<tr>\n<td width=\"98\">43<\/td>\n<td width=\"176\">SCHEEN Pierre<\/td>\n<td width=\"120\">BE\/EXP<\/td>\n<td width=\"110\">33:34.37<\/td>\n<\/tr>\n<tr>\n<td width=\"98\">44<\/td>\n<td width=\"176\">LANG Mich<\/td>\n<td width=\"120\">L2\/E1<\/td>\n<td width=\"110\">33:39.53<\/td>\n<\/tr>\n<tr>\n<td width=\"98\">45<\/td>\n<td width=\"176\">GARY Loic<\/td>\n<td width=\"120\">L2\/E2<\/td>\n<td width=\"110\">33:43.14<\/td>\n<\/tr>\n<tr>\n<td width=\"98\">46<\/td>\n<td width=\"176\">DENIS Christophe<\/td>\n<td width=\"120\">L2\/VET<\/td>\n<td width=\"110\">33:46.66<\/td>\n<\/tr>\n<tr>\n<td width=\"98\">47<\/td>\n<td width=\"176\">BESSE Maxence<\/td>\n<td width=\"120\">L2\/CH J<\/td>\n<td width=\"110\">33:47.65<\/td>\n<\/tr>\n<tr>\n<td width=\"98\">48<\/td>\n<td width=\"176\">ROTHLIN Jan<\/td>\n<td width=\"120\">L2\/CH J<\/td>\n<td width=\"110\">33:49.88<\/td>\n<\/tr>\n<tr>\n<td width=\"98\">49<\/td>\n<td width=\"176\">FELS Francis<\/td>\n<td width=\"120\">L2\/SVET<\/td>\n<td width=\"110\">33:50.36<\/td>\n<\/tr>\n<tr>\n<td width=\"98\">50<\/td>\n<td width=\"176\">B\u00c3oRGLER Andi<\/td>\n<td width=\"120\">L2\/CH O<\/td>\n<td width=\"110\">33:50.49<\/td>\n<\/tr>\n<tr>\n<td width=\"98\">51<\/td>\n<td width=\"176\">SCHULZE Roberto<\/td>\n<td width=\"120\">L2\/CH J<\/td>\n<td width=\"110\">33:51.19<\/td>\n<\/tr>\n<tr>\n<td width=\"98\">52<\/td>\n<td width=\"176\">ALBERT Thomas<\/td>\n<td width=\"120\">L2\/VET<\/td>\n<td width=\"110\">33:51.54<\/td>\n<\/tr>\n<tr>\n<td width=\"98\">53<\/td>\n<td width=\"176\">PESCAY Fabien<\/td>\n<td width=\"120\">L2\/E2<\/td>\n<td width=\"110\">33:54.43<\/td>\n<\/tr>\n<tr>\n<td width=\"98\">54<\/td>\n<td width=\"176\">DE MOOR Charles Edouard<\/td>\n<td width=\"120\">BE\/JUN1<\/td>\n<td width=\"110\">33:54.43<\/td>\n<\/tr>\n<tr>\n<td width=\"98\">55<\/td>\n<td width=\"176\">CALCAGNINI Michael<\/td>\n<td width=\"120\">BE\/GEN<\/td>\n<td width=\"110\">33:54.74<\/td>\n<\/tr>\n<tr>\n<td width=\"98\">56<\/td>\n<td width=\"176\">DEBOU Alexis<\/td>\n<td width=\"120\">L2\/E1<\/td>\n<td width=\"110\">33:55.48<\/td>\n<\/tr>\n<tr>\n<td width=\"98\">57<\/td>\n<td width=\"176\">DANJEAN Maxime<\/td>\n<td width=\"120\">L2\/E2<\/td>\n<td width=\"110\">34:08.10<\/td>\n<\/tr>\n<tr>\n<td width=\"98\">58<\/td>\n<td width=\"176\">MUNERET Fabrice<\/td>\n<td width=\"120\">L2\/SVET<\/td>\n<td width=\"110\">34:09.32<\/td>\n<\/tr>\n<tr>\n<td width=\"98\">59<\/td>\n<td width=\"176\">NOETHIGER Matthieu<\/td>\n<td width=\"120\">L2\/E2<\/td>\n<td width=\"110\">34:17.82<\/td>\n<\/tr>\n<tr>\n<td width=\"98\">60<\/td>\n<td width=\"176\">LAHAYE Michel<\/td>\n<td width=\"120\">BE\/EXP<\/td>\n<td width=\"110\">34:21.28<\/td>\n<\/tr>\n<tr>\n<td width=\"98\">61<\/td>\n<td width=\"176\">HUKALO Brice<\/td>\n<td width=\"120\">L2\/50<\/td>\n<td width=\"110\">34:28.78<\/td>\n<\/tr>\n<tr>\n<td width=\"98\">62<\/td>\n<td width=\"176\">GRISIER Simon<\/td>\n<td width=\"120\">L2\/E1<\/td>\n<td width=\"110\">34:34.18<\/td>\n<\/tr>\n<tr>\n<td width=\"98\">63<\/td>\n<td width=\"176\">COUCKE Bert<\/td>\n<td width=\"120\">BE\/EXP<\/td>\n<td width=\"110\">34:35.22<\/td>\n<\/tr>\n<tr>\n<td width=\"98\">64<\/td>\n<td width=\"176\">RAMSEIER Vincent<\/td>\n<td width=\"120\">L2\/CH O<\/td>\n<td width=\"110\">34:37.38<\/td>\n<\/tr>\n<tr>\n<td width=\"98\">65<\/td>\n<td width=\"176\">VINKEN Quentin<\/td>\n<td width=\"120\">BE\/JUN1<\/td>\n<td width=\"110\">34:37.56<\/td>\n<\/tr>\n<tr>\n<td width=\"98\">66<\/td>\n<td width=\"176\">COCH\u00e9 Thomas<\/td>\n<td width=\"120\">L2\/E2<\/td>\n<td width=\"110\">34:41.69<\/td>\n<\/tr>\n<tr>\n<td width=\"98\">67<\/td>\n<td width=\"176\">MICHALET Alexandre<\/td>\n<td width=\"120\">L2\/E2<\/td>\n<td width=\"110\">34:44.34<\/td>\n<\/tr>\n<tr>\n<td width=\"98\">68<\/td>\n<td width=\"176\">BUEHLER Chris<\/td>\n<td width=\"120\">L2\/CH J<\/td>\n<td width=\"110\">34:48.16<\/td>\n<\/tr>\n<tr>\n<td width=\"98\">69<\/td>\n<td width=\"176\">GRUTER Reto<\/td>\n<td width=\"120\">L2\/CH O<\/td>\n<td width=\"110\">34:57.70<\/td>\n<\/tr>\n<tr>\n<td width=\"98\">70<\/td>\n<td width=\"176\">PEZZINI Anthony<\/td>\n<td width=\"120\">L2\/E2<\/td>\n<td width=\"110\">34:57.82<\/td>\n<\/tr>\n<tr>\n<td width=\"98\">71<\/td>\n<td width=\"176\">POULET Stephane<\/td>\n<td width=\"120\">L2\/VET<\/td>\n<td width=\"110\">34:57.86<\/td>\n<\/tr>\n<tr>\n<td width=\"98\">72<\/td>\n<td width=\"176\">ROBERT Jean &#8211; Michel<\/td>\n<td width=\"120\">BE\/EXP<\/td>\n<td width=\"110\">34:59.37<\/td>\n<\/tr>\n<tr>\n<td width=\"98\">73<\/td>\n<td width=\"176\">SCHWARZENTRUBER Fabien<\/td>\n<td width=\"120\">L2\/CH O<\/td>\n<td width=\"110\">34:59.79<\/td>\n<\/tr>\n<tr>\n<td width=\"98\">74<\/td>\n<td width=\"176\">L\u00c3oSCHER Fabian<\/td>\n<td width=\"120\">L2\/CH O<\/td>\n<td width=\"110\">35:02.17<\/td>\n<\/tr>\n<tr>\n<td width=\"98\">75<\/td>\n<td width=\"176\">DELSAUT Lionel<\/td>\n<td width=\"120\">L2\/E1<\/td>\n<td width=\"110\">35:02.34<\/td>\n<\/tr>\n<tr>\n<td width=\"98\">76<\/td>\n<td width=\"176\">ROLAND Benoit<\/td>\n<td width=\"120\">BE\/JUN2-3<\/td>\n<td width=\"110\">35:05.57<\/td>\n<\/tr>\n<tr>\n<td width=\"98\">77<\/td>\n<td width=\"176\">FRANCOIS Hugues<\/td>\n<td width=\"120\">L2\/SVET<\/td>\n<td width=\"110\">35:12.99<\/td>\n<\/tr>\n<tr>\n<td width=\"98\">78<\/td>\n<td width=\"176\">LAMBOIS Jacky<\/td>\n<td width=\"120\">BE\/EXP<\/td>\n<td width=\"110\">35:16.59<\/td>\n<\/tr>\n<tr>\n<td width=\"98\">79<\/td>\n<td width=\"176\">LHERITIER Julien<\/td>\n<td width=\"120\">L2\/VET<\/td>\n<td width=\"110\">35:17.29<\/td>\n<\/tr>\n<tr>\n<td width=\"98\">80<\/td>\n<td width=\"176\">CLAUDE Johan<\/td>\n<td width=\"120\">L2\/E2<\/td>\n<td width=\"110\">35:18.51<\/td>\n<\/tr>\n<tr>\n<td width=\"98\">81<\/td>\n<td width=\"176\">SCHEFFER Charly<\/td>\n<td width=\"120\">L2\/E1<\/td>\n<td width=\"110\">35:19.02<\/td>\n<\/tr>\n<tr>\n<td width=\"98\">82<\/td>\n<td width=\"176\">MARCHESANI Clement<\/td>\n<td width=\"120\">L2\/E3<\/td>\n<td width=\"110\">35:19.92<\/td>\n<\/tr>\n<tr>\n<td width=\"98\">83<\/td>\n<td width=\"176\">RAMSER Samuel<\/td>\n<td width=\"120\">L2\/CH O<\/td>\n<td width=\"110\">35:20.23<\/td>\n<\/tr>\n<tr>\n<td width=\"98\">84<\/td>\n<td width=\"176\">DOUEL Olivier<\/td>\n<td width=\"120\">L2\/E1<\/td>\n<td width=\"110\">35:24.37<\/td>\n<\/tr>\n<tr>\n<td width=\"98\">85<\/td>\n<td width=\"176\">CHEVREUX Inouk<\/td>\n<td width=\"120\">L2\/E2<\/td>\n<td width=\"110\">35:25.00<\/td>\n<\/tr>\n<tr>\n<td width=\"98\">86<\/td>\n<td width=\"176\">SCHROTH Louis<\/td>\n<td width=\"120\">L2\/E2<\/td>\n<td width=\"110\">35:25.26<\/td>\n<\/tr>\n<tr>\n<td width=\"98\">87<\/td>\n<td width=\"176\">REMY Jean-charles<\/td>\n<td width=\"120\">BE\/JUN1<\/td>\n<td width=\"110\">35:27.08<\/td>\n<\/tr>\n<tr>\n<td width=\"98\">88<\/td>\n<td width=\"176\">LETRILLARD Eric<\/td>\n<td width=\"120\">L2\/E3<\/td>\n<td width=\"110\">35:31.08<\/td>\n<\/tr>\n<tr>\n<td width=\"98\">89<\/td>\n<td width=\"176\">VANCRANENBROECK Lawrence<\/td>\n<td width=\"120\">BE\/JUN1<\/td>\n<td width=\"110\">35:35.96<\/td>\n<\/tr>\n<tr>\n<td width=\"98\">90<\/td>\n<td width=\"176\">VON BERGEN Evan<\/td>\n<td width=\"120\">L2\/CH J<\/td>\n<td width=\"110\">35:36.04<\/td>\n<\/tr>\n<tr>\n<td width=\"98\">91<\/td>\n<td width=\"176\">WIRT Olivier<\/td>\n<td width=\"120\">L2\/CH O<\/td>\n<td width=\"110\">35:36.36<\/td>\n<\/tr>\n<tr>\n<td width=\"98\">92<\/td>\n<td width=\"176\">LAQUEUE J\u00e9rOme<\/td>\n<td width=\"120\">L2\/E1<\/td>\n<td width=\"110\">35:36.54<\/td>\n<\/tr>\n<tr>\n<td width=\"98\">93<\/td>\n<td width=\"176\">RIAT Delphine<\/td>\n<td width=\"120\">L2\/CH O<\/td>\n<td width=\"110\">35:45.57<\/td>\n<\/tr>\n<tr>\n<td width=\"98\">94<\/td>\n<td width=\"176\">VERVONDEL Thomas<\/td>\n<td width=\"120\">BE\/JUN2-3<\/td>\n<td width=\"110\">35:46.46<\/td>\n<\/tr>\n<tr>\n<td width=\"98\">95<\/td>\n<td width=\"176\">MILLOT Anthony<\/td>\n<td width=\"120\">L2\/E2<\/td>\n<td width=\"110\">35:46.81<\/td>\n<\/tr>\n<tr>\n<td width=\"98\">96<\/td>\n<td width=\"176\">VAUTRINOT Kevin<\/td>\n<td width=\"120\">L2\/E3<\/td>\n<td width=\"110\">35:48.59<\/td>\n<\/tr>\n<tr>\n<td width=\"98\">97<\/td>\n<td width=\"176\">BAUER Nicolas<\/td>\n<td width=\"120\">L2\/E3<\/td>\n<td width=\"110\">35:53.61<\/td>\n<\/tr>\n<tr>\n<td width=\"98\">98<\/td>\n<td width=\"176\">MUNIER Thomas<\/td>\n<td width=\"120\">L2\/VET<\/td>\n<td width=\"110\">35:53.67<\/td>\n<\/tr>\n<tr>\n<td width=\"98\">99<\/td>\n<td width=\"176\">DUBOZ Simon<\/td>\n<td width=\"120\">L2\/E2<\/td>\n<td width=\"110\">35:53.95<\/td>\n<\/tr>\n<tr>\n<td width=\"98\">100<\/td>\n<td width=\"176\">ROBERT Vincent<\/td>\n<td width=\"120\">BE\/EXP<\/td>\n<td width=\"110\">35:55.55<\/td>\n<\/tr>\n<tr>\n<td width=\"98\">101<\/td>\n<td width=\"176\">PHILIPS Hendrik<\/td>\n<td width=\"120\">BE\/JUN2-3<\/td>\n<td width=\"110\">35:59.95<\/td>\n<\/tr>\n<tr>\n<td width=\"98\">102<\/td>\n<td width=\"176\">LAMBIN Cedric<\/td>\n<td width=\"120\">L2\/E1<\/td>\n<td width=\"110\">36:05.45<\/td>\n<\/tr>\n<tr>\n<td width=\"98\">103<\/td>\n<td width=\"176\">MORENO Michael<\/td>\n<td width=\"120\">L2\/E2<\/td>\n<td width=\"110\">36:05.71<\/td>\n<\/tr>\n<tr>\n<td width=\"98\">104<\/td>\n<td width=\"176\">HEUILLON Antoine<\/td>\n<td width=\"120\">L2\/E1<\/td>\n<td width=\"110\">36:10.09<\/td>\n<\/tr>\n<tr>\n<td width=\"98\">105<\/td>\n<td width=\"176\">GIAFFERI Dominique<\/td>\n<td width=\"120\">L2\/SVET<\/td>\n<td width=\"110\">36:10.70<\/td>\n<\/tr>\n<tr>\n<td width=\"98\">106<\/td>\n<td width=\"176\">JACQUIN Sebastien<\/td>\n<td width=\"120\">L2\/VET<\/td>\n<td width=\"110\">36:10.95<\/td>\n<\/tr>\n<tr>\n<td width=\"98\">107<\/td>\n<td width=\"176\">BESSIERES Nicolas<\/td>\n<td width=\"120\">L2\/E1<\/td>\n<td width=\"110\">36:12.02<\/td>\n<\/tr>\n<tr>\n<td width=\"98\">108<\/td>\n<td width=\"176\">VANNESTE Christopher<\/td>\n<td width=\"120\">BE\/GEN<\/td>\n<td width=\"110\">36:16.87<\/td>\n<\/tr>\n<tr>\n<td width=\"98\">109<\/td>\n<td width=\"176\">ROSSE Jean-Daniel<\/td>\n<td width=\"120\">L2\/CH SEN<\/td>\n<td width=\"110\">36:18.36<\/td>\n<\/tr>\n<tr>\n<td width=\"98\">110<\/td>\n<td width=\"176\">WIESEN Cyril<\/td>\n<td width=\"120\">L2\/E2<\/td>\n<td width=\"110\">36:20.12<\/td>\n<\/tr>\n<tr>\n<td width=\"98\">111<\/td>\n<td width=\"176\">HOUGNON Philippe<\/td>\n<td width=\"120\">L2\/SVET<\/td>\n<td width=\"110\">36:22.42<\/td>\n<\/tr>\n<tr>\n<td width=\"98\">112<\/td>\n<td width=\"176\">CHALANT Thierry<\/td>\n<td width=\"120\">BE\/EXP<\/td>\n<td width=\"110\">36:22.64<\/td>\n<\/tr>\n<tr>\n<td width=\"98\">113<\/td>\n<td width=\"176\">VAN MEERHAEGHE Carl<\/td>\n<td width=\"120\">BE\/EXP<\/td>\n<td width=\"110\">36:23.54<\/td>\n<\/tr>\n<tr>\n<td width=\"98\">114<\/td>\n<td width=\"176\">PINOT Alexandre<\/td>\n<td width=\"120\">L2\/SVET<\/td>\n<td width=\"110\">36:24.54<\/td>\n<\/tr>\n<tr>\n<td width=\"98\">115<\/td>\n<td width=\"176\">MONTICOLO Steve<\/td>\n<td width=\"120\">L2\/E3<\/td>\n<td width=\"110\">36:35.31<\/td>\n<\/tr>\n<tr>\n<td width=\"98\">116<\/td>\n<td width=\"176\">CHARPENTIER Emmanuel<\/td>\n<td width=\"120\">L2\/SVET<\/td>\n<td width=\"110\">36:36.11<\/td>\n<\/tr>\n<tr>\n<td width=\"98\">117<\/td>\n<td width=\"176\">GERARD Nicolas<\/td>\n<td width=\"120\">L2\/E1<\/td>\n<td width=\"110\">36:38.26<\/td>\n<\/tr>\n<tr>\n<td width=\"98\">118<\/td>\n<td width=\"176\">BONTE Stijn<\/td>\n<td width=\"120\">BE\/GEN<\/td>\n<td width=\"110\">36:46.21<\/td>\n<\/tr>\n<tr>\n<td width=\"98\">119<\/td>\n<td width=\"176\">TOULOUSE Guillaume<\/td>\n<td width=\"120\">L2\/E2<\/td>\n<td width=\"110\">36:46.76<\/td>\n<\/tr>\n<tr>\n<td width=\"98\">120<\/td>\n<td width=\"176\">LEGLISE Sebastien<\/td>\n<td width=\"120\">L2\/E1<\/td>\n<td width=\"110\">36:51.32<\/td>\n<\/tr>\n<tr>\n<td width=\"98\">121<\/td>\n<td width=\"176\">GUERRERO Jean Philippe<\/td>\n<td width=\"120\">L2\/VET<\/td>\n<td width=\"110\">37:01.07<\/td>\n<\/tr>\n<tr>\n<td width=\"98\">122<\/td>\n<td width=\"176\">BIZZARRO Vincent<\/td>\n<td width=\"120\">BE\/EXP<\/td>\n<td width=\"110\">37:01.62<\/td>\n<\/tr>\n<tr>\n<td width=\"98\">123<\/td>\n<td width=\"176\">MERLIER Jonathan<\/td>\n<td width=\"120\">L2\/VET<\/td>\n<td width=\"110\">37:04.54<\/td>\n<\/tr>\n<tr>\n<td width=\"98\">124<\/td>\n<td width=\"176\">JANO Paul<\/td>\n<td width=\"120\">L2\/SVET<\/td>\n<td width=\"110\">37:05.05<\/td>\n<\/tr>\n<tr>\n<td width=\"98\">125<\/td>\n<td width=\"176\">BAGUETTE Corneille<\/td>\n<td width=\"120\">BE\/EXP<\/td>\n<td width=\"110\">37:06.50<\/td>\n<\/tr>\n<tr>\n<td width=\"98\">126<\/td>\n<td width=\"176\">MARCHAL Elise<\/td>\n<td width=\"120\">L2\/FEM<\/td>\n<td width=\"110\">37:08.88<\/td>\n<\/tr>\n<tr>\n<td width=\"98\">127<\/td>\n<td width=\"176\">DEBOUT Jacques<\/td>\n<td width=\"120\">L2\/SVET<\/td>\n<td width=\"110\">37:16.64<\/td>\n<\/tr>\n<tr>\n<td width=\"98\">128<\/td>\n<td width=\"176\">TRAN Jean Marc<\/td>\n<td width=\"120\">L2\/SVET<\/td>\n<td width=\"110\">37:17.38<\/td>\n<\/tr>\n<tr>\n<td width=\"98\">129<\/td>\n<td width=\"176\">PECHEUR Gaetan<\/td>\n<td width=\"120\">L2\/E3<\/td>\n<td width=\"110\">37:30.61<\/td>\n<\/tr>\n<tr>\n<td width=\"98\">130<\/td>\n<td width=\"176\">VAUTRINOT Lo\u00efc<\/td>\n<td width=\"120\">L2\/E3<\/td>\n<td width=\"110\">37:36.71<\/td>\n<\/tr>\n<tr>\n<td width=\"98\">131<\/td>\n<td width=\"176\">LANZI Rocky<\/td>\n<td width=\"120\">L2\/E2<\/td>\n<td width=\"110\">37:37.79<\/td>\n<\/tr>\n<tr>\n<td width=\"98\">132<\/td>\n<td width=\"176\">DECLERCQ Eddy<\/td>\n<td width=\"120\">BE\/EXP<\/td>\n<td width=\"110\">37:47.04<\/td>\n<\/tr>\n<tr>\n<td width=\"98\">133<\/td>\n<td width=\"176\">GERARD David<\/td>\n<td width=\"120\">L2\/E2<\/td>\n<td width=\"110\">37:48.00<\/td>\n<\/tr>\n<tr>\n<td width=\"98\">134<\/td>\n<td width=\"176\">COMOLI Frantz<\/td>\n<td width=\"120\">L2\/E1<\/td>\n<td width=\"110\">37:52.36<\/td>\n<\/tr>\n<tr>\n<td width=\"98\">135<\/td>\n<td width=\"176\">CONSCIENCE Regis<\/td>\n<td width=\"120\">L2\/VET<\/td>\n<td width=\"110\">37:57.10<\/td>\n<\/tr>\n<tr>\n<td width=\"98\">136<\/td>\n<td width=\"176\">PIRSON Reynald<\/td>\n<td width=\"120\">L2\/E2<\/td>\n<td width=\"110\">38:04.15<\/td>\n<\/tr>\n<tr>\n<td width=\"98\">137<\/td>\n<td width=\"176\">HENRY Damien<\/td>\n<td width=\"120\">L2\/E2<\/td>\n<td width=\"110\">38:06.78<\/td>\n<\/tr>\n<tr>\n<td width=\"98\">138<\/td>\n<td width=\"176\">MOULIJN Leonard<\/td>\n<td width=\"120\">BE\/EXP<\/td>\n<td width=\"110\">38:12.84<\/td>\n<\/tr>\n<tr>\n<td width=\"98\">139<\/td>\n<td width=\"176\">GOUIN Nicolas<\/td>\n<td width=\"120\">L2\/E2<\/td>\n<td width=\"110\">38:14.80<\/td>\n<\/tr>\n<tr>\n<td width=\"98\">140<\/td>\n<td width=\"176\">LEGROS Jeremy<\/td>\n<td width=\"120\">L2\/E1<\/td>\n<td width=\"110\">38:29.08<\/td>\n<\/tr>\n<tr>\n<td width=\"98\">141<\/td>\n<td width=\"176\">HARRANG Frederic<\/td>\n<td width=\"120\">L2\/VET<\/td>\n<td width=\"110\">38:42.08<\/td>\n<\/tr>\n<tr>\n<td width=\"98\">142<\/td>\n<td width=\"176\">LAPOILE Alexandre<\/td>\n<td width=\"120\">L2\/E2<\/td>\n<td width=\"110\">38:49.62<\/td>\n<\/tr>\n<tr>\n<td width=\"98\">143<\/td>\n<td width=\"176\">KOT Didier<\/td>\n<td width=\"120\">L2\/SVET<\/td>\n<td width=\"110\">38:51.72<\/td>\n<\/tr>\n<tr>\n<td width=\"98\">144<\/td>\n<td width=\"176\">VON SIEBENTHAL Jacqueline<\/td>\n<td width=\"120\">L2\/CH O<\/td>\n<td width=\"110\">38:52.42<\/td>\n<\/tr>\n<tr>\n<td width=\"98\">145<\/td>\n<td width=\"176\">MENSEN Robert<\/td>\n<td width=\"120\">BE\/EXP<\/td>\n<td width=\"110\">39:01.51<\/td>\n<\/tr>\n<tr>\n<td width=\"98\">146<\/td>\n<td width=\"176\">FRANCOIS Pauline<\/td>\n<td width=\"120\">L2\/FEM<\/td>\n<td width=\"110\">39:01.80<\/td>\n<\/tr>\n<tr>\n<td width=\"98\">147<\/td>\n<td width=\"176\">NICOLLE Matthieu<\/td>\n<td width=\"120\">L2\/E2<\/td>\n<td width=\"110\">39:06.86<\/td>\n<\/tr>\n<tr>\n<td width=\"98\">148<\/td>\n<td width=\"176\">DOURIN Jerome<\/td>\n<td width=\"120\">L2\/SVET<\/td>\n<td width=\"110\">39:12.56<\/td>\n<\/tr>\n<tr>\n<td width=\"98\">149<\/td>\n<td width=\"176\">GARY Marc<\/td>\n<td width=\"120\">L2\/SVET<\/td>\n<td width=\"110\">39:23.02<\/td>\n<\/tr>\n<tr>\n<td width=\"98\">150<\/td>\n<td width=\"176\">PAPETTI Anthony<\/td>\n<td width=\"120\">L2\/E3<\/td>\n<td width=\"110\">39:33.93<\/td>\n<\/tr>\n<tr>\n<td width=\"98\">151<\/td>\n<td width=\"176\">SUBE Fr\u00e9d\u00e9ric<\/td>\n<td width=\"120\">L2\/SVET<\/td>\n<td width=\"110\">39:39.47<\/td>\n<\/tr>\n<tr>\n<td width=\"98\">152<\/td>\n<td width=\"176\">GERARD Corentin<\/td>\n<td width=\"120\">L2\/50<\/td>\n<td width=\"110\">39:53.49<\/td>\n<\/tr>\n<tr>\n<td width=\"98\">153<\/td>\n<td width=\"176\">BEAUFORT Christophe<\/td>\n<td width=\"120\">L2\/VET<\/td>\n<td width=\"110\">40:55.43<\/td>\n<\/tr>\n<tr>\n<td width=\"98\">154<\/td>\n<td width=\"176\">FISCHER Joerg<\/td>\n<td width=\"120\">L2\/SVET<\/td>\n<td width=\"110\">40:55.83<\/td>\n<\/tr>\n<tr>\n<td width=\"98\">155<\/td>\n<td width=\"176\">FIGEL Jeremy<\/td>\n<td width=\"120\">L2\/E2<\/td>\n<td width=\"110\">40:59.81<\/td>\n<\/tr>\n<tr>\n<td width=\"98\">156<\/td>\n<td width=\"176\">PERNET Jean-louis<\/td>\n<td width=\"120\">L2\/SVET<\/td>\n<td width=\"110\">41:31.85<\/td>\n<\/tr>\n<tr>\n<td width=\"98\">157<\/td>\n<td width=\"176\">LOMBARD Frederic<\/td>\n<td width=\"120\">L2\/VET<\/td>\n<td width=\"110\">41:41.69<\/td>\n<\/tr>\n<tr>\n<td width=\"98\">158<\/td>\n<td width=\"176\">DAYOT Joel<\/td>\n<td width=\"120\">L2\/E2<\/td>\n<td width=\"110\">41:44.11<\/td>\n<\/tr>\n<tr>\n<td width=\"98\">159<\/td>\n<td width=\"176\">HUMBLET Frederic<\/td>\n<td width=\"120\">BE\/EXP<\/td>\n<td width=\"110\">41:49.87<\/td>\n<\/tr>\n<tr>\n<td width=\"98\">160<\/td>\n<td width=\"176\">LOUVET Bruno<\/td>\n<td width=\"120\">BE\/GEN<\/td>\n<td width=\"110\">41:50.91<\/td>\n<\/tr>\n<tr>\n<td width=\"98\">161<\/td>\n<td width=\"176\">DUVEAUX Sebastien<\/td>\n<td width=\"120\">L2\/VET<\/td>\n<td width=\"110\">42:36.72<\/td>\n<\/tr>\n<tr>\n<td width=\"98\">162<\/td>\n<td width=\"176\">GAUTHEY Clement<\/td>\n<td width=\"120\">L2\/E2<\/td>\n<td width=\"110\">42:57.22<\/td>\n<\/tr>\n<tr>\n<td width=\"98\">163<\/td>\n<td width=\"176\">POS Albert<\/td>\n<td width=\"120\">BE\/EXP<\/td>\n<td width=\"110\">43:28.01<\/td>\n<\/tr>\n<tr>\n<td width=\"98\">164<\/td>\n<td width=\"176\">PERNET Albin<\/td>\n<td width=\"120\">L2\/E2<\/td>\n<td width=\"110\">43:33.29<\/td>\n<\/tr>\n<tr>\n<td width=\"98\">165<\/td>\n<td width=\"176\">HERTGEN Pierre<\/td>\n<td width=\"120\">L2\/E3<\/td>\n<td width=\"110\">44:19.76<\/td>\n<\/tr>\n<tr>\n<td width=\"98\">166<\/td>\n<td width=\"176\">SERRIER Alexis<\/td>\n<td width=\"120\">L2\/E3<\/td>\n<td width=\"110\">45:02.32<\/td>\n<\/tr>\n<tr>\n<td width=\"98\">167<\/td>\n<td width=\"176\">KREBS Yann<\/td>\n<td width=\"120\">L2\/E1<\/td>\n<td width=\"110\">45:59.77<\/td>\n<\/tr>\n<tr>\n<td width=\"98\">168<\/td>\n<td width=\"176\">BOTTER Mathieu<\/td>\n<td width=\"120\">L2\/E2<\/td>\n<td width=\"110\">46:34.62<\/td>\n<\/tr>\n<tr>\n<td width=\"98\">169<\/td>\n<td width=\"176\">BEAU Edouard<\/td>\n<td width=\"120\">L2\/E1<\/td>\n<td width=\"110\">48:47.40<\/td>\n<\/tr>\n<tr>\n<td width=\"98\">170<\/td>\n<td width=\"176\">LOURDET Thomas<\/td>\n<td width=\"120\">L2\/E2<\/td>\n<td width=\"110\">1:14:02.88<\/td>\n<\/tr>\n<tr>\n<td width=\"98\">171<\/td>\n<td width=\"176\">BECCU Olivier<\/td>\n<td width=\"120\">L2\/VET<\/td>\n<td width=\"110\">1:14:38.37<\/td>\n<\/tr>\n<tr>\n<td width=\"98\">172<\/td>\n<td width=\"176\">CAILLIEZ Thomas<\/td>\n<td width=\"120\">L2\/VET<\/td>\n<td width=\"110\">1:27:39.74<\/td>\n<\/tr>\n<tr>\n<td width=\"98\">173<\/td>\n<td width=\"176\">LAMY Quentin<\/td>\n<td width=\"120\">L2\/E1<\/td>\n<td width=\"110\">2:20:05.76<\/td>\n<\/tr>\n<tr>\n<td><\/td>\n<td><\/td>\n<td><\/td>\n<td><\/td>\n<\/tr>\n<tr>\n<td>L3<\/td>\n<td><\/td>\n<td><\/td>\n<td><\/td>\n<\/tr>\n<tr>\n<td><\/td>\n<td><\/td>\n<td><\/td>\n<td><\/td>\n<\/tr>\n<tr>\n<td width=\"98\">1<\/td>\n<td width=\"176\">FELTEN Maxime<\/td>\n<td width=\"120\">L3\/E2<\/td>\n<td width=\"110\">33:06.06<\/td>\n<\/tr>\n<tr>\n<td width=\"98\">2<\/td>\n<td width=\"176\">DE VLEESCHOUWER Jean Pol<\/td>\n<td width=\"120\">BE\/RAND<\/td>\n<td width=\"110\">34:26.37<\/td>\n<\/tr>\n<tr>\n<td width=\"98\">3<\/td>\n<td width=\"176\">GUNEPIN Jean Yves<\/td>\n<td width=\"120\">L3\/E2<\/td>\n<td width=\"110\">34:27.53<\/td>\n<\/tr>\n<tr>\n<td width=\"98\">4<\/td>\n<td width=\"176\">URBAN Florent<\/td>\n<td width=\"120\">L3\/E2<\/td>\n<td width=\"110\">35:08.72<\/td>\n<\/tr>\n<tr>\n<td width=\"98\">5<\/td>\n<td width=\"176\">DE ZUTTER Pieter<\/td>\n<td width=\"120\">BE\/RAND<\/td>\n<td width=\"110\">35:30.96<\/td>\n<\/tr>\n<tr>\n<td width=\"98\">6<\/td>\n<td width=\"176\">THIEBAUT Sebastien<\/td>\n<td width=\"120\">BE\/RAND<\/td>\n<td width=\"110\">35:41.41<\/td>\n<\/tr>\n<tr>\n<td width=\"98\">7<\/td>\n<td width=\"176\">CARELS Didier<\/td>\n<td width=\"120\">BE\/RAND<\/td>\n<td width=\"110\">35:51.55<\/td>\n<\/tr>\n<tr>\n<td width=\"98\">8<\/td>\n<td width=\"176\">HAZARD Bertrand<\/td>\n<td width=\"120\">L3\/VET<\/td>\n<td width=\"110\">35:58.70<\/td>\n<\/tr>\n<tr>\n<td width=\"98\">9<\/td>\n<td width=\"176\">HALLER Stephane<\/td>\n<td width=\"120\">L3\/VET<\/td>\n<td width=\"110\">36:50.70<\/td>\n<\/tr>\n<tr>\n<td width=\"98\">10<\/td>\n<td width=\"176\">VAN CLEYNENBREUGEL Ken<\/td>\n<td width=\"120\">BE\/RAND<\/td>\n<td width=\"110\">36:56.53<\/td>\n<\/tr>\n<tr>\n<td width=\"98\">11<\/td>\n<td width=\"176\">SPEZIALE Guillaume<\/td>\n<td width=\"120\">L3\/E1<\/td>\n<td width=\"110\">37:12.48<\/td>\n<\/tr>\n<tr>\n<td width=\"98\">12<\/td>\n<td width=\"176\">HOUTPUT David<\/td>\n<td width=\"120\">BE\/RAND<\/td>\n<td width=\"110\">37:21.33<\/td>\n<\/tr>\n<tr>\n<td width=\"98\">13<\/td>\n<td width=\"176\">BOIDIN Romain<\/td>\n<td width=\"120\">L3\/E2<\/td>\n<td width=\"110\">37:29.69<\/td>\n<\/tr>\n<tr>\n<td width=\"98\">14<\/td>\n<td width=\"176\">BECKERS Marcel<\/td>\n<td width=\"120\">BE\/RAND<\/td>\n<td width=\"110\">37:35.95<\/td>\n<\/tr>\n<tr>\n<td width=\"98\">15<\/td>\n<td width=\"176\">MARIE Gilles<\/td>\n<td width=\"120\">L3\/VET<\/td>\n<td width=\"110\">37:38.47<\/td>\n<\/tr>\n<tr>\n<td width=\"98\">16<\/td>\n<td width=\"176\">RENIERS Laurent<\/td>\n<td width=\"120\">BE\/RAND<\/td>\n<td width=\"110\">38:11.24<\/td>\n<\/tr>\n<tr>\n<td width=\"98\">17<\/td>\n<td width=\"176\">BROLET Mathieu<\/td>\n<td width=\"120\">BE\/RAND<\/td>\n<td width=\"110\">38:27.34<\/td>\n<\/tr>\n<tr>\n<td width=\"98\">18<\/td>\n<td width=\"176\">DIEULIN Samsom<\/td>\n<td width=\"120\">L3\/VET<\/td>\n<td width=\"110\">38:56.83<\/td>\n<\/tr>\n<tr>\n<td width=\"98\">19<\/td>\n<td width=\"176\">JOUBE Cedric<\/td>\n<td width=\"120\">L3\/E2<\/td>\n<td width=\"110\">39:08.21<\/td>\n<\/tr>\n<tr>\n<td width=\"98\">20<\/td>\n<td width=\"176\">DEBRUN Jerome<\/td>\n<td width=\"120\">L3\/VET<\/td>\n<td width=\"110\">39:23.45<\/td>\n<\/tr>\n<tr>\n<td width=\"98\">21<\/td>\n<td width=\"176\">PHILISPART Olivier<\/td>\n<td width=\"120\">L3\/E3<\/td>\n<td width=\"110\">39:31.56<\/td>\n<\/tr>\n<tr>\n<td width=\"98\">22<\/td>\n<td width=\"176\">CLEMENT Loic<\/td>\n<td width=\"120\">L3\/E3<\/td>\n<td width=\"110\">40:32.18<\/td>\n<\/tr>\n<tr>\n<td width=\"98\">23<\/td>\n<td width=\"176\">BELLO Jean Paul<\/td>\n<td width=\"120\">L3\/VET<\/td>\n<td width=\"110\">40:46.64<\/td>\n<\/tr>\n<tr>\n<td width=\"98\">24<\/td>\n<td width=\"176\">VIOLE Jordan<\/td>\n<td width=\"120\">L3\/E2<\/td>\n<td width=\"110\">41:25.78<\/td>\n<\/tr>\n<tr>\n<td width=\"98\">25<\/td>\n<td width=\"176\">RENIERS Christophe<\/td>\n<td width=\"120\">BE\/RAND<\/td>\n<td width=\"110\">42:19.41<\/td>\n<\/tr>\n<tr>\n<td width=\"98\">26<\/td>\n<td width=\"176\">CLEMENT Christophe<\/td>\n<td width=\"120\">L3\/E3<\/td>\n<td width=\"110\">42:38.75<\/td>\n<\/tr>\n<tr>\n<td width=\"98\">27<\/td>\n<td width=\"176\">GODOT Laurent<\/td>\n<td width=\"120\">L3\/VET<\/td>\n<td width=\"110\">44:09.13<\/td>\n<\/tr>\n<tr>\n<td width=\"98\">28<\/td>\n<td width=\"176\">PAINTENDRE Guillaume<\/td>\n<td width=\"120\">L3\/VET<\/td>\n<td width=\"110\">44:25.01<\/td>\n<\/tr>\n<\/tbody>\n<\/table>\n<div id=\"ConnectiveDocSignExtentionInstalled\" data-extension-version=\"1.0.4\"><\/div>\n","protected":false},"excerpt":{"rendered":"<p>Vainqueur des 9 sp\u00e9ciales du jour, Antoine Magain a une fois de plus \u00e9clabouss\u00e9 l&rsquo;enduro belge de son talent. Au guidon de la KTM 250 2-temps qu&rsquo;il semble avoir d\u00e9finitivement [&#8230;]<\/p>\n","protected":false},"author":932,"featured_media":96103,"comment_status":"open","ping_status":"closed","sticky":false,"template":"","format":"standard","meta":{"footnotes":""},"categories":[54,32,35,33,55,65],"tags":[951],"class_list":["post-96101","post","type-post","status-publish","format-standard","has-post-thumbnail","hentry","category-actualite","category-enduro","category-fmb-enduro","category-news-enduro","category-news-actualite","category-slideshow","tag-enduro"],"yoast_head":"<!-- This site is optimized with the Yoast SEO plugin v27.4 - https:\/\/yoast.com\/product\/yoast-seo-wordpress\/ -->\n<title>Antoine Magain enl\u00e8ve un deuxi\u00e8me titre de champion de Belgique d&#039;enduro - Motocross - Enduro - Supermoto | MotocrossMag<\/title>\n<meta name=\"robots\" content=\"index, follow, max-snippet:-1, max-image-preview:large, max-video-preview:-1\" \/>\n<link rel=\"canonical\" href=\"https:\/\/fr.motocrossmag.be\/index.php\/2019\/09\/antoine-magain-enleve-un-deuxieme-titre-de-champion-de-belgique-denduro\/\" \/>\n<meta property=\"og:locale\" content=\"fr_FR\" \/>\n<meta property=\"og:type\" content=\"article\" \/>\n<meta property=\"og:title\" content=\"Antoine Magain enl\u00e8ve un deuxi\u00e8me titre de champion de Belgique d&#039;enduro - Motocross - Enduro - Supermoto | MotocrossMag\" \/>\n<meta property=\"og:description\" content=\"Vainqueur des 9 sp\u00e9ciales du jour, Antoine Magain a une fois de plus \u00e9clabouss\u00e9 l&rsquo;enduro belge de son talent. Au guidon de la KTM 250 2-temps qu&rsquo;il semble avoir d\u00e9finitivement [...]\" \/>\n<meta property=\"og:url\" content=\"https:\/\/fr.motocrossmag.be\/index.php\/2019\/09\/antoine-magain-enleve-un-deuxieme-titre-de-champion-de-belgique-denduro\/\" \/>\n<meta property=\"og:site_name\" content=\"Motocross - Enduro - Supermoto | MotocrossMag\" \/>\n<meta property=\"article:published_time\" content=\"2019-09-09T18:03:03+00:00\" \/>\n<meta property=\"article:modified_time\" content=\"2019-09-09T21:34:10+00:00\" \/>\n<meta property=\"og:image\" content=\"https:\/\/fr.motocrossmag.be\/wp-content\/uploads\/2019\/09\/magain-champion-2019-enduro-ktm2.jpg\" \/>\n\t<meta property=\"og:image:width\" content=\"714\" \/>\n\t<meta property=\"og:image:height\" content=\"510\" \/>\n\t<meta property=\"og:image:type\" content=\"image\/jpeg\" \/>\n<meta name=\"author\" content=\"oliviere\" \/>\n<meta name=\"twitter:card\" content=\"summary_large_image\" \/>\n<meta name=\"twitter:label1\" content=\"\u00c9crit par\" \/>\n\t<meta name=\"twitter:data1\" content=\"oliviere\" \/>\n\t<meta name=\"twitter:label2\" content=\"Dur\u00e9e de lecture estim\u00e9e\" \/>\n\t<meta name=\"twitter:data2\" content=\"7 minutes\" \/>\n<script type=\"application\/ld+json\" class=\"yoast-schema-graph\">{\"@context\":\"https:\\\/\\\/schema.org\",\"@graph\":[{\"@type\":\"Article\",\"@id\":\"https:\\\/\\\/fr.motocrossmag.be\\\/index.php\\\/2019\\\/09\\\/antoine-magain-enleve-un-deuxieme-titre-de-champion-de-belgique-denduro\\\/#article\",\"isPartOf\":{\"@id\":\"https:\\\/\\\/fr.motocrossmag.be\\\/index.php\\\/2019\\\/09\\\/antoine-magain-enleve-un-deuxieme-titre-de-champion-de-belgique-denduro\\\/\"},\"author\":{\"name\":\"oliviere\",\"@id\":\"https:\\\/\\\/fr.motocrossmag.be\\\/#\\\/schema\\\/person\\\/11b47143d9f755babca2c9110e03235c\"},\"headline\":\"Antoine Magain enl\u00e8ve un deuxi\u00e8me titre de champion de Belgique d&rsquo;enduro\",\"datePublished\":\"2019-09-09T18:03:03+00:00\",\"dateModified\":\"2019-09-09T21:34:10+00:00\",\"mainEntityOfPage\":{\"@id\":\"https:\\\/\\\/fr.motocrossmag.be\\\/index.php\\\/2019\\\/09\\\/antoine-magain-enleve-un-deuxieme-titre-de-champion-de-belgique-denduro\\\/\"},\"wordCount\":1445,\"commentCount\":0,\"image\":{\"@id\":\"https:\\\/\\\/fr.motocrossmag.be\\\/index.php\\\/2019\\\/09\\\/antoine-magain-enleve-un-deuxieme-titre-de-champion-de-belgique-denduro\\\/#primaryimage\"},\"thumbnailUrl\":\"https:\\\/\\\/fr.motocrossmag.be\\\/wp-content\\\/uploads\\\/2019\\\/09\\\/magain-champion-2019-enduro-ktm2.jpg\",\"keywords\":[\"Enduro\"],\"articleSection\":[\"Actualit\u00e9\",\"Enduro\",\"FMB\",\"News\",\"News\",\"Slideshow\"],\"inLanguage\":\"fr-FR\",\"potentialAction\":[{\"@type\":\"CommentAction\",\"name\":\"Comment\",\"target\":[\"https:\\\/\\\/fr.motocrossmag.be\\\/index.php\\\/2019\\\/09\\\/antoine-magain-enleve-un-deuxieme-titre-de-champion-de-belgique-denduro\\\/#respond\"]}]},{\"@type\":\"WebPage\",\"@id\":\"https:\\\/\\\/fr.motocrossmag.be\\\/index.php\\\/2019\\\/09\\\/antoine-magain-enleve-un-deuxieme-titre-de-champion-de-belgique-denduro\\\/\",\"url\":\"https:\\\/\\\/fr.motocrossmag.be\\\/index.php\\\/2019\\\/09\\\/antoine-magain-enleve-un-deuxieme-titre-de-champion-de-belgique-denduro\\\/\",\"name\":\"Antoine Magain enl\u00e8ve un deuxi\u00e8me titre de champion de Belgique d'enduro - Motocross - Enduro - Supermoto | MotocrossMag\",\"isPartOf\":{\"@id\":\"https:\\\/\\\/fr.motocrossmag.be\\\/#website\"},\"primaryImageOfPage\":{\"@id\":\"https:\\\/\\\/fr.motocrossmag.be\\\/index.php\\\/2019\\\/09\\\/antoine-magain-enleve-un-deuxieme-titre-de-champion-de-belgique-denduro\\\/#primaryimage\"},\"image\":{\"@id\":\"https:\\\/\\\/fr.motocrossmag.be\\\/index.php\\\/2019\\\/09\\\/antoine-magain-enleve-un-deuxieme-titre-de-champion-de-belgique-denduro\\\/#primaryimage\"},\"thumbnailUrl\":\"https:\\\/\\\/fr.motocrossmag.be\\\/wp-content\\\/uploads\\\/2019\\\/09\\\/magain-champion-2019-enduro-ktm2.jpg\",\"datePublished\":\"2019-09-09T18:03:03+00:00\",\"dateModified\":\"2019-09-09T21:34:10+00:00\",\"author\":{\"@id\":\"https:\\\/\\\/fr.motocrossmag.be\\\/#\\\/schema\\\/person\\\/11b47143d9f755babca2c9110e03235c\"},\"breadcrumb\":{\"@id\":\"https:\\\/\\\/fr.motocrossmag.be\\\/index.php\\\/2019\\\/09\\\/antoine-magain-enleve-un-deuxieme-titre-de-champion-de-belgique-denduro\\\/#breadcrumb\"},\"inLanguage\":\"fr-FR\",\"potentialAction\":[{\"@type\":\"ReadAction\",\"target\":[\"https:\\\/\\\/fr.motocrossmag.be\\\/index.php\\\/2019\\\/09\\\/antoine-magain-enleve-un-deuxieme-titre-de-champion-de-belgique-denduro\\\/\"]}]},{\"@type\":\"ImageObject\",\"inLanguage\":\"fr-FR\",\"@id\":\"https:\\\/\\\/fr.motocrossmag.be\\\/index.php\\\/2019\\\/09\\\/antoine-magain-enleve-un-deuxieme-titre-de-champion-de-belgique-denduro\\\/#primaryimage\",\"url\":\"https:\\\/\\\/fr.motocrossmag.be\\\/wp-content\\\/uploads\\\/2019\\\/09\\\/magain-champion-2019-enduro-ktm2.jpg\",\"contentUrl\":\"https:\\\/\\\/fr.motocrossmag.be\\\/wp-content\\\/uploads\\\/2019\\\/09\\\/magain-champion-2019-enduro-ktm2.jpg\",\"width\":714,\"height\":510},{\"@type\":\"BreadcrumbList\",\"@id\":\"https:\\\/\\\/fr.motocrossmag.be\\\/index.php\\\/2019\\\/09\\\/antoine-magain-enleve-un-deuxieme-titre-de-champion-de-belgique-denduro\\\/#breadcrumb\",\"itemListElement\":[{\"@type\":\"ListItem\",\"position\":1,\"name\":\"Accueil\",\"item\":\"https:\\\/\\\/fr.motocrossmag.be\\\/\"},{\"@type\":\"ListItem\",\"position\":2,\"name\":\"Antoine Magain enl\u00e8ve un deuxi\u00e8me titre de champion de Belgique d&rsquo;enduro\"}]},{\"@type\":\"WebSite\",\"@id\":\"https:\\\/\\\/fr.motocrossmag.be\\\/#website\",\"url\":\"https:\\\/\\\/fr.motocrossmag.be\\\/\",\"name\":\"Motocross - Enduro - Supermoto | MotocrossMag\",\"description\":\"L&#039;actualit\u00e9 du motocross, de l&#039;enduro et du Supermoto en ligne!\",\"potentialAction\":[{\"@type\":\"SearchAction\",\"target\":{\"@type\":\"EntryPoint\",\"urlTemplate\":\"https:\\\/\\\/fr.motocrossmag.be\\\/?s={search_term_string}\"},\"query-input\":{\"@type\":\"PropertyValueSpecification\",\"valueRequired\":true,\"valueName\":\"search_term_string\"}}],\"inLanguage\":\"fr-FR\"},{\"@type\":\"Person\",\"@id\":\"https:\\\/\\\/fr.motocrossmag.be\\\/#\\\/schema\\\/person\\\/11b47143d9f755babca2c9110e03235c\",\"name\":\"oliviere\",\"image\":{\"@type\":\"ImageObject\",\"inLanguage\":\"fr-FR\",\"@id\":\"https:\\\/\\\/secure.gravatar.com\\\/avatar\\\/907069e0b81d119452040469e4a7501da1100f54f7f80180ce77bfab718288f6?s=96&d=mm&r=g\",\"url\":\"https:\\\/\\\/secure.gravatar.com\\\/avatar\\\/907069e0b81d119452040469e4a7501da1100f54f7f80180ce77bfab718288f6?s=96&d=mm&r=g\",\"contentUrl\":\"https:\\\/\\\/secure.gravatar.com\\\/avatar\\\/907069e0b81d119452040469e4a7501da1100f54f7f80180ce77bfab718288f6?s=96&d=mm&r=g\",\"caption\":\"oliviere\"},\"sameAs\":[\"http:\\\/\\\/www.motocrossmag.be\"],\"url\":\"https:\\\/\\\/fr.motocrossmag.be\\\/index.php\\\/author\\\/oliviere\\\/\"}]}<\/script>\n<!-- \/ Yoast SEO plugin. -->","yoast_head_json":{"title":"Antoine Magain enl\u00e8ve un deuxi\u00e8me titre de champion de Belgique d'enduro - Motocross - Enduro - Supermoto | MotocrossMag","robots":{"index":"index","follow":"follow","max-snippet":"max-snippet:-1","max-image-preview":"max-image-preview:large","max-video-preview":"max-video-preview:-1"},"canonical":"https:\/\/fr.motocrossmag.be\/index.php\/2019\/09\/antoine-magain-enleve-un-deuxieme-titre-de-champion-de-belgique-denduro\/","og_locale":"fr_FR","og_type":"article","og_title":"Antoine Magain enl\u00e8ve un deuxi\u00e8me titre de champion de Belgique d'enduro - Motocross - Enduro - Supermoto | MotocrossMag","og_description":"Vainqueur des 9 sp\u00e9ciales du jour, Antoine Magain a une fois de plus \u00e9clabouss\u00e9 l&rsquo;enduro belge de son talent. Au guidon de la KTM 250 2-temps qu&rsquo;il semble avoir d\u00e9finitivement [...]","og_url":"https:\/\/fr.motocrossmag.be\/index.php\/2019\/09\/antoine-magain-enleve-un-deuxieme-titre-de-champion-de-belgique-denduro\/","og_site_name":"Motocross - Enduro - Supermoto | MotocrossMag","article_published_time":"2019-09-09T18:03:03+00:00","article_modified_time":"2019-09-09T21:34:10+00:00","og_image":[{"width":714,"height":510,"url":"https:\/\/fr.motocrossmag.be\/wp-content\/uploads\/2019\/09\/magain-champion-2019-enduro-ktm2.jpg","type":"image\/jpeg"}],"author":"oliviere","twitter_card":"summary_large_image","twitter_misc":{"\u00c9crit par":"oliviere","Dur\u00e9e de lecture estim\u00e9e":"7 minutes"},"schema":{"@context":"https:\/\/schema.org","@graph":[{"@type":"Article","@id":"https:\/\/fr.motocrossmag.be\/index.php\/2019\/09\/antoine-magain-enleve-un-deuxieme-titre-de-champion-de-belgique-denduro\/#article","isPartOf":{"@id":"https:\/\/fr.motocrossmag.be\/index.php\/2019\/09\/antoine-magain-enleve-un-deuxieme-titre-de-champion-de-belgique-denduro\/"},"author":{"name":"oliviere","@id":"https:\/\/fr.motocrossmag.be\/#\/schema\/person\/11b47143d9f755babca2c9110e03235c"},"headline":"Antoine Magain enl\u00e8ve un deuxi\u00e8me titre de champion de Belgique d&rsquo;enduro","datePublished":"2019-09-09T18:03:03+00:00","dateModified":"2019-09-09T21:34:10+00:00","mainEntityOfPage":{"@id":"https:\/\/fr.motocrossmag.be\/index.php\/2019\/09\/antoine-magain-enleve-un-deuxieme-titre-de-champion-de-belgique-denduro\/"},"wordCount":1445,"commentCount":0,"image":{"@id":"https:\/\/fr.motocrossmag.be\/index.php\/2019\/09\/antoine-magain-enleve-un-deuxieme-titre-de-champion-de-belgique-denduro\/#primaryimage"},"thumbnailUrl":"https:\/\/fr.motocrossmag.be\/wp-content\/uploads\/2019\/09\/magain-champion-2019-enduro-ktm2.jpg","keywords":["Enduro"],"articleSection":["Actualit\u00e9","Enduro","FMB","News","News","Slideshow"],"inLanguage":"fr-FR","potentialAction":[{"@type":"CommentAction","name":"Comment","target":["https:\/\/fr.motocrossmag.be\/index.php\/2019\/09\/antoine-magain-enleve-un-deuxieme-titre-de-champion-de-belgique-denduro\/#respond"]}]},{"@type":"WebPage","@id":"https:\/\/fr.motocrossmag.be\/index.php\/2019\/09\/antoine-magain-enleve-un-deuxieme-titre-de-champion-de-belgique-denduro\/","url":"https:\/\/fr.motocrossmag.be\/index.php\/2019\/09\/antoine-magain-enleve-un-deuxieme-titre-de-champion-de-belgique-denduro\/","name":"Antoine Magain enl\u00e8ve un deuxi\u00e8me titre de champion de Belgique d'enduro - Motocross - Enduro - Supermoto | MotocrossMag","isPartOf":{"@id":"https:\/\/fr.motocrossmag.be\/#website"},"primaryImageOfPage":{"@id":"https:\/\/fr.motocrossmag.be\/index.php\/2019\/09\/antoine-magain-enleve-un-deuxieme-titre-de-champion-de-belgique-denduro\/#primaryimage"},"image":{"@id":"https:\/\/fr.motocrossmag.be\/index.php\/2019\/09\/antoine-magain-enleve-un-deuxieme-titre-de-champion-de-belgique-denduro\/#primaryimage"},"thumbnailUrl":"https:\/\/fr.motocrossmag.be\/wp-content\/uploads\/2019\/09\/magain-champion-2019-enduro-ktm2.jpg","datePublished":"2019-09-09T18:03:03+00:00","dateModified":"2019-09-09T21:34:10+00:00","author":{"@id":"https:\/\/fr.motocrossmag.be\/#\/schema\/person\/11b47143d9f755babca2c9110e03235c"},"breadcrumb":{"@id":"https:\/\/fr.motocrossmag.be\/index.php\/2019\/09\/antoine-magain-enleve-un-deuxieme-titre-de-champion-de-belgique-denduro\/#breadcrumb"},"inLanguage":"fr-FR","potentialAction":[{"@type":"ReadAction","target":["https:\/\/fr.motocrossmag.be\/index.php\/2019\/09\/antoine-magain-enleve-un-deuxieme-titre-de-champion-de-belgique-denduro\/"]}]},{"@type":"ImageObject","inLanguage":"fr-FR","@id":"https:\/\/fr.motocrossmag.be\/index.php\/2019\/09\/antoine-magain-enleve-un-deuxieme-titre-de-champion-de-belgique-denduro\/#primaryimage","url":"https:\/\/fr.motocrossmag.be\/wp-content\/uploads\/2019\/09\/magain-champion-2019-enduro-ktm2.jpg","contentUrl":"https:\/\/fr.motocrossmag.be\/wp-content\/uploads\/2019\/09\/magain-champion-2019-enduro-ktm2.jpg","width":714,"height":510},{"@type":"BreadcrumbList","@id":"https:\/\/fr.motocrossmag.be\/index.php\/2019\/09\/antoine-magain-enleve-un-deuxieme-titre-de-champion-de-belgique-denduro\/#breadcrumb","itemListElement":[{"@type":"ListItem","position":1,"name":"Accueil","item":"https:\/\/fr.motocrossmag.be\/"},{"@type":"ListItem","position":2,"name":"Antoine Magain enl\u00e8ve un deuxi\u00e8me titre de champion de Belgique d&rsquo;enduro"}]},{"@type":"WebSite","@id":"https:\/\/fr.motocrossmag.be\/#website","url":"https:\/\/fr.motocrossmag.be\/","name":"Motocross - Enduro - Supermoto | MotocrossMag","description":"L&#039;actualit\u00e9 du motocross, de l&#039;enduro et du Supermoto en ligne!","potentialAction":[{"@type":"SearchAction","target":{"@type":"EntryPoint","urlTemplate":"https:\/\/fr.motocrossmag.be\/?s={search_term_string}"},"query-input":{"@type":"PropertyValueSpecification","valueRequired":true,"valueName":"search_term_string"}}],"inLanguage":"fr-FR"},{"@type":"Person","@id":"https:\/\/fr.motocrossmag.be\/#\/schema\/person\/11b47143d9f755babca2c9110e03235c","name":"oliviere","image":{"@type":"ImageObject","inLanguage":"fr-FR","@id":"https:\/\/secure.gravatar.com\/avatar\/907069e0b81d119452040469e4a7501da1100f54f7f80180ce77bfab718288f6?s=96&d=mm&r=g","url":"https:\/\/secure.gravatar.com\/avatar\/907069e0b81d119452040469e4a7501da1100f54f7f80180ce77bfab718288f6?s=96&d=mm&r=g","contentUrl":"https:\/\/secure.gravatar.com\/avatar\/907069e0b81d119452040469e4a7501da1100f54f7f80180ce77bfab718288f6?s=96&d=mm&r=g","caption":"oliviere"},"sameAs":["http:\/\/www.motocrossmag.be"],"url":"https:\/\/fr.motocrossmag.be\/index.php\/author\/oliviere\/"}]}},"_links":{"self":[{"href":"https:\/\/fr.motocrossmag.be\/index.php\/wp-json\/wp\/v2\/posts\/96101","targetHints":{"allow":["GET"]}}],"collection":[{"href":"https:\/\/fr.motocrossmag.be\/index.php\/wp-json\/wp\/v2\/posts"}],"about":[{"href":"https:\/\/fr.motocrossmag.be\/index.php\/wp-json\/wp\/v2\/types\/post"}],"author":[{"embeddable":true,"href":"https:\/\/fr.motocrossmag.be\/index.php\/wp-json\/wp\/v2\/users\/932"}],"replies":[{"embeddable":true,"href":"https:\/\/fr.motocrossmag.be\/index.php\/wp-json\/wp\/v2\/comments?post=96101"}],"version-history":[{"count":0,"href":"https:\/\/fr.motocrossmag.be\/index.php\/wp-json\/wp\/v2\/posts\/96101\/revisions"}],"wp:featuredmedia":[{"embeddable":true,"href":"https:\/\/fr.motocrossmag.be\/index.php\/wp-json\/wp\/v2\/media\/96103"}],"wp:attachment":[{"href":"https:\/\/fr.motocrossmag.be\/index.php\/wp-json\/wp\/v2\/media?parent=96101"}],"wp:term":[{"taxonomy":"category","embeddable":true,"href":"https:\/\/fr.motocrossmag.be\/index.php\/wp-json\/wp\/v2\/categories?post=96101"},{"taxonomy":"post_tag","embeddable":true,"href":"https:\/\/fr.motocrossmag.be\/index.php\/wp-json\/wp\/v2\/tags?post=96101"}],"curies":[{"name":"wp","href":"https:\/\/api.w.org\/{rel}","templated":true}]}}