{"id":96435,"date":"2019-09-14T22:24:25","date_gmt":"2019-09-14T20:24:25","guid":{"rendered":"https:\/\/fr.motocrossmag.be\/?p=96435"},"modified":"2019-09-14T22:24:25","modified_gmt":"2019-09-14T20:24:25","slug":"endurogp-brad-freeman-domine-la-premiere-journee-du-gp-de-tchequie-antoine-magain-deuxieme-chez-les-juniors","status":"publish","type":"post","link":"https:\/\/fr.motocrossmag.be\/index.php\/2019\/09\/endurogp-brad-freeman-domine-la-premiere-journee-du-gp-de-tchequie-antoine-magain-deuxieme-chez-les-juniors\/","title":{"rendered":"EnduroGP : Brad Freeman domine la premi\u00e8re journ\u00e9e du GP de Tch\u00e9quie, Antoine Magain deuxi\u00e8me chez les Juniors"},"content":{"rendered":"<p><strong>Brad Freeman a sign\u00e9 le meilleur temps dans pas moins de 7 sp\u00e9ciales ce samedi sur la premi\u00e8re journ\u00e9e du GP de Tch\u00e9quie, avant-dernier rendez-vous de la saison EnduroGP! Le Britannique n\u2019a commis aucune erreur et a tenu en respect son plus dangereux adversaire dans la course au titre mondial, son compatriote Steve Holcombe.<\/strong><\/p>\n<p>Chez les Juniors, c&rsquo;\u00e9tait le grand retour \u00e0 la comp\u00e9tition du pilote Yamaha Johansson Wil Ruprecht. En t\u00eate de la cat\u00e9gorie toute la journ\u00e9e, il n\u2019a laiss\u00e9 \u00e0 personne la possibilit\u00e9 de venir contester sa domination. L&rsquo;Australien s&rsquo;impose devant un excellent Antoine Magain. Le Belge monte sur la deuxi\u00e8me marche du podium scratch.<\/p>\n<p>&nbsp;<\/p>\n<p><iframe class=\"lazyload\" src=\"data:image\/svg+xml,%3Csvg%20xmlns%3D%27http%3A%2F%2Fwww.w3.org%2F2000%2Fsvg%27%20width%3D%27650%27%20height%3D%27366%27%20viewBox%3D%270%200%20650%20366%27%3E%3Crect%20width%3D%27650%27%20height%3D%27366%27%20fill-opacity%3D%220%22%2F%3E%3C%2Fsvg%3E\" data-orig-src=\"https:\/\/www.youtube.com\/embed\/0T31zMkvcoY\" width=\"650\" height=\"366\" frameborder=\"0\" allowfullscreen=\"allowfullscreen\"><\/iframe><\/p>\n<div id=\"ConnectiveDocSignExtentionInstalled\" data-extension-version=\"1.0.4\"><\/div>\n","protected":false},"excerpt":{"rendered":"<p>Brad Freeman a sign\u00e9 le meilleur temps dans pas moins de 7 sp\u00e9ciales ce samedi sur la premi\u00e8re journ\u00e9e du GP de Tch\u00e9quie, avant-dernier rendez-vous de la saison EnduroGP! Le [&#8230;]<\/p>\n","protected":false},"author":932,"featured_media":96437,"comment_status":"open","ping_status":"closed","sticky":false,"template":"","format":"standard","meta":{"footnotes":""},"categories":[54,32,34,33,55],"tags":[951],"class_list":["post-96435","post","type-post","status-publish","format-standard","has-post-thumbnail","hentry","category-actualite","category-enduro","category-endurogp","category-news-enduro","category-news-actualite","tag-enduro"],"yoast_head":"<!-- This site is optimized with the Yoast SEO plugin v27.4 - https:\/\/yoast.com\/product\/yoast-seo-wordpress\/ -->\n<title>EnduroGP : Brad Freeman domine la premi\u00e8re journ\u00e9e du GP de Tch\u00e9quie, Antoine Magain deuxi\u00e8me chez les Juniors - Motocross - Enduro - Supermoto | MotocrossMag<\/title>\n<meta name=\"robots\" content=\"index, follow, max-snippet:-1, max-image-preview:large, max-video-preview:-1\" \/>\n<link rel=\"canonical\" href=\"https:\/\/fr.motocrossmag.be\/index.php\/2019\/09\/endurogp-brad-freeman-domine-la-premiere-journee-du-gp-de-tchequie-antoine-magain-deuxieme-chez-les-juniors\/\" \/>\n<meta property=\"og:locale\" content=\"fr_FR\" \/>\n<meta property=\"og:type\" content=\"article\" \/>\n<meta property=\"og:title\" content=\"EnduroGP : Brad Freeman domine la premi\u00e8re journ\u00e9e du GP de Tch\u00e9quie, Antoine Magain deuxi\u00e8me chez les Juniors - Motocross - Enduro - Supermoto | MotocrossMag\" \/>\n<meta property=\"og:description\" content=\"Brad Freeman a sign\u00e9 le meilleur temps dans pas moins de 7 sp\u00e9ciales ce samedi sur la premi\u00e8re journ\u00e9e du GP de Tch\u00e9quie, avant-dernier rendez-vous de la saison EnduroGP! Le [...]\" \/>\n<meta property=\"og:url\" content=\"https:\/\/fr.motocrossmag.be\/index.php\/2019\/09\/endurogp-brad-freeman-domine-la-premiere-journee-du-gp-de-tchequie-antoine-magain-deuxieme-chez-les-juniors\/\" \/>\n<meta property=\"og:site_name\" content=\"Motocross - Enduro - Supermoto | MotocrossMag\" \/>\n<meta property=\"article:published_time\" content=\"2019-09-14T20:24:25+00:00\" \/>\n<meta property=\"og:image\" content=\"https:\/\/fr.motocrossmag.be\/wp-content\/uploads\/2019\/09\/freeman-brad-endurogp.jpg\" \/>\n\t<meta property=\"og:image:width\" content=\"1000\" \/>\n\t<meta property=\"og:image:height\" content=\"666\" \/>\n\t<meta property=\"og:image:type\" content=\"image\/jpeg\" \/>\n<meta name=\"author\" content=\"oliviere\" \/>\n<meta name=\"twitter:card\" content=\"summary_large_image\" \/>\n<meta name=\"twitter:label1\" content=\"\u00c9crit par\" \/>\n\t<meta name=\"twitter:data1\" content=\"oliviere\" \/>\n\t<meta name=\"twitter:label2\" content=\"Dur\u00e9e de lecture estim\u00e9e\" \/>\n\t<meta name=\"twitter:data2\" content=\"1 minute\" \/>\n<script type=\"application\/ld+json\" class=\"yoast-schema-graph\">{\"@context\":\"https:\\\/\\\/schema.org\",\"@graph\":[{\"@type\":\"Article\",\"@id\":\"https:\\\/\\\/fr.motocrossmag.be\\\/index.php\\\/2019\\\/09\\\/endurogp-brad-freeman-domine-la-premiere-journee-du-gp-de-tchequie-antoine-magain-deuxieme-chez-les-juniors\\\/#article\",\"isPartOf\":{\"@id\":\"https:\\\/\\\/fr.motocrossmag.be\\\/index.php\\\/2019\\\/09\\\/endurogp-brad-freeman-domine-la-premiere-journee-du-gp-de-tchequie-antoine-magain-deuxieme-chez-les-juniors\\\/\"},\"author\":{\"name\":\"oliviere\",\"@id\":\"https:\\\/\\\/fr.motocrossmag.be\\\/#\\\/schema\\\/person\\\/11b47143d9f755babca2c9110e03235c\"},\"headline\":\"EnduroGP : Brad Freeman domine la premi\u00e8re journ\u00e9e du GP de Tch\u00e9quie, Antoine Magain deuxi\u00e8me chez les Juniors\",\"datePublished\":\"2019-09-14T20:24:25+00:00\",\"mainEntityOfPage\":{\"@id\":\"https:\\\/\\\/fr.motocrossmag.be\\\/index.php\\\/2019\\\/09\\\/endurogp-brad-freeman-domine-la-premiere-journee-du-gp-de-tchequie-antoine-magain-deuxieme-chez-les-juniors\\\/\"},\"wordCount\":140,\"commentCount\":0,\"image\":{\"@id\":\"https:\\\/\\\/fr.motocrossmag.be\\\/index.php\\\/2019\\\/09\\\/endurogp-brad-freeman-domine-la-premiere-journee-du-gp-de-tchequie-antoine-magain-deuxieme-chez-les-juniors\\\/#primaryimage\"},\"thumbnailUrl\":\"https:\\\/\\\/fr.motocrossmag.be\\\/wp-content\\\/uploads\\\/2019\\\/09\\\/freeman-brad-endurogp.jpg\",\"keywords\":[\"Enduro\"],\"articleSection\":[\"Actualit\u00e9\",\"Enduro\",\"EnduroGP\",\"News\",\"News\"],\"inLanguage\":\"fr-FR\",\"potentialAction\":[{\"@type\":\"CommentAction\",\"name\":\"Comment\",\"target\":[\"https:\\\/\\\/fr.motocrossmag.be\\\/index.php\\\/2019\\\/09\\\/endurogp-brad-freeman-domine-la-premiere-journee-du-gp-de-tchequie-antoine-magain-deuxieme-chez-les-juniors\\\/#respond\"]}]},{\"@type\":\"WebPage\",\"@id\":\"https:\\\/\\\/fr.motocrossmag.be\\\/index.php\\\/2019\\\/09\\\/endurogp-brad-freeman-domine-la-premiere-journee-du-gp-de-tchequie-antoine-magain-deuxieme-chez-les-juniors\\\/\",\"url\":\"https:\\\/\\\/fr.motocrossmag.be\\\/index.php\\\/2019\\\/09\\\/endurogp-brad-freeman-domine-la-premiere-journee-du-gp-de-tchequie-antoine-magain-deuxieme-chez-les-juniors\\\/\",\"name\":\"EnduroGP : Brad Freeman domine la premi\u00e8re journ\u00e9e du GP de Tch\u00e9quie, Antoine Magain deuxi\u00e8me chez les Juniors - Motocross - Enduro - Supermoto | MotocrossMag\",\"isPartOf\":{\"@id\":\"https:\\\/\\\/fr.motocrossmag.be\\\/#website\"},\"primaryImageOfPage\":{\"@id\":\"https:\\\/\\\/fr.motocrossmag.be\\\/index.php\\\/2019\\\/09\\\/endurogp-brad-freeman-domine-la-premiere-journee-du-gp-de-tchequie-antoine-magain-deuxieme-chez-les-juniors\\\/#primaryimage\"},\"image\":{\"@id\":\"https:\\\/\\\/fr.motocrossmag.be\\\/index.php\\\/2019\\\/09\\\/endurogp-brad-freeman-domine-la-premiere-journee-du-gp-de-tchequie-antoine-magain-deuxieme-chez-les-juniors\\\/#primaryimage\"},\"thumbnailUrl\":\"https:\\\/\\\/fr.motocrossmag.be\\\/wp-content\\\/uploads\\\/2019\\\/09\\\/freeman-brad-endurogp.jpg\",\"datePublished\":\"2019-09-14T20:24:25+00:00\",\"author\":{\"@id\":\"https:\\\/\\\/fr.motocrossmag.be\\\/#\\\/schema\\\/person\\\/11b47143d9f755babca2c9110e03235c\"},\"breadcrumb\":{\"@id\":\"https:\\\/\\\/fr.motocrossmag.be\\\/index.php\\\/2019\\\/09\\\/endurogp-brad-freeman-domine-la-premiere-journee-du-gp-de-tchequie-antoine-magain-deuxieme-chez-les-juniors\\\/#breadcrumb\"},\"inLanguage\":\"fr-FR\",\"potentialAction\":[{\"@type\":\"ReadAction\",\"target\":[\"https:\\\/\\\/fr.motocrossmag.be\\\/index.php\\\/2019\\\/09\\\/endurogp-brad-freeman-domine-la-premiere-journee-du-gp-de-tchequie-antoine-magain-deuxieme-chez-les-juniors\\\/\"]}]},{\"@type\":\"ImageObject\",\"inLanguage\":\"fr-FR\",\"@id\":\"https:\\\/\\\/fr.motocrossmag.be\\\/index.php\\\/2019\\\/09\\\/endurogp-brad-freeman-domine-la-premiere-journee-du-gp-de-tchequie-antoine-magain-deuxieme-chez-les-juniors\\\/#primaryimage\",\"url\":\"https:\\\/\\\/fr.motocrossmag.be\\\/wp-content\\\/uploads\\\/2019\\\/09\\\/freeman-brad-endurogp.jpg\",\"contentUrl\":\"https:\\\/\\\/fr.motocrossmag.be\\\/wp-content\\\/uploads\\\/2019\\\/09\\\/freeman-brad-endurogp.jpg\",\"width\":1000,\"height\":666},{\"@type\":\"BreadcrumbList\",\"@id\":\"https:\\\/\\\/fr.motocrossmag.be\\\/index.php\\\/2019\\\/09\\\/endurogp-brad-freeman-domine-la-premiere-journee-du-gp-de-tchequie-antoine-magain-deuxieme-chez-les-juniors\\\/#breadcrumb\",\"itemListElement\":[{\"@type\":\"ListItem\",\"position\":1,\"name\":\"Accueil\",\"item\":\"https:\\\/\\\/fr.motocrossmag.be\\\/\"},{\"@type\":\"ListItem\",\"position\":2,\"name\":\"EnduroGP : Brad Freeman domine la premi\u00e8re journ\u00e9e du GP de Tch\u00e9quie, Antoine Magain deuxi\u00e8me chez les Juniors\"}]},{\"@type\":\"WebSite\",\"@id\":\"https:\\\/\\\/fr.motocrossmag.be\\\/#website\",\"url\":\"https:\\\/\\\/fr.motocrossmag.be\\\/\",\"name\":\"Motocross - Enduro - Supermoto | MotocrossMag\",\"description\":\"L&#039;actualit\u00e9 du motocross, de l&#039;enduro et du Supermoto en ligne!\",\"potentialAction\":[{\"@type\":\"SearchAction\",\"target\":{\"@type\":\"EntryPoint\",\"urlTemplate\":\"https:\\\/\\\/fr.motocrossmag.be\\\/?s={search_term_string}\"},\"query-input\":{\"@type\":\"PropertyValueSpecification\",\"valueRequired\":true,\"valueName\":\"search_term_string\"}}],\"inLanguage\":\"fr-FR\"},{\"@type\":\"Person\",\"@id\":\"https:\\\/\\\/fr.motocrossmag.be\\\/#\\\/schema\\\/person\\\/11b47143d9f755babca2c9110e03235c\",\"name\":\"oliviere\",\"image\":{\"@type\":\"ImageObject\",\"inLanguage\":\"fr-FR\",\"@id\":\"https:\\\/\\\/secure.gravatar.com\\\/avatar\\\/907069e0b81d119452040469e4a7501da1100f54f7f80180ce77bfab718288f6?s=96&d=mm&r=g\",\"url\":\"https:\\\/\\\/secure.gravatar.com\\\/avatar\\\/907069e0b81d119452040469e4a7501da1100f54f7f80180ce77bfab718288f6?s=96&d=mm&r=g\",\"contentUrl\":\"https:\\\/\\\/secure.gravatar.com\\\/avatar\\\/907069e0b81d119452040469e4a7501da1100f54f7f80180ce77bfab718288f6?s=96&d=mm&r=g\",\"caption\":\"oliviere\"},\"sameAs\":[\"http:\\\/\\\/www.motocrossmag.be\"],\"url\":\"https:\\\/\\\/fr.motocrossmag.be\\\/index.php\\\/author\\\/oliviere\\\/\"}]}<\/script>\n<!-- \/ Yoast SEO plugin. -->","yoast_head_json":{"title":"EnduroGP : Brad Freeman domine la premi\u00e8re journ\u00e9e du GP de Tch\u00e9quie, Antoine Magain deuxi\u00e8me chez les Juniors - Motocross - Enduro - Supermoto | MotocrossMag","robots":{"index":"index","follow":"follow","max-snippet":"max-snippet:-1","max-image-preview":"max-image-preview:large","max-video-preview":"max-video-preview:-1"},"canonical":"https:\/\/fr.motocrossmag.be\/index.php\/2019\/09\/endurogp-brad-freeman-domine-la-premiere-journee-du-gp-de-tchequie-antoine-magain-deuxieme-chez-les-juniors\/","og_locale":"fr_FR","og_type":"article","og_title":"EnduroGP : Brad Freeman domine la premi\u00e8re journ\u00e9e du GP de Tch\u00e9quie, Antoine Magain deuxi\u00e8me chez les Juniors - Motocross - Enduro - Supermoto | MotocrossMag","og_description":"Brad Freeman a sign\u00e9 le meilleur temps dans pas moins de 7 sp\u00e9ciales ce samedi sur la premi\u00e8re journ\u00e9e du GP de Tch\u00e9quie, avant-dernier rendez-vous de la saison EnduroGP! Le [...]","og_url":"https:\/\/fr.motocrossmag.be\/index.php\/2019\/09\/endurogp-brad-freeman-domine-la-premiere-journee-du-gp-de-tchequie-antoine-magain-deuxieme-chez-les-juniors\/","og_site_name":"Motocross - Enduro - Supermoto | MotocrossMag","article_published_time":"2019-09-14T20:24:25+00:00","og_image":[{"width":1000,"height":666,"url":"https:\/\/fr.motocrossmag.be\/wp-content\/uploads\/2019\/09\/freeman-brad-endurogp.jpg","type":"image\/jpeg"}],"author":"oliviere","twitter_card":"summary_large_image","twitter_misc":{"\u00c9crit par":"oliviere","Dur\u00e9e de lecture estim\u00e9e":"1 minute"},"schema":{"@context":"https:\/\/schema.org","@graph":[{"@type":"Article","@id":"https:\/\/fr.motocrossmag.be\/index.php\/2019\/09\/endurogp-brad-freeman-domine-la-premiere-journee-du-gp-de-tchequie-antoine-magain-deuxieme-chez-les-juniors\/#article","isPartOf":{"@id":"https:\/\/fr.motocrossmag.be\/index.php\/2019\/09\/endurogp-brad-freeman-domine-la-premiere-journee-du-gp-de-tchequie-antoine-magain-deuxieme-chez-les-juniors\/"},"author":{"name":"oliviere","@id":"https:\/\/fr.motocrossmag.be\/#\/schema\/person\/11b47143d9f755babca2c9110e03235c"},"headline":"EnduroGP : Brad Freeman domine la premi\u00e8re journ\u00e9e du GP de Tch\u00e9quie, Antoine Magain deuxi\u00e8me chez les Juniors","datePublished":"2019-09-14T20:24:25+00:00","mainEntityOfPage":{"@id":"https:\/\/fr.motocrossmag.be\/index.php\/2019\/09\/endurogp-brad-freeman-domine-la-premiere-journee-du-gp-de-tchequie-antoine-magain-deuxieme-chez-les-juniors\/"},"wordCount":140,"commentCount":0,"image":{"@id":"https:\/\/fr.motocrossmag.be\/index.php\/2019\/09\/endurogp-brad-freeman-domine-la-premiere-journee-du-gp-de-tchequie-antoine-magain-deuxieme-chez-les-juniors\/#primaryimage"},"thumbnailUrl":"https:\/\/fr.motocrossmag.be\/wp-content\/uploads\/2019\/09\/freeman-brad-endurogp.jpg","keywords":["Enduro"],"articleSection":["Actualit\u00e9","Enduro","EnduroGP","News","News"],"inLanguage":"fr-FR","potentialAction":[{"@type":"CommentAction","name":"Comment","target":["https:\/\/fr.motocrossmag.be\/index.php\/2019\/09\/endurogp-brad-freeman-domine-la-premiere-journee-du-gp-de-tchequie-antoine-magain-deuxieme-chez-les-juniors\/#respond"]}]},{"@type":"WebPage","@id":"https:\/\/fr.motocrossmag.be\/index.php\/2019\/09\/endurogp-brad-freeman-domine-la-premiere-journee-du-gp-de-tchequie-antoine-magain-deuxieme-chez-les-juniors\/","url":"https:\/\/fr.motocrossmag.be\/index.php\/2019\/09\/endurogp-brad-freeman-domine-la-premiere-journee-du-gp-de-tchequie-antoine-magain-deuxieme-chez-les-juniors\/","name":"EnduroGP : Brad Freeman domine la premi\u00e8re journ\u00e9e du GP de Tch\u00e9quie, Antoine Magain deuxi\u00e8me chez les Juniors - Motocross - Enduro - Supermoto | MotocrossMag","isPartOf":{"@id":"https:\/\/fr.motocrossmag.be\/#website"},"primaryImageOfPage":{"@id":"https:\/\/fr.motocrossmag.be\/index.php\/2019\/09\/endurogp-brad-freeman-domine-la-premiere-journee-du-gp-de-tchequie-antoine-magain-deuxieme-chez-les-juniors\/#primaryimage"},"image":{"@id":"https:\/\/fr.motocrossmag.be\/index.php\/2019\/09\/endurogp-brad-freeman-domine-la-premiere-journee-du-gp-de-tchequie-antoine-magain-deuxieme-chez-les-juniors\/#primaryimage"},"thumbnailUrl":"https:\/\/fr.motocrossmag.be\/wp-content\/uploads\/2019\/09\/freeman-brad-endurogp.jpg","datePublished":"2019-09-14T20:24:25+00:00","author":{"@id":"https:\/\/fr.motocrossmag.be\/#\/schema\/person\/11b47143d9f755babca2c9110e03235c"},"breadcrumb":{"@id":"https:\/\/fr.motocrossmag.be\/index.php\/2019\/09\/endurogp-brad-freeman-domine-la-premiere-journee-du-gp-de-tchequie-antoine-magain-deuxieme-chez-les-juniors\/#breadcrumb"},"inLanguage":"fr-FR","potentialAction":[{"@type":"ReadAction","target":["https:\/\/fr.motocrossmag.be\/index.php\/2019\/09\/endurogp-brad-freeman-domine-la-premiere-journee-du-gp-de-tchequie-antoine-magain-deuxieme-chez-les-juniors\/"]}]},{"@type":"ImageObject","inLanguage":"fr-FR","@id":"https:\/\/fr.motocrossmag.be\/index.php\/2019\/09\/endurogp-brad-freeman-domine-la-premiere-journee-du-gp-de-tchequie-antoine-magain-deuxieme-chez-les-juniors\/#primaryimage","url":"https:\/\/fr.motocrossmag.be\/wp-content\/uploads\/2019\/09\/freeman-brad-endurogp.jpg","contentUrl":"https:\/\/fr.motocrossmag.be\/wp-content\/uploads\/2019\/09\/freeman-brad-endurogp.jpg","width":1000,"height":666},{"@type":"BreadcrumbList","@id":"https:\/\/fr.motocrossmag.be\/index.php\/2019\/09\/endurogp-brad-freeman-domine-la-premiere-journee-du-gp-de-tchequie-antoine-magain-deuxieme-chez-les-juniors\/#breadcrumb","itemListElement":[{"@type":"ListItem","position":1,"name":"Accueil","item":"https:\/\/fr.motocrossmag.be\/"},{"@type":"ListItem","position":2,"name":"EnduroGP : Brad Freeman domine la premi\u00e8re journ\u00e9e du GP de Tch\u00e9quie, Antoine Magain deuxi\u00e8me chez les Juniors"}]},{"@type":"WebSite","@id":"https:\/\/fr.motocrossmag.be\/#website","url":"https:\/\/fr.motocrossmag.be\/","name":"Motocross - Enduro - Supermoto | MotocrossMag","description":"L&#039;actualit\u00e9 du motocross, de l&#039;enduro et du Supermoto en ligne!","potentialAction":[{"@type":"SearchAction","target":{"@type":"EntryPoint","urlTemplate":"https:\/\/fr.motocrossmag.be\/?s={search_term_string}"},"query-input":{"@type":"PropertyValueSpecification","valueRequired":true,"valueName":"search_term_string"}}],"inLanguage":"fr-FR"},{"@type":"Person","@id":"https:\/\/fr.motocrossmag.be\/#\/schema\/person\/11b47143d9f755babca2c9110e03235c","name":"oliviere","image":{"@type":"ImageObject","inLanguage":"fr-FR","@id":"https:\/\/secure.gravatar.com\/avatar\/907069e0b81d119452040469e4a7501da1100f54f7f80180ce77bfab718288f6?s=96&d=mm&r=g","url":"https:\/\/secure.gravatar.com\/avatar\/907069e0b81d119452040469e4a7501da1100f54f7f80180ce77bfab718288f6?s=96&d=mm&r=g","contentUrl":"https:\/\/secure.gravatar.com\/avatar\/907069e0b81d119452040469e4a7501da1100f54f7f80180ce77bfab718288f6?s=96&d=mm&r=g","caption":"oliviere"},"sameAs":["http:\/\/www.motocrossmag.be"],"url":"https:\/\/fr.motocrossmag.be\/index.php\/author\/oliviere\/"}]}},"_links":{"self":[{"href":"https:\/\/fr.motocrossmag.be\/index.php\/wp-json\/wp\/v2\/posts\/96435","targetHints":{"allow":["GET"]}}],"collection":[{"href":"https:\/\/fr.motocrossmag.be\/index.php\/wp-json\/wp\/v2\/posts"}],"about":[{"href":"https:\/\/fr.motocrossmag.be\/index.php\/wp-json\/wp\/v2\/types\/post"}],"author":[{"embeddable":true,"href":"https:\/\/fr.motocrossmag.be\/index.php\/wp-json\/wp\/v2\/users\/932"}],"replies":[{"embeddable":true,"href":"https:\/\/fr.motocrossmag.be\/index.php\/wp-json\/wp\/v2\/comments?post=96435"}],"version-history":[{"count":0,"href":"https:\/\/fr.motocrossmag.be\/index.php\/wp-json\/wp\/v2\/posts\/96435\/revisions"}],"wp:featuredmedia":[{"embeddable":true,"href":"https:\/\/fr.motocrossmag.be\/index.php\/wp-json\/wp\/v2\/media\/96437"}],"wp:attachment":[{"href":"https:\/\/fr.motocrossmag.be\/index.php\/wp-json\/wp\/v2\/media?parent=96435"}],"wp:term":[{"taxonomy":"category","embeddable":true,"href":"https:\/\/fr.motocrossmag.be\/index.php\/wp-json\/wp\/v2\/categories?post=96435"},{"taxonomy":"post_tag","embeddable":true,"href":"https:\/\/fr.motocrossmag.be\/index.php\/wp-json\/wp\/v2\/tags?post=96435"}],"curies":[{"name":"wp","href":"https:\/\/api.w.org\/{rel}","templated":true}]}}