{"id":9668,"date":"2011-01-02T17:02:49","date_gmt":"2011-01-02T16:02:49","guid":{"rendered":"http:\/\/fr.motocrossmag.be\/?p=9668"},"modified":"2011-01-02T17:02:49","modified_gmt":"2011-01-02T16:02:49","slug":"galerie-photos-ken-roczen-en-orange-les-premieres-photos","status":"publish","type":"post","link":"https:\/\/fr.motocrossmag.be\/index.php\/2011\/01\/galerie-photos-ken-roczen-en-orange-les-premieres-photos\/","title":{"rendered":"Galerie photos | Ken Roczen en orange: les premi\u00e8res photos"},"content":{"rendered":"<p>Le contrat de Ken Roczen avec Suzuki se terminant le 31 d\u00e9cembre 2010, il fallait attendre les premiers jours de 2011 \u00e0\u00a0 KTM pour pouvoir communiquer officiellement les premi\u00e8res images de son nouveau prot\u00e9g\u00e9 sous les couleurs de la marque autrichienne. C&rsquo;est \u00e0\u00a0 pr\u00e9sent chose faite!<\/p>\n<p>Photos: Garth Milan<\/p><div class=\"ermzi6a98aeb0257d4\" ><!-- \/91277017\/Inline-articles-mobile -->\n<div style=\"margin:auto; text-align:center !important\">\n<div id='div-gpt-ad-1784982661365-0' style='min-width: 250px; min-height: 75px;'>\n  <script>\n    googletag.cmd.push(function() { googletag.display('div-gpt-ad-1784982661365-0'); });\n  <\/script>\n<\/div><\/div><\/div><style type=\"text\/css\">\r\n.ermzi6a98aeb0257d4 {\r\nmargin-bottom:30px;margin-top:20px\r\n}\r\n@media screen and (min-width: 1201px) {\r\n.ermzi6a98aeb0257d4 {\r\ndisplay: block;\r\n}\r\n}\r\n@media screen and (min-width: 993px) and (max-width: 1200px) {\r\n.ermzi6a98aeb0257d4 {\r\ndisplay: block;\r\n}\r\n}\r\n@media screen and (min-width: 769px) and (max-width: 992px) {\r\n.ermzi6a98aeb0257d4 {\r\ndisplay: block;\r\n}\r\n}\r\n@media screen and (min-width: 768px) and (max-width: 768px) {\r\n.ermzi6a98aeb0257d4 {\r\ndisplay: block;\r\n}\r\n}\r\n@media screen and (max-width: 767px) {\r\n.ermzi6a98aeb0257d4 {\r\ndisplay: block;\r\n}\r\n}\r\n<\/style>\r\n\n<p><a rel=\"lightbox dia=1\" href=\"http:\/\/fr.motocrossmag.be\/wp-content\/uploads\/2011\/01\/1.jpg\"><img decoding=\"async\" class=\"alignnone size-thumbnail wp-image-9681\" title=\"1\" src=\"http:\/\/fr.motocrossmag.be\/wp-content\/uploads\/2011\/01\/1-150x150.jpg\" alt=\"\" width=\"150\" height=\"150\" \/><\/a>\u00a0\u00a0 <a rel=\"lightbox dia=1\" href=\"http:\/\/fr.motocrossmag.be\/wp-content\/uploads\/2011\/01\/2.jpg\"><img decoding=\"async\" class=\"alignnone size-thumbnail wp-image-9680\" title=\"2\" src=\"http:\/\/fr.motocrossmag.be\/wp-content\/uploads\/2011\/01\/2-150x150.jpg\" alt=\"\" width=\"150\" height=\"150\" \/><\/a>\u00a0\u00a0 <a rel=\"lightbox dia=1\" href=\"http:\/\/fr.motocrossmag.be\/wp-content\/uploads\/2011\/01\/3.jpg\"><img decoding=\"async\" class=\"alignnone size-thumbnail wp-image-9679\" title=\"3\" src=\"http:\/\/fr.motocrossmag.be\/wp-content\/uploads\/2011\/01\/3-150x150.jpg\" alt=\"\" width=\"150\" height=\"150\" \/><\/a><br \/>\n<a rel=\"lightbox dia=1\" href=\"http:\/\/fr.motocrossmag.be\/wp-content\/uploads\/2011\/01\/5.jpg\"><img decoding=\"async\" class=\"alignnone size-thumbnail wp-image-9677\" title=\"5\" src=\"http:\/\/fr.motocrossmag.be\/wp-content\/uploads\/2011\/01\/5-150x150.jpg\" alt=\"\" width=\"150\" height=\"150\" \/><\/a>\u00a0\u00a0 <a rel=\"lightbox dia=1\" href=\"http:\/\/fr.motocrossmag.be\/wp-content\/uploads\/2011\/01\/6.jpg\"><img decoding=\"async\" class=\"alignnone size-thumbnail wp-image-9676\" title=\"6\" src=\"http:\/\/fr.motocrossmag.be\/wp-content\/uploads\/2011\/01\/6-150x150.jpg\" alt=\"\" width=\"150\" height=\"150\" \/><\/a>\u00a0\u00a0 <a rel=\"lightbox dia=1\" href=\"http:\/\/fr.motocrossmag.be\/wp-content\/uploads\/2011\/01\/7.jpg\"><img decoding=\"async\" class=\"alignnone size-thumbnail wp-image-9675\" title=\"7\" src=\"http:\/\/fr.motocrossmag.be\/wp-content\/uploads\/2011\/01\/7-150x150.jpg\" alt=\"\" width=\"150\" height=\"150\" \/><\/a><br \/>\n<a rel=\"lightbox dia=1\" href=\"http:\/\/fr.motocrossmag.be\/wp-content\/uploads\/2011\/01\/8.jpg\"><img decoding=\"async\" class=\"alignnone size-thumbnail wp-image-9674\" title=\"8\" src=\"http:\/\/fr.motocrossmag.be\/wp-content\/uploads\/2011\/01\/8-150x150.jpg\" alt=\"\" width=\"150\" height=\"150\" \/><\/a>\u00a0\u00a0 <a rel=\"lightbox dia=1\" href=\"http:\/\/fr.motocrossmag.be\/wp-content\/uploads\/2011\/01\/9.jpg\"><img decoding=\"async\" class=\"alignnone size-thumbnail wp-image-9673\" title=\"9\" src=\"http:\/\/fr.motocrossmag.be\/wp-content\/uploads\/2011\/01\/9-150x150.jpg\" alt=\"\" width=\"150\" height=\"150\" \/><\/a>\u00a0\u00a0 <a rel=\"lightbox dia=1\" href=\"http:\/\/fr.motocrossmag.be\/wp-content\/uploads\/2011\/01\/10.jpg\"><img decoding=\"async\" class=\"alignnone size-thumbnail wp-image-9672\" title=\"10\" src=\"http:\/\/fr.motocrossmag.be\/wp-content\/uploads\/2011\/01\/10-150x150.jpg\" alt=\"\" width=\"150\" height=\"150\" \/><\/a><br \/>\n<a rel=\"lightbox dia=1\" href=\"http:\/\/fr.motocrossmag.be\/wp-content\/uploads\/2011\/01\/11.jpg\"><img decoding=\"async\" class=\"alignnone size-thumbnail wp-image-9671\" title=\"11\" src=\"http:\/\/fr.motocrossmag.be\/wp-content\/uploads\/2011\/01\/11-150x150.jpg\" alt=\"\" width=\"150\" height=\"150\" \/><\/a>\u00a0\u00a0 <a rel=\"lightbox dia=1\" href=\"http:\/\/fr.motocrossmag.be\/wp-content\/uploads\/2011\/01\/12.jpg\"><img decoding=\"async\" class=\"alignnone size-thumbnail wp-image-9670\" title=\"12\" src=\"http:\/\/fr.motocrossmag.be\/wp-content\/uploads\/2011\/01\/12-150x150.jpg\" alt=\"\" width=\"150\" height=\"150\" \/><\/a>\u00a0\u00a0 <a rel=\"lightbox dia=1\" href=\"http:\/\/fr.motocrossmag.be\/wp-content\/uploads\/2011\/01\/13.jpg\"><img decoding=\"async\" class=\"alignnone size-thumbnail wp-image-9669\" title=\"13\" src=\"http:\/\/fr.motocrossmag.be\/wp-content\/uploads\/2011\/01\/13-150x150.jpg\" alt=\"\" width=\"150\" height=\"150\" \/><\/a><\/p>\n","protected":false},"excerpt":{"rendered":"<p>Le contrat de Ken Roczen avec Suzuki se terminant le 31 d\u00e9cembre 2010, il fallait attendre les premiers jours de 2011 \u00e0\u00a0 KTM pour pouvoir communiquer officiellement les premi\u00e8res images de son nouveau prot\u00e9g\u00e9 sous les couleurs de la marque autrichienne. C&rsquo;est \u00e0\u00a0 pr\u00e9sent chose faite! Photos: Garth Milan \u00a0\u00a0 \u00a0\u00a0 \u00a0\u00a0 \u00a0\u00a0 \u00a0\u00a0 \u00a0\u00a0 [&hellip;]<\/p>\n","protected":false},"author":932,"featured_media":0,"comment_status":"open","ping_status":"closed","sticky":false,"template":"","format":"standard","meta":{"tdm_status":"","tdm_grid_status":"","footnotes":""},"categories":[66],"tags":[],"class_list":["post-9668","post","type-post","status-publish","format-standard","category-photos"],"yoast_head":"<!-- This site is optimized with the Yoast SEO plugin v28.4 - https:\/\/yoast.com\/product\/yoast-seo-wordpress\/ -->\n<title>Galerie photos | Ken Roczen en orange: les premi\u00e8res photos - Motocross - Enduro - Supermoto | MotocrossMag<\/title>\n<meta name=\"robots\" content=\"index, follow, max-snippet:-1, max-image-preview:large, max-video-preview:-1\" \/>\n<link rel=\"canonical\" href=\"https:\/\/fr.motocrossmag.be\/index.php\/2011\/01\/galerie-photos-ken-roczen-en-orange-les-premieres-photos\/\" \/>\n<meta property=\"og:locale\" content=\"fr_FR\" \/>\n<meta property=\"og:type\" content=\"article\" \/>\n<meta property=\"og:title\" content=\"Galerie photos | Ken Roczen en orange: les premi\u00e8res photos - Motocross - Enduro - Supermoto | MotocrossMag\" \/>\n<meta property=\"og:description\" content=\"Le contrat de Ken Roczen avec Suzuki se terminant le 31 d\u00e9cembre 2010, il fallait attendre les premiers jours de 2011 \u00e0\u00a0 KTM pour pouvoir communiquer officiellement les premi\u00e8res images de son nouveau prot\u00e9g\u00e9 sous les couleurs de la marque autrichienne. C&rsquo;est \u00e0\u00a0 pr\u00e9sent chose faite! Photos: Garth Milan \u00a0\u00a0 \u00a0\u00a0 \u00a0\u00a0 \u00a0\u00a0 \u00a0\u00a0 \u00a0\u00a0 [&hellip;]\" \/>\n<meta property=\"og:url\" content=\"https:\/\/fr.motocrossmag.be\/index.php\/2011\/01\/galerie-photos-ken-roczen-en-orange-les-premieres-photos\/\" \/>\n<meta property=\"og:site_name\" content=\"Motocross - Enduro - Supermoto | MotocrossMag\" \/>\n<meta property=\"article:published_time\" content=\"2011-01-02T16:02:49+00:00\" \/>\n<meta property=\"og:image\" content=\"http:\/\/fr.motocrossmag.be\/wp-content\/uploads\/2011\/01\/1-150x150.jpg\" \/>\n<meta name=\"author\" content=\"oliviere\" \/>\n<meta name=\"twitter:card\" content=\"summary_large_image\" \/>\n<meta name=\"twitter:label1\" content=\"\u00c9crit par\" \/>\n\t<meta name=\"twitter:data1\" content=\"oliviere\" \/>\n<script type=\"application\/ld+json\" class=\"yoast-schema-graph\">{\"@context\":\"https:\\\/\\\/schema.org\",\"@graph\":[{\"@type\":\"Article\",\"@id\":\"https:\\\/\\\/fr.motocrossmag.be\\\/index.php\\\/2011\\\/01\\\/galerie-photos-ken-roczen-en-orange-les-premieres-photos\\\/#article\",\"isPartOf\":{\"@id\":\"https:\\\/\\\/fr.motocrossmag.be\\\/index.php\\\/2011\\\/01\\\/galerie-photos-ken-roczen-en-orange-les-premieres-photos\\\/\"},\"author\":{\"name\":\"oliviere\",\"@id\":\"https:\\\/\\\/fr.motocrossmag.be\\\/#\\\/schema\\\/person\\\/11b47143d9f755babca2c9110e03235c\"},\"headline\":\"Galerie photos | Ken Roczen en orange: les premi\u00e8res photos\",\"datePublished\":\"2011-01-02T16:02:49+00:00\",\"mainEntityOfPage\":{\"@id\":\"https:\\\/\\\/fr.motocrossmag.be\\\/index.php\\\/2011\\\/01\\\/galerie-photos-ken-roczen-en-orange-les-premieres-photos\\\/\"},\"wordCount\":59,\"commentCount\":0,\"image\":{\"@id\":\"https:\\\/\\\/fr.motocrossmag.be\\\/index.php\\\/2011\\\/01\\\/galerie-photos-ken-roczen-en-orange-les-premieres-photos\\\/#primaryimage\"},\"thumbnailUrl\":\"http:\\\/\\\/fr.motocrossmag.be\\\/wp-content\\\/uploads\\\/2011\\\/01\\\/1-150x150.jpg\",\"articleSection\":[\"Photos\"],\"inLanguage\":\"fr-FR\",\"potentialAction\":[{\"@type\":\"CommentAction\",\"name\":\"Comment\",\"target\":[\"https:\\\/\\\/fr.motocrossmag.be\\\/index.php\\\/2011\\\/01\\\/galerie-photos-ken-roczen-en-orange-les-premieres-photos\\\/#respond\"]}]},{\"@type\":\"WebPage\",\"@id\":\"https:\\\/\\\/fr.motocrossmag.be\\\/index.php\\\/2011\\\/01\\\/galerie-photos-ken-roczen-en-orange-les-premieres-photos\\\/\",\"url\":\"https:\\\/\\\/fr.motocrossmag.be\\\/index.php\\\/2011\\\/01\\\/galerie-photos-ken-roczen-en-orange-les-premieres-photos\\\/\",\"name\":\"Galerie photos | Ken Roczen en orange: les premi\u00e8res photos - Motocross - Enduro - Supermoto | MotocrossMag\",\"isPartOf\":{\"@id\":\"https:\\\/\\\/fr.motocrossmag.be\\\/#website\"},\"primaryImageOfPage\":{\"@id\":\"https:\\\/\\\/fr.motocrossmag.be\\\/index.php\\\/2011\\\/01\\\/galerie-photos-ken-roczen-en-orange-les-premieres-photos\\\/#primaryimage\"},\"image\":{\"@id\":\"https:\\\/\\\/fr.motocrossmag.be\\\/index.php\\\/2011\\\/01\\\/galerie-photos-ken-roczen-en-orange-les-premieres-photos\\\/#primaryimage\"},\"thumbnailUrl\":\"http:\\\/\\\/fr.motocrossmag.be\\\/wp-content\\\/uploads\\\/2011\\\/01\\\/1-150x150.jpg\",\"datePublished\":\"2011-01-02T16:02:49+00:00\",\"author\":{\"@id\":\"https:\\\/\\\/fr.motocrossmag.be\\\/#\\\/schema\\\/person\\\/11b47143d9f755babca2c9110e03235c\"},\"breadcrumb\":{\"@id\":\"https:\\\/\\\/fr.motocrossmag.be\\\/index.php\\\/2011\\\/01\\\/galerie-photos-ken-roczen-en-orange-les-premieres-photos\\\/#breadcrumb\"},\"inLanguage\":\"fr-FR\",\"potentialAction\":[{\"@type\":\"ReadAction\",\"target\":[\"https:\\\/\\\/fr.motocrossmag.be\\\/index.php\\\/2011\\\/01\\\/galerie-photos-ken-roczen-en-orange-les-premieres-photos\\\/\"]}]},{\"@type\":\"ImageObject\",\"inLanguage\":\"fr-FR\",\"@id\":\"https:\\\/\\\/fr.motocrossmag.be\\\/index.php\\\/2011\\\/01\\\/galerie-photos-ken-roczen-en-orange-les-premieres-photos\\\/#primaryimage\",\"url\":\"https:\\\/\\\/fr.motocrossmag.be\\\/wp-content\\\/uploads\\\/2011\\\/01\\\/1.jpg\",\"contentUrl\":\"https:\\\/\\\/fr.motocrossmag.be\\\/wp-content\\\/uploads\\\/2011\\\/01\\\/1.jpg\",\"width\":466,\"height\":700},{\"@type\":\"BreadcrumbList\",\"@id\":\"https:\\\/\\\/fr.motocrossmag.be\\\/index.php\\\/2011\\\/01\\\/galerie-photos-ken-roczen-en-orange-les-premieres-photos\\\/#breadcrumb\",\"itemListElement\":[{\"@type\":\"ListItem\",\"position\":1,\"name\":\"Accueil\",\"item\":\"https:\\\/\\\/fr.motocrossmag.be\\\/\"},{\"@type\":\"ListItem\",\"position\":2,\"name\":\"Galerie photos | Ken Roczen en orange: les premi\u00e8res photos\"}]},{\"@type\":\"WebSite\",\"@id\":\"https:\\\/\\\/fr.motocrossmag.be\\\/#website\",\"url\":\"https:\\\/\\\/fr.motocrossmag.be\\\/\",\"name\":\"Motocross - Enduro - Supermoto | MotocrossMag\",\"description\":\"L&#039;actualit\u00e9 du motocross, de l&#039;enduro et du Supermoto en ligne!\",\"potentialAction\":[{\"@type\":\"SearchAction\",\"target\":{\"@type\":\"EntryPoint\",\"urlTemplate\":\"https:\\\/\\\/fr.motocrossmag.be\\\/?s={search_term_string}\"},\"query-input\":{\"@type\":\"PropertyValueSpecification\",\"valueRequired\":true,\"valueName\":\"search_term_string\"}}],\"inLanguage\":\"fr-FR\"},{\"@type\":\"Person\",\"@id\":\"https:\\\/\\\/fr.motocrossmag.be\\\/#\\\/schema\\\/person\\\/11b47143d9f755babca2c9110e03235c\",\"name\":\"oliviere\",\"image\":{\"@type\":\"ImageObject\",\"inLanguage\":\"fr-FR\",\"@id\":\"https:\\\/\\\/secure.gravatar.com\\\/avatar\\\/907069e0b81d119452040469e4a7501da1100f54f7f80180ce77bfab718288f6?s=96&d=mm&r=g\",\"url\":\"https:\\\/\\\/secure.gravatar.com\\\/avatar\\\/907069e0b81d119452040469e4a7501da1100f54f7f80180ce77bfab718288f6?s=96&d=mm&r=g\",\"contentUrl\":\"https:\\\/\\\/secure.gravatar.com\\\/avatar\\\/907069e0b81d119452040469e4a7501da1100f54f7f80180ce77bfab718288f6?s=96&d=mm&r=g\",\"caption\":\"oliviere\"},\"sameAs\":[\"http:\\\/\\\/www.motocrossmag.be\"],\"url\":\"https:\\\/\\\/fr.motocrossmag.be\\\/index.php\\\/author\\\/oliviere\\\/\"}]}<\/script>\n<!-- \/ Yoast SEO plugin. -->","yoast_head_json":{"title":"Galerie photos | Ken Roczen en orange: les premi\u00e8res photos - Motocross - Enduro - Supermoto | MotocrossMag","robots":{"index":"index","follow":"follow","max-snippet":"max-snippet:-1","max-image-preview":"max-image-preview:large","max-video-preview":"max-video-preview:-1"},"canonical":"https:\/\/fr.motocrossmag.be\/index.php\/2011\/01\/galerie-photos-ken-roczen-en-orange-les-premieres-photos\/","og_locale":"fr_FR","og_type":"article","og_title":"Galerie photos | Ken Roczen en orange: les premi\u00e8res photos - Motocross - Enduro - Supermoto | MotocrossMag","og_description":"Le contrat de Ken Roczen avec Suzuki se terminant le 31 d\u00e9cembre 2010, il fallait attendre les premiers jours de 2011 \u00e0\u00a0 KTM pour pouvoir communiquer officiellement les premi\u00e8res images de son nouveau prot\u00e9g\u00e9 sous les couleurs de la marque autrichienne. C&rsquo;est \u00e0\u00a0 pr\u00e9sent chose faite! Photos: Garth Milan \u00a0\u00a0 \u00a0\u00a0 \u00a0\u00a0 \u00a0\u00a0 \u00a0\u00a0 \u00a0\u00a0 [&hellip;]","og_url":"https:\/\/fr.motocrossmag.be\/index.php\/2011\/01\/galerie-photos-ken-roczen-en-orange-les-premieres-photos\/","og_site_name":"Motocross - Enduro - Supermoto | MotocrossMag","article_published_time":"2011-01-02T16:02:49+00:00","og_image":[{"url":"http:\/\/fr.motocrossmag.be\/wp-content\/uploads\/2011\/01\/1-150x150.jpg","type":"","width":"","height":""}],"author":"oliviere","twitter_card":"summary_large_image","twitter_misc":{"\u00c9crit par":"oliviere"},"schema":{"@context":"https:\/\/schema.org","@graph":[{"@type":"Article","@id":"https:\/\/fr.motocrossmag.be\/index.php\/2011\/01\/galerie-photos-ken-roczen-en-orange-les-premieres-photos\/#article","isPartOf":{"@id":"https:\/\/fr.motocrossmag.be\/index.php\/2011\/01\/galerie-photos-ken-roczen-en-orange-les-premieres-photos\/"},"author":{"name":"oliviere","@id":"https:\/\/fr.motocrossmag.be\/#\/schema\/person\/11b47143d9f755babca2c9110e03235c"},"headline":"Galerie photos | Ken Roczen en orange: les premi\u00e8res photos","datePublished":"2011-01-02T16:02:49+00:00","mainEntityOfPage":{"@id":"https:\/\/fr.motocrossmag.be\/index.php\/2011\/01\/galerie-photos-ken-roczen-en-orange-les-premieres-photos\/"},"wordCount":59,"commentCount":0,"image":{"@id":"https:\/\/fr.motocrossmag.be\/index.php\/2011\/01\/galerie-photos-ken-roczen-en-orange-les-premieres-photos\/#primaryimage"},"thumbnailUrl":"http:\/\/fr.motocrossmag.be\/wp-content\/uploads\/2011\/01\/1-150x150.jpg","articleSection":["Photos"],"inLanguage":"fr-FR","potentialAction":[{"@type":"CommentAction","name":"Comment","target":["https:\/\/fr.motocrossmag.be\/index.php\/2011\/01\/galerie-photos-ken-roczen-en-orange-les-premieres-photos\/#respond"]}]},{"@type":"WebPage","@id":"https:\/\/fr.motocrossmag.be\/index.php\/2011\/01\/galerie-photos-ken-roczen-en-orange-les-premieres-photos\/","url":"https:\/\/fr.motocrossmag.be\/index.php\/2011\/01\/galerie-photos-ken-roczen-en-orange-les-premieres-photos\/","name":"Galerie photos | Ken Roczen en orange: les premi\u00e8res photos - Motocross - Enduro - Supermoto | MotocrossMag","isPartOf":{"@id":"https:\/\/fr.motocrossmag.be\/#website"},"primaryImageOfPage":{"@id":"https:\/\/fr.motocrossmag.be\/index.php\/2011\/01\/galerie-photos-ken-roczen-en-orange-les-premieres-photos\/#primaryimage"},"image":{"@id":"https:\/\/fr.motocrossmag.be\/index.php\/2011\/01\/galerie-photos-ken-roczen-en-orange-les-premieres-photos\/#primaryimage"},"thumbnailUrl":"http:\/\/fr.motocrossmag.be\/wp-content\/uploads\/2011\/01\/1-150x150.jpg","datePublished":"2011-01-02T16:02:49+00:00","author":{"@id":"https:\/\/fr.motocrossmag.be\/#\/schema\/person\/11b47143d9f755babca2c9110e03235c"},"breadcrumb":{"@id":"https:\/\/fr.motocrossmag.be\/index.php\/2011\/01\/galerie-photos-ken-roczen-en-orange-les-premieres-photos\/#breadcrumb"},"inLanguage":"fr-FR","potentialAction":[{"@type":"ReadAction","target":["https:\/\/fr.motocrossmag.be\/index.php\/2011\/01\/galerie-photos-ken-roczen-en-orange-les-premieres-photos\/"]}]},{"@type":"ImageObject","inLanguage":"fr-FR","@id":"https:\/\/fr.motocrossmag.be\/index.php\/2011\/01\/galerie-photos-ken-roczen-en-orange-les-premieres-photos\/#primaryimage","url":"https:\/\/fr.motocrossmag.be\/wp-content\/uploads\/2011\/01\/1.jpg","contentUrl":"https:\/\/fr.motocrossmag.be\/wp-content\/uploads\/2011\/01\/1.jpg","width":466,"height":700},{"@type":"BreadcrumbList","@id":"https:\/\/fr.motocrossmag.be\/index.php\/2011\/01\/galerie-photos-ken-roczen-en-orange-les-premieres-photos\/#breadcrumb","itemListElement":[{"@type":"ListItem","position":1,"name":"Accueil","item":"https:\/\/fr.motocrossmag.be\/"},{"@type":"ListItem","position":2,"name":"Galerie photos | Ken Roczen en orange: les premi\u00e8res photos"}]},{"@type":"WebSite","@id":"https:\/\/fr.motocrossmag.be\/#website","url":"https:\/\/fr.motocrossmag.be\/","name":"Motocross - Enduro - Supermoto | MotocrossMag","description":"L&#039;actualit\u00e9 du motocross, de l&#039;enduro et du Supermoto en ligne!","potentialAction":[{"@type":"SearchAction","target":{"@type":"EntryPoint","urlTemplate":"https:\/\/fr.motocrossmag.be\/?s={search_term_string}"},"query-input":{"@type":"PropertyValueSpecification","valueRequired":true,"valueName":"search_term_string"}}],"inLanguage":"fr-FR"},{"@type":"Person","@id":"https:\/\/fr.motocrossmag.be\/#\/schema\/person\/11b47143d9f755babca2c9110e03235c","name":"oliviere","image":{"@type":"ImageObject","inLanguage":"fr-FR","@id":"https:\/\/secure.gravatar.com\/avatar\/907069e0b81d119452040469e4a7501da1100f54f7f80180ce77bfab718288f6?s=96&d=mm&r=g","url":"https:\/\/secure.gravatar.com\/avatar\/907069e0b81d119452040469e4a7501da1100f54f7f80180ce77bfab718288f6?s=96&d=mm&r=g","contentUrl":"https:\/\/secure.gravatar.com\/avatar\/907069e0b81d119452040469e4a7501da1100f54f7f80180ce77bfab718288f6?s=96&d=mm&r=g","caption":"oliviere"},"sameAs":["http:\/\/www.motocrossmag.be"],"url":"https:\/\/fr.motocrossmag.be\/index.php\/author\/oliviere\/"}]}},"_links":{"self":[{"href":"https:\/\/fr.motocrossmag.be\/index.php\/wp-json\/wp\/v2\/posts\/9668","targetHints":{"allow":["GET"]}}],"collection":[{"href":"https:\/\/fr.motocrossmag.be\/index.php\/wp-json\/wp\/v2\/posts"}],"about":[{"href":"https:\/\/fr.motocrossmag.be\/index.php\/wp-json\/wp\/v2\/types\/post"}],"author":[{"embeddable":true,"href":"https:\/\/fr.motocrossmag.be\/index.php\/wp-json\/wp\/v2\/users\/932"}],"replies":[{"embeddable":true,"href":"https:\/\/fr.motocrossmag.be\/index.php\/wp-json\/wp\/v2\/comments?post=9668"}],"version-history":[{"count":0,"href":"https:\/\/fr.motocrossmag.be\/index.php\/wp-json\/wp\/v2\/posts\/9668\/revisions"}],"wp:attachment":[{"href":"https:\/\/fr.motocrossmag.be\/index.php\/wp-json\/wp\/v2\/media?parent=9668"}],"wp:term":[{"taxonomy":"category","embeddable":true,"href":"https:\/\/fr.motocrossmag.be\/index.php\/wp-json\/wp\/v2\/categories?post=9668"},{"taxonomy":"post_tag","embeddable":true,"href":"https:\/\/fr.motocrossmag.be\/index.php\/wp-json\/wp\/v2\/tags?post=9668"}],"curies":[{"name":"wp","href":"https:\/\/api.w.org\/{rel}","templated":true}]}}