{"id":96859,"date":"2019-09-23T10:35:29","date_gmt":"2019-09-23T08:35:29","guid":{"rendered":"https:\/\/fr.motocrossmag.be\/?p=96859"},"modified":"2019-09-24T21:58:52","modified_gmt":"2019-09-24T19:58:52","slug":"jeffrey-herlings-remporte-la-premiere-loon-beach-race","status":"publish","type":"post","link":"https:\/\/fr.motocrossmag.be\/index.php\/2019\/09\/jeffrey-herlings-remporte-la-premiere-loon-beach-race\/","title":{"rendered":"Jeffrey Herlings survole la Loon Beach Race"},"content":{"rendered":"<p><strong>La saison de sable ne d\u00e9butera v\u00e9ritablement que les 19 et 20 octobre prochains avec le Beach-Cross de Berck-sur-Mer. Les principaux protagonistes de la future saison \u00e9taient cependant d\u00e9j\u00e0 \u00e0 l&rsquo;oeuvre ce week-end dans le sable de Loon-Plage. Le fameux circuit du nord de la France accueillait en effet la Loon Beach Race, une \u00e9preuve internationale d&rsquo;avant-saison. Si la plupart des favoris du championnat de France des Sables \u00e9taient au rendez-vous, c&rsquo;est surtout la pr\u00e9sence de Jeffrey Herlings qui rendait l&rsquo;\u00e9v\u00e9nement exceptionnel.<\/strong><\/p>\n<p>Le quadruple champion du monde de motocross peaufine toujours sa pr\u00e9paration pour le MX des Nations, le week-end prochain \u00e0 Assen. Vainqueur des deux derniers rounds du championnat MXGP apr\u00e8s avoir pass\u00e9 plus de 6 mois en convalescence, Herlings a survol\u00e9 l&rsquo;\u00e9preuve fran\u00e7aise. Il remporte les deux manches du jour devant un excellent Jeffrey Dewulf. Derri\u00e8re, l&rsquo;Allemand Tom Koch prend \u00e0 deux reprises la 3\u00e8me place.<\/p>\n<p>Dans la finale, pas de surprise puisque c&rsquo;est l\u00e0 aussi Herlings qui s&rsquo;impose. Camille Chapeli\u00e8re et Todd Kellett compl\u00e8tent le podium tandis que Dewulf se contente de la 4\u00e8me place devant Koch et Ramon.<\/p>\n<p>Huiti\u00e8me et septi\u00e8me dans les manches, Daymond Martens place sa KTM 450 du team Motoland Racing \u00e0 la 15\u00e8me position de la finale.<\/p>\n<p><span style=\"color: #800000;\"><strong>R\u00e9sultats<\/strong><\/span><\/p>\n<p>MANCHE 1<strong><br \/>\n<\/strong><br \/>\n1. Jeffrey Herlings; <strong>2. Jeffrey Dewulf<\/strong>; 3. Tom Koch; 4. Todd Kellett; 5. Camille Chapeli\u00e8re; 6. Alexis Collignon; 7. Nicolas Dercourt; <strong>8. Daymond Martens<\/strong>; 9. Richard Fura; 10. St\u00e9phane Watel;&#8230;<\/p>\n<p>MANCHE 2<strong><br \/>\n<\/strong><br \/>\n1. Jeffrey Herlings; <strong>2. Jeffrey Dewulf<\/strong>; 3. Tom Koch; 4. Camille Chapeli\u00e8re; 5. Todd Kellett; 6. Tom Guyon; <strong>7. Daymond Martens<\/strong>; 8. Richard Fura; <strong>9. Steve Ramon;<\/strong> 10. Nicolas Dercourt;&#8230;<\/p>\n<p>FINALE<strong><br \/>\n<\/strong><br \/>\n1. Jeffrey Herlings; 2. Camille Chapeli\u00e8re; 3. Todd Kellett; <strong>4. Jeffrey Dewulf<\/strong>; 5. Tom Koch; <strong>6. Steve Ramon;<\/strong> 7. Tom Guyon; 8. St\u00e9phane Watel; 9. Nicolas Dercourt; 10. Richard Fura;&#8230;<\/p>\n<div id=\"ConnectiveDocSignExtentionInstalled\" data-extension-version=\"1.0.4\"><\/div>\n","protected":false},"excerpt":{"rendered":"<p>La saison de sable ne d\u00e9butera v\u00e9ritablement que les 19 et 20 octobre prochains avec le Beach-Cross de Berck-sur-Mer. Les principaux protagonistes de la future saison \u00e9taient cependant d\u00e9j\u00e0 \u00e0 [&#8230;]<\/p>\n","protected":false},"author":932,"featured_media":96860,"comment_status":"open","ping_status":"closed","sticky":false,"template":"","format":"standard","meta":{"footnotes":""},"categories":[54,1075,4,5,55,65],"tags":[300,427,490,1178],"class_list":["post-96859","post","type-post","status-publish","format-standard","has-post-thumbnail","hentry","category-actualite","category-courses-de-sable","category-motocross","category-news","category-news-actualite","category-slideshow","tag-course-sur-sable","tag-endurance","tag-france","tag-sable"],"yoast_head":"<!-- This site is optimized with the Yoast SEO plugin v27.4 - https:\/\/yoast.com\/product\/yoast-seo-wordpress\/ -->\n<title>Jeffrey Herlings survole la Loon Beach Race - Motocross - Enduro - Supermoto | MotocrossMag<\/title>\n<meta name=\"robots\" content=\"index, follow, max-snippet:-1, max-image-preview:large, max-video-preview:-1\" \/>\n<link rel=\"canonical\" href=\"https:\/\/fr.motocrossmag.be\/index.php\/2019\/09\/jeffrey-herlings-remporte-la-premiere-loon-beach-race\/\" \/>\n<meta property=\"og:locale\" content=\"fr_FR\" \/>\n<meta property=\"og:type\" content=\"article\" \/>\n<meta property=\"og:title\" content=\"Jeffrey Herlings survole la Loon Beach Race - Motocross - Enduro - Supermoto | MotocrossMag\" \/>\n<meta property=\"og:description\" content=\"La saison de sable ne d\u00e9butera v\u00e9ritablement que les 19 et 20 octobre prochains avec le Beach-Cross de Berck-sur-Mer. Les principaux protagonistes de la future saison \u00e9taient cependant d\u00e9j\u00e0 \u00e0 [...]\" \/>\n<meta property=\"og:url\" content=\"https:\/\/fr.motocrossmag.be\/index.php\/2019\/09\/jeffrey-herlings-remporte-la-premiere-loon-beach-race\/\" \/>\n<meta property=\"og:site_name\" content=\"Motocross - Enduro - Supermoto | MotocrossMag\" \/>\n<meta property=\"article:published_time\" content=\"2019-09-23T08:35:29+00:00\" \/>\n<meta property=\"article:modified_time\" content=\"2019-09-24T19:58:52+00:00\" \/>\n<meta property=\"og:image\" content=\"https:\/\/fr.motocrossmag.be\/wp-content\/uploads\/2019\/09\/herlings.jpg\" \/>\n\t<meta property=\"og:image:width\" content=\"1000\" \/>\n\t<meta property=\"og:image:height\" content=\"666\" \/>\n\t<meta property=\"og:image:type\" content=\"image\/jpeg\" \/>\n<meta name=\"author\" content=\"oliviere\" \/>\n<meta name=\"twitter:card\" content=\"summary_large_image\" \/>\n<meta name=\"twitter:label1\" content=\"\u00c9crit par\" \/>\n\t<meta name=\"twitter:data1\" content=\"oliviere\" \/>\n\t<meta name=\"twitter:label2\" content=\"Dur\u00e9e de lecture estim\u00e9e\" \/>\n\t<meta name=\"twitter:data2\" content=\"1 minute\" \/>\n<script type=\"application\/ld+json\" class=\"yoast-schema-graph\">{\"@context\":\"https:\\\/\\\/schema.org\",\"@graph\":[{\"@type\":\"Article\",\"@id\":\"https:\\\/\\\/fr.motocrossmag.be\\\/index.php\\\/2019\\\/09\\\/jeffrey-herlings-remporte-la-premiere-loon-beach-race\\\/#article\",\"isPartOf\":{\"@id\":\"https:\\\/\\\/fr.motocrossmag.be\\\/index.php\\\/2019\\\/09\\\/jeffrey-herlings-remporte-la-premiere-loon-beach-race\\\/\"},\"author\":{\"name\":\"oliviere\",\"@id\":\"https:\\\/\\\/fr.motocrossmag.be\\\/#\\\/schema\\\/person\\\/11b47143d9f755babca2c9110e03235c\"},\"headline\":\"Jeffrey Herlings survole la Loon Beach Race\",\"datePublished\":\"2019-09-23T08:35:29+00:00\",\"dateModified\":\"2019-09-24T19:58:52+00:00\",\"mainEntityOfPage\":{\"@id\":\"https:\\\/\\\/fr.motocrossmag.be\\\/index.php\\\/2019\\\/09\\\/jeffrey-herlings-remporte-la-premiere-loon-beach-race\\\/\"},\"wordCount\":295,\"commentCount\":0,\"image\":{\"@id\":\"https:\\\/\\\/fr.motocrossmag.be\\\/index.php\\\/2019\\\/09\\\/jeffrey-herlings-remporte-la-premiere-loon-beach-race\\\/#primaryimage\"},\"thumbnailUrl\":\"https:\\\/\\\/fr.motocrossmag.be\\\/wp-content\\\/uploads\\\/2019\\\/09\\\/herlings.jpg\",\"keywords\":[\"CFS\",\"endurance\",\"france\",\"sable\"],\"articleSection\":[\"Actualit\u00e9\",\"Courses de sable\",\"Motocross\",\"News\",\"News\",\"Slideshow\"],\"inLanguage\":\"fr-FR\",\"potentialAction\":[{\"@type\":\"CommentAction\",\"name\":\"Comment\",\"target\":[\"https:\\\/\\\/fr.motocrossmag.be\\\/index.php\\\/2019\\\/09\\\/jeffrey-herlings-remporte-la-premiere-loon-beach-race\\\/#respond\"]}]},{\"@type\":\"WebPage\",\"@id\":\"https:\\\/\\\/fr.motocrossmag.be\\\/index.php\\\/2019\\\/09\\\/jeffrey-herlings-remporte-la-premiere-loon-beach-race\\\/\",\"url\":\"https:\\\/\\\/fr.motocrossmag.be\\\/index.php\\\/2019\\\/09\\\/jeffrey-herlings-remporte-la-premiere-loon-beach-race\\\/\",\"name\":\"Jeffrey Herlings survole la Loon Beach Race - Motocross - Enduro - Supermoto | MotocrossMag\",\"isPartOf\":{\"@id\":\"https:\\\/\\\/fr.motocrossmag.be\\\/#website\"},\"primaryImageOfPage\":{\"@id\":\"https:\\\/\\\/fr.motocrossmag.be\\\/index.php\\\/2019\\\/09\\\/jeffrey-herlings-remporte-la-premiere-loon-beach-race\\\/#primaryimage\"},\"image\":{\"@id\":\"https:\\\/\\\/fr.motocrossmag.be\\\/index.php\\\/2019\\\/09\\\/jeffrey-herlings-remporte-la-premiere-loon-beach-race\\\/#primaryimage\"},\"thumbnailUrl\":\"https:\\\/\\\/fr.motocrossmag.be\\\/wp-content\\\/uploads\\\/2019\\\/09\\\/herlings.jpg\",\"datePublished\":\"2019-09-23T08:35:29+00:00\",\"dateModified\":\"2019-09-24T19:58:52+00:00\",\"author\":{\"@id\":\"https:\\\/\\\/fr.motocrossmag.be\\\/#\\\/schema\\\/person\\\/11b47143d9f755babca2c9110e03235c\"},\"breadcrumb\":{\"@id\":\"https:\\\/\\\/fr.motocrossmag.be\\\/index.php\\\/2019\\\/09\\\/jeffrey-herlings-remporte-la-premiere-loon-beach-race\\\/#breadcrumb\"},\"inLanguage\":\"fr-FR\",\"potentialAction\":[{\"@type\":\"ReadAction\",\"target\":[\"https:\\\/\\\/fr.motocrossmag.be\\\/index.php\\\/2019\\\/09\\\/jeffrey-herlings-remporte-la-premiere-loon-beach-race\\\/\"]}]},{\"@type\":\"ImageObject\",\"inLanguage\":\"fr-FR\",\"@id\":\"https:\\\/\\\/fr.motocrossmag.be\\\/index.php\\\/2019\\\/09\\\/jeffrey-herlings-remporte-la-premiere-loon-beach-race\\\/#primaryimage\",\"url\":\"https:\\\/\\\/fr.motocrossmag.be\\\/wp-content\\\/uploads\\\/2019\\\/09\\\/herlings.jpg\",\"contentUrl\":\"https:\\\/\\\/fr.motocrossmag.be\\\/wp-content\\\/uploads\\\/2019\\\/09\\\/herlings.jpg\",\"width\":1000,\"height\":666},{\"@type\":\"BreadcrumbList\",\"@id\":\"https:\\\/\\\/fr.motocrossmag.be\\\/index.php\\\/2019\\\/09\\\/jeffrey-herlings-remporte-la-premiere-loon-beach-race\\\/#breadcrumb\",\"itemListElement\":[{\"@type\":\"ListItem\",\"position\":1,\"name\":\"Accueil\",\"item\":\"https:\\\/\\\/fr.motocrossmag.be\\\/\"},{\"@type\":\"ListItem\",\"position\":2,\"name\":\"Jeffrey Herlings survole la Loon Beach Race\"}]},{\"@type\":\"WebSite\",\"@id\":\"https:\\\/\\\/fr.motocrossmag.be\\\/#website\",\"url\":\"https:\\\/\\\/fr.motocrossmag.be\\\/\",\"name\":\"Motocross - Enduro - Supermoto | MotocrossMag\",\"description\":\"L&#039;actualit\u00e9 du motocross, de l&#039;enduro et du Supermoto en ligne!\",\"potentialAction\":[{\"@type\":\"SearchAction\",\"target\":{\"@type\":\"EntryPoint\",\"urlTemplate\":\"https:\\\/\\\/fr.motocrossmag.be\\\/?s={search_term_string}\"},\"query-input\":{\"@type\":\"PropertyValueSpecification\",\"valueRequired\":true,\"valueName\":\"search_term_string\"}}],\"inLanguage\":\"fr-FR\"},{\"@type\":\"Person\",\"@id\":\"https:\\\/\\\/fr.motocrossmag.be\\\/#\\\/schema\\\/person\\\/11b47143d9f755babca2c9110e03235c\",\"name\":\"oliviere\",\"image\":{\"@type\":\"ImageObject\",\"inLanguage\":\"fr-FR\",\"@id\":\"https:\\\/\\\/secure.gravatar.com\\\/avatar\\\/907069e0b81d119452040469e4a7501da1100f54f7f80180ce77bfab718288f6?s=96&d=mm&r=g\",\"url\":\"https:\\\/\\\/secure.gravatar.com\\\/avatar\\\/907069e0b81d119452040469e4a7501da1100f54f7f80180ce77bfab718288f6?s=96&d=mm&r=g\",\"contentUrl\":\"https:\\\/\\\/secure.gravatar.com\\\/avatar\\\/907069e0b81d119452040469e4a7501da1100f54f7f80180ce77bfab718288f6?s=96&d=mm&r=g\",\"caption\":\"oliviere\"},\"sameAs\":[\"http:\\\/\\\/www.motocrossmag.be\"],\"url\":\"https:\\\/\\\/fr.motocrossmag.be\\\/index.php\\\/author\\\/oliviere\\\/\"}]}<\/script>\n<!-- \/ Yoast SEO plugin. -->","yoast_head_json":{"title":"Jeffrey Herlings survole la Loon Beach Race - Motocross - Enduro - Supermoto | MotocrossMag","robots":{"index":"index","follow":"follow","max-snippet":"max-snippet:-1","max-image-preview":"max-image-preview:large","max-video-preview":"max-video-preview:-1"},"canonical":"https:\/\/fr.motocrossmag.be\/index.php\/2019\/09\/jeffrey-herlings-remporte-la-premiere-loon-beach-race\/","og_locale":"fr_FR","og_type":"article","og_title":"Jeffrey Herlings survole la Loon Beach Race - Motocross - Enduro - Supermoto | MotocrossMag","og_description":"La saison de sable ne d\u00e9butera v\u00e9ritablement que les 19 et 20 octobre prochains avec le Beach-Cross de Berck-sur-Mer. Les principaux protagonistes de la future saison \u00e9taient cependant d\u00e9j\u00e0 \u00e0 [...]","og_url":"https:\/\/fr.motocrossmag.be\/index.php\/2019\/09\/jeffrey-herlings-remporte-la-premiere-loon-beach-race\/","og_site_name":"Motocross - Enduro - Supermoto | MotocrossMag","article_published_time":"2019-09-23T08:35:29+00:00","article_modified_time":"2019-09-24T19:58:52+00:00","og_image":[{"width":1000,"height":666,"url":"https:\/\/fr.motocrossmag.be\/wp-content\/uploads\/2019\/09\/herlings.jpg","type":"image\/jpeg"}],"author":"oliviere","twitter_card":"summary_large_image","twitter_misc":{"\u00c9crit par":"oliviere","Dur\u00e9e de lecture estim\u00e9e":"1 minute"},"schema":{"@context":"https:\/\/schema.org","@graph":[{"@type":"Article","@id":"https:\/\/fr.motocrossmag.be\/index.php\/2019\/09\/jeffrey-herlings-remporte-la-premiere-loon-beach-race\/#article","isPartOf":{"@id":"https:\/\/fr.motocrossmag.be\/index.php\/2019\/09\/jeffrey-herlings-remporte-la-premiere-loon-beach-race\/"},"author":{"name":"oliviere","@id":"https:\/\/fr.motocrossmag.be\/#\/schema\/person\/11b47143d9f755babca2c9110e03235c"},"headline":"Jeffrey Herlings survole la Loon Beach Race","datePublished":"2019-09-23T08:35:29+00:00","dateModified":"2019-09-24T19:58:52+00:00","mainEntityOfPage":{"@id":"https:\/\/fr.motocrossmag.be\/index.php\/2019\/09\/jeffrey-herlings-remporte-la-premiere-loon-beach-race\/"},"wordCount":295,"commentCount":0,"image":{"@id":"https:\/\/fr.motocrossmag.be\/index.php\/2019\/09\/jeffrey-herlings-remporte-la-premiere-loon-beach-race\/#primaryimage"},"thumbnailUrl":"https:\/\/fr.motocrossmag.be\/wp-content\/uploads\/2019\/09\/herlings.jpg","keywords":["CFS","endurance","france","sable"],"articleSection":["Actualit\u00e9","Courses de sable","Motocross","News","News","Slideshow"],"inLanguage":"fr-FR","potentialAction":[{"@type":"CommentAction","name":"Comment","target":["https:\/\/fr.motocrossmag.be\/index.php\/2019\/09\/jeffrey-herlings-remporte-la-premiere-loon-beach-race\/#respond"]}]},{"@type":"WebPage","@id":"https:\/\/fr.motocrossmag.be\/index.php\/2019\/09\/jeffrey-herlings-remporte-la-premiere-loon-beach-race\/","url":"https:\/\/fr.motocrossmag.be\/index.php\/2019\/09\/jeffrey-herlings-remporte-la-premiere-loon-beach-race\/","name":"Jeffrey Herlings survole la Loon Beach Race - Motocross - Enduro - Supermoto | MotocrossMag","isPartOf":{"@id":"https:\/\/fr.motocrossmag.be\/#website"},"primaryImageOfPage":{"@id":"https:\/\/fr.motocrossmag.be\/index.php\/2019\/09\/jeffrey-herlings-remporte-la-premiere-loon-beach-race\/#primaryimage"},"image":{"@id":"https:\/\/fr.motocrossmag.be\/index.php\/2019\/09\/jeffrey-herlings-remporte-la-premiere-loon-beach-race\/#primaryimage"},"thumbnailUrl":"https:\/\/fr.motocrossmag.be\/wp-content\/uploads\/2019\/09\/herlings.jpg","datePublished":"2019-09-23T08:35:29+00:00","dateModified":"2019-09-24T19:58:52+00:00","author":{"@id":"https:\/\/fr.motocrossmag.be\/#\/schema\/person\/11b47143d9f755babca2c9110e03235c"},"breadcrumb":{"@id":"https:\/\/fr.motocrossmag.be\/index.php\/2019\/09\/jeffrey-herlings-remporte-la-premiere-loon-beach-race\/#breadcrumb"},"inLanguage":"fr-FR","potentialAction":[{"@type":"ReadAction","target":["https:\/\/fr.motocrossmag.be\/index.php\/2019\/09\/jeffrey-herlings-remporte-la-premiere-loon-beach-race\/"]}]},{"@type":"ImageObject","inLanguage":"fr-FR","@id":"https:\/\/fr.motocrossmag.be\/index.php\/2019\/09\/jeffrey-herlings-remporte-la-premiere-loon-beach-race\/#primaryimage","url":"https:\/\/fr.motocrossmag.be\/wp-content\/uploads\/2019\/09\/herlings.jpg","contentUrl":"https:\/\/fr.motocrossmag.be\/wp-content\/uploads\/2019\/09\/herlings.jpg","width":1000,"height":666},{"@type":"BreadcrumbList","@id":"https:\/\/fr.motocrossmag.be\/index.php\/2019\/09\/jeffrey-herlings-remporte-la-premiere-loon-beach-race\/#breadcrumb","itemListElement":[{"@type":"ListItem","position":1,"name":"Accueil","item":"https:\/\/fr.motocrossmag.be\/"},{"@type":"ListItem","position":2,"name":"Jeffrey Herlings survole la Loon Beach Race"}]},{"@type":"WebSite","@id":"https:\/\/fr.motocrossmag.be\/#website","url":"https:\/\/fr.motocrossmag.be\/","name":"Motocross - Enduro - Supermoto | MotocrossMag","description":"L&#039;actualit\u00e9 du motocross, de l&#039;enduro et du Supermoto en ligne!","potentialAction":[{"@type":"SearchAction","target":{"@type":"EntryPoint","urlTemplate":"https:\/\/fr.motocrossmag.be\/?s={search_term_string}"},"query-input":{"@type":"PropertyValueSpecification","valueRequired":true,"valueName":"search_term_string"}}],"inLanguage":"fr-FR"},{"@type":"Person","@id":"https:\/\/fr.motocrossmag.be\/#\/schema\/person\/11b47143d9f755babca2c9110e03235c","name":"oliviere","image":{"@type":"ImageObject","inLanguage":"fr-FR","@id":"https:\/\/secure.gravatar.com\/avatar\/907069e0b81d119452040469e4a7501da1100f54f7f80180ce77bfab718288f6?s=96&d=mm&r=g","url":"https:\/\/secure.gravatar.com\/avatar\/907069e0b81d119452040469e4a7501da1100f54f7f80180ce77bfab718288f6?s=96&d=mm&r=g","contentUrl":"https:\/\/secure.gravatar.com\/avatar\/907069e0b81d119452040469e4a7501da1100f54f7f80180ce77bfab718288f6?s=96&d=mm&r=g","caption":"oliviere"},"sameAs":["http:\/\/www.motocrossmag.be"],"url":"https:\/\/fr.motocrossmag.be\/index.php\/author\/oliviere\/"}]}},"_links":{"self":[{"href":"https:\/\/fr.motocrossmag.be\/index.php\/wp-json\/wp\/v2\/posts\/96859","targetHints":{"allow":["GET"]}}],"collection":[{"href":"https:\/\/fr.motocrossmag.be\/index.php\/wp-json\/wp\/v2\/posts"}],"about":[{"href":"https:\/\/fr.motocrossmag.be\/index.php\/wp-json\/wp\/v2\/types\/post"}],"author":[{"embeddable":true,"href":"https:\/\/fr.motocrossmag.be\/index.php\/wp-json\/wp\/v2\/users\/932"}],"replies":[{"embeddable":true,"href":"https:\/\/fr.motocrossmag.be\/index.php\/wp-json\/wp\/v2\/comments?post=96859"}],"version-history":[{"count":0,"href":"https:\/\/fr.motocrossmag.be\/index.php\/wp-json\/wp\/v2\/posts\/96859\/revisions"}],"wp:featuredmedia":[{"embeddable":true,"href":"https:\/\/fr.motocrossmag.be\/index.php\/wp-json\/wp\/v2\/media\/96860"}],"wp:attachment":[{"href":"https:\/\/fr.motocrossmag.be\/index.php\/wp-json\/wp\/v2\/media?parent=96859"}],"wp:term":[{"taxonomy":"category","embeddable":true,"href":"https:\/\/fr.motocrossmag.be\/index.php\/wp-json\/wp\/v2\/categories?post=96859"},{"taxonomy":"post_tag","embeddable":true,"href":"https:\/\/fr.motocrossmag.be\/index.php\/wp-json\/wp\/v2\/tags?post=96859"}],"curies":[{"name":"wp","href":"https:\/\/api.w.org\/{rel}","templated":true}]}}