{"id":96867,"date":"2019-09-24T16:06:00","date_gmt":"2019-09-24T14:06:00","guid":{"rendered":"https:\/\/fr.motocrossmag.be\/?p=96867"},"modified":"2019-09-24T16:06:00","modified_gmt":"2019-09-24T14:06:00","slug":"enduro-maxime-warenghien-titre-chez-les-inters-a-walcourt","status":"publish","type":"post","link":"https:\/\/fr.motocrossmag.be\/index.php\/2019\/09\/enduro-maxime-warenghien-titre-chez-les-inters-a-walcourt\/","title":{"rendered":"Enduro : Maxime Warenghien titr\u00e9 chez les Inters \u00e0 Walcourt"},"content":{"rendered":"<p><strong>Le MC Dinant organisait ce dimanche la derni\u00e8re \u00e9preuve du championnat de Belgique d&rsquo;enduro. C&rsquo;\u00e9tait une premi\u00e8re \u00e0 Walcourt et ce fut une premi\u00e8re appr\u00e9ci\u00e9e par les pilotes qui ont pu profiter d&rsquo;excellentes conditions pour refermer une saison longue de 12 \u00e9preuves.<\/strong><\/p>\n<p>Antoine Magain ach\u00e8ve sa saison belge sur une ultime victoire. Malgr\u00e9 une petite chute matinale dans la seconde sp\u00e9ciale du premier tour, le Nismois domine la journ\u00e9e et remporte son 9\u00e8me succ\u00e8s de la saison. Seule l&rsquo;\u00e9preuve d&rsquo;ouverture en Hollande lui aura finalement \u00e9chapp\u00e9. C&rsquo;\u00e9tait alors Matthew Vanoevelen qui avait ouvert la saison sur une victoire. Pour la 5\u00e8me fois cons\u00e9cutive, l&rsquo;autre Nismois, pass\u00e9 en cours de saison de GasGas \u00e0 Husqvarna, se montre le meilleur du reste du peloton derri\u00e8re son ami Antoine Magain. Il termine la journ\u00e9e \u00e0 un peu moins de 30 secondes du pilote KTM.<\/p>\n<p><img decoding=\"async\" class=\"lazyload alignnone size-medium wp-image-96870\" src=\"https:\/\/fr.motocrossmag.be\/wp-content\/uploads\/2019\/09\/IMG_2654-650x433.jpg\" data-orig-src=\"https:\/\/fr.motocrossmag.be\/wp-content\/uploads\/2019\/09\/IMG_2654-650x433.jpg\" alt=\"\" width=\"650\" height=\"433\" srcset=\"data:image\/svg+xml,%3Csvg%20xmlns%3D%27http%3A%2F%2Fwww.w3.org%2F2000%2Fsvg%27%20width%3D%27650%27%20height%3D%27433%27%20viewBox%3D%270%200%20650%20433%27%3E%3Crect%20width%3D%27650%27%20height%3D%27433%27%20fill-opacity%3D%220%22%2F%3E%3C%2Fsvg%3E\" data-srcset=\"https:\/\/fr.motocrossmag.be\/wp-content\/uploads\/2019\/09\/IMG_2654-650x433.jpg 650w, https:\/\/fr.motocrossmag.be\/wp-content\/uploads\/2019\/09\/IMG_2654-768x511.jpg 768w, https:\/\/fr.motocrossmag.be\/wp-content\/uploads\/2019\/09\/IMG_2654.jpg 1000w\" data-sizes=\"auto\" data-orig-sizes=\"(max-width: 650px) 100vw, 650px\" \/><\/p>\n<p>Derri\u00e8re les deux espoirs de l&rsquo;enduro belge, c&rsquo;est C\u00e9dric Cremer qui compl\u00e8te le podium de la journ\u00e9e. Le pilote Yamaha Zone Rouge s&rsquo;assure ainsi de terminer la saison avec un titre de vice-champion de Belgique en poche.<\/p>\n<p>Magain d\u00e9j\u00e0 titr\u00e9 en Prestiges, l&rsquo;int\u00e9r\u00eat sportif de cette \u00e9preuve de Walcourt r\u00e9sidait surtout dans l&rsquo;attribution de l&rsquo;autre titre majeur de la discipline, celui des Inters. Maxime Warenghien a mis toutes les chances de son c\u00f4t\u00e9 en remportant son 4\u00e8me succ\u00e8s en cinq \u00e9preuves. Une fin de saison tonitruante du pilote Honda qui s&rsquo;offre son premier titre en enduro face \u00e0 Mathias Van Hoof, seulement 6\u00e8me \u00e0 Walcourt.<\/p>\n<p>Chez les Espoir, Lucas Derycke s&rsquo;impose pour la 7\u00e8me fois de la saison et enl\u00e8ve avec la mani\u00e8re le titre de champion de Belgique de la cat\u00e9gorie devant Kevin Thomas et Mika Vanderheyden.<\/p>\n<p><span style=\"color: #800000;\"><strong><br \/>\nR\u00e9sultats<\/strong><\/span><\/p>\n<table style=\"margin: auto;\" width=\"98%\">\n<tbody>\n<tr>\n<td width=\"108\">PRESTIGES<\/td>\n<td width=\"156\"><\/td>\n<td width=\"129\"><\/td>\n<td width=\"93\"><\/td>\n<\/tr>\n<tr>\n<td width=\"108\">1<\/td>\n<td width=\"156\">MAGAIN ANTOINE<\/td>\n<td width=\"129\">KTM<\/td>\n<td width=\"93\">&#8211;<\/td>\n<\/tr>\n<tr>\n<td width=\"108\">2<\/td>\n<td width=\"156\">VANOEVELEN MATTHEW<\/td>\n<td width=\"129\">HUSQVARNA<\/td>\n<td width=\"93\">+00:29.78<\/td>\n<\/tr>\n<tr>\n<td width=\"108\">3<\/td>\n<td width=\"156\">CREMER C\u00c9DRIC<\/td>\n<td width=\"129\">YAMAHA<\/td>\n<td width=\"93\">+00:41.60<\/td>\n<\/tr>\n<tr>\n<td width=\"108\">4<\/td>\n<td width=\"156\">WILLEMS ERIK<\/td>\n<td width=\"129\">HUSQVARNA<\/td>\n<td width=\"93\">+00:51.87<\/td>\n<\/tr>\n<tr>\n<td width=\"108\">5<\/td>\n<td width=\"156\">CAMBRE JILANI<\/td>\n<td width=\"129\">HUSQVARNA<\/td>\n<td width=\"93\">+00:52.40<\/td>\n<\/tr>\n<tr>\n<td width=\"108\">6<\/td>\n<td width=\"156\">LILLO GAUTHIER<\/td>\n<td width=\"129\">HUSQVARNA<\/td>\n<td width=\"93\">+01:45.45<\/td>\n<\/tr>\n<tr>\n<td width=\"108\">7<\/td>\n<td width=\"156\">VANDERHEYDEN WIM<\/td>\n<td width=\"129\">HUSQVARNA<\/td>\n<td width=\"93\">+03:02.02<\/td>\n<\/tr>\n<tr>\n<td><\/td>\n<td><\/td>\n<td><\/td>\n<td><\/td>\n<\/tr>\n<tr>\n<td>INTERS<\/td>\n<td><\/td>\n<td><\/td>\n<td><\/td>\n<\/tr>\n<tr>\n<td width=\"108\">1<\/td>\n<td width=\"156\">WARENGHIEN Maxime<\/td>\n<td width=\"129\">HONDA<\/td>\n<td width=\"93\">&#8211;<\/td>\n<\/tr>\n<tr>\n<td width=\"108\">2<\/td>\n<td width=\"156\">BRUIJSTEN DAAN<\/td>\n<td width=\"129\">KTM<\/td>\n<td width=\"93\">+00:02.91<\/td>\n<\/tr>\n<tr>\n<td width=\"108\">3<\/td>\n<td width=\"156\">VOGELS HANS<\/td>\n<td width=\"129\">KTM EXC 450<\/td>\n<td width=\"93\">+00:09.15<\/td>\n<\/tr>\n<tr>\n<td width=\"108\">4<\/td>\n<td width=\"156\">WASSINK MARK<\/td>\n<td width=\"129\">KTM<\/td>\n<td width=\"93\">+00:17.25<\/td>\n<\/tr>\n<tr>\n<td width=\"108\">5<\/td>\n<td width=\"156\">LUCAS DOLFING<\/td>\n<td width=\"129\">TM<\/td>\n<td width=\"93\">+00:23.34<\/td>\n<\/tr>\n<tr>\n<td width=\"108\">6<\/td>\n<td width=\"156\">VAN HOOF MATHIAS<\/td>\n<td width=\"129\">BETA<\/td>\n<td width=\"93\">+00:27.88<\/td>\n<\/tr>\n<tr>\n<td width=\"108\">7<\/td>\n<td width=\"156\">WESLEY PITTENS<\/td>\n<td width=\"129\">55MHVV<\/td>\n<td width=\"93\">+00:29.20<\/td>\n<\/tr>\n<tr>\n<td width=\"108\">8<\/td>\n<td width=\"156\">WAUTHIER DAMIEN<\/td>\n<td width=\"129\">KTM<\/td>\n<td width=\"93\">+00:29.28<\/td>\n<\/tr>\n<tr>\n<td width=\"108\">9<\/td>\n<td width=\"156\">HERINNE J\u00c9R\u00c9MY<\/td>\n<td width=\"129\">YAMAHA<\/td>\n<td width=\"93\">+00:45.05<\/td>\n<\/tr>\n<tr>\n<td width=\"108\">10<\/td>\n<td width=\"156\">CERIEL KLEIN KROMHOF<\/td>\n<td width=\"129\">HONDA<\/td>\n<td width=\"93\">+00:47.01<\/td>\n<\/tr>\n<tr>\n<td width=\"108\">11<\/td>\n<td width=\"156\">THIERRY PITTENS<\/td>\n<td width=\"129\">ROOD<\/td>\n<td width=\"93\">+00:47.51<\/td>\n<\/tr>\n<tr>\n<td width=\"108\">12<\/td>\n<td width=\"156\">RIK VIERHUIZEN<\/td>\n<td width=\"129\">KTM<\/td>\n<td width=\"93\">+00:52.37<\/td>\n<\/tr>\n<tr>\n<td width=\"108\">13<\/td>\n<td width=\"156\">BAS KLEIN HANEVELD<\/td>\n<td width=\"129\">HUSQVARNA<\/td>\n<td width=\"93\">+01:01.57<\/td>\n<\/tr>\n<tr>\n<td width=\"108\">14<\/td>\n<td width=\"156\">PLEKKENPOL ERWIN<\/td>\n<td width=\"129\">HUSQVARNA<\/td>\n<td width=\"93\">+01:08.44<\/td>\n<\/tr>\n<tr>\n<td width=\"108\">15<\/td>\n<td width=\"156\">JORN ZOETEKOUW<\/td>\n<td width=\"129\">KTM<\/td>\n<td width=\"93\">+01:11.03<\/td>\n<\/tr>\n<tr>\n<td width=\"108\">16<\/td>\n<td width=\"156\">BROUWER KAIYA<\/td>\n<td width=\"129\">KTM<\/td>\n<td width=\"93\">+01:13.23<\/td>\n<\/tr>\n<tr>\n<td width=\"108\">17<\/td>\n<td width=\"156\">DE PRAETERE BERTRAND<\/td>\n<td width=\"129\">HUSQVARNA<\/td>\n<td width=\"93\">+01:24.99<\/td>\n<\/tr>\n<tr>\n<td width=\"108\">18<\/td>\n<td width=\"156\">THIJS BULTEN<\/td>\n<td width=\"129\">KTM<\/td>\n<td width=\"93\">+01:27.52<\/td>\n<\/tr>\n<tr>\n<td width=\"108\">19<\/td>\n<td width=\"156\">MONFORT QUENTIN<\/td>\n<td width=\"129\">HUSQVARNA<\/td>\n<td width=\"93\">+01:30.67<\/td>\n<\/tr>\n<tr>\n<td width=\"108\">20<\/td>\n<td width=\"156\">SLOOT BJORN<\/td>\n<td width=\"129\">BETA<\/td>\n<td width=\"93\">+01:32.05<\/td>\n<\/tr>\n<tr>\n<td width=\"108\">21<\/td>\n<td width=\"156\">ZOMER MARC<\/td>\n<td width=\"129\">KTM<\/td>\n<td width=\"93\">+01:46.37<\/td>\n<\/tr>\n<tr>\n<td width=\"108\">22<\/td>\n<td width=\"156\">OUD LUUK<\/td>\n<td width=\"129\">HONDA<\/td>\n<td width=\"93\">+01:54.80<\/td>\n<\/tr>\n<tr>\n<td width=\"108\">23<\/td>\n<td width=\"156\">ALEX VAN DEN BROEK<\/td>\n<td width=\"129\">KTM<\/td>\n<td width=\"93\">+01:59.51<\/td>\n<\/tr>\n<tr>\n<td width=\"108\">24<\/td>\n<td width=\"156\">BAILLEUX Bertrand<\/td>\n<td width=\"129\">HUSQVARNA<\/td>\n<td width=\"93\">+02:01.47<\/td>\n<\/tr>\n<tr>\n<td width=\"108\">25<\/td>\n<td width=\"156\">KRUIPER TIM<\/td>\n<td width=\"129\">KTM<\/td>\n<td width=\"93\">+02:09.64<\/td>\n<\/tr>\n<tr>\n<td width=\"108\">26<\/td>\n<td width=\"156\">HOLTMEULEN ROBIN<\/td>\n<td width=\"129\">KTM<\/td>\n<td width=\"93\">+02:13.80<\/td>\n<\/tr>\n<tr>\n<td width=\"108\">27<\/td>\n<td width=\"156\">BRAL LUDOVIC<\/td>\n<td width=\"129\">TM<\/td>\n<td width=\"93\">+02:28.88<\/td>\n<\/tr>\n<tr>\n<td width=\"108\">28<\/td>\n<td width=\"156\">JAN-WILLEM ARENDSEN<\/td>\n<td width=\"129\">KTM<\/td>\n<td width=\"93\">+02:38.40<\/td>\n<\/tr>\n<tr>\n<td width=\"108\">29<\/td>\n<td width=\"156\">FEIKO PROSJE<\/td>\n<td width=\"129\">KTM 450 EXC<\/td>\n<td width=\"93\">+02:39.66<\/td>\n<\/tr>\n<tr>\n<td width=\"108\">30<\/td>\n<td width=\"156\">QUODBACH EMILE<\/td>\n<td width=\"129\">HUSQVARNA<\/td>\n<td width=\"93\">+02:41.01<\/td>\n<\/tr>\n<tr>\n<td width=\"108\">31<\/td>\n<td width=\"156\">JORDY VAN ?T HOF<\/td>\n<td width=\"129\">KTM<\/td>\n<td width=\"93\">+02:50.28<\/td>\n<\/tr>\n<tr>\n<td width=\"108\">32<\/td>\n<td width=\"156\">BEGON Loic<\/td>\n<td width=\"129\">YAMAHA<\/td>\n<td width=\"93\">+02:56.06<\/td>\n<\/tr>\n<tr>\n<td width=\"108\">33<\/td>\n<td width=\"156\">RONALD VAN AMERSFOORT<\/td>\n<td width=\"129\">KTM<\/td>\n<td width=\"93\">+02:56.37<\/td>\n<\/tr>\n<tr>\n<td width=\"108\">34<\/td>\n<td width=\"156\">CASPER OVAA<\/td>\n<td width=\"129\">HUSQVARNA<\/td>\n<td width=\"93\">+02:57.24<\/td>\n<\/tr>\n<tr>\n<td width=\"108\">35<\/td>\n<td width=\"156\">JORDIE BERGHORST<\/td>\n<td width=\"129\">KTM<\/td>\n<td width=\"93\">+03:04.53<\/td>\n<\/tr>\n<tr>\n<td width=\"108\">36<\/td>\n<td width=\"156\">FRASELLE J\u00c9R\u00c9MIE<\/td>\n<td width=\"129\">KTM EXCF<\/td>\n<td width=\"93\">+03:17.25<\/td>\n<\/tr>\n<tr>\n<td width=\"108\">37<\/td>\n<td width=\"156\">RUBEN WAGELAAR<\/td>\n<td width=\"129\">KTM<\/td>\n<td width=\"93\">+03:22.20<\/td>\n<\/tr>\n<tr>\n<td width=\"108\">38<\/td>\n<td width=\"156\">DANIEL WILLEMSEN<\/td>\n<td width=\"129\">KTM<\/td>\n<td width=\"93\">+03:30.94<\/td>\n<\/tr>\n<tr>\n<td width=\"108\">39<\/td>\n<td width=\"156\">JADOUILLE S\u00c9BASTIEN<\/td>\n<td width=\"129\">HUSQVARNA<\/td>\n<td width=\"93\">+03:40.04<\/td>\n<\/tr>\n<tr>\n<td width=\"108\">40<\/td>\n<td width=\"156\">MICHEL HOENSON<\/td>\n<td width=\"129\">HUSQVARNA<\/td>\n<td width=\"93\">+03:43.48<\/td>\n<\/tr>\n<tr>\n<td width=\"108\">41<\/td>\n<td width=\"156\">RENE SATINK<\/td>\n<td width=\"129\">BETA<\/td>\n<td width=\"93\">+03:51.72<\/td>\n<\/tr>\n<tr>\n<td width=\"108\">42<\/td>\n<td width=\"156\">DOLFING SANDER<\/td>\n<td width=\"129\">HUSQVARNA 350<\/td>\n<td width=\"93\">+04:24.61<\/td>\n<\/tr>\n<tr>\n<td width=\"108\">43<\/td>\n<td width=\"156\">BOB VAN TULDER<\/td>\n<td width=\"129\">KTM<\/td>\n<td width=\"93\">+04:29.77<\/td>\n<\/tr>\n<tr>\n<td width=\"108\">44<\/td>\n<td width=\"156\">STEPHEN HEFTING<\/td>\n<td width=\"129\">KTM<\/td>\n<td width=\"93\">+04:33.86<\/td>\n<\/tr>\n<tr>\n<td width=\"108\">45<\/td>\n<td width=\"156\">KLINK NINA<\/td>\n<td width=\"129\">KTM<\/td>\n<td width=\"93\">+04:35.25<\/td>\n<\/tr>\n<tr>\n<td width=\"108\">46<\/td>\n<td width=\"156\">WOLTING ERWIN<\/td>\n<td width=\"129\">KTM 300 EXC TPI<\/td>\n<td width=\"93\">+04:55.88<\/td>\n<\/tr>\n<tr>\n<td width=\"108\">47<\/td>\n<td width=\"156\">STEENBERGEN GERARD<\/td>\n<td width=\"129\">KTM 300EXC<\/td>\n<td width=\"93\">+05:00.16<\/td>\n<\/tr>\n<tr>\n<td width=\"108\">48<\/td>\n<td width=\"156\">HENK SPENKELINK<\/td>\n<td width=\"129\">SHERCO<\/td>\n<td width=\"93\">+05:04.62<\/td>\n<\/tr>\n<tr>\n<td width=\"108\">49<\/td>\n<td width=\"156\">GONLAG BRAM<\/td>\n<td width=\"129\">KTM 300 EXC TPI<\/td>\n<td width=\"93\">+05:11.22<\/td>\n<\/tr>\n<tr>\n<td width=\"108\">50<\/td>\n<td width=\"156\">KUILMAN, ALBERT JAN<\/td>\n<td width=\"129\">YAMAHA<\/td>\n<td width=\"93\">+05:19.63<\/td>\n<\/tr>\n<tr>\n<td width=\"108\">51<\/td>\n<td width=\"156\">FREEKIE VAN T WOUT<\/td>\n<td width=\"129\">SHERCO<\/td>\n<td width=\"93\">+05:40.26<\/td>\n<\/tr>\n<tr>\n<td width=\"108\">52<\/td>\n<td width=\"156\">ALMA DEEKELE<\/td>\n<td width=\"129\">HUSQVARNA<\/td>\n<td width=\"93\">+06:45.70<\/td>\n<\/tr>\n<tr>\n<td width=\"108\">53<\/td>\n<td width=\"156\">DANIEL KEMPER<\/td>\n<td width=\"129\">KTM<\/td>\n<td width=\"93\">+07:23.82<\/td>\n<\/tr>\n<tr>\n<td width=\"108\">54<\/td>\n<td width=\"156\">TER HAAR ROELAN<\/td>\n<td width=\"129\">HUSQVARNA<\/td>\n<td width=\"93\">+10:07.92<\/td>\n<\/tr>\n<tr>\n<td><\/td>\n<td><\/td>\n<td><\/td>\n<td><\/td>\n<\/tr>\n<tr>\n<td>NATIONAUX<\/td>\n<td><\/td>\n<td><\/td>\n<td><\/td>\n<\/tr>\n<tr>\n<td width=\"108\">1<\/td>\n<td width=\"156\">MARYNS Samuel<\/td>\n<td width=\"129\">KTM<\/td>\n<td width=\"93\">&#8211;<\/td>\n<\/tr>\n<tr>\n<td width=\"108\">2<\/td>\n<td width=\"156\">FRYNS Ronny<\/td>\n<td width=\"129\">YAMAHA<\/td>\n<td width=\"93\">+00:06.26<\/td>\n<\/tr>\n<tr>\n<td width=\"108\">3<\/td>\n<td width=\"156\">GAUNIAUX Fr\u00e9d\u00e9ric Michel<\/td>\n<td width=\"129\">SHERCO<\/td>\n<td width=\"93\">+00:09.71<\/td>\n<\/tr>\n<tr>\n<td width=\"108\">4<\/td>\n<td width=\"156\">DUMONT Teddy<\/td>\n<td width=\"129\">BETA<\/td>\n<td width=\"93\">+00:27.17<\/td>\n<\/tr>\n<tr>\n<td width=\"108\">5<\/td>\n<td width=\"156\">VANCOPENOLLE FABIAN<\/td>\n<td width=\"129\"><\/td>\n<td width=\"93\">+00:39.92<\/td>\n<\/tr>\n<tr>\n<td width=\"108\">6<\/td>\n<td width=\"156\">BAUGNIET CHRISTOPHE<\/td>\n<td width=\"129\"><\/td>\n<td width=\"93\">+00:40.93<\/td>\n<\/tr>\n<tr>\n<td width=\"108\">7<\/td>\n<td width=\"156\">ROBERT STEVE<\/td>\n<td width=\"129\">HUSQVARNA<\/td>\n<td width=\"93\">+00:57.03<\/td>\n<\/tr>\n<tr>\n<td width=\"108\">8<\/td>\n<td width=\"156\">SIMON KONING<\/td>\n<td width=\"129\">GAS GAS<\/td>\n<td width=\"93\">+00:57.77<\/td>\n<\/tr>\n<tr>\n<td width=\"108\">9<\/td>\n<td width=\"156\">JURGEN SCHREURS<\/td>\n<td width=\"129\">KTM<\/td>\n<td width=\"93\">+01:55.52<\/td>\n<\/tr>\n<tr>\n<td width=\"108\">10<\/td>\n<td width=\"156\">FOHAL ROMAIN<\/td>\n<td width=\"129\">KTM<\/td>\n<td width=\"93\">+01:56.66<\/td>\n<\/tr>\n<tr>\n<td width=\"108\">11<\/td>\n<td width=\"156\">SELLING ALEX<\/td>\n<td width=\"129\"><\/td>\n<td width=\"93\">+01:59.14<\/td>\n<\/tr>\n<tr>\n<td width=\"108\">12<\/td>\n<td width=\"156\">VERSTAPPEN Kees<\/td>\n<td width=\"129\">KTM<\/td>\n<td width=\"93\">+01:59.44<\/td>\n<\/tr>\n<tr>\n<td width=\"108\">13<\/td>\n<td width=\"156\">DIETVORST DANNY<\/td>\n<td width=\"129\">HUSQVARNA TEI 250<\/td>\n<td width=\"93\">+02:07.53<\/td>\n<\/tr>\n<tr>\n<td width=\"108\">14<\/td>\n<td width=\"156\">KAY ASBROEK<\/td>\n<td width=\"129\">KTM<\/td>\n<td width=\"93\">+02:24.79<\/td>\n<\/tr>\n<tr>\n<td width=\"108\">15<\/td>\n<td width=\"156\">HURTEVENT Julien<\/td>\n<td width=\"129\">HONDA<\/td>\n<td width=\"93\">+03:07.12<\/td>\n<\/tr>\n<tr>\n<td width=\"108\">16<\/td>\n<td width=\"156\">DESAEGER WILLIAM<\/td>\n<td width=\"129\"><\/td>\n<td width=\"93\">+03:08.19<\/td>\n<\/tr>\n<tr>\n<td width=\"108\">17<\/td>\n<td width=\"156\">VELEMA JONATHAN<\/td>\n<td width=\"129\">KTM<\/td>\n<td width=\"93\">+03:54.38<\/td>\n<\/tr>\n<tr>\n<td width=\"108\">18<\/td>\n<td width=\"156\">MARK BRANDWACHT<\/td>\n<td width=\"129\">KTM<\/td>\n<td width=\"93\">+06:04.94<\/td>\n<\/tr>\n<tr>\n<td width=\"108\">19<\/td>\n<td width=\"156\">ALBERTUS VAN KESSEL<\/td>\n<td width=\"129\">BETA<\/td>\n<td width=\"93\">+07:47.31<\/td>\n<\/tr>\n<tr>\n<td width=\"108\">20<\/td>\n<td width=\"156\">DOOMEN RICO<\/td>\n<td width=\"129\">KTM<\/td>\n<td width=\"93\">+07:49.95<\/td>\n<\/tr>\n<tr>\n<td><\/td>\n<td><\/td>\n<td><\/td>\n<td><\/td>\n<\/tr>\n<tr>\n<td>ESPOIRS<\/td>\n<td><\/td>\n<td><\/td>\n<td><\/td>\n<\/tr>\n<tr>\n<td width=\"108\">1<\/td>\n<td width=\"156\">DERYCKE Lucas<\/td>\n<td width=\"129\">HUSQUVARNA<\/td>\n<td width=\"93\">&#8211;<\/td>\n<\/tr>\n<tr>\n<td width=\"108\">2<\/td>\n<td width=\"156\">RAIWET KEVIN<\/td>\n<td width=\"129\">KTM<\/td>\n<td width=\"93\">+00:18.84<\/td>\n<\/tr>\n<tr>\n<td width=\"108\">3<\/td>\n<td width=\"156\">VANDERHEYDEN MIKA<\/td>\n<td width=\"129\">HUSQVARNA<\/td>\n<td width=\"93\">+00:35.92<\/td>\n<\/tr>\n<tr>\n<td width=\"108\">4<\/td>\n<td width=\"156\">THOMAS KEVIN<\/td>\n<td width=\"129\">HUSQVARNA<\/td>\n<td width=\"93\">+00:37.32<\/td>\n<\/tr>\n<tr>\n<td width=\"108\">5<\/td>\n<td width=\"156\">ROBERT MIKE<\/td>\n<td width=\"129\">HUSQVARNA<\/td>\n<td width=\"93\">+01:35.43<\/td>\n<\/tr>\n<tr>\n<td width=\"108\">6<\/td>\n<td width=\"156\">ODY AYMERIC<\/td>\n<td width=\"129\">KTM<\/td>\n<td width=\"93\">+01:37.97<\/td>\n<\/tr>\n<tr>\n<td width=\"108\">7<\/td>\n<td width=\"156\">JARNO ZANDBERGEN<\/td>\n<td width=\"129\">HUSQVARNA<\/td>\n<td width=\"93\">+01:43.73<\/td>\n<\/tr>\n<tr>\n<td width=\"108\">8<\/td>\n<td width=\"156\">COLLIN ARTHUR<\/td>\n<td width=\"129\">HUSQVARNA<\/td>\n<td width=\"93\">+01:50.22<\/td>\n<\/tr>\n<tr>\n<td width=\"108\">9<\/td>\n<td width=\"156\">VANDENBULCKE PIERRE<\/td>\n<td width=\"129\"><\/td>\n<td width=\"93\">+02:04.51<\/td>\n<\/tr>\n<tr>\n<td width=\"108\">10<\/td>\n<td width=\"156\">WISMAN BJORN<\/td>\n<td width=\"129\">KTM<\/td>\n<td width=\"93\">+02:05.74<\/td>\n<\/tr>\n<tr>\n<td width=\"108\">11<\/td>\n<td width=\"156\">THEUNISSEN Sylven<\/td>\n<td width=\"129\"><\/td>\n<td width=\"93\">+02:11.45<\/td>\n<\/tr>\n<tr>\n<td width=\"108\">12<\/td>\n<td width=\"156\">BART TEN HOVE<\/td>\n<td width=\"129\">KTM<\/td>\n<td width=\"93\">+02:28.13<\/td>\n<\/tr>\n<tr>\n<td width=\"108\">13<\/td>\n<td width=\"156\">BAUGNIET BENJAMIN<\/td>\n<td width=\"129\">KTM<\/td>\n<td width=\"93\">+02:32.79<\/td>\n<\/tr>\n<tr>\n<td width=\"108\">14<\/td>\n<td width=\"156\">VANDENBULCKE PIERRE<\/td>\n<td width=\"129\"><\/td>\n<td width=\"93\">+02:33.96<\/td>\n<\/tr>\n<tr>\n<td width=\"108\">15<\/td>\n<td width=\"156\">LAMBOTTE PIERRE-LOUIS<\/td>\n<td width=\"129\">HUSQVARNA<\/td>\n<td width=\"93\">+02:52.06<\/td>\n<\/tr>\n<tr>\n<td width=\"108\">16<\/td>\n<td width=\"156\">YORICK NIJZINK<\/td>\n<td width=\"129\">TM<\/td>\n<td width=\"93\">+03:47.48<\/td>\n<\/tr>\n<tr>\n<td width=\"108\">17<\/td>\n<td width=\"156\">GOFFAUX Benjamin<\/td>\n<td width=\"129\">SHERCO<\/td>\n<td width=\"93\">+04:28.22<\/td>\n<\/tr>\n<tr>\n<td><\/td>\n<td><\/td>\n<td><\/td>\n<td><\/td>\n<\/tr>\n<tr>\n<td>JUNIORS<\/td>\n<td><\/td>\n<td><\/td>\n<td><\/td>\n<\/tr>\n<tr>\n<td width=\"108\">1<\/td>\n<td width=\"156\">BARGIBANT Christopher Georges<\/td>\n<td width=\"129\">KTM<\/td>\n<td width=\"93\">&#8211;<\/td>\n<\/tr>\n<tr>\n<td width=\"108\">2<\/td>\n<td width=\"156\">BARGIBANT DONOVAN<\/td>\n<td width=\"129\">KTM EXC<\/td>\n<td width=\"93\">+00:20.76<\/td>\n<\/tr>\n<tr>\n<td width=\"108\">3<\/td>\n<td width=\"156\">BEBRONNE J\u00e9r\u00e9my Ren\u00e9<\/td>\n<td width=\"129\">HUSQVARNA<\/td>\n<td width=\"93\">+00:21.49<\/td>\n<\/tr>\n<tr>\n<td width=\"108\">4<\/td>\n<td width=\"156\">FORGIARINI DGANI<\/td>\n<td width=\"129\">HUSQVARNA<\/td>\n<td width=\"93\">+00:38.26<\/td>\n<\/tr>\n<tr>\n<td width=\"108\">5<\/td>\n<td width=\"156\">HAXHE Olivier Jean<\/td>\n<td width=\"129\">KTM<\/td>\n<td width=\"93\">+00:43.97<\/td>\n<\/tr>\n<tr>\n<td width=\"108\">6<\/td>\n<td width=\"156\">CHARLES DE MOOR Edouard<\/td>\n<td width=\"129\">YAMAHA<\/td>\n<td width=\"93\">+00:48.22<\/td>\n<\/tr>\n<tr>\n<td width=\"108\">7<\/td>\n<td width=\"156\">ROMAIN BASTIEN<\/td>\n<td width=\"129\">YAMAHA WRF<\/td>\n<td width=\"93\">+00:54.09<\/td>\n<\/tr>\n<tr>\n<td width=\"108\">8<\/td>\n<td width=\"156\">MOUTON FRAN\u00c7OIS<\/td>\n<td width=\"129\">KTM<\/td>\n<td width=\"93\">+00:54.86<\/td>\n<\/tr>\n<tr>\n<td width=\"108\">9<\/td>\n<td width=\"156\">HENRARD Philippe L\u00e9opold<\/td>\n<td width=\"129\">KTM<\/td>\n<td width=\"93\">+01:05.38<\/td>\n<\/tr>\n<tr>\n<td width=\"108\">10<\/td>\n<td width=\"156\">VINKEN QUENTIN<\/td>\n<td width=\"129\">KTM<\/td>\n<td width=\"93\">+01:33.17<\/td>\n<\/tr>\n<tr>\n<td width=\"108\">11<\/td>\n<td width=\"156\">ANTHONIS Sebastien<\/td>\n<td width=\"129\"><\/td>\n<td width=\"93\">+01:33.30<\/td>\n<\/tr>\n<tr>\n<td width=\"108\">12<\/td>\n<td width=\"156\">VERVONDEL THOMAS<\/td>\n<td width=\"129\">KTM EXC<\/td>\n<td width=\"93\">+01:42.92<\/td>\n<\/tr>\n<tr>\n<td width=\"108\">13<\/td>\n<td width=\"156\">DUQUENNE Laurent<\/td>\n<td width=\"129\">HUSQVARNA<\/td>\n<td width=\"93\">+01:44.25<\/td>\n<\/tr>\n<tr>\n<td width=\"108\">14<\/td>\n<td width=\"156\">REMY JEAN-CHARLES<\/td>\n<td width=\"129\">KTM<\/td>\n<td width=\"93\">+01:48.72<\/td>\n<\/tr>\n<tr>\n<td width=\"108\">15<\/td>\n<td width=\"156\">BRONSART Nicolas<\/td>\n<td width=\"129\">SHERCO<\/td>\n<td width=\"93\">+01:48.80<\/td>\n<\/tr>\n<tr>\n<td width=\"108\">16<\/td>\n<td width=\"156\">BERGER Nicolas<\/td>\n<td width=\"129\">KTM<\/td>\n<td width=\"93\">+01:55.54<\/td>\n<\/tr>\n<tr>\n<td width=\"108\">17<\/td>\n<td width=\"156\">ROLAND Benoit Genevi\u00e8ve<\/td>\n<td width=\"129\">HUSQVARNA<\/td>\n<td width=\"93\">+02:02.43<\/td>\n<\/tr>\n<tr>\n<td width=\"108\">18<\/td>\n<td width=\"156\">RYNEDYCK Mathieu<\/td>\n<td width=\"129\">SHERCO<\/td>\n<td width=\"93\">+02:23.67<\/td>\n<\/tr>\n<tr>\n<td width=\"108\">19<\/td>\n<td width=\"156\">HENDRICKX GEOFFREY<\/td>\n<td width=\"129\">SHERCO<\/td>\n<td width=\"93\">+02:25.91<\/td>\n<\/tr>\n<tr>\n<td width=\"108\">20<\/td>\n<td width=\"156\">VANCRANENBROECK LAWRENCE<\/td>\n<td width=\"129\">KTM<\/td>\n<td width=\"93\">+02:32.10<\/td>\n<\/tr>\n<tr>\n<td width=\"108\">21<\/td>\n<td width=\"156\">TARGNION QUENTIN<\/td>\n<td width=\"129\">KTM<\/td>\n<td width=\"93\">+02:33.34<\/td>\n<\/tr>\n<tr>\n<td width=\"108\">22<\/td>\n<td width=\"156\">PHILIPS HENDRIK<\/td>\n<td width=\"129\">KTM<\/td>\n<td width=\"93\">+02:37.91<\/td>\n<\/tr>\n<tr>\n<td width=\"108\">23<\/td>\n<td width=\"156\">VOS SAM<\/td>\n<td width=\"129\">GASGAS<\/td>\n<td width=\"93\">+02:41.70<\/td>\n<\/tr>\n<tr>\n<td width=\"108\">24<\/td>\n<td width=\"156\">CLIPPE Cedric<\/td>\n<td width=\"129\"><\/td>\n<td width=\"93\">+02:45.81<\/td>\n<\/tr>\n<tr>\n<td width=\"108\">25<\/td>\n<td width=\"156\">PROWER Morgan Thierry<\/td>\n<td width=\"129\">HUSQVARNA<\/td>\n<td width=\"93\">+02:51.21<\/td>\n<\/tr>\n<tr>\n<td width=\"108\">26<\/td>\n<td width=\"156\">LUYCKX Sander<\/td>\n<td width=\"129\">KTM<\/td>\n<td width=\"93\">+03:08.96<\/td>\n<\/tr>\n<tr>\n<td width=\"108\">27<\/td>\n<td width=\"156\">OULRED EL BEY<\/td>\n<td width=\"129\"><\/td>\n<td width=\"93\">+03:50.21<\/td>\n<\/tr>\n<tr>\n<td width=\"108\">28<\/td>\n<td width=\"156\">PERIC Lionel Simon<\/td>\n<td width=\"129\">HUSQVARNA<\/td>\n<td width=\"93\">+05:12.13<\/td>\n<\/tr>\n<tr>\n<td width=\"108\">29<\/td>\n<td width=\"156\">ROMAIN Axel<\/td>\n<td width=\"129\">YAMAHA<\/td>\n<td width=\"93\">+05:32.17<\/td>\n<\/tr>\n<tr>\n<td width=\"108\">30<\/td>\n<td width=\"156\">PAPART Julien<\/td>\n<td width=\"129\">HUSQVARNA<\/td>\n<td width=\"93\">+06:59.25<\/td>\n<\/tr>\n<tr>\n<td width=\"108\">31<\/td>\n<td width=\"156\">JOUR&#8230;. FABIAN<\/td>\n<td width=\"129\"><\/td>\n<td width=\"93\">+12:18.01<\/td>\n<\/tr>\n<tr>\n<td width=\"108\">32<\/td>\n<td width=\"156\">BOERS FLORIS<\/td>\n<td width=\"129\">SHERCO<\/td>\n<td width=\"93\">+29:59.99<\/td>\n<\/tr>\n<tr>\n<td width=\"108\">33<\/td>\n<td width=\"156\">WILMET J\u00c9R\u00d4ME<\/td>\n<td width=\"129\">KTM<\/td>\n<td width=\"93\">+37:22.22<\/td>\n<\/tr>\n<tr>\n<td><\/td>\n<td><\/td>\n<td><\/td>\n<td><\/td>\n<\/tr>\n<tr>\n<td>YOUTH<\/td>\n<td><\/td>\n<td><\/td>\n<td><\/td>\n<\/tr>\n<tr>\n<td width=\"108\">1<\/td>\n<td width=\"156\">DUSSART MATHIS<\/td>\n<td width=\"129\"><\/td>\n<td width=\"93\">&#8211;<\/td>\n<\/tr>\n<tr>\n<td width=\"108\">2<\/td>\n<td width=\"156\">VERHEYEN NATHAN<\/td>\n<td width=\"129\">KTM EXC<\/td>\n<td width=\"93\">+02:15.08<\/td>\n<\/tr>\n<tr>\n<td width=\"108\">3<\/td>\n<td width=\"156\">Lillo Aubry<\/td>\n<td width=\"129\">Hva<\/td>\n<td><\/td>\n<\/tr>\n<tr>\n<td width=\"108\">4<\/td>\n<td width=\"156\">SENTE ARTHUR<\/td>\n<td width=\"129\">SHERCO<\/td>\n<td><\/td>\n<\/tr>\n<tr>\n<td width=\"108\">5<\/td>\n<td width=\"156\">PIPITONE LORHAN<\/td>\n<td width=\"129\">KTM<\/td>\n<td><\/td>\n<\/tr>\n<tr>\n<td width=\"108\">6<\/td>\n<td width=\"156\">FOLIE MATTEO<\/td>\n<td width=\"129\">HUSQVARNA<\/td>\n<td><\/td>\n<\/tr>\n<tr>\n<td><\/td>\n<td><\/td>\n<td><\/td>\n<td><\/td>\n<\/tr>\n<tr>\n<td>GENTLEMEN<\/td>\n<td><\/td>\n<td><\/td>\n<td><\/td>\n<\/tr>\n<tr>\n<td><\/td>\n<td><\/td>\n<td><\/td>\n<td><\/td>\n<\/tr>\n<tr>\n<td width=\"108\">1<\/td>\n<td width=\"156\">VUKCEVIC MICHA\u00cbL<\/td>\n<td width=\"129\">SHERCO<\/td>\n<td width=\"93\">&#8211;<\/td>\n<\/tr>\n<tr>\n<td width=\"108\">2<\/td>\n<td width=\"156\">GAILLARD Steve<\/td>\n<td width=\"129\">HUSQVARNA<\/td>\n<td width=\"93\">+00:37.66<\/td>\n<\/tr>\n<tr>\n<td width=\"108\">3<\/td>\n<td width=\"156\">EVELETTE Willy<\/td>\n<td width=\"129\">KTM<\/td>\n<td width=\"93\">+00:45.11<\/td>\n<\/tr>\n<tr>\n<td width=\"108\">4<\/td>\n<td width=\"156\">VANMARCKE OLIVIER<\/td>\n<td width=\"129\">KTM<\/td>\n<td width=\"93\">+00:48.39<\/td>\n<\/tr>\n<tr>\n<td width=\"108\">5<\/td>\n<td width=\"156\">DANSE LUDOVIC<\/td>\n<td width=\"129\">SHERCO<\/td>\n<td width=\"93\">+00:52.35<\/td>\n<\/tr>\n<tr>\n<td width=\"108\">6<\/td>\n<td width=\"156\">NOBELS Nicolas<\/td>\n<td width=\"129\">KTM<\/td>\n<td width=\"93\">+01:06.92<\/td>\n<\/tr>\n<tr>\n<td width=\"108\">7<\/td>\n<td width=\"156\">MARTINET Michel<\/td>\n<td width=\"129\"><\/td>\n<td width=\"93\">+01:11.50<\/td>\n<\/tr>\n<tr>\n<td width=\"108\">8<\/td>\n<td width=\"156\">STEUVE Damien<\/td>\n<td width=\"129\"><\/td>\n<td width=\"93\">+01:13.04<\/td>\n<\/tr>\n<tr>\n<td width=\"108\">9<\/td>\n<td width=\"156\">POTVIN JOHAN<\/td>\n<td width=\"129\">HUSQVARNA<\/td>\n<td width=\"93\">+01:48.20<\/td>\n<\/tr>\n<tr>\n<td width=\"108\">10<\/td>\n<td width=\"156\">BOULANGER LIONEL<\/td>\n<td width=\"129\"><\/td>\n<td width=\"93\">+01:49.32<\/td>\n<\/tr>\n<tr>\n<td width=\"108\">11<\/td>\n<td width=\"156\">TONOLLI S\u00e9bastien<\/td>\n<td width=\"129\">SHERCO<\/td>\n<td width=\"93\">+02:10.71<\/td>\n<\/tr>\n<tr>\n<td width=\"108\">12<\/td>\n<td width=\"156\">VAN DOOREN Marc<\/td>\n<td width=\"129\">KTM<\/td>\n<td width=\"93\">+02:19.83<\/td>\n<\/tr>\n<tr>\n<td width=\"108\">13<\/td>\n<td width=\"156\">CALCAGNINI MICHAEL<\/td>\n<td width=\"129\">KTM<\/td>\n<td width=\"93\">+02:21.54<\/td>\n<\/tr>\n<tr>\n<td width=\"108\">14<\/td>\n<td width=\"156\">DUMONT FR\u00c9D\u00c9RIC<\/td>\n<td width=\"129\">KTM<\/td>\n<td width=\"93\">+02:25.57<\/td>\n<\/tr>\n<tr>\n<td width=\"108\">15<\/td>\n<td width=\"156\">VERMEULEN Jasper<\/td>\n<td width=\"129\">SHERCO<\/td>\n<td width=\"93\">+02:33.43<\/td>\n<\/tr>\n<tr>\n<td width=\"108\">16<\/td>\n<td width=\"156\">VANNESTE CHRISTOPHER<\/td>\n<td width=\"129\"><\/td>\n<td width=\"93\">+02:45.16<\/td>\n<\/tr>\n<tr>\n<td width=\"108\">17<\/td>\n<td width=\"156\">VERHOEF JOOST<\/td>\n<td width=\"129\">HUSQVARNA<\/td>\n<td width=\"93\">+02:55.82<\/td>\n<\/tr>\n<tr>\n<td width=\"108\">18<\/td>\n<td width=\"156\">JORRIT VAN DER VEEN<\/td>\n<td width=\"129\">KTM<\/td>\n<td width=\"93\">+03:16.51<\/td>\n<\/tr>\n<tr>\n<td width=\"108\">19<\/td>\n<td width=\"156\">LOUVET BRUNO<\/td>\n<td width=\"129\"><\/td>\n<td width=\"93\">+03:30.10<\/td>\n<\/tr>\n<tr>\n<td width=\"108\">20<\/td>\n<td width=\"156\">BONTE Stijn Hilda<\/td>\n<td width=\"129\">HUSQVARNA<\/td>\n<td width=\"93\">+03:41.86<\/td>\n<\/tr>\n<tr>\n<td width=\"108\">21<\/td>\n<td width=\"156\">CEES JAN ZWAAN<\/td>\n<td width=\"129\"><\/td>\n<td width=\"93\">+03:50.91<\/td>\n<\/tr>\n<tr>\n<td width=\"108\">22<\/td>\n<td width=\"156\">HENK REUVERS<\/td>\n<td width=\"129\">KTM 250 2T<\/td>\n<td width=\"93\">+04:38.41<\/td>\n<\/tr>\n<tr>\n<td width=\"108\">23<\/td>\n<td width=\"156\">WILCO VAN DER HAAR<\/td>\n<td width=\"129\">GROEN 771<\/td>\n<td width=\"93\">+04:59.66<\/td>\n<\/tr>\n<tr>\n<td width=\"108\">24<\/td>\n<td width=\"156\">LORIAUX Christian<\/td>\n<td width=\"129\"><\/td>\n<td width=\"93\">+15:07.15<\/td>\n<\/tr>\n<tr>\n<td><\/td>\n<td><\/td>\n<td><\/td>\n<td><\/td>\n<\/tr>\n<tr>\n<td>EXPERTS<\/td>\n<td><\/td>\n<td><\/td>\n<td><\/td>\n<\/tr>\n<tr>\n<td width=\"108\">1<\/td>\n<td width=\"156\">DELSUPEXHE JO\u00cbL<\/td>\n<td width=\"129\">TM<\/td>\n<td width=\"93\">&#8211;<\/td>\n<\/tr>\n<tr>\n<td width=\"108\">2<\/td>\n<td width=\"156\">MONFORT BRUNO<\/td>\n<td width=\"129\">KTM<\/td>\n<td width=\"93\">+00:28.45<\/td>\n<\/tr>\n<tr>\n<td width=\"108\">3<\/td>\n<td width=\"156\">SLUSE VINCENT<\/td>\n<td width=\"129\">HUSQVARNA<\/td>\n<td width=\"93\">+00:55.55<\/td>\n<\/tr>\n<tr>\n<td width=\"108\">4<\/td>\n<td width=\"156\">SCHEEN PIERRE<\/td>\n<td width=\"129\">KTM<\/td>\n<td width=\"93\">+01:02.44<\/td>\n<\/tr>\n<tr>\n<td width=\"108\">5<\/td>\n<td width=\"156\">SCHEPENS PETER<\/td>\n<td width=\"129\">SHERCO<\/td>\n<td width=\"93\">+01:03.38<\/td>\n<\/tr>\n<tr>\n<td width=\"108\">6<\/td>\n<td width=\"156\">VANDENBERGHE PATRICK<\/td>\n<td width=\"129\">HUSQVARNA<\/td>\n<td width=\"93\">+01:45.23<\/td>\n<\/tr>\n<tr>\n<td width=\"108\">7<\/td>\n<td width=\"156\">ROBERT JEAN-MICHEL<\/td>\n<td width=\"129\">KTM<\/td>\n<td width=\"93\">+02:00.54<\/td>\n<\/tr>\n<tr>\n<td width=\"108\">8<\/td>\n<td width=\"156\">PADOU FRANK<\/td>\n<td width=\"129\"><\/td>\n<td width=\"93\">+02:20.09<\/td>\n<\/tr>\n<tr>\n<td width=\"108\">9<\/td>\n<td width=\"156\">FROMENT PHILIPPE<\/td>\n<td width=\"129\">KTM<\/td>\n<td width=\"93\">+02:24.38<\/td>\n<\/tr>\n<tr>\n<td width=\"108\">10<\/td>\n<td width=\"156\">SANDERMAN, HENRI<\/td>\n<td width=\"129\">KTM<\/td>\n<td width=\"93\">+02:31.44<\/td>\n<\/tr>\n<tr>\n<td width=\"108\">11<\/td>\n<td width=\"156\">ROBERT Vincent<\/td>\n<td width=\"129\">KTM<\/td>\n<td width=\"93\">+02:36.29<\/td>\n<\/tr>\n<tr>\n<td width=\"108\">12<\/td>\n<td width=\"156\">LIJNEN AUGUST<\/td>\n<td width=\"129\">HUSQVARNA<\/td>\n<td width=\"93\">+02:38.56<\/td>\n<\/tr>\n<tr>\n<td width=\"108\">13<\/td>\n<td width=\"156\">HEIKAMP GIJS<\/td>\n<td width=\"129\"><\/td>\n<td width=\"93\">+02:39.44<\/td>\n<\/tr>\n<tr>\n<td width=\"108\">14<\/td>\n<td width=\"156\">KESTENS Jan Johannes<\/td>\n<td width=\"129\">HUSQVARNA<\/td>\n<td width=\"93\">+02:56.01<\/td>\n<\/tr>\n<tr>\n<td width=\"108\">15<\/td>\n<td width=\"156\">SLUSE Bernard Jean<\/td>\n<td width=\"129\">HUSQVARNA<\/td>\n<td width=\"93\">+02:59.66<\/td>\n<\/tr>\n<tr>\n<td width=\"108\">16<\/td>\n<td width=\"156\">VAN MEERHAEGHE Carl<\/td>\n<td width=\"129\">SCHERCO SE 250<\/td>\n<td width=\"93\">+03:04.18<\/td>\n<\/tr>\n<tr>\n<td width=\"108\">17<\/td>\n<td width=\"156\">WOPKE HOEKSTRA<\/td>\n<td width=\"129\">78-MJ-DJ<\/td>\n<td width=\"93\">+03:05.04<\/td>\n<\/tr>\n<tr>\n<td width=\"108\">18<\/td>\n<td width=\"156\">BAGUETTE Corneille<\/td>\n<td width=\"129\">TM<\/td>\n<td width=\"93\">+03:12.86<\/td>\n<\/tr>\n<tr>\n<td width=\"108\">19<\/td>\n<td width=\"156\">TWAN VAN DRIEL<\/td>\n<td width=\"129\">HUSQVARNA<\/td>\n<td width=\"93\">+03:35.23<\/td>\n<\/tr>\n<tr>\n<td width=\"108\">20<\/td>\n<td width=\"156\">VIERHUIZEN GERRIT<\/td>\n<td width=\"129\">KTM<\/td>\n<td width=\"93\">+03:36.95<\/td>\n<\/tr>\n<tr>\n<td width=\"108\">21<\/td>\n<td width=\"156\">TEMMERMAN Luc<\/td>\n<td width=\"129\">HUSQVARNA<\/td>\n<td width=\"93\">+03:43.81<\/td>\n<\/tr>\n<tr>\n<td width=\"108\">22<\/td>\n<td width=\"156\">CHALANT THIERRY<\/td>\n<td width=\"129\">KTM<\/td>\n<td width=\"93\">+03:44.28<\/td>\n<\/tr>\n<tr>\n<td width=\"108\">23<\/td>\n<td width=\"156\">LEONARD MOULIJN<\/td>\n<td width=\"129\">KTM<\/td>\n<td width=\"93\">+03:47.43<\/td>\n<\/tr>\n<tr>\n<td width=\"108\">24<\/td>\n<td width=\"156\">WICHERTJES CHRISTIAN<\/td>\n<td width=\"129\">HUSABERG<\/td>\n<td width=\"93\">+03:50.82<\/td>\n<\/tr>\n<tr>\n<td width=\"108\">25<\/td>\n<td width=\"156\">HAANSTRA GOSSE<\/td>\n<td width=\"129\">74MJRN<\/td>\n<td width=\"93\">+04:54.43<\/td>\n<\/tr>\n<tr>\n<td width=\"108\">26<\/td>\n<td width=\"156\">MENSEN ROBERT<\/td>\n<td width=\"129\">KTM<\/td>\n<td width=\"93\">+05:54.20<\/td>\n<\/tr>\n<tr>\n<td width=\"108\">27<\/td>\n<td width=\"156\">GIJS HEIKAMP<\/td>\n<td width=\"129\">KTM<\/td>\n<td width=\"93\">+06:04.58<\/td>\n<\/tr>\n<tr>\n<td width=\"108\">28<\/td>\n<td width=\"156\">BOURBON FRANK<\/td>\n<td width=\"129\">HVA<\/td>\n<td width=\"93\">+06:13.63<\/td>\n<\/tr>\n<tr>\n<td width=\"108\">29<\/td>\n<td width=\"156\">SENTE FREDERIC<\/td>\n<td width=\"129\">SHERCO<\/td>\n<td width=\"93\">+06:18.20<\/td>\n<\/tr>\n<tr>\n<td width=\"108\">30<\/td>\n<td width=\"156\">TONNY TEN DAM<\/td>\n<td width=\"129\">KTM<\/td>\n<td width=\"93\">+06:41.47<\/td>\n<\/tr>\n<tr>\n<td width=\"108\">31<\/td>\n<td width=\"156\">DOBBELAAR, ERWIN<\/td>\n<td width=\"129\">HUSQVARNA<\/td>\n<td width=\"93\">+07:26.54<\/td>\n<\/tr>\n<tr>\n<td width=\"108\">32<\/td>\n<td width=\"156\">POS Albert<\/td>\n<td width=\"129\">KTM<\/td>\n<td width=\"93\">+12:14.34<\/td>\n<\/tr>\n<tr>\n<td><\/td>\n<td><\/td>\n<td><\/td>\n<td><\/td>\n<\/tr>\n<tr>\n<td>RANDONNEURS<\/td>\n<td><\/td>\n<td><\/td>\n<td><\/td>\n<\/tr>\n<tr>\n<td><\/td>\n<td><\/td>\n<td><\/td>\n<td><\/td>\n<\/tr>\n<tr>\n<td width=\"108\">1<\/td>\n<td width=\"156\">REMY Aubert C\u00e9cile<\/td>\n<td width=\"129\">HUSQVARNA 300<\/td>\n<td width=\"93\">&#8211;<\/td>\n<\/tr>\n<tr>\n<td width=\"108\">2<\/td>\n<td width=\"156\">DE VLEESCHOUWER Jean-Paul Jeannine<\/td>\n<td width=\"129\">KTM<\/td>\n<td width=\"93\">+00:27.24<\/td>\n<\/tr>\n<tr>\n<td width=\"108\">3<\/td>\n<td width=\"156\">DAVIN Vincent<\/td>\n<td width=\"129\">KTM<\/td>\n<td width=\"93\">+00:38.04<\/td>\n<\/tr>\n<tr>\n<td width=\"108\">4<\/td>\n<td width=\"156\">BECKERS MARCEL<\/td>\n<td width=\"129\">KTM EXC 350<\/td>\n<td width=\"93\">+00:47.33<\/td>\n<\/tr>\n<tr>\n<td width=\"108\">5<\/td>\n<td width=\"156\">CARELS Didier Philip<\/td>\n<td width=\"129\">KTM<\/td>\n<td width=\"93\">+01:03.65<\/td>\n<\/tr>\n<tr>\n<td width=\"108\">6<\/td>\n<td width=\"156\">HOUTPUT David Bernard<\/td>\n<td width=\"129\">KTM<\/td>\n<td width=\"93\">+01:09.40<\/td>\n<\/tr>\n<tr>\n<td width=\"108\">7<\/td>\n<td width=\"156\">RENIERS Laurent Claudine<\/td>\n<td width=\"129\">KTM EXC TPI<\/td>\n<td width=\"93\">+01:16.78<\/td>\n<\/tr>\n<tr>\n<td width=\"108\">8<\/td>\n<td width=\"156\">LEMAIRE Aurelien<\/td>\n<td width=\"129\">HUSQVARNA<\/td>\n<td width=\"93\">+01:20.18<\/td>\n<\/tr>\n<tr>\n<td width=\"108\">9<\/td>\n<td width=\"156\">PULLEN ANDRE<\/td>\n<td width=\"129\"><\/td>\n<td width=\"93\">+01:23.59<\/td>\n<\/tr>\n<tr>\n<td width=\"108\">10<\/td>\n<td width=\"156\">DENIS Jer\u00f4me Michel<\/td>\n<td width=\"129\">KTM<\/td>\n<td width=\"93\">+01:24.38<\/td>\n<\/tr>\n<tr>\n<td width=\"108\">11<\/td>\n<td width=\"156\">DESART Christophe<\/td>\n<td width=\"129\">HUSQVARNA<\/td>\n<td width=\"93\">+01:24.70<\/td>\n<\/tr>\n<tr>\n<td width=\"108\">12<\/td>\n<td width=\"156\">NOPERE Christophe<\/td>\n<td width=\"129\">SHERCO<\/td>\n<td width=\"93\">+01:27.72<\/td>\n<\/tr>\n<tr>\n<td width=\"108\">13<\/td>\n<td width=\"156\">CAPOEN Filip Andr\u00e9<\/td>\n<td width=\"129\">KTM<\/td>\n<td width=\"93\">+01:32.66<\/td>\n<\/tr>\n<tr>\n<td width=\"108\">14<\/td>\n<td width=\"156\">VAN CLEYNENBREUGEL KEN<\/td>\n<td width=\"129\">KTM<\/td>\n<td width=\"93\">+01:33.99<\/td>\n<\/tr>\n<tr>\n<td width=\"108\">15<\/td>\n<td width=\"156\">DUMONT Philippe<\/td>\n<td width=\"129\"><\/td>\n<td width=\"93\">+01:40.23<\/td>\n<\/tr>\n<tr>\n<td width=\"108\">16<\/td>\n<td width=\"156\">RAYNAUD SERGE<\/td>\n<td width=\"129\">HUSQVARNA<\/td>\n<td width=\"93\">+01:40.84<\/td>\n<\/tr>\n<tr>\n<td width=\"108\">17<\/td>\n<td width=\"156\">VAN TULDEN Kevin Simonne<\/td>\n<td width=\"129\">KTM<\/td>\n<td width=\"93\">+01:43.79<\/td>\n<\/tr>\n<tr>\n<td width=\"108\">18<\/td>\n<td width=\"156\">RAICKMAN Fabrice<\/td>\n<td width=\"129\">BETA<\/td>\n<td width=\"93\">+01:45.09<\/td>\n<\/tr>\n<tr>\n<td width=\"108\">19<\/td>\n<td width=\"156\">MOUREAU Gilles Alain<\/td>\n<td width=\"129\">KTM<\/td>\n<td width=\"93\">+01:48.42<\/td>\n<\/tr>\n<tr>\n<td width=\"108\">20<\/td>\n<td width=\"156\">COMPERE NEL<\/td>\n<td width=\"129\">HUSQVARNA<\/td>\n<td width=\"93\">+01:53.95<\/td>\n<\/tr>\n<tr>\n<td width=\"108\">21<\/td>\n<td width=\"156\">WASENINK CARVIN<\/td>\n<td width=\"129\"><\/td>\n<td width=\"93\">+01:54.45<\/td>\n<\/tr>\n<tr>\n<td width=\"108\">22<\/td>\n<td width=\"156\">MILAZZO Boris<\/td>\n<td width=\"129\">GASGAS<\/td>\n<td width=\"93\">+01:57.70<\/td>\n<\/tr>\n<tr>\n<td width=\"108\">23<\/td>\n<td width=\"156\">ANDRIES MARC<\/td>\n<td width=\"129\">KTM<\/td>\n<td width=\"93\">+01:58.10<\/td>\n<\/tr>\n<tr>\n<td width=\"108\">24<\/td>\n<td width=\"156\">LAMBERT ALEXIS<\/td>\n<td width=\"129\">BETA RR<\/td>\n<td width=\"93\">+02:00.52<\/td>\n<\/tr>\n<tr>\n<td width=\"108\">25<\/td>\n<td width=\"156\">MISSON ANTHONY<\/td>\n<td width=\"129\">HUSQVARNA<\/td>\n<td width=\"93\">+02:10.70<\/td>\n<\/tr>\n<tr>\n<td width=\"108\">26<\/td>\n<td width=\"156\">DELCROIX Samuel<\/td>\n<td width=\"129\"><\/td>\n<td width=\"93\">+02:13.15<\/td>\n<\/tr>\n<tr>\n<td width=\"108\">27<\/td>\n<td width=\"156\">LAATS Lionel<\/td>\n<td width=\"129\">BETA<\/td>\n<td width=\"93\">+02:23.70<\/td>\n<\/tr>\n<tr>\n<td width=\"108\">28<\/td>\n<td width=\"156\">VANDERSTAPPEN PIETER<\/td>\n<td width=\"129\"><\/td>\n<td width=\"93\">+02:26.79<\/td>\n<\/tr>\n<tr>\n<td width=\"108\">29<\/td>\n<td width=\"156\">TISSIER STEVE<\/td>\n<td width=\"129\">HUSQVARNA<\/td>\n<td width=\"93\">+02:28.74<\/td>\n<\/tr>\n<tr>\n<td width=\"108\">30<\/td>\n<td width=\"156\">RENIERS Christophe<\/td>\n<td width=\"129\">HVA<\/td>\n<td width=\"93\">+02:42.80<\/td>\n<\/tr>\n<tr>\n<td width=\"108\">31<\/td>\n<td width=\"156\">YERNAUX NATANAEL<\/td>\n<td width=\"129\">GASGAS<\/td>\n<td width=\"93\">+02:47.09<\/td>\n<\/tr>\n<tr>\n<td width=\"108\">32<\/td>\n<td width=\"156\">THIRIFAYS Reginald<\/td>\n<td width=\"129\">HUSQVARNA<\/td>\n<td width=\"93\">+02:57.93<\/td>\n<\/tr>\n<tr>\n<td width=\"108\">33<\/td>\n<td width=\"156\">BORGERS Marcel<\/td>\n<td width=\"129\"><\/td>\n<td width=\"93\">+03:01.83<\/td>\n<\/tr>\n<tr>\n<td width=\"108\">34<\/td>\n<td width=\"156\">WANTEN Luc Marcel<\/td>\n<td width=\"129\">KTM<\/td>\n<td width=\"93\">+03:19.02<\/td>\n<\/tr>\n<tr>\n<td width=\"108\">35<\/td>\n<td width=\"156\">ANTHONI RONNY<\/td>\n<td width=\"129\">HUSQVARNA<\/td>\n<td width=\"93\">+03:29.46<\/td>\n<\/tr>\n<tr>\n<td width=\"108\">36<\/td>\n<td width=\"156\">PATERNOTRE Nicolas<\/td>\n<td width=\"129\">TM<\/td>\n<td width=\"93\">+03:30.22<\/td>\n<\/tr>\n<tr>\n<td width=\"108\">37<\/td>\n<td width=\"156\">LADRIERE MAXIME<\/td>\n<td width=\"129\"><\/td>\n<td width=\"93\">+03:37.07<\/td>\n<\/tr>\n<tr>\n<td width=\"108\">38<\/td>\n<td width=\"156\">BROENS Marc<\/td>\n<td width=\"129\">HUSQVARNA<\/td>\n<td width=\"93\">+03:38.71<\/td>\n<\/tr>\n<tr>\n<td width=\"108\">39<\/td>\n<td width=\"156\">LECOMTE HUGO<\/td>\n<td width=\"129\">YAMAHA<\/td>\n<td width=\"93\">+03:39.66<\/td>\n<\/tr>\n<tr>\n<td width=\"108\">40<\/td>\n<td width=\"156\">CHETIOUI Damien<\/td>\n<td width=\"129\">KTM<\/td>\n<td width=\"93\">+03:55.78<\/td>\n<\/tr>\n<tr>\n<td width=\"108\">41<\/td>\n<td width=\"156\">VAN ESSEVELDT , MAARTEN<\/td>\n<td width=\"129\">KTM<\/td>\n<td width=\"93\">+04:28.76<\/td>\n<\/tr>\n<tr>\n<td width=\"108\">42<\/td>\n<td width=\"156\">ALGOET PHILIPPE<\/td>\n<td width=\"129\"><\/td>\n<td width=\"93\">+04:33.41<\/td>\n<\/tr>\n<tr>\n<td width=\"108\">43<\/td>\n<td width=\"156\">GUILLERMO BULACIO<\/td>\n<td width=\"129\"><\/td>\n<td width=\"93\">+04:43.84<\/td>\n<\/tr>\n<tr>\n<td width=\"108\">44<\/td>\n<td width=\"156\">ADAMS JOHAN<\/td>\n<td width=\"129\">HUSQVARNA<\/td>\n<td width=\"93\">+05:26.92<\/td>\n<\/tr>\n<tr>\n<td width=\"108\">45<\/td>\n<td width=\"156\">BREMS Domien Andre<\/td>\n<td width=\"129\">KTM<\/td>\n<td width=\"93\">+07:57.23<\/td>\n<\/tr>\n<tr>\n<td width=\"108\">46<\/td>\n<td width=\"156\">CHALLES ARNAUD<\/td>\n<td width=\"129\">KTM<\/td>\n<td width=\"93\">+38:49.23<\/td>\n<\/tr>\n<tr>\n<td width=\"108\">47<\/td>\n<td width=\"156\">IPPERSIEL Guillaume<\/td>\n<td width=\"129\"><\/td>\n<td width=\"93\">+39:02.45<\/td>\n<\/tr>\n<tr>\n<td width=\"108\">48<\/td>\n<td width=\"156\">DECOURT Philippe<\/td>\n<td width=\"129\">HUSQVARNA<\/td>\n<td width=\"93\">+47:10.77<\/td>\n<\/tr>\n<tr>\n<td><\/td>\n<td><\/td>\n<td><\/td>\n<td><\/td>\n<\/tr>\n<tr>\n<td>GIRLS<\/td>\n<td><\/td>\n<td><\/td>\n<td><\/td>\n<\/tr>\n<tr>\n<td width=\"108\">1<\/td>\n<td width=\"156\">MARCHAL ELISE<\/td>\n<td width=\"129\">SHERCO<\/td>\n<td width=\"93\">&#8211;<\/td>\n<\/tr>\n<tr>\n<td width=\"108\">2<\/td>\n<td width=\"156\">BOUMEN MARTINE<\/td>\n<td width=\"129\"><\/td>\n<td width=\"93\">+06:28.72<\/td>\n<\/tr>\n<tr>\n<td width=\"108\">3<\/td>\n<td width=\"156\">SEFCSIK Caroline<\/td>\n<td width=\"129\">KTM<\/td>\n<td width=\"93\">+50:40.38<\/td>\n<\/tr>\n<tr>\n<td><\/td>\n<td><\/td>\n<td><\/td>\n<td><\/td>\n<\/tr>\n<tr>\n<td>50CC<\/td>\n<td><\/td>\n<td><\/td>\n<td><\/td>\n<\/tr>\n<tr>\n<td width=\"108\">1<\/td>\n<td width=\"156\">DE WINTER SENNA<\/td>\n<td width=\"129\"><\/td>\n<td><\/td>\n<\/tr>\n<tr>\n<td><\/td>\n<td><\/td>\n<td><\/td>\n<td><\/td>\n<\/tr>\n<tr>\n<td>ELEC<\/td>\n<td><\/td>\n<td><\/td>\n<td><\/td>\n<\/tr>\n<tr>\n<td width=\"108\">1<\/td>\n<td width=\"156\">BERTAUX ETIENNE<\/td>\n<td width=\"129\">SUZUKI<\/td>\n<td width=\"93\">&#8211;<\/td>\n<\/tr>\n<\/tbody>\n<\/table>\n<div id=\"ConnectiveDocSignExtentionInstalled\" data-extension-version=\"1.0.4\"><\/div>\n","protected":false},"excerpt":{"rendered":"<p>Le MC Dinant organisait ce dimanche la derni\u00e8re \u00e9preuve du championnat de Belgique d&rsquo;enduro. C&rsquo;\u00e9tait une premi\u00e8re \u00e0 Walcourt et ce fut une premi\u00e8re appr\u00e9ci\u00e9e par les pilotes qui ont [&#8230;]<\/p>\n","protected":false},"author":932,"featured_media":96869,"comment_status":"open","ping_status":"closed","sticky":false,"template":"","format":"standard","meta":{"footnotes":""},"categories":[54,32,35,33,55,65],"tags":[951],"class_list":["post-96867","post","type-post","status-publish","format-standard","has-post-thumbnail","hentry","category-actualite","category-enduro","category-fmb-enduro","category-news-enduro","category-news-actualite","category-slideshow","tag-enduro"],"yoast_head":"<!-- This site is optimized with the Yoast SEO plugin v27.4 - https:\/\/yoast.com\/product\/yoast-seo-wordpress\/ -->\n<title>Enduro : Maxime Warenghien titr\u00e9 chez les Inters \u00e0 Walcourt - Motocross - Enduro - Supermoto | MotocrossMag<\/title>\n<meta name=\"robots\" content=\"index, follow, max-snippet:-1, max-image-preview:large, max-video-preview:-1\" \/>\n<link rel=\"canonical\" href=\"https:\/\/fr.motocrossmag.be\/index.php\/2019\/09\/enduro-maxime-warenghien-titre-chez-les-inters-a-walcourt\/\" \/>\n<meta property=\"og:locale\" content=\"fr_FR\" \/>\n<meta property=\"og:type\" content=\"article\" \/>\n<meta property=\"og:title\" content=\"Enduro : Maxime Warenghien titr\u00e9 chez les Inters \u00e0 Walcourt - Motocross - Enduro - Supermoto | MotocrossMag\" \/>\n<meta property=\"og:description\" content=\"Le MC Dinant organisait ce dimanche la derni\u00e8re \u00e9preuve du championnat de Belgique d&rsquo;enduro. C&rsquo;\u00e9tait une premi\u00e8re \u00e0 Walcourt et ce fut une premi\u00e8re appr\u00e9ci\u00e9e par les pilotes qui ont [...]\" \/>\n<meta property=\"og:url\" content=\"https:\/\/fr.motocrossmag.be\/index.php\/2019\/09\/enduro-maxime-warenghien-titre-chez-les-inters-a-walcourt\/\" \/>\n<meta property=\"og:site_name\" content=\"Motocross - Enduro - Supermoto | MotocrossMag\" \/>\n<meta property=\"article:published_time\" content=\"2019-09-24T14:06:00+00:00\" \/>\n<meta property=\"og:image\" content=\"https:\/\/fr.motocrossmag.be\/wp-content\/uploads\/2019\/09\/podiu-enduro-walcourt-inters.jpg\" \/>\n\t<meta property=\"og:image:width\" content=\"963\" \/>\n\t<meta property=\"og:image:height\" content=\"674\" \/>\n\t<meta property=\"og:image:type\" content=\"image\/jpeg\" \/>\n<meta name=\"author\" content=\"oliviere\" \/>\n<meta name=\"twitter:card\" content=\"summary_large_image\" \/>\n<meta name=\"twitter:label1\" content=\"\u00c9crit par\" \/>\n\t<meta name=\"twitter:data1\" content=\"oliviere\" \/>\n\t<meta name=\"twitter:label2\" content=\"Dur\u00e9e de lecture estim\u00e9e\" \/>\n\t<meta name=\"twitter:data2\" content=\"6 minutes\" \/>\n<script type=\"application\/ld+json\" class=\"yoast-schema-graph\">{\"@context\":\"https:\\\/\\\/schema.org\",\"@graph\":[{\"@type\":\"Article\",\"@id\":\"https:\\\/\\\/fr.motocrossmag.be\\\/index.php\\\/2019\\\/09\\\/enduro-maxime-warenghien-titre-chez-les-inters-a-walcourt\\\/#article\",\"isPartOf\":{\"@id\":\"https:\\\/\\\/fr.motocrossmag.be\\\/index.php\\\/2019\\\/09\\\/enduro-maxime-warenghien-titre-chez-les-inters-a-walcourt\\\/\"},\"author\":{\"name\":\"oliviere\",\"@id\":\"https:\\\/\\\/fr.motocrossmag.be\\\/#\\\/schema\\\/person\\\/11b47143d9f755babca2c9110e03235c\"},\"headline\":\"Enduro : Maxime Warenghien titr\u00e9 chez les Inters \u00e0 Walcourt\",\"datePublished\":\"2019-09-24T14:06:00+00:00\",\"mainEntityOfPage\":{\"@id\":\"https:\\\/\\\/fr.motocrossmag.be\\\/index.php\\\/2019\\\/09\\\/enduro-maxime-warenghien-titre-chez-les-inters-a-walcourt\\\/\"},\"wordCount\":1146,\"commentCount\":0,\"image\":{\"@id\":\"https:\\\/\\\/fr.motocrossmag.be\\\/index.php\\\/2019\\\/09\\\/enduro-maxime-warenghien-titre-chez-les-inters-a-walcourt\\\/#primaryimage\"},\"thumbnailUrl\":\"https:\\\/\\\/fr.motocrossmag.be\\\/wp-content\\\/uploads\\\/2019\\\/09\\\/podiu-enduro-walcourt-inters.jpg\",\"keywords\":[\"Enduro\"],\"articleSection\":[\"Actualit\u00e9\",\"Enduro\",\"FMB\",\"News\",\"News\",\"Slideshow\"],\"inLanguage\":\"fr-FR\",\"potentialAction\":[{\"@type\":\"CommentAction\",\"name\":\"Comment\",\"target\":[\"https:\\\/\\\/fr.motocrossmag.be\\\/index.php\\\/2019\\\/09\\\/enduro-maxime-warenghien-titre-chez-les-inters-a-walcourt\\\/#respond\"]}]},{\"@type\":\"WebPage\",\"@id\":\"https:\\\/\\\/fr.motocrossmag.be\\\/index.php\\\/2019\\\/09\\\/enduro-maxime-warenghien-titre-chez-les-inters-a-walcourt\\\/\",\"url\":\"https:\\\/\\\/fr.motocrossmag.be\\\/index.php\\\/2019\\\/09\\\/enduro-maxime-warenghien-titre-chez-les-inters-a-walcourt\\\/\",\"name\":\"Enduro : Maxime Warenghien titr\u00e9 chez les Inters \u00e0 Walcourt - Motocross - Enduro - Supermoto | MotocrossMag\",\"isPartOf\":{\"@id\":\"https:\\\/\\\/fr.motocrossmag.be\\\/#website\"},\"primaryImageOfPage\":{\"@id\":\"https:\\\/\\\/fr.motocrossmag.be\\\/index.php\\\/2019\\\/09\\\/enduro-maxime-warenghien-titre-chez-les-inters-a-walcourt\\\/#primaryimage\"},\"image\":{\"@id\":\"https:\\\/\\\/fr.motocrossmag.be\\\/index.php\\\/2019\\\/09\\\/enduro-maxime-warenghien-titre-chez-les-inters-a-walcourt\\\/#primaryimage\"},\"thumbnailUrl\":\"https:\\\/\\\/fr.motocrossmag.be\\\/wp-content\\\/uploads\\\/2019\\\/09\\\/podiu-enduro-walcourt-inters.jpg\",\"datePublished\":\"2019-09-24T14:06:00+00:00\",\"author\":{\"@id\":\"https:\\\/\\\/fr.motocrossmag.be\\\/#\\\/schema\\\/person\\\/11b47143d9f755babca2c9110e03235c\"},\"breadcrumb\":{\"@id\":\"https:\\\/\\\/fr.motocrossmag.be\\\/index.php\\\/2019\\\/09\\\/enduro-maxime-warenghien-titre-chez-les-inters-a-walcourt\\\/#breadcrumb\"},\"inLanguage\":\"fr-FR\",\"potentialAction\":[{\"@type\":\"ReadAction\",\"target\":[\"https:\\\/\\\/fr.motocrossmag.be\\\/index.php\\\/2019\\\/09\\\/enduro-maxime-warenghien-titre-chez-les-inters-a-walcourt\\\/\"]}]},{\"@type\":\"ImageObject\",\"inLanguage\":\"fr-FR\",\"@id\":\"https:\\\/\\\/fr.motocrossmag.be\\\/index.php\\\/2019\\\/09\\\/enduro-maxime-warenghien-titre-chez-les-inters-a-walcourt\\\/#primaryimage\",\"url\":\"https:\\\/\\\/fr.motocrossmag.be\\\/wp-content\\\/uploads\\\/2019\\\/09\\\/podiu-enduro-walcourt-inters.jpg\",\"contentUrl\":\"https:\\\/\\\/fr.motocrossmag.be\\\/wp-content\\\/uploads\\\/2019\\\/09\\\/podiu-enduro-walcourt-inters.jpg\",\"width\":963,\"height\":674},{\"@type\":\"BreadcrumbList\",\"@id\":\"https:\\\/\\\/fr.motocrossmag.be\\\/index.php\\\/2019\\\/09\\\/enduro-maxime-warenghien-titre-chez-les-inters-a-walcourt\\\/#breadcrumb\",\"itemListElement\":[{\"@type\":\"ListItem\",\"position\":1,\"name\":\"Accueil\",\"item\":\"https:\\\/\\\/fr.motocrossmag.be\\\/\"},{\"@type\":\"ListItem\",\"position\":2,\"name\":\"Enduro : Maxime Warenghien titr\u00e9 chez les Inters \u00e0 Walcourt\"}]},{\"@type\":\"WebSite\",\"@id\":\"https:\\\/\\\/fr.motocrossmag.be\\\/#website\",\"url\":\"https:\\\/\\\/fr.motocrossmag.be\\\/\",\"name\":\"Motocross - Enduro - Supermoto | MotocrossMag\",\"description\":\"L&#039;actualit\u00e9 du motocross, de l&#039;enduro et du Supermoto en ligne!\",\"potentialAction\":[{\"@type\":\"SearchAction\",\"target\":{\"@type\":\"EntryPoint\",\"urlTemplate\":\"https:\\\/\\\/fr.motocrossmag.be\\\/?s={search_term_string}\"},\"query-input\":{\"@type\":\"PropertyValueSpecification\",\"valueRequired\":true,\"valueName\":\"search_term_string\"}}],\"inLanguage\":\"fr-FR\"},{\"@type\":\"Person\",\"@id\":\"https:\\\/\\\/fr.motocrossmag.be\\\/#\\\/schema\\\/person\\\/11b47143d9f755babca2c9110e03235c\",\"name\":\"oliviere\",\"image\":{\"@type\":\"ImageObject\",\"inLanguage\":\"fr-FR\",\"@id\":\"https:\\\/\\\/secure.gravatar.com\\\/avatar\\\/907069e0b81d119452040469e4a7501da1100f54f7f80180ce77bfab718288f6?s=96&d=mm&r=g\",\"url\":\"https:\\\/\\\/secure.gravatar.com\\\/avatar\\\/907069e0b81d119452040469e4a7501da1100f54f7f80180ce77bfab718288f6?s=96&d=mm&r=g\",\"contentUrl\":\"https:\\\/\\\/secure.gravatar.com\\\/avatar\\\/907069e0b81d119452040469e4a7501da1100f54f7f80180ce77bfab718288f6?s=96&d=mm&r=g\",\"caption\":\"oliviere\"},\"sameAs\":[\"http:\\\/\\\/www.motocrossmag.be\"],\"url\":\"https:\\\/\\\/fr.motocrossmag.be\\\/index.php\\\/author\\\/oliviere\\\/\"}]}<\/script>\n<!-- \/ Yoast SEO plugin. -->","yoast_head_json":{"title":"Enduro : Maxime Warenghien titr\u00e9 chez les Inters \u00e0 Walcourt - Motocross - Enduro - Supermoto | MotocrossMag","robots":{"index":"index","follow":"follow","max-snippet":"max-snippet:-1","max-image-preview":"max-image-preview:large","max-video-preview":"max-video-preview:-1"},"canonical":"https:\/\/fr.motocrossmag.be\/index.php\/2019\/09\/enduro-maxime-warenghien-titre-chez-les-inters-a-walcourt\/","og_locale":"fr_FR","og_type":"article","og_title":"Enduro : Maxime Warenghien titr\u00e9 chez les Inters \u00e0 Walcourt - Motocross - Enduro - Supermoto | MotocrossMag","og_description":"Le MC Dinant organisait ce dimanche la derni\u00e8re \u00e9preuve du championnat de Belgique d&rsquo;enduro. C&rsquo;\u00e9tait une premi\u00e8re \u00e0 Walcourt et ce fut une premi\u00e8re appr\u00e9ci\u00e9e par les pilotes qui ont [...]","og_url":"https:\/\/fr.motocrossmag.be\/index.php\/2019\/09\/enduro-maxime-warenghien-titre-chez-les-inters-a-walcourt\/","og_site_name":"Motocross - Enduro - Supermoto | MotocrossMag","article_published_time":"2019-09-24T14:06:00+00:00","og_image":[{"width":963,"height":674,"url":"https:\/\/fr.motocrossmag.be\/wp-content\/uploads\/2019\/09\/podiu-enduro-walcourt-inters.jpg","type":"image\/jpeg"}],"author":"oliviere","twitter_card":"summary_large_image","twitter_misc":{"\u00c9crit par":"oliviere","Dur\u00e9e de lecture estim\u00e9e":"6 minutes"},"schema":{"@context":"https:\/\/schema.org","@graph":[{"@type":"Article","@id":"https:\/\/fr.motocrossmag.be\/index.php\/2019\/09\/enduro-maxime-warenghien-titre-chez-les-inters-a-walcourt\/#article","isPartOf":{"@id":"https:\/\/fr.motocrossmag.be\/index.php\/2019\/09\/enduro-maxime-warenghien-titre-chez-les-inters-a-walcourt\/"},"author":{"name":"oliviere","@id":"https:\/\/fr.motocrossmag.be\/#\/schema\/person\/11b47143d9f755babca2c9110e03235c"},"headline":"Enduro : Maxime Warenghien titr\u00e9 chez les Inters \u00e0 Walcourt","datePublished":"2019-09-24T14:06:00+00:00","mainEntityOfPage":{"@id":"https:\/\/fr.motocrossmag.be\/index.php\/2019\/09\/enduro-maxime-warenghien-titre-chez-les-inters-a-walcourt\/"},"wordCount":1146,"commentCount":0,"image":{"@id":"https:\/\/fr.motocrossmag.be\/index.php\/2019\/09\/enduro-maxime-warenghien-titre-chez-les-inters-a-walcourt\/#primaryimage"},"thumbnailUrl":"https:\/\/fr.motocrossmag.be\/wp-content\/uploads\/2019\/09\/podiu-enduro-walcourt-inters.jpg","keywords":["Enduro"],"articleSection":["Actualit\u00e9","Enduro","FMB","News","News","Slideshow"],"inLanguage":"fr-FR","potentialAction":[{"@type":"CommentAction","name":"Comment","target":["https:\/\/fr.motocrossmag.be\/index.php\/2019\/09\/enduro-maxime-warenghien-titre-chez-les-inters-a-walcourt\/#respond"]}]},{"@type":"WebPage","@id":"https:\/\/fr.motocrossmag.be\/index.php\/2019\/09\/enduro-maxime-warenghien-titre-chez-les-inters-a-walcourt\/","url":"https:\/\/fr.motocrossmag.be\/index.php\/2019\/09\/enduro-maxime-warenghien-titre-chez-les-inters-a-walcourt\/","name":"Enduro : Maxime Warenghien titr\u00e9 chez les Inters \u00e0 Walcourt - Motocross - Enduro - Supermoto | MotocrossMag","isPartOf":{"@id":"https:\/\/fr.motocrossmag.be\/#website"},"primaryImageOfPage":{"@id":"https:\/\/fr.motocrossmag.be\/index.php\/2019\/09\/enduro-maxime-warenghien-titre-chez-les-inters-a-walcourt\/#primaryimage"},"image":{"@id":"https:\/\/fr.motocrossmag.be\/index.php\/2019\/09\/enduro-maxime-warenghien-titre-chez-les-inters-a-walcourt\/#primaryimage"},"thumbnailUrl":"https:\/\/fr.motocrossmag.be\/wp-content\/uploads\/2019\/09\/podiu-enduro-walcourt-inters.jpg","datePublished":"2019-09-24T14:06:00+00:00","author":{"@id":"https:\/\/fr.motocrossmag.be\/#\/schema\/person\/11b47143d9f755babca2c9110e03235c"},"breadcrumb":{"@id":"https:\/\/fr.motocrossmag.be\/index.php\/2019\/09\/enduro-maxime-warenghien-titre-chez-les-inters-a-walcourt\/#breadcrumb"},"inLanguage":"fr-FR","potentialAction":[{"@type":"ReadAction","target":["https:\/\/fr.motocrossmag.be\/index.php\/2019\/09\/enduro-maxime-warenghien-titre-chez-les-inters-a-walcourt\/"]}]},{"@type":"ImageObject","inLanguage":"fr-FR","@id":"https:\/\/fr.motocrossmag.be\/index.php\/2019\/09\/enduro-maxime-warenghien-titre-chez-les-inters-a-walcourt\/#primaryimage","url":"https:\/\/fr.motocrossmag.be\/wp-content\/uploads\/2019\/09\/podiu-enduro-walcourt-inters.jpg","contentUrl":"https:\/\/fr.motocrossmag.be\/wp-content\/uploads\/2019\/09\/podiu-enduro-walcourt-inters.jpg","width":963,"height":674},{"@type":"BreadcrumbList","@id":"https:\/\/fr.motocrossmag.be\/index.php\/2019\/09\/enduro-maxime-warenghien-titre-chez-les-inters-a-walcourt\/#breadcrumb","itemListElement":[{"@type":"ListItem","position":1,"name":"Accueil","item":"https:\/\/fr.motocrossmag.be\/"},{"@type":"ListItem","position":2,"name":"Enduro : Maxime Warenghien titr\u00e9 chez les Inters \u00e0 Walcourt"}]},{"@type":"WebSite","@id":"https:\/\/fr.motocrossmag.be\/#website","url":"https:\/\/fr.motocrossmag.be\/","name":"Motocross - Enduro - Supermoto | MotocrossMag","description":"L&#039;actualit\u00e9 du motocross, de l&#039;enduro et du Supermoto en ligne!","potentialAction":[{"@type":"SearchAction","target":{"@type":"EntryPoint","urlTemplate":"https:\/\/fr.motocrossmag.be\/?s={search_term_string}"},"query-input":{"@type":"PropertyValueSpecification","valueRequired":true,"valueName":"search_term_string"}}],"inLanguage":"fr-FR"},{"@type":"Person","@id":"https:\/\/fr.motocrossmag.be\/#\/schema\/person\/11b47143d9f755babca2c9110e03235c","name":"oliviere","image":{"@type":"ImageObject","inLanguage":"fr-FR","@id":"https:\/\/secure.gravatar.com\/avatar\/907069e0b81d119452040469e4a7501da1100f54f7f80180ce77bfab718288f6?s=96&d=mm&r=g","url":"https:\/\/secure.gravatar.com\/avatar\/907069e0b81d119452040469e4a7501da1100f54f7f80180ce77bfab718288f6?s=96&d=mm&r=g","contentUrl":"https:\/\/secure.gravatar.com\/avatar\/907069e0b81d119452040469e4a7501da1100f54f7f80180ce77bfab718288f6?s=96&d=mm&r=g","caption":"oliviere"},"sameAs":["http:\/\/www.motocrossmag.be"],"url":"https:\/\/fr.motocrossmag.be\/index.php\/author\/oliviere\/"}]}},"_links":{"self":[{"href":"https:\/\/fr.motocrossmag.be\/index.php\/wp-json\/wp\/v2\/posts\/96867","targetHints":{"allow":["GET"]}}],"collection":[{"href":"https:\/\/fr.motocrossmag.be\/index.php\/wp-json\/wp\/v2\/posts"}],"about":[{"href":"https:\/\/fr.motocrossmag.be\/index.php\/wp-json\/wp\/v2\/types\/post"}],"author":[{"embeddable":true,"href":"https:\/\/fr.motocrossmag.be\/index.php\/wp-json\/wp\/v2\/users\/932"}],"replies":[{"embeddable":true,"href":"https:\/\/fr.motocrossmag.be\/index.php\/wp-json\/wp\/v2\/comments?post=96867"}],"version-history":[{"count":0,"href":"https:\/\/fr.motocrossmag.be\/index.php\/wp-json\/wp\/v2\/posts\/96867\/revisions"}],"wp:featuredmedia":[{"embeddable":true,"href":"https:\/\/fr.motocrossmag.be\/index.php\/wp-json\/wp\/v2\/media\/96869"}],"wp:attachment":[{"href":"https:\/\/fr.motocrossmag.be\/index.php\/wp-json\/wp\/v2\/media?parent=96867"}],"wp:term":[{"taxonomy":"category","embeddable":true,"href":"https:\/\/fr.motocrossmag.be\/index.php\/wp-json\/wp\/v2\/categories?post=96867"},{"taxonomy":"post_tag","embeddable":true,"href":"https:\/\/fr.motocrossmag.be\/index.php\/wp-json\/wp\/v2\/tags?post=96867"}],"curies":[{"name":"wp","href":"https:\/\/api.w.org\/{rel}","templated":true}]}}