{"id":96917,"date":"2019-09-27T14:40:47","date_gmt":"2019-09-27T12:40:47","guid":{"rendered":"https:\/\/fr.motocrossmag.be\/?p=96917"},"modified":"2019-09-27T14:46:18","modified_gmt":"2019-09-27T12:46:18","slug":"thierry-klutz-organise-un-week-end-moto-a-lierneux-les-26-et-27-octobre","status":"publish","type":"post","link":"https:\/\/fr.motocrossmag.be\/index.php\/2019\/09\/thierry-klutz-organise-un-week-end-moto-a-lierneux-les-26-et-27-octobre\/","title":{"rendered":"Thierry Klutz organise un week-end moto \u00e0 Lierneux les 26 et 27 octobre"},"content":{"rendered":"<p><strong>Les 26 et 27 octobre prochains, l&rsquo;asbl Promod\u00e9fi organise un week-end moto d\u2019entrainement sur le site du circuit de Regn\u00e9 \u00e0 Lierneux. L\u2019objectif : passer un week-end moto en toute <\/strong><strong>convivialit\u00e9. Le circuit de motocross servira \u00e9videmment de base pour la consitution du parcours mais celui-ci se verra allong\u00e9 de plus de 2 kms pour obtenir un parcours type cross-country accessible \u00e0 tous les niveaux de pilotage, au guidon d&rsquo;une machine de cross comme au guidon d&rsquo;une enduro.<\/strong><\/p>\n<p>Apr\u00e8s les \u00e9ditions de 2016 et 2017, il s&rsquo;agit du 3\u00e8me week-end du genre organis\u00e9 par Thierry Klutz, cette ann\u00e9e avec le soutien de Yamaha, Yamaha Zone Rouge, Kenny et MXMag.<\/p>\n<p><span style=\"color: #ff0000;\"><strong>Programme<br \/>\n<\/strong><\/span><br \/>\n<strong>Samedi et dimanche<\/strong><br \/>\n9h-11h : 50, 65, 85 cc et enfants d\u00e9butants<br \/>\n11h15-17h30 : toutes les autres cylindr\u00e9es<\/p>\n<p>Chapiteau et petite restauration.<\/p>\n<p>Initiation \u00e0 la moto tout terrain pour les enfants et les ados.<br \/>\nPossibilit\u00e9 aux mobilhomes et caravanes de rester sur place.<\/p>\n<p><strong>Adresse<\/strong><\/p>\n<p>Rue des Marcad\u00e8nes 6690 Regn\u00e9\/Lierneux<\/p>\n<p><strong>Entr\u00e9e<\/strong> : 20 euros\/jour<\/p>\n<p><strong>Infos<\/strong> : <a href=\"mailto:thierryklutz@gmail.com\">thierryklutz@gmail.com<\/a><\/p>\n<div id=\"ConnectiveDocSignExtentionInstalled\" data-extension-version=\"1.0.4\"><\/div>\n","protected":false},"excerpt":{"rendered":"<p>Les 26 et 27 octobre prochains, l&rsquo;asbl Promod\u00e9fi organise un week-end moto d\u2019entrainement sur le site du circuit de Regn\u00e9 \u00e0 Lierneux. L\u2019objectif : passer un week-end moto en toute [&#8230;]<\/p>\n","protected":false},"author":932,"featured_media":96994,"comment_status":"open","ping_status":"closed","sticky":false,"template":"","format":"standard","meta":{"footnotes":""},"categories":[54,32,44,4,5,33,45,55,65],"tags":[951,947],"class_list":["post-96917","post","type-post","status-publish","format-standard","has-post-thumbnail","hentry","category-actualite","category-enduro","category-kids","category-motocross","category-news","category-news-enduro","category-news-kids","category-news-actualite","category-slideshow","tag-enduro","tag-motocross"],"yoast_head":"<!-- This site is optimized with the Yoast SEO plugin v27.4 - https:\/\/yoast.com\/product\/yoast-seo-wordpress\/ -->\n<title>Thierry Klutz organise un week-end moto \u00e0 Lierneux les 26 et 27 octobre - Motocross - Enduro - Supermoto | MotocrossMag<\/title>\n<meta name=\"robots\" content=\"index, follow, max-snippet:-1, max-image-preview:large, max-video-preview:-1\" \/>\n<link rel=\"canonical\" href=\"https:\/\/fr.motocrossmag.be\/index.php\/2019\/09\/thierry-klutz-organise-un-week-end-moto-a-lierneux-les-26-et-27-octobre\/\" \/>\n<meta property=\"og:locale\" content=\"fr_FR\" \/>\n<meta property=\"og:type\" content=\"article\" \/>\n<meta property=\"og:title\" content=\"Thierry Klutz organise un week-end moto \u00e0 Lierneux les 26 et 27 octobre - Motocross - Enduro - Supermoto | MotocrossMag\" \/>\n<meta property=\"og:description\" content=\"Les 26 et 27 octobre prochains, l&rsquo;asbl Promod\u00e9fi organise un week-end moto d\u2019entrainement sur le site du circuit de Regn\u00e9 \u00e0 Lierneux. L\u2019objectif : passer un week-end moto en toute [...]\" \/>\n<meta property=\"og:url\" content=\"https:\/\/fr.motocrossmag.be\/index.php\/2019\/09\/thierry-klutz-organise-un-week-end-moto-a-lierneux-les-26-et-27-octobre\/\" \/>\n<meta property=\"og:site_name\" content=\"Motocross - Enduro - Supermoto | MotocrossMag\" \/>\n<meta property=\"article:published_time\" content=\"2019-09-27T12:40:47+00:00\" \/>\n<meta property=\"article:modified_time\" content=\"2019-09-27T12:46:18+00:00\" \/>\n<meta property=\"og:image\" content=\"https:\/\/fr.motocrossmag.be\/wp-content\/uploads\/2019\/09\/klutz-thierry-yamaha.jpg\" \/>\n\t<meta property=\"og:image:width\" content=\"1000\" \/>\n\t<meta property=\"og:image:height\" content=\"661\" \/>\n\t<meta property=\"og:image:type\" content=\"image\/jpeg\" \/>\n<meta name=\"author\" content=\"oliviere\" \/>\n<meta name=\"twitter:card\" content=\"summary_large_image\" \/>\n<meta name=\"twitter:label1\" content=\"\u00c9crit par\" \/>\n\t<meta name=\"twitter:data1\" content=\"oliviere\" \/>\n\t<meta name=\"twitter:label2\" content=\"Dur\u00e9e de lecture estim\u00e9e\" \/>\n\t<meta name=\"twitter:data2\" content=\"1 minute\" \/>\n<script type=\"application\/ld+json\" class=\"yoast-schema-graph\">{\"@context\":\"https:\\\/\\\/schema.org\",\"@graph\":[{\"@type\":\"Article\",\"@id\":\"https:\\\/\\\/fr.motocrossmag.be\\\/index.php\\\/2019\\\/09\\\/thierry-klutz-organise-un-week-end-moto-a-lierneux-les-26-et-27-octobre\\\/#article\",\"isPartOf\":{\"@id\":\"https:\\\/\\\/fr.motocrossmag.be\\\/index.php\\\/2019\\\/09\\\/thierry-klutz-organise-un-week-end-moto-a-lierneux-les-26-et-27-octobre\\\/\"},\"author\":{\"name\":\"oliviere\",\"@id\":\"https:\\\/\\\/fr.motocrossmag.be\\\/#\\\/schema\\\/person\\\/11b47143d9f755babca2c9110e03235c\"},\"headline\":\"Thierry Klutz organise un week-end moto \u00e0 Lierneux les 26 et 27 octobre\",\"datePublished\":\"2019-09-27T12:40:47+00:00\",\"dateModified\":\"2019-09-27T12:46:18+00:00\",\"mainEntityOfPage\":{\"@id\":\"https:\\\/\\\/fr.motocrossmag.be\\\/index.php\\\/2019\\\/09\\\/thierry-klutz-organise-un-week-end-moto-a-lierneux-les-26-et-27-octobre\\\/\"},\"wordCount\":178,\"commentCount\":0,\"image\":{\"@id\":\"https:\\\/\\\/fr.motocrossmag.be\\\/index.php\\\/2019\\\/09\\\/thierry-klutz-organise-un-week-end-moto-a-lierneux-les-26-et-27-octobre\\\/#primaryimage\"},\"thumbnailUrl\":\"https:\\\/\\\/fr.motocrossmag.be\\\/wp-content\\\/uploads\\\/2019\\\/09\\\/klutz-thierry-yamaha.jpg\",\"keywords\":[\"Enduro\",\"Motocross\"],\"articleSection\":[\"Actualit\u00e9\",\"Enduro\",\"Kids\",\"Motocross\",\"News\",\"News\",\"News\",\"News\",\"Slideshow\"],\"inLanguage\":\"fr-FR\",\"potentialAction\":[{\"@type\":\"CommentAction\",\"name\":\"Comment\",\"target\":[\"https:\\\/\\\/fr.motocrossmag.be\\\/index.php\\\/2019\\\/09\\\/thierry-klutz-organise-un-week-end-moto-a-lierneux-les-26-et-27-octobre\\\/#respond\"]}]},{\"@type\":\"WebPage\",\"@id\":\"https:\\\/\\\/fr.motocrossmag.be\\\/index.php\\\/2019\\\/09\\\/thierry-klutz-organise-un-week-end-moto-a-lierneux-les-26-et-27-octobre\\\/\",\"url\":\"https:\\\/\\\/fr.motocrossmag.be\\\/index.php\\\/2019\\\/09\\\/thierry-klutz-organise-un-week-end-moto-a-lierneux-les-26-et-27-octobre\\\/\",\"name\":\"Thierry Klutz organise un week-end moto \u00e0 Lierneux les 26 et 27 octobre - Motocross - Enduro - Supermoto | MotocrossMag\",\"isPartOf\":{\"@id\":\"https:\\\/\\\/fr.motocrossmag.be\\\/#website\"},\"primaryImageOfPage\":{\"@id\":\"https:\\\/\\\/fr.motocrossmag.be\\\/index.php\\\/2019\\\/09\\\/thierry-klutz-organise-un-week-end-moto-a-lierneux-les-26-et-27-octobre\\\/#primaryimage\"},\"image\":{\"@id\":\"https:\\\/\\\/fr.motocrossmag.be\\\/index.php\\\/2019\\\/09\\\/thierry-klutz-organise-un-week-end-moto-a-lierneux-les-26-et-27-octobre\\\/#primaryimage\"},\"thumbnailUrl\":\"https:\\\/\\\/fr.motocrossmag.be\\\/wp-content\\\/uploads\\\/2019\\\/09\\\/klutz-thierry-yamaha.jpg\",\"datePublished\":\"2019-09-27T12:40:47+00:00\",\"dateModified\":\"2019-09-27T12:46:18+00:00\",\"author\":{\"@id\":\"https:\\\/\\\/fr.motocrossmag.be\\\/#\\\/schema\\\/person\\\/11b47143d9f755babca2c9110e03235c\"},\"breadcrumb\":{\"@id\":\"https:\\\/\\\/fr.motocrossmag.be\\\/index.php\\\/2019\\\/09\\\/thierry-klutz-organise-un-week-end-moto-a-lierneux-les-26-et-27-octobre\\\/#breadcrumb\"},\"inLanguage\":\"fr-FR\",\"potentialAction\":[{\"@type\":\"ReadAction\",\"target\":[\"https:\\\/\\\/fr.motocrossmag.be\\\/index.php\\\/2019\\\/09\\\/thierry-klutz-organise-un-week-end-moto-a-lierneux-les-26-et-27-octobre\\\/\"]}]},{\"@type\":\"ImageObject\",\"inLanguage\":\"fr-FR\",\"@id\":\"https:\\\/\\\/fr.motocrossmag.be\\\/index.php\\\/2019\\\/09\\\/thierry-klutz-organise-un-week-end-moto-a-lierneux-les-26-et-27-octobre\\\/#primaryimage\",\"url\":\"https:\\\/\\\/fr.motocrossmag.be\\\/wp-content\\\/uploads\\\/2019\\\/09\\\/klutz-thierry-yamaha.jpg\",\"contentUrl\":\"https:\\\/\\\/fr.motocrossmag.be\\\/wp-content\\\/uploads\\\/2019\\\/09\\\/klutz-thierry-yamaha.jpg\",\"width\":1000,\"height\":661},{\"@type\":\"BreadcrumbList\",\"@id\":\"https:\\\/\\\/fr.motocrossmag.be\\\/index.php\\\/2019\\\/09\\\/thierry-klutz-organise-un-week-end-moto-a-lierneux-les-26-et-27-octobre\\\/#breadcrumb\",\"itemListElement\":[{\"@type\":\"ListItem\",\"position\":1,\"name\":\"Accueil\",\"item\":\"https:\\\/\\\/fr.motocrossmag.be\\\/\"},{\"@type\":\"ListItem\",\"position\":2,\"name\":\"Thierry Klutz organise un week-end moto \u00e0 Lierneux les 26 et 27 octobre\"}]},{\"@type\":\"WebSite\",\"@id\":\"https:\\\/\\\/fr.motocrossmag.be\\\/#website\",\"url\":\"https:\\\/\\\/fr.motocrossmag.be\\\/\",\"name\":\"Motocross - Enduro - Supermoto | MotocrossMag\",\"description\":\"L&#039;actualit\u00e9 du motocross, de l&#039;enduro et du Supermoto en ligne!\",\"potentialAction\":[{\"@type\":\"SearchAction\",\"target\":{\"@type\":\"EntryPoint\",\"urlTemplate\":\"https:\\\/\\\/fr.motocrossmag.be\\\/?s={search_term_string}\"},\"query-input\":{\"@type\":\"PropertyValueSpecification\",\"valueRequired\":true,\"valueName\":\"search_term_string\"}}],\"inLanguage\":\"fr-FR\"},{\"@type\":\"Person\",\"@id\":\"https:\\\/\\\/fr.motocrossmag.be\\\/#\\\/schema\\\/person\\\/11b47143d9f755babca2c9110e03235c\",\"name\":\"oliviere\",\"image\":{\"@type\":\"ImageObject\",\"inLanguage\":\"fr-FR\",\"@id\":\"https:\\\/\\\/secure.gravatar.com\\\/avatar\\\/907069e0b81d119452040469e4a7501da1100f54f7f80180ce77bfab718288f6?s=96&d=mm&r=g\",\"url\":\"https:\\\/\\\/secure.gravatar.com\\\/avatar\\\/907069e0b81d119452040469e4a7501da1100f54f7f80180ce77bfab718288f6?s=96&d=mm&r=g\",\"contentUrl\":\"https:\\\/\\\/secure.gravatar.com\\\/avatar\\\/907069e0b81d119452040469e4a7501da1100f54f7f80180ce77bfab718288f6?s=96&d=mm&r=g\",\"caption\":\"oliviere\"},\"sameAs\":[\"http:\\\/\\\/www.motocrossmag.be\"],\"url\":\"https:\\\/\\\/fr.motocrossmag.be\\\/index.php\\\/author\\\/oliviere\\\/\"}]}<\/script>\n<!-- \/ Yoast SEO plugin. -->","yoast_head_json":{"title":"Thierry Klutz organise un week-end moto \u00e0 Lierneux les 26 et 27 octobre - Motocross - Enduro - Supermoto | MotocrossMag","robots":{"index":"index","follow":"follow","max-snippet":"max-snippet:-1","max-image-preview":"max-image-preview:large","max-video-preview":"max-video-preview:-1"},"canonical":"https:\/\/fr.motocrossmag.be\/index.php\/2019\/09\/thierry-klutz-organise-un-week-end-moto-a-lierneux-les-26-et-27-octobre\/","og_locale":"fr_FR","og_type":"article","og_title":"Thierry Klutz organise un week-end moto \u00e0 Lierneux les 26 et 27 octobre - Motocross - Enduro - Supermoto | MotocrossMag","og_description":"Les 26 et 27 octobre prochains, l&rsquo;asbl Promod\u00e9fi organise un week-end moto d\u2019entrainement sur le site du circuit de Regn\u00e9 \u00e0 Lierneux. L\u2019objectif : passer un week-end moto en toute [...]","og_url":"https:\/\/fr.motocrossmag.be\/index.php\/2019\/09\/thierry-klutz-organise-un-week-end-moto-a-lierneux-les-26-et-27-octobre\/","og_site_name":"Motocross - Enduro - Supermoto | MotocrossMag","article_published_time":"2019-09-27T12:40:47+00:00","article_modified_time":"2019-09-27T12:46:18+00:00","og_image":[{"width":1000,"height":661,"url":"https:\/\/fr.motocrossmag.be\/wp-content\/uploads\/2019\/09\/klutz-thierry-yamaha.jpg","type":"image\/jpeg"}],"author":"oliviere","twitter_card":"summary_large_image","twitter_misc":{"\u00c9crit par":"oliviere","Dur\u00e9e de lecture estim\u00e9e":"1 minute"},"schema":{"@context":"https:\/\/schema.org","@graph":[{"@type":"Article","@id":"https:\/\/fr.motocrossmag.be\/index.php\/2019\/09\/thierry-klutz-organise-un-week-end-moto-a-lierneux-les-26-et-27-octobre\/#article","isPartOf":{"@id":"https:\/\/fr.motocrossmag.be\/index.php\/2019\/09\/thierry-klutz-organise-un-week-end-moto-a-lierneux-les-26-et-27-octobre\/"},"author":{"name":"oliviere","@id":"https:\/\/fr.motocrossmag.be\/#\/schema\/person\/11b47143d9f755babca2c9110e03235c"},"headline":"Thierry Klutz organise un week-end moto \u00e0 Lierneux les 26 et 27 octobre","datePublished":"2019-09-27T12:40:47+00:00","dateModified":"2019-09-27T12:46:18+00:00","mainEntityOfPage":{"@id":"https:\/\/fr.motocrossmag.be\/index.php\/2019\/09\/thierry-klutz-organise-un-week-end-moto-a-lierneux-les-26-et-27-octobre\/"},"wordCount":178,"commentCount":0,"image":{"@id":"https:\/\/fr.motocrossmag.be\/index.php\/2019\/09\/thierry-klutz-organise-un-week-end-moto-a-lierneux-les-26-et-27-octobre\/#primaryimage"},"thumbnailUrl":"https:\/\/fr.motocrossmag.be\/wp-content\/uploads\/2019\/09\/klutz-thierry-yamaha.jpg","keywords":["Enduro","Motocross"],"articleSection":["Actualit\u00e9","Enduro","Kids","Motocross","News","News","News","News","Slideshow"],"inLanguage":"fr-FR","potentialAction":[{"@type":"CommentAction","name":"Comment","target":["https:\/\/fr.motocrossmag.be\/index.php\/2019\/09\/thierry-klutz-organise-un-week-end-moto-a-lierneux-les-26-et-27-octobre\/#respond"]}]},{"@type":"WebPage","@id":"https:\/\/fr.motocrossmag.be\/index.php\/2019\/09\/thierry-klutz-organise-un-week-end-moto-a-lierneux-les-26-et-27-octobre\/","url":"https:\/\/fr.motocrossmag.be\/index.php\/2019\/09\/thierry-klutz-organise-un-week-end-moto-a-lierneux-les-26-et-27-octobre\/","name":"Thierry Klutz organise un week-end moto \u00e0 Lierneux les 26 et 27 octobre - Motocross - Enduro - Supermoto | MotocrossMag","isPartOf":{"@id":"https:\/\/fr.motocrossmag.be\/#website"},"primaryImageOfPage":{"@id":"https:\/\/fr.motocrossmag.be\/index.php\/2019\/09\/thierry-klutz-organise-un-week-end-moto-a-lierneux-les-26-et-27-octobre\/#primaryimage"},"image":{"@id":"https:\/\/fr.motocrossmag.be\/index.php\/2019\/09\/thierry-klutz-organise-un-week-end-moto-a-lierneux-les-26-et-27-octobre\/#primaryimage"},"thumbnailUrl":"https:\/\/fr.motocrossmag.be\/wp-content\/uploads\/2019\/09\/klutz-thierry-yamaha.jpg","datePublished":"2019-09-27T12:40:47+00:00","dateModified":"2019-09-27T12:46:18+00:00","author":{"@id":"https:\/\/fr.motocrossmag.be\/#\/schema\/person\/11b47143d9f755babca2c9110e03235c"},"breadcrumb":{"@id":"https:\/\/fr.motocrossmag.be\/index.php\/2019\/09\/thierry-klutz-organise-un-week-end-moto-a-lierneux-les-26-et-27-octobre\/#breadcrumb"},"inLanguage":"fr-FR","potentialAction":[{"@type":"ReadAction","target":["https:\/\/fr.motocrossmag.be\/index.php\/2019\/09\/thierry-klutz-organise-un-week-end-moto-a-lierneux-les-26-et-27-octobre\/"]}]},{"@type":"ImageObject","inLanguage":"fr-FR","@id":"https:\/\/fr.motocrossmag.be\/index.php\/2019\/09\/thierry-klutz-organise-un-week-end-moto-a-lierneux-les-26-et-27-octobre\/#primaryimage","url":"https:\/\/fr.motocrossmag.be\/wp-content\/uploads\/2019\/09\/klutz-thierry-yamaha.jpg","contentUrl":"https:\/\/fr.motocrossmag.be\/wp-content\/uploads\/2019\/09\/klutz-thierry-yamaha.jpg","width":1000,"height":661},{"@type":"BreadcrumbList","@id":"https:\/\/fr.motocrossmag.be\/index.php\/2019\/09\/thierry-klutz-organise-un-week-end-moto-a-lierneux-les-26-et-27-octobre\/#breadcrumb","itemListElement":[{"@type":"ListItem","position":1,"name":"Accueil","item":"https:\/\/fr.motocrossmag.be\/"},{"@type":"ListItem","position":2,"name":"Thierry Klutz organise un week-end moto \u00e0 Lierneux les 26 et 27 octobre"}]},{"@type":"WebSite","@id":"https:\/\/fr.motocrossmag.be\/#website","url":"https:\/\/fr.motocrossmag.be\/","name":"Motocross - Enduro - Supermoto | MotocrossMag","description":"L&#039;actualit\u00e9 du motocross, de l&#039;enduro et du Supermoto en ligne!","potentialAction":[{"@type":"SearchAction","target":{"@type":"EntryPoint","urlTemplate":"https:\/\/fr.motocrossmag.be\/?s={search_term_string}"},"query-input":{"@type":"PropertyValueSpecification","valueRequired":true,"valueName":"search_term_string"}}],"inLanguage":"fr-FR"},{"@type":"Person","@id":"https:\/\/fr.motocrossmag.be\/#\/schema\/person\/11b47143d9f755babca2c9110e03235c","name":"oliviere","image":{"@type":"ImageObject","inLanguage":"fr-FR","@id":"https:\/\/secure.gravatar.com\/avatar\/907069e0b81d119452040469e4a7501da1100f54f7f80180ce77bfab718288f6?s=96&d=mm&r=g","url":"https:\/\/secure.gravatar.com\/avatar\/907069e0b81d119452040469e4a7501da1100f54f7f80180ce77bfab718288f6?s=96&d=mm&r=g","contentUrl":"https:\/\/secure.gravatar.com\/avatar\/907069e0b81d119452040469e4a7501da1100f54f7f80180ce77bfab718288f6?s=96&d=mm&r=g","caption":"oliviere"},"sameAs":["http:\/\/www.motocrossmag.be"],"url":"https:\/\/fr.motocrossmag.be\/index.php\/author\/oliviere\/"}]}},"_links":{"self":[{"href":"https:\/\/fr.motocrossmag.be\/index.php\/wp-json\/wp\/v2\/posts\/96917","targetHints":{"allow":["GET"]}}],"collection":[{"href":"https:\/\/fr.motocrossmag.be\/index.php\/wp-json\/wp\/v2\/posts"}],"about":[{"href":"https:\/\/fr.motocrossmag.be\/index.php\/wp-json\/wp\/v2\/types\/post"}],"author":[{"embeddable":true,"href":"https:\/\/fr.motocrossmag.be\/index.php\/wp-json\/wp\/v2\/users\/932"}],"replies":[{"embeddable":true,"href":"https:\/\/fr.motocrossmag.be\/index.php\/wp-json\/wp\/v2\/comments?post=96917"}],"version-history":[{"count":1,"href":"https:\/\/fr.motocrossmag.be\/index.php\/wp-json\/wp\/v2\/posts\/96917\/revisions"}],"predecessor-version":[{"id":96995,"href":"https:\/\/fr.motocrossmag.be\/index.php\/wp-json\/wp\/v2\/posts\/96917\/revisions\/96995"}],"wp:featuredmedia":[{"embeddable":true,"href":"https:\/\/fr.motocrossmag.be\/index.php\/wp-json\/wp\/v2\/media\/96994"}],"wp:attachment":[{"href":"https:\/\/fr.motocrossmag.be\/index.php\/wp-json\/wp\/v2\/media?parent=96917"}],"wp:term":[{"taxonomy":"category","embeddable":true,"href":"https:\/\/fr.motocrossmag.be\/index.php\/wp-json\/wp\/v2\/categories?post=96917"},{"taxonomy":"post_tag","embeddable":true,"href":"https:\/\/fr.motocrossmag.be\/index.php\/wp-json\/wp\/v2\/tags?post=96917"}],"curies":[{"name":"wp","href":"https:\/\/api.w.org\/{rel}","templated":true}]}}