{"id":96918,"date":"2019-09-25T13:38:22","date_gmt":"2019-09-25T11:38:22","guid":{"rendered":"https:\/\/fr.motocrossmag.be\/?p=96918"},"modified":"2019-09-25T13:38:22","modified_gmt":"2019-09-25T11:38:22","slug":"lendurance-boxc-de-gouvy-fete-son-10eme-anniversaire-le-6-octobre","status":"publish","type":"post","link":"https:\/\/fr.motocrossmag.be\/index.php\/2019\/09\/lendurance-boxc-de-gouvy-fete-son-10eme-anniversaire-le-6-octobre\/","title":{"rendered":"L&rsquo;endurance BOXC de Gouvy f\u00eate son 10\u00e8me anniversaire le 6 octobre"},"content":{"rendered":"<p><strong>Le dimanche 6 octobre prochain, le petit village de Gouvy, en province de Luxembourg, accueillera l\u2019ant\u00e9p\u00e9nulti\u00e8me \u00e9preuve du championnat d&rsquo;endurance BOXC. En 10 ann\u00e9es d&rsquo;existence, Damien Collette, sa famille et de ses plus proches amis, l\u2019endurance BOXC de Gouvy est devenue une \u00e9preuve incontournable du calendrier. Un circuit en l\u00e9ger d\u00e9nivel\u00e9, un passage technique dans un sous bois et un sol souple rendent l&rsquo;\u00e9preuve particuli\u00e8rement attractive, tant pour les pilotes amateurs que pour les plus chevronn\u00e9s.<\/strong><\/p>\n<p>De tr\u00e8s nombreux pilotes reconnus figurent d&rsquo;ailleurs au palmar\u00e8s de l&rsquo;\u00e9preuve : Kevin Fors, Thierry Klutz, K\u00e9vin Gauniaux, J\u00e9r\u00f4me Martiny, Laurent Brever, Laurent Lacasse, Yoann Hella,&#8230;<\/p>\n<p><span style=\"color: #ff0000;\"><strong>Timing<\/strong><\/span><\/p>\n<p>10h \u00e0 12h contr\u00f4le technique<br \/>\n12h15 \u00e0 12h40 tour de reconnaissance<br \/>\n12h50 mise en grille de l&rsquo;endurance BOXC 4h<br \/>\n13h00 d\u00e9part des 4h d&rsquo;endurance<br \/>\n17h00 fin de l&rsquo;endurance<br \/>\n17h45 remise des prix de l&rsquo;endurance<\/p>\n<p>Infos : <a href=\"http:\/\/www.endurance-gouvy.be\" target=\"_blank\" rel=\"noopener\">www.endurance-gouvy.be<\/a> | Inscriptions : <a href=\"https:\/\/boxc.honville.com\/\" target=\"_blank\" rel=\"noopener\">boxc.honville.com<\/a><\/p>\n<p>&nbsp;<\/p>\n<p><img decoding=\"async\" class=\"lazyload alignnone size-medium wp-image-96919\" src=\"data:image\/svg+xml,%3Csvg%20xmlns%3D%27http%3A%2F%2Fwww.w3.org%2F2000%2Fsvg%27%20width%3D%27573%27%20height%3D%27800%27%20viewBox%3D%270%200%20573%20800%27%3E%3Crect%20width%3D%27573%27%20height%3D%27800%27%20fill-opacity%3D%220%22%2F%3E%3C%2Fsvg%3E\" data-orig-src=\"https:\/\/fr.motocrossmag.be\/wp-content\/uploads\/2019\/09\/gouvy-affiche-2019-573x800.jpg\" alt=\"\" width=\"573\" height=\"800\" \/><\/p>\n<div id=\"ConnectiveDocSignExtentionInstalled\" data-extension-version=\"1.0.4\"><\/div>\n","protected":false},"excerpt":{"rendered":"<p>Le dimanche 6 octobre prochain, le petit village de Gouvy, en province de Luxembourg, accueillera l\u2019ant\u00e9p\u00e9nulti\u00e8me \u00e9preuve du championnat d&rsquo;endurance BOXC. En 10 ann\u00e9es d&rsquo;existence, Damien Collette, sa famille et [&#8230;]<\/p>\n","protected":false},"author":932,"featured_media":96920,"comment_status":"open","ping_status":"closed","sticky":false,"template":"","format":"standard","meta":{"footnotes":""},"categories":[54,32,33,55,65],"tags":[427,951],"class_list":["post-96918","post","type-post","status-publish","format-standard","has-post-thumbnail","hentry","category-actualite","category-enduro","category-news-enduro","category-news-actualite","category-slideshow","tag-endurance","tag-enduro"],"yoast_head":"<!-- This site is optimized with the Yoast SEO plugin v27.4 - https:\/\/yoast.com\/product\/yoast-seo-wordpress\/ -->\n<title>L&#039;endurance BOXC de Gouvy f\u00eate son 10\u00e8me anniversaire le 6 octobre - Motocross - Enduro - Supermoto | MotocrossMag<\/title>\n<meta name=\"robots\" content=\"index, follow, max-snippet:-1, max-image-preview:large, max-video-preview:-1\" \/>\n<link rel=\"canonical\" href=\"https:\/\/fr.motocrossmag.be\/index.php\/2019\/09\/lendurance-boxc-de-gouvy-fete-son-10eme-anniversaire-le-6-octobre\/\" \/>\n<meta property=\"og:locale\" content=\"fr_FR\" \/>\n<meta property=\"og:type\" content=\"article\" \/>\n<meta property=\"og:title\" content=\"L&#039;endurance BOXC de Gouvy f\u00eate son 10\u00e8me anniversaire le 6 octobre - Motocross - Enduro - Supermoto | MotocrossMag\" \/>\n<meta property=\"og:description\" content=\"Le dimanche 6 octobre prochain, le petit village de Gouvy, en province de Luxembourg, accueillera l\u2019ant\u00e9p\u00e9nulti\u00e8me \u00e9preuve du championnat d&rsquo;endurance BOXC. En 10 ann\u00e9es d&rsquo;existence, Damien Collette, sa famille et [...]\" \/>\n<meta property=\"og:url\" content=\"https:\/\/fr.motocrossmag.be\/index.php\/2019\/09\/lendurance-boxc-de-gouvy-fete-son-10eme-anniversaire-le-6-octobre\/\" \/>\n<meta property=\"og:site_name\" content=\"Motocross - Enduro - Supermoto | MotocrossMag\" \/>\n<meta property=\"article:published_time\" content=\"2019-09-25T11:38:22+00:00\" \/>\n<meta property=\"og:image\" content=\"https:\/\/fr.motocrossmag.be\/wp-content\/uploads\/2019\/09\/gouvy-action-2018.jpg\" \/>\n\t<meta property=\"og:image:width\" content=\"1000\" \/>\n\t<meta property=\"og:image:height\" content=\"624\" \/>\n\t<meta property=\"og:image:type\" content=\"image\/jpeg\" \/>\n<meta name=\"author\" content=\"oliviere\" \/>\n<meta name=\"twitter:card\" content=\"summary_large_image\" \/>\n<meta name=\"twitter:label1\" content=\"\u00c9crit par\" \/>\n\t<meta name=\"twitter:data1\" content=\"oliviere\" \/>\n\t<meta name=\"twitter:label2\" content=\"Dur\u00e9e de lecture estim\u00e9e\" \/>\n\t<meta name=\"twitter:data2\" content=\"1 minute\" \/>\n<script type=\"application\/ld+json\" class=\"yoast-schema-graph\">{\"@context\":\"https:\\\/\\\/schema.org\",\"@graph\":[{\"@type\":\"Article\",\"@id\":\"https:\\\/\\\/fr.motocrossmag.be\\\/index.php\\\/2019\\\/09\\\/lendurance-boxc-de-gouvy-fete-son-10eme-anniversaire-le-6-octobre\\\/#article\",\"isPartOf\":{\"@id\":\"https:\\\/\\\/fr.motocrossmag.be\\\/index.php\\\/2019\\\/09\\\/lendurance-boxc-de-gouvy-fete-son-10eme-anniversaire-le-6-octobre\\\/\"},\"author\":{\"name\":\"oliviere\",\"@id\":\"https:\\\/\\\/fr.motocrossmag.be\\\/#\\\/schema\\\/person\\\/11b47143d9f755babca2c9110e03235c\"},\"headline\":\"L&rsquo;endurance BOXC de Gouvy f\u00eate son 10\u00e8me anniversaire le 6 octobre\",\"datePublished\":\"2019-09-25T11:38:22+00:00\",\"mainEntityOfPage\":{\"@id\":\"https:\\\/\\\/fr.motocrossmag.be\\\/index.php\\\/2019\\\/09\\\/lendurance-boxc-de-gouvy-fete-son-10eme-anniversaire-le-6-octobre\\\/\"},\"wordCount\":179,\"commentCount\":0,\"image\":{\"@id\":\"https:\\\/\\\/fr.motocrossmag.be\\\/index.php\\\/2019\\\/09\\\/lendurance-boxc-de-gouvy-fete-son-10eme-anniversaire-le-6-octobre\\\/#primaryimage\"},\"thumbnailUrl\":\"https:\\\/\\\/fr.motocrossmag.be\\\/wp-content\\\/uploads\\\/2019\\\/09\\\/gouvy-action-2018.jpg\",\"keywords\":[\"endurance\",\"Enduro\"],\"articleSection\":[\"Actualit\u00e9\",\"Enduro\",\"News\",\"News\",\"Slideshow\"],\"inLanguage\":\"fr-FR\",\"potentialAction\":[{\"@type\":\"CommentAction\",\"name\":\"Comment\",\"target\":[\"https:\\\/\\\/fr.motocrossmag.be\\\/index.php\\\/2019\\\/09\\\/lendurance-boxc-de-gouvy-fete-son-10eme-anniversaire-le-6-octobre\\\/#respond\"]}]},{\"@type\":\"WebPage\",\"@id\":\"https:\\\/\\\/fr.motocrossmag.be\\\/index.php\\\/2019\\\/09\\\/lendurance-boxc-de-gouvy-fete-son-10eme-anniversaire-le-6-octobre\\\/\",\"url\":\"https:\\\/\\\/fr.motocrossmag.be\\\/index.php\\\/2019\\\/09\\\/lendurance-boxc-de-gouvy-fete-son-10eme-anniversaire-le-6-octobre\\\/\",\"name\":\"L'endurance BOXC de Gouvy f\u00eate son 10\u00e8me anniversaire le 6 octobre - Motocross - Enduro - Supermoto | MotocrossMag\",\"isPartOf\":{\"@id\":\"https:\\\/\\\/fr.motocrossmag.be\\\/#website\"},\"primaryImageOfPage\":{\"@id\":\"https:\\\/\\\/fr.motocrossmag.be\\\/index.php\\\/2019\\\/09\\\/lendurance-boxc-de-gouvy-fete-son-10eme-anniversaire-le-6-octobre\\\/#primaryimage\"},\"image\":{\"@id\":\"https:\\\/\\\/fr.motocrossmag.be\\\/index.php\\\/2019\\\/09\\\/lendurance-boxc-de-gouvy-fete-son-10eme-anniversaire-le-6-octobre\\\/#primaryimage\"},\"thumbnailUrl\":\"https:\\\/\\\/fr.motocrossmag.be\\\/wp-content\\\/uploads\\\/2019\\\/09\\\/gouvy-action-2018.jpg\",\"datePublished\":\"2019-09-25T11:38:22+00:00\",\"author\":{\"@id\":\"https:\\\/\\\/fr.motocrossmag.be\\\/#\\\/schema\\\/person\\\/11b47143d9f755babca2c9110e03235c\"},\"breadcrumb\":{\"@id\":\"https:\\\/\\\/fr.motocrossmag.be\\\/index.php\\\/2019\\\/09\\\/lendurance-boxc-de-gouvy-fete-son-10eme-anniversaire-le-6-octobre\\\/#breadcrumb\"},\"inLanguage\":\"fr-FR\",\"potentialAction\":[{\"@type\":\"ReadAction\",\"target\":[\"https:\\\/\\\/fr.motocrossmag.be\\\/index.php\\\/2019\\\/09\\\/lendurance-boxc-de-gouvy-fete-son-10eme-anniversaire-le-6-octobre\\\/\"]}]},{\"@type\":\"ImageObject\",\"inLanguage\":\"fr-FR\",\"@id\":\"https:\\\/\\\/fr.motocrossmag.be\\\/index.php\\\/2019\\\/09\\\/lendurance-boxc-de-gouvy-fete-son-10eme-anniversaire-le-6-octobre\\\/#primaryimage\",\"url\":\"https:\\\/\\\/fr.motocrossmag.be\\\/wp-content\\\/uploads\\\/2019\\\/09\\\/gouvy-action-2018.jpg\",\"contentUrl\":\"https:\\\/\\\/fr.motocrossmag.be\\\/wp-content\\\/uploads\\\/2019\\\/09\\\/gouvy-action-2018.jpg\",\"width\":1000,\"height\":624},{\"@type\":\"BreadcrumbList\",\"@id\":\"https:\\\/\\\/fr.motocrossmag.be\\\/index.php\\\/2019\\\/09\\\/lendurance-boxc-de-gouvy-fete-son-10eme-anniversaire-le-6-octobre\\\/#breadcrumb\",\"itemListElement\":[{\"@type\":\"ListItem\",\"position\":1,\"name\":\"Accueil\",\"item\":\"https:\\\/\\\/fr.motocrossmag.be\\\/\"},{\"@type\":\"ListItem\",\"position\":2,\"name\":\"L&rsquo;endurance BOXC de Gouvy f\u00eate son 10\u00e8me anniversaire le 6 octobre\"}]},{\"@type\":\"WebSite\",\"@id\":\"https:\\\/\\\/fr.motocrossmag.be\\\/#website\",\"url\":\"https:\\\/\\\/fr.motocrossmag.be\\\/\",\"name\":\"Motocross - Enduro - Supermoto | MotocrossMag\",\"description\":\"L&#039;actualit\u00e9 du motocross, de l&#039;enduro et du Supermoto en ligne!\",\"potentialAction\":[{\"@type\":\"SearchAction\",\"target\":{\"@type\":\"EntryPoint\",\"urlTemplate\":\"https:\\\/\\\/fr.motocrossmag.be\\\/?s={search_term_string}\"},\"query-input\":{\"@type\":\"PropertyValueSpecification\",\"valueRequired\":true,\"valueName\":\"search_term_string\"}}],\"inLanguage\":\"fr-FR\"},{\"@type\":\"Person\",\"@id\":\"https:\\\/\\\/fr.motocrossmag.be\\\/#\\\/schema\\\/person\\\/11b47143d9f755babca2c9110e03235c\",\"name\":\"oliviere\",\"image\":{\"@type\":\"ImageObject\",\"inLanguage\":\"fr-FR\",\"@id\":\"https:\\\/\\\/secure.gravatar.com\\\/avatar\\\/907069e0b81d119452040469e4a7501da1100f54f7f80180ce77bfab718288f6?s=96&d=mm&r=g\",\"url\":\"https:\\\/\\\/secure.gravatar.com\\\/avatar\\\/907069e0b81d119452040469e4a7501da1100f54f7f80180ce77bfab718288f6?s=96&d=mm&r=g\",\"contentUrl\":\"https:\\\/\\\/secure.gravatar.com\\\/avatar\\\/907069e0b81d119452040469e4a7501da1100f54f7f80180ce77bfab718288f6?s=96&d=mm&r=g\",\"caption\":\"oliviere\"},\"sameAs\":[\"http:\\\/\\\/www.motocrossmag.be\"],\"url\":\"https:\\\/\\\/fr.motocrossmag.be\\\/index.php\\\/author\\\/oliviere\\\/\"}]}<\/script>\n<!-- \/ Yoast SEO plugin. -->","yoast_head_json":{"title":"L'endurance BOXC de Gouvy f\u00eate son 10\u00e8me anniversaire le 6 octobre - Motocross - Enduro - Supermoto | MotocrossMag","robots":{"index":"index","follow":"follow","max-snippet":"max-snippet:-1","max-image-preview":"max-image-preview:large","max-video-preview":"max-video-preview:-1"},"canonical":"https:\/\/fr.motocrossmag.be\/index.php\/2019\/09\/lendurance-boxc-de-gouvy-fete-son-10eme-anniversaire-le-6-octobre\/","og_locale":"fr_FR","og_type":"article","og_title":"L'endurance BOXC de Gouvy f\u00eate son 10\u00e8me anniversaire le 6 octobre - Motocross - Enduro - Supermoto | MotocrossMag","og_description":"Le dimanche 6 octobre prochain, le petit village de Gouvy, en province de Luxembourg, accueillera l\u2019ant\u00e9p\u00e9nulti\u00e8me \u00e9preuve du championnat d&rsquo;endurance BOXC. En 10 ann\u00e9es d&rsquo;existence, Damien Collette, sa famille et [...]","og_url":"https:\/\/fr.motocrossmag.be\/index.php\/2019\/09\/lendurance-boxc-de-gouvy-fete-son-10eme-anniversaire-le-6-octobre\/","og_site_name":"Motocross - Enduro - Supermoto | MotocrossMag","article_published_time":"2019-09-25T11:38:22+00:00","og_image":[{"width":1000,"height":624,"url":"https:\/\/fr.motocrossmag.be\/wp-content\/uploads\/2019\/09\/gouvy-action-2018.jpg","type":"image\/jpeg"}],"author":"oliviere","twitter_card":"summary_large_image","twitter_misc":{"\u00c9crit par":"oliviere","Dur\u00e9e de lecture estim\u00e9e":"1 minute"},"schema":{"@context":"https:\/\/schema.org","@graph":[{"@type":"Article","@id":"https:\/\/fr.motocrossmag.be\/index.php\/2019\/09\/lendurance-boxc-de-gouvy-fete-son-10eme-anniversaire-le-6-octobre\/#article","isPartOf":{"@id":"https:\/\/fr.motocrossmag.be\/index.php\/2019\/09\/lendurance-boxc-de-gouvy-fete-son-10eme-anniversaire-le-6-octobre\/"},"author":{"name":"oliviere","@id":"https:\/\/fr.motocrossmag.be\/#\/schema\/person\/11b47143d9f755babca2c9110e03235c"},"headline":"L&rsquo;endurance BOXC de Gouvy f\u00eate son 10\u00e8me anniversaire le 6 octobre","datePublished":"2019-09-25T11:38:22+00:00","mainEntityOfPage":{"@id":"https:\/\/fr.motocrossmag.be\/index.php\/2019\/09\/lendurance-boxc-de-gouvy-fete-son-10eme-anniversaire-le-6-octobre\/"},"wordCount":179,"commentCount":0,"image":{"@id":"https:\/\/fr.motocrossmag.be\/index.php\/2019\/09\/lendurance-boxc-de-gouvy-fete-son-10eme-anniversaire-le-6-octobre\/#primaryimage"},"thumbnailUrl":"https:\/\/fr.motocrossmag.be\/wp-content\/uploads\/2019\/09\/gouvy-action-2018.jpg","keywords":["endurance","Enduro"],"articleSection":["Actualit\u00e9","Enduro","News","News","Slideshow"],"inLanguage":"fr-FR","potentialAction":[{"@type":"CommentAction","name":"Comment","target":["https:\/\/fr.motocrossmag.be\/index.php\/2019\/09\/lendurance-boxc-de-gouvy-fete-son-10eme-anniversaire-le-6-octobre\/#respond"]}]},{"@type":"WebPage","@id":"https:\/\/fr.motocrossmag.be\/index.php\/2019\/09\/lendurance-boxc-de-gouvy-fete-son-10eme-anniversaire-le-6-octobre\/","url":"https:\/\/fr.motocrossmag.be\/index.php\/2019\/09\/lendurance-boxc-de-gouvy-fete-son-10eme-anniversaire-le-6-octobre\/","name":"L'endurance BOXC de Gouvy f\u00eate son 10\u00e8me anniversaire le 6 octobre - Motocross - Enduro - Supermoto | MotocrossMag","isPartOf":{"@id":"https:\/\/fr.motocrossmag.be\/#website"},"primaryImageOfPage":{"@id":"https:\/\/fr.motocrossmag.be\/index.php\/2019\/09\/lendurance-boxc-de-gouvy-fete-son-10eme-anniversaire-le-6-octobre\/#primaryimage"},"image":{"@id":"https:\/\/fr.motocrossmag.be\/index.php\/2019\/09\/lendurance-boxc-de-gouvy-fete-son-10eme-anniversaire-le-6-octobre\/#primaryimage"},"thumbnailUrl":"https:\/\/fr.motocrossmag.be\/wp-content\/uploads\/2019\/09\/gouvy-action-2018.jpg","datePublished":"2019-09-25T11:38:22+00:00","author":{"@id":"https:\/\/fr.motocrossmag.be\/#\/schema\/person\/11b47143d9f755babca2c9110e03235c"},"breadcrumb":{"@id":"https:\/\/fr.motocrossmag.be\/index.php\/2019\/09\/lendurance-boxc-de-gouvy-fete-son-10eme-anniversaire-le-6-octobre\/#breadcrumb"},"inLanguage":"fr-FR","potentialAction":[{"@type":"ReadAction","target":["https:\/\/fr.motocrossmag.be\/index.php\/2019\/09\/lendurance-boxc-de-gouvy-fete-son-10eme-anniversaire-le-6-octobre\/"]}]},{"@type":"ImageObject","inLanguage":"fr-FR","@id":"https:\/\/fr.motocrossmag.be\/index.php\/2019\/09\/lendurance-boxc-de-gouvy-fete-son-10eme-anniversaire-le-6-octobre\/#primaryimage","url":"https:\/\/fr.motocrossmag.be\/wp-content\/uploads\/2019\/09\/gouvy-action-2018.jpg","contentUrl":"https:\/\/fr.motocrossmag.be\/wp-content\/uploads\/2019\/09\/gouvy-action-2018.jpg","width":1000,"height":624},{"@type":"BreadcrumbList","@id":"https:\/\/fr.motocrossmag.be\/index.php\/2019\/09\/lendurance-boxc-de-gouvy-fete-son-10eme-anniversaire-le-6-octobre\/#breadcrumb","itemListElement":[{"@type":"ListItem","position":1,"name":"Accueil","item":"https:\/\/fr.motocrossmag.be\/"},{"@type":"ListItem","position":2,"name":"L&rsquo;endurance BOXC de Gouvy f\u00eate son 10\u00e8me anniversaire le 6 octobre"}]},{"@type":"WebSite","@id":"https:\/\/fr.motocrossmag.be\/#website","url":"https:\/\/fr.motocrossmag.be\/","name":"Motocross - Enduro - Supermoto | MotocrossMag","description":"L&#039;actualit\u00e9 du motocross, de l&#039;enduro et du Supermoto en ligne!","potentialAction":[{"@type":"SearchAction","target":{"@type":"EntryPoint","urlTemplate":"https:\/\/fr.motocrossmag.be\/?s={search_term_string}"},"query-input":{"@type":"PropertyValueSpecification","valueRequired":true,"valueName":"search_term_string"}}],"inLanguage":"fr-FR"},{"@type":"Person","@id":"https:\/\/fr.motocrossmag.be\/#\/schema\/person\/11b47143d9f755babca2c9110e03235c","name":"oliviere","image":{"@type":"ImageObject","inLanguage":"fr-FR","@id":"https:\/\/secure.gravatar.com\/avatar\/907069e0b81d119452040469e4a7501da1100f54f7f80180ce77bfab718288f6?s=96&d=mm&r=g","url":"https:\/\/secure.gravatar.com\/avatar\/907069e0b81d119452040469e4a7501da1100f54f7f80180ce77bfab718288f6?s=96&d=mm&r=g","contentUrl":"https:\/\/secure.gravatar.com\/avatar\/907069e0b81d119452040469e4a7501da1100f54f7f80180ce77bfab718288f6?s=96&d=mm&r=g","caption":"oliviere"},"sameAs":["http:\/\/www.motocrossmag.be"],"url":"https:\/\/fr.motocrossmag.be\/index.php\/author\/oliviere\/"}]}},"_links":{"self":[{"href":"https:\/\/fr.motocrossmag.be\/index.php\/wp-json\/wp\/v2\/posts\/96918","targetHints":{"allow":["GET"]}}],"collection":[{"href":"https:\/\/fr.motocrossmag.be\/index.php\/wp-json\/wp\/v2\/posts"}],"about":[{"href":"https:\/\/fr.motocrossmag.be\/index.php\/wp-json\/wp\/v2\/types\/post"}],"author":[{"embeddable":true,"href":"https:\/\/fr.motocrossmag.be\/index.php\/wp-json\/wp\/v2\/users\/932"}],"replies":[{"embeddable":true,"href":"https:\/\/fr.motocrossmag.be\/index.php\/wp-json\/wp\/v2\/comments?post=96918"}],"version-history":[{"count":0,"href":"https:\/\/fr.motocrossmag.be\/index.php\/wp-json\/wp\/v2\/posts\/96918\/revisions"}],"wp:featuredmedia":[{"embeddable":true,"href":"https:\/\/fr.motocrossmag.be\/index.php\/wp-json\/wp\/v2\/media\/96920"}],"wp:attachment":[{"href":"https:\/\/fr.motocrossmag.be\/index.php\/wp-json\/wp\/v2\/media?parent=96918"}],"wp:term":[{"taxonomy":"category","embeddable":true,"href":"https:\/\/fr.motocrossmag.be\/index.php\/wp-json\/wp\/v2\/categories?post=96918"},{"taxonomy":"post_tag","embeddable":true,"href":"https:\/\/fr.motocrossmag.be\/index.php\/wp-json\/wp\/v2\/tags?post=96918"}],"curies":[{"name":"wp","href":"https:\/\/api.w.org\/{rel}","templated":true}]}}