{"id":96992,"date":"2019-09-27T14:22:30","date_gmt":"2019-09-27T12:22:30","guid":{"rendered":"https:\/\/fr.motocrossmag.be\/?p=96992"},"modified":"2019-09-27T17:44:42","modified_gmt":"2019-09-27T15:44:42","slug":"le-motocross-de-moircy-annule-la-saison-ampl-terminee","status":"publish","type":"post","link":"https:\/\/fr.motocrossmag.be\/index.php\/2019\/09\/le-motocross-de-moircy-annule-la-saison-ampl-terminee\/","title":{"rendered":"Le motocross de Moircy annul\u00e9, la saison AMPL termin\u00e9e"},"content":{"rendered":"<p><strong>La saison AMPL s\u2019est achev\u00e9e le week-end dernier avec l\u2019\u00e9preuve de Nismes. Le club de Moircy a en effet inform\u00e9 le Comit\u00e9 Directeur de l\u2019AMPL ce jeudi en fin de journ\u00e9e qu\u2019il n\u2019\u00e9tait pas en mesure d\u2019organiser son \u00e9preuve, qui devait \u00eatre ce dimanche la finale du championnat.<br \/>\n<\/strong><\/p>\n<p>\u00ab\u00a0Les pr\u00e9visions m\u00e9t\u00e9o sont unanimes pour annoncer un dimanche tr\u00e8s pluvieux. Nous avons donc d\u00e9cid\u00e9 de ne pas prendre de risque\u00a0\u00bb, nous explique J\u00e9r\u00e9my Nique, de l&rsquo;AMC Moircy. \u00ab\u00a0Puisque nous avons l&rsquo;opportunit\u00e9 d&rsquo;annuler suffisamment t\u00f4t que pour \u00e9viter les gros frais li\u00e9s \u00e0 une annulation en derni\u00e8re minute ou en cours d&rsquo;\u00e9preuve, nous avons pr\u00e9f\u00e9r\u00e9 prendre cette d\u00e9cision d\u00e8s ce jeudi. Organiser sous une forte pluie, c&rsquo;est prendre beaucoup de risques financi\u00e8rement mais c&rsquo;est aussi peu plaisant pour les b\u00e9n\u00e9voles qui travaillent du matin au soir.\u00a0\u00bb<\/p><div class=\"cxdbj6a96e8f54c848\" ><!-- \/91277017\/Inline-articles-mobile -->\n<div style=\"margin:auto; text-align:center !important\">\n<div id='div-gpt-ad-1784982661365-0' style='min-width: 250px; min-height: 75px;'>\n  <script>\n    googletag.cmd.push(function() { googletag.display('div-gpt-ad-1784982661365-0'); });\n  <\/script>\n<\/div><\/div><\/div><style type=\"text\/css\">\r\n.cxdbj6a96e8f54c848 {\r\nmargin-bottom:30px;margin-top:20px\r\n}\r\n@media screen and (min-width: 1201px) {\r\n.cxdbj6a96e8f54c848 {\r\ndisplay: block;\r\n}\r\n}\r\n@media screen and (min-width: 993px) and (max-width: 1200px) {\r\n.cxdbj6a96e8f54c848 {\r\ndisplay: block;\r\n}\r\n}\r\n@media screen and (min-width: 769px) and (max-width: 992px) {\r\n.cxdbj6a96e8f54c848 {\r\ndisplay: block;\r\n}\r\n}\r\n@media screen and (min-width: 768px) and (max-width: 768px) {\r\n.cxdbj6a96e8f54c848 {\r\ndisplay: block;\r\n}\r\n}\r\n@media screen and (max-width: 767px) {\r\n.cxdbj6a96e8f54c848 {\r\ndisplay: block;\r\n}\r\n}\r\n<\/style>\r\n\n<p>Par cons\u00e9quent, les classements des championnats <a href=\"https:\/\/fr.motocrossmag.be\/index.php\/2019\/09\/ampl-les-classements-provisoires-avant-la-finale-de-moircy\/\">au soir de l\u2019\u00e9preuve de Nismes<\/a> sont les classements finaux de la saison AMPL 2019. Au terme d&rsquo;une saison tr\u00e8s disput\u00e9e, J\u00e9r\u00f4me Martiny r\u00e9alise donc le doubl\u00e9 MX1\/MX2 en enlevant les titres Inters dans les deux cat\u00e9gories.<\/p>\n<div id=\"ConnectiveDocSignExtentionInstalled\" data-extension-version=\"1.0.4\"><\/div>\n","protected":false},"excerpt":{"rendered":"<p>La saison AMPL s\u2019est achev\u00e9e le week-end dernier avec l\u2019\u00e9preuve de Nismes. Le club de Moircy a en effet inform\u00e9 le Comit\u00e9 Directeur de l\u2019AMPL ce jeudi en fin de journ\u00e9e qu\u2019il n\u2019\u00e9tait pas en mesure d\u2019organiser son \u00e9preuve, qui devait \u00eatre ce dimanche la finale du championnat. \u00ab\u00a0Les pr\u00e9visions m\u00e9t\u00e9o sont unanimes pour annoncer [&hellip;]<\/p>\n","protected":false},"author":932,"featured_media":88228,"comment_status":"open","ping_status":"closed","sticky":false,"template":"","format":"standard","meta":{"tdm_status":"","tdm_grid_status":"","footnotes":""},"categories":[54,745,30,4,5,55,65],"tags":[970,947],"class_list":["post-96992","post","type-post","status-publish","format-standard","has-post-thumbnail","category-actualite","category-amateurs","category-ampl","category-motocross","category-news","category-news-actualite","category-slideshow","tag-ampl","tag-motocross"],"yoast_head":"<!-- This site is optimized with the Yoast SEO plugin v28.3 - https:\/\/yoast.com\/product\/yoast-seo-wordpress\/ -->\n<title>Le motocross de Moircy annul\u00e9, la saison AMPL termin\u00e9e - Motocross - Enduro - Supermoto | MotocrossMag<\/title>\n<meta name=\"robots\" content=\"index, follow, max-snippet:-1, max-image-preview:large, max-video-preview:-1\" \/>\n<link rel=\"canonical\" href=\"https:\/\/fr.motocrossmag.be\/index.php\/2019\/09\/le-motocross-de-moircy-annule-la-saison-ampl-terminee\/\" \/>\n<meta property=\"og:locale\" content=\"fr_FR\" \/>\n<meta property=\"og:type\" content=\"article\" \/>\n<meta property=\"og:title\" content=\"Le motocross de Moircy annul\u00e9, la saison AMPL termin\u00e9e - Motocross - Enduro - Supermoto | MotocrossMag\" \/>\n<meta property=\"og:description\" content=\"La saison AMPL s\u2019est achev\u00e9e le week-end dernier avec l\u2019\u00e9preuve de Nismes. Le club de Moircy a en effet inform\u00e9 le Comit\u00e9 Directeur de l\u2019AMPL ce jeudi en fin de journ\u00e9e qu\u2019il n\u2019\u00e9tait pas en mesure d\u2019organiser son \u00e9preuve, qui devait \u00eatre ce dimanche la finale du championnat. \u00ab\u00a0Les pr\u00e9visions m\u00e9t\u00e9o sont unanimes pour annoncer [&hellip;]\" \/>\n<meta property=\"og:url\" content=\"https:\/\/fr.motocrossmag.be\/index.php\/2019\/09\/le-motocross-de-moircy-annule-la-saison-ampl-terminee\/\" \/>\n<meta property=\"og:site_name\" content=\"Motocross - Enduro - Supermoto | MotocrossMag\" \/>\n<meta property=\"article:published_time\" content=\"2019-09-27T12:22:30+00:00\" \/>\n<meta property=\"article:modified_time\" content=\"2019-09-27T15:44:42+00:00\" \/>\n<meta property=\"og:image\" content=\"https:\/\/fr.motocrossmag.be\/wp-content\/uploads\/2019\/05\/martiny-jerome-ampl-mellier.jpg\" \/>\n\t<meta property=\"og:image:width\" content=\"1000\" \/>\n\t<meta property=\"og:image:height\" content=\"666\" \/>\n\t<meta property=\"og:image:type\" content=\"image\/jpeg\" \/>\n<meta name=\"author\" content=\"oliviere\" \/>\n<meta name=\"twitter:card\" content=\"summary_large_image\" \/>\n<meta name=\"twitter:label1\" content=\"\u00c9crit par\" \/>\n\t<meta name=\"twitter:data1\" content=\"oliviere\" \/>\n\t<meta name=\"twitter:label2\" content=\"Dur\u00e9e de lecture estim\u00e9e\" \/>\n\t<meta name=\"twitter:data2\" content=\"1 minute\" \/>\n<script type=\"application\/ld+json\" class=\"yoast-schema-graph\">{\"@context\":\"https:\\\/\\\/schema.org\",\"@graph\":[{\"@type\":\"Article\",\"@id\":\"https:\\\/\\\/fr.motocrossmag.be\\\/index.php\\\/2019\\\/09\\\/le-motocross-de-moircy-annule-la-saison-ampl-terminee\\\/#article\",\"isPartOf\":{\"@id\":\"https:\\\/\\\/fr.motocrossmag.be\\\/index.php\\\/2019\\\/09\\\/le-motocross-de-moircy-annule-la-saison-ampl-terminee\\\/\"},\"author\":{\"name\":\"oliviere\",\"@id\":\"https:\\\/\\\/fr.motocrossmag.be\\\/#\\\/schema\\\/person\\\/11b47143d9f755babca2c9110e03235c\"},\"headline\":\"Le motocross de Moircy annul\u00e9, la saison AMPL termin\u00e9e\",\"datePublished\":\"2019-09-27T12:22:30+00:00\",\"dateModified\":\"2019-09-27T15:44:42+00:00\",\"mainEntityOfPage\":{\"@id\":\"https:\\\/\\\/fr.motocrossmag.be\\\/index.php\\\/2019\\\/09\\\/le-motocross-de-moircy-annule-la-saison-ampl-terminee\\\/\"},\"wordCount\":226,\"commentCount\":0,\"image\":{\"@id\":\"https:\\\/\\\/fr.motocrossmag.be\\\/index.php\\\/2019\\\/09\\\/le-motocross-de-moircy-annule-la-saison-ampl-terminee\\\/#primaryimage\"},\"thumbnailUrl\":\"https:\\\/\\\/fr.motocrossmag.be\\\/wp-content\\\/uploads\\\/2019\\\/05\\\/martiny-jerome-ampl-mellier.jpg\",\"keywords\":[\"ampl\",\"Motocross\"],\"articleSection\":[\"Actualit\u00e9\",\"Amateurs\",\"AMPL\",\"Motocross\",\"News\",\"News\",\"Slideshow\"],\"inLanguage\":\"fr-FR\",\"potentialAction\":[{\"@type\":\"CommentAction\",\"name\":\"Comment\",\"target\":[\"https:\\\/\\\/fr.motocrossmag.be\\\/index.php\\\/2019\\\/09\\\/le-motocross-de-moircy-annule-la-saison-ampl-terminee\\\/#respond\"]}]},{\"@type\":\"WebPage\",\"@id\":\"https:\\\/\\\/fr.motocrossmag.be\\\/index.php\\\/2019\\\/09\\\/le-motocross-de-moircy-annule-la-saison-ampl-terminee\\\/\",\"url\":\"https:\\\/\\\/fr.motocrossmag.be\\\/index.php\\\/2019\\\/09\\\/le-motocross-de-moircy-annule-la-saison-ampl-terminee\\\/\",\"name\":\"Le motocross de Moircy annul\u00e9, la saison AMPL termin\u00e9e - Motocross - Enduro - Supermoto | MotocrossMag\",\"isPartOf\":{\"@id\":\"https:\\\/\\\/fr.motocrossmag.be\\\/#website\"},\"primaryImageOfPage\":{\"@id\":\"https:\\\/\\\/fr.motocrossmag.be\\\/index.php\\\/2019\\\/09\\\/le-motocross-de-moircy-annule-la-saison-ampl-terminee\\\/#primaryimage\"},\"image\":{\"@id\":\"https:\\\/\\\/fr.motocrossmag.be\\\/index.php\\\/2019\\\/09\\\/le-motocross-de-moircy-annule-la-saison-ampl-terminee\\\/#primaryimage\"},\"thumbnailUrl\":\"https:\\\/\\\/fr.motocrossmag.be\\\/wp-content\\\/uploads\\\/2019\\\/05\\\/martiny-jerome-ampl-mellier.jpg\",\"datePublished\":\"2019-09-27T12:22:30+00:00\",\"dateModified\":\"2019-09-27T15:44:42+00:00\",\"author\":{\"@id\":\"https:\\\/\\\/fr.motocrossmag.be\\\/#\\\/schema\\\/person\\\/11b47143d9f755babca2c9110e03235c\"},\"breadcrumb\":{\"@id\":\"https:\\\/\\\/fr.motocrossmag.be\\\/index.php\\\/2019\\\/09\\\/le-motocross-de-moircy-annule-la-saison-ampl-terminee\\\/#breadcrumb\"},\"inLanguage\":\"fr-FR\",\"potentialAction\":[{\"@type\":\"ReadAction\",\"target\":[\"https:\\\/\\\/fr.motocrossmag.be\\\/index.php\\\/2019\\\/09\\\/le-motocross-de-moircy-annule-la-saison-ampl-terminee\\\/\"]}]},{\"@type\":\"ImageObject\",\"inLanguage\":\"fr-FR\",\"@id\":\"https:\\\/\\\/fr.motocrossmag.be\\\/index.php\\\/2019\\\/09\\\/le-motocross-de-moircy-annule-la-saison-ampl-terminee\\\/#primaryimage\",\"url\":\"https:\\\/\\\/fr.motocrossmag.be\\\/wp-content\\\/uploads\\\/2019\\\/05\\\/martiny-jerome-ampl-mellier.jpg\",\"contentUrl\":\"https:\\\/\\\/fr.motocrossmag.be\\\/wp-content\\\/uploads\\\/2019\\\/05\\\/martiny-jerome-ampl-mellier.jpg\",\"width\":1000,\"height\":666},{\"@type\":\"BreadcrumbList\",\"@id\":\"https:\\\/\\\/fr.motocrossmag.be\\\/index.php\\\/2019\\\/09\\\/le-motocross-de-moircy-annule-la-saison-ampl-terminee\\\/#breadcrumb\",\"itemListElement\":[{\"@type\":\"ListItem\",\"position\":1,\"name\":\"Accueil\",\"item\":\"https:\\\/\\\/fr.motocrossmag.be\\\/\"},{\"@type\":\"ListItem\",\"position\":2,\"name\":\"Le motocross de Moircy annul\u00e9, la saison AMPL termin\u00e9e\"}]},{\"@type\":\"WebSite\",\"@id\":\"https:\\\/\\\/fr.motocrossmag.be\\\/#website\",\"url\":\"https:\\\/\\\/fr.motocrossmag.be\\\/\",\"name\":\"Motocross - Enduro - Supermoto | MotocrossMag\",\"description\":\"L&#039;actualit\u00e9 du motocross, de l&#039;enduro et du Supermoto en ligne!\",\"potentialAction\":[{\"@type\":\"SearchAction\",\"target\":{\"@type\":\"EntryPoint\",\"urlTemplate\":\"https:\\\/\\\/fr.motocrossmag.be\\\/?s={search_term_string}\"},\"query-input\":{\"@type\":\"PropertyValueSpecification\",\"valueRequired\":true,\"valueName\":\"search_term_string\"}}],\"inLanguage\":\"fr-FR\"},{\"@type\":\"Person\",\"@id\":\"https:\\\/\\\/fr.motocrossmag.be\\\/#\\\/schema\\\/person\\\/11b47143d9f755babca2c9110e03235c\",\"name\":\"oliviere\",\"image\":{\"@type\":\"ImageObject\",\"inLanguage\":\"fr-FR\",\"@id\":\"https:\\\/\\\/secure.gravatar.com\\\/avatar\\\/907069e0b81d119452040469e4a7501da1100f54f7f80180ce77bfab718288f6?s=96&d=mm&r=g\",\"url\":\"https:\\\/\\\/secure.gravatar.com\\\/avatar\\\/907069e0b81d119452040469e4a7501da1100f54f7f80180ce77bfab718288f6?s=96&d=mm&r=g\",\"contentUrl\":\"https:\\\/\\\/secure.gravatar.com\\\/avatar\\\/907069e0b81d119452040469e4a7501da1100f54f7f80180ce77bfab718288f6?s=96&d=mm&r=g\",\"caption\":\"oliviere\"},\"sameAs\":[\"http:\\\/\\\/www.motocrossmag.be\"],\"url\":\"https:\\\/\\\/fr.motocrossmag.be\\\/index.php\\\/author\\\/oliviere\\\/\"}]}<\/script>\n<!-- \/ Yoast SEO plugin. -->","yoast_head_json":{"title":"Le motocross de Moircy annul\u00e9, la saison AMPL termin\u00e9e - Motocross - Enduro - Supermoto | MotocrossMag","robots":{"index":"index","follow":"follow","max-snippet":"max-snippet:-1","max-image-preview":"max-image-preview:large","max-video-preview":"max-video-preview:-1"},"canonical":"https:\/\/fr.motocrossmag.be\/index.php\/2019\/09\/le-motocross-de-moircy-annule-la-saison-ampl-terminee\/","og_locale":"fr_FR","og_type":"article","og_title":"Le motocross de Moircy annul\u00e9, la saison AMPL termin\u00e9e - Motocross - Enduro - Supermoto | MotocrossMag","og_description":"La saison AMPL s\u2019est achev\u00e9e le week-end dernier avec l\u2019\u00e9preuve de Nismes. Le club de Moircy a en effet inform\u00e9 le Comit\u00e9 Directeur de l\u2019AMPL ce jeudi en fin de journ\u00e9e qu\u2019il n\u2019\u00e9tait pas en mesure d\u2019organiser son \u00e9preuve, qui devait \u00eatre ce dimanche la finale du championnat. \u00ab\u00a0Les pr\u00e9visions m\u00e9t\u00e9o sont unanimes pour annoncer [&hellip;]","og_url":"https:\/\/fr.motocrossmag.be\/index.php\/2019\/09\/le-motocross-de-moircy-annule-la-saison-ampl-terminee\/","og_site_name":"Motocross - Enduro - Supermoto | MotocrossMag","article_published_time":"2019-09-27T12:22:30+00:00","article_modified_time":"2019-09-27T15:44:42+00:00","og_image":[{"width":1000,"height":666,"url":"https:\/\/fr.motocrossmag.be\/wp-content\/uploads\/2019\/05\/martiny-jerome-ampl-mellier.jpg","type":"image\/jpeg"}],"author":"oliviere","twitter_card":"summary_large_image","twitter_misc":{"\u00c9crit par":"oliviere","Dur\u00e9e de lecture estim\u00e9e":"1 minute"},"schema":{"@context":"https:\/\/schema.org","@graph":[{"@type":"Article","@id":"https:\/\/fr.motocrossmag.be\/index.php\/2019\/09\/le-motocross-de-moircy-annule-la-saison-ampl-terminee\/#article","isPartOf":{"@id":"https:\/\/fr.motocrossmag.be\/index.php\/2019\/09\/le-motocross-de-moircy-annule-la-saison-ampl-terminee\/"},"author":{"name":"oliviere","@id":"https:\/\/fr.motocrossmag.be\/#\/schema\/person\/11b47143d9f755babca2c9110e03235c"},"headline":"Le motocross de Moircy annul\u00e9, la saison AMPL termin\u00e9e","datePublished":"2019-09-27T12:22:30+00:00","dateModified":"2019-09-27T15:44:42+00:00","mainEntityOfPage":{"@id":"https:\/\/fr.motocrossmag.be\/index.php\/2019\/09\/le-motocross-de-moircy-annule-la-saison-ampl-terminee\/"},"wordCount":226,"commentCount":0,"image":{"@id":"https:\/\/fr.motocrossmag.be\/index.php\/2019\/09\/le-motocross-de-moircy-annule-la-saison-ampl-terminee\/#primaryimage"},"thumbnailUrl":"https:\/\/fr.motocrossmag.be\/wp-content\/uploads\/2019\/05\/martiny-jerome-ampl-mellier.jpg","keywords":["ampl","Motocross"],"articleSection":["Actualit\u00e9","Amateurs","AMPL","Motocross","News","News","Slideshow"],"inLanguage":"fr-FR","potentialAction":[{"@type":"CommentAction","name":"Comment","target":["https:\/\/fr.motocrossmag.be\/index.php\/2019\/09\/le-motocross-de-moircy-annule-la-saison-ampl-terminee\/#respond"]}]},{"@type":"WebPage","@id":"https:\/\/fr.motocrossmag.be\/index.php\/2019\/09\/le-motocross-de-moircy-annule-la-saison-ampl-terminee\/","url":"https:\/\/fr.motocrossmag.be\/index.php\/2019\/09\/le-motocross-de-moircy-annule-la-saison-ampl-terminee\/","name":"Le motocross de Moircy annul\u00e9, la saison AMPL termin\u00e9e - Motocross - Enduro - Supermoto | MotocrossMag","isPartOf":{"@id":"https:\/\/fr.motocrossmag.be\/#website"},"primaryImageOfPage":{"@id":"https:\/\/fr.motocrossmag.be\/index.php\/2019\/09\/le-motocross-de-moircy-annule-la-saison-ampl-terminee\/#primaryimage"},"image":{"@id":"https:\/\/fr.motocrossmag.be\/index.php\/2019\/09\/le-motocross-de-moircy-annule-la-saison-ampl-terminee\/#primaryimage"},"thumbnailUrl":"https:\/\/fr.motocrossmag.be\/wp-content\/uploads\/2019\/05\/martiny-jerome-ampl-mellier.jpg","datePublished":"2019-09-27T12:22:30+00:00","dateModified":"2019-09-27T15:44:42+00:00","author":{"@id":"https:\/\/fr.motocrossmag.be\/#\/schema\/person\/11b47143d9f755babca2c9110e03235c"},"breadcrumb":{"@id":"https:\/\/fr.motocrossmag.be\/index.php\/2019\/09\/le-motocross-de-moircy-annule-la-saison-ampl-terminee\/#breadcrumb"},"inLanguage":"fr-FR","potentialAction":[{"@type":"ReadAction","target":["https:\/\/fr.motocrossmag.be\/index.php\/2019\/09\/le-motocross-de-moircy-annule-la-saison-ampl-terminee\/"]}]},{"@type":"ImageObject","inLanguage":"fr-FR","@id":"https:\/\/fr.motocrossmag.be\/index.php\/2019\/09\/le-motocross-de-moircy-annule-la-saison-ampl-terminee\/#primaryimage","url":"https:\/\/fr.motocrossmag.be\/wp-content\/uploads\/2019\/05\/martiny-jerome-ampl-mellier.jpg","contentUrl":"https:\/\/fr.motocrossmag.be\/wp-content\/uploads\/2019\/05\/martiny-jerome-ampl-mellier.jpg","width":1000,"height":666},{"@type":"BreadcrumbList","@id":"https:\/\/fr.motocrossmag.be\/index.php\/2019\/09\/le-motocross-de-moircy-annule-la-saison-ampl-terminee\/#breadcrumb","itemListElement":[{"@type":"ListItem","position":1,"name":"Accueil","item":"https:\/\/fr.motocrossmag.be\/"},{"@type":"ListItem","position":2,"name":"Le motocross de Moircy annul\u00e9, la saison AMPL termin\u00e9e"}]},{"@type":"WebSite","@id":"https:\/\/fr.motocrossmag.be\/#website","url":"https:\/\/fr.motocrossmag.be\/","name":"Motocross - Enduro - Supermoto | MotocrossMag","description":"L&#039;actualit\u00e9 du motocross, de l&#039;enduro et du Supermoto en ligne!","potentialAction":[{"@type":"SearchAction","target":{"@type":"EntryPoint","urlTemplate":"https:\/\/fr.motocrossmag.be\/?s={search_term_string}"},"query-input":{"@type":"PropertyValueSpecification","valueRequired":true,"valueName":"search_term_string"}}],"inLanguage":"fr-FR"},{"@type":"Person","@id":"https:\/\/fr.motocrossmag.be\/#\/schema\/person\/11b47143d9f755babca2c9110e03235c","name":"oliviere","image":{"@type":"ImageObject","inLanguage":"fr-FR","@id":"https:\/\/secure.gravatar.com\/avatar\/907069e0b81d119452040469e4a7501da1100f54f7f80180ce77bfab718288f6?s=96&d=mm&r=g","url":"https:\/\/secure.gravatar.com\/avatar\/907069e0b81d119452040469e4a7501da1100f54f7f80180ce77bfab718288f6?s=96&d=mm&r=g","contentUrl":"https:\/\/secure.gravatar.com\/avatar\/907069e0b81d119452040469e4a7501da1100f54f7f80180ce77bfab718288f6?s=96&d=mm&r=g","caption":"oliviere"},"sameAs":["http:\/\/www.motocrossmag.be"],"url":"https:\/\/fr.motocrossmag.be\/index.php\/author\/oliviere\/"}]}},"_links":{"self":[{"href":"https:\/\/fr.motocrossmag.be\/index.php\/wp-json\/wp\/v2\/posts\/96992","targetHints":{"allow":["GET"]}}],"collection":[{"href":"https:\/\/fr.motocrossmag.be\/index.php\/wp-json\/wp\/v2\/posts"}],"about":[{"href":"https:\/\/fr.motocrossmag.be\/index.php\/wp-json\/wp\/v2\/types\/post"}],"author":[{"embeddable":true,"href":"https:\/\/fr.motocrossmag.be\/index.php\/wp-json\/wp\/v2\/users\/932"}],"replies":[{"embeddable":true,"href":"https:\/\/fr.motocrossmag.be\/index.php\/wp-json\/wp\/v2\/comments?post=96992"}],"version-history":[{"count":1,"href":"https:\/\/fr.motocrossmag.be\/index.php\/wp-json\/wp\/v2\/posts\/96992\/revisions"}],"predecessor-version":[{"id":97009,"href":"https:\/\/fr.motocrossmag.be\/index.php\/wp-json\/wp\/v2\/posts\/96992\/revisions\/97009"}],"wp:featuredmedia":[{"embeddable":true,"href":"https:\/\/fr.motocrossmag.be\/index.php\/wp-json\/wp\/v2\/media\/88228"}],"wp:attachment":[{"href":"https:\/\/fr.motocrossmag.be\/index.php\/wp-json\/wp\/v2\/media?parent=96992"}],"wp:term":[{"taxonomy":"category","embeddable":true,"href":"https:\/\/fr.motocrossmag.be\/index.php\/wp-json\/wp\/v2\/categories?post=96992"},{"taxonomy":"post_tag","embeddable":true,"href":"https:\/\/fr.motocrossmag.be\/index.php\/wp-json\/wp\/v2\/tags?post=96992"}],"curies":[{"name":"wp","href":"https:\/\/api.w.org\/{rel}","templated":true}]}}