{"id":97578,"date":"2019-10-03T17:37:20","date_gmt":"2019-10-03T15:37:20","guid":{"rendered":"https:\/\/fr.motocrossmag.be\/?p=97578"},"modified":"2019-10-03T17:37:20","modified_gmt":"2019-10-03T15:37:20","slug":"photos-les-belges-sur-la-finale-du-championnat-du-monde-endurogp-a-ambert","status":"publish","type":"post","link":"https:\/\/fr.motocrossmag.be\/index.php\/2019\/10\/photos-les-belges-sur-la-finale-du-championnat-du-monde-endurogp-a-ambert\/","title":{"rendered":"Photos : les Belges sur la finale du championnat du monde EnduroGP \u00e0 Ambert"},"content":{"rendered":"<p><strong>Il y avait beaucoup de Belges le week-end dernier \u00e0 Ambert pour la finale du championnat du monde EnduroGP. Outre les habitu\u00e9s que sont d\u00e9sormais Antoine Magain et Matthew Vanoevelen, Mathias Van Hoof \u00e9tait \u00e9galement en France pour tenter d&rsquo;y gagner in extremis sa 3\u00e8me place sur le podium de la Coupe du monde (lire notre article) tandis qu&rsquo;Erik Willems d\u00e9couvrait pour sa part l&rsquo;enduro version \u00ab\u00a0mondial\u00a0\u00bb et que Quentin Vinken et Martin Valenduc \u00e9taient quant \u00e0 eux inscrits en \u00ab\u00a0National Trophy\u00a0\u00bb.<\/strong><\/p>\n<p>Si Erik Willems, bless\u00e9 au doigt le samedi, ne terminera pas la seconde journ\u00e9e, Quentin et Martin sont all\u00e9s au bout des deux journ\u00e9es. Pour Antoine Magain, la saison se termine bien puisque le pilote KTM, malgr\u00e9 un week-end fran\u00e7ais qui ne s&rsquo;est pas pass\u00e9 tout-\u00e0-fait comme il l&rsquo;aurait voulu, acc\u00e8de \u00e0 la 3\u00e8me marche du podium Junior 1.<\/p>\n<p>Tr\u00e8s rapide \u00e9galement, Vanoevelen signe une belle premi\u00e8re journ\u00e9e, jusqu&rsquo;\u00e0 une grosse chute dans le dernier tour qui le prive de podium dans sa cat\u00e9gorie. Bien chiffonn\u00e9 par cette chute, il repartira le lendemain dans la douleur.<\/p>\n<p>&nbsp;<\/p>\n<p>Photos: Pauline Vallerand<\/p>\n<p>&nbsp;<\/p>\n<div class=\"rgg-container\" data-rgg-id=\"1\">    <div class=\"rgg-imagegrid captions-title captions-effect-none \" data-rgg-id=\"1\">\n                    <a data-rel=\"iLightbox[postimages]\" data-title=\"EnduroGP-France-aIMG_4937\" data-caption=\"\" href=\"https:\/\/fr.motocrossmag.be\/wp-content\/uploads\/2019\/10\/EnduroGP-France-aIMG_4937.jpg\" data-rel=\"rgg\" rel=\"rgg\" title=\"\" class=\"rgg-disabled size-medium rgg-img\" data-src=\"https:\/\/fr.motocrossmag.be\/wp-content\/uploads\/2019\/10\/EnduroGP-France-aIMG_4937-533x800.jpg\" data-ratio=\"0.66625\" data-height=\"800\" data-width=\"533\" aria-label=\"\">\n                            <\/a>\n                    <a data-rel=\"iLightbox[postimages]\" data-title=\"EnduroGP-France-aIMG_4282\" data-caption=\"\" href=\"https:\/\/fr.motocrossmag.be\/wp-content\/uploads\/2019\/10\/EnduroGP-France-aIMG_4282.jpg\" data-rel=\"rgg\" rel=\"rgg\" title=\"\" class=\"rgg-disabled size-medium rgg-img\" data-src=\"https:\/\/fr.motocrossmag.be\/wp-content\/uploads\/2019\/10\/EnduroGP-France-aIMG_4282-533x800.jpg\" data-ratio=\"0.66625\" data-height=\"800\" data-width=\"533\" aria-label=\"\">\n                            <\/a>\n                    <a data-rel=\"iLightbox[postimages]\" data-title=\"EnduroGP-France-aIMG_4633\" data-caption=\"\" href=\"https:\/\/fr.motocrossmag.be\/wp-content\/uploads\/2019\/10\/EnduroGP-France-aIMG_4633.jpg\" data-rel=\"rgg\" rel=\"rgg\" title=\"\" class=\"rgg-disabled size-medium rgg-img\" data-src=\"https:\/\/fr.motocrossmag.be\/wp-content\/uploads\/2019\/10\/EnduroGP-France-aIMG_4633-533x800.jpg\" data-ratio=\"0.66625\" data-height=\"800\" data-width=\"533\" aria-label=\"\">\n                            <\/a>\n                    <a data-rel=\"iLightbox[postimages]\" data-title=\"EnduroGP-France-aIMG_5212\" data-caption=\"\" href=\"https:\/\/fr.motocrossmag.be\/wp-content\/uploads\/2019\/10\/EnduroGP-France-aIMG_5212.jpg\" data-rel=\"rgg\" rel=\"rgg\" title=\"\" class=\"rgg-disabled size-medium rgg-img\" data-src=\"https:\/\/fr.motocrossmag.be\/wp-content\/uploads\/2019\/10\/EnduroGP-France-aIMG_5212-650x434.jpg\" data-ratio=\"1.4976958525346\" data-height=\"434\" data-width=\"650\" aria-label=\"\">\n                            <\/a>\n                    <a data-rel=\"iLightbox[postimages]\" data-title=\"EnduroGP-France-aIMG_4941\" data-caption=\"\" href=\"https:\/\/fr.motocrossmag.be\/wp-content\/uploads\/2019\/10\/EnduroGP-France-aIMG_4941.jpg\" data-rel=\"rgg\" rel=\"rgg\" title=\"\" class=\"rgg-disabled size-medium rgg-img\" data-src=\"https:\/\/fr.motocrossmag.be\/wp-content\/uploads\/2019\/10\/EnduroGP-France-aIMG_4941-533x800.jpg\" data-ratio=\"0.66625\" data-height=\"800\" data-width=\"533\" aria-label=\"\">\n                            <\/a>\n                    <a data-rel=\"iLightbox[postimages]\" data-title=\"EnduroGP-France-aIMG_4606\" data-caption=\"\" href=\"https:\/\/fr.motocrossmag.be\/wp-content\/uploads\/2019\/10\/EnduroGP-France-aIMG_4606.jpg\" data-rel=\"rgg\" rel=\"rgg\" title=\"\" class=\"rgg-disabled size-medium rgg-img\" data-src=\"https:\/\/fr.motocrossmag.be\/wp-content\/uploads\/2019\/10\/EnduroGP-France-aIMG_4606-650x434.jpg\" data-ratio=\"1.4976958525346\" data-height=\"434\" data-width=\"650\" aria-label=\"\">\n                            <\/a>\n                    <a data-rel=\"iLightbox[postimages]\" data-title=\"EnduroGP-France-aIMG_4904\" data-caption=\"\" href=\"https:\/\/fr.motocrossmag.be\/wp-content\/uploads\/2019\/10\/EnduroGP-France-aIMG_4904.jpg\" data-rel=\"rgg\" rel=\"rgg\" title=\"\" class=\"rgg-disabled size-medium rgg-img\" data-src=\"https:\/\/fr.motocrossmag.be\/wp-content\/uploads\/2019\/10\/EnduroGP-France-aIMG_4904-533x800.jpg\" data-ratio=\"0.66625\" data-height=\"800\" data-width=\"533\" aria-label=\"\">\n                            <\/a>\n                    <a data-rel=\"iLightbox[postimages]\" data-title=\"EnduroGP-France-aIMG_4635\" data-caption=\"\" href=\"https:\/\/fr.motocrossmag.be\/wp-content\/uploads\/2019\/10\/EnduroGP-France-aIMG_4635.jpg\" data-rel=\"rgg\" rel=\"rgg\" title=\"\" class=\"rgg-disabled size-medium rgg-img\" data-src=\"https:\/\/fr.motocrossmag.be\/wp-content\/uploads\/2019\/10\/EnduroGP-France-aIMG_4635-533x800.jpg\" data-ratio=\"0.66625\" data-height=\"800\" data-width=\"533\" aria-label=\"\">\n                            <\/a>\n                    <a data-rel=\"iLightbox[postimages]\" data-title=\"EnduroGP-France-aIMG_4600\" data-caption=\"\" href=\"https:\/\/fr.motocrossmag.be\/wp-content\/uploads\/2019\/10\/EnduroGP-France-aIMG_4600.jpg\" data-rel=\"rgg\" rel=\"rgg\" title=\"\" class=\"rgg-disabled size-medium rgg-img\" data-src=\"https:\/\/fr.motocrossmag.be\/wp-content\/uploads\/2019\/10\/EnduroGP-France-aIMG_4600-533x800.jpg\" data-ratio=\"0.66625\" data-height=\"800\" data-width=\"533\" aria-label=\"\">\n                            <\/a>\n                    <a data-rel=\"iLightbox[postimages]\" data-title=\"EnduroGP-France-aIMG_4590\" data-caption=\"\" href=\"https:\/\/fr.motocrossmag.be\/wp-content\/uploads\/2019\/10\/EnduroGP-France-aIMG_4590.jpg\" data-rel=\"rgg\" rel=\"rgg\" title=\"\" class=\"rgg-disabled size-medium rgg-img\" data-src=\"https:\/\/fr.motocrossmag.be\/wp-content\/uploads\/2019\/10\/EnduroGP-France-aIMG_4590-533x800.jpg\" data-ratio=\"0.66625\" data-height=\"800\" data-width=\"533\" aria-label=\"\">\n                            <\/a>\n                    <a data-rel=\"iLightbox[postimages]\" data-title=\"EnduroGP-France-aIMG_4903\" data-caption=\"\" href=\"https:\/\/fr.motocrossmag.be\/wp-content\/uploads\/2019\/10\/EnduroGP-France-aIMG_4903.jpg\" data-rel=\"rgg\" rel=\"rgg\" title=\"\" class=\"rgg-disabled size-medium rgg-img\" data-src=\"https:\/\/fr.motocrossmag.be\/wp-content\/uploads\/2019\/10\/EnduroGP-France-aIMG_4903-533x800.jpg\" data-ratio=\"0.66625\" data-height=\"800\" data-width=\"533\" aria-label=\"\">\n                            <\/a>\n                    <a data-rel=\"iLightbox[postimages]\" data-title=\"EnduroGP-France-aIMG_4584\" data-caption=\"\" href=\"https:\/\/fr.motocrossmag.be\/wp-content\/uploads\/2019\/10\/EnduroGP-France-aIMG_4584.jpg\" data-rel=\"rgg\" rel=\"rgg\" title=\"\" class=\"rgg-disabled size-medium rgg-img\" data-src=\"https:\/\/fr.motocrossmag.be\/wp-content\/uploads\/2019\/10\/EnduroGP-France-aIMG_4584-650x434.jpg\" data-ratio=\"1.4976958525346\" data-height=\"434\" data-width=\"650\" aria-label=\"\">\n                            <\/a>\n                    <a data-rel=\"iLightbox[postimages]\" data-title=\"EnduroGP-France-aIMG_5055\" data-caption=\"\" href=\"https:\/\/fr.motocrossmag.be\/wp-content\/uploads\/2019\/10\/EnduroGP-France-aIMG_5055.jpg\" data-rel=\"rgg\" rel=\"rgg\" title=\"\" class=\"rgg-disabled size-medium rgg-img\" data-src=\"https:\/\/fr.motocrossmag.be\/wp-content\/uploads\/2019\/10\/EnduroGP-France-aIMG_5055-533x800.jpg\" data-ratio=\"0.66625\" data-height=\"800\" data-width=\"533\" aria-label=\"\">\n                            <\/a>\n                    <a data-rel=\"iLightbox[postimages]\" data-title=\"EnduroGP-France-aIMG_4921\" data-caption=\"\" href=\"https:\/\/fr.motocrossmag.be\/wp-content\/uploads\/2019\/10\/EnduroGP-France-aIMG_4921.jpg\" data-rel=\"rgg\" rel=\"rgg\" title=\"\" class=\"rgg-disabled size-medium rgg-img\" data-src=\"https:\/\/fr.motocrossmag.be\/wp-content\/uploads\/2019\/10\/EnduroGP-France-aIMG_4921-533x800.jpg\" data-ratio=\"0.66625\" data-height=\"800\" data-width=\"533\" aria-label=\"\">\n                            <\/a>\n                    <a data-rel=\"iLightbox[postimages]\" data-title=\"EnduroGP-France-aIMG_4324\" data-caption=\"\" href=\"https:\/\/fr.motocrossmag.be\/wp-content\/uploads\/2019\/10\/EnduroGP-France-aIMG_4324.jpg\" data-rel=\"rgg\" rel=\"rgg\" title=\"\" class=\"rgg-disabled size-medium rgg-img\" data-src=\"https:\/\/fr.motocrossmag.be\/wp-content\/uploads\/2019\/10\/EnduroGP-France-aIMG_4324-533x800.jpg\" data-ratio=\"0.66625\" data-height=\"800\" data-width=\"533\" aria-label=\"\">\n                            <\/a>\n                    <a data-rel=\"iLightbox[postimages]\" data-title=\"EnduroGP-France-aIMG_4782\" data-caption=\"\" href=\"https:\/\/fr.motocrossmag.be\/wp-content\/uploads\/2019\/10\/EnduroGP-France-aIMG_4782.jpg\" data-rel=\"rgg\" rel=\"rgg\" title=\"\" class=\"rgg-disabled size-medium rgg-img\" data-src=\"https:\/\/fr.motocrossmag.be\/wp-content\/uploads\/2019\/10\/EnduroGP-France-aIMG_4782-533x800.jpg\" data-ratio=\"0.66625\" data-height=\"800\" data-width=\"533\" aria-label=\"\">\n                            <\/a>\n                    <a data-rel=\"iLightbox[postimages]\" data-title=\"EnduroGP-France-aIMG_4951\" data-caption=\"\" href=\"https:\/\/fr.motocrossmag.be\/wp-content\/uploads\/2019\/10\/EnduroGP-France-aIMG_4951.jpg\" data-rel=\"rgg\" rel=\"rgg\" title=\"\" class=\"rgg-disabled size-medium rgg-img\" data-src=\"https:\/\/fr.motocrossmag.be\/wp-content\/uploads\/2019\/10\/EnduroGP-France-aIMG_4951-533x800.jpg\" data-ratio=\"0.66625\" data-height=\"800\" data-width=\"533\" aria-label=\"\">\n                            <\/a>\n                    <a data-rel=\"iLightbox[postimages]\" data-title=\"EnduroGP-France-aIMG_4597\" data-caption=\"\" href=\"https:\/\/fr.motocrossmag.be\/wp-content\/uploads\/2019\/10\/EnduroGP-France-aIMG_4597.jpg\" data-rel=\"rgg\" rel=\"rgg\" title=\"\" class=\"rgg-disabled size-medium rgg-img\" data-src=\"https:\/\/fr.motocrossmag.be\/wp-content\/uploads\/2019\/10\/EnduroGP-France-aIMG_4597-533x800.jpg\" data-ratio=\"0.66625\" data-height=\"800\" data-width=\"533\" aria-label=\"\">\n                            <\/a>\n                    <a data-rel=\"iLightbox[postimages]\" data-title=\"EnduroGP-France-aIMG_4829\" data-caption=\"\" href=\"https:\/\/fr.motocrossmag.be\/wp-content\/uploads\/2019\/10\/EnduroGP-France-aIMG_4829.jpg\" data-rel=\"rgg\" rel=\"rgg\" title=\"\" class=\"rgg-disabled size-medium rgg-img\" data-src=\"https:\/\/fr.motocrossmag.be\/wp-content\/uploads\/2019\/10\/EnduroGP-France-aIMG_4829-533x800.jpg\" data-ratio=\"0.66625\" data-height=\"800\" data-width=\"533\" aria-label=\"\">\n                            <\/a>\n                    <a data-rel=\"iLightbox[postimages]\" data-title=\"EnduroGP-France-aIMG_4623\" data-caption=\"\" href=\"https:\/\/fr.motocrossmag.be\/wp-content\/uploads\/2019\/10\/EnduroGP-France-aIMG_4623.jpg\" data-rel=\"rgg\" rel=\"rgg\" title=\"\" class=\"rgg-disabled size-medium rgg-img\" data-src=\"https:\/\/fr.motocrossmag.be\/wp-content\/uploads\/2019\/10\/EnduroGP-France-aIMG_4623-533x800.jpg\" data-ratio=\"0.66625\" data-height=\"800\" data-width=\"533\" aria-label=\"\">\n                            <\/a>\n                    <a data-rel=\"iLightbox[postimages]\" data-title=\"EnduroGP-France-aIMG_5184\" data-caption=\"\" href=\"https:\/\/fr.motocrossmag.be\/wp-content\/uploads\/2019\/10\/EnduroGP-France-aIMG_5184.jpg\" data-rel=\"rgg\" rel=\"rgg\" title=\"\" class=\"rgg-disabled size-medium rgg-img\" data-src=\"https:\/\/fr.motocrossmag.be\/wp-content\/uploads\/2019\/10\/EnduroGP-France-aIMG_5184-533x800.jpg\" data-ratio=\"0.66625\" data-height=\"800\" data-width=\"533\" aria-label=\"\">\n                            <\/a>\n                    <a data-rel=\"iLightbox[postimages]\" data-title=\"EnduroGP-France-aIMG_4958\" data-caption=\"\" href=\"https:\/\/fr.motocrossmag.be\/wp-content\/uploads\/2019\/10\/EnduroGP-France-aIMG_4958.jpg\" data-rel=\"rgg\" rel=\"rgg\" title=\"\" class=\"rgg-disabled size-medium rgg-img\" data-src=\"https:\/\/fr.motocrossmag.be\/wp-content\/uploads\/2019\/10\/EnduroGP-France-aIMG_4958-533x800.jpg\" data-ratio=\"0.66625\" data-height=\"800\" data-width=\"533\" aria-label=\"\">\n                            <\/a>\n                    <a data-rel=\"iLightbox[postimages]\" data-title=\"EnduroGP-France-aIMG_5181\" data-caption=\"\" href=\"https:\/\/fr.motocrossmag.be\/wp-content\/uploads\/2019\/10\/EnduroGP-France-aIMG_5181.jpg\" data-rel=\"rgg\" rel=\"rgg\" title=\"\" class=\"rgg-disabled size-medium rgg-img\" data-src=\"https:\/\/fr.motocrossmag.be\/wp-content\/uploads\/2019\/10\/EnduroGP-France-aIMG_5181-533x800.jpg\" data-ratio=\"0.66625\" data-height=\"800\" data-width=\"533\" aria-label=\"\">\n                            <\/a>\n                    <a data-rel=\"iLightbox[postimages]\" data-title=\"EnduroGP-France-aIMG_4953\" data-caption=\"\" href=\"https:\/\/fr.motocrossmag.be\/wp-content\/uploads\/2019\/10\/EnduroGP-France-aIMG_4953.jpg\" data-rel=\"rgg\" rel=\"rgg\" title=\"\" class=\"rgg-disabled size-medium rgg-img\" data-src=\"https:\/\/fr.motocrossmag.be\/wp-content\/uploads\/2019\/10\/EnduroGP-France-aIMG_4953-533x800.jpg\" data-ratio=\"0.66625\" data-height=\"800\" data-width=\"533\" aria-label=\"\">\n                            <\/a>\n                    <a data-rel=\"iLightbox[postimages]\" data-title=\"EnduroGP-France-aIMG_4278\" data-caption=\"\" href=\"https:\/\/fr.motocrossmag.be\/wp-content\/uploads\/2019\/10\/EnduroGP-France-aIMG_4278.jpg\" data-rel=\"rgg\" rel=\"rgg\" title=\"\" class=\"rgg-disabled size-medium rgg-img\" data-src=\"https:\/\/fr.motocrossmag.be\/wp-content\/uploads\/2019\/10\/EnduroGP-France-aIMG_4278-533x800.jpg\" data-ratio=\"0.66625\" data-height=\"800\" data-width=\"533\" aria-label=\"\">\n                            <\/a>\n                    <a data-rel=\"iLightbox[postimages]\" data-title=\"EnduroGP-France-aIMG_4895\" data-caption=\"\" href=\"https:\/\/fr.motocrossmag.be\/wp-content\/uploads\/2019\/10\/EnduroGP-France-aIMG_4895.jpg\" data-rel=\"rgg\" rel=\"rgg\" title=\"\" class=\"rgg-disabled size-medium rgg-img\" data-src=\"https:\/\/fr.motocrossmag.be\/wp-content\/uploads\/2019\/10\/EnduroGP-France-aIMG_4895-533x800.jpg\" data-ratio=\"0.66625\" data-height=\"800\" data-width=\"533\" aria-label=\"\">\n                            <\/a>\n                    <a data-rel=\"iLightbox[postimages]\" data-title=\"EnduroGP-France-aIMG_4961\" data-caption=\"\" href=\"https:\/\/fr.motocrossmag.be\/wp-content\/uploads\/2019\/10\/EnduroGP-France-aIMG_4961.jpg\" data-rel=\"rgg\" rel=\"rgg\" title=\"\" class=\"rgg-disabled size-medium rgg-img\" data-src=\"https:\/\/fr.motocrossmag.be\/wp-content\/uploads\/2019\/10\/EnduroGP-France-aIMG_4961-533x800.jpg\" data-ratio=\"0.66625\" data-height=\"800\" data-width=\"533\" aria-label=\"\">\n                            <\/a>\n                    <a data-rel=\"iLightbox[postimages]\" data-title=\"EnduroGP-France-aIMG_4556\" data-caption=\"\" href=\"https:\/\/fr.motocrossmag.be\/wp-content\/uploads\/2019\/10\/EnduroGP-France-aIMG_4556.jpg\" data-rel=\"rgg\" rel=\"rgg\" title=\"\" class=\"rgg-disabled size-medium rgg-img\" data-src=\"https:\/\/fr.motocrossmag.be\/wp-content\/uploads\/2019\/10\/EnduroGP-France-aIMG_4556-533x800.jpg\" data-ratio=\"0.66625\" data-height=\"800\" data-width=\"533\" aria-label=\"\">\n                            <\/a>\n                    <a data-rel=\"iLightbox[postimages]\" data-title=\"EnduroGP-France-aIMG_5214\" data-caption=\"\" href=\"https:\/\/fr.motocrossmag.be\/wp-content\/uploads\/2019\/10\/EnduroGP-France-aIMG_5214.jpg\" data-rel=\"rgg\" rel=\"rgg\" title=\"\" class=\"rgg-disabled size-medium rgg-img\" data-src=\"https:\/\/fr.motocrossmag.be\/wp-content\/uploads\/2019\/10\/EnduroGP-France-aIMG_5214-533x800.jpg\" data-ratio=\"0.66625\" data-height=\"800\" data-width=\"533\" aria-label=\"\">\n                            <\/a>\n                    <a data-rel=\"iLightbox[postimages]\" data-title=\"EnduroGP-France-aIMG_4284\" data-caption=\"\" href=\"https:\/\/fr.motocrossmag.be\/wp-content\/uploads\/2019\/10\/EnduroGP-France-aIMG_4284.jpg\" data-rel=\"rgg\" rel=\"rgg\" title=\"\" class=\"rgg-disabled size-medium rgg-img\" data-src=\"https:\/\/fr.motocrossmag.be\/wp-content\/uploads\/2019\/10\/EnduroGP-France-aIMG_4284-533x800.jpg\" data-ratio=\"0.66625\" data-height=\"800\" data-width=\"533\" aria-label=\"\">\n                            <\/a>\n                    <a data-rel=\"iLightbox[postimages]\" data-title=\"EnduroGP-France-aIMG_5064\" data-caption=\"\" href=\"https:\/\/fr.motocrossmag.be\/wp-content\/uploads\/2019\/10\/EnduroGP-France-aIMG_5064.jpg\" data-rel=\"rgg\" rel=\"rgg\" title=\"\" class=\"rgg-disabled size-medium rgg-img\" data-src=\"https:\/\/fr.motocrossmag.be\/wp-content\/uploads\/2019\/10\/EnduroGP-France-aIMG_5064-533x800.jpg\" data-ratio=\"0.66625\" data-height=\"800\" data-width=\"533\" aria-label=\"\">\n                            <\/a>\n                    <a data-rel=\"iLightbox[postimages]\" data-title=\"EnduroGP-France-aIMG_4944\" data-caption=\"\" href=\"https:\/\/fr.motocrossmag.be\/wp-content\/uploads\/2019\/10\/EnduroGP-France-aIMG_4944.jpg\" data-rel=\"rgg\" rel=\"rgg\" title=\"\" class=\"rgg-disabled size-medium rgg-img\" data-src=\"https:\/\/fr.motocrossmag.be\/wp-content\/uploads\/2019\/10\/EnduroGP-France-aIMG_4944-533x800.jpg\" data-ratio=\"0.66625\" data-height=\"800\" data-width=\"533\" aria-label=\"\">\n                            <\/a>\n                    <a data-rel=\"iLightbox[postimages]\" data-title=\"EnduroGP-France-aIMG_4640\" data-caption=\"\" href=\"https:\/\/fr.motocrossmag.be\/wp-content\/uploads\/2019\/10\/EnduroGP-France-aIMG_4640.jpg\" data-rel=\"rgg\" rel=\"rgg\" title=\"\" class=\"rgg-disabled size-medium rgg-img\" data-src=\"https:\/\/fr.motocrossmag.be\/wp-content\/uploads\/2019\/10\/EnduroGP-France-aIMG_4640-650x434.jpg\" data-ratio=\"1.4976958525346\" data-height=\"434\" data-width=\"650\" aria-label=\"\">\n                            <\/a>\n                    <a data-rel=\"iLightbox[postimages]\" data-title=\"EnduroGP-France-aIMG_5051\" data-caption=\"\" href=\"https:\/\/fr.motocrossmag.be\/wp-content\/uploads\/2019\/10\/EnduroGP-France-aIMG_5051.jpg\" data-rel=\"rgg\" rel=\"rgg\" title=\"\" class=\"rgg-disabled size-medium rgg-img\" data-src=\"https:\/\/fr.motocrossmag.be\/wp-content\/uploads\/2019\/10\/EnduroGP-France-aIMG_5051-533x800.jpg\" data-ratio=\"0.66625\" data-height=\"800\" data-width=\"533\" aria-label=\"\">\n                            <\/a>\n                    <a data-rel=\"iLightbox[postimages]\" data-title=\"EnduroGP-France-aIMG_4112\" data-caption=\"\" href=\"https:\/\/fr.motocrossmag.be\/wp-content\/uploads\/2019\/10\/EnduroGP-France-aIMG_4112.jpg\" data-rel=\"rgg\" rel=\"rgg\" title=\"\" class=\"rgg-disabled size-medium rgg-img\" data-src=\"https:\/\/fr.motocrossmag.be\/wp-content\/uploads\/2019\/10\/EnduroGP-France-aIMG_4112-533x800.jpg\" data-ratio=\"0.66625\" data-height=\"800\" data-width=\"533\" aria-label=\"\">\n                            <\/a>\n                    <a data-rel=\"iLightbox[postimages]\" data-title=\"EnduroGP-France-aIMG_5186\" data-caption=\"\" href=\"https:\/\/fr.motocrossmag.be\/wp-content\/uploads\/2019\/10\/EnduroGP-France-aIMG_5186.jpg\" data-rel=\"rgg\" rel=\"rgg\" title=\"\" class=\"rgg-disabled size-medium rgg-img\" data-src=\"https:\/\/fr.motocrossmag.be\/wp-content\/uploads\/2019\/10\/EnduroGP-France-aIMG_5186-533x800.jpg\" data-ratio=\"0.66625\" data-height=\"800\" data-width=\"533\" aria-label=\"\">\n                            <\/a>\n                    <a data-rel=\"iLightbox[postimages]\" data-title=\"EnduroGP-France-aIMG_5190\" data-caption=\"\" href=\"https:\/\/fr.motocrossmag.be\/wp-content\/uploads\/2019\/10\/EnduroGP-France-aIMG_5190.jpg\" data-rel=\"rgg\" rel=\"rgg\" title=\"\" class=\"rgg-disabled size-medium rgg-img\" data-src=\"https:\/\/fr.motocrossmag.be\/wp-content\/uploads\/2019\/10\/EnduroGP-France-aIMG_5190-650x434.jpg\" data-ratio=\"1.4976958525346\" data-height=\"434\" data-width=\"650\" aria-label=\"\">\n                            <\/a>\n                    <a data-rel=\"iLightbox[postimages]\" data-title=\"EnduroGP-France-aIMG_5081\" data-caption=\"\" href=\"https:\/\/fr.motocrossmag.be\/wp-content\/uploads\/2019\/10\/EnduroGP-France-aIMG_5081.jpg\" data-rel=\"rgg\" rel=\"rgg\" title=\"\" class=\"rgg-disabled size-medium rgg-img\" data-src=\"https:\/\/fr.motocrossmag.be\/wp-content\/uploads\/2019\/10\/EnduroGP-France-aIMG_5081-533x800.jpg\" data-ratio=\"0.66625\" data-height=\"800\" data-width=\"533\" aria-label=\"\">\n                            <\/a>\n                    <a data-rel=\"iLightbox[postimages]\" data-title=\"EnduroGP-France-aIMG_4974\" data-caption=\"\" href=\"https:\/\/fr.motocrossmag.be\/wp-content\/uploads\/2019\/10\/EnduroGP-France-aIMG_4974.jpg\" data-rel=\"rgg\" rel=\"rgg\" title=\"\" class=\"rgg-disabled size-medium rgg-img\" data-src=\"https:\/\/fr.motocrossmag.be\/wp-content\/uploads\/2019\/10\/EnduroGP-France-aIMG_4974-533x800.jpg\" data-ratio=\"0.66625\" data-height=\"800\" data-width=\"533\" aria-label=\"\">\n                            <\/a>\n                    <a data-rel=\"iLightbox[postimages]\" data-title=\"EnduroGP-France-aIMG_5200\" data-caption=\"\" href=\"https:\/\/fr.motocrossmag.be\/wp-content\/uploads\/2019\/10\/EnduroGP-France-aIMG_5200.jpg\" data-rel=\"rgg\" rel=\"rgg\" title=\"\" class=\"rgg-disabled size-medium rgg-img\" data-src=\"https:\/\/fr.motocrossmag.be\/wp-content\/uploads\/2019\/10\/EnduroGP-France-aIMG_5200-533x800.jpg\" data-ratio=\"0.66625\" data-height=\"800\" data-width=\"533\" aria-label=\"\">\n                            <\/a>\n                    <a data-rel=\"iLightbox[postimages]\" data-title=\"EnduroGP-France-aIMG_4854\" data-caption=\"\" href=\"https:\/\/fr.motocrossmag.be\/wp-content\/uploads\/2019\/10\/EnduroGP-France-aIMG_4854.jpg\" data-rel=\"rgg\" rel=\"rgg\" title=\"\" class=\"rgg-disabled size-medium rgg-img\" data-src=\"https:\/\/fr.motocrossmag.be\/wp-content\/uploads\/2019\/10\/EnduroGP-France-aIMG_4854-533x800.jpg\" data-ratio=\"0.66625\" data-height=\"800\" data-width=\"533\" aria-label=\"\">\n                            <\/a>\n                    <a data-rel=\"iLightbox[postimages]\" data-title=\"EnduroGP-France-aIMG_4603\" data-caption=\"\" href=\"https:\/\/fr.motocrossmag.be\/wp-content\/uploads\/2019\/10\/EnduroGP-France-aIMG_4603.jpg\" data-rel=\"rgg\" rel=\"rgg\" title=\"\" class=\"rgg-disabled size-medium rgg-img\" data-src=\"https:\/\/fr.motocrossmag.be\/wp-content\/uploads\/2019\/10\/EnduroGP-France-aIMG_4603-533x800.jpg\" data-ratio=\"0.66625\" data-height=\"800\" data-width=\"533\" aria-label=\"\">\n                            <\/a>\n                    <a data-rel=\"iLightbox[postimages]\" data-title=\"EnduroGP-France-aIMG_4619\" data-caption=\"\" href=\"https:\/\/fr.motocrossmag.be\/wp-content\/uploads\/2019\/10\/EnduroGP-France-aIMG_4619.jpg\" data-rel=\"rgg\" rel=\"rgg\" title=\"\" class=\"rgg-disabled size-medium rgg-img\" data-src=\"https:\/\/fr.motocrossmag.be\/wp-content\/uploads\/2019\/10\/EnduroGP-France-aIMG_4619-533x800.jpg\" data-ratio=\"0.66625\" data-height=\"800\" data-width=\"533\" aria-label=\"\">\n                            <\/a>\n                    <a data-rel=\"iLightbox[postimages]\" data-title=\"EnduroGP-France-aIMG_4897\" data-caption=\"\" href=\"https:\/\/fr.motocrossmag.be\/wp-content\/uploads\/2019\/10\/EnduroGP-France-aIMG_4897.jpg\" data-rel=\"rgg\" rel=\"rgg\" title=\"\" class=\"rgg-disabled size-medium rgg-img\" data-src=\"https:\/\/fr.motocrossmag.be\/wp-content\/uploads\/2019\/10\/EnduroGP-France-aIMG_4897-533x800.jpg\" data-ratio=\"0.66625\" data-height=\"800\" data-width=\"533\" aria-label=\"\">\n                            <\/a>\n            <\/div>\n<\/div>\n<p>&nbsp;<\/p>\n<div id=\"ConnectiveDocSignExtentionInstalled\" data-extension-version=\"1.0.4\"><\/div>\n","protected":false},"excerpt":{"rendered":"<p>Il y avait beaucoup de Belges le week-end dernier \u00e0 Ambert pour la finale du championnat du monde EnduroGP. Outre les habitu\u00e9s que sont d\u00e9sormais Antoine Magain et Matthew Vanoevelen, [&#8230;]<\/p>\n","protected":false},"author":932,"featured_media":97627,"comment_status":"open","ping_status":"closed","sticky":false,"template":"","format":"standard","meta":{"footnotes":""},"categories":[54,32,34,33,55,66,65],"tags":[951],"class_list":["post-97578","post","type-post","status-publish","format-standard","has-post-thumbnail","hentry","category-actualite","category-enduro","category-endurogp","category-news-enduro","category-news-actualite","category-photos","category-slideshow","tag-enduro"],"yoast_head":"<!-- This site is optimized with the Yoast SEO plugin v27.4 - https:\/\/yoast.com\/product\/yoast-seo-wordpress\/ -->\n<title>Photos : les Belges sur la finale du championnat du monde EnduroGP \u00e0 Ambert - Motocross - Enduro - Supermoto | MotocrossMag<\/title>\n<meta name=\"robots\" content=\"index, follow, max-snippet:-1, max-image-preview:large, max-video-preview:-1\" \/>\n<link rel=\"canonical\" href=\"https:\/\/fr.motocrossmag.be\/index.php\/2019\/10\/photos-les-belges-sur-la-finale-du-championnat-du-monde-endurogp-a-ambert\/\" \/>\n<meta property=\"og:locale\" content=\"fr_FR\" \/>\n<meta property=\"og:type\" content=\"article\" \/>\n<meta property=\"og:title\" content=\"Photos : les Belges sur la finale du championnat du monde EnduroGP \u00e0 Ambert - Motocross - Enduro - Supermoto | MotocrossMag\" \/>\n<meta property=\"og:description\" content=\"Il y avait beaucoup de Belges le week-end dernier \u00e0 Ambert pour la finale du championnat du monde EnduroGP. Outre les habitu\u00e9s que sont d\u00e9sormais Antoine Magain et Matthew Vanoevelen, [...]\" \/>\n<meta property=\"og:url\" content=\"https:\/\/fr.motocrossmag.be\/index.php\/2019\/10\/photos-les-belges-sur-la-finale-du-championnat-du-monde-endurogp-a-ambert\/\" \/>\n<meta property=\"og:site_name\" content=\"Motocross - Enduro - Supermoto | MotocrossMag\" \/>\n<meta property=\"article:published_time\" content=\"2019-10-03T15:37:20+00:00\" \/>\n<meta property=\"og:image\" content=\"https:\/\/fr.motocrossmag.be\/wp-content\/uploads\/2019\/10\/EnduroGP-France-aIMG_5212.jpg\" \/>\n\t<meta property=\"og:image:width\" content=\"1000\" \/>\n\t<meta property=\"og:image:height\" content=\"667\" \/>\n\t<meta property=\"og:image:type\" content=\"image\/jpeg\" \/>\n<meta name=\"author\" content=\"oliviere\" \/>\n<meta name=\"twitter:card\" content=\"summary_large_image\" \/>\n<meta name=\"twitter:label1\" content=\"\u00c9crit par\" \/>\n\t<meta name=\"twitter:data1\" content=\"oliviere\" \/>\n\t<meta name=\"twitter:label2\" content=\"Dur\u00e9e de lecture estim\u00e9e\" \/>\n\t<meta name=\"twitter:data2\" content=\"1 minute\" \/>\n<script type=\"application\/ld+json\" class=\"yoast-schema-graph\">{\"@context\":\"https:\\\/\\\/schema.org\",\"@graph\":[{\"@type\":\"Article\",\"@id\":\"https:\\\/\\\/fr.motocrossmag.be\\\/index.php\\\/2019\\\/10\\\/photos-les-belges-sur-la-finale-du-championnat-du-monde-endurogp-a-ambert\\\/#article\",\"isPartOf\":{\"@id\":\"https:\\\/\\\/fr.motocrossmag.be\\\/index.php\\\/2019\\\/10\\\/photos-les-belges-sur-la-finale-du-championnat-du-monde-endurogp-a-ambert\\\/\"},\"author\":{\"name\":\"oliviere\",\"@id\":\"https:\\\/\\\/fr.motocrossmag.be\\\/#\\\/schema\\\/person\\\/11b47143d9f755babca2c9110e03235c\"},\"headline\":\"Photos : les Belges sur la finale du championnat du monde EnduroGP \u00e0 Ambert\",\"datePublished\":\"2019-10-03T15:37:20+00:00\",\"mainEntityOfPage\":{\"@id\":\"https:\\\/\\\/fr.motocrossmag.be\\\/index.php\\\/2019\\\/10\\\/photos-les-belges-sur-la-finale-du-championnat-du-monde-endurogp-a-ambert\\\/\"},\"wordCount\":214,\"commentCount\":0,\"image\":{\"@id\":\"https:\\\/\\\/fr.motocrossmag.be\\\/index.php\\\/2019\\\/10\\\/photos-les-belges-sur-la-finale-du-championnat-du-monde-endurogp-a-ambert\\\/#primaryimage\"},\"thumbnailUrl\":\"https:\\\/\\\/fr.motocrossmag.be\\\/wp-content\\\/uploads\\\/2019\\\/10\\\/EnduroGP-France-aIMG_5212.jpg\",\"keywords\":[\"Enduro\"],\"articleSection\":[\"Actualit\u00e9\",\"Enduro\",\"EnduroGP\",\"News\",\"News\",\"Photos\",\"Slideshow\"],\"inLanguage\":\"fr-FR\",\"potentialAction\":[{\"@type\":\"CommentAction\",\"name\":\"Comment\",\"target\":[\"https:\\\/\\\/fr.motocrossmag.be\\\/index.php\\\/2019\\\/10\\\/photos-les-belges-sur-la-finale-du-championnat-du-monde-endurogp-a-ambert\\\/#respond\"]}]},{\"@type\":\"WebPage\",\"@id\":\"https:\\\/\\\/fr.motocrossmag.be\\\/index.php\\\/2019\\\/10\\\/photos-les-belges-sur-la-finale-du-championnat-du-monde-endurogp-a-ambert\\\/\",\"url\":\"https:\\\/\\\/fr.motocrossmag.be\\\/index.php\\\/2019\\\/10\\\/photos-les-belges-sur-la-finale-du-championnat-du-monde-endurogp-a-ambert\\\/\",\"name\":\"Photos : les Belges sur la finale du championnat du monde EnduroGP \u00e0 Ambert - Motocross - Enduro - Supermoto | MotocrossMag\",\"isPartOf\":{\"@id\":\"https:\\\/\\\/fr.motocrossmag.be\\\/#website\"},\"primaryImageOfPage\":{\"@id\":\"https:\\\/\\\/fr.motocrossmag.be\\\/index.php\\\/2019\\\/10\\\/photos-les-belges-sur-la-finale-du-championnat-du-monde-endurogp-a-ambert\\\/#primaryimage\"},\"image\":{\"@id\":\"https:\\\/\\\/fr.motocrossmag.be\\\/index.php\\\/2019\\\/10\\\/photos-les-belges-sur-la-finale-du-championnat-du-monde-endurogp-a-ambert\\\/#primaryimage\"},\"thumbnailUrl\":\"https:\\\/\\\/fr.motocrossmag.be\\\/wp-content\\\/uploads\\\/2019\\\/10\\\/EnduroGP-France-aIMG_5212.jpg\",\"datePublished\":\"2019-10-03T15:37:20+00:00\",\"author\":{\"@id\":\"https:\\\/\\\/fr.motocrossmag.be\\\/#\\\/schema\\\/person\\\/11b47143d9f755babca2c9110e03235c\"},\"breadcrumb\":{\"@id\":\"https:\\\/\\\/fr.motocrossmag.be\\\/index.php\\\/2019\\\/10\\\/photos-les-belges-sur-la-finale-du-championnat-du-monde-endurogp-a-ambert\\\/#breadcrumb\"},\"inLanguage\":\"fr-FR\",\"potentialAction\":[{\"@type\":\"ReadAction\",\"target\":[\"https:\\\/\\\/fr.motocrossmag.be\\\/index.php\\\/2019\\\/10\\\/photos-les-belges-sur-la-finale-du-championnat-du-monde-endurogp-a-ambert\\\/\"]}]},{\"@type\":\"ImageObject\",\"inLanguage\":\"fr-FR\",\"@id\":\"https:\\\/\\\/fr.motocrossmag.be\\\/index.php\\\/2019\\\/10\\\/photos-les-belges-sur-la-finale-du-championnat-du-monde-endurogp-a-ambert\\\/#primaryimage\",\"url\":\"https:\\\/\\\/fr.motocrossmag.be\\\/wp-content\\\/uploads\\\/2019\\\/10\\\/EnduroGP-France-aIMG_5212.jpg\",\"contentUrl\":\"https:\\\/\\\/fr.motocrossmag.be\\\/wp-content\\\/uploads\\\/2019\\\/10\\\/EnduroGP-France-aIMG_5212.jpg\",\"width\":1000,\"height\":667},{\"@type\":\"BreadcrumbList\",\"@id\":\"https:\\\/\\\/fr.motocrossmag.be\\\/index.php\\\/2019\\\/10\\\/photos-les-belges-sur-la-finale-du-championnat-du-monde-endurogp-a-ambert\\\/#breadcrumb\",\"itemListElement\":[{\"@type\":\"ListItem\",\"position\":1,\"name\":\"Accueil\",\"item\":\"https:\\\/\\\/fr.motocrossmag.be\\\/\"},{\"@type\":\"ListItem\",\"position\":2,\"name\":\"Photos : les Belges sur la finale du championnat du monde EnduroGP \u00e0 Ambert\"}]},{\"@type\":\"WebSite\",\"@id\":\"https:\\\/\\\/fr.motocrossmag.be\\\/#website\",\"url\":\"https:\\\/\\\/fr.motocrossmag.be\\\/\",\"name\":\"Motocross - Enduro - Supermoto | MotocrossMag\",\"description\":\"L&#039;actualit\u00e9 du motocross, de l&#039;enduro et du Supermoto en ligne!\",\"potentialAction\":[{\"@type\":\"SearchAction\",\"target\":{\"@type\":\"EntryPoint\",\"urlTemplate\":\"https:\\\/\\\/fr.motocrossmag.be\\\/?s={search_term_string}\"},\"query-input\":{\"@type\":\"PropertyValueSpecification\",\"valueRequired\":true,\"valueName\":\"search_term_string\"}}],\"inLanguage\":\"fr-FR\"},{\"@type\":\"Person\",\"@id\":\"https:\\\/\\\/fr.motocrossmag.be\\\/#\\\/schema\\\/person\\\/11b47143d9f755babca2c9110e03235c\",\"name\":\"oliviere\",\"image\":{\"@type\":\"ImageObject\",\"inLanguage\":\"fr-FR\",\"@id\":\"https:\\\/\\\/secure.gravatar.com\\\/avatar\\\/907069e0b81d119452040469e4a7501da1100f54f7f80180ce77bfab718288f6?s=96&d=mm&r=g\",\"url\":\"https:\\\/\\\/secure.gravatar.com\\\/avatar\\\/907069e0b81d119452040469e4a7501da1100f54f7f80180ce77bfab718288f6?s=96&d=mm&r=g\",\"contentUrl\":\"https:\\\/\\\/secure.gravatar.com\\\/avatar\\\/907069e0b81d119452040469e4a7501da1100f54f7f80180ce77bfab718288f6?s=96&d=mm&r=g\",\"caption\":\"oliviere\"},\"sameAs\":[\"http:\\\/\\\/www.motocrossmag.be\"],\"url\":\"https:\\\/\\\/fr.motocrossmag.be\\\/index.php\\\/author\\\/oliviere\\\/\"}]}<\/script>\n<!-- \/ Yoast SEO plugin. -->","yoast_head_json":{"title":"Photos : les Belges sur la finale du championnat du monde EnduroGP \u00e0 Ambert - Motocross - Enduro - Supermoto | MotocrossMag","robots":{"index":"index","follow":"follow","max-snippet":"max-snippet:-1","max-image-preview":"max-image-preview:large","max-video-preview":"max-video-preview:-1"},"canonical":"https:\/\/fr.motocrossmag.be\/index.php\/2019\/10\/photos-les-belges-sur-la-finale-du-championnat-du-monde-endurogp-a-ambert\/","og_locale":"fr_FR","og_type":"article","og_title":"Photos : les Belges sur la finale du championnat du monde EnduroGP \u00e0 Ambert - Motocross - Enduro - Supermoto | MotocrossMag","og_description":"Il y avait beaucoup de Belges le week-end dernier \u00e0 Ambert pour la finale du championnat du monde EnduroGP. Outre les habitu\u00e9s que sont d\u00e9sormais Antoine Magain et Matthew Vanoevelen, [...]","og_url":"https:\/\/fr.motocrossmag.be\/index.php\/2019\/10\/photos-les-belges-sur-la-finale-du-championnat-du-monde-endurogp-a-ambert\/","og_site_name":"Motocross - Enduro - Supermoto | MotocrossMag","article_published_time":"2019-10-03T15:37:20+00:00","og_image":[{"width":1000,"height":667,"url":"https:\/\/fr.motocrossmag.be\/wp-content\/uploads\/2019\/10\/EnduroGP-France-aIMG_5212.jpg","type":"image\/jpeg"}],"author":"oliviere","twitter_card":"summary_large_image","twitter_misc":{"\u00c9crit par":"oliviere","Dur\u00e9e de lecture estim\u00e9e":"1 minute"},"schema":{"@context":"https:\/\/schema.org","@graph":[{"@type":"Article","@id":"https:\/\/fr.motocrossmag.be\/index.php\/2019\/10\/photos-les-belges-sur-la-finale-du-championnat-du-monde-endurogp-a-ambert\/#article","isPartOf":{"@id":"https:\/\/fr.motocrossmag.be\/index.php\/2019\/10\/photos-les-belges-sur-la-finale-du-championnat-du-monde-endurogp-a-ambert\/"},"author":{"name":"oliviere","@id":"https:\/\/fr.motocrossmag.be\/#\/schema\/person\/11b47143d9f755babca2c9110e03235c"},"headline":"Photos : les Belges sur la finale du championnat du monde EnduroGP \u00e0 Ambert","datePublished":"2019-10-03T15:37:20+00:00","mainEntityOfPage":{"@id":"https:\/\/fr.motocrossmag.be\/index.php\/2019\/10\/photos-les-belges-sur-la-finale-du-championnat-du-monde-endurogp-a-ambert\/"},"wordCount":214,"commentCount":0,"image":{"@id":"https:\/\/fr.motocrossmag.be\/index.php\/2019\/10\/photos-les-belges-sur-la-finale-du-championnat-du-monde-endurogp-a-ambert\/#primaryimage"},"thumbnailUrl":"https:\/\/fr.motocrossmag.be\/wp-content\/uploads\/2019\/10\/EnduroGP-France-aIMG_5212.jpg","keywords":["Enduro"],"articleSection":["Actualit\u00e9","Enduro","EnduroGP","News","News","Photos","Slideshow"],"inLanguage":"fr-FR","potentialAction":[{"@type":"CommentAction","name":"Comment","target":["https:\/\/fr.motocrossmag.be\/index.php\/2019\/10\/photos-les-belges-sur-la-finale-du-championnat-du-monde-endurogp-a-ambert\/#respond"]}]},{"@type":"WebPage","@id":"https:\/\/fr.motocrossmag.be\/index.php\/2019\/10\/photos-les-belges-sur-la-finale-du-championnat-du-monde-endurogp-a-ambert\/","url":"https:\/\/fr.motocrossmag.be\/index.php\/2019\/10\/photos-les-belges-sur-la-finale-du-championnat-du-monde-endurogp-a-ambert\/","name":"Photos : les Belges sur la finale du championnat du monde EnduroGP \u00e0 Ambert - Motocross - Enduro - Supermoto | MotocrossMag","isPartOf":{"@id":"https:\/\/fr.motocrossmag.be\/#website"},"primaryImageOfPage":{"@id":"https:\/\/fr.motocrossmag.be\/index.php\/2019\/10\/photos-les-belges-sur-la-finale-du-championnat-du-monde-endurogp-a-ambert\/#primaryimage"},"image":{"@id":"https:\/\/fr.motocrossmag.be\/index.php\/2019\/10\/photos-les-belges-sur-la-finale-du-championnat-du-monde-endurogp-a-ambert\/#primaryimage"},"thumbnailUrl":"https:\/\/fr.motocrossmag.be\/wp-content\/uploads\/2019\/10\/EnduroGP-France-aIMG_5212.jpg","datePublished":"2019-10-03T15:37:20+00:00","author":{"@id":"https:\/\/fr.motocrossmag.be\/#\/schema\/person\/11b47143d9f755babca2c9110e03235c"},"breadcrumb":{"@id":"https:\/\/fr.motocrossmag.be\/index.php\/2019\/10\/photos-les-belges-sur-la-finale-du-championnat-du-monde-endurogp-a-ambert\/#breadcrumb"},"inLanguage":"fr-FR","potentialAction":[{"@type":"ReadAction","target":["https:\/\/fr.motocrossmag.be\/index.php\/2019\/10\/photos-les-belges-sur-la-finale-du-championnat-du-monde-endurogp-a-ambert\/"]}]},{"@type":"ImageObject","inLanguage":"fr-FR","@id":"https:\/\/fr.motocrossmag.be\/index.php\/2019\/10\/photos-les-belges-sur-la-finale-du-championnat-du-monde-endurogp-a-ambert\/#primaryimage","url":"https:\/\/fr.motocrossmag.be\/wp-content\/uploads\/2019\/10\/EnduroGP-France-aIMG_5212.jpg","contentUrl":"https:\/\/fr.motocrossmag.be\/wp-content\/uploads\/2019\/10\/EnduroGP-France-aIMG_5212.jpg","width":1000,"height":667},{"@type":"BreadcrumbList","@id":"https:\/\/fr.motocrossmag.be\/index.php\/2019\/10\/photos-les-belges-sur-la-finale-du-championnat-du-monde-endurogp-a-ambert\/#breadcrumb","itemListElement":[{"@type":"ListItem","position":1,"name":"Accueil","item":"https:\/\/fr.motocrossmag.be\/"},{"@type":"ListItem","position":2,"name":"Photos : les Belges sur la finale du championnat du monde EnduroGP \u00e0 Ambert"}]},{"@type":"WebSite","@id":"https:\/\/fr.motocrossmag.be\/#website","url":"https:\/\/fr.motocrossmag.be\/","name":"Motocross - Enduro - Supermoto | MotocrossMag","description":"L&#039;actualit\u00e9 du motocross, de l&#039;enduro et du Supermoto en ligne!","potentialAction":[{"@type":"SearchAction","target":{"@type":"EntryPoint","urlTemplate":"https:\/\/fr.motocrossmag.be\/?s={search_term_string}"},"query-input":{"@type":"PropertyValueSpecification","valueRequired":true,"valueName":"search_term_string"}}],"inLanguage":"fr-FR"},{"@type":"Person","@id":"https:\/\/fr.motocrossmag.be\/#\/schema\/person\/11b47143d9f755babca2c9110e03235c","name":"oliviere","image":{"@type":"ImageObject","inLanguage":"fr-FR","@id":"https:\/\/secure.gravatar.com\/avatar\/907069e0b81d119452040469e4a7501da1100f54f7f80180ce77bfab718288f6?s=96&d=mm&r=g","url":"https:\/\/secure.gravatar.com\/avatar\/907069e0b81d119452040469e4a7501da1100f54f7f80180ce77bfab718288f6?s=96&d=mm&r=g","contentUrl":"https:\/\/secure.gravatar.com\/avatar\/907069e0b81d119452040469e4a7501da1100f54f7f80180ce77bfab718288f6?s=96&d=mm&r=g","caption":"oliviere"},"sameAs":["http:\/\/www.motocrossmag.be"],"url":"https:\/\/fr.motocrossmag.be\/index.php\/author\/oliviere\/"}]}},"_links":{"self":[{"href":"https:\/\/fr.motocrossmag.be\/index.php\/wp-json\/wp\/v2\/posts\/97578","targetHints":{"allow":["GET"]}}],"collection":[{"href":"https:\/\/fr.motocrossmag.be\/index.php\/wp-json\/wp\/v2\/posts"}],"about":[{"href":"https:\/\/fr.motocrossmag.be\/index.php\/wp-json\/wp\/v2\/types\/post"}],"author":[{"embeddable":true,"href":"https:\/\/fr.motocrossmag.be\/index.php\/wp-json\/wp\/v2\/users\/932"}],"replies":[{"embeddable":true,"href":"https:\/\/fr.motocrossmag.be\/index.php\/wp-json\/wp\/v2\/comments?post=97578"}],"version-history":[{"count":0,"href":"https:\/\/fr.motocrossmag.be\/index.php\/wp-json\/wp\/v2\/posts\/97578\/revisions"}],"wp:featuredmedia":[{"embeddable":true,"href":"https:\/\/fr.motocrossmag.be\/index.php\/wp-json\/wp\/v2\/media\/97627"}],"wp:attachment":[{"href":"https:\/\/fr.motocrossmag.be\/index.php\/wp-json\/wp\/v2\/media?parent=97578"}],"wp:term":[{"taxonomy":"category","embeddable":true,"href":"https:\/\/fr.motocrossmag.be\/index.php\/wp-json\/wp\/v2\/categories?post=97578"},{"taxonomy":"post_tag","embeddable":true,"href":"https:\/\/fr.motocrossmag.be\/index.php\/wp-json\/wp\/v2\/tags?post=97578"}],"curies":[{"name":"wp","href":"https:\/\/api.w.org\/{rel}","templated":true}]}}