{"id":976,"date":"2008-06-23T23:26:09","date_gmt":"2008-06-23T22:26:09","guid":{"rendered":"http:\/\/www.motocrossmag.be\/?p=976"},"modified":"2008-06-23T23:28:27","modified_gmt":"2008-06-23T22:28:27","slug":"motocross-international-pourcel-file-vers-un-nouveau-titre-francais","status":"publish","type":"post","link":"https:\/\/fr.motocrossmag.be\/index.php\/2008\/06\/motocross-international-pourcel-file-vers-un-nouveau-titre-francais\/","title":{"rendered":"Motocross international | Pourcel file vers un nouveau titre fran\u00e7ais"},"content":{"rendered":"<p>L&rsquo;avant-derni\u00e8re manche du championnat Elite fran\u00e7ais s&rsquo;est d\u00e9roul\u00e9e ce week-end sur le circuit d&rsquo;Iffendic.<br \/>\nSur le trac\u00e9 breton, c&rsquo;est encore une fois S\u00e9bastien Pourcel qui s&rsquo;est montr\u00e9 le plus fort. En premi\u00e8re manche MX1, le pilote Kawasaki s&rsquo;impose assez facilement devant Nicolas Aubin et Gr\u00e9gory Aranda, tandis qu&rsquo;Aubin parvient &agrave; s&rsquo;accrocher &agrave; Pourcel dans la seconde avant de le d\u00e9border pour lui voler la victoire.<\/p>\n<p>Pourcel va prendre une revanche d&rsquo;autant plus facile en Super Finale que Nicolas Aubin chute en d\u00e9but de course. Le leader du championnat creuse d\u00e9s lors rapidemet l&rsquo;\u00e9cart en t\u00eate de la course pour s&rsquo;imposer largement devant Cyrille Coulon et Anthony Boissi\u00e8re, meilleur pilote MX2.<\/p>\n<p><img decoding=\"async\" class=\"lazyload alignnone size-full wp-image-977\" title=\"Vainqueur ce week-end de l\\'avant-derni\u00e8re \u00e9preuve du championnat de France Elite, Seb Pourcel file vers un nouveau sacre national...\" src=\"http:\/\/www.motocrossmag.be\/wp-content\/uploads\/2008\/06\/pourcel.jpg\" data-orig-src=\"http:\/\/www.motocrossmag.be\/wp-content\/uploads\/2008\/06\/pourcel.jpg\" alt=\"\" width=\"500\" height=\"334\" srcset=\"data:image\/svg+xml,%3Csvg%20xmlns%3D%27http%3A%2F%2Fwww.w3.org%2F2000%2Fsvg%27%20width%3D%27500%27%20height%3D%27334%27%20viewBox%3D%270%200%20500%20334%27%3E%3Crect%20width%3D%27500%27%20height%3D%27334%27%20fill-opacity%3D%220%22%2F%3E%3C%2Fsvg%3E\" data-srcset=\"https:\/\/fr.motocrossmag.be\/wp-content\/uploads\/2008\/06\/pourcel-300x200.jpg 300w, https:\/\/fr.motocrossmag.be\/wp-content\/uploads\/2008\/06\/pourcel.jpg 500w\" data-sizes=\"auto\" data-orig-sizes=\"(max-width: 500px) 100vw, 500px\" \/><\/p>\n<p>Boissi\u00e8re n&rsquo;\u00e9tait pourtant pas parvenu &agrave; s&rsquo;imposer dans les manches r\u00e9serv\u00e9es aux pilotes MX2 plus t\u00f4t dans la journ\u00e9e. En premi\u00e8re manche, il \u00e9choue dans la roue de Marvin Musquin apr\u00e8s avoir chut\u00e9 en d\u00e9but de course, tandis que Steven Frossard s&rsquo;impose apr\u00e8s avoir fait le trou d\u00e8s les premiers tours. En seconde, Boissi\u00e8re se retrouve &agrave; nouveau dans la roue de Musquin d\u00e8s les premiers virages mais il ne parviendra jaais &agrave; trouver l&rsquo;ouverture. Steven Frossard, qui \u00e9tait rest\u00e9 call\u00e9 derri\u00e8re la grille de d\u00e9part, termine cette fois &agrave; la 3\u00e8me place.<\/p>\n<p>Au championnat MX1, Seb Pourcel semble voler vers un nouveau titre fran\u00e7ais, tandis que Frossard compte &agrave; pr\u00e9sent 25 points d&rsquo;avance sur Boissi\u00e8re en MX2.<\/p>\n<p><strong>R\u00e9sultats<\/strong><\/p>\n<p><strong>MX1<\/strong><\/p>\n<p>Manche 1 : 1 Pourcel Sebastien; 2 Aubin Nicolas; 3 Aranda Gr\u00e9gory; 4 Allier Thomas; 5 Rouis Alexandre; 6 Emery Maxime; 7 Beaudouin Raphael; 8 Coulon Cyrille; 9 Delepierre Nicolas; 10 Demeure M\u00e9d\u00e9ric;&#8230;<\/p>\n<p>Manche 2 : 1 Aubin Nicolas; 2 Pourcel Sebastien; 3 Allier Thomas; 4 Aranda Gr\u00e9gory; 5 Coulon Cyrille; 6 Leonce Lo\u00efc; 7 Rouis Alexandre; 8 Vanni Julien; 9 Beaudouin Raphael;&#8230;<\/p>\n<p><strong>MX2<\/strong><\/p>\n<p>Manche 1: 1 Frossard Steven; 2 Musquin Marvin; 3 Boissiere Anthony; 4 Larrieu Lo\u00efc; 5 Rombaut Lo\u00efc; 6 Tonus Arnaud; 7 Soubeyras C\u00e9dric; 8 Charlier Christophe; 9 Chastel Killian; 10 Sallefranque Josse;&#8230;<\/p>\n<p>Manche 2: 1 Musquin Marvin; 2 Boissiere Anthony; 3 Frossard Steven; 4 Larrieu Lo\u00efc; 5 Rombaut Lo\u00efc; 6 Soubeyras C\u00e9dric; 7 Charlier Christophe; 8 Demartis St\u00e9phan; 9 Potisek Milko; 10 Tonus Arnaud;&#8230;<\/p>\n<p><strong>Superfinale<\/strong><\/p>\n<p>1.Pourcel Sebastien, 2.Coulon Cyrille, 3.Boissiere Anthony, 4.Frossard Steven, 5.Musquin Marvin, 6.Leonce Loic, 7.Martin Christophe, 8.Aranda Gregory, 9.Rombaut Loic, 10.Charlier Christophe&#8230;<\/p>\n<p><strong>Classements provisoires<\/strong><\/p>\n<p>MX2 : 1.Frossard 361, 2.Boissi\u00e8re 336, 3.Musquin 284, 4.Rombaut 251, 5.Larrieu 224 &#8230;<\/p>\n<p>MX1 : 1.Pourcel 356, 2.Aranda 317, 3.Aubin 310, 4.Coulon 308, 5.Allier 272 &#8230;<\/p>\n","protected":false},"excerpt":{"rendered":"<p>L&rsquo;avant-derni\u00e8re manche du championnat Elite fran\u00e7ais s&rsquo;est d\u00e9roul\u00e9e ce week-end sur le circuit d&rsquo;Iffendic. Sur le trac\u00e9 breton, c&rsquo;est encore une fois S\u00e9bastien Pourcel qui s&rsquo;est montr\u00e9 le plus fort. [&#8230;]<\/p>\n","protected":false},"author":932,"featured_media":0,"comment_status":"open","ping_status":"open","sticky":false,"template":"","format":"standard","meta":{"footnotes":""},"categories":[54,4,5,55],"tags":[],"class_list":["post-976","post","type-post","status-publish","format-standard","hentry","category-actualite","category-motocross","category-news","category-news-actualite"],"yoast_head":"<!-- This site is optimized with the Yoast SEO plugin v27.4 - https:\/\/yoast.com\/product\/yoast-seo-wordpress\/ -->\n<title>Motocross international | Pourcel file vers un nouveau titre fran\u00e7ais - Motocross - Enduro - Supermoto | MotocrossMag<\/title>\n<meta name=\"robots\" content=\"index, follow, max-snippet:-1, max-image-preview:large, max-video-preview:-1\" \/>\n<link rel=\"canonical\" href=\"https:\/\/fr.motocrossmag.be\/index.php\/2008\/06\/motocross-international-pourcel-file-vers-un-nouveau-titre-francais\/\" \/>\n<meta property=\"og:locale\" content=\"fr_FR\" \/>\n<meta property=\"og:type\" content=\"article\" \/>\n<meta property=\"og:title\" content=\"Motocross international | Pourcel file vers un nouveau titre fran\u00e7ais - Motocross - Enduro - Supermoto | MotocrossMag\" \/>\n<meta property=\"og:description\" content=\"L&rsquo;avant-derni\u00e8re manche du championnat Elite fran\u00e7ais s&rsquo;est d\u00e9roul\u00e9e ce week-end sur le circuit d&rsquo;Iffendic. Sur le trac\u00e9 breton, c&rsquo;est encore une fois S\u00e9bastien Pourcel qui s&rsquo;est montr\u00e9 le plus fort. [...]\" \/>\n<meta property=\"og:url\" content=\"https:\/\/fr.motocrossmag.be\/index.php\/2008\/06\/motocross-international-pourcel-file-vers-un-nouveau-titre-francais\/\" \/>\n<meta property=\"og:site_name\" content=\"Motocross - Enduro - Supermoto | MotocrossMag\" \/>\n<meta property=\"article:published_time\" content=\"2008-06-23T22:26:09+00:00\" \/>\n<meta property=\"article:modified_time\" content=\"2008-06-23T22:28:27+00:00\" \/>\n<meta property=\"og:image\" content=\"http:\/\/www.motocrossmag.be\/wp-content\/uploads\/2008\/06\/pourcel.jpg\" \/>\n<meta name=\"author\" content=\"oliviere\" \/>\n<meta name=\"twitter:card\" content=\"summary_large_image\" \/>\n<meta name=\"twitter:label1\" content=\"\u00c9crit par\" \/>\n\t<meta name=\"twitter:data1\" content=\"oliviere\" \/>\n\t<meta name=\"twitter:label2\" content=\"Dur\u00e9e de lecture estim\u00e9e\" \/>\n\t<meta name=\"twitter:data2\" content=\"2 minutes\" \/>\n<script type=\"application\/ld+json\" class=\"yoast-schema-graph\">{\"@context\":\"https:\\\/\\\/schema.org\",\"@graph\":[{\"@type\":\"Article\",\"@id\":\"https:\\\/\\\/fr.motocrossmag.be\\\/index.php\\\/2008\\\/06\\\/motocross-international-pourcel-file-vers-un-nouveau-titre-francais\\\/#article\",\"isPartOf\":{\"@id\":\"https:\\\/\\\/fr.motocrossmag.be\\\/index.php\\\/2008\\\/06\\\/motocross-international-pourcel-file-vers-un-nouveau-titre-francais\\\/\"},\"author\":{\"name\":\"oliviere\",\"@id\":\"https:\\\/\\\/fr.motocrossmag.be\\\/#\\\/schema\\\/person\\\/11b47143d9f755babca2c9110e03235c\"},\"headline\":\"Motocross international | Pourcel file vers un nouveau titre fran\u00e7ais\",\"datePublished\":\"2008-06-23T22:26:09+00:00\",\"dateModified\":\"2008-06-23T22:28:27+00:00\",\"mainEntityOfPage\":{\"@id\":\"https:\\\/\\\/fr.motocrossmag.be\\\/index.php\\\/2008\\\/06\\\/motocross-international-pourcel-file-vers-un-nouveau-titre-francais\\\/\"},\"wordCount\":416,\"commentCount\":0,\"image\":{\"@id\":\"https:\\\/\\\/fr.motocrossmag.be\\\/index.php\\\/2008\\\/06\\\/motocross-international-pourcel-file-vers-un-nouveau-titre-francais\\\/#primaryimage\"},\"thumbnailUrl\":\"http:\\\/\\\/www.motocrossmag.be\\\/wp-content\\\/uploads\\\/2008\\\/06\\\/pourcel.jpg\",\"articleSection\":[\"Actualit\u00e9\",\"Motocross\",\"News\",\"News\"],\"inLanguage\":\"fr-FR\",\"potentialAction\":[{\"@type\":\"CommentAction\",\"name\":\"Comment\",\"target\":[\"https:\\\/\\\/fr.motocrossmag.be\\\/index.php\\\/2008\\\/06\\\/motocross-international-pourcel-file-vers-un-nouveau-titre-francais\\\/#respond\"]}]},{\"@type\":\"WebPage\",\"@id\":\"https:\\\/\\\/fr.motocrossmag.be\\\/index.php\\\/2008\\\/06\\\/motocross-international-pourcel-file-vers-un-nouveau-titre-francais\\\/\",\"url\":\"https:\\\/\\\/fr.motocrossmag.be\\\/index.php\\\/2008\\\/06\\\/motocross-international-pourcel-file-vers-un-nouveau-titre-francais\\\/\",\"name\":\"Motocross international | Pourcel file vers un nouveau titre fran\u00e7ais - Motocross - Enduro - Supermoto | MotocrossMag\",\"isPartOf\":{\"@id\":\"https:\\\/\\\/fr.motocrossmag.be\\\/#website\"},\"primaryImageOfPage\":{\"@id\":\"https:\\\/\\\/fr.motocrossmag.be\\\/index.php\\\/2008\\\/06\\\/motocross-international-pourcel-file-vers-un-nouveau-titre-francais\\\/#primaryimage\"},\"image\":{\"@id\":\"https:\\\/\\\/fr.motocrossmag.be\\\/index.php\\\/2008\\\/06\\\/motocross-international-pourcel-file-vers-un-nouveau-titre-francais\\\/#primaryimage\"},\"thumbnailUrl\":\"http:\\\/\\\/www.motocrossmag.be\\\/wp-content\\\/uploads\\\/2008\\\/06\\\/pourcel.jpg\",\"datePublished\":\"2008-06-23T22:26:09+00:00\",\"dateModified\":\"2008-06-23T22:28:27+00:00\",\"author\":{\"@id\":\"https:\\\/\\\/fr.motocrossmag.be\\\/#\\\/schema\\\/person\\\/11b47143d9f755babca2c9110e03235c\"},\"breadcrumb\":{\"@id\":\"https:\\\/\\\/fr.motocrossmag.be\\\/index.php\\\/2008\\\/06\\\/motocross-international-pourcel-file-vers-un-nouveau-titre-francais\\\/#breadcrumb\"},\"inLanguage\":\"fr-FR\",\"potentialAction\":[{\"@type\":\"ReadAction\",\"target\":[\"https:\\\/\\\/fr.motocrossmag.be\\\/index.php\\\/2008\\\/06\\\/motocross-international-pourcel-file-vers-un-nouveau-titre-francais\\\/\"]}]},{\"@type\":\"ImageObject\",\"inLanguage\":\"fr-FR\",\"@id\":\"https:\\\/\\\/fr.motocrossmag.be\\\/index.php\\\/2008\\\/06\\\/motocross-international-pourcel-file-vers-un-nouveau-titre-francais\\\/#primaryimage\",\"url\":\"http:\\\/\\\/www.motocrossmag.be\\\/wp-content\\\/uploads\\\/2008\\\/06\\\/pourcel.jpg\",\"contentUrl\":\"http:\\\/\\\/www.motocrossmag.be\\\/wp-content\\\/uploads\\\/2008\\\/06\\\/pourcel.jpg\"},{\"@type\":\"BreadcrumbList\",\"@id\":\"https:\\\/\\\/fr.motocrossmag.be\\\/index.php\\\/2008\\\/06\\\/motocross-international-pourcel-file-vers-un-nouveau-titre-francais\\\/#breadcrumb\",\"itemListElement\":[{\"@type\":\"ListItem\",\"position\":1,\"name\":\"Accueil\",\"item\":\"https:\\\/\\\/fr.motocrossmag.be\\\/\"},{\"@type\":\"ListItem\",\"position\":2,\"name\":\"Motocross international | Pourcel file vers un nouveau titre fran\u00e7ais\"}]},{\"@type\":\"WebSite\",\"@id\":\"https:\\\/\\\/fr.motocrossmag.be\\\/#website\",\"url\":\"https:\\\/\\\/fr.motocrossmag.be\\\/\",\"name\":\"Motocross - Enduro - Supermoto | MotocrossMag\",\"description\":\"L&#039;actualit\u00e9 du motocross, de l&#039;enduro et du Supermoto en ligne!\",\"potentialAction\":[{\"@type\":\"SearchAction\",\"target\":{\"@type\":\"EntryPoint\",\"urlTemplate\":\"https:\\\/\\\/fr.motocrossmag.be\\\/?s={search_term_string}\"},\"query-input\":{\"@type\":\"PropertyValueSpecification\",\"valueRequired\":true,\"valueName\":\"search_term_string\"}}],\"inLanguage\":\"fr-FR\"},{\"@type\":\"Person\",\"@id\":\"https:\\\/\\\/fr.motocrossmag.be\\\/#\\\/schema\\\/person\\\/11b47143d9f755babca2c9110e03235c\",\"name\":\"oliviere\",\"image\":{\"@type\":\"ImageObject\",\"inLanguage\":\"fr-FR\",\"@id\":\"https:\\\/\\\/secure.gravatar.com\\\/avatar\\\/907069e0b81d119452040469e4a7501da1100f54f7f80180ce77bfab718288f6?s=96&d=mm&r=g\",\"url\":\"https:\\\/\\\/secure.gravatar.com\\\/avatar\\\/907069e0b81d119452040469e4a7501da1100f54f7f80180ce77bfab718288f6?s=96&d=mm&r=g\",\"contentUrl\":\"https:\\\/\\\/secure.gravatar.com\\\/avatar\\\/907069e0b81d119452040469e4a7501da1100f54f7f80180ce77bfab718288f6?s=96&d=mm&r=g\",\"caption\":\"oliviere\"},\"sameAs\":[\"http:\\\/\\\/www.motocrossmag.be\"],\"url\":\"https:\\\/\\\/fr.motocrossmag.be\\\/index.php\\\/author\\\/oliviere\\\/\"}]}<\/script>\n<!-- \/ Yoast SEO plugin. -->","yoast_head_json":{"title":"Motocross international | Pourcel file vers un nouveau titre fran\u00e7ais - Motocross - Enduro - Supermoto | MotocrossMag","robots":{"index":"index","follow":"follow","max-snippet":"max-snippet:-1","max-image-preview":"max-image-preview:large","max-video-preview":"max-video-preview:-1"},"canonical":"https:\/\/fr.motocrossmag.be\/index.php\/2008\/06\/motocross-international-pourcel-file-vers-un-nouveau-titre-francais\/","og_locale":"fr_FR","og_type":"article","og_title":"Motocross international | Pourcel file vers un nouveau titre fran\u00e7ais - Motocross - Enduro - Supermoto | MotocrossMag","og_description":"L&rsquo;avant-derni\u00e8re manche du championnat Elite fran\u00e7ais s&rsquo;est d\u00e9roul\u00e9e ce week-end sur le circuit d&rsquo;Iffendic. Sur le trac\u00e9 breton, c&rsquo;est encore une fois S\u00e9bastien Pourcel qui s&rsquo;est montr\u00e9 le plus fort. [...]","og_url":"https:\/\/fr.motocrossmag.be\/index.php\/2008\/06\/motocross-international-pourcel-file-vers-un-nouveau-titre-francais\/","og_site_name":"Motocross - Enduro - Supermoto | MotocrossMag","article_published_time":"2008-06-23T22:26:09+00:00","article_modified_time":"2008-06-23T22:28:27+00:00","og_image":[{"url":"http:\/\/www.motocrossmag.be\/wp-content\/uploads\/2008\/06\/pourcel.jpg","type":"","width":"","height":""}],"author":"oliviere","twitter_card":"summary_large_image","twitter_misc":{"\u00c9crit par":"oliviere","Dur\u00e9e de lecture estim\u00e9e":"2 minutes"},"schema":{"@context":"https:\/\/schema.org","@graph":[{"@type":"Article","@id":"https:\/\/fr.motocrossmag.be\/index.php\/2008\/06\/motocross-international-pourcel-file-vers-un-nouveau-titre-francais\/#article","isPartOf":{"@id":"https:\/\/fr.motocrossmag.be\/index.php\/2008\/06\/motocross-international-pourcel-file-vers-un-nouveau-titre-francais\/"},"author":{"name":"oliviere","@id":"https:\/\/fr.motocrossmag.be\/#\/schema\/person\/11b47143d9f755babca2c9110e03235c"},"headline":"Motocross international | Pourcel file vers un nouveau titre fran\u00e7ais","datePublished":"2008-06-23T22:26:09+00:00","dateModified":"2008-06-23T22:28:27+00:00","mainEntityOfPage":{"@id":"https:\/\/fr.motocrossmag.be\/index.php\/2008\/06\/motocross-international-pourcel-file-vers-un-nouveau-titre-francais\/"},"wordCount":416,"commentCount":0,"image":{"@id":"https:\/\/fr.motocrossmag.be\/index.php\/2008\/06\/motocross-international-pourcel-file-vers-un-nouveau-titre-francais\/#primaryimage"},"thumbnailUrl":"http:\/\/www.motocrossmag.be\/wp-content\/uploads\/2008\/06\/pourcel.jpg","articleSection":["Actualit\u00e9","Motocross","News","News"],"inLanguage":"fr-FR","potentialAction":[{"@type":"CommentAction","name":"Comment","target":["https:\/\/fr.motocrossmag.be\/index.php\/2008\/06\/motocross-international-pourcel-file-vers-un-nouveau-titre-francais\/#respond"]}]},{"@type":"WebPage","@id":"https:\/\/fr.motocrossmag.be\/index.php\/2008\/06\/motocross-international-pourcel-file-vers-un-nouveau-titre-francais\/","url":"https:\/\/fr.motocrossmag.be\/index.php\/2008\/06\/motocross-international-pourcel-file-vers-un-nouveau-titre-francais\/","name":"Motocross international | Pourcel file vers un nouveau titre fran\u00e7ais - Motocross - Enduro - Supermoto | MotocrossMag","isPartOf":{"@id":"https:\/\/fr.motocrossmag.be\/#website"},"primaryImageOfPage":{"@id":"https:\/\/fr.motocrossmag.be\/index.php\/2008\/06\/motocross-international-pourcel-file-vers-un-nouveau-titre-francais\/#primaryimage"},"image":{"@id":"https:\/\/fr.motocrossmag.be\/index.php\/2008\/06\/motocross-international-pourcel-file-vers-un-nouveau-titre-francais\/#primaryimage"},"thumbnailUrl":"http:\/\/www.motocrossmag.be\/wp-content\/uploads\/2008\/06\/pourcel.jpg","datePublished":"2008-06-23T22:26:09+00:00","dateModified":"2008-06-23T22:28:27+00:00","author":{"@id":"https:\/\/fr.motocrossmag.be\/#\/schema\/person\/11b47143d9f755babca2c9110e03235c"},"breadcrumb":{"@id":"https:\/\/fr.motocrossmag.be\/index.php\/2008\/06\/motocross-international-pourcel-file-vers-un-nouveau-titre-francais\/#breadcrumb"},"inLanguage":"fr-FR","potentialAction":[{"@type":"ReadAction","target":["https:\/\/fr.motocrossmag.be\/index.php\/2008\/06\/motocross-international-pourcel-file-vers-un-nouveau-titre-francais\/"]}]},{"@type":"ImageObject","inLanguage":"fr-FR","@id":"https:\/\/fr.motocrossmag.be\/index.php\/2008\/06\/motocross-international-pourcel-file-vers-un-nouveau-titre-francais\/#primaryimage","url":"http:\/\/www.motocrossmag.be\/wp-content\/uploads\/2008\/06\/pourcel.jpg","contentUrl":"http:\/\/www.motocrossmag.be\/wp-content\/uploads\/2008\/06\/pourcel.jpg"},{"@type":"BreadcrumbList","@id":"https:\/\/fr.motocrossmag.be\/index.php\/2008\/06\/motocross-international-pourcel-file-vers-un-nouveau-titre-francais\/#breadcrumb","itemListElement":[{"@type":"ListItem","position":1,"name":"Accueil","item":"https:\/\/fr.motocrossmag.be\/"},{"@type":"ListItem","position":2,"name":"Motocross international | Pourcel file vers un nouveau titre fran\u00e7ais"}]},{"@type":"WebSite","@id":"https:\/\/fr.motocrossmag.be\/#website","url":"https:\/\/fr.motocrossmag.be\/","name":"Motocross - Enduro - Supermoto | MotocrossMag","description":"L&#039;actualit\u00e9 du motocross, de l&#039;enduro et du Supermoto en ligne!","potentialAction":[{"@type":"SearchAction","target":{"@type":"EntryPoint","urlTemplate":"https:\/\/fr.motocrossmag.be\/?s={search_term_string}"},"query-input":{"@type":"PropertyValueSpecification","valueRequired":true,"valueName":"search_term_string"}}],"inLanguage":"fr-FR"},{"@type":"Person","@id":"https:\/\/fr.motocrossmag.be\/#\/schema\/person\/11b47143d9f755babca2c9110e03235c","name":"oliviere","image":{"@type":"ImageObject","inLanguage":"fr-FR","@id":"https:\/\/secure.gravatar.com\/avatar\/907069e0b81d119452040469e4a7501da1100f54f7f80180ce77bfab718288f6?s=96&d=mm&r=g","url":"https:\/\/secure.gravatar.com\/avatar\/907069e0b81d119452040469e4a7501da1100f54f7f80180ce77bfab718288f6?s=96&d=mm&r=g","contentUrl":"https:\/\/secure.gravatar.com\/avatar\/907069e0b81d119452040469e4a7501da1100f54f7f80180ce77bfab718288f6?s=96&d=mm&r=g","caption":"oliviere"},"sameAs":["http:\/\/www.motocrossmag.be"],"url":"https:\/\/fr.motocrossmag.be\/index.php\/author\/oliviere\/"}]}},"_links":{"self":[{"href":"https:\/\/fr.motocrossmag.be\/index.php\/wp-json\/wp\/v2\/posts\/976","targetHints":{"allow":["GET"]}}],"collection":[{"href":"https:\/\/fr.motocrossmag.be\/index.php\/wp-json\/wp\/v2\/posts"}],"about":[{"href":"https:\/\/fr.motocrossmag.be\/index.php\/wp-json\/wp\/v2\/types\/post"}],"author":[{"embeddable":true,"href":"https:\/\/fr.motocrossmag.be\/index.php\/wp-json\/wp\/v2\/users\/932"}],"replies":[{"embeddable":true,"href":"https:\/\/fr.motocrossmag.be\/index.php\/wp-json\/wp\/v2\/comments?post=976"}],"version-history":[{"count":0,"href":"https:\/\/fr.motocrossmag.be\/index.php\/wp-json\/wp\/v2\/posts\/976\/revisions"}],"wp:attachment":[{"href":"https:\/\/fr.motocrossmag.be\/index.php\/wp-json\/wp\/v2\/media?parent=976"}],"wp:term":[{"taxonomy":"category","embeddable":true,"href":"https:\/\/fr.motocrossmag.be\/index.php\/wp-json\/wp\/v2\/categories?post=976"},{"taxonomy":"post_tag","embeddable":true,"href":"https:\/\/fr.motocrossmag.be\/index.php\/wp-json\/wp\/v2\/tags?post=976"}],"curies":[{"name":"wp","href":"https:\/\/api.w.org\/{rel}","templated":true}]}}