{"id":9766,"date":"2011-01-16T14:42:50","date_gmt":"2011-01-16T13:42:50","guid":{"rendered":"http:\/\/fr.motocrossmag.be\/?p=9766"},"modified":"2011-01-16T14:42:50","modified_gmt":"2011-01-16T13:42:50","slug":"galerie-photos-le-dakar-2011-en-images","status":"publish","type":"post","link":"https:\/\/fr.motocrossmag.be\/index.php\/2011\/01\/galerie-photos-le-dakar-2011-en-images\/","title":{"rendered":"Galerie photos | Le Dakar 2011 en images"},"content":{"rendered":"<p>L&rsquo;\u00e9dition 2011 du Dakar s&rsquo;est achev\u00e9e ce week-end \u00e0\u00a0 Buenos Aires sur la victoire de l&rsquo;Espagnol Marc Coma dans la cat\u00e9gorie motos. Un troisi\u00e8me succ\u00e8s sur le plus m\u00e9diatis\u00e9 des rallyes\u00a0pour le pilote KTM apr\u00e8s ceux de 2006 et 2009. Vainqueur l&rsquo;an dernier, le Fran\u00e7ais Cyril Despres se contente cette ann\u00e9e de la seconde place, \u00e0\u00a0 15 minutes de Coma. En 11 participations, il s&rsquo;agit tout de m\u00eame du 8\u00e8me podium du Fran\u00e7ais sur le Dakar&#8230;<\/p>\n<p>Un Dakar qui se sent d\u00e9sormais chez lui en Am\u00e9rique Latine et qui aurait pu voir terminer sur le podium final le pilote chilien Francisco Chaleco Lopez mais un probl\u00e8me m\u00e9canique avec son Aprilia dans la derni\u00e8re \u00e9tape lui a fait perdre une place au classement g\u00e9n\u00e9ral au profit du Portugais Helder Rodrigues.<\/p><div class=\"abvyj6a989d67bbeb3\" ><!-- \/91277017\/Inline-articles-mobile -->\n<div style=\"margin:auto; text-align:center !important\">\n<div id='div-gpt-ad-1784982661365-0' style='min-width: 250px; min-height: 75px;'>\n  <script>\n    googletag.cmd.push(function() { googletag.display('div-gpt-ad-1784982661365-0'); });\n  <\/script>\n<\/div><\/div><\/div><style type=\"text\/css\">\r\n.abvyj6a989d67bbeb3 {\r\nmargin-bottom:30px;margin-top:20px\r\n}\r\n@media screen and (min-width: 1201px) {\r\n.abvyj6a989d67bbeb3 {\r\ndisplay: block;\r\n}\r\n}\r\n@media screen and (min-width: 993px) and (max-width: 1200px) {\r\n.abvyj6a989d67bbeb3 {\r\ndisplay: block;\r\n}\r\n}\r\n@media screen and (min-width: 769px) and (max-width: 992px) {\r\n.abvyj6a989d67bbeb3 {\r\ndisplay: block;\r\n}\r\n}\r\n@media screen and (min-width: 768px) and (max-width: 768px) {\r\n.abvyj6a989d67bbeb3 {\r\ndisplay: block;\r\n}\r\n}\r\n@media screen and (max-width: 767px) {\r\n.abvyj6a989d67bbeb3 {\r\ndisplay: block;\r\n}\r\n}\r\n<\/style>\r\n\n<p>A revivre en images ci-dessous&#8230;<\/p>\n<p><a rel=\"lightbox dia=1\" href=\"http:\/\/fr.motocrossmag.be\/wp-content\/uploads\/2011\/01\/imgb101.jpg\"><img decoding=\"async\" class=\"alignnone size-thumbnail wp-image-9787\" title=\"imgb101\" src=\"http:\/\/fr.motocrossmag.be\/wp-content\/uploads\/2011\/01\/imgb101-150x150.jpg\" alt=\"\" width=\"150\" height=\"150\" \/><\/a>\u00a0\u00a0 <a rel=\"lightbox dia=1\" href=\"http:\/\/fr.motocrossmag.be\/wp-content\/uploads\/2011\/01\/imgb9.jpg\"><img decoding=\"async\" class=\"alignnone size-thumbnail wp-image-9768\" title=\"imgb9\" src=\"http:\/\/fr.motocrossmag.be\/wp-content\/uploads\/2011\/01\/imgb9-150x150.jpg\" alt=\"\" width=\"150\" height=\"150\" \/><\/a>\u00a0\u00a0 <a rel=\"lightbox dia=1\" href=\"http:\/\/fr.motocrossmag.be\/wp-content\/uploads\/2011\/01\/imgb8.jpg\"><img decoding=\"async\" class=\"alignnone size-thumbnail wp-image-9788\" title=\"imgb8\" src=\"http:\/\/fr.motocrossmag.be\/wp-content\/uploads\/2011\/01\/imgb8-150x150.jpg\" alt=\"\" width=\"150\" height=\"150\" \/><\/a><br \/>\n<a rel=\"lightbox dia=1\" href=\"http:\/\/fr.motocrossmag.be\/wp-content\/uploads\/2011\/01\/img101.jpg\"><img decoding=\"async\" class=\"alignnone size-thumbnail wp-image-9786\" title=\"img101\" src=\"http:\/\/fr.motocrossmag.be\/wp-content\/uploads\/2011\/01\/img101-150x150.jpg\" alt=\"\" width=\"150\" height=\"150\" \/><\/a>\u00a0\u00a0 <a rel=\"lightbox dia=1\" href=\"http:\/\/fr.motocrossmag.be\/wp-content\/uploads\/2011\/01\/imgb7.jpg\"><img decoding=\"async\" class=\"alignnone size-thumbnail wp-image-9785\" title=\"imgb7\" src=\"http:\/\/fr.motocrossmag.be\/wp-content\/uploads\/2011\/01\/imgb7-150x150.jpg\" alt=\"\" width=\"150\" height=\"150\" \/><\/a>\u00a0\u00a0 <a rel=\"lightbox dia=1\" href=\"http:\/\/fr.motocrossmag.be\/wp-content\/uploads\/2011\/01\/img91.jpg\"><img decoding=\"async\" class=\"alignnone size-thumbnail wp-image-9784\" title=\"img91\" src=\"http:\/\/fr.motocrossmag.be\/wp-content\/uploads\/2011\/01\/img91-150x150.jpg\" alt=\"\" width=\"150\" height=\"150\" \/><\/a><br \/>\n<a rel=\"lightbox dia=1\" href=\"http:\/\/fr.motocrossmag.be\/wp-content\/uploads\/2011\/01\/img112.jpg\"><img decoding=\"async\" class=\"alignnone size-thumbnail wp-image-9791\" title=\"img112\" src=\"http:\/\/fr.motocrossmag.be\/wp-content\/uploads\/2011\/01\/img112-150x150.jpg\" alt=\"\" width=\"150\" height=\"150\" \/><\/a>\u00a0\u00a0 <a rel=\"lightbox dia=1\" href=\"http:\/\/fr.motocrossmag.be\/wp-content\/uploads\/2011\/01\/img81.jpg\"><img decoding=\"async\" class=\"alignnone size-thumbnail wp-image-9783\" title=\"img81\" src=\"http:\/\/fr.motocrossmag.be\/wp-content\/uploads\/2011\/01\/img81-150x150.jpg\" alt=\"\" width=\"150\" height=\"150\" \/><\/a>\u00a0\u00a0 <a rel=\"lightbox dia=1\" href=\"http:\/\/fr.motocrossmag.be\/wp-content\/uploads\/2011\/01\/img71.jpg\"><img decoding=\"async\" class=\"alignnone size-thumbnail wp-image-9782\" title=\"img71\" src=\"http:\/\/fr.motocrossmag.be\/wp-content\/uploads\/2011\/01\/img71-150x150.jpg\" alt=\"\" width=\"150\" height=\"150\" \/><\/a><br \/>\n<a rel=\"lightbox dia=1\" href=\"http:\/\/fr.motocrossmag.be\/wp-content\/uploads\/2011\/01\/img61.jpg\"><img decoding=\"async\" class=\"alignnone size-thumbnail wp-image-9781\" title=\"img61\" src=\"http:\/\/fr.motocrossmag.be\/wp-content\/uploads\/2011\/01\/img61-150x150.jpg\" alt=\"\" width=\"150\" height=\"150\" \/><\/a>\u00a0\u00a0 <a rel=\"lightbox dia=1\" href=\"http:\/\/fr.motocrossmag.be\/wp-content\/uploads\/2011\/01\/img51.jpg\"><img decoding=\"async\" class=\"alignnone size-thumbnail wp-image-9780\" title=\"img51\" src=\"http:\/\/fr.motocrossmag.be\/wp-content\/uploads\/2011\/01\/img51-150x150.jpg\" alt=\"\" width=\"150\" height=\"150\" \/><\/a>\u00a0\u00a0 <a rel=\"lightbox dia=1\" href=\"http:\/\/fr.motocrossmag.be\/wp-content\/uploads\/2011\/01\/imgb4.jpg\"><img decoding=\"async\" class=\"alignnone size-thumbnail wp-image-9779\" title=\"imgb4\" src=\"http:\/\/fr.motocrossmag.be\/wp-content\/uploads\/2011\/01\/imgb4-150x150.jpg\" alt=\"\" width=\"150\" height=\"150\" \/><\/a><br \/>\n<a rel=\"lightbox dia=1\" href=\"http:\/\/fr.motocrossmag.be\/wp-content\/uploads\/2011\/01\/imgb3.jpg\"><img decoding=\"async\" class=\"alignnone size-thumbnail wp-image-9778\" title=\"imgb3\" src=\"http:\/\/fr.motocrossmag.be\/wp-content\/uploads\/2011\/01\/imgb3-150x150.jpg\" alt=\"\" width=\"150\" height=\"150\" \/><\/a>\u00a0\u00a0 <a rel=\"lightbox dia=1\" href=\"http:\/\/fr.motocrossmag.be\/wp-content\/uploads\/2011\/01\/imgb6.jpg\"><img decoding=\"async\" class=\"alignnone size-thumbnail wp-image-9777\" title=\"imgb6\" src=\"http:\/\/fr.motocrossmag.be\/wp-content\/uploads\/2011\/01\/imgb6-150x150.jpg\" alt=\"\" width=\"150\" height=\"150\" \/><\/a>\u00a0\u00a0 <a rel=\"lightbox dia=1\" href=\"http:\/\/fr.motocrossmag.be\/wp-content\/uploads\/2011\/01\/imgb5.jpg\"><img decoding=\"async\" class=\"alignnone size-thumbnail wp-image-9776\" title=\"imgb5\" src=\"http:\/\/fr.motocrossmag.be\/wp-content\/uploads\/2011\/01\/imgb5-150x150.jpg\" alt=\"\" width=\"150\" height=\"150\" \/><\/a><br \/>\n<a rel=\"lightbox dia=1\" href=\"http:\/\/fr.motocrossmag.be\/wp-content\/uploads\/2011\/01\/img41.jpg\"><img decoding=\"async\" class=\"alignnone size-thumbnail wp-image-9775\" title=\"img41\" src=\"http:\/\/fr.motocrossmag.be\/wp-content\/uploads\/2011\/01\/img41-150x150.jpg\" alt=\"\" width=\"150\" height=\"150\" \/><\/a>\u00a0\u00a0 <a rel=\"lightbox dia=1\" href=\"http:\/\/fr.motocrossmag.be\/wp-content\/uploads\/2011\/01\/img31.jpg\"><img decoding=\"async\" class=\"alignnone size-thumbnail wp-image-9774\" title=\"img31\" src=\"http:\/\/fr.motocrossmag.be\/wp-content\/uploads\/2011\/01\/img31-150x150.jpg\" alt=\"\" width=\"150\" height=\"150\" \/><\/a>\u00a0\u00a0 <a rel=\"lightbox dia=1\" href=\"http:\/\/fr.motocrossmag.be\/wp-content\/uploads\/2011\/01\/img21.jpg\"><img decoding=\"async\" class=\"alignnone size-thumbnail wp-image-9773\" title=\"img21\" src=\"http:\/\/fr.motocrossmag.be\/wp-content\/uploads\/2011\/01\/img21-150x150.jpg\" alt=\"\" width=\"150\" height=\"150\" \/><\/a><br \/>\n<a rel=\"lightbox dia=1\" href=\"http:\/\/fr.motocrossmag.be\/wp-content\/uploads\/2011\/01\/img15.jpg\"><img decoding=\"async\" class=\"alignnone size-thumbnail wp-image-9772\" title=\"img15\" src=\"http:\/\/fr.motocrossmag.be\/wp-content\/uploads\/2011\/01\/img15-150x150.jpg\" alt=\"\" width=\"150\" height=\"150\" \/><\/a>\u00a0\u00a0 <a rel=\"lightbox dia=1\" href=\"http:\/\/fr.motocrossmag.be\/wp-content\/uploads\/2011\/01\/imgb2.jpg\"><img decoding=\"async\" class=\"alignnone size-thumbnail wp-image-9771\" title=\"imgb2\" src=\"http:\/\/fr.motocrossmag.be\/wp-content\/uploads\/2011\/01\/imgb2-150x150.jpg\" alt=\"\" width=\"150\" height=\"150\" \/><\/a>\u00a0\u00a0 <a rel=\"lightbox dia=1\" href=\"http:\/\/fr.motocrossmag.be\/wp-content\/uploads\/2011\/01\/imgb1.jpg\"><img decoding=\"async\" class=\"alignnone size-thumbnail wp-image-9770\" title=\"imgb1\" src=\"http:\/\/fr.motocrossmag.be\/wp-content\/uploads\/2011\/01\/imgb1-150x150.jpg\" alt=\"\" width=\"150\" height=\"150\" \/><\/a><\/p>\n<p>\u00a0<\/p><div class=\"maydh6a989d67bbece\" ><!-- \/91277017\/articles-inline-2 -->\n<div style=\"margin: 20px auto; text-align:center !important\">\n<div id='div-gpt-ad-1785021530385-0' style='min-width: 300px; min-height: 75px;'>\n  <script>\n    googletag.cmd.push(function() { googletag.display('div-gpt-ad-1785021530385-0'); });\n  <\/script>\n<\/div><\/div><\/div><style type=\"text\/css\">\r\n@media screen and (min-width: 1201px) {\r\n.maydh6a989d67bbece {\r\ndisplay: block;\r\n}\r\n}\r\n@media screen and (min-width: 993px) and (max-width: 1200px) {\r\n.maydh6a989d67bbece {\r\ndisplay: block;\r\n}\r\n}\r\n@media screen and (min-width: 769px) and (max-width: 992px) {\r\n.maydh6a989d67bbece {\r\ndisplay: block;\r\n}\r\n}\r\n@media screen and (min-width: 768px) and (max-width: 768px) {\r\n.maydh6a989d67bbece {\r\ndisplay: block;\r\n}\r\n}\r\n@media screen and (max-width: 767px) {\r\n.maydh6a989d67bbece {\r\ndisplay: block;\r\n}\r\n}\r\n<\/style>\r\n\n","protected":false},"excerpt":{"rendered":"<p>L&rsquo;\u00e9dition 2011 du Dakar s&rsquo;est achev\u00e9e ce week-end \u00e0\u00a0 Buenos Aires sur la victoire de l&rsquo;Espagnol Marc Coma dans la cat\u00e9gorie motos. Un troisi\u00e8me succ\u00e8s sur le plus m\u00e9diatis\u00e9 des rallyes\u00a0pour le pilote KTM apr\u00e8s ceux de 2006 et 2009. Vainqueur l&rsquo;an dernier, le Fran\u00e7ais Cyril Despres se contente cette ann\u00e9e de la seconde place, [&hellip;]<\/p>\n","protected":false},"author":932,"featured_media":0,"comment_status":"open","ping_status":"closed","sticky":false,"template":"","format":"standard","meta":{"tdm_status":"","tdm_grid_status":"","footnotes":""},"categories":[66],"tags":[],"class_list":["post-9766","post","type-post","status-publish","format-standard","category-photos"],"yoast_head":"<!-- This site is optimized with the Yoast SEO plugin v28.4 - https:\/\/yoast.com\/product\/yoast-seo-wordpress\/ -->\n<title>Galerie photos | Le Dakar 2011 en images - Motocross - Enduro - Supermoto | MotocrossMag<\/title>\n<meta name=\"robots\" content=\"index, follow, max-snippet:-1, max-image-preview:large, max-video-preview:-1\" \/>\n<link rel=\"canonical\" href=\"https:\/\/fr.motocrossmag.be\/index.php\/2011\/01\/galerie-photos-le-dakar-2011-en-images\/\" \/>\n<meta property=\"og:locale\" content=\"fr_FR\" \/>\n<meta property=\"og:type\" content=\"article\" \/>\n<meta property=\"og:title\" content=\"Galerie photos | Le Dakar 2011 en images - Motocross - Enduro - Supermoto | MotocrossMag\" \/>\n<meta property=\"og:description\" content=\"L&rsquo;\u00e9dition 2011 du Dakar s&rsquo;est achev\u00e9e ce week-end \u00e0\u00a0 Buenos Aires sur la victoire de l&rsquo;Espagnol Marc Coma dans la cat\u00e9gorie motos. Un troisi\u00e8me succ\u00e8s sur le plus m\u00e9diatis\u00e9 des rallyes\u00a0pour le pilote KTM apr\u00e8s ceux de 2006 et 2009. Vainqueur l&rsquo;an dernier, le Fran\u00e7ais Cyril Despres se contente cette ann\u00e9e de la seconde place, [&hellip;]\" \/>\n<meta property=\"og:url\" content=\"https:\/\/fr.motocrossmag.be\/index.php\/2011\/01\/galerie-photos-le-dakar-2011-en-images\/\" \/>\n<meta property=\"og:site_name\" content=\"Motocross - Enduro - Supermoto | MotocrossMag\" \/>\n<meta property=\"article:published_time\" content=\"2011-01-16T13:42:50+00:00\" \/>\n<meta property=\"og:image\" content=\"http:\/\/fr.motocrossmag.be\/wp-content\/uploads\/2011\/01\/imgb101-150x150.jpg\" \/>\n<meta name=\"author\" content=\"oliviere\" \/>\n<meta name=\"twitter:card\" content=\"summary_large_image\" \/>\n<meta name=\"twitter:label1\" content=\"\u00c9crit par\" \/>\n\t<meta name=\"twitter:data1\" content=\"oliviere\" \/>\n\t<meta name=\"twitter:label2\" content=\"Dur\u00e9e de lecture estim\u00e9e\" \/>\n\t<meta name=\"twitter:data2\" content=\"1 minute\" \/>\n<script type=\"application\/ld+json\" class=\"yoast-schema-graph\">{\"@context\":\"https:\\\/\\\/schema.org\",\"@graph\":[{\"@type\":\"Article\",\"@id\":\"https:\\\/\\\/fr.motocrossmag.be\\\/index.php\\\/2011\\\/01\\\/galerie-photos-le-dakar-2011-en-images\\\/#article\",\"isPartOf\":{\"@id\":\"https:\\\/\\\/fr.motocrossmag.be\\\/index.php\\\/2011\\\/01\\\/galerie-photos-le-dakar-2011-en-images\\\/\"},\"author\":{\"name\":\"oliviere\",\"@id\":\"https:\\\/\\\/fr.motocrossmag.be\\\/#\\\/schema\\\/person\\\/11b47143d9f755babca2c9110e03235c\"},\"headline\":\"Galerie photos | Le Dakar 2011 en images\",\"datePublished\":\"2011-01-16T13:42:50+00:00\",\"mainEntityOfPage\":{\"@id\":\"https:\\\/\\\/fr.motocrossmag.be\\\/index.php\\\/2011\\\/01\\\/galerie-photos-le-dakar-2011-en-images\\\/\"},\"wordCount\":156,\"commentCount\":0,\"image\":{\"@id\":\"https:\\\/\\\/fr.motocrossmag.be\\\/index.php\\\/2011\\\/01\\\/galerie-photos-le-dakar-2011-en-images\\\/#primaryimage\"},\"thumbnailUrl\":\"http:\\\/\\\/fr.motocrossmag.be\\\/wp-content\\\/uploads\\\/2011\\\/01\\\/imgb101-150x150.jpg\",\"articleSection\":[\"Photos\"],\"inLanguage\":\"fr-FR\",\"potentialAction\":[{\"@type\":\"CommentAction\",\"name\":\"Comment\",\"target\":[\"https:\\\/\\\/fr.motocrossmag.be\\\/index.php\\\/2011\\\/01\\\/galerie-photos-le-dakar-2011-en-images\\\/#respond\"]}]},{\"@type\":\"WebPage\",\"@id\":\"https:\\\/\\\/fr.motocrossmag.be\\\/index.php\\\/2011\\\/01\\\/galerie-photos-le-dakar-2011-en-images\\\/\",\"url\":\"https:\\\/\\\/fr.motocrossmag.be\\\/index.php\\\/2011\\\/01\\\/galerie-photos-le-dakar-2011-en-images\\\/\",\"name\":\"Galerie photos | Le Dakar 2011 en images - Motocross - Enduro - Supermoto | MotocrossMag\",\"isPartOf\":{\"@id\":\"https:\\\/\\\/fr.motocrossmag.be\\\/#website\"},\"primaryImageOfPage\":{\"@id\":\"https:\\\/\\\/fr.motocrossmag.be\\\/index.php\\\/2011\\\/01\\\/galerie-photos-le-dakar-2011-en-images\\\/#primaryimage\"},\"image\":{\"@id\":\"https:\\\/\\\/fr.motocrossmag.be\\\/index.php\\\/2011\\\/01\\\/galerie-photos-le-dakar-2011-en-images\\\/#primaryimage\"},\"thumbnailUrl\":\"http:\\\/\\\/fr.motocrossmag.be\\\/wp-content\\\/uploads\\\/2011\\\/01\\\/imgb101-150x150.jpg\",\"datePublished\":\"2011-01-16T13:42:50+00:00\",\"author\":{\"@id\":\"https:\\\/\\\/fr.motocrossmag.be\\\/#\\\/schema\\\/person\\\/11b47143d9f755babca2c9110e03235c\"},\"breadcrumb\":{\"@id\":\"https:\\\/\\\/fr.motocrossmag.be\\\/index.php\\\/2011\\\/01\\\/galerie-photos-le-dakar-2011-en-images\\\/#breadcrumb\"},\"inLanguage\":\"fr-FR\",\"potentialAction\":[{\"@type\":\"ReadAction\",\"target\":[\"https:\\\/\\\/fr.motocrossmag.be\\\/index.php\\\/2011\\\/01\\\/galerie-photos-le-dakar-2011-en-images\\\/\"]}]},{\"@type\":\"ImageObject\",\"inLanguage\":\"fr-FR\",\"@id\":\"https:\\\/\\\/fr.motocrossmag.be\\\/index.php\\\/2011\\\/01\\\/galerie-photos-le-dakar-2011-en-images\\\/#primaryimage\",\"url\":\"https:\\\/\\\/fr.motocrossmag.be\\\/wp-content\\\/uploads\\\/2011\\\/01\\\/imgb101.jpg\",\"contentUrl\":\"https:\\\/\\\/fr.motocrossmag.be\\\/wp-content\\\/uploads\\\/2011\\\/01\\\/imgb101.jpg\",\"width\":466,\"height\":700},{\"@type\":\"BreadcrumbList\",\"@id\":\"https:\\\/\\\/fr.motocrossmag.be\\\/index.php\\\/2011\\\/01\\\/galerie-photos-le-dakar-2011-en-images\\\/#breadcrumb\",\"itemListElement\":[{\"@type\":\"ListItem\",\"position\":1,\"name\":\"Accueil\",\"item\":\"https:\\\/\\\/fr.motocrossmag.be\\\/\"},{\"@type\":\"ListItem\",\"position\":2,\"name\":\"Galerie photos | Le Dakar 2011 en images\"}]},{\"@type\":\"WebSite\",\"@id\":\"https:\\\/\\\/fr.motocrossmag.be\\\/#website\",\"url\":\"https:\\\/\\\/fr.motocrossmag.be\\\/\",\"name\":\"Motocross - Enduro - Supermoto | MotocrossMag\",\"description\":\"L&#039;actualit\u00e9 du motocross, de l&#039;enduro et du Supermoto en ligne!\",\"potentialAction\":[{\"@type\":\"SearchAction\",\"target\":{\"@type\":\"EntryPoint\",\"urlTemplate\":\"https:\\\/\\\/fr.motocrossmag.be\\\/?s={search_term_string}\"},\"query-input\":{\"@type\":\"PropertyValueSpecification\",\"valueRequired\":true,\"valueName\":\"search_term_string\"}}],\"inLanguage\":\"fr-FR\"},{\"@type\":\"Person\",\"@id\":\"https:\\\/\\\/fr.motocrossmag.be\\\/#\\\/schema\\\/person\\\/11b47143d9f755babca2c9110e03235c\",\"name\":\"oliviere\",\"image\":{\"@type\":\"ImageObject\",\"inLanguage\":\"fr-FR\",\"@id\":\"https:\\\/\\\/secure.gravatar.com\\\/avatar\\\/907069e0b81d119452040469e4a7501da1100f54f7f80180ce77bfab718288f6?s=96&d=mm&r=g\",\"url\":\"https:\\\/\\\/secure.gravatar.com\\\/avatar\\\/907069e0b81d119452040469e4a7501da1100f54f7f80180ce77bfab718288f6?s=96&d=mm&r=g\",\"contentUrl\":\"https:\\\/\\\/secure.gravatar.com\\\/avatar\\\/907069e0b81d119452040469e4a7501da1100f54f7f80180ce77bfab718288f6?s=96&d=mm&r=g\",\"caption\":\"oliviere\"},\"sameAs\":[\"http:\\\/\\\/www.motocrossmag.be\"],\"url\":\"https:\\\/\\\/fr.motocrossmag.be\\\/index.php\\\/author\\\/oliviere\\\/\"}]}<\/script>\n<!-- \/ Yoast SEO plugin. -->","yoast_head_json":{"title":"Galerie photos | Le Dakar 2011 en images - Motocross - Enduro - Supermoto | MotocrossMag","robots":{"index":"index","follow":"follow","max-snippet":"max-snippet:-1","max-image-preview":"max-image-preview:large","max-video-preview":"max-video-preview:-1"},"canonical":"https:\/\/fr.motocrossmag.be\/index.php\/2011\/01\/galerie-photos-le-dakar-2011-en-images\/","og_locale":"fr_FR","og_type":"article","og_title":"Galerie photos | Le Dakar 2011 en images - Motocross - Enduro - Supermoto | MotocrossMag","og_description":"L&rsquo;\u00e9dition 2011 du Dakar s&rsquo;est achev\u00e9e ce week-end \u00e0\u00a0 Buenos Aires sur la victoire de l&rsquo;Espagnol Marc Coma dans la cat\u00e9gorie motos. Un troisi\u00e8me succ\u00e8s sur le plus m\u00e9diatis\u00e9 des rallyes\u00a0pour le pilote KTM apr\u00e8s ceux de 2006 et 2009. Vainqueur l&rsquo;an dernier, le Fran\u00e7ais Cyril Despres se contente cette ann\u00e9e de la seconde place, [&hellip;]","og_url":"https:\/\/fr.motocrossmag.be\/index.php\/2011\/01\/galerie-photos-le-dakar-2011-en-images\/","og_site_name":"Motocross - Enduro - Supermoto | MotocrossMag","article_published_time":"2011-01-16T13:42:50+00:00","og_image":[{"url":"http:\/\/fr.motocrossmag.be\/wp-content\/uploads\/2011\/01\/imgb101-150x150.jpg","type":"","width":"","height":""}],"author":"oliviere","twitter_card":"summary_large_image","twitter_misc":{"\u00c9crit par":"oliviere","Dur\u00e9e de lecture estim\u00e9e":"1 minute"},"schema":{"@context":"https:\/\/schema.org","@graph":[{"@type":"Article","@id":"https:\/\/fr.motocrossmag.be\/index.php\/2011\/01\/galerie-photos-le-dakar-2011-en-images\/#article","isPartOf":{"@id":"https:\/\/fr.motocrossmag.be\/index.php\/2011\/01\/galerie-photos-le-dakar-2011-en-images\/"},"author":{"name":"oliviere","@id":"https:\/\/fr.motocrossmag.be\/#\/schema\/person\/11b47143d9f755babca2c9110e03235c"},"headline":"Galerie photos | Le Dakar 2011 en images","datePublished":"2011-01-16T13:42:50+00:00","mainEntityOfPage":{"@id":"https:\/\/fr.motocrossmag.be\/index.php\/2011\/01\/galerie-photos-le-dakar-2011-en-images\/"},"wordCount":156,"commentCount":0,"image":{"@id":"https:\/\/fr.motocrossmag.be\/index.php\/2011\/01\/galerie-photos-le-dakar-2011-en-images\/#primaryimage"},"thumbnailUrl":"http:\/\/fr.motocrossmag.be\/wp-content\/uploads\/2011\/01\/imgb101-150x150.jpg","articleSection":["Photos"],"inLanguage":"fr-FR","potentialAction":[{"@type":"CommentAction","name":"Comment","target":["https:\/\/fr.motocrossmag.be\/index.php\/2011\/01\/galerie-photos-le-dakar-2011-en-images\/#respond"]}]},{"@type":"WebPage","@id":"https:\/\/fr.motocrossmag.be\/index.php\/2011\/01\/galerie-photos-le-dakar-2011-en-images\/","url":"https:\/\/fr.motocrossmag.be\/index.php\/2011\/01\/galerie-photos-le-dakar-2011-en-images\/","name":"Galerie photos | Le Dakar 2011 en images - Motocross - Enduro - Supermoto | MotocrossMag","isPartOf":{"@id":"https:\/\/fr.motocrossmag.be\/#website"},"primaryImageOfPage":{"@id":"https:\/\/fr.motocrossmag.be\/index.php\/2011\/01\/galerie-photos-le-dakar-2011-en-images\/#primaryimage"},"image":{"@id":"https:\/\/fr.motocrossmag.be\/index.php\/2011\/01\/galerie-photos-le-dakar-2011-en-images\/#primaryimage"},"thumbnailUrl":"http:\/\/fr.motocrossmag.be\/wp-content\/uploads\/2011\/01\/imgb101-150x150.jpg","datePublished":"2011-01-16T13:42:50+00:00","author":{"@id":"https:\/\/fr.motocrossmag.be\/#\/schema\/person\/11b47143d9f755babca2c9110e03235c"},"breadcrumb":{"@id":"https:\/\/fr.motocrossmag.be\/index.php\/2011\/01\/galerie-photos-le-dakar-2011-en-images\/#breadcrumb"},"inLanguage":"fr-FR","potentialAction":[{"@type":"ReadAction","target":["https:\/\/fr.motocrossmag.be\/index.php\/2011\/01\/galerie-photos-le-dakar-2011-en-images\/"]}]},{"@type":"ImageObject","inLanguage":"fr-FR","@id":"https:\/\/fr.motocrossmag.be\/index.php\/2011\/01\/galerie-photos-le-dakar-2011-en-images\/#primaryimage","url":"https:\/\/fr.motocrossmag.be\/wp-content\/uploads\/2011\/01\/imgb101.jpg","contentUrl":"https:\/\/fr.motocrossmag.be\/wp-content\/uploads\/2011\/01\/imgb101.jpg","width":466,"height":700},{"@type":"BreadcrumbList","@id":"https:\/\/fr.motocrossmag.be\/index.php\/2011\/01\/galerie-photos-le-dakar-2011-en-images\/#breadcrumb","itemListElement":[{"@type":"ListItem","position":1,"name":"Accueil","item":"https:\/\/fr.motocrossmag.be\/"},{"@type":"ListItem","position":2,"name":"Galerie photos | Le Dakar 2011 en images"}]},{"@type":"WebSite","@id":"https:\/\/fr.motocrossmag.be\/#website","url":"https:\/\/fr.motocrossmag.be\/","name":"Motocross - Enduro - Supermoto | MotocrossMag","description":"L&#039;actualit\u00e9 du motocross, de l&#039;enduro et du Supermoto en ligne!","potentialAction":[{"@type":"SearchAction","target":{"@type":"EntryPoint","urlTemplate":"https:\/\/fr.motocrossmag.be\/?s={search_term_string}"},"query-input":{"@type":"PropertyValueSpecification","valueRequired":true,"valueName":"search_term_string"}}],"inLanguage":"fr-FR"},{"@type":"Person","@id":"https:\/\/fr.motocrossmag.be\/#\/schema\/person\/11b47143d9f755babca2c9110e03235c","name":"oliviere","image":{"@type":"ImageObject","inLanguage":"fr-FR","@id":"https:\/\/secure.gravatar.com\/avatar\/907069e0b81d119452040469e4a7501da1100f54f7f80180ce77bfab718288f6?s=96&d=mm&r=g","url":"https:\/\/secure.gravatar.com\/avatar\/907069e0b81d119452040469e4a7501da1100f54f7f80180ce77bfab718288f6?s=96&d=mm&r=g","contentUrl":"https:\/\/secure.gravatar.com\/avatar\/907069e0b81d119452040469e4a7501da1100f54f7f80180ce77bfab718288f6?s=96&d=mm&r=g","caption":"oliviere"},"sameAs":["http:\/\/www.motocrossmag.be"],"url":"https:\/\/fr.motocrossmag.be\/index.php\/author\/oliviere\/"}]}},"_links":{"self":[{"href":"https:\/\/fr.motocrossmag.be\/index.php\/wp-json\/wp\/v2\/posts\/9766","targetHints":{"allow":["GET"]}}],"collection":[{"href":"https:\/\/fr.motocrossmag.be\/index.php\/wp-json\/wp\/v2\/posts"}],"about":[{"href":"https:\/\/fr.motocrossmag.be\/index.php\/wp-json\/wp\/v2\/types\/post"}],"author":[{"embeddable":true,"href":"https:\/\/fr.motocrossmag.be\/index.php\/wp-json\/wp\/v2\/users\/932"}],"replies":[{"embeddable":true,"href":"https:\/\/fr.motocrossmag.be\/index.php\/wp-json\/wp\/v2\/comments?post=9766"}],"version-history":[{"count":0,"href":"https:\/\/fr.motocrossmag.be\/index.php\/wp-json\/wp\/v2\/posts\/9766\/revisions"}],"wp:attachment":[{"href":"https:\/\/fr.motocrossmag.be\/index.php\/wp-json\/wp\/v2\/media?parent=9766"}],"wp:term":[{"taxonomy":"category","embeddable":true,"href":"https:\/\/fr.motocrossmag.be\/index.php\/wp-json\/wp\/v2\/categories?post=9766"},{"taxonomy":"post_tag","embeddable":true,"href":"https:\/\/fr.motocrossmag.be\/index.php\/wp-json\/wp\/v2\/tags?post=9766"}],"curies":[{"name":"wp","href":"https:\/\/api.w.org\/{rel}","templated":true}]}}