{"id":97899,"date":"2019-10-17T12:02:22","date_gmt":"2019-10-17T10:02:22","guid":{"rendered":"https:\/\/fr.motocrossmag.be\/?p=97899"},"modified":"2019-10-17T12:02:22","modified_gmt":"2019-10-17T10:02:22","slug":"nyls-kessen-sur-lintegralite-du-championnat-de-france-des-sables","status":"publish","type":"post","link":"https:\/\/fr.motocrossmag.be\/index.php\/2019\/10\/nyls-kessen-sur-lintegralite-du-championnat-de-france-des-sables\/","title":{"rendered":"Nyls Kessen sur l&rsquo;int\u00e9gralit\u00e9 du championnat de France des Sables"},"content":{"rendered":"<p><strong>Nyls Kessen s&rsquo;\u00e9tait s\u00e9rieusement bless\u00e9 en mai dernier dans la premi\u00e8re manche Junior de l&rsquo;\u00e9preuve du championnat Elite fran\u00e7ais \u00e0 Bitche. Un accrochage avec un concurrent qui lui a co\u00fbt\u00e9 cher puisqu&rsquo;une fracture du tibia mettait non seulement un terme \u00e0 sa saison mais le plongeait une nouvelle fois dans une longue p\u00e9riode de convalescence.<\/strong><\/p>\n<p><a href=\"https:\/\/fr.motocrossmag.be\/wp-content\/uploads\/2019\/10\/kessen-bike-yamaha-125.jpg\"><img decoding=\"async\" class=\"lazyload alignnone size-medium wp-image-97900\" src=\"https:\/\/fr.motocrossmag.be\/wp-content\/uploads\/2019\/10\/kessen-bike-yamaha-125-650x488.jpg\" data-orig-src=\"https:\/\/fr.motocrossmag.be\/wp-content\/uploads\/2019\/10\/kessen-bike-yamaha-125-650x488.jpg\" alt=\"\" width=\"650\" height=\"488\" srcset=\"data:image\/svg+xml,%3Csvg%20xmlns%3D%27http%3A%2F%2Fwww.w3.org%2F2000%2Fsvg%27%20width%3D%27650%27%20height%3D%27488%27%20viewBox%3D%270%200%20650%20488%27%3E%3Crect%20width%3D%27650%27%20height%3D%27488%27%20fill-opacity%3D%220%22%2F%3E%3C%2Fsvg%3E\" data-srcset=\"https:\/\/fr.motocrossmag.be\/wp-content\/uploads\/2019\/10\/kessen-bike-yamaha-125-650x488.jpg 650w, https:\/\/fr.motocrossmag.be\/wp-content\/uploads\/2019\/10\/kessen-bike-yamaha-125-768x576.jpg 768w, https:\/\/fr.motocrossmag.be\/wp-content\/uploads\/2019\/10\/kessen-bike-yamaha-125.jpg 1000w\" data-sizes=\"auto\" data-orig-sizes=\"(max-width: 650px) 100vw, 650px\" \/><\/a><\/p>\n<p>Cinq mois de r\u00e9\u00e9duction plus tard, le pilote Yamaha Zone Rouge s&rsquo;appr\u00eate \u00e0 faire son retour en comp\u00e9tition ce week-end \u00e0 Berck-sur-Mer. Il disputera en effet au guidon de sa Yamaha 125cc l&rsquo;int\u00e9gralit\u00e9 du championnat de France des Sables, dont la finale se tient \u00e0 l&rsquo;occasion de l&rsquo;Enduropale du Touquet.<\/p>\n<p><a href=\"https:\/\/fr.motocrossmag.be\/wp-content\/uploads\/2019\/10\/kessen-nyls-training-dourte.jpg\"><img decoding=\"async\" class=\"lazyload alignnone size-medium wp-image-97902\" src=\"https:\/\/fr.motocrossmag.be\/wp-content\/uploads\/2019\/10\/kessen-nyls-training-dourte-650x515.jpg\" data-orig-src=\"https:\/\/fr.motocrossmag.be\/wp-content\/uploads\/2019\/10\/kessen-nyls-training-dourte-650x515.jpg\" alt=\"\" width=\"650\" height=\"515\" srcset=\"data:image\/svg+xml,%3Csvg%20xmlns%3D%27http%3A%2F%2Fwww.w3.org%2F2000%2Fsvg%27%20width%3D%27650%27%20height%3D%27515%27%20viewBox%3D%270%200%20650%20515%27%3E%3Crect%20width%3D%27650%27%20height%3D%27515%27%20fill-opacity%3D%220%22%2F%3E%3C%2Fsvg%3E\" data-srcset=\"https:\/\/fr.motocrossmag.be\/wp-content\/uploads\/2019\/10\/kessen-nyls-training-dourte-650x515.jpg 650w, https:\/\/fr.motocrossmag.be\/wp-content\/uploads\/2019\/10\/kessen-nyls-training-dourte-768x609.jpg 768w, https:\/\/fr.motocrossmag.be\/wp-content\/uploads\/2019\/10\/kessen-nyls-training-dourte.jpg 1000w\" data-sizes=\"auto\" data-orig-sizes=\"(max-width: 650px) 100vw, 650px\" \/><\/a><\/p>\n<p>Une excellente mani\u00e8re pour celui qui est d\u00e9sormais pr\u00e9par\u00e9 physiquement par Yente Dourte tout en continuant \u00e0 b\u00e9n\u00e9ficier des conseils avis\u00e9s de Laurent Brevers pour la partie \u00ab\u00a0moto\u00a0\u00bb, de revenir \u00e0 son meilleur niveau pour le championnat Haut de France. Il devrait \u00e9galement participer en 2020 \u00e0 l&rsquo;une ou l&rsquo;autre \u00e9preuve de championnat Junior fran\u00e7ais.<\/p>\n<p>&nbsp;<\/p>\n<div id=\"ConnectiveDocSignExtentionInstalled\" data-extension-version=\"1.0.4\"><\/div>\n","protected":false},"excerpt":{"rendered":"<p>Nyls Kessen s&rsquo;\u00e9tait s\u00e9rieusement bless\u00e9 en mai dernier dans la premi\u00e8re manche Junior de l&rsquo;\u00e9preuve du championnat Elite fran\u00e7ais \u00e0 Bitche. Un accrochage avec un concurrent qui lui a co\u00fbt\u00e9 [&#8230;]<\/p>\n","protected":false},"author":932,"featured_media":97901,"comment_status":"open","ping_status":"closed","sticky":false,"template":"","format":"standard","meta":{"footnotes":""},"categories":[54,1075,44,4,5,45,55,65],"tags":[],"class_list":["post-97899","post","type-post","status-publish","format-standard","has-post-thumbnail","hentry","category-actualite","category-courses-de-sable","category-kids","category-motocross","category-news","category-news-kids","category-news-actualite","category-slideshow"],"yoast_head":"<!-- This site is optimized with the Yoast SEO plugin v27.4 - https:\/\/yoast.com\/product\/yoast-seo-wordpress\/ -->\n<title>Nyls Kessen sur l&#039;int\u00e9gralit\u00e9 du championnat de France des Sables - Motocross - Enduro - Supermoto | MotocrossMag<\/title>\n<meta name=\"robots\" content=\"index, follow, max-snippet:-1, max-image-preview:large, max-video-preview:-1\" \/>\n<link rel=\"canonical\" href=\"https:\/\/fr.motocrossmag.be\/index.php\/2019\/10\/nyls-kessen-sur-lintegralite-du-championnat-de-france-des-sables\/\" \/>\n<meta property=\"og:locale\" content=\"fr_FR\" \/>\n<meta property=\"og:type\" content=\"article\" \/>\n<meta property=\"og:title\" content=\"Nyls Kessen sur l&#039;int\u00e9gralit\u00e9 du championnat de France des Sables - Motocross - Enduro - Supermoto | MotocrossMag\" \/>\n<meta property=\"og:description\" content=\"Nyls Kessen s&rsquo;\u00e9tait s\u00e9rieusement bless\u00e9 en mai dernier dans la premi\u00e8re manche Junior de l&rsquo;\u00e9preuve du championnat Elite fran\u00e7ais \u00e0 Bitche. Un accrochage avec un concurrent qui lui a co\u00fbt\u00e9 [...]\" \/>\n<meta property=\"og:url\" content=\"https:\/\/fr.motocrossmag.be\/index.php\/2019\/10\/nyls-kessen-sur-lintegralite-du-championnat-de-france-des-sables\/\" \/>\n<meta property=\"og:site_name\" content=\"Motocross - Enduro - Supermoto | MotocrossMag\" \/>\n<meta property=\"article:published_time\" content=\"2019-10-17T10:02:22+00:00\" \/>\n<meta property=\"og:image\" content=\"https:\/\/fr.motocrossmag.be\/wp-content\/uploads\/2019\/10\/kessen-nyls-training-dourte-2.jpg\" \/>\n\t<meta property=\"og:image:width\" content=\"975\" \/>\n\t<meta property=\"og:image:height\" content=\"800\" \/>\n\t<meta property=\"og:image:type\" content=\"image\/jpeg\" \/>\n<meta name=\"author\" content=\"oliviere\" \/>\n<meta name=\"twitter:card\" content=\"summary_large_image\" \/>\n<meta name=\"twitter:label1\" content=\"\u00c9crit par\" \/>\n\t<meta name=\"twitter:data1\" content=\"oliviere\" \/>\n\t<meta name=\"twitter:label2\" content=\"Dur\u00e9e de lecture estim\u00e9e\" \/>\n\t<meta name=\"twitter:data2\" content=\"1 minute\" \/>\n<script type=\"application\/ld+json\" class=\"yoast-schema-graph\">{\"@context\":\"https:\\\/\\\/schema.org\",\"@graph\":[{\"@type\":\"Article\",\"@id\":\"https:\\\/\\\/fr.motocrossmag.be\\\/index.php\\\/2019\\\/10\\\/nyls-kessen-sur-lintegralite-du-championnat-de-france-des-sables\\\/#article\",\"isPartOf\":{\"@id\":\"https:\\\/\\\/fr.motocrossmag.be\\\/index.php\\\/2019\\\/10\\\/nyls-kessen-sur-lintegralite-du-championnat-de-france-des-sables\\\/\"},\"author\":{\"name\":\"oliviere\",\"@id\":\"https:\\\/\\\/fr.motocrossmag.be\\\/#\\\/schema\\\/person\\\/11b47143d9f755babca2c9110e03235c\"},\"headline\":\"Nyls Kessen sur l&rsquo;int\u00e9gralit\u00e9 du championnat de France des Sables\",\"datePublished\":\"2019-10-17T10:02:22+00:00\",\"mainEntityOfPage\":{\"@id\":\"https:\\\/\\\/fr.motocrossmag.be\\\/index.php\\\/2019\\\/10\\\/nyls-kessen-sur-lintegralite-du-championnat-de-france-des-sables\\\/\"},\"wordCount\":189,\"commentCount\":0,\"image\":{\"@id\":\"https:\\\/\\\/fr.motocrossmag.be\\\/index.php\\\/2019\\\/10\\\/nyls-kessen-sur-lintegralite-du-championnat-de-france-des-sables\\\/#primaryimage\"},\"thumbnailUrl\":\"https:\\\/\\\/fr.motocrossmag.be\\\/wp-content\\\/uploads\\\/2019\\\/10\\\/kessen-nyls-training-dourte-2.jpg\",\"articleSection\":[\"Actualit\u00e9\",\"Courses de sable\",\"Kids\",\"Motocross\",\"News\",\"News\",\"News\",\"Slideshow\"],\"inLanguage\":\"fr-FR\",\"potentialAction\":[{\"@type\":\"CommentAction\",\"name\":\"Comment\",\"target\":[\"https:\\\/\\\/fr.motocrossmag.be\\\/index.php\\\/2019\\\/10\\\/nyls-kessen-sur-lintegralite-du-championnat-de-france-des-sables\\\/#respond\"]}]},{\"@type\":\"WebPage\",\"@id\":\"https:\\\/\\\/fr.motocrossmag.be\\\/index.php\\\/2019\\\/10\\\/nyls-kessen-sur-lintegralite-du-championnat-de-france-des-sables\\\/\",\"url\":\"https:\\\/\\\/fr.motocrossmag.be\\\/index.php\\\/2019\\\/10\\\/nyls-kessen-sur-lintegralite-du-championnat-de-france-des-sables\\\/\",\"name\":\"Nyls Kessen sur l'int\u00e9gralit\u00e9 du championnat de France des Sables - Motocross - Enduro - Supermoto | MotocrossMag\",\"isPartOf\":{\"@id\":\"https:\\\/\\\/fr.motocrossmag.be\\\/#website\"},\"primaryImageOfPage\":{\"@id\":\"https:\\\/\\\/fr.motocrossmag.be\\\/index.php\\\/2019\\\/10\\\/nyls-kessen-sur-lintegralite-du-championnat-de-france-des-sables\\\/#primaryimage\"},\"image\":{\"@id\":\"https:\\\/\\\/fr.motocrossmag.be\\\/index.php\\\/2019\\\/10\\\/nyls-kessen-sur-lintegralite-du-championnat-de-france-des-sables\\\/#primaryimage\"},\"thumbnailUrl\":\"https:\\\/\\\/fr.motocrossmag.be\\\/wp-content\\\/uploads\\\/2019\\\/10\\\/kessen-nyls-training-dourte-2.jpg\",\"datePublished\":\"2019-10-17T10:02:22+00:00\",\"author\":{\"@id\":\"https:\\\/\\\/fr.motocrossmag.be\\\/#\\\/schema\\\/person\\\/11b47143d9f755babca2c9110e03235c\"},\"breadcrumb\":{\"@id\":\"https:\\\/\\\/fr.motocrossmag.be\\\/index.php\\\/2019\\\/10\\\/nyls-kessen-sur-lintegralite-du-championnat-de-france-des-sables\\\/#breadcrumb\"},\"inLanguage\":\"fr-FR\",\"potentialAction\":[{\"@type\":\"ReadAction\",\"target\":[\"https:\\\/\\\/fr.motocrossmag.be\\\/index.php\\\/2019\\\/10\\\/nyls-kessen-sur-lintegralite-du-championnat-de-france-des-sables\\\/\"]}]},{\"@type\":\"ImageObject\",\"inLanguage\":\"fr-FR\",\"@id\":\"https:\\\/\\\/fr.motocrossmag.be\\\/index.php\\\/2019\\\/10\\\/nyls-kessen-sur-lintegralite-du-championnat-de-france-des-sables\\\/#primaryimage\",\"url\":\"https:\\\/\\\/fr.motocrossmag.be\\\/wp-content\\\/uploads\\\/2019\\\/10\\\/kessen-nyls-training-dourte-2.jpg\",\"contentUrl\":\"https:\\\/\\\/fr.motocrossmag.be\\\/wp-content\\\/uploads\\\/2019\\\/10\\\/kessen-nyls-training-dourte-2.jpg\",\"width\":975,\"height\":800},{\"@type\":\"BreadcrumbList\",\"@id\":\"https:\\\/\\\/fr.motocrossmag.be\\\/index.php\\\/2019\\\/10\\\/nyls-kessen-sur-lintegralite-du-championnat-de-france-des-sables\\\/#breadcrumb\",\"itemListElement\":[{\"@type\":\"ListItem\",\"position\":1,\"name\":\"Accueil\",\"item\":\"https:\\\/\\\/fr.motocrossmag.be\\\/\"},{\"@type\":\"ListItem\",\"position\":2,\"name\":\"Nyls Kessen sur l&rsquo;int\u00e9gralit\u00e9 du championnat de France des Sables\"}]},{\"@type\":\"WebSite\",\"@id\":\"https:\\\/\\\/fr.motocrossmag.be\\\/#website\",\"url\":\"https:\\\/\\\/fr.motocrossmag.be\\\/\",\"name\":\"Motocross - Enduro - Supermoto | MotocrossMag\",\"description\":\"L&#039;actualit\u00e9 du motocross, de l&#039;enduro et du Supermoto en ligne!\",\"potentialAction\":[{\"@type\":\"SearchAction\",\"target\":{\"@type\":\"EntryPoint\",\"urlTemplate\":\"https:\\\/\\\/fr.motocrossmag.be\\\/?s={search_term_string}\"},\"query-input\":{\"@type\":\"PropertyValueSpecification\",\"valueRequired\":true,\"valueName\":\"search_term_string\"}}],\"inLanguage\":\"fr-FR\"},{\"@type\":\"Person\",\"@id\":\"https:\\\/\\\/fr.motocrossmag.be\\\/#\\\/schema\\\/person\\\/11b47143d9f755babca2c9110e03235c\",\"name\":\"oliviere\",\"image\":{\"@type\":\"ImageObject\",\"inLanguage\":\"fr-FR\",\"@id\":\"https:\\\/\\\/secure.gravatar.com\\\/avatar\\\/907069e0b81d119452040469e4a7501da1100f54f7f80180ce77bfab718288f6?s=96&d=mm&r=g\",\"url\":\"https:\\\/\\\/secure.gravatar.com\\\/avatar\\\/907069e0b81d119452040469e4a7501da1100f54f7f80180ce77bfab718288f6?s=96&d=mm&r=g\",\"contentUrl\":\"https:\\\/\\\/secure.gravatar.com\\\/avatar\\\/907069e0b81d119452040469e4a7501da1100f54f7f80180ce77bfab718288f6?s=96&d=mm&r=g\",\"caption\":\"oliviere\"},\"sameAs\":[\"http:\\\/\\\/www.motocrossmag.be\"],\"url\":\"https:\\\/\\\/fr.motocrossmag.be\\\/index.php\\\/author\\\/oliviere\\\/\"}]}<\/script>\n<!-- \/ Yoast SEO plugin. -->","yoast_head_json":{"title":"Nyls Kessen sur l'int\u00e9gralit\u00e9 du championnat de France des Sables - Motocross - Enduro - Supermoto | MotocrossMag","robots":{"index":"index","follow":"follow","max-snippet":"max-snippet:-1","max-image-preview":"max-image-preview:large","max-video-preview":"max-video-preview:-1"},"canonical":"https:\/\/fr.motocrossmag.be\/index.php\/2019\/10\/nyls-kessen-sur-lintegralite-du-championnat-de-france-des-sables\/","og_locale":"fr_FR","og_type":"article","og_title":"Nyls Kessen sur l'int\u00e9gralit\u00e9 du championnat de France des Sables - Motocross - Enduro - Supermoto | MotocrossMag","og_description":"Nyls Kessen s&rsquo;\u00e9tait s\u00e9rieusement bless\u00e9 en mai dernier dans la premi\u00e8re manche Junior de l&rsquo;\u00e9preuve du championnat Elite fran\u00e7ais \u00e0 Bitche. Un accrochage avec un concurrent qui lui a co\u00fbt\u00e9 [...]","og_url":"https:\/\/fr.motocrossmag.be\/index.php\/2019\/10\/nyls-kessen-sur-lintegralite-du-championnat-de-france-des-sables\/","og_site_name":"Motocross - Enduro - Supermoto | MotocrossMag","article_published_time":"2019-10-17T10:02:22+00:00","og_image":[{"width":975,"height":800,"url":"https:\/\/fr.motocrossmag.be\/wp-content\/uploads\/2019\/10\/kessen-nyls-training-dourte-2.jpg","type":"image\/jpeg"}],"author":"oliviere","twitter_card":"summary_large_image","twitter_misc":{"\u00c9crit par":"oliviere","Dur\u00e9e de lecture estim\u00e9e":"1 minute"},"schema":{"@context":"https:\/\/schema.org","@graph":[{"@type":"Article","@id":"https:\/\/fr.motocrossmag.be\/index.php\/2019\/10\/nyls-kessen-sur-lintegralite-du-championnat-de-france-des-sables\/#article","isPartOf":{"@id":"https:\/\/fr.motocrossmag.be\/index.php\/2019\/10\/nyls-kessen-sur-lintegralite-du-championnat-de-france-des-sables\/"},"author":{"name":"oliviere","@id":"https:\/\/fr.motocrossmag.be\/#\/schema\/person\/11b47143d9f755babca2c9110e03235c"},"headline":"Nyls Kessen sur l&rsquo;int\u00e9gralit\u00e9 du championnat de France des Sables","datePublished":"2019-10-17T10:02:22+00:00","mainEntityOfPage":{"@id":"https:\/\/fr.motocrossmag.be\/index.php\/2019\/10\/nyls-kessen-sur-lintegralite-du-championnat-de-france-des-sables\/"},"wordCount":189,"commentCount":0,"image":{"@id":"https:\/\/fr.motocrossmag.be\/index.php\/2019\/10\/nyls-kessen-sur-lintegralite-du-championnat-de-france-des-sables\/#primaryimage"},"thumbnailUrl":"https:\/\/fr.motocrossmag.be\/wp-content\/uploads\/2019\/10\/kessen-nyls-training-dourte-2.jpg","articleSection":["Actualit\u00e9","Courses de sable","Kids","Motocross","News","News","News","Slideshow"],"inLanguage":"fr-FR","potentialAction":[{"@type":"CommentAction","name":"Comment","target":["https:\/\/fr.motocrossmag.be\/index.php\/2019\/10\/nyls-kessen-sur-lintegralite-du-championnat-de-france-des-sables\/#respond"]}]},{"@type":"WebPage","@id":"https:\/\/fr.motocrossmag.be\/index.php\/2019\/10\/nyls-kessen-sur-lintegralite-du-championnat-de-france-des-sables\/","url":"https:\/\/fr.motocrossmag.be\/index.php\/2019\/10\/nyls-kessen-sur-lintegralite-du-championnat-de-france-des-sables\/","name":"Nyls Kessen sur l'int\u00e9gralit\u00e9 du championnat de France des Sables - Motocross - Enduro - Supermoto | MotocrossMag","isPartOf":{"@id":"https:\/\/fr.motocrossmag.be\/#website"},"primaryImageOfPage":{"@id":"https:\/\/fr.motocrossmag.be\/index.php\/2019\/10\/nyls-kessen-sur-lintegralite-du-championnat-de-france-des-sables\/#primaryimage"},"image":{"@id":"https:\/\/fr.motocrossmag.be\/index.php\/2019\/10\/nyls-kessen-sur-lintegralite-du-championnat-de-france-des-sables\/#primaryimage"},"thumbnailUrl":"https:\/\/fr.motocrossmag.be\/wp-content\/uploads\/2019\/10\/kessen-nyls-training-dourte-2.jpg","datePublished":"2019-10-17T10:02:22+00:00","author":{"@id":"https:\/\/fr.motocrossmag.be\/#\/schema\/person\/11b47143d9f755babca2c9110e03235c"},"breadcrumb":{"@id":"https:\/\/fr.motocrossmag.be\/index.php\/2019\/10\/nyls-kessen-sur-lintegralite-du-championnat-de-france-des-sables\/#breadcrumb"},"inLanguage":"fr-FR","potentialAction":[{"@type":"ReadAction","target":["https:\/\/fr.motocrossmag.be\/index.php\/2019\/10\/nyls-kessen-sur-lintegralite-du-championnat-de-france-des-sables\/"]}]},{"@type":"ImageObject","inLanguage":"fr-FR","@id":"https:\/\/fr.motocrossmag.be\/index.php\/2019\/10\/nyls-kessen-sur-lintegralite-du-championnat-de-france-des-sables\/#primaryimage","url":"https:\/\/fr.motocrossmag.be\/wp-content\/uploads\/2019\/10\/kessen-nyls-training-dourte-2.jpg","contentUrl":"https:\/\/fr.motocrossmag.be\/wp-content\/uploads\/2019\/10\/kessen-nyls-training-dourte-2.jpg","width":975,"height":800},{"@type":"BreadcrumbList","@id":"https:\/\/fr.motocrossmag.be\/index.php\/2019\/10\/nyls-kessen-sur-lintegralite-du-championnat-de-france-des-sables\/#breadcrumb","itemListElement":[{"@type":"ListItem","position":1,"name":"Accueil","item":"https:\/\/fr.motocrossmag.be\/"},{"@type":"ListItem","position":2,"name":"Nyls Kessen sur l&rsquo;int\u00e9gralit\u00e9 du championnat de France des Sables"}]},{"@type":"WebSite","@id":"https:\/\/fr.motocrossmag.be\/#website","url":"https:\/\/fr.motocrossmag.be\/","name":"Motocross - Enduro - Supermoto | MotocrossMag","description":"L&#039;actualit\u00e9 du motocross, de l&#039;enduro et du Supermoto en ligne!","potentialAction":[{"@type":"SearchAction","target":{"@type":"EntryPoint","urlTemplate":"https:\/\/fr.motocrossmag.be\/?s={search_term_string}"},"query-input":{"@type":"PropertyValueSpecification","valueRequired":true,"valueName":"search_term_string"}}],"inLanguage":"fr-FR"},{"@type":"Person","@id":"https:\/\/fr.motocrossmag.be\/#\/schema\/person\/11b47143d9f755babca2c9110e03235c","name":"oliviere","image":{"@type":"ImageObject","inLanguage":"fr-FR","@id":"https:\/\/secure.gravatar.com\/avatar\/907069e0b81d119452040469e4a7501da1100f54f7f80180ce77bfab718288f6?s=96&d=mm&r=g","url":"https:\/\/secure.gravatar.com\/avatar\/907069e0b81d119452040469e4a7501da1100f54f7f80180ce77bfab718288f6?s=96&d=mm&r=g","contentUrl":"https:\/\/secure.gravatar.com\/avatar\/907069e0b81d119452040469e4a7501da1100f54f7f80180ce77bfab718288f6?s=96&d=mm&r=g","caption":"oliviere"},"sameAs":["http:\/\/www.motocrossmag.be"],"url":"https:\/\/fr.motocrossmag.be\/index.php\/author\/oliviere\/"}]}},"_links":{"self":[{"href":"https:\/\/fr.motocrossmag.be\/index.php\/wp-json\/wp\/v2\/posts\/97899","targetHints":{"allow":["GET"]}}],"collection":[{"href":"https:\/\/fr.motocrossmag.be\/index.php\/wp-json\/wp\/v2\/posts"}],"about":[{"href":"https:\/\/fr.motocrossmag.be\/index.php\/wp-json\/wp\/v2\/types\/post"}],"author":[{"embeddable":true,"href":"https:\/\/fr.motocrossmag.be\/index.php\/wp-json\/wp\/v2\/users\/932"}],"replies":[{"embeddable":true,"href":"https:\/\/fr.motocrossmag.be\/index.php\/wp-json\/wp\/v2\/comments?post=97899"}],"version-history":[{"count":0,"href":"https:\/\/fr.motocrossmag.be\/index.php\/wp-json\/wp\/v2\/posts\/97899\/revisions"}],"wp:featuredmedia":[{"embeddable":true,"href":"https:\/\/fr.motocrossmag.be\/index.php\/wp-json\/wp\/v2\/media\/97901"}],"wp:attachment":[{"href":"https:\/\/fr.motocrossmag.be\/index.php\/wp-json\/wp\/v2\/media?parent=97899"}],"wp:term":[{"taxonomy":"category","embeddable":true,"href":"https:\/\/fr.motocrossmag.be\/index.php\/wp-json\/wp\/v2\/categories?post=97899"},{"taxonomy":"post_tag","embeddable":true,"href":"https:\/\/fr.motocrossmag.be\/index.php\/wp-json\/wp\/v2\/tags?post=97899"}],"curies":[{"name":"wp","href":"https:\/\/api.w.org\/{rel}","templated":true}]}}