{"id":97906,"date":"2019-10-18T00:21:07","date_gmt":"2019-10-17T22:21:07","guid":{"rendered":"https:\/\/fr.motocrossmag.be\/?p=97906"},"modified":"2019-10-18T00:21:07","modified_gmt":"2019-10-17T22:21:07","slug":"interview-matteo-puffet-entre-dans-la-cour-des-grands","status":"publish","type":"post","link":"https:\/\/fr.motocrossmag.be\/index.php\/2019\/10\/interview-matteo-puffet-entre-dans-la-cour-des-grands\/","title":{"rendered":"Interview : Matt\u00e9o Puffet entre dans la cour des grands"},"content":{"rendered":"<p><strong>Vice-champion de France Junior et deuxi\u00e8me de l&rsquo;Enduropale du Touquet dans la cat\u00e9gorie derri\u00e8re l&rsquo;intouchable Math\u00e9o Miot, Matt\u00e9o Puffet a \u00e9t\u00e9 l&rsquo;une des r\u00e9v\u00e9lations du championnat de France des Sables l&rsquo;hiver dernier. D\u00e8s ce week-end, le jeune Belge sera au d\u00e9part de l&rsquo;\u00e9preuve d&rsquo;ouverture de la saison 2020 \u00e0 Berck-sur-Mer. Il visera d\u00e9sormais le haut du classement 250cc chez les gros bras de la discipline sous les couleurs du team KTM Motoland, o\u00f9 il fait \u00e9quipe avec Daymond Martens.<\/strong><\/p>\n<p><strong><br \/>\nTerminer vice-champion de France Junior au terme de la saison de sable l&rsquo;an pass\u00e9, c&rsquo;\u00e9tait conforme \u00e0 tes ambitions d&rsquo;avant-saison ?<\/strong><\/p>\n<p>Matt\u00e9o Puffet : \u00ab\u00a0Disons que je partais plut\u00f4t en visant le top-5. D\u00e8s l&rsquo;ouverture du championnat \u00e0 Berck, jePhot me suis rendu compte qu&rsquo;entrer r\u00e9guli\u00e8rement dans les cinq premiers serait assez facile. Et j&rsquo;ai ensuite \u00e9t\u00e9 tr\u00e8s r\u00e9gulier tout au long du championnat, \u00e0 chaque fois dans le top-5. C&rsquo;est rest\u00e9 tr\u00e8s serr\u00e9 jusqu&rsquo;au bout avec Alexis Dartus et c&rsquo;est finalement en terminant sur la deuxi\u00e8me marche du podium au Touquet que j&rsquo;ai assur\u00e9 la m\u00e9daille d&rsquo;argent au championnat. Honn\u00eatement, c&rsquo;est vrai que je ne m&rsquo;attendais pas \u00e0 cela en d\u00e9but de saison. Ce fut une belle surprise !\u00a0\u00bb<\/p>\n<p><a href=\"https:\/\/fr.motocrossmag.be\/wp-content\/uploads\/2019\/10\/puffet-matheo-motoland.jpg\"><img decoding=\"async\" class=\"lazyload alignnone size-medium wp-image-97907\" src=\"https:\/\/fr.motocrossmag.be\/wp-content\/uploads\/2019\/10\/puffet-matheo-motoland-650x430.jpg\" data-orig-src=\"https:\/\/fr.motocrossmag.be\/wp-content\/uploads\/2019\/10\/puffet-matheo-motoland-650x430.jpg\" alt=\"\" width=\"650\" height=\"430\" srcset=\"data:image\/svg+xml,%3Csvg%20xmlns%3D%27http%3A%2F%2Fwww.w3.org%2F2000%2Fsvg%27%20width%3D%27650%27%20height%3D%27430%27%20viewBox%3D%270%200%20650%20430%27%3E%3Crect%20width%3D%27650%27%20height%3D%27430%27%20fill-opacity%3D%220%22%2F%3E%3C%2Fsvg%3E\" data-srcset=\"https:\/\/fr.motocrossmag.be\/wp-content\/uploads\/2019\/10\/puffet-matheo-motoland-650x430.jpg 650w, https:\/\/fr.motocrossmag.be\/wp-content\/uploads\/2019\/10\/puffet-matheo-motoland-768x508.jpg 768w, https:\/\/fr.motocrossmag.be\/wp-content\/uploads\/2019\/10\/puffet-matheo-motoland.jpg 1000w\" data-sizes=\"auto\" data-orig-sizes=\"(max-width: 650px) 100vw, 650px\" \/><\/a><\/p>\n<p><strong>Comment est n\u00e9 ce projet de structure avec KTM Motoland et Daymond Martens comme co\u00e9quipier ?<\/strong><\/p>\n<p>Matt\u00e9o Puffet : \u00ab\u00a0Au Touquet l&rsquo;ann\u00e9e pass\u00e9e, dans le foul\u00e9e de ma seconde place, on avait vaguement \u00e9voqu\u00e9 le projet avec le p\u00e8re de Daymond. Puis cela c&rsquo;\u00e9tait un peu oubli\u00e9. Les mois ont pass\u00e9 et on est arriv\u00e9 en fin de saison. La pr\u00e9paration des courses de sable se profilait et c&rsquo;est alors que Philippe Goddyn, de chez Kenny, a relanc\u00e9 l&rsquo;id\u00e9e de monter une structure avec Daymond et moi-m\u00eame. Nous nous sommes alors rencontr\u00e9s et \u00e0 partir de l\u00e0, les choses se sont rapidement mises en place avec le soutien du concessionnaire fran\u00e7ais Motoland.\u00a0\u00bb<\/p>\n<p><strong>Int\u00e9grer une structure comme celle-l\u00e0, cela change certainement beaucoup de choses dans la vie d&rsquo;un pilote&#8230;<\/strong><\/p>\n<p>Matt\u00e9o Puffet : \u00ab\u00a0Oui, c&rsquo;est certain, cela change beaucoup de choses ! Non seulement, il y a l&rsquo;encadrement offert par une structure telle que celle-l\u00e0, en comparaison de la saison pass\u00e9e o\u00f9 j&rsquo;\u00e9tais vraiment seul avec mon p\u00e8re, mais il y a aussi le fait d&rsquo;avoir la chance d&rsquo;avoir comme co\u00e9quipier un pilote du calibre de Daymond. A son contact, je ne peux que progresser plus rapidement. Et puis, \u00e9videmment, il y a le mat\u00e9riel. J&rsquo;avais d\u00e9j\u00e0 de bonnes motos l&rsquo;an pass\u00e9 mais cela n&rsquo;avait encore rien \u00e0 voir avec la KTM de cette ann\u00e9e. Franchement, je suis optimiste, je sans que j&rsquo;ai toutes les cartes en mains pour apprendre un maximum et franchir les \u00e9tapes.\u00a0\u00bb<\/p>\n<blockquote><p>\u00ab\u00a0J&rsquo;ai la chance d&rsquo;avoir un co\u00e9quipier du calibre de Daymond Martens. Avec lui \u00e0 mes c\u00f4t\u00e9s, je vais progresser plus rapidement.\u00a0\u00bb<\/p><\/blockquote>\n<p><strong><br \/>\nUn nouveau team mais aussi une nouvelle machine \u00e0 d\u00e9couvrir et, d\u00e8s ce week-end, une nouvelle cat\u00e9gorie \u00e0 appr\u00e9hender. Cela fait beaucoup de nouveaut\u00e9s pour toi cette saison !<\/strong><\/p>\n<p>Matt\u00e9o Puffet : \u00ab\u00a0Je roule depuis deux mois environ avec la KTM. La prise en main s&rsquo;est bien pass\u00e9e. C&rsquo;est \u00e9videmment tr\u00e8s diff\u00e9rent de la Yamaha avec laquelle je roulais la saison derni\u00e8re mais je me sens bien sur la moto. Le comportement du ch\u00e2ssis n&rsquo;est pas le m\u00eame et au niveau moteur, j&rsquo;ai clairement une machine bien plus performante que l&rsquo;an pass\u00e9. Je me sens plus rapide que l&rsquo;ann\u00e9e derni\u00e8re. Quant au passage dans la cat\u00e9gorie \u00ab\u00a0motos\u00a0\u00bb, avec tous les pilotes les plus rapides de la discipline, c&rsquo;est certain, ce sera aussi tr\u00e8s diff\u00e9rent. Je connais pas mal de mes futurs adversaires. Il faudra surtout que je me concentre sur le classement 250cc, en visant le podium sur chaque \u00e9preuve. Ce sera en tout cas mon objectif.\u00a0\u00bb<\/p>\n<p><a href=\"https:\/\/fr.motocrossmag.be\/wp-content\/uploads\/2019\/10\/DSC_1504-BD.jpg\"><img decoding=\"async\" class=\"lazyload alignnone size-medium wp-image-97909\" src=\"https:\/\/fr.motocrossmag.be\/wp-content\/uploads\/2019\/10\/DSC_1504-BD-650x433.jpg\" data-orig-src=\"https:\/\/fr.motocrossmag.be\/wp-content\/uploads\/2019\/10\/DSC_1504-BD-650x433.jpg\" alt=\"\" width=\"650\" height=\"433\" srcset=\"data:image\/svg+xml,%3Csvg%20xmlns%3D%27http%3A%2F%2Fwww.w3.org%2F2000%2Fsvg%27%20width%3D%27650%27%20height%3D%27433%27%20viewBox%3D%270%200%20650%20433%27%3E%3Crect%20width%3D%27650%27%20height%3D%27433%27%20fill-opacity%3D%220%22%2F%3E%3C%2Fsvg%3E\" data-srcset=\"https:\/\/fr.motocrossmag.be\/wp-content\/uploads\/2019\/10\/DSC_1504-BD-650x433.jpg 650w, https:\/\/fr.motocrossmag.be\/wp-content\/uploads\/2019\/10\/DSC_1504-BD-768x511.jpg 768w, https:\/\/fr.motocrossmag.be\/wp-content\/uploads\/2019\/10\/DSC_1504-BD.jpg 1000w\" data-sizes=\"auto\" data-orig-sizes=\"(max-width: 650px) 100vw, 650px\" \/><\/a><\/p>\n<p><strong><br \/>\nD&rsquo;o\u00f9 te vient cette aisance dans le sable ? Ce n&rsquo;est en g\u00e9n\u00e9ral pas la surface de pr\u00e9dilection des pilotes wallons.<\/strong><\/p>\n<p>Matt\u00e9o Puffet : \u00ab\u00a0J&rsquo;ai toujours beaucoup roul\u00e9 dans le sable. Mon p\u00e8re y a lui-m\u00eame beaucoup roul\u00e9 car il a longtemps roul\u00e9 dans les f\u00e9d\u00e9rations du nord du pays. On a toujours pass\u00e9 beaucoup de temps en hiver dans le nord de la France. Je me sens donc vraiment \u00e0 l&rsquo;aise dans le sable aujourd&rsquo;hui.\u00a0\u00bb<\/p>\n<p><strong>A c\u00f4t\u00e9 du championnat de France des Sables, tu roules aussi en motocross en Belgique, notamment cette ann\u00e9e \u00e0 la VLM. Ce sera encore le cas en 2020 ?<\/strong><\/p>\n<p>Matt\u00e9o Puffet : \u00ab\u00a0J&rsquo;ai remport\u00e9 le titre en Nationaux 500 \u00e0 la VLM cette ann\u00e9e. En 2020, je compte davantage rouler en France et compl\u00e9ter mon calendrier avec des \u00e9preuves VLM mais ce sera cette fois chez les Inters. J&rsquo;esp\u00e8re pouvoir y tirer l\u00e0 aussi mon \u00e9pingle du jeu !\u00a0\u00bb<\/p>\n<p>Photos : Simon Peterolff<\/p>\n<div id=\"ConnectiveDocSignExtentionInstalled\" data-extension-version=\"1.0.4\"><\/div>\n","protected":false},"excerpt":{"rendered":"<p>Vice-champion de France Junior et deuxi\u00e8me de l&rsquo;Enduropale du Touquet dans la cat\u00e9gorie derri\u00e8re l&rsquo;intouchable Math\u00e9o Miot, Matt\u00e9o Puffet a \u00e9t\u00e9 l&rsquo;une des r\u00e9v\u00e9lations du championnat de France des Sables [&#8230;]<\/p>\n","protected":false},"author":932,"featured_media":97908,"comment_status":"open","ping_status":"closed","sticky":false,"template":"","format":"standard","meta":{"footnotes":""},"categories":[54,1075,7,58,4,5,55,65],"tags":[951,490,1178],"class_list":["post-97906","post","type-post","status-publish","format-standard","has-post-thumbnail","hentry","category-actualite","category-courses-de-sable","category-interviews","category-interviews-actualite","category-motocross","category-news","category-news-actualite","category-slideshow","tag-enduro","tag-france","tag-sable"],"yoast_head":"<!-- This site is optimized with the Yoast SEO plugin v27.4 - https:\/\/yoast.com\/product\/yoast-seo-wordpress\/ -->\n<title>Interview : Matt\u00e9o Puffet entre dans la cour des grands - Motocross - Enduro - Supermoto | MotocrossMag<\/title>\n<meta name=\"robots\" content=\"index, follow, max-snippet:-1, max-image-preview:large, max-video-preview:-1\" \/>\n<link rel=\"canonical\" href=\"https:\/\/fr.motocrossmag.be\/index.php\/2019\/10\/interview-matteo-puffet-entre-dans-la-cour-des-grands\/\" \/>\n<meta property=\"og:locale\" content=\"fr_FR\" \/>\n<meta property=\"og:type\" content=\"article\" \/>\n<meta property=\"og:title\" content=\"Interview : Matt\u00e9o Puffet entre dans la cour des grands - Motocross - Enduro - Supermoto | MotocrossMag\" \/>\n<meta property=\"og:description\" content=\"Vice-champion de France Junior et deuxi\u00e8me de l&rsquo;Enduropale du Touquet dans la cat\u00e9gorie derri\u00e8re l&rsquo;intouchable Math\u00e9o Miot, Matt\u00e9o Puffet a \u00e9t\u00e9 l&rsquo;une des r\u00e9v\u00e9lations du championnat de France des Sables [...]\" \/>\n<meta property=\"og:url\" content=\"https:\/\/fr.motocrossmag.be\/index.php\/2019\/10\/interview-matteo-puffet-entre-dans-la-cour-des-grands\/\" \/>\n<meta property=\"og:site_name\" content=\"Motocross - Enduro - Supermoto | MotocrossMag\" \/>\n<meta property=\"article:published_time\" content=\"2019-10-17T22:21:07+00:00\" \/>\n<meta property=\"og:image\" content=\"https:\/\/fr.motocrossmag.be\/wp-content\/uploads\/2019\/10\/puffet-portrait.jpg\" \/>\n\t<meta property=\"og:image:width\" content=\"1000\" \/>\n\t<meta property=\"og:image:height\" content=\"666\" \/>\n\t<meta property=\"og:image:type\" content=\"image\/jpeg\" \/>\n<meta name=\"author\" content=\"oliviere\" \/>\n<meta name=\"twitter:card\" content=\"summary_large_image\" \/>\n<meta name=\"twitter:label1\" content=\"\u00c9crit par\" \/>\n\t<meta name=\"twitter:data1\" content=\"oliviere\" \/>\n\t<meta name=\"twitter:label2\" content=\"Dur\u00e9e de lecture estim\u00e9e\" \/>\n\t<meta name=\"twitter:data2\" content=\"4 minutes\" \/>\n<script type=\"application\/ld+json\" class=\"yoast-schema-graph\">{\"@context\":\"https:\\\/\\\/schema.org\",\"@graph\":[{\"@type\":\"Article\",\"@id\":\"https:\\\/\\\/fr.motocrossmag.be\\\/index.php\\\/2019\\\/10\\\/interview-matteo-puffet-entre-dans-la-cour-des-grands\\\/#article\",\"isPartOf\":{\"@id\":\"https:\\\/\\\/fr.motocrossmag.be\\\/index.php\\\/2019\\\/10\\\/interview-matteo-puffet-entre-dans-la-cour-des-grands\\\/\"},\"author\":{\"name\":\"oliviere\",\"@id\":\"https:\\\/\\\/fr.motocrossmag.be\\\/#\\\/schema\\\/person\\\/11b47143d9f755babca2c9110e03235c\"},\"headline\":\"Interview : Matt\u00e9o Puffet entre dans la cour des grands\",\"datePublished\":\"2019-10-17T22:21:07+00:00\",\"mainEntityOfPage\":{\"@id\":\"https:\\\/\\\/fr.motocrossmag.be\\\/index.php\\\/2019\\\/10\\\/interview-matteo-puffet-entre-dans-la-cour-des-grands\\\/\"},\"wordCount\":882,\"commentCount\":0,\"image\":{\"@id\":\"https:\\\/\\\/fr.motocrossmag.be\\\/index.php\\\/2019\\\/10\\\/interview-matteo-puffet-entre-dans-la-cour-des-grands\\\/#primaryimage\"},\"thumbnailUrl\":\"https:\\\/\\\/fr.motocrossmag.be\\\/wp-content\\\/uploads\\\/2019\\\/10\\\/puffet-portrait.jpg\",\"keywords\":[\"Enduro\",\"france\",\"sable\"],\"articleSection\":[\"Actualit\u00e9\",\"Courses de sable\",\"Interviews\",\"Interviews -all\",\"Motocross\",\"News\",\"News\",\"Slideshow\"],\"inLanguage\":\"fr-FR\",\"potentialAction\":[{\"@type\":\"CommentAction\",\"name\":\"Comment\",\"target\":[\"https:\\\/\\\/fr.motocrossmag.be\\\/index.php\\\/2019\\\/10\\\/interview-matteo-puffet-entre-dans-la-cour-des-grands\\\/#respond\"]}]},{\"@type\":\"WebPage\",\"@id\":\"https:\\\/\\\/fr.motocrossmag.be\\\/index.php\\\/2019\\\/10\\\/interview-matteo-puffet-entre-dans-la-cour-des-grands\\\/\",\"url\":\"https:\\\/\\\/fr.motocrossmag.be\\\/index.php\\\/2019\\\/10\\\/interview-matteo-puffet-entre-dans-la-cour-des-grands\\\/\",\"name\":\"Interview : Matt\u00e9o Puffet entre dans la cour des grands - Motocross - Enduro - Supermoto | MotocrossMag\",\"isPartOf\":{\"@id\":\"https:\\\/\\\/fr.motocrossmag.be\\\/#website\"},\"primaryImageOfPage\":{\"@id\":\"https:\\\/\\\/fr.motocrossmag.be\\\/index.php\\\/2019\\\/10\\\/interview-matteo-puffet-entre-dans-la-cour-des-grands\\\/#primaryimage\"},\"image\":{\"@id\":\"https:\\\/\\\/fr.motocrossmag.be\\\/index.php\\\/2019\\\/10\\\/interview-matteo-puffet-entre-dans-la-cour-des-grands\\\/#primaryimage\"},\"thumbnailUrl\":\"https:\\\/\\\/fr.motocrossmag.be\\\/wp-content\\\/uploads\\\/2019\\\/10\\\/puffet-portrait.jpg\",\"datePublished\":\"2019-10-17T22:21:07+00:00\",\"author\":{\"@id\":\"https:\\\/\\\/fr.motocrossmag.be\\\/#\\\/schema\\\/person\\\/11b47143d9f755babca2c9110e03235c\"},\"breadcrumb\":{\"@id\":\"https:\\\/\\\/fr.motocrossmag.be\\\/index.php\\\/2019\\\/10\\\/interview-matteo-puffet-entre-dans-la-cour-des-grands\\\/#breadcrumb\"},\"inLanguage\":\"fr-FR\",\"potentialAction\":[{\"@type\":\"ReadAction\",\"target\":[\"https:\\\/\\\/fr.motocrossmag.be\\\/index.php\\\/2019\\\/10\\\/interview-matteo-puffet-entre-dans-la-cour-des-grands\\\/\"]}]},{\"@type\":\"ImageObject\",\"inLanguage\":\"fr-FR\",\"@id\":\"https:\\\/\\\/fr.motocrossmag.be\\\/index.php\\\/2019\\\/10\\\/interview-matteo-puffet-entre-dans-la-cour-des-grands\\\/#primaryimage\",\"url\":\"https:\\\/\\\/fr.motocrossmag.be\\\/wp-content\\\/uploads\\\/2019\\\/10\\\/puffet-portrait.jpg\",\"contentUrl\":\"https:\\\/\\\/fr.motocrossmag.be\\\/wp-content\\\/uploads\\\/2019\\\/10\\\/puffet-portrait.jpg\",\"width\":1000,\"height\":666},{\"@type\":\"BreadcrumbList\",\"@id\":\"https:\\\/\\\/fr.motocrossmag.be\\\/index.php\\\/2019\\\/10\\\/interview-matteo-puffet-entre-dans-la-cour-des-grands\\\/#breadcrumb\",\"itemListElement\":[{\"@type\":\"ListItem\",\"position\":1,\"name\":\"Accueil\",\"item\":\"https:\\\/\\\/fr.motocrossmag.be\\\/\"},{\"@type\":\"ListItem\",\"position\":2,\"name\":\"Interview : Matt\u00e9o Puffet entre dans la cour des grands\"}]},{\"@type\":\"WebSite\",\"@id\":\"https:\\\/\\\/fr.motocrossmag.be\\\/#website\",\"url\":\"https:\\\/\\\/fr.motocrossmag.be\\\/\",\"name\":\"Motocross - Enduro - Supermoto | MotocrossMag\",\"description\":\"L&#039;actualit\u00e9 du motocross, de l&#039;enduro et du Supermoto en ligne!\",\"potentialAction\":[{\"@type\":\"SearchAction\",\"target\":{\"@type\":\"EntryPoint\",\"urlTemplate\":\"https:\\\/\\\/fr.motocrossmag.be\\\/?s={search_term_string}\"},\"query-input\":{\"@type\":\"PropertyValueSpecification\",\"valueRequired\":true,\"valueName\":\"search_term_string\"}}],\"inLanguage\":\"fr-FR\"},{\"@type\":\"Person\",\"@id\":\"https:\\\/\\\/fr.motocrossmag.be\\\/#\\\/schema\\\/person\\\/11b47143d9f755babca2c9110e03235c\",\"name\":\"oliviere\",\"image\":{\"@type\":\"ImageObject\",\"inLanguage\":\"fr-FR\",\"@id\":\"https:\\\/\\\/secure.gravatar.com\\\/avatar\\\/907069e0b81d119452040469e4a7501da1100f54f7f80180ce77bfab718288f6?s=96&d=mm&r=g\",\"url\":\"https:\\\/\\\/secure.gravatar.com\\\/avatar\\\/907069e0b81d119452040469e4a7501da1100f54f7f80180ce77bfab718288f6?s=96&d=mm&r=g\",\"contentUrl\":\"https:\\\/\\\/secure.gravatar.com\\\/avatar\\\/907069e0b81d119452040469e4a7501da1100f54f7f80180ce77bfab718288f6?s=96&d=mm&r=g\",\"caption\":\"oliviere\"},\"sameAs\":[\"http:\\\/\\\/www.motocrossmag.be\"],\"url\":\"https:\\\/\\\/fr.motocrossmag.be\\\/index.php\\\/author\\\/oliviere\\\/\"}]}<\/script>\n<!-- \/ Yoast SEO plugin. -->","yoast_head_json":{"title":"Interview : Matt\u00e9o Puffet entre dans la cour des grands - Motocross - Enduro - Supermoto | MotocrossMag","robots":{"index":"index","follow":"follow","max-snippet":"max-snippet:-1","max-image-preview":"max-image-preview:large","max-video-preview":"max-video-preview:-1"},"canonical":"https:\/\/fr.motocrossmag.be\/index.php\/2019\/10\/interview-matteo-puffet-entre-dans-la-cour-des-grands\/","og_locale":"fr_FR","og_type":"article","og_title":"Interview : Matt\u00e9o Puffet entre dans la cour des grands - Motocross - Enduro - Supermoto | MotocrossMag","og_description":"Vice-champion de France Junior et deuxi\u00e8me de l&rsquo;Enduropale du Touquet dans la cat\u00e9gorie derri\u00e8re l&rsquo;intouchable Math\u00e9o Miot, Matt\u00e9o Puffet a \u00e9t\u00e9 l&rsquo;une des r\u00e9v\u00e9lations du championnat de France des Sables [...]","og_url":"https:\/\/fr.motocrossmag.be\/index.php\/2019\/10\/interview-matteo-puffet-entre-dans-la-cour-des-grands\/","og_site_name":"Motocross - Enduro - Supermoto | MotocrossMag","article_published_time":"2019-10-17T22:21:07+00:00","og_image":[{"width":1000,"height":666,"url":"https:\/\/fr.motocrossmag.be\/wp-content\/uploads\/2019\/10\/puffet-portrait.jpg","type":"image\/jpeg"}],"author":"oliviere","twitter_card":"summary_large_image","twitter_misc":{"\u00c9crit par":"oliviere","Dur\u00e9e de lecture estim\u00e9e":"4 minutes"},"schema":{"@context":"https:\/\/schema.org","@graph":[{"@type":"Article","@id":"https:\/\/fr.motocrossmag.be\/index.php\/2019\/10\/interview-matteo-puffet-entre-dans-la-cour-des-grands\/#article","isPartOf":{"@id":"https:\/\/fr.motocrossmag.be\/index.php\/2019\/10\/interview-matteo-puffet-entre-dans-la-cour-des-grands\/"},"author":{"name":"oliviere","@id":"https:\/\/fr.motocrossmag.be\/#\/schema\/person\/11b47143d9f755babca2c9110e03235c"},"headline":"Interview : Matt\u00e9o Puffet entre dans la cour des grands","datePublished":"2019-10-17T22:21:07+00:00","mainEntityOfPage":{"@id":"https:\/\/fr.motocrossmag.be\/index.php\/2019\/10\/interview-matteo-puffet-entre-dans-la-cour-des-grands\/"},"wordCount":882,"commentCount":0,"image":{"@id":"https:\/\/fr.motocrossmag.be\/index.php\/2019\/10\/interview-matteo-puffet-entre-dans-la-cour-des-grands\/#primaryimage"},"thumbnailUrl":"https:\/\/fr.motocrossmag.be\/wp-content\/uploads\/2019\/10\/puffet-portrait.jpg","keywords":["Enduro","france","sable"],"articleSection":["Actualit\u00e9","Courses de sable","Interviews","Interviews -all","Motocross","News","News","Slideshow"],"inLanguage":"fr-FR","potentialAction":[{"@type":"CommentAction","name":"Comment","target":["https:\/\/fr.motocrossmag.be\/index.php\/2019\/10\/interview-matteo-puffet-entre-dans-la-cour-des-grands\/#respond"]}]},{"@type":"WebPage","@id":"https:\/\/fr.motocrossmag.be\/index.php\/2019\/10\/interview-matteo-puffet-entre-dans-la-cour-des-grands\/","url":"https:\/\/fr.motocrossmag.be\/index.php\/2019\/10\/interview-matteo-puffet-entre-dans-la-cour-des-grands\/","name":"Interview : Matt\u00e9o Puffet entre dans la cour des grands - Motocross - Enduro - Supermoto | MotocrossMag","isPartOf":{"@id":"https:\/\/fr.motocrossmag.be\/#website"},"primaryImageOfPage":{"@id":"https:\/\/fr.motocrossmag.be\/index.php\/2019\/10\/interview-matteo-puffet-entre-dans-la-cour-des-grands\/#primaryimage"},"image":{"@id":"https:\/\/fr.motocrossmag.be\/index.php\/2019\/10\/interview-matteo-puffet-entre-dans-la-cour-des-grands\/#primaryimage"},"thumbnailUrl":"https:\/\/fr.motocrossmag.be\/wp-content\/uploads\/2019\/10\/puffet-portrait.jpg","datePublished":"2019-10-17T22:21:07+00:00","author":{"@id":"https:\/\/fr.motocrossmag.be\/#\/schema\/person\/11b47143d9f755babca2c9110e03235c"},"breadcrumb":{"@id":"https:\/\/fr.motocrossmag.be\/index.php\/2019\/10\/interview-matteo-puffet-entre-dans-la-cour-des-grands\/#breadcrumb"},"inLanguage":"fr-FR","potentialAction":[{"@type":"ReadAction","target":["https:\/\/fr.motocrossmag.be\/index.php\/2019\/10\/interview-matteo-puffet-entre-dans-la-cour-des-grands\/"]}]},{"@type":"ImageObject","inLanguage":"fr-FR","@id":"https:\/\/fr.motocrossmag.be\/index.php\/2019\/10\/interview-matteo-puffet-entre-dans-la-cour-des-grands\/#primaryimage","url":"https:\/\/fr.motocrossmag.be\/wp-content\/uploads\/2019\/10\/puffet-portrait.jpg","contentUrl":"https:\/\/fr.motocrossmag.be\/wp-content\/uploads\/2019\/10\/puffet-portrait.jpg","width":1000,"height":666},{"@type":"BreadcrumbList","@id":"https:\/\/fr.motocrossmag.be\/index.php\/2019\/10\/interview-matteo-puffet-entre-dans-la-cour-des-grands\/#breadcrumb","itemListElement":[{"@type":"ListItem","position":1,"name":"Accueil","item":"https:\/\/fr.motocrossmag.be\/"},{"@type":"ListItem","position":2,"name":"Interview : Matt\u00e9o Puffet entre dans la cour des grands"}]},{"@type":"WebSite","@id":"https:\/\/fr.motocrossmag.be\/#website","url":"https:\/\/fr.motocrossmag.be\/","name":"Motocross - Enduro - Supermoto | MotocrossMag","description":"L&#039;actualit\u00e9 du motocross, de l&#039;enduro et du Supermoto en ligne!","potentialAction":[{"@type":"SearchAction","target":{"@type":"EntryPoint","urlTemplate":"https:\/\/fr.motocrossmag.be\/?s={search_term_string}"},"query-input":{"@type":"PropertyValueSpecification","valueRequired":true,"valueName":"search_term_string"}}],"inLanguage":"fr-FR"},{"@type":"Person","@id":"https:\/\/fr.motocrossmag.be\/#\/schema\/person\/11b47143d9f755babca2c9110e03235c","name":"oliviere","image":{"@type":"ImageObject","inLanguage":"fr-FR","@id":"https:\/\/secure.gravatar.com\/avatar\/907069e0b81d119452040469e4a7501da1100f54f7f80180ce77bfab718288f6?s=96&d=mm&r=g","url":"https:\/\/secure.gravatar.com\/avatar\/907069e0b81d119452040469e4a7501da1100f54f7f80180ce77bfab718288f6?s=96&d=mm&r=g","contentUrl":"https:\/\/secure.gravatar.com\/avatar\/907069e0b81d119452040469e4a7501da1100f54f7f80180ce77bfab718288f6?s=96&d=mm&r=g","caption":"oliviere"},"sameAs":["http:\/\/www.motocrossmag.be"],"url":"https:\/\/fr.motocrossmag.be\/index.php\/author\/oliviere\/"}]}},"_links":{"self":[{"href":"https:\/\/fr.motocrossmag.be\/index.php\/wp-json\/wp\/v2\/posts\/97906","targetHints":{"allow":["GET"]}}],"collection":[{"href":"https:\/\/fr.motocrossmag.be\/index.php\/wp-json\/wp\/v2\/posts"}],"about":[{"href":"https:\/\/fr.motocrossmag.be\/index.php\/wp-json\/wp\/v2\/types\/post"}],"author":[{"embeddable":true,"href":"https:\/\/fr.motocrossmag.be\/index.php\/wp-json\/wp\/v2\/users\/932"}],"replies":[{"embeddable":true,"href":"https:\/\/fr.motocrossmag.be\/index.php\/wp-json\/wp\/v2\/comments?post=97906"}],"version-history":[{"count":0,"href":"https:\/\/fr.motocrossmag.be\/index.php\/wp-json\/wp\/v2\/posts\/97906\/revisions"}],"wp:featuredmedia":[{"embeddable":true,"href":"https:\/\/fr.motocrossmag.be\/index.php\/wp-json\/wp\/v2\/media\/97908"}],"wp:attachment":[{"href":"https:\/\/fr.motocrossmag.be\/index.php\/wp-json\/wp\/v2\/media?parent=97906"}],"wp:term":[{"taxonomy":"category","embeddable":true,"href":"https:\/\/fr.motocrossmag.be\/index.php\/wp-json\/wp\/v2\/categories?post=97906"},{"taxonomy":"post_tag","embeddable":true,"href":"https:\/\/fr.motocrossmag.be\/index.php\/wp-json\/wp\/v2\/tags?post=97906"}],"curies":[{"name":"wp","href":"https:\/\/api.w.org\/{rel}","templated":true}]}}